{"id":55430,"date":"2024-07-03T08:42:13","date_gmt":"2024-07-03T11:42:13","guid":{"rendered":"https:\/\/ismaelcolosi.com.br\/index.php\/2024\/07\/03\/governo-autoriza-a-realizacao-de-concurso-com-200-vagas-para-o-icmbio\/"},"modified":"2024-07-03T08:42:13","modified_gmt":"2024-07-03T11:42:13","slug":"governo-autoriza-a-realizacao-de-concurso-com-200-vagas-para-o-icmbio","status":"publish","type":"post","link":"https:\/\/ismaelcolosi.com.br\/index.php\/2024\/07\/03\/governo-autoriza-a-realizacao-de-concurso-com-200-vagas-para-o-icmbio\/","title":{"rendered":"Governo autoriza a realiza\u00e7\u00e3o de concurso com 200 vagas para o ICMBio"},"content":{"rendered":"<p> <br \/>\n<\/p>\n<div id=\"\">\n<div class=\"content-infos\">\n<div class=\"texts\">\n<p class=\"author tooltip-comp\"> Da reda\u00e7\u00e3o<span class=\"icon-i\">i<\/span><span class=\"tooltiptext\"> <span class=\"author\"><span>Da reda\u00e7\u00e3o<\/span> <\/span><span class=\"desc\"\/> <\/span><\/p>\n<p>03\/07\/2024 &#8211; 8:30<\/p><div class='code-block code-block-8' style='margin: 8px auto; text-align: center; display: block; clear: both;'>\n<script>\n  atOptions = {\n    'key' : '66e2e2111ca34da796271819fc334058',\n    'format' : 'iframe',\n    'height' : 250,\n    'width' : 300,\n    'params' : {}\n  };\n<\/script>\n<script src=\"https:\/\/www.highperformanceformat.com\/66e2e2111ca34da796271819fc334058\/invoke.js\"><\/script>\n<\/div>\n\n<\/div>\n<div id=\"share-modal\" class=\"share-modal\"> <button class=\"box-close btn-share\"> <img decoding=\"async\" src=\"https:\/\/istoedinheiro.com.br\/wp-content\/themes\/dinheiro-wp-theme\/assets\/img\/svg\/closeIcon.svg?x46096\" alt=\"Close icon\" class=\"close-btn lazy\"\/> <\/button><\/div>\n<\/p><\/div>\n<p>O governo federal, por meio do <strong>MGI (Minist\u00e9rio da Gest\u00e3o e da Inova\u00e7\u00e3o em Servi\u00e7os P\u00fablicos)<\/strong>, autorizou nesta quarta-feira, 3, a realiza\u00e7\u00e3o de um concurso p\u00fablico para o <strong>ICMBio (Instituto Chico Mendes de Conserva\u00e7\u00e3o da Biodiversidade)<\/strong>.<\/p>\n<p>S\u00e3o 120 vagas para o cargo de analista administrativo e 60 vagas para o cargo de analista ambiental.<\/p>\n<p><strong>+ Correios anunciam PDV e concurso para preencher 3,2 mil vagas<\/strong><br \/><strong>+ Inscri\u00e7\u00f5es para o concurso do Minist\u00e9rio da Gest\u00e3o com 200 vagas terminam nesta quinta<\/strong><\/p>\n<p>Al\u00e9m disso, tamb\u00e9m foi publicada autoriza\u00e7\u00e3o para o concurso p\u00fablico do JBRJ (Instituto de Pesquisas Jardim Bot\u00e2nico do Rio de Janeiro). S\u00e3o 20 vagas para os cargos de analista em ci\u00eancia e tecnologia (11), pesquisador (5) e tecnologista (4).<\/p>\n<p>Segundo divulgado pelo MGI, a responsabilidade pela realiza\u00e7\u00e3o dos concursos p\u00fablicos ser\u00e1 dos pr\u00f3prios \u00f3rg\u00e3os, que dever\u00e3o editar as respectivas normas, mediante a publica\u00e7\u00e3o de editais, portarias ou outros atos administrativos.<\/p>\n<p>O prazo de anteced\u00eancia m\u00ednima entre a publica\u00e7\u00e3o do edital e a realiza\u00e7\u00e3o da primeira prova do certame ser\u00e1 de dois meses.<\/p>\n<div id=\"share-modal\" class=\"share-modal\"> <button class=\"box-close btn-share\"> <img decoding=\"async\" src=\"https:\/\/istoedinheiro.com.br\/wp-content\/themes\/dinheiro-wp-theme\/assets\/img\/svg\/closeIcon.svg?x46096\" alt=\"Close icon\" class=\"close-btn lazy\"\/> <\/button><\/div>\n<\/p><\/div>\n<p><script>!function(f,b,e,v,n,t,s){if(f.fbq)return;n=f.fbq=function(){n.callMethod?n.callMethod.apply(n,arguments):n.queue.push(arguments)};if(!f._fbq)f._fbq=n;n.push=n;n.loaded=!0;n.version='2.0';n.queue=[];t=b.createElement(e);t.async=!0;t.src=v;s=b.getElementsByTagName(e)[0];s.parentNode.insertBefore(t,s)}(window,document,'script','<\/script><br \/>\n<br \/><br \/>\n<br \/><a href=\"https:\/\/istoedinheiro.com.br\/governo-autoriza-a-realizacao-de-concurso-com-200-vagas-para-o-icmbio\/\">Source link <\/a><\/p>\n<div class='code-block code-block-4' style='margin: 8px auto 8px 0; text-align: left; display: block; clear: both;'>\n\ud83d\udce2 Aviso Legal\n\nO site ismaelcolosi.com.br atua apenas como um canal de divulga\u00e7\u00e3o de oportunidades de emprego e n\u00e3o se responsabiliza pelo processo seletivo, contrata\u00e7\u00e3o ou qualquer outra etapa relacionada \u00e0s vagas publicadas. Todas as informa\u00e7\u00f5es s\u00e3o de responsabilidade dos anunciantes.\n\n\u26a0\ufe0f Aten\u00e7\u00e3o! Nunca pague por promessas de emprego nem compre cursos que garantam contrata\u00e7\u00e3o. Desconfie de qualquer cobran\u00e7a para participar de sele\u00e7\u00f5es.\n\n\n\n<\/div>\n<!-- CONTENT END 1 -->\n","protected":false},"excerpt":{"rendered":"<p>Da reda\u00e7\u00e3oi Da reda\u00e7\u00e3o 03\/07\/2024 &#8211; 8:30 O governo federal, por meio do MGI (Minist\u00e9rio da Gest\u00e3o e da Inova\u00e7\u00e3o em Servi\u00e7os P\u00fablicos), autorizou nesta&#8230;<\/p>\n","protected":false},"author":1,"featured_media":55431,"comment_status":"open","ping_status":"open","sticky":false,"template":"","format":"standard","meta":{"_uag_custom_page_level_css":"","advanced_seo_description":"","jetpack_seo_html_title":"","jetpack_seo_noindex":false,"jetpack_post_was_ever_published":false,"_jetpack_newsletter_access":"","_jetpack_dont_email_post_to_subs":false,"_jetpack_newsletter_tier_id":0,"_jetpack_memberships_contains_paywalled_content":false,"_jetpack_memberships_contains_paid_content":false,"footnotes":"","jetpack_publicize_message":"","jetpack_publicize_feature_enabled":true,"jetpack_social_post_already_shared":true,"jetpack_social_options":{"image_generator_settings":{"template":"highway","default_image_id":0,"font":"","enabled":false},"version":2}},"categories":[3598],"tags":[],"class_list":["post-55430","post","type-post","status-publish","format-standard","has-post-thumbnail","hentry","category-empregos-classificados-vagas-trabalho"],"jetpack_publicize_connections":[],"jetpack_featured_media_url":"https:\/\/i0.wp.com\/ismaelcolosi.com.br\/wp-content\/uploads\/2024\/07\/icmbio01.jpg?fit=861%2C481&ssl=1","uagb_featured_image_src":{"full":["https:\/\/i0.wp.com\/ismaelcolosi.com.br\/wp-content\/uploads\/2024\/07\/icmbio01.jpg?fit=861%2C481&ssl=1",861,481,false],"thumbnail":["https:\/\/i0.wp.com\/ismaelcolosi.com.br\/wp-content\/uploads\/2024\/07\/icmbio01.jpg?resize=150%2C150&ssl=1",150,150,true],"medium":["https:\/\/i0.wp.com\/ismaelcolosi.com.br\/wp-content\/uploads\/2024\/07\/icmbio01.jpg?fit=300%2C168&ssl=1",300,168,true],"medium_large":["https:\/\/i0.wp.com\/ismaelcolosi.com.br\/wp-content\/uploads\/2024\/07\/icmbio01.jpg?fit=768%2C429&ssl=1",768,429,true],"large":["https:\/\/i0.wp.com\/ismaelcolosi.com.br\/wp-content\/uploads\/2024\/07\/icmbio01.jpg?fit=861%2C481&ssl=1",861,481,true],"1536x1536":["https:\/\/i0.wp.com\/ismaelcolosi.com.br\/wp-content\/uploads\/2024\/07\/icmbio01.jpg?fit=861%2C481&ssl=1",861,481,true],"2048x2048":["https:\/\/i0.wp.com\/ismaelcolosi.com.br\/wp-content\/uploads\/2024\/07\/icmbio01.jpg?fit=861%2C481&ssl=1",861,481,true],"really-simple-thumb":["https:\/\/i0.wp.com\/ismaelcolosi.com.br\/wp-content\/uploads\/2024\/07\/icmbio01.jpg?resize=370%2C247&ssl=1",370,247,true]},"uagb_author_info":{"display_name":"ismaelcolosi.com.br","author_link":"https:\/\/ismaelcolosi.com.br\/index.php\/author\/vidareal-online\/"},"uagb_comment_info":0,"uagb_excerpt":"Da reda\u00e7\u00e3oi Da reda\u00e7\u00e3o 03\/07\/2024 &#8211; 8:30 O governo federal, por meio do MGI (Minist\u00e9rio da Gest\u00e3o e da Inova\u00e7\u00e3o em Servi\u00e7os P\u00fablicos), autorizou nesta...","jetpack-related-posts":[{"id":55519,"url":"https:\/\/ismaelcolosi.com.br\/index.php\/2024\/07\/03\/governo-autoriza-concurso-para-o-ibama-com-260-vagas\/","url_meta":{"origin":55430,"position":0},"title":"Governo autoriza concurso para o Ibama com 260 vagas","author":"ismaelcolosi.com.br","date":"3 de July de 2024","format":false,"excerpt":"Da reda\u00e7\u00e3oi Da reda\u00e7\u00e3o 03\/07\/2024 - 16:45 O Minist\u00e9rio da Gest\u00e3o e da Inova\u00e7\u00e3o em Servi\u00e7os P\u00fablicos (MGI) publicou nesta quarta-feira, 3, portaria autorizando a realiza\u00e7\u00e3o de concurso p\u00fablico para o provimento de 260 cargos no quadro de pessoal do Instituto Brasileiro do Meio Ambiente e dos Recursos Naturais Renov\u00e1veis\u2026","rel":"","context":"In &quot;Empregos - Classificados&quot;","block_context":{"text":"Empregos - Classificados","link":"https:\/\/ismaelcolosi.com.br\/index.php\/category\/empregos-classificados-vagas-trabalho\/"},"img":{"alt_text":"","src":"https:\/\/i0.wp.com\/ismaelcolosi.com.br\/wp-content\/uploads\/2024\/07\/ibama-ministerio-da-justica.jpg?fit=972%2C578&ssl=1&resize=350%2C200","width":350,"height":200,"srcset":"https:\/\/i0.wp.com\/ismaelcolosi.com.br\/wp-content\/uploads\/2024\/07\/ibama-ministerio-da-justica.jpg?fit=972%2C578&ssl=1&resize=350%2C200 1x, https:\/\/i0.wp.com\/ismaelcolosi.com.br\/wp-content\/uploads\/2024\/07\/ibama-ministerio-da-justica.jpg?fit=972%2C578&ssl=1&resize=525%2C300 1.5x, https:\/\/i0.wp.com\/ismaelcolosi.com.br\/wp-content\/uploads\/2024\/07\/ibama-ministerio-da-justica.jpg?fit=972%2C578&ssl=1&resize=700%2C400 2x"},"classes":[]},{"id":85608,"url":"https:\/\/ismaelcolosi.com.br\/index.php\/2025\/05\/22\/concurso-do-icmbio-com-350-vagas-e-salario-de-r-88-mil-encerra-inscricoes-nesta-segunda-2\/","url_meta":{"origin":55430,"position":1},"title":"Concurso do ICMBio com 350 vagas e sal\u00e1rio de R$ 8,8 mil encerra inscri\u00e7\u00f5es nesta segunda","author":"ismaelcolosi.com.br","date":"22 de May de 2025","format":false,"excerpt":"Nesta segunda-feira, 27, se encerram as inscri\u00e7\u00f5es para o concurso do Instituto Chico Mendes de Conserva\u00e7\u00e3o da Biodiversidade (ICMBio). O concurso vai preencher 350 vagas de n\u00edvel superior, com remunera\u00e7\u00e3o inicial de at\u00e9 R$ 8,8 mil. As oportunidades s\u00e3o para os cargos de analista administrativo (120 vagas) e analista ambiental\u2026","rel":"","context":"In &quot;Empregos - Classificados&quot;","block_context":{"text":"Empregos - Classificados","link":"https:\/\/ismaelcolosi.com.br\/index.php\/category\/empregos-classificados-vagas-trabalho\/"},"img":{"alt_text":"","src":"","width":0,"height":0},"classes":[]},{"id":82238,"url":"https:\/\/ismaelcolosi.com.br\/index.php\/2025\/01\/27\/concurso-do-icmbio-com-350-vagas-e-salario-de-r-88-mil-encerra-inscricoes-nesta-segunda\/","url_meta":{"origin":55430,"position":2},"title":"Concurso do ICMBio com 350 vagas e sal\u00e1rio de R$ 8,8 mil encerra inscri\u00e7\u00f5es nesta segunda","author":"ismaelcolosi.com.br","date":"27 de January de 2025","format":false,"excerpt":"Nesta segunda-feira, 27, se encerram as inscri\u00e7\u00f5es para o concurso do Instituto Chico Mendes de Conserva\u00e7\u00e3o da Biodiversidade (ICMBio).O concurso vai preencher 350 vagas de n\u00edvel superior, com remunera\u00e7\u00e3o inicial de at\u00e9 R$ 8,8 mil. As oportunidades s\u00e3o para os cargos de analista administrativo (120 vagas) e analista ambiental (230\u2026","rel":"","context":"In &quot;Empregos - Classificados&quot;","block_context":{"text":"Empregos - Classificados","link":"https:\/\/ismaelcolosi.com.br\/index.php\/category\/empregos-classificados-vagas-trabalho\/"},"img":{"alt_text":"","src":"https:\/\/i0.wp.com\/ismaelcolosi.com.br\/wp-content\/uploads\/2025\/01\/icmbio01.jpg?fit=861%2C481&ssl=1&resize=350%2C200","width":350,"height":200,"srcset":"https:\/\/i0.wp.com\/ismaelcolosi.com.br\/wp-content\/uploads\/2025\/01\/icmbio01.jpg?fit=861%2C481&ssl=1&resize=350%2C200 1x, https:\/\/i0.wp.com\/ismaelcolosi.com.br\/wp-content\/uploads\/2025\/01\/icmbio01.jpg?fit=861%2C481&ssl=1&resize=525%2C300 1.5x, https:\/\/i0.wp.com\/ismaelcolosi.com.br\/wp-content\/uploads\/2025\/01\/icmbio01.jpg?fit=861%2C481&ssl=1&resize=700%2C400 2x"},"classes":[]},{"id":85617,"url":"https:\/\/ismaelcolosi.com.br\/index.php\/2025\/05\/22\/icmbio-reabre-inscricoes-para-concurso-com-350-vagas-e-salario-de-r-88-mil-2\/","url_meta":{"origin":55430,"position":3},"title":"ICMBio reabre inscri\u00e7\u00f5es para concurso com 350 vagas e sal\u00e1rio de R$ 8,8 mil","author":"ismaelcolosi.com.br","date":"22 de May de 2025","format":false,"excerpt":"As inscri\u00e7\u00f5es para o concurso do Instituto Chico Mendes de Conserva\u00e7\u00e3o da Biodiversidade (ICMBio) ser\u00e3o reabertas nesta sexta-feira, 17. Os interessados ter\u00e3o at\u00e9 27 de janeiro para se inscrever. O concurso do ICMBio vai preencher 350 vagas de n\u00edvel superior, com remunera\u00e7\u00e3o inicial de at\u00e9 R$ 8,8 mil. As oportunidades\u2026","rel":"","context":"In &quot;Empregos - Classificados&quot;","block_context":{"text":"Empregos - Classificados","link":"https:\/\/ismaelcolosi.com.br\/index.php\/category\/empregos-classificados-vagas-trabalho\/"},"img":{"alt_text":"","src":"","width":0,"height":0},"classes":[]},{"id":81813,"url":"https:\/\/ismaelcolosi.com.br\/index.php\/2025\/01\/17\/icmbio-reabre-inscricoes-para-concurso-com-350-vagas-e-salario-de-r-88-mil\/","url_meta":{"origin":55430,"position":4},"title":"ICMBio reabre inscri\u00e7\u00f5es para concurso com 350 vagas e sal\u00e1rio de R$ 8,8 mil","author":"ismaelcolosi.com.br","date":"17 de January de 2025","format":false,"excerpt":"Da reda\u00e7\u00e3oi Da reda\u00e7\u00e3o 17\/01\/2025 - 10:27 As inscri\u00e7\u00f5es para o concurso do Instituto Chico Mendes de Conserva\u00e7\u00e3o da Biodiversidade (ICMBio) ser\u00e3o reabertas nesta sexta-feira, 17. Os interessados ter\u00e3o at\u00e9 27 de janeiro para se inscrever.O concurso do ICMBio vai preencher 350 vagas de n\u00edvel superior, com remunera\u00e7\u00e3o inicial de\u2026","rel":"","context":"In &quot;Empregos - Classificados&quot;","block_context":{"text":"Empregos - Classificados","link":"https:\/\/ismaelcolosi.com.br\/index.php\/category\/empregos-classificados-vagas-trabalho\/"},"img":{"alt_text":"","src":"https:\/\/i0.wp.com\/ismaelcolosi.com.br\/wp-content\/uploads\/2025\/01\/icmbio-reproducao.jpg?fit=783%2C489&ssl=1&resize=350%2C200","width":350,"height":200,"srcset":"https:\/\/i0.wp.com\/ismaelcolosi.com.br\/wp-content\/uploads\/2025\/01\/icmbio-reproducao.jpg?fit=783%2C489&ssl=1&resize=350%2C200 1x, https:\/\/i0.wp.com\/ismaelcolosi.com.br\/wp-content\/uploads\/2025\/01\/icmbio-reproducao.jpg?fit=783%2C489&ssl=1&resize=525%2C300 1.5x, https:\/\/i0.wp.com\/ismaelcolosi.com.br\/wp-content\/uploads\/2025\/01\/icmbio-reproducao.jpg?fit=783%2C489&ssl=1&resize=700%2C400 2x"},"classes":[]},{"id":59382,"url":"https:\/\/ismaelcolosi.com.br\/index.php\/2024\/08\/08\/governo-autoriza-concurso-para-30-vagas-na-agencia-espacial-brasileira\/","url_meta":{"origin":55430,"position":5},"title":"Governo autoriza concurso para 30 vagas na Ag\u00eancia Espacial Brasileira","author":"ismaelcolosi.com.br","date":"8 de August de 2024","format":false,"excerpt":"Matheus Almeidai Matheus Almeida 08\/08\/2024 - 9:47 O governo federal autorizou um concurso para preencher 30 vagas na Ag\u00eancia Espacial Brasileira (AEB). O comunicado do Minist\u00e9rio da Gest\u00e3o e da Inova\u00e7\u00e3o em Servi\u00e7os P\u00fablicos (MGI) foi publicado na manh\u00e3 desta quinta-feira, 8, no Di\u00e1rio Oficial da Uni\u00e3o (DOU).As vagas demandar\u00e3o\u2026","rel":"","context":"In &quot;Empregos - Classificados&quot;","block_context":{"text":"Empregos - Classificados","link":"https:\/\/ismaelcolosi.com.br\/index.php\/category\/empregos-classificados-vagas-trabalho\/"},"img":{"alt_text":"","src":"https:\/\/i0.wp.com\/ismaelcolosi.com.br\/wp-content\/uploads\/2024\/08\/agencia-espacial-brasileira.jpeg?fit=768%2C480&ssl=1&resize=350%2C200","width":350,"height":200,"srcset":"https:\/\/i0.wp.com\/ismaelcolosi.com.br\/wp-content\/uploads\/2024\/08\/agencia-espacial-brasileira.jpeg?fit=768%2C480&ssl=1&resize=350%2C200 1x, https:\/\/i0.wp.com\/ismaelcolosi.com.br\/wp-content\/uploads\/2024\/08\/agencia-espacial-brasileira.jpeg?fit=768%2C480&ssl=1&resize=525%2C300 1.5x, https:\/\/i0.wp.com\/ismaelcolosi.com.br\/wp-content\/uploads\/2024\/08\/agencia-espacial-brasileira.jpeg?fit=768%2C480&ssl=1&resize=700%2C400 2x"},"classes":[]}],"jetpack_sharing_enabled":true,"jetpack_shortlink":"https:\/\/wp.me\/pfMlyK-eq2","_links":{"self":[{"href":"https:\/\/ismaelcolosi.com.br\/index.php\/wp-json\/wp\/v2\/posts\/55430","targetHints":{"allow":["GET"]}}],"collection":[{"href":"https:\/\/ismaelcolosi.com.br\/index.php\/wp-json\/wp\/v2\/posts"}],"about":[{"href":"https:\/\/ismaelcolosi.com.br\/index.php\/wp-json\/wp\/v2\/types\/post"}],"author":[{"embeddable":true,"href":"https:\/\/ismaelcolosi.com.br\/index.php\/wp-json\/wp\/v2\/users\/1"}],"replies":[{"embeddable":true,"href":"https:\/\/ismaelcolosi.com.br\/index.php\/wp-json\/wp\/v2\/comments?post=55430"}],"version-history":[{"count":0,"href":"https:\/\/ismaelcolosi.com.br\/index.php\/wp-json\/wp\/v2\/posts\/55430\/revisions"}],"wp:featuredmedia":[{"embeddable":true,"href":"https:\/\/ismaelcolosi.com.br\/index.php\/wp-json\/wp\/v2\/media\/55431"}],"wp:attachment":[{"href":"https:\/\/ismaelcolosi.com.br\/index.php\/wp-json\/wp\/v2\/media?parent=55430"}],"wp:term":[{"taxonomy":"category","embeddable":true,"href":"https:\/\/ismaelcolosi.com.br\/index.php\/wp-json\/wp\/v2\/categories?post=55430"},{"taxonomy":"post_tag","embeddable":true,"href":"https:\/\/ismaelcolosi.com.br\/index.php\/wp-json\/wp\/v2\/tags?post=55430"}],"curies":[{"name":"wp","href":"https:\/\/api.w.org\/{rel}","templated":true}]}}