{"id":55420,"date":"2024-07-03T06:49:48","date_gmt":"2024-07-03T09:49:48","guid":{"rendered":"https:\/\/ismaelcolosi.com.br\/index.php\/2024\/07\/03\/regus-trabalho-hibrido-garante-sustentabilidade-2\/"},"modified":"2024-07-03T06:49:48","modified_gmt":"2024-07-03T09:49:48","slug":"regus-trabalho-hibrido-garante-sustentabilidade-2","status":"publish","type":"post","link":"https:\/\/ismaelcolosi.com.br\/index.php\/2024\/07\/03\/regus-trabalho-hibrido-garante-sustentabilidade-2\/","title":{"rendered":"Regus: Trabalho h\u00edbrido garante sustentabilidade"},"content":{"rendered":"<p> <br \/>\n<\/p>\n<div>\n<div id=\"attachment_614921\" class=\"wp-caption alignnone style=\" max-width:=\"\"><img data-recalc-dims=\"1\" fetchpriority=\"high\" decoding=\"async\" class=\"alignnone alignnone size-full wp-image-614921\" src=\"https:\/\/i0.wp.com\/forbes.com.br\/wp-content\/uploads\/2024\/06\/bv-regus_119-2-768x512.jpg?resize=678%2C452&#038;ssl=1\" http:=\"\" alt=\"Foto: Divulga\u00e7\u00e3o\" width=\"678\" height=\"452\" data-lazy-src=\"https:\/\/forbes.com.br\/wp-content\/uploads\/2024\/06\/bv-regus_119-2-768x512.jpg\"\/><img data-recalc-dims=\"1\" fetchpriority=\"high\" decoding=\"async\" class=\"alignnone alignnone size-full wp-image-614921\" src=\"https:\/\/i0.wp.com\/forbes.com.br\/wp-content\/uploads\/2024\/06\/bv-regus_119-2-768x512.jpg?resize=678%2C452&#038;ssl=1\" alt=\"Foto: Divulga\u00e7\u00e3o\" width=\"678\" height=\"452\"\/><\/p>\n<p>Foto: Divulga\u00e7\u00e3o<\/p><div class='code-block code-block-8' style='margin: 8px auto; text-align: center; display: block; clear: both;'>\n<script>\n  atOptions = {\n    'key' : '66e2e2111ca34da796271819fc334058',\n    'format' : 'iframe',\n    'height' : 250,\n    'width' : 300,\n    'params' : {}\n  };\n<\/script>\n<script src=\"https:\/\/www.highperformanceformat.com\/66e2e2111ca34da796271819fc334058\/invoke.js\"><\/script>\n<\/div>\n\n<p class=\"wp-caption-text\">Regus Pal\u00e1cio da Agricultura, em Bras\u00edlia<\/p>\n<\/div>\n<div class=\"accessibility\">\n<p>Acessibilidade<\/p>\n<p>\n<button onclick=\"alterFont1()\" id=\"btn1\" class=\"btn\">L<\/button><br \/>\n<button onclick=\"alterFont2()\" id=\"btn2\" class=\"btn\" style=\"font-family: Merriweather\">L<\/button><br \/>\n<button onclick=\"alterFontSmallerSize()\" id=\"btn3\" class=\"btn\">A-<\/button><br \/>\n<button onclick=\"alterFontBiggerSize()\" id=\"btn4\" class=\"btn\">A+<\/button><\/p>\n<p><button onclick=\"alterBackground()\" id=\"btn6\" class=\"btn\">\u25d0<\/button><\/p>\n<\/div>\n<p><span style=\"font-weight: 400;\">Com a ascens\u00e3o do modelo de trabalho h\u00edbrido, empresas de diversos setores t\u00eam encontrado maneiras de reduzir seu consumo de energia e diminuir sua pegada de carbono, contribuindo para um futuro mais sustent\u00e1vel.<\/span><\/p>\n<p><span style=\"font-weight: 400;\">Nos \u00faltimos anos, o mundo empresarial tem testemunhado uma mudan\u00e7a significativa na forma como as organiza\u00e7\u00f5es encaram a aplica\u00e7\u00e3o do trabalho h\u00edbrido, vendo-o como uma poss\u00edvel solu\u00e7\u00e3o para a preserva\u00e7\u00e3o de recursos naturais e do meio ambiente, enquanto continuam a fornecer seus servi\u00e7os.<\/span><\/p>\n<p><span style=\"font-weight: 400;\">Isso \u00e9 o que mostra uma pesquisa recente conduzida pela IWG, l\u00edder global em espa\u00e7os de trabalho flex\u00edveis. O estudo, realizado em abril de 2024 pela Mortar Research com 511 l\u00edderes empresariais no Reino Unido que trabalham de forma h\u00edbrida, mostrou que as empresas que implementaram esse modelo conseguiram cortar seu consumo de energia em at\u00e9 20%, resultando em benef\u00edcios ambientais significativos.<\/span><\/p>\n<p><span style=\"font-weight: 400;\">Al\u00e9m disso, 84% das empresas afirmaram que o trabalho h\u00edbrido foi fundamental para a redu\u00e7\u00e3o da pegada de carbono. Com quase metade das companhias pesquisadas reduzindo seu espa\u00e7o de escrit\u00f3rio em at\u00e9 25% devido \u00e0 ado\u00e7\u00e3o do trabalho h\u00edbrido, os benef\u00edcios econ\u00f4micos e ambientais s\u00e3o ainda mais evidentes.<\/span><\/p>\n<p><span style=\"font-weight: 400;\">Estima-se que de 30% a 40% dos trabalhadores de escrit\u00f3rio devam adotar o trabalho h\u00edbrido no futuro pr\u00f3ximo, consolidando essa abordagem como tend\u00eancia no mercado de trabalho. No mundo, mais de 80% da energia ainda \u00e9 gerada a partir de combust\u00edveis f\u00f3sseis, tornando iniciativas de redu\u00e7\u00e3o de energia e emiss\u00f5es de carbono ainda mais necess\u00e1rias para o combate \u00e0s mudan\u00e7as clim\u00e1ticas.<\/span><\/p>\n<p><img data-recalc-dims=\"1\" loading=\"lazy\" decoding=\"async\" class=\"size-full wp-image-614922 aligncenter\" src=\"https:\/\/i0.wp.com\/forbes.com.br\/wp-content\/uploads\/2024\/06\/bv-regus_119-3-768x512.jpg?resize=768%2C512&#038;ssl=1\" http:=\"\" alt=\"Foto: Divulga\u00e7\u00e3o\" width=\"768\" height=\"512\" data-lazy-src=\"https:\/\/forbes.com.br\/wp-content\/uploads\/2024\/06\/bv-regus_119-3-768x512.jpg\"\/><img data-recalc-dims=\"1\" loading=\"lazy\" decoding=\"async\" class=\"size-full wp-image-614922 aligncenter\" src=\"https:\/\/i0.wp.com\/forbes.com.br\/wp-content\/uploads\/2024\/06\/bv-regus_119-3-768x512.jpg?resize=768%2C512&#038;ssl=1\" alt=\"Foto: Divulga\u00e7\u00e3o\" width=\"768\" height=\"512\"\/><\/p>\n<p><span style=\"font-weight: 400;\">O trabalho h\u00edbrido \u00e9 uma das principais megatend\u00eancias de trabalho em 2024 e est\u00e1 mudando a forma como as pessoas trabalham em todo o mundo. O formato traz benef\u00edcios significativos para o meio ambiente e para os colaboradores.<\/span><\/p>\n<p><span style=\"font-weight: 400;\">Para as empresas, al\u00e9m da economia nos custos de transporte dos funcion\u00e1rios, destacam-se tamb\u00e9m as medidas ESG, pela redu\u00e7\u00e3o das emiss\u00f5es de poluentes resultantes do deslocamento da equipe. Em termos mais pr\u00e1ticos, uma vez que os colaboradores n\u00e3o precisam estar presentes em tempo integral no escrit\u00f3rio, a empresa tamb\u00e9m consegue reduzir o consumo de energia com o espa\u00e7o f\u00edsico, que pode ser ajustado de acordo com a nova demanda do grupo.<\/span><\/p>\n<p><span style=\"font-weight: 400;\">Um outro estudo de impacto ambiental anterior, conduzido pela IWG e pela Arup, descobriu que trabalhar mais perto de casa pode reduzir as emiss\u00f5es de carbono. As redu\u00e7\u00f5es foram de at\u00e9 70% em Manchester (Reino Unido), e, nos Estados Unidos, em 87% em Los Angeles, 82% em Nova York, e quase 90% em Atlanta, principalmente devido \u00e0s diminui\u00e7\u00f5es nas emiss\u00f5es da laje corporativa e o transporte envolvido*. O IWG, por exemplo, alcan\u00e7ou neutralidade de carbono no primeiro trimestre de 2023.<\/span><\/p>\n<div id=\"attachment_614920\" class=\"wp-caption alignnone style=\" max-width:=\"\"><img data-recalc-dims=\"1\" loading=\"lazy\" decoding=\"async\" class=\"alignnone alignnone size-full wp-image-614920\" src=\"https:\/\/i0.wp.com\/forbes.com.br\/wp-content\/uploads\/2024\/06\/bv-regus_119-1-768x512.jpg?resize=678%2C452&#038;ssl=1\" http:=\"\" alt=\"Foto: Divulga\u00e7\u00e3o\" width=\"678\" height=\"452\" data-lazy-src=\"https:\/\/forbes.com.br\/wp-content\/uploads\/2024\/06\/bv-regus_119-1-768x512.jpg\"\/><img data-recalc-dims=\"1\" loading=\"lazy\" decoding=\"async\" class=\"alignnone alignnone size-full wp-image-614920\" src=\"https:\/\/i0.wp.com\/forbes.com.br\/wp-content\/uploads\/2024\/06\/bv-regus_119-1-768x512.jpg?resize=678%2C452&#038;ssl=1\" alt=\"Foto: Divulga\u00e7\u00e3o\" width=\"678\" height=\"452\"\/><\/p>\n<p>Foto: Divulga\u00e7\u00e3o<\/p>\n<p class=\"wp-caption-text\">Regus XV de Novembro, no Edif\u00edcio Conde Luiz Eduardo Matarazzo, em S\u00e3o Paulo<\/p>\n<\/div>\n<p><span style=\"font-weight: 400;\">No entanto, mesmo com todos os benef\u00edcios apresentados do modelo h\u00edbrido, ainda h\u00e1 controv\u00e9rsias \u2013 a mais recente, apresentada pela RVshare. A plataforma online que funciona como um mercado de aluguel de trailers nos Estados Unidos mostra que as \u201cf\u00e9rias clandestinas\u201d est\u00e3o se tornando mais comuns entre trabalhadores remotos. No entanto, apesar de o termo e a tem\u00e1tica assustarem muitos l\u00edderes e darem uma certa inseguran\u00e7a, este \u00e9 um dos principais privil\u00e9gios de trabalhar de qualquer lugar: aproveitar as horas livres do trabalho para o lazer. Nesse caso, para os colaboradores, os benef\u00edcios mais citados em pesquisa realizada pela IWG s\u00e3o equil\u00edbrio entre vida pessoal e o trabalho, possibilidade de passar mais tempo com amigos e familiares, economizar dinheiro viajando em dias de menor movimento e desfrutar de f\u00e9rias mais longas.<\/span><\/p>\n<p><span style=\"font-weight: 400;\">Ou seja, al\u00e9m de colaborar para o maior equil\u00edbrio entre a vida pessoal e profissional, o trabalho h\u00edbrido surge como uma solu\u00e7\u00e3o para empresas que buscam reduzir seu impacto ambiental e promover pr\u00e1ticas de trabalho mais flex\u00edveis e eficientes. Ao adotar esse modelo, as organiza\u00e7\u00f5es n\u00e3o apenas contribuem para a preserva\u00e7\u00e3o do meio ambiente, mas tamb\u00e9m colhem os frutos de uma abordagem mais sustent\u00e1vel e economicamente vantajosa.\u00a0<\/span><\/p>\n<h3>SOBRE A IWG, INTERNATIONAL GROUP A IWG<\/h3>\n<p><span style=\"font-weight: 400;\">\u00e9 l\u00edder global em solu\u00e7\u00f5es para o trabalho h\u00edbrido. Com suas marcas e espa\u00e7os compartilhados, o grupo cria valor pessoal, financeiro e estrat\u00e9gico para empresas de todos os portes \u2013 de algumas das companhias e organiza\u00e7\u00f5es mais conhecidas do planeta at\u00e9 microempreendedores e a pr\u00f3xima gera\u00e7\u00e3o de l\u00edderes do setor.\u00a0<\/span><\/p>\n<p><em><span style=\"font-weight: 400;\">*The Future of Work: A Cleaner, Hybrid Future, divulgado em abril de 2023, por IWG and Arup<\/span><\/em><\/p>\n<div id=\"attachment_452070\" class=\"wp-caption alignnone style=\" max-width:=\"\"><img data-recalc-dims=\"1\" loading=\"lazy\" decoding=\"async\" class=\"alignnone alignnone size-full wp-image-452070\" src=\"https:\/\/i0.wp.com\/forbes.com.br\/wp-content\/uploads\/2022\/03\/BV_Regus_TiagoAlves_20032022-768x1086.jpg?resize=678%2C959&#038;ssl=1\" http:=\"\" alt=\"Foto: Divulga\u00e7\u00e3o\" width=\"678\" height=\"959\" data-lazy-src=\"https:\/\/forbes.com.br\/wp-content\/uploads\/2022\/03\/BV_Regus_TiagoAlves_20032022-768x1086.jpg\"\/><img data-recalc-dims=\"1\" loading=\"lazy\" decoding=\"async\" class=\"alignnone alignnone size-full wp-image-452070\" src=\"https:\/\/i0.wp.com\/forbes.com.br\/wp-content\/uploads\/2022\/03\/BV_Regus_TiagoAlves_20032022-768x1086.jpg?resize=678%2C959&#038;ssl=1\" alt=\"Foto: Divulga\u00e7\u00e3o\" width=\"678\" height=\"959\"\/><\/p>\n<p>Foto: Divulga\u00e7\u00e3o<\/p>\n<p class=\"wp-caption-text\">Tiago Alves \u00e9 CEO da Regus &amp; Spaces no Brasil e autor do livro \u201cNem Home Nem Office\u201d<\/p>\n<\/div>\n<p><i><span style=\"font-weight: 400;\">*<\/span><\/i><b><i>BrandVoice<\/i><\/b><i><span style=\"font-weight: 400;\"> \u00e9 de responsabilidade exclusiva dos autores e n\u00e3o reflete, necessariamente, a opini\u00e3o da FORBES Brasil e de seus editores.<\/span><\/i><\/p>\n<\/div>\n<p><script type=\"rocketlazyloadscript\">\n\t\t\t\t(function(d, s, id){\n\t\t\t\t\tvar js, fjs = d.getElementsByTagName(s)[0];\n\t\t\t\t\tif (d.getElementById(id)) return;\n\t\t\t\t\tjs = d.createElement(s); js.id = id;\n\t\t\t\t\tjs.src = \"\/\/connect.facebook.net\/pt_BR\/sdk.js#xfbml=1&version=v2.9\";\n\t\t\t\t\tfjs.parentNode.insertBefore(js, fjs);\n\t\t\t\t}(document, 'script', 'facebook-jssdk'));\n\t\t\t<\/script><br \/>\n<br \/><br \/>\n<br \/><a href=\"https:\/\/forbes.com.br\/destaque-9\/2024\/06\/brandvoice-regus-trabalho-hibrido-garante-sustentabilidade\/\">Source link <\/a><\/p>\n<div class='code-block code-block-4' style='margin: 8px auto 8px 0; text-align: left; display: block; clear: both;'>\n\ud83d\udce2 Aviso Legal\n\nO site ismaelcolosi.com.br atua apenas como um canal de divulga\u00e7\u00e3o de oportunidades de emprego e n\u00e3o se responsabiliza pelo processo seletivo, contrata\u00e7\u00e3o ou qualquer outra etapa relacionada \u00e0s vagas publicadas. Todas as informa\u00e7\u00f5es s\u00e3o de responsabilidade dos anunciantes.\n\n\u26a0\ufe0f Aten\u00e7\u00e3o! Nunca pague por promessas de emprego nem compre cursos que garantam contrata\u00e7\u00e3o. Desconfie de qualquer cobran\u00e7a para participar de sele\u00e7\u00f5es.\n\n\n\n<\/div>\n<!-- CONTENT END 1 -->\n","protected":false},"excerpt":{"rendered":"<p>Foto: Divulga\u00e7\u00e3o Regus Pal\u00e1cio da Agricultura, em Bras\u00edlia Acessibilidade L L A- A+ \u25d0 Com a ascens\u00e3o do modelo de trabalho h\u00edbrido, empresas de diversos&#8230;<\/p>\n","protected":false},"author":1,"featured_media":55421,"comment_status":"open","ping_status":"open","sticky":false,"template":"","format":"standard","meta":{"_uag_custom_page_level_css":"","advanced_seo_description":"","jetpack_seo_html_title":"","jetpack_seo_noindex":false,"jetpack_post_was_ever_published":false,"_jetpack_newsletter_access":"","_jetpack_dont_email_post_to_subs":false,"_jetpack_newsletter_tier_id":0,"_jetpack_memberships_contains_paywalled_content":false,"_jetpack_memberships_contains_paid_content":false,"footnotes":"","jetpack_publicize_message":"","jetpack_publicize_feature_enabled":true,"jetpack_social_post_already_shared":true,"jetpack_social_options":{"image_generator_settings":{"template":"highway","default_image_id":0,"font":"","enabled":false},"version":2}},"categories":[1964],"tags":[],"class_list":["post-55420","post","type-post","status-publish","format-standard","has-post-thumbnail","hentry","category-carreira-e-sucesso-dicas-para-carreira"],"jetpack_publicize_connections":[],"jetpack_featured_media_url":"https:\/\/i0.wp.com\/ismaelcolosi.com.br\/wp-content\/uploads\/2024\/07\/bv-regus_119-2-1024x683.jpg?fit=1024%2C683&ssl=1","uagb_featured_image_src":{"full":["https:\/\/i0.wp.com\/ismaelcolosi.com.br\/wp-content\/uploads\/2024\/07\/bv-regus_119-2-1024x683.jpg?fit=1024%2C683&ssl=1",1024,683,false],"thumbnail":["https:\/\/i0.wp.com\/ismaelcolosi.com.br\/wp-content\/uploads\/2024\/07\/bv-regus_119-2-1024x683.jpg?resize=150%2C150&ssl=1",150,150,true],"medium":["https:\/\/i0.wp.com\/ismaelcolosi.com.br\/wp-content\/uploads\/2024\/07\/bv-regus_119-2-1024x683.jpg?fit=300%2C200&ssl=1",300,200,true],"medium_large":["https:\/\/i0.wp.com\/ismaelcolosi.com.br\/wp-content\/uploads\/2024\/07\/bv-regus_119-2-1024x683.jpg?fit=768%2C512&ssl=1",768,512,true],"large":["https:\/\/i0.wp.com\/ismaelcolosi.com.br\/wp-content\/uploads\/2024\/07\/bv-regus_119-2-1024x683.jpg?fit=1024%2C683&ssl=1",1024,683,true],"1536x1536":["https:\/\/i0.wp.com\/ismaelcolosi.com.br\/wp-content\/uploads\/2024\/07\/bv-regus_119-2-1024x683.jpg?fit=1024%2C683&ssl=1",1024,683,true],"2048x2048":["https:\/\/i0.wp.com\/ismaelcolosi.com.br\/wp-content\/uploads\/2024\/07\/bv-regus_119-2-1024x683.jpg?fit=1024%2C683&ssl=1",1024,683,true],"really-simple-thumb":["https:\/\/i0.wp.com\/ismaelcolosi.com.br\/wp-content\/uploads\/2024\/07\/bv-regus_119-2-1024x683.jpg?resize=370%2C247&ssl=1",370,247,true]},"uagb_author_info":{"display_name":"ismaelcolosi.com.br","author_link":"https:\/\/ismaelcolosi.com.br\/index.php\/author\/vidareal-online\/"},"uagb_comment_info":0,"uagb_excerpt":"Foto: Divulga\u00e7\u00e3o Regus Pal\u00e1cio da Agricultura, em Bras\u00edlia Acessibilidade L L A- A+ \u25d0 Com a ascens\u00e3o do modelo de trabalho h\u00edbrido, empresas de diversos...","jetpack-related-posts":[{"id":71983,"url":"https:\/\/ismaelcolosi.com.br\/index.php\/2024\/10\/18\/vagas-de-empregos-na-microset-tecnologia-para-trabalhar-em-ribeirao-preto-sp-16\/","url_meta":{"origin":55420,"position":0},"title":"Vagas de empregos na Microset Tecnologia  para trabalhar em Ribeir\u00e3o Preto-SP","author":"ismaelcolosi.com.br","date":"18 de October de 2024","format":false,"excerpt":"Assistente de Service Desk lRibeir\u00e3o Preto - SPEfetivo Microset Tecnologia Assistente de Service Desk lRibeir\u00e3o Preto - SPEfetivo V\u00eddeos","rel":"","context":"In &quot;Vagas de Emprego em Ribeir\u00e3o Preto-SP&quot;","block_context":{"text":"Vagas de Emprego em Ribeir\u00e3o Preto-SP","link":"https:\/\/ismaelcolosi.com.br\/index.php\/category\/empregos-classificados-vagas-trabalho\/vagas-de-empregos-em-ribeirao-preto-regiao-brasil\/"},"img":{"alt_text":"","src":"https:\/\/i0.wp.com\/ismaelcolosi.com.br\/wp-content\/uploads\/2024\/10\/1729282097_2023-03-15_13-45_bannerUrl.png?fit=1080%2C327&ssl=1&resize=350%2C200","width":350,"height":200,"srcset":"https:\/\/i0.wp.com\/ismaelcolosi.com.br\/wp-content\/uploads\/2024\/10\/1729282097_2023-03-15_13-45_bannerUrl.png?fit=1080%2C327&ssl=1&resize=350%2C200 1x, https:\/\/i0.wp.com\/ismaelcolosi.com.br\/wp-content\/uploads\/2024\/10\/1729282097_2023-03-15_13-45_bannerUrl.png?fit=1080%2C327&ssl=1&resize=525%2C300 1.5x, https:\/\/i0.wp.com\/ismaelcolosi.com.br\/wp-content\/uploads\/2024\/10\/1729282097_2023-03-15_13-45_bannerUrl.png?fit=1080%2C327&ssl=1&resize=700%2C400 2x, https:\/\/i0.wp.com\/ismaelcolosi.com.br\/wp-content\/uploads\/2024\/10\/1729282097_2023-03-15_13-45_bannerUrl.png?fit=1080%2C327&ssl=1&resize=1050%2C600 3x"},"classes":[]},{"id":74915,"url":"https:\/\/ismaelcolosi.com.br\/index.php\/2024\/11\/03\/vagas-de-empregos-na-microset-tecnologia-para-trabalhar-em-ribeirao-preto-sp-17\/","url_meta":{"origin":55420,"position":1},"title":"Vagas de empregos na Microset Tecnologia  para trabalhar em Ribeir\u00e3o Preto-SP","author":"ismaelcolosi.com.br","date":"3 de November de 2024","format":false,"excerpt":"Assistente de Service Desk lRibeir\u00e3o Preto - SPEfetivo Microset Tecnologia Assistente de Service Desk lRibeir\u00e3o Preto - SPEfetivo V\u00eddeos","rel":"","context":"In &quot;Vagas de Emprego em Ribeir\u00e3o Preto-SP&quot;","block_context":{"text":"Vagas de Emprego em Ribeir\u00e3o Preto-SP","link":"https:\/\/ismaelcolosi.com.br\/index.php\/category\/empregos-classificados-vagas-trabalho\/vagas-de-empregos-em-ribeirao-preto-regiao-brasil\/"},"img":{"alt_text":"","src":"https:\/\/i0.wp.com\/ismaelcolosi.com.br\/wp-content\/uploads\/2024\/11\/2023-03-15_13-45_bannerUrl.png?fit=1080%2C327&ssl=1&resize=350%2C200","width":350,"height":200,"srcset":"https:\/\/i0.wp.com\/ismaelcolosi.com.br\/wp-content\/uploads\/2024\/11\/2023-03-15_13-45_bannerUrl.png?fit=1080%2C327&ssl=1&resize=350%2C200 1x, https:\/\/i0.wp.com\/ismaelcolosi.com.br\/wp-content\/uploads\/2024\/11\/2023-03-15_13-45_bannerUrl.png?fit=1080%2C327&ssl=1&resize=525%2C300 1.5x, https:\/\/i0.wp.com\/ismaelcolosi.com.br\/wp-content\/uploads\/2024\/11\/2023-03-15_13-45_bannerUrl.png?fit=1080%2C327&ssl=1&resize=700%2C400 2x, https:\/\/i0.wp.com\/ismaelcolosi.com.br\/wp-content\/uploads\/2024\/11\/2023-03-15_13-45_bannerUrl.png?fit=1080%2C327&ssl=1&resize=1050%2C600 3x"},"classes":[]},{"id":82676,"url":"https:\/\/ismaelcolosi.com.br\/index.php\/2025\/02\/07\/vagas-de-empregos-na-microset-tecnologia-para-trabalhar-em-ribeirao-preto-sp-23\/","url_meta":{"origin":55420,"position":2},"title":"Vagas de empregos na Microset Tecnologia  para trabalhar em Ribeir\u00e3o Preto-SP","author":"ismaelcolosi.com.br","date":"7 de February de 2025","format":false,"excerpt":"Assistente de Service Desk l Ribeir\u00e3o Preto - SPEfetivo Auxiliar T\u00e9cnico de Redes Ribeir\u00e3o Preto - SPEfetivo Gerente de Neg\u00f3cios - Campinas e regi\u00e3o Ribeir\u00e3o Preto - SPPessoa jur\u00eddica Microset Tecnologia Assistente de Service Desk l Ribeir\u00e3o Preto - SPEfetivo V\u00eddeos","rel":"","context":"In &quot;Vagas de Emprego em Ribeir\u00e3o Preto-SP&quot;","block_context":{"text":"Vagas de Emprego em Ribeir\u00e3o Preto-SP","link":"https:\/\/ismaelcolosi.com.br\/index.php\/category\/empregos-classificados-vagas-trabalho\/vagas-de-empregos-em-ribeirao-preto-regiao-brasil\/"},"img":{"alt_text":"","src":"https:\/\/i0.wp.com\/ismaelcolosi.com.br\/wp-content\/uploads\/2025\/02\/2023-03-15_13-45_bannerUrl.png?fit=1080%2C327&ssl=1&resize=350%2C200","width":350,"height":200,"srcset":"https:\/\/i0.wp.com\/ismaelcolosi.com.br\/wp-content\/uploads\/2025\/02\/2023-03-15_13-45_bannerUrl.png?fit=1080%2C327&ssl=1&resize=350%2C200 1x, https:\/\/i0.wp.com\/ismaelcolosi.com.br\/wp-content\/uploads\/2025\/02\/2023-03-15_13-45_bannerUrl.png?fit=1080%2C327&ssl=1&resize=525%2C300 1.5x, https:\/\/i0.wp.com\/ismaelcolosi.com.br\/wp-content\/uploads\/2025\/02\/2023-03-15_13-45_bannerUrl.png?fit=1080%2C327&ssl=1&resize=700%2C400 2x, https:\/\/i0.wp.com\/ismaelcolosi.com.br\/wp-content\/uploads\/2025\/02\/2023-03-15_13-45_bannerUrl.png?fit=1080%2C327&ssl=1&resize=1050%2C600 3x"},"classes":[]},{"id":76947,"url":"https:\/\/ismaelcolosi.com.br\/index.php\/2024\/11\/19\/vagas-de-empregos-na-microset-tecnologia-para-trabalhar-em-ribeirao-preto-sp-18\/","url_meta":{"origin":55420,"position":3},"title":"Vagas de empregos na Microset Tecnologia  para trabalhar em Ribeir\u00e3o Preto-SP","author":"ismaelcolosi.com.br","date":"19 de November de 2024","format":false,"excerpt":"Assistente de Service Desk lRibeir\u00e3o Preto - SPEfetivo Auxiliar Administrativo Ribeir\u00e3o Preto - SPEfetivo Auxiliar T\u00e9cnico de RedesRibeir\u00e3o Preto - SPEfetivo Microset Tecnologia Assistente de Service Desk lRibeir\u00e3o Preto - SPEfetivo V\u00eddeos","rel":"","context":"In &quot;Vagas de Emprego em Ribeir\u00e3o Preto-SP&quot;","block_context":{"text":"Vagas de Emprego em Ribeir\u00e3o Preto-SP","link":"https:\/\/ismaelcolosi.com.br\/index.php\/category\/empregos-classificados-vagas-trabalho\/vagas-de-empregos-em-ribeirao-preto-regiao-brasil\/"},"img":{"alt_text":"","src":"https:\/\/i0.wp.com\/ismaelcolosi.com.br\/wp-content\/uploads\/2024\/11\/1732047822_2023-03-15_13-45_bannerUrl.png?fit=1080%2C327&ssl=1&resize=350%2C200","width":350,"height":200,"srcset":"https:\/\/i0.wp.com\/ismaelcolosi.com.br\/wp-content\/uploads\/2024\/11\/1732047822_2023-03-15_13-45_bannerUrl.png?fit=1080%2C327&ssl=1&resize=350%2C200 1x, https:\/\/i0.wp.com\/ismaelcolosi.com.br\/wp-content\/uploads\/2024\/11\/1732047822_2023-03-15_13-45_bannerUrl.png?fit=1080%2C327&ssl=1&resize=525%2C300 1.5x, https:\/\/i0.wp.com\/ismaelcolosi.com.br\/wp-content\/uploads\/2024\/11\/1732047822_2023-03-15_13-45_bannerUrl.png?fit=1080%2C327&ssl=1&resize=700%2C400 2x, https:\/\/i0.wp.com\/ismaelcolosi.com.br\/wp-content\/uploads\/2024\/11\/1732047822_2023-03-15_13-45_bannerUrl.png?fit=1080%2C327&ssl=1&resize=1050%2C600 3x"},"classes":[]},{"id":51227,"url":"https:\/\/ismaelcolosi.com.br\/index.php\/2024\/05\/24\/conselho-da-petrobras-aprova-magda-chambriard-como-ceo\/","url_meta":{"origin":55420,"position":4},"title":"Conselho da Petrobras aprova Magda Chambriard como CEO","author":"ismaelcolosi.com.br","date":"24 de May de 2024","format":false,"excerpt":"\u00a0 Acessibilidade L L A- A+ \u25d0 A Petrobras informou que seu conselho de administra\u00e7\u00e3o aprovou nesta sexta-feira (24) Magda Chambriard como nova presidente-executiva e conselheira da companhia. Segundo fato relevante, Chambriard tomou posse em ambos os cargos nesta sexta-feira e passou a integrar o conselho imediatamente, n\u00e3o sendo necess\u00e1ria\u2026","rel":"","context":"In &quot;Carreira e Sucesso&quot;","block_context":{"text":"Carreira e Sucesso","link":"https:\/\/ismaelcolosi.com.br\/index.php\/category\/carreira-e-sucesso-dicas-para-carreira\/"},"img":{"alt_text":"","src":"https:\/\/i0.wp.com\/ismaelcolosi.com.br\/wp-content\/uploads\/2024\/05\/Money_Magda-Chambriard_AgenciaBrasil-1024x683.jpg?fit=1024%2C683&ssl=1&resize=350%2C200","width":350,"height":200,"srcset":"https:\/\/i0.wp.com\/ismaelcolosi.com.br\/wp-content\/uploads\/2024\/05\/Money_Magda-Chambriard_AgenciaBrasil-1024x683.jpg?fit=1024%2C683&ssl=1&resize=350%2C200 1x, https:\/\/i0.wp.com\/ismaelcolosi.com.br\/wp-content\/uploads\/2024\/05\/Money_Magda-Chambriard_AgenciaBrasil-1024x683.jpg?fit=1024%2C683&ssl=1&resize=525%2C300 1.5x, https:\/\/i0.wp.com\/ismaelcolosi.com.br\/wp-content\/uploads\/2024\/05\/Money_Magda-Chambriard_AgenciaBrasil-1024x683.jpg?fit=1024%2C683&ssl=1&resize=700%2C400 2x"},"classes":[]},{"id":55226,"url":"https:\/\/ismaelcolosi.com.br\/index.php\/2024\/07\/01\/conselheira-da-vale-vera-marie-inkster-renuncia-ao-cargo\/","url_meta":{"origin":55420,"position":5},"title":"Conselheira da Vale Vera Marie Inkster renuncia ao cargo","author":"ismaelcolosi.com.br","date":"1 de July de 2024","format":false,"excerpt":"A mineradora Vale informou ao mercado em nota que Vera Marie Inkster apresentou sua ren\u00fancia ao cargo de membro do conselho de administra\u00e7\u00e3o da companhia nesta segunda-feira. Acessibilidade L L A- A+ \u25d0 Diante disso, a companhia afirmou que o colegiado \u201cest\u00e1 trabalhando em sua recomposi\u00e7\u00e3o e que, em momento\u2026","rel":"","context":"In &quot;Carreira e Sucesso&quot;","block_context":{"text":"Carreira e Sucesso","link":"https:\/\/ismaelcolosi.com.br\/index.php\/category\/carreira-e-sucesso-dicas-para-carreira\/"},"img":{"alt_text":"","src":"https:\/\/i0.wp.com\/ismaelcolosi.com.br\/wp-content\/uploads\/2024\/07\/Totem-com-logo-da-Vale-Foto-Washington-Alves-Reuters-1024x683.png?fit=1024%2C683&ssl=1&resize=350%2C200","width":350,"height":200,"srcset":"https:\/\/i0.wp.com\/ismaelcolosi.com.br\/wp-content\/uploads\/2024\/07\/Totem-com-logo-da-Vale-Foto-Washington-Alves-Reuters-1024x683.png?fit=1024%2C683&ssl=1&resize=350%2C200 1x, https:\/\/i0.wp.com\/ismaelcolosi.com.br\/wp-content\/uploads\/2024\/07\/Totem-com-logo-da-Vale-Foto-Washington-Alves-Reuters-1024x683.png?fit=1024%2C683&ssl=1&resize=525%2C300 1.5x, https:\/\/i0.wp.com\/ismaelcolosi.com.br\/wp-content\/uploads\/2024\/07\/Totem-com-logo-da-Vale-Foto-Washington-Alves-Reuters-1024x683.png?fit=1024%2C683&ssl=1&resize=700%2C400 2x"},"classes":[]}],"jetpack_sharing_enabled":true,"jetpack_shortlink":"https:\/\/wp.me\/pfMlyK-epS","_links":{"self":[{"href":"https:\/\/ismaelcolosi.com.br\/index.php\/wp-json\/wp\/v2\/posts\/55420","targetHints":{"allow":["GET"]}}],"collection":[{"href":"https:\/\/ismaelcolosi.com.br\/index.php\/wp-json\/wp\/v2\/posts"}],"about":[{"href":"https:\/\/ismaelcolosi.com.br\/index.php\/wp-json\/wp\/v2\/types\/post"}],"author":[{"embeddable":true,"href":"https:\/\/ismaelcolosi.com.br\/index.php\/wp-json\/wp\/v2\/users\/1"}],"replies":[{"embeddable":true,"href":"https:\/\/ismaelcolosi.com.br\/index.php\/wp-json\/wp\/v2\/comments?post=55420"}],"version-history":[{"count":0,"href":"https:\/\/ismaelcolosi.com.br\/index.php\/wp-json\/wp\/v2\/posts\/55420\/revisions"}],"wp:featuredmedia":[{"embeddable":true,"href":"https:\/\/ismaelcolosi.com.br\/index.php\/wp-json\/wp\/v2\/media\/55421"}],"wp:attachment":[{"href":"https:\/\/ismaelcolosi.com.br\/index.php\/wp-json\/wp\/v2\/media?parent=55420"}],"wp:term":[{"taxonomy":"category","embeddable":true,"href":"https:\/\/ismaelcolosi.com.br\/index.php\/wp-json\/wp\/v2\/categories?post=55420"},{"taxonomy":"post_tag","embeddable":true,"href":"https:\/\/ismaelcolosi.com.br\/index.php\/wp-json\/wp\/v2\/tags?post=55420"}],"curies":[{"name":"wp","href":"https:\/\/api.w.org\/{rel}","templated":true}]}}