{"id":55418,"date":"2024-07-03T06:34:45","date_gmt":"2024-07-03T09:34:45","guid":{"rendered":"https:\/\/ismaelcolosi.com.br\/index.php\/2024\/07\/03\/saiba-como-se-destacar-na-entrevista-de-emprego\/"},"modified":"2024-07-03T06:34:45","modified_gmt":"2024-07-03T09:34:45","slug":"saiba-como-se-destacar-na-entrevista-de-emprego","status":"publish","type":"post","link":"https:\/\/ismaelcolosi.com.br\/index.php\/2024\/07\/03\/saiba-como-se-destacar-na-entrevista-de-emprego\/","title":{"rendered":"Saiba como se destacar na entrevista de emprego"},"content":{"rendered":"<p> <br \/>\n<\/p>\n<div>\n<p>Seu curr\u00edculo passou pelo software de recrutamento e voc\u00ea conseguiu uma entrevista para o emprego dos seus sonhos. Agora, <strong>voc\u00ea s\u00f3 precisa causar uma impress\u00e3o duradoura e se destacar<\/strong> como um dos principais candidatos para a vaga.<\/p>\n<div class=\"accessibility\">\n<p>Acessibilidade<\/p><div class='code-block code-block-8' style='margin: 8px auto; text-align: center; display: block; clear: both;'>\n<script>\n  atOptions = {\n    'key' : '66e2e2111ca34da796271819fc334058',\n    'format' : 'iframe',\n    'height' : 250,\n    'width' : 300,\n    'params' : {}\n  };\n<\/script>\n<script src=\"https:\/\/www.highperformanceformat.com\/66e2e2111ca34da796271819fc334058\/invoke.js\"><\/script>\n<\/div>\n\n<p>\n<button onclick=\"alterFont1()\" id=\"btn1\" class=\"btn\">L<\/button><br \/>\n<button onclick=\"alterFont2()\" id=\"btn2\" class=\"btn\" style=\"font-family: Merriweather\">L<\/button><br \/>\n<button onclick=\"alterFontSmallerSize()\" id=\"btn3\" class=\"btn\">A-<\/button><br \/>\n<button onclick=\"alterFontBiggerSize()\" id=\"btn4\" class=\"btn\">A+<\/button><\/p>\n<p><button onclick=\"alterBackground()\" id=\"btn6\" class=\"btn\">\u25d0<\/button><\/p>\n<\/div>\n<p>No atual mercado de trabalho, isso pode ser mais f\u00e1cil de falar do que fazer. Para ajudar, 20 membros do <a href=\"https:\/\/councils.forbes.com\/forbeshumanresourcescouncil\" target=\"_blank\" rel=\"noopener\">Conselho de Recursos Humanos da Forbes<\/a> oferecem suas melhores dicas para se dar bem em uma entrevista de emprego. <strong>De mostrar seu potencial \u00fanico a dominar a arte da narrativa, essas estrat\u00e9gias v\u00e3o coloc\u00e1-lo na lista de contrata\u00e7\u00e3o<\/strong>.<\/p>\n<h2>Leia tamb\u00e9m<\/h2>\n<div id=\"attachment_620098\" class=\"wp-caption alignnone style=\" max-width:=\"\"><img data-recalc-dims=\"1\" loading=\"lazy\" decoding=\"async\" class=\"alignnone wp-image-620098 size-medium\" src=\"https:\/\/i0.wp.com\/forbes.com.br\/wp-content\/uploads\/2024\/07\/carreira-entrevista-de-emprego-768x512.jpg?resize=678%2C452&#038;ssl=1\" http:=\"\" alt=\"Getty Images\" width=\"678\" height=\"452\" data-lazy-src=\"https:\/\/forbes.com.br\/wp-content\/uploads\/2024\/07\/carreira-entrevista-de-emprego-768x512.jpg\"\/><img data-recalc-dims=\"1\" loading=\"lazy\" decoding=\"async\" class=\"alignnone wp-image-620098 size-medium\" src=\"https:\/\/i0.wp.com\/forbes.com.br\/wp-content\/uploads\/2024\/07\/carreira-entrevista-de-emprego-768x512.jpg?resize=678%2C452&#038;ssl=1\" alt=\"Getty Images\" width=\"678\" height=\"452\"\/><\/p>\n<p>Getty Images<\/p>\n<p class=\"wp-caption-text\">Prepare-se para a entrevista de emprego com dicas essenciais e conquiste um lugar entre os principais candidatos<\/p>\n<\/div>\n<h2>1. Entenda o que voc\u00ea tem a oferecer<\/h2>\n<p>Entender quem voc\u00ea \u00e9 como candidato e o que voc\u00ea tem a oferecer \u00e9 fundamental. Conhecer seu potencial, especialmente em rela\u00e7\u00e3o a habilidades e aspira\u00e7\u00f5es que podem n\u00e3o ser imediatamente evidentes no seu curr\u00edculo, \u00e9 uma forma de captar a aten\u00e7\u00e3o dos recrutadores e gerentes de contrata\u00e7\u00e3o. <strong>Venha para a entrevista preparado para apresentar todo o seu potencial<\/strong>. \u2013 Caitlin MacGregor, Plum<\/p>\n<h2>2. Mostre seu entendimento dos planos da empresa<\/h2>\n<p>V\u00e1 al\u00e9m do site da empresa e das not\u00edcias recentes. Revise os planos estrat\u00e9gicos de longo prazo, relat\u00f3rios anuais e previs\u00f5es do setor para entender onde ela pretende estar em cinco a dez anos. <strong>Inicie discuss\u00f5es sobre a vis\u00e3o da companhia e como voc\u00ea pode contribuir<\/strong>. Fa\u00e7a perguntas demonstrando seu conhecimento da dire\u00e7\u00e3o estrat\u00e9gica da empresa e expresse interesse genu\u00edno em fazer parte dessa jornada. \u2013 Katrina Jones<\/p>\n<h2>3. Use exemplos espec\u00edficos de habilidades e experi\u00eancias<\/h2>\n<p>Para se destacar no mercado de trabalho, os <strong>candidatos devem pesquisar minuciosamente a empresa e o cargo<\/strong>. Ao mostrar exemplos espec\u00edficos de suas habilidades e experi\u00eancias que se alinham com os requisitos do trabalho, os profissionais demonstram seu interesse genu\u00edno e adequa\u00e7\u00e3o para a posi\u00e7\u00e3o. Isso os diferencia e tamb\u00e9m aumenta suas chances de serem selecionados. \u2013 Kshitij Jain, Joveo<\/p>\n<h2>4. Demonstre seu entusiasmo e paix\u00e3o<\/h2>\n<p>Os candidatos que procuram se destacar devem demonstrar seu entusiasmo e paix\u00e3o pelo cargo, setor e empresa espec\u00edfica. <strong>Ver essa energia e empolga\u00e7\u00e3o pode ser o fator decisivo para muitos gerentes de contrata\u00e7\u00e3o<\/strong> que procuram funcion\u00e1rios que se integrem bem ao neg\u00f3cio e alinhem-se aos seus valores. Fa\u00e7a sua pesquisa e esteja preparado para responder perguntas sobre por que voc\u00ea se candidatou. \u2013 Alex Gillespie, Gillespie Manners<\/p>\n<h2>5. Utilize o m\u00e9todo STAR para contar sua hist\u00f3ria<\/h2>\n<p><strong>Uma maneira de se destacar no processo de entrevista de emprego \u00e9 ter uma hist\u00f3ria convincente<\/strong>. Uma estrutura comum para desenvolver suas hist\u00f3rias \u00e9 o m\u00e9todo STAR (situa\u00e7\u00e3o, tarefa, a\u00e7\u00e3o, resultado). Isso organiza e enfatiza suas realiza\u00e7\u00f5es profissionais de maneira significativa. Depois de compilar suas hist\u00f3rias, voc\u00ea pode compartilhar aquelas que mais se alinham com o cargo para o qual est\u00e1 se candidatando. \u2013 Dr. Timothy J. Giardino<\/p>\n<h2>6. Mostre interesse durante o processo<\/h2>\n<p>Para que os candidatos se destaquem no processo de entrevista, eles precisam mostrar interesse durante todo o processo, com engajamento, entusiasmo e prepara\u00e7\u00e3o avan\u00e7ada para o cargo e a empresa. Al\u00e9m disso, tamb\u00e9m \u00e9 importante dedicar tempo com o gerente de contrata\u00e7\u00e3o para expressar seu interesse e empolga\u00e7\u00e3o pela oportunidade e<strong> transmitir como \u00e9 poss\u00edvel usar suas experi\u00eancias para contribuir para o sucesso da empresa<\/strong> e da equipe. \u2013 Janet Vardeman, Avanade<\/p>\n<h2>7. Mostre como voc\u00ea pode impactar a empresa<\/h2>\n<p>Ser capaz de demonstrar como voc\u00ea pode desempenhar o cargo para ter um <strong>impacto positivo nos objetivos estrat\u00e9gicos mais amplos da companhia<\/strong> ser\u00e1 uma grande vantagem. Por exemplo, como voc\u00ea poderia executar esse cargo de forma eficaz para impactar as aspira\u00e7\u00f5es de sustentabilidade da empresa? Como voc\u00ea poderia incorporar o ethos de equidade, diversidade e inclus\u00e3o nos seus resultados? \u2013 Charlotte Sweeney OBE, CSA (Charlotte Sweeney Associates)<\/p>\n<h2>8. Destaque suas habilidades interpessoais<\/h2>\n<p>Al\u00e9m das ferramentas t\u00e9cnicas, habilidades como comunica\u00e7\u00e3o, trabalho em equipe e adaptabilidade s\u00e3o cruciais. Um relat\u00f3rio do LinkedIn descobriu que <strong>92% dos gerentes de contrata\u00e7\u00e3o concordam que candidatos com fortes habilidades interpessoais s\u00e3o cada vez mais importantes<\/strong> no mercado de trabalho atual. \u2013 CJ Eason, JobFairGiant.com<\/p>\n<h2>9. Pesquise a empresa e articule sua proposta de valor<\/h2>\n<p>Os candidatos potenciais podem se destacar ao pesquisar minuciosamente a empresa e <strong>adaptar suas respostas para se alinhar aos valores, planos estrat\u00e9gicos, metas e desafios da organiza\u00e7\u00e3o<\/strong>. Eles devem articular sua proposta de valor \u00fanica, destacando habilidades, experi\u00eancias e realiza\u00e7\u00f5es relevantes que se relacionem diretamente com a descri\u00e7\u00e3o do trabalho e a miss\u00e3o da empresa. \u2013 Vinamre Gupta, Moody\u2019s Corporation<\/p>\n<h2>10. Adapte seu curr\u00edculo e sua apresenta\u00e7\u00e3o<\/h2>\n<p>Adapte tanto seu curr\u00edculo quanto sua carta de apresenta\u00e7\u00e3o ao cargo. Isso significa que \u00e9 preciso ler as habilidades principais listadas no an\u00fancio de emprego e destacar as experi\u00eancias que sustentam sua capacidade de desempenhar a fun\u00e7\u00e3o. <strong>Um curr\u00edculo adaptado tamb\u00e9m pode causar uma impress\u00e3o muito positiva no recrutador<\/strong>, sinalizando seu interesse pelo cargo. \u2013 Niki Jorgensen, Insperity<\/p>\n<h2>11. Relacione suas habilidades ao cargo<\/h2>\n<p>Os candidatos precisam ler os an\u00fancios de emprego para ver como suas habilidades e conhecimentos se relacionam com as necessidades da empresa. Dessa forma, isso pode ser destacado em seus curr\u00edculos e cartas de apresenta\u00e7\u00e3o (se aplic\u00e1vel) e pode ser prontamente discutido durante as entrevistas. <strong>Encontrar as palavras-chave certas para o curr\u00edculo \u00e9 importante devido \u00e0 IA e aos programas que revisam curr\u00edculos<\/strong>. \u2013 Erin ImHof, CertiK<\/p>\n<h2>12. Prepare perguntas reflexivas<\/h2>\n<p>Destacar-se em uma entrevista muitas vezes significa mostrar habilidades interpessoais, como resili\u00eancia, resolu\u00e7\u00e3o de problemas, mentalidade de crescimento e comunica\u00e7\u00e3o, por meio de exemplos reais de realiza\u00e7\u00f5es passadas que se alinham com os objetivos da empresa. Os candidatos tamb\u00e9m podem causar uma forte impress\u00e3o preparando perguntas reflexivas que <strong>demonstrem seu conhecimento sobre a cultura da empresa e os desenvolvimentos recentes<\/strong>. \u2013 Tia Smith, Cognizant<\/p>\n<h2>13. Certifique-se de que suas redes sociais est\u00e3o atualizadas<\/h2>\n<p>Certifique-se de que seu LinkedIn e outros perfis profissionais nas redes sociais est\u00e3o atualizados e refletem sua persona profissional. <strong>Inclua publica\u00e7\u00f5es, projetos e outras realiza\u00e7\u00f5es profissionais que possam verificar suas capacidades e adequa\u00e7\u00e3o<\/strong>. \u2013 Britton Bloch, Navy Federal<\/p>\n<h2>14. Mostre iniciativas ao longo do processo<\/h2>\n<p>Os candidatos podem se destacar demonstrando habilidades interpessoais \u00fanicas, projetos pessoais relevantes e um forte entendimento dos desafios da empresa e das tend\u00eancias do setor. Enviar candidaturas personalizadas para cada cargo e mostrar iniciativa ao longo do processo de contrata\u00e7\u00e3o <strong>s\u00e3o estrat\u00e9gias chave para ser selecionado<\/strong>. \u2013 Laura Spawn, Virtual Vocations, Inc.<\/p>\n<h2>15. Lembre-se de ser voc\u00ea mesmo<\/h2>\n<p>Seja voc\u00ea mesmo. Ningu\u00e9m pode fazer isso t\u00e3o bem quanto voc\u00ea. E quanto mais voc\u00ea fizer isso, mais voc\u00ea se destacar\u00e1. Muitos far\u00e3o a pesquisa e perguntas reflexivas, mas <strong>s\u00f3 voc\u00ea pode ser voc\u00ea, e isso tem que ser seu segredo para o sucesso<\/strong>! \u2013 Dr. Lisa Toppin, Input to Action<\/p>\n<h2>16. Aproveite o recrutador para obter insights<\/h2>\n<p>Eu digo para se apoiar nos recrutadores para serem os recursos que eles s\u00e3o. Fa\u00e7a boas perguntas desde o in\u00edcio para ver o que os gerentes de contrata\u00e7\u00e3o est\u00e3o procurando e maneiras de mostrar suas habilidades para ser um candidato mais atraente. Esclare\u00e7a qualquer tarefa a ser realizada em casa.<strong> Aproveite essa conex\u00e3o com o recrutador como uma grande vis\u00e3o do processo de contrata\u00e7\u00e3o<\/strong>. \u2013 Ursula Mead, InHerSight<\/p>\n<h2>17. Use exemplos reais em vez de hipot\u00e9ticos<\/h2>\n<p>Crie exemplos personalizados para o cargo e a organiza\u00e7\u00e3o. Os candidatos podem se destacar fazendo a li\u00e7\u00e3o de casa; no entanto, essa li\u00e7\u00e3o de casa deve se traduzir em garantir que as respostas e exemplos sejam o mais personalizados poss\u00edvel para a organiza\u00e7\u00e3o contratante.<strong> \u00c9 muito mais envolvente e \u00fatil ter conversas sobre exemplos reais<\/strong> em vez de operar estritamente no \u00e2mbito dos hipot\u00e9ticos. \u2013 Jon Lowe, DailyPay<\/p>\n<h2>18. Mostre uma paix\u00e3o genu\u00edna pela miss\u00e3o da empresa<\/h2>\n<p>Pesquise a empresa e mostre uma paix\u00e3o genu\u00edna por sua miss\u00e3o. Pratique perguntas comuns de entrevista para o cargo. Use o m\u00e9todo STAR para destacar habilidades e experi\u00eancias relevantes. Fa\u00e7a perguntas que demonstrem seu interesse. <strong>Siga com uma nota de agradecimento personalizada reiterando seu interesse e qualifica\u00e7\u00f5es chave<\/strong>. \u2013 Subhash Chandar, Laminaar Aviation Infotech Group<\/p>\n<h2>19. Demonstre impactos que voc\u00ea teve em fun\u00e7\u00f5es anteriores<\/h2>\n<p>No mercado de trabalho, os candidatos podem se destacar demonstrando impactos tang\u00edveis que tiveram em fun\u00e7\u00f5es anteriores, adaptados especificamente aos desafios e oportunidades da empresa contratante. <strong>Narrativas eficazes em entrevistas<\/strong>, que mostram habilidades de resolu\u00e7\u00e3o de problemas e se alinham aos valores da empresa, <strong>ressoam com os gerentes de contrata\u00e7\u00e3o<\/strong>. \u2013 William Stonehouse, Crawford Thomas Recruiting<\/p>\n<ul>\n<li>\n<h4>Siga a <a href=\"https:\/\/whatsapp.com\/channel\/0029Va9gQKwBFLgM96cJnu0u&gt;\" target=\"_blank\" rel=\"noopener\">Forbes<\/a> no WhatsApp e receba as principais not\u00edcias sobre neg\u00f3cios, carreira, tecnologia e estilo de vida<\/h4>\n<\/li>\n<\/ul>\n<h2>20. Posicione-se como um ativo<\/h2>\n<p>Torne-se um estrategista de entrevistas. <strong>Fale a l\u00edngua deles<\/strong>; pesquise a empresa e seus concorrentes. Use as palavras-chave da companhia para mostrar que voc\u00ea entende seus objetivos. Quantifique seu impacto; n\u00e3o apenas liste habilidades. Use n\u00fameros e exemplos para mostrar resultados (por exemplo, aumentou as vendas em 20%). Seja uma arma estrat\u00e9gica; <strong>explique como sua marca pessoal supera a concorr\u00eancia<\/strong>. Isso o posiciona como um ativo, n\u00e3o apenas um candidato. \u2013 Michael D. Brown, Global Recruiters of Buckhead<\/p>\n<p><em>*Conselho de Recursos Humanos da Forbes<\/em><\/p>\n<\/div>\n<p><script type=\"rocketlazyloadscript\">\n\t\t\t\t(function(d, s, id){\n\t\t\t\t\tvar js, fjs = d.getElementsByTagName(s)[0];\n\t\t\t\t\tif (d.getElementById(id)) return;\n\t\t\t\t\tjs = d.createElement(s); js.id = id;\n\t\t\t\t\tjs.src = \"\/\/connect.facebook.net\/pt_BR\/sdk.js#xfbml=1&version=v2.9\";\n\t\t\t\t\tfjs.parentNode.insertBefore(js, fjs);\n\t\t\t\t}(document, 'script', 'facebook-jssdk'));\n\t\t\t<\/script><br \/>\n<br \/><br \/>\n<br \/><a href=\"https:\/\/forbes.com.br\/carreira\/2024\/07\/quer-ir-bem-na-entrevista-de-emprego-confira-como-se-destacar\/\">Source link <\/a><\/p>\n<div class='code-block code-block-4' style='margin: 8px auto 8px 0; text-align: left; display: block; clear: both;'>\n\ud83d\udce2 Aviso Legal\n\nO site ismaelcolosi.com.br atua apenas como um canal de divulga\u00e7\u00e3o de oportunidades de emprego e n\u00e3o se responsabiliza pelo processo seletivo, contrata\u00e7\u00e3o ou qualquer outra etapa relacionada \u00e0s vagas publicadas. Todas as informa\u00e7\u00f5es s\u00e3o de responsabilidade dos anunciantes.\n\n\u26a0\ufe0f Aten\u00e7\u00e3o! Nunca pague por promessas de emprego nem compre cursos que garantam contrata\u00e7\u00e3o. Desconfie de qualquer cobran\u00e7a para participar de sele\u00e7\u00f5es.\n\n\n\n<\/div>\n<!-- CONTENT END 1 -->\n","protected":false},"excerpt":{"rendered":"<p>Seu curr\u00edculo passou pelo software de recrutamento e voc\u00ea conseguiu uma entrevista para o emprego dos seus sonhos. Agora, voc\u00ea s\u00f3 precisa causar uma impress\u00e3o&#8230;<\/p>\n","protected":false},"author":1,"featured_media":55419,"comment_status":"open","ping_status":"open","sticky":false,"template":"","format":"standard","meta":{"_uag_custom_page_level_css":"","advanced_seo_description":"","jetpack_seo_html_title":"","jetpack_seo_noindex":false,"jetpack_post_was_ever_published":false,"_jetpack_newsletter_access":"","_jetpack_dont_email_post_to_subs":false,"_jetpack_newsletter_tier_id":0,"_jetpack_memberships_contains_paywalled_content":false,"_jetpack_memberships_contains_paid_content":false,"footnotes":"","jetpack_publicize_message":"","jetpack_publicize_feature_enabled":true,"jetpack_social_post_already_shared":true,"jetpack_social_options":{"image_generator_settings":{"template":"highway","default_image_id":0,"font":"","enabled":false},"version":2}},"categories":[1964],"tags":[],"class_list":["post-55418","post","type-post","status-publish","format-standard","has-post-thumbnail","hentry","category-carreira-e-sucesso-dicas-para-carreira"],"jetpack_publicize_connections":[],"jetpack_featured_media_url":"https:\/\/i0.wp.com\/ismaelcolosi.com.br\/wp-content\/uploads\/2024\/07\/carreira-entrevista-de-emprego-1024x683.jpg?fit=1024%2C683&ssl=1","uagb_featured_image_src":{"full":["https:\/\/i0.wp.com\/ismaelcolosi.com.br\/wp-content\/uploads\/2024\/07\/carreira-entrevista-de-emprego-1024x683.jpg?fit=1024%2C683&ssl=1",1024,683,false],"thumbnail":["https:\/\/i0.wp.com\/ismaelcolosi.com.br\/wp-content\/uploads\/2024\/07\/carreira-entrevista-de-emprego-1024x683.jpg?resize=150%2C150&ssl=1",150,150,true],"medium":["https:\/\/i0.wp.com\/ismaelcolosi.com.br\/wp-content\/uploads\/2024\/07\/carreira-entrevista-de-emprego-1024x683.jpg?fit=300%2C200&ssl=1",300,200,true],"medium_large":["https:\/\/i0.wp.com\/ismaelcolosi.com.br\/wp-content\/uploads\/2024\/07\/carreira-entrevista-de-emprego-1024x683.jpg?fit=768%2C512&ssl=1",768,512,true],"large":["https:\/\/i0.wp.com\/ismaelcolosi.com.br\/wp-content\/uploads\/2024\/07\/carreira-entrevista-de-emprego-1024x683.jpg?fit=1024%2C683&ssl=1",1024,683,true],"1536x1536":["https:\/\/i0.wp.com\/ismaelcolosi.com.br\/wp-content\/uploads\/2024\/07\/carreira-entrevista-de-emprego-1024x683.jpg?fit=1024%2C683&ssl=1",1024,683,true],"2048x2048":["https:\/\/i0.wp.com\/ismaelcolosi.com.br\/wp-content\/uploads\/2024\/07\/carreira-entrevista-de-emprego-1024x683.jpg?fit=1024%2C683&ssl=1",1024,683,true],"really-simple-thumb":["https:\/\/i0.wp.com\/ismaelcolosi.com.br\/wp-content\/uploads\/2024\/07\/carreira-entrevista-de-emprego-1024x683.jpg?resize=370%2C247&ssl=1",370,247,true]},"uagb_author_info":{"display_name":"ismaelcolosi.com.br","author_link":"https:\/\/ismaelcolosi.com.br\/index.php\/author\/vidareal-online\/"},"uagb_comment_info":0,"uagb_excerpt":"Seu curr\u00edculo passou pelo software de recrutamento e voc\u00ea conseguiu uma entrevista para o emprego dos seus sonhos. Agora, voc\u00ea s\u00f3 precisa causar uma impress\u00e3o...","jetpack-related-posts":[{"id":58988,"url":"https:\/\/ismaelcolosi.com.br\/index.php\/2024\/08\/05\/saiba-como-se-apresentar-em-uma-entrevista-de-emprego\/","url_meta":{"origin":55418,"position":0},"title":"Saiba como se apresentar em uma entrevista de emprego","author":"ismaelcolosi.com.br","date":"5 de August de 2024","format":false,"excerpt":"Para perder a ansiedade e mandar bem no processo seletivo, uma etapa importante \u00e9 saber como se apresentar em uma entrevista de emprego. Por isso, selecionamos algumas estrat\u00e9gias para voc\u00ea se sentir mais confort\u00e1vel e preparado para esse momento decisivo na busca por uma vaga de emprego. Continue a leitura\u2026","rel":"","context":"In &quot;Carreira e Sucesso&quot;","block_context":{"text":"Carreira e Sucesso","link":"https:\/\/ismaelcolosi.com.br\/index.php\/category\/carreira-e-sucesso-dicas-para-carreira\/"},"img":{"alt_text":"","src":"https:\/\/i0.wp.com\/ismaelcolosi.com.br\/wp-content\/uploads\/2024\/08\/Como-se-apresentar-em-uma-entrevista-de-emprego.png?fit=1200%2C675&ssl=1&resize=350%2C200","width":350,"height":200,"srcset":"https:\/\/i0.wp.com\/ismaelcolosi.com.br\/wp-content\/uploads\/2024\/08\/Como-se-apresentar-em-uma-entrevista-de-emprego.png?fit=1200%2C675&ssl=1&resize=350%2C200 1x, https:\/\/i0.wp.com\/ismaelcolosi.com.br\/wp-content\/uploads\/2024\/08\/Como-se-apresentar-em-uma-entrevista-de-emprego.png?fit=1200%2C675&ssl=1&resize=525%2C300 1.5x, https:\/\/i0.wp.com\/ismaelcolosi.com.br\/wp-content\/uploads\/2024\/08\/Como-se-apresentar-em-uma-entrevista-de-emprego.png?fit=1200%2C675&ssl=1&resize=700%2C400 2x, https:\/\/i0.wp.com\/ismaelcolosi.com.br\/wp-content\/uploads\/2024\/08\/Como-se-apresentar-em-uma-entrevista-de-emprego.png?fit=1200%2C675&ssl=1&resize=1050%2C600 3x"},"classes":[]},{"id":64780,"url":"https:\/\/ismaelcolosi.com.br\/index.php\/2024\/09\/09\/dicas-de-curriculo-e-entrevista-emprego\/","url_meta":{"origin":55418,"position":1},"title":"dicas de curr\u00edculo e entrevista- emprego","author":"ismaelcolosi.com.br","date":"9 de September de 2024","format":false,"excerpt":"Construir um curr\u00edculo eficaz e se preparar para a entrevista de emprego s\u00e3o etapas fundamentais para conquistar uma oportunidade de trabalho, por\u00e9m podem gerar muitas d\u00favidas, especialmente para quem busca o seu primeiro emprego. Neste artigo, abordaremos dicas valiosas para aprimorar seu curr\u00edculo e aumentar suas chances de se destacar\u2026","rel":"","context":"In &quot;Carreira e Sucesso&quot;","block_context":{"text":"Carreira e Sucesso","link":"https:\/\/ismaelcolosi.com.br\/index.php\/category\/carreira-e-sucesso-dicas-para-carreira\/"},"img":{"alt_text":"","src":"https:\/\/i0.wp.com\/ismaelcolosi.com.br\/wp-content\/uploads\/2024\/09\/CATHO0001CR015-BLOG2_V1.png?fit=1200%2C627&ssl=1&resize=350%2C200","width":350,"height":200,"srcset":"https:\/\/i0.wp.com\/ismaelcolosi.com.br\/wp-content\/uploads\/2024\/09\/CATHO0001CR015-BLOG2_V1.png?fit=1200%2C627&ssl=1&resize=350%2C200 1x, https:\/\/i0.wp.com\/ismaelcolosi.com.br\/wp-content\/uploads\/2024\/09\/CATHO0001CR015-BLOG2_V1.png?fit=1200%2C627&ssl=1&resize=525%2C300 1.5x, https:\/\/i0.wp.com\/ismaelcolosi.com.br\/wp-content\/uploads\/2024\/09\/CATHO0001CR015-BLOG2_V1.png?fit=1200%2C627&ssl=1&resize=700%2C400 2x, https:\/\/i0.wp.com\/ismaelcolosi.com.br\/wp-content\/uploads\/2024\/09\/CATHO0001CR015-BLOG2_V1.png?fit=1200%2C627&ssl=1&resize=1050%2C600 3x"},"classes":[]},{"id":64857,"url":"https:\/\/ismaelcolosi.com.br\/index.php\/2024\/09\/09\/dicas-de-curriculo-e-entrevista-emprego-2\/","url_meta":{"origin":55418,"position":2},"title":"dicas de curr\u00edculo e entrevista- emprego","author":"ismaelcolosi.com.br","date":"9 de September de 2024","format":false,"excerpt":"Construir um curr\u00edculo eficaz e se preparar para a entrevista de emprego s\u00e3o etapas fundamentais para conquistar uma oportunidade de trabalho, por\u00e9m podem gerar muitas d\u00favidas, especialmente para quem busca o seu primeiro emprego. Neste artigo, abordaremos dicas valiosas para aprimorar seu curr\u00edculo e aumentar suas chances de se destacar\u2026","rel":"","context":"In &quot;Carreira e Sucesso&quot;","block_context":{"text":"Carreira e Sucesso","link":"https:\/\/ismaelcolosi.com.br\/index.php\/category\/carreira-e-sucesso-dicas-para-carreira\/"},"img":{"alt_text":"","src":"https:\/\/i0.wp.com\/ismaelcolosi.com.br\/wp-content\/uploads\/2024\/09\/1725910063_CATHO0001CR015-BLOG2_V1.png?fit=1200%2C627&ssl=1&resize=350%2C200","width":350,"height":200,"srcset":"https:\/\/i0.wp.com\/ismaelcolosi.com.br\/wp-content\/uploads\/2024\/09\/1725910063_CATHO0001CR015-BLOG2_V1.png?fit=1200%2C627&ssl=1&resize=350%2C200 1x, https:\/\/i0.wp.com\/ismaelcolosi.com.br\/wp-content\/uploads\/2024\/09\/1725910063_CATHO0001CR015-BLOG2_V1.png?fit=1200%2C627&ssl=1&resize=525%2C300 1.5x, https:\/\/i0.wp.com\/ismaelcolosi.com.br\/wp-content\/uploads\/2024\/09\/1725910063_CATHO0001CR015-BLOG2_V1.png?fit=1200%2C627&ssl=1&resize=700%2C400 2x, https:\/\/i0.wp.com\/ismaelcolosi.com.br\/wp-content\/uploads\/2024\/09\/1725910063_CATHO0001CR015-BLOG2_V1.png?fit=1200%2C627&ssl=1&resize=1050%2C600 3x"},"classes":[]},{"id":47204,"url":"https:\/\/ismaelcolosi.com.br\/index.php\/2024\/04\/25\/saiba-o-porque-voce-nao-e-chamado-para-entrevista-de-emprego\/","url_meta":{"origin":55418,"position":3},"title":"Saiba o porqu\u00ea voc\u00ea n\u00e3o \u00e9 chamado para entrevista de emprego","author":"ismaelcolosi.com.br","date":"25 de April de 2024","format":false,"excerpt":"A busca por um novo cargo pode ser cansativa e, em alguns casos, frustrante. Muitas pessoas se questionam \u201cPor que n\u00e3o sou chamado para\u00a0uma entrevista de emprego?\u201d\u00a0e a falta de feedbacks claros potencializa essa ang\u00fastia. Para auxiliar voc\u00ea nessa jornada, o artigo a seguir explica\u00a0quais s\u00e3o os motivos mais comuns\u2026","rel":"","context":"In &quot;Carreira e Sucesso&quot;","block_context":{"text":"Carreira e Sucesso","link":"https:\/\/ismaelcolosi.com.br\/index.php\/category\/carreira-e-sucesso-dicas-para-carreira\/"},"img":{"alt_text":"","src":"https:\/\/i0.wp.com\/ismaelcolosi.com.br\/wp-content\/uploads\/2024\/04\/Por-que-nao-sou-chamado.png?fit=1201%2C628&ssl=1&resize=350%2C200","width":350,"height":200,"srcset":"https:\/\/i0.wp.com\/ismaelcolosi.com.br\/wp-content\/uploads\/2024\/04\/Por-que-nao-sou-chamado.png?fit=1201%2C628&ssl=1&resize=350%2C200 1x, https:\/\/i0.wp.com\/ismaelcolosi.com.br\/wp-content\/uploads\/2024\/04\/Por-que-nao-sou-chamado.png?fit=1201%2C628&ssl=1&resize=525%2C300 1.5x, https:\/\/i0.wp.com\/ismaelcolosi.com.br\/wp-content\/uploads\/2024\/04\/Por-que-nao-sou-chamado.png?fit=1201%2C628&ssl=1&resize=700%2C400 2x, https:\/\/i0.wp.com\/ismaelcolosi.com.br\/wp-content\/uploads\/2024\/04\/Por-que-nao-sou-chamado.png?fit=1201%2C628&ssl=1&resize=1050%2C600 3x"},"classes":[]},{"id":37154,"url":"https:\/\/ismaelcolosi.com.br\/index.php\/2024\/02\/14\/o-que-responder-em-uma-entrevista-de-emprego-sobre-o-futuro\/","url_meta":{"origin":55418,"position":4},"title":"O que responder em uma entrevista de emprego sobre o futuro","author":"ismaelcolosi.com.br","date":"14 de February de 2024","format":false,"excerpt":"O que responder em uma entrevista de emprego? Essa d\u00favida \u00e9 muito comum a quem participa de processos seletivos. Afinal, existem diversas perguntas para as quais, se voc\u00ea n\u00e3o estiver preparado, n\u00e3o conseguir\u00e1 se destacar e conquistar a t\u00e3o sonhada vaga. Um dos questionamentos cruciais da entrevista \u00e9 a famosa:\u2026","rel":"","context":"In &quot;Carreira e Sucesso&quot;","block_context":{"text":"Carreira e Sucesso","link":"https:\/\/ismaelcolosi.com.br\/index.php\/category\/carreira-e-sucesso-dicas-para-carreira\/"},"img":{"alt_text":"","src":"https:\/\/i0.wp.com\/ismaelcolosi.com.br\/wp-content\/uploads\/2024\/02\/o-que-responder-em-uma-entrevista-de-emprego.jpg?fit=1200%2C675&ssl=1&resize=350%2C200","width":350,"height":200,"srcset":"https:\/\/i0.wp.com\/ismaelcolosi.com.br\/wp-content\/uploads\/2024\/02\/o-que-responder-em-uma-entrevista-de-emprego.jpg?fit=1200%2C675&ssl=1&resize=350%2C200 1x, https:\/\/i0.wp.com\/ismaelcolosi.com.br\/wp-content\/uploads\/2024\/02\/o-que-responder-em-uma-entrevista-de-emprego.jpg?fit=1200%2C675&ssl=1&resize=525%2C300 1.5x, https:\/\/i0.wp.com\/ismaelcolosi.com.br\/wp-content\/uploads\/2024\/02\/o-que-responder-em-uma-entrevista-de-emprego.jpg?fit=1200%2C675&ssl=1&resize=700%2C400 2x, https:\/\/i0.wp.com\/ismaelcolosi.com.br\/wp-content\/uploads\/2024\/02\/o-que-responder-em-uma-entrevista-de-emprego.jpg?fit=1200%2C675&ssl=1&resize=1050%2C600 3x"},"classes":[]},{"id":49101,"url":"https:\/\/ismaelcolosi.com.br\/index.php\/2024\/05\/08\/descubra-tudo-o-que-voce-precisa-saber\/","url_meta":{"origin":55418,"position":5},"title":"descubra tudo o que voc\u00ea precisa saber","author":"ismaelcolosi.com.br","date":"8 de May de 2024","format":false,"excerpt":"Ao longo do processo de recrutamento para uma vaga, o candidato passa por v\u00e1rias etapas: s\u00e3o testes, avalia\u00e7\u00f5es, conversas com o RH at\u00e9 chegar \u00e0 t\u00e3o temida entrevista com o gestor. Mas saiba que ela n\u00e3o tem nada de assustadora e a chave do sucesso \u00e9 se preparar. Desapegue da\u2026","rel":"","context":"In &quot;Carreira e Sucesso&quot;","block_context":{"text":"Carreira e Sucesso","link":"https:\/\/ismaelcolosi.com.br\/index.php\/category\/carreira-e-sucesso-dicas-para-carreira\/"},"img":{"alt_text":"","src":"https:\/\/i0.wp.com\/ismaelcolosi.com.br\/wp-content\/uploads\/2024\/05\/Entrevista-com-o-gestor.png?fit=1200%2C627&ssl=1&resize=350%2C200","width":350,"height":200,"srcset":"https:\/\/i0.wp.com\/ismaelcolosi.com.br\/wp-content\/uploads\/2024\/05\/Entrevista-com-o-gestor.png?fit=1200%2C627&ssl=1&resize=350%2C200 1x, https:\/\/i0.wp.com\/ismaelcolosi.com.br\/wp-content\/uploads\/2024\/05\/Entrevista-com-o-gestor.png?fit=1200%2C627&ssl=1&resize=525%2C300 1.5x, https:\/\/i0.wp.com\/ismaelcolosi.com.br\/wp-content\/uploads\/2024\/05\/Entrevista-com-o-gestor.png?fit=1200%2C627&ssl=1&resize=700%2C400 2x, https:\/\/i0.wp.com\/ismaelcolosi.com.br\/wp-content\/uploads\/2024\/05\/Entrevista-com-o-gestor.png?fit=1200%2C627&ssl=1&resize=1050%2C600 3x"},"classes":[]}],"jetpack_sharing_enabled":true,"jetpack_shortlink":"https:\/\/wp.me\/pfMlyK-epQ","_links":{"self":[{"href":"https:\/\/ismaelcolosi.com.br\/index.php\/wp-json\/wp\/v2\/posts\/55418","targetHints":{"allow":["GET"]}}],"collection":[{"href":"https:\/\/ismaelcolosi.com.br\/index.php\/wp-json\/wp\/v2\/posts"}],"about":[{"href":"https:\/\/ismaelcolosi.com.br\/index.php\/wp-json\/wp\/v2\/types\/post"}],"author":[{"embeddable":true,"href":"https:\/\/ismaelcolosi.com.br\/index.php\/wp-json\/wp\/v2\/users\/1"}],"replies":[{"embeddable":true,"href":"https:\/\/ismaelcolosi.com.br\/index.php\/wp-json\/wp\/v2\/comments?post=55418"}],"version-history":[{"count":0,"href":"https:\/\/ismaelcolosi.com.br\/index.php\/wp-json\/wp\/v2\/posts\/55418\/revisions"}],"wp:featuredmedia":[{"embeddable":true,"href":"https:\/\/ismaelcolosi.com.br\/index.php\/wp-json\/wp\/v2\/media\/55419"}],"wp:attachment":[{"href":"https:\/\/ismaelcolosi.com.br\/index.php\/wp-json\/wp\/v2\/media?parent=55418"}],"wp:term":[{"taxonomy":"category","embeddable":true,"href":"https:\/\/ismaelcolosi.com.br\/index.php\/wp-json\/wp\/v2\/categories?post=55418"},{"taxonomy":"post_tag","embeddable":true,"href":"https:\/\/ismaelcolosi.com.br\/index.php\/wp-json\/wp\/v2\/tags?post=55418"}],"curies":[{"name":"wp","href":"https:\/\/api.w.org\/{rel}","templated":true}]}}