{"id":55408,"date":"2024-07-02T22:48:31","date_gmt":"2024-07-03T01:48:31","guid":{"rendered":"https:\/\/ismaelcolosi.com.br\/index.php\/2024\/07\/02\/botafogo-empata-com-o-barretos-sem-gols-pela-terceira-rodada-da-copa-paulista\/"},"modified":"2024-07-02T22:48:31","modified_gmt":"2024-07-03T01:48:31","slug":"botafogo-empata-com-o-barretos-sem-gols-pela-terceira-rodada-da-copa-paulista","status":"publish","type":"post","link":"https:\/\/ismaelcolosi.com.br\/index.php\/2024\/07\/02\/botafogo-empata-com-o-barretos-sem-gols-pela-terceira-rodada-da-copa-paulista\/","title":{"rendered":"Botafogo empata com o Barretos sem gols pela terceira rodada da Copa Paulista"},"content":{"rendered":"<p> <br \/>\n<\/p>\n<div data-td-block-uid=\"tdi_106\">\n<div class=\"tdb-block-inner td-fix-index\">\n<p>O <strong>Botafogo <\/strong>e o <strong>Barretos <\/strong>empataram em 0 a 0 na noite desta ter\u00e7a-feira (2), em partida realizada no est\u00e1dio Fortaleza, em Barretos, pela <strong>terceira rodada da Copa Paulista<\/strong>.<\/p>\n<p>No primeiro jogo, o <strong>Pantera perdeu para o Atl\u00e9tico Monte Azul<\/strong> por 2 a 0, em <strong>Ribeir\u00e3o Preto<\/strong>.<mark style=\"background-color:#fcb900\" class=\"has-inline-color\"> Portanto, com o resultado o <strong>Tricolor <\/strong>\u00e9 o <strong>lanterna do grupo B<\/strong> em tem um ponto na competi\u00e7\u00e3o.<\/mark><\/p>\n<p><strong>Barretos <\/strong>soma o seu segundo ponto. Na chave, o <strong>Francana lidera o ranking com cinco pontos<\/strong>. Na sequ\u00eancia est\u00e3o o Monte Azul, com quatro, e o Comercial, com dois.<\/p>\n<p>O pr\u00f3ximo jogo do <strong>Botafogo <\/strong>acontece no domingo (7), contra o <strong>Ituano <\/strong>pela <strong>S\u00e9rie B do Brasileiro<\/strong>. A partida acontece \u00e0s 16h, no Est\u00e1dio Novelli J\u00fanior, em Itu.<\/p>\n<h4 class=\"wp-block-heading\"><strong>Come-fogo vem a\u00ed<\/strong><\/h4>\n<p>O <strong>Botafogo <\/strong>faz o cl\u00e1ssico com o <strong>Comercial <\/strong>na pr\u00f3xima rodada da <strong>Copa Paulista<\/strong>, que ser\u00e1 realizada no dia 9 de julho, \u00e0s 19h, no est\u00e1dio Santa Cruz, em <strong>Ribeir\u00e3o Preto<\/strong>.<\/p>\n<hr class=\"wp-block-separator has-alpha-channel-opacity\"\/>\n<p>SAIBA MAIS<\/p>\n<p>Apostas do interior de SP s\u00e3o premiadas na Mega-Sena; Veja os n\u00fameros sorteados<\/p>\n<h4 class=\"wp-block-heading\"><strong>FIQUE ON<\/strong><\/h4>\n<p>Fique ligado em tudo que acontece em Ribeir\u00e3o Preto e regi\u00e3o. Siga os perfis do\u00a0<strong>acidade on<\/strong>\u00a0no<a href=\"https:\/\/www.instagram.com\/acidadeonribeirao\" target=\"_blank\" rel=\"noreferrer noopener\">\u00a0Instagram<\/a>\u00a0e no\u00a0<a href=\"https:\/\/www.facebook.com\/acidadeonribeirao\/\" target=\"_blank\" rel=\"noreferrer noopener\">Facebook<\/a>.<\/p>\n<p>Receba not\u00edcias do\u00a0<strong>acidade on<\/strong>\u00a0no WhatsApp.<a href=\"https:\/\/chat.whatsapp.com\/CdrZ6xrf7quD44Vw3WlPuZ\" target=\"_blank\" rel=\"noreferrer noopener\">\u00a0Para entrar no grupo, basta clicar aqui.<\/a><\/p>\n<p>Fa\u00e7a uma den\u00fancia ou sugira uma reportagem sobre Ribeir\u00e3o Preto e regi\u00e3o pelo WhatsApp: 16 99117 7802.<\/p>\n<p>VEJA TAMB\u00c9M<\/p>\n<p>Quem j\u00e1 morreu de \u201cA Pra\u00e7a \u00e9 Nossa\u201d?<\/p>\n<p><!-- AI CONTENT END 1 -->\n<\/div>\n<\/div>\n<p><script async src=\"\/\/www.instagram.com\/embed.js\"><\/script><br \/>\n<br \/><br \/>\n<br \/><a href=\"https:\/\/www.acidadeon.com\/ribeiraopreto\/esportes\/botafogo-empata-com-o-barretos-sem-gols-pela-terceira-rodada-da-copa-paulista\/\">Source link <\/a><\/p>\n<div class='code-block code-block-4' style='margin: 8px auto 8px 0; text-align: left; display: block; clear: both;'>\n\ud83d\udce2 Aviso Legal\n\nO site ismaelcolosi.com.br atua apenas como um canal de divulga\u00e7\u00e3o de oportunidades de emprego e n\u00e3o se responsabiliza pelo processo seletivo, contrata\u00e7\u00e3o ou qualquer outra etapa relacionada \u00e0s vagas publicadas. Todas as informa\u00e7\u00f5es s\u00e3o de responsabilidade dos anunciantes.\n\n\u26a0\ufe0f Aten\u00e7\u00e3o! Nunca pague por promessas de emprego nem compre cursos que garantam contrata\u00e7\u00e3o. Desconfie de qualquer cobran\u00e7a para participar de sele\u00e7\u00f5es.\n\n\n\n<\/div>\n<!-- CONTENT END 1 -->\n","protected":false},"excerpt":{"rendered":"<p>O Botafogo e o Barretos empataram em 0 a 0 na noite desta ter\u00e7a-feira (2), em partida realizada no est\u00e1dio Fortaleza, em Barretos, pela terceira&#8230;<\/p>\n","protected":false},"author":1,"featured_media":55409,"comment_status":"open","ping_status":"open","sticky":false,"template":"","format":"standard","meta":{"_uag_custom_page_level_css":"","advanced_seo_description":"","jetpack_seo_html_title":"","jetpack_seo_noindex":false,"jetpack_post_was_ever_published":false,"_jetpack_newsletter_access":"","_jetpack_dont_email_post_to_subs":false,"_jetpack_newsletter_tier_id":0,"_jetpack_memberships_contains_paywalled_content":false,"_jetpack_memberships_contains_paid_content":false,"footnotes":"","jetpack_publicize_message":"","jetpack_publicize_feature_enabled":true,"jetpack_social_post_already_shared":true,"jetpack_social_options":{"image_generator_settings":{"template":"highway","default_image_id":0,"font":"","enabled":false},"version":2}},"categories":[11],"tags":[],"class_list":["post-55408","post","type-post","status-publish","format-standard","has-post-thumbnail","hentry","category-noticias-de-ribeirao-preto-sp-e-regiao-ismael-colosi"],"jetpack_publicize_connections":[],"jetpack_featured_media_url":"https:\/\/i0.wp.com\/ismaelcolosi.com.br\/wp-content\/uploads\/2024\/07\/WhatsApp-Image-2024-07-02-at-21.19.05_2024-07-03_01-19-58_jpeg_2024-07-03_01-19-59.webp.webp?fit=1600%2C1066&ssl=1","uagb_featured_image_src":{"full":["https:\/\/i0.wp.com\/ismaelcolosi.com.br\/wp-content\/uploads\/2024\/07\/WhatsApp-Image-2024-07-02-at-21.19.05_2024-07-03_01-19-58_jpeg_2024-07-03_01-19-59.webp.webp?fit=1600%2C1066&ssl=1",1600,1066,false],"thumbnail":["https:\/\/i0.wp.com\/ismaelcolosi.com.br\/wp-content\/uploads\/2024\/07\/WhatsApp-Image-2024-07-02-at-21.19.05_2024-07-03_01-19-58_jpeg_2024-07-03_01-19-59.webp.webp?resize=150%2C150&ssl=1",150,150,true],"medium":["https:\/\/i0.wp.com\/ismaelcolosi.com.br\/wp-content\/uploads\/2024\/07\/WhatsApp-Image-2024-07-02-at-21.19.05_2024-07-03_01-19-58_jpeg_2024-07-03_01-19-59.webp.webp?fit=300%2C200&ssl=1",300,200,true],"medium_large":["https:\/\/i0.wp.com\/ismaelcolosi.com.br\/wp-content\/uploads\/2024\/07\/WhatsApp-Image-2024-07-02-at-21.19.05_2024-07-03_01-19-58_jpeg_2024-07-03_01-19-59.webp.webp?fit=768%2C512&ssl=1",768,512,true],"large":["https:\/\/i0.wp.com\/ismaelcolosi.com.br\/wp-content\/uploads\/2024\/07\/WhatsApp-Image-2024-07-02-at-21.19.05_2024-07-03_01-19-58_jpeg_2024-07-03_01-19-59.webp.webp?fit=1024%2C682&ssl=1",1024,682,true],"1536x1536":["https:\/\/i0.wp.com\/ismaelcolosi.com.br\/wp-content\/uploads\/2024\/07\/WhatsApp-Image-2024-07-02-at-21.19.05_2024-07-03_01-19-58_jpeg_2024-07-03_01-19-59.webp.webp?fit=1536%2C1023&ssl=1",1536,1023,true],"2048x2048":["https:\/\/i0.wp.com\/ismaelcolosi.com.br\/wp-content\/uploads\/2024\/07\/WhatsApp-Image-2024-07-02-at-21.19.05_2024-07-03_01-19-58_jpeg_2024-07-03_01-19-59.webp.webp?fit=1600%2C1066&ssl=1",1600,1066,true],"really-simple-thumb":["https:\/\/i0.wp.com\/ismaelcolosi.com.br\/wp-content\/uploads\/2024\/07\/WhatsApp-Image-2024-07-02-at-21.19.05_2024-07-03_01-19-58_jpeg_2024-07-03_01-19-59.webp.webp?resize=370%2C247&ssl=1",370,247,true]},"uagb_author_info":{"display_name":"ismaelcolosi.com.br","author_link":"https:\/\/ismaelcolosi.com.br\/index.php\/author\/vidareal-online\/"},"uagb_comment_info":0,"uagb_excerpt":"O Botafogo e o Barretos empataram em 0 a 0 na noite desta ter\u00e7a-feira (2), em partida realizada no est\u00e1dio Fortaleza, em Barretos, pela terceira...","jetpack-related-posts":[{"id":58113,"url":"https:\/\/ismaelcolosi.com.br\/index.php\/2024\/07\/27\/botafogo-perde-para-o-monte-azul-na-copa-paulista-em-jogo-fora-de-ribeirao-preto\/","url_meta":{"origin":55408,"position":0},"title":"Botafogo perde para o Monte Azul na Copa Paulista em jogo fora de Ribeir\u00e3o Preto","author":"ismaelcolosi.com.br","date":"27 de July de 2024","format":false,"excerpt":"O Botafogo perdeu mais uma partida fora de casa. Desta vez, a derrota foi contra o Monte Azul, por 2 a 1, pela s\u00e9tima rodada da Copa Paulista, na tarde deste s\u00e1bado (27), no est\u00e1dio Otac\u00edlia Patr\u00edcio Arroyo em Monte Azul Paulista, na regi\u00e3o de Ribeir\u00e3o Preto. No primeiro tempo,\u2026","rel":"","context":"In &quot;Not\u00edcias de Ribeir\u00e3o Preto-SP e Regi\u00e3o&quot;","block_context":{"text":"Not\u00edcias de Ribeir\u00e3o Preto-SP e Regi\u00e3o","link":"https:\/\/ismaelcolosi.com.br\/index.php\/category\/noticias-de-ribeirao-preto-sp-e-regiao-ismael-colosi\/"},"img":{"alt_text":"","src":"https:\/\/i0.wp.com\/ismaelcolosi.com.br\/wp-content\/uploads\/2024\/07\/Copia-de-Copia-de-TAMANHO-EXATO-PARA-FOTOS-NO-SISTEMA-NOVO-6_2024-07-27_20-14-34_jpg_2024-07-27_20-14-34.webp.webp?fit=1200%2C675&ssl=1&resize=350%2C200","width":350,"height":200,"srcset":"https:\/\/i0.wp.com\/ismaelcolosi.com.br\/wp-content\/uploads\/2024\/07\/Copia-de-Copia-de-TAMANHO-EXATO-PARA-FOTOS-NO-SISTEMA-NOVO-6_2024-07-27_20-14-34_jpg_2024-07-27_20-14-34.webp.webp?fit=1200%2C675&ssl=1&resize=350%2C200 1x, https:\/\/i0.wp.com\/ismaelcolosi.com.br\/wp-content\/uploads\/2024\/07\/Copia-de-Copia-de-TAMANHO-EXATO-PARA-FOTOS-NO-SISTEMA-NOVO-6_2024-07-27_20-14-34_jpg_2024-07-27_20-14-34.webp.webp?fit=1200%2C675&ssl=1&resize=525%2C300 1.5x, https:\/\/i0.wp.com\/ismaelcolosi.com.br\/wp-content\/uploads\/2024\/07\/Copia-de-Copia-de-TAMANHO-EXATO-PARA-FOTOS-NO-SISTEMA-NOVO-6_2024-07-27_20-14-34_jpg_2024-07-27_20-14-34.webp.webp?fit=1200%2C675&ssl=1&resize=700%2C400 2x, https:\/\/i0.wp.com\/ismaelcolosi.com.br\/wp-content\/uploads\/2024\/07\/Copia-de-Copia-de-TAMANHO-EXATO-PARA-FOTOS-NO-SISTEMA-NOVO-6_2024-07-27_20-14-34_jpg_2024-07-27_20-14-34.webp.webp?fit=1200%2C675&ssl=1&resize=1050%2C600 3x"},"classes":[]},{"id":54403,"url":"https:\/\/ismaelcolosi.com.br\/index.php\/2024\/06\/25\/botafogo-inicia-copa-paulista-com-derrota-para-o-monte-azul-em-ribeirao-preto\/","url_meta":{"origin":55408,"position":1},"title":"Botafogo inicia Copa Paulista com derrota para o Monte Azul em Ribeir\u00e3o Preto","author":"ismaelcolosi.com.br","date":"25 de June de 2024","format":false,"excerpt":"O Botafogo perdeu para o Atl\u00e9tico Monte Azul por 2 a 0 na noite desta segunda-feira (24), no est\u00e1dio Santa Cruz, em Ribeir\u00e3o Preto. O jogo marcou a estreia do Pantera pelo Grupo 2 da Copa Paulista. O resultado deixou o Monte Azul na lideran\u00e7a da chave ao lado da\u2026","rel":"","context":"In &quot;Not\u00edcias de Ribeir\u00e3o Preto-SP e Regi\u00e3o&quot;","block_context":{"text":"Not\u00edcias de Ribeir\u00e3o Preto-SP e Regi\u00e3o","link":"https:\/\/ismaelcolosi.com.br\/index.php\/category\/noticias-de-ribeirao-preto-sp-e-regiao-ismael-colosi\/"},"img":{"alt_text":"","src":"https:\/\/i0.wp.com\/ismaelcolosi.com.br\/wp-content\/uploads\/2024\/06\/WhatsApp-Image-2024-06-25-at-07.29.12_2024-06-25_10-54-07_jpeg_2024-06-25_10-54-07.webp.webp?fit=1200%2C800&ssl=1&resize=350%2C200","width":350,"height":200,"srcset":"https:\/\/i0.wp.com\/ismaelcolosi.com.br\/wp-content\/uploads\/2024\/06\/WhatsApp-Image-2024-06-25-at-07.29.12_2024-06-25_10-54-07_jpeg_2024-06-25_10-54-07.webp.webp?fit=1200%2C800&ssl=1&resize=350%2C200 1x, https:\/\/i0.wp.com\/ismaelcolosi.com.br\/wp-content\/uploads\/2024\/06\/WhatsApp-Image-2024-06-25-at-07.29.12_2024-06-25_10-54-07_jpeg_2024-06-25_10-54-07.webp.webp?fit=1200%2C800&ssl=1&resize=525%2C300 1.5x, https:\/\/i0.wp.com\/ismaelcolosi.com.br\/wp-content\/uploads\/2024\/06\/WhatsApp-Image-2024-06-25-at-07.29.12_2024-06-25_10-54-07_jpeg_2024-06-25_10-54-07.webp.webp?fit=1200%2C800&ssl=1&resize=700%2C400 2x, https:\/\/i0.wp.com\/ismaelcolosi.com.br\/wp-content\/uploads\/2024\/06\/WhatsApp-Image-2024-06-25-at-07.29.12_2024-06-25_10-54-07_jpeg_2024-06-25_10-54-07.webp.webp?fit=1200%2C800&ssl=1&resize=1050%2C600 3x"},"classes":[]},{"id":59089,"url":"https:\/\/ismaelcolosi.com.br\/index.php\/2024\/08\/06\/botafogo-vence-barretos-antes-do-classico-come-fogo-em-ribeirao-preto\/","url_meta":{"origin":55408,"position":2},"title":"Botafogo vence Barretos antes do cl\u00e1ssico Come-Fogo em Ribeir\u00e3o Preto","author":"ismaelcolosi.com.br","date":"6 de August de 2024","format":false,"excerpt":"Com um gol marcado pelo lateral esquerdo Jean Victor, o Botafogo venceu o Barretos por 1 a 0, nesta segunda-feira (5), pela oitava rodada da Copa Paulista. A partida aconteceu no est\u00e1dio Santa Cruz\/Arena Nicnet, em Ribeir\u00e3o Preto. O gol marcado pelo camisa seis ocorreu em cobran\u00e7a de p\u00eanalti, aos\u2026","rel":"","context":"In &quot;Not\u00edcias de Ribeir\u00e3o Preto-SP e Regi\u00e3o&quot;","block_context":{"text":"Not\u00edcias de Ribeir\u00e3o Preto-SP e Regi\u00e3o","link":"https:\/\/ismaelcolosi.com.br\/index.php\/category\/noticias-de-ribeirao-preto-sp-e-regiao-ismael-colosi\/"},"img":{"alt_text":"","src":"https:\/\/i0.wp.com\/ismaelcolosi.com.br\/wp-content\/uploads\/2024\/08\/botafogo-barretos_2024-08-06_10-44-53_jpg_2024-08-06_10-44-53.webp.webp?fit=1200%2C799&ssl=1&resize=350%2C200","width":350,"height":200,"srcset":"https:\/\/i0.wp.com\/ismaelcolosi.com.br\/wp-content\/uploads\/2024\/08\/botafogo-barretos_2024-08-06_10-44-53_jpg_2024-08-06_10-44-53.webp.webp?fit=1200%2C799&ssl=1&resize=350%2C200 1x, https:\/\/i0.wp.com\/ismaelcolosi.com.br\/wp-content\/uploads\/2024\/08\/botafogo-barretos_2024-08-06_10-44-53_jpg_2024-08-06_10-44-53.webp.webp?fit=1200%2C799&ssl=1&resize=525%2C300 1.5x, https:\/\/i0.wp.com\/ismaelcolosi.com.br\/wp-content\/uploads\/2024\/08\/botafogo-barretos_2024-08-06_10-44-53_jpg_2024-08-06_10-44-53.webp.webp?fit=1200%2C799&ssl=1&resize=700%2C400 2x, https:\/\/i0.wp.com\/ismaelcolosi.com.br\/wp-content\/uploads\/2024\/08\/botafogo-barretos_2024-08-06_10-44-53_jpg_2024-08-06_10-44-53.webp.webp?fit=1200%2C799&ssl=1&resize=1050%2C600 3x"},"classes":[]},{"id":60702,"url":"https:\/\/ismaelcolosi.com.br\/index.php\/2024\/08\/17\/classificado-comercial-perde-para-o-monte-azul-pela-copa-paulista\/","url_meta":{"origin":55408,"position":3},"title":"Classificado, Comercial perde para o Monte Azul pela Copa Paulista","author":"ismaelcolosi.com.br","date":"17 de August de 2024","format":false,"excerpt":"J\u00e1 classificado para as oitavas de final, o Comercial perdeu por 2 a 1 para o Monte Azul, na tarde deste s\u00e1bado (17), pela \u00faltima rodada da primeira fase da Copa Paulista. O confronto foi realizado no est\u00e1dio Otac\u00edlia Patr\u00edcio Arroyo, em Monte Azul Paulista. Os gols Os gols do\u2026","rel":"","context":"In &quot;Not\u00edcias de Ribeir\u00e3o Preto-SP e Regi\u00e3o&quot;","block_context":{"text":"Not\u00edcias de Ribeir\u00e3o Preto-SP e Regi\u00e3o","link":"https:\/\/ismaelcolosi.com.br\/index.php\/category\/noticias-de-ribeirao-preto-sp-e-regiao-ismael-colosi\/"},"img":{"alt_text":"","src":"https:\/\/i0.wp.com\/ismaelcolosi.com.br\/wp-content\/uploads\/2024\/08\/monte-azul-comercial_2024-08-17_19-49-35_jpg_2024-08-17_19-49-36.webp.webp?fit=1200%2C800&ssl=1&resize=350%2C200","width":350,"height":200,"srcset":"https:\/\/i0.wp.com\/ismaelcolosi.com.br\/wp-content\/uploads\/2024\/08\/monte-azul-comercial_2024-08-17_19-49-35_jpg_2024-08-17_19-49-36.webp.webp?fit=1200%2C800&ssl=1&resize=350%2C200 1x, https:\/\/i0.wp.com\/ismaelcolosi.com.br\/wp-content\/uploads\/2024\/08\/monte-azul-comercial_2024-08-17_19-49-35_jpg_2024-08-17_19-49-36.webp.webp?fit=1200%2C800&ssl=1&resize=525%2C300 1.5x, https:\/\/i0.wp.com\/ismaelcolosi.com.br\/wp-content\/uploads\/2024\/08\/monte-azul-comercial_2024-08-17_19-49-35_jpg_2024-08-17_19-49-36.webp.webp?fit=1200%2C800&ssl=1&resize=700%2C400 2x, https:\/\/i0.wp.com\/ismaelcolosi.com.br\/wp-content\/uploads\/2024\/08\/monte-azul-comercial_2024-08-17_19-49-35_jpg_2024-08-17_19-49-36.webp.webp?fit=1200%2C800&ssl=1&resize=1050%2C600 3x"},"classes":[]},{"id":60705,"url":"https:\/\/ismaelcolosi.com.br\/index.php\/2024\/08\/17\/botafogo-perde-em-ribeirao-preto-e-esta-eliminado-da-copa-paulista\/","url_meta":{"origin":55408,"position":4},"title":"Botafogo perde em Ribeir\u00e3o Preto e est\u00e1 eliminado da Copa Paulista","author":"ismaelcolosi.com.br","date":"17 de August de 2024","format":false,"excerpt":"O Botafogo perdeu por 3 a 1 para a Francana, na tarde deste s\u00e1bado (17), pela \u00faltima rodada da primeira fase da Copa Paulista. O confronto foi realizado no est\u00e1dio Santa Cruz\/Arena Nicnet, em Ribeir\u00e3o Preto. Com o resultado, o Pantera est\u00e1 eliminado da disputa. Os gols Os gols da\u2026","rel":"","context":"In &quot;Not\u00edcias de Ribeir\u00e3o Preto-SP e Regi\u00e3o&quot;","block_context":{"text":"Not\u00edcias de Ribeir\u00e3o Preto-SP e Regi\u00e3o","link":"https:\/\/ismaelcolosi.com.br\/index.php\/category\/noticias-de-ribeirao-preto-sp-e-regiao-ismael-colosi\/"},"img":{"alt_text":"","src":"https:\/\/i0.wp.com\/ismaelcolosi.com.br\/wp-content\/uploads\/2024\/08\/botafogo-francana_2024-08-17_19-47-16_jpg_2024-08-17_19-47-16.webp.webp?fit=1200%2C799&ssl=1&resize=350%2C200","width":350,"height":200,"srcset":"https:\/\/i0.wp.com\/ismaelcolosi.com.br\/wp-content\/uploads\/2024\/08\/botafogo-francana_2024-08-17_19-47-16_jpg_2024-08-17_19-47-16.webp.webp?fit=1200%2C799&ssl=1&resize=350%2C200 1x, https:\/\/i0.wp.com\/ismaelcolosi.com.br\/wp-content\/uploads\/2024\/08\/botafogo-francana_2024-08-17_19-47-16_jpg_2024-08-17_19-47-16.webp.webp?fit=1200%2C799&ssl=1&resize=525%2C300 1.5x, https:\/\/i0.wp.com\/ismaelcolosi.com.br\/wp-content\/uploads\/2024\/08\/botafogo-francana_2024-08-17_19-47-16_jpg_2024-08-17_19-47-16.webp.webp?fit=1200%2C799&ssl=1&resize=700%2C400 2x, https:\/\/i0.wp.com\/ismaelcolosi.com.br\/wp-content\/uploads\/2024\/08\/botafogo-francana_2024-08-17_19-47-16_jpg_2024-08-17_19-47-16.webp.webp?fit=1200%2C799&ssl=1&resize=1050%2C600 3x"},"classes":[]},{"id":56683,"url":"https:\/\/ismaelcolosi.com.br\/index.php\/2024\/07\/14\/botafogo-empata-com-a-francana-em-jogo-sem-gols-fora-de-ribeirao-preto\/","url_meta":{"origin":55408,"position":5},"title":"Botafogo empata com a Francana em jogo sem gols fora de Ribeir\u00e3o Preto","author":"ismaelcolosi.com.br","date":"14 de July de 2024","format":false,"excerpt":"O jogo entre Botafogo e Francana, pela quinta rodada da Copa Paulista, terminou em zero a zero. A partida aconteceu na manh\u00e3 deste domingo (14), no est\u00e1dio Jos\u00e9 Lancha Filho em Franca, na regi\u00e3o de Ribeir\u00e3o Preto. No primeiro tempo, logo ap\u00f3s os sete minutos do in\u00edcio do jogo, a\u2026","rel":"","context":"In &quot;Not\u00edcias de Ribeir\u00e3o Preto-SP e Regi\u00e3o&quot;","block_context":{"text":"Not\u00edcias de Ribeir\u00e3o Preto-SP e Regi\u00e3o","link":"https:\/\/ismaelcolosi.com.br\/index.php\/category\/noticias-de-ribeirao-preto-sp-e-regiao-ismael-colosi\/"},"img":{"alt_text":"","src":"https:\/\/i0.wp.com\/ismaelcolosi.com.br\/wp-content\/uploads\/2024\/07\/Copia-de-Copia-de-TAMANHO-EXATO-PARA-FOTOS-NO-SISTEMA-NOVO-14_2024-07-14_15-45-20_jpg_2024-07-14_15-45-21.webp.webp?fit=1200%2C675&ssl=1&resize=350%2C200","width":350,"height":200,"srcset":"https:\/\/i0.wp.com\/ismaelcolosi.com.br\/wp-content\/uploads\/2024\/07\/Copia-de-Copia-de-TAMANHO-EXATO-PARA-FOTOS-NO-SISTEMA-NOVO-14_2024-07-14_15-45-20_jpg_2024-07-14_15-45-21.webp.webp?fit=1200%2C675&ssl=1&resize=350%2C200 1x, https:\/\/i0.wp.com\/ismaelcolosi.com.br\/wp-content\/uploads\/2024\/07\/Copia-de-Copia-de-TAMANHO-EXATO-PARA-FOTOS-NO-SISTEMA-NOVO-14_2024-07-14_15-45-20_jpg_2024-07-14_15-45-21.webp.webp?fit=1200%2C675&ssl=1&resize=525%2C300 1.5x, https:\/\/i0.wp.com\/ismaelcolosi.com.br\/wp-content\/uploads\/2024\/07\/Copia-de-Copia-de-TAMANHO-EXATO-PARA-FOTOS-NO-SISTEMA-NOVO-14_2024-07-14_15-45-20_jpg_2024-07-14_15-45-21.webp.webp?fit=1200%2C675&ssl=1&resize=700%2C400 2x, https:\/\/i0.wp.com\/ismaelcolosi.com.br\/wp-content\/uploads\/2024\/07\/Copia-de-Copia-de-TAMANHO-EXATO-PARA-FOTOS-NO-SISTEMA-NOVO-14_2024-07-14_15-45-20_jpg_2024-07-14_15-45-21.webp.webp?fit=1200%2C675&ssl=1&resize=1050%2C600 3x"},"classes":[]}],"jetpack_sharing_enabled":true,"jetpack_shortlink":"https:\/\/wp.me\/pfMlyK-epG","_links":{"self":[{"href":"https:\/\/ismaelcolosi.com.br\/index.php\/wp-json\/wp\/v2\/posts\/55408","targetHints":{"allow":["GET"]}}],"collection":[{"href":"https:\/\/ismaelcolosi.com.br\/index.php\/wp-json\/wp\/v2\/posts"}],"about":[{"href":"https:\/\/ismaelcolosi.com.br\/index.php\/wp-json\/wp\/v2\/types\/post"}],"author":[{"embeddable":true,"href":"https:\/\/ismaelcolosi.com.br\/index.php\/wp-json\/wp\/v2\/users\/1"}],"replies":[{"embeddable":true,"href":"https:\/\/ismaelcolosi.com.br\/index.php\/wp-json\/wp\/v2\/comments?post=55408"}],"version-history":[{"count":0,"href":"https:\/\/ismaelcolosi.com.br\/index.php\/wp-json\/wp\/v2\/posts\/55408\/revisions"}],"wp:featuredmedia":[{"embeddable":true,"href":"https:\/\/ismaelcolosi.com.br\/index.php\/wp-json\/wp\/v2\/media\/55409"}],"wp:attachment":[{"href":"https:\/\/ismaelcolosi.com.br\/index.php\/wp-json\/wp\/v2\/media?parent=55408"}],"wp:term":[{"taxonomy":"category","embeddable":true,"href":"https:\/\/ismaelcolosi.com.br\/index.php\/wp-json\/wp\/v2\/categories?post=55408"},{"taxonomy":"post_tag","embeddable":true,"href":"https:\/\/ismaelcolosi.com.br\/index.php\/wp-json\/wp\/v2\/tags?post=55408"}],"curies":[{"name":"wp","href":"https:\/\/api.w.org\/{rel}","templated":true}]}}