{"id":55406,"date":"2024-07-02T21:54:29","date_gmt":"2024-07-03T00:54:29","guid":{"rendered":"https:\/\/ismaelcolosi.com.br\/index.php\/2024\/07\/02\/portinari-e-destaque-em-exposicao-que-celebra-os-150-anos-da-imigracao-italiana-no-brasil\/"},"modified":"2024-07-02T21:54:29","modified_gmt":"2024-07-03T00:54:29","slug":"portinari-e-destaque-em-exposicao-que-celebra-os-150-anos-da-imigracao-italiana-no-brasil","status":"publish","type":"post","link":"https:\/\/ismaelcolosi.com.br\/index.php\/2024\/07\/02\/portinari-e-destaque-em-exposicao-que-celebra-os-150-anos-da-imigracao-italiana-no-brasil\/","title":{"rendered":"Portinari \u00e9 destaque em exposi\u00e7\u00e3o que celebra os 150 anos da imigra\u00e7\u00e3o italiana no Brasil"},"content":{"rendered":"<p> <br \/>\n<\/p>\n<div>\n<p>O<strong> Congresso Nacional<\/strong> recebe a exposi\u00e7\u00e3o <strong>Oltroceano<\/strong>, que celebra os <strong>150 anos da imigra\u00e7\u00e3o italiana no Brasil<\/strong> e <mark style=\"background-color:#fcb900\" class=\"has-inline-color\"><strong>exibe obras exclusivas do pintor C\u00e2ndido Portinari, natural de Brodowski, na regi\u00e3o de Ribeir\u00e3o Preto, pela primeira vez ao p\u00fablico.<\/strong><\/mark><\/p>\n<p>S\u00e3o <strong>quatro pain\u00e9is do pintor<\/strong> que foram especialmente produzidos na d\u00e9cada de <strong>1930 <\/strong>para a sede da <strong>embaixada italiana<\/strong>, que ficava no Rio de Janeiro na \u00e9poca, e <strong>s\u00e3o consideradas obras \u00fanicas na carreira de C\u00e2ndido Portinari.<\/strong><\/p>\n<p>Conforme a curadoria da exposi\u00e7\u00e3o, \u201cPortinari foi o mais importante pintor do pa\u00eds entre os anos 30 e 50 do s\u00e9culo XX, e o primeiro com proje\u00e7\u00e3o internacional\u201d.<\/p>\n<h4 class=\"wp-block-heading\"><strong>Sobre a exposi\u00e7\u00e3o<\/strong><\/h4>\n<p>Realizada em parceria com a <strong>Embaixada da It\u00e1lia<\/strong>, com a colabora\u00e7\u00e3o do<strong> Museu de Arte de Bras\u00edlia<\/strong>, de colecionadores privados e da Frente Parlamentar Brasil-It\u00e1lia, a exposi\u00e7\u00e3o \u00e9 aberta ao p\u00fablico e permanecer\u00e1 at\u00e9 o dia <strong>14 de julho<\/strong> no <strong>Congresso<\/strong>.<\/p>\n<p>O trabalho busca real\u00e7ar a colabora\u00e7\u00e3o italiana para a atualiza\u00e7\u00e3o e a moderniza\u00e7\u00e3o da arte e do design brasileiros, do fim do Imp\u00e9rio at\u00e9 a contemporaneidade.<\/p>\n<p>Os <strong>italianos <\/strong>e<strong> seus descendentes<\/strong> est\u00e3o entre os <strong>respons\u00e1veis pela implanta\u00e7\u00e3o e consolida\u00e7\u00e3o de diversas vanguardas no pa\u00eds<\/strong>, desde o impressionismo at\u00e9 as linguagens mais contempor\u00e2neas da arte, passando por tend\u00eancias modernistas, como a Semana de Arte Moderna de 1922.<\/p>\n<h4 class=\"wp-block-heading\"><strong>Outras obras<\/strong><\/h4>\n<p>Al\u00e9m de <strong>C\u00e2ndido Portinari<\/strong>, a mostra tamb\u00e9m re\u00fane obras de diferentes artistas, como Alfredo Volpi, Eliseu Visconti, Fulvio Pennacchi, Mario Zanini, Aldo Bonadei, Victor Brecheret, Anita Malfatti, Alfredo Ceschiatti, Gl\u00eanio Bianchetti, Sergio Romagnolo e Lina Bo Bardi, entre outros.<\/p>\n<p><strong><em>*Com informa\u00e7\u00f5es do Congresso Nacional<\/em><\/strong><\/p>\n<hr class=\"wp-block-separator has-alpha-channel-opacity\"\/>\n<p>SAIBA MAIS<\/p>\n<p>Veja como comprar ingressos para o show do Jorge e Mateus na regi\u00e3o de Ribeir\u00e3o Preto<\/p>\n<h4 class=\"wp-block-heading\"><strong>FIQUE ON<\/strong><\/h4>\n<p>Fique ligado em tudo que acontece em Ribeir\u00e3o Preto e regi\u00e3o. Siga os perfis do\u00a0<strong>acidade on<\/strong>\u00a0no<a href=\"https:\/\/www.instagram.com\/acidadeonribeirao\" target=\"_blank\" rel=\"noreferrer noopener\">\u00a0Instagram<\/a>\u00a0e no\u00a0<a href=\"https:\/\/www.facebook.com\/acidadeonribeirao\/\" target=\"_blank\" rel=\"noreferrer noopener\">Facebook<\/a>.<\/p>\n<p>Receba not\u00edcias do\u00a0<strong>acidade on<\/strong>\u00a0no WhatsApp.<a href=\"https:\/\/chat.whatsapp.com\/CdrZ6xrf7quD44Vw3WlPuZ\" target=\"_blank\" rel=\"noreferrer noopener\">\u00a0Para entrar no grupo, basta clicar aqui.<\/a><\/p>\n<p>Fa\u00e7a uma den\u00fancia ou sugira uma reportagem sobre Ribeir\u00e3o Preto e regi\u00e3o pelo WhatsApp: 16 99117 7802.<\/p>\n<p>VEJA TAMB\u00c9M<\/p>\n<p>Gisele B\u00fcndchen est\u00e1 gr\u00e1vida?<\/p>\n<p><!-- AI CONTENT END 1 -->\n<\/div>\n<p><script async src=\"\/\/www.instagram.com\/embed.js\"><\/script><br \/>\n<br \/><br \/>\n<br \/><a href=\"https:\/\/www.acidadeon.com\/ribeiraopreto\/lazer-e-cultura\/portinari-e-destaque-em-exposicao-que-celebra-os-150-anos-da-imigracao-italiana-no-brasil\/\">Source link <\/a><\/p>\n<div class='code-block code-block-4' style='margin: 8px auto 8px 0; text-align: left; display: block; clear: both;'>\n\ud83d\udce2 Aviso Legal\n\nO site ismaelcolosi.com.br atua apenas como um canal de divulga\u00e7\u00e3o de oportunidades de emprego e n\u00e3o se responsabiliza pelo processo seletivo, contrata\u00e7\u00e3o ou qualquer outra etapa relacionada \u00e0s vagas publicadas. Todas as informa\u00e7\u00f5es s\u00e3o de responsabilidade dos anunciantes.\n\n\u26a0\ufe0f Aten\u00e7\u00e3o! Nunca pague por promessas de emprego nem compre cursos que garantam contrata\u00e7\u00e3o. Desconfie de qualquer cobran\u00e7a para participar de sele\u00e7\u00f5es.\n\n\n\n<\/div>\n<!-- CONTENT END 1 -->\n","protected":false},"excerpt":{"rendered":"<p>O Congresso Nacional recebe a exposi\u00e7\u00e3o Oltroceano, que celebra os 150 anos da imigra\u00e7\u00e3o italiana no Brasil e exibe obras exclusivas do pintor C\u00e2ndido Portinari,&#8230;<\/p>\n","protected":false},"author":1,"featured_media":55407,"comment_status":"open","ping_status":"open","sticky":false,"template":"","format":"standard","meta":{"_uag_custom_page_level_css":"","advanced_seo_description":"","jetpack_seo_html_title":"","jetpack_seo_noindex":false,"jetpack_post_was_ever_published":false,"_jetpack_newsletter_access":"","_jetpack_dont_email_post_to_subs":false,"_jetpack_newsletter_tier_id":0,"_jetpack_memberships_contains_paywalled_content":false,"_jetpack_memberships_contains_paid_content":false,"footnotes":"","jetpack_publicize_message":"","jetpack_publicize_feature_enabled":true,"jetpack_social_post_already_shared":true,"jetpack_social_options":{"image_generator_settings":{"template":"highway","default_image_id":0,"font":"","enabled":false},"version":2}},"categories":[11],"tags":[],"class_list":["post-55406","post","type-post","status-publish","format-standard","has-post-thumbnail","hentry","category-noticias-de-ribeirao-preto-sp-e-regiao-ismael-colosi"],"jetpack_publicize_connections":[],"jetpack_featured_media_url":"https:\/\/i0.wp.com\/ismaelcolosi.com.br\/wp-content\/uploads\/2024\/07\/WhatsApp-Image-2024-06-26-at-11.14.071_2024-07-02_23-43-28_jpeg_2024-07-02_23-43-28.webp.webp?fit=1280%2C853&ssl=1","uagb_featured_image_src":{"full":["https:\/\/i0.wp.com\/ismaelcolosi.com.br\/wp-content\/uploads\/2024\/07\/WhatsApp-Image-2024-06-26-at-11.14.071_2024-07-02_23-43-28_jpeg_2024-07-02_23-43-28.webp.webp?fit=1280%2C853&ssl=1",1280,853,false],"thumbnail":["https:\/\/i0.wp.com\/ismaelcolosi.com.br\/wp-content\/uploads\/2024\/07\/WhatsApp-Image-2024-06-26-at-11.14.071_2024-07-02_23-43-28_jpeg_2024-07-02_23-43-28.webp.webp?resize=150%2C150&ssl=1",150,150,true],"medium":["https:\/\/i0.wp.com\/ismaelcolosi.com.br\/wp-content\/uploads\/2024\/07\/WhatsApp-Image-2024-06-26-at-11.14.071_2024-07-02_23-43-28_jpeg_2024-07-02_23-43-28.webp.webp?fit=300%2C200&ssl=1",300,200,true],"medium_large":["https:\/\/i0.wp.com\/ismaelcolosi.com.br\/wp-content\/uploads\/2024\/07\/WhatsApp-Image-2024-06-26-at-11.14.071_2024-07-02_23-43-28_jpeg_2024-07-02_23-43-28.webp.webp?fit=768%2C512&ssl=1",768,512,true],"large":["https:\/\/i0.wp.com\/ismaelcolosi.com.br\/wp-content\/uploads\/2024\/07\/WhatsApp-Image-2024-06-26-at-11.14.071_2024-07-02_23-43-28_jpeg_2024-07-02_23-43-28.webp.webp?fit=1024%2C682&ssl=1",1024,682,true],"1536x1536":["https:\/\/i0.wp.com\/ismaelcolosi.com.br\/wp-content\/uploads\/2024\/07\/WhatsApp-Image-2024-06-26-at-11.14.071_2024-07-02_23-43-28_jpeg_2024-07-02_23-43-28.webp.webp?fit=1280%2C853&ssl=1",1280,853,true],"2048x2048":["https:\/\/i0.wp.com\/ismaelcolosi.com.br\/wp-content\/uploads\/2024\/07\/WhatsApp-Image-2024-06-26-at-11.14.071_2024-07-02_23-43-28_jpeg_2024-07-02_23-43-28.webp.webp?fit=1280%2C853&ssl=1",1280,853,true],"really-simple-thumb":["https:\/\/i0.wp.com\/ismaelcolosi.com.br\/wp-content\/uploads\/2024\/07\/WhatsApp-Image-2024-06-26-at-11.14.071_2024-07-02_23-43-28_jpeg_2024-07-02_23-43-28.webp.webp?resize=370%2C247&ssl=1",370,247,true]},"uagb_author_info":{"display_name":"ismaelcolosi.com.br","author_link":"https:\/\/ismaelcolosi.com.br\/index.php\/author\/vidareal-online\/"},"uagb_comment_info":0,"uagb_excerpt":"O Congresso Nacional recebe a exposi\u00e7\u00e3o Oltroceano, que celebra os 150 anos da imigra\u00e7\u00e3o italiana no Brasil e exibe obras exclusivas do pintor C\u00e2ndido Portinari,...","jetpack-related-posts":[{"id":73040,"url":"https:\/\/ismaelcolosi.com.br\/index.php\/2024\/10\/24\/museu-abre-exposicao-virtual-com-450-obras-de-portinari-produzidas-na-regiao-de-ribeirao\/","url_meta":{"origin":55406,"position":0},"title":"Museu abre exposi\u00e7\u00e3o virtual com 450 obras de Portinari produzidas na regi\u00e3o de Ribeir\u00e3o","author":"ismaelcolosi.com.br","date":"24 de October de 2024","format":false,"excerpt":"O Museu Casa de Portinari, em Brodowski, na regi\u00e3o de Ribeir\u00e3o Preto, abriu uma exposi\u00e7\u00e3o virtual com todas as obras que Candido Portinari produziu em sua cidade natal. Ao todo, o acervo conta com 450 obras de arte. A mostra denominada \u201cA Casa Ateli\u00ea\u201d conta com obras executadas em diferentes\u2026","rel":"","context":"In &quot;Not\u00edcias de Ribeir\u00e3o Preto-SP e Regi\u00e3o&quot;","block_context":{"text":"Not\u00edcias de Ribeir\u00e3o Preto-SP e Regi\u00e3o","link":"https:\/\/ismaelcolosi.com.br\/index.php\/category\/noticias-de-ribeirao-preto-sp-e-regiao-ismael-colosi\/"},"img":{"alt_text":"","src":"https:\/\/i0.wp.com\/ismaelcolosi.com.br\/wp-content\/uploads\/2024\/10\/5b19659e-8203-4a0c-ab7b-d80619db6c7a_2024-10-24_14-20-28_png_2024-10-24_14-20-28.webp.webp?fit=1200%2C675&ssl=1&resize=350%2C200","width":350,"height":200,"srcset":"https:\/\/i0.wp.com\/ismaelcolosi.com.br\/wp-content\/uploads\/2024\/10\/5b19659e-8203-4a0c-ab7b-d80619db6c7a_2024-10-24_14-20-28_png_2024-10-24_14-20-28.webp.webp?fit=1200%2C675&ssl=1&resize=350%2C200 1x, https:\/\/i0.wp.com\/ismaelcolosi.com.br\/wp-content\/uploads\/2024\/10\/5b19659e-8203-4a0c-ab7b-d80619db6c7a_2024-10-24_14-20-28_png_2024-10-24_14-20-28.webp.webp?fit=1200%2C675&ssl=1&resize=525%2C300 1.5x, https:\/\/i0.wp.com\/ismaelcolosi.com.br\/wp-content\/uploads\/2024\/10\/5b19659e-8203-4a0c-ab7b-d80619db6c7a_2024-10-24_14-20-28_png_2024-10-24_14-20-28.webp.webp?fit=1200%2C675&ssl=1&resize=700%2C400 2x, https:\/\/i0.wp.com\/ismaelcolosi.com.br\/wp-content\/uploads\/2024\/10\/5b19659e-8203-4a0c-ab7b-d80619db6c7a_2024-10-24_14-20-28_png_2024-10-24_14-20-28.webp.webp?fit=1200%2C675&ssl=1&resize=1050%2C600 3x"},"classes":[]},{"id":10490,"url":"https:\/\/ismaelcolosi.com.br\/index.php\/2023\/12\/04\/saiba-quais-sao-as-novidades-do-museu-casa-de-portinari-em-homenagem-aos-120-anos-do-artista\/","url_meta":{"origin":55406,"position":1},"title":"Saiba quais s\u00e3o as novidades do Museu Casa de Portinari em homenagem aos 120 anos do artista","author":"ismaelcolosi.com.br","date":"4 de December de 2023","format":false,"excerpt":"O Museu Casa de Portinari, na cidade de Brodowski, regi\u00e3o de Ribeir\u00e3o Preto, foi presenteado no \u00faltimo s\u00e1bado (2), com novidades em seu acervo e estrutura, devido ao anivers\u00e1rio do artista. Portinari completaria 120 anos, no dia 29 de dezembro, caso estivesse vivo. Entre as novas mudan\u00e7as est\u00e3o a amplia\u00e7\u00e3o\u2026","rel":"","context":"In &quot;Not\u00edcias de Ribeir\u00e3o Preto-SP e Regi\u00e3o&quot;","block_context":{"text":"Not\u00edcias de Ribeir\u00e3o Preto-SP e Regi\u00e3o","link":"https:\/\/ismaelcolosi.com.br\/index.php\/category\/noticias-de-ribeirao-preto-sp-e-regiao-ismael-colosi\/"},"img":{"alt_text":"","src":"https:\/\/i0.wp.com\/ismaelcolosi.com.br\/wp-content\/uploads\/2023\/12\/museu_casa_1024x576_15072020113515.jpg?fit=1024%2C576&ssl=1&resize=350%2C200","width":350,"height":200,"srcset":"https:\/\/i0.wp.com\/ismaelcolosi.com.br\/wp-content\/uploads\/2023\/12\/museu_casa_1024x576_15072020113515.jpg?fit=1024%2C576&ssl=1&resize=350%2C200 1x, https:\/\/i0.wp.com\/ismaelcolosi.com.br\/wp-content\/uploads\/2023\/12\/museu_casa_1024x576_15072020113515.jpg?fit=1024%2C576&ssl=1&resize=525%2C300 1.5x, https:\/\/i0.wp.com\/ismaelcolosi.com.br\/wp-content\/uploads\/2023\/12\/museu_casa_1024x576_15072020113515.jpg?fit=1024%2C576&ssl=1&resize=700%2C400 2x"},"classes":[]},{"id":36433,"url":"https:\/\/ismaelcolosi.com.br\/index.php\/2024\/02\/09\/casa-de-portinari-tem-programacao-gratuita-de-carnaval-na-regiao-de-ribeirao-preto\/","url_meta":{"origin":55406,"position":2},"title":"Casa de Portinari tem programa\u00e7\u00e3o gratuita de Carnaval na regi\u00e3o de Ribeir\u00e3o Preto","author":"ismaelcolosi.com.br","date":"9 de February de 2024","format":false,"excerpt":"O Museu Casa de Portinari, em Brodowski, na regi\u00e3o de Ribeir\u00e3o Preto, promove uma programa\u00e7\u00e3o especial e gratuita para o Carnaval. A programa\u00e7\u00e3o iniciou nesta sexta-feira (9) e vai at\u00e9 o dia 13. Entre as atividades est\u00e3o: conta\u00e7\u00e3o de hist\u00f3ria, instala\u00e7\u00e3o interativa, apresenta\u00e7\u00e3o de mestre-sala e porta-bandeira de Batatais e\u2026","rel":"","context":"In &quot;Not\u00edcias de Ribeir\u00e3o Preto-SP e Regi\u00e3o&quot;","block_context":{"text":"Not\u00edcias de Ribeir\u00e3o Preto-SP e Regi\u00e3o","link":"https:\/\/ismaelcolosi.com.br\/index.php\/category\/noticias-de-ribeirao-preto-sp-e-regiao-ismael-colosi\/"},"img":{"alt_text":"","src":"https:\/\/i0.wp.com\/ismaelcolosi.com.br\/wp-content\/uploads\/2024\/02\/museu_casa_1024x576_15072020113515.jpg?fit=1024%2C576&ssl=1&resize=350%2C200","width":350,"height":200,"srcset":"https:\/\/i0.wp.com\/ismaelcolosi.com.br\/wp-content\/uploads\/2024\/02\/museu_casa_1024x576_15072020113515.jpg?fit=1024%2C576&ssl=1&resize=350%2C200 1x, https:\/\/i0.wp.com\/ismaelcolosi.com.br\/wp-content\/uploads\/2024\/02\/museu_casa_1024x576_15072020113515.jpg?fit=1024%2C576&ssl=1&resize=525%2C300 1.5x, https:\/\/i0.wp.com\/ismaelcolosi.com.br\/wp-content\/uploads\/2024\/02\/museu_casa_1024x576_15072020113515.jpg?fit=1024%2C576&ssl=1&resize=700%2C400 2x"},"classes":[]},{"id":28066,"url":"https:\/\/ismaelcolosi.com.br\/index.php\/2024\/01\/14\/casa-da-memoria-italiana-tem-programacao-gratuita-para-as-ferias-em-ribeirao-preto\/","url_meta":{"origin":55406,"position":3},"title":"Casa da Mem\u00f3ria Italiana tem programa\u00e7\u00e3o gratuita para as f\u00e9rias em Ribeir\u00e3o Preto","author":"ismaelcolosi.com.br","date":"14 de January de 2024","format":false,"excerpt":"O Museu Casa da Mem\u00f3ria Italiana, em Ribeir\u00e3o Preto, anunciou uma programa\u00e7\u00e3o especial de f\u00e9rias nos dias 20 e 27 de janeiro. A a\u00e7\u00e3o faz parte do in\u00edcio da celebra\u00e7\u00e3o dos 150 anos da imigra\u00e7\u00e3o italiana no Brasil. Voltada para crian\u00e7as de 6 a 12 anos, o museu pretende unir\u2026","rel":"","context":"In &quot;Not\u00edcias de Ribeir\u00e3o Preto-SP e Regi\u00e3o&quot;","block_context":{"text":"Not\u00edcias de Ribeir\u00e3o Preto-SP e Regi\u00e3o","link":"https:\/\/ismaelcolosi.com.br\/index.php\/category\/noticias-de-ribeirao-preto-sp-e-regiao-ismael-colosi\/"},"img":{"alt_text":"","src":"https:\/\/i0.wp.com\/ismaelcolosi.com.br\/wp-content\/uploads\/2024\/01\/WhatsApp-Image-2024-01-12-at-15.11.37.jpeg?fit=1200%2C675&ssl=1&resize=350%2C200","width":350,"height":200,"srcset":"https:\/\/i0.wp.com\/ismaelcolosi.com.br\/wp-content\/uploads\/2024\/01\/WhatsApp-Image-2024-01-12-at-15.11.37.jpeg?fit=1200%2C675&ssl=1&resize=350%2C200 1x, https:\/\/i0.wp.com\/ismaelcolosi.com.br\/wp-content\/uploads\/2024\/01\/WhatsApp-Image-2024-01-12-at-15.11.37.jpeg?fit=1200%2C675&ssl=1&resize=525%2C300 1.5x, https:\/\/i0.wp.com\/ismaelcolosi.com.br\/wp-content\/uploads\/2024\/01\/WhatsApp-Image-2024-01-12-at-15.11.37.jpeg?fit=1200%2C675&ssl=1&resize=700%2C400 2x, https:\/\/i0.wp.com\/ismaelcolosi.com.br\/wp-content\/uploads\/2024\/01\/WhatsApp-Image-2024-01-12-at-15.11.37.jpeg?fit=1200%2C675&ssl=1&resize=1050%2C600 3x"},"classes":[]},{"id":27577,"url":"https:\/\/ismaelcolosi.com.br\/index.php\/2024\/01\/12\/confira-as-atividades-do-museu-casa-de-portinari-para-os-proximos-dias\/","url_meta":{"origin":55406,"position":4},"title":"Confira as atividades do Museu Casa de Portinari para os pr\u00f3ximos dias","author":"ismaelcolosi.com.br","date":"12 de January de 2024","format":false,"excerpt":"Os destaques s\u00e3o uma pe\u00e7a de teatro que conta de forma l\u00fadica a inf\u00e2ncia de Candido Portinari e a 11\u00aa edi\u00e7\u00e3o do #MuseumSelfieDay, que convida visitantes de museus do mundo inteiro a compartilharem suas impress\u00f5es sobre as mostras visitadas.Al\u00e9m disso, o projeto \u201cF\u00e9rias no Museu\u201d continua a todo o vapor,\u2026","rel":"","context":"In &quot;Not\u00edcias de Ribeir\u00e3o Preto-SP e Regi\u00e3o&quot;","block_context":{"text":"Not\u00edcias de Ribeir\u00e3o Preto-SP e Regi\u00e3o","link":"https:\/\/ismaelcolosi.com.br\/index.php\/category\/noticias-de-ribeirao-preto-sp-e-regiao-ismael-colosi\/"},"img":{"alt_text":"","src":"https:\/\/i0.wp.com\/ismaelcolosi.com.br\/wp-content\/uploads\/2024\/01\/download.png?fit=524%2C295&ssl=1&resize=350%2C200","width":350,"height":200},"classes":[]},{"id":49391,"url":"https:\/\/ismaelcolosi.com.br\/index.php\/2024\/05\/10\/confira-a-programacao-do-dia-das-maes-no-museu-casa-de-portinari-na-regiao-de-ribeirao\/","url_meta":{"origin":55406,"position":5},"title":"Confira a programa\u00e7\u00e3o do \u2018Dia das M\u00e3es\u2019 no Museu Casa de Portinari na regi\u00e3o de Ribeir\u00e3o","author":"ismaelcolosi.com.br","date":"10 de May de 2024","format":false,"excerpt":"O Museu Casa de Portinari, que fica em Brodowski, na regi\u00e3o de Ribeir\u00e3o Preto, tem programa\u00e7\u00e3o especial para o \u201cDia das M\u00e3es\u201d neste domingo (12) (veja abaixo). Al\u00e9m da tradicional Feira de Artesanato, que re\u00fane artistas locais e da regi\u00e3o, no s\u00e1bado (11) e no domingo, haver\u00e1 uma apresenta\u00e7\u00e3o de\u2026","rel":"","context":"In &quot;Not\u00edcias de Ribeir\u00e3o Preto-SP e Regi\u00e3o&quot;","block_context":{"text":"Not\u00edcias de Ribeir\u00e3o Preto-SP e Regi\u00e3o","link":"https:\/\/ismaelcolosi.com.br\/index.php\/category\/noticias-de-ribeirao-preto-sp-e-regiao-ismael-colosi\/"},"img":{"alt_text":"","src":"https:\/\/i0.wp.com\/ismaelcolosi.com.br\/wp-content\/uploads\/2024\/05\/1f896dfc-dc2c-4b5d-8fe4-2042e6d380b8_2024-05-10_15-45-03_jpg_2024-05-10_15-45-05-scaled.webp.webp?fit=1200%2C900&ssl=1&resize=350%2C200","width":350,"height":200,"srcset":"https:\/\/i0.wp.com\/ismaelcolosi.com.br\/wp-content\/uploads\/2024\/05\/1f896dfc-dc2c-4b5d-8fe4-2042e6d380b8_2024-05-10_15-45-03_jpg_2024-05-10_15-45-05-scaled.webp.webp?fit=1200%2C900&ssl=1&resize=350%2C200 1x, https:\/\/i0.wp.com\/ismaelcolosi.com.br\/wp-content\/uploads\/2024\/05\/1f896dfc-dc2c-4b5d-8fe4-2042e6d380b8_2024-05-10_15-45-03_jpg_2024-05-10_15-45-05-scaled.webp.webp?fit=1200%2C900&ssl=1&resize=525%2C300 1.5x, https:\/\/i0.wp.com\/ismaelcolosi.com.br\/wp-content\/uploads\/2024\/05\/1f896dfc-dc2c-4b5d-8fe4-2042e6d380b8_2024-05-10_15-45-03_jpg_2024-05-10_15-45-05-scaled.webp.webp?fit=1200%2C900&ssl=1&resize=700%2C400 2x, https:\/\/i0.wp.com\/ismaelcolosi.com.br\/wp-content\/uploads\/2024\/05\/1f896dfc-dc2c-4b5d-8fe4-2042e6d380b8_2024-05-10_15-45-03_jpg_2024-05-10_15-45-05-scaled.webp.webp?fit=1200%2C900&ssl=1&resize=1050%2C600 3x"},"classes":[]}],"jetpack_sharing_enabled":true,"jetpack_shortlink":"https:\/\/wp.me\/pfMlyK-epE","_links":{"self":[{"href":"https:\/\/ismaelcolosi.com.br\/index.php\/wp-json\/wp\/v2\/posts\/55406","targetHints":{"allow":["GET"]}}],"collection":[{"href":"https:\/\/ismaelcolosi.com.br\/index.php\/wp-json\/wp\/v2\/posts"}],"about":[{"href":"https:\/\/ismaelcolosi.com.br\/index.php\/wp-json\/wp\/v2\/types\/post"}],"author":[{"embeddable":true,"href":"https:\/\/ismaelcolosi.com.br\/index.php\/wp-json\/wp\/v2\/users\/1"}],"replies":[{"embeddable":true,"href":"https:\/\/ismaelcolosi.com.br\/index.php\/wp-json\/wp\/v2\/comments?post=55406"}],"version-history":[{"count":0,"href":"https:\/\/ismaelcolosi.com.br\/index.php\/wp-json\/wp\/v2\/posts\/55406\/revisions"}],"wp:featuredmedia":[{"embeddable":true,"href":"https:\/\/ismaelcolosi.com.br\/index.php\/wp-json\/wp\/v2\/media\/55407"}],"wp:attachment":[{"href":"https:\/\/ismaelcolosi.com.br\/index.php\/wp-json\/wp\/v2\/media?parent=55406"}],"wp:term":[{"taxonomy":"category","embeddable":true,"href":"https:\/\/ismaelcolosi.com.br\/index.php\/wp-json\/wp\/v2\/categories?post=55406"},{"taxonomy":"post_tag","embeddable":true,"href":"https:\/\/ismaelcolosi.com.br\/index.php\/wp-json\/wp\/v2\/tags?post=55406"}],"curies":[{"name":"wp","href":"https:\/\/api.w.org\/{rel}","templated":true}]}}