{"id":55402,"date":"2024-07-02T19:49:20","date_gmt":"2024-07-02T22:49:20","guid":{"rendered":"https:\/\/ismaelcolosi.com.br\/index.php\/2024\/07\/02\/veja-como-comprar-ingressos-para-o-show-do-jorge-e-mateus-na-regiao-de-ribeirao-preto\/"},"modified":"2024-07-02T19:49:20","modified_gmt":"2024-07-02T22:49:20","slug":"veja-como-comprar-ingressos-para-o-show-do-jorge-e-mateus-na-regiao-de-ribeirao-preto","status":"publish","type":"post","link":"https:\/\/ismaelcolosi.com.br\/index.php\/2024\/07\/02\/veja-como-comprar-ingressos-para-o-show-do-jorge-e-mateus-na-regiao-de-ribeirao-preto\/","title":{"rendered":"Veja como comprar ingressos para o show do Jorge e Mateus na regi\u00e3o de Ribeir\u00e3o Preto"},"content":{"rendered":"<p> <br \/>\n<\/p>\n<div data-td-block-uid=\"tdi_106\">\n<div class=\"tdb-block-inner td-fix-index\">\n<p><span style=\"background-color:#f7cc62\" class=\"td_text_highlight_marker\"><mark style=\"background-color:rgba(0, 0, 0, 0)\" class=\"has-inline-color has-black-color\">A<strong> dupla sertaneja Jorge e Mateus<\/strong> est\u00e1 <strong>confirmada<\/strong> em <strong>dois eventos na regi\u00e3o de Ribeir\u00e3o Preto<\/strong>. O primeiro show ser\u00e1 nesta <strong>sexta-feira (5) em Orl\u00e2ndia<\/strong> e a outra agenda no <strong>dia 10 de julho em Batatais<\/strong>.<\/mark><\/span><\/p>\n<p>Os<strong> ingressos <\/strong>para o <strong>Orl\u00e2ndia Rodeo Music 2024<\/strong> est\u00e3o sendo vendidos pelo <strong>site venda ingresso.com<\/strong> (<strong><a href=\"https:\/\/vendaingresso.com\/comprar\/90\/orm-2024-05-sexta-jorge-mateus\" target=\"_blank\" rel=\"noreferrer noopener nofollow\">clique aqui<\/a><\/strong>) e custam de <strong>R$ 70 (pista)<\/strong> a <strong>R$ 470 (camarote)<\/strong>. O evento acontece no recinto ORM, que fica na avenida S com a rua 26, 2.000, no bairro Morado do Sol.<\/p>\n<p>J\u00e1, o <span style=\"background-color:#f7cc62\" class=\"td_text_highlight_marker\"><mark style=\"background-color:rgba(0, 0, 0, 0)\" class=\"has-inline-color has-black-color\"><strong>show em Batatais tem entrada gratuita <\/strong>para o <strong>setor pista<\/strong><\/mark><\/span> e ser\u00e1 durante a <strong>Festa do Leite<\/strong>, no Centro de Eventos Ant\u00f4nio Carlos Prado Baptista. <\/p>\n<p>SAIBA MAIS <\/p>\n<p>Prefeitura de Ribeir\u00e3o abre inscri\u00e7\u00f5es para novo processo seletivo; Veja como participar<\/p>\n<h4 class=\"wp-block-heading\"><strong>FIQUE ON<\/strong><\/h4>\n<p>Fique ligado em tudo que acontece em Ribeir\u00e3o Preto e regi\u00e3o. Siga os perfis do\u00a0<strong>acidade on<\/strong>\u00a0no<a href=\"https:\/\/www.instagram.com\/acidadeonribeirao\" target=\"_blank\" rel=\"noreferrer noopener\">\u00a0Instagram<\/a>\u00a0e no\u00a0<a href=\"https:\/\/www.facebook.com\/acidadeonribeirao\/\" target=\"_blank\" rel=\"noreferrer noopener\">Facebook<\/a>.<\/p>\n<p>Receba not\u00edcias do\u00a0<strong>acidade on<\/strong>\u00a0no WhatsApp.<a href=\"https:\/\/chat.whatsapp.com\/CdrZ6xrf7quD44Vw3WlPuZ\" target=\"_blank\" rel=\"noreferrer noopener\">\u00a0Para entrar no grupo, basta clicar aqui.<\/a><\/p>\n<p>Fa\u00e7a uma den\u00fancia ou sugira uma reportagem sobre Ribeir\u00e3o Preto e regi\u00e3o pelo WhatsApp: 16 99117 7802.<\/p>\n<p>VEJA TAMB\u00c9M<\/p>\n<p>Ana Castela lan\u00e7a linhas de hidratantes labiais; confira<\/p>\n<p><!-- AI CONTENT END 1 -->\n<\/div>\n<\/div>\n<p><script async src=\"\/\/www.instagram.com\/embed.js\"><\/script><br \/>\n<br \/><br \/>\n<br \/><a href=\"https:\/\/www.acidadeon.com\/ribeiraopreto\/lazer-e-cultura\/veja-como-comprar-ingressos-para-o-show-do-jorge-e-mateus-na-regiao-de-ribeirao-preto\/\">Source link <\/a><\/p>\n<div class='code-block code-block-4' style='margin: 8px auto 8px 0; text-align: left; display: block; clear: both;'>\n\ud83d\udce2 Aviso Legal\n\nO site ismaelcolosi.com.br atua apenas como um canal de divulga\u00e7\u00e3o de oportunidades de emprego e n\u00e3o se responsabiliza pelo processo seletivo, contrata\u00e7\u00e3o ou qualquer outra etapa relacionada \u00e0s vagas publicadas. Todas as informa\u00e7\u00f5es s\u00e3o de responsabilidade dos anunciantes.\n\n\u26a0\ufe0f Aten\u00e7\u00e3o! Nunca pague por promessas de emprego nem compre cursos que garantam contrata\u00e7\u00e3o. Desconfie de qualquer cobran\u00e7a para participar de sele\u00e7\u00f5es.\n\n\n\n<\/div>\n<!-- CONTENT END 1 -->\n","protected":false},"excerpt":{"rendered":"<p>A dupla sertaneja Jorge e Mateus est\u00e1 confirmada em dois eventos na regi\u00e3o de Ribeir\u00e3o Preto. O primeiro show ser\u00e1 nesta sexta-feira (5) em Orl\u00e2ndia&#8230;<\/p>\n","protected":false},"author":1,"featured_media":55403,"comment_status":"open","ping_status":"open","sticky":false,"template":"","format":"standard","meta":{"_uag_custom_page_level_css":"","advanced_seo_description":"","jetpack_seo_html_title":"","jetpack_seo_noindex":false,"jetpack_post_was_ever_published":false,"_jetpack_newsletter_access":"","_jetpack_dont_email_post_to_subs":false,"_jetpack_newsletter_tier_id":0,"_jetpack_memberships_contains_paywalled_content":false,"_jetpack_memberships_contains_paid_content":false,"footnotes":"","jetpack_publicize_message":"","jetpack_publicize_feature_enabled":true,"jetpack_social_post_already_shared":true,"jetpack_social_options":{"image_generator_settings":{"template":"highway","default_image_id":0,"font":"","enabled":false},"version":2}},"categories":[11],"tags":[],"class_list":["post-55402","post","type-post","status-publish","format-standard","has-post-thumbnail","hentry","category-noticias-de-ribeirao-preto-sp-e-regiao-ismael-colosi"],"jetpack_publicize_connections":[],"jetpack_featured_media_url":"https:\/\/i0.wp.com\/ismaelcolosi.com.br\/wp-content\/uploads\/2024\/07\/Jorge-e-Mateus-Credito-Alisson-Demetrio-scaled.jpg?fit=2560%2C1707&ssl=1","uagb_featured_image_src":{"full":["https:\/\/i0.wp.com\/ismaelcolosi.com.br\/wp-content\/uploads\/2024\/07\/Jorge-e-Mateus-Credito-Alisson-Demetrio-scaled.jpg?fit=2560%2C1707&ssl=1",2560,1707,false],"thumbnail":["https:\/\/i0.wp.com\/ismaelcolosi.com.br\/wp-content\/uploads\/2024\/07\/Jorge-e-Mateus-Credito-Alisson-Demetrio-scaled.jpg?resize=150%2C150&ssl=1",150,150,true],"medium":["https:\/\/i0.wp.com\/ismaelcolosi.com.br\/wp-content\/uploads\/2024\/07\/Jorge-e-Mateus-Credito-Alisson-Demetrio-scaled.jpg?fit=300%2C200&ssl=1",300,200,true],"medium_large":["https:\/\/i0.wp.com\/ismaelcolosi.com.br\/wp-content\/uploads\/2024\/07\/Jorge-e-Mateus-Credito-Alisson-Demetrio-scaled.jpg?fit=768%2C512&ssl=1",768,512,true],"large":["https:\/\/i0.wp.com\/ismaelcolosi.com.br\/wp-content\/uploads\/2024\/07\/Jorge-e-Mateus-Credito-Alisson-Demetrio-scaled.jpg?fit=1024%2C683&ssl=1",1024,683,true],"1536x1536":["https:\/\/i0.wp.com\/ismaelcolosi.com.br\/wp-content\/uploads\/2024\/07\/Jorge-e-Mateus-Credito-Alisson-Demetrio-scaled.jpg?fit=1536%2C1024&ssl=1",1536,1024,true],"2048x2048":["https:\/\/i0.wp.com\/ismaelcolosi.com.br\/wp-content\/uploads\/2024\/07\/Jorge-e-Mateus-Credito-Alisson-Demetrio-scaled.jpg?fit=2048%2C1366&ssl=1",2048,1366,true],"really-simple-thumb":["https:\/\/i0.wp.com\/ismaelcolosi.com.br\/wp-content\/uploads\/2024\/07\/Jorge-e-Mateus-Credito-Alisson-Demetrio-scaled.jpg?resize=370%2C247&ssl=1",370,247,true]},"uagb_author_info":{"display_name":"ismaelcolosi.com.br","author_link":"https:\/\/ismaelcolosi.com.br\/index.php\/author\/vidareal-online\/"},"uagb_comment_info":0,"uagb_excerpt":"A dupla sertaneja Jorge e Mateus est\u00e1 confirmada em dois eventos na regi\u00e3o de Ribeir\u00e3o Preto. O primeiro show ser\u00e1 nesta sexta-feira (5) em Orl\u00e2ndia...","jetpack-related-posts":[{"id":55373,"url":"https:\/\/ismaelcolosi.com.br\/index.php\/2024\/07\/02\/jorge-e-mateus-confirmam-show-em-ribeirao-preto-saiba-mais\/","url_meta":{"origin":55402,"position":0},"title":"Jorge e Mateus confirmam show em Ribeir\u00e3o Preto; Saiba mais","author":"ismaelcolosi.com.br","date":"2 de July de 2024","format":false,"excerpt":"A dupla sertaneja Jorge e Mateus confirmou que far\u00e1 show em Ribeir\u00e3o Preto, no dia 27 de julho. Apesar do an\u00fancio em uma rede social oficial dos cantores, ainda n\u00e3o h\u00e1 informa\u00e7\u00f5es sobre local e venda de ingressos. Divulgada nesta ter\u00e7a-feira (2), a agenda dos sertanejos incluem, tamb\u00e9m, shows na\u2026","rel":"","context":"In &quot;Not\u00edcias de Ribeir\u00e3o Preto-SP e Regi\u00e3o&quot;","block_context":{"text":"Not\u00edcias de Ribeir\u00e3o Preto-SP e Regi\u00e3o","link":"https:\/\/ismaelcolosi.com.br\/index.php\/category\/noticias-de-ribeirao-preto-sp-e-regiao-ismael-colosi\/"},"img":{"alt_text":"","src":"https:\/\/i0.wp.com\/ismaelcolosi.com.br\/wp-content\/uploads\/2024\/07\/0-Cadu_Fernandes__7R48503-1620x1080-1_2024-07-02_18-31-00_jpeg_2024-07-02_18-31-00.webp.webp?fit=1200%2C800&ssl=1&resize=350%2C200","width":350,"height":200,"srcset":"https:\/\/i0.wp.com\/ismaelcolosi.com.br\/wp-content\/uploads\/2024\/07\/0-Cadu_Fernandes__7R48503-1620x1080-1_2024-07-02_18-31-00_jpeg_2024-07-02_18-31-00.webp.webp?fit=1200%2C800&ssl=1&resize=350%2C200 1x, https:\/\/i0.wp.com\/ismaelcolosi.com.br\/wp-content\/uploads\/2024\/07\/0-Cadu_Fernandes__7R48503-1620x1080-1_2024-07-02_18-31-00_jpeg_2024-07-02_18-31-00.webp.webp?fit=1200%2C800&ssl=1&resize=525%2C300 1.5x, https:\/\/i0.wp.com\/ismaelcolosi.com.br\/wp-content\/uploads\/2024\/07\/0-Cadu_Fernandes__7R48503-1620x1080-1_2024-07-02_18-31-00_jpeg_2024-07-02_18-31-00.webp.webp?fit=1200%2C800&ssl=1&resize=700%2C400 2x, https:\/\/i0.wp.com\/ismaelcolosi.com.br\/wp-content\/uploads\/2024\/07\/0-Cadu_Fernandes__7R48503-1620x1080-1_2024-07-02_18-31-00_jpeg_2024-07-02_18-31-00.webp.webp?fit=1200%2C800&ssl=1&resize=1050%2C600 3x"},"classes":[]},{"id":67080,"url":"https:\/\/ismaelcolosi.com.br\/index.php\/2024\/09\/20\/jorge-e-mateus-e-ana-castela-fazem-show-em-rodeio-na-regiao-de-ribeirao\/","url_meta":{"origin":55402,"position":1},"title":"Jorge e Mateus e Ana Castela fazem show em rodeio na regi\u00e3o de Ribeir\u00e3o","author":"ismaelcolosi.com.br","date":"20 de September de 2024","format":false,"excerpt":"A 1\u00aa edi\u00e7\u00e3o do Franca Rodeo Music come\u00e7a nesta sexta-feira (20) e vai at\u00e9 o domingo (22), no Parque de Exposi\u00e7\u00f5es Fernando Costa, em\u00a0Franca, na regi\u00e3o de Ribeir\u00e3o Preto. Famosos da m\u00fasica sertaneja, como Jorge e Mateus e Ana Castela est\u00e3o confirmados. Os port\u00f5es do Parque abrem, na sexta-feira e\u2026","rel":"","context":"In &quot;Not\u00edcias de Ribeir\u00e3o Preto-SP e Regi\u00e3o&quot;","block_context":{"text":"Not\u00edcias de Ribeir\u00e3o Preto-SP e Regi\u00e3o","link":"https:\/\/ismaelcolosi.com.br\/index.php\/category\/noticias-de-ribeirao-preto-sp-e-regiao-ismael-colosi\/"},"img":{"alt_text":"","src":"https:\/\/i0.wp.com\/ismaelcolosi.com.br\/wp-content\/uploads\/2024\/09\/Copia-de-Copia-de-Copia-de-TAMANHO-EXATO-PARA-FOTOS-NO-SISTEMA-NOVO-35_2024-09-20_18-57-28_png_2024-09-20_18-57-28.webp.webp?fit=1200%2C675&ssl=1&resize=350%2C200","width":350,"height":200,"srcset":"https:\/\/i0.wp.com\/ismaelcolosi.com.br\/wp-content\/uploads\/2024\/09\/Copia-de-Copia-de-Copia-de-TAMANHO-EXATO-PARA-FOTOS-NO-SISTEMA-NOVO-35_2024-09-20_18-57-28_png_2024-09-20_18-57-28.webp.webp?fit=1200%2C675&ssl=1&resize=350%2C200 1x, https:\/\/i0.wp.com\/ismaelcolosi.com.br\/wp-content\/uploads\/2024\/09\/Copia-de-Copia-de-Copia-de-TAMANHO-EXATO-PARA-FOTOS-NO-SISTEMA-NOVO-35_2024-09-20_18-57-28_png_2024-09-20_18-57-28.webp.webp?fit=1200%2C675&ssl=1&resize=525%2C300 1.5x, https:\/\/i0.wp.com\/ismaelcolosi.com.br\/wp-content\/uploads\/2024\/09\/Copia-de-Copia-de-Copia-de-TAMANHO-EXATO-PARA-FOTOS-NO-SISTEMA-NOVO-35_2024-09-20_18-57-28_png_2024-09-20_18-57-28.webp.webp?fit=1200%2C675&ssl=1&resize=700%2C400 2x, https:\/\/i0.wp.com\/ismaelcolosi.com.br\/wp-content\/uploads\/2024\/09\/Copia-de-Copia-de-Copia-de-TAMANHO-EXATO-PARA-FOTOS-NO-SISTEMA-NOVO-35_2024-09-20_18-57-28_png_2024-09-20_18-57-28.webp.webp?fit=1200%2C675&ssl=1&resize=1050%2C600 3x"},"classes":[]},{"id":57193,"url":"https:\/\/ismaelcolosi.com.br\/index.php\/2024\/07\/18\/ana-castela-e-jorge-e-mateus-fazem-shows-em-rodeio-na-regiao-de-ribeirao-preto\/","url_meta":{"origin":55402,"position":2},"title":"Ana Castela e Jorge e Mateus fazem shows em rodeio na regi\u00e3o de Ribeir\u00e3o Preto","author":"ismaelcolosi.com.br","date":"18 de July de 2024","format":false,"excerpt":"A cantora Ana Castela e a dupla Jorge e Mateus est\u00e3o confirmados no \u201cFranca Rodeo Music\u201d, que acontece de 20 a 22 de setembro, no Parque de Exposi\u00e7\u00f5es Fernando Costa. Al\u00e9m da \u201cBoiadeira\u201d e da dupla sertaneja, tamb\u00e9m se apresenta no evento, o cantor Ralf, entre outras atra\u00e7\u00f5es (veja abaixo).\u2026","rel":"","context":"In &quot;Not\u00edcias de Ribeir\u00e3o Preto-SP e Regi\u00e3o&quot;","block_context":{"text":"Not\u00edcias de Ribeir\u00e3o Preto-SP e Regi\u00e3o","link":"https:\/\/ismaelcolosi.com.br\/index.php\/category\/noticias-de-ribeirao-preto-sp-e-regiao-ismael-colosi\/"},"img":{"alt_text":"","src":"https:\/\/i0.wp.com\/ismaelcolosi.com.br\/wp-content\/uploads\/2024\/07\/Copia-de-Copia-de-TAMANHO-EXATO-PARA-FOTOS-NO-SISTEMA-NOVO-36_2024-07-18_17-34-36_jpg_2024-07-18_17-34-36.webp.webp?fit=1200%2C675&ssl=1&resize=350%2C200","width":350,"height":200,"srcset":"https:\/\/i0.wp.com\/ismaelcolosi.com.br\/wp-content\/uploads\/2024\/07\/Copia-de-Copia-de-TAMANHO-EXATO-PARA-FOTOS-NO-SISTEMA-NOVO-36_2024-07-18_17-34-36_jpg_2024-07-18_17-34-36.webp.webp?fit=1200%2C675&ssl=1&resize=350%2C200 1x, https:\/\/i0.wp.com\/ismaelcolosi.com.br\/wp-content\/uploads\/2024\/07\/Copia-de-Copia-de-TAMANHO-EXATO-PARA-FOTOS-NO-SISTEMA-NOVO-36_2024-07-18_17-34-36_jpg_2024-07-18_17-34-36.webp.webp?fit=1200%2C675&ssl=1&resize=525%2C300 1.5x, https:\/\/i0.wp.com\/ismaelcolosi.com.br\/wp-content\/uploads\/2024\/07\/Copia-de-Copia-de-TAMANHO-EXATO-PARA-FOTOS-NO-SISTEMA-NOVO-36_2024-07-18_17-34-36_jpg_2024-07-18_17-34-36.webp.webp?fit=1200%2C675&ssl=1&resize=700%2C400 2x, https:\/\/i0.wp.com\/ismaelcolosi.com.br\/wp-content\/uploads\/2024\/07\/Copia-de-Copia-de-TAMANHO-EXATO-PARA-FOTOS-NO-SISTEMA-NOVO-36_2024-07-18_17-34-36_jpg_2024-07-18_17-34-36.webp.webp?fit=1200%2C675&ssl=1&resize=1050%2C600 3x"},"classes":[]},{"id":55641,"url":"https:\/\/ismaelcolosi.com.br\/index.php\/2024\/07\/04\/ana-castela-abre-programacao-musical-em-rodeio-na-regiao-de-ribeirao-preto\/","url_meta":{"origin":55402,"position":3},"title":"Ana Castela abre programa\u00e7\u00e3o musical em rodeio na regi\u00e3o de Ribeir\u00e3o Preto","author":"ismaelcolosi.com.br","date":"4 de July de 2024","format":false,"excerpt":"A cantora sertaneja, Ana Castela, abre a programa\u00e7\u00e3o musical do \u201cOrl\u00e2ndia Rodeo Music\u201d, que come\u00e7a nesta quinta-feira (4). O evento segue at\u00e9 o dia 8 de julho, v\u00e9spera de feriado. Conhecida como a \u201cBoiadeira\u201d, a cantora se apresenta no Recinto do Rodeio, que fica na avenida S com a rua\u2026","rel":"","context":"In &quot;Not\u00edcias de Ribeir\u00e3o Preto-SP e Regi\u00e3o&quot;","block_context":{"text":"Not\u00edcias de Ribeir\u00e3o Preto-SP e Regi\u00e3o","link":"https:\/\/ismaelcolosi.com.br\/index.php\/category\/noticias-de-ribeirao-preto-sp-e-regiao-ismael-colosi\/"},"img":{"alt_text":"","src":"https:\/\/i0.wp.com\/ismaelcolosi.com.br\/wp-content\/uploads\/2024\/07\/WhatsApp-Image-2024-07-04-at-11.57.01-1_2024-07-04_15-47-30_jpeg_2024-07-04_15-47-30.webp.webp?fit=1200%2C800&ssl=1&resize=350%2C200","width":350,"height":200,"srcset":"https:\/\/i0.wp.com\/ismaelcolosi.com.br\/wp-content\/uploads\/2024\/07\/WhatsApp-Image-2024-07-04-at-11.57.01-1_2024-07-04_15-47-30_jpeg_2024-07-04_15-47-30.webp.webp?fit=1200%2C800&ssl=1&resize=350%2C200 1x, https:\/\/i0.wp.com\/ismaelcolosi.com.br\/wp-content\/uploads\/2024\/07\/WhatsApp-Image-2024-07-04-at-11.57.01-1_2024-07-04_15-47-30_jpeg_2024-07-04_15-47-30.webp.webp?fit=1200%2C800&ssl=1&resize=525%2C300 1.5x, https:\/\/i0.wp.com\/ismaelcolosi.com.br\/wp-content\/uploads\/2024\/07\/WhatsApp-Image-2024-07-04-at-11.57.01-1_2024-07-04_15-47-30_jpeg_2024-07-04_15-47-30.webp.webp?fit=1200%2C800&ssl=1&resize=700%2C400 2x, https:\/\/i0.wp.com\/ismaelcolosi.com.br\/wp-content\/uploads\/2024\/07\/WhatsApp-Image-2024-07-04-at-11.57.01-1_2024-07-04_15-47-30_jpeg_2024-07-04_15-47-30.webp.webp?fit=1200%2C800&ssl=1&resize=1050%2C600 3x"},"classes":[]},{"id":39458,"url":"https:\/\/ismaelcolosi.com.br\/index.php\/2024\/02\/26\/ribeirao-rodeo-music-jorge-e-mateus-lancam-musica-com-lauana-prado\/","url_meta":{"origin":55402,"position":4},"title":"Ribeir\u00e3o Rodeo Music: Jorge e Mateus lan\u00e7am m\u00fasica com Lauana Prado","author":"ismaelcolosi.com.br","date":"26 de February de 2024","format":false,"excerpt":"Atra\u00e7\u00e3o confirmada no Ribeir\u00e3o Rodeo Music, a dupla Jorge e Mateus lan\u00e7ou na \u00faltima semana a m\u00fasica \u201cHaver\u00e1 Sinais\u201d, que conta com a participa\u00e7\u00e3o da cantora Lauana Prado, que tamb\u00e9m \u00e9 atra\u00e7\u00e3o no evento. A parceria entre os artistas \u00e9 o primeiro lan\u00e7amento de Jorge e Mateus em 2024 e\u2026","rel":"","context":"In &quot;Not\u00edcias de Ribeir\u00e3o Preto-SP e Regi\u00e3o&quot;","block_context":{"text":"Not\u00edcias de Ribeir\u00e3o Preto-SP e Regi\u00e3o","link":"https:\/\/ismaelcolosi.com.br\/index.php\/category\/noticias-de-ribeirao-preto-sp-e-regiao-ismael-colosi\/"},"img":{"alt_text":"","src":"https:\/\/i0.wp.com\/ismaelcolosi.com.br\/wp-content\/uploads\/2024\/02\/jorge-e-mateus-lauana-prado.jpg?fit=950%2C731&ssl=1&resize=350%2C200","width":350,"height":200,"srcset":"https:\/\/i0.wp.com\/ismaelcolosi.com.br\/wp-content\/uploads\/2024\/02\/jorge-e-mateus-lauana-prado.jpg?fit=950%2C731&ssl=1&resize=350%2C200 1x, https:\/\/i0.wp.com\/ismaelcolosi.com.br\/wp-content\/uploads\/2024\/02\/jorge-e-mateus-lauana-prado.jpg?fit=950%2C731&ssl=1&resize=525%2C300 1.5x, https:\/\/i0.wp.com\/ismaelcolosi.com.br\/wp-content\/uploads\/2024\/02\/jorge-e-mateus-lauana-prado.jpg?fit=950%2C731&ssl=1&resize=700%2C400 2x"},"classes":[]},{"id":38827,"url":"https:\/\/ismaelcolosi.com.br\/index.php\/2024\/02\/21\/veja-os-valores-dos-ingressos-para-o-ribeirao-rodeo-music\/","url_meta":{"origin":55402,"position":5},"title":"Veja os valores dos ingressos para o Ribeir\u00e3o Rodeo Music","author":"ismaelcolosi.com.br","date":"21 de February de 2024","format":false,"excerpt":"Faltando dois meses para o Ribeir\u00e3o Rodeo Music, que acontece de 20 a 30 de abril, as vendas de ingressos para o evento j\u00e1 est\u00e3o acontecendo de forma on-line e, desde ter\u00e7a-feira (20), come\u00e7ou tamb\u00e9m nas lojas Oscar Cal\u00e7ados do Novo Shopping e no Centro de Ribeir\u00e3o Preto (veja abaixo).\u2026","rel":"","context":"In &quot;Not\u00edcias de Ribeir\u00e3o Preto-SP e Regi\u00e3o&quot;","block_context":{"text":"Not\u00edcias de Ribeir\u00e3o Preto-SP e Regi\u00e3o","link":"https:\/\/ismaelcolosi.com.br\/index.php\/category\/noticias-de-ribeirao-preto-sp-e-regiao-ismael-colosi\/"},"img":{"alt_text":"","src":"https:\/\/i0.wp.com\/ismaelcolosi.com.br\/wp-content\/uploads\/2024\/02\/3-10.jpg?fit=1200%2C675&ssl=1&resize=350%2C200","width":350,"height":200,"srcset":"https:\/\/i0.wp.com\/ismaelcolosi.com.br\/wp-content\/uploads\/2024\/02\/3-10.jpg?fit=1200%2C675&ssl=1&resize=350%2C200 1x, https:\/\/i0.wp.com\/ismaelcolosi.com.br\/wp-content\/uploads\/2024\/02\/3-10.jpg?fit=1200%2C675&ssl=1&resize=525%2C300 1.5x, https:\/\/i0.wp.com\/ismaelcolosi.com.br\/wp-content\/uploads\/2024\/02\/3-10.jpg?fit=1200%2C675&ssl=1&resize=700%2C400 2x, https:\/\/i0.wp.com\/ismaelcolosi.com.br\/wp-content\/uploads\/2024\/02\/3-10.jpg?fit=1200%2C675&ssl=1&resize=1050%2C600 3x"},"classes":[]}],"jetpack_sharing_enabled":true,"jetpack_shortlink":"https:\/\/wp.me\/pfMlyK-epA","_links":{"self":[{"href":"https:\/\/ismaelcolosi.com.br\/index.php\/wp-json\/wp\/v2\/posts\/55402","targetHints":{"allow":["GET"]}}],"collection":[{"href":"https:\/\/ismaelcolosi.com.br\/index.php\/wp-json\/wp\/v2\/posts"}],"about":[{"href":"https:\/\/ismaelcolosi.com.br\/index.php\/wp-json\/wp\/v2\/types\/post"}],"author":[{"embeddable":true,"href":"https:\/\/ismaelcolosi.com.br\/index.php\/wp-json\/wp\/v2\/users\/1"}],"replies":[{"embeddable":true,"href":"https:\/\/ismaelcolosi.com.br\/index.php\/wp-json\/wp\/v2\/comments?post=55402"}],"version-history":[{"count":0,"href":"https:\/\/ismaelcolosi.com.br\/index.php\/wp-json\/wp\/v2\/posts\/55402\/revisions"}],"wp:featuredmedia":[{"embeddable":true,"href":"https:\/\/ismaelcolosi.com.br\/index.php\/wp-json\/wp\/v2\/media\/55403"}],"wp:attachment":[{"href":"https:\/\/ismaelcolosi.com.br\/index.php\/wp-json\/wp\/v2\/media?parent=55402"}],"wp:term":[{"taxonomy":"category","embeddable":true,"href":"https:\/\/ismaelcolosi.com.br\/index.php\/wp-json\/wp\/v2\/categories?post=55402"},{"taxonomy":"post_tag","embeddable":true,"href":"https:\/\/ismaelcolosi.com.br\/index.php\/wp-json\/wp\/v2\/tags?post=55402"}],"curies":[{"name":"wp","href":"https:\/\/api.w.org\/{rel}","templated":true}]}}