{"id":55400,"date":"2024-07-02T19:35:34","date_gmt":"2024-07-02T22:35:34","guid":{"rendered":"https:\/\/ismaelcolosi.com.br\/index.php\/2024\/07\/02\/caso-wesley-policia-recebe-novas-informacoes-e-faz-buscas-pelo-garoto-que-desapareceu-em-2020\/"},"modified":"2024-07-02T19:35:34","modified_gmt":"2024-07-02T22:35:34","slug":"caso-wesley-policia-recebe-novas-informacoes-e-faz-buscas-pelo-garoto-que-desapareceu-em-2020","status":"publish","type":"post","link":"https:\/\/ismaelcolosi.com.br\/index.php\/2024\/07\/02\/caso-wesley-policia-recebe-novas-informacoes-e-faz-buscas-pelo-garoto-que-desapareceu-em-2020\/","title":{"rendered":"Caso Wesley: Pol\u00edcia recebe novas informa\u00e7\u00f5es e faz buscas pelo garoto que desapareceu em 2020"},"content":{"rendered":"<p> <br \/>\n<\/p>\n<div>\n<p>A <strong>Pol\u00edcia Civil<\/strong> realizou, nesta ter\u00e7a-feira (2), novas buscas pelo garoto <strong>Wesley Pires Alves Filho<\/strong>, que desapareceu quando tinha 13 anos, em <strong>Franca<\/strong>, cidade na regi\u00e3o de <strong>Ribeir\u00e3o Preto<\/strong>.<\/p>\n<p><mark style=\"background-color:#fcb900\" class=\"has-inline-color\">A a\u00e7\u00e3o foi realizada ap\u00f3s uma mulher denunciar seu ex-marido pela <strong>suspeita de estupro e morte do adolescente<\/strong>, visto pela \u00faltima vez em <strong>agosto de 2020<\/strong>.<\/mark><\/p>\n<h3 class=\"wp-block-heading\"><strong>Den\u00fancia<\/strong><\/h3>\n<p>De acordo com apura\u00e7\u00e3o da <em><strong>EPTV<\/strong><\/em>, a <strong>mulher teria procurado a pol\u00edcia em maio deste ano<\/strong>, ap\u00f3s os filhos, de 9 e 10 anos, terem relatado que sofreram <strong>abuso sexual por parte do pai<\/strong>.<\/p>\n<p>Entretanto, na semana passada, a mulher procurou novamente a pol\u00edcia dizendo que tinha <strong>novas informa\u00e7\u00f5es <\/strong>sobre o paradeiro de <strong>Wesley<\/strong>.<\/p>\n<p><mark style=\"background-color:#fcb900\" class=\"has-inline-color\">Ela disse \u00e0s autoridades que o filho mais novo disse que o <strong>pai teria estuprado e matado o adolescente em 2020<\/strong>.<\/mark> De acordo com o advogado Andr\u00e9 Evangelista, representante da mulher, a pol\u00edcia deve investigar o acusado pelos crimes de abuso sexual e pedofilia contra os filhos, al\u00e9m de crime sexual e homic\u00eddio contra <strong>Wesley<\/strong>.<\/p>\n<figure class=\"wp-block-pullquote\">\n<blockquote>\n<p>A mesma situa\u00e7\u00e3o se desdobrou em dois casos, um quadro de abuso sexual e crimes sexuais, e o outro que pode culminar com o esclarecimento sobre o suposto desaparecimento do menor Wesley e aqui at\u00e9 de homic\u00eddio. Ali\u00e1s, crime sexual seguido de homic\u00eddio doloso<\/p>\n<p><cite>disse o advogado \u00e0 EPTV<\/cite><\/p><\/blockquote>\n<\/figure>\n<h3 class=\"wp-block-heading\"><strong>Buscas por Wesley<\/strong><\/h3>\n<p>Ap\u00f3s depoimento formal na <strong>Delegacia de Investiga\u00e7\u00f5es Gerais (DIG)<\/strong> de <strong>Franca<\/strong>, as buscas foram realizadas por <strong>equipes dos bombeiros e da pol\u00edcia<\/strong>, em um brejo no fundo do Jardim Aeroporto IV, na tarde desta ter\u00e7a-feira.<\/p>\n<p>O local seria onde supostamente o <strong>corpo de Wesley teria sido desovado pelo acusado<\/strong>. Contudo, ap\u00f3s mais de duas horas, as equipes encerraram os trabalhos <strong>sem encontrar vest\u00edgios do corpo do adolescente<\/strong>.<\/p>\n<h4 class=\"wp-block-heading\"><strong>Relembre o caso<\/strong><\/h4>\n<p><strong>Wesley Filh<\/strong>o desapareceu no dia 28 de agosto de 2020, quando deixou a casa da fam\u00edlia para ir a um varej\u00e3o, no Jardim Aeroporto I, em <strong>Franca<\/strong>. C\u00e2meras de seguran\u00e7a <strong>flagraram o garoto<\/strong> andando pelos bairros Jardim Fl\u00f3rida e Vila Real.<\/p>\n<p>O<strong> \u00faltimo registro do adolescente<\/strong> tamb\u00e9m foi realizado por c\u00e2meras de seguran\u00e7a, ao lado da rodovia Ronan Rocha, empurrando uma bicicleta em dire\u00e7\u00e3o a Patroc\u00ednio Paulista.<\/p>\n<p>Durante esse todo esse per\u00edodo de buscas, a fam\u00edlia <strong>recebeu informa\u00e7\u00f5es falsas<\/strong> sobre o caso e chegou a realizar buscas em <strong>cidades mineiras e no litoral paulista<\/strong>.<\/p>\n<p><em>*Com informa\u00e7\u00f5es da EPTV<\/em><\/p>\n<hr class=\"wp-block-separator has-alpha-channel-opacity\"\/>\n<p>SAIBA MAIS<\/p>\n<p>Prefeitura de Ribeir\u00e3o abre inscri\u00e7\u00f5es para novo processo seletivo; Veja como participar<\/p>\n<h4 class=\"wp-block-heading\"><strong>FIQUE ON<\/strong><\/h4>\n<p>Fique ligado em tudo que acontece em Ribeir\u00e3o Preto e regi\u00e3o. Siga os perfis do\u00a0<strong>acidade on<\/strong>\u00a0no<a href=\"https:\/\/www.instagram.com\/acidadeonribeirao\" target=\"_blank\" rel=\"noreferrer noopener\">\u00a0Instagram<\/a>\u00a0e no\u00a0<a href=\"https:\/\/www.facebook.com\/acidadeonribeirao\/\" target=\"_blank\" rel=\"noreferrer noopener\">Facebook<\/a>.<\/p>\n<p>Receba not\u00edcias do\u00a0<strong>acidade on<\/strong>\u00a0no WhatsApp.<a href=\"https:\/\/chat.whatsapp.com\/CdrZ6xrf7quD44Vw3WlPuZ\" target=\"_blank\" rel=\"noreferrer noopener\">\u00a0Para entrar no grupo, basta clicar aqui.<\/a><\/p>\n<p>Fa\u00e7a uma den\u00fancia ou sugira uma reportagem sobre Ribeir\u00e3o Preto e regi\u00e3o pelo WhatsApp: 16 99117 7802.<\/p>\n<p>VEJA TAMB\u00c9M<\/p>\n<p>Ti\u00e3o Galinha morre em Renascer?<\/p>\n<p><!-- AI CONTENT END 1 -->\n<\/div>\n<p><script async src=\"\/\/www.instagram.com\/embed.js\"><\/script><br \/>\n<br \/><br \/>\n<br \/><a href=\"https:\/\/www.acidadeon.com\/ribeiraopreto\/cotidiano\/caso-wesley-policia-recebe-novas-informacoes-e-faz-buscas-pelo-garoto-que-desapareceu-em-2020\/\">Source link <\/a><\/p>\n<div class='code-block code-block-4' style='margin: 8px auto 8px 0; text-align: left; display: block; clear: both;'>\n\ud83d\udce2 Aviso Legal\n\nO site ismaelcolosi.com.br atua apenas como um canal de divulga\u00e7\u00e3o de oportunidades de emprego e n\u00e3o se responsabiliza pelo processo seletivo, contrata\u00e7\u00e3o ou qualquer outra etapa relacionada \u00e0s vagas publicadas. Todas as informa\u00e7\u00f5es s\u00e3o de responsabilidade dos anunciantes.\n\n\u26a0\ufe0f Aten\u00e7\u00e3o! Nunca pague por promessas de emprego nem compre cursos que garantam contrata\u00e7\u00e3o. Desconfie de qualquer cobran\u00e7a para participar de sele\u00e7\u00f5es.\n\n\n\n<\/div>\n<!-- CONTENT END 1 -->\n","protected":false},"excerpt":{"rendered":"<p>A Pol\u00edcia Civil realizou, nesta ter\u00e7a-feira (2), novas buscas pelo garoto Wesley Pires Alves Filho, que desapareceu quando tinha 13 anos, em Franca, cidade na&#8230;<\/p>\n","protected":false},"author":1,"featured_media":55401,"comment_status":"open","ping_status":"open","sticky":false,"template":"","format":"standard","meta":{"_uag_custom_page_level_css":"","advanced_seo_description":"","jetpack_seo_html_title":"","jetpack_seo_noindex":false,"jetpack_post_was_ever_published":false,"_jetpack_newsletter_access":"","_jetpack_dont_email_post_to_subs":false,"_jetpack_newsletter_tier_id":0,"_jetpack_memberships_contains_paywalled_content":false,"_jetpack_memberships_contains_paid_content":false,"footnotes":"","jetpack_publicize_message":"","jetpack_publicize_feature_enabled":true,"jetpack_social_post_already_shared":true,"jetpack_social_options":{"image_generator_settings":{"template":"highway","default_image_id":0,"font":"","enabled":false},"version":2}},"categories":[11],"tags":[],"class_list":["post-55400","post","type-post","status-publish","format-standard","has-post-thumbnail","hentry","category-noticias-de-ribeirao-preto-sp-e-regiao-ismael-colosi"],"jetpack_publicize_connections":[],"jetpack_featured_media_url":"https:\/\/i0.wp.com\/ismaelcolosi.com.br\/wp-content\/uploads\/2024\/07\/wesley_franca_1024x576_03092020100119.jpg?fit=1024%2C576&ssl=1","uagb_featured_image_src":{"full":["https:\/\/i0.wp.com\/ismaelcolosi.com.br\/wp-content\/uploads\/2024\/07\/wesley_franca_1024x576_03092020100119.jpg?fit=1024%2C576&ssl=1",1024,576,false],"thumbnail":["https:\/\/i0.wp.com\/ismaelcolosi.com.br\/wp-content\/uploads\/2024\/07\/wesley_franca_1024x576_03092020100119.jpg?resize=150%2C150&ssl=1",150,150,true],"medium":["https:\/\/i0.wp.com\/ismaelcolosi.com.br\/wp-content\/uploads\/2024\/07\/wesley_franca_1024x576_03092020100119.jpg?fit=300%2C169&ssl=1",300,169,true],"medium_large":["https:\/\/i0.wp.com\/ismaelcolosi.com.br\/wp-content\/uploads\/2024\/07\/wesley_franca_1024x576_03092020100119.jpg?fit=768%2C432&ssl=1",768,432,true],"large":["https:\/\/i0.wp.com\/ismaelcolosi.com.br\/wp-content\/uploads\/2024\/07\/wesley_franca_1024x576_03092020100119.jpg?fit=1024%2C576&ssl=1",1024,576,true],"1536x1536":["https:\/\/i0.wp.com\/ismaelcolosi.com.br\/wp-content\/uploads\/2024\/07\/wesley_franca_1024x576_03092020100119.jpg?fit=1024%2C576&ssl=1",1024,576,true],"2048x2048":["https:\/\/i0.wp.com\/ismaelcolosi.com.br\/wp-content\/uploads\/2024\/07\/wesley_franca_1024x576_03092020100119.jpg?fit=1024%2C576&ssl=1",1024,576,true],"really-simple-thumb":["https:\/\/i0.wp.com\/ismaelcolosi.com.br\/wp-content\/uploads\/2024\/07\/wesley_franca_1024x576_03092020100119.jpg?resize=370%2C247&ssl=1",370,247,true]},"uagb_author_info":{"display_name":"ismaelcolosi.com.br","author_link":"https:\/\/ismaelcolosi.com.br\/index.php\/author\/vidareal-online\/"},"uagb_comment_info":0,"uagb_excerpt":"A Pol\u00edcia Civil realizou, nesta ter\u00e7a-feira (2), novas buscas pelo garoto Wesley Pires Alves Filho, que desapareceu quando tinha 13 anos, em Franca, cidade na...","jetpack-related-posts":[{"id":55662,"url":"https:\/\/ismaelcolosi.com.br\/index.php\/2024\/07\/04\/caso-wesley-veja-o-que-se-sabe-sobre-desaparecimento-apos-novas-denuncias\/","url_meta":{"origin":55400,"position":0},"title":"Caso Wesley: Veja o que se sabe sobre desaparecimento ap\u00f3s novas den\u00fancias","author":"ismaelcolosi.com.br","date":"4 de July de 2024","format":false,"excerpt":"O homem acusado de matar o adolescente Wesley Pires Alves Filho se apresentou \u00e0 Pol\u00edcia Civil nesta quarta-feira (3), em Franca, na regi\u00e3o de Ribeir\u00e3o Preto. O garoto tinha 13 anos quando despareceu, em agosto de 2020. O caso ganhou repercuss\u00e3o nacional. Nesta ter\u00e7a-feira (2), a pol\u00edcia realizou buscas pelo\u2026","rel":"","context":"In &quot;Not\u00edcias de Ribeir\u00e3o Preto-SP e Regi\u00e3o&quot;","block_context":{"text":"Not\u00edcias de Ribeir\u00e3o Preto-SP e Regi\u00e3o","link":"https:\/\/ismaelcolosi.com.br\/index.php\/category\/noticias-de-ribeirao-preto-sp-e-regiao-ismael-colosi\/"},"img":{"alt_text":"","src":"https:\/\/i0.wp.com\/ismaelcolosi.com.br\/wp-content\/uploads\/2024\/07\/wesley_desaparecido_1024x576_09062021121034.jpg?fit=1024%2C576&ssl=1&resize=350%2C200","width":350,"height":200,"srcset":"https:\/\/i0.wp.com\/ismaelcolosi.com.br\/wp-content\/uploads\/2024\/07\/wesley_desaparecido_1024x576_09062021121034.jpg?fit=1024%2C576&ssl=1&resize=350%2C200 1x, https:\/\/i0.wp.com\/ismaelcolosi.com.br\/wp-content\/uploads\/2024\/07\/wesley_desaparecido_1024x576_09062021121034.jpg?fit=1024%2C576&ssl=1&resize=525%2C300 1.5x, https:\/\/i0.wp.com\/ismaelcolosi.com.br\/wp-content\/uploads\/2024\/07\/wesley_desaparecido_1024x576_09062021121034.jpg?fit=1024%2C576&ssl=1&resize=700%2C400 2x"},"classes":[]},{"id":41366,"url":"https:\/\/ismaelcolosi.com.br\/index.php\/2024\/03\/07\/idosa-de-79-anos-com-alzheimer-esta-desaparecida-ha-10-dias-em-ribeirao-preto\/","url_meta":{"origin":55400,"position":1},"title":"Idosa de 79 anos com Alzheimer est\u00e1 desaparecida h\u00e1 10 dias em Ribeir\u00e3o Preto","author":"ismaelcolosi.com.br","date":"7 de March de 2024","format":false,"excerpt":"A idosa Ana de Jesus Barbosa, de 79 anos, est\u00e1 desaparecida desde o dia 26 de fevereiro. Com Alzheimer, a mulher foi vista pela \u00faltima vez \u00e0s 7h30, ainda dentro da casa onde mora em um assentamento no bairro Jardim Pedra Branca, na zona Leste de Ribeir\u00e3o Preto. Segundo a\u2026","rel":"","context":"In &quot;Not\u00edcias de Ribeir\u00e3o Preto-SP e Regi\u00e3o&quot;","block_context":{"text":"Not\u00edcias de Ribeir\u00e3o Preto-SP e Regi\u00e3o","link":"https:\/\/ismaelcolosi.com.br\/index.php\/category\/noticias-de-ribeirao-preto-sp-e-regiao-ismael-colosi\/"},"img":{"alt_text":"","src":"https:\/\/i0.wp.com\/ismaelcolosi.com.br\/wp-content\/uploads\/2024\/03\/Copia-de-Copia-de-TAMANHO-EXATO-PARA-FOTOS-NO-SISTEMA-NOVO-38.jpg?fit=1200%2C675&ssl=1&resize=350%2C200","width":350,"height":200,"srcset":"https:\/\/i0.wp.com\/ismaelcolosi.com.br\/wp-content\/uploads\/2024\/03\/Copia-de-Copia-de-TAMANHO-EXATO-PARA-FOTOS-NO-SISTEMA-NOVO-38.jpg?fit=1200%2C675&ssl=1&resize=350%2C200 1x, https:\/\/i0.wp.com\/ismaelcolosi.com.br\/wp-content\/uploads\/2024\/03\/Copia-de-Copia-de-TAMANHO-EXATO-PARA-FOTOS-NO-SISTEMA-NOVO-38.jpg?fit=1200%2C675&ssl=1&resize=525%2C300 1.5x, https:\/\/i0.wp.com\/ismaelcolosi.com.br\/wp-content\/uploads\/2024\/03\/Copia-de-Copia-de-TAMANHO-EXATO-PARA-FOTOS-NO-SISTEMA-NOVO-38.jpg?fit=1200%2C675&ssl=1&resize=700%2C400 2x, https:\/\/i0.wp.com\/ismaelcolosi.com.br\/wp-content\/uploads\/2024\/03\/Copia-de-Copia-de-TAMANHO-EXATO-PARA-FOTOS-NO-SISTEMA-NOVO-38.jpg?fit=1200%2C675&ssl=1&resize=1050%2C600 3x"},"classes":[]},{"id":44217,"url":"https:\/\/ismaelcolosi.com.br\/index.php\/2024\/03\/26\/desaparecimento-de-idosa-com-alzheimer-completa-um-mes-em-ribeirao-preto\/","url_meta":{"origin":55400,"position":2},"title":"Desaparecimento de idosa com Alzheimer completa um m\u00eas em Ribeir\u00e3o Preto","author":"ismaelcolosi.com.br","date":"26 de March de 2024","format":false,"excerpt":"Completou nesta ter\u00e7a-feira (26), um m\u00eas que a idosa Ana de Jesus Novais, de 79 anos, est\u00e1 desaparecida em Ribeir\u00e3o Preto. A fam\u00edlia registrou boletim de ocorr\u00eancia sobre o caso, mas at\u00e9 o momento diz n\u00e3o ter informa\u00e7\u00e3o sobre o paradeiro da mulher. Ao portal acidade on Ribeir\u00e3o, a neta\u2026","rel":"","context":"In &quot;Not\u00edcias de Ribeir\u00e3o Preto-SP e Regi\u00e3o&quot;","block_context":{"text":"Not\u00edcias de Ribeir\u00e3o Preto-SP e Regi\u00e3o","link":"https:\/\/ismaelcolosi.com.br\/index.php\/category\/noticias-de-ribeirao-preto-sp-e-regiao-ismael-colosi\/"},"img":{"alt_text":"","src":"https:\/\/i0.wp.com\/ismaelcolosi.com.br\/wp-content\/uploads\/2024\/03\/1711478892_Copia-de-Copia-de-TAMANHO-EXATO-PARA-FOTOS-NO-SISTEMA-NOVO-38.jpg?fit=1200%2C675&ssl=1&resize=350%2C200","width":350,"height":200,"srcset":"https:\/\/i0.wp.com\/ismaelcolosi.com.br\/wp-content\/uploads\/2024\/03\/1711478892_Copia-de-Copia-de-TAMANHO-EXATO-PARA-FOTOS-NO-SISTEMA-NOVO-38.jpg?fit=1200%2C675&ssl=1&resize=350%2C200 1x, https:\/\/i0.wp.com\/ismaelcolosi.com.br\/wp-content\/uploads\/2024\/03\/1711478892_Copia-de-Copia-de-TAMANHO-EXATO-PARA-FOTOS-NO-SISTEMA-NOVO-38.jpg?fit=1200%2C675&ssl=1&resize=525%2C300 1.5x, https:\/\/i0.wp.com\/ismaelcolosi.com.br\/wp-content\/uploads\/2024\/03\/1711478892_Copia-de-Copia-de-TAMANHO-EXATO-PARA-FOTOS-NO-SISTEMA-NOVO-38.jpg?fit=1200%2C675&ssl=1&resize=700%2C400 2x, https:\/\/i0.wp.com\/ismaelcolosi.com.br\/wp-content\/uploads\/2024\/03\/1711478892_Copia-de-Copia-de-TAMANHO-EXATO-PARA-FOTOS-NO-SISTEMA-NOVO-38.jpg?fit=1200%2C675&ssl=1&resize=1050%2C600 3x"},"classes":[]},{"id":46137,"url":"https:\/\/ismaelcolosi.com.br\/index.php\/2024\/04\/09\/drone-e-usado-em-buscas-por-idosa-desaparecida-ha-mais-de-40-dias-em-ribeirao\/","url_meta":{"origin":55400,"position":3},"title":"Drone \u00e9 usado em buscas por idosa desaparecida h\u00e1 mais de 40 dias em Ribeir\u00e3o","author":"ismaelcolosi.com.br","date":"9 de April de 2024","format":false,"excerpt":"A Pol\u00edcia Civil de Ribeir\u00e3o Preto usou um drone para realizar buscas pela idosa de 79 anos com Alzheimer que est\u00e1 desaparecida h\u00e1 44 dias. A a\u00e7\u00e3o aconteceu na tarde desta ter\u00e7a-feira (9), no assentamento no bairro Jardim Pedra Branca, na zona Leste da cidade. Segundo a pol\u00edcia, uma equipe\u2026","rel":"","context":"In &quot;Not\u00edcias de Ribeir\u00e3o Preto-SP e Regi\u00e3o&quot;","block_context":{"text":"Not\u00edcias de Ribeir\u00e3o Preto-SP e Regi\u00e3o","link":"https:\/\/ismaelcolosi.com.br\/index.php\/category\/noticias-de-ribeirao-preto-sp-e-regiao-ismael-colosi\/"},"img":{"alt_text":"","src":"https:\/\/i0.wp.com\/ismaelcolosi.com.br\/wp-content\/uploads\/2024\/04\/Copia-de-Copia-de-TAMANHO-EXATO-PARA-FOTOS-NO-SISTEMA-NOVO-38.jpg?fit=1200%2C675&ssl=1&resize=350%2C200","width":350,"height":200,"srcset":"https:\/\/i0.wp.com\/ismaelcolosi.com.br\/wp-content\/uploads\/2024\/04\/Copia-de-Copia-de-TAMANHO-EXATO-PARA-FOTOS-NO-SISTEMA-NOVO-38.jpg?fit=1200%2C675&ssl=1&resize=350%2C200 1x, https:\/\/i0.wp.com\/ismaelcolosi.com.br\/wp-content\/uploads\/2024\/04\/Copia-de-Copia-de-TAMANHO-EXATO-PARA-FOTOS-NO-SISTEMA-NOVO-38.jpg?fit=1200%2C675&ssl=1&resize=525%2C300 1.5x, https:\/\/i0.wp.com\/ismaelcolosi.com.br\/wp-content\/uploads\/2024\/04\/Copia-de-Copia-de-TAMANHO-EXATO-PARA-FOTOS-NO-SISTEMA-NOVO-38.jpg?fit=1200%2C675&ssl=1&resize=700%2C400 2x, https:\/\/i0.wp.com\/ismaelcolosi.com.br\/wp-content\/uploads\/2024\/04\/Copia-de-Copia-de-TAMANHO-EXATO-PARA-FOTOS-NO-SISTEMA-NOVO-38.jpg?fit=1200%2C675&ssl=1&resize=1050%2C600 3x"},"classes":[]},{"id":24468,"url":"https:\/\/ismaelcolosi.com.br\/index.php\/2024\/01\/04\/corpo-e-achado-em-represa-na-regiao-onde-helicoptero-desapareceu-e-policia-se-pronuncia\/","url_meta":{"origin":55400,"position":4},"title":"Corpo \u00e9 achado em represa na regi\u00e3o onde helic\u00f3ptero desapareceu e Pol\u00edcia se pronuncia","author":"ismaelcolosi.com.br","date":"4 de January de 2024","format":false,"excerpt":"Nesta \u00faltima quarta-feira, dia 3 de janeiro, um corpo n\u00e3o identificado foi descoberto em uma represa pr\u00f3xima de Paraibuna e Natividade da Serra, no interior de S\u00e3o Paulo, durante as buscas pelo helic\u00f3ptero desaparecido desde domingo, dia 31 de dezembro.A aeronave partiu da localidade de S\u00e3o Paulo com destino a\u2026","rel":"","context":"In &quot;Blog&quot;","block_context":{"text":"Blog","link":"https:\/\/ismaelcolosi.com.br\/index.php\/category\/blog\/"},"img":{"alt_text":"","src":"https:\/\/i0.wp.com\/ismaelcolosi.com.br\/wp-content\/uploads\/2024\/01\/postimg-6596ce90979919005.jpg?fit=1200%2C628&ssl=1&resize=350%2C200","width":350,"height":200,"srcset":"https:\/\/i0.wp.com\/ismaelcolosi.com.br\/wp-content\/uploads\/2024\/01\/postimg-6596ce90979919005.jpg?fit=1200%2C628&ssl=1&resize=350%2C200 1x, https:\/\/i0.wp.com\/ismaelcolosi.com.br\/wp-content\/uploads\/2024\/01\/postimg-6596ce90979919005.jpg?fit=1200%2C628&ssl=1&resize=525%2C300 1.5x, https:\/\/i0.wp.com\/ismaelcolosi.com.br\/wp-content\/uploads\/2024\/01\/postimg-6596ce90979919005.jpg?fit=1200%2C628&ssl=1&resize=700%2C400 2x, https:\/\/i0.wp.com\/ismaelcolosi.com.br\/wp-content\/uploads\/2024\/01\/postimg-6596ce90979919005.jpg?fit=1200%2C628&ssl=1&resize=1050%2C600 3x"},"classes":[]},{"id":68396,"url":"https:\/\/ismaelcolosi.com.br\/index.php\/2024\/09\/29\/moradora-da-regiao-de-ribeirao-desaparece-apos-embarcacao-virar-no-rio-grande\/","url_meta":{"origin":55400,"position":5},"title":"Moradora da regi\u00e3o de Ribeir\u00e3o desaparece ap\u00f3s embarca\u00e7\u00e3o virar no rio Grande","author":"ismaelcolosi.com.br","date":"29 de September de 2024","format":false,"excerpt":"Uma moradora de Franca, cidade na regi\u00e3o de Ribeir\u00e3o Preto, desapareceu ap\u00f3s a embarca\u00e7\u00e3o em que ela estava virar no rio Grande, entre os munic\u00edpios de Claraval e Ibiraci, em Minas Gerais, na tarde deste s\u00e1bado (28). De acordo com as informa\u00e7\u00f5es do Corpo de Bombeiros de Sacramento-MG, a mulher\u2026","rel":"","context":"In &quot;Not\u00edcias de Ribeir\u00e3o Preto-SP e Regi\u00e3o&quot;","block_context":{"text":"Not\u00edcias de Ribeir\u00e3o Preto-SP e Regi\u00e3o","link":"https:\/\/ismaelcolosi.com.br\/index.php\/category\/noticias-de-ribeirao-preto-sp-e-regiao-ismael-colosi\/"},"img":{"alt_text":"","src":"https:\/\/i0.wp.com\/ismaelcolosi.com.br\/wp-content\/uploads\/2024\/09\/Copia-de-Copia-de-Copia-de-TAMANHO-EXATO-PARA-FOTOS-NO-SISTEMA-NOVO-81_2024-09-29_20-50-40_png_2024-09-29_20-50-41.webp.webp?fit=1200%2C675&ssl=1&resize=350%2C200","width":350,"height":200,"srcset":"https:\/\/i0.wp.com\/ismaelcolosi.com.br\/wp-content\/uploads\/2024\/09\/Copia-de-Copia-de-Copia-de-TAMANHO-EXATO-PARA-FOTOS-NO-SISTEMA-NOVO-81_2024-09-29_20-50-40_png_2024-09-29_20-50-41.webp.webp?fit=1200%2C675&ssl=1&resize=350%2C200 1x, https:\/\/i0.wp.com\/ismaelcolosi.com.br\/wp-content\/uploads\/2024\/09\/Copia-de-Copia-de-Copia-de-TAMANHO-EXATO-PARA-FOTOS-NO-SISTEMA-NOVO-81_2024-09-29_20-50-40_png_2024-09-29_20-50-41.webp.webp?fit=1200%2C675&ssl=1&resize=525%2C300 1.5x, https:\/\/i0.wp.com\/ismaelcolosi.com.br\/wp-content\/uploads\/2024\/09\/Copia-de-Copia-de-Copia-de-TAMANHO-EXATO-PARA-FOTOS-NO-SISTEMA-NOVO-81_2024-09-29_20-50-40_png_2024-09-29_20-50-41.webp.webp?fit=1200%2C675&ssl=1&resize=700%2C400 2x, https:\/\/i0.wp.com\/ismaelcolosi.com.br\/wp-content\/uploads\/2024\/09\/Copia-de-Copia-de-Copia-de-TAMANHO-EXATO-PARA-FOTOS-NO-SISTEMA-NOVO-81_2024-09-29_20-50-40_png_2024-09-29_20-50-41.webp.webp?fit=1200%2C675&ssl=1&resize=1050%2C600 3x"},"classes":[]}],"jetpack_sharing_enabled":true,"jetpack_shortlink":"https:\/\/wp.me\/pfMlyK-epy","_links":{"self":[{"href":"https:\/\/ismaelcolosi.com.br\/index.php\/wp-json\/wp\/v2\/posts\/55400","targetHints":{"allow":["GET"]}}],"collection":[{"href":"https:\/\/ismaelcolosi.com.br\/index.php\/wp-json\/wp\/v2\/posts"}],"about":[{"href":"https:\/\/ismaelcolosi.com.br\/index.php\/wp-json\/wp\/v2\/types\/post"}],"author":[{"embeddable":true,"href":"https:\/\/ismaelcolosi.com.br\/index.php\/wp-json\/wp\/v2\/users\/1"}],"replies":[{"embeddable":true,"href":"https:\/\/ismaelcolosi.com.br\/index.php\/wp-json\/wp\/v2\/comments?post=55400"}],"version-history":[{"count":0,"href":"https:\/\/ismaelcolosi.com.br\/index.php\/wp-json\/wp\/v2\/posts\/55400\/revisions"}],"wp:featuredmedia":[{"embeddable":true,"href":"https:\/\/ismaelcolosi.com.br\/index.php\/wp-json\/wp\/v2\/media\/55401"}],"wp:attachment":[{"href":"https:\/\/ismaelcolosi.com.br\/index.php\/wp-json\/wp\/v2\/media?parent=55400"}],"wp:term":[{"taxonomy":"category","embeddable":true,"href":"https:\/\/ismaelcolosi.com.br\/index.php\/wp-json\/wp\/v2\/categories?post=55400"},{"taxonomy":"post_tag","embeddable":true,"href":"https:\/\/ismaelcolosi.com.br\/index.php\/wp-json\/wp\/v2\/tags?post=55400"}],"curies":[{"name":"wp","href":"https:\/\/api.w.org\/{rel}","templated":true}]}}