{"id":55399,"date":"2024-07-02T18:02:59","date_gmt":"2024-07-02T21:02:59","guid":{"rendered":"https:\/\/ismaelcolosi.com.br\/index.php\/2024\/07\/02\/prefeitura-de-ribeirao-abre-inscricoes-para-novo-processo-seletivo-veja-como-participar\/"},"modified":"2024-07-02T18:02:59","modified_gmt":"2024-07-02T21:02:59","slug":"prefeitura-de-ribeirao-abre-inscricoes-para-novo-processo-seletivo-veja-como-participar","status":"publish","type":"post","link":"https:\/\/ismaelcolosi.com.br\/index.php\/2024\/07\/02\/prefeitura-de-ribeirao-abre-inscricoes-para-novo-processo-seletivo-veja-como-participar\/","title":{"rendered":"Prefeitura de Ribeir\u00e3o abre inscri\u00e7\u00f5es para novo processo seletivo; Veja como participar"},"content":{"rendered":"<p> <br \/>\n<\/p>\n<div data-td-block-uid=\"tdi_106\">\n<div class=\"tdb-block-inner td-fix-index\">\n<p>A <strong>Prefeitura de Ribeir\u00e3o Preto<\/strong> publicou no <strong>Di\u00e1rio Oficial do Munic\u00edpio<\/strong> desta ter\u00e7a-feira (2), a abertura de <strong>processo seletivo<\/strong> destinado \u00e0 forma\u00e7\u00e3o de cadastro reserva para a contrata\u00e7\u00e3o de profissionais de n\u00edvel superior.<\/p>\n<p>As vagas s\u00e3o para a <strong>contrata\u00e7\u00e3o de professores<\/strong> em car\u00e1ter <strong>tempor\u00e1rio <\/strong>e <strong>emergencial<\/strong>. Os vencimentos variam entre <strong>R$ 22,10<\/strong> e <strong>R$ 26,61<\/strong> hora\/aula.<\/p>\n<h3 class=\"wp-block-heading\"><strong>Como participar do processo seletivo?<\/strong><\/h3>\n<p>As inscri\u00e7\u00f5es devem ser realizadas pela <strong>internet (<a href=\"https:\/\/www.concursosrbo.com.br\/Projetos\/projeto-detalhes.aspx?id=aZAEODtwQ6s=\" target=\"_blank\" rel=\"noreferrer noopener\">clique aqui<\/a>)<\/strong> no per\u00edodo de 3 a 17 de julho de 2024. <mark style=\"background-color:#fcb900\" class=\"has-inline-color\">O valor da taxa de inscri\u00e7\u00e3o \u00e9 de<strong> R$ 33,60<\/strong>.<\/mark><\/p>\n<p>A prova objetiva deve ser aplicada no dia <strong>11 de agosto de 2024<\/strong>. O edital completo pode ser conferido <a href=\"https:\/\/www.concursosrbo.com.br\/Projetos\/projeto-detalhes.aspx?id=aZAEODtwQ6s=\" target=\"_blank\" rel=\"noreferrer noopener\">clicando aqui<\/a>.<\/p>\n<h4 class=\"wp-block-heading\"><strong>Confira as oportunidades<\/strong><\/h4>\n<ul>\n<li>Professor de Educa\u00e7\u00e3o B\u00e1sica I<\/li>\n<\/ul>\n<ul>\n<li>Professor de Educa\u00e7\u00e3o B\u00e1sica II<\/li>\n<\/ul>\n<ul>\n<li>Professor de Educa\u00e7\u00e3o B\u00e1sica III \u2013 Ci\u00eancias F\u00edsicas e Biol\u00f3gicas<\/li>\n<\/ul>\n<ul>\n<li>Professor de Educa\u00e7\u00e3o B\u00e1sica III \u2013 Educa\u00e7\u00e3o F\u00edsica<\/li>\n<\/ul>\n<ul>\n<li>Professor de Educa\u00e7\u00e3o B\u00e1sica III \u2013 Geografia<\/li>\n<\/ul>\n<ul>\n<li>Professor de Educa\u00e7\u00e3o B\u00e1sica III \u2013 Guia-Int\u00e9rprete<\/li>\n<\/ul>\n<ul>\n<li>Professor de Educa\u00e7\u00e3o B\u00e1sica III \u2013 Hist\u00f3ria<\/li>\n<\/ul>\n<ul>\n<li>Professor de Educa\u00e7\u00e3o B\u00e1sica III \u2013 L\u00edngua Portuguesa<\/li>\n<\/ul>\n<ul>\n<li>Professor de Educa\u00e7\u00e3o B\u00e1sica III \u2013 Professor Int\u00e9rprete com Dom\u00ednio em Libras<\/li>\n<\/ul>\n<ul>\n<li>Professor de Educa\u00e7\u00e3o B\u00e1sica III \u2013 Professor Surdo com Dom\u00ednio em Libras<\/li>\n<\/ul>\n<hr class=\"wp-block-separator has-alpha-channel-opacity\"\/>\n<p>SAIBA MAIS<\/p>\n<p>Prefeitura no interior de SP reabre inscri\u00e7\u00f5es para concurso p\u00fablico com 62 vagas<\/p>\n<h4 class=\"wp-block-heading\"><strong>FIQUE ON<\/strong><\/h4>\n<p>Fique ligado em tudo que acontece em Ribeir\u00e3o Preto e regi\u00e3o. Siga os perfis do\u00a0<strong>acidade on<\/strong>\u00a0no<a href=\"https:\/\/www.instagram.com\/acidadeonribeirao\" target=\"_blank\" rel=\"noreferrer noopener\">\u00a0Instagram<\/a>\u00a0e no\u00a0<a href=\"https:\/\/www.facebook.com\/acidadeonribeirao\/\" target=\"_blank\" rel=\"noreferrer noopener\">Facebook<\/a>.<\/p>\n<p>Receba not\u00edcias do\u00a0<strong>acidade on<\/strong>\u00a0no WhatsApp.<a href=\"https:\/\/chat.whatsapp.com\/CdrZ6xrf7quD44Vw3WlPuZ\" target=\"_blank\" rel=\"noreferrer noopener\">\u00a0Para entrar no grupo, basta clicar aqui.<\/a><\/p>\n<p>Fa\u00e7a uma den\u00fancia ou sugira uma reportagem sobre Ribeir\u00e3o Preto e regi\u00e3o pelo WhatsApp: 16 99117 7802.<\/p>\n<p>VEJA TAMB\u00c9M<\/p>\n<p>Ana Castela lan\u00e7a linhas de hidratantes labiais; confira<\/p>\n<p><!-- AI CONTENT END 1 -->\n<\/div>\n<\/div>\n<p><script async src=\"\/\/www.instagram.com\/embed.js\"><\/script><br \/>\n<br \/><br \/>\n<br \/><a href=\"https:\/\/www.acidadeon.com\/ribeiraopreto\/economia\/prefeitura-de-ribeirao-abre-inscricoes-para-novo-processo-seletivo-veja-como-participar\/\">Source link <\/a><\/p>\n<div class='code-block code-block-4' style='margin: 8px auto 8px 0; text-align: left; display: block; clear: both;'>\n\ud83d\udce2 Aviso Legal\n\nO site ismaelcolosi.com.br atua apenas como um canal de divulga\u00e7\u00e3o de oportunidades de emprego e n\u00e3o se responsabiliza pelo processo seletivo, contrata\u00e7\u00e3o ou qualquer outra etapa relacionada \u00e0s vagas publicadas. Todas as informa\u00e7\u00f5es s\u00e3o de responsabilidade dos anunciantes.\n\n\u26a0\ufe0f Aten\u00e7\u00e3o! Nunca pague por promessas de emprego nem compre cursos que garantam contrata\u00e7\u00e3o. Desconfie de qualquer cobran\u00e7a para participar de sele\u00e7\u00f5es.\n\n\n\n<\/div>\n<!-- CONTENT END 1 -->\n","protected":false},"excerpt":{"rendered":"<p>A Prefeitura de Ribeir\u00e3o Preto publicou no Di\u00e1rio Oficial do Munic\u00edpio desta ter\u00e7a-feira (2), a abertura de processo seletivo destinado \u00e0 forma\u00e7\u00e3o de cadastro reserva&#8230;<\/p>\n","protected":false},"author":1,"featured_media":51571,"comment_status":"open","ping_status":"open","sticky":false,"template":"","format":"standard","meta":{"_uag_custom_page_level_css":"","advanced_seo_description":"","jetpack_seo_html_title":"","jetpack_seo_noindex":false,"jetpack_post_was_ever_published":false,"_jetpack_newsletter_access":"","_jetpack_dont_email_post_to_subs":false,"_jetpack_newsletter_tier_id":0,"_jetpack_memberships_contains_paywalled_content":false,"_jetpack_memberships_contains_paid_content":false,"footnotes":"","jetpack_publicize_message":"","jetpack_publicize_feature_enabled":true,"jetpack_social_post_already_shared":true,"jetpack_social_options":{"image_generator_settings":{"template":"highway","default_image_id":0,"font":"","enabled":false},"version":2}},"categories":[11],"tags":[],"class_list":["post-55399","post","type-post","status-publish","format-standard","has-post-thumbnail","hentry","category-noticias-de-ribeirao-preto-sp-e-regiao-ismael-colosi"],"jetpack_publicize_connections":[],"jetpack_featured_media_url":"https:\/\/i0.wp.com\/ismaelcolosi.com.br\/wp-content\/uploads\/2024\/05\/Copia-de-Copia-de-TAMANHO-EXATO-PARA-FOTOS-NO-SISTEMA-NOVO-14-1.webp.webp?fit=1200%2C675&ssl=1","uagb_featured_image_src":{"full":["https:\/\/i0.wp.com\/ismaelcolosi.com.br\/wp-content\/uploads\/2024\/05\/Copia-de-Copia-de-TAMANHO-EXATO-PARA-FOTOS-NO-SISTEMA-NOVO-14-1.webp.webp?fit=1200%2C675&ssl=1",1200,675,false],"thumbnail":["https:\/\/i0.wp.com\/ismaelcolosi.com.br\/wp-content\/uploads\/2024\/05\/Copia-de-Copia-de-TAMANHO-EXATO-PARA-FOTOS-NO-SISTEMA-NOVO-14-1.webp.webp?resize=150%2C150&ssl=1",150,150,true],"medium":["https:\/\/i0.wp.com\/ismaelcolosi.com.br\/wp-content\/uploads\/2024\/05\/Copia-de-Copia-de-TAMANHO-EXATO-PARA-FOTOS-NO-SISTEMA-NOVO-14-1.webp.webp?fit=300%2C169&ssl=1",300,169,true],"medium_large":["https:\/\/i0.wp.com\/ismaelcolosi.com.br\/wp-content\/uploads\/2024\/05\/Copia-de-Copia-de-TAMANHO-EXATO-PARA-FOTOS-NO-SISTEMA-NOVO-14-1.webp.webp?fit=768%2C432&ssl=1",768,432,true],"large":["https:\/\/i0.wp.com\/ismaelcolosi.com.br\/wp-content\/uploads\/2024\/05\/Copia-de-Copia-de-TAMANHO-EXATO-PARA-FOTOS-NO-SISTEMA-NOVO-14-1.webp.webp?fit=1024%2C576&ssl=1",1024,576,true],"1536x1536":["https:\/\/i0.wp.com\/ismaelcolosi.com.br\/wp-content\/uploads\/2024\/05\/Copia-de-Copia-de-TAMANHO-EXATO-PARA-FOTOS-NO-SISTEMA-NOVO-14-1.webp.webp?fit=1200%2C675&ssl=1",1200,675,true],"2048x2048":["https:\/\/i0.wp.com\/ismaelcolosi.com.br\/wp-content\/uploads\/2024\/05\/Copia-de-Copia-de-TAMANHO-EXATO-PARA-FOTOS-NO-SISTEMA-NOVO-14-1.webp.webp?fit=1200%2C675&ssl=1",1200,675,true],"really-simple-thumb":["https:\/\/i0.wp.com\/ismaelcolosi.com.br\/wp-content\/uploads\/2024\/05\/Copia-de-Copia-de-TAMANHO-EXATO-PARA-FOTOS-NO-SISTEMA-NOVO-14-1.webp.webp?resize=370%2C247&ssl=1",370,247,true]},"uagb_author_info":{"display_name":"ismaelcolosi.com.br","author_link":"https:\/\/ismaelcolosi.com.br\/index.php\/author\/vidareal-online\/"},"uagb_comment_info":0,"uagb_excerpt":"A Prefeitura de Ribeir\u00e3o Preto publicou no Di\u00e1rio Oficial do Munic\u00edpio desta ter\u00e7a-feira (2), a abertura de processo seletivo destinado \u00e0 forma\u00e7\u00e3o de cadastro reserva...","jetpack-related-posts":[{"id":39179,"url":"https:\/\/ismaelcolosi.com.br\/index.php\/2024\/02\/23\/prefeitura-de-ribeirao-preto-tera-novo-processo-seletivo-veja-quando\/","url_meta":{"origin":55399,"position":0},"title":"Prefeitura de Ribeir\u00e3o Preto ter\u00e1 novo processo seletivo; Veja quando","author":"ismaelcolosi.com.br","date":"23 de February de 2024","format":false,"excerpt":"A Prefeitura de Ribeir\u00e3o Preto far\u00e1 um processo seletivo atrav\u00e9s da Funda\u00e7\u00e3o de Educa\u00e7\u00e3o para o Trabalho (Fundet), para contrata\u00e7\u00e3o de estudantes do ensino superior que queiram atuar na administra\u00e7\u00e3o p\u00fablica. As inscri\u00e7\u00f5es devem ser realizadas de forma on-line (clique aqui), a partir de segunda-feira (26), e v\u00e3o at\u00e9 o\u2026","rel":"","context":"In &quot;Not\u00edcias de Ribeir\u00e3o Preto-SP e Regi\u00e3o&quot;","block_context":{"text":"Not\u00edcias de Ribeir\u00e3o Preto-SP e Regi\u00e3o","link":"https:\/\/ismaelcolosi.com.br\/index.php\/category\/noticias-de-ribeirao-preto-sp-e-regiao-ismael-colosi\/"},"img":{"alt_text":"","src":"https:\/\/i0.wp.com\/ismaelcolosi.com.br\/wp-content\/uploads\/2024\/02\/1708717121_Capturar-1.jpg?fit=950%2C628&ssl=1&resize=350%2C200","width":350,"height":200,"srcset":"https:\/\/i0.wp.com\/ismaelcolosi.com.br\/wp-content\/uploads\/2024\/02\/1708717121_Capturar-1.jpg?fit=950%2C628&ssl=1&resize=350%2C200 1x, https:\/\/i0.wp.com\/ismaelcolosi.com.br\/wp-content\/uploads\/2024\/02\/1708717121_Capturar-1.jpg?fit=950%2C628&ssl=1&resize=525%2C300 1.5x, https:\/\/i0.wp.com\/ismaelcolosi.com.br\/wp-content\/uploads\/2024\/02\/1708717121_Capturar-1.jpg?fit=950%2C628&ssl=1&resize=700%2C400 2x"},"classes":[]},{"id":46402,"url":"https:\/\/ismaelcolosi.com.br\/index.php\/2024\/04\/11\/prefeitura-na-regiao-de-ribeirao-preto-abre-processo-seletivo-veja-como-participar\/","url_meta":{"origin":55399,"position":1},"title":"Prefeitura na regi\u00e3o de Ribeir\u00e3o Preto abre processo seletivo; Veja como participar","author":"ismaelcolosi.com.br","date":"11 de April de 2024","format":false,"excerpt":"A Prefeitura de Jardin\u00f3polis, na regi\u00e3o de Ribeir\u00e3o Preto, abriu processo seletivo para o cadastro de reserva de professores em 11 \u00e1reas de ensino. Os vencimentos s\u00e3o de R$ 22,11 hora\/aula para cargas hor\u00e1rias de 18 e 25 horas semanais. As inscri\u00e7\u00f5es devem ser realizadas na internet (clique aqui) at\u00e9\u2026","rel":"","context":"In &quot;Not\u00edcias de Ribeir\u00e3o Preto-SP e Regi\u00e3o&quot;","block_context":{"text":"Not\u00edcias de Ribeir\u00e3o Preto-SP e Regi\u00e3o","link":"https:\/\/ismaelcolosi.com.br\/index.php\/category\/noticias-de-ribeirao-preto-sp-e-regiao-ismael-colosi\/"},"img":{"alt_text":"","src":"https:\/\/i0.wp.com\/ismaelcolosi.com.br\/wp-content\/uploads\/2024\/04\/AnyConv.com__sala-de-aulas.webp.webp?fit=1170%2C779&ssl=1&resize=350%2C200","width":350,"height":200,"srcset":"https:\/\/i0.wp.com\/ismaelcolosi.com.br\/wp-content\/uploads\/2024\/04\/AnyConv.com__sala-de-aulas.webp.webp?fit=1170%2C779&ssl=1&resize=350%2C200 1x, https:\/\/i0.wp.com\/ismaelcolosi.com.br\/wp-content\/uploads\/2024\/04\/AnyConv.com__sala-de-aulas.webp.webp?fit=1170%2C779&ssl=1&resize=525%2C300 1.5x, https:\/\/i0.wp.com\/ismaelcolosi.com.br\/wp-content\/uploads\/2024\/04\/AnyConv.com__sala-de-aulas.webp.webp?fit=1170%2C779&ssl=1&resize=700%2C400 2x, https:\/\/i0.wp.com\/ismaelcolosi.com.br\/wp-content\/uploads\/2024\/04\/AnyConv.com__sala-de-aulas.webp.webp?fit=1170%2C779&ssl=1&resize=1050%2C600 3x"},"classes":[]},{"id":72428,"url":"https:\/\/ismaelcolosi.com.br\/index.php\/2024\/10\/21\/usp-ribeirao-preto-abre-processo-seletivo-veja-como-participar-2\/","url_meta":{"origin":55399,"position":2},"title":"USP Ribeir\u00e3o Preto abre processo seletivo; Veja como participar","author":"ismaelcolosi.com.br","date":"21 de October de 2024","format":false,"excerpt":"A Escola de Enfermagem de Ribeir\u00e3o Preto da USP (Universidade de S\u00e3o Paulo) abriu processo seletivo simplificado para contrata\u00e7\u00e3o de professor por prazo determinando. Os sal\u00e1rios para o cargo variam entre R$ 1.920,77 e R$ 2.686,58, conforme o t\u00edtulo do profissional aprovado no processo seletivo. A vaga \u00e9 para o\u2026","rel":"","context":"In &quot;Not\u00edcias de Ribeir\u00e3o Preto-SP e Regi\u00e3o&quot;","block_context":{"text":"Not\u00edcias de Ribeir\u00e3o Preto-SP e Regi\u00e3o","link":"https:\/\/ismaelcolosi.com.br\/index.php\/category\/noticias-de-ribeirao-preto-sp-e-regiao-ismael-colosi\/"},"img":{"alt_text":"","src":"https:\/\/i0.wp.com\/ismaelcolosi.com.br\/wp-content\/uploads\/2024\/03\/AnyConv.com__escola-enfermagem-usp-ribeirao-preto-scaled.webp.webp?fit=1200%2C800&ssl=1&resize=350%2C200","width":350,"height":200,"srcset":"https:\/\/i0.wp.com\/ismaelcolosi.com.br\/wp-content\/uploads\/2024\/03\/AnyConv.com__escola-enfermagem-usp-ribeirao-preto-scaled.webp.webp?fit=1200%2C800&ssl=1&resize=350%2C200 1x, https:\/\/i0.wp.com\/ismaelcolosi.com.br\/wp-content\/uploads\/2024\/03\/AnyConv.com__escola-enfermagem-usp-ribeirao-preto-scaled.webp.webp?fit=1200%2C800&ssl=1&resize=525%2C300 1.5x, https:\/\/i0.wp.com\/ismaelcolosi.com.br\/wp-content\/uploads\/2024\/03\/AnyConv.com__escola-enfermagem-usp-ribeirao-preto-scaled.webp.webp?fit=1200%2C800&ssl=1&resize=700%2C400 2x, https:\/\/i0.wp.com\/ismaelcolosi.com.br\/wp-content\/uploads\/2024\/03\/AnyConv.com__escola-enfermagem-usp-ribeirao-preto-scaled.webp.webp?fit=1200%2C800&ssl=1&resize=1050%2C600 3x"},"classes":[]},{"id":56036,"url":"https:\/\/ismaelcolosi.com.br\/index.php\/2024\/07\/08\/abertas-inscricoes-para-processo-seletivo-do-hemocentro-de-ribeirao-veja-como-participar\/","url_meta":{"origin":55399,"position":3},"title":"Abertas inscri\u00e7\u00f5es para processo seletivo do Hemocentro de Ribeir\u00e3o; Veja como participar","author":"ismaelcolosi.com.br","date":"8 de July de 2024","format":false,"excerpt":"O Hemocentro de Ribeir\u00e3o Preto abriu, nesta segunda-feira (8), as inscri\u00e7\u00f5es para o processo seletivo de zelador e cadastro reserva para motorista. Os sal\u00e1rios variam entre R$ 1,6 mil e R$ 2,2 mil, al\u00e9m de benef\u00edcios, como o vale-alimenta\u00e7\u00e3o de R$ 1 mil mensais. A contrata\u00e7\u00e3o ser\u00e1 sob o regime\u2026","rel":"","context":"In &quot;Not\u00edcias de Ribeir\u00e3o Preto-SP e Regi\u00e3o&quot;","block_context":{"text":"Not\u00edcias de Ribeir\u00e3o Preto-SP e Regi\u00e3o","link":"https:\/\/ismaelcolosi.com.br\/index.php\/category\/noticias-de-ribeirao-preto-sp-e-regiao-ismael-colosi\/"},"img":{"alt_text":"","src":"https:\/\/i0.wp.com\/ismaelcolosi.com.br\/wp-content\/uploads\/2024\/07\/closeup-of-person-filling-out-questionary-form-scaled.jpg?fit=1200%2C800&ssl=1&resize=350%2C200","width":350,"height":200,"srcset":"https:\/\/i0.wp.com\/ismaelcolosi.com.br\/wp-content\/uploads\/2024\/07\/closeup-of-person-filling-out-questionary-form-scaled.jpg?fit=1200%2C800&ssl=1&resize=350%2C200 1x, https:\/\/i0.wp.com\/ismaelcolosi.com.br\/wp-content\/uploads\/2024\/07\/closeup-of-person-filling-out-questionary-form-scaled.jpg?fit=1200%2C800&ssl=1&resize=525%2C300 1.5x, https:\/\/i0.wp.com\/ismaelcolosi.com.br\/wp-content\/uploads\/2024\/07\/closeup-of-person-filling-out-questionary-form-scaled.jpg?fit=1200%2C800&ssl=1&resize=700%2C400 2x, https:\/\/i0.wp.com\/ismaelcolosi.com.br\/wp-content\/uploads\/2024\/07\/closeup-of-person-filling-out-questionary-form-scaled.jpg?fit=1200%2C800&ssl=1&resize=1050%2C600 3x"},"classes":[]},{"id":63691,"url":"https:\/\/ismaelcolosi.com.br\/index.php\/2024\/09\/03\/cohab-de-ribeirao-preto-abre-processo-seletivo-veja-como-participar\/","url_meta":{"origin":55399,"position":4},"title":"Cohab de Ribeir\u00e3o Preto abre processo seletivo; Veja como participar","author":"ismaelcolosi.com.br","date":"3 de September de 2024","format":false,"excerpt":"A Cohab-RP (Companhia Habitacional de Ribeir\u00e3o Preto) publicou edital para o processo seletivo para estagi\u00e1rios. S\u00e3o oito vagas dispon\u00edveis para estudantes do ensino superior, a partir do segundo semestre. A bolsa-aux\u00edlio \u00e9 de R$ 1.550,00 (o valor inclui o aux\u00edlio-transporte). As vagas s\u00e3o para estudantes de: administra\u00e7\u00e3o direito engenharia civil\u2026","rel":"","context":"In &quot;Not\u00edcias de Ribeir\u00e3o Preto-SP e Regi\u00e3o&quot;","block_context":{"text":"Not\u00edcias de Ribeir\u00e3o Preto-SP e Regi\u00e3o","link":"https:\/\/ismaelcolosi.com.br\/index.php\/category\/noticias-de-ribeirao-preto-sp-e-regiao-ismael-colosi\/"},"img":{"alt_text":"","src":"https:\/\/i0.wp.com\/ismaelcolosi.com.br\/wp-content\/uploads\/2024\/09\/entrevista-de-emprego.jpg?fit=1200%2C800&ssl=1&resize=350%2C200","width":350,"height":200,"srcset":"https:\/\/i0.wp.com\/ismaelcolosi.com.br\/wp-content\/uploads\/2024\/09\/entrevista-de-emprego.jpg?fit=1200%2C800&ssl=1&resize=350%2C200 1x, https:\/\/i0.wp.com\/ismaelcolosi.com.br\/wp-content\/uploads\/2024\/09\/entrevista-de-emprego.jpg?fit=1200%2C800&ssl=1&resize=525%2C300 1.5x, https:\/\/i0.wp.com\/ismaelcolosi.com.br\/wp-content\/uploads\/2024\/09\/entrevista-de-emprego.jpg?fit=1200%2C800&ssl=1&resize=700%2C400 2x, https:\/\/i0.wp.com\/ismaelcolosi.com.br\/wp-content\/uploads\/2024\/09\/entrevista-de-emprego.jpg?fit=1200%2C800&ssl=1&resize=1050%2C600 3x"},"classes":[]},{"id":45013,"url":"https:\/\/ismaelcolosi.com.br\/index.php\/2024\/04\/01\/hemocentro-de-ribeirao-preto-abre-novo-processo-seletivo-veja-como-participar\/","url_meta":{"origin":55399,"position":5},"title":"Hemocentro de Ribeir\u00e3o Preto abre novo processo seletivo; Veja como participar","author":"ismaelcolosi.com.br","date":"1 de April de 2024","format":false,"excerpt":"O Hemocentro de Ribeir\u00e3o Preto abriu processo seletivo para o cargo de t\u00e9cnico em manuten\u00e7\u00e3o predial. Os sal\u00e1rios para fun\u00e7\u00e3o s\u00e3o de R$ 2.439, al\u00e9m dos benef\u00edcios, como o vale-alimenta\u00e7\u00e3o de R$ 1 mil mensais. As inscri\u00e7\u00f5es podem ser realizadas at\u00e9 as 23h59 do dia 4 de abril de 2024\u2026","rel":"","context":"In &quot;Not\u00edcias de Ribeir\u00e3o Preto-SP e Regi\u00e3o&quot;","block_context":{"text":"Not\u00edcias de Ribeir\u00e3o Preto-SP e Regi\u00e3o","link":"https:\/\/ismaelcolosi.com.br\/index.php\/category\/noticias-de-ribeirao-preto-sp-e-regiao-ismael-colosi\/"},"img":{"alt_text":"","src":"https:\/\/i0.wp.com\/ismaelcolosi.com.br\/wp-content\/uploads\/2024\/04\/hemocentro.png?fit=800%2C420&ssl=1&resize=350%2C200","width":350,"height":200,"srcset":"https:\/\/i0.wp.com\/ismaelcolosi.com.br\/wp-content\/uploads\/2024\/04\/hemocentro.png?fit=800%2C420&ssl=1&resize=350%2C200 1x, https:\/\/i0.wp.com\/ismaelcolosi.com.br\/wp-content\/uploads\/2024\/04\/hemocentro.png?fit=800%2C420&ssl=1&resize=525%2C300 1.5x, https:\/\/i0.wp.com\/ismaelcolosi.com.br\/wp-content\/uploads\/2024\/04\/hemocentro.png?fit=800%2C420&ssl=1&resize=700%2C400 2x"},"classes":[]}],"jetpack_sharing_enabled":true,"jetpack_shortlink":"https:\/\/wp.me\/pfMlyK-epx","_links":{"self":[{"href":"https:\/\/ismaelcolosi.com.br\/index.php\/wp-json\/wp\/v2\/posts\/55399","targetHints":{"allow":["GET"]}}],"collection":[{"href":"https:\/\/ismaelcolosi.com.br\/index.php\/wp-json\/wp\/v2\/posts"}],"about":[{"href":"https:\/\/ismaelcolosi.com.br\/index.php\/wp-json\/wp\/v2\/types\/post"}],"author":[{"embeddable":true,"href":"https:\/\/ismaelcolosi.com.br\/index.php\/wp-json\/wp\/v2\/users\/1"}],"replies":[{"embeddable":true,"href":"https:\/\/ismaelcolosi.com.br\/index.php\/wp-json\/wp\/v2\/comments?post=55399"}],"version-history":[{"count":0,"href":"https:\/\/ismaelcolosi.com.br\/index.php\/wp-json\/wp\/v2\/posts\/55399\/revisions"}],"wp:featuredmedia":[{"embeddable":true,"href":"https:\/\/ismaelcolosi.com.br\/index.php\/wp-json\/wp\/v2\/media\/51571"}],"wp:attachment":[{"href":"https:\/\/ismaelcolosi.com.br\/index.php\/wp-json\/wp\/v2\/media?parent=55399"}],"wp:term":[{"taxonomy":"category","embeddable":true,"href":"https:\/\/ismaelcolosi.com.br\/index.php\/wp-json\/wp\/v2\/categories?post=55399"},{"taxonomy":"post_tag","embeddable":true,"href":"https:\/\/ismaelcolosi.com.br\/index.php\/wp-json\/wp\/v2\/tags?post=55399"}],"curies":[{"name":"wp","href":"https:\/\/api.w.org\/{rel}","templated":true}]}}