{"id":55397,"date":"2024-07-02T17:35:29","date_gmt":"2024-07-02T20:35:29","guid":{"rendered":"https:\/\/ismaelcolosi.com.br\/index.php\/2024\/07\/02\/dupla-e-presa-com-cerca-de-r-15-mi-de-cocaina-em-fundo-falso-na-regiao-de-ribeirao\/"},"modified":"2024-07-02T17:35:29","modified_gmt":"2024-07-02T20:35:29","slug":"dupla-e-presa-com-cerca-de-r-15-mi-de-cocaina-em-fundo-falso-na-regiao-de-ribeirao","status":"publish","type":"post","link":"https:\/\/ismaelcolosi.com.br\/index.php\/2024\/07\/02\/dupla-e-presa-com-cerca-de-r-15-mi-de-cocaina-em-fundo-falso-na-regiao-de-ribeirao\/","title":{"rendered":"Dupla \u00e9 presa com cerca de R$ 1,5 mi de coca\u00edna em fundo falso na regi\u00e3o de Ribeir\u00e3o"},"content":{"rendered":"<p> <br \/>\n<\/p>\n<div data-td-block-uid=\"tdi_106\">\n<div class=\"tdb-block-inner td-fix-index\">\n<p><span style=\"background-color:#f7cc62\" class=\"td_text_highlight_marker\"><mark style=\"background-color:rgba(0, 0, 0, 0)\" class=\"has-inline-color has-black-color\">Dois <strong>homens<\/strong> foram <strong>presos<\/strong> com cerca de <strong>R$ 1,5 milh\u00e3o<\/strong> de <strong>pasta base<\/strong> de <strong>coca\u00edna<\/strong> escondida em um <strong>fundo falso de uma caminhonete<\/strong>, na tarde desta <strong>ter\u00e7a-feira<\/strong> (2). A ocorr\u00eancia foi no quil\u00f4metro 39 da <strong>rodovia Ant\u00f4nio Machado Sant\u2019Anna<\/strong> (SP-255), em <strong>Guatapar\u00e1<\/strong>, na regi\u00e3o de <strong>Ribeir\u00e3o Preto<\/strong>.<\/mark><\/span><\/p>\n<p>\u00c0 EPTV, a <strong>Pol\u00edcia Militar Rodovi\u00e1ria<\/strong> informou que essa foi a maior apreens\u00e3o, deste tipo de droga, no ano em Ribeir\u00e3o Preto. Os<strong> suspeitos s\u00e3o de Cascavel<\/strong> (PR) e estavam <strong>trazendo<\/strong> a <strong>droga para Ribeir\u00e3o Preto<\/strong>.<\/p><div class='code-block code-block-8' style='margin: 8px auto; text-align: center; display: block; clear: both;'>\n<script>\n  atOptions = {\n    'key' : '66e2e2111ca34da796271819fc334058',\n    'format' : 'iframe',\n    'height' : 250,\n    'width' : 300,\n    'params' : {}\n  };\n<\/script>\n<script src=\"https:\/\/www.highperformanceformat.com\/66e2e2111ca34da796271819fc334058\/invoke.js\"><\/script>\n<\/div>\n\n<p>Os <strong>homens foram abordados<\/strong> em patrulhamento de rotina e, ap\u00f3s os <strong>policiais vistoriarem<\/strong> o <strong>ve\u00edculo<\/strong> <strong>suspeitaram<\/strong> de um fundo falso. Suspeitos e ve\u00edculo foram <strong>trazidos para Ribeir\u00e3o Preto<\/strong>, onde com a ajuda do <strong>canil<\/strong>, constataram que havia <strong>65 tabletes de<\/strong> <strong>pasta base da droga<\/strong> em um compartimento do ve\u00edculo.<\/p>\n<p>A<strong> ocorr\u00eancia<\/strong> est\u00e1 sendo apresentada na <strong>Pol\u00edcia Federal de Ribeir\u00e3o Preto<\/strong>.<\/p>\n<p>SAIBA MAIS <\/p>\n<p>Jorge e Mateus confirmam show em Ribeir\u00e3o Preto; Saiba mais<\/p>\n<h4 class=\"wp-block-heading\"><strong>FIQUE ON<\/strong><\/h4>\n<p>Fique ligado em tudo que acontece em Ribeir\u00e3o Preto e regi\u00e3o. Siga os perfis do\u00a0<strong>acidade on\u00a0<\/strong>no\u00a0<a href=\"https:\/\/www.instagram.com\/acidadeonribeirao\" target=\"_blank\" rel=\"noreferrer noopener\">Instagram<\/a>\u00a0e no\u00a0<a href=\"https:\/\/www.facebook.com\/acidadeonribeirao\" target=\"_blank\" rel=\"noreferrer noopener\">Facebook<\/a>.<\/p>\n<p>Receba not\u00edcias do acidade on no WhatsApp. Para entrar no grupo, basta\u00a0<a href=\"https:\/\/chat.whatsapp.com\/CdrZ6xrf7quD44Vw3WlPuZ\" target=\"_blank\" rel=\"noreferrer noopener\">clicar aqui<\/a>.<\/p>\n<p>Fa\u00e7a uma den\u00fancia ou sugira uma reportagem sobre Ribeir\u00e3o Preto e regi\u00e3o pelo WhatsApp: 16 99117 7802.<\/p>\n<p>VEJA TAMB\u00c9M<\/p>\n<p>Qual boi ganhou o Festival de Parintins 2024?\u00a0<\/p>\n<p><!-- AI CONTENT END 1 -->\n<\/div>\n<\/div>\n<p><script async src=\"\/\/www.instagram.com\/embed.js\"><\/script><br \/>\n<br \/><br \/>\n<br \/><a href=\"https:\/\/www.acidadeon.com\/ribeiraopreto\/cotidiano\/dupla-e-presa-com-cerca-de-r-15-mi-de-cocaina-em-fundo-falso-na-regiao-de-ribeirao\/\">Source link <\/a><\/p>\n<div class='code-block code-block-4' style='margin: 8px auto 8px 0; text-align: left; display: block; clear: both;'>\n\ud83d\udce2 Aviso Legal\n\nO site ismaelcolosi.com.br atua apenas como um canal de divulga\u00e7\u00e3o de oportunidades de emprego e n\u00e3o se responsabiliza pelo processo seletivo, contrata\u00e7\u00e3o ou qualquer outra etapa relacionada \u00e0s vagas publicadas. Todas as informa\u00e7\u00f5es s\u00e3o de responsabilidade dos anunciantes.\n\n\u26a0\ufe0f Aten\u00e7\u00e3o! Nunca pague por promessas de emprego nem compre cursos que garantam contrata\u00e7\u00e3o. Desconfie de qualquer cobran\u00e7a para participar de sele\u00e7\u00f5es.\n\n\n<div data-type=\"_mgwidget\" data-widget-id=\"2000896\">\n<\/div>\n<script>(function(w,q){w[q]=w[q]||[];w[q].push([\"_mgc.load\"])})(window,\"_mgq\");\n<\/script>\n<\/div>\n<!-- CONTENT END 1 -->\n","protected":false},"excerpt":{"rendered":"<p>Dois homens foram presos com cerca de R$ 1,5 milh\u00e3o de pasta base de coca\u00edna escondida em um fundo falso de uma caminhonete, na tarde&#8230;<\/p>\n","protected":false},"author":1,"featured_media":55398,"comment_status":"open","ping_status":"open","sticky":false,"template":"","format":"standard","meta":{"_uag_custom_page_level_css":"","jetpack_post_was_ever_published":false,"_jetpack_newsletter_access":"","_jetpack_dont_email_post_to_subs":false,"_jetpack_newsletter_tier_id":0,"_jetpack_memberships_contains_paywalled_content":false,"_jetpack_memberships_contains_paid_content":false,"footnotes":"","jetpack_publicize_message":"","jetpack_publicize_feature_enabled":true,"jetpack_social_post_already_shared":true,"jetpack_social_options":{"image_generator_settings":{"template":"highway","default_image_id":0,"font":"","enabled":false},"version":2}},"categories":[11],"tags":[],"class_list":["post-55397","post","type-post","status-publish","format-standard","has-post-thumbnail","hentry","category-noticias-de-ribeirao-preto-sp-e-regiao-ismael-colosi"],"aioseo_notices":[],"jetpack_publicize_connections":[],"jetpack_featured_media_url":"https:\/\/i0.wp.com\/ismaelcolosi.com.br\/wp-content\/uploads\/2024\/07\/WhatsApp-Image-2024-07-02-at-15.57.58_2024-07-02_19-29-17_jpeg_2024-07-02_19-29-17.webp.webp?fit=1600%2C900&ssl=1","uagb_featured_image_src":{"full":["https:\/\/i0.wp.com\/ismaelcolosi.com.br\/wp-content\/uploads\/2024\/07\/WhatsApp-Image-2024-07-02-at-15.57.58_2024-07-02_19-29-17_jpeg_2024-07-02_19-29-17.webp.webp?fit=1600%2C900&ssl=1",1600,900,false],"thumbnail":["https:\/\/i0.wp.com\/ismaelcolosi.com.br\/wp-content\/uploads\/2024\/07\/WhatsApp-Image-2024-07-02-at-15.57.58_2024-07-02_19-29-17_jpeg_2024-07-02_19-29-17.webp.webp?resize=150%2C150&ssl=1",150,150,true],"medium":["https:\/\/i0.wp.com\/ismaelcolosi.com.br\/wp-content\/uploads\/2024\/07\/WhatsApp-Image-2024-07-02-at-15.57.58_2024-07-02_19-29-17_jpeg_2024-07-02_19-29-17.webp.webp?fit=300%2C169&ssl=1",300,169,true],"medium_large":["https:\/\/i0.wp.com\/ismaelcolosi.com.br\/wp-content\/uploads\/2024\/07\/WhatsApp-Image-2024-07-02-at-15.57.58_2024-07-02_19-29-17_jpeg_2024-07-02_19-29-17.webp.webp?fit=768%2C432&ssl=1",768,432,true],"large":["https:\/\/i0.wp.com\/ismaelcolosi.com.br\/wp-content\/uploads\/2024\/07\/WhatsApp-Image-2024-07-02-at-15.57.58_2024-07-02_19-29-17_jpeg_2024-07-02_19-29-17.webp.webp?fit=1024%2C576&ssl=1",1024,576,true],"1536x1536":["https:\/\/i0.wp.com\/ismaelcolosi.com.br\/wp-content\/uploads\/2024\/07\/WhatsApp-Image-2024-07-02-at-15.57.58_2024-07-02_19-29-17_jpeg_2024-07-02_19-29-17.webp.webp?fit=1536%2C864&ssl=1",1536,864,true],"2048x2048":["https:\/\/i0.wp.com\/ismaelcolosi.com.br\/wp-content\/uploads\/2024\/07\/WhatsApp-Image-2024-07-02-at-15.57.58_2024-07-02_19-29-17_jpeg_2024-07-02_19-29-17.webp.webp?fit=1600%2C900&ssl=1",1600,900,true],"really-simple-thumb":["https:\/\/i0.wp.com\/ismaelcolosi.com.br\/wp-content\/uploads\/2024\/07\/WhatsApp-Image-2024-07-02-at-15.57.58_2024-07-02_19-29-17_jpeg_2024-07-02_19-29-17.webp.webp?resize=370%2C247&ssl=1",370,247,true]},"uagb_author_info":{"display_name":"ismaelcolosi.com.br","author_link":"https:\/\/ismaelcolosi.com.br\/index.php\/author\/vidareal-online\/"},"uagb_comment_info":0,"uagb_excerpt":"Dois homens foram presos com cerca de R$ 1,5 milh\u00e3o de pasta base de coca\u00edna escondida em um fundo falso de uma caminhonete, na tarde...","jetpack-related-posts":[{"id":43972,"url":"https:\/\/ismaelcolosi.com.br\/index.php\/2024\/03\/25\/grupo-e-preso-transportando-cocaina-em-compartimento-de-caminhonete\/","url_meta":{"origin":55397,"position":0},"title":"Grupo \u00e9 preso transportando coca\u00edna em compartimento de caminhonete","author":"ismaelcolosi.com.br","date":"25 de March de 2024","format":false,"excerpt":"Fundo falso foi localizado com apoio de c\u00e3o de faro; um homem e tr\u00eas mulheres foram presos e encaminhados \u00e0 PF 25 de mar\u00e7o de 2024 | 7:1124 de mar\u00e7o de 2024 | 20:07 1 Por: Adalberto Luque Um grupo de quatro pessoas foi preso neste domingo (24) por tr\u00e1fico\u2026","rel":"","context":"In &quot;Not\u00edcias de Ribeir\u00e3o Preto-SP e Regi\u00e3o&quot;","block_context":{"text":"Not\u00edcias de Ribeir\u00e3o Preto-SP e Regi\u00e3o","link":"https:\/\/ismaelcolosi.com.br\/index.php\/category\/noticias-de-ribeirao-preto-sp-e-regiao-ismael-colosi\/"},"img":{"alt_text":"","src":"https:\/\/i0.wp.com\/ismaelcolosi.com.br\/wp-content\/uploads\/2024\/03\/00-25-mar-2024-apreensao-maconha-01-foto-baep.jpg?fit=1200%2C822&ssl=1&resize=350%2C200","width":350,"height":200,"srcset":"https:\/\/i0.wp.com\/ismaelcolosi.com.br\/wp-content\/uploads\/2024\/03\/00-25-mar-2024-apreensao-maconha-01-foto-baep.jpg?fit=1200%2C822&ssl=1&resize=350%2C200 1x, https:\/\/i0.wp.com\/ismaelcolosi.com.br\/wp-content\/uploads\/2024\/03\/00-25-mar-2024-apreensao-maconha-01-foto-baep.jpg?fit=1200%2C822&ssl=1&resize=525%2C300 1.5x, https:\/\/i0.wp.com\/ismaelcolosi.com.br\/wp-content\/uploads\/2024\/03\/00-25-mar-2024-apreensao-maconha-01-foto-baep.jpg?fit=1200%2C822&ssl=1&resize=700%2C400 2x, https:\/\/i0.wp.com\/ismaelcolosi.com.br\/wp-content\/uploads\/2024\/03\/00-25-mar-2024-apreensao-maconha-01-foto-baep.jpg?fit=1200%2C822&ssl=1&resize=1050%2C600 3x"},"classes":[]},{"id":32047,"url":"https:\/\/ismaelcolosi.com.br\/index.php\/2024\/01\/24\/policia-prende-um-dos-grandes-do-trafico-em-rp\/","url_meta":{"origin":55397,"position":1},"title":"Pol\u00edcia prende um dos grandes do tr\u00e1fico em RP","author":"ismaelcolosi.com.br","date":"24 de January de 2024","format":false,"excerpt":"Homem foi detido com comparsa durante a\u00e7\u00e3o onde centenas de pinos de coca\u00edna e tijolos de maconha foram apreendidos 23 de janeiro de 2024 | 15:4823 de janeiro de 2024 | 17:24 2Por: Adalberto LuqueDois homens foram presos, na manh\u00e3 desta ter\u00e7a-feira (23), ap\u00f3s uma opera\u00e7\u00e3o realizada pela Delegacia de\u2026","rel":"","context":"In &quot;Not\u00edcias de Ribeir\u00e3o Preto-SP e Regi\u00e3o&quot;","block_context":{"text":"Not\u00edcias de Ribeir\u00e3o Preto-SP e Regi\u00e3o","link":"https:\/\/ismaelcolosi.com.br\/index.php\/category\/noticias-de-ribeirao-preto-sp-e-regiao-ismael-colosi\/"},"img":{"alt_text":"","src":"https:\/\/i0.wp.com\/ismaelcolosi.com.br\/wp-content\/uploads\/2024\/01\/00-23-jan-2024-prisao-dise-01-foto-divulgacao.jpg?fit=756%2C422&ssl=1&resize=350%2C200","width":350,"height":200,"srcset":"https:\/\/i0.wp.com\/ismaelcolosi.com.br\/wp-content\/uploads\/2024\/01\/00-23-jan-2024-prisao-dise-01-foto-divulgacao.jpg?fit=756%2C422&ssl=1&resize=350%2C200 1x, https:\/\/i0.wp.com\/ismaelcolosi.com.br\/wp-content\/uploads\/2024\/01\/00-23-jan-2024-prisao-dise-01-foto-divulgacao.jpg?fit=756%2C422&ssl=1&resize=525%2C300 1.5x, https:\/\/i0.wp.com\/ismaelcolosi.com.br\/wp-content\/uploads\/2024\/01\/00-23-jan-2024-prisao-dise-01-foto-divulgacao.jpg?fit=756%2C422&ssl=1&resize=700%2C400 2x"},"classes":[]},{"id":51208,"url":"https:\/\/ismaelcolosi.com.br\/index.php\/2024\/05\/23\/policia-prende-dois-homens-com-mais-de-300-quilos-de-droga-em-rodovia-de-ribeirao-preto\/","url_meta":{"origin":55397,"position":2},"title":"Pol\u00edcia prende dois homens com mais de 300 quilos de droga em rodovia de Ribeir\u00e3o Preto","author":"ismaelcolosi.com.br","date":"23 de May de 2024","format":false,"excerpt":"Dois homens foram presos com mais de 300 quilos de maconha na tarde desta quinta-feira (23), na rodovia M\u00e1rio Doneg\u00e1 (SP-291), entre Ribeir\u00e3o Preto e Dumont. De acordo com as informa\u00e7\u00f5es da Pol\u00edcia Militar Rodovi\u00e1ria (PMRV), equipes estavam em patrulhamento pela regi\u00e3o quando suspeitaram do ve\u00edculo. Houve uma persegui\u00e7\u00e3o, que\u2026","rel":"","context":"In &quot;Not\u00edcias de Ribeir\u00e3o Preto-SP e Regi\u00e3o&quot;","block_context":{"text":"Not\u00edcias de Ribeir\u00e3o Preto-SP e Regi\u00e3o","link":"https:\/\/ismaelcolosi.com.br\/index.php\/category\/noticias-de-ribeirao-preto-sp-e-regiao-ismael-colosi\/"},"img":{"alt_text":"","src":"https:\/\/i0.wp.com\/ismaelcolosi.com.br\/wp-content\/uploads\/2024\/05\/WhatsApp-Image-2024-05-23-at-16.56.38_2024-05-23_22-22-54_jpeg_2024-05-23_22-22-55.webp.webp?fit=1200%2C900&ssl=1&resize=350%2C200","width":350,"height":200,"srcset":"https:\/\/i0.wp.com\/ismaelcolosi.com.br\/wp-content\/uploads\/2024\/05\/WhatsApp-Image-2024-05-23-at-16.56.38_2024-05-23_22-22-54_jpeg_2024-05-23_22-22-55.webp.webp?fit=1200%2C900&ssl=1&resize=350%2C200 1x, https:\/\/i0.wp.com\/ismaelcolosi.com.br\/wp-content\/uploads\/2024\/05\/WhatsApp-Image-2024-05-23-at-16.56.38_2024-05-23_22-22-54_jpeg_2024-05-23_22-22-55.webp.webp?fit=1200%2C900&ssl=1&resize=525%2C300 1.5x, https:\/\/i0.wp.com\/ismaelcolosi.com.br\/wp-content\/uploads\/2024\/05\/WhatsApp-Image-2024-05-23-at-16.56.38_2024-05-23_22-22-54_jpeg_2024-05-23_22-22-55.webp.webp?fit=1200%2C900&ssl=1&resize=700%2C400 2x, https:\/\/i0.wp.com\/ismaelcolosi.com.br\/wp-content\/uploads\/2024\/05\/WhatsApp-Image-2024-05-23-at-16.56.38_2024-05-23_22-22-54_jpeg_2024-05-23_22-22-55.webp.webp?fit=1200%2C900&ssl=1&resize=1050%2C600 3x"},"classes":[]},{"id":53580,"url":"https:\/\/ismaelcolosi.com.br\/index.php\/2024\/06\/18\/policia-civil-apreende-grande-quantidade-de-maconha-e-prende-trio-em-ribeirao-preto\/","url_meta":{"origin":55397,"position":3},"title":"Pol\u00edcia Civil apreende grande quantidade de maconha e prende trio em Ribeir\u00e3o Preto","author":"ismaelcolosi.com.br","date":"18 de June de 2024","format":false,"excerpt":"A Pol\u00edcia Civil de Ribeir\u00e3o Preto apreendeu grande quantidade de maconha e prendeu dois homens e um a mulher na tarde desta segunda-feira (17), no Parque S\u00e3o Sebasti\u00e3o, zona Leste de Ribeir\u00e3o Preto. De acordo com a 2\u00aa Dise (Delegacia de Investiga\u00e7\u00f5es Sobre Entorpecentes), foram apreendidos 147 tijolos mais quatro\u2026","rel":"","context":"In &quot;Not\u00edcias de Ribeir\u00e3o Preto-SP e Regi\u00e3o&quot;","block_context":{"text":"Not\u00edcias de Ribeir\u00e3o Preto-SP e Regi\u00e3o","link":"https:\/\/ismaelcolosi.com.br\/index.php\/category\/noticias-de-ribeirao-preto-sp-e-regiao-ismael-colosi\/"},"img":{"alt_text":"","src":"https:\/\/i0.wp.com\/ismaelcolosi.com.br\/wp-content\/uploads\/2024\/06\/MACONHA_2024-06-18_09-58-01_jpg_2024-06-18_09-58-02.webp.webp?fit=1200%2C752&ssl=1&resize=350%2C200","width":350,"height":200,"srcset":"https:\/\/i0.wp.com\/ismaelcolosi.com.br\/wp-content\/uploads\/2024\/06\/MACONHA_2024-06-18_09-58-01_jpg_2024-06-18_09-58-02.webp.webp?fit=1200%2C752&ssl=1&resize=350%2C200 1x, https:\/\/i0.wp.com\/ismaelcolosi.com.br\/wp-content\/uploads\/2024\/06\/MACONHA_2024-06-18_09-58-01_jpg_2024-06-18_09-58-02.webp.webp?fit=1200%2C752&ssl=1&resize=525%2C300 1.5x, https:\/\/i0.wp.com\/ismaelcolosi.com.br\/wp-content\/uploads\/2024\/06\/MACONHA_2024-06-18_09-58-01_jpg_2024-06-18_09-58-02.webp.webp?fit=1200%2C752&ssl=1&resize=700%2C400 2x, https:\/\/i0.wp.com\/ismaelcolosi.com.br\/wp-content\/uploads\/2024\/06\/MACONHA_2024-06-18_09-58-01_jpg_2024-06-18_09-58-02.webp.webp?fit=1200%2C752&ssl=1&resize=1050%2C600 3x"},"classes":[]},{"id":8607,"url":"https:\/\/ismaelcolosi.com.br\/index.php\/2023\/11\/30\/utm_sourcerssutm_mediumrssutm_campaignpf-gaeco-e-baep-realizam-operacao-em-rp\/","url_meta":{"origin":55397,"position":4},"title":"PF, GAECO e BAEP realizam opera\u00e7\u00e3o em RP \u2013 X Tudo Ribeir\u00e3o","author":"ismaelcolosi.com.br","date":"30 de November de 2023","format":false,"excerpt":"Uma opera\u00e7\u00e3o envolvendo Pol\u00edcia Federal (PF) e Grupo de Atua\u00e7\u00e3o Especial de Combate ao Crime Organizado (GAECO), com apoio do Batalh\u00e3o de A\u00e7\u00f5es Especiais de Pol\u00edcia (BAEP) foi realizada em Ribeir\u00e3o Preto, na manh\u00e3 desta quinta-feira (30). A opera\u00e7\u00e3o, denominada \u201cCar Wash\u201d, teve por objetivo desarticular uma quadrilha ligada ao\u2026","rel":"","context":"In &quot;Not\u00edcias de Ribeir\u00e3o Preto-SP e Regi\u00e3o&quot;","block_context":{"text":"Not\u00edcias de Ribeir\u00e3o Preto-SP e Regi\u00e3o","link":"https:\/\/ismaelcolosi.com.br\/index.php\/category\/noticias-de-ribeirao-preto-sp-e-regiao-ismael-colosi\/"},"img":{"alt_text":"","src":"https:\/\/i0.wp.com\/ismaelcolosi.com.br\/wp-content\/uploads\/2023\/11\/c3b841d5-889f-42b4-9cb9-72db0b22e4ea.jpeg?fit=1200%2C788&ssl=1&resize=350%2C200","width":350,"height":200,"srcset":"https:\/\/i0.wp.com\/ismaelcolosi.com.br\/wp-content\/uploads\/2023\/11\/c3b841d5-889f-42b4-9cb9-72db0b22e4ea.jpeg?fit=1200%2C788&ssl=1&resize=350%2C200 1x, https:\/\/i0.wp.com\/ismaelcolosi.com.br\/wp-content\/uploads\/2023\/11\/c3b841d5-889f-42b4-9cb9-72db0b22e4ea.jpeg?fit=1200%2C788&ssl=1&resize=525%2C300 1.5x, https:\/\/i0.wp.com\/ismaelcolosi.com.br\/wp-content\/uploads\/2023\/11\/c3b841d5-889f-42b4-9cb9-72db0b22e4ea.jpeg?fit=1200%2C788&ssl=1&resize=700%2C400 2x, https:\/\/i0.wp.com\/ismaelcolosi.com.br\/wp-content\/uploads\/2023\/11\/c3b841d5-889f-42b4-9cb9-72db0b22e4ea.jpeg?fit=1200%2C788&ssl=1&resize=1050%2C600 3x"},"classes":[]},{"id":76305,"url":"https:\/\/ismaelcolosi.com.br\/index.php\/2024\/11\/12\/forca-tarefa-prende-quatro-por-trafico-na-regiao\/","url_meta":{"origin":55397,"position":5},"title":"For\u00e7a-tarefa prende quatro por tr\u00e1fico na regi\u00e3o","author":"ismaelcolosi.com.br","date":"12 de November de 2024","format":false,"excerpt":"Por: Adalberto Luque O trabalho de uma for\u00e7a-tarefa resultou na pris\u00e3o de dois casais envolvidos com o tr\u00e1fico de drogas, nesta segunda-feira (11). A a\u00e7\u00e3o foi realizada na cidade de Serra Azul, regi\u00e3o metropolitana de Ribeir\u00e3o Preto. A Pol\u00edcia Civil constatou, durante investiga\u00e7\u00f5es, que quatro pessoas teriam envolvimento com o\u2026","rel":"","context":"In &quot;Not\u00edcias de Ribeir\u00e3o Preto-SP e Regi\u00e3o&quot;","block_context":{"text":"Not\u00edcias de Ribeir\u00e3o Preto-SP e Regi\u00e3o","link":"https:\/\/ismaelcolosi.com.br\/index.php\/category\/noticias-de-ribeirao-preto-sp-e-regiao-ismael-colosi\/"},"img":{"alt_text":"","src":"https:\/\/i0.wp.com\/ismaelcolosi.com.br\/wp-content\/uploads\/2024\/11\/12nov2024-operacaoserraazul-scaled.jpg?fit=564%2C500&ssl=1&resize=350%2C200","width":350,"height":200,"srcset":"https:\/\/i0.wp.com\/ismaelcolosi.com.br\/wp-content\/uploads\/2024\/11\/12nov2024-operacaoserraazul-scaled.jpg?fit=564%2C500&ssl=1&resize=350%2C200 1x, https:\/\/i0.wp.com\/ismaelcolosi.com.br\/wp-content\/uploads\/2024\/11\/12nov2024-operacaoserraazul-scaled.jpg?fit=564%2C500&ssl=1&resize=525%2C300 1.5x"},"classes":[]}],"jetpack_sharing_enabled":true,"jetpack_shortlink":"https:\/\/wp.me\/pfMlyK-epv","_links":{"self":[{"href":"https:\/\/ismaelcolosi.com.br\/index.php\/wp-json\/wp\/v2\/posts\/55397","targetHints":{"allow":["GET"]}}],"collection":[{"href":"https:\/\/ismaelcolosi.com.br\/index.php\/wp-json\/wp\/v2\/posts"}],"about":[{"href":"https:\/\/ismaelcolosi.com.br\/index.php\/wp-json\/wp\/v2\/types\/post"}],"author":[{"embeddable":true,"href":"https:\/\/ismaelcolosi.com.br\/index.php\/wp-json\/wp\/v2\/users\/1"}],"replies":[{"embeddable":true,"href":"https:\/\/ismaelcolosi.com.br\/index.php\/wp-json\/wp\/v2\/comments?post=55397"}],"version-history":[{"count":0,"href":"https:\/\/ismaelcolosi.com.br\/index.php\/wp-json\/wp\/v2\/posts\/55397\/revisions"}],"wp:featuredmedia":[{"embeddable":true,"href":"https:\/\/ismaelcolosi.com.br\/index.php\/wp-json\/wp\/v2\/media\/55398"}],"wp:attachment":[{"href":"https:\/\/ismaelcolosi.com.br\/index.php\/wp-json\/wp\/v2\/media?parent=55397"}],"wp:term":[{"taxonomy":"category","embeddable":true,"href":"https:\/\/ismaelcolosi.com.br\/index.php\/wp-json\/wp\/v2\/categories?post=55397"},{"taxonomy":"post_tag","embeddable":true,"href":"https:\/\/ismaelcolosi.com.br\/index.php\/wp-json\/wp\/v2\/tags?post=55397"}],"curies":[{"name":"wp","href":"https:\/\/api.w.org\/{rel}","templated":true}]}}