{"id":55393,"date":"2024-07-02T17:09:33","date_gmt":"2024-07-02T20:09:33","guid":{"rendered":"https:\/\/ismaelcolosi.com.br\/index.php\/2024\/07\/02\/policia-investiga-morte-de-mulher-encontrada-em-avenida-de-ribeirao-preto\/"},"modified":"2024-07-02T17:09:33","modified_gmt":"2024-07-02T20:09:33","slug":"policia-investiga-morte-de-mulher-encontrada-em-avenida-de-ribeirao-preto","status":"publish","type":"post","link":"https:\/\/ismaelcolosi.com.br\/index.php\/2024\/07\/02\/policia-investiga-morte-de-mulher-encontrada-em-avenida-de-ribeirao-preto\/","title":{"rendered":"Pol\u00edcia investiga morte de mulher encontrada em avenida de Ribeir\u00e3o Preto"},"content":{"rendered":"<p> <br \/>\n<\/p>\n<div data-td-block-uid=\"tdi_106\">\n<div class=\"tdb-block-inner td-fix-index\">\n<p>A <strong>Pol\u00edcia Civil <\/strong>de <strong>Ribeir\u00e3o Preto<\/strong> investiga a morte de <strong>Blayne D\u2019Arc da Silva<\/strong>, de 33 anos, encontrada com queimaduras em um buraco, no \u00faltimo final de semana.<\/p>\n<p><mark style=\"background-color:#fcb900\" class=\"has-inline-color has-black-color\">O corpo da mulher estava na via marginal da<strong> avenida Bandeirantes<\/strong><\/mark>, pr\u00f3ximo da <strong>Cidade Universit\u00e1ria<\/strong>, na noite do \u00faltimo s\u00e1bado (29).<\/p>\n<p>A mulher foi encontrada em um buraco no ch\u00e3o, com queimaduras e foi atendida pelo<strong> Samu (Servi\u00e7o de Atendimento M\u00f3vel de Urg\u00eancia)<\/strong> e chegou a ser levada para o<strong> Hospital das Cl\u00ednicas de Ribeir\u00e3o Preto<\/strong>. Contudo, n\u00e3o resistiu aos ferimentos.<\/p>\n<p>Em depoimento \u00e0 Pol\u00edcia Civil, a m\u00e3e da v\u00edtima afirmou que a filha e o genro seriam usu\u00e1rios de drogas. Tanto que a filha do casal estava sob guarda da av\u00f3.<\/p>\n<p>As causas e o suspeito do crime ser\u00e3o investigados (com informa\u00e7\u00f5es EPTV).<\/p>\n<p>SAIBA MAIS<br \/>Frio vai embora do interior de SP e calor vai voltar; Veja a previs\u00e3o do tempo<\/p>\n<h4 class=\"wp-block-heading\"><strong>FIQUE ON<\/strong><\/h4>\n<p>Fique ligado em tudo que acontece em Ribeir\u00e3o Preto e regi\u00e3o. Siga os perfis do <strong>acidade on<\/strong> no<a href=\"https:\/\/www.instagram.com\/acidadeonribeirao\" target=\"_blank\" rel=\"noreferrer noopener nofollow\"> Instagram <\/a>e no <a href=\"https:\/\/www.facebook.com\/acidadeonribeirao\/\" target=\"_blank\" rel=\"noreferrer noopener nofollow\">Facebook<\/a>.<\/p>\n<p>Receba not\u00edcias do <strong>acidade on <\/strong>no WhatsApp. <a href=\"https:\/\/chat.whatsapp.com\/CdrZ6xrf7quD44Vw3WlPuZ\" target=\"_blank\" rel=\"noreferrer noopener nofollow\">Para entrar no grupo, basta clicar aqui.<\/a><\/p>\n<p>Fa\u00e7a uma den\u00fancia ou sugira uma reportagem sobre Ribeir\u00e3o Preto e regi\u00e3o pelo WhatsApp: 16 99117 7802.<\/p>\n<p>VEJA TAMB\u00c9M<br \/>Onde est\u00e1 o furac\u00e3o Beryl?<\/p>\n<p><!-- AI CONTENT END 1 -->\n<\/div>\n<\/div>\n<p><script async src=\"\/\/www.instagram.com\/embed.js\"><\/script><br \/>\n<br \/><br \/>\n<br \/><a href=\"https:\/\/www.acidadeon.com\/ribeiraopreto\/cotidiano\/policia-investiga-morte-de-mulher-encontrada-em-avenida-de-ribeirao-preto\/\">Source link <\/a><\/p>\n<div class='code-block code-block-4' style='margin: 8px auto 8px 0; text-align: left; display: block; clear: both;'>\n\ud83d\udce2 Aviso Legal\n\nO site ismaelcolosi.com.br atua apenas como um canal de divulga\u00e7\u00e3o de oportunidades de emprego e n\u00e3o se responsabiliza pelo processo seletivo, contrata\u00e7\u00e3o ou qualquer outra etapa relacionada \u00e0s vagas publicadas. Todas as informa\u00e7\u00f5es s\u00e3o de responsabilidade dos anunciantes.\n\n\u26a0\ufe0f Aten\u00e7\u00e3o! Nunca pague por promessas de emprego nem compre cursos que garantam contrata\u00e7\u00e3o. Desconfie de qualquer cobran\u00e7a para participar de sele\u00e7\u00f5es.\n\n\n\n<\/div>\n<!-- CONTENT END 1 -->\n","protected":false},"excerpt":{"rendered":"<p>A Pol\u00edcia Civil de Ribeir\u00e3o Preto investiga a morte de Blayne D\u2019Arc da Silva, de 33 anos, encontrada com queimaduras em um buraco, no \u00faltimo&#8230;<\/p>\n","protected":false},"author":1,"featured_media":55394,"comment_status":"open","ping_status":"open","sticky":false,"template":"","format":"standard","meta":{"_uag_custom_page_level_css":"","advanced_seo_description":"","jetpack_seo_html_title":"","jetpack_seo_noindex":false,"jetpack_post_was_ever_published":false,"_jetpack_newsletter_access":"","_jetpack_dont_email_post_to_subs":false,"_jetpack_newsletter_tier_id":0,"_jetpack_memberships_contains_paywalled_content":false,"_jetpack_memberships_contains_paid_content":false,"footnotes":"","jetpack_publicize_message":"","jetpack_publicize_feature_enabled":true,"jetpack_social_post_already_shared":true,"jetpack_social_options":{"image_generator_settings":{"template":"highway","default_image_id":0,"font":"","enabled":false},"version":2}},"categories":[11],"tags":[],"class_list":["post-55393","post","type-post","status-publish","format-standard","has-post-thumbnail","hentry","category-noticias-de-ribeirao-preto-sp-e-regiao-ismael-colosi"],"jetpack_publicize_connections":[],"jetpack_featured_media_url":"https:\/\/i0.wp.com\/ismaelcolosi.com.br\/wp-content\/uploads\/2024\/07\/blayne-darc_2024-07-02_19-23-44_jpeg_2024-07-02_19-23-44.webp.webp?fit=1280%2C719&ssl=1","uagb_featured_image_src":{"full":["https:\/\/i0.wp.com\/ismaelcolosi.com.br\/wp-content\/uploads\/2024\/07\/blayne-darc_2024-07-02_19-23-44_jpeg_2024-07-02_19-23-44.webp.webp?fit=1280%2C719&ssl=1",1280,719,false],"thumbnail":["https:\/\/i0.wp.com\/ismaelcolosi.com.br\/wp-content\/uploads\/2024\/07\/blayne-darc_2024-07-02_19-23-44_jpeg_2024-07-02_19-23-44.webp.webp?resize=150%2C150&ssl=1",150,150,true],"medium":["https:\/\/i0.wp.com\/ismaelcolosi.com.br\/wp-content\/uploads\/2024\/07\/blayne-darc_2024-07-02_19-23-44_jpeg_2024-07-02_19-23-44.webp.webp?fit=300%2C169&ssl=1",300,169,true],"medium_large":["https:\/\/i0.wp.com\/ismaelcolosi.com.br\/wp-content\/uploads\/2024\/07\/blayne-darc_2024-07-02_19-23-44_jpeg_2024-07-02_19-23-44.webp.webp?fit=768%2C431&ssl=1",768,431,true],"large":["https:\/\/i0.wp.com\/ismaelcolosi.com.br\/wp-content\/uploads\/2024\/07\/blayne-darc_2024-07-02_19-23-44_jpeg_2024-07-02_19-23-44.webp.webp?fit=1024%2C575&ssl=1",1024,575,true],"1536x1536":["https:\/\/i0.wp.com\/ismaelcolosi.com.br\/wp-content\/uploads\/2024\/07\/blayne-darc_2024-07-02_19-23-44_jpeg_2024-07-02_19-23-44.webp.webp?fit=1280%2C719&ssl=1",1280,719,true],"2048x2048":["https:\/\/i0.wp.com\/ismaelcolosi.com.br\/wp-content\/uploads\/2024\/07\/blayne-darc_2024-07-02_19-23-44_jpeg_2024-07-02_19-23-44.webp.webp?fit=1280%2C719&ssl=1",1280,719,true],"really-simple-thumb":["https:\/\/i0.wp.com\/ismaelcolosi.com.br\/wp-content\/uploads\/2024\/07\/blayne-darc_2024-07-02_19-23-44_jpeg_2024-07-02_19-23-44.webp.webp?resize=370%2C247&ssl=1",370,247,true]},"uagb_author_info":{"display_name":"ismaelcolosi.com.br","author_link":"https:\/\/ismaelcolosi.com.br\/index.php\/author\/vidareal-online\/"},"uagb_comment_info":0,"uagb_excerpt":"A Pol\u00edcia Civil de Ribeir\u00e3o Preto investiga a morte de Blayne D\u2019Arc da Silva, de 33 anos, encontrada com queimaduras em um buraco, no \u00faltimo...","jetpack-related-posts":[{"id":53094,"url":"https:\/\/ismaelcolosi.com.br\/index.php\/2024\/06\/13\/policia-investiga-morte-de-idosa-encontrada-em-piscina-na-casa-da-filha-na-regiao-de-ribeirao\/","url_meta":{"origin":55393,"position":0},"title":"Pol\u00edcia investiga morte de idosa encontrada em piscina na casa da filha na regi\u00e3o de Ribeir\u00e3o","author":"ismaelcolosi.com.br","date":"13 de June de 2024","format":false,"excerpt":"A Pol\u00edcia Civil investiga a morte de uma mulher de 90 anos, encontrada na noite desta quinta-feira (12) na piscina da casa da filha em um condom\u00ednio de Franca, cidade a aproximadamente 80 quil\u00f4metros de Ribeir\u00e3o Preto. Segundo o boletim de ocorr\u00eancia (BO), os familiares informaram que a idosa havia\u2026","rel":"","context":"In &quot;Not\u00edcias de Ribeir\u00e3o Preto-SP e Regi\u00e3o&quot;","block_context":{"text":"Not\u00edcias de Ribeir\u00e3o Preto-SP e Regi\u00e3o","link":"https:\/\/ismaelcolosi.com.br\/index.php\/category\/noticias-de-ribeirao-preto-sp-e-regiao-ismael-colosi\/"},"img":{"alt_text":"","src":"https:\/\/i0.wp.com\/ismaelcolosi.com.br\/wp-content\/uploads\/2024\/06\/pool-3105769_1920.jpg?fit=1200%2C799&ssl=1&resize=350%2C200","width":350,"height":200,"srcset":"https:\/\/i0.wp.com\/ismaelcolosi.com.br\/wp-content\/uploads\/2024\/06\/pool-3105769_1920.jpg?fit=1200%2C799&ssl=1&resize=350%2C200 1x, https:\/\/i0.wp.com\/ismaelcolosi.com.br\/wp-content\/uploads\/2024\/06\/pool-3105769_1920.jpg?fit=1200%2C799&ssl=1&resize=525%2C300 1.5x, https:\/\/i0.wp.com\/ismaelcolosi.com.br\/wp-content\/uploads\/2024\/06\/pool-3105769_1920.jpg?fit=1200%2C799&ssl=1&resize=700%2C400 2x, https:\/\/i0.wp.com\/ismaelcolosi.com.br\/wp-content\/uploads\/2024\/06\/pool-3105769_1920.jpg?fit=1200%2C799&ssl=1&resize=1050%2C600 3x"},"classes":[]},{"id":14093,"url":"https:\/\/ismaelcolosi.com.br\/index.php\/2023\/12\/11\/utm_sourcerssutm_mediumrssutm_campaignhomicidio-culposo-policia-investiga-morte-de-bebe-de-1-ano-que-ocorreu-em-ribeirao-preto\/","url_meta":{"origin":55393,"position":1},"title":"Pol\u00edcia investiga morte de beb\u00ea de 1 ano que ocorreu em Ribeir\u00e3o Preto \u2013 X Tudo Ribeir\u00e3o","author":"ismaelcolosi.com.br","date":"11 de December de 2023","format":false,"excerpt":"A Pol\u00edcia Civil investiga a morte de uma bebezinha de 1 ano que ocorreu na madrugada da \u00faltima sexta-feira (8\/12), em uma comunidade situada na rua Palmiro Bim, no Parque dos Pinos, na zona Norte de Ribeir\u00e3o Preto.\u00a0 Segundo informa\u00e7\u00f5es do B.O (boletim de ocorr\u00eancia), o pai da crian\u00e7a contou\u2026","rel":"","context":"In &quot;Not\u00edcias de Ribeir\u00e3o Preto-SP e Regi\u00e3o&quot;","block_context":{"text":"Not\u00edcias de Ribeir\u00e3o Preto-SP e Regi\u00e3o","link":"https:\/\/ismaelcolosi.com.br\/index.php\/category\/noticias-de-ribeirao-preto-sp-e-regiao-ismael-colosi\/"},"img":{"alt_text":"","src":"https:\/\/i0.wp.com\/ismaelcolosi.com.br\/wp-content\/uploads\/2023\/12\/bebe-Pixabay.jpg?fit=960%2C640&ssl=1&resize=350%2C200","width":350,"height":200,"srcset":"https:\/\/i0.wp.com\/ismaelcolosi.com.br\/wp-content\/uploads\/2023\/12\/bebe-Pixabay.jpg?fit=960%2C640&ssl=1&resize=350%2C200 1x, https:\/\/i0.wp.com\/ismaelcolosi.com.br\/wp-content\/uploads\/2023\/12\/bebe-Pixabay.jpg?fit=960%2C640&ssl=1&resize=525%2C300 1.5x, https:\/\/i0.wp.com\/ismaelcolosi.com.br\/wp-content\/uploads\/2023\/12\/bebe-Pixabay.jpg?fit=960%2C640&ssl=1&resize=700%2C400 2x"},"classes":[]},{"id":4164,"url":"https:\/\/ismaelcolosi.com.br\/index.php\/2023\/11\/20\/utm_sourcerssutm_mediumrssutm_campaignfamilia-encontra-mulher-que-estava-desaparecida-a-mulher-estava-sendo-mantida-em-carcere-em-um-motel\/","url_meta":{"origin":55393,"position":2},"title":"Fam\u00edlia encontra mulher que estava desaparecida; a mulher estava sendo mantida em c\u00e1rcere em um motel \u2013 X Tudo Ribeir\u00e3o","author":"ismaelcolosi.com.br","date":"20 de November de 2023","format":false,"excerpt":"Foi encontrada nesta segunda-feira (20\/11), a mulher de 57 anos, que estava desaparecida desde a \u00faltima quinta-feira, ap\u00f3s sair de moto com o ex-ficante no bairro Ipiranga, na zona Norte e Ribeir\u00e3o Preto.\u00a0 Segundo informa\u00e7\u00f5es da fam\u00edlia ao Portal X Tudo Ribeir\u00e3o, as filhas receberam uma liga\u00e7\u00e3o da m\u00e3e identificada\u2026","rel":"","context":"In &quot;Not\u00edcias de Ribeir\u00e3o Preto-SP e Regi\u00e3o&quot;","block_context":{"text":"Not\u00edcias de Ribeir\u00e3o Preto-SP e Regi\u00e3o","link":"https:\/\/ismaelcolosi.com.br\/index.php\/category\/noticias-de-ribeirao-preto-sp-e-regiao-ismael-colosi\/"},"img":{"alt_text":"","src":"https:\/\/i0.wp.com\/ismaelcolosi.com.br\/wp-content\/uploads\/2023\/11\/1700535143_WhatsApp-Image-2023-11-19-at-22.26.36.jpeg?fit=757%2C755&ssl=1&resize=350%2C200","width":350,"height":200,"srcset":"https:\/\/i0.wp.com\/ismaelcolosi.com.br\/wp-content\/uploads\/2023\/11\/1700535143_WhatsApp-Image-2023-11-19-at-22.26.36.jpeg?fit=757%2C755&ssl=1&resize=350%2C200 1x, https:\/\/i0.wp.com\/ismaelcolosi.com.br\/wp-content\/uploads\/2023\/11\/1700535143_WhatsApp-Image-2023-11-19-at-22.26.36.jpeg?fit=757%2C755&ssl=1&resize=525%2C300 1.5x, https:\/\/i0.wp.com\/ismaelcolosi.com.br\/wp-content\/uploads\/2023\/11\/1700535143_WhatsApp-Image-2023-11-19-at-22.26.36.jpeg?fit=757%2C755&ssl=1&resize=700%2C400 2x"},"classes":[]},{"id":42600,"url":"https:\/\/ismaelcolosi.com.br\/index.php\/2024\/03\/15\/policia-investiga-morte-de-mulher-em-motel\/","url_meta":{"origin":55393,"position":3},"title":"Pol\u00edcia investiga morte de mulher em motel","author":"ismaelcolosi.com.br","date":"15 de March de 2024","format":false,"excerpt":"Uma das hip\u00f3teses a ser investigada \u00e9 se suposto uso de entorpecentes tenha causado mal s\u00fabito 15 de mar\u00e7o de 2024 | 11:1215 de mar\u00e7o de 2024 | 11:31 4Por: Adalberto LuqueUma garota de 18 anos morreu, na madrugada desta sexta-feira (15), em um motel na Rua Casa Branca, Vila\u2026","rel":"","context":"In &quot;Not\u00edcias de Ribeir\u00e3o Preto-SP e Regi\u00e3o&quot;","block_context":{"text":"Not\u00edcias de Ribeir\u00e3o Preto-SP e Regi\u00e3o","link":"https:\/\/ismaelcolosi.com.br\/index.php\/category\/noticias-de-ribeirao-preto-sp-e-regiao-ismael-colosi\/"},"img":{"alt_text":"","src":"https:\/\/i0.wp.com\/ismaelcolosi.com.br\/wp-content\/uploads\/2024\/03\/Luque_Samu-scaled.jpg?fit=967%2C645&ssl=1&resize=350%2C200","width":350,"height":200,"srcset":"https:\/\/i0.wp.com\/ismaelcolosi.com.br\/wp-content\/uploads\/2024\/03\/Luque_Samu-scaled.jpg?fit=967%2C645&ssl=1&resize=350%2C200 1x, https:\/\/i0.wp.com\/ismaelcolosi.com.br\/wp-content\/uploads\/2024\/03\/Luque_Samu-scaled.jpg?fit=967%2C645&ssl=1&resize=525%2C300 1.5x, https:\/\/i0.wp.com\/ismaelcolosi.com.br\/wp-content\/uploads\/2024\/03\/Luque_Samu-scaled.jpg?fit=967%2C645&ssl=1&resize=700%2C400 2x"},"classes":[]},{"id":40579,"url":"https:\/\/ismaelcolosi.com.br\/index.php\/2024\/03\/04\/crianca-morre-apos-ser-encontrada-desacordada-em-piscina-na-regiao-de-ribeirao\/","url_meta":{"origin":55393,"position":4},"title":"Crian\u00e7a morre ap\u00f3s ser encontrada desacordada em piscina na regi\u00e3o de Ribeir\u00e3o","author":"ismaelcolosi.com.br","date":"4 de March de 2024","format":false,"excerpt":"A Pol\u00edcia Civil de Franca, na regi\u00e3o de Ribeir\u00e3o Preto, vai investigar as causas da morte de uma crian\u00e7a de apenas 5 anos que morreu no \u00faltimo domingo (3) ap\u00f3s ter sido encontrada dentro de uma piscina desacordada. O caso aconteceu no bairro S\u00e3o Jos\u00e9 e a pol\u00edcia apura se\u2026","rel":"","context":"In &quot;Not\u00edcias de Ribeir\u00e3o Preto-SP e Regi\u00e3o&quot;","block_context":{"text":"Not\u00edcias de Ribeir\u00e3o Preto-SP e Regi\u00e3o","link":"https:\/\/ismaelcolosi.com.br\/index.php\/category\/noticias-de-ribeirao-preto-sp-e-regiao-ismael-colosi\/"},"img":{"alt_text":"","src":"https:\/\/i0.wp.com\/ismaelcolosi.com.br\/wp-content\/uploads\/2024\/03\/WhatsApp-Image-2023-10-16-at-09.34.32-1.jpeg?fit=1080%2C1080&ssl=1&resize=350%2C200","width":350,"height":200,"srcset":"https:\/\/i0.wp.com\/ismaelcolosi.com.br\/wp-content\/uploads\/2024\/03\/WhatsApp-Image-2023-10-16-at-09.34.32-1.jpeg?fit=1080%2C1080&ssl=1&resize=350%2C200 1x, https:\/\/i0.wp.com\/ismaelcolosi.com.br\/wp-content\/uploads\/2024\/03\/WhatsApp-Image-2023-10-16-at-09.34.32-1.jpeg?fit=1080%2C1080&ssl=1&resize=525%2C300 1.5x, https:\/\/i0.wp.com\/ismaelcolosi.com.br\/wp-content\/uploads\/2024\/03\/WhatsApp-Image-2023-10-16-at-09.34.32-1.jpeg?fit=1080%2C1080&ssl=1&resize=700%2C400 2x, https:\/\/i0.wp.com\/ismaelcolosi.com.br\/wp-content\/uploads\/2024\/03\/WhatsApp-Image-2023-10-16-at-09.34.32-1.jpeg?fit=1080%2C1080&ssl=1&resize=1050%2C600 3x"},"classes":[]},{"id":43343,"url":"https:\/\/ismaelcolosi.com.br\/index.php\/2024\/03\/20\/entenda-o-caso-de-jovem-de-19-anos-morta-por-policial-militar-na-regiao-de-ribeirao-preto\/","url_meta":{"origin":55393,"position":5},"title":"Entenda o caso de jovem de 19 anos morta por policial militar na regi\u00e3o de Ribeir\u00e3o Preto","author":"ismaelcolosi.com.br","date":"20 de March de 2024","format":false,"excerpt":"A Pol\u00edcia Civil de S\u00e3o Sim\u00e3o instaurou um inqu\u00e9rito policial nesta quarta-feira (20) para investigar a morte de uma jovem de 19 anos morta com um tiro no peito por um policial militar em S\u00e3o Sim\u00e3o, cidade a 50 quil\u00f4metros de Ribeir\u00e3o Preto. Segundo o boletim de ocorr\u00eancia, Maria Clara\u2026","rel":"","context":"In &quot;Not\u00edcias de Ribeir\u00e3o Preto-SP e Regi\u00e3o&quot;","block_context":{"text":"Not\u00edcias de Ribeir\u00e3o Preto-SP e Regi\u00e3o","link":"https:\/\/ismaelcolosi.com.br\/index.php\/category\/noticias-de-ribeirao-preto-sp-e-regiao-ismael-colosi\/"},"img":{"alt_text":"","src":"https:\/\/i0.wp.com\/ismaelcolosi.com.br\/wp-content\/uploads\/2024\/03\/Copia-de-Copia-de-TAMANHO-EXATO-PARA-FOTOS-NO-SISTEMA-NOVO-72.jpg?fit=1200%2C675&ssl=1&resize=350%2C200","width":350,"height":200,"srcset":"https:\/\/i0.wp.com\/ismaelcolosi.com.br\/wp-content\/uploads\/2024\/03\/Copia-de-Copia-de-TAMANHO-EXATO-PARA-FOTOS-NO-SISTEMA-NOVO-72.jpg?fit=1200%2C675&ssl=1&resize=350%2C200 1x, https:\/\/i0.wp.com\/ismaelcolosi.com.br\/wp-content\/uploads\/2024\/03\/Copia-de-Copia-de-TAMANHO-EXATO-PARA-FOTOS-NO-SISTEMA-NOVO-72.jpg?fit=1200%2C675&ssl=1&resize=525%2C300 1.5x, https:\/\/i0.wp.com\/ismaelcolosi.com.br\/wp-content\/uploads\/2024\/03\/Copia-de-Copia-de-TAMANHO-EXATO-PARA-FOTOS-NO-SISTEMA-NOVO-72.jpg?fit=1200%2C675&ssl=1&resize=700%2C400 2x, https:\/\/i0.wp.com\/ismaelcolosi.com.br\/wp-content\/uploads\/2024\/03\/Copia-de-Copia-de-TAMANHO-EXATO-PARA-FOTOS-NO-SISTEMA-NOVO-72.jpg?fit=1200%2C675&ssl=1&resize=1050%2C600 3x"},"classes":[]}],"jetpack_sharing_enabled":true,"jetpack_shortlink":"https:\/\/wp.me\/pfMlyK-epr","_links":{"self":[{"href":"https:\/\/ismaelcolosi.com.br\/index.php\/wp-json\/wp\/v2\/posts\/55393","targetHints":{"allow":["GET"]}}],"collection":[{"href":"https:\/\/ismaelcolosi.com.br\/index.php\/wp-json\/wp\/v2\/posts"}],"about":[{"href":"https:\/\/ismaelcolosi.com.br\/index.php\/wp-json\/wp\/v2\/types\/post"}],"author":[{"embeddable":true,"href":"https:\/\/ismaelcolosi.com.br\/index.php\/wp-json\/wp\/v2\/users\/1"}],"replies":[{"embeddable":true,"href":"https:\/\/ismaelcolosi.com.br\/index.php\/wp-json\/wp\/v2\/comments?post=55393"}],"version-history":[{"count":0,"href":"https:\/\/ismaelcolosi.com.br\/index.php\/wp-json\/wp\/v2\/posts\/55393\/revisions"}],"wp:featuredmedia":[{"embeddable":true,"href":"https:\/\/ismaelcolosi.com.br\/index.php\/wp-json\/wp\/v2\/media\/55394"}],"wp:attachment":[{"href":"https:\/\/ismaelcolosi.com.br\/index.php\/wp-json\/wp\/v2\/media?parent=55393"}],"wp:term":[{"taxonomy":"category","embeddable":true,"href":"https:\/\/ismaelcolosi.com.br\/index.php\/wp-json\/wp\/v2\/categories?post=55393"},{"taxonomy":"post_tag","embeddable":true,"href":"https:\/\/ismaelcolosi.com.br\/index.php\/wp-json\/wp\/v2\/tags?post=55393"}],"curies":[{"name":"wp","href":"https:\/\/api.w.org\/{rel}","templated":true}]}}