{"id":5521,"date":"2023-11-23T20:20:24","date_gmt":"2023-11-23T23:20:24","guid":{"rendered":"https:\/\/ismaelcolosi.com.br\/index.php\/2023\/11\/23\/china-fala-sobre-doenca-que-causa-surto-no-pais-apos-pressao-da-oms\/"},"modified":"2023-11-23T20:20:24","modified_gmt":"2023-11-23T23:20:24","slug":"china-fala-sobre-doenca-que-causa-surto-no-pais-apos-pressao-da-oms","status":"publish","type":"post","link":"https:\/\/ismaelcolosi.com.br\/index.php\/2023\/11\/23\/china-fala-sobre-doenca-que-causa-surto-no-pais-apos-pressao-da-oms\/","title":{"rendered":"China fala sobre doen\u00e7a que causa surto no pa\u00eds ap\u00f3s press\u00e3o da OMS"},"content":{"rendered":"<p> <br \/>\n<\/p>\n<div>\n<p>As autoridades de sa\u00fade chinesas falaram nesta quinta-feira, 23, sobre o s<a href=\"https:\/\/catracalivre.com.br\/saude-bem-estar\/surto-misterioso-de-doenca-respiratoria-na-china-acende-alerta-na-oms\/\">urto de doen\u00e7a respirat\u00f3ria<\/a> entre as crian\u00e7as que o pa\u00eds registra.<\/p>\n<p>A explica\u00e7\u00e3o \u00e9 uma resposta a um pedido da <a href=\"https:\/\/www.who.int\/\" target=\"_blank\" rel=\"noopener\">Organiza\u00e7\u00e3o Mundial da Sa\u00fade (OMS)<\/a> que cobrou mais informa\u00e7\u00f5es da situa\u00e7\u00e3o ap\u00f3s tomar conhecimento sobre uma epidemia de uma \u201cpneumonia desconhecida\u201d.<\/p><div class='code-block code-block-8' style='margin: 8px auto; text-align: center; display: block; clear: both;'>\n<script>\n  atOptions = {\n    'key' : '66e2e2111ca34da796271819fc334058',\n    'format' : 'iframe',\n    'height' : 250,\n    'width' : 300,\n    'params' : {}\n  };\n<\/script>\n<script src=\"https:\/\/www.highperformanceformat.com\/66e2e2111ca34da796271819fc334058\/invoke.js\"><\/script>\n<\/div>\n\n<p>De acordo com a OMS, o pa\u00eds informou que n\u00e3o foi detectado nenhum pat\u00f3geno incomum ou novo.<\/p>\n<div id=\"attachment_2313729\" class=\"wp-caption alignnone\">\n<div class=\"d-flex justify-content-center\" data-attachment-id=\"2313729\">\n<div class=\"position-relative d-inline-block\"><img data-recalc-dims=\"1\" data-portal-copyright=\"Julien Viry\/istock\" decoding=\"async\" fetchpriority=\"high\" class=\"size-large wp-image-2313729\" src=\"https:\/\/i0.wp.com\/catracalivre.com.br\/wp-content\/uploads\/2023\/11\/istock-1277740871-910x569.jpg?resize=910%2C569&#038;ssl=1\" alt=\"Governo chin\u00eas diz que surto de doen\u00e7as respirat\u00f3rias ocorre devido ao fim das restri\u00e7\u00f5es contra a pandemia de covid-19\" width=\"910\" height=\"569\" srcset=\"https:\/\/catracalivre.com.br\/wp-content\/uploads\/2023\/11\/istock-1277740871-910x569.jpg 910w, https:\/\/catracalivre.com.br\/wp-content\/uploads\/2023\/11\/istock-1277740871-450x281.jpg 450w, https:\/\/catracalivre.com.br\/wp-content\/uploads\/2023\/11\/istock-1277740871-768x480.jpg 768w\" sizes=\"(max-width: 910px) 100vw, 910px\"\/><\/p>\n<p>Cr\u00e9ditos: Julien Viry\/istock<\/p>\n<\/div>\n<\/div>\n<p><span class=\"post-imagem__legenda\">Governo chin\u00eas diz que surto de doen\u00e7as respirat\u00f3rias ocorre devido ao fim das restri\u00e7\u00f5es contra a pandemia de covid-19<\/span><\/p>\n<\/div>\n<p>Segundo apresentado pela China, a alta de consultas e interna\u00e7\u00f5es de crian\u00e7as se deu por infec\u00e7\u00f5es por Mycoplasma pneumoniae, que causa um tipo comum de pneumonia bacteriana em crian\u00e7as.<\/p>\n<p>Os v\u00edrus sincicial respirat\u00f3rio, adenov\u00edrus e influenza tamb\u00e9m teriam colaborado com alta de casos que demandaram cuidados m\u00e9dicos.<\/p>\n<p>\u201cParte do crescimento ocorre mais cedo do que sazonalmente registrado, mas n\u00e3o \u00e9 inesperado dado o fim das restri\u00e7\u00f5es da covid-19, como o que outros pa\u00edses passaram\u201d, informou a OMS.<\/p>\n<p>O governo chin\u00eas tamb\u00e9m disse que n\u00e3o houve detec\u00e7\u00e3o de nenhum sintoma cl\u00ednico inesperado.<\/p>\n<h2>Entenda a situa\u00e7\u00e3o na China<\/h2>\n<p>A preocupa\u00e7\u00e3o com a situa\u00e7\u00e3o na China surgiu ap\u00f3s um alerta do sistema de vigil\u00e2ncia <a href=\"https:\/\/promedmail.org\/promed-post\/?id=8713261\" target=\"_blank\" rel=\"noopener\">ProMed<\/a>, um portal de monitoramento da Sociedade Internacional de Doen\u00e7as Infecciosas, sobre uma \u201cdoen\u00e7a preocupante\u201d.<\/p>\n<p>Os casos foram relatados em diferentes localidades distantes umas das outras.<\/p>\n<p>Os doentes j\u00e1 estariam <a href=\"https:\/\/catracalivre.com.br\/saude-bem-estar\/hospitais-chineses-lotam-com-surto-misterioso-de-doenca-respiratoria\/\">sobrecarregando os hospitais infantis.\u00a0<\/a><\/p>\n<p>A OMS chegou a refor\u00e7ar algumas medidas preventivas para as pessoas que est\u00e3o na China, tais como: higiene das m\u00e3os, vacina\u00e7\u00e3o e manter dist\u00e2ncia de pessoas doentes.<\/p>\n<p>Vale lembrar que os primeiros casos do que se revelou ser covid-19 foram notificados como pneumonia inexplic\u00e1vel no final de 2019, com a primeira morte pela doen\u00e7a em Janeiro de 2020.<\/p>\n<\/div>\n<p><script>\n\t\t! function(f, b, e, v, n, t, s) {\n\t\t\tif (f.fbq) return;\n\t\t\tn = f.fbq = function() {\n\t\t\t\tn.callMethod ?\n\t\t\t\t\tn.callMethod.apply(n, arguments) : n.queue.push(arguments)\n\t\t\t};\n\t\t\tif (!f._fbq) f._fbq = n;\n\t\t\tn.push = n;\n\t\t\tn.loaded = !0;\n\t\t\tn.version = '2.0';\n\t\t\tn.queue = [];\n\t\t\tt = b.createElement(e);\n\t\t\tt.async = !0;\n\t\t\tt.src = v;\n\t\t\ts = b.getElementsByTagName(e)[0];\n\t\t\ts.parentNode.insertBefore(t, s)\n\t\t}(window, document, 'script',\n\t\t\t'https:\/\/connect.facebook.net\/en_US\/fbevents.js');\n\t\tfbq('init', '338315473262380');\n\t\tfbq('track', 'PageView');\n\t<\/script><br \/>\n<br \/><br \/>\n<br \/><a href=\"https:\/\/catracalivre.com.br\/saude-bem-estar\/china-fala-sobre-doenca-que-causa-surto-no-pais-apos-pressao-da-oms\/\">Source link <\/a><\/p>\n<div class='code-block code-block-4' style='margin: 8px auto 8px 0; text-align: left; display: block; clear: both;'>\n\ud83d\udce2 Aviso Legal\n\nO site ismaelcolosi.com.br atua apenas como um canal de divulga\u00e7\u00e3o de oportunidades de emprego e n\u00e3o se responsabiliza pelo processo seletivo, contrata\u00e7\u00e3o ou qualquer outra etapa relacionada \u00e0s vagas publicadas. Todas as informa\u00e7\u00f5es s\u00e3o de responsabilidade dos anunciantes.\n\n\u26a0\ufe0f Aten\u00e7\u00e3o! Nunca pague por promessas de emprego nem compre cursos que garantam contrata\u00e7\u00e3o. Desconfie de qualquer cobran\u00e7a para participar de sele\u00e7\u00f5es.\n\n\n<div data-type=\"_mgwidget\" data-widget-id=\"2000896\">\n<\/div>\n<script>(function(w,q){w[q]=w[q]||[];w[q].push([\"_mgc.load\"])})(window,\"_mgq\");\n<\/script>\n<\/div>\n<!-- CONTENT END 1 -->\n","protected":false},"excerpt":{"rendered":"<p>As autoridades de sa\u00fade chinesas falaram nesta quinta-feira, 23, sobre o surto de doen\u00e7a respirat\u00f3ria entre as crian\u00e7as que o pa\u00eds registra. A explica\u00e7\u00e3o \u00e9&#8230;<\/p>\n","protected":false},"author":1,"featured_media":5522,"comment_status":"open","ping_status":"open","sticky":false,"template":"","format":"standard","meta":{"_uag_custom_page_level_css":"","jetpack_post_was_ever_published":false,"_jetpack_newsletter_access":"","_jetpack_dont_email_post_to_subs":false,"_jetpack_newsletter_tier_id":0,"_jetpack_memberships_contains_paywalled_content":false,"_jetpack_memberships_contains_paid_content":false,"footnotes":"","jetpack_publicize_message":"","jetpack_publicize_feature_enabled":true,"jetpack_social_post_already_shared":true,"jetpack_social_options":{"image_generator_settings":{"template":"highway","default_image_id":0,"font":"","enabled":false},"version":2}},"categories":[19],"tags":[],"class_list":["post-5521","post","type-post","status-publish","format-standard","has-post-thumbnail","hentry","category-variedades"],"aioseo_notices":[],"jetpack_publicize_connections":[],"jetpack_featured_media_url":"https:\/\/i0.wp.com\/ismaelcolosi.com.br\/wp-content\/uploads\/2023\/11\/istock-1277740871.jpg?fit=1200%2C638&ssl=1","uagb_featured_image_src":{"full":["https:\/\/i0.wp.com\/ismaelcolosi.com.br\/wp-content\/uploads\/2023\/11\/istock-1277740871.jpg?fit=1200%2C638&ssl=1",1200,638,false],"thumbnail":["https:\/\/i0.wp.com\/ismaelcolosi.com.br\/wp-content\/uploads\/2023\/11\/istock-1277740871.jpg?resize=150%2C150&ssl=1",150,150,true],"medium":["https:\/\/i0.wp.com\/ismaelcolosi.com.br\/wp-content\/uploads\/2023\/11\/istock-1277740871.jpg?fit=300%2C160&ssl=1",300,160,true],"medium_large":["https:\/\/i0.wp.com\/ismaelcolosi.com.br\/wp-content\/uploads\/2023\/11\/istock-1277740871.jpg?fit=768%2C408&ssl=1",768,408,true],"large":["https:\/\/i0.wp.com\/ismaelcolosi.com.br\/wp-content\/uploads\/2023\/11\/istock-1277740871.jpg?fit=1024%2C544&ssl=1",1024,544,true],"1536x1536":["https:\/\/i0.wp.com\/ismaelcolosi.com.br\/wp-content\/uploads\/2023\/11\/istock-1277740871.jpg?fit=1200%2C638&ssl=1",1200,638,true],"2048x2048":["https:\/\/i0.wp.com\/ismaelcolosi.com.br\/wp-content\/uploads\/2023\/11\/istock-1277740871.jpg?fit=1200%2C638&ssl=1",1200,638,true],"really-simple-thumb":["https:\/\/i0.wp.com\/ismaelcolosi.com.br\/wp-content\/uploads\/2023\/11\/istock-1277740871.jpg?resize=370%2C247&ssl=1",370,247,true]},"uagb_author_info":{"display_name":"ismaelcolosi.com.br","author_link":"https:\/\/ismaelcolosi.com.br\/index.php\/author\/vidareal-online\/"},"uagb_comment_info":0,"uagb_excerpt":"As autoridades de sa\u00fade chinesas falaram nesta quinta-feira, 23, sobre o surto de doen\u00e7a respirat\u00f3ria entre as crian\u00e7as que o pa\u00eds registra. A explica\u00e7\u00e3o \u00e9...","jetpack-related-posts":[{"id":5391,"url":"https:\/\/ismaelcolosi.com.br\/index.php\/2023\/11\/23\/surto-misterioso-de-doenca-respiratoria-na-china-acende-alerta-na-oms\/","url_meta":{"origin":5521,"position":0},"title":"Surto misterioso de doen\u00e7a respirat\u00f3ria na China acende alerta na OMS","author":"ismaelcolosi.com.br","date":"23 de November de 2023","format":false,"excerpt":"A Organiza\u00e7\u00e3o Mundial da Sa\u00fade (OMS) pediu mais informa\u00e7\u00f5es \u00e0 China sobre um surto misterioso de doen\u00e7a respirat\u00f3ria registrado no pa\u00eds. O cen\u00e1rio levou um importante programa de vigil\u00e2ncia da Sociedade Internacional de Doen\u00e7as Infecciosas a emitir um alerta expressando \u201cpreocupa\u00e7\u00e3o\u201d e tamb\u00e9m cobrando \u201cinforma\u00e7\u00f5es definitivas\u201d sobre a extens\u00e3o da\u2026","rel":"","context":"In &quot;Variedades&quot;","block_context":{"text":"Variedades","link":"https:\/\/ismaelcolosi.com.br\/index.php\/category\/variedades\/"},"img":{"alt_text":"","src":"https:\/\/i0.wp.com\/ismaelcolosi.com.br\/wp-content\/uploads\/2023\/11\/istock-1203787677.jpg?fit=1200%2C638&ssl=1&resize=350%2C200","width":350,"height":200,"srcset":"https:\/\/i0.wp.com\/ismaelcolosi.com.br\/wp-content\/uploads\/2023\/11\/istock-1203787677.jpg?fit=1200%2C638&ssl=1&resize=350%2C200 1x, https:\/\/i0.wp.com\/ismaelcolosi.com.br\/wp-content\/uploads\/2023\/11\/istock-1203787677.jpg?fit=1200%2C638&ssl=1&resize=525%2C300 1.5x, https:\/\/i0.wp.com\/ismaelcolosi.com.br\/wp-content\/uploads\/2023\/11\/istock-1203787677.jpg?fit=1200%2C638&ssl=1&resize=700%2C400 2x, https:\/\/i0.wp.com\/ismaelcolosi.com.br\/wp-content\/uploads\/2023\/11\/istock-1203787677.jpg?fit=1200%2C638&ssl=1&resize=1050%2C600 3x"},"classes":[]},{"id":6973,"url":"https:\/\/ismaelcolosi.com.br\/index.php\/2023\/11\/27\/o-que-sabemos-sobre-o-surto-de-doenca-respiratoria-na-china\/","url_meta":{"origin":5521,"position":1},"title":"O que sabemos sobre o surto de doen\u00e7a respirat\u00f3ria na China","author":"ismaelcolosi.com.br","date":"27 de November de 2023","format":false,"excerpt":"Os hospitais da China est\u00e3o cheios de casos de doen\u00e7as respirat\u00f3rias e crian\u00e7as doentes com sintomas semelhantes aos da pneumonia. O caso acendeu o alerta da Organiza\u00e7\u00e3o Mundial da Sa\u00fade (OMS). As autoridades de sa\u00fade chinesas disseram no fim de semana que o aumento de casos estava ligado a uma\u2026","rel":"","context":"In &quot;Variedades&quot;","block_context":{"text":"Variedades","link":"https:\/\/ismaelcolosi.com.br\/index.php\/category\/variedades\/"},"img":{"alt_text":"","src":"https:\/\/i0.wp.com\/ismaelcolosi.com.br\/wp-content\/uploads\/2023\/11\/istock-1287519843.jpg?fit=1200%2C638&ssl=1&resize=350%2C200","width":350,"height":200,"srcset":"https:\/\/i0.wp.com\/ismaelcolosi.com.br\/wp-content\/uploads\/2023\/11\/istock-1287519843.jpg?fit=1200%2C638&ssl=1&resize=350%2C200 1x, https:\/\/i0.wp.com\/ismaelcolosi.com.br\/wp-content\/uploads\/2023\/11\/istock-1287519843.jpg?fit=1200%2C638&ssl=1&resize=525%2C300 1.5x, https:\/\/i0.wp.com\/ismaelcolosi.com.br\/wp-content\/uploads\/2023\/11\/istock-1287519843.jpg?fit=1200%2C638&ssl=1&resize=700%2C400 2x, https:\/\/i0.wp.com\/ismaelcolosi.com.br\/wp-content\/uploads\/2023\/11\/istock-1287519843.jpg?fit=1200%2C638&ssl=1&resize=1050%2C600 3x"},"classes":[]},{"id":6279,"url":"https:\/\/ismaelcolosi.com.br\/index.php\/2023\/11\/25\/franca-entra-em-alerta-apos-surto-de-doenca-respiratoria-atipica\/","url_meta":{"origin":5521,"position":2},"title":"Fran\u00e7a entra em alerta ap\u00f3s surto de doen\u00e7a respirat\u00f3ria at\u00edpica","author":"ismaelcolosi.com.br","date":"25 de November de 2023","format":false,"excerpt":"A Fran\u00e7a enfrenta um aumento significativo de casos de doen\u00e7a respirat\u00f3ria at\u00edpica entre crian\u00e7as e adolescentes. De acordo com a imprensa local, os atendimentos para essa doen\u00e7a aumentaram 36% na semana de 13 a 19 de novembro. Pneumonia por Mycoplasma pneumoniae A doen\u00e7a em quest\u00e3o \u00e9 a pneumonia causada pela\u2026","rel":"","context":"In &quot;Variedades&quot;","block_context":{"text":"Variedades","link":"https:\/\/ismaelcolosi.com.br\/index.php\/category\/variedades\/"},"img":{"alt_text":"","src":"https:\/\/i0.wp.com\/ismaelcolosi.com.br\/wp-content\/uploads\/2023\/11\/istock-1401389738-1.jpg?fit=1200%2C638&ssl=1&resize=350%2C200","width":350,"height":200,"srcset":"https:\/\/i0.wp.com\/ismaelcolosi.com.br\/wp-content\/uploads\/2023\/11\/istock-1401389738-1.jpg?fit=1200%2C638&ssl=1&resize=350%2C200 1x, https:\/\/i0.wp.com\/ismaelcolosi.com.br\/wp-content\/uploads\/2023\/11\/istock-1401389738-1.jpg?fit=1200%2C638&ssl=1&resize=525%2C300 1.5x, https:\/\/i0.wp.com\/ismaelcolosi.com.br\/wp-content\/uploads\/2023\/11\/istock-1401389738-1.jpg?fit=1200%2C638&ssl=1&resize=700%2C400 2x, https:\/\/i0.wp.com\/ismaelcolosi.com.br\/wp-content\/uploads\/2023\/11\/istock-1401389738-1.jpg?fit=1200%2C638&ssl=1&resize=1050%2C600 3x"},"classes":[]},{"id":35964,"url":"https:\/\/ismaelcolosi.com.br\/index.php\/2024\/02\/08\/oms-diz-que-o-surto-de-dengue-no-brasil-e-parte-de-um-aumento-em-escala-global\/","url_meta":{"origin":5521,"position":3},"title":"OMS diz que o surto de dengue no Brasil \u00e9 parte de um aumento em escala global","author":"ismaelcolosi.com.br","date":"8 de February de 2024","format":false,"excerpt":"O diretor-geral da Organiza\u00e7\u00e3o Mundial de Sa\u00fade (OMS), Tedros Adhanom, afirmou, nesta quarta-feira, 7, que o surto de dengue visto no Brasil \u00e9 parte de um grande aumento em escala global. Adhanom parabenizou o Brasil pela resposta \u00e0 doen\u00e7a e por inserir a vacina contra a dengue no pa\u00eds, e\u2026","rel":"","context":"In &quot;Not\u00edcias de Ribeir\u00e3o Preto-SP e Regi\u00e3o&quot;","block_context":{"text":"Not\u00edcias de Ribeir\u00e3o Preto-SP e Regi\u00e3o","link":"https:\/\/ismaelcolosi.com.br\/index.php\/category\/noticias-de-ribeirao-preto-sp-e-regiao-ismael-colosi\/"},"img":{"alt_text":"","src":"https:\/\/i0.wp.com\/ismaelcolosi.com.br\/wp-content\/uploads\/2024\/02\/oms-scaled.jpg?fit=1000%2C598&ssl=1&resize=350%2C200","width":350,"height":200,"srcset":"https:\/\/i0.wp.com\/ismaelcolosi.com.br\/wp-content\/uploads\/2024\/02\/oms-scaled.jpg?fit=1000%2C598&ssl=1&resize=350%2C200 1x, https:\/\/i0.wp.com\/ismaelcolosi.com.br\/wp-content\/uploads\/2024\/02\/oms-scaled.jpg?fit=1000%2C598&ssl=1&resize=525%2C300 1.5x, https:\/\/i0.wp.com\/ismaelcolosi.com.br\/wp-content\/uploads\/2024\/02\/oms-scaled.jpg?fit=1000%2C598&ssl=1&resize=700%2C400 2x"},"classes":[]},{"id":5378,"url":"https:\/\/ismaelcolosi.com.br\/index.php\/2023\/11\/23\/hospitais-chineses-lotam-com-surto-misterioso-de-doenca-respiratoria\/","url_meta":{"origin":5521,"position":4},"title":"Hospitais chineses lotam com surto misterioso de doen\u00e7a respirat\u00f3ria","author":"ismaelcolosi.com.br","date":"23 de November de 2023","format":false,"excerpt":"Um surto misterioso de doen\u00e7a respirat\u00f3ria na China est\u00e1 levando muitas crian\u00e7as aos hospitais, que j\u00e1 est\u00e3o sobrecarregados. Ainda n\u00e3o h\u00e1 relatos de adultos doentes, mas n\u00e3o h\u00e1 n\u00fameros oficiais. As informa\u00e7\u00f5es s\u00e3o de reportagens veiculadas na imprensa local n\u00e3o alinhada ao governo comunista. O sistema de vigil\u00e2ncia Promed, um\u2026","rel":"","context":"In &quot;Variedades&quot;","block_context":{"text":"Variedades","link":"https:\/\/ismaelcolosi.com.br\/index.php\/category\/variedades\/"},"img":{"alt_text":"","src":"https:\/\/i0.wp.com\/ismaelcolosi.com.br\/wp-content\/uploads\/2023\/11\/istock-1329015511.jpg?fit=1200%2C638&ssl=1&resize=350%2C200","width":350,"height":200,"srcset":"https:\/\/i0.wp.com\/ismaelcolosi.com.br\/wp-content\/uploads\/2023\/11\/istock-1329015511.jpg?fit=1200%2C638&ssl=1&resize=350%2C200 1x, https:\/\/i0.wp.com\/ismaelcolosi.com.br\/wp-content\/uploads\/2023\/11\/istock-1329015511.jpg?fit=1200%2C638&ssl=1&resize=525%2C300 1.5x, https:\/\/i0.wp.com\/ismaelcolosi.com.br\/wp-content\/uploads\/2023\/11\/istock-1329015511.jpg?fit=1200%2C638&ssl=1&resize=700%2C400 2x, https:\/\/i0.wp.com\/ismaelcolosi.com.br\/wp-content\/uploads\/2023\/11\/istock-1329015511.jpg?fit=1200%2C638&ssl=1&resize=1050%2C600 3x"},"classes":[]},{"id":8736,"url":"https:\/\/ismaelcolosi.com.br\/index.php\/2023\/11\/30\/estes-sao-os-paises-afetados-pela-pneumonia-misteriosa-iniciada-na-china\/","url_meta":{"origin":5521,"position":5},"title":"Estes s\u00e3o os pa\u00edses afetados pela pneumonia misteriosa iniciada na China","author":"ismaelcolosi.com.br","date":"30 de November de 2023","format":false,"excerpt":"Depois de uma doen\u00e7a misteriosa, que se assemelha \u00e0 pneumonia, ser detectada na China, outros pa\u00edses reportaram aumento de casos. O mais recente deles \u00e9 a Dinamarca, que observou um surto de doen\u00e7a respirat\u00f3ria em crian\u00e7as, que atinge n\u00edveis epid\u00e9micos. Os Pa\u00edses Baixos, a Su\u00e9cia e Singapura tamb\u00e9m relataram um\u2026","rel":"","context":"In &quot;Variedades&quot;","block_context":{"text":"Variedades","link":"https:\/\/ismaelcolosi.com.br\/index.php\/category\/variedades\/"},"img":{"alt_text":"","src":"https:\/\/i0.wp.com\/ismaelcolosi.com.br\/wp-content\/uploads\/2023\/11\/istock-1366706751.jpg?fit=1200%2C638&ssl=1&resize=350%2C200","width":350,"height":200,"srcset":"https:\/\/i0.wp.com\/ismaelcolosi.com.br\/wp-content\/uploads\/2023\/11\/istock-1366706751.jpg?fit=1200%2C638&ssl=1&resize=350%2C200 1x, https:\/\/i0.wp.com\/ismaelcolosi.com.br\/wp-content\/uploads\/2023\/11\/istock-1366706751.jpg?fit=1200%2C638&ssl=1&resize=525%2C300 1.5x, https:\/\/i0.wp.com\/ismaelcolosi.com.br\/wp-content\/uploads\/2023\/11\/istock-1366706751.jpg?fit=1200%2C638&ssl=1&resize=700%2C400 2x, https:\/\/i0.wp.com\/ismaelcolosi.com.br\/wp-content\/uploads\/2023\/11\/istock-1366706751.jpg?fit=1200%2C638&ssl=1&resize=1050%2C600 3x"},"classes":[]}],"jetpack_sharing_enabled":true,"jetpack_shortlink":"https:\/\/wp.me\/pfMlyK-1r3","_links":{"self":[{"href":"https:\/\/ismaelcolosi.com.br\/index.php\/wp-json\/wp\/v2\/posts\/5521","targetHints":{"allow":["GET"]}}],"collection":[{"href":"https:\/\/ismaelcolosi.com.br\/index.php\/wp-json\/wp\/v2\/posts"}],"about":[{"href":"https:\/\/ismaelcolosi.com.br\/index.php\/wp-json\/wp\/v2\/types\/post"}],"author":[{"embeddable":true,"href":"https:\/\/ismaelcolosi.com.br\/index.php\/wp-json\/wp\/v2\/users\/1"}],"replies":[{"embeddable":true,"href":"https:\/\/ismaelcolosi.com.br\/index.php\/wp-json\/wp\/v2\/comments?post=5521"}],"version-history":[{"count":0,"href":"https:\/\/ismaelcolosi.com.br\/index.php\/wp-json\/wp\/v2\/posts\/5521\/revisions"}],"wp:featuredmedia":[{"embeddable":true,"href":"https:\/\/ismaelcolosi.com.br\/index.php\/wp-json\/wp\/v2\/media\/5522"}],"wp:attachment":[{"href":"https:\/\/ismaelcolosi.com.br\/index.php\/wp-json\/wp\/v2\/media?parent=5521"}],"wp:term":[{"taxonomy":"category","embeddable":true,"href":"https:\/\/ismaelcolosi.com.br\/index.php\/wp-json\/wp\/v2\/categories?post=5521"},{"taxonomy":"post_tag","embeddable":true,"href":"https:\/\/ismaelcolosi.com.br\/index.php\/wp-json\/wp\/v2\/tags?post=5521"}],"curies":[{"name":"wp","href":"https:\/\/api.w.org\/{rel}","templated":true}]}}