{"id":5515,"date":"2023-11-23T20:10:47","date_gmt":"2023-11-23T23:10:47","guid":{"rendered":"https:\/\/ismaelcolosi.com.br\/index.php\/2023\/11\/23\/clickbus-tem-passagens-de-onibus-a-partir-de-r-490\/"},"modified":"2023-11-23T20:10:47","modified_gmt":"2023-11-23T23:10:47","slug":"clickbus-tem-passagens-de-onibus-a-partir-de-r-490","status":"publish","type":"post","link":"https:\/\/ismaelcolosi.com.br\/index.php\/2023\/11\/23\/clickbus-tem-passagens-de-onibus-a-partir-de-r-490\/","title":{"rendered":"ClickBus tem passagens de \u00f4nibus a partir de R$ 4,90"},"content":{"rendered":"<p> <br \/>\n<\/p>\n<div>\n<p>Quer viajar, mas a grana est\u00e1 curta? Entre os dias 23 e 26 de novembro, a plataforma ClickBus disponibilizar\u00e1 passagens de \u00f4nibus com valores a partir de R$ 4,90 para destinos selecionados, al\u00e9m de cupons exclusivos durante a <a href=\"https:\/\/catracalivre.com.br\/viagem-livre\/black-friday-hoteis-e-resorts-oferecem-descontos-de-ate-65\/\">Black Friday<\/a>.<\/p>\n<p>Os consumidores ter\u00e3o acesso a diversas promo\u00e7\u00f5es por meio do aplicativo da empresa para iOS e Android.<\/p><div class='code-block code-block-8' style='margin: 8px auto; text-align: center; display: block; clear: both;'>\n<script>\n  atOptions = {\n    'key' : '66e2e2111ca34da796271819fc334058',\n    'format' : 'iframe',\n    'height' : 250,\n    'width' : 300,\n    'params' : {}\n  };\n<\/script>\n<script src=\"https:\/\/www.highperformanceformat.com\/66e2e2111ca34da796271819fc334058\/invoke.js\"><\/script>\n<\/div>\n\n<div id=\"attachment_2302603\" class=\"wp-caption aligncenter\">\n<div class=\"d-flex justify-content-center\" data-attachment-id=\"2302603\">\n<div class=\"position-relative d-inline-block\"><img data-recalc-dims=\"1\" data-portal-copyright=\"Divulga\u00e7\u00e3o\/Setur Ubatuba\" decoding=\"async\" fetchpriority=\"high\" class=\"size-large wp-image-2302603\" src=\"https:\/\/i0.wp.com\/catracalivre.com.br\/wp-content\/uploads\/2023\/10\/ilha-das-couves-ubatuba-910x606.jpg?resize=910%2C606&#038;ssl=1\" alt=\"Ilha das Couves, em Ubatuba, no litoral norte de SP\" width=\"910\" height=\"606\" srcset=\"https:\/\/catracalivre.com.br\/wp-content\/uploads\/2023\/10\/ilha-das-couves-ubatuba-910x606.jpg 910w, https:\/\/catracalivre.com.br\/wp-content\/uploads\/2023\/10\/ilha-das-couves-ubatuba-450x300.jpg 450w, https:\/\/catracalivre.com.br\/wp-content\/uploads\/2023\/10\/ilha-das-couves-ubatuba-768x511.jpg 768w\" sizes=\"(max-width: 910px) 100vw, 910px\"\/><\/p>\n<p>Cr\u00e9ditos: Divulga\u00e7\u00e3o\/Setur Ubatuba<\/p>\n<\/div>\n<\/div>\n<p><span class=\"post-imagem__legenda\">Ilha das Couves, em Ubatuba, no litoral norte de SP<\/span><\/p>\n<\/div>\n<p>Al\u00e9m das ofertas no aplicativo, por meio do site oficial (mobile e desktop), os clientes da empresa ter\u00e3o acesso a passagens rodovi\u00e1rias a partir de R$ 29,90.<\/p>\n<p>Para aqueles que querem conhecer os benef\u00edcios da compra online de passagens rodovi\u00e1rias a empresa ofertar\u00e1 um cupom de R$ 30 Off para a primeira compra.<\/p>\n<p>A ClickBus tem parceria com mais de 200 via\u00e7\u00f5es regulares que operam em todo o Brasil. Garantindo que as empresas est\u00e3o de acordo com todas as pr\u00e1ticas de seguran\u00e7a definidas para o setor.<\/p>\n<h2>Compra segura de passagens de \u00f4nibus<\/h2>\n<p>Muitos consumidores ainda t\u00eam receio de fazer compras online, por\u00e9m al\u00e9m de golpes digitais, o consumidor tamb\u00e9m tem que ficar atento quanto a qualidade do servi\u00e7o ou produto que est\u00e1 adquirindo para n\u00e3o acabar caindo em uma cilada, iludido por uma promo\u00e7\u00e3o.<\/p>\n<p>O transporte rodovi\u00e1rio \u00e9 um dos mais seguros e confi\u00e1veis do Brasil, por\u00e9m o consumidor deve ficar atento na hora de escolher as suas passagens.<\/p>\n<p>A recomenda\u00e7\u00e3o \u00e9 viajar apenas em empresas que possuem opera\u00e7\u00f5es regulamentadas pelos \u00f3rg\u00e3os respons\u00e1veis como Ag\u00eancia Nacional de Transportes Terrestres (<a href=\"https:\/\/www.gov.br\/antt\/pt-br\" target=\"_blank\" rel=\"noopener\">ANTT<\/a>) ou secretarias e \u00f3rg\u00e3os estaduais de transporte.<\/p>\n<p>Uma das formas de verificar a autenticidade do site \u00e9 conferir se ele possui certificado digital, para isso basta ver se tem um cadeado ao lado do endere\u00e7o do site.<\/p>\n<p>Ao comprar por aplicativos, sempre baixar aplicativos das lojas oficiais de aplicativo do sistema que usa \u2013 Apple Store, para usu\u00e1rios do iOS ou Play Store, para usu\u00e1rios do Android.<\/p>\n<p>A recomenda\u00e7\u00e3o \u00e9 que o cliente nunca realize compras de aplicativos baixados de outras origens, visto que esses podem ser c\u00f3pias id\u00eanticas dos aplicativos originais com adultera\u00e7\u00f5es para roubar dados ou fraudar clientes<\/p>\n<p>Sempre utilize cart\u00f5es virtuais em compras online, pois caso ocorra algum problema de seguran\u00e7a, como roubo dos dados de cart\u00e3o, voc\u00ea poder\u00e1 apenas deletar aquele cart\u00e3o virtual em espec\u00edfico.<\/p>\n<\/div>\n<p><script>\n\t\t! function(f, b, e, v, n, t, s) {\n\t\t\tif (f.fbq) return;\n\t\t\tn = f.fbq = function() {\n\t\t\t\tn.callMethod ?\n\t\t\t\t\tn.callMethod.apply(n, arguments) : n.queue.push(arguments)\n\t\t\t};\n\t\t\tif (!f._fbq) f._fbq = n;\n\t\t\tn.push = n;\n\t\t\tn.loaded = !0;\n\t\t\tn.version = '2.0';\n\t\t\tn.queue = [];\n\t\t\tt = b.createElement(e);\n\t\t\tt.async = !0;\n\t\t\tt.src = v;\n\t\t\ts = b.getElementsByTagName(e)[0];\n\t\t\ts.parentNode.insertBefore(t, s)\n\t\t}(window, document, 'script',\n\t\t\t'https:\/\/connect.facebook.net\/en_US\/fbevents.js');\n\t\tfbq('init', '338315473262380');\n\t\tfbq('track', 'PageView');\n\t<\/script><br \/>\n<br \/><br \/>\n<br \/><a href=\"https:\/\/catracalivre.com.br\/viagem-livre\/clickbus-tem-passagens-de-onibus-a-partir-de-r-490\/\">Source link <\/a><\/p>\n<div class='code-block code-block-4' style='margin: 8px auto 8px 0; text-align: left; display: block; clear: both;'>\n\ud83d\udce2 Aviso Legal\n\nO site ismaelcolosi.com.br atua apenas como um canal de divulga\u00e7\u00e3o de oportunidades de emprego e n\u00e3o se responsabiliza pelo processo seletivo, contrata\u00e7\u00e3o ou qualquer outra etapa relacionada \u00e0s vagas publicadas. Todas as informa\u00e7\u00f5es s\u00e3o de responsabilidade dos anunciantes.\n\n\u26a0\ufe0f Aten\u00e7\u00e3o! Nunca pague por promessas de emprego nem compre cursos que garantam contrata\u00e7\u00e3o. Desconfie de qualquer cobran\u00e7a para participar de sele\u00e7\u00f5es.\n\n\n\n<\/div>\n<!-- CONTENT END 1 -->\n","protected":false},"excerpt":{"rendered":"<p>Quer viajar, mas a grana est\u00e1 curta? Entre os dias 23 e 26 de novembro, a plataforma ClickBus disponibilizar\u00e1 passagens de \u00f4nibus com valores a&#8230;<\/p>\n","protected":false},"author":1,"featured_media":5516,"comment_status":"open","ping_status":"open","sticky":false,"template":"","format":"standard","meta":{"_uag_custom_page_level_css":"","advanced_seo_description":"","jetpack_seo_html_title":"","jetpack_seo_noindex":false,"jetpack_post_was_ever_published":false,"_jetpack_newsletter_access":"","_jetpack_dont_email_post_to_subs":false,"_jetpack_newsletter_tier_id":0,"_jetpack_memberships_contains_paywalled_content":false,"_jetpack_memberships_contains_paid_content":false,"footnotes":"","jetpack_publicize_message":"","jetpack_publicize_feature_enabled":true,"jetpack_social_post_already_shared":true,"jetpack_social_options":{"image_generator_settings":{"template":"highway","default_image_id":0,"font":"","enabled":false},"version":2}},"categories":[19],"tags":[],"class_list":["post-5515","post","type-post","status-publish","format-standard","has-post-thumbnail","hentry","category-variedades"],"jetpack_publicize_connections":[],"jetpack_featured_media_url":"https:\/\/i0.wp.com\/ismaelcolosi.com.br\/wp-content\/uploads\/2023\/11\/ubatuba-praia-picinguaba.jpg?fit=1200%2C638&ssl=1","uagb_featured_image_src":{"full":["https:\/\/i0.wp.com\/ismaelcolosi.com.br\/wp-content\/uploads\/2023\/11\/ubatuba-praia-picinguaba.jpg?fit=1200%2C638&ssl=1",1200,638,false],"thumbnail":["https:\/\/i0.wp.com\/ismaelcolosi.com.br\/wp-content\/uploads\/2023\/11\/ubatuba-praia-picinguaba.jpg?resize=150%2C150&ssl=1",150,150,true],"medium":["https:\/\/i0.wp.com\/ismaelcolosi.com.br\/wp-content\/uploads\/2023\/11\/ubatuba-praia-picinguaba.jpg?fit=300%2C160&ssl=1",300,160,true],"medium_large":["https:\/\/i0.wp.com\/ismaelcolosi.com.br\/wp-content\/uploads\/2023\/11\/ubatuba-praia-picinguaba.jpg?fit=768%2C408&ssl=1",768,408,true],"large":["https:\/\/i0.wp.com\/ismaelcolosi.com.br\/wp-content\/uploads\/2023\/11\/ubatuba-praia-picinguaba.jpg?fit=1024%2C544&ssl=1",1024,544,true],"1536x1536":["https:\/\/i0.wp.com\/ismaelcolosi.com.br\/wp-content\/uploads\/2023\/11\/ubatuba-praia-picinguaba.jpg?fit=1200%2C638&ssl=1",1200,638,true],"2048x2048":["https:\/\/i0.wp.com\/ismaelcolosi.com.br\/wp-content\/uploads\/2023\/11\/ubatuba-praia-picinguaba.jpg?fit=1200%2C638&ssl=1",1200,638,true],"really-simple-thumb":["https:\/\/i0.wp.com\/ismaelcolosi.com.br\/wp-content\/uploads\/2023\/11\/ubatuba-praia-picinguaba.jpg?resize=370%2C247&ssl=1",370,247,true]},"uagb_author_info":{"display_name":"ismaelcolosi.com.br","author_link":"https:\/\/ismaelcolosi.com.br\/index.php\/author\/vidareal-online\/"},"uagb_comment_info":0,"uagb_excerpt":"Quer viajar, mas a grana est\u00e1 curta? Entre os dias 23 e 26 de novembro, a plataforma ClickBus disponibilizar\u00e1 passagens de \u00f4nibus com valores a...","jetpack-related-posts":[{"id":9066,"url":"https:\/\/ismaelcolosi.com.br\/index.php\/2023\/12\/01\/blablacar-oferece-passagens-de-onibus-a-partir-de-r-8\/","url_meta":{"origin":5515,"position":0},"title":"BlaBlaCar oferece passagens de \u00f4nibus a partir de R$ 8","author":"ismaelcolosi.com.br","date":"1 de December de 2023","format":false,"excerpt":"A plataforma de viagens BlaBlaCar lan\u00e7ou uma promo\u00e7\u00e3o imperd\u00edvel de passagens de \u00f4nibus com pre\u00e7os a partir de R$ 8. A oferta contempla mais de 60 rotas com embarque ou desembarque em Belo Horizonte (MG)A promo\u00e7\u00e3o \u00e9 v\u00e1lida para bilhetes adquiridos no site ou aplicativo at\u00e9 o dia 20 de\u2026","rel":"","context":"In &quot;Variedades&quot;","block_context":{"text":"Variedades","link":"https:\/\/ismaelcolosi.com.br\/index.php\/category\/variedades\/"},"img":{"alt_text":"","src":"https:\/\/i0.wp.com\/ismaelcolosi.com.br\/wp-content\/uploads\/2023\/12\/istock-1166641874.jpg?fit=1200%2C638&ssl=1&resize=350%2C200","width":350,"height":200,"srcset":"https:\/\/i0.wp.com\/ismaelcolosi.com.br\/wp-content\/uploads\/2023\/12\/istock-1166641874.jpg?fit=1200%2C638&ssl=1&resize=350%2C200 1x, https:\/\/i0.wp.com\/ismaelcolosi.com.br\/wp-content\/uploads\/2023\/12\/istock-1166641874.jpg?fit=1200%2C638&ssl=1&resize=525%2C300 1.5x, https:\/\/i0.wp.com\/ismaelcolosi.com.br\/wp-content\/uploads\/2023\/12\/istock-1166641874.jpg?fit=1200%2C638&ssl=1&resize=700%2C400 2x, https:\/\/i0.wp.com\/ismaelcolosi.com.br\/wp-content\/uploads\/2023\/12\/istock-1166641874.jpg?fit=1200%2C638&ssl=1&resize=1050%2C600 3x"},"classes":[]},{"id":22826,"url":"https:\/\/ismaelcolosi.com.br\/index.php\/2023\/12\/31\/ultimo-dia-recarregar-bilhete-a-r-440-em-sao-paulo\/","url_meta":{"origin":5515,"position":1},"title":"\u00daltimo dia recarregar bilhete a R$ 4,40 em S\u00e3o Paulo","author":"ismaelcolosi.com.br","date":"31 de December de 2023","format":false,"excerpt":"O prazo final para evitar o reajuste nas tarifas de transporte p\u00fablico em S\u00e3o Paulo termina neste domingo, 31. Usu\u00e1rios t\u00eam a oportunidade de recarregar bilhetes, como bilhete \u00fanico ou TOP, e manter os valores atuais de trens, metr\u00f4 e \u00f4nibus intermunicipais (EMTU).A partir da segunda-feira, 1\u00ba, as passagens de\u2026","rel":"","context":"In &quot;Variedades&quot;","block_context":{"text":"Variedades","link":"https:\/\/ismaelcolosi.com.br\/index.php\/category\/variedades\/"},"img":{"alt_text":"","src":"https:\/\/i0.wp.com\/ismaelcolosi.com.br\/wp-content\/uploads\/2023\/12\/metro-sp-scaled-1.jpg?fit=1200%2C638&ssl=1&resize=350%2C200","width":350,"height":200,"srcset":"https:\/\/i0.wp.com\/ismaelcolosi.com.br\/wp-content\/uploads\/2023\/12\/metro-sp-scaled-1.jpg?fit=1200%2C638&ssl=1&resize=350%2C200 1x, https:\/\/i0.wp.com\/ismaelcolosi.com.br\/wp-content\/uploads\/2023\/12\/metro-sp-scaled-1.jpg?fit=1200%2C638&ssl=1&resize=525%2C300 1.5x, https:\/\/i0.wp.com\/ismaelcolosi.com.br\/wp-content\/uploads\/2023\/12\/metro-sp-scaled-1.jpg?fit=1200%2C638&ssl=1&resize=700%2C400 2x, https:\/\/i0.wp.com\/ismaelcolosi.com.br\/wp-content\/uploads\/2023\/12\/metro-sp-scaled-1.jpg?fit=1200%2C638&ssl=1&resize=1050%2C600 3x"},"classes":[]},{"id":15752,"url":"https:\/\/ismaelcolosi.com.br\/index.php\/2023\/12\/14\/passagens-de-trem-metro-e-onibus-de-sp-vao-aumentar-em-janeiro\/","url_meta":{"origin":5515,"position":2},"title":"Passagens de trem, metr\u00f4 e \u00f4nibus de SP v\u00e3o aumentar em janeiro","author":"ismaelcolosi.com.br","date":"14 de December de 2023","format":false,"excerpt":"Cr\u00e9ditos: Rovena Rosa\/Ag\u00eancia BrasilPassagens de \u00f4nibus, trem e metr\u00f4 aumentam para R$ 5 em SP Uma mudan\u00e7a consider\u00e1vel est\u00e1 a caminho para os usu\u00e1rios dos transportes p\u00fablicos de S\u00e3o Paulo. A partir de 1\u00b0 de janeiro de 2024, o valor das passagens sofrer\u00e1 um reajuste, confirmado nesta quinta-feira, 14. O\u2026","rel":"","context":"In &quot;Variedades&quot;","block_context":{"text":"Variedades","link":"https:\/\/ismaelcolosi.com.br\/index.php\/category\/variedades\/"},"img":{"alt_text":"","src":"https:\/\/i0.wp.com\/ismaelcolosi.com.br\/wp-content\/uploads\/2023\/12\/onibus.jpg?fit=1200%2C638&ssl=1&resize=350%2C200","width":350,"height":200,"srcset":"https:\/\/i0.wp.com\/ismaelcolosi.com.br\/wp-content\/uploads\/2023\/12\/onibus.jpg?fit=1200%2C638&ssl=1&resize=350%2C200 1x, https:\/\/i0.wp.com\/ismaelcolosi.com.br\/wp-content\/uploads\/2023\/12\/onibus.jpg?fit=1200%2C638&ssl=1&resize=525%2C300 1.5x, https:\/\/i0.wp.com\/ismaelcolosi.com.br\/wp-content\/uploads\/2023\/12\/onibus.jpg?fit=1200%2C638&ssl=1&resize=700%2C400 2x, https:\/\/i0.wp.com\/ismaelcolosi.com.br\/wp-content\/uploads\/2023\/12\/onibus.jpg?fit=1200%2C638&ssl=1&resize=1050%2C600 3x"},"classes":[]},{"id":15871,"url":"https:\/\/ismaelcolosi.com.br\/index.php\/2023\/12\/14\/passagens-de-trem-e-metro-de-sp-terao-aumento-em-janeiro\/","url_meta":{"origin":5515,"position":3},"title":"Passagens de trem e metr\u00f4 de SP ter\u00e3o aumento em janeiro","author":"ismaelcolosi.com.br","date":"14 de December de 2023","format":false,"excerpt":"Cr\u00e9ditos: Reprodu\u00e7\u00e3o\/ CPTMPassagens de trem e metr\u00f4 aumentam para R$ 5 em SP Uma mudan\u00e7a consider\u00e1vel est\u00e1 a caminho para os usu\u00e1rios dos transportes p\u00fablicos de S\u00e3o Paulo. A partir de 1\u00b0 de janeiro de 2024, o valor das passagens sofrer\u00e1 um reajuste, confirmado nesta quinta-feira, 14, pela assessoria da\u2026","rel":"","context":"In &quot;Variedades&quot;","block_context":{"text":"Variedades","link":"https:\/\/ismaelcolosi.com.br\/index.php\/category\/variedades\/"},"img":{"alt_text":"","src":"https:\/\/i0.wp.com\/ismaelcolosi.com.br\/wp-content\/uploads\/2023\/12\/1702573819_fotos-catraca-2023-12-14t100706460.png?fit=1200%2C638&ssl=1&resize=350%2C200","width":350,"height":200,"srcset":"https:\/\/i0.wp.com\/ismaelcolosi.com.br\/wp-content\/uploads\/2023\/12\/1702573819_fotos-catraca-2023-12-14t100706460.png?fit=1200%2C638&ssl=1&resize=350%2C200 1x, https:\/\/i0.wp.com\/ismaelcolosi.com.br\/wp-content\/uploads\/2023\/12\/1702573819_fotos-catraca-2023-12-14t100706460.png?fit=1200%2C638&ssl=1&resize=525%2C300 1.5x, https:\/\/i0.wp.com\/ismaelcolosi.com.br\/wp-content\/uploads\/2023\/12\/1702573819_fotos-catraca-2023-12-14t100706460.png?fit=1200%2C638&ssl=1&resize=700%2C400 2x, https:\/\/i0.wp.com\/ismaelcolosi.com.br\/wp-content\/uploads\/2023\/12\/1702573819_fotos-catraca-2023-12-14t100706460.png?fit=1200%2C638&ssl=1&resize=1050%2C600 3x"},"classes":[]},{"id":15760,"url":"https:\/\/ismaelcolosi.com.br\/index.php\/2023\/12\/14\/passagens-de-trem-metro-e-onibus-de-sp-terao-aumento-em-janeiro\/","url_meta":{"origin":5515,"position":4},"title":"Passagens de trem, metr\u00f4 e \u00f4nibus de SP ter\u00e3o aumento em janeiro","author":"ismaelcolosi.com.br","date":"14 de December de 2023","format":false,"excerpt":"Cr\u00e9ditos: Reprodu\u00e7\u00e3o\/ CPTMPassagens de trem, metr\u00f4 e \u00f4nibus aumentam para R$ 5 em SP Uma mudan\u00e7a consider\u00e1vel est\u00e1 a caminho para os usu\u00e1rios dos transportes p\u00fablicos de S\u00e3o Paulo. A partir de 1\u00b0 de janeiro de 2024, o valor das passagens sofrer\u00e1 um reajuste, confirmado nesta quinta-feira, 14, pela assessoria\u2026","rel":"","context":"In &quot;Variedades&quot;","block_context":{"text":"Variedades","link":"https:\/\/ismaelcolosi.com.br\/index.php\/category\/variedades\/"},"img":{"alt_text":"","src":"https:\/\/i0.wp.com\/ismaelcolosi.com.br\/wp-content\/uploads\/2023\/12\/fotos-catraca-2023-12-14t100706460.png?fit=1200%2C638&ssl=1&resize=350%2C200","width":350,"height":200,"srcset":"https:\/\/i0.wp.com\/ismaelcolosi.com.br\/wp-content\/uploads\/2023\/12\/fotos-catraca-2023-12-14t100706460.png?fit=1200%2C638&ssl=1&resize=350%2C200 1x, https:\/\/i0.wp.com\/ismaelcolosi.com.br\/wp-content\/uploads\/2023\/12\/fotos-catraca-2023-12-14t100706460.png?fit=1200%2C638&ssl=1&resize=525%2C300 1.5x, https:\/\/i0.wp.com\/ismaelcolosi.com.br\/wp-content\/uploads\/2023\/12\/fotos-catraca-2023-12-14t100706460.png?fit=1200%2C638&ssl=1&resize=700%2C400 2x, https:\/\/i0.wp.com\/ismaelcolosi.com.br\/wp-content\/uploads\/2023\/12\/fotos-catraca-2023-12-14t100706460.png?fit=1200%2C638&ssl=1&resize=1050%2C600 3x"},"classes":[]},{"id":28000,"url":"https:\/\/ismaelcolosi.com.br\/index.php\/2024\/01\/14\/passagem-do-onibus-custa-r-845-em-ribeirao-preto-entenda\/","url_meta":{"origin":5515,"position":5},"title":"Passagem do \u00f4nibus custa R$ 8,45 em Ribeir\u00e3o Preto? Entenda","author":"ismaelcolosi.com.br","date":"14 de January de 2024","format":false,"excerpt":"A tarifa do transporte coletivo de Ribeir\u00e3o Preto vai passar para R$ 8,45 a partir de 1\u00ba de fevereiro. Contudo, o valor cobrado do usu\u00e1rio comum que embarcar nos \u00f4nibus da cidade continuar\u00e1 a ser de R$ 5, pelo terceiro ano consecutivo. Os outros R$ 3,45, por passageiro, ser\u00e3o pagos\u2026","rel":"","context":"In &quot;Not\u00edcias de Ribeir\u00e3o Preto-SP e Regi\u00e3o&quot;","block_context":{"text":"Not\u00edcias de Ribeir\u00e3o Preto-SP e Regi\u00e3o","link":"https:\/\/ismaelcolosi.com.br\/index.php\/category\/noticias-de-ribeirao-preto-sp-e-regiao-ismael-colosi\/"},"img":{"alt_text":"","src":"https:\/\/i0.wp.com\/ismaelcolosi.com.br\/wp-content\/uploads\/2024\/01\/novos-onibus-ribeirao-preto.jpg?fit=1200%2C800&ssl=1&resize=350%2C200","width":350,"height":200,"srcset":"https:\/\/i0.wp.com\/ismaelcolosi.com.br\/wp-content\/uploads\/2024\/01\/novos-onibus-ribeirao-preto.jpg?fit=1200%2C800&ssl=1&resize=350%2C200 1x, https:\/\/i0.wp.com\/ismaelcolosi.com.br\/wp-content\/uploads\/2024\/01\/novos-onibus-ribeirao-preto.jpg?fit=1200%2C800&ssl=1&resize=525%2C300 1.5x, https:\/\/i0.wp.com\/ismaelcolosi.com.br\/wp-content\/uploads\/2024\/01\/novos-onibus-ribeirao-preto.jpg?fit=1200%2C800&ssl=1&resize=700%2C400 2x, https:\/\/i0.wp.com\/ismaelcolosi.com.br\/wp-content\/uploads\/2024\/01\/novos-onibus-ribeirao-preto.jpg?fit=1200%2C800&ssl=1&resize=1050%2C600 3x"},"classes":[]}],"jetpack_sharing_enabled":true,"jetpack_shortlink":"https:\/\/wp.me\/pfMlyK-1qX","_links":{"self":[{"href":"https:\/\/ismaelcolosi.com.br\/index.php\/wp-json\/wp\/v2\/posts\/5515","targetHints":{"allow":["GET"]}}],"collection":[{"href":"https:\/\/ismaelcolosi.com.br\/index.php\/wp-json\/wp\/v2\/posts"}],"about":[{"href":"https:\/\/ismaelcolosi.com.br\/index.php\/wp-json\/wp\/v2\/types\/post"}],"author":[{"embeddable":true,"href":"https:\/\/ismaelcolosi.com.br\/index.php\/wp-json\/wp\/v2\/users\/1"}],"replies":[{"embeddable":true,"href":"https:\/\/ismaelcolosi.com.br\/index.php\/wp-json\/wp\/v2\/comments?post=5515"}],"version-history":[{"count":0,"href":"https:\/\/ismaelcolosi.com.br\/index.php\/wp-json\/wp\/v2\/posts\/5515\/revisions"}],"wp:featuredmedia":[{"embeddable":true,"href":"https:\/\/ismaelcolosi.com.br\/index.php\/wp-json\/wp\/v2\/media\/5516"}],"wp:attachment":[{"href":"https:\/\/ismaelcolosi.com.br\/index.php\/wp-json\/wp\/v2\/media?parent=5515"}],"wp:term":[{"taxonomy":"category","embeddable":true,"href":"https:\/\/ismaelcolosi.com.br\/index.php\/wp-json\/wp\/v2\/categories?post=5515"},{"taxonomy":"post_tag","embeddable":true,"href":"https:\/\/ismaelcolosi.com.br\/index.php\/wp-json\/wp\/v2\/tags?post=5515"}],"curies":[{"name":"wp","href":"https:\/\/api.w.org\/{rel}","templated":true}]}}