{"id":5492,"date":"2023-11-23T16:57:23","date_gmt":"2023-11-23T19:57:23","guid":{"rendered":"https:\/\/ismaelcolosi.com.br\/index.php\/2023\/11\/23\/fas-de-star-wars-se-reunem-em-ribeirao-preto-para-dois-dias-de-cosplay-veja-quando\/"},"modified":"2023-11-23T16:57:23","modified_gmt":"2023-11-23T19:57:23","slug":"fas-de-star-wars-se-reunem-em-ribeirao-preto-para-dois-dias-de-cosplay-veja-quando","status":"publish","type":"post","link":"https:\/\/ismaelcolosi.com.br\/index.php\/2023\/11\/23\/fas-de-star-wars-se-reunem-em-ribeirao-preto-para-dois-dias-de-cosplay-veja-quando\/","title":{"rendered":"F\u00e3s de Star Wars se re\u00fanem em Ribeir\u00e3o Preto para dois dias de cosplay; Veja quando"},"content":{"rendered":"<p> <br \/>\n<\/p>\n<div>\n<p>Os amantes da saga <strong>Star Wars<\/strong> poder\u00e3o participar de <strong>dois dias de cosplay<\/strong>, durante o Pow Festival, que acontece nos dias 9 e 10 de dezembro, no espa\u00e7o A F\u00e1brica, no Centro de Ribeir\u00e3o Preto, <strong>de forma gratuita.<\/strong><\/p>\n<p>Personagens como <strong>Darth Vader<\/strong>, <strong>Chewbacca <\/strong>e os <strong>Stormtroopers<\/strong>, entre outros, estar\u00e3o circulando pelos espa\u00e7os, interagindo e posando para fotos. <strong>\u00c0s 19h, acontecem algumas apresenta\u00e7\u00f5es.<\/strong><\/p>\n<p>Na programa\u00e7\u00e3o est\u00e3o, desde a participa\u00e7\u00e3o direta dos cosplayers, at\u00e9 <strong><mark style=\"background-color:#fcb900\" class=\"has-inline-color\">um desfile, uma simula\u00e7\u00e3o de batalha entre o bem e o mal e uma apresenta\u00e7\u00e3o com sabres de luz.<\/mark><\/strong><\/p>\n<h4 class=\"wp-block-heading\"><strong>Quem pode participar?<\/strong><\/h4>\n<p>Qualquer pessoa pode participar do cosplay. A entrada para o evento \u00e9 gratuita, contudo, <strong>\u00e9 necess\u00e1rio reservar os ingressos de forma on-line (<a href=\"https:\/\/powfestival.com.br\/ingressos\/\" target=\"_blank\" rel=\"noreferrer noopener\">clique aqui<\/a>)<\/strong>.<\/p>\n<p>A a\u00e7\u00e3o ser\u00e1 organizada pelo grupo <strong>Fam\u00edlia Star Wars Oficial<\/strong>, criado h\u00e1 cinco anos, na Baixada Santista. De acordo com a organiza\u00e7\u00e3o do Pow Festival, <strong>haver\u00e1 dois camarins para aqueles que preferirem se arrumar no evento.<\/strong><\/p>\n<p>\u00a0\u201cTemos participado de v\u00e1rios eventos para divertir p\u00fablicos de diferentes gera\u00e7\u00f5es, trazendo um toque de nostalgia e criando novas mem\u00f3rias embasadas nesse incr\u00edvel universo de Star Wars. Para o POW Festival, estamos preparando algo muito especial incluindo surpresas ao longo dos dois dias de evento\u201d, conta Carlos Eduardo Gon\u00e7alves, um dos fundadores do grupo.<\/p>\n<h4 class=\"wp-block-heading\"><strong>SERVI\u00c7O\u00a0<\/strong><\/h4>\n<p><em>POW Festival\u00a0<\/em><\/p>\n<p>Quando: dias 09 e 10 de dezembro<br \/>Onde: Espa\u00e7o A F\u00e1brica \u2013 Rua Mariana Junqueira, 33, Centro<br \/>Hor\u00e1rio: das 10h \u00e0s 21h<br \/>Programa\u00e7\u00e3o completa no site (<a href=\"https:\/\/powfestival.com.br\/\" target=\"_blank\" rel=\"noreferrer noopener\">clique aqui<\/a>)<\/p>\n<p>Entrada gratuita (<a href=\"https:\/\/www.sympla.com.br\/evento\/pow-festival-ingresso-gratuito-feira-experiencias-workshops-food-park-musica\/2187350?referrer=powfestival.com.br\" target=\"_blank\" rel=\"noreferrer noopener\">clique aqui para retirar o ingresso<\/a>)<\/p>\n<p>VEJA TAMB\u00c9M<\/p>\n<p>Confira as datas da Caravana de Natal da Coca-Cola em Ribeir\u00e3o Preto\u00a0\u00a0\u00a0<\/p>\n<h4 class=\"wp-block-heading\"><strong><mark style=\"background-color:#fcb900\" class=\"has-inline-color\">FIQUE ON<\/mark><\/strong><\/h4>\n<p>Fique ligado em tudo que acontece em Ribeir\u00e3o Preto e regi\u00e3o. Siga os perfis do\u00a0<strong>acidade on<\/strong>\u00a0no\u00a0<a href=\"https:\/\/www.instagram.com\/acidadeonribeirao\" target=\"_blank\" rel=\"noreferrer noopener\">Instagram\u00a0<\/a>e no<a href=\"https:\/\/www.facebook.com\/acidadeonribeirao\" target=\"_blank\" rel=\"noreferrer noopener\">\u00a0Facebook.<\/a><\/p>\n<p>Receba not\u00edcias do\u00a0<strong>acidade on\u00a0<\/strong>no WhatsApp.\u00a0<a href=\"https:\/\/chat.whatsapp.com\/Bnv2w66ZT4VDyZW3oiZ69n\" target=\"_blank\" rel=\"noreferrer noopener\">Para entrar no grupo, basta clicar aqui.<\/a><\/p>\n<p>Fa\u00e7a uma den\u00fancia ou sugira uma reportagem sobre Ribeir\u00e3o Preto e regi\u00e3o pelo WhatsApp:\u00a0<strong>(16) 99117 7802.<\/strong><\/p>\n<p>LEIA MAIS<\/p>\n<p><a href=\"https:\/\/www.tudoep.com\/tudo-receitas\/NOT,0,0,1868139,tagliolini-verde-com-abobrinha-parmesao-e-limao-saiba-o-passo-a-passo.aspx\" target=\"_blank\" rel=\"noreferrer noopener\">Tagliolini verde com abobrinha, parmes\u00e3o e lim\u00e3o: saiba o passo a passo<\/a><\/p>\n<p><!-- AI CONTENT END 1 -->\n<\/div>\n<p><script async src=\"\/\/www.instagram.com\/embed.js\"><\/script><br \/>\n<br \/><br \/>\n<br \/><a href=\"https:\/\/www.acidadeon.com\/ribeiraopreto\/lazer-e-cultura\/fas-de-star-wars-se-reunem-em-ribeirao-preto-para-dois-dias-de-cosplay-veja-quando\/\">Source link <\/a><\/p>\n<div class='code-block code-block-4' style='margin: 8px auto 8px 0; text-align: left; display: block; clear: both;'>\n\ud83d\udce2 Aviso Legal\n\nO site ismaelcolosi.com.br atua apenas como um canal de divulga\u00e7\u00e3o de oportunidades de emprego e n\u00e3o se responsabiliza pelo processo seletivo, contrata\u00e7\u00e3o ou qualquer outra etapa relacionada \u00e0s vagas publicadas. Todas as informa\u00e7\u00f5es s\u00e3o de responsabilidade dos anunciantes.\n\n\u26a0\ufe0f Aten\u00e7\u00e3o! Nunca pague por promessas de emprego nem compre cursos que garantam contrata\u00e7\u00e3o. Desconfie de qualquer cobran\u00e7a para participar de sele\u00e7\u00f5es.\n\n\n\n<\/div>\n<!-- CONTENT END 1 -->\n","protected":false},"excerpt":{"rendered":"<p>Os amantes da saga Star Wars poder\u00e3o participar de dois dias de cosplay, durante o Pow Festival, que acontece nos dias 9 e 10 de&#8230;<\/p>\n","protected":false},"author":1,"featured_media":5493,"comment_status":"open","ping_status":"open","sticky":false,"template":"","format":"standard","meta":{"_uag_custom_page_level_css":"","advanced_seo_description":"","jetpack_seo_html_title":"","jetpack_seo_noindex":false,"jetpack_post_was_ever_published":false,"_jetpack_newsletter_access":"","_jetpack_dont_email_post_to_subs":false,"_jetpack_newsletter_tier_id":0,"_jetpack_memberships_contains_paywalled_content":false,"_jetpack_memberships_contains_paid_content":false,"footnotes":"","jetpack_publicize_message":"","jetpack_publicize_feature_enabled":true,"jetpack_social_post_already_shared":true,"jetpack_social_options":{"image_generator_settings":{"template":"highway","default_image_id":0,"font":"","enabled":false},"version":2}},"categories":[11],"tags":[619,493,618,614,71,27,620,617,26,615,48,616],"class_list":["post-5492","post","type-post","status-publish","format-standard","has-post-thumbnail","hentry","category-noticias-de-ribeirao-preto-sp-e-regiao-ismael-colosi","tag-cosplay","tag-dias","tag-dois","tag-fas","tag-para","tag-preto","tag-quando","tag-reunem","tag-ribeirao","tag-star","tag-veja","tag-wars"],"jetpack_publicize_connections":[],"jetpack_featured_media_url":"https:\/\/i0.wp.com\/ismaelcolosi.com.br\/wp-content\/uploads\/2023\/11\/Stars-Wars.png?fit=1160%2C762&ssl=1","uagb_featured_image_src":{"full":["https:\/\/i0.wp.com\/ismaelcolosi.com.br\/wp-content\/uploads\/2023\/11\/Stars-Wars.png?fit=1160%2C762&ssl=1",1160,762,false],"thumbnail":["https:\/\/i0.wp.com\/ismaelcolosi.com.br\/wp-content\/uploads\/2023\/11\/Stars-Wars.png?resize=150%2C150&ssl=1",150,150,true],"medium":["https:\/\/i0.wp.com\/ismaelcolosi.com.br\/wp-content\/uploads\/2023\/11\/Stars-Wars.png?fit=300%2C197&ssl=1",300,197,true],"medium_large":["https:\/\/i0.wp.com\/ismaelcolosi.com.br\/wp-content\/uploads\/2023\/11\/Stars-Wars.png?fit=768%2C504&ssl=1",768,504,true],"large":["https:\/\/i0.wp.com\/ismaelcolosi.com.br\/wp-content\/uploads\/2023\/11\/Stars-Wars.png?fit=1024%2C673&ssl=1",1024,673,true],"1536x1536":["https:\/\/i0.wp.com\/ismaelcolosi.com.br\/wp-content\/uploads\/2023\/11\/Stars-Wars.png?fit=1160%2C762&ssl=1",1160,762,true],"2048x2048":["https:\/\/i0.wp.com\/ismaelcolosi.com.br\/wp-content\/uploads\/2023\/11\/Stars-Wars.png?fit=1160%2C762&ssl=1",1160,762,true],"really-simple-thumb":["https:\/\/i0.wp.com\/ismaelcolosi.com.br\/wp-content\/uploads\/2023\/11\/Stars-Wars.png?resize=370%2C247&ssl=1",370,247,true]},"uagb_author_info":{"display_name":"ismaelcolosi.com.br","author_link":"https:\/\/ismaelcolosi.com.br\/index.php\/author\/vidareal-online\/"},"uagb_comment_info":0,"uagb_excerpt":"Os amantes da saga Star Wars poder\u00e3o participar de dois dias de cosplay, durante o Pow Festival, que acontece nos dias 9 e 10 de...","jetpack-related-posts":[{"id":8760,"url":"https:\/\/ismaelcolosi.com.br\/index.php\/2023\/11\/30\/ribeirao-recebe-oficina-de-circo-com-atividades-gratuitas-para-criancas-e-adultos\/","url_meta":{"origin":5492,"position":0},"title":"Ribeir\u00e3o recebe oficina de circo com atividades gratuitas para crian\u00e7as e adultos","author":"ismaelcolosi.com.br","date":"30 de November de 2023","format":false,"excerpt":"Crian\u00e7as e adultos de todas as idades poder\u00e3o viver uma experi\u00eancia pelo universo dos picadeiros, atrav\u00e9s de workshops, durante o Pow Festival, evento de criatividade e tecnologia, que acontece nos dias 09 e 10 de dezembro, no Espa\u00e7o A F\u00e1brica, no Centro de Ribeir\u00e3o Preto. As atividades do Circo Show\u2026","rel":"","context":"In &quot;Not\u00edcias de Ribeir\u00e3o Preto-SP e Regi\u00e3o&quot;","block_context":{"text":"Not\u00edcias de Ribeir\u00e3o Preto-SP e Regi\u00e3o","link":"https:\/\/ismaelcolosi.com.br\/index.php\/category\/noticias-de-ribeirao-preto-sp-e-regiao-ismael-colosi\/"},"img":{"alt_text":"","src":"https:\/\/i0.wp.com\/ismaelcolosi.com.br\/wp-content\/uploads\/2023\/11\/Circo-Show.png?fit=1037%2C675&ssl=1&resize=350%2C200","width":350,"height":200,"srcset":"https:\/\/i0.wp.com\/ismaelcolosi.com.br\/wp-content\/uploads\/2023\/11\/Circo-Show.png?fit=1037%2C675&ssl=1&resize=350%2C200 1x, https:\/\/i0.wp.com\/ismaelcolosi.com.br\/wp-content\/uploads\/2023\/11\/Circo-Show.png?fit=1037%2C675&ssl=1&resize=525%2C300 1.5x, https:\/\/i0.wp.com\/ismaelcolosi.com.br\/wp-content\/uploads\/2023\/11\/Circo-Show.png?fit=1037%2C675&ssl=1&resize=700%2C400 2x"},"classes":[]},{"id":12224,"url":"https:\/\/ismaelcolosi.com.br\/index.php\/2023\/12\/07\/tudo-sobre-o-festival-gratuito-que-reune-tecnologia-e-musica-em-ribeirao-preto\/","url_meta":{"origin":5492,"position":1},"title":"Tudo sobre o festival gratuito que re\u00fane tecnologia e m\u00fasica em Ribeir\u00e3o Preto","author":"ismaelcolosi.com.br","date":"7 de December de 2023","format":false,"excerpt":"O Pow Festival, evento de criatividade, inova\u00e7\u00e3o, arte e entretenimento acontece, neste s\u00e1bado (9) e domingo (10), no Espa\u00e7o A F\u00e1brica, no Centro de Ribeir\u00e3o Preto, a partir das 10h. Com entrada gratuita, o festival conta com mais de 50 atra\u00e7\u00f5es e promete uma programa\u00e7\u00e3o com muita divers\u00e3o e conhecimento.\u2026","rel":"","context":"In &quot;Not\u00edcias de Ribeir\u00e3o Preto-SP e Regi\u00e3o&quot;","block_context":{"text":"Not\u00edcias de Ribeir\u00e3o Preto-SP e Regi\u00e3o","link":"https:\/\/ismaelcolosi.com.br\/index.php\/category\/noticias-de-ribeirao-preto-sp-e-regiao-ismael-colosi\/"},"img":{"alt_text":"","src":"https:\/\/i0.wp.com\/ismaelcolosi.com.br\/wp-content\/uploads\/2023\/12\/Copia-de-Copia-de-TAMANHO-EXATO-PARA-FOTOS-NO-SISTEMA-NOVO-13.png?fit=1200%2C675&ssl=1&resize=350%2C200","width":350,"height":200,"srcset":"https:\/\/i0.wp.com\/ismaelcolosi.com.br\/wp-content\/uploads\/2023\/12\/Copia-de-Copia-de-TAMANHO-EXATO-PARA-FOTOS-NO-SISTEMA-NOVO-13.png?fit=1200%2C675&ssl=1&resize=350%2C200 1x, https:\/\/i0.wp.com\/ismaelcolosi.com.br\/wp-content\/uploads\/2023\/12\/Copia-de-Copia-de-TAMANHO-EXATO-PARA-FOTOS-NO-SISTEMA-NOVO-13.png?fit=1200%2C675&ssl=1&resize=525%2C300 1.5x, https:\/\/i0.wp.com\/ismaelcolosi.com.br\/wp-content\/uploads\/2023\/12\/Copia-de-Copia-de-TAMANHO-EXATO-PARA-FOTOS-NO-SISTEMA-NOVO-13.png?fit=1200%2C675&ssl=1&resize=700%2C400 2x, https:\/\/i0.wp.com\/ismaelcolosi.com.br\/wp-content\/uploads\/2023\/12\/Copia-de-Copia-de-TAMANHO-EXATO-PARA-FOTOS-NO-SISTEMA-NOVO-13.png?fit=1200%2C675&ssl=1&resize=1050%2C600 3x"},"classes":[]},{"id":51975,"url":"https:\/\/ismaelcolosi.com.br\/index.php\/2024\/06\/03\/ribeirao-preto-recebe-exposicao-nacional-de-orquideas-veja-quando-e-como-participar\/","url_meta":{"origin":5492,"position":2},"title":"Ribeir\u00e3o Preto recebe exposi\u00e7\u00e3o nacional de orqu\u00eddeas; Veja quando e como participar","author":"ismaelcolosi.com.br","date":"3 de June de 2024","format":false,"excerpt":"A 59\u00aa Exposi\u00e7\u00e3o Nacional de Orqu\u00eddeas acontece entre os dias 14 e 16 de junho, no Instituto Social de Desenvolvimento Caminho com Amor, no bairro Jos\u00e9 Sampaio, zona Norte de Ribeir\u00e3o Preto. A entrada no evento \u00e9 gratuita. O evento re\u00fane mais de 3 mil vasos para exposi\u00e7\u00e3o e 6\u2026","rel":"","context":"In &quot;Not\u00edcias de Ribeir\u00e3o Preto-SP e Regi\u00e3o&quot;","block_context":{"text":"Not\u00edcias de Ribeir\u00e3o Preto-SP e Regi\u00e3o","link":"https:\/\/ismaelcolosi.com.br\/index.php\/category\/noticias-de-ribeirao-preto-sp-e-regiao-ismael-colosi\/"},"img":{"alt_text":"","src":"https:\/\/i0.wp.com\/ismaelcolosi.com.br\/wp-content\/uploads\/2024\/06\/flores_2024-06-03_11-41-00_jpeg_2024-06-03_11-41-00.webp.webp?fit=1200%2C800&ssl=1&resize=350%2C200","width":350,"height":200,"srcset":"https:\/\/i0.wp.com\/ismaelcolosi.com.br\/wp-content\/uploads\/2024\/06\/flores_2024-06-03_11-41-00_jpeg_2024-06-03_11-41-00.webp.webp?fit=1200%2C800&ssl=1&resize=350%2C200 1x, https:\/\/i0.wp.com\/ismaelcolosi.com.br\/wp-content\/uploads\/2024\/06\/flores_2024-06-03_11-41-00_jpeg_2024-06-03_11-41-00.webp.webp?fit=1200%2C800&ssl=1&resize=525%2C300 1.5x, https:\/\/i0.wp.com\/ismaelcolosi.com.br\/wp-content\/uploads\/2024\/06\/flores_2024-06-03_11-41-00_jpeg_2024-06-03_11-41-00.webp.webp?fit=1200%2C800&ssl=1&resize=700%2C400 2x, https:\/\/i0.wp.com\/ismaelcolosi.com.br\/wp-content\/uploads\/2024\/06\/flores_2024-06-03_11-41-00_jpeg_2024-06-03_11-41-00.webp.webp?fit=1200%2C800&ssl=1&resize=1050%2C600 3x"},"classes":[]},{"id":41165,"url":"https:\/\/ismaelcolosi.com.br\/index.php\/2024\/03\/06\/evento-em-ribeirao-preto-orienta-adultos-na-escolha-de-brinquedos-para-criancas\/","url_meta":{"origin":5492,"position":3},"title":"Evento em Ribeir\u00e3o Preto orienta adultos na escolha de brinquedos para crian\u00e7as","author":"ismaelcolosi.com.br","date":"6 de March de 2024","format":false,"excerpt":"Uma a\u00e7\u00e3o voltada para adultos que queiram aprender sobre como escolher brinquedos, recursos e conte\u00fados para \u00e0s crian\u00e7as, acontece nesta quinta-feira (7) e no dia pr\u00f3ximo dia 14, \u00e0s 19h, no Shopping Iguatemi de Ribeir\u00e3o Preto. Com entrada de gra\u00e7a, o evento \u201cConversas no Labirinto\u201d, tem o objetivo de orientar\u2026","rel":"","context":"In &quot;Not\u00edcias de Ribeir\u00e3o Preto-SP e Regi\u00e3o&quot;","block_context":{"text":"Not\u00edcias de Ribeir\u00e3o Preto-SP e Regi\u00e3o","link":"https:\/\/ismaelcolosi.com.br\/index.php\/category\/noticias-de-ribeirao-preto-sp-e-regiao-ismael-colosi\/"},"img":{"alt_text":"","src":"https:\/\/i0.wp.com\/ismaelcolosi.com.br\/wp-content\/uploads\/2024\/03\/Copia-de-Copia-de-TAMANHO-EXATO-PARA-FOTOS-NO-SISTEMA-NOVO-35.jpg?fit=1200%2C675&ssl=1&resize=350%2C200","width":350,"height":200,"srcset":"https:\/\/i0.wp.com\/ismaelcolosi.com.br\/wp-content\/uploads\/2024\/03\/Copia-de-Copia-de-TAMANHO-EXATO-PARA-FOTOS-NO-SISTEMA-NOVO-35.jpg?fit=1200%2C675&ssl=1&resize=350%2C200 1x, https:\/\/i0.wp.com\/ismaelcolosi.com.br\/wp-content\/uploads\/2024\/03\/Copia-de-Copia-de-TAMANHO-EXATO-PARA-FOTOS-NO-SISTEMA-NOVO-35.jpg?fit=1200%2C675&ssl=1&resize=525%2C300 1.5x, https:\/\/i0.wp.com\/ismaelcolosi.com.br\/wp-content\/uploads\/2024\/03\/Copia-de-Copia-de-TAMANHO-EXATO-PARA-FOTOS-NO-SISTEMA-NOVO-35.jpg?fit=1200%2C675&ssl=1&resize=700%2C400 2x, https:\/\/i0.wp.com\/ismaelcolosi.com.br\/wp-content\/uploads\/2024\/03\/Copia-de-Copia-de-TAMANHO-EXATO-PARA-FOTOS-NO-SISTEMA-NOVO-35.jpg?fit=1200%2C675&ssl=1&resize=1050%2C600 3x"},"classes":[]},{"id":63517,"url":"https:\/\/ismaelcolosi.com.br\/index.php\/2024\/09\/02\/ribeirao-preto-recebe-festa-do-morango-com-entrada-gratuita-e-musica-ao-vivo\/","url_meta":{"origin":5492,"position":4},"title":"Ribeir\u00e3o Preto recebe &#8216;Festa do Morango&#8217; com entrada gratuita e m\u00fasica ao vivo","author":"ismaelcolosi.com.br","date":"2 de September de 2024","format":false,"excerpt":"Ribeir\u00e3o Preto recebe a partir desta quinta-feira (5), a \u201c1\u00aa Festa do Morango\u201d, no estacionamento do Novo Shopping Center, na zona Leste do munic\u00edpio. Com entrada gratuita, o evento acontece at\u00e9 o domingo (8) e re\u00fane v\u00e1rias op\u00e7\u00f5es gastron\u00f4micas, al\u00e9m de diversas atra\u00e7\u00f5es musicais. As mulheres interessadas tamb\u00e9m podem participar\u2026","rel":"","context":"In &quot;Not\u00edcias de Ribeir\u00e3o Preto-SP e Regi\u00e3o&quot;","block_context":{"text":"Not\u00edcias de Ribeir\u00e3o Preto-SP e Regi\u00e3o","link":"https:\/\/ismaelcolosi.com.br\/index.php\/category\/noticias-de-ribeirao-preto-sp-e-regiao-ismael-colosi\/"},"img":{"alt_text":"","src":"https:\/\/i0.wp.com\/ismaelcolosi.com.br\/wp-content\/uploads\/2024\/09\/festa-do-morango-1_2024-09-02_18-53-11_jpeg_2024-09-02_18-53-11.webp.webp?fit=1200%2C675&ssl=1&resize=350%2C200","width":350,"height":200,"srcset":"https:\/\/i0.wp.com\/ismaelcolosi.com.br\/wp-content\/uploads\/2024\/09\/festa-do-morango-1_2024-09-02_18-53-11_jpeg_2024-09-02_18-53-11.webp.webp?fit=1200%2C675&ssl=1&resize=350%2C200 1x, https:\/\/i0.wp.com\/ismaelcolosi.com.br\/wp-content\/uploads\/2024\/09\/festa-do-morango-1_2024-09-02_18-53-11_jpeg_2024-09-02_18-53-11.webp.webp?fit=1200%2C675&ssl=1&resize=525%2C300 1.5x, https:\/\/i0.wp.com\/ismaelcolosi.com.br\/wp-content\/uploads\/2024\/09\/festa-do-morango-1_2024-09-02_18-53-11_jpeg_2024-09-02_18-53-11.webp.webp?fit=1200%2C675&ssl=1&resize=700%2C400 2x, https:\/\/i0.wp.com\/ismaelcolosi.com.br\/wp-content\/uploads\/2024\/09\/festa-do-morango-1_2024-09-02_18-53-11_jpeg_2024-09-02_18-53-11.webp.webp?fit=1200%2C675&ssl=1&resize=1050%2C600 3x"},"classes":[]},{"id":62670,"url":"https:\/\/ismaelcolosi.com.br\/index.php\/2024\/08\/28\/shopping-no-centro-de-ribeirao-preto-recebe-arena-ge-com-atividades-esportivas\/","url_meta":{"origin":5492,"position":5},"title":"Shopping no Centro de Ribeir\u00e3o Preto recebe Arena GE com atividades esportivas","author":"ismaelcolosi.com.br","date":"28 de August de 2024","format":false,"excerpt":"O Shopping Santa \u00darsula, no Centro de Ribeir\u00e3o Preto, recebe a Arena GE, uma a\u00e7\u00e3o gratuita em parceria com a EPTV, que oferece atividades esportivas gratuitas. O evento acontece entre quinta-feira (29) e domingo (1\u00ba de setembro), das 13h \u00e0s 19h, na Pra\u00e7a Central (Piso T\u00e9rreo). Al\u00e9m de futgol e\u2026","rel":"","context":"In &quot;Not\u00edcias de Ribeir\u00e3o Preto-SP e Regi\u00e3o&quot;","block_context":{"text":"Not\u00edcias de Ribeir\u00e3o Preto-SP e Regi\u00e3o","link":"https:\/\/ismaelcolosi.com.br\/index.php\/category\/noticias-de-ribeirao-preto-sp-e-regiao-ismael-colosi\/"},"img":{"alt_text":"","src":"https:\/\/i0.wp.com\/ismaelcolosi.com.br\/wp-content\/uploads\/2024\/08\/arena-ge_2024-08-28_18-28-29_jpeg_2024-08-28_18-28-31-scaled.webp.webp?fit=1200%2C717&ssl=1&resize=350%2C200","width":350,"height":200,"srcset":"https:\/\/i0.wp.com\/ismaelcolosi.com.br\/wp-content\/uploads\/2024\/08\/arena-ge_2024-08-28_18-28-29_jpeg_2024-08-28_18-28-31-scaled.webp.webp?fit=1200%2C717&ssl=1&resize=350%2C200 1x, https:\/\/i0.wp.com\/ismaelcolosi.com.br\/wp-content\/uploads\/2024\/08\/arena-ge_2024-08-28_18-28-29_jpeg_2024-08-28_18-28-31-scaled.webp.webp?fit=1200%2C717&ssl=1&resize=525%2C300 1.5x, https:\/\/i0.wp.com\/ismaelcolosi.com.br\/wp-content\/uploads\/2024\/08\/arena-ge_2024-08-28_18-28-29_jpeg_2024-08-28_18-28-31-scaled.webp.webp?fit=1200%2C717&ssl=1&resize=700%2C400 2x, https:\/\/i0.wp.com\/ismaelcolosi.com.br\/wp-content\/uploads\/2024\/08\/arena-ge_2024-08-28_18-28-29_jpeg_2024-08-28_18-28-31-scaled.webp.webp?fit=1200%2C717&ssl=1&resize=1050%2C600 3x"},"classes":[]}],"jetpack_sharing_enabled":true,"jetpack_shortlink":"https:\/\/wp.me\/pfMlyK-1qA","_links":{"self":[{"href":"https:\/\/ismaelcolosi.com.br\/index.php\/wp-json\/wp\/v2\/posts\/5492","targetHints":{"allow":["GET"]}}],"collection":[{"href":"https:\/\/ismaelcolosi.com.br\/index.php\/wp-json\/wp\/v2\/posts"}],"about":[{"href":"https:\/\/ismaelcolosi.com.br\/index.php\/wp-json\/wp\/v2\/types\/post"}],"author":[{"embeddable":true,"href":"https:\/\/ismaelcolosi.com.br\/index.php\/wp-json\/wp\/v2\/users\/1"}],"replies":[{"embeddable":true,"href":"https:\/\/ismaelcolosi.com.br\/index.php\/wp-json\/wp\/v2\/comments?post=5492"}],"version-history":[{"count":0,"href":"https:\/\/ismaelcolosi.com.br\/index.php\/wp-json\/wp\/v2\/posts\/5492\/revisions"}],"wp:featuredmedia":[{"embeddable":true,"href":"https:\/\/ismaelcolosi.com.br\/index.php\/wp-json\/wp\/v2\/media\/5493"}],"wp:attachment":[{"href":"https:\/\/ismaelcolosi.com.br\/index.php\/wp-json\/wp\/v2\/media?parent=5492"}],"wp:term":[{"taxonomy":"category","embeddable":true,"href":"https:\/\/ismaelcolosi.com.br\/index.php\/wp-json\/wp\/v2\/categories?post=5492"},{"taxonomy":"post_tag","embeddable":true,"href":"https:\/\/ismaelcolosi.com.br\/index.php\/wp-json\/wp\/v2\/tags?post=5492"}],"curies":[{"name":"wp","href":"https:\/\/api.w.org\/{rel}","templated":true}]}}