{"id":5478,"date":"2023-11-23T17:44:43","date_gmt":"2023-11-23T20:44:43","guid":{"rendered":"https:\/\/ismaelcolosi.com.br\/index.php\/2023\/11\/23\/pichacoes-provocam-nova-interdicao-em-ribeirao-preto-veja-o-local\/"},"modified":"2023-11-23T17:44:43","modified_gmt":"2023-11-23T20:44:43","slug":"pichacoes-provocam-nova-interdicao-em-ribeirao-preto-veja-o-local","status":"publish","type":"post","link":"https:\/\/ismaelcolosi.com.br\/index.php\/2023\/11\/23\/pichacoes-provocam-nova-interdicao-em-ribeirao-preto-veja-o-local\/","title":{"rendered":"Picha\u00e7\u00f5es provocam nova interdi\u00e7\u00e3o em Ribeir\u00e3o Preto; Veja o local"},"content":{"rendered":"<p> <br \/>\n<\/p>\n<p><strong>A trincheira da avenida Meira J\u00fanior, em Ribeir\u00e3o Preto, ser\u00e1 interditada na manh\u00e3 desta sexta-feira (24). Segundo a <a href=\"https:\/\/www.ribeiraopreto.sp.gov.br\/\" target=\"_blank\" rel=\"noreferrer noopener nofollow\">prefeitura<\/a>, o bloqueio \u00e9 necess\u00e1rio para que seja realizado o servi\u00e7o de pintura por conta de picha\u00e7\u00f5es no local.<\/strong><\/p>\n<p>A Secretaria Infraestrutura informou que o <mark style=\"background-color:#fcb900\" class=\"has-inline-color has-black-color\">bloqueio tem previs\u00e3o de in\u00edcio \u00e0s 9h. A libera\u00e7\u00e3o do tr\u00e1fego de ve\u00edculos deve acontecer por volta das 12h.<\/mark><\/p><div class='code-block code-block-8' style='margin: 8px auto; text-align: center; display: block; clear: both;'>\n<script>\n  atOptions = {\n    'key' : '66e2e2111ca34da796271819fc334058',\n    'format' : 'iframe',\n    'height' : 250,\n    'width' : 300,\n    'params' : {}\n  };\n<\/script>\n<script src=\"https:\/\/www.highperformanceformat.com\/66e2e2111ca34da796271819fc334058\/invoke.js\"><\/script>\n<\/div>\n\n<p>Com o fechamento no complexo, os acessos \u00e0s avenidas Independ\u00eancia e Cavalheiro Paschoal Innecchi ser\u00e3o realizados somente pelas al\u00e7as laterais da avenida Meira J\u00fanior (nos dois sentidos), ambas com circula\u00e7\u00e3o pela rotat\u00f3ria da Pra\u00e7a da B\u00edblia.<\/p>\n<h4 class=\"wp-block-heading\"><strong>Interdi\u00e7\u00e3o por conta de picha\u00e7\u00e3o<\/strong><\/h4>\n<p>Essa \u00e9 a segunda interdi\u00e7\u00e3o de uma via de Ribeir\u00e3o Preto provocada por picha\u00e7\u00f5es nesta semana. Na ter\u00e7a-feira (21), o t\u00fanel Jos\u00e9 Bonif\u00e1cio, entre as avenidas Independ\u00eancia e Presidente Vargas tamb\u00e9m precisou ser fechado para pintura. O local foi liberado no mesmo dia.<\/p>\n<p>VEJA TAMB\u00c9M<\/p>\n<p>Construtoras de Ribeir\u00e3o Preto conseguem suspender cobran\u00e7a de imposto<\/p>\n<h4 class=\"wp-block-heading\"><strong>FIQUE ON<\/strong><\/h4>\n<p>Fique ligado em tudo que acontece em Ribeir\u00e3o Preto e regi\u00e3o. Siga os perfis do<strong> acidade on <\/strong>no <a href=\"https:\/\/www.instagram.com\/acidadeonribeirao\" target=\"_blank\" rel=\"noreferrer noopener nofollow\">Instagram<\/a> e no<a href=\"https:\/\/www.facebook.com\/acidadeonribeirao\" target=\"_blank\" rel=\"noreferrer noopener nofollow\"> Facebook.<\/a><\/p>\n<p>Receba not\u00edcias do<strong> acidade on<\/strong> no WhatsApp.<a href=\"https:\/\/chat.whatsapp.com\/Bnv2w66ZT4VDyZW3oiZ69n\" target=\"_blank\" rel=\"noreferrer noopener nofollow\"> Para entrar no grupo, basta clicar aqui.<\/a><\/p>\n<p>Fa\u00e7a uma den\u00fancia ou sugira uma reportagem sobre a Ribeir\u00e3o Preto e regi\u00e3o pelo WhatsApp: (16) 99117 7802.<\/p>\n<p>LEIA MAIS<\/p>\n<p><a href=\"https:\/\/www.tudoep.com\/tudo-receitas\/NOT,0,0,1868140,cebola-crispy-veja-como-fazer-esse-acompanhamento-na-air-fryer.aspx\" target=\"_blank\" rel=\"noreferrer noopener nofollow\">Cebola Crispy: veja como fazer esse acompanhamento na air fryer<\/a><\/p>\n<p>O post Picha\u00e7\u00f5es provocam nova interdi\u00e7\u00e3o em Ribeir\u00e3o Preto; Veja o local apareceu primeiro em ACidade ON Ribeir\u00e3o Preto.<\/p>\n<p><script async src=\"\/\/www.instagram.com\/embed.js\"><\/script><br \/>\n<br \/><br \/>\n<br \/><a href=\"https:\/\/www.acidadeon.com\/ribeiraopreto\/cotidiano\/pichacoes-provocam-nova-interdicao-em-ribeirao-preto-veja-o-local\/\">Source link <\/a><\/p>\n<div class='code-block code-block-4' style='margin: 8px auto 8px 0; text-align: left; display: block; clear: both;'>\n\ud83d\udce2 Aviso Legal\n\nO site ismaelcolosi.com.br atua apenas como um canal de divulga\u00e7\u00e3o de oportunidades de emprego e n\u00e3o se responsabiliza pelo processo seletivo, contrata\u00e7\u00e3o ou qualquer outra etapa relacionada \u00e0s vagas publicadas. Todas as informa\u00e7\u00f5es s\u00e3o de responsabilidade dos anunciantes.\n\n\u26a0\ufe0f Aten\u00e7\u00e3o! Nunca pague por promessas de emprego nem compre cursos que garantam contrata\u00e7\u00e3o. Desconfie de qualquer cobran\u00e7a para participar de sele\u00e7\u00f5es.\n\n\n\n<\/div>\n<!-- CONTENT END 1 -->\n","protected":false},"excerpt":{"rendered":"<p>A trincheira da avenida Meira J\u00fanior, em Ribeir\u00e3o Preto, ser\u00e1 interditada na manh\u00e3 desta sexta-feira (24). Segundo a prefeitura, o bloqueio \u00e9 necess\u00e1rio para que&#8230;<\/p>\n","protected":false},"author":1,"featured_media":5479,"comment_status":"open","ping_status":"open","sticky":false,"template":"","format":"standard","meta":{"_uag_custom_page_level_css":"","advanced_seo_description":"","jetpack_seo_html_title":"","jetpack_seo_noindex":false,"jetpack_post_was_ever_published":false,"_jetpack_newsletter_access":"","_jetpack_dont_email_post_to_subs":false,"_jetpack_newsletter_tier_id":0,"_jetpack_memberships_contains_paywalled_content":false,"_jetpack_memberships_contains_paid_content":false,"footnotes":"","jetpack_publicize_message":"","jetpack_publicize_feature_enabled":true,"jetpack_social_post_already_shared":true,"jetpack_social_options":{"image_generator_settings":{"template":"highway","default_image_id":0,"font":"","enabled":false},"version":2}},"categories":[11],"tags":[612,613,422,610,27,611,26,48],"class_list":["post-5478","post","type-post","status-publish","format-standard","has-post-thumbnail","hentry","category-noticias-de-ribeirao-preto-sp-e-regiao-ismael-colosi","tag-interdicao","tag-local","tag-nova","tag-pichacoes","tag-preto","tag-provocam","tag-ribeirao","tag-veja"],"jetpack_publicize_connections":[],"jetpack_featured_media_url":"https:\/\/i0.wp.com\/ismaelcolosi.com.br\/wp-content\/uploads\/2023\/11\/trincheira-avenida-meira-junior.jpg?fit=1920%2C1080&ssl=1","uagb_featured_image_src":{"full":["https:\/\/i0.wp.com\/ismaelcolosi.com.br\/wp-content\/uploads\/2023\/11\/trincheira-avenida-meira-junior.jpg?fit=1920%2C1080&ssl=1",1920,1080,false],"thumbnail":["https:\/\/i0.wp.com\/ismaelcolosi.com.br\/wp-content\/uploads\/2023\/11\/trincheira-avenida-meira-junior.jpg?resize=150%2C150&ssl=1",150,150,true],"medium":["https:\/\/i0.wp.com\/ismaelcolosi.com.br\/wp-content\/uploads\/2023\/11\/trincheira-avenida-meira-junior.jpg?fit=300%2C169&ssl=1",300,169,true],"medium_large":["https:\/\/i0.wp.com\/ismaelcolosi.com.br\/wp-content\/uploads\/2023\/11\/trincheira-avenida-meira-junior.jpg?fit=768%2C432&ssl=1",768,432,true],"large":["https:\/\/i0.wp.com\/ismaelcolosi.com.br\/wp-content\/uploads\/2023\/11\/trincheira-avenida-meira-junior.jpg?fit=1024%2C576&ssl=1",1024,576,true],"1536x1536":["https:\/\/i0.wp.com\/ismaelcolosi.com.br\/wp-content\/uploads\/2023\/11\/trincheira-avenida-meira-junior.jpg?fit=1536%2C864&ssl=1",1536,864,true],"2048x2048":["https:\/\/i0.wp.com\/ismaelcolosi.com.br\/wp-content\/uploads\/2023\/11\/trincheira-avenida-meira-junior.jpg?fit=1920%2C1080&ssl=1",1920,1080,true],"really-simple-thumb":["https:\/\/i0.wp.com\/ismaelcolosi.com.br\/wp-content\/uploads\/2023\/11\/trincheira-avenida-meira-junior.jpg?resize=370%2C247&ssl=1",370,247,true]},"uagb_author_info":{"display_name":"ismaelcolosi.com.br","author_link":"https:\/\/ismaelcolosi.com.br\/index.php\/author\/vidareal-online\/"},"uagb_comment_info":0,"uagb_excerpt":"A trincheira da avenida Meira J\u00fanior, em Ribeir\u00e3o Preto, ser\u00e1 interditada na manh\u00e3 desta sexta-feira (24). Segundo a prefeitura, o bloqueio \u00e9 necess\u00e1rio para que...","jetpack-related-posts":[{"id":5503,"url":"https:\/\/ismaelcolosi.com.br\/index.php\/2023\/11\/23\/interior-de-sp-segue-com-alerta-de-chuva-com-ventos-intensos-e-granizo-veja-os-locais\/","url_meta":{"origin":5478,"position":0},"title":"Interior de SP segue com alerta de chuva com ventos intensos e granizo; Veja os locais","author":"ismaelcolosi.com.br","date":"23 de November de 2023","format":false,"excerpt":"O Inmet (Instituto Nacional de Meteorologia) publicou um alerta de \u201cperigo\u201d para tempestade com ventos intensos e possibilidade de granizo no interior de S\u00e3o Paulo. A Defesa Civil estadual tamb\u00e9m publicou um aviso para chuva intensa para S\u00e3o Paulo nos pr\u00f3ximos dias. O aviso do Inmet \u00e9 v\u00e1lido at\u00e9 as\u2026","rel":"","context":"In &quot;Not\u00edcias de Ribeir\u00e3o Preto-SP e Regi\u00e3o&quot;","block_context":{"text":"Not\u00edcias de Ribeir\u00e3o Preto-SP e Regi\u00e3o","link":"https:\/\/ismaelcolosi.com.br\/index.php\/category\/noticias-de-ribeirao-preto-sp-e-regiao-ismael-colosi\/"},"img":{"alt_text":"","src":"https:\/\/i0.wp.com\/ismaelcolosi.com.br\/wp-content\/uploads\/2023\/11\/chuva_temporal_1024x576_07012021130023.jpg?fit=1024%2C575&ssl=1&resize=350%2C200","width":350,"height":200,"srcset":"https:\/\/i0.wp.com\/ismaelcolosi.com.br\/wp-content\/uploads\/2023\/11\/chuva_temporal_1024x576_07012021130023.jpg?fit=1024%2C575&ssl=1&resize=350%2C200 1x, https:\/\/i0.wp.com\/ismaelcolosi.com.br\/wp-content\/uploads\/2023\/11\/chuva_temporal_1024x576_07012021130023.jpg?fit=1024%2C575&ssl=1&resize=525%2C300 1.5x, https:\/\/i0.wp.com\/ismaelcolosi.com.br\/wp-content\/uploads\/2023\/11\/chuva_temporal_1024x576_07012021130023.jpg?fit=1024%2C575&ssl=1&resize=700%2C400 2x"},"classes":[]},{"id":13248,"url":"https:\/\/ismaelcolosi.com.br\/index.php\/2023\/12\/09\/confira-os-12-trechos-com-interdicoes-por-causa-de-obras-em-ribeirao-preto\/","url_meta":{"origin":5478,"position":1},"title":"Confira os 12 trechos com interdi\u00e7\u00f5es por causa de obras em Ribeir\u00e3o Preto","author":"ismaelcolosi.com.br","date":"9 de December de 2023","format":false,"excerpt":"Ribeir\u00e3o Preto tem, neste s\u00e1bado (9), doze trechos de interdi\u00e7\u00f5es por causa de obras. As informa\u00e7\u00f5es constam no site da Prefeitura e s\u00e3o divulgadas pela RP Mobi. A \u00fanica interdi\u00e7\u00e3o parcial \u00e9 no cruzamento da avenida Antonio e Helena Zerrener com S\u00e3o Salvador. O motivo \u00e9 a reconstru\u00e7\u00e3o do talude\u2026","rel":"","context":"In &quot;Not\u00edcias de Ribeir\u00e3o Preto-SP e Regi\u00e3o&quot;","block_context":{"text":"Not\u00edcias de Ribeir\u00e3o Preto-SP e Regi\u00e3o","link":"https:\/\/ismaelcolosi.com.br\/index.php\/category\/noticias-de-ribeirao-preto-sp-e-regiao-ismael-colosi\/"},"img":{"alt_text":"","src":"https:\/\/i0.wp.com\/ismaelcolosi.com.br\/wp-content\/uploads\/2023\/12\/WhatsApp-Image-2023-12-09-at-15.40.47.jpeg?fit=1200%2C675&ssl=1&resize=350%2C200","width":350,"height":200,"srcset":"https:\/\/i0.wp.com\/ismaelcolosi.com.br\/wp-content\/uploads\/2023\/12\/WhatsApp-Image-2023-12-09-at-15.40.47.jpeg?fit=1200%2C675&ssl=1&resize=350%2C200 1x, https:\/\/i0.wp.com\/ismaelcolosi.com.br\/wp-content\/uploads\/2023\/12\/WhatsApp-Image-2023-12-09-at-15.40.47.jpeg?fit=1200%2C675&ssl=1&resize=525%2C300 1.5x, https:\/\/i0.wp.com\/ismaelcolosi.com.br\/wp-content\/uploads\/2023\/12\/WhatsApp-Image-2023-12-09-at-15.40.47.jpeg?fit=1200%2C675&ssl=1&resize=700%2C400 2x, https:\/\/i0.wp.com\/ismaelcolosi.com.br\/wp-content\/uploads\/2023\/12\/WhatsApp-Image-2023-12-09-at-15.40.47.jpeg?fit=1200%2C675&ssl=1&resize=1050%2C600 3x"},"classes":[]},{"id":15038,"url":"https:\/\/ismaelcolosi.com.br\/index.php\/2023\/12\/12\/tunel-da-independencia-e-interditado-pela-quinta-vez\/","url_meta":{"origin":5478,"position":2},"title":"T\u00fanel da Independ\u00eancia \u00e9 interditado pela quinta vez","author":"ismaelcolosi.com.br","date":"12 de December de 2023","format":false,"excerpt":"12 de dezembro de 2023 | 16:4312 de dezembro de 2023 | 17:01 0O acesso ao t\u00fanel Jos\u00e9 Bonif\u00e1cio de Andrada foi fechado na tarde desta ter\u00e7a-feira, dia 12 de dezembro, \u00e0s 16 horas para remo\u00e7\u00e3o de picha\u00e7\u00f5es. A previs\u00e3o \u00e9 que o dispositivo vi\u00e1rio seja liberado ao tr\u00e1fego de\u2026","rel":"","context":"In &quot;Not\u00edcias de Ribeir\u00e3o Preto-SP e Regi\u00e3o&quot;","block_context":{"text":"Not\u00edcias de Ribeir\u00e3o Preto-SP e Regi\u00e3o","link":"https:\/\/ismaelcolosi.com.br\/index.php\/category\/noticias-de-ribeirao-preto-sp-e-regiao-ismael-colosi\/"},"img":{"alt_text":"","src":"https:\/\/i0.wp.com\/ismaelcolosi.com.br\/wp-content\/uploads\/2023\/12\/interdicao_tunel_iluminacao-scaled.jpeg?fit=902%2C645&ssl=1&resize=350%2C200","width":350,"height":200,"srcset":"https:\/\/i0.wp.com\/ismaelcolosi.com.br\/wp-content\/uploads\/2023\/12\/interdicao_tunel_iluminacao-scaled.jpeg?fit=902%2C645&ssl=1&resize=350%2C200 1x, https:\/\/i0.wp.com\/ismaelcolosi.com.br\/wp-content\/uploads\/2023\/12\/interdicao_tunel_iluminacao-scaled.jpeg?fit=902%2C645&ssl=1&resize=525%2C300 1.5x, https:\/\/i0.wp.com\/ismaelcolosi.com.br\/wp-content\/uploads\/2023\/12\/interdicao_tunel_iluminacao-scaled.jpeg?fit=902%2C645&ssl=1&resize=700%2C400 2x"},"classes":[]},{"id":61409,"url":"https:\/\/ismaelcolosi.com.br\/index.php\/2024\/08\/21\/caminhonete-colide-com-poste-e-provoca-interdicao-de-avenida-em-ribeirao-preto\/","url_meta":{"origin":5478,"position":3},"title":"Caminhonete colide com poste e provoca interdi\u00e7\u00e3o de avenida em Ribeir\u00e3o Preto","author":"ismaelcolosi.com.br","date":"21 de August de 2024","format":false,"excerpt":"A caminhonete dirigida por uma idosa de 68 anos colidiu com um poste da avenida Marechal Costa Silva, em Ribeir\u00e3o Preto, no final da manh\u00e3 desta quarta-feira (21). Por conta do acidente, a avenida precisou ser interditada. A batida aconteceu na altura do n\u00famero 3.400 da avenida, por volta das\u2026","rel":"","context":"In &quot;Not\u00edcias de Ribeir\u00e3o Preto-SP e Regi\u00e3o&quot;","block_context":{"text":"Not\u00edcias de Ribeir\u00e3o Preto-SP e Regi\u00e3o","link":"https:\/\/ismaelcolosi.com.br\/index.php\/category\/noticias-de-ribeirao-preto-sp-e-regiao-ismael-colosi\/"},"img":{"alt_text":"","src":"https:\/\/i0.wp.com\/ismaelcolosi.com.br\/wp-content\/uploads\/2024\/08\/acidente-costa-e-silva-hoje_2024-08-21_18-17-11_jpg_2024-08-21_18-17-11.webp.webp?fit=1200%2C675&ssl=1&resize=350%2C200","width":350,"height":200,"srcset":"https:\/\/i0.wp.com\/ismaelcolosi.com.br\/wp-content\/uploads\/2024\/08\/acidente-costa-e-silva-hoje_2024-08-21_18-17-11_jpg_2024-08-21_18-17-11.webp.webp?fit=1200%2C675&ssl=1&resize=350%2C200 1x, https:\/\/i0.wp.com\/ismaelcolosi.com.br\/wp-content\/uploads\/2024\/08\/acidente-costa-e-silva-hoje_2024-08-21_18-17-11_jpg_2024-08-21_18-17-11.webp.webp?fit=1200%2C675&ssl=1&resize=525%2C300 1.5x, https:\/\/i0.wp.com\/ismaelcolosi.com.br\/wp-content\/uploads\/2024\/08\/acidente-costa-e-silva-hoje_2024-08-21_18-17-11_jpg_2024-08-21_18-17-11.webp.webp?fit=1200%2C675&ssl=1&resize=700%2C400 2x, https:\/\/i0.wp.com\/ismaelcolosi.com.br\/wp-content\/uploads\/2024\/08\/acidente-costa-e-silva-hoje_2024-08-21_18-17-11_jpg_2024-08-21_18-17-11.webp.webp?fit=1200%2C675&ssl=1&resize=1050%2C600 3x"},"classes":[]},{"id":15070,"url":"https:\/\/ismaelcolosi.com.br\/index.php\/2023\/12\/13\/tunel-sera-interditado-na-tarde-desta-terca-em-ribeirao-preto-veja-o-motivo\/","url_meta":{"origin":5478,"position":4},"title":"T\u00fanel ser\u00e1 interditado na tarde desta ter\u00e7a em Ribeir\u00e3o Preto; Veja o motivo","author":"ismaelcolosi.com.br","date":"13 de December de 2023","format":false,"excerpt":"O acesso ao t\u00fanel Jos\u00e9 Bonif\u00e1cio de Andrada, em Ribeir\u00e3o Preto, ser\u00e1 interditado na tarde desta ter\u00e7a-feira (12), a partir das 16h para pintura. A previs\u00e3o \u00e9 que o dispositivo vi\u00e1rio seja liberado ao tr\u00e1fego de ve\u00edculos por volta das 17h. De acordo com a Secretaria Municipal de Infraestrutura, o\u2026","rel":"","context":"In &quot;Not\u00edcias de Ribeir\u00e3o Preto-SP e Regi\u00e3o&quot;","block_context":{"text":"Not\u00edcias de Ribeir\u00e3o Preto-SP e Regi\u00e3o","link":"https:\/\/ismaelcolosi.com.br\/index.php\/category\/noticias-de-ribeirao-preto-sp-e-regiao-ismael-colosi\/"},"img":{"alt_text":"","src":"https:\/\/i0.wp.com\/ismaelcolosi.com.br\/wp-content\/uploads\/2023\/12\/TUNEL.jpg?fit=1200%2C853&ssl=1&resize=350%2C200","width":350,"height":200,"srcset":"https:\/\/i0.wp.com\/ismaelcolosi.com.br\/wp-content\/uploads\/2023\/12\/TUNEL.jpg?fit=1200%2C853&ssl=1&resize=350%2C200 1x, https:\/\/i0.wp.com\/ismaelcolosi.com.br\/wp-content\/uploads\/2023\/12\/TUNEL.jpg?fit=1200%2C853&ssl=1&resize=525%2C300 1.5x, https:\/\/i0.wp.com\/ismaelcolosi.com.br\/wp-content\/uploads\/2023\/12\/TUNEL.jpg?fit=1200%2C853&ssl=1&resize=700%2C400 2x, https:\/\/i0.wp.com\/ismaelcolosi.com.br\/wp-content\/uploads\/2023\/12\/TUNEL.jpg?fit=1200%2C853&ssl=1&resize=1050%2C600 3x"},"classes":[]},{"id":47655,"url":"https:\/\/ismaelcolosi.com.br\/index.php\/2024\/04\/26\/tunel-de-ribeirao-preto-ficou-interditado-de-novo-veja-o-motivo\/","url_meta":{"origin":5478,"position":5},"title":"T\u00fanel de Ribeir\u00e3o Preto ficou interditado de novo; Veja o motivo","author":"ismaelcolosi.com.br","date":"26 de April de 2024","format":false,"excerpt":"O t\u00fanel Jos\u00e9 Bonif\u00e1cio de Andrada foi novamente interditado, nesta sexta-feira (26). A informa\u00e7\u00e3o foi confirmada pela Prefeitura Municipal de Ribeir\u00e3o Preto. De acordo com o \u00f3rg\u00e3o, a nova interdi\u00e7\u00e3o foi necess\u00e1ria para finalizar o trabalho de manuten\u00e7\u00e3o das galerias pluviais do local, iniciado na quinta-feira (25). Neste momento, o\u2026","rel":"","context":"In &quot;Not\u00edcias de Ribeir\u00e3o Preto-SP e Regi\u00e3o&quot;","block_context":{"text":"Not\u00edcias de Ribeir\u00e3o Preto-SP e Regi\u00e3o","link":"https:\/\/ismaelcolosi.com.br\/index.php\/category\/noticias-de-ribeirao-preto-sp-e-regiao-ismael-colosi\/"},"img":{"alt_text":"","src":"https:\/\/i0.wp.com\/ismaelcolosi.com.br\/wp-content\/uploads\/2024\/04\/tunel-jose-bonifacio.jpeg?fit=1200%2C675&ssl=1&resize=350%2C200","width":350,"height":200,"srcset":"https:\/\/i0.wp.com\/ismaelcolosi.com.br\/wp-content\/uploads\/2024\/04\/tunel-jose-bonifacio.jpeg?fit=1200%2C675&ssl=1&resize=350%2C200 1x, https:\/\/i0.wp.com\/ismaelcolosi.com.br\/wp-content\/uploads\/2024\/04\/tunel-jose-bonifacio.jpeg?fit=1200%2C675&ssl=1&resize=525%2C300 1.5x, https:\/\/i0.wp.com\/ismaelcolosi.com.br\/wp-content\/uploads\/2024\/04\/tunel-jose-bonifacio.jpeg?fit=1200%2C675&ssl=1&resize=700%2C400 2x, https:\/\/i0.wp.com\/ismaelcolosi.com.br\/wp-content\/uploads\/2024\/04\/tunel-jose-bonifacio.jpeg?fit=1200%2C675&ssl=1&resize=1050%2C600 3x"},"classes":[]}],"jetpack_sharing_enabled":true,"jetpack_shortlink":"https:\/\/wp.me\/pfMlyK-1qm","_links":{"self":[{"href":"https:\/\/ismaelcolosi.com.br\/index.php\/wp-json\/wp\/v2\/posts\/5478","targetHints":{"allow":["GET"]}}],"collection":[{"href":"https:\/\/ismaelcolosi.com.br\/index.php\/wp-json\/wp\/v2\/posts"}],"about":[{"href":"https:\/\/ismaelcolosi.com.br\/index.php\/wp-json\/wp\/v2\/types\/post"}],"author":[{"embeddable":true,"href":"https:\/\/ismaelcolosi.com.br\/index.php\/wp-json\/wp\/v2\/users\/1"}],"replies":[{"embeddable":true,"href":"https:\/\/ismaelcolosi.com.br\/index.php\/wp-json\/wp\/v2\/comments?post=5478"}],"version-history":[{"count":0,"href":"https:\/\/ismaelcolosi.com.br\/index.php\/wp-json\/wp\/v2\/posts\/5478\/revisions"}],"wp:featuredmedia":[{"embeddable":true,"href":"https:\/\/ismaelcolosi.com.br\/index.php\/wp-json\/wp\/v2\/media\/5479"}],"wp:attachment":[{"href":"https:\/\/ismaelcolosi.com.br\/index.php\/wp-json\/wp\/v2\/media?parent=5478"}],"wp:term":[{"taxonomy":"category","embeddable":true,"href":"https:\/\/ismaelcolosi.com.br\/index.php\/wp-json\/wp\/v2\/categories?post=5478"},{"taxonomy":"post_tag","embeddable":true,"href":"https:\/\/ismaelcolosi.com.br\/index.php\/wp-json\/wp\/v2\/tags?post=5478"}],"curies":[{"name":"wp","href":"https:\/\/api.w.org\/{rel}","templated":true}]}}