{"id":54694,"date":"2024-06-27T09:45:17","date_gmt":"2024-06-27T12:45:17","guid":{"rendered":"https:\/\/ismaelcolosi.com.br\/index.php\/2024\/06\/27\/to-de-graca-e-um-lugar-silencioso-entram-em-cartaz-nos-cinemas-nesta-quinta-feira-confira\/"},"modified":"2024-06-27T09:45:17","modified_gmt":"2024-06-27T12:45:17","slug":"to-de-graca-e-um-lugar-silencioso-entram-em-cartaz-nos-cinemas-nesta-quinta-feira-confira","status":"publish","type":"post","link":"https:\/\/ismaelcolosi.com.br\/index.php\/2024\/06\/27\/to-de-graca-e-um-lugar-silencioso-entram-em-cartaz-nos-cinemas-nesta-quinta-feira-confira\/","title":{"rendered":"\u2018T\u00f4 De Gra\u00e7a\u2019 e \u2018Um Lugar Silencioso\u2019 entram em cartaz nos cinemas nesta quinta-feira; Confira"},"content":{"rendered":"<p> <br \/>\n<\/p>\n<div>\n<p>Nesta <strong>quinta-feira (27)<\/strong>, os cinemas de <strong>Ribeir\u00e3o Preto<\/strong> recebem filmes nacionais e internacionais. Entre os longas que entram em cartaz, os destaques s\u00e3o: \u201c<strong>T\u00f4 De Gra\u00e7a \u2013 O Filme<\/strong>\u201d e \u201c<strong>Um Lugar Silencioso: Dia Um<\/strong>\u201d.<\/p>\n<p><strong>Ribeir\u00e3o Preto<\/strong> conta com quatro cinemas, o <strong>UCI<\/strong> localizado no Ribeir\u00e3o Shopping, o <strong>Cinep\u00f3lis<\/strong> nos shoppings Santa \u00darsula e Iguatemi e o <strong>Cinemark<\/strong>, no Novo Shopping.<\/p>\n<h4 class=\"wp-block-heading\"><strong>T\u00f4 De Gra\u00e7a \u2013 O Filme<\/strong><\/h4>\n<p>Inspirado na s\u00e9rie de televis\u00e3o, a com\u00e9dia nacional acompanha <strong>Gra\u00e7a<\/strong>, interpretada por <strong>Rodrigo Sant\u2019Anna<\/strong>, uma <strong>m\u00e3e de 14 filhos <\/strong>e moradora do <strong>sub\u00farbio do Rio de Janeiro<\/strong>. Depois de ganhar uma indeniza\u00e7\u00e3o inesperada, ela decide torrar o dinheiro levando a fam\u00edlia toda para um feriad\u00e3o em <strong>B\u00fazios \u2013 RJ<\/strong>.<\/p>\n<p>Agora, <strong>Gra\u00e7a<\/strong> est\u00e1 longe da comunidade onde morava e onde foram gravadas seis temporadas da s\u00e9rie, ela ir\u00e1 mostrar v\u00e1rias confus\u00f5es causadas pela fam\u00edlia. A <strong>classifica\u00e7\u00e3o indicativa<\/strong> do lan\u00e7amento \u00e9 de <strong>12 anos<\/strong>. Assista ao trailer:<\/p>\n<figure class=\"wp-block-embed is-type-video is-provider-youtube wp-block-embed-youtube wp-embed-aspect-16-9 wp-has-aspect-ratio\">\n<div class=\"wp-block-embed__wrapper\">\n<p><iframe loading=\"lazy\" title=\"T\u00f4 De Gra\u00e7a - O Filme | Trailer Oficial\" width=\"500\" height=\"281\" src=\"https:\/\/www.youtube.com\/embed\/E7J-o9M9CcQ?feature=oembed\" frameborder=\"0\" allow=\"accelerometer; autoplay; clipboard-write; encrypted-media; gyroscope; picture-in-picture; web-share\" referrerpolicy=\"strict-origin-when-cross-origin\" allowfullscreen><\/iframe><\/p>\n<\/div>\n<\/figure>\n<h4 class=\"wp-block-heading\"><strong>Um Lugar Silencioso: Dia Um<\/strong><\/h4>\n<p><strong>Um Lugar Silencioso: Dia Um<\/strong> \u00e9 um spin-off de \u201c<strong>Um Lugar Silencioso<\/strong>\u201d, filme de <strong>2018<\/strong>, que leva o espectador de volta ao ponto onde tudo come\u00e7ou. A trama acompanha <strong>Sam<\/strong>, interpretada por <strong>Lupita Nyong\u2019o<\/strong>, que durante um passeio em sua cidade, <strong>Nova Iorque<\/strong>, v\u00ea o mundo ser dominado por criaturas letais.<\/p>\n<p>Entre os outros sobreviventes ela conhece <strong>Eric<\/strong>, interpretado por <strong>Joseph Quinn<\/strong> e permite que o rapaz a acompanhe na tentativa de realizar seu \u00faltimo desejo: comer pizza no lugar que costumava ir com seu pai na inf\u00e2ncia. O filme n\u00e3o \u00e9 recomendado para <strong>menores de 14 anos<\/strong>. Confira o trailer:<\/p>\n<figure class=\"wp-block-embed is-type-video is-provider-youtube wp-block-embed-youtube wp-embed-aspect-16-9 wp-has-aspect-ratio\">\n<p>\n<iframe loading=\"lazy\" title=\"Um Lugar Silencioso: Dia Um | Trailer Oficial | DUB | Paramount Pictures Brasil\" width=\"500\" height=\"281\" src=\"https:\/\/www.youtube.com\/embed\/ENocUCWoGHA?feature=oembed\" frameborder=\"0\" allow=\"accelerometer; autoplay; clipboard-write; encrypted-media; gyroscope; picture-in-picture; web-share\" referrerpolicy=\"strict-origin-when-cross-origin\" allowfullscreen><\/iframe>\n<\/p>\n<\/figure>\n<h4 class=\"wp-block-heading\"><strong>A Grande Fuga<\/strong><\/h4>\n<p>O drama estrelado por <strong>Michael Caine<\/strong> se passa durante o ver\u00e3o de <strong>2014 <\/strong>e acompanha a hist\u00f3ria real de <strong>Bernard Jordan (Caine)<\/strong>, um veterano da <strong>Segunda Guerra Mundial <\/strong>que decide escapar da casa de repouso em que vive e viajar at\u00e9 a <strong>Fran\u00e7a<\/strong>, para celebra\u00e7\u00e3o do <strong>70\u00ba anivers\u00e1rio do Dia D<\/strong>, em <strong>Normandia<\/strong>.<\/p>\n<p>Na mesma ocasi\u00e3o, <strong>Bernard <\/strong>celebra <strong>60 anos<\/strong> <strong>de casamento<\/strong> com <strong>Irene<\/strong>. A <strong>classifica\u00e7\u00e3o indicativa<\/strong> do filme \u00e9 de <strong>12 anos<\/strong>. Assista o trailer:<\/p>\n<figure class=\"wp-block-embed is-type-video is-provider-youtube wp-block-embed-youtube wp-embed-aspect-16-9 wp-has-aspect-ratio\">\n<div class=\"wp-block-embed__wrapper\">\n<p><iframe loading=\"lazy\" title=\"A GRANDE FUGA | Trailer Legendado\" width=\"500\" height=\"281\" src=\"https:\/\/www.youtube.com\/embed\/N9g39Wi-dco?feature=oembed\" frameborder=\"0\" allow=\"accelerometer; autoplay; clipboard-write; encrypted-media; gyroscope; picture-in-picture; web-share\" referrerpolicy=\"strict-origin-when-cross-origin\" allowfullscreen><\/iframe><\/p>\n<\/div>\n<\/figure>\n<p>SAIBA MAIS<br \/>Identificado motorista morto ao descer de picape ap\u00f3s acidente em rodovia de Ribeir\u00e3o<\/p>\n<h4 class=\"wp-block-heading\"><strong>FIQUE ON<\/strong><\/h4>\n<p>Fique ligado em tudo que acontece em Ribeir\u00e3o Preto e regi\u00e3o. Siga os perfis do <strong>acidade on <\/strong>no <a href=\"https:\/\/www.instagram.com\/acidadeonribeirao\" target=\"_blank\" rel=\"noreferrer noopener\">Instagram<\/a> e no <a href=\"https:\/\/www.facebook.com\/acidadeonribeirao\" target=\"_blank\" rel=\"noreferrer noopener\">Facebook<\/a>.<\/p>\n<p>Receba not\u00edcias do acidade on no WhatsApp. Para entrar no grupo, basta <a href=\"https:\/\/chat.whatsapp.com\/CdrZ6xrf7quD44Vw3WlPuZ\" target=\"_blank\" rel=\"noreferrer noopener\">clicar aqui<\/a>.<\/p>\n<p>Fa\u00e7a uma den\u00fancia ou sugira uma reportagem sobre Ribeir\u00e3o Preto e regi\u00e3o pelo WhatsApp: 16 99117 7802.<\/p>\n<p>VEJA TAMB\u00c9M<br \/>Quando Eliana estreia na Globo?<\/p>\n<p><!-- AI CONTENT END 1 -->\n<\/div>\n<p><script async src=\"\/\/www.instagram.com\/embed.js\"><\/script><br \/>\n<br \/><br \/>\n<br \/><a href=\"https:\/\/www.acidadeon.com\/ribeiraopreto\/lazer-e-cultura\/to-de-graca-e-um-lugar-silencioso-entram-em-cartaz-nos-cinemas-nesta-quinta-feira-confira\/\">Source link <\/a><\/p>\n<div class='code-block code-block-4' style='margin: 8px auto 8px 0; text-align: left; display: block; clear: both;'>\n\ud83d\udce2 Aviso Legal\n\nO site ismaelcolosi.com.br atua apenas como um canal de divulga\u00e7\u00e3o de oportunidades de emprego e n\u00e3o se responsabiliza pelo processo seletivo, contrata\u00e7\u00e3o ou qualquer outra etapa relacionada \u00e0s vagas publicadas. Todas as informa\u00e7\u00f5es s\u00e3o de responsabilidade dos anunciantes.\n\n\u26a0\ufe0f Aten\u00e7\u00e3o! Nunca pague por promessas de emprego nem compre cursos que garantam contrata\u00e7\u00e3o. Desconfie de qualquer cobran\u00e7a para participar de sele\u00e7\u00f5es.\n\n\n\n<\/div>\n<!-- CONTENT END 1 -->\n","protected":false},"excerpt":{"rendered":"<p>Nesta quinta-feira (27), os cinemas de Ribeir\u00e3o Preto recebem filmes nacionais e internacionais. Entre os longas que entram em cartaz, os destaques s\u00e3o: \u201cT\u00f4 De&#8230;<\/p>\n","protected":false},"author":1,"featured_media":54695,"comment_status":"open","ping_status":"open","sticky":false,"template":"","format":"standard","meta":{"_uag_custom_page_level_css":"","advanced_seo_description":"","jetpack_seo_html_title":"","jetpack_seo_noindex":false,"jetpack_post_was_ever_published":false,"_jetpack_newsletter_access":"","_jetpack_dont_email_post_to_subs":false,"_jetpack_newsletter_tier_id":0,"_jetpack_memberships_contains_paywalled_content":false,"_jetpack_memberships_contains_paid_content":false,"footnotes":"","jetpack_publicize_message":"","jetpack_publicize_feature_enabled":true,"jetpack_social_post_already_shared":true,"jetpack_social_options":{"image_generator_settings":{"template":"highway","default_image_id":0,"font":"","enabled":false},"version":2}},"categories":[11],"tags":[],"class_list":["post-54694","post","type-post","status-publish","format-standard","has-post-thumbnail","hentry","category-noticias-de-ribeirao-preto-sp-e-regiao-ismael-colosi"],"jetpack_publicize_connections":[],"jetpack_featured_media_url":"https:\/\/i0.wp.com\/ismaelcolosi.com.br\/wp-content\/uploads\/2024\/06\/Capturar_2024-06-27_12-20-49_jpg_2024-06-27_12-20-49.webp.webp?fit=768%2C417&ssl=1","uagb_featured_image_src":{"full":["https:\/\/i0.wp.com\/ismaelcolosi.com.br\/wp-content\/uploads\/2024\/06\/Capturar_2024-06-27_12-20-49_jpg_2024-06-27_12-20-49.webp.webp?fit=768%2C417&ssl=1",768,417,false],"thumbnail":["https:\/\/i0.wp.com\/ismaelcolosi.com.br\/wp-content\/uploads\/2024\/06\/Capturar_2024-06-27_12-20-49_jpg_2024-06-27_12-20-49.webp.webp?resize=150%2C150&ssl=1",150,150,true],"medium":["https:\/\/i0.wp.com\/ismaelcolosi.com.br\/wp-content\/uploads\/2024\/06\/Capturar_2024-06-27_12-20-49_jpg_2024-06-27_12-20-49.webp.webp?fit=300%2C163&ssl=1",300,163,true],"medium_large":["https:\/\/i0.wp.com\/ismaelcolosi.com.br\/wp-content\/uploads\/2024\/06\/Capturar_2024-06-27_12-20-49_jpg_2024-06-27_12-20-49.webp.webp?fit=768%2C417&ssl=1",768,417,true],"large":["https:\/\/i0.wp.com\/ismaelcolosi.com.br\/wp-content\/uploads\/2024\/06\/Capturar_2024-06-27_12-20-49_jpg_2024-06-27_12-20-49.webp.webp?fit=768%2C417&ssl=1",768,417,true],"1536x1536":["https:\/\/i0.wp.com\/ismaelcolosi.com.br\/wp-content\/uploads\/2024\/06\/Capturar_2024-06-27_12-20-49_jpg_2024-06-27_12-20-49.webp.webp?fit=768%2C417&ssl=1",768,417,true],"2048x2048":["https:\/\/i0.wp.com\/ismaelcolosi.com.br\/wp-content\/uploads\/2024\/06\/Capturar_2024-06-27_12-20-49_jpg_2024-06-27_12-20-49.webp.webp?fit=768%2C417&ssl=1",768,417,true],"really-simple-thumb":["https:\/\/i0.wp.com\/ismaelcolosi.com.br\/wp-content\/uploads\/2024\/06\/Capturar_2024-06-27_12-20-49_jpg_2024-06-27_12-20-49.webp.webp?resize=370%2C247&ssl=1",370,247,true]},"uagb_author_info":{"display_name":"ismaelcolosi.com.br","author_link":"https:\/\/ismaelcolosi.com.br\/index.php\/author\/vidareal-online\/"},"uagb_comment_info":0,"uagb_excerpt":"Nesta quinta-feira (27), os cinemas de Ribeir\u00e3o Preto recebem filmes nacionais e internacionais. Entre os longas que entram em cartaz, os destaques s\u00e3o: \u201cT\u00f4 De...","jetpack-related-posts":[{"id":54724,"url":"https:\/\/ismaelcolosi.com.br\/index.php\/2024\/06\/27\/ribeirao-preto-recebe-show-gratuito-de-acordeom-e-violao-no-palace\/","url_meta":{"origin":54694,"position":0},"title":"Ribeir\u00e3o Preto recebe show gratuito de acordeom e viol\u00e3o no Palace","author":"ismaelcolosi.com.br","date":"27 de June de 2024","format":false,"excerpt":"O Audit\u00f3rio Pedro Paulo, no Centro Cultural Palace, no Centro de Ribeir\u00e3o Preto, vai receber um espet\u00e1culo musical com acordeom e viol\u00e3o, baseado no disco \u201cDa outra margem: Andr\u00e9 Siqueira visita Toninho Ferragutti\u201d, nesta quinta-feira (27), \u00e0s 19h30. O violonista Andr\u00e9 Siqueira ir\u00e1 apresentar o repert\u00f3rio do acordeonista Toninho Ferragutti,\u2026","rel":"","context":"In &quot;Not\u00edcias de Ribeir\u00e3o Preto-SP e Regi\u00e3o&quot;","block_context":{"text":"Not\u00edcias de Ribeir\u00e3o Preto-SP e Regi\u00e3o","link":"https:\/\/ismaelcolosi.com.br\/index.php\/category\/noticias-de-ribeirao-preto-sp-e-regiao-ismael-colosi\/"},"img":{"alt_text":"","src":"https:\/\/i0.wp.com\/ismaelcolosi.com.br\/wp-content\/uploads\/2024\/06\/thumbnail_Andre-Siqueira-Toninho-02-FotoPauloRapoport.jpg-_2024-06-27_13-29-38_jpg_2024-06-27_13-29-38.webp.webp?fit=1200%2C800&ssl=1&resize=350%2C200","width":350,"height":200,"srcset":"https:\/\/i0.wp.com\/ismaelcolosi.com.br\/wp-content\/uploads\/2024\/06\/thumbnail_Andre-Siqueira-Toninho-02-FotoPauloRapoport.jpg-_2024-06-27_13-29-38_jpg_2024-06-27_13-29-38.webp.webp?fit=1200%2C800&ssl=1&resize=350%2C200 1x, https:\/\/i0.wp.com\/ismaelcolosi.com.br\/wp-content\/uploads\/2024\/06\/thumbnail_Andre-Siqueira-Toninho-02-FotoPauloRapoport.jpg-_2024-06-27_13-29-38_jpg_2024-06-27_13-29-38.webp.webp?fit=1200%2C800&ssl=1&resize=525%2C300 1.5x, https:\/\/i0.wp.com\/ismaelcolosi.com.br\/wp-content\/uploads\/2024\/06\/thumbnail_Andre-Siqueira-Toninho-02-FotoPauloRapoport.jpg-_2024-06-27_13-29-38_jpg_2024-06-27_13-29-38.webp.webp?fit=1200%2C800&ssl=1&resize=700%2C400 2x, https:\/\/i0.wp.com\/ismaelcolosi.com.br\/wp-content\/uploads\/2024\/06\/thumbnail_Andre-Siqueira-Toninho-02-FotoPauloRapoport.jpg-_2024-06-27_13-29-38_jpg_2024-06-27_13-29-38.webp.webp?fit=1200%2C800&ssl=1&resize=1050%2C600 3x"},"classes":[]},{"id":52426,"url":"https:\/\/ismaelcolosi.com.br\/index.php\/2024\/06\/06\/bad-boys-e-grande-sertao-veja-os-lancamentos-nos-cinemas-de-ribeirao-preto\/","url_meta":{"origin":54694,"position":1},"title":"&#8216;Bad Boys&#8217; e &#8216;Grande Sert\u00e3o&#8217;: Veja os lan\u00e7amentos nos cinemas de Ribeir\u00e3o Preto","author":"ismaelcolosi.com.br","date":"6 de June de 2024","format":false,"excerpt":"Os cinemas de Ribeir\u00e3o Preto trazem grandes lan\u00e7amentos nesta quinta-feira (6), como os filmes Bad Boys: At\u00e9 o Fim e Grande Sert\u00e3o. S\u00e3o quatro cinemas em Ribeir\u00e3o: o UCI, localizado no Ribeir\u00e3oShopping, o Cinep\u00f3lis, nos shoppings Santa \u00darsula e Iguatemi, e o Cinemark, no Novo Shopping. Todos est\u00e3o com promo\u00e7\u00e3o\u2026","rel":"","context":"In &quot;Not\u00edcias de Ribeir\u00e3o Preto-SP e Regi\u00e3o&quot;","block_context":{"text":"Not\u00edcias de Ribeir\u00e3o Preto-SP e Regi\u00e3o","link":"https:\/\/ismaelcolosi.com.br\/index.php\/category\/noticias-de-ribeirao-preto-sp-e-regiao-ismael-colosi\/"},"img":{"alt_text":"","src":"https:\/\/i0.wp.com\/ismaelcolosi.com.br\/wp-content\/uploads\/2024\/06\/Capturar_2024-06-06_12-05-22_jpg_2024-06-06_12-05-22.webp.webp?fit=1135%2C626&ssl=1&resize=350%2C200","width":350,"height":200,"srcset":"https:\/\/i0.wp.com\/ismaelcolosi.com.br\/wp-content\/uploads\/2024\/06\/Capturar_2024-06-06_12-05-22_jpg_2024-06-06_12-05-22.webp.webp?fit=1135%2C626&ssl=1&resize=350%2C200 1x, https:\/\/i0.wp.com\/ismaelcolosi.com.br\/wp-content\/uploads\/2024\/06\/Capturar_2024-06-06_12-05-22_jpg_2024-06-06_12-05-22.webp.webp?fit=1135%2C626&ssl=1&resize=525%2C300 1.5x, https:\/\/i0.wp.com\/ismaelcolosi.com.br\/wp-content\/uploads\/2024\/06\/Capturar_2024-06-06_12-05-22_jpg_2024-06-06_12-05-22.webp.webp?fit=1135%2C626&ssl=1&resize=700%2C400 2x, https:\/\/i0.wp.com\/ismaelcolosi.com.br\/wp-content\/uploads\/2024\/06\/Capturar_2024-06-06_12-05-22_jpg_2024-06-06_12-05-22.webp.webp?fit=1135%2C626&ssl=1&resize=1050%2C600 3x"},"classes":[]},{"id":53897,"url":"https:\/\/ismaelcolosi.com.br\/index.php\/2024\/06\/20\/divertida-mente-2-esta-entre-os-lancamentos-desta-semana-nos-cinemas-de-ribeirao-veja-as-novidades\/","url_meta":{"origin":54694,"position":2},"title":"\u2018Divertida Mente 2\u2019 est\u00e1 entre os lan\u00e7amentos desta semana nos cinemas de Ribeir\u00e3o; Veja as novidades","author":"ismaelcolosi.com.br","date":"20 de June de 2024","format":false,"excerpt":"Hoje \u00e9 dia de conferir os lan\u00e7amentos dos cinemas no acidade on Ribeir\u00e3o. \u201cDivertida Mente 2\u201d, um dos filmes mais aguardados de 2024 nas telinhas estreia nesta quinta-feira (20). Confira os filmes em cartaz abaixo: Ribeir\u00e3o Preto conta com quatro cinemas nos shoppings: o UCI localizado no Ribeir\u00e3o Shopping, o\u2026","rel":"","context":"In &quot;Not\u00edcias de Ribeir\u00e3o Preto-SP e Regi\u00e3o&quot;","block_context":{"text":"Not\u00edcias de Ribeir\u00e3o Preto-SP e Regi\u00e3o","link":"https:\/\/ismaelcolosi.com.br\/index.php\/category\/noticias-de-ribeirao-preto-sp-e-regiao-ismael-colosi\/"},"img":{"alt_text":"","src":"https:\/\/i0.wp.com\/ismaelcolosi.com.br\/wp-content\/uploads\/2024\/06\/d38a2ed4ff394bf0caa140cd77060bf9_2024-06-20_12-46-28_jpg_2024-06-20_12-46-28.webp.webp?fit=1200%2C630&ssl=1&resize=350%2C200","width":350,"height":200,"srcset":"https:\/\/i0.wp.com\/ismaelcolosi.com.br\/wp-content\/uploads\/2024\/06\/d38a2ed4ff394bf0caa140cd77060bf9_2024-06-20_12-46-28_jpg_2024-06-20_12-46-28.webp.webp?fit=1200%2C630&ssl=1&resize=350%2C200 1x, https:\/\/i0.wp.com\/ismaelcolosi.com.br\/wp-content\/uploads\/2024\/06\/d38a2ed4ff394bf0caa140cd77060bf9_2024-06-20_12-46-28_jpg_2024-06-20_12-46-28.webp.webp?fit=1200%2C630&ssl=1&resize=525%2C300 1.5x, https:\/\/i0.wp.com\/ismaelcolosi.com.br\/wp-content\/uploads\/2024\/06\/d38a2ed4ff394bf0caa140cd77060bf9_2024-06-20_12-46-28_jpg_2024-06-20_12-46-28.webp.webp?fit=1200%2C630&ssl=1&resize=700%2C400 2x, https:\/\/i0.wp.com\/ismaelcolosi.com.br\/wp-content\/uploads\/2024\/06\/d38a2ed4ff394bf0caa140cd77060bf9_2024-06-20_12-46-28_jpg_2024-06-20_12-46-28.webp.webp?fit=1200%2C630&ssl=1&resize=1050%2C600 3x"},"classes":[]},{"id":38586,"url":"https:\/\/ismaelcolosi.com.br\/index.php\/2024\/02\/20\/cinemas-de-ribeirao-terao-ingressos-por-r-12-veja-quando\/","url_meta":{"origin":54694,"position":3},"title":"Cinemas de Ribeir\u00e3o ter\u00e3o ingressos por R$ 12; Veja quando","author":"ismaelcolosi.com.br","date":"20 de February de 2024","format":false,"excerpt":"Ribeir\u00e3o Preto ter\u00e1 ingressos de cinema a R$ 12 a partir desta quinta-feira (22). A a\u00e7\u00e3o, que oferece ingressos para sess\u00f5es 2D faz parte da Semana do Cinema, e acontece at\u00e9 a pr\u00f3xima quarta-feira, 28 de fevereiro. Al\u00e9m de entradas mais baratas, algumas redes oferecer\u00e3o combos de pipoca e bebida\u2026","rel":"","context":"In &quot;Not\u00edcias de Ribeir\u00e3o Preto-SP e Regi\u00e3o&quot;","block_context":{"text":"Not\u00edcias de Ribeir\u00e3o Preto-SP e Regi\u00e3o","link":"https:\/\/ismaelcolosi.com.br\/index.php\/category\/noticias-de-ribeirao-preto-sp-e-regiao-ismael-colosi\/"},"img":{"alt_text":"","src":"https:\/\/i0.wp.com\/ismaelcolosi.com.br\/wp-content\/uploads\/2024\/02\/cinema_filme_1024x576_02102020113512.jpg?fit=1024%2C576&ssl=1&resize=350%2C200","width":350,"height":200,"srcset":"https:\/\/i0.wp.com\/ismaelcolosi.com.br\/wp-content\/uploads\/2024\/02\/cinema_filme_1024x576_02102020113512.jpg?fit=1024%2C576&ssl=1&resize=350%2C200 1x, https:\/\/i0.wp.com\/ismaelcolosi.com.br\/wp-content\/uploads\/2024\/02\/cinema_filme_1024x576_02102020113512.jpg?fit=1024%2C576&ssl=1&resize=525%2C300 1.5x, https:\/\/i0.wp.com\/ismaelcolosi.com.br\/wp-content\/uploads\/2024\/02\/cinema_filme_1024x576_02102020113512.jpg?fit=1024%2C576&ssl=1&resize=700%2C400 2x"},"classes":[]},{"id":65493,"url":"https:\/\/ismaelcolosi.com.br\/index.php\/2024\/09\/12\/silvio-e-meu-amigo-pinguim-veja-as-estreias-desta-semana-nos-cinemas\/","url_meta":{"origin":54694,"position":4},"title":"\u201cSilvio\u201d e \u201cMeu Amigo Pinguim\u201d: Veja as estreias desta semana nos cinemas","author":"ismaelcolosi.com.br","date":"12 de September de 2024","format":false,"excerpt":"Nesta quinta-feira (12), quatro novos filmes entram na programa\u00e7\u00e3o dos cinemas de Ribeir\u00e3o Preto, entre elas, a cinebiografia de Silvio Santos, o longa Silvio e um filme sobre a amizade de um pai e um pequeno pinguim, a aventura Meu Amigo Pinguim. Veja todas as estreias: Ribeir\u00e3o Preto conta com\u2026","rel":"","context":"In &quot;Not\u00edcias de Ribeir\u00e3o Preto-SP e Regi\u00e3o&quot;","block_context":{"text":"Not\u00edcias de Ribeir\u00e3o Preto-SP e Regi\u00e3o","link":"https:\/\/ismaelcolosi.com.br\/index.php\/category\/noticias-de-ribeirao-preto-sp-e-regiao-ismael-colosi\/"},"img":{"alt_text":"","src":"https:\/\/i0.wp.com\/ismaelcolosi.com.br\/wp-content\/uploads\/2024\/09\/daniel-enquadramento-capa-2024-09-11t181520073_2024-09-12_12-21-46_jpg_2024-09-12_12-21-46.webp.webp?fit=1100%2C600&ssl=1&resize=350%2C200","width":350,"height":200,"srcset":"https:\/\/i0.wp.com\/ismaelcolosi.com.br\/wp-content\/uploads\/2024\/09\/daniel-enquadramento-capa-2024-09-11t181520073_2024-09-12_12-21-46_jpg_2024-09-12_12-21-46.webp.webp?fit=1100%2C600&ssl=1&resize=350%2C200 1x, https:\/\/i0.wp.com\/ismaelcolosi.com.br\/wp-content\/uploads\/2024\/09\/daniel-enquadramento-capa-2024-09-11t181520073_2024-09-12_12-21-46_jpg_2024-09-12_12-21-46.webp.webp?fit=1100%2C600&ssl=1&resize=525%2C300 1.5x, https:\/\/i0.wp.com\/ismaelcolosi.com.br\/wp-content\/uploads\/2024\/09\/daniel-enquadramento-capa-2024-09-11t181520073_2024-09-12_12-21-46_jpg_2024-09-12_12-21-46.webp.webp?fit=1100%2C600&ssl=1&resize=700%2C400 2x, https:\/\/i0.wp.com\/ismaelcolosi.com.br\/wp-content\/uploads\/2024\/09\/daniel-enquadramento-capa-2024-09-11t181520073_2024-09-12_12-21-46_jpg_2024-09-12_12-21-46.webp.webp?fit=1100%2C600&ssl=1&resize=1050%2C600 3x"},"classes":[]},{"id":69082,"url":"https:\/\/ismaelcolosi.com.br\/index.php\/2024\/10\/03\/coringa-delirios-a-dois-e-destaque-nos-cinemas-nesta-quinta-feira\/","url_meta":{"origin":54694,"position":5},"title":"\u2018Coringa: Del\u00edrios a Dois\u2019 \u00e9 destaque nos cinemas nesta quinta-feira","author":"ismaelcolosi.com.br","date":"3 de October de 2024","format":false,"excerpt":"Um dos filmes mais aguardados do ano chega nesta quinta-feira (3) \u00e0s telas dos cinemas: \u201cCoringa: Del\u00edrio a Dois\u201d. Al\u00e9m da sequ\u00eancia do sucesso mundial, a programa\u00e7\u00e3o tamb\u00e9m conta com \u201cPlaca-M\u00e3e\u201d, uma anima\u00e7\u00e3o brasileira que se passa no interior. Ribeir\u00e3o Preto conta com quatro cinemas, o UCI localizado no Ribeir\u00e3o\u2026","rel":"","context":"In &quot;Not\u00edcias de Ribeir\u00e3o Preto-SP e Regi\u00e3o&quot;","block_context":{"text":"Not\u00edcias de Ribeir\u00e3o Preto-SP e Regi\u00e3o","link":"https:\/\/ismaelcolosi.com.br\/index.php\/category\/noticias-de-ribeirao-preto-sp-e-regiao-ismael-colosi\/"},"img":{"alt_text":"","src":"https:\/\/i0.wp.com\/ismaelcolosi.com.br\/wp-content\/uploads\/2024\/10\/coringa_2024-10-03_14-19-40.webp.webp?fit=1200%2C675&ssl=1&resize=350%2C200","width":350,"height":200,"srcset":"https:\/\/i0.wp.com\/ismaelcolosi.com.br\/wp-content\/uploads\/2024\/10\/coringa_2024-10-03_14-19-40.webp.webp?fit=1200%2C675&ssl=1&resize=350%2C200 1x, https:\/\/i0.wp.com\/ismaelcolosi.com.br\/wp-content\/uploads\/2024\/10\/coringa_2024-10-03_14-19-40.webp.webp?fit=1200%2C675&ssl=1&resize=525%2C300 1.5x, https:\/\/i0.wp.com\/ismaelcolosi.com.br\/wp-content\/uploads\/2024\/10\/coringa_2024-10-03_14-19-40.webp.webp?fit=1200%2C675&ssl=1&resize=700%2C400 2x, https:\/\/i0.wp.com\/ismaelcolosi.com.br\/wp-content\/uploads\/2024\/10\/coringa_2024-10-03_14-19-40.webp.webp?fit=1200%2C675&ssl=1&resize=1050%2C600 3x"},"classes":[]}],"jetpack_sharing_enabled":true,"jetpack_shortlink":"https:\/\/wp.me\/pfMlyK-eea","_links":{"self":[{"href":"https:\/\/ismaelcolosi.com.br\/index.php\/wp-json\/wp\/v2\/posts\/54694","targetHints":{"allow":["GET"]}}],"collection":[{"href":"https:\/\/ismaelcolosi.com.br\/index.php\/wp-json\/wp\/v2\/posts"}],"about":[{"href":"https:\/\/ismaelcolosi.com.br\/index.php\/wp-json\/wp\/v2\/types\/post"}],"author":[{"embeddable":true,"href":"https:\/\/ismaelcolosi.com.br\/index.php\/wp-json\/wp\/v2\/users\/1"}],"replies":[{"embeddable":true,"href":"https:\/\/ismaelcolosi.com.br\/index.php\/wp-json\/wp\/v2\/comments?post=54694"}],"version-history":[{"count":0,"href":"https:\/\/ismaelcolosi.com.br\/index.php\/wp-json\/wp\/v2\/posts\/54694\/revisions"}],"wp:featuredmedia":[{"embeddable":true,"href":"https:\/\/ismaelcolosi.com.br\/index.php\/wp-json\/wp\/v2\/media\/54695"}],"wp:attachment":[{"href":"https:\/\/ismaelcolosi.com.br\/index.php\/wp-json\/wp\/v2\/media?parent=54694"}],"wp:term":[{"taxonomy":"category","embeddable":true,"href":"https:\/\/ismaelcolosi.com.br\/index.php\/wp-json\/wp\/v2\/categories?post=54694"},{"taxonomy":"post_tag","embeddable":true,"href":"https:\/\/ismaelcolosi.com.br\/index.php\/wp-json\/wp\/v2\/tags?post=54694"}],"curies":[{"name":"wp","href":"https:\/\/api.w.org\/{rel}","templated":true}]}}