{"id":54678,"date":"2024-06-27T07:36:31","date_gmt":"2024-06-27T10:36:31","guid":{"rendered":"https:\/\/ismaelcolosi.com.br\/index.php\/2024\/06\/27\/saiba-tudo-sobre-a-primeira-onda-de-frio-do-inverno-que-vai-atingir-ate-o-interior-de-sp\/"},"modified":"2024-06-27T07:36:31","modified_gmt":"2024-06-27T10:36:31","slug":"saiba-tudo-sobre-a-primeira-onda-de-frio-do-inverno-que-vai-atingir-ate-o-interior-de-sp","status":"publish","type":"post","link":"https:\/\/ismaelcolosi.com.br\/index.php\/2024\/06\/27\/saiba-tudo-sobre-a-primeira-onda-de-frio-do-inverno-que-vai-atingir-ate-o-interior-de-sp\/","title":{"rendered":"Saiba tudo sobre a primeira onda de frio do inverno que vai atingir at\u00e9 o interior de SP"},"content":{"rendered":"<p> <br \/>\n<\/p>\n<div data-td-block-uid=\"tdi_106\">\n<div class=\"tdb-block-inner td-fix-index\">\n<p><strong>A primeira onda de frio do inverno 2024 come\u00e7a nesta sexta-feira (28) com chegada de uma forte frente fria.<\/strong> <mark style=\"background-color:#fcb900\" class=\"has-inline-color has-black-color\">A previs\u00e3o de dura\u00e7\u00e3o deste sistema \u00e9 at\u00e9 o dia 2 de julho.<\/mark><\/p>\n<p>Segundo a <a href=\"https:\/\/www.climatempo.com.br\/\" target=\"_blank\" rel=\"noreferrer noopener\">Climatempo<\/a>, esta ser\u00e1 a primeira queda acentuada de temperatura no inverno deste ano, com destaque para os estados do Sul do Brasil, que podem registrar temperaturas negativas de 8\u00b0C em \u00e1reas mais elevadas da serras ga\u00facha e catarinense.<\/p>\n<p>A Climatempo dividiu o mapa da <strong>onda de frio<\/strong> em tr\u00eas cores: <mark style=\"background-color:#fcb900\" class=\"has-inline-color has-black-color\">roxo, azul escuro e azul claro.<\/mark> Confira abaixo.<\/p>\n<p><mark style=\"background-color:#fcb900\" class=\"has-inline-color has-black-color\">A regi\u00e3o de Ribeir\u00e3o Preto est\u00e1 na faixa azul claro, que indica queda na temperatura n\u00e3o t\u00e3o expressiva e menos persistente.<\/mark> Em <strong>Ribeir\u00e3o<\/strong>, a <strong>meteorologia <\/strong>aponta <strong>13\u00b0C de m\u00ednima<\/strong> e <strong>24\u00b0C de m\u00e1xima<\/strong> na <strong>segunda-feira (1\u00ba)<\/strong>.<\/p>\n<p>No <strong>estado de S\u00e3o Paulo<\/strong>, por\u00e9m, h\u00e1 uma grande \u00e1rea em <strong>azul escuro<\/strong>, que indica queda significativa na temperatura, especialmente na faixa leste paulista. <\/p>\n<blockquote class=\"wp-block-quote\">\n<p>\u201cEsta frente fria vem para quebrar o ciclo de dias quentes que se instalou no Brasil desde 5 de maio, durando at\u00e9 24 de junho, especialmente na faixa central do pa\u00eds. Durante este per\u00edodo, a umidade relativa do ar se manteve reduzida por v\u00e1rios dias, com algumas regi\u00f5es registrando n\u00edveis muito baixos, abaixo de 20%\u201d<\/p>\n<p><cite>Jos\u00e9lia Pegorim, meteorologista da Climatempo<\/cite><\/p><\/blockquote>\n<figure class=\"wp-block-image\"><img data-recalc-dims=\"1\" loading=\"lazy\" decoding=\"async\" width=\"2000\" height=\"1992\" src=\"https:\/\/i0.wp.com\/www.acidadeon.com\/ribeiraopreto\/wp-content\/uploads\/sites\/3\/2024\/06\/ONDA-DE-FRIO_2024-06-27_10-16-51_jpg_2024-06-27_10-16-51.webp?resize=2000%2C1992&#038;ssl=1\" alt=\"Mapa da onda de frio no Brasil\" class=\"wp-image-86138\" srcset=\"https:\/\/www.acidadeon.com\/ribeiraopreto\/wp-content\/uploads\/sites\/3\/2024\/06\/ONDA-DE-FRIO_2024-06-27_10-16-51_jpg_2024-06-27_10-16-51.webp 2000w, https:\/\/www.acidadeon.com\/ribeiraopreto\/wp-content\/uploads\/sites\/3\/2024\/06\/ONDA-DE-FRIO_2024-06-27_10-16-51_jpg_2024-06-27_10-16-51-300x300.webp 300w, https:\/\/www.acidadeon.com\/ribeiraopreto\/wp-content\/uploads\/sites\/3\/2024\/06\/ONDA-DE-FRIO_2024-06-27_10-16-51_jpg_2024-06-27_10-16-51-1024x1020.webp 1024w, https:\/\/www.acidadeon.com\/ribeiraopreto\/wp-content\/uploads\/sites\/3\/2024\/06\/ONDA-DE-FRIO_2024-06-27_10-16-51_jpg_2024-06-27_10-16-51-150x150.webp 150w, https:\/\/www.acidadeon.com\/ribeiraopreto\/wp-content\/uploads\/sites\/3\/2024\/06\/ONDA-DE-FRIO_2024-06-27_10-16-51_jpg_2024-06-27_10-16-51-768x765.webp 768w, https:\/\/www.acidadeon.com\/ribeiraopreto\/wp-content\/uploads\/sites\/3\/2024\/06\/ONDA-DE-FRIO_2024-06-27_10-16-51_jpg_2024-06-27_10-16-51-1536x1530.webp 1536w, https:\/\/www.acidadeon.com\/ribeiraopreto\/wp-content\/uploads\/sites\/3\/2024\/06\/ONDA-DE-FRIO_2024-06-27_10-16-51_jpg_2024-06-27_10-16-51-696x693.webp 696w, https:\/\/www.acidadeon.com\/ribeiraopreto\/wp-content\/uploads\/sites\/3\/2024\/06\/ONDA-DE-FRIO_2024-06-27_10-16-51_jpg_2024-06-27_10-16-51-1068x1064.webp 1068w, https:\/\/www.acidadeon.com\/ribeiraopreto\/wp-content\/uploads\/sites\/3\/2024\/06\/ONDA-DE-FRIO_2024-06-27_10-16-51_jpg_2024-06-27_10-16-51-1920x1912.webp 1920w\" sizes=\"auto, (max-width: 2000px) 100vw, 2000px\"\/><figcaption class=\"wp-element-caption\">Reprodu\u00e7\u00e3o \/ Climatempo<\/figcaption><\/figure>\n<p>SAIBA MAIS<\/p>\n<p>Estabelecimento respons\u00e1vel por pancad\u00f5es em Ribeir\u00e3o \u00e9 notificado pela GCM<\/p>\n<h4 class=\"wp-block-heading\"><strong>FIQUE ON<\/strong><\/h4>\n<p>Fique ligado em tudo que acontece em Ribeir\u00e3o Preto e regi\u00e3o. Siga os perfis do\u00a0<strong>acidade on\u00a0<\/strong>no<a href=\"https:\/\/www.instagram.com\/acidadeonribeirao\" target=\"_blank\" rel=\"noreferrer noopener\">\u00a0Instagram<\/a>\u00a0e no\u00a0<a href=\"https:\/\/www.facebook.com\/acidadeonribeirao\/\" target=\"_blank\" rel=\"noreferrer noopener\">Facebook<\/a>.<\/p>\n<p>Receba not\u00edcias do\u00a0<strong>acidade on<\/strong>\u00a0no WhatsApp.<a href=\"https:\/\/chat.whatsapp.com\/CdrZ6xrf7quD44Vw3WlPuZ\" target=\"_blank\" rel=\"noreferrer noopener\">\u00a0Para entrar no grupo, basta clicar aqui.<\/a><\/p>\n<p>Fa\u00e7a uma den\u00fancia ou sugira uma reportagem sobre Ribeir\u00e3o Preto e regi\u00e3o pelo WhatsApp: 16 99117 7802.<\/p>\n<p>VEJA TAMB\u00c9M<\/p>\n<p>Como ver alinhamento dos planetas no Brasil?<\/p>\n<p><!-- AI CONTENT END 1 -->\n<\/div>\n<\/div>\n<p><script async src=\"\/\/www.instagram.com\/embed.js\"><\/script><br \/>\n<br \/><br \/>\n<br \/><a href=\"https:\/\/www.acidadeon.com\/ribeiraopreto\/cotidiano\/saiba-tudo-sobre-a-primeira-onda-de-frio-do-inverno-que-vai-atingir-ate-o-interior-de-sp\/\">Source link <\/a><\/p>\n<div class='code-block code-block-4' style='margin: 8px auto 8px 0; text-align: left; display: block; clear: both;'>\n\ud83d\udce2 Aviso Legal\n\nO site ismaelcolosi.com.br atua apenas como um canal de divulga\u00e7\u00e3o de oportunidades de emprego e n\u00e3o se responsabiliza pelo processo seletivo, contrata\u00e7\u00e3o ou qualquer outra etapa relacionada \u00e0s vagas publicadas. Todas as informa\u00e7\u00f5es s\u00e3o de responsabilidade dos anunciantes.\n\n\u26a0\ufe0f Aten\u00e7\u00e3o! Nunca pague por promessas de emprego nem compre cursos que garantam contrata\u00e7\u00e3o. Desconfie de qualquer cobran\u00e7a para participar de sele\u00e7\u00f5es.\n\n\n\n<\/div>\n<!-- CONTENT END 1 -->\n","protected":false},"excerpt":{"rendered":"<p>A primeira onda de frio do inverno 2024 come\u00e7a nesta sexta-feira (28) com chegada de uma forte frente fria. A previs\u00e3o de dura\u00e7\u00e3o deste sistema&#8230;<\/p>\n","protected":false},"author":1,"featured_media":54679,"comment_status":"open","ping_status":"open","sticky":false,"template":"","format":"standard","meta":{"_uag_custom_page_level_css":"","advanced_seo_description":"","jetpack_seo_html_title":"","jetpack_seo_noindex":false,"jetpack_post_was_ever_published":false,"_jetpack_newsletter_access":"","_jetpack_dont_email_post_to_subs":false,"_jetpack_newsletter_tier_id":0,"_jetpack_memberships_contains_paywalled_content":false,"_jetpack_memberships_contains_paid_content":false,"footnotes":"","jetpack_publicize_message":"","jetpack_publicize_feature_enabled":true,"jetpack_social_post_already_shared":true,"jetpack_social_options":{"image_generator_settings":{"template":"highway","default_image_id":0,"font":"","enabled":false},"version":2}},"categories":[11],"tags":[],"class_list":["post-54678","post","type-post","status-publish","format-standard","has-post-thumbnail","hentry","category-noticias-de-ribeirao-preto-sp-e-regiao-ismael-colosi"],"jetpack_publicize_connections":[],"jetpack_featured_media_url":"https:\/\/i0.wp.com\/ismaelcolosi.com.br\/wp-content\/uploads\/2024\/06\/ONDA-DE-FRIO-2_2024-06-27_10-18-52_jpg_2024-06-27_10-18-52.webp.webp?fit=2000%2C1482&ssl=1","uagb_featured_image_src":{"full":["https:\/\/i0.wp.com\/ismaelcolosi.com.br\/wp-content\/uploads\/2024\/06\/ONDA-DE-FRIO-2_2024-06-27_10-18-52_jpg_2024-06-27_10-18-52.webp.webp?fit=2000%2C1482&ssl=1",2000,1482,false],"thumbnail":["https:\/\/i0.wp.com\/ismaelcolosi.com.br\/wp-content\/uploads\/2024\/06\/ONDA-DE-FRIO-2_2024-06-27_10-18-52_jpg_2024-06-27_10-18-52.webp.webp?resize=150%2C150&ssl=1",150,150,true],"medium":["https:\/\/i0.wp.com\/ismaelcolosi.com.br\/wp-content\/uploads\/2024\/06\/ONDA-DE-FRIO-2_2024-06-27_10-18-52_jpg_2024-06-27_10-18-52.webp.webp?fit=300%2C222&ssl=1",300,222,true],"medium_large":["https:\/\/i0.wp.com\/ismaelcolosi.com.br\/wp-content\/uploads\/2024\/06\/ONDA-DE-FRIO-2_2024-06-27_10-18-52_jpg_2024-06-27_10-18-52.webp.webp?fit=768%2C569&ssl=1",768,569,true],"large":["https:\/\/i0.wp.com\/ismaelcolosi.com.br\/wp-content\/uploads\/2024\/06\/ONDA-DE-FRIO-2_2024-06-27_10-18-52_jpg_2024-06-27_10-18-52.webp.webp?fit=1024%2C759&ssl=1",1024,759,true],"1536x1536":["https:\/\/i0.wp.com\/ismaelcolosi.com.br\/wp-content\/uploads\/2024\/06\/ONDA-DE-FRIO-2_2024-06-27_10-18-52_jpg_2024-06-27_10-18-52.webp.webp?fit=1536%2C1138&ssl=1",1536,1138,true],"2048x2048":["https:\/\/i0.wp.com\/ismaelcolosi.com.br\/wp-content\/uploads\/2024\/06\/ONDA-DE-FRIO-2_2024-06-27_10-18-52_jpg_2024-06-27_10-18-52.webp.webp?fit=2000%2C1482&ssl=1",2000,1482,true],"really-simple-thumb":["https:\/\/i0.wp.com\/ismaelcolosi.com.br\/wp-content\/uploads\/2024\/06\/ONDA-DE-FRIO-2_2024-06-27_10-18-52_jpg_2024-06-27_10-18-52.webp.webp?resize=370%2C247&ssl=1",370,247,true]},"uagb_author_info":{"display_name":"ismaelcolosi.com.br","author_link":"https:\/\/ismaelcolosi.com.br\/index.php\/author\/vidareal-online\/"},"uagb_comment_info":0,"uagb_excerpt":"A primeira onda de frio do inverno 2024 come\u00e7a nesta sexta-feira (28) com chegada de uma forte frente fria. A previs\u00e3o de dura\u00e7\u00e3o deste sistema...","jetpack-related-posts":[{"id":55851,"url":"https:\/\/ismaelcolosi.com.br\/index.php\/2024\/07\/06\/interior-de-sp-tem-novo-alerta-para-onda-de-frio-veja-previsao-para-ribeirao-preto\/","url_meta":{"origin":54678,"position":0},"title":"Interior de SP tem novo alerta para onda de frio; Veja previs\u00e3o para Ribeir\u00e3o Preto","author":"ismaelcolosi.com.br","date":"6 de July de 2024","format":false,"excerpt":"Ribeir\u00e3o Preto deve ter um s\u00e1bado (6) de sol com algumas nuvens, mas sem chances de chuva, segundo a previs\u00e3o da Climatempo. Durante a tarde os term\u00f4metros podem atingir m\u00e1xima de 32\u00baC. O clima nos pr\u00f3ximos dias de folga, j\u00e1 que na ter\u00e7a-feira (9) o estado de S\u00e3o Paulo celebra\u2026","rel":"","context":"In &quot;Not\u00edcias de Ribeir\u00e3o Preto-SP e Regi\u00e3o&quot;","block_context":{"text":"Not\u00edcias de Ribeir\u00e3o Preto-SP e Regi\u00e3o","link":"https:\/\/ismaelcolosi.com.br\/index.php\/category\/noticias-de-ribeirao-preto-sp-e-regiao-ismael-colosi\/"},"img":{"alt_text":"","src":"https:\/\/i0.wp.com\/ismaelcolosi.com.br\/wp-content\/uploads\/2024\/07\/calcadao_ribeirao_1024x576_22052020190437.jpg?fit=1024%2C576&ssl=1&resize=350%2C200","width":350,"height":200,"srcset":"https:\/\/i0.wp.com\/ismaelcolosi.com.br\/wp-content\/uploads\/2024\/07\/calcadao_ribeirao_1024x576_22052020190437.jpg?fit=1024%2C576&ssl=1&resize=350%2C200 1x, https:\/\/i0.wp.com\/ismaelcolosi.com.br\/wp-content\/uploads\/2024\/07\/calcadao_ribeirao_1024x576_22052020190437.jpg?fit=1024%2C576&ssl=1&resize=525%2C300 1.5x, https:\/\/i0.wp.com\/ismaelcolosi.com.br\/wp-content\/uploads\/2024\/07\/calcadao_ribeirao_1024x576_22052020190437.jpg?fit=1024%2C576&ssl=1&resize=700%2C400 2x"},"classes":[]},{"id":54813,"url":"https:\/\/ismaelcolosi.com.br\/index.php\/2024\/06\/28\/onda-de-frio-vem-com-tudo-veja-as-temperaturas-previstas-no-interior-de-sp\/","url_meta":{"origin":54678,"position":1},"title":"Onda de frio vem com tudo; Veja as temperaturas previstas no interior de SP","author":"ismaelcolosi.com.br","date":"28 de June de 2024","format":false,"excerpt":"A primeira onda de frio do inverno 2024 come\u00e7a nesta sexta-feira (28) e tem previs\u00e3o de seguir pelos pr\u00f3ximos cinco dias, at\u00e9 2 de julho. A Climatempo indica uma forte frente fria\u00a0e queda acentuada de temperatura, especialmente na regi\u00e3o Sul do Brasil. Os efeitos da onda de frio poder\u00e3o ser\u2026","rel":"","context":"In &quot;Not\u00edcias de Ribeir\u00e3o Preto-SP e Regi\u00e3o&quot;","block_context":{"text":"Not\u00edcias de Ribeir\u00e3o Preto-SP e Regi\u00e3o","link":"https:\/\/ismaelcolosi.com.br\/index.php\/category\/noticias-de-ribeirao-preto-sp-e-regiao-ismael-colosi\/"},"img":{"alt_text":"","src":"https:\/\/i0.wp.com\/ismaelcolosi.com.br\/wp-content\/uploads\/2024\/06\/calcadao_ribeirao_1024x576_22052020190437.jpg?fit=1024%2C576&ssl=1&resize=350%2C200","width":350,"height":200,"srcset":"https:\/\/i0.wp.com\/ismaelcolosi.com.br\/wp-content\/uploads\/2024\/06\/calcadao_ribeirao_1024x576_22052020190437.jpg?fit=1024%2C576&ssl=1&resize=350%2C200 1x, https:\/\/i0.wp.com\/ismaelcolosi.com.br\/wp-content\/uploads\/2024\/06\/calcadao_ribeirao_1024x576_22052020190437.jpg?fit=1024%2C576&ssl=1&resize=525%2C300 1.5x, https:\/\/i0.wp.com\/ismaelcolosi.com.br\/wp-content\/uploads\/2024\/06\/calcadao_ribeirao_1024x576_22052020190437.jpg?fit=1024%2C576&ssl=1&resize=700%2C400 2x"},"classes":[]},{"id":54783,"url":"https:\/\/ismaelcolosi.com.br\/index.php\/2024\/06\/27\/frente-fria-chega-neste-final-de-semana-e-derruba-temperaturas-no-interior-de-sp-veja-previsao\/","url_meta":{"origin":54678,"position":2},"title":"Frente fria chega neste final de semana e derruba temperaturas no interior de SP; Veja previs\u00e3o","author":"ismaelcolosi.com.br","date":"27 de June de 2024","format":false,"excerpt":"A chegada de uma forte frente fria neste final de semana deve provocar uma queda de temperatura em diversas regi\u00f5es do interior do Estado de S\u00e3o Paulo, de acordo com a meteorologia. Esse cen\u00e1rio, conforme explica a Climatempo, est\u00e1 associado a um grande ciclone extratropical acompanhado de uma forte massa\u2026","rel":"","context":"In &quot;Not\u00edcias de Ribeir\u00e3o Preto-SP e Regi\u00e3o&quot;","block_context":{"text":"Not\u00edcias de Ribeir\u00e3o Preto-SP e Regi\u00e3o","link":"https:\/\/ismaelcolosi.com.br\/index.php\/category\/noticias-de-ribeirao-preto-sp-e-regiao-ismael-colosi\/"},"img":{"alt_text":"","src":"https:\/\/i0.wp.com\/ismaelcolosi.com.br\/wp-content\/uploads\/2024\/06\/ceu_nublado_e_tempo_frio_em_campinas_cxdigo_19_166036-scaled.jpg?fit=1200%2C800&ssl=1&resize=350%2C200","width":350,"height":200,"srcset":"https:\/\/i0.wp.com\/ismaelcolosi.com.br\/wp-content\/uploads\/2024\/06\/ceu_nublado_e_tempo_frio_em_campinas_cxdigo_19_166036-scaled.jpg?fit=1200%2C800&ssl=1&resize=350%2C200 1x, https:\/\/i0.wp.com\/ismaelcolosi.com.br\/wp-content\/uploads\/2024\/06\/ceu_nublado_e_tempo_frio_em_campinas_cxdigo_19_166036-scaled.jpg?fit=1200%2C800&ssl=1&resize=525%2C300 1.5x, https:\/\/i0.wp.com\/ismaelcolosi.com.br\/wp-content\/uploads\/2024\/06\/ceu_nublado_e_tempo_frio_em_campinas_cxdigo_19_166036-scaled.jpg?fit=1200%2C800&ssl=1&resize=700%2C400 2x, https:\/\/i0.wp.com\/ismaelcolosi.com.br\/wp-content\/uploads\/2024\/06\/ceu_nublado_e_tempo_frio_em_campinas_cxdigo_19_166036-scaled.jpg?fit=1200%2C800&ssl=1&resize=1050%2C600 3x"},"classes":[]},{"id":51126,"url":"https:\/\/ismaelcolosi.com.br\/index.php\/2024\/05\/23\/primeira-onda-de-frio-do-ano-derruba-as-temperaturas-a-partir-de-sabado-no-estado-de-sp\/","url_meta":{"origin":54678,"position":3},"title":"Primeira onda de frio do ano derruba as temperaturas a partir de s\u00e1bado no estado de SP","author":"ismaelcolosi.com.br","date":"23 de May de 2024","format":false,"excerpt":"A 1\u00aa onda de frio de 2024 come\u00e7a no pr\u00f3ximo s\u00e1bado (25) e pode deixar as temperaturas at\u00e9 5\u00b0C abaixo da m\u00e9dia em parte do estado de S\u00e3o Paulo. Confira os mapas abaixo. Segundo a Climatempo, a chegada de uma nova frente fria no fim de semana ir\u00e1 proporcionar uma\u2026","rel":"","context":"In &quot;Not\u00edcias de Ribeir\u00e3o Preto-SP e Regi\u00e3o&quot;","block_context":{"text":"Not\u00edcias de Ribeir\u00e3o Preto-SP e Regi\u00e3o","link":"https:\/\/ismaelcolosi.com.br\/index.php\/category\/noticias-de-ribeirao-preto-sp-e-regiao-ismael-colosi\/"},"img":{"alt_text":"","src":"https:\/\/i0.wp.com\/ismaelcolosi.com.br\/wp-content\/uploads\/2024\/05\/frio_luva_1200x675_16042022092951.jpg?fit=1200%2C675&ssl=1&resize=350%2C200","width":350,"height":200,"srcset":"https:\/\/i0.wp.com\/ismaelcolosi.com.br\/wp-content\/uploads\/2024\/05\/frio_luva_1200x675_16042022092951.jpg?fit=1200%2C675&ssl=1&resize=350%2C200 1x, https:\/\/i0.wp.com\/ismaelcolosi.com.br\/wp-content\/uploads\/2024\/05\/frio_luva_1200x675_16042022092951.jpg?fit=1200%2C675&ssl=1&resize=525%2C300 1.5x, https:\/\/i0.wp.com\/ismaelcolosi.com.br\/wp-content\/uploads\/2024\/05\/frio_luva_1200x675_16042022092951.jpg?fit=1200%2C675&ssl=1&resize=700%2C400 2x, https:\/\/i0.wp.com\/ismaelcolosi.com.br\/wp-content\/uploads\/2024\/05\/frio_luva_1200x675_16042022092951.jpg?fit=1200%2C675&ssl=1&resize=1050%2C600 3x"},"classes":[]},{"id":54240,"url":"https:\/\/ismaelcolosi.com.br\/index.php\/2024\/06\/23\/primeira-massa-de-ar-frio-do-inverno-pode-atingir-o-estado-de-sp-veja-quando\/","url_meta":{"origin":54678,"position":4},"title":"Primeira massa de ar frio do inverno pode atingir o estado de SP; Veja quando","author":"ismaelcolosi.com.br","date":"23 de June de 2024","format":false,"excerpt":"A primeira massa de ar frio do inverno, que come\u00e7ou na \u00faltima quinta-feira (20), j\u00e1 tem data para chegar ao estado de S\u00e3o Paulo, de acordo com a meteorologia. Uma nova frente fria se formou atrav\u00e9s de duas \u00e1reas de baixa press\u00e3o atmosf\u00e9rica neste final de semana, contudo, esse sistema\u2026","rel":"","context":"In &quot;Not\u00edcias de Ribeir\u00e3o Preto-SP e Regi\u00e3o&quot;","block_context":{"text":"Not\u00edcias de Ribeir\u00e3o Preto-SP e Regi\u00e3o","link":"https:\/\/ismaelcolosi.com.br\/index.php\/category\/noticias-de-ribeirao-preto-sp-e-regiao-ismael-colosi\/"},"img":{"alt_text":"","src":"https:\/\/i0.wp.com\/ismaelcolosi.com.br\/wp-content\/uploads\/2024\/04\/AnyConv.com__frio.webp.webp?fit=1200%2C800&ssl=1&resize=350%2C200","width":350,"height":200,"srcset":"https:\/\/i0.wp.com\/ismaelcolosi.com.br\/wp-content\/uploads\/2024\/04\/AnyConv.com__frio.webp.webp?fit=1200%2C800&ssl=1&resize=350%2C200 1x, https:\/\/i0.wp.com\/ismaelcolosi.com.br\/wp-content\/uploads\/2024\/04\/AnyConv.com__frio.webp.webp?fit=1200%2C800&ssl=1&resize=525%2C300 1.5x, https:\/\/i0.wp.com\/ismaelcolosi.com.br\/wp-content\/uploads\/2024\/04\/AnyConv.com__frio.webp.webp?fit=1200%2C800&ssl=1&resize=700%2C400 2x, https:\/\/i0.wp.com\/ismaelcolosi.com.br\/wp-content\/uploads\/2024\/04\/AnyConv.com__frio.webp.webp?fit=1200%2C800&ssl=1&resize=1050%2C600 3x"},"classes":[]},{"id":56319,"url":"https:\/\/ismaelcolosi.com.br\/index.php\/2024\/07\/11\/nova-frente-fria-traz-chuva-e-baixa-as-temperaturas-no-estado-de-sao-paulo\/","url_meta":{"origin":54678,"position":5},"title":"Nova frente fria traz chuva e baixa as temperaturas no estado de S\u00e3o Paulo","author":"ismaelcolosi.com.br","date":"11 de July de 2024","format":false,"excerpt":"Uma nova frente fria se desloca em dire\u00e7\u00e3o ao estado de S\u00e3o Paulo at\u00e9 o final desta quinta-feira (11). Segundo a Climatempo, este sistema pode causar chuva ao longo da sua passagem e dever\u00e1 puxar uma nova massa de ar polar continental, que promete acentuar a queda das temperaturas. Onda\u2026","rel":"","context":"In &quot;Not\u00edcias de Ribeir\u00e3o Preto-SP e Regi\u00e3o&quot;","block_context":{"text":"Not\u00edcias de Ribeir\u00e3o Preto-SP e Regi\u00e3o","link":"https:\/\/ismaelcolosi.com.br\/index.php\/category\/noticias-de-ribeirao-preto-sp-e-regiao-ismael-colosi\/"},"img":{"alt_text":"","src":"https:\/\/i0.wp.com\/ismaelcolosi.com.br\/wp-content\/uploads\/2024\/07\/ONDA-DE-FRIO_2024-07-11_10-06-31_jpg_2024-07-11_10-06-31.webp.webp?fit=1200%2C742&ssl=1&resize=350%2C200","width":350,"height":200,"srcset":"https:\/\/i0.wp.com\/ismaelcolosi.com.br\/wp-content\/uploads\/2024\/07\/ONDA-DE-FRIO_2024-07-11_10-06-31_jpg_2024-07-11_10-06-31.webp.webp?fit=1200%2C742&ssl=1&resize=350%2C200 1x, https:\/\/i0.wp.com\/ismaelcolosi.com.br\/wp-content\/uploads\/2024\/07\/ONDA-DE-FRIO_2024-07-11_10-06-31_jpg_2024-07-11_10-06-31.webp.webp?fit=1200%2C742&ssl=1&resize=525%2C300 1.5x, https:\/\/i0.wp.com\/ismaelcolosi.com.br\/wp-content\/uploads\/2024\/07\/ONDA-DE-FRIO_2024-07-11_10-06-31_jpg_2024-07-11_10-06-31.webp.webp?fit=1200%2C742&ssl=1&resize=700%2C400 2x, https:\/\/i0.wp.com\/ismaelcolosi.com.br\/wp-content\/uploads\/2024\/07\/ONDA-DE-FRIO_2024-07-11_10-06-31_jpg_2024-07-11_10-06-31.webp.webp?fit=1200%2C742&ssl=1&resize=1050%2C600 3x"},"classes":[]}],"jetpack_sharing_enabled":true,"jetpack_shortlink":"https:\/\/wp.me\/pfMlyK-edU","_links":{"self":[{"href":"https:\/\/ismaelcolosi.com.br\/index.php\/wp-json\/wp\/v2\/posts\/54678","targetHints":{"allow":["GET"]}}],"collection":[{"href":"https:\/\/ismaelcolosi.com.br\/index.php\/wp-json\/wp\/v2\/posts"}],"about":[{"href":"https:\/\/ismaelcolosi.com.br\/index.php\/wp-json\/wp\/v2\/types\/post"}],"author":[{"embeddable":true,"href":"https:\/\/ismaelcolosi.com.br\/index.php\/wp-json\/wp\/v2\/users\/1"}],"replies":[{"embeddable":true,"href":"https:\/\/ismaelcolosi.com.br\/index.php\/wp-json\/wp\/v2\/comments?post=54678"}],"version-history":[{"count":0,"href":"https:\/\/ismaelcolosi.com.br\/index.php\/wp-json\/wp\/v2\/posts\/54678\/revisions"}],"wp:featuredmedia":[{"embeddable":true,"href":"https:\/\/ismaelcolosi.com.br\/index.php\/wp-json\/wp\/v2\/media\/54679"}],"wp:attachment":[{"href":"https:\/\/ismaelcolosi.com.br\/index.php\/wp-json\/wp\/v2\/media?parent=54678"}],"wp:term":[{"taxonomy":"category","embeddable":true,"href":"https:\/\/ismaelcolosi.com.br\/index.php\/wp-json\/wp\/v2\/categories?post=54678"},{"taxonomy":"post_tag","embeddable":true,"href":"https:\/\/ismaelcolosi.com.br\/index.php\/wp-json\/wp\/v2\/tags?post=54678"}],"curies":[{"name":"wp","href":"https:\/\/api.w.org\/{rel}","templated":true}]}}