{"id":54673,"date":"2024-06-27T05:23:48","date_gmt":"2024-06-27T08:23:48","guid":{"rendered":"https:\/\/ismaelcolosi.com.br\/index.php\/2024\/06\/27\/50-vagas-de-emprego-em-franca-sp-118\/"},"modified":"2024-06-27T05:23:48","modified_gmt":"2024-06-27T08:23:48","slug":"50-vagas-de-emprego-em-franca-sp-118","status":"publish","type":"post","link":"https:\/\/ismaelcolosi.com.br\/index.php\/2024\/06\/27\/50-vagas-de-emprego-em-franca-sp-118\/","title":{"rendered":"50 vagas de emprego em Franca-SP"},"content":{"rendered":"<div id=\"anuncios\">\n<header>\n<\/header>\n<p><\/p>\n<p>    <script async=\"\" src=\"https:\/\/pagead2.googlesyndication.com\/pagead\/js\/adsbygoogle.js?client=ca-pub-2853392113352629\" crossorigin=\"anonymous\"\/>\n    <ins class=\"adsbygoogle\" style=\"display:block\" data-ad-client=\"ca-pub-2853392113352629\" data-ad-slot=\"2925831803\" data-ad-format=\"auto\" data-full-width-responsive=\"true\"\/>\n    <script><![CDATA[\n    (adsbygoogle = window.adsbygoogle || []).push({});\n    ]]><\/script>   <\/p>\n<div class=\"emp\">\n<p>\n            PRECISA-SE DE PESPONTADOR COM PRATICA EM M\u00c1QUINA ELETR\u00d4NICA E COLADEIRA DE PE\u00c7AS NO BAIRRO PALESTINA \u2013 98872-0366.\n            <\/p>\n<p><strong>Compartilhe:<\/strong><\/p>\n<p>                <img data-recalc-dims=\"1\" loading=\"lazy\" decoding=\"async\" width=\"25\" height=\"25\" src=\"https:\/\/i0.wp.com\/francaclassificados.com\/\/source\/view\/img\/20w50.png?resize=25%2C25&#038;ssl=1\" alt=\"Imagem compartilhar whatsapp\"\/><\/p>\n<p>                <img data-recalc-dims=\"1\" loading=\"lazy\" decoding=\"async\" width=\"25\" height=\"25\" src=\"https:\/\/i0.wp.com\/francaclassificados.com\/\/source\/view\/img\/18w50.png?resize=25%2C25&#038;ssl=1\" alt=\"Imagem compartilhar facebook\"\/><\/p>\n<\/p><\/div>\n<div class=\"emp\">\n<p>\n            PRECISA-SE DE PESPONTADOR DE AMOSTRAS. INTERESSADOS COMPARECER A RUA JER\u00d4NIMO TEODORO DE SOUZA, 3619.\n            <\/p>\n<p><strong>Compartilhe:<\/strong><\/p>\n<p>                <img data-recalc-dims=\"1\" loading=\"lazy\" decoding=\"async\" width=\"25\" height=\"25\" src=\"https:\/\/i0.wp.com\/francaclassificados.com\/\/source\/view\/img\/20w50.png?resize=25%2C25&#038;ssl=1\" alt=\"Imagem compartilhar whatsapp\"\/><\/p>\n<p>                <img data-recalc-dims=\"1\" loading=\"lazy\" decoding=\"async\" width=\"25\" height=\"25\" src=\"https:\/\/i0.wp.com\/francaclassificados.com\/\/source\/view\/img\/18w50.png?resize=25%2C25&#038;ssl=1\" alt=\"Imagem compartilhar facebook\"\/><\/p>\n<\/p><\/div>\n<p>    <script async=\"\" src=\"https:\/\/pagead2.googlesyndication.com\/pagead\/js\/adsbygoogle.js?client=ca-pub-2853392113352629\" crossorigin=\"anonymous\"\/>\n    <ins class=\"adsbygoogle\" style=\"display:block\" data-ad-client=\"ca-pub-2853392113352629\" data-ad-slot=\"2925831803\" data-ad-format=\"auto\" data-full-width-responsive=\"true\"\/>\n    <script><![CDATA[\n    (adsbygoogle = window.adsbygoogle || []).push({});\n    ]]><\/script>  <\/p>\n<div class=\"emp\">\n<p>\n            PRECISA-SE DE BANCA DE PESPONTO (SAPATO SOCIAL MASCULINO), QUANTIDADE M\u00cdNIMA POR DIA: 25 PARES. COMPARECER NA AV. ADHEMAR PEREIRA DE BARROS, 2120 OU ENTRAR EM CONTATO (16) 99283-3344 PAULO.\n            <\/p>\n<p><strong>Compartilhe:<\/strong><\/p>\n<p>                <img data-recalc-dims=\"1\" loading=\"lazy\" decoding=\"async\" width=\"25\" height=\"25\" src=\"https:\/\/i0.wp.com\/francaclassificados.com\/\/source\/view\/img\/20w50.png?resize=25%2C25&#038;ssl=1\" alt=\"Imagem compartilhar whatsapp\"\/><\/p>\n<p>                <img data-recalc-dims=\"1\" loading=\"lazy\" decoding=\"async\" width=\"25\" height=\"25\" src=\"https:\/\/i0.wp.com\/francaclassificados.com\/\/source\/view\/img\/18w50.png?resize=25%2C25&#038;ssl=1\" alt=\"Imagem compartilhar facebook\"\/><\/p>\n<\/p><\/div>\n<div class=\"emp\">\n<p>\n            PRECISA-SE DE FRENTISTAS E FRENTISTA LUBRICADOR. INTERESSADOS ENVIAR CURR\u00cdCULO PARA E-MAIL postovagaaqui@gmail.com\n            <\/p>\n<p><strong>Compartilhe:<\/strong><\/p>\n<p>                <img data-recalc-dims=\"1\" loading=\"lazy\" decoding=\"async\" width=\"25\" height=\"25\" src=\"https:\/\/i0.wp.com\/francaclassificados.com\/\/source\/view\/img\/20w50.png?resize=25%2C25&#038;ssl=1\" alt=\"Imagem compartilhar whatsapp\"\/><\/p>\n<p>                <img data-recalc-dims=\"1\" loading=\"lazy\" decoding=\"async\" width=\"25\" height=\"25\" src=\"https:\/\/i0.wp.com\/francaclassificados.com\/\/source\/view\/img\/18w50.png?resize=25%2C25&#038;ssl=1\" alt=\"Imagem compartilhar facebook\"\/><\/p>\n<\/p><\/div>\n<p>    <script async=\"\" src=\"https:\/\/pagead2.googlesyndication.com\/pagead\/js\/adsbygoogle.js?client=ca-pub-2853392113352629\" crossorigin=\"anonymous\"\/>\n    <ins class=\"adsbygoogle\" style=\"display:block\" data-ad-client=\"ca-pub-2853392113352629\" data-ad-slot=\"2925831803\" data-ad-format=\"auto\" data-full-width-responsive=\"true\"\/>\n    <script><![CDATA[\n    (adsbygoogle = window.adsbygoogle || []).push({});\n    ]]><\/script>  <\/p>\n<div class=\"emp\">\n<p>\n            PRECISA-SE DE PASSADEIRA DE COLA COM URGENCIA \u2013 AV. PROF. HILARIO GIOVANELLA, 223 \u2013 DIST. INDUSTRIAL.\n            <\/p>\n<p><strong>Compartilhe:<\/strong><\/p>\n<p>                <img data-recalc-dims=\"1\" loading=\"lazy\" decoding=\"async\" width=\"25\" height=\"25\" src=\"https:\/\/i0.wp.com\/francaclassificados.com\/\/source\/view\/img\/20w50.png?resize=25%2C25&#038;ssl=1\" alt=\"Imagem compartilhar whatsapp\"\/><\/p>\n<p>                <img data-recalc-dims=\"1\" loading=\"lazy\" decoding=\"async\" width=\"25\" height=\"25\" src=\"https:\/\/i0.wp.com\/francaclassificados.com\/\/source\/view\/img\/18w50.png?resize=25%2C25&#038;ssl=1\" alt=\"Imagem compartilhar facebook\"\/><\/p>\n<\/p><\/div>\n<div class=\"emp\">\n<p>\n            PRECISA-SE DE MOTORISTA DE \u00d4NIBUS CNH CATEGORIA D\/E, CURSO DE TRANSPORTE COLETIVO, DISPONIBILIDADE DE HOR\u00c1RIO, SEXO FEMININO OU MASCULINO, ELETRICISTA COM EXPERI\u00caNCIA EM PARTE EL\u00c9TRICA DE \u00d4NIBUS E VANS; CONHECIMENTO EM TROCA DE MOTORES, VISTORIADOR COM CONHECIMENTO DO SISTEMA WINDOWS E PACOTE OFFICE; AJUDANTE DE MEC\u00c2NICO E MEC\u00c2NICO COM CONHECIMENTOS EM LINHA PESADA MERCEDES-BENZ (SER\u00c1 CONSIDERADO COMO DIFERENCIAL PARA A VAGA); LAVADOR DE \u00d4NIBUS, ATENDENTE \u2013 VAGA EXCLUSIVA PARA PCD, AUXILIAR DE TR\u00c1FEGO E APRENDIZ. ENVIAR OS CURR\u00cdCULOS COM A VAGA PRETENDIDA PARA O E-MAIL: saojose@empresasaojose.com.br OU PRESENCIALMENTE NA GARAGEM (AV. DR. WILLIAM AZZUZ, 480, RECREIO CAMPO BELO).\n            <\/p>\n<p><strong>Compartilhe:<\/strong><\/p>\n<p>                <img data-recalc-dims=\"1\" loading=\"lazy\" decoding=\"async\" width=\"25\" height=\"25\" src=\"https:\/\/i0.wp.com\/francaclassificados.com\/\/source\/view\/img\/20w50.png?resize=25%2C25&#038;ssl=1\" alt=\"Imagem compartilhar whatsapp\"\/><\/p>\n<p>                <img data-recalc-dims=\"1\" loading=\"lazy\" decoding=\"async\" width=\"25\" height=\"25\" src=\"https:\/\/i0.wp.com\/francaclassificados.com\/\/source\/view\/img\/18w50.png?resize=25%2C25&#038;ssl=1\" alt=\"Imagem compartilhar facebook\"\/><\/p>\n<\/p><\/div>\n<p>        <img data-recalc-dims=\"1\" decoding=\"async\" src=\"https:\/\/i0.wp.com\/francaclassificados.com\/\/source\/view\/img\/cur.png?ssl=1\" class=\"img-fluid img-fluid2\" alt=\"Imagem publicidade\"\/><\/p>\n<div class=\"emp\"><!--09\/06 - 126--><\/p>\n<p>\n            LOT\u00c9RICA SORTE GRANDE <br \/>RUA Saldanha Marinho,2151<br \/>Anexo Savengago Centro <br \/>CAIXA \/ Vendedora <br \/>PARA CASA LOT\u00c9RICA<br \/>Enviar Curriculo <br \/>WhatsApp (16) 99665-7090<br \/>Ou e-mail sortegrandedefranca@gmail.com\n            <\/p>\n<p><strong>Compartilhe:<\/strong><\/p>\n<p>                <img data-recalc-dims=\"1\" loading=\"lazy\" decoding=\"async\" width=\"25\" height=\"25\" src=\"https:\/\/i0.wp.com\/francaclassificados.com\/\/source\/view\/img\/20w50.png?resize=25%2C25&#038;ssl=1\" alt=\"Imagem compartilhar whatsapp\"\/><\/p>\n<p>                <img data-recalc-dims=\"1\" loading=\"lazy\" decoding=\"async\" width=\"25\" height=\"25\" src=\"https:\/\/i0.wp.com\/francaclassificados.com\/\/source\/view\/img\/18w50.png?resize=25%2C25&#038;ssl=1\" alt=\"Imagem compartilhar facebook\"\/><\/p>\n<\/p><\/div>\n<div class=\"emp\">\n<p>\n            PRECISA-SE DE PESPONTADOR OU PESPONTADEIRA PARA TRABALHAR NA F\u00c1BRICA COM REGISTRO. RUA OSWALDO CRUZ, 1786 \u2013 BAIRRO BOA ESPERAN\u00c7A\n            <\/p>\n<p><strong>Compartilhe:<\/strong><\/p>\n<p>                <img data-recalc-dims=\"1\" loading=\"lazy\" decoding=\"async\" width=\"25\" height=\"25\" src=\"https:\/\/i0.wp.com\/francaclassificados.com\/\/source\/view\/img\/20w50.png?resize=25%2C25&#038;ssl=1\" alt=\"Imagem compartilhar whatsapp\"\/><\/p>\n<p>                <img data-recalc-dims=\"1\" loading=\"lazy\" decoding=\"async\" width=\"25\" height=\"25\" src=\"https:\/\/i0.wp.com\/francaclassificados.com\/\/source\/view\/img\/18w50.png?resize=25%2C25&#038;ssl=1\" alt=\"Imagem compartilhar facebook\"\/><\/p>\n<\/p><\/div>\n<p>    <script async=\"\" src=\"https:\/\/pagead2.googlesyndication.com\/pagead\/js\/adsbygoogle.js?client=ca-pub-2853392113352629\" crossorigin=\"anonymous\"\/>\n    <ins class=\"adsbygoogle\" style=\"display:block\" data-ad-client=\"ca-pub-2853392113352629\" data-ad-slot=\"2925831803\" data-ad-format=\"auto\" data-full-width-responsive=\"true\"\/>\n    <script><![CDATA[\n    (adsbygoogle = window.adsbygoogle || []).push({});\n    ]]><\/script>  <\/p>\n<div class=\"emp\">\n<p>\n            PRECISA-SE DE CORTADOR DE VAQUETA, AUXILIAR DE MONTAGEM QUE SAIBA ARRANCAR DA FORMA, AUXILIAR DE PLANCHEAMENTO. COMPARECER COM CURRICULUM, CARTEIRA DE TRABALHO E DOCUMENTOS \u2013 RUA BENEDITO BARBOSA, 160 \u2013 JD. PAULISTANO 3725-5064 OU ENVIAR CURRICULUM PARA EMAIL: recursoshumanos@walkway.com.br\n            <\/p>\n<p><strong>Compartilhe:<\/strong><\/p>\n<p>                <img data-recalc-dims=\"1\" loading=\"lazy\" decoding=\"async\" width=\"25\" height=\"25\" src=\"https:\/\/i0.wp.com\/francaclassificados.com\/\/source\/view\/img\/20w50.png?resize=25%2C25&#038;ssl=1\" alt=\"Imagem compartilhar whatsapp\"\/><\/p>\n<p>                <img data-recalc-dims=\"1\" loading=\"lazy\" decoding=\"async\" width=\"25\" height=\"25\" src=\"https:\/\/i0.wp.com\/francaclassificados.com\/\/source\/view\/img\/18w50.png?resize=25%2C25&#038;ssl=1\" alt=\"Imagem compartilhar facebook\"\/><\/p>\n<\/p><\/div>\n<div class=\"emp\">\n<p>\n            PRECISA-SE DE PEDREIRO, MESTRE DE OBRAS, AUXILIAR OPERACIONAL, AUXILIAR DE SERVI\u00c7OS GERAIS \u2013 CURR\u00cdCULO NO WHATSAPP (32) 99950-9836.\n            <\/p>\n<p><strong>Compartilhe:<\/strong><\/p>\n<p>                <img data-recalc-dims=\"1\" loading=\"lazy\" decoding=\"async\" width=\"25\" height=\"25\" src=\"https:\/\/i0.wp.com\/francaclassificados.com\/\/source\/view\/img\/20w50.png?resize=25%2C25&#038;ssl=1\" alt=\"Imagem compartilhar whatsapp\"\/><\/p>\n<p>                <img data-recalc-dims=\"1\" loading=\"lazy\" decoding=\"async\" width=\"25\" height=\"25\" src=\"https:\/\/i0.wp.com\/francaclassificados.com\/\/source\/view\/img\/18w50.png?resize=25%2C25&#038;ssl=1\" alt=\"Imagem compartilhar facebook\"\/><\/p>\n<\/p><\/div>\n<p>    <script async=\"\" src=\"https:\/\/pagead2.googlesyndication.com\/pagead\/js\/adsbygoogle.js?client=ca-pub-2853392113352629\" crossorigin=\"anonymous\"\/>\n    <ins class=\"adsbygoogle\" style=\"display:block\" data-ad-client=\"ca-pub-2853392113352629\" data-ad-slot=\"2925831803\" data-ad-format=\"auto\" data-full-width-responsive=\"true\"\/>\n    <script><![CDATA[\n    (adsbygoogle = window.adsbygoogle || []).push({});\n    ]]><\/script>  <\/p>\n<div class=\"emp\">\n<p>\n            PRECISA-SE DE AUXILIAR DE PRODU\u00c7\u00c3O, TRABALHAR COM SEPARA\u00c7\u00c3O E PREPARA\u00c7\u00c3O DE TECIDO PARA O CORTE. PESSOA COM BASTANTE ATEN\u00c7\u00c3O, PROATIVO E QUE TENHA VONTADE DE APRENDER SEJA ORGANIZADO. REQUISITOS: G\u00caNERO MASCULINO, ENSINO M\u00c9DIO, N\u00c3O PRECISA DE EXPERIENCIA. ENVIAR CURR\u00cdCULO PARA rhrecrutamentomoreana@gmail.com\n            <\/p>\n<p><strong>Compartilhe:<\/strong><\/p>\n<p>                <img data-recalc-dims=\"1\" loading=\"lazy\" decoding=\"async\" width=\"25\" height=\"25\" src=\"https:\/\/i0.wp.com\/francaclassificados.com\/\/source\/view\/img\/20w50.png?resize=25%2C25&#038;ssl=1\" alt=\"Imagem compartilhar whatsapp\"\/><\/p>\n<p>                <img data-recalc-dims=\"1\" loading=\"lazy\" decoding=\"async\" width=\"25\" height=\"25\" src=\"https:\/\/i0.wp.com\/francaclassificados.com\/\/source\/view\/img\/18w50.png?resize=25%2C25&#038;ssl=1\" alt=\"Imagem compartilhar facebook\"\/><\/p>\n<\/p><\/div>\n<div class=\"emp\">\n<p>\n            PRECISA-SE DE COLADEIRA DE CALCANHEIRA COM PR\u00c1TICA. INTERESSADOS ENVIAR CURR\u00cdCULO PARA 16 99175-8789.\n            <\/p>\n<p><strong>Compartilhe:<\/strong><\/p>\n<p>                <img data-recalc-dims=\"1\" loading=\"lazy\" decoding=\"async\" width=\"25\" height=\"25\" src=\"https:\/\/i0.wp.com\/francaclassificados.com\/\/source\/view\/img\/20w50.png?resize=25%2C25&#038;ssl=1\" alt=\"Imagem compartilhar whatsapp\"\/><\/p>\n<p>                <img data-recalc-dims=\"1\" loading=\"lazy\" decoding=\"async\" width=\"25\" height=\"25\" src=\"https:\/\/i0.wp.com\/francaclassificados.com\/\/source\/view\/img\/18w50.png?resize=25%2C25&#038;ssl=1\" alt=\"Imagem compartilhar facebook\"\/><\/p>\n<\/p><\/div>\n<p>    <script async=\"\" src=\"https:\/\/pagead2.googlesyndication.com\/pagead\/js\/adsbygoogle.js?client=ca-pub-2853392113352629\" crossorigin=\"anonymous\"\/>\n    <ins class=\"adsbygoogle\" style=\"display:block\" data-ad-client=\"ca-pub-2853392113352629\" data-ad-slot=\"2925831803\" data-ad-format=\"auto\" data-full-width-responsive=\"true\"\/>\n    <script><![CDATA[\n    (adsbygoogle = window.adsbygoogle || []).push({});\n    ]]><\/script>  <\/p>\n<div class=\"emp\">\n<p>\n            PRECISA-SE DE UM PESPONTADOR NO LUIZA 2, PAGAMENTO SEMANAL, SAL\u00c1RIO A COMBINAR \u2013 16 98200-7275 FALAR COM PAULO.\n            <\/p>\n<p><strong>Compartilhe:<\/strong><\/p>\n<p>                <img data-recalc-dims=\"1\" loading=\"lazy\" decoding=\"async\" width=\"25\" height=\"25\" src=\"https:\/\/i0.wp.com\/francaclassificados.com\/\/source\/view\/img\/20w50.png?resize=25%2C25&#038;ssl=1\" alt=\"Imagem compartilhar whatsapp\"\/><\/p>\n<p>                <img data-recalc-dims=\"1\" loading=\"lazy\" decoding=\"async\" width=\"25\" height=\"25\" src=\"https:\/\/i0.wp.com\/francaclassificados.com\/\/source\/view\/img\/18w50.png?resize=25%2C25&#038;ssl=1\" alt=\"Imagem compartilhar facebook\"\/><\/p>\n<\/p><\/div>\n<div class=\"emp\">\n<p>\n            PRECISA-SE DE AUXILIAR DE ECOMMERCE COM PRATICA \u2013 ENVIAR CURRICULO: RUA FRANCISCO MANIGLIA, 2160.\n            <\/p>\n<p><strong>Compartilhe:<\/strong><\/p>\n<p>                <img data-recalc-dims=\"1\" loading=\"lazy\" decoding=\"async\" width=\"25\" height=\"25\" src=\"https:\/\/i0.wp.com\/francaclassificados.com\/\/source\/view\/img\/20w50.png?resize=25%2C25&#038;ssl=1\" alt=\"Imagem compartilhar whatsapp\"\/><\/p>\n<p>                <img data-recalc-dims=\"1\" loading=\"lazy\" decoding=\"async\" width=\"25\" height=\"25\" src=\"https:\/\/i0.wp.com\/francaclassificados.com\/\/source\/view\/img\/18w50.png?resize=25%2C25&#038;ssl=1\" alt=\"Imagem compartilhar facebook\"\/><\/p>\n<\/p><\/div>\n<p>    <script async=\"\" src=\"https:\/\/pagead2.googlesyndication.com\/pagead\/js\/adsbygoogle.js?client=ca-pub-2853392113352629\" crossorigin=\"anonymous\"\/>\n    <ins class=\"adsbygoogle\" style=\"display:block\" data-ad-client=\"ca-pub-2853392113352629\" data-ad-slot=\"2925831803\" data-ad-format=\"auto\" data-full-width-responsive=\"true\"\/>\n    <script><![CDATA[\n    (adsbygoogle = window.adsbygoogle || []).push({});\n    ]]><\/script>  <\/p>\n<div class=\"emp\">\n<p>\n            PRECISA-SE DE PESSOA PARA SERVICOS GERAIS PARA PIZZARIA, QUE TAMB\u00c9M TENHA NO\u00c7\u00c3O DE MONTAR PIZZAS, DE PREFER\u00caNCIA QUE MORE NA ZONA SUL DA CIDADE AEROPORTO, ZANETTI, CHICO NECA, ETC. ENVIAR CURR\u00cdCULO PELO WHATSAPP 16 98218-1452.\n            <\/p>\n<p><strong>Compartilhe:<\/strong><\/p>\n<p>                <img data-recalc-dims=\"1\" loading=\"lazy\" decoding=\"async\" width=\"25\" height=\"25\" src=\"https:\/\/i0.wp.com\/francaclassificados.com\/\/source\/view\/img\/20w50.png?resize=25%2C25&#038;ssl=1\" alt=\"Imagem compartilhar whatsapp\"\/><\/p>\n<p>                <img data-recalc-dims=\"1\" loading=\"lazy\" decoding=\"async\" width=\"25\" height=\"25\" src=\"https:\/\/i0.wp.com\/francaclassificados.com\/\/source\/view\/img\/18w50.png?resize=25%2C25&#038;ssl=1\" alt=\"Imagem compartilhar facebook\"\/><\/p>\n<\/p><\/div>\n<div class=\"emp\">\n<p>\n            PRECISA-SE DE ESCALADOR DE CABEDAL, CORINGA DE MONTAGEM COM EXPERI\u00caNCIA, IN\u00cdCIO IMEDIATO TRABALHAR REGISTRADO WHATSAPP \u2013 16 99946-6982.\n            <\/p>\n<p><strong>Compartilhe:<\/strong><\/p>\n<p>                <img data-recalc-dims=\"1\" loading=\"lazy\" decoding=\"async\" width=\"25\" height=\"25\" src=\"https:\/\/i0.wp.com\/francaclassificados.com\/\/source\/view\/img\/20w50.png?resize=25%2C25&#038;ssl=1\" alt=\"Imagem compartilhar whatsapp\"\/><\/p>\n<p>                <img data-recalc-dims=\"1\" loading=\"lazy\" decoding=\"async\" width=\"25\" height=\"25\" src=\"https:\/\/i0.wp.com\/francaclassificados.com\/\/source\/view\/img\/18w50.png?resize=25%2C25&#038;ssl=1\" alt=\"Imagem compartilhar facebook\"\/><\/p>\n<\/p><\/div>\n<p>    <script async=\"\" src=\"https:\/\/pagead2.googlesyndication.com\/pagead\/js\/adsbygoogle.js?client=ca-pub-2853392113352629\" crossorigin=\"anonymous\"\/>\n    <ins class=\"adsbygoogle\" style=\"display:block\" data-ad-client=\"ca-pub-2853392113352629\" data-ad-slot=\"2925831803\" data-ad-format=\"auto\" data-full-width-responsive=\"true\"\/>\n    <script><![CDATA[\n    (adsbygoogle = window.adsbygoogle || []).push({});\n    ]]><\/script>  <\/p>\n<div class=\"emp\">\n<p>\n            PRECISA-SE DE 3 PESPONTADORES (A) COM PR\u00c1TICA EM M\u00c1QUINA ELETR\u00d4NICA, COM REGISTRO \u2013 RUA FREI AGOSTINHO DE JESUS, 800 \u2013 SANTA TEREZINHA.\n            <\/p>\n<p><strong>Compartilhe:<\/strong><\/p>\n<p>                <img data-recalc-dims=\"1\" loading=\"lazy\" decoding=\"async\" width=\"25\" height=\"25\" src=\"https:\/\/i0.wp.com\/francaclassificados.com\/\/source\/view\/img\/20w50.png?resize=25%2C25&#038;ssl=1\" alt=\"Imagem compartilhar whatsapp\"\/><\/p>\n<p>                <img data-recalc-dims=\"1\" loading=\"lazy\" decoding=\"async\" width=\"25\" height=\"25\" src=\"https:\/\/i0.wp.com\/francaclassificados.com\/\/source\/view\/img\/18w50.png?resize=25%2C25&#038;ssl=1\" alt=\"Imagem compartilhar facebook\"\/><\/p>\n<\/p><\/div>\n<div class=\"emp\">\n<p>\n            PRECISA-SE DE UM APONTADOR DE SOLA COM EXPERI\u00caNCIA \u2013 9 9321-2161 LEANDRO.\n            <\/p>\n<p><strong>Compartilhe:<\/strong><\/p>\n<p>                <img data-recalc-dims=\"1\" loading=\"lazy\" decoding=\"async\" width=\"25\" height=\"25\" src=\"https:\/\/i0.wp.com\/francaclassificados.com\/\/source\/view\/img\/20w50.png?resize=25%2C25&#038;ssl=1\" alt=\"Imagem compartilhar whatsapp\"\/><\/p>\n<p>                <img data-recalc-dims=\"1\" loading=\"lazy\" decoding=\"async\" width=\"25\" height=\"25\" src=\"https:\/\/i0.wp.com\/francaclassificados.com\/\/source\/view\/img\/18w50.png?resize=25%2C25&#038;ssl=1\" alt=\"Imagem compartilhar facebook\"\/><\/p>\n<\/p><\/div>\n<p>    <script async=\"\" src=\"https:\/\/pagead2.googlesyndication.com\/pagead\/js\/adsbygoogle.js?client=ca-pub-2853392113352629\" crossorigin=\"anonymous\"\/>\n    <ins class=\"adsbygoogle\" style=\"display:block\" data-ad-client=\"ca-pub-2853392113352629\" data-ad-slot=\"2925831803\" data-ad-format=\"auto\" data-full-width-responsive=\"true\"\/>\n    <script><![CDATA[\n    (adsbygoogle = window.adsbygoogle || []).push({});\n    ]]><\/script>  <\/p>\n<div class=\"emp\">\n<p>\n            PRECISA-SE DE COLADEIRA DE PE\u00c7AS COM PR\u00c1TICA EM BOTA TEXANA, NO JD. PAULISTANO 2 \u2013 TRATAR COM MAURO 16 99404-4281.\n            <\/p>\n<p><strong>Compartilhe:<\/strong><\/p>\n<p>                <img data-recalc-dims=\"1\" loading=\"lazy\" decoding=\"async\" width=\"25\" height=\"25\" src=\"https:\/\/i0.wp.com\/francaclassificados.com\/\/source\/view\/img\/20w50.png?resize=25%2C25&#038;ssl=1\" alt=\"Imagem compartilhar whatsapp\"\/><\/p>\n<p>                <img data-recalc-dims=\"1\" loading=\"lazy\" decoding=\"async\" width=\"25\" height=\"25\" src=\"https:\/\/i0.wp.com\/francaclassificados.com\/\/source\/view\/img\/18w50.png?resize=25%2C25&#038;ssl=1\" alt=\"Imagem compartilhar facebook\"\/><\/p>\n<\/p><\/div>\n<div class=\"emp\">\n<p>\n            PRECISA-SE DE PESPONTADOR COM PR\u00c1TICA EM SAPATO \u2013 99173-3310 WESLEY.\n            <\/p>\n<p><strong>Compartilhe:<\/strong><\/p>\n<p>                <img data-recalc-dims=\"1\" loading=\"lazy\" decoding=\"async\" width=\"25\" height=\"25\" src=\"https:\/\/i0.wp.com\/francaclassificados.com\/\/source\/view\/img\/20w50.png?resize=25%2C25&#038;ssl=1\" alt=\"Imagem compartilhar whatsapp\"\/><\/p>\n<p>                <img data-recalc-dims=\"1\" loading=\"lazy\" decoding=\"async\" width=\"25\" height=\"25\" src=\"https:\/\/i0.wp.com\/francaclassificados.com\/\/source\/view\/img\/18w50.png?resize=25%2C25&#038;ssl=1\" alt=\"Imagem compartilhar facebook\"\/><\/p>\n<\/p><\/div>\n<p>    <script async=\"\" src=\"https:\/\/pagead2.googlesyndication.com\/pagead\/js\/adsbygoogle.js?client=ca-pub-2853392113352629\" crossorigin=\"anonymous\"\/>\n    <ins class=\"adsbygoogle\" style=\"display:block\" data-ad-client=\"ca-pub-2853392113352629\" data-ad-slot=\"2925831803\" data-ad-format=\"auto\" data-full-width-responsive=\"true\"\/>\n    <script><![CDATA[\n    (adsbygoogle = window.adsbygoogle || []).push({});\n    ]]><\/script>  <\/p>\n<div class=\"emp\">\n<p>\n            PRECISA-SE DE AUXILIAR DE MONTAGEM, QUE SAIBA ESCALAR, PREGAR PALMILHA E CONFORMAR CONTRA FORTE \u2013 ENTRAR EM CONTATO COM O N\u00daMERO 99118-1371.\n            <\/p>\n<p><strong>Compartilhe:<\/strong><\/p>\n<p>                <img data-recalc-dims=\"1\" loading=\"lazy\" decoding=\"async\" width=\"25\" height=\"25\" src=\"https:\/\/i0.wp.com\/francaclassificados.com\/\/source\/view\/img\/20w50.png?resize=25%2C25&#038;ssl=1\" alt=\"Imagem compartilhar whatsapp\"\/><\/p>\n<p>                <img data-recalc-dims=\"1\" loading=\"lazy\" decoding=\"async\" width=\"25\" height=\"25\" src=\"https:\/\/i0.wp.com\/francaclassificados.com\/\/source\/view\/img\/18w50.png?resize=25%2C25&#038;ssl=1\" alt=\"Imagem compartilhar facebook\"\/><\/p>\n<\/p><\/div>\n<div class=\"emp\">\n<p>\n            PRECISA-SE DE AUXILIAR DE PRODU\u00c7\u00c3O E BANCA DE PESPONTO PARA SAPAT\u00caNIS E DRIVE, COM EXPERI\u00caNCIA EM CAL\u00c7ADOS \u2013 RUA ROSO ALVES PEREIRA, 470 \u2013 VILA NOSSA SENHORA DAS GRA\u00c7AS OU 99462-7090.\n            <\/p>\n<p><strong>Compartilhe:<\/strong><\/p>\n<p>                <img data-recalc-dims=\"1\" loading=\"lazy\" decoding=\"async\" width=\"25\" height=\"25\" src=\"https:\/\/i0.wp.com\/francaclassificados.com\/\/source\/view\/img\/20w50.png?resize=25%2C25&#038;ssl=1\" alt=\"Imagem compartilhar whatsapp\"\/><\/p>\n<p>                <img data-recalc-dims=\"1\" loading=\"lazy\" decoding=\"async\" width=\"25\" height=\"25\" src=\"https:\/\/i0.wp.com\/francaclassificados.com\/\/source\/view\/img\/18w50.png?resize=25%2C25&#038;ssl=1\" alt=\"Imagem compartilhar facebook\"\/><\/p>\n<\/p><\/div>\n<p>    <script async=\"\" src=\"https:\/\/pagead2.googlesyndication.com\/pagead\/js\/adsbygoogle.js?client=ca-pub-2853392113352629\" crossorigin=\"anonymous\"\/>\n    <ins class=\"adsbygoogle\" style=\"display:block\" data-ad-client=\"ca-pub-2853392113352629\" data-ad-slot=\"2925831803\" data-ad-format=\"auto\" data-full-width-responsive=\"true\"\/>\n    <script><![CDATA[\n    (adsbygoogle = window.adsbygoogle || []).push({});\n    ]]><\/script>  <\/p>\n<div class=\"emp\">\n<p>\n            PRECISA-SE DE PESPONTADOR COM PR\u00c1TICA EM M\u00c1QUINA ELETR\u00d4NICA \u2013 AV. S\u00c3O PEDRO, 413 \u2013 CITY PETR\u00d3POLIS.\n            <\/p>\n<p><strong>Compartilhe:<\/strong><\/p>\n<p>                <img data-recalc-dims=\"1\" loading=\"lazy\" decoding=\"async\" width=\"25\" height=\"25\" src=\"https:\/\/i0.wp.com\/francaclassificados.com\/\/source\/view\/img\/20w50.png?resize=25%2C25&#038;ssl=1\" alt=\"Imagem compartilhar whatsapp\"\/><\/p>\n<p>                <img data-recalc-dims=\"1\" loading=\"lazy\" decoding=\"async\" width=\"25\" height=\"25\" src=\"https:\/\/i0.wp.com\/francaclassificados.com\/\/source\/view\/img\/18w50.png?resize=25%2C25&#038;ssl=1\" alt=\"Imagem compartilhar facebook\"\/><\/p>\n<\/p><\/div>\n<div class=\"emp\">\n<p>\n            PRECISA-SE DE VENDEDORES PARA MATERIAIS DE CONSTRU\u00c7\u00c3O COM OU SEM EXPERI\u00caNCIA NO RAMO. LEVAR CURR\u00cdCULO NA RUA ADEMAR PEREIRA DE BARROS, 2140 \u2013 JARDIM CENTEN\u00c1RIO.\n            <\/p>\n<p><strong>Compartilhe:<\/strong><\/p>\n<p>                <img data-recalc-dims=\"1\" loading=\"lazy\" decoding=\"async\" width=\"25\" height=\"25\" src=\"https:\/\/i0.wp.com\/francaclassificados.com\/\/source\/view\/img\/20w50.png?resize=25%2C25&#038;ssl=1\" alt=\"Imagem compartilhar whatsapp\"\/><\/p>\n<p>                <img data-recalc-dims=\"1\" loading=\"lazy\" decoding=\"async\" width=\"25\" height=\"25\" src=\"https:\/\/i0.wp.com\/francaclassificados.com\/\/source\/view\/img\/18w50.png?resize=25%2C25&#038;ssl=1\" alt=\"Imagem compartilhar facebook\"\/><\/p>\n<\/p><\/div>\n<p>    <script async=\"\" src=\"https:\/\/pagead2.googlesyndication.com\/pagead\/js\/adsbygoogle.js?client=ca-pub-2853392113352629\" crossorigin=\"anonymous\"\/>\n    <ins class=\"adsbygoogle\" style=\"display:block\" data-ad-client=\"ca-pub-2853392113352629\" data-ad-slot=\"2925831803\" data-ad-format=\"auto\" data-full-width-responsive=\"true\"\/>\n    <script><![CDATA[\n    (adsbygoogle = window.adsbygoogle || []).push({});\n    ]]><\/script>  <\/p>\n<div class=\"emp\">\n<p>\n            PRECISA-SE DE AUXILIAR DE PRODU\u00c7\u00c3O (VAGA PARA HOMENS) E PINTOR DE SALTO, AMBOS COM EXPERI\u00caNCIA, CONHECIMENTOS B\u00c1SICOS EM INFORM\u00c1TICA, RESPONSABILIDADE E PROATIVIDADE. INTERESSADOS ENVIAR CURR\u00cdCULO PARA WHATSAPP: 3711-1439 \u2013 INFORMAR VAGA DESEJADA, E-MAIL: rhrecrutacs@gmail.com \u2013 INFORMAR VAGA DESEJADA OU DEIXAR NO ENDERE\u00c7O: RUA ADEMAR PULICANO, 300 \u2013 DISTRITO INDUSTRIAL.\n            <\/p>\n<p><strong>Compartilhe:<\/strong><\/p>\n<p>                <img data-recalc-dims=\"1\" loading=\"lazy\" decoding=\"async\" width=\"25\" height=\"25\" src=\"https:\/\/i0.wp.com\/francaclassificados.com\/\/source\/view\/img\/20w50.png?resize=25%2C25&#038;ssl=1\" alt=\"Imagem compartilhar whatsapp\"\/><\/p>\n<p>                <img data-recalc-dims=\"1\" loading=\"lazy\" decoding=\"async\" width=\"25\" height=\"25\" src=\"https:\/\/i0.wp.com\/francaclassificados.com\/\/source\/view\/img\/18w50.png?resize=25%2C25&#038;ssl=1\" alt=\"Imagem compartilhar facebook\"\/><\/p>\n<\/p><\/div>\n<div class=\"emp\">\n<p>\n            PRECISA-SE DE A\u00c7OUGUEIRO COM PR\u00c1TICA PARA PER\u00cdODO DA TARDE, MAIORES INFORMA\u00c7\u00d5ES WHATSAPP \u2013 1699433-1762.\n            <\/p>\n<p><strong>Compartilhe:<\/strong><\/p>\n<p>                <img data-recalc-dims=\"1\" loading=\"lazy\" decoding=\"async\" width=\"25\" height=\"25\" src=\"https:\/\/i0.wp.com\/francaclassificados.com\/\/source\/view\/img\/20w50.png?resize=25%2C25&#038;ssl=1\" alt=\"Imagem compartilhar whatsapp\"\/><\/p>\n<p>                <img data-recalc-dims=\"1\" loading=\"lazy\" decoding=\"async\" width=\"25\" height=\"25\" src=\"https:\/\/i0.wp.com\/francaclassificados.com\/\/source\/view\/img\/18w50.png?resize=25%2C25&#038;ssl=1\" alt=\"Imagem compartilhar facebook\"\/><\/p>\n<\/p><\/div>\n<p>    <script async=\"\" src=\"https:\/\/pagead2.googlesyndication.com\/pagead\/js\/adsbygoogle.js?client=ca-pub-2853392113352629\" crossorigin=\"anonymous\"\/>\n    <ins class=\"adsbygoogle\" style=\"display:block\" data-ad-client=\"ca-pub-2853392113352629\" data-ad-slot=\"2925831803\" data-ad-format=\"auto\" data-full-width-responsive=\"true\"\/>\n    <script><![CDATA[\n    (adsbygoogle = window.adsbygoogle || []).push({});\n    ]]><\/script>  <\/p>\n<div class=\"emp\">\n<p>\n            PRECISA-SE DE AUXILIAR DE SERRALHERIA COM EXPERI\u00caNCIA \u2013 16 99251-7479.\n            <\/p>\n<p><strong>Compartilhe:<\/strong><\/p>\n<p>                <img data-recalc-dims=\"1\" loading=\"lazy\" decoding=\"async\" width=\"25\" height=\"25\" src=\"https:\/\/i0.wp.com\/francaclassificados.com\/\/source\/view\/img\/20w50.png?resize=25%2C25&#038;ssl=1\" alt=\"Imagem compartilhar whatsapp\"\/><\/p>\n<p>                <img data-recalc-dims=\"1\" loading=\"lazy\" decoding=\"async\" width=\"25\" height=\"25\" src=\"https:\/\/i0.wp.com\/francaclassificados.com\/\/source\/view\/img\/18w50.png?resize=25%2C25&#038;ssl=1\" alt=\"Imagem compartilhar facebook\"\/><\/p>\n<\/p><\/div>\n<div class=\"emp\">\n<p>\n            PRECISA-SE DE AUXILIAR DE PRODU\u00c7\u00c3O, OPERADOR DE CILINDRO, OPERADOR DE EMPILHADEIRA. INTERESSADOS ENVIAR CURR\u00cdCULO PARA O WHATSAPP 16-99287-5362.\n            <\/p>\n<p><strong>Compartilhe:<\/strong><\/p>\n<p>                <img data-recalc-dims=\"1\" loading=\"lazy\" decoding=\"async\" width=\"25\" height=\"25\" src=\"https:\/\/i0.wp.com\/francaclassificados.com\/\/source\/view\/img\/20w50.png?resize=25%2C25&#038;ssl=1\" alt=\"Imagem compartilhar whatsapp\"\/><\/p>\n<p>                <img data-recalc-dims=\"1\" loading=\"lazy\" decoding=\"async\" width=\"25\" height=\"25\" src=\"https:\/\/i0.wp.com\/francaclassificados.com\/\/source\/view\/img\/18w50.png?resize=25%2C25&#038;ssl=1\" alt=\"Imagem compartilhar facebook\"\/><\/p>\n<\/p><\/div>\n<p>    <script async=\"\" src=\"https:\/\/pagead2.googlesyndication.com\/pagead\/js\/adsbygoogle.js?client=ca-pub-2853392113352629\" crossorigin=\"anonymous\"\/>\n    <ins class=\"adsbygoogle\" style=\"display:block\" data-ad-client=\"ca-pub-2853392113352629\" data-ad-slot=\"2925831803\" data-ad-format=\"auto\" data-full-width-responsive=\"true\"\/>\n    <script><![CDATA[\n    (adsbygoogle = window.adsbygoogle || []).push({});\n    ]]><\/script>  <\/p>\n<div class=\"emp\">\n<p>\n            PRECISA-SE DE REVISORA, PESPONTADOR QUE SAIBA TRABALHAR EM MAQUINA ELETRONICA E COLADEIRA DE PE\u00c7AS COM EXPERIENCIA PARA TRABALHAR EM GRUPO, PARA IN\u00cdCIO IMEDIATO, SOMENTE INTERESSADOS E COM EXPERI\u00caNCIA ENVIAR CURR\u00cdCULO PARA WHATSAPP 16-99406-3726.\n            <\/p>\n<p><strong>Compartilhe:<\/strong><\/p>\n<p>                <img data-recalc-dims=\"1\" loading=\"lazy\" decoding=\"async\" width=\"25\" height=\"25\" src=\"https:\/\/i0.wp.com\/francaclassificados.com\/\/source\/view\/img\/20w50.png?resize=25%2C25&#038;ssl=1\" alt=\"Imagem compartilhar whatsapp\"\/><\/p>\n<p>                <img data-recalc-dims=\"1\" loading=\"lazy\" decoding=\"async\" width=\"25\" height=\"25\" src=\"https:\/\/i0.wp.com\/francaclassificados.com\/\/source\/view\/img\/18w50.png?resize=25%2C25&#038;ssl=1\" alt=\"Imagem compartilhar facebook\"\/><\/p>\n<\/p><\/div>\n<div class=\"emp\">\n<p>\n            PRECISA-SE DE FECHADOR DE LADO COM EXPERI\u00caNCIA \u2013 16 98821-5421.\n            <\/p>\n<p><strong>Compartilhe:<\/strong><\/p>\n<p>                <img data-recalc-dims=\"1\" loading=\"lazy\" decoding=\"async\" width=\"25\" height=\"25\" src=\"https:\/\/i0.wp.com\/francaclassificados.com\/\/source\/view\/img\/20w50.png?resize=25%2C25&#038;ssl=1\" alt=\"Imagem compartilhar whatsapp\"\/><\/p>\n<p>                <img data-recalc-dims=\"1\" loading=\"lazy\" decoding=\"async\" width=\"25\" height=\"25\" src=\"https:\/\/i0.wp.com\/francaclassificados.com\/\/source\/view\/img\/18w50.png?resize=25%2C25&#038;ssl=1\" alt=\"Imagem compartilhar facebook\"\/><\/p>\n<\/p><\/div>\n<p>    <script async=\"\" src=\"https:\/\/pagead2.googlesyndication.com\/pagead\/js\/adsbygoogle.js?client=ca-pub-2853392113352629\" crossorigin=\"anonymous\"\/>\n    <ins class=\"adsbygoogle\" style=\"display:block\" data-ad-client=\"ca-pub-2853392113352629\" data-ad-slot=\"2925831803\" data-ad-format=\"auto\" data-full-width-responsive=\"true\"\/>\n    <script><![CDATA[\n    (adsbygoogle = window.adsbygoogle || []).push({});\n    ]]><\/script>  <\/p>\n<div class=\"emp\">\n<p>\n            PRECISA-SE DE AJUDANTE SE SERRALHERIA COM EXPERI\u00caNCIA. ENTRAR EM CONTATO COM WILLIAM 16 99251-7479.\n            <\/p>\n<p><strong>Compartilhe:<\/strong><\/p>\n<p>                <img data-recalc-dims=\"1\" loading=\"lazy\" decoding=\"async\" width=\"25\" height=\"25\" src=\"https:\/\/i0.wp.com\/francaclassificados.com\/\/source\/view\/img\/20w50.png?resize=25%2C25&#038;ssl=1\" alt=\"Imagem compartilhar whatsapp\"\/><\/p>\n<p>                <img data-recalc-dims=\"1\" loading=\"lazy\" decoding=\"async\" width=\"25\" height=\"25\" src=\"https:\/\/i0.wp.com\/francaclassificados.com\/\/source\/view\/img\/18w50.png?resize=25%2C25&#038;ssl=1\" alt=\"Imagem compartilhar facebook\"\/><\/p>\n<\/p><\/div>\n<div class=\"emp\">\n<p>\n            PRECISA-SE DE REVISOR OU REVISORA FINAL, CAL\u00c7ADOS FEMININO \u2013 ENVIAR CURR\u00cdCULO: RUA GILBERTO AGUILAR, 1105 \u2013 JD. PAULISTANO 2.\n            <\/p>\n<p><strong>Compartilhe:<\/strong><\/p>\n<p>                <img data-recalc-dims=\"1\" loading=\"lazy\" decoding=\"async\" width=\"25\" height=\"25\" src=\"https:\/\/i0.wp.com\/francaclassificados.com\/\/source\/view\/img\/20w50.png?resize=25%2C25&#038;ssl=1\" alt=\"Imagem compartilhar whatsapp\"\/><\/p>\n<p>                <img data-recalc-dims=\"1\" loading=\"lazy\" decoding=\"async\" width=\"25\" height=\"25\" src=\"https:\/\/i0.wp.com\/francaclassificados.com\/\/source\/view\/img\/18w50.png?resize=25%2C25&#038;ssl=1\" alt=\"Imagem compartilhar facebook\"\/><\/p>\n<\/p><\/div>\n<p>    <script async=\"\" src=\"https:\/\/pagead2.googlesyndication.com\/pagead\/js\/adsbygoogle.js?client=ca-pub-2853392113352629\" crossorigin=\"anonymous\"\/>\n    <ins class=\"adsbygoogle\" style=\"display:block\" data-ad-client=\"ca-pub-2853392113352629\" data-ad-slot=\"2925831803\" data-ad-format=\"auto\" data-full-width-responsive=\"true\"\/>\n    <script><![CDATA[\n    (adsbygoogle = window.adsbygoogle || []).push({});\n    ]]><\/script>  <\/p>\n<div class=\"emp\">\n<p>\n            PRECISA-SE DE SERVENTE, PEDREIRO E CARPINTEIRO, DEIXAR CURR\u00cdCULO RUA DIVA NUNES HOR\u00c1CIO, 915 \u2013 JARDIM ADELINHA.\n            <\/p>\n<p><strong>Compartilhe:<\/strong><\/p>\n<p>                <img data-recalc-dims=\"1\" loading=\"lazy\" decoding=\"async\" width=\"25\" height=\"25\" src=\"https:\/\/i0.wp.com\/francaclassificados.com\/\/source\/view\/img\/20w50.png?resize=25%2C25&#038;ssl=1\" alt=\"Imagem compartilhar whatsapp\"\/><\/p>\n<p>                <img data-recalc-dims=\"1\" loading=\"lazy\" decoding=\"async\" width=\"25\" height=\"25\" src=\"https:\/\/i0.wp.com\/francaclassificados.com\/\/source\/view\/img\/18w50.png?resize=25%2C25&#038;ssl=1\" alt=\"Imagem compartilhar facebook\"\/><\/p>\n<\/p><\/div>\n<div class=\"emp\">\n<p>\n            PRECISA-SE DE COLADEIRA DE PE\u00c7AS COM PR\u00c1TICA NO BAIRRO MUNDO NOVO \u2013 99343-5878 (MICHELLE).\n            <\/p>\n<p><strong>Compartilhe:<\/strong><\/p>\n<p>                <img data-recalc-dims=\"1\" loading=\"lazy\" decoding=\"async\" width=\"25\" height=\"25\" src=\"https:\/\/i0.wp.com\/francaclassificados.com\/\/source\/view\/img\/20w50.png?resize=25%2C25&#038;ssl=1\" alt=\"Imagem compartilhar whatsapp\"\/><\/p>\n<p>                <img data-recalc-dims=\"1\" loading=\"lazy\" decoding=\"async\" width=\"25\" height=\"25\" src=\"https:\/\/i0.wp.com\/francaclassificados.com\/\/source\/view\/img\/18w50.png?resize=25%2C25&#038;ssl=1\" alt=\"Imagem compartilhar facebook\"\/><\/p>\n<\/p><\/div>\n<p>    <script async=\"\" src=\"https:\/\/pagead2.googlesyndication.com\/pagead\/js\/adsbygoogle.js?client=ca-pub-2853392113352629\" crossorigin=\"anonymous\"\/>\n    <ins class=\"adsbygoogle\" style=\"display:block\" data-ad-client=\"ca-pub-2853392113352629\" data-ad-slot=\"2925831803\" data-ad-format=\"auto\" data-full-width-responsive=\"true\"\/>\n    <script><![CDATA[\n    (adsbygoogle = window.adsbygoogle || []).push({});\n    ]]><\/script>  <\/p>\n<div class=\"emp\">\n<p>\n            PRECISA-SE DE PESPONTADOR OU PESPONTADEIRA COM PR\u00c1TICA, JARDIM LUIZA, FALAR COM ROG\u00c9RIO \u2013 16 99120-3344.\n            <\/p>\n<p><strong>Compartilhe:<\/strong><\/p>\n<p>                <img data-recalc-dims=\"1\" loading=\"lazy\" decoding=\"async\" width=\"25\" height=\"25\" src=\"https:\/\/i0.wp.com\/francaclassificados.com\/\/source\/view\/img\/20w50.png?resize=25%2C25&#038;ssl=1\" alt=\"Imagem compartilhar whatsapp\"\/><\/p>\n<p>                <img data-recalc-dims=\"1\" loading=\"lazy\" decoding=\"async\" width=\"25\" height=\"25\" src=\"https:\/\/i0.wp.com\/francaclassificados.com\/\/source\/view\/img\/18w50.png?resize=25%2C25&#038;ssl=1\" alt=\"Imagem compartilhar facebook\"\/><\/p>\n<\/p><\/div>\n<div class=\"emp\">\n<p>\n            PRECISA-SE DE BANCA DE PESPONTO \u2013 RUA LUIZ MAGRIM, 1211 \u2013 JARDIM PAULISTANO.\n            <\/p>\n<p><strong>Compartilhe:<\/strong><\/p>\n<p>                <img data-recalc-dims=\"1\" loading=\"lazy\" decoding=\"async\" width=\"25\" height=\"25\" src=\"https:\/\/i0.wp.com\/francaclassificados.com\/\/source\/view\/img\/20w50.png?resize=25%2C25&#038;ssl=1\" alt=\"Imagem compartilhar whatsapp\"\/><\/p>\n<p>                <img data-recalc-dims=\"1\" loading=\"lazy\" decoding=\"async\" width=\"25\" height=\"25\" src=\"https:\/\/i0.wp.com\/francaclassificados.com\/\/source\/view\/img\/18w50.png?resize=25%2C25&#038;ssl=1\" alt=\"Imagem compartilhar facebook\"\/><\/p>\n<\/p><\/div>\n<p>    <script async=\"\" src=\"https:\/\/pagead2.googlesyndication.com\/pagead\/js\/adsbygoogle.js?client=ca-pub-2853392113352629\" crossorigin=\"anonymous\"\/>\n    <ins class=\"adsbygoogle\" style=\"display:block\" data-ad-client=\"ca-pub-2853392113352629\" data-ad-slot=\"2925831803\" data-ad-format=\"auto\" data-full-width-responsive=\"true\"\/>\n    <script><![CDATA[\n    (adsbygoogle = window.adsbygoogle || []).push({});\n    ]]><\/script>  <\/p>\n<div class=\"emp\">\n<p>\n            Precisa-se de AUXILIAR DE LOJA, ESTOQUE E ENTREGAS (ESPORADICAMENTE DE MOTO), TER BOA COMUNICA\u00c7\u00c3O, PROATIVO, AGILIDADE PARA SEPARAR PRODUTOS (PE\u00c7AS PARA CELULAR), ATEN\u00c7\u00c3O PARA N\u00c3O PEGAR ERRADO, CNH A E B, FLEXIBILIDADE PARA TRABALHO EM EQUIPE. SEGUNDA A SEXTA DAS 9:00 AS 18:00 E SABADO DAS 9:00 AS 13:00. IN\u00cdCIO IMEDIATO, SAL\u00c1RIO FIXO + AJUDA DE CUSTO + BONUS. ENVIAR CURR\u00cdCULO SOMENTE COM FOTO PARA vendastnbr@gmail.com\n            <\/p>\n<p><strong>Compartilhe:<\/strong><\/p>\n<p>                <img data-recalc-dims=\"1\" loading=\"lazy\" decoding=\"async\" width=\"25\" height=\"25\" src=\"https:\/\/i0.wp.com\/francaclassificados.com\/\/source\/view\/img\/20w50.png?resize=25%2C25&#038;ssl=1\" alt=\"Imagem compartilhar whatsapp\"\/><\/p>\n<p>                <img data-recalc-dims=\"1\" loading=\"lazy\" decoding=\"async\" width=\"25\" height=\"25\" src=\"https:\/\/i0.wp.com\/francaclassificados.com\/\/source\/view\/img\/18w50.png?resize=25%2C25&#038;ssl=1\" alt=\"Imagem compartilhar facebook\"\/><\/p>\n<\/p><\/div>\n<div class=\"emp\">\n<p>\n            PRECISA-SE DE ASSISTENTE OPERACIONAL \u2013 VAGA EXCLUSIVA PARA PCD ACIMA DE 18 ANOS. ENVIAR SEU CURR\u00cdCULO NO WHATSAPP 16 99430-4910.\n            <\/p>\n<p><strong>Compartilhe:<\/strong><\/p>\n<p>                <img data-recalc-dims=\"1\" loading=\"lazy\" decoding=\"async\" width=\"25\" height=\"25\" src=\"https:\/\/i0.wp.com\/francaclassificados.com\/\/source\/view\/img\/20w50.png?resize=25%2C25&#038;ssl=1\" alt=\"Imagem compartilhar whatsapp\"\/><\/p>\n<p>                <img data-recalc-dims=\"1\" loading=\"lazy\" decoding=\"async\" width=\"25\" height=\"25\" src=\"https:\/\/i0.wp.com\/francaclassificados.com\/\/source\/view\/img\/18w50.png?resize=25%2C25&#038;ssl=1\" alt=\"Imagem compartilhar facebook\"\/><\/p>\n<\/p><\/div>\n<p>    <script async=\"\" src=\"https:\/\/pagead2.googlesyndication.com\/pagead\/js\/adsbygoogle.js?client=ca-pub-2853392113352629\" crossorigin=\"anonymous\"\/>\n    <ins class=\"adsbygoogle\" style=\"display:block\" data-ad-client=\"ca-pub-2853392113352629\" data-ad-slot=\"2925831803\" data-ad-format=\"auto\" data-full-width-responsive=\"true\"\/>\n    <script><![CDATA[\n    (adsbygoogle = window.adsbygoogle || []).push({});\n    ]]><\/script>  <\/p>\n<div class=\"emp\"><!--25\/06--><\/p>\n<p>\n            Contrata-se carpinteiro<br \/>Interessados enviar curr\u00edculo para:<br \/>sirlei@petraeng.com.br\n            <\/p>\n<p><strong>Compartilhe:<\/strong><\/p>\n<p>                <img data-recalc-dims=\"1\" loading=\"lazy\" decoding=\"async\" width=\"25\" height=\"25\" src=\"https:\/\/i0.wp.com\/francaclassificados.com\/\/source\/view\/img\/20w50.png?resize=25%2C25&#038;ssl=1\" alt=\"Imagem compartilhar whatsapp\"\/><\/p>\n<p>                <img data-recalc-dims=\"1\" loading=\"lazy\" decoding=\"async\" width=\"25\" height=\"25\" src=\"https:\/\/i0.wp.com\/francaclassificados.com\/\/source\/view\/img\/18w50.png?resize=25%2C25&#038;ssl=1\" alt=\"Imagem compartilhar facebook\"\/><\/p>\n<\/p><\/div>\n<div class=\"emp\"><!--25\/06--><\/p>\n<p>\n            Contrata-se Encarregado de hidr\u00e1ulica<br \/>Interessados enviar curr\u00edculo para:<br \/>sirlei@petraeng.com.br\n            <\/p>\n<p><strong>Compartilhe:<\/strong><\/p>\n<p>                <img data-recalc-dims=\"1\" loading=\"lazy\" decoding=\"async\" width=\"25\" height=\"25\" src=\"https:\/\/i0.wp.com\/francaclassificados.com\/\/source\/view\/img\/20w50.png?resize=25%2C25&#038;ssl=1\" alt=\"Imagem compartilhar whatsapp\"\/><\/p>\n<p>                <img data-recalc-dims=\"1\" loading=\"lazy\" decoding=\"async\" width=\"25\" height=\"25\" src=\"https:\/\/i0.wp.com\/francaclassificados.com\/\/source\/view\/img\/18w50.png?resize=25%2C25&#038;ssl=1\" alt=\"Imagem compartilhar facebook\"\/><\/p>\n<\/p><\/div>\n<p>    <script async=\"\" src=\"https:\/\/pagead2.googlesyndication.com\/pagead\/js\/adsbygoogle.js?client=ca-pub-2853392113352629\" crossorigin=\"anonymous\"\/>\n    <ins class=\"adsbygoogle\" style=\"display:block\" data-ad-client=\"ca-pub-2853392113352629\" data-ad-slot=\"2925831803\" data-ad-format=\"auto\" data-full-width-responsive=\"true\"\/>\n    <script><![CDATA[\n    (adsbygoogle = window.adsbygoogle || []).push({});\n    ]]><\/script>  <\/p>\n<div class=\"emp\"><!--25\/06--><\/p>\n<p>\n            Contrata-se Pedreiro de reboco<br \/>Interessados enviar curr\u00edculo para:<br \/>sirlei@petraeng.com.br\n            <\/p>\n<p><strong>Compartilhe:<\/strong><\/p>\n<p>                <img data-recalc-dims=\"1\" loading=\"lazy\" decoding=\"async\" width=\"25\" height=\"25\" src=\"https:\/\/i0.wp.com\/francaclassificados.com\/\/source\/view\/img\/20w50.png?resize=25%2C25&#038;ssl=1\" alt=\"Imagem compartilhar whatsapp\"\/><\/p>\n<p>                <img data-recalc-dims=\"1\" loading=\"lazy\" decoding=\"async\" width=\"25\" height=\"25\" src=\"https:\/\/i0.wp.com\/francaclassificados.com\/\/source\/view\/img\/18w50.png?resize=25%2C25&#038;ssl=1\" alt=\"Imagem compartilhar facebook\"\/><\/p>\n<\/p><\/div>\n<div class=\"emp\"><!--25\/06--><\/p>\n<p>\n            Contrata-se Servente de obras<br \/>Interessados enviar curr\u00edculo para:<br \/>sirlei@petraeng.com.br\n            <\/p>\n<p><strong>Compartilhe:<\/strong><\/p>\n<p>                <img data-recalc-dims=\"1\" loading=\"lazy\" decoding=\"async\" width=\"25\" height=\"25\" src=\"https:\/\/i0.wp.com\/francaclassificados.com\/\/source\/view\/img\/20w50.png?resize=25%2C25&#038;ssl=1\" alt=\"Imagem compartilhar whatsapp\"\/><\/p>\n<p>                <img data-recalc-dims=\"1\" loading=\"lazy\" decoding=\"async\" width=\"25\" height=\"25\" src=\"https:\/\/i0.wp.com\/francaclassificados.com\/\/source\/view\/img\/18w50.png?resize=25%2C25&#038;ssl=1\" alt=\"Imagem compartilhar facebook\"\/><\/p>\n<\/p><\/div>\n<p>    <script async=\"\" src=\"https:\/\/pagead2.googlesyndication.com\/pagead\/js\/adsbygoogle.js?client=ca-pub-2853392113352629\" crossorigin=\"anonymous\"\/>\n    <ins class=\"adsbygoogle\" style=\"display:block\" data-ad-client=\"ca-pub-2853392113352629\" data-ad-slot=\"2925831803\" data-ad-format=\"auto\" data-full-width-responsive=\"true\"\/>\n    <script><![CDATA[\n    (adsbygoogle = window.adsbygoogle || []).push({});\n    ]]><\/script>  <\/p>\n<div class=\"emp\"><!--21\/06--><\/p>\n<p>\n            Contrata-se para trabalhar em f\u00e1brica de solados: <br \/>\u2022Operador de injetora<br \/>Requisitos: experi\u00eancia, trabalho em equipe e compromisso.<br \/>SAL\u00c1RIO + VALE ALIMENTA\u00c7\u00c3O + CESTA B\u00c1SICA <br \/>Favor deixar curr\u00edculo na Rua Elvio Pucci,240 - distrito industrial.\n            <\/p>\n<p><strong>Compartilhe:<\/strong><\/p>\n<p>                <img data-recalc-dims=\"1\" loading=\"lazy\" decoding=\"async\" width=\"25\" height=\"25\" src=\"https:\/\/i0.wp.com\/francaclassificados.com\/\/source\/view\/img\/20w50.png?resize=25%2C25&#038;ssl=1\" alt=\"Imagem compartilhar whatsapp\"\/><\/p>\n<p>                <img data-recalc-dims=\"1\" loading=\"lazy\" decoding=\"async\" width=\"25\" height=\"25\" src=\"https:\/\/i0.wp.com\/francaclassificados.com\/\/source\/view\/img\/18w50.png?resize=25%2C25&#038;ssl=1\" alt=\"Imagem compartilhar facebook\"\/><\/p>\n<\/p><\/div>\n<div class=\"emp\"><!--20\/06--><\/p>\n<p>\n            EMPRESA DE GRANDE PORTE ABRE VAGAS PARA:<br \/>\u00b0  AUXILIAR OPERACIONAL<br \/>\u00b0  ENCARREGADO OPERACIONAL<br \/>\u00b0  EXPEDI\u00c7AO<br \/>\u00b0 AGREGADOS CAMINHAO \u00be, TOCO, TRUCK<br \/>Enviar curr\u00edculos para:<br \/>WhatsApp (16)99986-3340 ou<br \/>administrativoop@naderlogistica.com.br\n            <\/p>\n<p><strong>Compartilhe:<\/strong><\/p>\n<p>                <img data-recalc-dims=\"1\" loading=\"lazy\" decoding=\"async\" width=\"25\" height=\"25\" src=\"https:\/\/i0.wp.com\/francaclassificados.com\/\/source\/view\/img\/20w50.png?resize=25%2C25&#038;ssl=1\" alt=\"Imagem compartilhar whatsapp\"\/><\/p>\n<p>                <img data-recalc-dims=\"1\" loading=\"lazy\" decoding=\"async\" width=\"25\" height=\"25\" src=\"https:\/\/i0.wp.com\/francaclassificados.com\/\/source\/view\/img\/18w50.png?resize=25%2C25&#038;ssl=1\" alt=\"Imagem compartilhar facebook\"\/><\/p>\n<\/p><\/div>\n<p>    <script async=\"\" src=\"https:\/\/pagead2.googlesyndication.com\/pagead\/js\/adsbygoogle.js?client=ca-pub-2853392113352629\" crossorigin=\"anonymous\"\/>\n    <ins class=\"adsbygoogle\" style=\"display:block\" data-ad-client=\"ca-pub-2853392113352629\" data-ad-slot=\"2925831803\" data-ad-format=\"auto\" data-full-width-responsive=\"true\"\/>\n    <script><![CDATA[\n    (adsbygoogle = window.adsbygoogle || []).push({});\n    ]]><\/script>  <\/p>\n<div class=\"emp\"><!--20\/06--><\/p>\n<p>\n            Hotel contrata recepcionista noturno masculino<br \/>Hor\u00e1rio 12x36<br \/>Interessados enviar curr\u00edculo para:<br \/>josue@imperadorpalace.com.br\n            <\/p>\n<p><strong>Compartilhe:<\/strong><\/p>\n<p>                <img data-recalc-dims=\"1\" loading=\"lazy\" decoding=\"async\" width=\"25\" height=\"25\" src=\"https:\/\/i0.wp.com\/francaclassificados.com\/\/source\/view\/img\/20w50.png?resize=25%2C25&#038;ssl=1\" alt=\"Imagem compartilhar whatsapp\"\/><\/p>\n<p>                <img data-recalc-dims=\"1\" loading=\"lazy\" decoding=\"async\" width=\"25\" height=\"25\" src=\"https:\/\/i0.wp.com\/francaclassificados.com\/\/source\/view\/img\/18w50.png?resize=25%2C25&#038;ssl=1\" alt=\"Imagem compartilhar facebook\"\/><\/p>\n<\/p><\/div>\n<div class=\"emp\"><!--18\/06--><\/p>\n<p>\n            Contrata-se AJUDANTE DE MOTORISTA para manuseio de carga e descarga de caminh\u00f5es. <br \/>Interessados enviar curr\u00edculo com o assunto AJUDANTE DE MOTORISTA para: RACE.LOGISTICA@GMAIL.COM\n            <\/p>\n<p><strong>Compartilhe:<\/strong><\/p>\n<p>                <img data-recalc-dims=\"1\" loading=\"lazy\" decoding=\"async\" width=\"25\" height=\"25\" src=\"https:\/\/i0.wp.com\/francaclassificados.com\/\/source\/view\/img\/20w50.png?resize=25%2C25&#038;ssl=1\" alt=\"Imagem compartilhar whatsapp\"\/><\/p>\n<p>                <img data-recalc-dims=\"1\" loading=\"lazy\" decoding=\"async\" width=\"25\" height=\"25\" src=\"https:\/\/i0.wp.com\/francaclassificados.com\/\/source\/view\/img\/18w50.png?resize=25%2C25&#038;ssl=1\" alt=\"Imagem compartilhar facebook\"\/><\/p>\n<\/p><\/div>\n<p>    <script async=\"\" src=\"https:\/\/pagead2.googlesyndication.com\/pagead\/js\/adsbygoogle.js?client=ca-pub-2853392113352629\" crossorigin=\"anonymous\"\/>\n    <ins class=\"adsbygoogle\" style=\"display:block\" data-ad-client=\"ca-pub-2853392113352629\" data-ad-slot=\"2925831803\" data-ad-format=\"auto\" data-full-width-responsive=\"true\"\/>\n    <script><![CDATA[\n    (adsbygoogle = window.adsbygoogle || []).push({});\n    ]]><\/script>  <\/p>\n<div class=\"emp\"><!--18\/06--><\/p>\n<p>\n            Contrata-se <br \/>Riscar <br \/>Passador de cola no cabedal <br \/>Cal\u00e7ador na forma<br \/>Falar no ZAP<br \/>\n            16996635763\n            <\/p>\n<p><strong>Compartilhe:<\/strong><\/p>\n<p>                <img data-recalc-dims=\"1\" loading=\"lazy\" decoding=\"async\" width=\"25\" height=\"25\" src=\"https:\/\/i0.wp.com\/francaclassificados.com\/\/source\/view\/img\/20w50.png?resize=25%2C25&#038;ssl=1\" alt=\"Imagem compartilhar whatsapp\"\/><\/p>\n<p>                <img data-recalc-dims=\"1\" loading=\"lazy\" decoding=\"async\" width=\"25\" height=\"25\" src=\"https:\/\/i0.wp.com\/francaclassificados.com\/\/source\/view\/img\/18w50.png?resize=25%2C25&#038;ssl=1\" alt=\"Imagem compartilhar facebook\"\/><\/p>\n<\/p><\/div>\n<div class=\"emp\"><!--18\/06--><\/p>\n<p>\n            Atendente de Restaurante <br \/>Descri\u00e7\u00e3o: Vaga para atendente de restaurante noturno.<br \/>Requisitos: ter acima de 18 anos <br \/>Forma(s) de contato 016 99786-4564\n            <\/p>\n<p><strong>Compartilhe:<\/strong><\/p>\n<p>                <img data-recalc-dims=\"1\" loading=\"lazy\" decoding=\"async\" width=\"25\" height=\"25\" src=\"https:\/\/i0.wp.com\/francaclassificados.com\/\/source\/view\/img\/20w50.png?resize=25%2C25&#038;ssl=1\" alt=\"Imagem compartilhar whatsapp\"\/><\/p>\n<p>                <img data-recalc-dims=\"1\" loading=\"lazy\" decoding=\"async\" width=\"25\" height=\"25\" src=\"https:\/\/i0.wp.com\/francaclassificados.com\/\/source\/view\/img\/18w50.png?resize=25%2C25&#038;ssl=1\" alt=\"Imagem compartilhar facebook\"\/><\/p>\n<\/p><\/div>\n<p>    <script async=\"\" src=\"https:\/\/pagead2.googlesyndication.com\/pagead\/js\/adsbygoogle.js?client=ca-pub-2853392113352629\" crossorigin=\"anonymous\"\/>\n    <ins class=\"adsbygoogle\" style=\"display:block\" data-ad-client=\"ca-pub-2853392113352629\" data-ad-slot=\"2925831803\" data-ad-format=\"auto\" data-full-width-responsive=\"true\"\/>\n    <script><![CDATA[\n    (adsbygoogle = window.adsbygoogle || []).push({});\n    ]]><\/script>  <\/p>\n<div class=\"emp\"><!--17\/06--><\/p>\n<p>\n            Estamos agregando veiculos toco\/truck para coletas em na cidade de Franca.<br \/>Interessados comparecer a Rua: Wilson Bego 875 Distrito industrial.\n            <\/p>\n<p><strong>Compartilhe:<\/strong><\/p>\n<p>                <img data-recalc-dims=\"1\" loading=\"lazy\" decoding=\"async\" width=\"25\" height=\"25\" src=\"https:\/\/i0.wp.com\/francaclassificados.com\/\/source\/view\/img\/20w50.png?resize=25%2C25&#038;ssl=1\" alt=\"Imagem compartilhar whatsapp\"\/><\/p>\n<p>                <img data-recalc-dims=\"1\" loading=\"lazy\" decoding=\"async\" width=\"25\" height=\"25\" src=\"https:\/\/i0.wp.com\/francaclassificados.com\/\/source\/view\/img\/18w50.png?resize=25%2C25&#038;ssl=1\" alt=\"Imagem compartilhar facebook\"\/><\/p>\n<\/p><\/div>\n<div class=\"emp\"><!--14\/06--><\/p>\n<p>\n            Precisa-se de dom\u00e9stica<br \/>Requisitos:<br \/>Experi\u00eancia e refer\u00eancia<br \/>Sal\u00e1rio R$ 1.640,00 + \u00f4nibus<br \/>Hor\u00e1rio das 07:00hs as 15:00hs.<br \/>Sal\u00e1rio fam\u00edlia com idade at\u00e9 14 anos.<br \/>Interessadas enviar curr\u00edculo para:<br \/>silvajosueramos13@gmail.com\n            <\/p>\n<p><strong>Compartilhe:<\/strong><\/p>\n<p>                <img data-recalc-dims=\"1\" loading=\"lazy\" decoding=\"async\" width=\"25\" height=\"25\" src=\"https:\/\/i0.wp.com\/francaclassificados.com\/\/source\/view\/img\/20w50.png?resize=25%2C25&#038;ssl=1\" alt=\"Imagem compartilhar whatsapp\"\/><\/p>\n<p>                <img data-recalc-dims=\"1\" loading=\"lazy\" decoding=\"async\" width=\"25\" height=\"25\" src=\"https:\/\/i0.wp.com\/francaclassificados.com\/\/source\/view\/img\/18w50.png?resize=25%2C25&#038;ssl=1\" alt=\"Imagem compartilhar facebook\"\/><\/p>\n<\/p><\/div>\n<p>    <script async=\"\" src=\"https:\/\/pagead2.googlesyndication.com\/pagead\/js\/adsbygoogle.js?client=ca-pub-2853392113352629\" crossorigin=\"anonymous\"\/>\n    <ins class=\"adsbygoogle\" style=\"display:block\" data-ad-client=\"ca-pub-2853392113352629\" data-ad-slot=\"2925831803\" data-ad-format=\"auto\" data-full-width-responsive=\"true\"\/>\n    <script><![CDATA[\n    (adsbygoogle = window.adsbygoogle || []).push({});\n    ]]><\/script>  <\/p>\n<div class=\"emp\"><!--14\/06--><\/p>\n<p>\n            Contrata-se para in\u00edcio imediato:<br \/>* Coladeira de pe\u00e7as<br \/>Interessados enviar curr\u00edculo para rh@dubuy.com.br\n            <\/p>\n<p><strong>Compartilhe:<\/strong><\/p>\n<p>                <img data-recalc-dims=\"1\" loading=\"lazy\" decoding=\"async\" width=\"25\" height=\"25\" src=\"https:\/\/i0.wp.com\/francaclassificados.com\/\/source\/view\/img\/20w50.png?resize=25%2C25&#038;ssl=1\" alt=\"Imagem compartilhar whatsapp\"\/><\/p>\n<p>                <img data-recalc-dims=\"1\" loading=\"lazy\" decoding=\"async\" width=\"25\" height=\"25\" src=\"https:\/\/i0.wp.com\/francaclassificados.com\/\/source\/view\/img\/18w50.png?resize=25%2C25&#038;ssl=1\" alt=\"Imagem compartilhar facebook\"\/><\/p>\n<\/p><\/div>\n<div class=\"emp\"><!--14\/06--><\/p>\n<p>\n            Contrata se stringadeira com pr\u00e1tica<br \/>Trazer curr\u00edculo na av Major Elias Motta,1241 Paulistano.\n            <\/p>\n<p><strong>Compartilhe:<\/strong><\/p>\n<p>                <img data-recalc-dims=\"1\" loading=\"lazy\" decoding=\"async\" width=\"25\" height=\"25\" src=\"https:\/\/i0.wp.com\/francaclassificados.com\/\/source\/view\/img\/20w50.png?resize=25%2C25&#038;ssl=1\" alt=\"Imagem compartilhar whatsapp\"\/><\/p>\n<p>                <img data-recalc-dims=\"1\" loading=\"lazy\" decoding=\"async\" width=\"25\" height=\"25\" src=\"https:\/\/i0.wp.com\/francaclassificados.com\/\/source\/view\/img\/18w50.png?resize=25%2C25&#038;ssl=1\" alt=\"Imagem compartilhar facebook\"\/><\/p>\n<\/p><\/div>\n<p>    <script async=\"\" src=\"https:\/\/pagead2.googlesyndication.com\/pagead\/js\/adsbygoogle.js?client=ca-pub-2853392113352629\" crossorigin=\"anonymous\"\/>\n    <ins class=\"adsbygoogle\" style=\"display:block\" data-ad-client=\"ca-pub-2853392113352629\" data-ad-slot=\"2925831803\" data-ad-format=\"auto\" data-full-width-responsive=\"true\"\/>\n    <script><![CDATA[\n    (adsbygoogle = window.adsbygoogle || []).push({});\n    ]]><\/script>  <\/p>\n<div class=\"emp\"><!--13\/06--><\/p>\n<p>\n            Hotel contrata camareira<br \/>Interessadas enviar curr\u00edculo para:<br \/>josue@imperadorpalace.com.br\n            <\/p>\n<p><strong>Compartilhe:<\/strong><\/p>\n<p>                <img data-recalc-dims=\"1\" loading=\"lazy\" decoding=\"async\" width=\"25\" height=\"25\" src=\"https:\/\/i0.wp.com\/francaclassificados.com\/\/source\/view\/img\/20w50.png?resize=25%2C25&#038;ssl=1\" alt=\"Imagem compartilhar whatsapp\"\/><\/p>\n<p>                <img data-recalc-dims=\"1\" loading=\"lazy\" decoding=\"async\" width=\"25\" height=\"25\" src=\"https:\/\/i0.wp.com\/francaclassificados.com\/\/source\/view\/img\/18w50.png?resize=25%2C25&#038;ssl=1\" alt=\"Imagem compartilhar facebook\"\/><\/p>\n<\/p><\/div>\n<div class=\"emp\"><!--12\/06--><\/p>\n<p>\n            Contrata Dom\u00e9stica:<br \/>Segunda \u00e0 sexta-feira<br \/>Limpar - Cozinhar e Passar.<br \/>Necess\u00e1rio experi\u00eancia.<br \/>Sal\u00e1rio fixo regime CLT.<br \/>Local trabalho Elimar.<br \/>Curr\u00edculo: 98154-8863\n            <\/p>\n<p><strong>Compartilhe:<\/strong><\/p>\n<p>                <img data-recalc-dims=\"1\" loading=\"lazy\" decoding=\"async\" width=\"25\" height=\"25\" src=\"https:\/\/i0.wp.com\/francaclassificados.com\/\/source\/view\/img\/20w50.png?resize=25%2C25&#038;ssl=1\" alt=\"Imagem compartilhar whatsapp\"\/><\/p>\n<p>                <img data-recalc-dims=\"1\" loading=\"lazy\" decoding=\"async\" width=\"25\" height=\"25\" src=\"https:\/\/i0.wp.com\/francaclassificados.com\/\/source\/view\/img\/18w50.png?resize=25%2C25&#038;ssl=1\" alt=\"Imagem compartilhar facebook\"\/><\/p>\n<\/p><\/div>\n<p>    <script async=\"\" src=\"https:\/\/pagead2.googlesyndication.com\/pagead\/js\/adsbygoogle.js?client=ca-pub-2853392113352629\" crossorigin=\"anonymous\"\/>\n    <ins class=\"adsbygoogle\" style=\"display:block\" data-ad-client=\"ca-pub-2853392113352629\" data-ad-slot=\"2925831803\" data-ad-format=\"auto\" data-full-width-responsive=\"true\"\/>\n    <script><![CDATA[\n    (adsbygoogle = window.adsbygoogle || []).push({});\n    ]]><\/script>  <\/p>\n<div class=\"emp\"><!--12\/06--><\/p>\n<p>\n            Contrata:<br \/>* Cortador de forro e aviamentos<br \/>* Riscador<br \/>* Fechador de lado<br \/>* Passador de cola na sola e no cabedal<br \/>Forma(s) de contato:<br \/>rh@dubuy.com.br\n            <\/p>\n<p><strong>Compartilhe:<\/strong><\/p>\n<p>                <img data-recalc-dims=\"1\" loading=\"lazy\" decoding=\"async\" width=\"25\" height=\"25\" src=\"https:\/\/i0.wp.com\/francaclassificados.com\/\/source\/view\/img\/20w50.png?resize=25%2C25&#038;ssl=1\" alt=\"Imagem compartilhar whatsapp\"\/><\/p>\n<p>                <img data-recalc-dims=\"1\" loading=\"lazy\" decoding=\"async\" width=\"25\" height=\"25\" src=\"https:\/\/i0.wp.com\/francaclassificados.com\/\/source\/view\/img\/18w50.png?resize=25%2C25&#038;ssl=1\" alt=\"Imagem compartilhar facebook\"\/><\/p>\n<\/p><\/div>\n<div class=\"emp\">\n<p>\n            RECEPCIONISTA (GUARITA)<br \/>FEMINIMO\/MASCULINO. Ensino m\u00e9dio completo. Controle de entrada e sa\u00edda de funcion\u00e1rios. Controle de entrada e sa\u00edda de familiares. Controle de visitas Controle de entrada e sa\u00edda dos moradores da institui\u00e7\u00e3o. ESCALA 12x36,das 07h as 19h. Ter boa comunica\u00e7\u00e3o oral e escrita, conhecimento no pacote office. Regime de contrata\u00e7\u00e3o CLT. INTERESSADOS enviar curr\u00edculo para curriculo@feji.org.br ou RUA OFELIA SOARES RUSSO 970 JD PLANALTO\n            <\/p>\n<p><strong>Compartilhe:<\/strong><\/p>\n<p>                <img data-recalc-dims=\"1\" loading=\"lazy\" decoding=\"async\" width=\"25\" height=\"25\" src=\"https:\/\/i0.wp.com\/francaclassificados.com\/\/source\/view\/img\/20w50.png?resize=25%2C25&#038;ssl=1\" alt=\"Imagem compartilhar whatsapp\"\/><\/p>\n<p>                <img data-recalc-dims=\"1\" loading=\"lazy\" decoding=\"async\" width=\"25\" height=\"25\" src=\"https:\/\/i0.wp.com\/francaclassificados.com\/\/source\/view\/img\/18w50.png?resize=25%2C25&#038;ssl=1\" alt=\"Imagem compartilhar facebook\"\/><\/p>\n<\/p><\/div>\n<p>    <script async=\"\" src=\"https:\/\/pagead2.googlesyndication.com\/pagead\/js\/adsbygoogle.js?client=ca-pub-2853392113352629\" crossorigin=\"anonymous\"\/>\n    <ins class=\"adsbygoogle\" style=\"display:block\" data-ad-client=\"ca-pub-2853392113352629\" data-ad-slot=\"2925831803\" data-ad-format=\"auto\" data-full-width-responsive=\"true\"\/>\n    <script><![CDATA[\n    (adsbygoogle = window.adsbygoogle || []).push({});\n    ]]><\/script>  <\/p>\n<div class=\"emp\">\n<p>\n            CONSULTOR(A) DE VENDAS<br \/>Contrata consultora de vendas que seja comunicativa, goste de lidar com p\u00fablico e metas, per\u00edodo tarde e noite - Curr\u00edculos para o whatsapp: 16 99249-6464 Poliana (gerente de vendas)\n            <\/p>\n<p><strong>Compartilhe:<\/strong><\/p>\n<p>                <img data-recalc-dims=\"1\" loading=\"lazy\" decoding=\"async\" width=\"25\" height=\"25\" src=\"https:\/\/i0.wp.com\/francaclassificados.com\/\/source\/view\/img\/20w50.png?resize=25%2C25&#038;ssl=1\" alt=\"Imagem compartilhar whatsapp\"\/><\/p>\n<p>                <img data-recalc-dims=\"1\" loading=\"lazy\" decoding=\"async\" width=\"25\" height=\"25\" src=\"https:\/\/i0.wp.com\/francaclassificados.com\/\/source\/view\/img\/18w50.png?resize=25%2C25&#038;ssl=1\" alt=\"Imagem compartilhar facebook\"\/><\/p>\n<\/p><\/div>\n<div class=\"emp\">\n<p>\n            OP DE INJETORA<br \/>CONTRATA PARA INICIO IMEDIATO OPERADORES DE INJETORA ROTATIVA E REVISOR(A) DE SOLADOS .INTERESSADOS COMPARECER AO ENDERE\u00c7O GERALDO GARCIA DO NASCIMENTO 2571 DISTRITO INDUSTRIAL EM HORARIO COMERCIAL OU MANDAR CURRICULO PELO EMAIL vendas@topsola.com.br\n            <\/p>\n<p><strong>Compartilhe:<\/strong><\/p>\n<p>                <img data-recalc-dims=\"1\" loading=\"lazy\" decoding=\"async\" width=\"25\" height=\"25\" src=\"https:\/\/i0.wp.com\/francaclassificados.com\/\/source\/view\/img\/20w50.png?resize=25%2C25&#038;ssl=1\" alt=\"Imagem compartilhar whatsapp\"\/><\/p>\n<p>                <img data-recalc-dims=\"1\" loading=\"lazy\" decoding=\"async\" width=\"25\" height=\"25\" src=\"https:\/\/i0.wp.com\/francaclassificados.com\/\/source\/view\/img\/18w50.png?resize=25%2C25&#038;ssl=1\" alt=\"Imagem compartilhar facebook\"\/><\/p>\n<\/p><\/div>\n<p>    <script async=\"\" src=\"https:\/\/pagead2.googlesyndication.com\/pagead\/js\/adsbygoogle.js?client=ca-pub-2853392113352629\" crossorigin=\"anonymous\"\/>\n    <ins class=\"adsbygoogle\" style=\"display:block\" data-ad-client=\"ca-pub-2853392113352629\" data-ad-slot=\"2925831803\" data-ad-format=\"auto\" data-full-width-responsive=\"true\"\/>\n    <script><![CDATA[\n    (adsbygoogle = window.adsbygoogle || []).push({});\n    ]]><\/script>  <\/p>\n<div class=\"emp\">\n<p>\n            ENTREGADOR DE G\u00c1S<br \/>Contrata-se entregador de g\u00e1s. CNH: AB. Procuramos pessoas proativas e com boa comunica\u00e7\u00e3o. Necessita experi\u00eancia e requer conhecimento da cidade (Franca-SP) Hor\u00e1rio: Segunda \u00e0 S\u00e1bado: 14:30\/22:00 Requer disponibilidade de trabalhar domingos e feriados. Benef\u00edcios: 01-cesta b\u00e1sica(m\u00eas) 01-recarga de g\u00e1s (m\u00eas) Tipo de vaga: Tempo Integral, Efetivo\/CLT encaminhar curr\u00edculo no e-mail: distribuidoragasprogresso@gmail.com\n            <\/p>\n<p><strong>Compartilhe:<\/strong><\/p>\n<p>                <img data-recalc-dims=\"1\" loading=\"lazy\" decoding=\"async\" width=\"25\" height=\"25\" src=\"https:\/\/i0.wp.com\/francaclassificados.com\/\/source\/view\/img\/20w50.png?resize=25%2C25&#038;ssl=1\" alt=\"Imagem compartilhar whatsapp\"\/><\/p>\n<p>                <img data-recalc-dims=\"1\" loading=\"lazy\" decoding=\"async\" width=\"25\" height=\"25\" src=\"https:\/\/i0.wp.com\/francaclassificados.com\/\/source\/view\/img\/18w50.png?resize=25%2C25&#038;ssl=1\" alt=\"Imagem compartilhar facebook\"\/><\/p>\n<\/p><\/div>\n<div class=\"emp\">\n<p>\n            ADMITE BANCAS DE PESPONTO, COM EXPERI\u00caNCIA EM BOTAS COUNTRY E FEMININAS, QUE SEJA EXIGENTE COM A QUALIDADE, FAVOR VIR PESSOALMENTE E FALAR COM \u00c9LCIO - AV BRASIL, n\u00ba 4050 - JARDIM PAULISTANO II - AUXILIAR DE ECOMMERCE, PARA CONTROLE DE ESTOQUE, EMBALAR PRODUTOS, QUE TENHA EXPERI\u00caNCIA EM MARKETPLACE, INTERESSADOS ENVIAR CURRICULO NO EMAIL capelliboots@gmail.com\n            <\/p>\n<p><strong>Compartilhe:<\/strong><\/p>\n<p>                <img data-recalc-dims=\"1\" loading=\"lazy\" decoding=\"async\" width=\"25\" height=\"25\" src=\"https:\/\/i0.wp.com\/francaclassificados.com\/\/source\/view\/img\/20w50.png?resize=25%2C25&#038;ssl=1\" alt=\"Imagem compartilhar whatsapp\"\/><\/p>\n<p>                <img data-recalc-dims=\"1\" loading=\"lazy\" decoding=\"async\" width=\"25\" height=\"25\" src=\"https:\/\/i0.wp.com\/francaclassificados.com\/\/source\/view\/img\/18w50.png?resize=25%2C25&#038;ssl=1\" alt=\"Imagem compartilhar facebook\"\/><\/p>\n<\/p><\/div>\n<p>    <script async=\"\" src=\"https:\/\/pagead2.googlesyndication.com\/pagead\/js\/adsbygoogle.js?client=ca-pub-2853392113352629\" crossorigin=\"anonymous\"\/>\n    <ins class=\"adsbygoogle\" style=\"display:block\" data-ad-client=\"ca-pub-2853392113352629\" data-ad-slot=\"2925831803\" data-ad-format=\"auto\" data-full-width-responsive=\"true\"\/>\n    <script><![CDATA[\n    (adsbygoogle = window.adsbygoogle || []).push({});\n    ]]><\/script>  <\/p>\n<div class=\"emp\">\n<p>\n            AJUDANTE DE MOTORISTA<br \/>CONTRATA-SE AJUDANTE DE MOTORISTA COM EXPERIENCIA COM ENTREGAS EM SUPERMERCADOS, ENTREGAS PARA FRANCA E TODA REGI\u00c3O. SALARIO R$1600,00 + V.A DE R$500,00 + V.R QUANDO TRABALHAR FORA DE FRANCA. WhatsApp 16-9-9125-3205\n            <\/p>\n<p><strong>Compartilhe:<\/strong><\/p>\n<p>                <img data-recalc-dims=\"1\" loading=\"lazy\" decoding=\"async\" width=\"25\" height=\"25\" src=\"https:\/\/i0.wp.com\/francaclassificados.com\/\/source\/view\/img\/20w50.png?resize=25%2C25&#038;ssl=1\" alt=\"Imagem compartilhar whatsapp\"\/><\/p>\n<p>                <img data-recalc-dims=\"1\" loading=\"lazy\" decoding=\"async\" width=\"25\" height=\"25\" src=\"https:\/\/i0.wp.com\/francaclassificados.com\/\/source\/view\/img\/18w50.png?resize=25%2C25&#038;ssl=1\" alt=\"Imagem compartilhar facebook\"\/><\/p>\n<\/p><\/div>\n<div class=\"emp\">\n<p>\n            ADMITE-SE Pespontador (a) -Coladeira Pe\u00e7a- Prancheador (A)- Montador Manual-Aux.Produ\u00e7\u00e3o -Chanfradeira-Todos com experi\u00eancia! Enviar Curriculo: vagasemcalcados@gmail.com\n            <\/p>\n<p><strong>Compartilhe:<\/strong><\/p>\n<p>                <img data-recalc-dims=\"1\" loading=\"lazy\" decoding=\"async\" width=\"25\" height=\"25\" src=\"https:\/\/i0.wp.com\/francaclassificados.com\/\/source\/view\/img\/20w50.png?resize=25%2C25&#038;ssl=1\" alt=\"Imagem compartilhar whatsapp\"\/><\/p>\n<p>                <img data-recalc-dims=\"1\" loading=\"lazy\" decoding=\"async\" width=\"25\" height=\"25\" src=\"https:\/\/i0.wp.com\/francaclassificados.com\/\/source\/view\/img\/18w50.png?resize=25%2C25&#038;ssl=1\" alt=\"Imagem compartilhar facebook\"\/><\/p>\n<\/p><\/div>\n<div class=\"emp\">\n<p>\n            BANCA PARA PRODU\u00c7\u00c3O DE MOLETOM<br \/>PROCURA-SE COM URGENCIA BANCA EM FRANCA PARA A FABRICA\u00c7\u00c3O DIARIA DE MOLETOM. SENDO DE 50 A 100 MOLETONS POR DIA, DE ACORDO COM SUA DISPONIBILIDADE. ENTRAR EM CONTATO VIA WHATSAPP NO NUMERO (16) 98176-7559 FALAR COM, ALINE.\n            <\/p>\n<p><strong>Compartilhe:<\/strong><\/p>\n<p>                <img data-recalc-dims=\"1\" loading=\"lazy\" decoding=\"async\" width=\"25\" height=\"25\" src=\"https:\/\/i0.wp.com\/francaclassificados.com\/\/source\/view\/img\/20w50.png?resize=25%2C25&#038;ssl=1\" alt=\"Imagem compartilhar whatsapp\"\/><\/p>\n<p>                <img data-recalc-dims=\"1\" loading=\"lazy\" decoding=\"async\" width=\"25\" height=\"25\" src=\"https:\/\/i0.wp.com\/francaclassificados.com\/\/source\/view\/img\/18w50.png?resize=25%2C25&#038;ssl=1\" alt=\"Imagem compartilhar facebook\"\/><\/p>\n<\/p><\/div>\n<p>    <script async=\"\" src=\"https:\/\/pagead2.googlesyndication.com\/pagead\/js\/adsbygoogle.js?client=ca-pub-2853392113352629\" crossorigin=\"anonymous\"\/>\n    <ins class=\"adsbygoogle\" style=\"display:block\" data-ad-client=\"ca-pub-2853392113352629\" data-ad-slot=\"2925831803\" data-ad-format=\"auto\" data-full-width-responsive=\"true\"\/>\n    <script><![CDATA[\n    (adsbygoogle = window.adsbygoogle || []).push({});\n    ]]><\/script><\/p>\n<div class=\"emp\">\n<p>\n            IND\u00daSTRIA DE CAL\u00c7ADOS CONTRATA COM EXPERI\u00caNCIA: SUPERVISOR DE PESPONTO, AUXILIAR DE PLANCHEAMENTO, CORINGA DE PLANCHEAMENTO, SUPERVISOR DE ACABAMENTO, CORINGA DE MONTAGEM, COLADEIRA DE PE\u00c7AS E PESPONTADOR, OPERADOR DE INJETORA DE CALCANHEIRA. INTERESSADOS ENVIAR CURR\u00cdCULO PARA: emprego.dp@hotmail.com\n            <\/p>\n<p><strong>Compartilhe:<\/strong><\/p>\n<p>                <img data-recalc-dims=\"1\" loading=\"lazy\" decoding=\"async\" width=\"25\" height=\"25\" src=\"https:\/\/i0.wp.com\/francaclassificados.com\/\/source\/view\/img\/20w50.png?resize=25%2C25&#038;ssl=1\" alt=\"Imagem compartilhar whatsapp\"\/><\/p>\n<p>                <img data-recalc-dims=\"1\" loading=\"lazy\" decoding=\"async\" width=\"25\" height=\"25\" src=\"https:\/\/i0.wp.com\/francaclassificados.com\/\/source\/view\/img\/18w50.png?resize=25%2C25&#038;ssl=1\" alt=\"Imagem compartilhar facebook\"\/><\/p>\n<\/p><\/div>\n<div class=\"emp\">\n<p>\n            GERENTE PARA \u00d3TICA<br \/>Procuramos por gerentes que tenham experi\u00eancia em \u00f3tica ; habilidade com gest\u00e3o; conhecimento t\u00e9cnico de lentes e arma\u00e7\u00f5es e organiza\u00e7\u00e3o administrativa. Oferecemos: sal\u00e1rio fixo; premia\u00e7\u00e3o\/comiss\u00e3o; vale transporte; plano de sa\u00fade; conv\u00eanio farm\u00e1cia; vale alimenta\u00e7\u00e3o; seguro de vida, incentivos a capacita\u00e7\u00e3o e dayoff. Interessados podem enviar curr\u00edculo com o t\u00edtulo \"Gerente\" para: rh@melani.com.br\n            <\/p>\n<p><strong>Compartilhe:<\/strong><\/p>\n<p>                <img data-recalc-dims=\"1\" loading=\"lazy\" decoding=\"async\" width=\"25\" height=\"25\" src=\"https:\/\/i0.wp.com\/francaclassificados.com\/\/source\/view\/img\/20w50.png?resize=25%2C25&#038;ssl=1\" alt=\"Imagem compartilhar whatsapp\"\/><\/p>\n<p>                <img data-recalc-dims=\"1\" loading=\"lazy\" decoding=\"async\" width=\"25\" height=\"25\" src=\"https:\/\/i0.wp.com\/francaclassificados.com\/\/source\/view\/img\/18w50.png?resize=25%2C25&#038;ssl=1\" alt=\"Imagem compartilhar facebook\"\/><\/p>\n<\/p><\/div>\n<p>    <script async=\"\" src=\"https:\/\/pagead2.googlesyndication.com\/pagead\/js\/adsbygoogle.js?client=ca-pub-2853392113352629\" crossorigin=\"anonymous\"\/>\n    <ins class=\"adsbygoogle\" style=\"display:block\" data-ad-client=\"ca-pub-2853392113352629\" data-ad-slot=\"2925831803\" data-ad-format=\"auto\" data-full-width-responsive=\"true\"\/>\n    <script><![CDATA[\n    (adsbygoogle = window.adsbygoogle || []).push({});\n    ]]><\/script><\/p>\n<div class=\"emp\">\n<p>\n            ANALISTA DE TI - MEI<br \/>**ATEN\u00c7\u00c3O - Se voc\u00ea N\u00c3O possui experi\u00eancia na \u00e1rea, N\u00c3O enviar curr\u00edculo** - Micro Computa\u00e7\u00e3o - Formata\u00e7\u00e3o, Windows 10, 11 - Formata\u00e7\u00e3o Windows Server - Hardware B\u00e1sico - Atendimento ao Cliente - Carteira A (SOMENTE CARTEIRA A DE MOTO, N\u00c3O PRECISA DO VE\u00cdCULO) - Sal\u00e1rio - Bonifica\u00e7\u00e3o final do ano ao atingir metas - Indispens\u00e1vel ser ME ou MEI. ENVIAR CURR\u00cdCULO COM PRETENS\u00c3O SALARIAL PARA: tifrancavagas@gmail.com\n            <\/p>\n<p><strong>Compartilhe:<\/strong><\/p>\n<p>                <img data-recalc-dims=\"1\" loading=\"lazy\" decoding=\"async\" width=\"25\" height=\"25\" src=\"https:\/\/i0.wp.com\/francaclassificados.com\/\/source\/view\/img\/20w50.png?resize=25%2C25&#038;ssl=1\" alt=\"Imagem compartilhar whatsapp\"\/><\/p>\n<p>                <img data-recalc-dims=\"1\" loading=\"lazy\" decoding=\"async\" width=\"25\" height=\"25\" src=\"https:\/\/i0.wp.com\/francaclassificados.com\/\/source\/view\/img\/18w50.png?resize=25%2C25&#038;ssl=1\" alt=\"Imagem compartilhar facebook\"\/><\/p>\n<\/p><\/div>\n<div class=\"emp\">\n<p>\n            AUXILIAR DE ECOMMERCE<br \/>Estamos contratando repons\u00e1vel por SAC e suporte ao departamento comercial e o cliente (B2B) para tratativas e resolu\u00e7\u00e3o de conflitos, controle de estoque e envio de pedidos. Desej\u00e1vel experi\u00eancia na \u00e1rea, boa escrita e ortografia, dinamismo e pr\u00f3-atividade. Sal\u00e1rio $1.626. De segunda \u00e0 sexta-feira, das 8h as 18h. In\u00edcio imediato. Enviar curr\u00edculos para o e-mail ecommerce@sloul.com.br\n            <\/p>\n<p><strong>Compartilhe:<\/strong><\/p>\n<p>                <img data-recalc-dims=\"1\" loading=\"lazy\" decoding=\"async\" width=\"25\" height=\"25\" src=\"https:\/\/i0.wp.com\/francaclassificados.com\/\/source\/view\/img\/20w50.png?resize=25%2C25&#038;ssl=1\" alt=\"Imagem compartilhar whatsapp\"\/><\/p>\n<p>                <img data-recalc-dims=\"1\" loading=\"lazy\" decoding=\"async\" width=\"25\" height=\"25\" src=\"https:\/\/i0.wp.com\/francaclassificados.com\/\/source\/view\/img\/18w50.png?resize=25%2C25&#038;ssl=1\" alt=\"Imagem compartilhar facebook\"\/><\/p>\n<\/p><\/div>\n<p>    <script async=\"\" src=\"https:\/\/pagead2.googlesyndication.com\/pagead\/js\/adsbygoogle.js?client=ca-pub-2853392113352629\" crossorigin=\"anonymous\"\/>\n    <ins class=\"adsbygoogle\" style=\"display:block\" data-ad-client=\"ca-pub-2853392113352629\" data-ad-slot=\"2925831803\" data-ad-format=\"auto\" data-full-width-responsive=\"true\"\/>\n    <script><![CDATA[\n    (adsbygoogle = window.adsbygoogle || []).push({});\n    ]]><\/script><\/p>\n<div class=\"emp\">\n<p>\n            AUXILIAR GERAL\/EL\u00c9TRICA\/CFTV<br \/>Admite-se Auxiliar Geral com conhecimentos em El\u00e9trica\/CFTV, pessoas que desejam crescer profissionalmente, empenhadas no trabalho e com compromisso. Favor encaminhar C.V no formato PDF, incluindo fotos para o email: s2m@s2mtecnologia.com.br\n            <\/p>\n<p><strong>Compartilhe:<\/strong><\/p>\n<p>                <img data-recalc-dims=\"1\" loading=\"lazy\" decoding=\"async\" width=\"25\" height=\"25\" src=\"https:\/\/i0.wp.com\/francaclassificados.com\/\/source\/view\/img\/20w50.png?resize=25%2C25&#038;ssl=1\" alt=\"Imagem compartilhar whatsapp\"\/><\/p>\n<p>                <img data-recalc-dims=\"1\" loading=\"lazy\" decoding=\"async\" width=\"25\" height=\"25\" src=\"https:\/\/i0.wp.com\/francaclassificados.com\/\/source\/view\/img\/18w50.png?resize=25%2C25&#038;ssl=1\" alt=\"Imagem compartilhar facebook\"\/><\/p>\n<\/p><\/div>\n<div class=\"emp\">\n<p>\n            RESTAURANTE JAPON\u00caS CONTRATA: Estamos buscando sushiman, com experi\u00eancia comprovada na \u00e1rea, que tenha disponibilidade de hor\u00e1rios. Interessados enviar curr\u00edculo para e-mail: vagasdisponiveis.curriculo@gmail.com\n            <\/p>\n<p><strong>Compartilhe:<\/strong><\/p>\n<p>                <img data-recalc-dims=\"1\" loading=\"lazy\" decoding=\"async\" width=\"25\" height=\"25\" src=\"https:\/\/i0.wp.com\/francaclassificados.com\/\/source\/view\/img\/20w50.png?resize=25%2C25&#038;ssl=1\" alt=\"Imagem compartilhar whatsapp\"\/><\/p>\n<p>                <img data-recalc-dims=\"1\" loading=\"lazy\" decoding=\"async\" width=\"25\" height=\"25\" src=\"https:\/\/i0.wp.com\/francaclassificados.com\/\/source\/view\/img\/18w50.png?resize=25%2C25&#038;ssl=1\" alt=\"Imagem compartilhar facebook\"\/><\/p>\n<\/p><\/div>\n<p>    <script async=\"\" src=\"https:\/\/pagead2.googlesyndication.com\/pagead\/js\/adsbygoogle.js?client=ca-pub-2853392113352629\" crossorigin=\"anonymous\"\/>\n    <ins class=\"adsbygoogle\" style=\"display:block\" data-ad-client=\"ca-pub-2853392113352629\" data-ad-slot=\"2925831803\" data-ad-format=\"auto\" data-full-width-responsive=\"true\"\/>\n    <script><![CDATA[\n    (adsbygoogle = window.adsbygoogle || []).push({});\n    ]]><\/script><\/p>\n<div class=\"emp\">\n<p>\n            AUXILIAR DE PRODU\u00c7\u00c3O \/ SOLADOS EM E.V.A<br \/>Contrata-se para in\u00edcio imediato AUXILIAR DE PRODU\u00c7\u00c3O, servi\u00e7os em produ\u00e7\u00e3o de solados em E.V.A, din\u00e2mico, proativo, respons\u00e1vel, trabalho em equipe, disponibilidade de hor\u00e1rio.<br \/>\n            <br \/>evalightsolados@gmail.com\n            <\/p>\n<p><strong>Compartilhe:<\/strong><\/p>\n<p>                <img data-recalc-dims=\"1\" loading=\"lazy\" decoding=\"async\" width=\"25\" height=\"25\" src=\"https:\/\/i0.wp.com\/francaclassificados.com\/\/source\/view\/img\/20w50.png?resize=25%2C25&#038;ssl=1\" alt=\"Imagem compartilhar whatsapp\"\/><\/p>\n<p>                <img data-recalc-dims=\"1\" loading=\"lazy\" decoding=\"async\" width=\"25\" height=\"25\" src=\"https:\/\/i0.wp.com\/francaclassificados.com\/\/source\/view\/img\/18w50.png?resize=25%2C25&#038;ssl=1\" alt=\"Imagem compartilhar facebook\"\/><\/p>\n<\/p><\/div>\n<div class=\"emp\">\n<p>\n            CONSULTOR DE VENDAS<br \/>TEMOS VAGAS Rede de Franquias na cidade de Franca\/SP, busca pessoas para trabalhar em nosso setor comercial, como consultor de vendas. Com experi\u00eancia como consultor de vendas em escolas, para in\u00edcio imediato, ter boa comunica\u00e7\u00e3o e habilidades para lidar com pessoas. Benef\u00edcios: sal\u00e1rio fixo, VA e VT, comiss\u00f5es e pr\u00eamios em dinheiro. Interessados enviar curr\u00edculo para: Recrutamentorhadmgp@gmail.com - assunto: vendas\n            <\/p>\n<p><strong>Compartilhe:<\/strong><\/p>\n<p>                <img data-recalc-dims=\"1\" loading=\"lazy\" decoding=\"async\" width=\"25\" height=\"25\" src=\"https:\/\/i0.wp.com\/francaclassificados.com\/\/source\/view\/img\/20w50.png?resize=25%2C25&#038;ssl=1\" alt=\"Imagem compartilhar whatsapp\"\/><\/p>\n<p>                <img data-recalc-dims=\"1\" loading=\"lazy\" decoding=\"async\" width=\"25\" height=\"25\" src=\"https:\/\/i0.wp.com\/francaclassificados.com\/\/source\/view\/img\/18w50.png?resize=25%2C25&#038;ssl=1\" alt=\"Imagem compartilhar facebook\"\/><\/p>\n<\/p><\/div>\n<p>    <script async=\"\" src=\"https:\/\/pagead2.googlesyndication.com\/pagead\/js\/adsbygoogle.js?client=ca-pub-2853392113352629\" crossorigin=\"anonymous\"\/>\n    <ins class=\"adsbygoogle\" style=\"display:block\" data-ad-client=\"ca-pub-2853392113352629\" data-ad-slot=\"2925831803\" data-ad-format=\"auto\" data-full-width-responsive=\"true\"\/>\n    <script><![CDATA[\n    (adsbygoogle = window.adsbygoogle || []).push({});\n    ]]><\/script><\/p>\n<div class=\"emp\">\n<p>\n            ATENDENTE<br \/>Contrata atendente com disponibilidade aos s\u00e1bados , domingos e feriados Hor\u00e1rio 17:00 as 00:20 Requisitos : * Possuir ve\u00edculo pr\u00f3prio. Atividades : atendimento ao p\u00fablico, auxiliar na prepara\u00e7\u00e3o dos pedidos , organiza\u00e7\u00e3o e limpeza do ambiente de trabalho. Remunera\u00e7\u00e3o: sal\u00e1rio + horas extras + Adicional noturno + premia\u00e7\u00e3o.Interessados enviar curr\u00edculo para: curriculovagas@outlook.com.br\n            <\/p>\n<p><strong>Compartilhe:<\/strong><\/p>\n<p>                <img data-recalc-dims=\"1\" loading=\"lazy\" decoding=\"async\" width=\"25\" height=\"25\" src=\"https:\/\/i0.wp.com\/francaclassificados.com\/\/source\/view\/img\/20w50.png?resize=25%2C25&#038;ssl=1\" alt=\"Imagem compartilhar whatsapp\"\/><\/p>\n<p>                <img data-recalc-dims=\"1\" loading=\"lazy\" decoding=\"async\" width=\"25\" height=\"25\" src=\"https:\/\/i0.wp.com\/francaclassificados.com\/\/source\/view\/img\/18w50.png?resize=25%2C25&#038;ssl=1\" alt=\"Imagem compartilhar facebook\"\/><\/p>\n<\/p><\/div>\n<div class=\"emp\">\n<p>\n            Contrata-se para inicio imediato, vendedor(a) no ramo de vendas de cursos profissionalizantes, que seja determinado, comprometido e pro ativo. Hor\u00e1rio Comercial. Sal\u00e1rio fixo: R$1.700,00 + \u00d3timas comiss\u00f5es e premia\u00e7\u00f5es, podendo atingir o sal\u00e1rio de at\u00e9 R$6.000,00. Favor enviar o curr\u00edculo \u00b4para o email:<br \/>\n            contratacaocomercial@com4.com.br\n            <\/p>\n<p><strong>Compartilhe:<\/strong><\/p>\n<p>                <img data-recalc-dims=\"1\" loading=\"lazy\" decoding=\"async\" width=\"25\" height=\"25\" src=\"https:\/\/i0.wp.com\/francaclassificados.com\/\/source\/view\/img\/20w50.png?resize=25%2C25&#038;ssl=1\" alt=\"Imagem compartilhar whatsapp\"\/><\/p>\n<p>                <img data-recalc-dims=\"1\" loading=\"lazy\" decoding=\"async\" width=\"25\" height=\"25\" src=\"https:\/\/i0.wp.com\/francaclassificados.com\/\/source\/view\/img\/18w50.png?resize=25%2C25&#038;ssl=1\" alt=\"Imagem compartilhar facebook\"\/><\/p>\n<\/p><\/div>\n<p>    <script async=\"\" src=\"https:\/\/pagead2.googlesyndication.com\/pagead\/js\/adsbygoogle.js?client=ca-pub-2853392113352629\" crossorigin=\"anonymous\"\/>\n    <ins class=\"adsbygoogle\" style=\"display:block\" data-ad-client=\"ca-pub-2853392113352629\" data-ad-slot=\"2925831803\" data-ad-format=\"auto\" data-full-width-responsive=\"true\"\/>\n    <script><![CDATA[\n    (adsbygoogle = window.adsbygoogle || []).push({});\n    ]]><\/script><\/p>\n<div class=\"emp\">\n<p>\n            IND\u00daSTRIA DE CAL\u00c7ADOS CONTRATA PARA IN\u00cdCIO IMEDIATO COLADEIRA DE PE\u00c7AS \/ AUXILIAR DE PREPARA\u00c7\u00c3O COM EXPERI\u00caNCIA. INTERESSADOS ENVIAR CURRICULO WHATSAPP 16 3721 8372 OU ENTREGAR CURRICULO NO ENDERE\u00c7O RUA HIPOLITO ANTONIO PINHEIRO,3810 - JARDIM INTEGRA\u00c7\u00c3O\n            <\/p>\n<p><strong>Compartilhe:<\/strong><\/p>\n<p>                <img data-recalc-dims=\"1\" loading=\"lazy\" decoding=\"async\" width=\"25\" height=\"25\" src=\"https:\/\/i0.wp.com\/francaclassificados.com\/\/source\/view\/img\/20w50.png?resize=25%2C25&#038;ssl=1\" alt=\"Imagem compartilhar whatsapp\"\/><\/p>\n<p>                <img data-recalc-dims=\"1\" loading=\"lazy\" decoding=\"async\" width=\"25\" height=\"25\" src=\"https:\/\/i0.wp.com\/francaclassificados.com\/\/source\/view\/img\/18w50.png?resize=25%2C25&#038;ssl=1\" alt=\"Imagem compartilhar facebook\"\/><\/p>\n<\/p><\/div>\n<div class=\"emp\">\n<p>\n            BANCA DE PESPONTO<br \/>Precisa-se de bancas de pesponto, in\u00edcio imediato, cal\u00e7ados masculinos e femininos. Chamar no whatsapp 16-99129-0584.\n            <\/p>\n<p><strong>Compartilhe:<\/strong><\/p>\n<p>                <img data-recalc-dims=\"1\" loading=\"lazy\" decoding=\"async\" width=\"25\" height=\"25\" src=\"https:\/\/i0.wp.com\/francaclassificados.com\/\/source\/view\/img\/20w50.png?resize=25%2C25&#038;ssl=1\" alt=\"Imagem compartilhar whatsapp\"\/><\/p>\n<p>                <img data-recalc-dims=\"1\" loading=\"lazy\" decoding=\"async\" width=\"25\" height=\"25\" src=\"https:\/\/i0.wp.com\/francaclassificados.com\/\/source\/view\/img\/18w50.png?resize=25%2C25&#038;ssl=1\" alt=\"Imagem compartilhar facebook\"\/><\/p>\n<\/p><\/div>\n<p>    <script async=\"\" src=\"https:\/\/pagead2.googlesyndication.com\/pagead\/js\/adsbygoogle.js?client=ca-pub-2853392113352629\" crossorigin=\"anonymous\"\/>\n    <ins class=\"adsbygoogle\" style=\"display:block\" data-ad-client=\"ca-pub-2853392113352629\" data-ad-slot=\"2925831803\" data-ad-format=\"auto\" data-full-width-responsive=\"true\"\/>\n    <script><![CDATA[\n    (adsbygoogle = window.adsbygoogle || []).push({});\n    ]]><\/script><\/p>\n<div class=\"emp\">\n<p>\n            MEC\u00c2NICO AUTOMOTIVO<br \/>Contrata-se mec\u00e2nico automotivo com experi\u00eancia para trabalhar de segunda a sexta hor\u00e1rio comercial. Interessados enviar curr\u00edculo no e-mail: rh.oficinamecanicax4x4@gmail.com ou pelo whatsapp 16 98104-0022.Localiza\u00e7\u00e3o Residencial Palermo\n            <\/p>\n<p><strong>Compartilhe:<\/strong><\/p>\n<p>                <img data-recalc-dims=\"1\" loading=\"lazy\" decoding=\"async\" width=\"25\" height=\"25\" src=\"https:\/\/i0.wp.com\/francaclassificados.com\/\/source\/view\/img\/20w50.png?resize=25%2C25&#038;ssl=1\" alt=\"Imagem compartilhar whatsapp\"\/><\/p>\n<p>                <img data-recalc-dims=\"1\" loading=\"lazy\" decoding=\"async\" width=\"25\" height=\"25\" src=\"https:\/\/i0.wp.com\/francaclassificados.com\/\/source\/view\/img\/18w50.png?resize=25%2C25&#038;ssl=1\" alt=\"Imagem compartilhar facebook\"\/><\/p>\n<\/p><\/div>\n<div class=\"emp\">\n<p>\n            ADVOGADA<br \/>Respons\u00e1vel por elaborar a peti\u00e7\u00e3o inicial, fazer a contesta\u00e7\u00e3o de processos, apresentando a sua defesa das acusa\u00e7\u00f5es que lhe forem imputadas na peti\u00e7\u00e3o inicial. Negocia\u00e7\u00f5es e interven\u00e7\u00e3o extrajudicial e judicial ou advindas de prestadores e clientes, etc. Sal\u00e1rio: Fixo (a combinar), CLT Necess\u00e1rio experi\u00eancia comprovada e OAB. Escala: Segunda a Sexta-feira Per\u00edodo integral Interessados enviar curr\u00edculo para:<br \/>\n            <br \/>selecaoerec@gmail.com Colocar no assunto do e-mail: ADVOGADA\n            <\/p>\n<p><strong>Compartilhe:<\/strong><\/p>\n<p>                <img data-recalc-dims=\"1\" loading=\"lazy\" decoding=\"async\" width=\"25\" height=\"25\" src=\"https:\/\/i0.wp.com\/francaclassificados.com\/\/source\/view\/img\/20w50.png?resize=25%2C25&#038;ssl=1\" alt=\"Imagem compartilhar whatsapp\"\/><\/p>\n<p>                <img data-recalc-dims=\"1\" loading=\"lazy\" decoding=\"async\" width=\"25\" height=\"25\" src=\"https:\/\/i0.wp.com\/francaclassificados.com\/\/source\/view\/img\/18w50.png?resize=25%2C25&#038;ssl=1\" alt=\"Imagem compartilhar facebook\"\/><\/p>\n<\/p><\/div>\n<p>    <script async=\"\" src=\"https:\/\/pagead2.googlesyndication.com\/pagead\/js\/adsbygoogle.js?client=ca-pub-2853392113352629\" crossorigin=\"anonymous\"\/>\n    <ins class=\"adsbygoogle\" style=\"display:block\" data-ad-client=\"ca-pub-2853392113352629\" data-ad-slot=\"2925831803\" data-ad-format=\"auto\" data-full-width-responsive=\"true\"\/>\n    <script><![CDATA[\n    (adsbygoogle = window.adsbygoogle || []).push({});\n    ]]><\/script><\/p>\n<div class=\"emp\">\n<p>\n            AUXILIAR DE PRODU\u00c7\u00c3O<br \/>Estamos contratando auxiliar de produ\u00e7\u00e3o de salgados, interessados enviar curr\u00edculo para (16)99216-1452, n\u00e3o exigimos experi\u00eancia, somente comprometimento e vontade de aprender.\n            <\/p>\n<p><strong>Compartilhe:<\/strong><\/p>\n<p>                <img data-recalc-dims=\"1\" loading=\"lazy\" decoding=\"async\" width=\"25\" height=\"25\" src=\"https:\/\/i0.wp.com\/francaclassificados.com\/\/source\/view\/img\/20w50.png?resize=25%2C25&#038;ssl=1\" alt=\"Imagem compartilhar whatsapp\"\/><\/p>\n<p>                <img data-recalc-dims=\"1\" loading=\"lazy\" decoding=\"async\" width=\"25\" height=\"25\" src=\"https:\/\/i0.wp.com\/francaclassificados.com\/\/source\/view\/img\/18w50.png?resize=25%2C25&#038;ssl=1\" alt=\"Imagem compartilhar facebook\"\/><\/p>\n<\/p><\/div>\n<div class=\"emp\">\n<p>\n            REPRESENTANTE\/ VENDEDOR<br \/>Precisa-se de Representante Comercial ou Vendedor ou Vendedora, aut\u00f4nomo com moto ou carro com experi\u00eancia no segmento em padaria ou supermercados, que estejam parados ou trabalhando com outras empresas e queiram agregar produtos a sua clientela. Aposentados com ve\u00edculo e boa comunica\u00e7\u00e3o e que gostam de vendas ser\u00e3o bem vindos! Deixar curr\u00edculo pelo whatsapp (16)98128-1389.\n            <\/p>\n<p><strong>Compartilhe:<\/strong><\/p>\n<p>                <img data-recalc-dims=\"1\" loading=\"lazy\" decoding=\"async\" width=\"25\" height=\"25\" src=\"https:\/\/i0.wp.com\/francaclassificados.com\/\/source\/view\/img\/20w50.png?resize=25%2C25&#038;ssl=1\" alt=\"Imagem compartilhar whatsapp\"\/><\/p>\n<p>                <img data-recalc-dims=\"1\" loading=\"lazy\" decoding=\"async\" width=\"25\" height=\"25\" src=\"https:\/\/i0.wp.com\/francaclassificados.com\/\/source\/view\/img\/18w50.png?resize=25%2C25&#038;ssl=1\" alt=\"Imagem compartilhar facebook\"\/><\/p>\n<\/p><\/div>\n<p>    <script async=\"\" src=\"https:\/\/pagead2.googlesyndication.com\/pagead\/js\/adsbygoogle.js?client=ca-pub-2853392113352629\" crossorigin=\"anonymous\"\/>\n    <ins class=\"adsbygoogle\" style=\"display:block\" data-ad-client=\"ca-pub-2853392113352629\" data-ad-slot=\"2925831803\" data-ad-format=\"auto\" data-full-width-responsive=\"true\"\/>\n    <script><![CDATA[\n    (adsbygoogle = window.adsbygoogle || []).push({});\n    ]]><\/script><\/p>\n<div class=\"emp\">\n<p>\n            VENDEDORA<br \/>Contrata-se vendedora para loja f\u00edsica , perfil: idade m\u00ednima 18 anos, ensino m\u00e9dio completo, disponibilidade de hor\u00e1rio, lidar com metas, ter pr\u00f3 atividade, ser comunicativa, saber trabalhar em equipe ,experi\u00eancia em vendas no segmento de varejo, organiza\u00e7\u00e3o, conhecimento em m\u00eddia sociais e pacote office.<br \/>\n            <br \/>selecao@atram.com.br\n            <\/p>\n<p><strong>Compartilhe:<\/strong><\/p>\n<p>                <img data-recalc-dims=\"1\" loading=\"lazy\" decoding=\"async\" width=\"25\" height=\"25\" src=\"https:\/\/i0.wp.com\/francaclassificados.com\/\/source\/view\/img\/20w50.png?resize=25%2C25&#038;ssl=1\" alt=\"Imagem compartilhar whatsapp\"\/><\/p>\n<p>                <img data-recalc-dims=\"1\" loading=\"lazy\" decoding=\"async\" width=\"25\" height=\"25\" src=\"https:\/\/i0.wp.com\/francaclassificados.com\/\/source\/view\/img\/18w50.png?resize=25%2C25&#038;ssl=1\" alt=\"Imagem compartilhar facebook\"\/><\/p>\n<\/p><\/div>\n<div class=\"emp\">\n<p>\n            CONSULTOR DE VENDAS (VENDAS)<br \/>\u00c9 necess\u00e1rio ter experi\u00eancia no setor de vendas, ser\u00e1 um diferencial ter experiencia com vendas de E.V.A. ou relacionado. Fun\u00e7\u00f5es\/Atividades do Cargo: Atendimento ao cliente (via fone, WhatsApp, e-mail, chat e presencialmente), prospec\u00e7\u00e3o, lan\u00e7amentos de pedidos e p\u00f3s-venda. N\u00edvel de forma\u00e7\u00e3o necess\u00e1rio: Superior completo ou cursando. Habilidades indispens\u00e1veis: Inform\u00e1tica e digita\u00e7\u00e3o. Hor\u00e1rio: Segunda \u00e0 Sexta-Feira. Interessados, enviar o curr\u00edculo para o e-mail: recrutamento@hevia.com.br.\n            <\/p>\n<p><strong>Compartilhe:<\/strong><\/p>\n<p>                <img data-recalc-dims=\"1\" loading=\"lazy\" decoding=\"async\" width=\"25\" height=\"25\" src=\"https:\/\/i0.wp.com\/francaclassificados.com\/\/source\/view\/img\/20w50.png?resize=25%2C25&#038;ssl=1\" alt=\"Imagem compartilhar whatsapp\"\/><\/p>\n<p>                <img data-recalc-dims=\"1\" loading=\"lazy\" decoding=\"async\" width=\"25\" height=\"25\" src=\"https:\/\/i0.wp.com\/francaclassificados.com\/\/source\/view\/img\/18w50.png?resize=25%2C25&#038;ssl=1\" alt=\"Imagem compartilhar facebook\"\/><\/p>\n<\/p><\/div>\n<p>    <script async=\"\" src=\"https:\/\/pagead2.googlesyndication.com\/pagead\/js\/adsbygoogle.js?client=ca-pub-2853392113352629\" crossorigin=\"anonymous\"\/>\n    <ins class=\"adsbygoogle\" style=\"display:block\" data-ad-client=\"ca-pub-2853392113352629\" data-ad-slot=\"2925831803\" data-ad-format=\"auto\" data-full-width-responsive=\"true\"\/>\n    <script><![CDATA[\n    (adsbygoogle = window.adsbygoogle || []).push({});\n    ]]><\/script><\/p>\n<div class=\"emp\">\n<p>\n            Ind\u00fastria de cal\u00e7ados contrata Escalandor de couro com experi\u00eancia Interessados mandar curr\u00edculo no e-mail francacontrata01@gmail.com\n            <\/p>\n<p><strong>Compartilhe:<\/strong><\/p>\n<p>                <img data-recalc-dims=\"1\" loading=\"lazy\" decoding=\"async\" width=\"25\" height=\"25\" src=\"https:\/\/i0.wp.com\/francaclassificados.com\/\/source\/view\/img\/20w50.png?resize=25%2C25&#038;ssl=1\" alt=\"Imagem compartilhar whatsapp\"\/><\/p>\n<p>                <img data-recalc-dims=\"1\" loading=\"lazy\" decoding=\"async\" width=\"25\" height=\"25\" src=\"https:\/\/i0.wp.com\/francaclassificados.com\/\/source\/view\/img\/18w50.png?resize=25%2C25&#038;ssl=1\" alt=\"Imagem compartilhar facebook\"\/><\/p>\n<\/p><\/div>\n<div class=\"emp\">\n<p>\n            ASSISTENTE JUR\u00cdDICO<br \/>Acompanhar vencimentos de contratos; Analisar todos os tipos de contratos firmados; Avaliar cl\u00e1usulas e riscos envolvidos, conforme leis vigentes; Elabora\u00e7\u00e3o de comodatos; Prestar suporte administrativo a profissionais da \u00e1rea jur\u00eddica; Requisitos: Organiza\u00e7\u00e3o; Habilidade em Comunica\u00e7\u00e3o verbal e escrita; Ensino Superior completo ou cursando em Direito, Conhecimentos em an\u00e1lise de contrato. (16) 98265-0128 e-mail: rh.dpvagas01@gmail.com\n            <\/p>\n<p><strong>Compartilhe:<\/strong><\/p>\n<p>                <img data-recalc-dims=\"1\" loading=\"lazy\" decoding=\"async\" width=\"25\" height=\"25\" src=\"https:\/\/i0.wp.com\/francaclassificados.com\/\/source\/view\/img\/20w50.png?resize=25%2C25&#038;ssl=1\" alt=\"Imagem compartilhar whatsapp\"\/><\/p>\n<p>                <img data-recalc-dims=\"1\" loading=\"lazy\" decoding=\"async\" width=\"25\" height=\"25\" src=\"https:\/\/i0.wp.com\/francaclassificados.com\/\/source\/view\/img\/18w50.png?resize=25%2C25&#038;ssl=1\" alt=\"Imagem compartilhar facebook\"\/><\/p>\n<\/p><\/div>\n<p>    <script async=\"\" src=\"https:\/\/pagead2.googlesyndication.com\/pagead\/js\/adsbygoogle.js?client=ca-pub-2853392113352629\" crossorigin=\"anonymous\"\/>\n    <ins class=\"adsbygoogle\" style=\"display:block\" data-ad-client=\"ca-pub-2853392113352629\" data-ad-slot=\"2925831803\" data-ad-format=\"auto\" data-full-width-responsive=\"true\"\/>\n    <script><![CDATA[\n    (adsbygoogle = window.adsbygoogle || []).push({});\n    ]]><\/script><\/p>\n<div class=\"emp\">\n<p>\n            Contrata bordador para maquina Tajima e maquina chinesa com experiencia interessados enviar curriculum no whatts 16991313020.\n            <\/p>\n<p><strong>Compartilhe:<\/strong><\/p>\n<p>                <img data-recalc-dims=\"1\" loading=\"lazy\" decoding=\"async\" width=\"25\" height=\"25\" src=\"https:\/\/i0.wp.com\/francaclassificados.com\/\/source\/view\/img\/20w50.png?resize=25%2C25&#038;ssl=1\" alt=\"Imagem compartilhar whatsapp\"\/><\/p>\n<p>                <img data-recalc-dims=\"1\" loading=\"lazy\" decoding=\"async\" width=\"25\" height=\"25\" src=\"https:\/\/i0.wp.com\/francaclassificados.com\/\/source\/view\/img\/18w50.png?resize=25%2C25&#038;ssl=1\" alt=\"Imagem compartilhar facebook\"\/><\/p>\n<\/p><\/div>\n<div class=\"emp\">\n<p>\n            Contrata-se auxiliar administrativo do sexo masculino. Atividades a serem realizadas: auxiliar em atendimentos por whatsapp\/telefone e presencial, acompanhar clientes em visitas, auxiliar na rotina administrativa. Requisitos: sexo masculino comunicativo, proativo, conhecimento em inform\u00e1tica b\u00e1sica. Experi\u00eancia com atendimento comercial ser\u00e1 um diferencial. Regime CLT, sal\u00e1rio fixo, de segunda a sexta feira. Enviar curr\u00edculo c\/ t\u00edtulo (Aux Adm) para: comercial.imobcr@hotmail.com\n            <\/p>\n<p><strong>Compartilhe:<\/strong><\/p>\n<p>                <img data-recalc-dims=\"1\" loading=\"lazy\" decoding=\"async\" width=\"25\" height=\"25\" src=\"https:\/\/i0.wp.com\/francaclassificados.com\/\/source\/view\/img\/20w50.png?resize=25%2C25&#038;ssl=1\" alt=\"Imagem compartilhar whatsapp\"\/><\/p>\n<p>                <img data-recalc-dims=\"1\" loading=\"lazy\" decoding=\"async\" width=\"25\" height=\"25\" src=\"https:\/\/i0.wp.com\/francaclassificados.com\/\/source\/view\/img\/18w50.png?resize=25%2C25&#038;ssl=1\" alt=\"Imagem compartilhar facebook\"\/><\/p>\n<\/p><\/div>\n<p>    <script async=\"\" src=\"https:\/\/pagead2.googlesyndication.com\/pagead\/js\/adsbygoogle.js?client=ca-pub-2853392113352629\" crossorigin=\"anonymous\"\/>\n    <ins class=\"adsbygoogle\" style=\"display:block\" data-ad-client=\"ca-pub-2853392113352629\" data-ad-slot=\"2925831803\" data-ad-format=\"auto\" data-full-width-responsive=\"true\"\/>\n    <script><![CDATA[\n    (adsbygoogle = window.adsbygoogle || []).push({});\n    ]]><\/script><\/p>\n<div class=\"emp\">\n<p>\n            IND\u00daSTRIA DE CAL\u00c7ADOS CONTRATA PARA IN\u00cdCIO IMEDIATO, OPERADOR DE INJETORA . ENVIAR CURRICULO PARA: selecaocalcadosfranca@gmail.com\n            <\/p>\n<p><strong>Compartilhe:<\/strong><\/p>\n<p>                <img data-recalc-dims=\"1\" loading=\"lazy\" decoding=\"async\" width=\"25\" height=\"25\" src=\"https:\/\/i0.wp.com\/francaclassificados.com\/\/source\/view\/img\/20w50.png?resize=25%2C25&#038;ssl=1\" alt=\"Imagem compartilhar whatsapp\"\/><\/p>\n<p>                <img data-recalc-dims=\"1\" loading=\"lazy\" decoding=\"async\" width=\"25\" height=\"25\" src=\"https:\/\/i0.wp.com\/francaclassificados.com\/\/source\/view\/img\/18w50.png?resize=25%2C25&#038;ssl=1\" alt=\"Imagem compartilhar facebook\"\/><\/p>\n<\/p><\/div>\n<div class=\"emp\">\n<p>\n            F\u00e1brica de cal\u00e7ados contrata para in\u00edcio imediato: REBAIXADOR DE PLANTA com experi\u00eancia. Interessados comparecer \u00e0 Rua Pedro Diniz, 748 - Parque S\u00e3o Jorge ou enviar curr\u00edculo com o nome da vaga para: rh@calcadosshelter.com.br\n            <\/p>\n<p><strong>Compartilhe:<\/strong><\/p>\n<p>                <img data-recalc-dims=\"1\" loading=\"lazy\" decoding=\"async\" width=\"25\" height=\"25\" src=\"https:\/\/i0.wp.com\/francaclassificados.com\/\/source\/view\/img\/20w50.png?resize=25%2C25&#038;ssl=1\" alt=\"Imagem compartilhar whatsapp\"\/><\/p>\n<p>                <img data-recalc-dims=\"1\" loading=\"lazy\" decoding=\"async\" width=\"25\" height=\"25\" src=\"https:\/\/i0.wp.com\/francaclassificados.com\/\/source\/view\/img\/18w50.png?resize=25%2C25&#038;ssl=1\" alt=\"Imagem compartilhar facebook\"\/><\/p>\n<\/p><\/div>\n<p>    <script async=\"\" src=\"https:\/\/pagead2.googlesyndication.com\/pagead\/js\/adsbygoogle.js?client=ca-pub-2853392113352629\" crossorigin=\"anonymous\"\/>\n    <ins class=\"adsbygoogle\" style=\"display:block\" data-ad-client=\"ca-pub-2853392113352629\" data-ad-slot=\"2925831803\" data-ad-format=\"auto\" data-full-width-responsive=\"true\"\/>\n    <script><![CDATA[\n    (adsbygoogle = window.adsbygoogle || []).push({});\n    ]]><\/script><\/p>\n<div class=\"emp\">\n<p>\n            F\u00c1BRICA DE CAL\u00c7ADOS CONTRATA<br \/>Fechador de lado \/ Acabador - INICIO IMEDIATO F\u00e1brica de Cal\u00e7ados contrata para in\u00edcio imediato: Contato 16 99388-3571\n            <\/p>\n<p><strong>Compartilhe:<\/strong><\/p>\n<p>                <img data-recalc-dims=\"1\" loading=\"lazy\" decoding=\"async\" width=\"25\" height=\"25\" src=\"https:\/\/i0.wp.com\/francaclassificados.com\/\/source\/view\/img\/20w50.png?resize=25%2C25&#038;ssl=1\" alt=\"Imagem compartilhar whatsapp\"\/><\/p>\n<p>                <img data-recalc-dims=\"1\" loading=\"lazy\" decoding=\"async\" width=\"25\" height=\"25\" src=\"https:\/\/i0.wp.com\/francaclassificados.com\/\/source\/view\/img\/18w50.png?resize=25%2C25&#038;ssl=1\" alt=\"Imagem compartilhar facebook\"\/><\/p>\n<\/p><\/div>\n<div class=\"emp\">\n<p>\n            CONSULTOR DE VENDAS<br \/>Voc\u00ea que gosta de desafios, tem habilidade em negociar e adora vendas e est\u00e1 em busca de uma excelente remunera\u00e7\u00e3o n\u00f3s temos vagas esperando por voc\u00ea. Requisitos: dinamismo, boa comunica\u00e7\u00e3o oral e escrita, experi\u00eancia com vendas por telefone, e experi\u00eancia com cons\u00f3rcio ser\u00e1 um diferencial. Proposta Salarial: Fixo + comiss\u00e3o +bonifica\u00e7\u00e3o+ vale alimenta\u00e7\u00e3o + gympass+ vale transporte + day off no anivers\u00e1rio + plano de carreira, b\u00f4nus por desempenho+ PLR. recruta@ancoraconsorcios.com.br\n            <\/p>\n<p><strong>Compartilhe:<\/strong><\/p>\n<p>                <img data-recalc-dims=\"1\" loading=\"lazy\" decoding=\"async\" width=\"25\" height=\"25\" src=\"https:\/\/i0.wp.com\/francaclassificados.com\/\/source\/view\/img\/20w50.png?resize=25%2C25&#038;ssl=1\" alt=\"Imagem compartilhar whatsapp\"\/><\/p>\n<p>                <img data-recalc-dims=\"1\" loading=\"lazy\" decoding=\"async\" width=\"25\" height=\"25\" src=\"https:\/\/i0.wp.com\/francaclassificados.com\/\/source\/view\/img\/18w50.png?resize=25%2C25&#038;ssl=1\" alt=\"Imagem compartilhar facebook\"\/><\/p>\n<\/p><\/div>\n<p>    <script async=\"\" src=\"https:\/\/pagead2.googlesyndication.com\/pagead\/js\/adsbygoogle.js?client=ca-pub-2853392113352629\" crossorigin=\"anonymous\"\/>\n    <ins class=\"adsbygoogle\" style=\"display:block\" data-ad-client=\"ca-pub-2853392113352629\" data-ad-slot=\"2925831803\" data-ad-format=\"auto\" data-full-width-responsive=\"true\"\/>\n    <script><![CDATA[\n    (adsbygoogle = window.adsbygoogle || []).push({});\n    ]]><\/script><\/p>\n<div class=\"emp\">\n<p>\n            RECEPCIONISTA (GUARITA)<br \/>FEMINIMO\/MASCULINO. Ensino m\u00e9dio completo. Controle de entrada e sa\u00edda de funcion\u00e1rios. Controle de entrada e sa\u00edda de familiares. Controle de visitas, controle de entrada e sa\u00edda dos moradores da institui\u00e7\u00e3o. ESCALA 12x36 (as 07h as 19h). Ter boa comunica\u00e7\u00e3o oral e escrita, conhecimento no pacote office. Regime de contrata\u00e7\u00e3o CLT,, e outros benef\u00edcios. INTERESSADOS enviar curr\u00edculo para curriculo@feji.org.br ou RUA OFELIA SOARES RUSSO 994 JD PLANALTO.\n            <\/p>\n<p><strong>Compartilhe:<\/strong><\/p>\n<p>                <img data-recalc-dims=\"1\" loading=\"lazy\" decoding=\"async\" width=\"25\" height=\"25\" src=\"https:\/\/i0.wp.com\/francaclassificados.com\/\/source\/view\/img\/20w50.png?resize=25%2C25&#038;ssl=1\" alt=\"Imagem compartilhar whatsapp\"\/><\/p>\n<p>                <img data-recalc-dims=\"1\" loading=\"lazy\" decoding=\"async\" width=\"25\" height=\"25\" src=\"https:\/\/i0.wp.com\/francaclassificados.com\/\/source\/view\/img\/18w50.png?resize=25%2C25&#038;ssl=1\" alt=\"Imagem compartilhar facebook\"\/><\/p>\n<\/p><\/div>\n<div class=\"emp\">\n<p>\n            ATENDENTE - VENDEDOR<br \/>Requisitos: Ensimo Medio completo\u2022 Experi\u00eancia em vendas; \u2022 Boa comunica\u00e7\u00e3o escrita e verbal; \u2022 Inform\u00e1tica B\u00e1sica; \u2022 Experi\u00eancia e conhecimento com constru\u00e7\u00e3o civil ser\u00e1 um diferencial. Atividades: \u2022 Atendimento ao cliente; \u2022 Emiss\u00e3o de contratos e p\u00f3s contratos; \u2022 Recebimento de caixa e cobran\u00e7a. ** Ter disponibilidade de seg. a sexta 7h as 17h30 e aos sabados das 7h as 11h30. salario 1591,00 + V.A + hora extra + Meta - b\u00f4nus vendas. Enviar curriculo exclusivamente para: (16)99418-0217\n            <\/p>\n<p><strong>Compartilhe:<\/strong><\/p>\n<p>                <img data-recalc-dims=\"1\" loading=\"lazy\" decoding=\"async\" width=\"25\" height=\"25\" src=\"https:\/\/i0.wp.com\/francaclassificados.com\/\/source\/view\/img\/20w50.png?resize=25%2C25&#038;ssl=1\" alt=\"Imagem compartilhar whatsapp\"\/><\/p>\n<p>                <img data-recalc-dims=\"1\" loading=\"lazy\" decoding=\"async\" width=\"25\" height=\"25\" src=\"https:\/\/i0.wp.com\/francaclassificados.com\/\/source\/view\/img\/18w50.png?resize=25%2C25&#038;ssl=1\" alt=\"Imagem compartilhar facebook\"\/><\/p>\n<\/p><\/div>\n<p>    <script async=\"\" src=\"https:\/\/pagead2.googlesyndication.com\/pagead\/js\/adsbygoogle.js?client=ca-pub-2853392113352629\" crossorigin=\"anonymous\"\/>\n    <ins class=\"adsbygoogle\" style=\"display:block\" data-ad-client=\"ca-pub-2853392113352629\" data-ad-slot=\"2925831803\" data-ad-format=\"auto\" data-full-width-responsive=\"true\"\/>\n    <script><![CDATA[\n    (adsbygoogle = window.adsbygoogle || []).push({});\n    ]]><\/script><\/p>\n<div class=\"emp\">\n<p>\n            VENDEDORA<br \/>Proativa, organizada e comprometida com resultados. Contrato efetivo CLT, SAL\u00c1RIO FIXO + BONIFICA\u00c7\u00c3O. Expediente de segunda a sexta. Requisitos: EXPERI\u00caNCIA COMPROVADA EM VENDAS. Enviar curr\u00edculo com pretens\u00e3o salarial para : admi.frc@gmail.com\n            <\/p>\n<p><strong>Compartilhe:<\/strong><\/p>\n<p>                <img data-recalc-dims=\"1\" loading=\"lazy\" decoding=\"async\" width=\"25\" height=\"25\" src=\"https:\/\/i0.wp.com\/francaclassificados.com\/\/source\/view\/img\/20w50.png?resize=25%2C25&#038;ssl=1\" alt=\"Imagem compartilhar whatsapp\"\/><\/p>\n<p>                <img data-recalc-dims=\"1\" loading=\"lazy\" decoding=\"async\" width=\"25\" height=\"25\" src=\"https:\/\/i0.wp.com\/francaclassificados.com\/\/source\/view\/img\/18w50.png?resize=25%2C25&#038;ssl=1\" alt=\"Imagem compartilhar facebook\"\/><\/p>\n<\/p><\/div>\n<div class=\"emp\">\n<p>\n            Estamos contratando Atendente e Caixa. Enviar curr\u00edculo apenas quem tiver interesse e disponibilidade de hor\u00e1rio e finais de semana. Enviar Curr\u00edculo no E-mail<br \/>\n            <br \/>padariapriscilacurriculos@outlook.com\n            <\/p>\n<p><strong>Compartilhe:<\/strong><\/p>\n<p>                <img data-recalc-dims=\"1\" loading=\"lazy\" decoding=\"async\" width=\"25\" height=\"25\" src=\"https:\/\/i0.wp.com\/francaclassificados.com\/\/source\/view\/img\/20w50.png?resize=25%2C25&#038;ssl=1\" alt=\"Imagem compartilhar whatsapp\"\/><\/p>\n<p>                <img data-recalc-dims=\"1\" loading=\"lazy\" decoding=\"async\" width=\"25\" height=\"25\" src=\"https:\/\/i0.wp.com\/francaclassificados.com\/\/source\/view\/img\/18w50.png?resize=25%2C25&#038;ssl=1\" alt=\"Imagem compartilhar facebook\"\/><\/p>\n<\/p><\/div>\n<p>    <script async=\"\" src=\"https:\/\/pagead2.googlesyndication.com\/pagead\/js\/adsbygoogle.js?client=ca-pub-2853392113352629\" crossorigin=\"anonymous\"\/>\n    <ins class=\"adsbygoogle\" style=\"display:block\" data-ad-client=\"ca-pub-2853392113352629\" data-ad-slot=\"2925831803\" data-ad-format=\"auto\" data-full-width-responsive=\"true\"\/>\n    <script><![CDATA[\n    (adsbygoogle = window.adsbygoogle || []).push({});\n    ]]><\/script><\/p>\n<div class=\"emp\">\n<p>\n            AUXILIAR DE LIMPEZA - PCD<br \/>Escala de trabalho 6x1 Executar trabalhos de limpezas em geral para manuten\u00e7\u00e3o das condi\u00e7\u00f5es de higiene e conserva\u00e7\u00e3o do ambiente. (vaga afirmativa para pessoa com defici\u00eancia). Regime de contrata\u00e7\u00e3o CLT, sal\u00e1rio fixo, insalubridade, vale alimenta\u00e7\u00e3o, vale transporte, almo\u00e7o no local, entre outros benef\u00edcios. Interessados enviar curriculo com titulo da vaga no assunto para curriculo@feji.org.br ou RUA OF\u00c9LIA SOARES RUSSO. 970 JD PLANALTO.\n            <\/p>\n<p><strong>Compartilhe:<\/strong><\/p>\n<p>                <img data-recalc-dims=\"1\" loading=\"lazy\" decoding=\"async\" width=\"25\" height=\"25\" src=\"https:\/\/i0.wp.com\/francaclassificados.com\/\/source\/view\/img\/20w50.png?resize=25%2C25&#038;ssl=1\" alt=\"Imagem compartilhar whatsapp\"\/><\/p>\n<p>                <img data-recalc-dims=\"1\" loading=\"lazy\" decoding=\"async\" width=\"25\" height=\"25\" src=\"https:\/\/i0.wp.com\/francaclassificados.com\/\/source\/view\/img\/18w50.png?resize=25%2C25&#038;ssl=1\" alt=\"Imagem compartilhar facebook\"\/><\/p>\n<\/p><\/div>\n<div class=\"emp\">\n<p>\n            COSTUREIRA<br \/>Contrata-se costureira(o) que tenha experi\u00eancia em Overlock, Reta e Galoneira, experi\u00eancia em moletom, camisetas e bermudas, enviar curr\u00edculo com pretens\u00e3o salarial no WhatsApp 16-99102-1950.\n            <\/p>\n<p><strong>Compartilhe:<\/strong><\/p>\n<p>                <img data-recalc-dims=\"1\" loading=\"lazy\" decoding=\"async\" width=\"25\" height=\"25\" src=\"https:\/\/i0.wp.com\/francaclassificados.com\/\/source\/view\/img\/20w50.png?resize=25%2C25&#038;ssl=1\" alt=\"Imagem compartilhar whatsapp\"\/><\/p>\n<p>                <img data-recalc-dims=\"1\" loading=\"lazy\" decoding=\"async\" width=\"25\" height=\"25\" src=\"https:\/\/i0.wp.com\/francaclassificados.com\/\/source\/view\/img\/18w50.png?resize=25%2C25&#038;ssl=1\" alt=\"Imagem compartilhar facebook\"\/><\/p>\n<\/p><\/div>\n<p>    <script async=\"\" src=\"https:\/\/pagead2.googlesyndication.com\/pagead\/js\/adsbygoogle.js?client=ca-pub-2853392113352629\" crossorigin=\"anonymous\"\/>\n    <ins class=\"adsbygoogle\" style=\"display:block\" data-ad-client=\"ca-pub-2853392113352629\" data-ad-slot=\"2925831803\" data-ad-format=\"auto\" data-full-width-responsive=\"true\"\/>\n    <script><![CDATA[\n    (adsbygoogle = window.adsbygoogle || []).push({});\n    ]]><\/script><\/p>\n<div class=\"emp\">\n<p>\n            ESTAGI\u00c1RIA<br \/>Cursando a partir do 3\u00ba ano do curso de direito. Experi\u00eancia pr\u00e9via como diferencial. 6 horas di\u00e1rias. Enviar email para: eliane.contratacaoescritorio@gmail.com\n            <\/p>\n<p><strong>Compartilhe:<\/strong><\/p>\n<p>                <img data-recalc-dims=\"1\" loading=\"lazy\" decoding=\"async\" width=\"25\" height=\"25\" src=\"https:\/\/i0.wp.com\/francaclassificados.com\/\/source\/view\/img\/20w50.png?resize=25%2C25&#038;ssl=1\" alt=\"Imagem compartilhar whatsapp\"\/><\/p>\n<p>                <img data-recalc-dims=\"1\" loading=\"lazy\" decoding=\"async\" width=\"25\" height=\"25\" src=\"https:\/\/i0.wp.com\/francaclassificados.com\/\/source\/view\/img\/18w50.png?resize=25%2C25&#038;ssl=1\" alt=\"Imagem compartilhar facebook\"\/><\/p>\n<\/p><\/div>\n<div class=\"emp\">\n<p>\n            Contrata-se auxiliar de produ\u00e7\u00e3o para ind\u00fastria especializada em vidros e espelhos. Segunda \u00e0 sexta-feira das 7h30 \u00e0s 18h. 1h30 de almo\u00e7o. Sal\u00e1rio: R$1.775,00. Excelente local de trabalho. CNH B \u00e9 um diferencial. Interessados enviar curr\u00edculo para Whatsapp 16 997044955 ou para tiagoviottomaster@gmail.com com a Sigla AP no assunto.\n            <\/p>\n<p><strong>Compartilhe:<\/strong><\/p>\n<p>                <img data-recalc-dims=\"1\" loading=\"lazy\" decoding=\"async\" width=\"25\" height=\"25\" src=\"https:\/\/i0.wp.com\/francaclassificados.com\/\/source\/view\/img\/20w50.png?resize=25%2C25&#038;ssl=1\" alt=\"Imagem compartilhar whatsapp\"\/><\/p>\n<p>                <img data-recalc-dims=\"1\" loading=\"lazy\" decoding=\"async\" width=\"25\" height=\"25\" src=\"https:\/\/i0.wp.com\/francaclassificados.com\/\/source\/view\/img\/18w50.png?resize=25%2C25&#038;ssl=1\" alt=\"Imagem compartilhar facebook\"\/><\/p>\n<\/p><\/div>\n<p>    <script async=\"\" src=\"https:\/\/pagead2.googlesyndication.com\/pagead\/js\/adsbygoogle.js?client=ca-pub-2853392113352629\" crossorigin=\"anonymous\"\/>\n    <ins class=\"adsbygoogle\" style=\"display:block\" data-ad-client=\"ca-pub-2853392113352629\" data-ad-slot=\"2925831803\" data-ad-format=\"auto\" data-full-width-responsive=\"true\"\/>\n    <script><![CDATA[\n    (adsbygoogle = window.adsbygoogle || []).push({});\n    ]]><\/script><\/p>\n<div class=\"emp\">\n<p>\n            MEC\u00c2NICO DE AJUSTAGEM<br \/>Contrata-se mec\u00e2nico de ajustagem com conhecimento na \u00e1rea industrial para constru\u00e7\u00e3o de estruturas met\u00e1licas, confec\u00e7\u00e3o de pe\u00e7as conhecimento em solda MIG, no\u00e7\u00f5es de medidas. Enviar curr\u00edculo WhatsApp (16) 99366 \u2013 7308. financeiro@totalmaqfranca.com.br\n            <\/p>\n<p><strong>Compartilhe:<\/strong><\/p>\n<p>                <img data-recalc-dims=\"1\" loading=\"lazy\" decoding=\"async\" width=\"25\" height=\"25\" src=\"https:\/\/i0.wp.com\/francaclassificados.com\/\/source\/view\/img\/20w50.png?resize=25%2C25&#038;ssl=1\" alt=\"Imagem compartilhar whatsapp\"\/><\/p>\n<p>                <img data-recalc-dims=\"1\" loading=\"lazy\" decoding=\"async\" width=\"25\" height=\"25\" src=\"https:\/\/i0.wp.com\/francaclassificados.com\/\/source\/view\/img\/18w50.png?resize=25%2C25&#038;ssl=1\" alt=\"Imagem compartilhar facebook\"\/><\/p>\n<\/p><\/div>\n<div class=\"emp\">\n<p>\n            Ind\u00fastria de Cal\u00e7ados Esportivos, admite-se para inicio imediato, Apontador de sola, COM PRATICA. Estamos localizados no Aeroporto 1. Temos prefer\u00eancia por profissionais aqui da regi\u00e3o. Favor entrar em contato pelo whatsapp (16) 9 9696-6160.\n            <\/p>\n<p><strong>Compartilhe:<\/strong><\/p>\n<p>                <img data-recalc-dims=\"1\" loading=\"lazy\" decoding=\"async\" width=\"25\" height=\"25\" src=\"https:\/\/i0.wp.com\/francaclassificados.com\/\/source\/view\/img\/20w50.png?resize=25%2C25&#038;ssl=1\" alt=\"Imagem compartilhar whatsapp\"\/><\/p>\n<p>                <img data-recalc-dims=\"1\" loading=\"lazy\" decoding=\"async\" width=\"25\" height=\"25\" src=\"https:\/\/i0.wp.com\/francaclassificados.com\/\/source\/view\/img\/18w50.png?resize=25%2C25&#038;ssl=1\" alt=\"Imagem compartilhar facebook\"\/><\/p>\n<\/p><\/div>\n<p>    <script async=\"\" src=\"https:\/\/pagead2.googlesyndication.com\/pagead\/js\/adsbygoogle.js?client=ca-pub-2853392113352629\" crossorigin=\"anonymous\"\/>\n    <ins class=\"adsbygoogle\" style=\"display:block\" data-ad-client=\"ca-pub-2853392113352629\" data-ad-slot=\"2925831803\" data-ad-format=\"auto\" data-full-width-responsive=\"true\"\/>\n    <script><![CDATA[\n    (adsbygoogle = window.adsbygoogle || []).push({});\n    ]]><\/script><\/p>\n<div class=\"emp\">\n<p>\n            CILINDREIRO\/OPERADOR BAMBURY<br \/>EMPRESA DE SOLADOS CONTRATA PARA O CARGO DE CILINDREIRO E OPERADOR DE BAMBURY . COM EXPERI\u00caNCIA NA \u00c1REA. SEXO MASCULINO.<br \/>\n            <br \/>vical.vibor@terra.com.br\n            <\/p>\n<p><strong>Compartilhe:<\/strong><\/p>\n<p>                <img data-recalc-dims=\"1\" loading=\"lazy\" decoding=\"async\" width=\"25\" height=\"25\" src=\"https:\/\/i0.wp.com\/francaclassificados.com\/\/source\/view\/img\/20w50.png?resize=25%2C25&#038;ssl=1\" alt=\"Imagem compartilhar whatsapp\"\/><\/p>\n<p>                <img data-recalc-dims=\"1\" loading=\"lazy\" decoding=\"async\" width=\"25\" height=\"25\" src=\"https:\/\/i0.wp.com\/francaclassificados.com\/\/source\/view\/img\/18w50.png?resize=25%2C25&#038;ssl=1\" alt=\"Imagem compartilhar facebook\"\/><\/p>\n<\/p><\/div>\n<div class=\"emp\">\n<p>\n            T\u00c9CNICA DE ENFERMAGEM<br \/>Estamos contratando T\u00e9cnica de Enfermagem para atendimento direto com crian\u00e7as convalescentes. O trabalho ser\u00e1 realizado de segunda \u00e1 sexta-feira em per\u00edodo diurno. Venha fazer parte da nossa equipe! bercariodonanina@gmail.com\n            <\/p>\n<p><strong>Compartilhe:<\/strong><\/p>\n<p>                <img data-recalc-dims=\"1\" loading=\"lazy\" decoding=\"async\" width=\"25\" height=\"25\" src=\"https:\/\/i0.wp.com\/francaclassificados.com\/\/source\/view\/img\/20w50.png?resize=25%2C25&#038;ssl=1\" alt=\"Imagem compartilhar whatsapp\"\/><\/p>\n<p>                <img data-recalc-dims=\"1\" loading=\"lazy\" decoding=\"async\" width=\"25\" height=\"25\" src=\"https:\/\/i0.wp.com\/francaclassificados.com\/\/source\/view\/img\/18w50.png?resize=25%2C25&#038;ssl=1\" alt=\"Imagem compartilhar facebook\"\/><\/p>\n<\/p><\/div>\n<p>    <script async=\"\" src=\"https:\/\/pagead2.googlesyndication.com\/pagead\/js\/adsbygoogle.js?client=ca-pub-2853392113352629\" crossorigin=\"anonymous\"\/>\n    <ins class=\"adsbygoogle\" style=\"display:block\" data-ad-client=\"ca-pub-2853392113352629\" data-ad-slot=\"2925831803\" data-ad-format=\"auto\" data-full-width-responsive=\"true\"\/>\n    <script><![CDATA[\n    (adsbygoogle = window.adsbygoogle || []).push({});\n    ]]><\/script><\/p>\n<div class=\"emp\">\n<p>\n            EST\u00c1GIO REMUNERADO - CONT\u00c1BEIS<br \/>Contrata-se para est\u00e1gio em escrit\u00f3rio de contabilidade, apoiando os profissionais da empresa nas atividades. Foco principal na \u00e1rea Fiscal. Hor\u00e1rio: Segunda \u00e0 Sexta, 6h por dia. Requisitos: Cursando Ci\u00eancias Cont\u00e1beis. Bolsa Est\u00e1gio de R$ 800,00. Interessados, encaminhar curr\u00edculo at\u00e9 dia 20\/06 com assunto: \"Est\u00e1gio Escrit\u00f3rio Cont\u00e1bil\" para o email: vagas@rmconsultoriagp.com.br\n            <\/p>\n<p><strong>Compartilhe:<\/strong><\/p>\n<p>                <img data-recalc-dims=\"1\" loading=\"lazy\" decoding=\"async\" width=\"25\" height=\"25\" src=\"https:\/\/i0.wp.com\/francaclassificados.com\/\/source\/view\/img\/20w50.png?resize=25%2C25&#038;ssl=1\" alt=\"Imagem compartilhar whatsapp\"\/><\/p>\n<p>                <img data-recalc-dims=\"1\" loading=\"lazy\" decoding=\"async\" width=\"25\" height=\"25\" src=\"https:\/\/i0.wp.com\/francaclassificados.com\/\/source\/view\/img\/18w50.png?resize=25%2C25&#038;ssl=1\" alt=\"Imagem compartilhar facebook\"\/><\/p>\n<\/p><\/div>\n<div class=\"emp\">\n<p>\n            AUX.DE CORTE<br \/>Contrata-se com experi\u00eancia comprovada em carteira para inicio imediato, auxiliar de corte de confec\u00e7\u00e3o. Enviar curr\u00edculo para: mva.vagas@gmail.com \/ 16-99440-0147.\n            <\/p>\n<p><strong>Compartilhe:<\/strong><\/p>\n<p>                <img data-recalc-dims=\"1\" loading=\"lazy\" decoding=\"async\" width=\"25\" height=\"25\" src=\"https:\/\/i0.wp.com\/francaclassificados.com\/\/source\/view\/img\/20w50.png?resize=25%2C25&#038;ssl=1\" alt=\"Imagem compartilhar whatsapp\"\/><\/p>\n<p>                <img data-recalc-dims=\"1\" loading=\"lazy\" decoding=\"async\" width=\"25\" height=\"25\" src=\"https:\/\/i0.wp.com\/francaclassificados.com\/\/source\/view\/img\/18w50.png?resize=25%2C25&#038;ssl=1\" alt=\"Imagem compartilhar facebook\"\/><\/p>\n<\/p><\/div>\n<p>    <script async=\"\" src=\"https:\/\/pagead2.googlesyndication.com\/pagead\/js\/adsbygoogle.js?client=ca-pub-2853392113352629\" crossorigin=\"anonymous\"\/>\n    <ins class=\"adsbygoogle\" style=\"display:block\" data-ad-client=\"ca-pub-2853392113352629\" data-ad-slot=\"2925831803\" data-ad-format=\"auto\" data-full-width-responsive=\"true\"\/>\n    <script><![CDATA[\n    (adsbygoogle = window.adsbygoogle || []).push({});\n    ]]><\/script><\/p>\n<div class=\"emp\">\n<p>\n            ATENDENTE PADARIA \/ BALCONISTA PADARIA<br \/>Contrata-se balconista com EXPERI\u00caNCIA EM PADARIA. Comprometimento e disponibilidade de hor\u00e1rio para finais de semana. Somente enviar com real interesse na vaga! *PADARIA A SER INAUGURADA VILLAGIO MUNDO NOVO. ENVIAR CURR\u00cdCULO COM FOTO: thainna.velozo19@gmail.com (Experi\u00eancia em atendimento em mesas diferencial)\n            <\/p>\n<p><strong>Compartilhe:<\/strong><\/p>\n<p>                <img data-recalc-dims=\"1\" loading=\"lazy\" decoding=\"async\" width=\"25\" height=\"25\" src=\"https:\/\/i0.wp.com\/francaclassificados.com\/\/source\/view\/img\/20w50.png?resize=25%2C25&#038;ssl=1\" alt=\"Imagem compartilhar whatsapp\"\/><\/p>\n<p>                <img data-recalc-dims=\"1\" loading=\"lazy\" decoding=\"async\" width=\"25\" height=\"25\" src=\"https:\/\/i0.wp.com\/francaclassificados.com\/\/source\/view\/img\/18w50.png?resize=25%2C25&#038;ssl=1\" alt=\"Imagem compartilhar facebook\"\/><\/p>\n<\/p><\/div>\n<div class=\"emp\">\n<p>\n            ASSISTENTE DE COBRAN\u00c7A<br \/>Contrata-se Assistente de Cobran\u00e7a com experi\u00eancia. Atividades: Atendimento e cobran\u00e7a de clientes, negocia\u00e7\u00f5es, c\u00e1lculo de juros, emiss\u00e3o de boletos, carta de anu\u00eancia, baixa e liquida\u00e7\u00e3o de t\u00edtulos. Elaborar relat\u00f3rios referentes a cobran\u00e7as efetuadas e atrasos existentes, facilitando o acompanhamento e a tomada de decis\u00e3o. Hor\u00e1rio de Segunda a Sexta-feira, das 8h00 as 18h00. Interessados enviar curr\u00edculo no e-mail vagasselecaofranca@gmail.com\n            <\/p>\n<p><strong>Compartilhe:<\/strong><\/p>\n<p>                <img data-recalc-dims=\"1\" loading=\"lazy\" decoding=\"async\" width=\"25\" height=\"25\" src=\"https:\/\/i0.wp.com\/francaclassificados.com\/\/source\/view\/img\/20w50.png?resize=25%2C25&#038;ssl=1\" alt=\"Imagem compartilhar whatsapp\"\/><\/p>\n<p>                <img data-recalc-dims=\"1\" loading=\"lazy\" decoding=\"async\" width=\"25\" height=\"25\" src=\"https:\/\/i0.wp.com\/francaclassificados.com\/\/source\/view\/img\/18w50.png?resize=25%2C25&#038;ssl=1\" alt=\"Imagem compartilhar facebook\"\/><\/p>\n<\/p><\/div>\n<p>    <script async=\"\" src=\"https:\/\/pagead2.googlesyndication.com\/pagead\/js\/adsbygoogle.js?client=ca-pub-2853392113352629\" crossorigin=\"anonymous\"\/>\n    <ins class=\"adsbygoogle\" style=\"display:block\" data-ad-client=\"ca-pub-2853392113352629\" data-ad-slot=\"2925831803\" data-ad-format=\"auto\" data-full-width-responsive=\"true\"\/>\n    <script><![CDATA[\n    (adsbygoogle = window.adsbygoogle || []).push({});\n    ]]><\/script><\/p>\n<div class=\"emp\">\n<p>\n            AUXILIAR DE SERVI\u00c7OS GERAIS - FAZENDA<br \/>Remunera\u00e7\u00e3o R$ 1.650,00 (M\u00eas) - CLT- Descri\u00e7\u00e3o Hor\u00e1rio de trabalho: Segunda a Sexta das 07:00 \u00e0s 16:48 (Em \u00e9poca da safra as vezes faz horas extras e trabalha aos s\u00e1bados.) Atividades principais: Colher e Plantar caf\u00e9, capinar terreno. Requisitos - Ensino fundamental completo. Benef\u00edcios Possui uma van que pega os colaboradores na rodovia (consultar localiza\u00e7\u00e3o) Enviar curr\u00edculos para o e-mail sinerhgiaempregos@gmail.com\n            <\/p>\n<p><strong>Compartilhe:<\/strong><\/p>\n<p>                <img data-recalc-dims=\"1\" loading=\"lazy\" decoding=\"async\" width=\"25\" height=\"25\" src=\"https:\/\/i0.wp.com\/francaclassificados.com\/\/source\/view\/img\/20w50.png?resize=25%2C25&#038;ssl=1\" alt=\"Imagem compartilhar whatsapp\"\/><\/p>\n<p>                <img data-recalc-dims=\"1\" loading=\"lazy\" decoding=\"async\" width=\"25\" height=\"25\" src=\"https:\/\/i0.wp.com\/francaclassificados.com\/\/source\/view\/img\/18w50.png?resize=25%2C25&#038;ssl=1\" alt=\"Imagem compartilhar facebook\"\/><\/p>\n<\/p><\/div>\n<div class=\"emp\">\n<p>\n            CONFERENTE DE ESTOQUE<br \/>Distribuidora de alimentos e bebidas contrata-se conferente de estoque , para conferencia e separa\u00e7\u00e3o de mercadorias.com experi\u00eancia no ramo aliment\u00edcio. Hor\u00e1rio de segunda \u00e1 sexta das 7:00 \u00e1s 17:00 horas e aos s\u00e1bados das 7:00 \u00e1s 11:00 horas . Interessados encaminhar curr\u00edculo no e-mail deniratacado@outlook.com ou pessoalmente na Av. S\u00e3o Pedro 851 no City Petr\u00f3polis.\n            <\/p>\n<p><strong>Compartilhe:<\/strong><\/p>\n<p>                <img data-recalc-dims=\"1\" loading=\"lazy\" decoding=\"async\" width=\"25\" height=\"25\" src=\"https:\/\/i0.wp.com\/francaclassificados.com\/\/source\/view\/img\/20w50.png?resize=25%2C25&#038;ssl=1\" alt=\"Imagem compartilhar whatsapp\"\/><\/p>\n<p>                <img data-recalc-dims=\"1\" loading=\"lazy\" decoding=\"async\" width=\"25\" height=\"25\" src=\"https:\/\/i0.wp.com\/francaclassificados.com\/\/source\/view\/img\/18w50.png?resize=25%2C25&#038;ssl=1\" alt=\"Imagem compartilhar facebook\"\/><\/p>\n<\/p><\/div>\n<p>    <script async=\"\" src=\"https:\/\/pagead2.googlesyndication.com\/pagead\/js\/adsbygoogle.js?client=ca-pub-2853392113352629\" crossorigin=\"anonymous\"\/>\n    <ins class=\"adsbygoogle\" style=\"display:block\" data-ad-client=\"ca-pub-2853392113352629\" data-ad-slot=\"2925831803\" data-ad-format=\"auto\" data-full-width-responsive=\"true\"\/>\n    <script><![CDATA[\n    (adsbygoogle = window.adsbygoogle || []).push({});\n    ]]><\/script><\/p>\n<div class=\"emp\">\n<p>\n            ADMINISTRATIVO<br \/>Experi\u00eancia em compras \/ Ensino m\u00e9dio completo \/ Disponibilidade segunda a sexta \/ Facilidade com Pacote Office<br \/>\n            <br \/>consultoria.isamuzeti@gmail.com\n            <\/p>\n<p><strong>Compartilhe:<\/strong><\/p>\n<p>                <img data-recalc-dims=\"1\" loading=\"lazy\" decoding=\"async\" width=\"25\" height=\"25\" src=\"https:\/\/i0.wp.com\/francaclassificados.com\/\/source\/view\/img\/20w50.png?resize=25%2C25&#038;ssl=1\" alt=\"Imagem compartilhar whatsapp\"\/><\/p>\n<p>                <img data-recalc-dims=\"1\" loading=\"lazy\" decoding=\"async\" width=\"25\" height=\"25\" src=\"https:\/\/i0.wp.com\/francaclassificados.com\/\/source\/view\/img\/18w50.png?resize=25%2C25&#038;ssl=1\" alt=\"Imagem compartilhar facebook\"\/><\/p>\n<\/p><\/div>\n<div class=\"emp\">\n<p>\n            AUXILIAR ADMINISTRATIVO<br \/>Buscamos profissionais para atuar em \u00e1reas administrativas. Requisitos: Excel Intermedi\u00e1rio, bom relacionamento interpessoal, e saber trabalhar em equipe. Venha fazer parte desse time, envie seu curr\u00edculo para: vagas@palaciodasferramentas.com.br\n            <\/p>\n<p><strong>Compartilhe:<\/strong><\/p>\n<p>                <img data-recalc-dims=\"1\" loading=\"lazy\" decoding=\"async\" width=\"25\" height=\"25\" src=\"https:\/\/i0.wp.com\/francaclassificados.com\/\/source\/view\/img\/20w50.png?resize=25%2C25&#038;ssl=1\" alt=\"Imagem compartilhar whatsapp\"\/><\/p>\n<p>                <img data-recalc-dims=\"1\" loading=\"lazy\" decoding=\"async\" width=\"25\" height=\"25\" src=\"https:\/\/i0.wp.com\/francaclassificados.com\/\/source\/view\/img\/18w50.png?resize=25%2C25&#038;ssl=1\" alt=\"Imagem compartilhar facebook\"\/><\/p>\n<\/p><\/div>\n<p>    <script async=\"\" src=\"https:\/\/pagead2.googlesyndication.com\/pagead\/js\/adsbygoogle.js?client=ca-pub-2853392113352629\" crossorigin=\"anonymous\"\/>\n    <ins class=\"adsbygoogle\" style=\"display:block\" data-ad-client=\"ca-pub-2853392113352629\" data-ad-slot=\"2925831803\" data-ad-format=\"auto\" data-full-width-responsive=\"true\"\/>\n    <script><![CDATA[\n    (adsbygoogle = window.adsbygoogle || []).push({});\n    ]]><\/script><\/p>\n<div class=\"emp\">\n<p>\n            PUBLICIDADE E DESIGN<br \/>Ensino m\u00e9dio completo; - Cursando Publicidade e Propaganda ou \u00e1reas afins - Experi\u00eancia com softwares de design gr\u00e1fico (Adobe Illustrator, Photoshop, InDesign, etc.) Criar e finalizar artes para diversos materiais. Realizar ajustes finais em arquivos de design de acordo com especifica\u00e7\u00f5es. Pessoa criativa, proativa e compromisso com a excel\u00eancia. Enviar curr\u00edculo para: rh.tchwmshoes@gmail.com\n            <\/p>\n<p><strong>Compartilhe:<\/strong><\/p>\n<p>                <img data-recalc-dims=\"1\" loading=\"lazy\" decoding=\"async\" width=\"25\" height=\"25\" src=\"https:\/\/i0.wp.com\/francaclassificados.com\/\/source\/view\/img\/20w50.png?resize=25%2C25&#038;ssl=1\" alt=\"Imagem compartilhar whatsapp\"\/><\/p>\n<p>                <img data-recalc-dims=\"1\" loading=\"lazy\" decoding=\"async\" width=\"25\" height=\"25\" src=\"https:\/\/i0.wp.com\/francaclassificados.com\/\/source\/view\/img\/18w50.png?resize=25%2C25&#038;ssl=1\" alt=\"Imagem compartilhar facebook\"\/><\/p>\n<\/p><\/div>\n<div class=\"emp\">\n<p>\n            MOLINEIRO<br \/>F\u00e1brica de Cal\u00e7ados contrata para in\u00edcio imediato: MOLINEIRO com experi\u00eancia. Interessados deixar curr\u00edculo no barrac\u00e3o Av. Major Elias Motta, 1161 - Jd Paulistano, ou enviar o curr\u00edculo no e-mail: vagas.arietto@gmail.com\n            <\/p>\n<p><strong>Compartilhe:<\/strong><\/p>\n<p>                <img data-recalc-dims=\"1\" loading=\"lazy\" decoding=\"async\" width=\"25\" height=\"25\" src=\"https:\/\/i0.wp.com\/francaclassificados.com\/\/source\/view\/img\/20w50.png?resize=25%2C25&#038;ssl=1\" alt=\"Imagem compartilhar whatsapp\"\/><\/p>\n<p>                <img data-recalc-dims=\"1\" loading=\"lazy\" decoding=\"async\" width=\"25\" height=\"25\" src=\"https:\/\/i0.wp.com\/francaclassificados.com\/\/source\/view\/img\/18w50.png?resize=25%2C25&#038;ssl=1\" alt=\"Imagem compartilhar facebook\"\/><\/p>\n<\/p><\/div>\n<p>    <script async=\"\" src=\"https:\/\/pagead2.googlesyndication.com\/pagead\/js\/adsbygoogle.js?client=ca-pub-2853392113352629\" crossorigin=\"anonymous\"\/>\n    <ins class=\"adsbygoogle\" style=\"display:block\" data-ad-client=\"ca-pub-2853392113352629\" data-ad-slot=\"2925831803\" data-ad-format=\"auto\" data-full-width-responsive=\"true\"\/>\n    <script><![CDATA[\n    (adsbygoogle = window.adsbygoogle || []).push({});\n    ]]><\/script><\/p>\n<div class=\"emp\">\n<p>\n            BANCAS DE PESPONTO<br \/>Estamos contratando bancas de pesponto para produ\u00e7\u00e3o di\u00e1ria de botinas para come\u00e7ar de imediato. Favor vir at\u00e9 o nosso endere\u00e7o e falar com Fabiano. Rua F\u00e9lix Garcia Garcia N\u00b0 3358 - Prolongamento Jardim \u00c2ngela Rosa, ou chame no whatsapp (16) 99731-3456. Contratamos bancas na cidade de Franca e regi\u00e3o com urg\u00eancia.\n            <\/p>\n<p><strong>Compartilhe:<\/strong><\/p>\n<p>                <img data-recalc-dims=\"1\" loading=\"lazy\" decoding=\"async\" width=\"25\" height=\"25\" src=\"https:\/\/i0.wp.com\/francaclassificados.com\/\/source\/view\/img\/20w50.png?resize=25%2C25&#038;ssl=1\" alt=\"Imagem compartilhar whatsapp\"\/><\/p>\n<p>                <img data-recalc-dims=\"1\" loading=\"lazy\" decoding=\"async\" width=\"25\" height=\"25\" src=\"https:\/\/i0.wp.com\/francaclassificados.com\/\/source\/view\/img\/18w50.png?resize=25%2C25&#038;ssl=1\" alt=\"Imagem compartilhar facebook\"\/><\/p>\n<\/p><\/div>\n<div class=\"emp\">\n<p>\n            VENDEDOR (A) INTERNO<br \/>Identificar e prospectar novos clientes; Avaliar e qualificar leads; Realizar negocia\u00e7\u00e3o e fechamento de vendas; Gerenciar relacionamentos de novos clientes; Realizar e enviar propostas comerciais; Apresentar produtos e servi\u00e7os para clientes; Enviar curr\u00edculo para o e-mail: rh.dpvagas01@gmail.com\n            <\/p>\n<p><strong>Compartilhe:<\/strong><\/p>\n<p>                <img data-recalc-dims=\"1\" loading=\"lazy\" decoding=\"async\" width=\"25\" height=\"25\" src=\"https:\/\/i0.wp.com\/francaclassificados.com\/\/source\/view\/img\/20w50.png?resize=25%2C25&#038;ssl=1\" alt=\"Imagem compartilhar whatsapp\"\/><\/p>\n<p>                <img data-recalc-dims=\"1\" loading=\"lazy\" decoding=\"async\" width=\"25\" height=\"25\" src=\"https:\/\/i0.wp.com\/francaclassificados.com\/\/source\/view\/img\/18w50.png?resize=25%2C25&#038;ssl=1\" alt=\"Imagem compartilhar facebook\"\/><\/p>\n<\/p><\/div>\n<p>    <script async=\"\" src=\"https:\/\/pagead2.googlesyndication.com\/pagead\/js\/adsbygoogle.js?client=ca-pub-2853392113352629\" crossorigin=\"anonymous\"\/>\n    <ins class=\"adsbygoogle\" style=\"display:block\" data-ad-client=\"ca-pub-2853392113352629\" data-ad-slot=\"2925831803\" data-ad-format=\"auto\" data-full-width-responsive=\"true\"\/>\n    <script><![CDATA[\n    (adsbygoogle = window.adsbygoogle || []).push({});\n    ]]><\/script><\/p>\n<div class=\"emp\">\n<p>\n            Contrata: * Vendedor de insumos para obras, * Consultor de televendas, * Mec\u00e2nico agr\u00edcola (S\u00e3o Jos\u00e9 do Rio Preto), * Assi comercial, * Estagi\u00e1rios ADM e MKT, *Analista cont\u00e1bil, * Aux. t\u00e9cnico, * Vendedor externo (regi\u00e3o Anhanguera), * Assistente de garantia, * Aux administrativo, * Aux. de estoque, * Vendedor (a), * Ass. financeiro, * Backoffice comercial, * Atendente de SAC, * Aux. de RH. Nos chame no WhatsApp (16) 98219-6535. Le Set ????\n            <\/p>\n<p><strong>Compartilhe:<\/strong><\/p>\n<p>                <img data-recalc-dims=\"1\" loading=\"lazy\" decoding=\"async\" width=\"25\" height=\"25\" src=\"https:\/\/i0.wp.com\/francaclassificados.com\/\/source\/view\/img\/20w50.png?resize=25%2C25&#038;ssl=1\" alt=\"Imagem compartilhar whatsapp\"\/><\/p>\n<p>                <img data-recalc-dims=\"1\" loading=\"lazy\" decoding=\"async\" width=\"25\" height=\"25\" src=\"https:\/\/i0.wp.com\/francaclassificados.com\/\/source\/view\/img\/18w50.png?resize=25%2C25&#038;ssl=1\" alt=\"Imagem compartilhar facebook\"\/><\/p>\n<\/p><\/div>\n<div class=\"emp\">\n<p>\n            Admite-se para 2 vagas: APONTADOR DE SOLA e PASSADOR DE COLA. F\u00e1brica localizada no Tropical: Chamar no Whatsapp 16 98809-9835\n            <\/p>\n<p><strong>Compartilhe:<\/strong><\/p>\n<p>                <img data-recalc-dims=\"1\" loading=\"lazy\" decoding=\"async\" width=\"25\" height=\"25\" src=\"https:\/\/i0.wp.com\/francaclassificados.com\/\/source\/view\/img\/20w50.png?resize=25%2C25&#038;ssl=1\" alt=\"Imagem compartilhar whatsapp\"\/><\/p>\n<p>                <img data-recalc-dims=\"1\" loading=\"lazy\" decoding=\"async\" width=\"25\" height=\"25\" src=\"https:\/\/i0.wp.com\/francaclassificados.com\/\/source\/view\/img\/18w50.png?resize=25%2C25&#038;ssl=1\" alt=\"Imagem compartilhar facebook\"\/><\/p>\n<\/p><\/div>\n<p>    <script async=\"\" src=\"https:\/\/pagead2.googlesyndication.com\/pagead\/js\/adsbygoogle.js?client=ca-pub-2853392113352629\" crossorigin=\"anonymous\"\/>\n    <ins class=\"adsbygoogle\" style=\"display:block\" data-ad-client=\"ca-pub-2853392113352629\" data-ad-slot=\"2925831803\" data-ad-format=\"auto\" data-full-width-responsive=\"true\"\/>\n    <script><![CDATA[\n    (adsbygoogle = window.adsbygoogle || []).push({});\n    ]]><\/script><\/p>\n<div class=\"emp\">\n<p>\n            Contrata-se cortador ( sexo masculino) para confec\u00e7\u00e3o de moletom\/bermudas e regatas. Ser\u00e1 um diferencial ter experi\u00eancia comprovada em carteira. trabalho registrado de segunda a sexta feira hor\u00e1rio comercial. enviar curriculos para vagasdetrabalhofranca@gmail.com\n            <\/p>\n<p><strong>Compartilhe:<\/strong><\/p>\n<p>                <img data-recalc-dims=\"1\" loading=\"lazy\" decoding=\"async\" width=\"25\" height=\"25\" src=\"https:\/\/i0.wp.com\/francaclassificados.com\/\/source\/view\/img\/20w50.png?resize=25%2C25&#038;ssl=1\" alt=\"Imagem compartilhar whatsapp\"\/><\/p>\n<p>                <img data-recalc-dims=\"1\" loading=\"lazy\" decoding=\"async\" width=\"25\" height=\"25\" src=\"https:\/\/i0.wp.com\/francaclassificados.com\/\/source\/view\/img\/18w50.png?resize=25%2C25&#038;ssl=1\" alt=\"Imagem compartilhar facebook\"\/><\/p>\n<\/p><\/div>\n<div class=\"emp\">\n<p>\n            ADMITE-SE COLADEIRA DE PE\u00c7AS COM PR\u00c1TICA. ENVIAR E-MAIL PARA: CALCADOSPARTHER@GMAIL.COM\n            <\/p>\n<p><strong>Compartilhe:<\/strong><\/p>\n<p>                <img data-recalc-dims=\"1\" loading=\"lazy\" decoding=\"async\" width=\"25\" height=\"25\" src=\"https:\/\/i0.wp.com\/francaclassificados.com\/\/source\/view\/img\/20w50.png?resize=25%2C25&#038;ssl=1\" alt=\"Imagem compartilhar whatsapp\"\/><\/p>\n<p>                <img data-recalc-dims=\"1\" loading=\"lazy\" decoding=\"async\" width=\"25\" height=\"25\" src=\"https:\/\/i0.wp.com\/francaclassificados.com\/\/source\/view\/img\/18w50.png?resize=25%2C25&#038;ssl=1\" alt=\"Imagem compartilhar facebook\"\/><\/p>\n<\/p><\/div>\n<p>    <script async=\"\" src=\"https:\/\/pagead2.googlesyndication.com\/pagead\/js\/adsbygoogle.js?client=ca-pub-2853392113352629\" crossorigin=\"anonymous\"\/>\n    <ins class=\"adsbygoogle\" style=\"display:block\" data-ad-client=\"ca-pub-2853392113352629\" data-ad-slot=\"2925831803\" data-ad-format=\"auto\" data-full-width-responsive=\"true\"\/>\n    <script><![CDATA[\n    (adsbygoogle = window.adsbygoogle || []).push({});\n    ]]><\/script><\/p>\n<div class=\"emp\">\n<p>\n            PORTEIRO PARA INDUSTRIA DIURNO<br \/>Contrata porteiro diurno com experiencia minima de 1 ano, Jornada 12x36. Controle de entrada de pessoas e veiculos , monitoramento interno, e demais servi\u00e7os pertinentes ao cargos. Interessados enviar curriculo para recrutamento@harus.ind.br com assunto: Porteiro Diurno\n            <\/p>\n<p><strong>Compartilhe:<\/strong><\/p>\n<p>                <img data-recalc-dims=\"1\" loading=\"lazy\" decoding=\"async\" width=\"25\" height=\"25\" src=\"https:\/\/i0.wp.com\/francaclassificados.com\/\/source\/view\/img\/20w50.png?resize=25%2C25&#038;ssl=1\" alt=\"Imagem compartilhar whatsapp\"\/><\/p>\n<p>                <img data-recalc-dims=\"1\" loading=\"lazy\" decoding=\"async\" width=\"25\" height=\"25\" src=\"https:\/\/i0.wp.com\/francaclassificados.com\/\/source\/view\/img\/18w50.png?resize=25%2C25&#038;ssl=1\" alt=\"Imagem compartilhar facebook\"\/><\/p>\n<\/p><\/div>\n<div class=\"emp\">\n<p>\n            AJUDANTE DE MARCENARIA<br \/>Precisa se de ajudante de MARCENARIA (masculino)<br \/>De prefer\u00eancia que tenha experi\u00eancia.<br \/>Interessados entrar em contato no n\u00famero 16.991768900\n            <\/p>\n<p><strong>Compartilhe:<\/strong><\/p>\n<p>                <img data-recalc-dims=\"1\" loading=\"lazy\" decoding=\"async\" width=\"25\" height=\"25\" src=\"https:\/\/i0.wp.com\/francaclassificados.com\/\/source\/view\/img\/20w50.png?resize=25%2C25&#038;ssl=1\" alt=\"Imagem compartilhar whatsapp\"\/><\/p>\n<p>                <img data-recalc-dims=\"1\" loading=\"lazy\" decoding=\"async\" width=\"25\" height=\"25\" src=\"https:\/\/i0.wp.com\/francaclassificados.com\/\/source\/view\/img\/18w50.png?resize=25%2C25&#038;ssl=1\" alt=\"Imagem compartilhar facebook\"\/><\/p>\n<\/p><\/div>\n<p>    <script async=\"\" src=\"https:\/\/pagead2.googlesyndication.com\/pagead\/js\/adsbygoogle.js?client=ca-pub-2853392113352629\" crossorigin=\"anonymous\"\/>\n    <ins class=\"adsbygoogle\" style=\"display:block\" data-ad-client=\"ca-pub-2853392113352629\" data-ad-slot=\"2925831803\" data-ad-format=\"auto\" data-full-width-responsive=\"true\"\/>\n    <script><![CDATA[\n    (adsbygoogle = window.adsbygoogle || []).push({});\n    ]]><\/script><\/p>\n<div class=\"emp\">\n<p>\n            CONTRATA ANALISTA DE CR\u00c9DITO: - ANALISE DE CADASTROS - CONSULTAS EM SITES ESPECIALIZADOS - DIGITA\u00c7\u00c3O DE PROPOSTAS E FORMALIZA\u00c7\u00c3O. De prefer\u00eancia com experi\u00eancia e que tenha conhecimento em inform\u00e1tica e Pacote Office. - Sal\u00e1rio fixo + VA - Enviar curr\u00edculo para o e-mail : marketing@credfran.com.br Obs.: FAVOR COLOCAR NO ASSUNTO A VAGA DE ACORDO COM O ANUNCIO.\n            <\/p>\n<p><strong>Compartilhe:<\/strong><\/p>\n<p>                <img data-recalc-dims=\"1\" loading=\"lazy\" decoding=\"async\" width=\"25\" height=\"25\" src=\"https:\/\/i0.wp.com\/francaclassificados.com\/\/source\/view\/img\/20w50.png?resize=25%2C25&#038;ssl=1\" alt=\"Imagem compartilhar whatsapp\"\/><\/p>\n<p>                <img data-recalc-dims=\"1\" loading=\"lazy\" decoding=\"async\" width=\"25\" height=\"25\" src=\"https:\/\/i0.wp.com\/francaclassificados.com\/\/source\/view\/img\/18w50.png?resize=25%2C25&#038;ssl=1\" alt=\"Imagem compartilhar facebook\"\/><\/p>\n<\/p><\/div>\n<div class=\"emp\">\n<p>\n            VENDEDORA<br \/>Contrata-se vendedora com experi\u00eancia em vendas e operadora de caixa, na \u00e1rea da beleza,maquiagem cabelos,designer de sobrancelha e que seja extremamente comunicativa,respons\u00e1vel que goste de metas e desafios !! Curr\u00edculo s\u00f3 pessoalmente na rua do com\u00e9rcio 1855 procurar somente por Janice\n            <\/p>\n<p><strong>Compartilhe:<\/strong><\/p>\n<p>                <img data-recalc-dims=\"1\" loading=\"lazy\" decoding=\"async\" width=\"25\" height=\"25\" src=\"https:\/\/i0.wp.com\/francaclassificados.com\/\/source\/view\/img\/20w50.png?resize=25%2C25&#038;ssl=1\" alt=\"Imagem compartilhar whatsapp\"\/><\/p>\n<p>                <img data-recalc-dims=\"1\" loading=\"lazy\" decoding=\"async\" width=\"25\" height=\"25\" src=\"https:\/\/i0.wp.com\/francaclassificados.com\/\/source\/view\/img\/18w50.png?resize=25%2C25&#038;ssl=1\" alt=\"Imagem compartilhar facebook\"\/><\/p>\n<\/p><\/div>\n<p>    <script async=\"\" src=\"https:\/\/pagead2.googlesyndication.com\/pagead\/js\/adsbygoogle.js?client=ca-pub-2853392113352629\" crossorigin=\"anonymous\"\/>\n    <ins class=\"adsbygoogle\" style=\"display:block\" data-ad-client=\"ca-pub-2853392113352629\" data-ad-slot=\"2925831803\" data-ad-format=\"auto\" data-full-width-responsive=\"true\"\/>\n    <script><![CDATA[\n    (adsbygoogle = window.adsbygoogle || []).push({});\n    ]]><\/script><\/p>\n<div class=\"emp\">\n<p>\n            MOTORISTA ENTREGA\/COLETA<br \/>Empresa na \u00e1rea de Log\u00edstica\/Transporte em Franca\/SP, seleciona MOTORISTA Ensino m\u00e9dio completo. Com Experi\u00eancia. Ir\u00e1 executar atividade de coletas e entregas fracionada em Franca, com conhecimento no sistema GPS. De Segunda a sexta 08:00 \u00e0s 18:00 e S\u00e1bado das 08:00 \u00e0s 12:00, Sal\u00e1rio: R$ 2.198,00, Cesta b\u00e1sica, PLR, Vale transporte. Interessado ? Enviar curr\u00edculo para oportunidademdl@gmail.com Colocar no assunto VAGA MOTORISTA COLETA E ENTREGA\n            <\/p>\n<p><strong>Compartilhe:<\/strong><\/p>\n<p>                <img data-recalc-dims=\"1\" loading=\"lazy\" decoding=\"async\" width=\"25\" height=\"25\" src=\"https:\/\/i0.wp.com\/francaclassificados.com\/\/source\/view\/img\/20w50.png?resize=25%2C25&#038;ssl=1\" alt=\"Imagem compartilhar whatsapp\"\/><\/p>\n<p>                <img data-recalc-dims=\"1\" loading=\"lazy\" decoding=\"async\" width=\"25\" height=\"25\" src=\"https:\/\/i0.wp.com\/francaclassificados.com\/\/source\/view\/img\/18w50.png?resize=25%2C25&#038;ssl=1\" alt=\"Imagem compartilhar facebook\"\/><\/p>\n<\/p><\/div>\n<div class=\"emp\">\n<p>\n            CONTRATA PROFISSIONAIS COM EXPERIENCIA NA AREA DE VENDAS PARA AS NOSSAS LOJAS DE MOVEIS. FAVOR ENVIAR O CV AOS CUIDADOS DO PAULINO 016-99162-8951\n            <\/p>\n<p><strong>Compartilhe:<\/strong><\/p>\n<p>                <img data-recalc-dims=\"1\" loading=\"lazy\" decoding=\"async\" width=\"25\" height=\"25\" src=\"https:\/\/i0.wp.com\/francaclassificados.com\/\/source\/view\/img\/20w50.png?resize=25%2C25&#038;ssl=1\" alt=\"Imagem compartilhar whatsapp\"\/><\/p>\n<p>                <img data-recalc-dims=\"1\" loading=\"lazy\" decoding=\"async\" width=\"25\" height=\"25\" src=\"https:\/\/i0.wp.com\/francaclassificados.com\/\/source\/view\/img\/18w50.png?resize=25%2C25&#038;ssl=1\" alt=\"Imagem compartilhar facebook\"\/><\/p>\n<\/p><\/div>\n<p>    <script async=\"\" src=\"https:\/\/pagead2.googlesyndication.com\/pagead\/js\/adsbygoogle.js?client=ca-pub-2853392113352629\" crossorigin=\"anonymous\"\/>\n    <ins class=\"adsbygoogle\" style=\"display:block\" data-ad-client=\"ca-pub-2853392113352629\" data-ad-slot=\"2925831803\" data-ad-format=\"auto\" data-full-width-responsive=\"true\"\/>\n    <script><![CDATA[\n    (adsbygoogle = window.adsbygoogle || []).push({});\n    ]]><\/script><\/p>\n<div class=\"emp\">\n<p>\n            ESTAGI\u00c1RIA<br \/>Oportunidade de est\u00e1gio em loja de roupas feminas, vaga para o per\u00edodo da tarde (13h \u00e0s 18hrs). Necess\u00e1rio estar cursando ensino m\u00e9dio. Envie seu curr\u00edculo para o Whatsapp: (16) 3701- 8473 ou no email:hype.recrutamento@gmail.com\n            <\/p>\n<p><strong>Compartilhe:<\/strong><\/p>\n<p>                <img data-recalc-dims=\"1\" loading=\"lazy\" decoding=\"async\" width=\"25\" height=\"25\" src=\"https:\/\/i0.wp.com\/francaclassificados.com\/\/source\/view\/img\/20w50.png?resize=25%2C25&#038;ssl=1\" alt=\"Imagem compartilhar whatsapp\"\/><\/p>\n<p>                <img data-recalc-dims=\"1\" loading=\"lazy\" decoding=\"async\" width=\"25\" height=\"25\" src=\"https:\/\/i0.wp.com\/francaclassificados.com\/\/source\/view\/img\/18w50.png?resize=25%2C25&#038;ssl=1\" alt=\"Imagem compartilhar facebook\"\/><\/p>\n<\/p><\/div>\n<div class=\"emp\">\n<p>\n            Contrata para uma das melhores ind\u00fastrias da regi\u00e3o de Franca. Necessitamos de uma pessoa com for\u00e7a de vontade e proativo. Auxiliar de Produ\u00e7\u00e3o e Aux. Produ\u00e7\u00e3o PCD. Conceituada empresa que produz componentes em geral. Hor\u00e1rio das 16h30 as 01h23, segunda a quinta. Sexta das 14h30 as 23h08. (Pagamos sal\u00e1rio CLT a combinar + Bonifica\u00e7\u00e3o por Assiduidade + Caf\u00e9 da manh\u00e3\/tarde + \u00f3tima empresa para se trabalhar). Enviar curr\u00edculos para: rhdequalidade2@gmail.com\n            <\/p>\n<p><strong>Compartilhe:<\/strong><\/p>\n<p>                <img data-recalc-dims=\"1\" loading=\"lazy\" decoding=\"async\" width=\"25\" height=\"25\" src=\"https:\/\/i0.wp.com\/francaclassificados.com\/\/source\/view\/img\/20w50.png?resize=25%2C25&#038;ssl=1\" alt=\"Imagem compartilhar whatsapp\"\/><\/p>\n<p>                <img data-recalc-dims=\"1\" loading=\"lazy\" decoding=\"async\" width=\"25\" height=\"25\" src=\"https:\/\/i0.wp.com\/francaclassificados.com\/\/source\/view\/img\/18w50.png?resize=25%2C25&#038;ssl=1\" alt=\"Imagem compartilhar facebook\"\/><\/p>\n<\/p><\/div>\n<p>    <script async=\"\" src=\"https:\/\/pagead2.googlesyndication.com\/pagead\/js\/adsbygoogle.js?client=ca-pub-2853392113352629\" crossorigin=\"anonymous\"\/>\n    <ins class=\"adsbygoogle\" style=\"display:block\" data-ad-client=\"ca-pub-2853392113352629\" data-ad-slot=\"2925831803\" data-ad-format=\"auto\" data-full-width-responsive=\"true\"\/>\n    <script><![CDATA[\n    (adsbygoogle = window.adsbygoogle || []).push({});\n    ]]><\/script><\/p>\n<div class=\"emp\">\n<p>\n            CUIDADOR (A) <br \/>MASCULINO OU FEMININO, EXPERIENCIA NA FUN\u00c7AO, curso de cuidador ser\u00e1 um diferencial, gostar de cuidar de pessoas e ser inclusivo. DISPONIBILIDADE DE ESCALA 12X36 DIURNO . Auxiliar em rotinas de vida di\u00e1ria como banho, higiene \u00edntima, alimenta\u00e7\u00e3o entre outras fun\u00e7\u00f5es. SALARIO FIXO,VALE ALIMENTA\u00c7\u00c3O, VALE TRANSPORTE, ENTRE OUTROS BENEFICIOS. Por favor enviar seu curr\u00edculo pelo e-mail curriculo@feji.org.br ou deixar pessoalmente na RUA OF\u00c9LIA SOARS RUSSO 970 JD PLANALTO\n            <\/p>\n<p><strong>Compartilhe:<\/strong><\/p>\n<p>                <img data-recalc-dims=\"1\" loading=\"lazy\" decoding=\"async\" width=\"25\" height=\"25\" src=\"https:\/\/i0.wp.com\/francaclassificados.com\/\/source\/view\/img\/20w50.png?resize=25%2C25&#038;ssl=1\" alt=\"Imagem compartilhar whatsapp\"\/><\/p>\n<p>                <img data-recalc-dims=\"1\" loading=\"lazy\" decoding=\"async\" width=\"25\" height=\"25\" src=\"https:\/\/i0.wp.com\/francaclassificados.com\/\/source\/view\/img\/18w50.png?resize=25%2C25&#038;ssl=1\" alt=\"Imagem compartilhar facebook\"\/><\/p>\n<\/p><\/div>\n<div class=\"emp\">\n<p>\n            ATENDENTE BALC\u00c3O- RAMO ALIMENT\u00cdCIO<br \/>Inicio Imediato - Atendente Balc\u00e3o turno de 6 horas, das 17h \u00e0s 23h30, com 30 minutos de intervalo, de segunda a domingo, com uma folga fixa na semana (exceto sexta e s\u00e1bado). Oferecemos benef\u00edcios como vale-transporte, conv\u00eanio m\u00e9dico e odontol\u00f3gico, al\u00e9m do vale refei\u00e7\u00e3o. Se voc\u00ea \u00e9 proativo, gosta de trabalhar em equipe e tem disponibilidade para esse hor\u00e1rio, envie seu curr\u00edculo para vagasreconect@gmail.com com o titulo \"Artista de Lanche\".\n            <\/p>\n<p><strong>Compartilhe:<\/strong><\/p>\n<p>                <img data-recalc-dims=\"1\" loading=\"lazy\" decoding=\"async\" width=\"25\" height=\"25\" src=\"https:\/\/i0.wp.com\/francaclassificados.com\/\/source\/view\/img\/20w50.png?resize=25%2C25&#038;ssl=1\" alt=\"Imagem compartilhar whatsapp\"\/><\/p>\n<p>                <img data-recalc-dims=\"1\" loading=\"lazy\" decoding=\"async\" width=\"25\" height=\"25\" src=\"https:\/\/i0.wp.com\/francaclassificados.com\/\/source\/view\/img\/18w50.png?resize=25%2C25&#038;ssl=1\" alt=\"Imagem compartilhar facebook\"\/><\/p>\n<\/p><\/div>\n<p>    <script async=\"\" src=\"https:\/\/pagead2.googlesyndication.com\/pagead\/js\/adsbygoogle.js?client=ca-pub-2853392113352629\" crossorigin=\"anonymous\"\/>\n    <ins class=\"adsbygoogle\" style=\"display:block\" data-ad-client=\"ca-pub-2853392113352629\" data-ad-slot=\"2925831803\" data-ad-format=\"auto\" data-full-width-responsive=\"true\"\/>\n    <script><![CDATA[\n    (adsbygoogle = window.adsbygoogle || []).push({});\n    ]]><\/script><\/p>\n<div class=\"emp\">\n<p>\n            Contrata-se auxiliar de escrit\u00f3rio para os departamentos Cont\u00e1bil, Pessoal e Fiscal, que tenham experi\u00eancia. Interessados enviar curriculo para humanospessoal.recursos@gmail.com\n            <\/p>\n<p><strong>Compartilhe:<\/strong><\/p>\n<p>                <img data-recalc-dims=\"1\" loading=\"lazy\" decoding=\"async\" width=\"25\" height=\"25\" src=\"https:\/\/i0.wp.com\/francaclassificados.com\/\/source\/view\/img\/20w50.png?resize=25%2C25&#038;ssl=1\" alt=\"Imagem compartilhar whatsapp\"\/><\/p>\n<p>                <img data-recalc-dims=\"1\" loading=\"lazy\" decoding=\"async\" width=\"25\" height=\"25\" src=\"https:\/\/i0.wp.com\/francaclassificados.com\/\/source\/view\/img\/18w50.png?resize=25%2C25&#038;ssl=1\" alt=\"Imagem compartilhar facebook\"\/><\/p>\n<\/p><\/div>\n<div class=\"emp\">\n<p>\n            VENDEDORA<br \/>Loja de roupas femininas busca VENDEDORA, experi\u00eancia no setor de moda ser\u00e1 um diferencial. Sal\u00e1rio: R$ 1.899,20 Hor\u00e1rio: 08:30h \u00e1s 18:00h com 01:30h almo\u00e7o (seg a sex) S\u00e1bado: 08:30h \u00e1s 13:00h, Comiss\u00e3o sobre as vendas ap\u00f3s per\u00edodo de experi\u00eancia. Interessados enviar curr\u00edculos para:<br \/>\n            <br \/>selecaoevagas2024@hotmail.com\n            <\/p>\n<p><strong>Compartilhe:<\/strong><\/p>\n<p>                <img data-recalc-dims=\"1\" loading=\"lazy\" decoding=\"async\" width=\"25\" height=\"25\" src=\"https:\/\/i0.wp.com\/francaclassificados.com\/\/source\/view\/img\/20w50.png?resize=25%2C25&#038;ssl=1\" alt=\"Imagem compartilhar whatsapp\"\/><\/p>\n<p>                <img data-recalc-dims=\"1\" loading=\"lazy\" decoding=\"async\" width=\"25\" height=\"25\" src=\"https:\/\/i0.wp.com\/francaclassificados.com\/\/source\/view\/img\/18w50.png?resize=25%2C25&#038;ssl=1\" alt=\"Imagem compartilhar facebook\"\/><\/p>\n<\/p><\/div>\n<p>    <script async=\"\" src=\"https:\/\/pagead2.googlesyndication.com\/pagead\/js\/adsbygoogle.js?client=ca-pub-2853392113352629\" crossorigin=\"anonymous\"\/>\n    <ins class=\"adsbygoogle\" style=\"display:block\" data-ad-client=\"ca-pub-2853392113352629\" data-ad-slot=\"2925831803\" data-ad-format=\"auto\" data-full-width-responsive=\"true\"\/>\n    <script><![CDATA[\n    (adsbygoogle = window.adsbygoogle || []).push({});\n    ]]><\/script><\/p>\n<div class=\"emp\">\n<p>\n            CASEIRO<br \/>Contrata-se casal sem filhos para cuidar de sitio localizado em Estreito cidade localizada no munic\u00edpio de Pedregulho , necess\u00e1rio experi\u00eancia com cria\u00e7\u00e3o de animais e que saiba dirigir trator . Encaminhar curr\u00edculos para 16 99361-4307.\n            <\/p>\n<p><strong>Compartilhe:<\/strong><\/p>\n<p>                <img data-recalc-dims=\"1\" loading=\"lazy\" decoding=\"async\" width=\"25\" height=\"25\" src=\"https:\/\/i0.wp.com\/francaclassificados.com\/\/source\/view\/img\/20w50.png?resize=25%2C25&#038;ssl=1\" alt=\"Imagem compartilhar whatsapp\"\/><\/p>\n<p>                <img data-recalc-dims=\"1\" loading=\"lazy\" decoding=\"async\" width=\"25\" height=\"25\" src=\"https:\/\/i0.wp.com\/francaclassificados.com\/\/source\/view\/img\/18w50.png?resize=25%2C25&#038;ssl=1\" alt=\"Imagem compartilhar facebook\"\/><\/p>\n<\/p><\/div>\n<div class=\"emp\">\n<p>\n            INDUSTRIA DE CAL\u00c7ADOS CONTRATA PARA INICIO IMEDIATO : * BANCA DE PESPONTO,* PESPONTADOR(A) E COLADOR(A) DE PE\u00c7A*.INTERESSADOS COMPARECER A RUA EMILIO BERTONI , N.2435 , ESQUINA COM AUSTIN RIBEIRO VILELA,955- JDM PETRAGLIA EM FRENTE A FACULDADE UNESP.\n            <\/p>\n<p><strong>Compartilhe:<\/strong><\/p>\n<p>                <img data-recalc-dims=\"1\" loading=\"lazy\" decoding=\"async\" width=\"25\" height=\"25\" src=\"https:\/\/i0.wp.com\/francaclassificados.com\/\/source\/view\/img\/20w50.png?resize=25%2C25&#038;ssl=1\" alt=\"Imagem compartilhar whatsapp\"\/><\/p>\n<p>                <img data-recalc-dims=\"1\" loading=\"lazy\" decoding=\"async\" width=\"25\" height=\"25\" src=\"https:\/\/i0.wp.com\/francaclassificados.com\/\/source\/view\/img\/18w50.png?resize=25%2C25&#038;ssl=1\" alt=\"Imagem compartilhar facebook\"\/><\/p>\n<\/p><\/div>\n<p>    <script async=\"\" src=\"https:\/\/pagead2.googlesyndication.com\/pagead\/js\/adsbygoogle.js?client=ca-pub-2853392113352629\" crossorigin=\"anonymous\"\/>\n    <ins class=\"adsbygoogle\" style=\"display:block\" data-ad-client=\"ca-pub-2853392113352629\" data-ad-slot=\"2925831803\" data-ad-format=\"auto\" data-full-width-responsive=\"true\"\/>\n    <script><![CDATA[\n    (adsbygoogle = window.adsbygoogle || []).push({});\n    ]]><\/script><\/p>\n<div class=\"emp\">\n<p>\n            VENDEDOR(A)<br \/>Busca-se perfil com foco em resultados para atua\u00e7\u00e3o em empresa do segmento de resist\u00eancias el\u00e9tricas, atendendo a empresas do agroneg\u00f3cio. Atua\u00e7\u00e3o principal na manuten\u00e7\u00e3o de clientes com projeto de prospec\u00e7\u00e3o de novos. Requisito: Disponibilidade para viagens pontuais. Pacote Office. Sal\u00e1rio fixo primeiros 3 meses, depois proposta de comiss\u00e3o. Interessados, encaminhar at\u00e9 CV at\u00e9 20\/06 c\/ assunto \"Vendedor\" p\/ vagas@rmconsultoriagp.com.br\n            <\/p>\n<p><strong>Compartilhe:<\/strong><\/p>\n<p>                <img data-recalc-dims=\"1\" loading=\"lazy\" decoding=\"async\" width=\"25\" height=\"25\" src=\"https:\/\/i0.wp.com\/francaclassificados.com\/\/source\/view\/img\/20w50.png?resize=25%2C25&#038;ssl=1\" alt=\"Imagem compartilhar whatsapp\"\/><\/p>\n<p>                <img data-recalc-dims=\"1\" loading=\"lazy\" decoding=\"async\" width=\"25\" height=\"25\" src=\"https:\/\/i0.wp.com\/francaclassificados.com\/\/source\/view\/img\/18w50.png?resize=25%2C25&#038;ssl=1\" alt=\"Imagem compartilhar facebook\"\/><\/p>\n<\/p><\/div>\n<div class=\"emp\">\n<p>\n            Contrata-se A\u00e7ougueiro, Operadora de Caixa, Repositor, Motorista e Balconista *Disponibilidade de hor\u00e1rio * BENEF\u00cdCIOS: *Assist\u00eancia m\u00e9dica *Beneficio por assiduidade *Seguro de vida *Vale-transporte *Conv\u00eanio odontol\u00f3gico Interessados enviar curr\u00edculo para: recrutamento_processos@hotmail.com OBS: Favor colocar a vaga desejada no assunto do e-mail.\n            <\/p>\n<p><strong>Compartilhe:<\/strong><\/p>\n<p>                <img data-recalc-dims=\"1\" loading=\"lazy\" decoding=\"async\" width=\"25\" height=\"25\" src=\"https:\/\/i0.wp.com\/francaclassificados.com\/\/source\/view\/img\/20w50.png?resize=25%2C25&#038;ssl=1\" alt=\"Imagem compartilhar whatsapp\"\/><\/p>\n<p>                <img data-recalc-dims=\"1\" loading=\"lazy\" decoding=\"async\" width=\"25\" height=\"25\" src=\"https:\/\/i0.wp.com\/francaclassificados.com\/\/source\/view\/img\/18w50.png?resize=25%2C25&#038;ssl=1\" alt=\"Imagem compartilhar facebook\"\/><\/p>\n<\/p><\/div>\n<p>    <script async=\"\" src=\"https:\/\/pagead2.googlesyndication.com\/pagead\/js\/adsbygoogle.js?client=ca-pub-2853392113352629\" crossorigin=\"anonymous\"\/>\n    <ins class=\"adsbygoogle\" style=\"display:block\" data-ad-client=\"ca-pub-2853392113352629\" data-ad-slot=\"2925831803\" data-ad-format=\"auto\" data-full-width-responsive=\"true\"\/>\n    <script><![CDATA[\n    (adsbygoogle = window.adsbygoogle || []).push({});\n    ]]><\/script><\/p>\n<div class=\"emp\">\n<p>\n            BALCONISTA DE DROGARIA<br \/>Vaga para balconista de drogaria com experi\u00eancia no setor m\u00ednima de 6 meses, disposto ao trabalho e ao aprendizado cont\u00ednuo. Respons\u00e1vel, organizado e proativo. Com disponibilidade de hor\u00e1rio at\u00e9 20h, s\u00e1bados, domingos e feriados, respaldado pela legisla\u00e7\u00e3o vigente. Enviar curr\u00edculo por e-mail.<br \/>\n            <br \/>drogariapalma@gmail.com\n            <\/p>\n<p><strong>Compartilhe:<\/strong><\/p>\n<p>                <img data-recalc-dims=\"1\" loading=\"lazy\" decoding=\"async\" width=\"25\" height=\"25\" src=\"https:\/\/i0.wp.com\/francaclassificados.com\/\/source\/view\/img\/20w50.png?resize=25%2C25&#038;ssl=1\" alt=\"Imagem compartilhar whatsapp\"\/><\/p>\n<p>                <img data-recalc-dims=\"1\" loading=\"lazy\" decoding=\"async\" width=\"25\" height=\"25\" src=\"https:\/\/i0.wp.com\/francaclassificados.com\/\/source\/view\/img\/18w50.png?resize=25%2C25&#038;ssl=1\" alt=\"Imagem compartilhar facebook\"\/><\/p>\n<\/p><\/div>\n<div class=\"emp\">\n<p>\n            ATENDIMENTO OPERACIONAL<br \/>SAL\u00c1RIO 1.555,72 + BENEFICIOS VR E VT ; SEGUNDA A SEXTA; REQUISITOS: BOA ESCRITA; PROATIVIDADE; EXPERIENCIA EM CONSIGNADO;RESIDIR EM FRANCA-SP;<br \/>\n            <br \/>assistente.rh@grupoglm.com.br\n            <\/p>\n<p><strong>Compartilhe:<\/strong><\/p>\n<p>                <img data-recalc-dims=\"1\" loading=\"lazy\" decoding=\"async\" width=\"25\" height=\"25\" src=\"https:\/\/i0.wp.com\/francaclassificados.com\/\/source\/view\/img\/20w50.png?resize=25%2C25&#038;ssl=1\" alt=\"Imagem compartilhar whatsapp\"\/><\/p>\n<p>                <img data-recalc-dims=\"1\" loading=\"lazy\" decoding=\"async\" width=\"25\" height=\"25\" src=\"https:\/\/i0.wp.com\/francaclassificados.com\/\/source\/view\/img\/18w50.png?resize=25%2C25&#038;ssl=1\" alt=\"Imagem compartilhar facebook\"\/><\/p>\n<\/p><\/div>\n<p>    <script async=\"\" src=\"https:\/\/pagead2.googlesyndication.com\/pagead\/js\/adsbygoogle.js?client=ca-pub-2853392113352629\" crossorigin=\"anonymous\"\/>\n    <ins class=\"adsbygoogle\" style=\"display:block\" data-ad-client=\"ca-pub-2853392113352629\" data-ad-slot=\"2925831803\" data-ad-format=\"auto\" data-full-width-responsive=\"true\"\/>\n    <script><![CDATA[\n    (adsbygoogle = window.adsbygoogle || []).push({});\n    ]]><\/script><\/p>\n<div class=\"emp\">\n<p>\n            ESTAGI\u00c1RIOS<br \/>Temos vagas para alunos, que estejam cursando eletroeletr\u00f4nica, administra\u00e7\u00e3o, marketing, publicidade ou designer. interessados enviar curriculo para o email \/ vagas.rhon@gmail.com\n            <\/p>\n<p><strong>Compartilhe:<\/strong><\/p>\n<p>                <img data-recalc-dims=\"1\" loading=\"lazy\" decoding=\"async\" width=\"25\" height=\"25\" src=\"https:\/\/i0.wp.com\/francaclassificados.com\/\/source\/view\/img\/20w50.png?resize=25%2C25&#038;ssl=1\" alt=\"Imagem compartilhar whatsapp\"\/><\/p>\n<p>                <img data-recalc-dims=\"1\" loading=\"lazy\" decoding=\"async\" width=\"25\" height=\"25\" src=\"https:\/\/i0.wp.com\/francaclassificados.com\/\/source\/view\/img\/18w50.png?resize=25%2C25&#038;ssl=1\" alt=\"Imagem compartilhar facebook\"\/><\/p>\n<\/p><\/div>\n<div class=\"emp\">\n<p>\n            ARTE FINALISTA<br \/>Contrata: arte finalista! Requisitos: Experi\u00eancia comprovada como Arte Finalista ou em um papel semelhante, Conhecimento em software de design gr\u00e1fico (Adobe Illustrator, Photoshop, InDesign, etc.)Esta apto a revisar e preparar layouts gr\u00e1ficos, garantindo precis\u00e3o e conformidade com as especifica\u00e7\u00f5es. Habilidades de comunica\u00e7\u00e3o e capacidade de trabalhar em equipe. Envie seu curr\u00edculo e portf\u00f3lio para recrutamento@harus.ind.br ASSUNTO: \"arte finalista\"\n            <\/p>\n<p><strong>Compartilhe:<\/strong><\/p>\n<p>                <img data-recalc-dims=\"1\" loading=\"lazy\" decoding=\"async\" width=\"25\" height=\"25\" src=\"https:\/\/i0.wp.com\/francaclassificados.com\/\/source\/view\/img\/20w50.png?resize=25%2C25&#038;ssl=1\" alt=\"Imagem compartilhar whatsapp\"\/><\/p>\n<p>                <img data-recalc-dims=\"1\" loading=\"lazy\" decoding=\"async\" width=\"25\" height=\"25\" src=\"https:\/\/i0.wp.com\/francaclassificados.com\/\/source\/view\/img\/18w50.png?resize=25%2C25&#038;ssl=1\" alt=\"Imagem compartilhar facebook\"\/><\/p>\n<\/p><\/div>\n<p>    <script async=\"\" src=\"https:\/\/pagead2.googlesyndication.com\/pagead\/js\/adsbygoogle.js?client=ca-pub-2853392113352629\" crossorigin=\"anonymous\"\/>\n    <ins class=\"adsbygoogle\" style=\"display:block\" data-ad-client=\"ca-pub-2853392113352629\" data-ad-slot=\"2925831803\" data-ad-format=\"auto\" data-full-width-responsive=\"true\"\/>\n    <script><![CDATA[\n    (adsbygoogle = window.adsbygoogle || []).push({});\n    ]]><\/script><\/p>\n<div class=\"emp\">\n<p>\n            COSTUREIRO<br \/>Contrata-se costureira que tenha experi\u00eancia em overlok, reta, galoneira, experi\u00eancia em moletom e paineis de festa, empresa localizada no Distrito industrial, manda curr\u00edculo no WhatsApp 16-99344-7219 Salario base+ comiss\u00e3o\n            <\/p>\n<p><strong>Compartilhe:<\/strong><\/p>\n<p>                <img data-recalc-dims=\"1\" loading=\"lazy\" decoding=\"async\" width=\"25\" height=\"25\" src=\"https:\/\/i0.wp.com\/francaclassificados.com\/\/source\/view\/img\/20w50.png?resize=25%2C25&#038;ssl=1\" alt=\"Imagem compartilhar whatsapp\"\/><\/p>\n<p>                <img data-recalc-dims=\"1\" loading=\"lazy\" decoding=\"async\" width=\"25\" height=\"25\" src=\"https:\/\/i0.wp.com\/francaclassificados.com\/\/source\/view\/img\/18w50.png?resize=25%2C25&#038;ssl=1\" alt=\"Imagem compartilhar facebook\"\/><\/p>\n<\/p><\/div>\n<div class=\"emp\">\n<p>\n            CONTRATA-SE, TECEL\u00c3O, AUXILIAR DE PRODU\u00c7\u00c3O DE IND\u00daSTRIA T\u00caXTIL. ENVIAR CURR\u00cdCULO : FATURAMENTOMACTEXTIL@GMAIL.COM\n            <\/p>\n<p><strong>Compartilhe:<\/strong><\/p>\n<p>                <img data-recalc-dims=\"1\" loading=\"lazy\" decoding=\"async\" width=\"25\" height=\"25\" src=\"https:\/\/i0.wp.com\/francaclassificados.com\/\/source\/view\/img\/20w50.png?resize=25%2C25&#038;ssl=1\" alt=\"Imagem compartilhar whatsapp\"\/><\/p>\n<p>                <img data-recalc-dims=\"1\" loading=\"lazy\" decoding=\"async\" width=\"25\" height=\"25\" src=\"https:\/\/i0.wp.com\/francaclassificados.com\/\/source\/view\/img\/18w50.png?resize=25%2C25&#038;ssl=1\" alt=\"Imagem compartilhar facebook\"\/><\/p>\n<\/p><\/div>\n<p>    <script async=\"\" src=\"https:\/\/pagead2.googlesyndication.com\/pagead\/js\/adsbygoogle.js?client=ca-pub-2853392113352629\" crossorigin=\"anonymous\"\/>\n    <ins class=\"adsbygoogle\" style=\"display:block\" data-ad-client=\"ca-pub-2853392113352629\" data-ad-slot=\"2925831803\" data-ad-format=\"auto\" data-full-width-responsive=\"true\"\/>\n    <script><![CDATA[\n    (adsbygoogle = window.adsbygoogle || []).push({});\n    ]]><\/script><\/p>\n<div class=\"emp\">\n<p>\n            Admite-se VENDEDORA, a partir de 18 anos, para atendimento e vendas online. Perfil: comprometida, \u00e1gil, respons\u00e1vel, proativa, focada, trabalho em equipe, pontual, motivada a atingir e superar metas. Pr\u00e9-requisitos: boa comunica\u00e7\u00e3o oral e escrita, e experi\u00eancia de vendas em e-commerce. Empresa oferece sal\u00e1rio base + comiss\u00e3o - Interessados enviar curr\u00edculo para: 16991194718\n            <\/p>\n<p><strong>Compartilhe:<\/strong><\/p>\n<p>                <img data-recalc-dims=\"1\" loading=\"lazy\" decoding=\"async\" width=\"25\" height=\"25\" src=\"https:\/\/i0.wp.com\/francaclassificados.com\/\/source\/view\/img\/20w50.png?resize=25%2C25&#038;ssl=1\" alt=\"Imagem compartilhar whatsapp\"\/><\/p>\n<p>                <img data-recalc-dims=\"1\" loading=\"lazy\" decoding=\"async\" width=\"25\" height=\"25\" src=\"https:\/\/i0.wp.com\/francaclassificados.com\/\/source\/view\/img\/18w50.png?resize=25%2C25&#038;ssl=1\" alt=\"Imagem compartilhar facebook\"\/><\/p>\n<\/p><\/div>\n<div class=\"emp\">\n<p>\n            Empresa do ramo automotivo localizada em Franca-SP, contrata: LAVADOR DE VE\u00cdCULOS, PESPONTADEIRA, AUXILIAR DE ALMOXARIFADO, inicio imediato. Os interessados devem enviar o curr\u00edculo para o e-mail trabalheconosco@couroearte.com.br com o nome da vaga.\n            <\/p>\n<p><strong>Compartilhe:<\/strong><\/p>\n<p>                <img data-recalc-dims=\"1\" loading=\"lazy\" decoding=\"async\" width=\"25\" height=\"25\" src=\"https:\/\/i0.wp.com\/francaclassificados.com\/\/source\/view\/img\/20w50.png?resize=25%2C25&#038;ssl=1\" alt=\"Imagem compartilhar whatsapp\"\/><\/p>\n<p>                <img data-recalc-dims=\"1\" loading=\"lazy\" decoding=\"async\" width=\"25\" height=\"25\" src=\"https:\/\/i0.wp.com\/francaclassificados.com\/\/source\/view\/img\/18w50.png?resize=25%2C25&#038;ssl=1\" alt=\"Imagem compartilhar facebook\"\/><\/p>\n<\/p><\/div>\n<p>    <script async=\"\" src=\"https:\/\/pagead2.googlesyndication.com\/pagead\/js\/adsbygoogle.js?client=ca-pub-2853392113352629\" crossorigin=\"anonymous\"\/>\n    <ins class=\"adsbygoogle\" style=\"display:block\" data-ad-client=\"ca-pub-2853392113352629\" data-ad-slot=\"2925831803\" data-ad-format=\"auto\" data-full-width-responsive=\"true\"\/>\n    <script><![CDATA[\n    (adsbygoogle = window.adsbygoogle || []).push({});\n    ]]><\/script><\/p>\n<div class=\"emp\">\n<p>\n            ASSISTENTE IMPORTA\u00c7\u00c3O\/EXPORTA\u00c7\u00c3O<br \/>Acompanhar as opera\u00e7\u00f5es de importa\u00e7\u00e3o e exporta\u00e7\u00e3o de produtos; Negociar fretes e acompanhar fluxos de documentos; Acompanhar regimes alfandeg\u00e1rios e cambial; Acompanhar o desembara\u00e7o aduaneiro juntamente com o despachante; Organiza\u00e7\u00e3o; Proatividade; Habilidade de comunica\u00e7\u00e3o verbal e escrita; Ensino M\u00e9dio Completo. (16) 98265-0128 e-mail: rh.dpvagas01@gmail.com\n            <\/p>\n<p><strong>Compartilhe:<\/strong><\/p>\n<p>                <img data-recalc-dims=\"1\" loading=\"lazy\" decoding=\"async\" width=\"25\" height=\"25\" src=\"https:\/\/i0.wp.com\/francaclassificados.com\/\/source\/view\/img\/20w50.png?resize=25%2C25&#038;ssl=1\" alt=\"Imagem compartilhar whatsapp\"\/><\/p>\n<p>                <img data-recalc-dims=\"1\" loading=\"lazy\" decoding=\"async\" width=\"25\" height=\"25\" src=\"https:\/\/i0.wp.com\/francaclassificados.com\/\/source\/view\/img\/18w50.png?resize=25%2C25&#038;ssl=1\" alt=\"Imagem compartilhar facebook\"\/><\/p>\n<\/p><\/div>\n<div class=\"emp\">\n<p>\n            MOTORISTA CARRETEIRO<br \/>Exigimos: cnh categoria E; experi\u00eancia NA FUN\u00c7\u00c3O disponibilidade para viagens INTERMUNICIPAIS; Curso MOOP; interessados: rh@ecolixo.com.br A\/C Viviane\n            <\/p>\n<p><strong>Compartilhe:<\/strong><\/p>\n<p>                <img data-recalc-dims=\"1\" loading=\"lazy\" decoding=\"async\" width=\"25\" height=\"25\" src=\"https:\/\/i0.wp.com\/francaclassificados.com\/\/source\/view\/img\/20w50.png?resize=25%2C25&#038;ssl=1\" alt=\"Imagem compartilhar whatsapp\"\/><\/p>\n<p>                <img data-recalc-dims=\"1\" loading=\"lazy\" decoding=\"async\" width=\"25\" height=\"25\" src=\"https:\/\/i0.wp.com\/francaclassificados.com\/\/source\/view\/img\/18w50.png?resize=25%2C25&#038;ssl=1\" alt=\"Imagem compartilhar facebook\"\/><\/p>\n<\/p><\/div>\n<p>    <script async=\"\" src=\"https:\/\/pagead2.googlesyndication.com\/pagead\/js\/adsbygoogle.js?client=ca-pub-2853392113352629\" crossorigin=\"anonymous\"\/>\n    <ins class=\"adsbygoogle\" style=\"display:block\" data-ad-client=\"ca-pub-2853392113352629\" data-ad-slot=\"2925831803\" data-ad-format=\"auto\" data-full-width-responsive=\"true\"\/>\n    <script><![CDATA[\n    (adsbygoogle = window.adsbygoogle || []).push({});\n    ]]><\/script><\/p>\n<div class=\"emp\">\n<p>\n            VENDEDOR(A)<br \/>Possuir experi\u00eancia como vendedor na \u00e1rea comercial. Ser comunicativo(a), proativo(a). Se identificar com a \u00e1rea de nutri\u00e7\u00e3o e produtos naturais. Disponibilidade de hor\u00e1rio. Email: recrutafranca2019@gmail.com\n            <\/p>\n<p><strong>Compartilhe:<\/strong><\/p>\n<p>                <img data-recalc-dims=\"1\" loading=\"lazy\" decoding=\"async\" width=\"25\" height=\"25\" src=\"https:\/\/i0.wp.com\/francaclassificados.com\/\/source\/view\/img\/20w50.png?resize=25%2C25&#038;ssl=1\" alt=\"Imagem compartilhar whatsapp\"\/><\/p>\n<p>                <img data-recalc-dims=\"1\" loading=\"lazy\" decoding=\"async\" width=\"25\" height=\"25\" src=\"https:\/\/i0.wp.com\/francaclassificados.com\/\/source\/view\/img\/18w50.png?resize=25%2C25&#038;ssl=1\" alt=\"Imagem compartilhar facebook\"\/><\/p>\n<\/p><\/div>\n<div class=\"emp\">\n<p>\n            GESTOR DE TR\u00c1FEGO PARA E COMMERCE<br \/>Contrata- se Gestor de Tr\u00e1fego para E-commerce, com experi\u00eancia nas principais Plataformas: Mercado Livre, Shopee, Magalu e Shein . Salario a combinar. Enviar curr\u00edculo para: mncontrataemprego@gmail.com\n            <\/p>\n<p><strong>Compartilhe:<\/strong><\/p>\n<p>                <img data-recalc-dims=\"1\" loading=\"lazy\" decoding=\"async\" width=\"25\" height=\"25\" src=\"https:\/\/i0.wp.com\/francaclassificados.com\/\/source\/view\/img\/20w50.png?resize=25%2C25&#038;ssl=1\" alt=\"Imagem compartilhar whatsapp\"\/><\/p>\n<p>                <img data-recalc-dims=\"1\" loading=\"lazy\" decoding=\"async\" width=\"25\" height=\"25\" src=\"https:\/\/i0.wp.com\/francaclassificados.com\/\/source\/view\/img\/18w50.png?resize=25%2C25&#038;ssl=1\" alt=\"Imagem compartilhar facebook\"\/><\/p>\n<\/p><\/div>\n<p>    <script async=\"\" src=\"https:\/\/pagead2.googlesyndication.com\/pagead\/js\/adsbygoogle.js?client=ca-pub-2853392113352629\" crossorigin=\"anonymous\"\/>\n    <ins class=\"adsbygoogle\" style=\"display:block\" data-ad-client=\"ca-pub-2853392113352629\" data-ad-slot=\"2925831803\" data-ad-format=\"auto\" data-full-width-responsive=\"true\"\/>\n    <script><![CDATA[\n    (adsbygoogle = window.adsbygoogle || []).push({});\n    ]]><\/script><\/p>\n<div class=\"emp\">\n<p>\n            Empresa de m\u00e9dio porte contrata Contador qualificado e experiente para se juntar \u00e0 nossa equipe. O candidato ideal deve possuir ampla experi\u00eancia com o regime tribut\u00e1rio de Lucro Real, sendo capaz de realizar todas as obriga\u00e7\u00f5es cont\u00e1beis e fiscais relacionadas. Interessados enviar curr\u00edculo no WhatsApp (16) 3721 8372\n            <\/p>\n<p><strong>Compartilhe:<\/strong><\/p>\n<p>                <img data-recalc-dims=\"1\" loading=\"lazy\" decoding=\"async\" width=\"25\" height=\"25\" src=\"https:\/\/i0.wp.com\/francaclassificados.com\/\/source\/view\/img\/20w50.png?resize=25%2C25&#038;ssl=1\" alt=\"Imagem compartilhar whatsapp\"\/><\/p>\n<p>                <img data-recalc-dims=\"1\" loading=\"lazy\" decoding=\"async\" width=\"25\" height=\"25\" src=\"https:\/\/i0.wp.com\/francaclassificados.com\/\/source\/view\/img\/18w50.png?resize=25%2C25&#038;ssl=1\" alt=\"Imagem compartilhar facebook\"\/><\/p>\n<\/p><\/div>\n<div class=\"emp\">\n<p>\n            Contrata-se Blaqueador Fundo e Lateral, Apontador de sola, Cortador manual, Coladeira de pe\u00e7as todos com experi\u00eancia comprovada.Entregar curr\u00edculo Av Angelo Pedro,3043 Santa Cruz WhatsApp 21043400\n            <\/p>\n<p><strong>Compartilhe:<\/strong><\/p>\n<p>                <img data-recalc-dims=\"1\" loading=\"lazy\" decoding=\"async\" width=\"25\" height=\"25\" src=\"https:\/\/i0.wp.com\/francaclassificados.com\/\/source\/view\/img\/20w50.png?resize=25%2C25&#038;ssl=1\" alt=\"Imagem compartilhar whatsapp\"\/><\/p>\n<p>                <img data-recalc-dims=\"1\" loading=\"lazy\" decoding=\"async\" width=\"25\" height=\"25\" src=\"https:\/\/i0.wp.com\/francaclassificados.com\/\/source\/view\/img\/18w50.png?resize=25%2C25&#038;ssl=1\" alt=\"Imagem compartilhar facebook\"\/><\/p>\n<\/p><\/div>\n<p>    <script async=\"\" src=\"https:\/\/pagead2.googlesyndication.com\/pagead\/js\/adsbygoogle.js?client=ca-pub-2853392113352629\" crossorigin=\"anonymous\"\/>\n    <ins class=\"adsbygoogle\" style=\"display:block\" data-ad-client=\"ca-pub-2853392113352629\" data-ad-slot=\"2925831803\" data-ad-format=\"auto\" data-full-width-responsive=\"true\"\/>\n    <script><![CDATA[\n    (adsbygoogle = window.adsbygoogle || []).push({});\n    ]]><\/script><\/p>\n<div class=\"emp\">\n<p>\n            F\u00e1brica de Cal\u00e7ados contrata para in\u00edcio imediato: APONTADOR DE SOLA. Necess\u00e1rio ter experi\u00eancia. Interessados deixar curr\u00edculo no barrac\u00e3o Av. Major Elias Motta, 1161 - Jd Paulistano, ou enviar o curr\u00edculo no e-mail: vagas.arietto@gmail.com\n            <\/p>\n<p><strong>Compartilhe:<\/strong><\/p>\n<p>                <img data-recalc-dims=\"1\" loading=\"lazy\" decoding=\"async\" width=\"25\" height=\"25\" src=\"https:\/\/i0.wp.com\/francaclassificados.com\/\/source\/view\/img\/20w50.png?resize=25%2C25&#038;ssl=1\" alt=\"Imagem compartilhar whatsapp\"\/><\/p>\n<p>                <img data-recalc-dims=\"1\" loading=\"lazy\" decoding=\"async\" width=\"25\" height=\"25\" src=\"https:\/\/i0.wp.com\/francaclassificados.com\/\/source\/view\/img\/18w50.png?resize=25%2C25&#038;ssl=1\" alt=\"Imagem compartilhar facebook\"\/><\/p>\n<\/p><\/div>\n<div class=\"emp\">\n<p>\n            ASSISTENTE DE E-COMMERCE<br \/>Estamos contratando um Assistente de E-commerce para auxiliar em todas as atividades do nosso e-commerce, incluindo atendimento ao cliente, trocas e devolu\u00e7\u00f5es. \u00c9 necess\u00e1rio experi\u00eancia comprovada e conhecimento na plataforma irroba ser\u00e1 um diferencial. Envie seu curr\u00edculo para [curriculo.ecommerce2024@gmail.com] com o assunto \"Vaga Assistente de E-commerce\"\n            <\/p>\n<p><strong>Compartilhe:<\/strong><\/p>\n<p>                <img data-recalc-dims=\"1\" loading=\"lazy\" decoding=\"async\" width=\"25\" height=\"25\" src=\"https:\/\/i0.wp.com\/francaclassificados.com\/\/source\/view\/img\/20w50.png?resize=25%2C25&#038;ssl=1\" alt=\"Imagem compartilhar whatsapp\"\/><\/p>\n<p>                <img data-recalc-dims=\"1\" loading=\"lazy\" decoding=\"async\" width=\"25\" height=\"25\" src=\"https:\/\/i0.wp.com\/francaclassificados.com\/\/source\/view\/img\/18w50.png?resize=25%2C25&#038;ssl=1\" alt=\"Imagem compartilhar facebook\"\/><\/p>\n<\/p><\/div>\n<p>    <script async=\"\" src=\"https:\/\/pagead2.googlesyndication.com\/pagead\/js\/adsbygoogle.js?client=ca-pub-2853392113352629\" crossorigin=\"anonymous\"\/>\n    <ins class=\"adsbygoogle\" style=\"display:block\" data-ad-client=\"ca-pub-2853392113352629\" data-ad-slot=\"2925831803\" data-ad-format=\"auto\" data-full-width-responsive=\"true\"\/>\n    <script><![CDATA[\n    (adsbygoogle = window.adsbygoogle || []).push({});\n    ]]><\/script><\/p>\n<div class=\"emp\">\n<p>\n            A\u00c7OUGUEIRO<br \/>Hor\u00e1rio flex\u00edvel, din\u00e2mica em equipe, educado(a), respeito no ambiente de trabalho, esteja disposto a trabalhar e se adaptar de acordo com o perfil da empresa. Envie seu curr\u00edculo para nosso e-mail: contratacurriculum@outlook.com\n            <\/p>\n<p><strong>Compartilhe:<\/strong><\/p>\n<p>                <img data-recalc-dims=\"1\" loading=\"lazy\" decoding=\"async\" width=\"25\" height=\"25\" src=\"https:\/\/i0.wp.com\/francaclassificados.com\/\/source\/view\/img\/20w50.png?resize=25%2C25&#038;ssl=1\" alt=\"Imagem compartilhar whatsapp\"\/><\/p>\n<p>                <img data-recalc-dims=\"1\" loading=\"lazy\" decoding=\"async\" width=\"25\" height=\"25\" src=\"https:\/\/i0.wp.com\/francaclassificados.com\/\/source\/view\/img\/18w50.png?resize=25%2C25&#038;ssl=1\" alt=\"Imagem compartilhar facebook\"\/><\/p>\n<\/p><\/div>\n<div class=\"emp\">\n<p>\n            MODELISTA DE CAL\u00c7ADOS<br \/>Com experi\u00eancia no ramo cal\u00e7adista, conhecimento t\u00e9cnico em formas, modelagem, solados. Desej\u00e1vel curso t\u00e9cnico em design de cal\u00e7ados. Interessados enviar curr\u00edculo para o e-mail : admin@solidgroup.com.br\n            <\/p>\n<p><strong>Compartilhe:<\/strong><\/p>\n<p>                <img data-recalc-dims=\"1\" loading=\"lazy\" decoding=\"async\" width=\"25\" height=\"25\" src=\"https:\/\/i0.wp.com\/francaclassificados.com\/\/source\/view\/img\/20w50.png?resize=25%2C25&#038;ssl=1\" alt=\"Imagem compartilhar whatsapp\"\/><\/p>\n<p>                <img data-recalc-dims=\"1\" loading=\"lazy\" decoding=\"async\" width=\"25\" height=\"25\" src=\"https:\/\/i0.wp.com\/francaclassificados.com\/\/source\/view\/img\/18w50.png?resize=25%2C25&#038;ssl=1\" alt=\"Imagem compartilhar facebook\"\/><\/p>\n<\/p><\/div>\n<p>    <script async=\"\" src=\"https:\/\/pagead2.googlesyndication.com\/pagead\/js\/adsbygoogle.js?client=ca-pub-2853392113352629\" crossorigin=\"anonymous\"\/>\n    <ins class=\"adsbygoogle\" style=\"display:block\" data-ad-client=\"ca-pub-2853392113352629\" data-ad-slot=\"2925831803\" data-ad-format=\"auto\" data-full-width-responsive=\"true\"\/>\n    <script><![CDATA[\n    (adsbygoogle = window.adsbygoogle || []).push({});\n    ]]><\/script><\/p>\n<div class=\"emp\">\n<p>\n            Precisa-se de Modelista de roupas fitness .Interessados enviar curr\u00edculo para: curriculovagasf1@gmail.com com a fun\u00e7\u00e3o no assunto.\n            <\/p>\n<p><strong>Compartilhe:<\/strong><\/p>\n<p>                <img data-recalc-dims=\"1\" loading=\"lazy\" decoding=\"async\" width=\"25\" height=\"25\" src=\"https:\/\/i0.wp.com\/francaclassificados.com\/\/source\/view\/img\/20w50.png?resize=25%2C25&#038;ssl=1\" alt=\"Imagem compartilhar whatsapp\"\/><\/p>\n<p>                <img data-recalc-dims=\"1\" loading=\"lazy\" decoding=\"async\" width=\"25\" height=\"25\" src=\"https:\/\/i0.wp.com\/francaclassificados.com\/\/source\/view\/img\/18w50.png?resize=25%2C25&#038;ssl=1\" alt=\"Imagem compartilhar facebook\"\/><\/p>\n<\/p><\/div>\n<div class=\"emp\">\n<p>\n            Estamos contratando pessoas para ensaio fotogr\u00e1fico para atuar como modelo, do sexo feminino Plus Size manequim 46 ao 50. A forma de pagamento ser\u00e1 por sess\u00e3o individual, pr\u00e9 requisitos ter entre 18 a 40 anos .Interessadas enviar 1 foto de rosto e 2 de corpo inteiro para o numero : (16) 98101-8991. N\u00e3o \u00e9 necess\u00e1rio ter experi\u00eancia\n            <\/p>\n<p><strong>Compartilhe:<\/strong><\/p>\n<p>                <img data-recalc-dims=\"1\" loading=\"lazy\" decoding=\"async\" width=\"25\" height=\"25\" src=\"https:\/\/i0.wp.com\/francaclassificados.com\/\/source\/view\/img\/20w50.png?resize=25%2C25&#038;ssl=1\" alt=\"Imagem compartilhar whatsapp\"\/><\/p>\n<p>                <img data-recalc-dims=\"1\" loading=\"lazy\" decoding=\"async\" width=\"25\" height=\"25\" src=\"https:\/\/i0.wp.com\/francaclassificados.com\/\/source\/view\/img\/18w50.png?resize=25%2C25&#038;ssl=1\" alt=\"Imagem compartilhar facebook\"\/><\/p>\n<\/p><\/div>\n<p>    <script async=\"\" src=\"https:\/\/pagead2.googlesyndication.com\/pagead\/js\/adsbygoogle.js?client=ca-pub-2853392113352629\" crossorigin=\"anonymous\"\/>\n    <ins class=\"adsbygoogle\" style=\"display:block\" data-ad-client=\"ca-pub-2853392113352629\" data-ad-slot=\"2925831803\" data-ad-format=\"auto\" data-full-width-responsive=\"true\"\/>\n    <script><![CDATA[\n    (adsbygoogle = window.adsbygoogle || []).push({});\n    ]]><\/script><\/p>\n<div class=\"emp\">\n<p>\n            BALCONISTA<br \/>CONTRATA-SE BALCONISTA, MANDAR CURRICULO COM FOTO PARA: paradadopao.curriculos@gmail.com\n            <\/p>\n<p><strong>Compartilhe:<\/strong><\/p>\n<p>                <img data-recalc-dims=\"1\" loading=\"lazy\" decoding=\"async\" width=\"25\" height=\"25\" src=\"https:\/\/i0.wp.com\/francaclassificados.com\/\/source\/view\/img\/20w50.png?resize=25%2C25&#038;ssl=1\" alt=\"Imagem compartilhar whatsapp\"\/><\/p>\n<p>                <img data-recalc-dims=\"1\" loading=\"lazy\" decoding=\"async\" width=\"25\" height=\"25\" src=\"https:\/\/i0.wp.com\/francaclassificados.com\/\/source\/view\/img\/18w50.png?resize=25%2C25&#038;ssl=1\" alt=\"Imagem compartilhar facebook\"\/><\/p>\n<\/p><\/div>\n<div class=\"emp\">\n<p>\n            Contrata-se Costureira(o) com experiencia em moletom, precisa saber trabalhar na reta, over lok e galoneira. Interessados 16 99424-2626\n            <\/p>\n<p><strong>Compartilhe:<\/strong><\/p>\n<p>                <img data-recalc-dims=\"1\" loading=\"lazy\" decoding=\"async\" width=\"25\" height=\"25\" src=\"https:\/\/i0.wp.com\/francaclassificados.com\/\/source\/view\/img\/20w50.png?resize=25%2C25&#038;ssl=1\" alt=\"Imagem compartilhar whatsapp\"\/><\/p>\n<p>                <img data-recalc-dims=\"1\" loading=\"lazy\" decoding=\"async\" width=\"25\" height=\"25\" src=\"https:\/\/i0.wp.com\/francaclassificados.com\/\/source\/view\/img\/18w50.png?resize=25%2C25&#038;ssl=1\" alt=\"Imagem compartilhar facebook\"\/><\/p>\n<\/p><\/div>\n<p>    <script async=\"\" src=\"https:\/\/pagead2.googlesyndication.com\/pagead\/js\/adsbygoogle.js?client=ca-pub-2853392113352629\" crossorigin=\"anonymous\"\/>\n    <ins class=\"adsbygoogle\" style=\"display:block\" data-ad-client=\"ca-pub-2853392113352629\" data-ad-slot=\"2925831803\" data-ad-format=\"auto\" data-full-width-responsive=\"true\"\/>\n    <script><![CDATA[\n    (adsbygoogle = window.adsbygoogle || []).push({});\n    ]]><\/script><\/p>\n<div class=\"emp\">\n<p>\n            OPERADOR(A) CAIXA<br \/>Segunda a S\u00e1bado as 13:20 \u00e1s 21:00 , e um Domingo no m\u00eas, ter experi\u00eancia ser\u00e1 um diferencial. Interessados enviar curr\u00edculo para VAGA.FRANCA@outlook.com\n            <\/p>\n<p><strong>Compartilhe:<\/strong><\/p>\n<p>                <img data-recalc-dims=\"1\" loading=\"lazy\" decoding=\"async\" width=\"25\" height=\"25\" src=\"https:\/\/i0.wp.com\/francaclassificados.com\/\/source\/view\/img\/20w50.png?resize=25%2C25&#038;ssl=1\" alt=\"Imagem compartilhar whatsapp\"\/><\/p>\n<p>                <img data-recalc-dims=\"1\" loading=\"lazy\" decoding=\"async\" width=\"25\" height=\"25\" src=\"https:\/\/i0.wp.com\/francaclassificados.com\/\/source\/view\/img\/18w50.png?resize=25%2C25&#038;ssl=1\" alt=\"Imagem compartilhar facebook\"\/><\/p>\n<\/p><\/div>\n<div class=\"emp\">\n<p>\n            Contrata-se com experi\u00eancia para atuar na constru\u00e7\u00e3o civil, regime CLT, sal\u00e1rio compat\u00edvel com mercado mais benef\u00edcios(caf\u00e9 da manh\u00e3, almo\u00e7o, vale transporte, vale alimenta\u00e7\u00e3o) 44 horas semanais. Atuar em Franca com inicio imediato.Enviar curr\u00edculo para admin@engepires.com.br \/ camila.andrade@engepires.com.br\n            <\/p>\n<p><strong>Compartilhe:<\/strong><\/p>\n<p>                <img data-recalc-dims=\"1\" loading=\"lazy\" decoding=\"async\" width=\"25\" height=\"25\" src=\"https:\/\/i0.wp.com\/francaclassificados.com\/\/source\/view\/img\/20w50.png?resize=25%2C25&#038;ssl=1\" alt=\"Imagem compartilhar whatsapp\"\/><\/p>\n<p>                <img data-recalc-dims=\"1\" loading=\"lazy\" decoding=\"async\" width=\"25\" height=\"25\" src=\"https:\/\/i0.wp.com\/francaclassificados.com\/\/source\/view\/img\/18w50.png?resize=25%2C25&#038;ssl=1\" alt=\"Imagem compartilhar facebook\"\/><\/p>\n<\/p><\/div>\n<p>    <script async=\"\" src=\"https:\/\/pagead2.googlesyndication.com\/pagead\/js\/adsbygoogle.js?client=ca-pub-2853392113352629\" crossorigin=\"anonymous\"\/>\n    <ins class=\"adsbygoogle\" style=\"display:block\" data-ad-client=\"ca-pub-2853392113352629\" data-ad-slot=\"2925831803\" data-ad-format=\"auto\" data-full-width-responsive=\"true\"\/>\n    <script><![CDATA[\n    (adsbygoogle = window.adsbygoogle || []).push({});\n    ]]><\/script><\/p>\n<div class=\"emp\">\n<p>\n            INDUSTRIA DE PE\u00c7AS AGRICOLAS EM FRANCA ADMITE MONTADOR DE PE\u00c7AS, N\u00c3O \u00c9 NECESS\u00c1RIO TER EXPERIENCIA. BENEFICIOS: CONVENIO COM O SESI, VALE TRANSPORTE, VALE ALIMENTA\u00c7\u00c3O, CONVENIO FARMACEUTICO, CONVENIO MEDICO E BONIFICA\u00c7\u00c3O. INTERESSADOS MANDAR CURRICULUM PARA O WATSSAP 16.98218-0187 (SOMENTE MENSAGEM DE TEXTO)\n            <\/p>\n<p><strong>Compartilhe:<\/strong><\/p>\n<p>                <img data-recalc-dims=\"1\" loading=\"lazy\" decoding=\"async\" width=\"25\" height=\"25\" src=\"https:\/\/i0.wp.com\/francaclassificados.com\/\/source\/view\/img\/20w50.png?resize=25%2C25&#038;ssl=1\" alt=\"Imagem compartilhar whatsapp\"\/><\/p>\n<p>                <img data-recalc-dims=\"1\" loading=\"lazy\" decoding=\"async\" width=\"25\" height=\"25\" src=\"https:\/\/i0.wp.com\/francaclassificados.com\/\/source\/view\/img\/18w50.png?resize=25%2C25&#038;ssl=1\" alt=\"Imagem compartilhar facebook\"\/><\/p>\n<\/p><\/div>\n<div class=\"emp\">\n<p>\n            VENDEDORA - IMEDIATO - COM EXPERI\u00caNCIA<br \/>Se voc\u00ea gosta de vendas, quer uma oportunidade de crescimento, ser reconhecido por meritocracia, junte-se a n\u00f3s, Carmen Steffens (matriz) empresa moderna e com grandes desafios; em busca de pessoas com: Boa comunica\u00e7\u00e3o, que saibam receber feedbacks, persuas\u00e3o, aprendizado r\u00e1pido e conhecimento em inform\u00e1tica, (Sal\u00e1rio fixo 1899,00 +comiss\u00e3o e premia\u00e7\u00e3o + vale alimenta\u00e7\u00e3o + vale transporte). Enviar com assunto: VENDAS para e-mail abaixo: talentos@carmensteffens.com.br\n            <\/p>\n<p><strong>Compartilhe:<\/strong><\/p>\n<p>                <img data-recalc-dims=\"1\" loading=\"lazy\" decoding=\"async\" width=\"25\" height=\"25\" src=\"https:\/\/i0.wp.com\/francaclassificados.com\/\/source\/view\/img\/20w50.png?resize=25%2C25&#038;ssl=1\" alt=\"Imagem compartilhar whatsapp\"\/><\/p>\n<p>                <img data-recalc-dims=\"1\" loading=\"lazy\" decoding=\"async\" width=\"25\" height=\"25\" src=\"https:\/\/i0.wp.com\/francaclassificados.com\/\/source\/view\/img\/18w50.png?resize=25%2C25&#038;ssl=1\" alt=\"Imagem compartilhar facebook\"\/><\/p>\n<\/p><\/div>\n<p>    <script async=\"\" src=\"https:\/\/pagead2.googlesyndication.com\/pagead\/js\/adsbygoogle.js?client=ca-pub-2853392113352629\" crossorigin=\"anonymous\"\/>\n    <ins class=\"adsbygoogle\" style=\"display:block\" data-ad-client=\"ca-pub-2853392113352629\" data-ad-slot=\"2925831803\" data-ad-format=\"auto\" data-full-width-responsive=\"true\"\/>\n    <script><![CDATA[\n    (adsbygoogle = window.adsbygoogle || []).push({});\n    ]]><\/script><\/p>\n<div class=\"emp\">\n<p>\n            ADMITE-SE -Banca de pesponto para botas e botinas com produ\u00e7\u00e3o di\u00e1ria;apontador de sola.Nos procurar na Avenida Lisete Coelho Louren\u00e7o,1580 ou pelo whatsapp (16) 99250-0787 falar com Igor.\n            <\/p>\n<p><strong>Compartilhe:<\/strong><\/p>\n<p>                <img data-recalc-dims=\"1\" loading=\"lazy\" decoding=\"async\" width=\"25\" height=\"25\" src=\"https:\/\/i0.wp.com\/francaclassificados.com\/\/source\/view\/img\/20w50.png?resize=25%2C25&#038;ssl=1\" alt=\"Imagem compartilhar whatsapp\"\/><\/p>\n<p>                <img data-recalc-dims=\"1\" loading=\"lazy\" decoding=\"async\" width=\"25\" height=\"25\" src=\"https:\/\/i0.wp.com\/francaclassificados.com\/\/source\/view\/img\/18w50.png?resize=25%2C25&#038;ssl=1\" alt=\"Imagem compartilhar facebook\"\/><\/p>\n<\/p><\/div>\n<div class=\"emp\">\n<p>\n            CONSULTOR IMOBILIARIO PJ<br \/>Buscamos Consultores Imobiliarios - com e sem experi\u00eancia. - Beneficios: Comiss\u00f5es agressivas acima do mecado; Treinamento e Desenvolvimento; + de 1.000 im\u00f3veis em carteria; Espa\u00e7o f\u00edsico completo, localizada na principal av. de Franca - Paulo IV. Se voc\u00ea \u00e9 uma pessoa proativa com objetivo de crescimento finaceiro e pessoal, entre em contato conosco atrav\u00e9s do nosso WhatsApp: 16 99646-7653\n            <\/p>\n<p><strong>Compartilhe:<\/strong><\/p>\n<p>                <img data-recalc-dims=\"1\" loading=\"lazy\" decoding=\"async\" width=\"25\" height=\"25\" src=\"https:\/\/i0.wp.com\/francaclassificados.com\/\/source\/view\/img\/20w50.png?resize=25%2C25&#038;ssl=1\" alt=\"Imagem compartilhar whatsapp\"\/><\/p>\n<p>                <img data-recalc-dims=\"1\" loading=\"lazy\" decoding=\"async\" width=\"25\" height=\"25\" src=\"https:\/\/i0.wp.com\/francaclassificados.com\/\/source\/view\/img\/18w50.png?resize=25%2C25&#038;ssl=1\" alt=\"Imagem compartilhar facebook\"\/><\/p>\n<\/p><\/div>\n<p>    <script async=\"\" src=\"https:\/\/pagead2.googlesyndication.com\/pagead\/js\/adsbygoogle.js?client=ca-pub-2853392113352629\" crossorigin=\"anonymous\"\/>\n    <ins class=\"adsbygoogle\" style=\"display:block\" data-ad-client=\"ca-pub-2853392113352629\" data-ad-slot=\"2925831803\" data-ad-format=\"auto\" data-full-width-responsive=\"true\"\/>\n    <script><![CDATA[\n    (adsbygoogle = window.adsbygoogle || []).push({});\n    ]]><\/script><\/p>\n<div class=\"emp\">\n<p>\n            BALCONISTA DE PADARIA<br \/>Estamos contratando pessoas com o perfil criativo, de boa comunica\u00e7\u00e3o, com habilidade em trabalhar em equipe, din\u00e2mico, \u00e1gil na fun\u00e7\u00e3o,Entregar curr\u00edculo na Rua frederico Ozanan 816 jardim consola\u00e7\u00e2o Email :padariarossato@hotmail.com ou whatsap( 99974 3024)\n            <\/p>\n<p><strong>Compartilhe:<\/strong><\/p>\n<p>                <img data-recalc-dims=\"1\" loading=\"lazy\" decoding=\"async\" width=\"25\" height=\"25\" src=\"https:\/\/i0.wp.com\/francaclassificados.com\/\/source\/view\/img\/20w50.png?resize=25%2C25&#038;ssl=1\" alt=\"Imagem compartilhar whatsapp\"\/><\/p>\n<p>                <img data-recalc-dims=\"1\" loading=\"lazy\" decoding=\"async\" width=\"25\" height=\"25\" src=\"https:\/\/i0.wp.com\/francaclassificados.com\/\/source\/view\/img\/18w50.png?resize=25%2C25&#038;ssl=1\" alt=\"Imagem compartilhar facebook\"\/><\/p>\n<\/p><\/div>\n<div class=\"emp\">\n<p>\n            Admite chanfradeira ou chanfrador de sapatos e botas em couro com experi\u00eancia em chanfra\u00e7\u00e3o e prepara\u00e7\u00e3o. In\u00edcio imediato. Favor enviar curr\u00edculo para o e-mail: trillionboots@gmail.com com o t\u00edtulo de (chanfra\u00e7\u00e3o). ou deixar no endere\u00e7o: Rua F\u00e9lix Garcia Garcia N\u00b0 3358 - Prolongamento Jardim \u00c2ngela Rosa.\n            <\/p>\n<p><strong>Compartilhe:<\/strong><\/p>\n<p>                <img data-recalc-dims=\"1\" loading=\"lazy\" decoding=\"async\" width=\"25\" height=\"25\" src=\"https:\/\/i0.wp.com\/francaclassificados.com\/\/source\/view\/img\/20w50.png?resize=25%2C25&#038;ssl=1\" alt=\"Imagem compartilhar whatsapp\"\/><\/p>\n<p>                <img data-recalc-dims=\"1\" loading=\"lazy\" decoding=\"async\" width=\"25\" height=\"25\" src=\"https:\/\/i0.wp.com\/francaclassificados.com\/\/source\/view\/img\/18w50.png?resize=25%2C25&#038;ssl=1\" alt=\"Imagem compartilhar facebook\"\/><\/p>\n<\/p><\/div>\n<p>    <script async=\"\" src=\"https:\/\/pagead2.googlesyndication.com\/pagead\/js\/adsbygoogle.js?client=ca-pub-2853392113352629\" crossorigin=\"anonymous\"\/>\n    <ins class=\"adsbygoogle\" style=\"display:block\" data-ad-client=\"ca-pub-2853392113352629\" data-ad-slot=\"2925831803\" data-ad-format=\"auto\" data-full-width-responsive=\"true\"\/>\n    <script><![CDATA[\n    (adsbygoogle = window.adsbygoogle || []).push({});\n    ]]><\/script><\/p>\n<div class=\"emp\">\n<p>\n            ASSISTENTE DE COBRAN\u00c7A<br \/>Ligar para clientes inadimplentes, localiza\u00e7\u00e3o de clientes em sites especializados. De prefer\u00eancia com experi\u00eancia e que tenha conhecimento em inform\u00e1tica e Pacote Office. - Sal\u00e1rio fixo + VA - Enviar curr\u00edculo para o e-mail : marketing@credfran.com.br Obs.: FAVOR COLOCAR NO ASSUNTO A VAGA DE ACORDO COM O ANUNCIO.\n            <\/p>\n<p><strong>Compartilhe:<\/strong><\/p>\n<p>                <img data-recalc-dims=\"1\" loading=\"lazy\" decoding=\"async\" width=\"25\" height=\"25\" src=\"https:\/\/i0.wp.com\/francaclassificados.com\/\/source\/view\/img\/20w50.png?resize=25%2C25&#038;ssl=1\" alt=\"Imagem compartilhar whatsapp\"\/><\/p>\n<p>                <img data-recalc-dims=\"1\" loading=\"lazy\" decoding=\"async\" width=\"25\" height=\"25\" src=\"https:\/\/i0.wp.com\/francaclassificados.com\/\/source\/view\/img\/18w50.png?resize=25%2C25&#038;ssl=1\" alt=\"Imagem compartilhar facebook\"\/><\/p>\n<\/p><\/div>\n<div class=\"emp\">\n<p>\n            PROFESSOR DE INGL\u00caS HORISTA<br \/>Estamos contratando professores e estagi\u00e1rios para dar aulas de ingl\u00eas para jovens de 14 a 18 anos. 10 alunos por turma. Ter n\u00edvel de conhecimento em ingl\u00eas comprovado. Localiza\u00e7\u00e3o: Centro de Franca Sp. Pre\u00e7o por aulas \u00e1 combinar. Interessados Chamar no Whatsapp (16) 99947-0851.\n            <\/p>\n<p><strong>Compartilhe:<\/strong><\/p>\n<p>                <img data-recalc-dims=\"1\" loading=\"lazy\" decoding=\"async\" width=\"25\" height=\"25\" src=\"https:\/\/i0.wp.com\/francaclassificados.com\/\/source\/view\/img\/20w50.png?resize=25%2C25&#038;ssl=1\" alt=\"Imagem compartilhar whatsapp\"\/><\/p>\n<p>                <img data-recalc-dims=\"1\" loading=\"lazy\" decoding=\"async\" width=\"25\" height=\"25\" src=\"https:\/\/i0.wp.com\/francaclassificados.com\/\/source\/view\/img\/18w50.png?resize=25%2C25&#038;ssl=1\" alt=\"Imagem compartilhar facebook\"\/><\/p>\n<\/p><\/div>\n<p>    <script async=\"\" src=\"https:\/\/pagead2.googlesyndication.com\/pagead\/js\/adsbygoogle.js?client=ca-pub-2853392113352629\" crossorigin=\"anonymous\"\/>\n    <ins class=\"adsbygoogle\" style=\"display:block\" data-ad-client=\"ca-pub-2853392113352629\" data-ad-slot=\"2925831803\" data-ad-format=\"auto\" data-full-width-responsive=\"true\"\/>\n    <script><![CDATA[\n    (adsbygoogle = window.adsbygoogle || []).push({});\n    ]]><\/script><\/p>\n<div class=\"emp\">\n<p>\n            VENDEDORAS<br \/>Loja no Shopping busca vendedora COM EXPERI\u00caNCIA. Que seja comunicativa, proativa, comprometida e organizada, se identifique com metas\/comiss\u00f5es e tenha disponibilidade de hor\u00e1rios. Requisitos: Experi\u00eancia como vendedora, Segundo grau completo, inform\u00e1tica b\u00e1sica e dom\u00ednio em redes sociais. Se voc\u00ea se identifica com nossa Marca e quer fazer parte do nosso Time, nos envie seu Curr\u00edculo com foto! Proposta Salarial: Fixo + Benef\u00edcios + Comiss\u00f5es atrativas.<br \/>\n            <br \/>milonfranca2@gmail.com\n            <\/p>\n<p><strong>Compartilhe:<\/strong><\/p>\n<p>                <img data-recalc-dims=\"1\" loading=\"lazy\" decoding=\"async\" width=\"25\" height=\"25\" src=\"https:\/\/i0.wp.com\/francaclassificados.com\/\/source\/view\/img\/20w50.png?resize=25%2C25&#038;ssl=1\" alt=\"Imagem compartilhar whatsapp\"\/><\/p>\n<p>                <img data-recalc-dims=\"1\" loading=\"lazy\" decoding=\"async\" width=\"25\" height=\"25\" src=\"https:\/\/i0.wp.com\/francaclassificados.com\/\/source\/view\/img\/18w50.png?resize=25%2C25&#038;ssl=1\" alt=\"Imagem compartilhar facebook\"\/><\/p>\n<\/p><\/div>\n<div class=\"emp\">\n<p>\n            AUXILIAR DE EXPEDI\u00c7\u00c3O<br \/>Estamos contratando um auxiliar de expedi\u00e7\u00e3o com experi\u00eancia na fun\u00e7\u00e3o e conhecimento b\u00e1sico em inform\u00e1tica. O auxiliar \u00e9 respons\u00e1vel por separar, embalar e etiquetar os produtos. Buscamos um profissional com compromisso com prazos e excel\u00eancia nos trabalhos realizados. Envie seu curr\u00edculo para nosso whatsapp 16 99195-1421. Hor\u00e1rio de trabalho de segunda \u00e0 sexta das 7:00 as 17:00.\n            <\/p>\n<p><strong>Compartilhe:<\/strong><\/p>\n<p>                <img data-recalc-dims=\"1\" loading=\"lazy\" decoding=\"async\" width=\"25\" height=\"25\" src=\"https:\/\/i0.wp.com\/francaclassificados.com\/\/source\/view\/img\/20w50.png?resize=25%2C25&#038;ssl=1\" alt=\"Imagem compartilhar whatsapp\"\/><\/p>\n<p>                <img data-recalc-dims=\"1\" loading=\"lazy\" decoding=\"async\" width=\"25\" height=\"25\" src=\"https:\/\/i0.wp.com\/francaclassificados.com\/\/source\/view\/img\/18w50.png?resize=25%2C25&#038;ssl=1\" alt=\"Imagem compartilhar facebook\"\/><\/p>\n<\/p><\/div>\n<p>    <script async=\"\" src=\"https:\/\/pagead2.googlesyndication.com\/pagead\/js\/adsbygoogle.js?client=ca-pub-2853392113352629\" crossorigin=\"anonymous\"\/>\n    <ins class=\"adsbygoogle\" style=\"display:block\" data-ad-client=\"ca-pub-2853392113352629\" data-ad-slot=\"2925831803\" data-ad-format=\"auto\" data-full-width-responsive=\"true\"\/>\n    <script><![CDATA[\n    (adsbygoogle = window.adsbygoogle || []).push({});\n    ]]><\/script><\/p>\n<div class=\"emp\">\n<p>\n            TELEMARKETING<br \/>Empresa sediada em S\u00e3o Paulo, abrindo escritorio comercial em Franca, CONTRATA Profissionais de Vendas de Telemarketing que sejam Ambiciosos, que querem ganhar dinheiro, que possui experi\u00eancia em vendas de Cons\u00f3rcios, Seguros, Livros. Oferece os melhores ganhos do mercado, Sal\u00e1rio Fixo, Comiss\u00e3o e Pr\u00eamios, Vale Transporte, Vale Alimenta\u00e7\u00e3o, Seguros de Vida e plano de Benef\u00edcios, Inicio imediato, interessados enviar curr\u00edculo para: selecom2024@gmail.\n            <\/p>\n<p><strong>Compartilhe:<\/strong><\/p>\n<p>                <img data-recalc-dims=\"1\" loading=\"lazy\" decoding=\"async\" width=\"25\" height=\"25\" src=\"https:\/\/i0.wp.com\/francaclassificados.com\/\/source\/view\/img\/20w50.png?resize=25%2C25&#038;ssl=1\" alt=\"Imagem compartilhar whatsapp\"\/><\/p>\n<p>                <img data-recalc-dims=\"1\" loading=\"lazy\" decoding=\"async\" width=\"25\" height=\"25\" src=\"https:\/\/i0.wp.com\/francaclassificados.com\/\/source\/view\/img\/18w50.png?resize=25%2C25&#038;ssl=1\" alt=\"Imagem compartilhar facebook\"\/><\/p>\n<\/p><\/div>\n<div class=\"emp\">\n<p>\n            ALMOXARIFADO<br \/>Estamos em busca de um profissional respons\u00e1vel, organizado e proativo para apoiar no setor de almoxarifado. Necess\u00e1rio experi\u00eancia em almoxarifado de f\u00e1brica de sapatos ou componentes. Necess\u00e1rio ter o conhecimento em entrada e sa\u00edda de nota fiscal e em movimenta\u00e7\u00e3o de estoque (baixas por plano, ficha corte). Conhecimento em sistema JRTI ser\u00e1 considerado um diferencial. Jd. Paulistano. Enviar curr\u00edculo com o nome da vaga no t\u00edtulo para o E-mail: rh.selecaoemfranca@gmail.com\n            <\/p>\n<p><strong>Compartilhe:<\/strong><\/p>\n<p>                <img data-recalc-dims=\"1\" loading=\"lazy\" decoding=\"async\" width=\"25\" height=\"25\" src=\"https:\/\/i0.wp.com\/francaclassificados.com\/\/source\/view\/img\/20w50.png?resize=25%2C25&#038;ssl=1\" alt=\"Imagem compartilhar whatsapp\"\/><\/p>\n<p>                <img data-recalc-dims=\"1\" loading=\"lazy\" decoding=\"async\" width=\"25\" height=\"25\" src=\"https:\/\/i0.wp.com\/francaclassificados.com\/\/source\/view\/img\/18w50.png?resize=25%2C25&#038;ssl=1\" alt=\"Imagem compartilhar facebook\"\/><\/p>\n<\/p><\/div>\n<p>    <script async=\"\" src=\"https:\/\/pagead2.googlesyndication.com\/pagead\/js\/adsbygoogle.js?client=ca-pub-2853392113352629\" crossorigin=\"anonymous\"\/>\n    <ins class=\"adsbygoogle\" style=\"display:block\" data-ad-client=\"ca-pub-2853392113352629\" data-ad-slot=\"2925831803\" data-ad-format=\"auto\" data-full-width-responsive=\"true\"\/>\n    <script><![CDATA[\n    (adsbygoogle = window.adsbygoogle || []).push({});\n    ]]><\/script><\/p>\n<div class=\"emp\">\n<p>\n            MARKETPLACE<br \/>Contrata-se Profissional marketplace com extrema experi\u00eancia, habilidade com log\u00edsticas comerciais. Alto conhecimento em plataformas de marketplaces, cadastramento de an\u00fancios, e todo suporte operacional de todo comercial de ecommerce. Conhecimento em Ads \u00e9 um diferencial; Exige expertise e experi\u00eancia.<br \/>\n            <br \/>juniorvendas1988@gmail.com\n            <\/p>\n<p><strong>Compartilhe:<\/strong><\/p>\n<p>                <img data-recalc-dims=\"1\" loading=\"lazy\" decoding=\"async\" width=\"25\" height=\"25\" src=\"https:\/\/i0.wp.com\/francaclassificados.com\/\/source\/view\/img\/20w50.png?resize=25%2C25&#038;ssl=1\" alt=\"Imagem compartilhar whatsapp\"\/><\/p>\n<p>                <img data-recalc-dims=\"1\" loading=\"lazy\" decoding=\"async\" width=\"25\" height=\"25\" src=\"https:\/\/i0.wp.com\/francaclassificados.com\/\/source\/view\/img\/18w50.png?resize=25%2C25&#038;ssl=1\" alt=\"Imagem compartilhar facebook\"\/><\/p>\n<\/p><\/div>\n<div class=\"emp\">\n<p>\n            VAGAS: Atendente - Aux. de cozinha e aux. de sushiman. Pr\u00e9 - requisitos: ser din\u00e2mico, pr\u00f3 - ativo, educado(a), saber trabalhar em equipe, respeitar hierarquia, ter for\u00e7a de vontade em aprender e querer trabalhar. \u00c9 necess\u00e1rio que tenha disponibilidade de hor\u00e1rio. Mandar curr\u00edculo para o e-mail: grupowanrh@outlook.com e mencionar no campo assunto a vaga pretendida.\n            <\/p>\n<p><strong>Compartilhe:<\/strong><\/p>\n<p>                <img data-recalc-dims=\"1\" loading=\"lazy\" decoding=\"async\" width=\"25\" height=\"25\" src=\"https:\/\/i0.wp.com\/francaclassificados.com\/\/source\/view\/img\/20w50.png?resize=25%2C25&#038;ssl=1\" alt=\"Imagem compartilhar whatsapp\"\/><\/p>\n<p>                <img data-recalc-dims=\"1\" loading=\"lazy\" decoding=\"async\" width=\"25\" height=\"25\" src=\"https:\/\/i0.wp.com\/francaclassificados.com\/\/source\/view\/img\/18w50.png?resize=25%2C25&#038;ssl=1\" alt=\"Imagem compartilhar facebook\"\/><\/p>\n<\/p><\/div>\n<p>    <script async=\"\" src=\"https:\/\/pagead2.googlesyndication.com\/pagead\/js\/adsbygoogle.js?client=ca-pub-2853392113352629\" crossorigin=\"anonymous\"\/>\n    <ins class=\"adsbygoogle\" style=\"display:block\" data-ad-client=\"ca-pub-2853392113352629\" data-ad-slot=\"2925831803\" data-ad-format=\"auto\" data-full-width-responsive=\"true\"\/>\n    <script><![CDATA[\n    (adsbygoogle = window.adsbygoogle || []).push({});\n    ]]><\/script><\/p>\n<div class=\"emp\">\n<p>\n            AUXILIAR DE PRODU\u00c7\u00c3O<br \/>Contrata-se Auxiliar de Produ\u00e7\u00e3o. \u00c9 necess\u00e1rio ter Ensino M\u00e9dio Completo e Curso de Inform\u00e1tica. Interessados enviar o curr\u00edculo para o e-mail: recrutamento@hevia.com.br\n            <\/p>\n<p><strong>Compartilhe:<\/strong><\/p>\n<p>                <img data-recalc-dims=\"1\" loading=\"lazy\" decoding=\"async\" width=\"25\" height=\"25\" src=\"https:\/\/i0.wp.com\/francaclassificados.com\/\/source\/view\/img\/20w50.png?resize=25%2C25&#038;ssl=1\" alt=\"Imagem compartilhar whatsapp\"\/><\/p>\n<p>                <img data-recalc-dims=\"1\" loading=\"lazy\" decoding=\"async\" width=\"25\" height=\"25\" src=\"https:\/\/i0.wp.com\/francaclassificados.com\/\/source\/view\/img\/18w50.png?resize=25%2C25&#038;ssl=1\" alt=\"Imagem compartilhar facebook\"\/><\/p>\n<\/p><\/div>\n<div class=\"emp\">\n<p>\n            RESPONS\u00c1VEL DE LOJA \/ VENDEDOR<br \/>Vendedor com experi\u00eancia comprovada. Ir\u00e1 liderar a equipe de vendas, envolvendo a realiza\u00e7\u00e3o de treinamentos e desenvolvimento de campanhas de incentivo. Controla metas, elabora relat\u00f3rios de resultados. Perfil agressivo, proativo, com foco em resultado e motivador. Idade: 25 a 45 contrato: Efetivo. Sal\u00e1rio fixo+Benef\u00edcios\/Premia\u00e7\u00e3o: sobre resultados ap\u00f3s experi\u00eancia Requisitos: experi\u00eancia em vendas, gest\u00e3o de pessoas e lideran\u00e7a Enviar curr\u00edculos para e-mail: recrutafranca@outlook.com\n            <\/p>\n<p><strong>Compartilhe:<\/strong><\/p>\n<p>                <img data-recalc-dims=\"1\" loading=\"lazy\" decoding=\"async\" width=\"25\" height=\"25\" src=\"https:\/\/i0.wp.com\/francaclassificados.com\/\/source\/view\/img\/20w50.png?resize=25%2C25&#038;ssl=1\" alt=\"Imagem compartilhar whatsapp\"\/><\/p>\n<p>                <img data-recalc-dims=\"1\" loading=\"lazy\" decoding=\"async\" width=\"25\" height=\"25\" src=\"https:\/\/i0.wp.com\/francaclassificados.com\/\/source\/view\/img\/18w50.png?resize=25%2C25&#038;ssl=1\" alt=\"Imagem compartilhar facebook\"\/><\/p>\n<\/p><\/div>\n<p>    <script async=\"\" src=\"https:\/\/pagead2.googlesyndication.com\/pagead\/js\/adsbygoogle.js?client=ca-pub-2853392113352629\" crossorigin=\"anonymous\"\/>\n    <ins class=\"adsbygoogle\" style=\"display:block\" data-ad-client=\"ca-pub-2853392113352629\" data-ad-slot=\"2925831803\" data-ad-format=\"auto\" data-full-width-responsive=\"true\"\/>\n    <script><![CDATA[\n    (adsbygoogle = window.adsbygoogle || []).push({});\n    ]]><\/script><\/p>\n<div class=\"emp\">\n<p>\n            AUXILIAR DE MONTAGEM<br \/>CONTRATA-SE AUXILIAR DE MONTAGEM QUE SAIBA PREGAR PALMILHA E ESCALAR FORMA. INTERESSADOS COMPARECER NA RUA ARNOLD FARIA JUNQUEIRA 1160 - PAULISTANO I\n            <\/p>\n<p><strong>Compartilhe:<\/strong><\/p>\n<p>                <img data-recalc-dims=\"1\" loading=\"lazy\" decoding=\"async\" width=\"25\" height=\"25\" src=\"https:\/\/i0.wp.com\/francaclassificados.com\/\/source\/view\/img\/20w50.png?resize=25%2C25&#038;ssl=1\" alt=\"Imagem compartilhar whatsapp\"\/><\/p>\n<p>                <img data-recalc-dims=\"1\" loading=\"lazy\" decoding=\"async\" width=\"25\" height=\"25\" src=\"https:\/\/i0.wp.com\/francaclassificados.com\/\/source\/view\/img\/18w50.png?resize=25%2C25&#038;ssl=1\" alt=\"Imagem compartilhar facebook\"\/><\/p>\n<\/p><\/div>\n<div class=\"emp\">\n<p>\n            AUXILIAR DE ESTOQUE<br \/>Contrata-se auxiliar de estoque com experi\u00eancia em e-commerce, sendo respons\u00e1vel pela organiza\u00e7\u00e3o, controle e manuten\u00e7\u00e3o do estoque, bem como pela prepara\u00e7\u00e3o e envio de pedidos , recebimento e conferencia de mercadorias, organiza\u00e7\u00e3o do estoque, , separa\u00e7\u00e3o , embalagem e expedi\u00e7\u00e3o dos produtos. Enviar curr\u00edculo do WhatsApp (16) 3721 8372\n            <\/p>\n<p><strong>Compartilhe:<\/strong><\/p>\n<p>                <img data-recalc-dims=\"1\" loading=\"lazy\" decoding=\"async\" width=\"25\" height=\"25\" src=\"https:\/\/i0.wp.com\/francaclassificados.com\/\/source\/view\/img\/20w50.png?resize=25%2C25&#038;ssl=1\" alt=\"Imagem compartilhar whatsapp\"\/><\/p>\n<p>                <img data-recalc-dims=\"1\" loading=\"lazy\" decoding=\"async\" width=\"25\" height=\"25\" src=\"https:\/\/i0.wp.com\/francaclassificados.com\/\/source\/view\/img\/18w50.png?resize=25%2C25&#038;ssl=1\" alt=\"Imagem compartilhar facebook\"\/><\/p>\n<\/p><\/div>\n<p>    <script async=\"\" src=\"https:\/\/pagead2.googlesyndication.com\/pagead\/js\/adsbygoogle.js?client=ca-pub-2853392113352629\" crossorigin=\"anonymous\"\/>\n    <ins class=\"adsbygoogle\" style=\"display:block\" data-ad-client=\"ca-pub-2853392113352629\" data-ad-slot=\"2925831803\" data-ad-format=\"auto\" data-full-width-responsive=\"true\"\/>\n    <script><![CDATA[\n    (adsbygoogle = window.adsbygoogle || []).push({});\n    ]]><\/script><\/p>\n<div class=\"emp\">\n<p>\n            ASSISTENTE COMERCIAL<br \/>Empresa cal\u00e7adista contrata: ASSISTENTE COMERCIAL que tenha habilidades com cadastro de pedidos e distribui\u00e7\u00e3o de redes. Indispens\u00e1vel experi\u00eancia em f\u00e1brica de cal\u00e7ados. Os interessados dever\u00e3o enviar seu curr\u00edculo com o nome da vaga no assunto para o e-mail: talentoemcalcados@gmail.com\n            <\/p>\n<p><strong>Compartilhe:<\/strong><\/p>\n<p>                <img data-recalc-dims=\"1\" loading=\"lazy\" decoding=\"async\" width=\"25\" height=\"25\" src=\"https:\/\/i0.wp.com\/francaclassificados.com\/\/source\/view\/img\/20w50.png?resize=25%2C25&#038;ssl=1\" alt=\"Imagem compartilhar whatsapp\"\/><\/p>\n<p>                <img data-recalc-dims=\"1\" loading=\"lazy\" decoding=\"async\" width=\"25\" height=\"25\" src=\"https:\/\/i0.wp.com\/francaclassificados.com\/\/source\/view\/img\/18w50.png?resize=25%2C25&#038;ssl=1\" alt=\"Imagem compartilhar facebook\"\/><\/p>\n<\/p><\/div>\n<div class=\"emp\">\n<p>\n            VENDEDORA<br \/>Sexo feminino, comunicativa, proativa, com conhecimento em redes sociais e gostar de vendas. Entregar curr\u00edculo pessoalmente na Rua \u00c1lvaro Abranches, 664 - Cidade Nova ou enviar pelo email rhyogamariamodas@gmail.com\n            <\/p>\n<p><strong>Compartilhe:<\/strong><\/p>\n<p>                <img data-recalc-dims=\"1\" loading=\"lazy\" decoding=\"async\" width=\"25\" height=\"25\" src=\"https:\/\/i0.wp.com\/francaclassificados.com\/\/source\/view\/img\/20w50.png?resize=25%2C25&#038;ssl=1\" alt=\"Imagem compartilhar whatsapp\"\/><\/p>\n<p>                <img data-recalc-dims=\"1\" loading=\"lazy\" decoding=\"async\" width=\"25\" height=\"25\" src=\"https:\/\/i0.wp.com\/francaclassificados.com\/\/source\/view\/img\/18w50.png?resize=25%2C25&#038;ssl=1\" alt=\"Imagem compartilhar facebook\"\/><\/p>\n<\/p><\/div>\n<p>    <script async=\"\" src=\"https:\/\/pagead2.googlesyndication.com\/pagead\/js\/adsbygoogle.js?client=ca-pub-2853392113352629\" crossorigin=\"anonymous\"\/>\n    <ins class=\"adsbygoogle\" style=\"display:block\" data-ad-client=\"ca-pub-2853392113352629\" data-ad-slot=\"2925831803\" data-ad-format=\"auto\" data-full-width-responsive=\"true\"\/>\n    <script><![CDATA[\n    (adsbygoogle = window.adsbygoogle || []).push({});\n    ]]><\/script><\/p>\n<div class=\"emp\">\n<p>\n            Contrata-se Costureiras(os) para o periodo Diurno (06:00 \u00e1s 16:33) de Segunda a Sexta-feira no modo CLT. F\u00e1brica do ramo Vestuario, com \u00canfase em Camisetas e Moletom. Interresados(as) deveram enviar Curriculo para o N\u00famero &gt; 16 99194-6718 Sal\u00e1rio R$ 2.182,00 + 100,00 Bonifica\u00e7\u00e3o mensal,Costureira Overloquista .\n            <\/p>\n<p><strong>Compartilhe:<\/strong><\/p>\n<p>                <img data-recalc-dims=\"1\" loading=\"lazy\" decoding=\"async\" width=\"25\" height=\"25\" src=\"https:\/\/i0.wp.com\/francaclassificados.com\/\/source\/view\/img\/20w50.png?resize=25%2C25&#038;ssl=1\" alt=\"Imagem compartilhar whatsapp\"\/><\/p>\n<p>                <img data-recalc-dims=\"1\" loading=\"lazy\" decoding=\"async\" width=\"25\" height=\"25\" src=\"https:\/\/i0.wp.com\/francaclassificados.com\/\/source\/view\/img\/18w50.png?resize=25%2C25&#038;ssl=1\" alt=\"Imagem compartilhar facebook\"\/><\/p>\n<\/p><\/div>\n<div class=\"emp\">\n<p>\n            Empresa conceituada que conta com uma \u00f3tima estrutura. Temos Ind\u00fastria, Ecommerce vendas e loja f\u00edsica.. Estamos em busca de profissionais que tenham facilidade com ecommerce e vendas. Vaga para Ecommerce que atende clientes via plataformas. Vaga tamb\u00e9m para Assistente Sac para realizar atendimento p\u00f3s vendas. Formato CLT sal\u00e1rio a combinar + Vale Alimenta\u00e7\u00e3o + Ajuda de custo transporte. Curr\u00edculos para rodriguesrhdequalidade30@gmail.com\n            <\/p>\n<p><strong>Compartilhe:<\/strong><\/p>\n<p>                <img data-recalc-dims=\"1\" loading=\"lazy\" decoding=\"async\" width=\"25\" height=\"25\" src=\"https:\/\/i0.wp.com\/francaclassificados.com\/\/source\/view\/img\/20w50.png?resize=25%2C25&#038;ssl=1\" alt=\"Imagem compartilhar whatsapp\"\/><\/p>\n<p>                <img data-recalc-dims=\"1\" loading=\"lazy\" decoding=\"async\" width=\"25\" height=\"25\" src=\"https:\/\/i0.wp.com\/francaclassificados.com\/\/source\/view\/img\/18w50.png?resize=25%2C25&#038;ssl=1\" alt=\"Imagem compartilhar facebook\"\/><\/p>\n<\/p><\/div>\n<p>    <script async=\"\" src=\"https:\/\/pagead2.googlesyndication.com\/pagead\/js\/adsbygoogle.js?client=ca-pub-2853392113352629\" crossorigin=\"anonymous\"\/>\n    <ins class=\"adsbygoogle\" style=\"display:block\" data-ad-client=\"ca-pub-2853392113352629\" data-ad-slot=\"2925831803\" data-ad-format=\"auto\" data-full-width-responsive=\"true\"\/>\n    <script><![CDATA[\n    (adsbygoogle = window.adsbygoogle || []).push({});\n    ]]><\/script><\/p>\n<div class=\"emp\">\n<p>\n            CUIDADOR\/CUIDADORA DE IDOSOS<br \/>Contrata-se cuidador(a) de idosos para cuidar de idosa acamada, horario de trabalho de segunda a sexta, das 8:50 as 17:45, salario de R$1800, interessados enviar curriculo pelo WhatsApp 16 99284-5756\n            <\/p>\n<p><strong>Compartilhe:<\/strong><\/p>\n<p>                <img data-recalc-dims=\"1\" loading=\"lazy\" decoding=\"async\" width=\"25\" height=\"25\" src=\"https:\/\/i0.wp.com\/francaclassificados.com\/\/source\/view\/img\/20w50.png?resize=25%2C25&#038;ssl=1\" alt=\"Imagem compartilhar whatsapp\"\/><\/p>\n<p>                <img data-recalc-dims=\"1\" loading=\"lazy\" decoding=\"async\" width=\"25\" height=\"25\" src=\"https:\/\/i0.wp.com\/francaclassificados.com\/\/source\/view\/img\/18w50.png?resize=25%2C25&#038;ssl=1\" alt=\"Imagem compartilhar facebook\"\/><\/p>\n<\/p><\/div>\n<div class=\"emp\">\n<p>\n            Contrata-se as seguintes fun\u00e7\u00f5es, com jornada de trabalho de segunda a sexta-feira e salario a combinar. Aplicador de Ilh\u00f3s, Machador, Coringa de Acabamento e Passador de Cola no Cabedal. ambos com experiencia. Os interessados devem enviar o curr\u00edculo no e-mail: administrativo@calcadosfork.com.br ou entregar no endere\u00e7o Rua Orestes Dalmaso, 2190 - Jd. Petraglia.Coringa de Acabamento e Passador de Cola no Cabedal.\n            <\/p>\n<p><strong>Compartilhe:<\/strong><\/p>\n<p>                <img data-recalc-dims=\"1\" loading=\"lazy\" decoding=\"async\" width=\"25\" height=\"25\" src=\"https:\/\/i0.wp.com\/francaclassificados.com\/\/source\/view\/img\/20w50.png?resize=25%2C25&#038;ssl=1\" alt=\"Imagem compartilhar whatsapp\"\/><\/p>\n<p>                <img data-recalc-dims=\"1\" loading=\"lazy\" decoding=\"async\" width=\"25\" height=\"25\" src=\"https:\/\/i0.wp.com\/francaclassificados.com\/\/source\/view\/img\/18w50.png?resize=25%2C25&#038;ssl=1\" alt=\"Imagem compartilhar facebook\"\/><\/p>\n<\/p><\/div>\n<p>    <script async=\"\" src=\"https:\/\/pagead2.googlesyndication.com\/pagead\/js\/adsbygoogle.js?client=ca-pub-2853392113352629\" crossorigin=\"anonymous\"\/>\n    <ins class=\"adsbygoogle\" style=\"display:block\" data-ad-client=\"ca-pub-2853392113352629\" data-ad-slot=\"2925831803\" data-ad-format=\"auto\" data-full-width-responsive=\"true\"\/>\n    <script><![CDATA[\n    (adsbygoogle = window.adsbygoogle || []).push({});\n    ]]><\/script><\/p>\n<div class=\"emp\">\n<p>\n            ATENDENTE DE CALL CENTER<br \/>Uma das melhores empresas do Brasil, contrata! Requisitos: Ensino M\u00e9dio Completo, acima de 18 anos, experi\u00eancia com vendas ou atendimento ao cliente. Disponibilidade das 14h \u00e0s 22h, escala 6x1. Sal\u00e1rio compat\u00edvel ao mercado e excelentes benef\u00edcios, como: Vale Refei\u00e7\u00e3o e Alimenta\u00e7\u00e3o, VT, Conv\u00eanio M\u00e9dico e Odontol\u00f3gico sem mensalidades, Aux\u00edlio Creche, Seguro de Vida, Day Off e PLR. Candidate-se pelo link https:\/\/abre.ai\/j2PL , ou acesse nossa p\u00e1gina de carreiras no Linkedin: Brasilseg.\n            <\/p>\n<p><strong>Compartilhe:<\/strong><\/p>\n<p>                <img data-recalc-dims=\"1\" loading=\"lazy\" decoding=\"async\" width=\"25\" height=\"25\" src=\"https:\/\/i0.wp.com\/francaclassificados.com\/\/source\/view\/img\/20w50.png?resize=25%2C25&#038;ssl=1\" alt=\"Imagem compartilhar whatsapp\"\/><\/p>\n<p>                <img data-recalc-dims=\"1\" loading=\"lazy\" decoding=\"async\" width=\"25\" height=\"25\" src=\"https:\/\/i0.wp.com\/francaclassificados.com\/\/source\/view\/img\/18w50.png?resize=25%2C25&#038;ssl=1\" alt=\"Imagem compartilhar facebook\"\/><\/p>\n<\/p><\/div>\n<div class=\"emp\">\n<p>\n            DESIGNER PARA ESTAMPARIA<br \/>Com experi\u00eancia em camisetas,pain\u00e9is,moletons,1699312-1442 WhatsApp saber operar impressora de sublima\u00e7\u00e3o\n            <\/p>\n<p><strong>Compartilhe:<\/strong><\/p>\n<p>                <img data-recalc-dims=\"1\" loading=\"lazy\" decoding=\"async\" width=\"25\" height=\"25\" src=\"https:\/\/i0.wp.com\/francaclassificados.com\/\/source\/view\/img\/20w50.png?resize=25%2C25&#038;ssl=1\" alt=\"Imagem compartilhar whatsapp\"\/><\/p>\n<p>                <img data-recalc-dims=\"1\" loading=\"lazy\" decoding=\"async\" width=\"25\" height=\"25\" src=\"https:\/\/i0.wp.com\/francaclassificados.com\/\/source\/view\/img\/18w50.png?resize=25%2C25&#038;ssl=1\" alt=\"Imagem compartilhar facebook\"\/><\/p>\n<\/p><\/div>\n<p>    <script async=\"\" src=\"https:\/\/pagead2.googlesyndication.com\/pagead\/js\/adsbygoogle.js?client=ca-pub-2853392113352629\" crossorigin=\"anonymous\"\/>\n    <ins class=\"adsbygoogle\" style=\"display:block\" data-ad-client=\"ca-pub-2853392113352629\" data-ad-slot=\"2925831803\" data-ad-format=\"auto\" data-full-width-responsive=\"true\"\/>\n    <script><![CDATA[\n    (adsbygoogle = window.adsbygoogle || []).push({});\n    ]]><\/script><\/p>\n<div class=\"emp\">\n<p>\n            CONTRATA-SE ALMOXARIFE MASCULINO, ENFUMA\u00c7ADOR. ambos com experi\u00eancia Comparecer Rua Trist\u00e3o de Almeida 4615 Distrito ou entrar em contato 16 99335-9395 falar com Fred\n            <\/p>\n<p><strong>Compartilhe:<\/strong><\/p>\n<p>                <img data-recalc-dims=\"1\" loading=\"lazy\" decoding=\"async\" width=\"25\" height=\"25\" src=\"https:\/\/i0.wp.com\/francaclassificados.com\/\/source\/view\/img\/20w50.png?resize=25%2C25&#038;ssl=1\" alt=\"Imagem compartilhar whatsapp\"\/><\/p>\n<p>                <img data-recalc-dims=\"1\" loading=\"lazy\" decoding=\"async\" width=\"25\" height=\"25\" src=\"https:\/\/i0.wp.com\/francaclassificados.com\/\/source\/view\/img\/18w50.png?resize=25%2C25&#038;ssl=1\" alt=\"Imagem compartilhar facebook\"\/><\/p>\n<\/p><\/div>\n<div class=\"emp\">\n<p>\n            BANCA PEQUENA MASC E FEM<br \/>Precisamos banca para 40 pares\/dia, modelos sociais masculinos e femininos e sapat\u00eanis. rzelao@gmail.com\n            <\/p>\n<p><strong>Compartilhe:<\/strong><\/p>\n<p>                <img data-recalc-dims=\"1\" loading=\"lazy\" decoding=\"async\" width=\"25\" height=\"25\" src=\"https:\/\/i0.wp.com\/francaclassificados.com\/\/source\/view\/img\/20w50.png?resize=25%2C25&#038;ssl=1\" alt=\"Imagem compartilhar whatsapp\"\/><\/p>\n<p>                <img data-recalc-dims=\"1\" loading=\"lazy\" decoding=\"async\" width=\"25\" height=\"25\" src=\"https:\/\/i0.wp.com\/francaclassificados.com\/\/source\/view\/img\/18w50.png?resize=25%2C25&#038;ssl=1\" alt=\"Imagem compartilhar facebook\"\/><\/p>\n<\/p><\/div>\n<p>    <script async=\"\" src=\"https:\/\/pagead2.googlesyndication.com\/pagead\/js\/adsbygoogle.js?client=ca-pub-2853392113352629\" crossorigin=\"anonymous\"\/>\n    <ins class=\"adsbygoogle\" style=\"display:block\" data-ad-client=\"ca-pub-2853392113352629\" data-ad-slot=\"2925831803\" data-ad-format=\"auto\" data-full-width-responsive=\"true\"\/>\n    <script><![CDATA[\n    (adsbygoogle = window.adsbygoogle || []).push({});\n    ]]><\/script><\/p>\n<div class=\"emp\">\n<p>\n            VENDEDOR<br \/>EMPRESA DO SEGMENTO DE CAL\u00c7ADOS MILITARES EST\u00c1 ADMITINDO. VENDEDOR \u2022 SEGUNDO GRAU COMPLETO \u2022 HABILITA\u00c7\u00c3O CATEGORIA \u201cB\u201d \u2022 DISPONIBILIDADE PARA VIAGENS \u2022 EXPERIENCIA NA AREA DE VENDAS EM CAL\u00c7ADOS \u2022 CONHECIMENTO MINIMO EM PACOTE OFFICE - INTERESSADOS ENVIAR CURRICULO PARA: adm@hmmilitar.com.br\n            <\/p>\n<p><strong>Compartilhe:<\/strong><\/p>\n<p>                <img data-recalc-dims=\"1\" loading=\"lazy\" decoding=\"async\" width=\"25\" height=\"25\" src=\"https:\/\/i0.wp.com\/francaclassificados.com\/\/source\/view\/img\/20w50.png?resize=25%2C25&#038;ssl=1\" alt=\"Imagem compartilhar whatsapp\"\/><\/p>\n<p>                <img data-recalc-dims=\"1\" loading=\"lazy\" decoding=\"async\" width=\"25\" height=\"25\" src=\"https:\/\/i0.wp.com\/francaclassificados.com\/\/source\/view\/img\/18w50.png?resize=25%2C25&#038;ssl=1\" alt=\"Imagem compartilhar facebook\"\/><\/p>\n<\/p><\/div>\n<div class=\"emp\">\n<p>\n            AJUDANTE GERAL, AUXILIAR DE ELETRICISTA<br \/>Contrata-se com experi\u00eancia para atuar na constru\u00e7\u00e3o civil, regime CLT, sal\u00e1rio compat\u00edvel com mercado mais benef\u00edcios(caf\u00e9 da manh\u00e3, almo\u00e7o, vale transporte, vale alimenta\u00e7\u00e3o) 44 horas semanais. Atuar em Franca com inicio imediato. Enviar curr\u00edculo para admin@engepires.com.br camila.andrade@engepires.com.br\n            <\/p>\n<p><strong>Compartilhe:<\/strong><\/p>\n<p>                <img data-recalc-dims=\"1\" loading=\"lazy\" decoding=\"async\" width=\"25\" height=\"25\" src=\"https:\/\/i0.wp.com\/francaclassificados.com\/\/source\/view\/img\/20w50.png?resize=25%2C25&#038;ssl=1\" alt=\"Imagem compartilhar whatsapp\"\/><\/p>\n<p>                <img data-recalc-dims=\"1\" loading=\"lazy\" decoding=\"async\" width=\"25\" height=\"25\" src=\"https:\/\/i0.wp.com\/francaclassificados.com\/\/source\/view\/img\/18w50.png?resize=25%2C25&#038;ssl=1\" alt=\"Imagem compartilhar facebook\"\/><\/p>\n<\/p><\/div>\n<p>    <script async=\"\" src=\"https:\/\/pagead2.googlesyndication.com\/pagead\/js\/adsbygoogle.js?client=ca-pub-2853392113352629\" crossorigin=\"anonymous\"\/>\n    <ins class=\"adsbygoogle\" style=\"display:block\" data-ad-client=\"ca-pub-2853392113352629\" data-ad-slot=\"2925831803\" data-ad-format=\"auto\" data-full-width-responsive=\"true\"\/>\n    <script><![CDATA[\n    (adsbygoogle = window.adsbygoogle || []).push({});\n    ]]><\/script><\/p>\n<div class=\"emp\">\n<p>\n            DEPARTAMENTO DE COMPRAS<br \/>Responsabilidades: &gt; Desenvolver e executar estrat\u00e9gias de compras para construtora &gt; Avaliar e selecionar fornecedores com base em crit\u00e9rios de qualidade, confiabilidade e custos &gt; Manter uma rela\u00e7\u00e3o efetiva com fornecedores existentes e desenvolver novas parcerias. Requisitos: &gt;&gt; Experi\u00eancia comprovada em fun\u00e7\u00f5es similares &gt;&gt; Habilidades de negocia\u00e7\u00f5eS &gt;&gt; Organizado - Hor\u00e1rio 8:00 hrs \u00e1s 17:30 hrs (Segunda \u00e0 Sexta) Interessados enviar curr\u00edculo: curriculogpnamedida@gmail.com\n            <\/p>\n<p><strong>Compartilhe:<\/strong><\/p>\n<p>                <img data-recalc-dims=\"1\" loading=\"lazy\" decoding=\"async\" width=\"25\" height=\"25\" src=\"https:\/\/i0.wp.com\/francaclassificados.com\/\/source\/view\/img\/20w50.png?resize=25%2C25&#038;ssl=1\" alt=\"Imagem compartilhar whatsapp\"\/><\/p>\n<p>                <img data-recalc-dims=\"1\" loading=\"lazy\" decoding=\"async\" width=\"25\" height=\"25\" src=\"https:\/\/i0.wp.com\/francaclassificados.com\/\/source\/view\/img\/18w50.png?resize=25%2C25&#038;ssl=1\" alt=\"Imagem compartilhar facebook\"\/><\/p>\n<\/p><\/div>\n<div class=\"emp\">\n<p>\n            AJUDANTE DE ARMAZ\u00c9M NOTURNO<br \/>Admite-se AJUDANTE DE ARMAZ\u00c9M para trabalho NOTURNO, as atribui\u00e7\u00f5es do cargo s\u00e3o: Efetuar a separa\u00e7\u00e3o cuidadosa dos produtos no armaz\u00e9m da Revenda; Promover a montagem das cargas e a organiza\u00e7\u00e3o do estoque; Interessados podem encaminhar o curr\u00edculo para o WhatsApp: 16-99195-7140 ou e-mail recrutamento@rizatti.com.br\n            <\/p>\n<p><strong>Compartilhe:<\/strong><\/p>\n<p>                <img data-recalc-dims=\"1\" loading=\"lazy\" decoding=\"async\" width=\"25\" height=\"25\" src=\"https:\/\/i0.wp.com\/francaclassificados.com\/\/source\/view\/img\/20w50.png?resize=25%2C25&#038;ssl=1\" alt=\"Imagem compartilhar whatsapp\"\/><\/p>\n<p>                <img data-recalc-dims=\"1\" loading=\"lazy\" decoding=\"async\" width=\"25\" height=\"25\" src=\"https:\/\/i0.wp.com\/francaclassificados.com\/\/source\/view\/img\/18w50.png?resize=25%2C25&#038;ssl=1\" alt=\"Imagem compartilhar facebook\"\/><\/p>\n<\/p><\/div>\n<p>    <script async=\"\" src=\"https:\/\/pagead2.googlesyndication.com\/pagead\/js\/adsbygoogle.js?client=ca-pub-2853392113352629\" crossorigin=\"anonymous\"\/>\n    <ins class=\"adsbygoogle\" style=\"display:block\" data-ad-client=\"ca-pub-2853392113352629\" data-ad-slot=\"2925831803\" data-ad-format=\"auto\" data-full-width-responsive=\"true\"\/>\n    <script><![CDATA[\n    (adsbygoogle = window.adsbygoogle || []).push({});\n    ]]><\/script><\/p>\n<div class=\"emp\">\n<p>\n            ATENDENTES RESTAURANTE<br \/>Oferecemos: Salario compativ\u00e9l com mercado, beneficios, ambiente de trabalho din\u00e2mico e agrad\u00e1vel. Requisitos: Ter no minimo 21 anos, ensino medio completo, residir em Franca ter disponibilidade de hor\u00e1rio. Entregue seu curriculo no Giraffas na pra\u00e7a de alimenta\u00e7\u00e3o do Franca Shopping.\n            <\/p>\n<p><strong>Compartilhe:<\/strong><\/p>\n<p>                <img data-recalc-dims=\"1\" loading=\"lazy\" decoding=\"async\" width=\"25\" height=\"25\" src=\"https:\/\/i0.wp.com\/francaclassificados.com\/\/source\/view\/img\/20w50.png?resize=25%2C25&#038;ssl=1\" alt=\"Imagem compartilhar whatsapp\"\/><\/p>\n<p>                <img data-recalc-dims=\"1\" loading=\"lazy\" decoding=\"async\" width=\"25\" height=\"25\" src=\"https:\/\/i0.wp.com\/francaclassificados.com\/\/source\/view\/img\/18w50.png?resize=25%2C25&#038;ssl=1\" alt=\"Imagem compartilhar facebook\"\/><\/p>\n<\/p><\/div>\n<div class=\"emp\">\n<p>\n            CONTRATA-SE Apontador de Sola e Auxiliar de Plancheamento com experi\u00eancia. Interessados, enviar curriculo para o email: financeiro@factumshoes.com.br\n            <\/p>\n<p><strong>Compartilhe:<\/strong><\/p>\n<p>                <img data-recalc-dims=\"1\" loading=\"lazy\" decoding=\"async\" width=\"25\" height=\"25\" src=\"https:\/\/i0.wp.com\/francaclassificados.com\/\/source\/view\/img\/20w50.png?resize=25%2C25&#038;ssl=1\" alt=\"Imagem compartilhar whatsapp\"\/><\/p>\n<p>                <img data-recalc-dims=\"1\" loading=\"lazy\" decoding=\"async\" width=\"25\" height=\"25\" src=\"https:\/\/i0.wp.com\/francaclassificados.com\/\/source\/view\/img\/18w50.png?resize=25%2C25&#038;ssl=1\" alt=\"Imagem compartilhar facebook\"\/><\/p>\n<\/p><\/div>\n<p>    <script async=\"\" src=\"https:\/\/pagead2.googlesyndication.com\/pagead\/js\/adsbygoogle.js?client=ca-pub-2853392113352629\" crossorigin=\"anonymous\"\/>\n    <ins class=\"adsbygoogle\" style=\"display:block\" data-ad-client=\"ca-pub-2853392113352629\" data-ad-slot=\"2925831803\" data-ad-format=\"auto\" data-full-width-responsive=\"true\"\/>\n    <script><![CDATA[\n    (adsbygoogle = window.adsbygoogle || []).push({});\n    ]]><\/script><\/p>\n<div class=\"emp\">\n<p>\n            CASEIRO APOSENTADO PARA S\u00cdTIO<br \/>Procura-se caseiro para morar em s\u00edtio no munic\u00edpio de Cristais Paulista. Preciso que seja um casal, o homem ir\u00e1 executar servi\u00e7os gerais (preciso que seja aposentado) e a mulher ir\u00e1 fazer a faxina. Requisitos: cuidar de animais, cuidar da horta, pomar, arrumar cerca, ro\u00e7ar grama. Sal\u00e1rio a combinar. \u00d3tima oportunidade, quem tiver interesse ligar para (16) 99231-4556\n            <\/p>\n<p><strong>Compartilhe:<\/strong><\/p>\n<p>                <img data-recalc-dims=\"1\" loading=\"lazy\" decoding=\"async\" width=\"25\" height=\"25\" src=\"https:\/\/i0.wp.com\/francaclassificados.com\/\/source\/view\/img\/20w50.png?resize=25%2C25&#038;ssl=1\" alt=\"Imagem compartilhar whatsapp\"\/><\/p>\n<p>                <img data-recalc-dims=\"1\" loading=\"lazy\" decoding=\"async\" width=\"25\" height=\"25\" src=\"https:\/\/i0.wp.com\/francaclassificados.com\/\/source\/view\/img\/18w50.png?resize=25%2C25&#038;ssl=1\" alt=\"Imagem compartilhar facebook\"\/><\/p>\n<\/p><\/div>\n<div class=\"emp\">\n<p>\n            Vendedora de Credito Consignado<br \/>De prefer\u00eancia com experi\u00eancia e que tenha conhecimento em inform\u00e1tica e Pacote Office. - Sal\u00e1rio fixo + VA + COMISS\u00c3O . Enviar curr\u00edculo para o e-mail : marketing@credfran.com.br Obs.: FAVOR COLOCAR NO ASSUNTO A VAGA DE ACORDO COM O ANUNCIO.\n            <\/p>\n<p><strong>Compartilhe:<\/strong><\/p>\n<p>                <img data-recalc-dims=\"1\" loading=\"lazy\" decoding=\"async\" width=\"25\" height=\"25\" src=\"https:\/\/i0.wp.com\/francaclassificados.com\/\/source\/view\/img\/20w50.png?resize=25%2C25&#038;ssl=1\" alt=\"Imagem compartilhar whatsapp\"\/><\/p>\n<p>                <img data-recalc-dims=\"1\" loading=\"lazy\" decoding=\"async\" width=\"25\" height=\"25\" src=\"https:\/\/i0.wp.com\/francaclassificados.com\/\/source\/view\/img\/18w50.png?resize=25%2C25&#038;ssl=1\" alt=\"Imagem compartilhar facebook\"\/><\/p>\n<\/p><\/div>\n<p>    <script async=\"\" src=\"https:\/\/pagead2.googlesyndication.com\/pagead\/js\/adsbygoogle.js?client=ca-pub-2853392113352629\" crossorigin=\"anonymous\"\/>\n    <ins class=\"adsbygoogle\" style=\"display:block\" data-ad-client=\"ca-pub-2853392113352629\" data-ad-slot=\"2925831803\" data-ad-format=\"auto\" data-full-width-responsive=\"true\"\/>\n    <script><![CDATA[\n    (adsbygoogle = window.adsbygoogle || []).push({});\n    ]]><\/script><\/p>\n<div class=\"emp\">\n<p>\n            MOTORISTA\/ENTREGADOR<br \/>Empresa contrata para in\u00edcio imediato motorista CNH AD experi\u00eancia na fun\u00e7\u00e3o, proativo, disponibilidade de hor\u00e1rio, viagens interior de S\u00e3o Paulo e Minas Gerais m\u00e1ximo de 2 dias, de Segunda a Sexta, CLT, salario R$ 2.600,00 cesta b\u00e1sica e premia\u00e7\u00e3o. Enviar curr\u00edculos pelo e-mail vagarh2024@gmail.com\n            <\/p>\n<p><strong>Compartilhe:<\/strong><\/p>\n<p>                <img data-recalc-dims=\"1\" loading=\"lazy\" decoding=\"async\" width=\"25\" height=\"25\" src=\"https:\/\/i0.wp.com\/francaclassificados.com\/\/source\/view\/img\/20w50.png?resize=25%2C25&#038;ssl=1\" alt=\"Imagem compartilhar whatsapp\"\/><\/p>\n<p>                <img data-recalc-dims=\"1\" loading=\"lazy\" decoding=\"async\" width=\"25\" height=\"25\" src=\"https:\/\/i0.wp.com\/francaclassificados.com\/\/source\/view\/img\/18w50.png?resize=25%2C25&#038;ssl=1\" alt=\"Imagem compartilhar facebook\"\/><\/p>\n<\/p><\/div>\n<div class=\"emp\">\n<p>\n            MOTORISTA E AJUDANTE DE MOTORISTA<br \/>Empresa em expans\u00e3o contrata: MOTORISTA: Habilita\u00e7\u00e3o D com Experi\u00eancia. Ajudande de Expedi\u00e7\u00e3o: Habilita\u00e7\u00e3o A\/B - Curso de Empilhadeira. Empresa Oferece Salario Fixo + Plano de Sa\u00fade 50%, Plano odontol\u00f3gico 100%, Seguro de Vida, Indicadores e premia\u00e7\u00f5es por produtividade. Enviar curriculo para o e-mail recrutamentofranca2024@gmail.com com e colocar no assunto a vaga desejada.\n            <\/p>\n<p><strong>Compartilhe:<\/strong><\/p>\n<p>                <img data-recalc-dims=\"1\" loading=\"lazy\" decoding=\"async\" width=\"25\" height=\"25\" src=\"https:\/\/i0.wp.com\/francaclassificados.com\/\/source\/view\/img\/20w50.png?resize=25%2C25&#038;ssl=1\" alt=\"Imagem compartilhar whatsapp\"\/><\/p>\n<p>                <img data-recalc-dims=\"1\" loading=\"lazy\" decoding=\"async\" width=\"25\" height=\"25\" src=\"https:\/\/i0.wp.com\/francaclassificados.com\/\/source\/view\/img\/18w50.png?resize=25%2C25&#038;ssl=1\" alt=\"Imagem compartilhar facebook\"\/><\/p>\n<\/p><\/div>\n<p>    <script async=\"\" src=\"https:\/\/pagead2.googlesyndication.com\/pagead\/js\/adsbygoogle.js?client=ca-pub-2853392113352629\" crossorigin=\"anonymous\"\/>\n    <ins class=\"adsbygoogle\" style=\"display:block\" data-ad-client=\"ca-pub-2853392113352629\" data-ad-slot=\"2925831803\" data-ad-format=\"auto\" data-full-width-responsive=\"true\"\/>\n    <script><![CDATA[\n    (adsbygoogle = window.adsbygoogle || []).push({});\n    ]]><\/script><\/p>\n<div class=\"emp\">\n<p>\n            SERRALHEIRO<br \/>CONTRATA-SE SERRALHEIRO COM EXPERI\u00caNCIA EM SOLDA MIG. REGISTRO CONFORME LEIS CLT. INTERESSADOS ENVIAR CURRICULO NO EMAIL rh@viupaineis.com - ZAP : 16 99979-3777\n            <\/p>\n<p><strong>Compartilhe:<\/strong><\/p>\n<p>                <img data-recalc-dims=\"1\" loading=\"lazy\" decoding=\"async\" width=\"25\" height=\"25\" src=\"https:\/\/i0.wp.com\/francaclassificados.com\/\/source\/view\/img\/20w50.png?resize=25%2C25&#038;ssl=1\" alt=\"Imagem compartilhar whatsapp\"\/><\/p>\n<p>                <img data-recalc-dims=\"1\" loading=\"lazy\" decoding=\"async\" width=\"25\" height=\"25\" src=\"https:\/\/i0.wp.com\/francaclassificados.com\/\/source\/view\/img\/18w50.png?resize=25%2C25&#038;ssl=1\" alt=\"Imagem compartilhar facebook\"\/><\/p>\n<\/p><\/div>\n<div class=\"emp\">\n<p>\n            CORTADOR DE TECIDO<br \/>CONTRATA-SE CORTADOR DE TECIDO COM EXP\u00caRIENCIA INICIO IMEDIATO, NAS IMEDIA\u00c7OES DO PIRATININGA ! 16991008022 ENVIAR CURRICULO\n            <\/p>\n<p><strong>Compartilhe:<\/strong><\/p>\n<p>                <img data-recalc-dims=\"1\" loading=\"lazy\" decoding=\"async\" width=\"25\" height=\"25\" src=\"https:\/\/i0.wp.com\/francaclassificados.com\/\/source\/view\/img\/20w50.png?resize=25%2C25&#038;ssl=1\" alt=\"Imagem compartilhar whatsapp\"\/><\/p>\n<p>                <img data-recalc-dims=\"1\" loading=\"lazy\" decoding=\"async\" width=\"25\" height=\"25\" src=\"https:\/\/i0.wp.com\/francaclassificados.com\/\/source\/view\/img\/18w50.png?resize=25%2C25&#038;ssl=1\" alt=\"Imagem compartilhar facebook\"\/><\/p>\n<\/p><\/div>\n<p>    <script async=\"\" src=\"https:\/\/pagead2.googlesyndication.com\/pagead\/js\/adsbygoogle.js?client=ca-pub-2853392113352629\" crossorigin=\"anonymous\"\/>\n    <ins class=\"adsbygoogle\" style=\"display:block\" data-ad-client=\"ca-pub-2853392113352629\" data-ad-slot=\"2925831803\" data-ad-format=\"auto\" data-full-width-responsive=\"true\"\/>\n    <script><![CDATA[\n    (adsbygoogle = window.adsbygoogle || []).push({});\n    ]]><\/script><\/p>\n<div class=\"emp\">\n<p>\n            Contrata Auxiliar de dublagem , e dublador . interessados levar curr\u00edculo endere\u00e7o : rua Maranh\u00e3o 1283 ou via WhatsApp 16.99426-0819\n            <\/p>\n<p><strong>Compartilhe:<\/strong><\/p>\n<p>                <img data-recalc-dims=\"1\" loading=\"lazy\" decoding=\"async\" width=\"25\" height=\"25\" src=\"https:\/\/i0.wp.com\/francaclassificados.com\/\/source\/view\/img\/20w50.png?resize=25%2C25&#038;ssl=1\" alt=\"Imagem compartilhar whatsapp\"\/><\/p>\n<p>                <img data-recalc-dims=\"1\" loading=\"lazy\" decoding=\"async\" width=\"25\" height=\"25\" src=\"https:\/\/i0.wp.com\/francaclassificados.com\/\/source\/view\/img\/18w50.png?resize=25%2C25&#038;ssl=1\" alt=\"Imagem compartilhar facebook\"\/><\/p>\n<\/p><\/div>\n<div class=\"emp\">\n<p>\n            AUXILIAR DE EXPEDI\u00c7\u00c3O E ENTREGA<br \/>Estamos contratando: Auxiliar de Expedi\u00e7\u00e3o e Entrega Requisitos: Experi\u00eancia indispens\u00e1vel em Estoque, Separa\u00e7\u00e3o e Entrega (preferencialmente com moto). Forte comprometimento, habilidades de trabalho em equipe, iniciativa e flexibilidade de hor\u00e1rios. Hor\u00e1rio de trabalho: Segunda a sexta-feira, das 08h \u00e0s 18h. S\u00e1bados intercalados, das 08h \u00e0s 13h. Interessados enviar curr\u00edculo para: curriculos@gobicar.com.br\n            <\/p>\n<p><strong>Compartilhe:<\/strong><\/p>\n<p>                <img data-recalc-dims=\"1\" loading=\"lazy\" decoding=\"async\" width=\"25\" height=\"25\" src=\"https:\/\/i0.wp.com\/francaclassificados.com\/\/source\/view\/img\/20w50.png?resize=25%2C25&#038;ssl=1\" alt=\"Imagem compartilhar whatsapp\"\/><\/p>\n<p>                <img data-recalc-dims=\"1\" loading=\"lazy\" decoding=\"async\" width=\"25\" height=\"25\" src=\"https:\/\/i0.wp.com\/francaclassificados.com\/\/source\/view\/img\/18w50.png?resize=25%2C25&#038;ssl=1\" alt=\"Imagem compartilhar facebook\"\/><\/p>\n<\/p><\/div>\n<p>    <script async=\"\" src=\"https:\/\/pagead2.googlesyndication.com\/pagead\/js\/adsbygoogle.js?client=ca-pub-2853392113352629\" crossorigin=\"anonymous\"\/>\n    <ins class=\"adsbygoogle\" style=\"display:block\" data-ad-client=\"ca-pub-2853392113352629\" data-ad-slot=\"2925831803\" data-ad-format=\"auto\" data-full-width-responsive=\"true\"\/>\n    <script><![CDATA[\n    (adsbygoogle = window.adsbygoogle || []).push({});\n    ]]><\/script><\/p>\n<div class=\"emp\">\n<p>\n            DESIGN GR\u00c1FICO<br \/>Estamos contratando um Designer talentoso para criar artes, fotos e v\u00eddeos criativos para nossas campanhas nas redes sociais. O candidato ideal deve ter experi\u00eancia comprovada em design gr\u00e1fico, habilidades em edi\u00e7\u00e3o de fotos e v\u00eddeos Ser\u00e1 respons\u00e1vel por desenvolver conte\u00fado visual alinhado ao nosso planejamento de marketing. Envie seu curr\u00edculo e portf\u00f3lio para \"curriculo.ecommerce2024@gmail.com\" com o assunto \"Vaga Designer \u201d.\n            <\/p>\n<p><strong>Compartilhe:<\/strong><\/p>\n<p>                <img data-recalc-dims=\"1\" loading=\"lazy\" decoding=\"async\" width=\"25\" height=\"25\" src=\"https:\/\/i0.wp.com\/francaclassificados.com\/\/source\/view\/img\/20w50.png?resize=25%2C25&#038;ssl=1\" alt=\"Imagem compartilhar whatsapp\"\/><\/p>\n<p>                <img data-recalc-dims=\"1\" loading=\"lazy\" decoding=\"async\" width=\"25\" height=\"25\" src=\"https:\/\/i0.wp.com\/francaclassificados.com\/\/source\/view\/img\/18w50.png?resize=25%2C25&#038;ssl=1\" alt=\"Imagem compartilhar facebook\"\/><\/p>\n<\/p><\/div>\n<div class=\"emp\">\n<p>\n            Empresa cal\u00e7adista contrata: MODELISTA para desenvolver, acompanhar e analisar amostras de cal\u00e7ados masculinos e femininos com experi\u00eancia em ferramentas de desenvolvimento em sistemas (CAD, Naxos, Rhinoceros). AUXILIAR de PLANEJAMENTO (para cadastrar pedidos e fazer distribui\u00e7\u00e3o de redes). Os interessados dever\u00e3o enviar seu curr\u00edculo com o nome da vaga no assunto para o e-mail: rhvagascalcados@gmail.com\n            <\/p>\n<p><strong>Compartilhe:<\/strong><\/p>\n<p>                <img data-recalc-dims=\"1\" loading=\"lazy\" decoding=\"async\" width=\"25\" height=\"25\" src=\"https:\/\/i0.wp.com\/francaclassificados.com\/\/source\/view\/img\/20w50.png?resize=25%2C25&#038;ssl=1\" alt=\"Imagem compartilhar whatsapp\"\/><\/p>\n<p>                <img data-recalc-dims=\"1\" loading=\"lazy\" decoding=\"async\" width=\"25\" height=\"25\" src=\"https:\/\/i0.wp.com\/francaclassificados.com\/\/source\/view\/img\/18w50.png?resize=25%2C25&#038;ssl=1\" alt=\"Imagem compartilhar facebook\"\/><\/p>\n<\/p><\/div>\n<div class=\"emp\">\n<p>\n            Profissional com experi\u00eancia\/conhecimento no setor CONT\u00c1BIL. Oferece Sal\u00e1rio + Vale Alimenta\u00e7\u00e3o + Premia\u00e7\u00e3o. Curr\u00edculo para o E-mail: selecao.escritorio123@gmail.com\n            <\/p>\n<p><strong>Compartilhe:<\/strong><\/p>\n<p>                <img data-recalc-dims=\"1\" loading=\"lazy\" decoding=\"async\" width=\"25\" height=\"25\" src=\"https:\/\/i0.wp.com\/francaclassificados.com\/\/source\/view\/img\/20w50.png?resize=25%2C25&#038;ssl=1\" alt=\"Imagem compartilhar whatsapp\"\/><\/p>\n<p>                <img data-recalc-dims=\"1\" loading=\"lazy\" decoding=\"async\" width=\"25\" height=\"25\" src=\"https:\/\/i0.wp.com\/francaclassificados.com\/\/source\/view\/img\/18w50.png?resize=25%2C25&#038;ssl=1\" alt=\"Imagem compartilhar facebook\"\/><\/p>\n<\/p><\/div>\n<p>    <script async=\"\" src=\"https:\/\/pagead2.googlesyndication.com\/pagead\/js\/adsbygoogle.js?client=ca-pub-2853392113352629\" crossorigin=\"anonymous\"\/>\n    <ins class=\"adsbygoogle\" style=\"display:block\" data-ad-client=\"ca-pub-2853392113352629\" data-ad-slot=\"2925831803\" data-ad-format=\"auto\" data-full-width-responsive=\"true\"\/>\n    <script><![CDATA[\n    (adsbygoogle = window.adsbygoogle || []).push({});\n    ]]><\/script><\/p>\n<div class=\"emp\">\n<p>\n            JOVEM APRENDIZ<br \/>Admite-se Jovem Aprendiz para atuar nos setores administrativo e log\u00edstico. Requisitos: Estar cursando Ensino m\u00e9dio ou T\u00e9cnico nas \u00e1reas afins, Disciplina para cumprimento de rotina; Facilidade de relacionamento interpessoal; Conhecimento do Pacote Office. Interessados encaminhar o curr\u00edculo para WhatsApp: 16-99195-7140\n            <\/p>\n<p><strong>Compartilhe:<\/strong><\/p>\n<p>                <img data-recalc-dims=\"1\" loading=\"lazy\" decoding=\"async\" width=\"25\" height=\"25\" src=\"https:\/\/i0.wp.com\/francaclassificados.com\/\/source\/view\/img\/20w50.png?resize=25%2C25&#038;ssl=1\" alt=\"Imagem compartilhar whatsapp\"\/><\/p>\n<p>                <img data-recalc-dims=\"1\" loading=\"lazy\" decoding=\"async\" width=\"25\" height=\"25\" src=\"https:\/\/i0.wp.com\/francaclassificados.com\/\/source\/view\/img\/18w50.png?resize=25%2C25&#038;ssl=1\" alt=\"Imagem compartilhar facebook\"\/><\/p>\n<\/p><\/div>\n<div class=\"emp\">\n<p>\n            AUXILIAR FINANCEIRO<br \/>O Aux. Financeiro ser\u00e1 respons\u00e1vel por realizar tarefas relacionadas aos processos que envolvem todo fluxo financeiro da empresa como: pagamento e recebimentos de valores, registros financeiros entre entrada e sa\u00edda de pagamentos, execu\u00e7\u00e3o de cobran\u00e7as , analise de cr\u00e9ditos \u00e1 clientes, arquivos de remessas, devolu\u00e7\u00f5es e fluxo de caixa. Necess\u00e1rio ter conhecimento em Excel n\u00edvel intermedi\u00e1rio a avan\u00e7ado. Interessados enviar curr\u00edculos para: vagas@palaciodasferramentas.com.br\n            <\/p>\n<p><strong>Compartilhe:<\/strong><\/p>\n<p>                <img data-recalc-dims=\"1\" loading=\"lazy\" decoding=\"async\" width=\"25\" height=\"25\" src=\"https:\/\/i0.wp.com\/francaclassificados.com\/\/source\/view\/img\/20w50.png?resize=25%2C25&#038;ssl=1\" alt=\"Imagem compartilhar whatsapp\"\/><\/p>\n<p>                <img data-recalc-dims=\"1\" loading=\"lazy\" decoding=\"async\" width=\"25\" height=\"25\" src=\"https:\/\/i0.wp.com\/francaclassificados.com\/\/source\/view\/img\/18w50.png?resize=25%2C25&#038;ssl=1\" alt=\"Imagem compartilhar facebook\"\/><\/p>\n<\/p><\/div>\n<p>    <script async=\"\" src=\"https:\/\/pagead2.googlesyndication.com\/pagead\/js\/adsbygoogle.js?client=ca-pub-2853392113352629\" crossorigin=\"anonymous\"\/>\n    <ins class=\"adsbygoogle\" style=\"display:block\" data-ad-client=\"ca-pub-2853392113352629\" data-ad-slot=\"2925831803\" data-ad-format=\"auto\" data-full-width-responsive=\"true\"\/>\n    <script><![CDATA[\n    (adsbygoogle = window.adsbygoogle || []).push({});\n    ]]><\/script><\/p>\n<div class=\"emp\">\n<p>\n            AUXILIAR DE LIMPEZA<br \/>Ensino m\u00e9dio, escala de trabalho 6x1 (ter disponibilidade de hor\u00e1rio) Executar trabalhos de limpezas em geral para manuten\u00e7\u00e3o das condi\u00e7\u00f5es de higiene e conserva\u00e7\u00e3o do ambiente. (vaga afirmativa para pessoa com defici\u00eancia). Regime de contrata\u00e7\u00e3o CLT, sal\u00e1rio fixo, insalubridade, vale alimenta\u00e7\u00e3o, vale transporte, almo\u00e7o no local, entre outros benef\u00edcios. Interessados enviar curr\u00edculo com titulo da vaga no assunto para curriculo@feji.org.br ou RUA OF\u00c9LIA SOARES RUSSO. 970 JD PLANALTO.\n            <\/p>\n<p><strong>Compartilhe:<\/strong><\/p>\n<p>                <img data-recalc-dims=\"1\" loading=\"lazy\" decoding=\"async\" width=\"25\" height=\"25\" src=\"https:\/\/i0.wp.com\/francaclassificados.com\/\/source\/view\/img\/20w50.png?resize=25%2C25&#038;ssl=1\" alt=\"Imagem compartilhar whatsapp\"\/><\/p>\n<p>                <img data-recalc-dims=\"1\" loading=\"lazy\" decoding=\"async\" width=\"25\" height=\"25\" src=\"https:\/\/i0.wp.com\/francaclassificados.com\/\/source\/view\/img\/18w50.png?resize=25%2C25&#038;ssl=1\" alt=\"Imagem compartilhar facebook\"\/><\/p>\n<\/p><\/div>\n<div class=\"emp\">\n<p>\n            EST\u00c1GIO ADMINISTRATIVO<br \/>Requisitos: Alunos do segundo\/terceiro ano em Ci\u00eancias Cont\u00e1beis; Administra\u00e7\u00e3o; Engenharia de Produ\u00e7\u00e3o; Gest\u00e3o da Produ\u00e7\u00e3o Industrial. Desej\u00e1veis: Habilidade para auxiliar em atendimento e rotinas de Controladoria. Hor\u00e1rio: Segunda a Sexta. Bolsa Aux\u00edlio + benef\u00edcios (alimenta\u00e7\u00e3o e vale transporte). E-mail para envio de curr\u00edculos: recrutamento@rochfer.com.br com o assunto \"ESTAGIO ADM\".\n            <\/p>\n<p><strong>Compartilhe:<\/strong><\/p>\n<p>                <img data-recalc-dims=\"1\" loading=\"lazy\" decoding=\"async\" width=\"25\" height=\"25\" src=\"https:\/\/i0.wp.com\/francaclassificados.com\/\/source\/view\/img\/20w50.png?resize=25%2C25&#038;ssl=1\" alt=\"Imagem compartilhar whatsapp\"\/><\/p>\n<p>                <img data-recalc-dims=\"1\" loading=\"lazy\" decoding=\"async\" width=\"25\" height=\"25\" src=\"https:\/\/i0.wp.com\/francaclassificados.com\/\/source\/view\/img\/18w50.png?resize=25%2C25&#038;ssl=1\" alt=\"Imagem compartilhar facebook\"\/><\/p>\n<\/p><\/div>\n<p>    <script async=\"\" src=\"https:\/\/pagead2.googlesyndication.com\/pagead\/js\/adsbygoogle.js?client=ca-pub-2853392113352629\" crossorigin=\"anonymous\"\/>\n    <ins class=\"adsbygoogle\" style=\"display:block\" data-ad-client=\"ca-pub-2853392113352629\" data-ad-slot=\"2925831803\" data-ad-format=\"auto\" data-full-width-responsive=\"true\"\/>\n    <script><![CDATA[\n    (adsbygoogle = window.adsbygoogle || []).push({});\n    ]]><\/script><\/p>\n<div class=\"emp\">\n<p>\n            MOTORISTA DE CAMINHAO\/ENTREGADOR<br \/>Contrata-se motorista de caminh\u00e3o \/entregador (ir\u00e1 conduzir o veiculo e entregar a mercadoria sem ajudante). Requisitos: Categoria D, ter experi\u00eancia na \u00e1rea de entrega de produtos aliment\u00edcios, com a carteira liberada para inicio imediato, TER DISPONIBILIDADE PARA POUSO. Entregas em Franca, regi\u00e3o e algumas cidades de Minas Gerais. Sal\u00e1rio R$2.332,00 + di\u00e1rias de acordo com o cargo e respectivo sindicato. Interessados enviar curr\u00edculo com pretens\u00e3o salarial para: rh.contratacao.vendas@gmail.com\n            <\/p>\n<p><strong>Compartilhe:<\/strong><\/p>\n<p>                <img data-recalc-dims=\"1\" loading=\"lazy\" decoding=\"async\" width=\"25\" height=\"25\" src=\"https:\/\/i0.wp.com\/francaclassificados.com\/\/source\/view\/img\/20w50.png?resize=25%2C25&#038;ssl=1\" alt=\"Imagem compartilhar whatsapp\"\/><\/p>\n<p>                <img data-recalc-dims=\"1\" loading=\"lazy\" decoding=\"async\" width=\"25\" height=\"25\" src=\"https:\/\/i0.wp.com\/francaclassificados.com\/\/source\/view\/img\/18w50.png?resize=25%2C25&#038;ssl=1\" alt=\"Imagem compartilhar facebook\"\/><\/p>\n<\/p><\/div>\n<div class=\"emp\">\n<p>\n            F\u00e1brica de cal\u00e7ados bairro nova Franca precisa urgente de acabador com experi\u00eancia fechar lado pagamento a combinar ( paga-se bem ) experi\u00eancia mais de 30 anod<br \/>\n            <br \/>janaynelima12@gmail.com\n            <\/p>\n<p><strong>Compartilhe:<\/strong><\/p>\n<p>                <img data-recalc-dims=\"1\" loading=\"lazy\" decoding=\"async\" width=\"25\" height=\"25\" src=\"https:\/\/i0.wp.com\/francaclassificados.com\/\/source\/view\/img\/20w50.png?resize=25%2C25&#038;ssl=1\" alt=\"Imagem compartilhar whatsapp\"\/><\/p>\n<p>                <img data-recalc-dims=\"1\" loading=\"lazy\" decoding=\"async\" width=\"25\" height=\"25\" src=\"https:\/\/i0.wp.com\/francaclassificados.com\/\/source\/view\/img\/18w50.png?resize=25%2C25&#038;ssl=1\" alt=\"Imagem compartilhar facebook\"\/><\/p>\n<\/p><\/div>\n<p>    <script async=\"\" src=\"https:\/\/pagead2.googlesyndication.com\/pagead\/js\/adsbygoogle.js?client=ca-pub-2853392113352629\" crossorigin=\"anonymous\"\/>\n    <ins class=\"adsbygoogle\" style=\"display:block\" data-ad-client=\"ca-pub-2853392113352629\" data-ad-slot=\"2925831803\" data-ad-format=\"auto\" data-full-width-responsive=\"true\"\/>\n    <script><![CDATA[\n    (adsbygoogle = window.adsbygoogle || []).push({});\n    ]]><\/script><\/p>\n<div class=\"emp\">\n<p>\n            ATENDENTE DE ECOMMERCE<br \/>EMPRESA DE ECOMMERCE, EST\u00c1 CONTRATANDO PARA INICIO IMEDIATO: Atendente de Ecommerce -( via telefone, whatsapp e tbm presencial ). Necess\u00e1rio ensino m\u00e9dio completo , Bom relacionamento interpessoal , Boa Comunica\u00e7\u00e3o , Capacidade de Negocia\u00e7\u00e3o , Habilidades em vendas, Boa Organiza\u00e7\u00e3o , Criatividade , etc. Interessados, favor enviar curriculo para financeiro@wesfran.com.br.\n            <\/p>\n<p><strong>Compartilhe:<\/strong><\/p>\n<p>                <img data-recalc-dims=\"1\" loading=\"lazy\" decoding=\"async\" width=\"25\" height=\"25\" src=\"https:\/\/i0.wp.com\/francaclassificados.com\/\/source\/view\/img\/20w50.png?resize=25%2C25&#038;ssl=1\" alt=\"Imagem compartilhar whatsapp\"\/><\/p>\n<p>                <img data-recalc-dims=\"1\" loading=\"lazy\" decoding=\"async\" width=\"25\" height=\"25\" src=\"https:\/\/i0.wp.com\/francaclassificados.com\/\/source\/view\/img\/18w50.png?resize=25%2C25&#038;ssl=1\" alt=\"Imagem compartilhar facebook\"\/><\/p>\n<\/p><\/div>\n<div class=\"emp\">\n<p>\n            ATENDENTE POS VENDAS<br \/>Admite-se ATENDENTE POS VENDAS, a partir de 18 anos, para atendimento em e-commerce. Perfil: paciente, pontual, respons\u00e1vel, comprometida, \u00e1gil, boa comunica\u00e7\u00e3o oral e escrita, proativa, focada, bom trabalho em equipe, motivada a atingir e superar metas. Pr\u00e9-requisitos: experi\u00eancia em e-commerce e vendas no whatsapp. Empresa oferece sal\u00e1rio base e comiss\u00e3o por meta - Interessados enviar curr\u00edculo para: 16991194718\n            <\/p>\n<p><strong>Compartilhe:<\/strong><\/p>\n<p>                <img data-recalc-dims=\"1\" loading=\"lazy\" decoding=\"async\" width=\"25\" height=\"25\" src=\"https:\/\/i0.wp.com\/francaclassificados.com\/\/source\/view\/img\/20w50.png?resize=25%2C25&#038;ssl=1\" alt=\"Imagem compartilhar whatsapp\"\/><\/p>\n<p>                <img data-recalc-dims=\"1\" loading=\"lazy\" decoding=\"async\" width=\"25\" height=\"25\" src=\"https:\/\/i0.wp.com\/francaclassificados.com\/\/source\/view\/img\/18w50.png?resize=25%2C25&#038;ssl=1\" alt=\"Imagem compartilhar facebook\"\/><\/p>\n<\/p><\/div>\n<p>    <script async=\"\" src=\"https:\/\/pagead2.googlesyndication.com\/pagead\/js\/adsbygoogle.js?client=ca-pub-2853392113352629\" crossorigin=\"anonymous\"\/>\n    <ins class=\"adsbygoogle\" style=\"display:block\" data-ad-client=\"ca-pub-2853392113352629\" data-ad-slot=\"2925831803\" data-ad-format=\"auto\" data-full-width-responsive=\"true\"\/>\n    <script><![CDATA[\n    (adsbygoogle = window.adsbygoogle || []).push({});\n    ]]><\/script><\/p>\n<div class=\"emp\">\n<p>\n            ASSISTENTE DE ESTUDIO FOTOGRAFICO<br \/>CONTRATA ASSISTENTE DE ESTUDIO FOTOGRAFICO. Fun\u00e7\u00f5es: limpeza, organiza\u00e7\u00e3o e prepara\u00e7\u00e3o para ensaios, auxiliar na produ\u00e7\u00e3o durante os ensaios, montagem de cen\u00e1rios, fazer making off dos ensaios, combinar ensaios com cliente, prova de looks. Requisitos: inform\u00e1tica intermedi\u00e1rio, planilhas excell, word, trabalhar com envio de arquivos e documentos. Segunda a sexta 8 hs at\u00e9 as 17 hs. Sabado 9 hs . Sal\u00e1rio R$ 1700.00, ap\u00f3s 3 meses ajuda de custo.<br \/>\n            <br \/>estudiomairahelena@icloud.com\n            <\/p>\n<p><strong>Compartilhe:<\/strong><\/p>\n<p>                <img data-recalc-dims=\"1\" loading=\"lazy\" decoding=\"async\" width=\"25\" height=\"25\" src=\"https:\/\/i0.wp.com\/francaclassificados.com\/\/source\/view\/img\/20w50.png?resize=25%2C25&#038;ssl=1\" alt=\"Imagem compartilhar whatsapp\"\/><\/p>\n<p>                <img data-recalc-dims=\"1\" loading=\"lazy\" decoding=\"async\" width=\"25\" height=\"25\" src=\"https:\/\/i0.wp.com\/francaclassificados.com\/\/source\/view\/img\/18w50.png?resize=25%2C25&#038;ssl=1\" alt=\"Imagem compartilhar facebook\"\/><\/p>\n<\/p><\/div>\n<div class=\"emp\">\n<p>\n            AUXILIAR DE LABORAT\u00d3RIO<br \/>Contrata auxiliar de laboratorio voltada para an\u00e1lises de mat\u00e9ria-prima. Necess\u00e1rio curso finalizado ou em andamento em qu\u00edmica. Pessoa com perfil proativo, din\u00e2mico, respons\u00e1vel e organizado. Sem necessidade de experi\u00eancia, mas com vontade de aprender .Horario: 06:45 as 17:03. Mandar curr\u00edculo no e-mail: recrutamento@harus.ind.br com assunto \"LABORATORIO\"\n            <\/p>\n<p><strong>Compartilhe:<\/strong><\/p>\n<p>                <img data-recalc-dims=\"1\" loading=\"lazy\" decoding=\"async\" width=\"25\" height=\"25\" src=\"https:\/\/i0.wp.com\/francaclassificados.com\/\/source\/view\/img\/20w50.png?resize=25%2C25&#038;ssl=1\" alt=\"Imagem compartilhar whatsapp\"\/><\/p>\n<p>                <img data-recalc-dims=\"1\" loading=\"lazy\" decoding=\"async\" width=\"25\" height=\"25\" src=\"https:\/\/i0.wp.com\/francaclassificados.com\/\/source\/view\/img\/18w50.png?resize=25%2C25&#038;ssl=1\" alt=\"Imagem compartilhar facebook\"\/><\/p>\n<\/p><\/div>\n<p>    <script async=\"\" src=\"https:\/\/pagead2.googlesyndication.com\/pagead\/js\/adsbygoogle.js?client=ca-pub-2853392113352629\" crossorigin=\"anonymous\"\/>\n    <ins class=\"adsbygoogle\" style=\"display:block\" data-ad-client=\"ca-pub-2853392113352629\" data-ad-slot=\"2925831803\" data-ad-format=\"auto\" data-full-width-responsive=\"true\"\/>\n    <script><![CDATA[\n    (adsbygoogle = window.adsbygoogle || []).push({});\n    ]]><\/script><\/p>\n<div class=\"emp\">\n<p>\n            ALMOXARIFE<br \/>Contrata-se almoxarife para fabrica de cal\u00e7ados inicio imediato enviar curriculo no e-mail rh202475@outlook.com\n            <\/p>\n<p><strong>Compartilhe:<\/strong><\/p>\n<p>                <img data-recalc-dims=\"1\" loading=\"lazy\" decoding=\"async\" width=\"25\" height=\"25\" src=\"https:\/\/i0.wp.com\/francaclassificados.com\/\/source\/view\/img\/20w50.png?resize=25%2C25&#038;ssl=1\" alt=\"Imagem compartilhar whatsapp\"\/><\/p>\n<p>                <img data-recalc-dims=\"1\" loading=\"lazy\" decoding=\"async\" width=\"25\" height=\"25\" src=\"https:\/\/i0.wp.com\/francaclassificados.com\/\/source\/view\/img\/18w50.png?resize=25%2C25&#038;ssl=1\" alt=\"Imagem compartilhar facebook\"\/><\/p>\n<\/p><\/div>\n<div class=\"emp\">\n<p>\n            AUXILIAR DE LIMPEZA<br \/>Estamos disponibilizando vaga para auxiliar de limpeza. Se voc\u00ea tem experi\u00eancia profissional em trabalhar em ambientes corporativos, essa \u00e9 sua oportunidade. Venha fazer parte. Estamos em busca de pessoas com comprometimento, zelo, dedica\u00e7\u00e3o e discri\u00e7\u00e3o. Envie seu curr\u00edculo por e-mail: selecaofrancasp@outlook.com\n            <\/p>\n<p><strong>Compartilhe:<\/strong><\/p>\n<p>                <img data-recalc-dims=\"1\" loading=\"lazy\" decoding=\"async\" width=\"25\" height=\"25\" src=\"https:\/\/i0.wp.com\/francaclassificados.com\/\/source\/view\/img\/20w50.png?resize=25%2C25&#038;ssl=1\" alt=\"Imagem compartilhar whatsapp\"\/><\/p>\n<p>                <img data-recalc-dims=\"1\" loading=\"lazy\" decoding=\"async\" width=\"25\" height=\"25\" src=\"https:\/\/i0.wp.com\/francaclassificados.com\/\/source\/view\/img\/18w50.png?resize=25%2C25&#038;ssl=1\" alt=\"Imagem compartilhar facebook\"\/><\/p>\n<\/p><\/div>\n<p>    <script async=\"\" src=\"https:\/\/pagead2.googlesyndication.com\/pagead\/js\/adsbygoogle.js?client=ca-pub-2853392113352629\" crossorigin=\"anonymous\"\/>\n    <ins class=\"adsbygoogle\" style=\"display:block\" data-ad-client=\"ca-pub-2853392113352629\" data-ad-slot=\"2925831803\" data-ad-format=\"auto\" data-full-width-responsive=\"true\"\/>\n    <script><![CDATA[\n    (adsbygoogle = window.adsbygoogle || []).push({});\n    ]]><\/script><\/p>\n<div class=\"emp\">\n<p>\n            VENDEDORA EXTERNA PARA DISTRIBUIDORA<br \/>Distribuidora de alimentos e bebidas contrata-se vendedora externa para trabalhar na representa\u00e7\u00e3o de produtos secos e molhados. Sal\u00e1rio + Comiss\u00e3o, que tenha moto pr\u00f3pria. Hor\u00e1rio de segunda \u00e1 sexta, das 7:00 horas \u00e1s 17:00. Interessadas encaminhar curr\u00edculo pelo e-mail: deniratacado@outlook.com ou entregar pessoalmente na Av. S\u00e3o Pedro 851- City Petr\u00f3polis\n            <\/p>\n<p><strong>Compartilhe:<\/strong><\/p>\n<p>                <img data-recalc-dims=\"1\" loading=\"lazy\" decoding=\"async\" width=\"25\" height=\"25\" src=\"https:\/\/i0.wp.com\/francaclassificados.com\/\/source\/view\/img\/20w50.png?resize=25%2C25&#038;ssl=1\" alt=\"Imagem compartilhar whatsapp\"\/><\/p>\n<p>                <img data-recalc-dims=\"1\" loading=\"lazy\" decoding=\"async\" width=\"25\" height=\"25\" src=\"https:\/\/i0.wp.com\/francaclassificados.com\/\/source\/view\/img\/18w50.png?resize=25%2C25&#038;ssl=1\" alt=\"Imagem compartilhar facebook\"\/><\/p>\n<\/p><\/div>\n<div class=\"emp\">\n<p>\n            \u00c1REA RURAL - RESIDIR<br \/>Temos vagas, para residir na fazenda, regi\u00f5es de Restinga, Igarapava e Sales Oliveira. Operador de Colhedeira de caf\u00e9, Tratorista, Servi\u00e7os Gerais Rurais, Jardineiro, Vaqueiro e Vigilante. Interessados enviar Curriculum para: curriculofazendas@gmail.com com a descri\u00e7\u00e3o quantidade de membros na fam\u00edlia e no assunto a vaga de interesse.\n            <\/p>\n<p><strong>Compartilhe:<\/strong><\/p>\n<p>                <img data-recalc-dims=\"1\" loading=\"lazy\" decoding=\"async\" width=\"25\" height=\"25\" src=\"https:\/\/i0.wp.com\/francaclassificados.com\/\/source\/view\/img\/20w50.png?resize=25%2C25&#038;ssl=1\" alt=\"Imagem compartilhar whatsapp\"\/><\/p>\n<p>                <img data-recalc-dims=\"1\" loading=\"lazy\" decoding=\"async\" width=\"25\" height=\"25\" src=\"https:\/\/i0.wp.com\/francaclassificados.com\/\/source\/view\/img\/18w50.png?resize=25%2C25&#038;ssl=1\" alt=\"Imagem compartilhar facebook\"\/><\/p>\n<\/p><\/div>\n<p>    <script async=\"\" src=\"https:\/\/pagead2.googlesyndication.com\/pagead\/js\/adsbygoogle.js?client=ca-pub-2853392113352629\" crossorigin=\"anonymous\"\/>\n    <ins class=\"adsbygoogle\" style=\"display:block\" data-ad-client=\"ca-pub-2853392113352629\" data-ad-slot=\"2925831803\" data-ad-format=\"auto\" data-full-width-responsive=\"true\"\/>\n    <script><![CDATA[\n    (adsbygoogle = window.adsbygoogle || []).push({});\n    ]]><\/script><\/p>\n<div class=\"emp\">\n<p>\n            AUXILIAR DE PRODU\u00c7\u00c3O<br \/>Contrata-se para in\u00edcio IMEDIATO Auxiliar de Produ\u00e7\u00e3o sexo masculino. Interessados comparecerem ao endere\u00e7o: R. Augusto V\u00edtor Engholm, 3580 - Vila Scarabucci - ou email :debora_borgesf@hotmail.com\n            <\/p>\n<p><strong>Compartilhe:<\/strong><\/p>\n<p>                <img data-recalc-dims=\"1\" loading=\"lazy\" decoding=\"async\" width=\"25\" height=\"25\" src=\"https:\/\/i0.wp.com\/francaclassificados.com\/\/source\/view\/img\/20w50.png?resize=25%2C25&#038;ssl=1\" alt=\"Imagem compartilhar whatsapp\"\/><\/p>\n<p>                <img data-recalc-dims=\"1\" loading=\"lazy\" decoding=\"async\" width=\"25\" height=\"25\" src=\"https:\/\/i0.wp.com\/francaclassificados.com\/\/source\/view\/img\/18w50.png?resize=25%2C25&#038;ssl=1\" alt=\"Imagem compartilhar facebook\"\/><\/p>\n<\/p><\/div>\n<div class=\"emp\">\n<p>\n            CONSULTORA OTICA<br \/>Oportunidade para Consultora \u00d3ptica. Estamos procurando profissionais com experi\u00eancia em \u00f3tica; habilidades com atendimento ao p\u00fablico e organiza\u00e7\u00e3o pessoal. Oferecemos: sal\u00e1rio fixo; comiss\u00e3o; premia\u00e7\u00e3o; vale transporte; plano de sa\u00fade; conv\u00eanio farm\u00e1cia; vale alimenta\u00e7\u00e3o; seguro de vida e dayoff. Venha fazer parte das \u00d3ticas Melani, a rede \u00f3tica mais tradicional da cidade! Interessados podem enviar curr\u00edculo com o t\u00edtulo \"Consultor \u00d3ptico\" para: rh@melani.com.br\n            <\/p>\n<p><strong>Compartilhe:<\/strong><\/p>\n<p>                <img data-recalc-dims=\"1\" loading=\"lazy\" decoding=\"async\" width=\"25\" height=\"25\" src=\"https:\/\/i0.wp.com\/francaclassificados.com\/\/source\/view\/img\/20w50.png?resize=25%2C25&#038;ssl=1\" alt=\"Imagem compartilhar whatsapp\"\/><\/p>\n<p>                <img data-recalc-dims=\"1\" loading=\"lazy\" decoding=\"async\" width=\"25\" height=\"25\" src=\"https:\/\/i0.wp.com\/francaclassificados.com\/\/source\/view\/img\/18w50.png?resize=25%2C25&#038;ssl=1\" alt=\"Imagem compartilhar facebook\"\/><\/p>\n<\/p><\/div>\n<p>    <script async=\"\" src=\"https:\/\/pagead2.googlesyndication.com\/pagead\/js\/adsbygoogle.js?client=ca-pub-2853392113352629\" crossorigin=\"anonymous\"\/>\n    <ins class=\"adsbygoogle\" style=\"display:block\" data-ad-client=\"ca-pub-2853392113352629\" data-ad-slot=\"2925831803\" data-ad-format=\"auto\" data-full-width-responsive=\"true\"\/>\n    <script><![CDATA[\n    (adsbygoogle = window.adsbygoogle || []).push({});\n    ]]><\/script><\/p>\n<div class=\"emp\">\n<p>\n            Loja de Lingeries contrata vendedora com experi\u00eancia em atendimento e boa comunica\u00e7\u00e3o. Habilidades: Vendas, Social Media\/Filmmaker B\u00e1sico, sendo elas capta\u00e7\u00e3o e tratamento de fotos e v\u00eddeos para Videos Curtos, Criativos, An\u00fancios etc. (Capcut, Canva). Diferenciais: Conhecimento em ERP e Site, cadastro de produtos, PDV, Apps como Lightroom, marketing digital etc. Enviar Curriculo e v\u00eddeos\/fotos no e-mail: jmcnegociosdigitais1@gmail.com - Sal\u00e1rio R$1450 + Comiss\u00e3o.\n            <\/p>\n<p><strong>Compartilhe:<\/strong><\/p>\n<p>                <img data-recalc-dims=\"1\" loading=\"lazy\" decoding=\"async\" width=\"25\" height=\"25\" src=\"https:\/\/i0.wp.com\/francaclassificados.com\/\/source\/view\/img\/20w50.png?resize=25%2C25&#038;ssl=1\" alt=\"Imagem compartilhar whatsapp\"\/><\/p>\n<p>                <img data-recalc-dims=\"1\" loading=\"lazy\" decoding=\"async\" width=\"25\" height=\"25\" src=\"https:\/\/i0.wp.com\/francaclassificados.com\/\/source\/view\/img\/18w50.png?resize=25%2C25&#038;ssl=1\" alt=\"Imagem compartilhar facebook\"\/><\/p>\n<\/p><\/div>\n<div class=\"emp\">\n<p>\n            FAXINEIRO - RESTAURANTE<br \/>Contrata-se faxineiro(a) para empresa do ramo aliment\u00edcio. Turno diurno. Desej\u00e1vel ter disponibilidade de hor\u00e1rios. Enviar curr\u00edculo para: vagasfcarefeicao@gmail.com\n            <\/p>\n<p><strong>Compartilhe:<\/strong><\/p>\n<p>                <img data-recalc-dims=\"1\" loading=\"lazy\" decoding=\"async\" width=\"25\" height=\"25\" src=\"https:\/\/i0.wp.com\/francaclassificados.com\/\/source\/view\/img\/20w50.png?resize=25%2C25&#038;ssl=1\" alt=\"Imagem compartilhar whatsapp\"\/><\/p>\n<p>                <img data-recalc-dims=\"1\" loading=\"lazy\" decoding=\"async\" width=\"25\" height=\"25\" src=\"https:\/\/i0.wp.com\/francaclassificados.com\/\/source\/view\/img\/18w50.png?resize=25%2C25&#038;ssl=1\" alt=\"Imagem compartilhar facebook\"\/><\/p>\n<\/p><\/div>\n<p>    <script async=\"\" src=\"https:\/\/pagead2.googlesyndication.com\/pagead\/js\/adsbygoogle.js?client=ca-pub-2853392113352629\" crossorigin=\"anonymous\"\/>\n    <ins class=\"adsbygoogle\" style=\"display:block\" data-ad-client=\"ca-pub-2853392113352629\" data-ad-slot=\"2925831803\" data-ad-format=\"auto\" data-full-width-responsive=\"true\"\/>\n    <script><![CDATA[\n    (adsbygoogle = window.adsbygoogle || []).push({});\n    ]]><\/script><\/p>\n<div class=\"emp\">\n<p>\n            Precisa-se caseiro para morar em s\u00edtio no munic\u00edpio de Cristais Paulista. Preciso que seja um casal, o homem ir\u00e1 executar servi\u00e7os gerais (preciso que seja aposentado) e a mulher ir\u00e1 fazer a faxina. Requisitos: cuidar de animais, cuidar da horta, pomar, arrumar cerca, ro\u00e7ar grama. Sal\u00e1rio a combinar. \u00d3tima oportunidade, quem tiver interesse ligar para (16) 99231-4556\n            <\/p>\n<p><strong>Compartilhe:<\/strong><\/p>\n<p>                <img data-recalc-dims=\"1\" loading=\"lazy\" decoding=\"async\" width=\"25\" height=\"25\" src=\"https:\/\/i0.wp.com\/francaclassificados.com\/\/source\/view\/img\/20w50.png?resize=25%2C25&#038;ssl=1\" alt=\"Imagem compartilhar whatsapp\"\/><\/p>\n<p>                <img data-recalc-dims=\"1\" loading=\"lazy\" decoding=\"async\" width=\"25\" height=\"25\" src=\"https:\/\/i0.wp.com\/francaclassificados.com\/\/source\/view\/img\/18w50.png?resize=25%2C25&#038;ssl=1\" alt=\"Imagem compartilhar facebook\"\/><\/p>\n<\/p><\/div>\n<div class=\"emp\">\n<p>\n            ASSISTENTE DE ESTUDIO FOTOGRAFICO<br \/>CONTRATA ASSISTENTE DE ESTUDIO FOTOGRAFICO. Fun\u00e7\u00f5es: limpeza, organiza\u00e7\u00e3o e prepara\u00e7\u00e3o para ensaios, auxiliar na produ\u00e7\u00e3o durante os ensaios, montagem de cen\u00e1rios, fazer making off dos ensaios, combinar ensaios com cliente, prova de looks. Requisitos: inform\u00e1tica intermedi\u00e1rio, planilhas excell, word, trabalhar com envio de arquivos e documentos. Segunda a sexta 8 hs at\u00e9 as 17 hs. Sabado 9 hs . Sal\u00e1rio R$ 1700.00, ap\u00f3s 3 meses ajuda de custo.<br \/>\n            <br \/>estudiomairahelena@icloud.com\n            <\/p>\n<p><strong>Compartilhe:<\/strong><\/p>\n<p>                <img data-recalc-dims=\"1\" loading=\"lazy\" decoding=\"async\" width=\"25\" height=\"25\" src=\"https:\/\/i0.wp.com\/francaclassificados.com\/\/source\/view\/img\/20w50.png?resize=25%2C25&#038;ssl=1\" alt=\"Imagem compartilhar whatsapp\"\/><\/p>\n<p>                <img data-recalc-dims=\"1\" loading=\"lazy\" decoding=\"async\" width=\"25\" height=\"25\" src=\"https:\/\/i0.wp.com\/francaclassificados.com\/\/source\/view\/img\/18w50.png?resize=25%2C25&#038;ssl=1\" alt=\"Imagem compartilhar facebook\"\/><\/p>\n<\/p><\/div>\n<p>    <script async=\"\" src=\"https:\/\/pagead2.googlesyndication.com\/pagead\/js\/adsbygoogle.js?client=ca-pub-2853392113352629\" crossorigin=\"anonymous\"\/>\n    <ins class=\"adsbygoogle\" style=\"display:block\" data-ad-client=\"ca-pub-2853392113352629\" data-ad-slot=\"2925831803\" data-ad-format=\"auto\" data-full-width-responsive=\"true\"\/>\n    <script><![CDATA[\n    (adsbygoogle = window.adsbygoogle || []).push({});\n    ]]><\/script><\/p>\n<div class=\"emp\">\n<p>\n            AUXILIAR DE LIMPEZA<br \/>Estamos disponibilizando vaga para auxiliar de limpeza. Se voc\u00ea tem experi\u00eancia profissional em trabalhar em ambientes corporativos, essa \u00e9 sua oportunidade. Venha fazer parte. Estamos em busca de pessoas com comprometimento, zelo, dedica\u00e7\u00e3o e discri\u00e7\u00e3o. Envie seu curr\u00edculo por e-mail: selecaofrancasp@outlook.com\n            <\/p>\n<p><strong>Compartilhe:<\/strong><\/p>\n<p>                <img data-recalc-dims=\"1\" loading=\"lazy\" decoding=\"async\" width=\"25\" height=\"25\" src=\"https:\/\/i0.wp.com\/francaclassificados.com\/\/source\/view\/img\/20w50.png?resize=25%2C25&#038;ssl=1\" alt=\"Imagem compartilhar whatsapp\"\/><\/p>\n<p>                <img data-recalc-dims=\"1\" loading=\"lazy\" decoding=\"async\" width=\"25\" height=\"25\" src=\"https:\/\/i0.wp.com\/francaclassificados.com\/\/source\/view\/img\/18w50.png?resize=25%2C25&#038;ssl=1\" alt=\"Imagem compartilhar facebook\"\/><\/p>\n<\/p><\/div>\n<div class=\"emp\">\n<p>\n            Estamos admitindo costureira para maquina reta, de seg a sex das 07:00 as 17:00. Experiencia em maquina reta, inicio IMEDIATO, sal\u00e1rio a combinar, enviar curriculo para o numero (16) 99969-4999 (N\u00c3O FAZER CHAMADAS NESSE NUMERO).\n            <\/p>\n<p><strong>Compartilhe:<\/strong><\/p>\n<p>                <img data-recalc-dims=\"1\" loading=\"lazy\" decoding=\"async\" width=\"25\" height=\"25\" src=\"https:\/\/i0.wp.com\/francaclassificados.com\/\/source\/view\/img\/20w50.png?resize=25%2C25&#038;ssl=1\" alt=\"Imagem compartilhar whatsapp\"\/><\/p>\n<p>                <img data-recalc-dims=\"1\" loading=\"lazy\" decoding=\"async\" width=\"25\" height=\"25\" src=\"https:\/\/i0.wp.com\/francaclassificados.com\/\/source\/view\/img\/18w50.png?resize=25%2C25&#038;ssl=1\" alt=\"Imagem compartilhar facebook\"\/><\/p>\n<\/p><\/div>\n<p>    <script async=\"\" src=\"https:\/\/pagead2.googlesyndication.com\/pagead\/js\/adsbygoogle.js?client=ca-pub-2853392113352629\" crossorigin=\"anonymous\"\/>\n    <ins class=\"adsbygoogle\" style=\"display:block\" data-ad-client=\"ca-pub-2853392113352629\" data-ad-slot=\"2925831803\" data-ad-format=\"auto\" data-full-width-responsive=\"true\"\/>\n    <script><![CDATA[\n    (adsbygoogle = window.adsbygoogle || []).push({});\n    ]]><\/script><\/p>\n<div class=\"emp\">\n<p>\n            F\u00e1brica de cal\u00e7ados contrata, pessoa respons\u00e1vel e com experi\u00eancia comprovada em carteira na \u00e1rea de planejamento de produ\u00e7\u00e3o (PCP). Enviar curr\u00edculo para o e-mail cferraroni@com4.com.br.\n            <\/p>\n<p><strong>Compartilhe:<\/strong><\/p>\n<p>                <img data-recalc-dims=\"1\" loading=\"lazy\" decoding=\"async\" width=\"25\" height=\"25\" src=\"https:\/\/i0.wp.com\/francaclassificados.com\/\/source\/view\/img\/20w50.png?resize=25%2C25&#038;ssl=1\" alt=\"Imagem compartilhar whatsapp\"\/><\/p>\n<p>                <img data-recalc-dims=\"1\" loading=\"lazy\" decoding=\"async\" width=\"25\" height=\"25\" src=\"https:\/\/i0.wp.com\/francaclassificados.com\/\/source\/view\/img\/18w50.png?resize=25%2C25&#038;ssl=1\" alt=\"Imagem compartilhar facebook\"\/><\/p>\n<\/p><\/div>\n<div class=\"emp\">\n<p>\n            AUXILIAR DE PRODU\u00c7\u00c3O NOTURNO<br \/>Contrata AUXILIAR DE PRODU\u00c7\u00c3O NOTURNO: -Ser proativo e Flex\u00edvel; Requisitos -Saber operar maquinas e trabalhar em Industria; -Diferencial morar nas imedia\u00e7\u00f5es do Distrito ou ter condu\u00e7ao propria -trabalho de segunda a sexta feira. Das 14:43 a 00:03 MANDAR CURRICULO NO EMAIL recrutamento@harus.ind.br COM O ASSUNTO \"AUXILIAR DE PRODU\u00c7\u00c3O NOTURNO\n            <\/p>\n<p><strong>Compartilhe:<\/strong><\/p>\n<p>                <img data-recalc-dims=\"1\" loading=\"lazy\" decoding=\"async\" width=\"25\" height=\"25\" src=\"https:\/\/i0.wp.com\/francaclassificados.com\/\/source\/view\/img\/20w50.png?resize=25%2C25&#038;ssl=1\" alt=\"Imagem compartilhar whatsapp\"\/><\/p>\n<p>                <img data-recalc-dims=\"1\" loading=\"lazy\" decoding=\"async\" width=\"25\" height=\"25\" src=\"https:\/\/i0.wp.com\/francaclassificados.com\/\/source\/view\/img\/18w50.png?resize=25%2C25&#038;ssl=1\" alt=\"Imagem compartilhar facebook\"\/><\/p>\n<\/p><\/div>\n<p>    <script async=\"\" src=\"https:\/\/pagead2.googlesyndication.com\/pagead\/js\/adsbygoogle.js?client=ca-pub-2853392113352629\" crossorigin=\"anonymous\"\/>\n    <ins class=\"adsbygoogle\" style=\"display:block\" data-ad-client=\"ca-pub-2853392113352629\" data-ad-slot=\"2925831803\" data-ad-format=\"auto\" data-full-width-responsive=\"true\"\/>\n    <script><![CDATA[\n    (adsbygoogle = window.adsbygoogle || []).push({});\n    ]]><\/script><\/p>\n<div class=\"emp\">\n<p>\n            DESIGNER E ANALISTA DE E-COMMERCE<br \/>Responsabilidades: Desenvolver estampas usando (Photoshop e Coreldraw); Criar, implementar e acompanhar an\u00fancios de e-commerce em plataformas como Mercado Livre, Shopee shein etc Requisitos: Experi\u00eancia comprovada em Photoshop e Coreldraw; Conhecimento em ferramentas de monitoramento e cria\u00e7\u00e3o de an\u00fancios do e-commerce; Familiaridade com t\u00e9cnicas de marketing digital, SEO Analytics e Google ADS para site pr\u00f3prio. Mandar curr\u00edculo para: contato.empresaMF@outlook.com\n            <\/p>\n<p><strong>Compartilhe:<\/strong><\/p>\n<p>                <img data-recalc-dims=\"1\" loading=\"lazy\" decoding=\"async\" width=\"25\" height=\"25\" src=\"https:\/\/i0.wp.com\/francaclassificados.com\/\/source\/view\/img\/20w50.png?resize=25%2C25&#038;ssl=1\" alt=\"Imagem compartilhar whatsapp\"\/><\/p>\n<p>                <img data-recalc-dims=\"1\" loading=\"lazy\" decoding=\"async\" width=\"25\" height=\"25\" src=\"https:\/\/i0.wp.com\/francaclassificados.com\/\/source\/view\/img\/18w50.png?resize=25%2C25&#038;ssl=1\" alt=\"Imagem compartilhar facebook\"\/><\/p>\n<\/p><\/div>\n<div class=\"emp\">\n<p>\n            ESTETICISTA<br \/>N\u00e3o aceitamos curr\u00edculos que n\u00e3o seja ESTETICISTA. Interessados encaminhar curr\u00edculo para o e-mail contato@clinicadanielasalgado.com.br\n            <\/p>\n<p><strong>Compartilhe:<\/strong><\/p>\n<p>                <img data-recalc-dims=\"1\" loading=\"lazy\" decoding=\"async\" width=\"25\" height=\"25\" src=\"https:\/\/i0.wp.com\/francaclassificados.com\/\/source\/view\/img\/20w50.png?resize=25%2C25&#038;ssl=1\" alt=\"Imagem compartilhar whatsapp\"\/><\/p>\n<p>                <img data-recalc-dims=\"1\" loading=\"lazy\" decoding=\"async\" width=\"25\" height=\"25\" src=\"https:\/\/i0.wp.com\/francaclassificados.com\/\/source\/view\/img\/18w50.png?resize=25%2C25&#038;ssl=1\" alt=\"Imagem compartilhar facebook\"\/><\/p>\n<\/p><\/div>\n<p>    <script async=\"\" src=\"https:\/\/pagead2.googlesyndication.com\/pagead\/js\/adsbygoogle.js?client=ca-pub-2853392113352629\" crossorigin=\"anonymous\"\/>\n    <ins class=\"adsbygoogle\" style=\"display:block\" data-ad-client=\"ca-pub-2853392113352629\" data-ad-slot=\"2925831803\" data-ad-format=\"auto\" data-full-width-responsive=\"true\"\/>\n    <script><![CDATA[\n    (adsbygoogle = window.adsbygoogle || []).push({});\n    ]]><\/script><\/p>\n<div class=\"emp\">\n<p>\n            Contrata-se COSTUREIRA com experi\u00eancia em m\u00e1quina Reta, Overlock e Galoneira. Interessadas enviar curriculum para o e-mail: financeirouse2020@gmail.com\n            <\/p>\n<p><strong>Compartilhe:<\/strong><\/p>\n<p>                <img data-recalc-dims=\"1\" loading=\"lazy\" decoding=\"async\" width=\"25\" height=\"25\" src=\"https:\/\/i0.wp.com\/francaclassificados.com\/\/source\/view\/img\/20w50.png?resize=25%2C25&#038;ssl=1\" alt=\"Imagem compartilhar whatsapp\"\/><\/p>\n<p>                <img data-recalc-dims=\"1\" loading=\"lazy\" decoding=\"async\" width=\"25\" height=\"25\" src=\"https:\/\/i0.wp.com\/francaclassificados.com\/\/source\/view\/img\/18w50.png?resize=25%2C25&#038;ssl=1\" alt=\"Imagem compartilhar facebook\"\/><\/p>\n<\/p><\/div>\n<div class=\"emp\">\n<p>\n            Contrata-se Ajudante geral para empresa de constru\u00e7\u00e3o civil , movimenta\u00e7\u00e3o de carga. Enviar email para rhcmto@gmail.com\n            <\/p>\n<p><strong>Compartilhe:<\/strong><\/p>\n<p>                <img data-recalc-dims=\"1\" loading=\"lazy\" decoding=\"async\" width=\"25\" height=\"25\" src=\"https:\/\/i0.wp.com\/francaclassificados.com\/\/source\/view\/img\/20w50.png?resize=25%2C25&#038;ssl=1\" alt=\"Imagem compartilhar whatsapp\"\/><\/p>\n<p>                <img data-recalc-dims=\"1\" loading=\"lazy\" decoding=\"async\" width=\"25\" height=\"25\" src=\"https:\/\/i0.wp.com\/francaclassificados.com\/\/source\/view\/img\/18w50.png?resize=25%2C25&#038;ssl=1\" alt=\"Imagem compartilhar facebook\"\/><\/p>\n<\/p><\/div>\n<p>    <script async=\"\" src=\"https:\/\/pagead2.googlesyndication.com\/pagead\/js\/adsbygoogle.js?client=ca-pub-2853392113352629\" crossorigin=\"anonymous\"\/>\n    <ins class=\"adsbygoogle\" style=\"display:block\" data-ad-client=\"ca-pub-2853392113352629\" data-ad-slot=\"2925831803\" data-ad-format=\"auto\" data-full-width-responsive=\"true\"\/>\n    <script><![CDATA[\n    (adsbygoogle = window.adsbygoogle || []).push({});\n    ]]><\/script><\/p>\n<div class=\"emp\">\n<p>\n            AUXILIAR DE ECOMERCE<br \/>Precisamos de auxiliar de ecomerce com experi\u00eancia em embalagem e separa\u00e7\u00e3o de produtos 16993121442\n            <\/p>\n<p><strong>Compartilhe:<\/strong><\/p>\n<p>                <img data-recalc-dims=\"1\" loading=\"lazy\" decoding=\"async\" width=\"25\" height=\"25\" src=\"https:\/\/i0.wp.com\/francaclassificados.com\/\/source\/view\/img\/20w50.png?resize=25%2C25&#038;ssl=1\" alt=\"Imagem compartilhar whatsapp\"\/><\/p>\n<p>                <img data-recalc-dims=\"1\" loading=\"lazy\" decoding=\"async\" width=\"25\" height=\"25\" src=\"https:\/\/i0.wp.com\/francaclassificados.com\/\/source\/view\/img\/18w50.png?resize=25%2C25&#038;ssl=1\" alt=\"Imagem compartilhar facebook\"\/><\/p>\n<\/p><\/div>\n<div class=\"emp\">\n<p>\n            Industria de Cal\u00e7ados contrata para inicio imediato: EXPEDIDOR, PLANCHEADOR e REVISOR interessados enviar curr\u00edculo com o nome da vaga interessado no e-mail comercial@dextoncalcados.com.br\n            <\/p>\n<p><strong>Compartilhe:<\/strong><\/p>\n<p>                <img data-recalc-dims=\"1\" loading=\"lazy\" decoding=\"async\" width=\"25\" height=\"25\" src=\"https:\/\/i0.wp.com\/francaclassificados.com\/\/source\/view\/img\/20w50.png?resize=25%2C25&#038;ssl=1\" alt=\"Imagem compartilhar whatsapp\"\/><\/p>\n<p>                <img data-recalc-dims=\"1\" loading=\"lazy\" decoding=\"async\" width=\"25\" height=\"25\" src=\"https:\/\/i0.wp.com\/francaclassificados.com\/\/source\/view\/img\/18w50.png?resize=25%2C25&#038;ssl=1\" alt=\"Imagem compartilhar facebook\"\/><\/p>\n<\/p><\/div>\n<p>    <script async=\"\" src=\"https:\/\/pagead2.googlesyndication.com\/pagead\/js\/adsbygoogle.js?client=ca-pub-2853392113352629\" crossorigin=\"anonymous\"\/>\n    <ins class=\"adsbygoogle\" style=\"display:block\" data-ad-client=\"ca-pub-2853392113352629\" data-ad-slot=\"2925831803\" data-ad-format=\"auto\" data-full-width-responsive=\"true\"\/>\n    <script><![CDATA[\n    (adsbygoogle = window.adsbygoogle || []).push({});\n    ]]><\/script><\/p>\n<div class=\"emp\">\n<p>\n            RECEPCIONISTA<br \/>Atuar na recep\u00e7\u00e3o de clientes, visitantes e fornecedores; Realizar atendimento telef\u00f4nico e trabalhar com pabx; Receber e separar a correspond\u00eancia di\u00e1ria; Responder e enviar e-mails; Organiza\u00e7\u00e3o; Proatividade; Ser discreta; Ensino M\u00e9dio Completo; Experi\u00eancia com pabx. (16) 98265-0128 E-mail rh.dpvagas01@gmail.com\n            <\/p>\n<p><strong>Compartilhe:<\/strong><\/p>\n<p>                <img data-recalc-dims=\"1\" loading=\"lazy\" decoding=\"async\" width=\"25\" height=\"25\" src=\"https:\/\/i0.wp.com\/francaclassificados.com\/\/source\/view\/img\/20w50.png?resize=25%2C25&#038;ssl=1\" alt=\"Imagem compartilhar whatsapp\"\/><\/p>\n<p>                <img data-recalc-dims=\"1\" loading=\"lazy\" decoding=\"async\" width=\"25\" height=\"25\" src=\"https:\/\/i0.wp.com\/francaclassificados.com\/\/source\/view\/img\/18w50.png?resize=25%2C25&#038;ssl=1\" alt=\"Imagem compartilhar facebook\"\/><\/p>\n<\/p><\/div>\n<div class=\"emp\">\n<p>\n            Contrata para inicio imediato em Industria de Calcados com pratica para \u00e1rea produ\u00e7\u00e3o CONCERTISTA e ALMOXARIFE enviar curriculum para Mateus.august2016@gmail.com e para \u00e1rea ADMINISTRATIVA profissional para setor COMERCIAL\/FATURAMENTO enviar curriculum para faktion@faktion.com.br\n            <\/p>\n<p><strong>Compartilhe:<\/strong><\/p>\n<p>                <img data-recalc-dims=\"1\" loading=\"lazy\" decoding=\"async\" width=\"25\" height=\"25\" src=\"https:\/\/i0.wp.com\/francaclassificados.com\/\/source\/view\/img\/20w50.png?resize=25%2C25&#038;ssl=1\" alt=\"Imagem compartilhar whatsapp\"\/><\/p>\n<p>                <img data-recalc-dims=\"1\" loading=\"lazy\" decoding=\"async\" width=\"25\" height=\"25\" src=\"https:\/\/i0.wp.com\/francaclassificados.com\/\/source\/view\/img\/18w50.png?resize=25%2C25&#038;ssl=1\" alt=\"Imagem compartilhar facebook\"\/><\/p>\n<\/p><\/div>\n<p>    <script async=\"\" src=\"https:\/\/pagead2.googlesyndication.com\/pagead\/js\/adsbygoogle.js?client=ca-pub-2853392113352629\" crossorigin=\"anonymous\"\/>\n    <ins class=\"adsbygoogle\" style=\"display:block\" data-ad-client=\"ca-pub-2853392113352629\" data-ad-slot=\"2925831803\" data-ad-format=\"auto\" data-full-width-responsive=\"true\"\/>\n    <script><![CDATA[\n    (adsbygoogle = window.adsbygoogle || []).push({});\n    ]]><\/script><\/p>\n<div class=\"emp\">\n<p>\n            EST\u00c1GIO ADMINISTRATIVO<br \/>Estamos com Oportunidade para Est\u00e1gio Administrativo Remunarado! Ser\u00e1 respons\u00e1vel por: Acolher os clientes que chegam \u00e0 imobili\u00e1ria, Organiza\u00e7\u00e3o da imobili\u00e1ria; Auxiliar as demandas dos corretores; Arquivar, receber e entregar, quando necess\u00e1rio, documentos da imobili\u00e1ria; Atender telefonemas. Se voce est\u00e1 cursando superior em administra\u00e7\u00e3o ou direito, entre em contato conosco atrav\u00e9s do nosso WhatsApp: 16 99646-7653\n            <\/p>\n<p><strong>Compartilhe:<\/strong><\/p>\n<p>                <img data-recalc-dims=\"1\" loading=\"lazy\" decoding=\"async\" width=\"25\" height=\"25\" src=\"https:\/\/i0.wp.com\/francaclassificados.com\/\/source\/view\/img\/20w50.png?resize=25%2C25&#038;ssl=1\" alt=\"Imagem compartilhar whatsapp\"\/><\/p>\n<p>                <img data-recalc-dims=\"1\" loading=\"lazy\" decoding=\"async\" width=\"25\" height=\"25\" src=\"https:\/\/i0.wp.com\/francaclassificados.com\/\/source\/view\/img\/18w50.png?resize=25%2C25&#038;ssl=1\" alt=\"Imagem compartilhar facebook\"\/><\/p>\n<\/p><\/div>\n<div class=\"emp\">\n<p>\n            CONTRATA ATENDENTE DE PADARIA, AUXILIAR DE LIMPEZA e AUXILIAR DE COZINHA, maiores de 18 anos, para trabalhar de segunda a s\u00e1bado do 12:10 as 20:30. Interessadas enviar curr\u00edculo no e-mail COM O TITULO DA VAGA para rhpadariafranca@gmail.com\n            <\/p>\n<p><strong>Compartilhe:<\/strong><\/p>\n<p>                <img data-recalc-dims=\"1\" loading=\"lazy\" decoding=\"async\" width=\"25\" height=\"25\" src=\"https:\/\/i0.wp.com\/francaclassificados.com\/\/source\/view\/img\/20w50.png?resize=25%2C25&#038;ssl=1\" alt=\"Imagem compartilhar whatsapp\"\/><\/p>\n<p>                <img data-recalc-dims=\"1\" loading=\"lazy\" decoding=\"async\" width=\"25\" height=\"25\" src=\"https:\/\/i0.wp.com\/francaclassificados.com\/\/source\/view\/img\/18w50.png?resize=25%2C25&#038;ssl=1\" alt=\"Imagem compartilhar facebook\"\/><\/p>\n<\/p><\/div>\n<p>    <script async=\"\" src=\"https:\/\/pagead2.googlesyndication.com\/pagead\/js\/adsbygoogle.js?client=ca-pub-2853392113352629\" crossorigin=\"anonymous\"\/>\n    <ins class=\"adsbygoogle\" style=\"display:block\" data-ad-client=\"ca-pub-2853392113352629\" data-ad-slot=\"2925831803\" data-ad-format=\"auto\" data-full-width-responsive=\"true\"\/>\n    <script><![CDATA[\n    (adsbygoogle = window.adsbygoogle || []).push({});\n    ]]><\/script><\/p>\n<div class=\"emp\">\n<p>\n            BANCA DE PESPONTO com experi\u00eancia. Falar JOAQUIM com celular 16 991675582 ZIZICAL INDUSTRIA DE CAL\u00c7ADOS . AVENIDA LISETE COELHO LUREN\u00c7O 1680- RESIDENCIAL MEIRELLES\n            <\/p>\n<p><strong>Compartilhe:<\/strong><\/p>\n<p>                <img data-recalc-dims=\"1\" loading=\"lazy\" decoding=\"async\" width=\"25\" height=\"25\" src=\"https:\/\/i0.wp.com\/francaclassificados.com\/\/source\/view\/img\/20w50.png?resize=25%2C25&#038;ssl=1\" alt=\"Imagem compartilhar whatsapp\"\/><\/p>\n<p>                <img data-recalc-dims=\"1\" loading=\"lazy\" decoding=\"async\" width=\"25\" height=\"25\" src=\"https:\/\/i0.wp.com\/francaclassificados.com\/\/source\/view\/img\/18w50.png?resize=25%2C25&#038;ssl=1\" alt=\"Imagem compartilhar facebook\"\/><\/p>\n<\/p><\/div>\n<div class=\"emp\">\n<p>\n            FABRICA DE CALCADOS BAIRRO ANGELA ROSA CONTRATA:CORINGA DE ESTERIA\/COSTURADOR LATERAL\/ALMOXARIFE\/AUXILIAR DE ALMOXARIFADO\/AUXILIAR DE PRANCHEAMENTO\/ACABADOR\/PASSADOR DE COLA NO CABEDAL, ENVIAR CURRICULO PARA O WHATSAPP 16 3705-2446\n            <\/p>\n<p><strong>Compartilhe:<\/strong><\/p>\n<p>                <img data-recalc-dims=\"1\" loading=\"lazy\" decoding=\"async\" width=\"25\" height=\"25\" src=\"https:\/\/i0.wp.com\/francaclassificados.com\/\/source\/view\/img\/20w50.png?resize=25%2C25&#038;ssl=1\" alt=\"Imagem compartilhar whatsapp\"\/><\/p>\n<p>                <img data-recalc-dims=\"1\" loading=\"lazy\" decoding=\"async\" width=\"25\" height=\"25\" src=\"https:\/\/i0.wp.com\/francaclassificados.com\/\/source\/view\/img\/18w50.png?resize=25%2C25&#038;ssl=1\" alt=\"Imagem compartilhar facebook\"\/><\/p>\n<\/p><\/div>\n<p>    <script async=\"\" src=\"https:\/\/pagead2.googlesyndication.com\/pagead\/js\/adsbygoogle.js?client=ca-pub-2853392113352629\" crossorigin=\"anonymous\"\/>\n    <ins class=\"adsbygoogle\" style=\"display:block\" data-ad-client=\"ca-pub-2853392113352629\" data-ad-slot=\"2925831803\" data-ad-format=\"auto\" data-full-width-responsive=\"true\"\/>\n    <script><![CDATA[\n    (adsbygoogle = window.adsbygoogle || []).push({});\n    ]]><\/script><\/p>\n<div class=\"emp\">\n<p>\n            PINTOR<br \/>Preparar superf\u00edcies a serem pintadas e calcular quantidade de materiais para pintura. Identificar, preparar e aplicar tintas em superf\u00edcies, dar polimento e retocar superf\u00edcies pintadas. Requisitos: experi\u00eancia na fun\u00e7\u00e3o; desej\u00e1vel experi\u00eancia em pintura industrial. Empresa oferece transporte, alimenta\u00e7\u00e3o e cesta b\u00e1sica. Interessados enviar curr\u00edculo para curriculos@leitejussara.com.br ou pelo WhatsApp 16 99763 5346.\n            <\/p>\n<p><strong>Compartilhe:<\/strong><\/p>\n<p>                <img data-recalc-dims=\"1\" loading=\"lazy\" decoding=\"async\" width=\"25\" height=\"25\" src=\"https:\/\/i0.wp.com\/francaclassificados.com\/\/source\/view\/img\/20w50.png?resize=25%2C25&#038;ssl=1\" alt=\"Imagem compartilhar whatsapp\"\/><\/p>\n<p>                <img data-recalc-dims=\"1\" loading=\"lazy\" decoding=\"async\" width=\"25\" height=\"25\" src=\"https:\/\/i0.wp.com\/francaclassificados.com\/\/source\/view\/img\/18w50.png?resize=25%2C25&#038;ssl=1\" alt=\"Imagem compartilhar facebook\"\/><\/p>\n<\/p><\/div>\n<div class=\"emp\">\n<p>\n            DEPARTAMENTO FISCAL<br \/>Escrit\u00f3rio Contrata para o Depto Fiscal em Franca \u2013 SP, com experi\u00eancia nas rotinas do setor (Escritura\u00e7\u00e3o de NFs, apura\u00e7\u00e3o de impostos de empresas do Lucro Real, Lucro Presumido e Simples Nacional, envio de obriga\u00e7\u00f5es acess\u00f3rias \u2013 EFD ICMS-IPI, EFD Contribui\u00e7\u00f5es, EFD-Reinf, DCTF-Web, Gia, DeSTDA, GissOnline \u2013 e atendimento a clientes). Experi\u00eancia em escrit\u00f3rio cont\u00e1bil ser\u00e1 um diferencial. Sal\u00e1rio + Vale Alimenta\u00e7\u00e3o. Interessados enviar curr\u00edculo para o e-mail: contabilescritorio.dp@gmail.com\n            <\/p>\n<p><strong>Compartilhe:<\/strong><\/p>\n<p>                <img data-recalc-dims=\"1\" loading=\"lazy\" decoding=\"async\" width=\"25\" height=\"25\" src=\"https:\/\/i0.wp.com\/francaclassificados.com\/\/source\/view\/img\/20w50.png?resize=25%2C25&#038;ssl=1\" alt=\"Imagem compartilhar whatsapp\"\/><\/p>\n<p>                <img data-recalc-dims=\"1\" loading=\"lazy\" decoding=\"async\" width=\"25\" height=\"25\" src=\"https:\/\/i0.wp.com\/francaclassificados.com\/\/source\/view\/img\/18w50.png?resize=25%2C25&#038;ssl=1\" alt=\"Imagem compartilhar facebook\"\/><\/p>\n<\/p><\/div>\n<p>    <script async=\"\" src=\"https:\/\/pagead2.googlesyndication.com\/pagead\/js\/adsbygoogle.js?client=ca-pub-2853392113352629\" crossorigin=\"anonymous\"\/>\n    <ins class=\"adsbygoogle\" style=\"display:block\" data-ad-client=\"ca-pub-2853392113352629\" data-ad-slot=\"2925831803\" data-ad-format=\"auto\" data-full-width-responsive=\"true\"\/>\n    <script><![CDATA[\n    (adsbygoogle = window.adsbygoogle || []).push({});\n    ]]><\/script><\/p>\n<div class=\"emp\">\n<p>\n            INDUSTRIA DE CAL\u00c7ADOS CONTRATA : ARRANHADOR\/RISCADOR . INTERESSADOS ENVIAR CURRICULO PARA O E_MAIL : faturamento@rosasecco.com.br\n            <\/p>\n<p><strong>Compartilhe:<\/strong><\/p>\n<p>                <img data-recalc-dims=\"1\" loading=\"lazy\" decoding=\"async\" width=\"25\" height=\"25\" src=\"https:\/\/i0.wp.com\/francaclassificados.com\/\/source\/view\/img\/20w50.png?resize=25%2C25&#038;ssl=1\" alt=\"Imagem compartilhar whatsapp\"\/><\/p>\n<p>                <img data-recalc-dims=\"1\" loading=\"lazy\" decoding=\"async\" width=\"25\" height=\"25\" src=\"https:\/\/i0.wp.com\/francaclassificados.com\/\/source\/view\/img\/18w50.png?resize=25%2C25&#038;ssl=1\" alt=\"Imagem compartilhar facebook\"\/><\/p>\n<\/p><\/div>\n<div class=\"emp\">\n<p>\n            T\u00c9CNICO EM HIDROMASSAGEM<br \/>CONTRATA-SE T\u00c9CNICO EM BANHEIRA DE HIDROMASSAGEM Precisa-se de t\u00e9cnico para trabalhar com banheiras de hidromassagens, com experi\u00eancia em el\u00e9trica e hidr\u00e1ulica, desej\u00e1vel que tenha no\u00e7\u00e3o de servi\u00e7os de pintura. O candidato necessita ter CNH. Sal\u00e1rio com registro em carteira e ticket alimenta\u00e7\u00e3o. Encaminhar curriculum para contato@doutorbanheira.com.br ou watzap 16982509115. Somente mensagens.\n            <\/p>\n<p><strong>Compartilhe:<\/strong><\/p>\n<p>                <img data-recalc-dims=\"1\" loading=\"lazy\" decoding=\"async\" width=\"25\" height=\"25\" src=\"https:\/\/i0.wp.com\/francaclassificados.com\/\/source\/view\/img\/20w50.png?resize=25%2C25&#038;ssl=1\" alt=\"Imagem compartilhar whatsapp\"\/><\/p>\n<p>                <img data-recalc-dims=\"1\" loading=\"lazy\" decoding=\"async\" width=\"25\" height=\"25\" src=\"https:\/\/i0.wp.com\/francaclassificados.com\/\/source\/view\/img\/18w50.png?resize=25%2C25&#038;ssl=1\" alt=\"Imagem compartilhar facebook\"\/><\/p>\n<\/p><\/div>\n<p>    <script async=\"\" src=\"https:\/\/pagead2.googlesyndication.com\/pagead\/js\/adsbygoogle.js?client=ca-pub-2853392113352629\" crossorigin=\"anonymous\"\/>\n    <ins class=\"adsbygoogle\" style=\"display:block\" data-ad-client=\"ca-pub-2853392113352629\" data-ad-slot=\"2925831803\" data-ad-format=\"auto\" data-full-width-responsive=\"true\"\/>\n    <script><![CDATA[\n    (adsbygoogle = window.adsbygoogle || []).push({});\n    ]]><\/script><\/p>\n<div class=\"emp\">\n<p>\n            ASSISTENTE COMERCIAL<br \/>SAL\u00c1RIO 1.555,72 + BENEFICIOS VR E VT ; SEGUNDA A SEXTA; REQUISITOS: BOA ESCRITA; PROATIVIDADE; EXPERIENCIA EM CONSIGNADO;RESIDIR EM FRANCA-SP;\n            <\/p>\n<p><strong>Compartilhe:<\/strong><\/p>\n<p>                <img data-recalc-dims=\"1\" loading=\"lazy\" decoding=\"async\" width=\"25\" height=\"25\" src=\"https:\/\/i0.wp.com\/francaclassificados.com\/\/source\/view\/img\/20w50.png?resize=25%2C25&#038;ssl=1\" alt=\"Imagem compartilhar whatsapp\"\/><\/p>\n<p>                <img data-recalc-dims=\"1\" loading=\"lazy\" decoding=\"async\" width=\"25\" height=\"25\" src=\"https:\/\/i0.wp.com\/francaclassificados.com\/\/source\/view\/img\/18w50.png?resize=25%2C25&#038;ssl=1\" alt=\"Imagem compartilhar facebook\"\/><\/p>\n<\/p><\/div>\n<div class=\"emp\">\n<p>\n            SETOR DE LOG\u00cdSTICA - ESTOQUISTA<br \/>Desenvolver atividades pertinentes a rotina de estoque (recebimento de produtos, armazenamento, separa\u00e7\u00e3o de pedidos). Necess\u00e1rio ter for\u00e7a de vontade, trabalho em equipe, pr\u00f3-atividade e disponibilidade de hor\u00e1rio. Hor\u00e1rio de trabalho: segunda a sexta das 08h \u00e0s 18:18h e s\u00e1bados intercalados das 08h as 13h. Envie curr\u00edculo por e-mail: vagas.atram@gmail.com\n            <\/p>\n<p><strong>Compartilhe:<\/strong><\/p>\n<p>                <img data-recalc-dims=\"1\" loading=\"lazy\" decoding=\"async\" width=\"25\" height=\"25\" src=\"https:\/\/i0.wp.com\/francaclassificados.com\/\/source\/view\/img\/20w50.png?resize=25%2C25&#038;ssl=1\" alt=\"Imagem compartilhar whatsapp\"\/><\/p>\n<p>                <img data-recalc-dims=\"1\" loading=\"lazy\" decoding=\"async\" width=\"25\" height=\"25\" src=\"https:\/\/i0.wp.com\/francaclassificados.com\/\/source\/view\/img\/18w50.png?resize=25%2C25&#038;ssl=1\" alt=\"Imagem compartilhar facebook\"\/><\/p>\n<\/p><\/div>\n<p>    <script async=\"\" src=\"https:\/\/pagead2.googlesyndication.com\/pagead\/js\/adsbygoogle.js?client=ca-pub-2853392113352629\" crossorigin=\"anonymous\"\/>\n    <ins class=\"adsbygoogle\" style=\"display:block\" data-ad-client=\"ca-pub-2853392113352629\" data-ad-slot=\"2925831803\" data-ad-format=\"auto\" data-full-width-responsive=\"true\"\/>\n    <script><![CDATA[\n    (adsbygoogle = window.adsbygoogle || []).push({});\n    ]]><\/script><\/p>\n<div class=\"emp\">\n<p>\n            VENDEDOR (A)<br \/>Vendedor(a) Loja de M\u00f3veis, em Franca * In\u00edcio imediato * Pr\u00f3-Ativa * Comunicativa e \u00c1gil * Organizada * Boa mem\u00f3ria ** Desej\u00e1vel: Experi\u00eancia em vendas, m\u00eddias sociais. Benef\u00edcios: * Sal\u00e1rio fixo, carteira assinada, comiss\u00e3o, b\u00f4nus, banco de horas, * 44 horas semanais, de segunda a s\u00e1bado. Curriculos P\/ E-mail: curriculos.admcs@hotmail.com\n            <\/p>\n<p><strong>Compartilhe:<\/strong><\/p>\n<p>                <img data-recalc-dims=\"1\" loading=\"lazy\" decoding=\"async\" width=\"25\" height=\"25\" src=\"https:\/\/i0.wp.com\/francaclassificados.com\/\/source\/view\/img\/20w50.png?resize=25%2C25&#038;ssl=1\" alt=\"Imagem compartilhar whatsapp\"\/><\/p>\n<p>                <img data-recalc-dims=\"1\" loading=\"lazy\" decoding=\"async\" width=\"25\" height=\"25\" src=\"https:\/\/i0.wp.com\/francaclassificados.com\/\/source\/view\/img\/18w50.png?resize=25%2C25&#038;ssl=1\" alt=\"Imagem compartilhar facebook\"\/><\/p>\n<\/p><\/div>\n<div class=\"emp\">\n<p>\n            Contrata-se a\u00e7ougueiro com experi\u00eancia, que tenha disponibilidade de hor\u00e1rio . Enviar curr\u00edculo no e-mail:Rhelimar@hotmail.com\n            <\/p>\n<p><strong>Compartilhe:<\/strong><\/p>\n<p>                <img data-recalc-dims=\"1\" loading=\"lazy\" decoding=\"async\" width=\"25\" height=\"25\" src=\"https:\/\/i0.wp.com\/francaclassificados.com\/\/source\/view\/img\/20w50.png?resize=25%2C25&#038;ssl=1\" alt=\"Imagem compartilhar whatsapp\"\/><\/p>\n<p>                <img data-recalc-dims=\"1\" loading=\"lazy\" decoding=\"async\" width=\"25\" height=\"25\" src=\"https:\/\/i0.wp.com\/francaclassificados.com\/\/source\/view\/img\/18w50.png?resize=25%2C25&#038;ssl=1\" alt=\"Imagem compartilhar facebook\"\/><\/p>\n<\/p><\/div>\n<p>    <script async=\"\" src=\"https:\/\/pagead2.googlesyndication.com\/pagead\/js\/adsbygoogle.js?client=ca-pub-2853392113352629\" crossorigin=\"anonymous\"\/>\n    <ins class=\"adsbygoogle\" style=\"display:block\" data-ad-client=\"ca-pub-2853392113352629\" data-ad-slot=\"2925831803\" data-ad-format=\"auto\" data-full-width-responsive=\"true\"\/>\n    <script><![CDATA[\n    (adsbygoogle = window.adsbygoogle || []).push({});\n    ]]><\/script><\/p>\n<div class=\"emp\">\n<p>\n            F\u00e1brica de Cal\u00e7ados contrata para in\u00edcio imediato: FECHADOR DE LADO. Necess\u00e1rio ter experi\u00eancia. Interessados deixar curr\u00edculo no barrac\u00e3o Av. Major Elias Motta, 1161 - Jd Paulistano, ou enviar o curr\u00edculo no e-mail: vagas.arietto@gmail.com\n            <\/p>\n<p><strong>Compartilhe:<\/strong><\/p>\n<p>                <img data-recalc-dims=\"1\" loading=\"lazy\" decoding=\"async\" width=\"25\" height=\"25\" src=\"https:\/\/i0.wp.com\/francaclassificados.com\/\/source\/view\/img\/20w50.png?resize=25%2C25&#038;ssl=1\" alt=\"Imagem compartilhar whatsapp\"\/><\/p>\n<p>                <img data-recalc-dims=\"1\" loading=\"lazy\" decoding=\"async\" width=\"25\" height=\"25\" src=\"https:\/\/i0.wp.com\/francaclassificados.com\/\/source\/view\/img\/18w50.png?resize=25%2C25&#038;ssl=1\" alt=\"Imagem compartilhar facebook\"\/><\/p>\n<\/p><\/div>\n<div class=\"emp\">\n<p>\n            CONTRATA AUXILIAR DE PLANCHEAMENTO: colocar calcanheira, atacador e colocar sapato na caixa. Produ\u00e7\u00e3o di\u00e1ria: 150 pares. Interessados comparecer a Rua Antonio Alves Taveira,2250 - Jardim Planalto ou enviar CV: sapatoleve@sapatoleve.com.br\n            <\/p>\n<p><strong>Compartilhe:<\/strong><\/p>\n<p>                <img data-recalc-dims=\"1\" loading=\"lazy\" decoding=\"async\" width=\"25\" height=\"25\" src=\"https:\/\/i0.wp.com\/francaclassificados.com\/\/source\/view\/img\/20w50.png?resize=25%2C25&#038;ssl=1\" alt=\"Imagem compartilhar whatsapp\"\/><\/p>\n<p>                <img data-recalc-dims=\"1\" loading=\"lazy\" decoding=\"async\" width=\"25\" height=\"25\" src=\"https:\/\/i0.wp.com\/francaclassificados.com\/\/source\/view\/img\/18w50.png?resize=25%2C25&#038;ssl=1\" alt=\"Imagem compartilhar facebook\"\/><\/p>\n<\/p><\/div>\n<p>    <script async=\"\" src=\"https:\/\/pagead2.googlesyndication.com\/pagead\/js\/adsbygoogle.js?client=ca-pub-2853392113352629\" crossorigin=\"anonymous\"\/>\n    <ins class=\"adsbygoogle\" style=\"display:block\" data-ad-client=\"ca-pub-2853392113352629\" data-ad-slot=\"2925831803\" data-ad-format=\"auto\" data-full-width-responsive=\"true\"\/>\n    <script><![CDATA[\n    (adsbygoogle = window.adsbygoogle || []).push({});\n    ]]><\/script><\/p>\n<div class=\"emp\">\n<p>\n            Estamos contratando para a vaga de vendedora. Requisitos: Flexibilidade de hor\u00e1rio; Boa comunica\u00e7\u00e3o, Interesse por moda; Pro-atividade; Gosto por vendas; Ambi\u00e7\u00e3o; Anseio de crescimento . Loja JOVANA AV BRASIL, hor\u00e1rio das 8:30 as 18 hr de seg a sex e das 8:30 as 17 hr aos s\u00e1bados. Sal\u00e1rio fixo + premia\u00e7\u00f5es, registro em carteira. Interessadas enviar curr\u00edculo para o whatsapp (16) 3723-5734 e email rhgrupotresoldi@gmail.com\n            <\/p>\n<p><strong>Compartilhe:<\/strong><\/p>\n<p>                <img data-recalc-dims=\"1\" loading=\"lazy\" decoding=\"async\" width=\"25\" height=\"25\" src=\"https:\/\/i0.wp.com\/francaclassificados.com\/\/source\/view\/img\/20w50.png?resize=25%2C25&#038;ssl=1\" alt=\"Imagem compartilhar whatsapp\"\/><\/p>\n<p>                <img data-recalc-dims=\"1\" loading=\"lazy\" decoding=\"async\" width=\"25\" height=\"25\" src=\"https:\/\/i0.wp.com\/francaclassificados.com\/\/source\/view\/img\/18w50.png?resize=25%2C25&#038;ssl=1\" alt=\"Imagem compartilhar facebook\"\/><\/p>\n<\/p><\/div>\n<div class=\"emp\">\n<p>\n            Ind\u00fastria de Cal\u00e7ados Esportivos, admite-se para inicio imediato, RISCADOR, com pratica. Estamos localizados no Aeroporto 1, temos prefer\u00eancia por profissionais aqui da regi\u00e3o. Favor entrar em contato pelo whatsapp (16) 9 9696-6160\n            <\/p>\n<p><strong>Compartilhe:<\/strong><\/p>\n<p>                <img data-recalc-dims=\"1\" loading=\"lazy\" decoding=\"async\" width=\"25\" height=\"25\" src=\"https:\/\/i0.wp.com\/francaclassificados.com\/\/source\/view\/img\/20w50.png?resize=25%2C25&#038;ssl=1\" alt=\"Imagem compartilhar whatsapp\"\/><\/p>\n<p>                <img data-recalc-dims=\"1\" loading=\"lazy\" decoding=\"async\" width=\"25\" height=\"25\" src=\"https:\/\/i0.wp.com\/francaclassificados.com\/\/source\/view\/img\/18w50.png?resize=25%2C25&#038;ssl=1\" alt=\"Imagem compartilhar facebook\"\/><\/p>\n<\/p><\/div>\n<p>    <script async=\"\" src=\"https:\/\/pagead2.googlesyndication.com\/pagead\/js\/adsbygoogle.js?client=ca-pub-2853392113352629\" crossorigin=\"anonymous\"\/>\n    <ins class=\"adsbygoogle\" style=\"display:block\" data-ad-client=\"ca-pub-2853392113352629\" data-ad-slot=\"2925831803\" data-ad-format=\"auto\" data-full-width-responsive=\"true\"\/>\n    <script><![CDATA[\n    (adsbygoogle = window.adsbygoogle || []).push({});\n    ]]><\/script><\/p>\n<div class=\"emp\">\n<p>\n            ESTAGI\u00c1RIO DE ENGENHARIA<br \/>Contrata-se estagi\u00e1rio cursando engenharia civil ou el\u00e9trica com conhecimento em Excel e autocad, que seja proativo e tenha boa comunica\u00e7\u00e3o. Salario compat\u00edvel com mercado mais benef\u00edcios(caf\u00e9 da manha, almo\u00e7o e vale transporte).Enviar curriculo para admin@engepires.com.br \/ camila.andrade@engepires.com.br\n            <\/p>\n<p><strong>Compartilhe:<\/strong><\/p>\n<p>                <img data-recalc-dims=\"1\" loading=\"lazy\" decoding=\"async\" width=\"25\" height=\"25\" src=\"https:\/\/i0.wp.com\/francaclassificados.com\/\/source\/view\/img\/20w50.png?resize=25%2C25&#038;ssl=1\" alt=\"Imagem compartilhar whatsapp\"\/><\/p>\n<p>                <img data-recalc-dims=\"1\" loading=\"lazy\" decoding=\"async\" width=\"25\" height=\"25\" src=\"https:\/\/i0.wp.com\/francaclassificados.com\/\/source\/view\/img\/18w50.png?resize=25%2C25&#038;ssl=1\" alt=\"Imagem compartilhar facebook\"\/><\/p>\n<\/p><\/div>\n<div class=\"emp\">\n<p>\n            AUXILIAR DE COZINHA<br \/>Masculino\/feminino. Ensino m\u00e9dio completo. Auxilio no preparo de refei\u00e7\u00f5es, apoio na limpeza e organiza\u00e7\u00e3o da cozinha. Lavagens de utens\u00edlio. Ter experi\u00eancia na fun\u00e7\u00e3o, organiza\u00e7\u00e3o e pro-atividade Disponibilidade de hor\u00e1rio. 7h20 por dia, escala 6x1, inicio imediato. Interessados enviar curr\u00edculo com titulo da vaga no assunto para curriculo@feji.org.br ou deixar pessoalmente na RUA OF\u00c9LIA SOARES RUSSO 970 JD PLANALTO\n            <\/p>\n<p><strong>Compartilhe:<\/strong><\/p>\n<p>                <img data-recalc-dims=\"1\" loading=\"lazy\" decoding=\"async\" width=\"25\" height=\"25\" src=\"https:\/\/i0.wp.com\/francaclassificados.com\/\/source\/view\/img\/20w50.png?resize=25%2C25&#038;ssl=1\" alt=\"Imagem compartilhar whatsapp\"\/><\/p>\n<p>                <img data-recalc-dims=\"1\" loading=\"lazy\" decoding=\"async\" width=\"25\" height=\"25\" src=\"https:\/\/i0.wp.com\/francaclassificados.com\/\/source\/view\/img\/18w50.png?resize=25%2C25&#038;ssl=1\" alt=\"Imagem compartilhar facebook\"\/><\/p>\n<\/p><\/div>\n<p>    <script async=\"\" src=\"https:\/\/pagead2.googlesyndication.com\/pagead\/js\/adsbygoogle.js?client=ca-pub-2853392113352629\" crossorigin=\"anonymous\"\/>\n    <ins class=\"adsbygoogle\" style=\"display:block\" data-ad-client=\"ca-pub-2853392113352629\" data-ad-slot=\"2925831803\" data-ad-format=\"auto\" data-full-width-responsive=\"true\"\/>\n    <script><![CDATA[\n    (adsbygoogle = window.adsbygoogle || []).push({});\n    ]]><\/script><\/p>\n<div class=\"emp\">\n<p>\n            AUXILIAR ADMINISTRATIVO<br \/>CONTRATAMOS PARA AUXILIAR ADMINISTRATIVO, \u00c9 NECESS\u00c1RIO EXPERIENCIA NA \u00c1REA FISCAL E FINANCEIRA, TAIS COMO CONCILIA\u00c7\u00c3O BANC\u00c1RIA, LAN\u00c7AMENTOS DE NOTAS FISCAIS, FECHAMENTOS DE CAIXAS, CONTAS A PAGAR E A RECEBER, ENTRE AS DEMAIS ATIVIDADES PERTINENTES A \u00c1REA. INTERESSADOS ENVIAR CURR\u00cdCULO PARA<br \/>\n            <br \/>by.vagasescritorio@gmail.com\n            <\/p>\n<p><strong>Compartilhe:<\/strong><\/p>\n<p>                <img data-recalc-dims=\"1\" loading=\"lazy\" decoding=\"async\" width=\"25\" height=\"25\" src=\"https:\/\/i0.wp.com\/francaclassificados.com\/\/source\/view\/img\/20w50.png?resize=25%2C25&#038;ssl=1\" alt=\"Imagem compartilhar whatsapp\"\/><\/p>\n<p>                <img data-recalc-dims=\"1\" loading=\"lazy\" decoding=\"async\" width=\"25\" height=\"25\" src=\"https:\/\/i0.wp.com\/francaclassificados.com\/\/source\/view\/img\/18w50.png?resize=25%2C25&#038;ssl=1\" alt=\"Imagem compartilhar facebook\"\/><\/p>\n<\/p><\/div>\n<div class=\"emp\">\n<p>\n            CAIXA \/ VENDEDOR ONLINE<br \/>Estamos contratando um profissional din\u00e2mico, anal\u00edtico e proativo para atuar como Caixa e Vendas Online em nossa confec\u00e7\u00e3o de roupas masculinas. Procuramos algu\u00e9m com habilidades excepcionais de atendimento ao cliente, conhecimento em vendas e experi\u00eancia em opera\u00e7\u00f5es de caixa. Responsabilidades: Atendimento ao cliente presencial e online Processamento de pagamentos e fechamento de caixa. Enviar curr\u00edculo no WhatsApp (16) 3721-8372\n            <\/p>\n<p><strong>Compartilhe:<\/strong><\/p>\n<p>                <img data-recalc-dims=\"1\" loading=\"lazy\" decoding=\"async\" width=\"25\" height=\"25\" src=\"https:\/\/i0.wp.com\/francaclassificados.com\/\/source\/view\/img\/20w50.png?resize=25%2C25&#038;ssl=1\" alt=\"Imagem compartilhar whatsapp\"\/><\/p>\n<p>                <img data-recalc-dims=\"1\" loading=\"lazy\" decoding=\"async\" width=\"25\" height=\"25\" src=\"https:\/\/i0.wp.com\/francaclassificados.com\/\/source\/view\/img\/18w50.png?resize=25%2C25&#038;ssl=1\" alt=\"Imagem compartilhar facebook\"\/><\/p>\n<\/p><\/div>\n<p>    <script async=\"\" src=\"https:\/\/pagead2.googlesyndication.com\/pagead\/js\/adsbygoogle.js?client=ca-pub-2853392113352629\" crossorigin=\"anonymous\"\/>\n    <ins class=\"adsbygoogle\" style=\"display:block\" data-ad-client=\"ca-pub-2853392113352629\" data-ad-slot=\"2925831803\" data-ad-format=\"auto\" data-full-width-responsive=\"true\"\/>\n    <script><![CDATA[\n    (adsbygoogle = window.adsbygoogle || []).push({});\n    ]]><\/script><\/p>\n<div class=\"emp\">\n<p>\n            TEMOS VAGAS PARA: Ajudante, Operador de Ceifadeira, Motorista de Caminh\u00e3o, Operador de M\u00e1quinas. INFORMA\u00c7\u00d5ES: Trabalho de Segunda a sexta-feira das 7h \u00e0s 16h48, Vale alimenta\u00e7\u00e3o: R$ 283,19+Conv\u00eanios m\u00e9dico e odontol\u00f3gico+Seguro de vida+Gympass. REQUISITOS: Residir em Franca, CNH D-vaga motorista, Experi\u00eancia c\/ ro\u00e7adeira costal\u2013vaga operador de ceifadeira. INTERESSADOS DEVEM ENTREGAR CURR\u00cdCULO NA EMPRESA: Av. Alberto Pulicano, 4871 \u2013 Distrito Industrial ou enviar via whatsapp 16 99171-0423\n            <\/p>\n<p><strong>Compartilhe:<\/strong><\/p>\n<p>                <img data-recalc-dims=\"1\" loading=\"lazy\" decoding=\"async\" width=\"25\" height=\"25\" src=\"https:\/\/i0.wp.com\/francaclassificados.com\/\/source\/view\/img\/20w50.png?resize=25%2C25&#038;ssl=1\" alt=\"Imagem compartilhar whatsapp\"\/><\/p>\n<p>                <img data-recalc-dims=\"1\" loading=\"lazy\" decoding=\"async\" width=\"25\" height=\"25\" src=\"https:\/\/i0.wp.com\/francaclassificados.com\/\/source\/view\/img\/18w50.png?resize=25%2C25&#038;ssl=1\" alt=\"Imagem compartilhar facebook\"\/><\/p>\n<\/p><\/div>\n<div class=\"emp\">\n<p>\n            CONSULTOR COMERCIAL<br \/>Atividades: - Realizar atendimento telefonico ofertando cursos de gradua\u00e7\u00e3o e p\u00f3s-gradua\u00e7\u00e3o; - Participar de a\u00e7\u00f5es externas para capta\u00e7\u00e3o de alunos potenciais. Requisitos: - Estar cursando uma gradua\u00e7\u00e3o; - Ter boa comunica\u00e7\u00e3o, capacidade de argumenta\u00e7\u00e3o; - Inform\u00e1tica b\u00e1sica; - Ter disponibilidade de hor\u00e1rio. Benef\u00edcios: - Contrato CLT + Comiss\u00e3o + Vale Transporte - Bolsa de 100% para qualquer curso EAD. Interessados enviar curr\u00edculo para<br \/>\n            <br \/>taciane.freire@unicesumar.edu.br\n            <\/p>\n<p><strong>Compartilhe:<\/strong><\/p>\n<p>                <img data-recalc-dims=\"1\" loading=\"lazy\" decoding=\"async\" width=\"25\" height=\"25\" src=\"https:\/\/i0.wp.com\/francaclassificados.com\/\/source\/view\/img\/20w50.png?resize=25%2C25&#038;ssl=1\" alt=\"Imagem compartilhar whatsapp\"\/><\/p>\n<p>                <img data-recalc-dims=\"1\" loading=\"lazy\" decoding=\"async\" width=\"25\" height=\"25\" src=\"https:\/\/i0.wp.com\/francaclassificados.com\/\/source\/view\/img\/18w50.png?resize=25%2C25&#038;ssl=1\" alt=\"Imagem compartilhar facebook\"\/><\/p>\n<\/p><\/div>\n<p>    <script async=\"\" src=\"https:\/\/pagead2.googlesyndication.com\/pagead\/js\/adsbygoogle.js?client=ca-pub-2853392113352629\" crossorigin=\"anonymous\"\/>\n    <ins class=\"adsbygoogle\" style=\"display:block\" data-ad-client=\"ca-pub-2853392113352629\" data-ad-slot=\"2925831803\" data-ad-format=\"auto\" data-full-width-responsive=\"true\"\/>\n    <script><![CDATA[\n    (adsbygoogle = window.adsbygoogle || []).push({});\n    ]]><\/script><\/p>\n<div class=\"emp\">\n<p>\n            VENDEDOR(A)<br \/>Contrata-se vendedor(a), com ou sem experi\u00eancia. Oferecemos todo o treinamento necess\u00e1rio. Sal\u00e1rio R$ 1.766,00 + R$ 350,00 de vale alimenta\u00e7\u00e3o + vale transporte + Comiss\u00e3o + B\u00f4nus + curso de ingl\u00eas gratuito. Hor\u00e1rio de trabalho: segunda a quinta das 12h \u00e0s 21h. Sexta das 09h30 \u00e0s 18h30 e s\u00e1bado das 08h \u00e0s 12h, totalizando 44hs por semana. Interessados enviar curr\u00edculo para phselecoes@gmail.com com o titulo \"Vendas\".\n            <\/p>\n<p><strong>Compartilhe:<\/strong><\/p>\n<p>                <img data-recalc-dims=\"1\" loading=\"lazy\" decoding=\"async\" width=\"25\" height=\"25\" src=\"https:\/\/i0.wp.com\/francaclassificados.com\/\/source\/view\/img\/20w50.png?resize=25%2C25&#038;ssl=1\" alt=\"Imagem compartilhar whatsapp\"\/><\/p>\n<p>                <img data-recalc-dims=\"1\" loading=\"lazy\" decoding=\"async\" width=\"25\" height=\"25\" src=\"https:\/\/i0.wp.com\/francaclassificados.com\/\/source\/view\/img\/18w50.png?resize=25%2C25&#038;ssl=1\" alt=\"Imagem compartilhar facebook\"\/><\/p>\n<\/p><\/div>\n<div class=\"emp\">\n<p>\n            MARCENEIRO<br \/>Estamos admintindo MARCENEIRO com experiencia em serra de bancada, serra manual, e em trabalhos com MDF e MADEIRA MACI\u00c7A. Hor\u00e1rio de expediente das 07:00 as 17:00h de Segunda a Sexta. ENVIAR CURRICULO para o WHATSAPP: (16) 999694999 - FAVOR N\u00c3O FAZER CHAMADAS NESSE NUMERO.\n            <\/p>\n<p><strong>Compartilhe:<\/strong><\/p>\n<p>                <img data-recalc-dims=\"1\" loading=\"lazy\" decoding=\"async\" width=\"25\" height=\"25\" src=\"https:\/\/i0.wp.com\/francaclassificados.com\/\/source\/view\/img\/20w50.png?resize=25%2C25&#038;ssl=1\" alt=\"Imagem compartilhar whatsapp\"\/><\/p>\n<p>                <img data-recalc-dims=\"1\" loading=\"lazy\" decoding=\"async\" width=\"25\" height=\"25\" src=\"https:\/\/i0.wp.com\/francaclassificados.com\/\/source\/view\/img\/18w50.png?resize=25%2C25&#038;ssl=1\" alt=\"Imagem compartilhar facebook\"\/><\/p>\n<\/p><\/div>\n<p>    <script async=\"\" src=\"https:\/\/pagead2.googlesyndication.com\/pagead\/js\/adsbygoogle.js?client=ca-pub-2853392113352629\" crossorigin=\"anonymous\"\/>\n    <ins class=\"adsbygoogle\" style=\"display:block\" data-ad-client=\"ca-pub-2853392113352629\" data-ad-slot=\"2925831803\" data-ad-format=\"auto\" data-full-width-responsive=\"true\"\/>\n    <script><![CDATA[\n    (adsbygoogle = window.adsbygoogle || []).push({});\n    ]]><\/script><\/p>\n<div class=\"emp\">\n<p>\n            Estamos com vagas abertas para:*Pespontador de Concertos*. Enviar curr\u00edculo vaga desejada para o e-mail: departamentopessoal@macboot.com.br ou entregar na portaria no endere\u00e7o Rua Francisco Assis Tomas da Silva, 2355, Bairro Distrito Industrial.\n            <\/p>\n<p><strong>Compartilhe:<\/strong><\/p>\n<p>                <img data-recalc-dims=\"1\" loading=\"lazy\" decoding=\"async\" width=\"25\" height=\"25\" src=\"https:\/\/i0.wp.com\/francaclassificados.com\/\/source\/view\/img\/20w50.png?resize=25%2C25&#038;ssl=1\" alt=\"Imagem compartilhar whatsapp\"\/><\/p>\n<p>                <img data-recalc-dims=\"1\" loading=\"lazy\" decoding=\"async\" width=\"25\" height=\"25\" src=\"https:\/\/i0.wp.com\/francaclassificados.com\/\/source\/view\/img\/18w50.png?resize=25%2C25&#038;ssl=1\" alt=\"Imagem compartilhar facebook\"\/><\/p>\n<\/p><\/div>\n<div class=\"emp\">\n<p>\n            Contrata bancas de pesponto e plancheador com pr\u00e1tica, interessados comparecer na Rua: Irm\u00e3os Antunes 875 Jdm Maria Rosa, ou enviar curriculum pelo WhatsApp 16 99183-9534.\n            <\/p>\n<p><strong>Compartilhe:<\/strong><\/p>\n<p>                <img data-recalc-dims=\"1\" loading=\"lazy\" decoding=\"async\" width=\"25\" height=\"25\" src=\"https:\/\/i0.wp.com\/francaclassificados.com\/\/source\/view\/img\/20w50.png?resize=25%2C25&#038;ssl=1\" alt=\"Imagem compartilhar whatsapp\"\/><\/p>\n<p>                <img data-recalc-dims=\"1\" loading=\"lazy\" decoding=\"async\" width=\"25\" height=\"25\" src=\"https:\/\/i0.wp.com\/francaclassificados.com\/\/source\/view\/img\/18w50.png?resize=25%2C25&#038;ssl=1\" alt=\"Imagem compartilhar facebook\"\/><\/p>\n<\/p><\/div>\n<p>    <script async=\"\" src=\"https:\/\/pagead2.googlesyndication.com\/pagead\/js\/adsbygoogle.js?client=ca-pub-2853392113352629\" crossorigin=\"anonymous\"\/>\n    <ins class=\"adsbygoogle\" style=\"display:block\" data-ad-client=\"ca-pub-2853392113352629\" data-ad-slot=\"2925831803\" data-ad-format=\"auto\" data-full-width-responsive=\"true\"\/>\n    <script><![CDATA[\n    (adsbygoogle = window.adsbygoogle || []).push({});\n    ]]><\/script><\/p>\n<div class=\"emp\">\n<p>\n            ATENDENTE DE RESTAURANTE<br \/>Atendente de Restaurante \/ montagem de marmitex Empresa: Restaurante Bom Apetite Local: Joaquim Martins 923 Pq. do Horto Descri\u00e7\u00e3o: Procuramos uma atendente din\u00e2mica e experiente para nossa equipe. Requisitos: Buscamos por uma pessoa PROATIVA, COMUNICATIVA, EDUCADA Desej\u00e1vel: com experi\u00eancia em atendimento e\/ou restaurante ! Sal\u00e1rio: R$ \u00e0 combinar Tratar pelos : 99123 8351\n            <\/p>\n<p><strong>Compartilhe:<\/strong><\/p>\n<p>                <img data-recalc-dims=\"1\" loading=\"lazy\" decoding=\"async\" width=\"25\" height=\"25\" src=\"https:\/\/i0.wp.com\/francaclassificados.com\/\/source\/view\/img\/20w50.png?resize=25%2C25&#038;ssl=1\" alt=\"Imagem compartilhar whatsapp\"\/><\/p>\n<p>                <img data-recalc-dims=\"1\" loading=\"lazy\" decoding=\"async\" width=\"25\" height=\"25\" src=\"https:\/\/i0.wp.com\/francaclassificados.com\/\/source\/view\/img\/18w50.png?resize=25%2C25&#038;ssl=1\" alt=\"Imagem compartilhar facebook\"\/><\/p>\n<\/p><\/div>\n<div class=\"emp\">\n<p>\n            COORDENADOR DE RH \/PSICOLOGA<br \/>Gradua\u00e7\u00e3o em Psicologia, com perfil proativo, foco em resultado, senso de urg\u00eancia, com experi\u00eancia comprovada em Gest\u00e3o Estrat\u00e9gica de Pessoas, solu\u00e7\u00e3o de conflitos, com foco motivacional e ser\u00e1 um diferencial a viv\u00eancia na \u00e1rea comercial, proativa e firme. Sexo: Feminino e Idade de 25 anos a 50 anos. Hor\u00e1rio de entrada Comercial, Efetivo. Sal\u00e1rio fixo + Benef\u00edcios\/premia\u00e7\u00e3o sobre resultados da equipe enviar curr\u00edculo: recrutafranca@outlook.com no assunto colocar \"PSICOLOGA\"\n            <\/p>\n<p><strong>Compartilhe:<\/strong><\/p>\n<p>                <img data-recalc-dims=\"1\" loading=\"lazy\" decoding=\"async\" width=\"25\" height=\"25\" src=\"https:\/\/i0.wp.com\/francaclassificados.com\/\/source\/view\/img\/20w50.png?resize=25%2C25&#038;ssl=1\" alt=\"Imagem compartilhar whatsapp\"\/><\/p>\n<p>                <img data-recalc-dims=\"1\" loading=\"lazy\" decoding=\"async\" width=\"25\" height=\"25\" src=\"https:\/\/i0.wp.com\/francaclassificados.com\/\/source\/view\/img\/18w50.png?resize=25%2C25&#038;ssl=1\" alt=\"Imagem compartilhar facebook\"\/><\/p>\n<\/p><\/div>\n<p>    <script async=\"\" src=\"https:\/\/pagead2.googlesyndication.com\/pagead\/js\/adsbygoogle.js?client=ca-pub-2853392113352629\" crossorigin=\"anonymous\"\/>\n    <ins class=\"adsbygoogle\" style=\"display:block\" data-ad-client=\"ca-pub-2853392113352629\" data-ad-slot=\"2925831803\" data-ad-format=\"auto\" data-full-width-responsive=\"true\"\/>\n    <script><![CDATA[\n    (adsbygoogle = window.adsbygoogle || []).push({});\n    ]]><\/script><\/p>\n<div class=\"emp\">\n<p>\n            CONTRATA<br \/>. Auxiliar de Prepara\u00e7\u00e3o .Dobradeira \u00e1 M\u00e1quina . Auxiliar de Montagem ( pregar palmilha ) . Auxiliar de Plancheamento (atacador e bucha) .Blaqueador Fundo e Lateral Interessados enviar curriculum para rua Ol\u00edvio Fenath 281 Distrito Industrial\n            <\/p>\n<p><strong>Compartilhe:<\/strong><\/p>\n<p>                <img data-recalc-dims=\"1\" loading=\"lazy\" decoding=\"async\" width=\"25\" height=\"25\" src=\"https:\/\/i0.wp.com\/francaclassificados.com\/\/source\/view\/img\/20w50.png?resize=25%2C25&#038;ssl=1\" alt=\"Imagem compartilhar whatsapp\"\/><\/p>\n<p>                <img data-recalc-dims=\"1\" loading=\"lazy\" decoding=\"async\" width=\"25\" height=\"25\" src=\"https:\/\/i0.wp.com\/francaclassificados.com\/\/source\/view\/img\/18w50.png?resize=25%2C25&#038;ssl=1\" alt=\"Imagem compartilhar facebook\"\/><\/p>\n<\/p><\/div>\n<div class=\"emp\">\n<p>\n            AG\u00caNCIA DE MARKETING CONTRATA<br \/>Videomaker: Capta\u00e7\u00e3o, edi\u00e7\u00e3o e finaliza\u00e7\u00e3o de materiais audiovisuais. \/ Social Media: Respons\u00e1vel pela gest\u00e3o e estrat\u00e9gias dos perfis de redes sociais, planejando, criando, programando e atualizando conte\u00fado de diversos clientes. \/ Assistente Marketplace: Cadastrar produtos nas plataformas, subir e alterar material, an\u00e1lise de vendas e site, fazer atendimento, etc. \/ Necess\u00e1rio experi\u00eancia comprovada na \u00e1rea. Interessados enviar curr\u00edculo para izabella@pugweb.com\n            <\/p>\n<p><strong>Compartilhe:<\/strong><\/p>\n<p>                <img data-recalc-dims=\"1\" loading=\"lazy\" decoding=\"async\" width=\"25\" height=\"25\" src=\"https:\/\/i0.wp.com\/francaclassificados.com\/\/source\/view\/img\/20w50.png?resize=25%2C25&#038;ssl=1\" alt=\"Imagem compartilhar whatsapp\"\/><\/p>\n<p>                <img data-recalc-dims=\"1\" loading=\"lazy\" decoding=\"async\" width=\"25\" height=\"25\" src=\"https:\/\/i0.wp.com\/francaclassificados.com\/\/source\/view\/img\/18w50.png?resize=25%2C25&#038;ssl=1\" alt=\"Imagem compartilhar facebook\"\/><\/p>\n<\/p><\/div>\n<p>    <script async=\"\" src=\"https:\/\/pagead2.googlesyndication.com\/pagead\/js\/adsbygoogle.js?client=ca-pub-2853392113352629\" crossorigin=\"anonymous\"\/>\n    <ins class=\"adsbygoogle\" style=\"display:block\" data-ad-client=\"ca-pub-2853392113352629\" data-ad-slot=\"2925831803\" data-ad-format=\"auto\" data-full-width-responsive=\"true\"\/>\n    <script><![CDATA[\n    (adsbygoogle = window.adsbygoogle || []).push({});\n    ]]><\/script><\/p>\n<div class=\"emp\">\n<p>\n            ATENDENTE DE E-COMMERCE<br \/>Contrata-se atendente para e-commerce e loja f\u00edsica em per\u00edodo integral CLT. REQUISITOS: - Conhecimento em Inform\u00e1tica - Boa Comunica\u00e7\u00e3o Escrita - Ensino M\u00e9dio Completo. Enviar curr\u00edculo para: curriculorjg@gmail.com\n            <\/p>\n<p><strong>Compartilhe:<\/strong><\/p>\n<p>                <img data-recalc-dims=\"1\" loading=\"lazy\" decoding=\"async\" width=\"25\" height=\"25\" src=\"https:\/\/i0.wp.com\/francaclassificados.com\/\/source\/view\/img\/20w50.png?resize=25%2C25&#038;ssl=1\" alt=\"Imagem compartilhar whatsapp\"\/><\/p>\n<p>                <img data-recalc-dims=\"1\" loading=\"lazy\" decoding=\"async\" width=\"25\" height=\"25\" src=\"https:\/\/i0.wp.com\/francaclassificados.com\/\/source\/view\/img\/18w50.png?resize=25%2C25&#038;ssl=1\" alt=\"Imagem compartilhar facebook\"\/><\/p>\n<\/p><\/div>\n<div class=\"emp\">\n<p>\n            AUXILIAR DE PRODU\u00c7\u00c3O<br \/>Contrata-se auxiliar de produ\u00e7\u00e3o para confec\u00e7\u00e3o que fabrica moletom, bermudas e camisetas, trabalho de segunda a sexta feira ( 07h10 - 17h00). Requisitos: Ter experi\u00eancia comprovada em carteira. Ser\u00e1 um diferencial: ser proativo e ter facilidade em aprender. Enviar curr\u00edculos para: vagasdetrabalhofranca@gmail.com\n            <\/p>\n<p><strong>Compartilhe:<\/strong><\/p>\n<p>                <img data-recalc-dims=\"1\" loading=\"lazy\" decoding=\"async\" width=\"25\" height=\"25\" src=\"https:\/\/i0.wp.com\/francaclassificados.com\/\/source\/view\/img\/20w50.png?resize=25%2C25&#038;ssl=1\" alt=\"Imagem compartilhar whatsapp\"\/><\/p>\n<p>                <img data-recalc-dims=\"1\" loading=\"lazy\" decoding=\"async\" width=\"25\" height=\"25\" src=\"https:\/\/i0.wp.com\/francaclassificados.com\/\/source\/view\/img\/18w50.png?resize=25%2C25&#038;ssl=1\" alt=\"Imagem compartilhar facebook\"\/><\/p>\n<\/p><\/div>\n<p>    <script async=\"\" src=\"https:\/\/pagead2.googlesyndication.com\/pagead\/js\/adsbygoogle.js?client=ca-pub-2853392113352629\" crossorigin=\"anonymous\"\/>\n    <ins class=\"adsbygoogle\" style=\"display:block\" data-ad-client=\"ca-pub-2853392113352629\" data-ad-slot=\"2925831803\" data-ad-format=\"auto\" data-full-width-responsive=\"true\"\/>\n    <script><![CDATA[\n    (adsbygoogle = window.adsbygoogle || []).push({});\n    ]]><\/script><\/p>\n<div class=\"emp\">\n<p>\n            AUXILIAR CONT\u00c1BIL<br \/>Escrit\u00f3rio contrata Auxiliar Cont\u00e1bil em Franca - SP, com conhecimento das rotinas do setor (Escritura\u00e7\u00e3o cont\u00e1bil, concilia\u00e7\u00e3o, lan\u00e7amentos de impostos e apura\u00e7\u00f5es, entrega de declara\u00e7\u00f5es - DCTF, PerdComp, Sped ECD e ECF - e experi\u00eancia em fechamentos do Lucro Real). Experi\u00eancia em escrit\u00f3rio cont\u00e1bil ser\u00e1 um diferencial. Sal\u00e1rio + Vale Alimenta\u00e7\u00e3o. Interessados enviar curr\u00edculo para o e-mail: contabilescritorio.dp@gmail.com\n            <\/p>\n<p><strong>Compartilhe:<\/strong><\/p>\n<p>                <img data-recalc-dims=\"1\" loading=\"lazy\" decoding=\"async\" width=\"25\" height=\"25\" src=\"https:\/\/i0.wp.com\/francaclassificados.com\/\/source\/view\/img\/20w50.png?resize=25%2C25&#038;ssl=1\" alt=\"Imagem compartilhar whatsapp\"\/><\/p>\n<p>                <img data-recalc-dims=\"1\" loading=\"lazy\" decoding=\"async\" width=\"25\" height=\"25\" src=\"https:\/\/i0.wp.com\/francaclassificados.com\/\/source\/view\/img\/18w50.png?resize=25%2C25&#038;ssl=1\" alt=\"Imagem compartilhar facebook\"\/><\/p>\n<\/p><\/div>\n<div class=\"emp\">\n<p>\n            MONTADOR DE ACESS\u00d3RIOS<br \/>Principais responsabilidades: Auxiliar na montagem de acess\u00f3rios para lavadoras de alta press\u00e3o e nos processos internos do setor. Requisitos: Ensino M\u00e9dio Completo, Viv\u00eancia em \u00c1rea Operacional ser\u00e1 diferencial. Hor\u00e1rio de Trabalho: Seg \u00e0 Sex: 07h \u00e0s 16:12h Sab: 08h \u00e0s 11h. Sal\u00e1rio:1899,20 + R$ 250,00 VR. Interessados encaminhar cv para:<br \/>\n            <br \/>rhpontodasmangueiras@gmail.com com o assunto: VAGA MONTADOR DE ACESSORIOS\n            <\/p>\n<p><strong>Compartilhe:<\/strong><\/p>\n<p>                <img data-recalc-dims=\"1\" loading=\"lazy\" decoding=\"async\" width=\"25\" height=\"25\" src=\"https:\/\/i0.wp.com\/francaclassificados.com\/\/source\/view\/img\/20w50.png?resize=25%2C25&#038;ssl=1\" alt=\"Imagem compartilhar whatsapp\"\/><\/p>\n<p>                <img data-recalc-dims=\"1\" loading=\"lazy\" decoding=\"async\" width=\"25\" height=\"25\" src=\"https:\/\/i0.wp.com\/francaclassificados.com\/\/source\/view\/img\/18w50.png?resize=25%2C25&#038;ssl=1\" alt=\"Imagem compartilhar facebook\"\/><\/p>\n<\/p><\/div>\n<p>    <script async=\"\" src=\"https:\/\/pagead2.googlesyndication.com\/pagead\/js\/adsbygoogle.js?client=ca-pub-2853392113352629\" crossorigin=\"anonymous\"\/>\n    <ins class=\"adsbygoogle\" style=\"display:block\" data-ad-client=\"ca-pub-2853392113352629\" data-ad-slot=\"2925831803\" data-ad-format=\"auto\" data-full-width-responsive=\"true\"\/>\n    <script><![CDATA[\n    (adsbygoogle = window.adsbygoogle || []).push({});\n    ]]><\/script><\/p>\n<div class=\"emp\">\n<p>\n            Contrata-se especialista em marketing ou moda, que tenha experi\u00eancia em atendimento ao cliente, redes sociais e no\u00e7\u00e3o b\u00e1sica de fotografia. Caso se encaixe nos requisitos, enviar curr\u00edculo para o n\u00famero (16)98112-5759 whatsapp aos cuidados de Eleonora.\n            <\/p>\n<p><strong>Compartilhe:<\/strong><\/p>\n<p>                <img data-recalc-dims=\"1\" loading=\"lazy\" decoding=\"async\" width=\"25\" height=\"25\" src=\"https:\/\/i0.wp.com\/francaclassificados.com\/\/source\/view\/img\/20w50.png?resize=25%2C25&#038;ssl=1\" alt=\"Imagem compartilhar whatsapp\"\/><\/p>\n<p>                <img data-recalc-dims=\"1\" loading=\"lazy\" decoding=\"async\" width=\"25\" height=\"25\" src=\"https:\/\/i0.wp.com\/francaclassificados.com\/\/source\/view\/img\/18w50.png?resize=25%2C25&#038;ssl=1\" alt=\"Imagem compartilhar facebook\"\/><\/p>\n<\/p><\/div>\n<div class=\"emp\">\n<p>\n            Industria de Cal\u00e7ados Feminino Contrata: Montador Manual (feminino), Apontador de Sola, Revisor final, todos com experi\u00eancia, interessados enviar curr\u00edculo para Rua M\u00e9xico, 1166, jd.Consola\u00e7\u00e3o ou pelo e-mail: compras.quasacalcados@gmail.com\n            <\/p>\n<p><strong>Compartilhe:<\/strong><\/p>\n<p>                <img data-recalc-dims=\"1\" loading=\"lazy\" decoding=\"async\" width=\"25\" height=\"25\" src=\"https:\/\/i0.wp.com\/francaclassificados.com\/\/source\/view\/img\/20w50.png?resize=25%2C25&#038;ssl=1\" alt=\"Imagem compartilhar whatsapp\"\/><\/p>\n<p>                <img data-recalc-dims=\"1\" loading=\"lazy\" decoding=\"async\" width=\"25\" height=\"25\" src=\"https:\/\/i0.wp.com\/francaclassificados.com\/\/source\/view\/img\/18w50.png?resize=25%2C25&#038;ssl=1\" alt=\"Imagem compartilhar facebook\"\/><\/p>\n<\/p><\/div>\n<p>    <script async=\"\" src=\"https:\/\/pagead2.googlesyndication.com\/pagead\/js\/adsbygoogle.js?client=ca-pub-2853392113352629\" crossorigin=\"anonymous\"\/>\n    <ins class=\"adsbygoogle\" style=\"display:block\" data-ad-client=\"ca-pub-2853392113352629\" data-ad-slot=\"2925831803\" data-ad-format=\"auto\" data-full-width-responsive=\"true\"\/>\n    <script><![CDATA[\n    (adsbygoogle = window.adsbygoogle || []).push({});\n    ]]><\/script><\/p>\n<div class=\"emp\">\n<p>\n            IND\u00daSTRIA DE CAL\u00c7ADOS CONTRATA PARA IN\u00cdCIO IMEDIATO RISCADOR DE SOLA \/ LIXADOR COM EXPERI\u00caNCIA, ESTAMOS EM BUSCA DE UM PERFIL RESPONSAVEL E COMPROMETIDO. INTERESSADOS ENVIAR CURRICULO WHATSAPP 16 3721 8372 OU ENTREGAR CURRICULO NO ENDERE\u00c7O RUA HIPOLITO ANTONIO PINHEIRO,3810 - JARDIM INTEGRA\u00c7\u00c3O\n            <\/p>\n<p><strong>Compartilhe:<\/strong><\/p>\n<p>                <img data-recalc-dims=\"1\" loading=\"lazy\" decoding=\"async\" width=\"25\" height=\"25\" src=\"https:\/\/i0.wp.com\/francaclassificados.com\/\/source\/view\/img\/20w50.png?resize=25%2C25&#038;ssl=1\" alt=\"Imagem compartilhar whatsapp\"\/><\/p>\n<p>                <img data-recalc-dims=\"1\" loading=\"lazy\" decoding=\"async\" width=\"25\" height=\"25\" src=\"https:\/\/i0.wp.com\/francaclassificados.com\/\/source\/view\/img\/18w50.png?resize=25%2C25&#038;ssl=1\" alt=\"Imagem compartilhar facebook\"\/><\/p>\n<\/p><\/div>\n<div class=\"emp\">\n<p>\n            OPERADOR DE CALDEIRA<br \/>ESTAMOS CONTRATANDO OPERADOR DE CALDEIRA, CONTROLA UMA CALDEIRA A LENHA, ABASTECENDO PERIODICAMENTE. QUANDO NECESSARIO REALIZA A LIMPEZA. REABASTECENDO DE HORA EM HORA, VERIFICA A PRESSAO, E QUE TENHA CERTIFICADO DE CALDEIRA. ENTREGAR CURRICULO NA AV. ALBERTO PULICANO, 3333 \u2013 DISTRITO INDUSTRIAL, HORARIO DA 08H AS 10H OU ENVIAR E-MAIL PARA selecao@cdtorre.com.br\n            <\/p>\n<p><strong>Compartilhe:<\/strong><\/p>\n<p>                <img data-recalc-dims=\"1\" loading=\"lazy\" decoding=\"async\" width=\"25\" height=\"25\" src=\"https:\/\/i0.wp.com\/francaclassificados.com\/\/source\/view\/img\/20w50.png?resize=25%2C25&#038;ssl=1\" alt=\"Imagem compartilhar whatsapp\"\/><\/p>\n<p>                <img data-recalc-dims=\"1\" loading=\"lazy\" decoding=\"async\" width=\"25\" height=\"25\" src=\"https:\/\/i0.wp.com\/francaclassificados.com\/\/source\/view\/img\/18w50.png?resize=25%2C25&#038;ssl=1\" alt=\"Imagem compartilhar facebook\"\/><\/p>\n<\/p><\/div>\n<p>    <script async=\"\" src=\"https:\/\/pagead2.googlesyndication.com\/pagead\/js\/adsbygoogle.js?client=ca-pub-2853392113352629\" crossorigin=\"anonymous\"\/>\n    <ins class=\"adsbygoogle\" style=\"display:block\" data-ad-client=\"ca-pub-2853392113352629\" data-ad-slot=\"2925831803\" data-ad-format=\"auto\" data-full-width-responsive=\"true\"\/>\n    <script><![CDATA[\n    (adsbygoogle = window.adsbygoogle || []).push({});\n    ]]><\/script><\/p>\n<div class=\"emp\">\n<p>\n            AUXILIAR DE PRODU\u00c7\u00c3O<br \/>Contrata-se auxiliar de produ\u00e7\u00e3o, para produzir toldos e persianas, com idade acima de 18 anos. Atividades: Cortar tecidos e lonas, auxiliar na montagem e embalar. Sal\u00e1rio R$ 1.900,00 + Vale Alimenta\u00e7\u00e3o de R$ 150,00. Interessados enviar curr\u00edculo para vagasselecaofranca@gmail.com\n            <\/p>\n<p><strong>Compartilhe:<\/strong><\/p>\n<p>                <img data-recalc-dims=\"1\" loading=\"lazy\" decoding=\"async\" width=\"25\" height=\"25\" src=\"https:\/\/i0.wp.com\/francaclassificados.com\/\/source\/view\/img\/20w50.png?resize=25%2C25&#038;ssl=1\" alt=\"Imagem compartilhar whatsapp\"\/><\/p>\n<p>                <img data-recalc-dims=\"1\" loading=\"lazy\" decoding=\"async\" width=\"25\" height=\"25\" src=\"https:\/\/i0.wp.com\/francaclassificados.com\/\/source\/view\/img\/18w50.png?resize=25%2C25&#038;ssl=1\" alt=\"Imagem compartilhar facebook\"\/><\/p>\n<\/p><\/div>\n<div class=\"emp\">\n<p>\n            Estamos com \u00f3timas oportunidades para atua\u00e7\u00e3o na ind\u00fastria. Temos vaga para Assistente PCP para atua\u00e7\u00e3o em F\u00e1brica de T\u00eanis (Sal\u00e1rio CLT + Bonus + V.T). Desej\u00e1vel experi\u00eancia no setor cal\u00e7adista, dominar fazer custos em geral, conhecer o processo produtivo. Ind\u00fastrica com marca pr\u00f3pria de boa refer\u00eancia no mercado. Temos vaga para Passderia de Roupas que vai trabalhar em empresa especializada em lavanderia (Sal\u00e1rio CLT + V.A + V.T) Curr\u00edculos rhdequalidade@gmail.com\n            <\/p>\n<p><strong>Compartilhe:<\/strong><\/p>\n<p>                <img data-recalc-dims=\"1\" loading=\"lazy\" decoding=\"async\" width=\"25\" height=\"25\" src=\"https:\/\/i0.wp.com\/francaclassificados.com\/\/source\/view\/img\/20w50.png?resize=25%2C25&#038;ssl=1\" alt=\"Imagem compartilhar whatsapp\"\/><\/p>\n<p>                <img data-recalc-dims=\"1\" loading=\"lazy\" decoding=\"async\" width=\"25\" height=\"25\" src=\"https:\/\/i0.wp.com\/francaclassificados.com\/\/source\/view\/img\/18w50.png?resize=25%2C25&#038;ssl=1\" alt=\"Imagem compartilhar facebook\"\/><\/p>\n<\/p><\/div>\n<p>    <script async=\"\" src=\"https:\/\/pagead2.googlesyndication.com\/pagead\/js\/adsbygoogle.js?client=ca-pub-2853392113352629\" crossorigin=\"anonymous\"\/>\n    <ins class=\"adsbygoogle\" style=\"display:block\" data-ad-client=\"ca-pub-2853392113352629\" data-ad-slot=\"2925831803\" data-ad-format=\"auto\" data-full-width-responsive=\"true\"\/>\n    <script><![CDATA[\n    (adsbygoogle = window.adsbygoogle || []).push({});\n    ]]><\/script><\/p>\n<div class=\"emp\">\n<p>\n            Contrata-se Coladeira De Pe\u00e7a Para Bolsas, salario 1979,50 com registro na carteira, que tenha realmente experiencia, nos contate via (16) 981372572 ou leve o curriculo pessoalmente na Rua Alexandre Dau, 3251 Prolongamento Vila Santa Cruz.\n            <\/p>\n<p><strong>Compartilhe:<\/strong><\/p>\n<p>                <img data-recalc-dims=\"1\" loading=\"lazy\" decoding=\"async\" width=\"25\" height=\"25\" src=\"https:\/\/i0.wp.com\/francaclassificados.com\/\/source\/view\/img\/20w50.png?resize=25%2C25&#038;ssl=1\" alt=\"Imagem compartilhar whatsapp\"\/><\/p>\n<p>                <img data-recalc-dims=\"1\" loading=\"lazy\" decoding=\"async\" width=\"25\" height=\"25\" src=\"https:\/\/i0.wp.com\/francaclassificados.com\/\/source\/view\/img\/18w50.png?resize=25%2C25&#038;ssl=1\" alt=\"Imagem compartilhar facebook\"\/><\/p>\n<\/p><\/div>\n<div class=\"emp\">\n<p>\n            Cl\u00ednica odontol\u00f3gica contrata Auxiliar Administrativo, com experi\u00eancia.<br \/>Inicio imediato.<br \/>Enviar curr\u00edculos para o e-mail : clinicaodontologicamb@hotmail.com\n            <\/p>\n<p><strong>Compartilhe:<\/strong><\/p>\n<p>                <img data-recalc-dims=\"1\" loading=\"lazy\" decoding=\"async\" width=\"25\" height=\"25\" src=\"https:\/\/i0.wp.com\/francaclassificados.com\/\/source\/view\/img\/20w50.png?resize=25%2C25&#038;ssl=1\" alt=\"Imagem compartilhar whatsapp\"\/><\/p>\n<p>                <img data-recalc-dims=\"1\" loading=\"lazy\" decoding=\"async\" width=\"25\" height=\"25\" src=\"https:\/\/i0.wp.com\/francaclassificados.com\/\/source\/view\/img\/18w50.png?resize=25%2C25&#038;ssl=1\" alt=\"Imagem compartilhar facebook\"\/><\/p>\n<\/p><\/div>\n<p>    <script async=\"\" src=\"https:\/\/pagead2.googlesyndication.com\/pagead\/js\/adsbygoogle.js?client=ca-pub-2853392113352629\" crossorigin=\"anonymous\"\/>\n    <ins class=\"adsbygoogle\" style=\"display:block\" data-ad-client=\"ca-pub-2853392113352629\" data-ad-slot=\"2925831803\" data-ad-format=\"auto\" data-full-width-responsive=\"true\"\/>\n    <script><![CDATA[\n    (adsbygoogle = window.adsbygoogle || []).push({});\n    ]]><\/script><\/p>\n<div class=\"emp\">\n<p>\n            AUX DE PRODU\u00c7\u00c3O | LIMPEZA - ALIMENTA\u00c7\u00c3O<br \/>Ind\u00fastria de alimentos admite-se em 2 VAGAS para in\u00edcio imediato AUXILIAR DE PRODU\u00c7\u00c3O E AUXILIAR DE LIMPESA, com ou sem experi\u00eancia. Segunda a sexta da 08:00 as 17:00 e s\u00e1bado da 08:00 as 15:00 Interessados encaminhar Curriculum para o e-mail: dp.contratacao.vagas@hotmail.com, COM O TITULO DA VAGA PRETENDIDA.\n            <\/p>\n<p><strong>Compartilhe:<\/strong><\/p>\n<p>                <img data-recalc-dims=\"1\" loading=\"lazy\" decoding=\"async\" width=\"25\" height=\"25\" src=\"https:\/\/i0.wp.com\/francaclassificados.com\/\/source\/view\/img\/20w50.png?resize=25%2C25&#038;ssl=1\" alt=\"Imagem compartilhar whatsapp\"\/><\/p>\n<p>                <img data-recalc-dims=\"1\" loading=\"lazy\" decoding=\"async\" width=\"25\" height=\"25\" src=\"https:\/\/i0.wp.com\/francaclassificados.com\/\/source\/view\/img\/18w50.png?resize=25%2C25&#038;ssl=1\" alt=\"Imagem compartilhar facebook\"\/><\/p>\n<\/p><\/div>\n<div class=\"emp\">\n<p>\n            Contrata-se banca de costura com experiencia em roupas fitness (muito bem remunerado).Interessados enviar curriculo para curriculovagasf1@gmail.com\n            <\/p>\n<p><strong>Compartilhe:<\/strong><\/p>\n<p>                <img data-recalc-dims=\"1\" loading=\"lazy\" decoding=\"async\" width=\"25\" height=\"25\" src=\"https:\/\/i0.wp.com\/francaclassificados.com\/\/source\/view\/img\/20w50.png?resize=25%2C25&#038;ssl=1\" alt=\"Imagem compartilhar whatsapp\"\/><\/p>\n<p>                <img data-recalc-dims=\"1\" loading=\"lazy\" decoding=\"async\" width=\"25\" height=\"25\" src=\"https:\/\/i0.wp.com\/francaclassificados.com\/\/source\/view\/img\/18w50.png?resize=25%2C25&#038;ssl=1\" alt=\"Imagem compartilhar facebook\"\/><\/p>\n<\/p><\/div>\n<p>    <script async=\"\" src=\"https:\/\/pagead2.googlesyndication.com\/pagead\/js\/adsbygoogle.js?client=ca-pub-2853392113352629\" crossorigin=\"anonymous\"\/>\n    <ins class=\"adsbygoogle\" style=\"display:block\" data-ad-client=\"ca-pub-2853392113352629\" data-ad-slot=\"2925831803\" data-ad-format=\"auto\" data-full-width-responsive=\"true\"\/>\n    <script><![CDATA[\n    (adsbygoogle = window.adsbygoogle || []).push({});\n    ]]><\/script><\/p>\n<div class=\"emp\">\n<p>\n            ANALISTA FISCAL<br \/>Escrit\u00f3rio de contabilidade contrata analista fiscal. Conhecimento das rotinas fiscais \u00e9 indispens\u00e1vel, conhecimento no sistema alterdata \u00e9 um diferencial. Interessados enviarem curr\u00edculo com assunto FISCAL para o e-mail contato@gconcontabilidade.com.br\n            <\/p>\n<p><strong>Compartilhe:<\/strong><\/p>\n<p>                <img data-recalc-dims=\"1\" loading=\"lazy\" decoding=\"async\" width=\"25\" height=\"25\" src=\"https:\/\/i0.wp.com\/francaclassificados.com\/\/source\/view\/img\/20w50.png?resize=25%2C25&#038;ssl=1\" alt=\"Imagem compartilhar whatsapp\"\/><\/p>\n<p>                <img data-recalc-dims=\"1\" loading=\"lazy\" decoding=\"async\" width=\"25\" height=\"25\" src=\"https:\/\/i0.wp.com\/francaclassificados.com\/\/source\/view\/img\/18w50.png?resize=25%2C25&#038;ssl=1\" alt=\"Imagem compartilhar facebook\"\/><\/p>\n<\/p><\/div>\n<div class=\"emp\">\n<p>\n            DESIGNER REDES SOCIAIS<br \/>Designer de Fotos e V\u00eddeos para Redes Sociais. Estamos em expans\u00e3o e buscando um talento excepcional para integrar nossa equipe criativa. Procuramos um Designer de Fotos e V\u00eddeos com experi\u00eancia comprovada e habilidades avan\u00e7adas em edi\u00e7\u00e3o, para criar conte\u00fados inovadores e impactantes para nossas campanhas nas redes sociais. Enviar curr\u00edculo por e-mail. contato@jlimoveisfranca.com.br\n            <\/p>\n<p><strong>Compartilhe:<\/strong><\/p>\n<p>                <img data-recalc-dims=\"1\" loading=\"lazy\" decoding=\"async\" width=\"25\" height=\"25\" src=\"https:\/\/i0.wp.com\/francaclassificados.com\/\/source\/view\/img\/20w50.png?resize=25%2C25&#038;ssl=1\" alt=\"Imagem compartilhar whatsapp\"\/><\/p>\n<p>                <img data-recalc-dims=\"1\" loading=\"lazy\" decoding=\"async\" width=\"25\" height=\"25\" src=\"https:\/\/i0.wp.com\/francaclassificados.com\/\/source\/view\/img\/18w50.png?resize=25%2C25&#038;ssl=1\" alt=\"Imagem compartilhar facebook\"\/><\/p>\n<\/p><\/div>\n<p>    <script async=\"\" src=\"https:\/\/pagead2.googlesyndication.com\/pagead\/js\/adsbygoogle.js?client=ca-pub-2853392113352629\" crossorigin=\"anonymous\"\/>\n    <ins class=\"adsbygoogle\" style=\"display:block\" data-ad-client=\"ca-pub-2853392113352629\" data-ad-slot=\"2925831803\" data-ad-format=\"auto\" data-full-width-responsive=\"true\"\/>\n    <script><![CDATA[\n    (adsbygoogle = window.adsbygoogle || []).push({});\n    ]]><\/script><\/p>\n<div class=\"emp\">\n<p>\n            VENDEDORA<br \/>Loja no seguimento de (cal\u00e7ados e confec\u00e7\u00f5es) busca vendedora, idade m\u00ednima 18 anos, ensino m\u00e9dio completo, inform\u00e1tica b\u00e1sica, que seja proativa, comunicativa, organizada, tenha disponibilidade de hor\u00e1rio, VAGA FIXA. Interessadas enviar curr\u00edculo com foto para: recrutamento@contabi.com.\n            <\/p>\n<p><strong>Compartilhe:<\/strong><\/p>\n<p>                <img data-recalc-dims=\"1\" loading=\"lazy\" decoding=\"async\" width=\"25\" height=\"25\" src=\"https:\/\/i0.wp.com\/francaclassificados.com\/\/source\/view\/img\/20w50.png?resize=25%2C25&#038;ssl=1\" alt=\"Imagem compartilhar whatsapp\"\/><\/p>\n<p>                <img data-recalc-dims=\"1\" loading=\"lazy\" decoding=\"async\" width=\"25\" height=\"25\" src=\"https:\/\/i0.wp.com\/francaclassificados.com\/\/source\/view\/img\/18w50.png?resize=25%2C25&#038;ssl=1\" alt=\"Imagem compartilhar facebook\"\/><\/p>\n<\/p><\/div>\n<div class=\"emp\">\n<p>\n            INDUSTRIA DE BORRACHA CONTRATA PARA INICIO IMEDIATO: AUXILIAR DE PRODU\u00c7AO, OPERADOR EMPILHADEIRA, OPERADOR DE MAQUINA E BAMBURISTA INTERESSADO ENVIAR CURR\u00cdCULOS WHATSAPP 16-99287-5362\n            <\/p>\n<p><strong>Compartilhe:<\/strong><\/p>\n<p>                <img data-recalc-dims=\"1\" loading=\"lazy\" decoding=\"async\" width=\"25\" height=\"25\" src=\"https:\/\/i0.wp.com\/francaclassificados.com\/\/source\/view\/img\/20w50.png?resize=25%2C25&#038;ssl=1\" alt=\"Imagem compartilhar whatsapp\"\/><\/p>\n<p>                <img data-recalc-dims=\"1\" loading=\"lazy\" decoding=\"async\" width=\"25\" height=\"25\" src=\"https:\/\/i0.wp.com\/francaclassificados.com\/\/source\/view\/img\/18w50.png?resize=25%2C25&#038;ssl=1\" alt=\"Imagem compartilhar facebook\"\/><\/p>\n<\/p><\/div>\n<p>    <img data-recalc-dims=\"1\" decoding=\"async\" src=\"https:\/\/i0.wp.com\/francaclassificados.com\/\/source\/view\/img\/anun6.png?ssl=1\" class=\"img-fluid pub\" alt=\"Imagem publicidade\"\/><\/p>\n<p>\n    <script async=\"\" src=\"https:\/\/pagead2.googlesyndication.com\/pagead\/js\/adsbygoogle.js?client=ca-pub-2853392113352629\" crossorigin=\"anonymous\"\/> <!--block 2-->\n    <ins class=\"adsbygoogle\" style=\"display:block\" data-ad-format=\"autorelaxed\" data-ad-client=\"ca-pub-2853392113352629\" data-ad-slot=\"3674222755\"\/>\n    <script><![CDATA[\n    (adsbygoogle = window.adsbygoogle || []).push({});\n    ]]><\/script><br \/>\n    \n<\/div>\n<div class='code-block code-block-4' style='margin: 8px auto 8px 0; text-align: left; display: block; clear: both;'>\n\ud83d\udce2 Aviso Legal\n\nO site ismaelcolosi.com.br atua apenas como um canal de divulga\u00e7\u00e3o de oportunidades de emprego e n\u00e3o se responsabiliza pelo processo seletivo, contrata\u00e7\u00e3o ou qualquer outra etapa relacionada \u00e0s vagas publicadas. Todas as informa\u00e7\u00f5es s\u00e3o de responsabilidade dos anunciantes.\n\n\u26a0\ufe0f Aten\u00e7\u00e3o! Nunca pague por promessas de emprego nem compre cursos que garantam contrata\u00e7\u00e3o. Desconfie de qualquer cobran\u00e7a para participar de sele\u00e7\u00f5es.\n\n\n\n<\/div>\n<!-- CONTENT END 1 -->\n","protected":false},"excerpt":{"rendered":"<p>PRECISA-SE DE PESPONTADOR COM PRATICA EM M\u00c1QUINA ELETR\u00d4NICA E COLADEIRA DE PE\u00c7AS NO BAIRRO PALESTINA \u2013 98872-0366. Compartilhe: PRECISA-SE DE PESPONTADOR DE AMOSTRAS. INTERESSADOS COMPARECER&#8230;<\/p>\n","protected":false},"author":1,"featured_media":54674,"comment_status":"open","ping_status":"open","sticky":false,"template":"","format":"standard","meta":{"_uag_custom_page_level_css":"","advanced_seo_description":"","jetpack_seo_html_title":"","jetpack_seo_noindex":false,"jetpack_post_was_ever_published":false,"_jetpack_newsletter_access":"","_jetpack_dont_email_post_to_subs":false,"_jetpack_newsletter_tier_id":0,"_jetpack_memberships_contains_paywalled_content":false,"_jetpack_memberships_contains_paid_content":false,"footnotes":"","jetpack_publicize_message":"","jetpack_publicize_feature_enabled":true,"jetpack_social_post_already_shared":true,"jetpack_social_options":{"image_generator_settings":{"template":"highway","default_image_id":0,"font":"","enabled":false},"version":2}},"categories":[7],"tags":[],"class_list":["post-54673","post","type-post","status-publish","format-standard","has-post-thumbnail","hentry","category-vagas-de-empregos-em-ribeirao-preto-regiao-brasil"],"jetpack_publicize_connections":[],"jetpack_featured_media_url":"https:\/\/i0.wp.com\/ismaelcolosi.com.br\/wp-content\/uploads\/2024\/06\/1719476628_vagas2Bemprego2Bismael2Bcolosi2B2020.jpeg?fit=651%2C447&ssl=1","uagb_featured_image_src":{"full":["https:\/\/i0.wp.com\/ismaelcolosi.com.br\/wp-content\/uploads\/2024\/06\/1719476628_vagas2Bemprego2Bismael2Bcolosi2B2020.jpeg?fit=651%2C447&ssl=1",651,447,false],"thumbnail":["https:\/\/i0.wp.com\/ismaelcolosi.com.br\/wp-content\/uploads\/2024\/06\/1719476628_vagas2Bemprego2Bismael2Bcolosi2B2020.jpeg?resize=150%2C150&ssl=1",150,150,true],"medium":["https:\/\/i0.wp.com\/ismaelcolosi.com.br\/wp-content\/uploads\/2024\/06\/1719476628_vagas2Bemprego2Bismael2Bcolosi2B2020.jpeg?fit=300%2C206&ssl=1",300,206,true],"medium_large":["https:\/\/i0.wp.com\/ismaelcolosi.com.br\/wp-content\/uploads\/2024\/06\/1719476628_vagas2Bemprego2Bismael2Bcolosi2B2020.jpeg?fit=651%2C447&ssl=1",651,447,true],"large":["https:\/\/i0.wp.com\/ismaelcolosi.com.br\/wp-content\/uploads\/2024\/06\/1719476628_vagas2Bemprego2Bismael2Bcolosi2B2020.jpeg?fit=651%2C447&ssl=1",651,447,true],"1536x1536":["https:\/\/i0.wp.com\/ismaelcolosi.com.br\/wp-content\/uploads\/2024\/06\/1719476628_vagas2Bemprego2Bismael2Bcolosi2B2020.jpeg?fit=651%2C447&ssl=1",651,447,true],"2048x2048":["https:\/\/i0.wp.com\/ismaelcolosi.com.br\/wp-content\/uploads\/2024\/06\/1719476628_vagas2Bemprego2Bismael2Bcolosi2B2020.jpeg?fit=651%2C447&ssl=1",651,447,true],"really-simple-thumb":["https:\/\/i0.wp.com\/ismaelcolosi.com.br\/wp-content\/uploads\/2024\/06\/1719476628_vagas2Bemprego2Bismael2Bcolosi2B2020.jpeg?resize=370%2C247&ssl=1",370,247,true]},"uagb_author_info":{"display_name":"ismaelcolosi.com.br","author_link":"https:\/\/ismaelcolosi.com.br\/index.php\/author\/vidareal-online\/"},"uagb_comment_info":0,"uagb_excerpt":"PRECISA-SE DE PESPONTADOR COM PRATICA EM M\u00c1QUINA ELETR\u00d4NICA E COLADEIRA DE PE\u00c7AS NO BAIRRO PALESTINA \u2013 98872-0366. Compartilhe: PRECISA-SE DE PESPONTADOR DE AMOSTRAS. INTERESSADOS COMPARECER...","jetpack-related-posts":[{"id":83195,"url":"https:\/\/ismaelcolosi.com.br\/index.php\/2025\/02\/19\/mais-de-10-vagas-de-emprego-de-recepcionista-em-ribeirao-preto-sp-40\/","url_meta":{"origin":54673,"position":0},"title":"Mais de 10 vagas de emprego de Recepcionista em Ribeir\u00e3o Preto-SP","author":"ismaelcolosi.com.br","date":"19 de February de 2025","format":false,"excerpt":"Secret\u00e1ria Secret\u00e1ria - SP Recepcionista","rel":"","context":"In &quot;Vagas de Emprego em Ribeir\u00e3o Preto-SP&quot;","block_context":{"text":"Vagas de Emprego em Ribeir\u00e3o Preto-SP","link":"https:\/\/ismaelcolosi.com.br\/index.php\/category\/empregos-classificados-vagas-trabalho\/vagas-de-empregos-em-ribeirao-preto-regiao-brasil\/"},"img":{"alt_text":"","src":"https:\/\/i0.wp.com\/ismaelcolosi.com.br\/wp-content\/uploads\/2025\/02\/e8b9e5779e0bd80639e96387162e8114.jpg?fit=550%2C300&ssl=1&resize=350%2C200","width":350,"height":200,"srcset":"https:\/\/i0.wp.com\/ismaelcolosi.com.br\/wp-content\/uploads\/2025\/02\/e8b9e5779e0bd80639e96387162e8114.jpg?fit=550%2C300&ssl=1&resize=350%2C200 1x, https:\/\/i0.wp.com\/ismaelcolosi.com.br\/wp-content\/uploads\/2025\/02\/e8b9e5779e0bd80639e96387162e8114.jpg?fit=550%2C300&ssl=1&resize=525%2C300 1.5x"},"classes":[]},{"id":86483,"url":"https:\/\/ismaelcolosi.com.br\/index.php\/2025\/07\/02\/mais-de-10-vagas-de-emprego-de-recepcionista-em-ribeirao-preto-sp-43\/","url_meta":{"origin":54673,"position":1},"title":"Mais de 10 vagas de emprego de Recepcionista em Ribeir\u00e3o Preto-SP","author":"ismaelcolosi.com.br","date":"2 de July de 2025","format":false,"excerpt":"Secret\u00e1ria Recepcionista Recepcionista - SP","rel":"","context":"In &quot;Vagas de Emprego em Ribeir\u00e3o Preto-SP&quot;","block_context":{"text":"Vagas de Emprego em Ribeir\u00e3o Preto-SP","link":"https:\/\/ismaelcolosi.com.br\/index.php\/category\/empregos-classificados-vagas-trabalho\/vagas-de-empregos-em-ribeirao-preto-regiao-brasil\/"},"img":{"alt_text":"","src":"","width":0,"height":0},"classes":[]},{"id":82711,"url":"https:\/\/ismaelcolosi.com.br\/index.php\/2025\/02\/09\/vagas-de-emprego-para-atendente-em-ribeirao-preto-sp-11\/","url_meta":{"origin":54673,"position":2},"title":"Vagas de emprego para Atendente em Ribeir\u00e3o Preto-SP","author":"ismaelcolosi.com.br","date":"9 de February de 2025","format":false,"excerpt":"ATENDENTE CAIXA ATENDENTE REPOSITOR ATENDENTE REPOSITOR","rel":"","context":"In &quot;Vagas de Emprego em Ribeir\u00e3o Preto-SP&quot;","block_context":{"text":"Vagas de Emprego em Ribeir\u00e3o Preto-SP","link":"https:\/\/ismaelcolosi.com.br\/index.php\/category\/empregos-classificados-vagas-trabalho\/vagas-de-empregos-em-ribeirao-preto-regiao-brasil\/"},"img":{"alt_text":"","src":"https:\/\/i0.wp.com\/ismaelcolosi.com.br\/wp-content\/uploads\/2025\/02\/1739095865_latest.jpeg?fit=1200%2C675&ssl=1&resize=350%2C200","width":350,"height":200,"srcset":"https:\/\/i0.wp.com\/ismaelcolosi.com.br\/wp-content\/uploads\/2025\/02\/1739095865_latest.jpeg?fit=1200%2C675&ssl=1&resize=350%2C200 1x, https:\/\/i0.wp.com\/ismaelcolosi.com.br\/wp-content\/uploads\/2025\/02\/1739095865_latest.jpeg?fit=1200%2C675&ssl=1&resize=525%2C300 1.5x, https:\/\/i0.wp.com\/ismaelcolosi.com.br\/wp-content\/uploads\/2025\/02\/1739095865_latest.jpeg?fit=1200%2C675&ssl=1&resize=700%2C400 2x, https:\/\/i0.wp.com\/ismaelcolosi.com.br\/wp-content\/uploads\/2025\/02\/1739095865_latest.jpeg?fit=1200%2C675&ssl=1&resize=1050%2C600 3x"},"classes":[]},{"id":88620,"url":"https:\/\/ismaelcolosi.com.br\/index.php\/2025\/12\/21\/vagas-de-emprego-para-atendente-em-ribeirao-preto-sp-27\/","url_meta":{"origin":54673,"position":3},"title":"Vagas de emprego para Atendente em Ribeir\u00e3o Preto-SP","author":"ismaelcolosi.com.br","date":"21 de December de 2025","format":false,"excerpt":"Atendente | Cin\u00e9polis Iguatemi Ribeir\u00e3o Preto Atendente\/Caixa ATENDENTE REPOSITOR","rel":"","context":"In &quot;Vagas de Emprego em Ribeir\u00e3o Preto-SP&quot;","block_context":{"text":"Vagas de Emprego em Ribeir\u00e3o Preto-SP","link":"https:\/\/ismaelcolosi.com.br\/index.php\/category\/empregos-classificados-vagas-trabalho\/vagas-de-empregos-em-ribeirao-preto-regiao-brasil\/"},"img":{"alt_text":"","src":"https:\/\/i0.wp.com\/ismaelcolosi.com.br\/wp-content\/uploads\/2025\/12\/Randstad-2-1024x683.jpg?fit=1024%2C683&ssl=1&resize=350%2C200","width":350,"height":200,"srcset":"https:\/\/i0.wp.com\/ismaelcolosi.com.br\/wp-content\/uploads\/2025\/12\/Randstad-2-1024x683.jpg?fit=1024%2C683&ssl=1&resize=350%2C200 1x, https:\/\/i0.wp.com\/ismaelcolosi.com.br\/wp-content\/uploads\/2025\/12\/Randstad-2-1024x683.jpg?fit=1024%2C683&ssl=1&resize=525%2C300 1.5x, https:\/\/i0.wp.com\/ismaelcolosi.com.br\/wp-content\/uploads\/2025\/12\/Randstad-2-1024x683.jpg?fit=1024%2C683&ssl=1&resize=700%2C400 2x"},"classes":[]},{"id":86153,"url":"https:\/\/ismaelcolosi.com.br\/index.php\/2025\/06\/15\/vagas-de-emprego-para-atendente-em-ribeirao-preto-sp-18\/","url_meta":{"origin":54673,"position":4},"title":"Vagas de emprego para Atendente em Ribeir\u00e3o Preto-SP","author":"ismaelcolosi.com.br","date":"15 de June de 2025","format":false,"excerpt":"ATENDENTE REPOSITOR ATENDENTE REPOSITOR ATENDENTE REPOSITOR","rel":"","context":"In &quot;Vagas de Emprego em Ribeir\u00e3o Preto-SP&quot;","block_context":{"text":"Vagas de Emprego em Ribeir\u00e3o Preto-SP","link":"https:\/\/ismaelcolosi.com.br\/index.php\/category\/empregos-classificados-vagas-trabalho\/vagas-de-empregos-em-ribeirao-preto-regiao-brasil\/"},"img":{"alt_text":"","src":"https:\/\/i0.wp.com\/ismaelcolosi.com.br\/wp-content\/uploads\/2025\/06\/Randstad-2-1024x683.jpg?fit=1024%2C683&ssl=1&resize=350%2C200","width":350,"height":200,"srcset":"https:\/\/i0.wp.com\/ismaelcolosi.com.br\/wp-content\/uploads\/2025\/06\/Randstad-2-1024x683.jpg?fit=1024%2C683&ssl=1&resize=350%2C200 1x, https:\/\/i0.wp.com\/ismaelcolosi.com.br\/wp-content\/uploads\/2025\/06\/Randstad-2-1024x683.jpg?fit=1024%2C683&ssl=1&resize=525%2C300 1.5x, https:\/\/i0.wp.com\/ismaelcolosi.com.br\/wp-content\/uploads\/2025\/06\/Randstad-2-1024x683.jpg?fit=1024%2C683&ssl=1&resize=700%2C400 2x"},"classes":[]},{"id":88782,"url":"https:\/\/ismaelcolosi.com.br\/index.php\/2026\/01\/08\/vagas-de-emprego-para-atendente-em-ribeirao-preto-sp-28\/","url_meta":{"origin":54673,"position":5},"title":"Vagas de emprego para Atendente em Ribeir\u00e3o Preto-SP","author":"ismaelcolosi.com.br","date":"8 de January de 2026","format":false,"excerpt":"Atendente | Cin\u00e9polis Iguatemi Ribeir\u00e3o Preto ATENDENTE REPOSITOR ATENDENTE REPOSITOR","rel":"","context":"In &quot;Vagas de Emprego em Ribeir\u00e3o Preto-SP&quot;","block_context":{"text":"Vagas de Emprego em Ribeir\u00e3o Preto-SP","link":"https:\/\/ismaelcolosi.com.br\/index.php\/category\/empregos-classificados-vagas-trabalho\/vagas-de-empregos-em-ribeirao-preto-regiao-brasil\/"},"img":{"alt_text":"","src":"https:\/\/i0.wp.com\/ismaelcolosi.com.br\/wp-content\/uploads\/2026\/01\/Randstad-2-1024x683.jpg?fit=1024%2C683&ssl=1&resize=350%2C200","width":350,"height":200,"srcset":"https:\/\/i0.wp.com\/ismaelcolosi.com.br\/wp-content\/uploads\/2026\/01\/Randstad-2-1024x683.jpg?fit=1024%2C683&ssl=1&resize=350%2C200 1x, https:\/\/i0.wp.com\/ismaelcolosi.com.br\/wp-content\/uploads\/2026\/01\/Randstad-2-1024x683.jpg?fit=1024%2C683&ssl=1&resize=525%2C300 1.5x, https:\/\/i0.wp.com\/ismaelcolosi.com.br\/wp-content\/uploads\/2026\/01\/Randstad-2-1024x683.jpg?fit=1024%2C683&ssl=1&resize=700%2C400 2x"},"classes":[]}],"jetpack_sharing_enabled":true,"jetpack_shortlink":"https:\/\/wp.me\/pfMlyK-edP","_links":{"self":[{"href":"https:\/\/ismaelcolosi.com.br\/index.php\/wp-json\/wp\/v2\/posts\/54673","targetHints":{"allow":["GET"]}}],"collection":[{"href":"https:\/\/ismaelcolosi.com.br\/index.php\/wp-json\/wp\/v2\/posts"}],"about":[{"href":"https:\/\/ismaelcolosi.com.br\/index.php\/wp-json\/wp\/v2\/types\/post"}],"author":[{"embeddable":true,"href":"https:\/\/ismaelcolosi.com.br\/index.php\/wp-json\/wp\/v2\/users\/1"}],"replies":[{"embeddable":true,"href":"https:\/\/ismaelcolosi.com.br\/index.php\/wp-json\/wp\/v2\/comments?post=54673"}],"version-history":[{"count":0,"href":"https:\/\/ismaelcolosi.com.br\/index.php\/wp-json\/wp\/v2\/posts\/54673\/revisions"}],"wp:featuredmedia":[{"embeddable":true,"href":"https:\/\/ismaelcolosi.com.br\/index.php\/wp-json\/wp\/v2\/media\/54674"}],"wp:attachment":[{"href":"https:\/\/ismaelcolosi.com.br\/index.php\/wp-json\/wp\/v2\/media?parent=54673"}],"wp:term":[{"taxonomy":"category","embeddable":true,"href":"https:\/\/ismaelcolosi.com.br\/index.php\/wp-json\/wp\/v2\/categories?post=54673"},{"taxonomy":"post_tag","embeddable":true,"href":"https:\/\/ismaelcolosi.com.br\/index.php\/wp-json\/wp\/v2\/tags?post=54673"}],"curies":[{"name":"wp","href":"https:\/\/api.w.org\/{rel}","templated":true}]}}