{"id":54663,"date":"2024-06-26T20:11:30","date_gmt":"2024-06-26T23:11:30","guid":{"rendered":"https:\/\/ismaelcolosi.com.br\/index.php\/2024\/06\/26\/morre-motorista-envolvido-em-acidente-de-transito-em-rodovia-de-ribeirao-preto\/"},"modified":"2024-06-26T20:11:30","modified_gmt":"2024-06-26T23:11:30","slug":"morre-motorista-envolvido-em-acidente-de-transito-em-rodovia-de-ribeirao-preto","status":"publish","type":"post","link":"https:\/\/ismaelcolosi.com.br\/index.php\/2024\/06\/26\/morre-motorista-envolvido-em-acidente-de-transito-em-rodovia-de-ribeirao-preto\/","title":{"rendered":"Morre motorista envolvido em acidente de tr\u00e2nsito em rodovia de Ribeir\u00e3o Preto"},"content":{"rendered":"<p> <br \/>\n<\/p>\n<div data-td-block-uid=\"tdi_106\">\n<div class=\"tdb-block-inner td-fix-index\">\n<p><strong>Morreu <\/strong>um dos <strong>motoristas envolvidos em um acidente de tr\u00e2nsito <\/strong>na <strong>rodovia Jos\u00e9 Fregonesi (SP-328)<\/strong>, que liga <strong>Ribeir\u00e3o Preto<\/strong> a <strong>Bonfim Paulista<\/strong>, na noite desta quarta-feira (26). <strong>A informa\u00e7\u00e3o foi confirmada pelo Corpo de Bombeiros.<\/strong><\/p>\n<p>Conforme o tenente <strong>Ederson Martins Revelli<\/strong>, dois ve\u00edculos acabaram colidindo e os motoristas <strong>desceram do autom\u00f3vel para conversar sobre o ocorrido<\/strong>. <mark style=\"background-color:#fcb900\" class=\"has-inline-color\">Neste momento, foram atingidos por um <strong>terceiro ve\u00edculo que passava na rodovia.<\/strong><\/mark><\/p>\n<p>Uma das v\u00edtimas morreu e a outra foi socorrida em estado grave. <strong>Ainda n\u00e3o h\u00e1 informa\u00e7\u00f5es sobre a identidade dos envolvidos.<\/strong><\/p>\n<p>Segundo a <strong>Arteris Via Paulista<\/strong>, concession\u00e1ria que administra o trecho, h\u00e1 congestionamento de mais de tr\u00eas quil\u00f4metros e foi necess\u00e1rio realizar a <strong>interdi\u00e7\u00e3o da faixa esquerda<\/strong> \u2013 o fluxo est\u00e1 sendo desviado pelo acostamento.<\/p>\n<p>A <strong>per\u00edcia <\/strong>foi acionada e est\u00e1 no local, junto com <strong>equipes da concession\u00e1ria <\/strong>e da<strong> Pol\u00edcia Militar Rodovi\u00e1ria (PMR)<\/strong>.<\/p>\n<hr class=\"wp-block-separator has-alpha-channel-opacity\"\/>\n<p>SAIBA MAIS<\/p>\n<p>Hospital Santa Lydia de Ribeir\u00e3o abre processo seletivo emergencial com sal\u00e1rio de R$ 7 mil<\/p>\n<h4 class=\"wp-block-heading\"><strong>FIQUE ON<\/strong><\/h4>\n<p>Fique ligado em tudo que acontece em Ribeir\u00e3o Preto e regi\u00e3o. Siga os perfis do\u00a0<strong>acidade on\u00a0<\/strong>no<a href=\"https:\/\/www.instagram.com\/acidadeonribeirao\" target=\"_blank\" rel=\"noreferrer noopener\">\u00a0Instagram<\/a>\u00a0e no\u00a0<a href=\"https:\/\/www.facebook.com\/acidadeonribeirao\/\" target=\"_blank\" rel=\"noreferrer noopener\">Facebook<\/a>.<\/p>\n<p>Receba not\u00edcias do\u00a0<strong>acidade on<\/strong>\u00a0no WhatsApp.<a href=\"https:\/\/chat.whatsapp.com\/CdrZ6xrf7quD44Vw3WlPuZ\" target=\"_blank\" rel=\"noreferrer noopener\">\u00a0Para entrar no grupo, basta clicar aqui.<\/a><\/p>\n<p>Fa\u00e7a uma den\u00fancia ou sugira uma reportagem sobre Ribeir\u00e3o Preto e regi\u00e3o pelo WhatsApp: 16 99117 7802.<\/p>\n<p>VEJA TAMB\u00c9M<\/p>\n<p>Den\u00edlson tem quantos filhos?<\/p>\n<p><!-- AI CONTENT END 1 -->\n<\/div>\n<\/div>\n<p><script async src=\"\/\/www.instagram.com\/embed.js\"><\/script><br \/>\n<br \/><br \/>\n<br \/><a href=\"https:\/\/www.acidadeon.com\/ribeiraopreto\/cotidiano\/morre-motorista-envolvido-em-acidente-de-transito-em-rodovia-de-ribeirao-preto\/\">Source link <\/a><\/p>\n<div class='code-block code-block-4' style='margin: 8px auto 8px 0; text-align: left; display: block; clear: both;'>\n\ud83d\udce2 Aviso Legal\n\nO site ismaelcolosi.com.br atua apenas como um canal de divulga\u00e7\u00e3o de oportunidades de emprego e n\u00e3o se responsabiliza pelo processo seletivo, contrata\u00e7\u00e3o ou qualquer outra etapa relacionada \u00e0s vagas publicadas. Todas as informa\u00e7\u00f5es s\u00e3o de responsabilidade dos anunciantes.\n\n\u26a0\ufe0f Aten\u00e7\u00e3o! Nunca pague por promessas de emprego nem compre cursos que garantam contrata\u00e7\u00e3o. Desconfie de qualquer cobran\u00e7a para participar de sele\u00e7\u00f5es.\n\n\n\n<\/div>\n<!-- CONTENT END 1 -->\n","protected":false},"excerpt":{"rendered":"<p>Morreu um dos motoristas envolvidos em um acidente de tr\u00e2nsito na rodovia Jos\u00e9 Fregonesi (SP-328), que liga Ribeir\u00e3o Preto a Bonfim Paulista, na noite desta&#8230;<\/p>\n","protected":false},"author":1,"featured_media":54664,"comment_status":"open","ping_status":"open","sticky":false,"template":"","format":"standard","meta":{"_uag_custom_page_level_css":"","advanced_seo_description":"","jetpack_seo_html_title":"","jetpack_seo_noindex":false,"jetpack_post_was_ever_published":false,"_jetpack_newsletter_access":"","_jetpack_dont_email_post_to_subs":false,"_jetpack_newsletter_tier_id":0,"_jetpack_memberships_contains_paywalled_content":false,"_jetpack_memberships_contains_paid_content":false,"footnotes":"","jetpack_publicize_message":"","jetpack_publicize_feature_enabled":true,"jetpack_social_post_already_shared":true,"jetpack_social_options":{"image_generator_settings":{"template":"highway","default_image_id":0,"font":"","enabled":false},"version":2}},"categories":[11],"tags":[],"class_list":["post-54663","post","type-post","status-publish","format-standard","has-post-thumbnail","hentry","category-noticias-de-ribeirao-preto-sp-e-regiao-ismael-colosi"],"jetpack_publicize_connections":[],"jetpack_featured_media_url":"https:\/\/i0.wp.com\/ismaelcolosi.com.br\/wp-content\/uploads\/2024\/06\/WhatsApp-Image-2024-06-26-at-19.55.51_2024-06-26_22-57-36_jpeg_2024-06-26_22-57-36.webp.webp?fit=720%2C540&ssl=1","uagb_featured_image_src":{"full":["https:\/\/i0.wp.com\/ismaelcolosi.com.br\/wp-content\/uploads\/2024\/06\/WhatsApp-Image-2024-06-26-at-19.55.51_2024-06-26_22-57-36_jpeg_2024-06-26_22-57-36.webp.webp?fit=720%2C540&ssl=1",720,540,false],"thumbnail":["https:\/\/i0.wp.com\/ismaelcolosi.com.br\/wp-content\/uploads\/2024\/06\/WhatsApp-Image-2024-06-26-at-19.55.51_2024-06-26_22-57-36_jpeg_2024-06-26_22-57-36.webp.webp?resize=150%2C150&ssl=1",150,150,true],"medium":["https:\/\/i0.wp.com\/ismaelcolosi.com.br\/wp-content\/uploads\/2024\/06\/WhatsApp-Image-2024-06-26-at-19.55.51_2024-06-26_22-57-36_jpeg_2024-06-26_22-57-36.webp.webp?fit=300%2C225&ssl=1",300,225,true],"medium_large":["https:\/\/i0.wp.com\/ismaelcolosi.com.br\/wp-content\/uploads\/2024\/06\/WhatsApp-Image-2024-06-26-at-19.55.51_2024-06-26_22-57-36_jpeg_2024-06-26_22-57-36.webp.webp?fit=720%2C540&ssl=1",720,540,true],"large":["https:\/\/i0.wp.com\/ismaelcolosi.com.br\/wp-content\/uploads\/2024\/06\/WhatsApp-Image-2024-06-26-at-19.55.51_2024-06-26_22-57-36_jpeg_2024-06-26_22-57-36.webp.webp?fit=720%2C540&ssl=1",720,540,true],"1536x1536":["https:\/\/i0.wp.com\/ismaelcolosi.com.br\/wp-content\/uploads\/2024\/06\/WhatsApp-Image-2024-06-26-at-19.55.51_2024-06-26_22-57-36_jpeg_2024-06-26_22-57-36.webp.webp?fit=720%2C540&ssl=1",720,540,true],"2048x2048":["https:\/\/i0.wp.com\/ismaelcolosi.com.br\/wp-content\/uploads\/2024\/06\/WhatsApp-Image-2024-06-26-at-19.55.51_2024-06-26_22-57-36_jpeg_2024-06-26_22-57-36.webp.webp?fit=720%2C540&ssl=1",720,540,true],"really-simple-thumb":["https:\/\/i0.wp.com\/ismaelcolosi.com.br\/wp-content\/uploads\/2024\/06\/WhatsApp-Image-2024-06-26-at-19.55.51_2024-06-26_22-57-36_jpeg_2024-06-26_22-57-36.webp.webp?resize=370%2C247&ssl=1",370,247,true]},"uagb_author_info":{"display_name":"ismaelcolosi.com.br","author_link":"https:\/\/ismaelcolosi.com.br\/index.php\/author\/vidareal-online\/"},"uagb_comment_info":0,"uagb_excerpt":"Morreu um dos motoristas envolvidos em um acidente de tr\u00e2nsito na rodovia Jos\u00e9 Fregonesi (SP-328), que liga Ribeir\u00e3o Preto a Bonfim Paulista, na noite desta...","jetpack-related-posts":[{"id":54688,"url":"https:\/\/ismaelcolosi.com.br\/index.php\/2024\/06\/27\/identificado-motorista-morto-ao-descer-de-picape-apos-acidente-em-rodovia-de-ribeirao\/","url_meta":{"origin":54663,"position":0},"title":"Identificado motorista morto ao descer de picape ap\u00f3s acidente em rodovia de Ribeir\u00e3o","author":"ismaelcolosi.com.br","date":"27 de June de 2024","format":false,"excerpt":"A Pol\u00edcia Civil identificou o motorista morto ap\u00f3s descer do ve\u00edculo em um acidente de tr\u00e2nsito e ser atropelado na noite desta quarta-feira (26), na rodovia Jos\u00e9 Fregonesi (SP-328), que liga Ribeir\u00e3o Preto a Bonfim Paulista. Segundo o boletim de ocorr\u00eancia (BO), Luiz Arnaldo de Souza, de 54 anos, morreu\u2026","rel":"","context":"In &quot;Not\u00edcias de Ribeir\u00e3o Preto-SP e Regi\u00e3o&quot;","block_context":{"text":"Not\u00edcias de Ribeir\u00e3o Preto-SP e Regi\u00e3o","link":"https:\/\/ismaelcolosi.com.br\/index.php\/category\/noticias-de-ribeirao-preto-sp-e-regiao-ismael-colosi\/"},"img":{"alt_text":"","src":"https:\/\/i0.wp.com\/ismaelcolosi.com.br\/wp-content\/uploads\/2024\/06\/ACIDENTE_2024-06-27_11-55-18_jpg_2024-06-27_11-55-18.webp.webp?fit=1200%2C685&ssl=1&resize=350%2C200","width":350,"height":200,"srcset":"https:\/\/i0.wp.com\/ismaelcolosi.com.br\/wp-content\/uploads\/2024\/06\/ACIDENTE_2024-06-27_11-55-18_jpg_2024-06-27_11-55-18.webp.webp?fit=1200%2C685&ssl=1&resize=350%2C200 1x, https:\/\/i0.wp.com\/ismaelcolosi.com.br\/wp-content\/uploads\/2024\/06\/ACIDENTE_2024-06-27_11-55-18_jpg_2024-06-27_11-55-18.webp.webp?fit=1200%2C685&ssl=1&resize=525%2C300 1.5x, https:\/\/i0.wp.com\/ismaelcolosi.com.br\/wp-content\/uploads\/2024\/06\/ACIDENTE_2024-06-27_11-55-18_jpg_2024-06-27_11-55-18.webp.webp?fit=1200%2C685&ssl=1&resize=700%2C400 2x, https:\/\/i0.wp.com\/ismaelcolosi.com.br\/wp-content\/uploads\/2024\/06\/ACIDENTE_2024-06-27_11-55-18_jpg_2024-06-27_11-55-18.webp.webp?fit=1200%2C685&ssl=1&resize=1050%2C600 3x"},"classes":[]},{"id":52693,"url":"https:\/\/ismaelcolosi.com.br\/index.php\/2024\/06\/10\/acidente-trava-o-transito-na-rodovia-anhanguera-em-ribeirao-preto\/","url_meta":{"origin":54663,"position":1},"title":"Acidente trava o tr\u00e2nsito na rodovia Anhanguera em Ribeir\u00e3o Preto","author":"ismaelcolosi.com.br","date":"10 de June de 2024","format":false,"excerpt":"Um acidente com ao menos quatro ve\u00edculos prejudica o tr\u00e2nsito na manh\u00e3 desta segunda-feira (10), no km 311 da rodovia Anhanguera (SP-330), zona Leste em Ribeir\u00e3o Preto. Segundo as primeiras informa\u00e7\u00f5es da concession\u00e1ria ViaPaulista, tr\u00eas carros e uma moto foram envolvidos na pista sentido Norte (Capital-interior), na altura do Jardim\u2026","rel":"","context":"In &quot;Not\u00edcias de Ribeir\u00e3o Preto-SP e Regi\u00e3o&quot;","block_context":{"text":"Not\u00edcias de Ribeir\u00e3o Preto-SP e Regi\u00e3o","link":"https:\/\/ismaelcolosi.com.br\/index.php\/category\/noticias-de-ribeirao-preto-sp-e-regiao-ismael-colosi\/"},"img":{"alt_text":"","src":"https:\/\/i0.wp.com\/ismaelcolosi.com.br\/wp-content\/uploads\/2024\/06\/ACIDENTE_2024-06-10_12-03-42_jpg_2024-06-10_12-03-42.webp.webp?fit=1200%2C608&ssl=1&resize=350%2C200","width":350,"height":200,"srcset":"https:\/\/i0.wp.com\/ismaelcolosi.com.br\/wp-content\/uploads\/2024\/06\/ACIDENTE_2024-06-10_12-03-42_jpg_2024-06-10_12-03-42.webp.webp?fit=1200%2C608&ssl=1&resize=350%2C200 1x, https:\/\/i0.wp.com\/ismaelcolosi.com.br\/wp-content\/uploads\/2024\/06\/ACIDENTE_2024-06-10_12-03-42_jpg_2024-06-10_12-03-42.webp.webp?fit=1200%2C608&ssl=1&resize=525%2C300 1.5x, https:\/\/i0.wp.com\/ismaelcolosi.com.br\/wp-content\/uploads\/2024\/06\/ACIDENTE_2024-06-10_12-03-42_jpg_2024-06-10_12-03-42.webp.webp?fit=1200%2C608&ssl=1&resize=700%2C400 2x, https:\/\/i0.wp.com\/ismaelcolosi.com.br\/wp-content\/uploads\/2024\/06\/ACIDENTE_2024-06-10_12-03-42_jpg_2024-06-10_12-03-42.webp.webp?fit=1200%2C608&ssl=1&resize=1050%2C600 3x"},"classes":[]},{"id":58933,"url":"https:\/\/ismaelcolosi.com.br\/index.php\/2024\/08\/04\/colisao-em-rodovia-deixa-um-morto-e-cinco-feridos-na-regiao-de-ribeirao\/","url_meta":{"origin":54663,"position":2},"title":"Colis\u00e3o em rodovia deixa um morto e cinco feridos na regi\u00e3o de Ribeir\u00e3o","author":"ismaelcolosi.com.br","date":"4 de August de 2024","format":false,"excerpt":"Uma pessoa morreu e outras cinco ficaram feridas ap\u00f3s um acidente de tr\u00e2nsito envolvendo dois ve\u00edculos na rodovia C\u00e2ndido Portinari (SP-334), em Batatais, cidade na regi\u00e3o de Ribeir\u00e3o Preto, na manh\u00e3 deste domingo (4). De acordo com o Corpo de Bombeiros, a colis\u00e3o envolveu um Fiat Siena, com motorista e\u2026","rel":"","context":"In &quot;Not\u00edcias de Ribeir\u00e3o Preto-SP e Regi\u00e3o&quot;","block_context":{"text":"Not\u00edcias de Ribeir\u00e3o Preto-SP e Regi\u00e3o","link":"https:\/\/ismaelcolosi.com.br\/index.php\/category\/noticias-de-ribeirao-preto-sp-e-regiao-ismael-colosi\/"},"img":{"alt_text":"","src":"https:\/\/i0.wp.com\/ismaelcolosi.com.br\/wp-content\/uploads\/2024\/08\/Copia-de-Copia-de-TAMANHO-EXATO-PARA-FOTOS-NO-SISTEMA-NOVO-2024-08-04T133507.967_2024-08-04_16-35-51_png_2024-08-04_16-35-51.webp.webp?fit=1200%2C675&ssl=1&resize=350%2C200","width":350,"height":200,"srcset":"https:\/\/i0.wp.com\/ismaelcolosi.com.br\/wp-content\/uploads\/2024\/08\/Copia-de-Copia-de-TAMANHO-EXATO-PARA-FOTOS-NO-SISTEMA-NOVO-2024-08-04T133507.967_2024-08-04_16-35-51_png_2024-08-04_16-35-51.webp.webp?fit=1200%2C675&ssl=1&resize=350%2C200 1x, https:\/\/i0.wp.com\/ismaelcolosi.com.br\/wp-content\/uploads\/2024\/08\/Copia-de-Copia-de-TAMANHO-EXATO-PARA-FOTOS-NO-SISTEMA-NOVO-2024-08-04T133507.967_2024-08-04_16-35-51_png_2024-08-04_16-35-51.webp.webp?fit=1200%2C675&ssl=1&resize=525%2C300 1.5x, https:\/\/i0.wp.com\/ismaelcolosi.com.br\/wp-content\/uploads\/2024\/08\/Copia-de-Copia-de-TAMANHO-EXATO-PARA-FOTOS-NO-SISTEMA-NOVO-2024-08-04T133507.967_2024-08-04_16-35-51_png_2024-08-04_16-35-51.webp.webp?fit=1200%2C675&ssl=1&resize=700%2C400 2x, https:\/\/i0.wp.com\/ismaelcolosi.com.br\/wp-content\/uploads\/2024\/08\/Copia-de-Copia-de-TAMANHO-EXATO-PARA-FOTOS-NO-SISTEMA-NOVO-2024-08-04T133507.967_2024-08-04_16-35-51_png_2024-08-04_16-35-51.webp.webp?fit=1200%2C675&ssl=1&resize=1050%2C600 3x"},"classes":[]},{"id":67199,"url":"https:\/\/ismaelcolosi.com.br\/index.php\/2024\/09\/21\/identificado-homem-que-morreu-carbonizado-em-rodovia-da-regiao-de-ribeirao\/","url_meta":{"origin":54663,"position":3},"title":"Identificado homem que morreu carbonizado em rodovia da regi\u00e3o de Ribeir\u00e3o","author":"ismaelcolosi.com.br","date":"21 de September de 2024","format":false,"excerpt":"Foi identificado como Jeronimo Mendon\u00e7a o homem que morreu carbonizado no engavetamento que envolveu tr\u00eas carros e um caminh\u00e3o na rodovia Armando de Sales Oliveira (SP-322), em Pitangueiras, regi\u00e3o de Ribeir\u00e3o Preto, na sexta-feira (20). Conforme apura\u00e7\u00e3o da EPTV, a esposa da v\u00edtima, Marluce Mendonca, segue internada em estado grave\u2026","rel":"","context":"In &quot;Not\u00edcias de Ribeir\u00e3o Preto-SP e Regi\u00e3o&quot;","block_context":{"text":"Not\u00edcias de Ribeir\u00e3o Preto-SP e Regi\u00e3o","link":"https:\/\/ismaelcolosi.com.br\/index.php\/category\/noticias-de-ribeirao-preto-sp-e-regiao-ismael-colosi\/"},"img":{"alt_text":"","src":"https:\/\/i0.wp.com\/ismaelcolosi.com.br\/wp-content\/uploads\/2024\/09\/Copia-de-Copia-de-Copia-de-TAMANHO-EXATO-PARA-FOTOS-NO-SISTEMA-NOVO-33_2024-09-20_15-45-06_png_2024-09-20_15-45-07.webp.webp?fit=1200%2C675&ssl=1&resize=350%2C200","width":350,"height":200,"srcset":"https:\/\/i0.wp.com\/ismaelcolosi.com.br\/wp-content\/uploads\/2024\/09\/Copia-de-Copia-de-Copia-de-TAMANHO-EXATO-PARA-FOTOS-NO-SISTEMA-NOVO-33_2024-09-20_15-45-06_png_2024-09-20_15-45-07.webp.webp?fit=1200%2C675&ssl=1&resize=350%2C200 1x, https:\/\/i0.wp.com\/ismaelcolosi.com.br\/wp-content\/uploads\/2024\/09\/Copia-de-Copia-de-Copia-de-TAMANHO-EXATO-PARA-FOTOS-NO-SISTEMA-NOVO-33_2024-09-20_15-45-06_png_2024-09-20_15-45-07.webp.webp?fit=1200%2C675&ssl=1&resize=525%2C300 1.5x, https:\/\/i0.wp.com\/ismaelcolosi.com.br\/wp-content\/uploads\/2024\/09\/Copia-de-Copia-de-Copia-de-TAMANHO-EXATO-PARA-FOTOS-NO-SISTEMA-NOVO-33_2024-09-20_15-45-06_png_2024-09-20_15-45-07.webp.webp?fit=1200%2C675&ssl=1&resize=700%2C400 2x, https:\/\/i0.wp.com\/ismaelcolosi.com.br\/wp-content\/uploads\/2024\/09\/Copia-de-Copia-de-Copia-de-TAMANHO-EXATO-PARA-FOTOS-NO-SISTEMA-NOVO-33_2024-09-20_15-45-06_png_2024-09-20_15-45-07.webp.webp?fit=1200%2C675&ssl=1&resize=1050%2C600 3x"},"classes":[]},{"id":40581,"url":"https:\/\/ismaelcolosi.com.br\/index.php\/2024\/03\/04\/idoso-morre-apos-colidir-com-caminhao-em-rodovia-da-regiao-de-ribeirao-preto\/","url_meta":{"origin":54663,"position":4},"title":"Idoso morre ap\u00f3s colidir com caminh\u00e3o em rodovia da regi\u00e3o de Ribeir\u00e3o Preto","author":"ismaelcolosi.com.br","date":"4 de March de 2024","format":false,"excerpt":"Um idoso morreu em um acidente de tr\u00e2nsito, na tarde desta segunda-feira (4), na rodovia vicinal Pl\u00ednio de Castro Prado, que liga Pontal ao distrito de C\u00e2ndia, ambos na regi\u00e3o de Ribeir\u00e3o Preto. De acordo com as primeiras informa\u00e7\u00f5es da Pol\u00edcia Civil de Pontal, a v\u00edtima tinha 77 anos e\u2026","rel":"","context":"In &quot;Not\u00edcias de Ribeir\u00e3o Preto-SP e Regi\u00e3o&quot;","block_context":{"text":"Not\u00edcias de Ribeir\u00e3o Preto-SP e Regi\u00e3o","link":"https:\/\/ismaelcolosi.com.br\/index.php\/category\/noticias-de-ribeirao-preto-sp-e-regiao-ismael-colosi\/"},"img":{"alt_text":"","src":"https:\/\/i0.wp.com\/ismaelcolosi.com.br\/wp-content\/uploads\/2024\/03\/AnyConv.com__WhatsApp-Image-2024-03-04-at-17.03.01.webp.webp?fit=676%2C419&ssl=1&resize=350%2C200","width":350,"height":200,"srcset":"https:\/\/i0.wp.com\/ismaelcolosi.com.br\/wp-content\/uploads\/2024\/03\/AnyConv.com__WhatsApp-Image-2024-03-04-at-17.03.01.webp.webp?fit=676%2C419&ssl=1&resize=350%2C200 1x, https:\/\/i0.wp.com\/ismaelcolosi.com.br\/wp-content\/uploads\/2024\/03\/AnyConv.com__WhatsApp-Image-2024-03-04-at-17.03.01.webp.webp?fit=676%2C419&ssl=1&resize=525%2C300 1.5x"},"classes":[]},{"id":58936,"url":"https:\/\/ismaelcolosi.com.br\/index.php\/2024\/08\/04\/identificada-motociclista-que-morreu-em-acidente-na-zona-sul-de-ribeirao-preto\/","url_meta":{"origin":54663,"position":5},"title":"Identificada motociclista que morreu em acidente na zona Sul de Ribeir\u00e3o Preto","author":"ismaelcolosi.com.br","date":"4 de August de 2024","format":false,"excerpt":"Foi identificada como Isa Kely Cristina Mota a mulher de 31 anos que morreu ap\u00f3s um acidente de tr\u00e2nsito no Anel Vi\u00e1rio Sul (rodovia Ant\u00f4nio Duarte Nogueira, SP-322), em Ribeir\u00e3o Preto, neste s\u00e1bado (3). De acordo com as informa\u00e7\u00f5es da Secretaria de Seguran\u00e7a P\u00fablica (SSP) do Estado de S\u00e3o Paulo,\u2026","rel":"","context":"In &quot;Not\u00edcias de Ribeir\u00e3o Preto-SP e Regi\u00e3o&quot;","block_context":{"text":"Not\u00edcias de Ribeir\u00e3o Preto-SP e Regi\u00e3o","link":"https:\/\/ismaelcolosi.com.br\/index.php\/category\/noticias-de-ribeirao-preto-sp-e-regiao-ismael-colosi\/"},"img":{"alt_text":"","src":"https:\/\/i0.wp.com\/ismaelcolosi.com.br\/wp-content\/uploads\/2024\/08\/Copia-de-Copia-de-TAMANHO-EXATO-PARA-FOTOS-NO-SISTEMA-NOVO-2024-08-04T163219.987_2024-08-04_19-32-27_png_2024-08-04_19-32-27.webp.webp?fit=1200%2C675&ssl=1&resize=350%2C200","width":350,"height":200,"srcset":"https:\/\/i0.wp.com\/ismaelcolosi.com.br\/wp-content\/uploads\/2024\/08\/Copia-de-Copia-de-TAMANHO-EXATO-PARA-FOTOS-NO-SISTEMA-NOVO-2024-08-04T163219.987_2024-08-04_19-32-27_png_2024-08-04_19-32-27.webp.webp?fit=1200%2C675&ssl=1&resize=350%2C200 1x, https:\/\/i0.wp.com\/ismaelcolosi.com.br\/wp-content\/uploads\/2024\/08\/Copia-de-Copia-de-TAMANHO-EXATO-PARA-FOTOS-NO-SISTEMA-NOVO-2024-08-04T163219.987_2024-08-04_19-32-27_png_2024-08-04_19-32-27.webp.webp?fit=1200%2C675&ssl=1&resize=525%2C300 1.5x, https:\/\/i0.wp.com\/ismaelcolosi.com.br\/wp-content\/uploads\/2024\/08\/Copia-de-Copia-de-TAMANHO-EXATO-PARA-FOTOS-NO-SISTEMA-NOVO-2024-08-04T163219.987_2024-08-04_19-32-27_png_2024-08-04_19-32-27.webp.webp?fit=1200%2C675&ssl=1&resize=700%2C400 2x, https:\/\/i0.wp.com\/ismaelcolosi.com.br\/wp-content\/uploads\/2024\/08\/Copia-de-Copia-de-TAMANHO-EXATO-PARA-FOTOS-NO-SISTEMA-NOVO-2024-08-04T163219.987_2024-08-04_19-32-27_png_2024-08-04_19-32-27.webp.webp?fit=1200%2C675&ssl=1&resize=1050%2C600 3x"},"classes":[]}],"jetpack_sharing_enabled":true,"jetpack_shortlink":"https:\/\/wp.me\/pfMlyK-edF","_links":{"self":[{"href":"https:\/\/ismaelcolosi.com.br\/index.php\/wp-json\/wp\/v2\/posts\/54663","targetHints":{"allow":["GET"]}}],"collection":[{"href":"https:\/\/ismaelcolosi.com.br\/index.php\/wp-json\/wp\/v2\/posts"}],"about":[{"href":"https:\/\/ismaelcolosi.com.br\/index.php\/wp-json\/wp\/v2\/types\/post"}],"author":[{"embeddable":true,"href":"https:\/\/ismaelcolosi.com.br\/index.php\/wp-json\/wp\/v2\/users\/1"}],"replies":[{"embeddable":true,"href":"https:\/\/ismaelcolosi.com.br\/index.php\/wp-json\/wp\/v2\/comments?post=54663"}],"version-history":[{"count":0,"href":"https:\/\/ismaelcolosi.com.br\/index.php\/wp-json\/wp\/v2\/posts\/54663\/revisions"}],"wp:featuredmedia":[{"embeddable":true,"href":"https:\/\/ismaelcolosi.com.br\/index.php\/wp-json\/wp\/v2\/media\/54664"}],"wp:attachment":[{"href":"https:\/\/ismaelcolosi.com.br\/index.php\/wp-json\/wp\/v2\/media?parent=54663"}],"wp:term":[{"taxonomy":"category","embeddable":true,"href":"https:\/\/ismaelcolosi.com.br\/index.php\/wp-json\/wp\/v2\/categories?post=54663"},{"taxonomy":"post_tag","embeddable":true,"href":"https:\/\/ismaelcolosi.com.br\/index.php\/wp-json\/wp\/v2\/tags?post=54663"}],"curies":[{"name":"wp","href":"https:\/\/api.w.org\/{rel}","templated":true}]}}