{"id":5466,"date":"2023-11-23T17:45:21","date_gmt":"2023-11-23T20:45:21","guid":{"rendered":"https:\/\/ismaelcolosi.com.br\/index.php\/2023\/11\/23\/feira-vegana-do-abc-chega-ao-parque-oriental-de-ribeirao-pires\/"},"modified":"2023-11-23T17:45:21","modified_gmt":"2023-11-23T20:45:21","slug":"feira-vegana-do-abc-chega-ao-parque-oriental-de-ribeirao-pires","status":"publish","type":"post","link":"https:\/\/ismaelcolosi.com.br\/index.php\/2023\/11\/23\/feira-vegana-do-abc-chega-ao-parque-oriental-de-ribeirao-pires\/","title":{"rendered":"Feira Vegana do ABC chega ao Parque Oriental de Ribeir\u00e3o Pires"},"content":{"rendered":"<p> <br \/>\n<\/p>\n<div>\n<p>A Feira Vegana do ABC, promovida pelo Instituto Acqua, chega a Ribeir\u00e3o Pires em (26\/11), das 8h \u00e0s 17h, no Parque Oriental \u2013 R. Maj. Cardim, 3100 \u2013 Est\u00e2ncia Noblesse. O evento, que integra calend\u00e1rio especial da Prefeitura, ir\u00e1 reunir produtores e comunidade regional para estimular a economia criativa, h\u00e1bitos saud\u00e1veis e o contato com produtos livres de ingredientes de origem animal. A entrada \u00e9 gratuita.<\/p>\n<p>Integrados \u00e0 natureza, mais de 42 produtores v\u00e3o comercializar diversas op\u00e7\u00f5es de produtos, com destaque para hamb\u00fargueres, conservas artesanais, comidas japonesas, feijoada vegana, bolos, al\u00e9m de sucos naturais e bebidas artesanais. O evento receber\u00e1 ainda produtos cruelty free, ou seja, aqueles que n\u00e3o geram qualquer tipo de preju\u00edzo para os animais em sua produ\u00e7\u00e3o, e que seguem padr\u00e3o natural de testes e fabrica\u00e7\u00e3o. Essa postura pretende garantir que os animais n\u00e3o sofram com explora\u00e7\u00e3o ou at\u00e9 mesmo sejam sacrificados em prol da ind\u00fastria. Itens de saboaria, cosm\u00e9ticos, acess\u00f3rios t\u00eaxteis, acess\u00f3rios para o lar e biojoias fazem parte da cartela de expositores.<\/p><div class='code-block code-block-8' style='margin: 8px auto; text-align: center; display: block; clear: both;'>\n<script>\n  atOptions = {\n    'key' : '66e2e2111ca34da796271819fc334058',\n    'format' : 'iframe',\n    'height' : 250,\n    'width' : 300,\n    'params' : {}\n  };\n<\/script>\n<script src=\"https:\/\/www.highperformanceformat.com\/66e2e2111ca34da796271819fc334058\/invoke.js\"><\/script>\n<\/div>\n\n<p>Atividades ligadas ao meio ambiente tamb\u00e9m se fazem presente na Feira Vegana do ABC. A programa\u00e7\u00e3o contempla atividades gratuitas ao ar livre, com alongamento, caminhada, yoga e medita\u00e7\u00e3o, a partir das 8h. Apresenta\u00e7\u00e3o de terapia sonora, roda de capoeira, aula de Tai Chi, expedi\u00e7\u00e3o fotogr\u00e1fica e dan\u00e7as circulares integram as a\u00e7\u00f5es ao longo do dia.<\/p>\n<p>P\u00fablico tamb\u00e9m poder\u00e1 conferir oficinas gratuitas, a exemplo produ\u00e7\u00e3o de origami, plantio de microverdes, workshop sobre utiliza\u00e7\u00e3o de energia solar para desidratar alimentos, oficina de pontilhismo, fabrica\u00e7\u00e3o de repelente natural e concep\u00e7\u00e3o de boneca Abayomi (de pano).<\/p>\n<p>\u201cA Feira Vegana do ABC idealizada pelo Acqua chega ao Parque Oriental para discutir a causa animal, ofertar alimenta\u00e7\u00e3o saud\u00e1vel e mostrar a preocupa\u00e7\u00e3o com as quest\u00f5es ambientais. Estamos felizes pela parceria com a Prefeitura de Ribeir\u00e3o Pires e esperamos realizar outras edi\u00e7\u00f5es na cidade. J\u00e1 fizemos uma mostra no recente Festival do Chocolate. O p\u00fablico sempre marca presen\u00e7a em nossos eventos mensais e estabelecemos uma programa\u00e7\u00e3o bem familiar\u201d, comenta Samir Siviero, diretor-presidente do Instituto Acqua.<\/p>\n<p><strong>Servi\u00e7o<\/strong><\/p>\n<p>Feira Vegana do ABC<br \/>Edi\u00e7\u00e3o especial no Parque Oriental<\/p>\n<p>26 de novembro (domingo)<br \/>das 8h \u00e0s 17h<br \/>Entrada gratuita<\/p>\n<p>R. Maj. Cardim, 3100 \u2013 Est\u00e2ncia Noblesse, Ribeir\u00e3o Pires<\/p>\n<p><strong>Atividades gratuitas<\/strong><\/p>\n<p>\u200cAo ar livre<\/p>\n<p>8h \u2013 Alongamento e caminhada, com Sheila Pinto<\/p>\n<p>9h \u2013 Yoga, com Aline Lessa e convidados<\/p>\n<p>10h \u2013 Medita\u00e7\u00e3o, com Andrea Moll e convidados<\/p>\n<p>9h \u00e0s 11h Apresenta\u00e7\u00e3o de terapia sonora, com M\u00e1rcio Maciel da A Divina Floresta<\/p>\n<p>11h \u2013 Roda de Capoeira e interven\u00e7\u00e3o cultural do Grupo BERIMBRAS<\/p>\n<p>12h \u2013 Aula de Tai Chi, com Herbert Zaccheu do Espa\u00e7o Zen<\/p>\n<p>13h \u2013 Expedi\u00e7\u00e3o fotogr\u00e1fica, com fot\u00f3grafo Rodrigo Pinto<\/p>\n<p>14h \u2013 Dan\u00e7as Circulares, com Lucilene Trinca<\/p>\n<p>\u200c<\/p>\n<p>Oficinas<\/p>\n<p>10h \u2013 Oficina de Origami, com Ana Griz<\/p>\n<p>11h \u2013 Oficina de microverdes, com a jardinista Alice Nagata<\/p>\n<p>12h \u2013 Workshop sobre utiliza\u00e7\u00e3o de energia solar para desidratar alimentos, com Victor Dimitrov e Paula Romano da Consumo Consciente ABC<\/p>\n<p>13h \u2013 Oficina de pontilhismo, com Priscila Costa dos Anjos Mandalas<\/p>\n<p>14h \u2013 Oficina de repelente natural, com Brunna Santana da Anu Saboaria<\/p>\n<p>15h \u2013 Oficina de boneca Abayomi, com Sonia Fabris da Santa Inspira\u00e7\u00e3o<\/p>\n<p>\u200c<\/p>\n<p>Ser\u00e3o distribu\u00eddas senhas uma hora antes de cada oficina<\/p>\n<\/div>\n<p><script>\n\t\t! function(f, b, e, v, n, t, s) {\n\t\t\tif (f.fbq) return;\n\t\t\tn = f.fbq = function() {\n\t\t\t\tn.callMethod ?\n\t\t\t\t\tn.callMethod.apply(n, arguments) : n.queue.push(arguments)\n\t\t\t};\n\t\t\tif (!f._fbq) f._fbq = n;\n\t\t\tn.push = n;\n\t\t\tn.loaded = !0;\n\t\t\tn.version = '2.0';\n\t\t\tn.queue = [];\n\t\t\tt = b.createElement(e);\n\t\t\tt.async = !0;\n\t\t\tt.src = v;\n\t\t\ts = b.getElementsByTagName(e)[0];\n\t\t\ts.parentNode.insertBefore(t, s)\n\t\t}(window, document, 'script',\n\t\t\t'https:\/\/connect.facebook.net\/en_US\/fbevents.js');\n\t\tfbq('init', '338315473262380');\n\t\tfbq('track', 'PageView');\n\t<\/script><br \/>\n<br \/><br \/>\n<br \/><a href=\"https:\/\/catracalivre.com.br\/vila-mundo\/feira-vegana-do-abc-chega-ao-parque-oriental-de-ribeirao-pires\/\">Source link <\/a><\/p>\n<div class='code-block code-block-4' style='margin: 8px auto 8px 0; text-align: left; display: block; clear: both;'>\n\ud83d\udce2 Aviso Legal\n\nO site ismaelcolosi.com.br atua apenas como um canal de divulga\u00e7\u00e3o de oportunidades de emprego e n\u00e3o se responsabiliza pelo processo seletivo, contrata\u00e7\u00e3o ou qualquer outra etapa relacionada \u00e0s vagas publicadas. Todas as informa\u00e7\u00f5es s\u00e3o de responsabilidade dos anunciantes.\n\n\u26a0\ufe0f Aten\u00e7\u00e3o! Nunca pague por promessas de emprego nem compre cursos que garantam contrata\u00e7\u00e3o. Desconfie de qualquer cobran\u00e7a para participar de sele\u00e7\u00f5es.\n\n\n\n<\/div>\n<!-- CONTENT END 1 -->\n","protected":false},"excerpt":{"rendered":"<p>A Feira Vegana do ABC, promovida pelo Instituto Acqua, chega a Ribeir\u00e3o Pires em (26\/11), das 8h \u00e0s 17h, no Parque Oriental \u2013 R. Maj&#8230;.<\/p>\n","protected":false},"author":1,"featured_media":5467,"comment_status":"open","ping_status":"open","sticky":false,"template":"","format":"standard","meta":{"_uag_custom_page_level_css":"","advanced_seo_description":"","jetpack_seo_html_title":"","jetpack_seo_noindex":false,"jetpack_post_was_ever_published":false,"_jetpack_newsletter_access":"","_jetpack_dont_email_post_to_subs":false,"_jetpack_newsletter_tier_id":0,"_jetpack_memberships_contains_paywalled_content":false,"_jetpack_memberships_contains_paid_content":false,"footnotes":"","jetpack_publicize_message":"","jetpack_publicize_feature_enabled":true,"jetpack_social_post_already_shared":true,"jetpack_social_options":{"image_generator_settings":{"template":"highway","default_image_id":0,"font":"","enabled":false},"version":2}},"categories":[19],"tags":[],"class_list":["post-5466","post","type-post","status-publish","format-standard","has-post-thumbnail","hentry","category-variedades"],"jetpack_publicize_connections":[],"jetpack_featured_media_url":"https:\/\/i0.wp.com\/ismaelcolosi.com.br\/wp-content\/uploads\/2023\/11\/feira-vegana-do-abc-5-scaled.jpeg?fit=1200%2C638&ssl=1","uagb_featured_image_src":{"full":["https:\/\/i0.wp.com\/ismaelcolosi.com.br\/wp-content\/uploads\/2023\/11\/feira-vegana-do-abc-5-scaled.jpeg?fit=1200%2C638&ssl=1",1200,638,false],"thumbnail":["https:\/\/i0.wp.com\/ismaelcolosi.com.br\/wp-content\/uploads\/2023\/11\/feira-vegana-do-abc-5-scaled.jpeg?resize=150%2C150&ssl=1",150,150,true],"medium":["https:\/\/i0.wp.com\/ismaelcolosi.com.br\/wp-content\/uploads\/2023\/11\/feira-vegana-do-abc-5-scaled.jpeg?fit=300%2C160&ssl=1",300,160,true],"medium_large":["https:\/\/i0.wp.com\/ismaelcolosi.com.br\/wp-content\/uploads\/2023\/11\/feira-vegana-do-abc-5-scaled.jpeg?fit=768%2C408&ssl=1",768,408,true],"large":["https:\/\/i0.wp.com\/ismaelcolosi.com.br\/wp-content\/uploads\/2023\/11\/feira-vegana-do-abc-5-scaled.jpeg?fit=1024%2C544&ssl=1",1024,544,true],"1536x1536":["https:\/\/i0.wp.com\/ismaelcolosi.com.br\/wp-content\/uploads\/2023\/11\/feira-vegana-do-abc-5-scaled.jpeg?fit=1200%2C638&ssl=1",1200,638,true],"2048x2048":["https:\/\/i0.wp.com\/ismaelcolosi.com.br\/wp-content\/uploads\/2023\/11\/feira-vegana-do-abc-5-scaled.jpeg?fit=1200%2C638&ssl=1",1200,638,true],"really-simple-thumb":["https:\/\/i0.wp.com\/ismaelcolosi.com.br\/wp-content\/uploads\/2023\/11\/feira-vegana-do-abc-5-scaled.jpeg?resize=370%2C247&ssl=1",370,247,true]},"uagb_author_info":{"display_name":"ismaelcolosi.com.br","author_link":"https:\/\/ismaelcolosi.com.br\/index.php\/author\/vidareal-online\/"},"uagb_comment_info":0,"uagb_excerpt":"A Feira Vegana do ABC, promovida pelo Instituto Acqua, chega a Ribeir\u00e3o Pires em (26\/11), das 8h \u00e0s 17h, no Parque Oriental \u2013 R. Maj....","jetpack-related-posts":[{"id":48242,"url":"https:\/\/ismaelcolosi.com.br\/index.php\/2024\/05\/01\/queijo-mel-e-cachaca-produtos-artesanais-ganham-mais-espaco-na-agrishow\/","url_meta":{"origin":5466,"position":0},"title":"Queijo, mel e cacha\u00e7a: Produtos artesanais ganham mais espa\u00e7o na Agrishow","author":"ismaelcolosi.com.br","date":"1 de May de 2024","format":false,"excerpt":"O Pavilh\u00e3o de Produtos Artesanais da Agrishow, que acontece em Ribeir\u00e3o Preto at\u00e9 sexta-feira (3), foi ampliado para a edi\u00e7\u00e3o de 2024. O espa\u00e7o faz parte da feira h\u00e1 tr\u00eas anos e recebe expositores de alimentos e bebidas produzidos por pequenos agricultores de S\u00e3o Paulo. Localizado no complexo da Secretaria\u2026","rel":"","context":"In &quot;Not\u00edcias de Ribeir\u00e3o Preto-SP e Regi\u00e3o&quot;","block_context":{"text":"Not\u00edcias de Ribeir\u00e3o Preto-SP e Regi\u00e3o","link":"https:\/\/ismaelcolosi.com.br\/index.php\/category\/noticias-de-ribeirao-preto-sp-e-regiao-ismael-colosi\/"},"img":{"alt_text":"","src":"https:\/\/i0.wp.com\/ismaelcolosi.com.br\/wp-content\/uploads\/2024\/05\/agrishow_1200x675_26042022180633_2024-05-01_19-57-19_jpg.webp.webp?fit=1200%2C675&ssl=1&resize=350%2C200","width":350,"height":200,"srcset":"https:\/\/i0.wp.com\/ismaelcolosi.com.br\/wp-content\/uploads\/2024\/05\/agrishow_1200x675_26042022180633_2024-05-01_19-57-19_jpg.webp.webp?fit=1200%2C675&ssl=1&resize=350%2C200 1x, https:\/\/i0.wp.com\/ismaelcolosi.com.br\/wp-content\/uploads\/2024\/05\/agrishow_1200x675_26042022180633_2024-05-01_19-57-19_jpg.webp.webp?fit=1200%2C675&ssl=1&resize=525%2C300 1.5x, https:\/\/i0.wp.com\/ismaelcolosi.com.br\/wp-content\/uploads\/2024\/05\/agrishow_1200x675_26042022180633_2024-05-01_19-57-19_jpg.webp.webp?fit=1200%2C675&ssl=1&resize=700%2C400 2x, https:\/\/i0.wp.com\/ismaelcolosi.com.br\/wp-content\/uploads\/2024\/05\/agrishow_1200x675_26042022180633_2024-05-01_19-57-19_jpg.webp.webp?fit=1200%2C675&ssl=1&resize=1050%2C600 3x"},"classes":[]},{"id":3152,"url":"https:\/\/ismaelcolosi.com.br\/index.php\/2022\/04\/26\/pela-primeira-vez-agrishow-tem-espaco-exclusivo-para-pequenos-produtores-rurais\/","url_meta":{"origin":5466,"position":1},"title":"Pela primeira vez, Agrishow tem espa\u00e7o exclusivo para pequenos produtores rurais","author":"ismaelcolosi.com.br","date":"26 de April de 2022","format":false,"excerpt":"Pela primeira vez, a Agrishow reservou espa\u00e7o exclusivo para os pequenos produtores rurais. Cerca de 80 expositores do estado de S\u00e3o Paulo v\u00e3o apresentar aos visitantes da feira seus produtos artesanais, como queijos, vinhos e doces.Francisco Maturro, presidente da Agrishow, ressaltou a import\u00e2ncia do espa\u00e7o para a comercializa\u00e7\u00e3o dos alimentos:\u2026","rel":"","context":"In &quot;Not\u00edcias de Ribeir\u00e3o Preto-SP e Regi\u00e3o&quot;","block_context":{"text":"Not\u00edcias de Ribeir\u00e3o Preto-SP e Regi\u00e3o","link":"https:\/\/ismaelcolosi.com.br\/index.php\/category\/noticias-de-ribeirao-preto-sp-e-regiao-ismael-colosi\/"},"img":{"alt_text":"","src":"https:\/\/i0.wp.com\/ismaelcolosi.com.br\/wp-content\/uploads\/2023\/11\/ED_360_240422_IL_AGRISHOW_frame_1730.jpeg?fit=1200%2C675&ssl=1&resize=350%2C200","width":350,"height":200,"srcset":"https:\/\/i0.wp.com\/ismaelcolosi.com.br\/wp-content\/uploads\/2023\/11\/ED_360_240422_IL_AGRISHOW_frame_1730.jpeg?fit=1200%2C675&ssl=1&resize=350%2C200 1x, https:\/\/i0.wp.com\/ismaelcolosi.com.br\/wp-content\/uploads\/2023\/11\/ED_360_240422_IL_AGRISHOW_frame_1730.jpeg?fit=1200%2C675&ssl=1&resize=525%2C300 1.5x, https:\/\/i0.wp.com\/ismaelcolosi.com.br\/wp-content\/uploads\/2023\/11\/ED_360_240422_IL_AGRISHOW_frame_1730.jpeg?fit=1200%2C675&ssl=1&resize=700%2C400 2x, https:\/\/i0.wp.com\/ismaelcolosi.com.br\/wp-content\/uploads\/2023\/11\/ED_360_240422_IL_AGRISHOW_frame_1730.jpeg?fit=1200%2C675&ssl=1&resize=1050%2C600 3x"},"classes":[]},{"id":6193,"url":"https:\/\/ismaelcolosi.com.br\/index.php\/2023\/11\/25\/ribeirao-preto-recebe-feira-vegana-com-entrada-gratuita\/","url_meta":{"origin":5466,"position":2},"title":"Ribeir\u00e3o Preto recebe feira vegana com entrada gratuita\u00a0","author":"ismaelcolosi.com.br","date":"25 de November de 2023","format":false,"excerpt":"Ribeir\u00e3o Preto recebe, neste s\u00e1bado (25), a 4\u00b0 edi\u00e7\u00e3o da Festa das Na\u00e7\u00f5es Veg, que re\u00fane comidas t\u00edpicas de v\u00e1rios pa\u00edses e atra\u00e7\u00f5es culturais, na zona Sul. A entrada e o estacionamento s\u00e3o gratuitos. \u00a0 O evento, na sede da AEAARP, acontece das 12h \u00e0s 20h e ter\u00e1 vers\u00f5es veganas\u2026","rel":"","context":"In &quot;Not\u00edcias de Ribeir\u00e3o Preto-SP e Regi\u00e3o&quot;","block_context":{"text":"Not\u00edcias de Ribeir\u00e3o Preto-SP e Regi\u00e3o","link":"https:\/\/ismaelcolosi.com.br\/index.php\/category\/noticias-de-ribeirao-preto-sp-e-regiao-ismael-colosi\/"},"img":{"alt_text":"","src":"https:\/\/i0.wp.com\/ismaelcolosi.com.br\/wp-content\/uploads\/2023\/11\/398996251_18234458797246288_252744082695163226_n.jpg?fit=1080%2C721&ssl=1&resize=350%2C200","width":350,"height":200,"srcset":"https:\/\/i0.wp.com\/ismaelcolosi.com.br\/wp-content\/uploads\/2023\/11\/398996251_18234458797246288_252744082695163226_n.jpg?fit=1080%2C721&ssl=1&resize=350%2C200 1x, https:\/\/i0.wp.com\/ismaelcolosi.com.br\/wp-content\/uploads\/2023\/11\/398996251_18234458797246288_252744082695163226_n.jpg?fit=1080%2C721&ssl=1&resize=525%2C300 1.5x, https:\/\/i0.wp.com\/ismaelcolosi.com.br\/wp-content\/uploads\/2023\/11\/398996251_18234458797246288_252744082695163226_n.jpg?fit=1080%2C721&ssl=1&resize=700%2C400 2x, https:\/\/i0.wp.com\/ismaelcolosi.com.br\/wp-content\/uploads\/2023\/11\/398996251_18234458797246288_252744082695163226_n.jpg?fit=1080%2C721&ssl=1&resize=1050%2C600 3x"},"classes":[]},{"id":42695,"url":"https:\/\/ismaelcolosi.com.br\/index.php\/2024\/03\/16\/dia-do-artesao-e-comemorado-neste-sabado\/","url_meta":{"origin":5466,"position":3},"title":"Dia do Artes\u00e3o \u00e9 comemorado neste s\u00e1bado\u00a0","author":"ismaelcolosi.com.br","date":"16 de March de 2024","format":false,"excerpt":"16 de mar\u00e7o de 2024 | 8:3015 de mar\u00e7o de 2024 | 15:31 0Cerca de 60 artes\u00e3os de diversas associa\u00e7\u00f5es apresentar\u00e3o seus produtos na Feira de Artesanato da pra\u00e7a Sete de Setembro, neste\u00a0 s\u00e1bado (16), das nove \u00e0s 18 horas. Oe evento \u00e9 alusivo ao Dia do Artes\u00e3o e do\u2026","rel":"","context":"In &quot;Not\u00edcias de Ribeir\u00e3o Preto-SP e Regi\u00e3o&quot;","block_context":{"text":"Not\u00edcias de Ribeir\u00e3o Preto-SP e Regi\u00e3o","link":"https:\/\/ismaelcolosi.com.br\/index.php\/category\/noticias-de-ribeirao-preto-sp-e-regiao-ismael-colosi\/"},"img":{"alt_text":"","src":"https:\/\/i0.wp.com\/ismaelcolosi.com.br\/wp-content\/uploads\/2024\/03\/feira_de_artesanato_2-scaled.jpeg?fit=860%2C645&ssl=1&resize=350%2C200","width":350,"height":200,"srcset":"https:\/\/i0.wp.com\/ismaelcolosi.com.br\/wp-content\/uploads\/2024\/03\/feira_de_artesanato_2-scaled.jpeg?fit=860%2C645&ssl=1&resize=350%2C200 1x, https:\/\/i0.wp.com\/ismaelcolosi.com.br\/wp-content\/uploads\/2024\/03\/feira_de_artesanato_2-scaled.jpeg?fit=860%2C645&ssl=1&resize=525%2C300 1.5x, https:\/\/i0.wp.com\/ismaelcolosi.com.br\/wp-content\/uploads\/2024\/03\/feira_de_artesanato_2-scaled.jpeg?fit=860%2C645&ssl=1&resize=700%2C400 2x"},"classes":[]},{"id":80159,"url":"https:\/\/ismaelcolosi.com.br\/index.php\/2024\/12\/21\/feira-vegana-tem-local-alterado-em-ribeirao-preto-confira\/","url_meta":{"origin":5466,"position":4},"title":"Feira vegana tem local alterado em Ribeir\u00e3o Preto; Confira","author":"ismaelcolosi.com.br","date":"21 de December de 2024","format":false,"excerpt":"Ribeir\u00e3o Preto recebe neste s\u00e1bado (21), a edi\u00e7\u00e3o especial de Natal da Feira Veg, evento com entrada gratuita que re\u00fane uma sele\u00e7\u00e3o de expositores locais e oferece op\u00e7\u00f5es livre de ingredientes de origem animal ou testes em animais. O evento aconteceria em uma pra\u00e7a da zona Leste da cidade, no\u2026","rel":"","context":"In &quot;Not\u00edcias de Ribeir\u00e3o Preto-SP e Regi\u00e3o&quot;","block_context":{"text":"Not\u00edcias de Ribeir\u00e3o Preto-SP e Regi\u00e3o","link":"https:\/\/ismaelcolosi.com.br\/index.php\/category\/noticias-de-ribeirao-preto-sp-e-regiao-ismael-colosi\/"},"img":{"alt_text":"","src":"https:\/\/i0.wp.com\/ismaelcolosi.com.br\/wp-content\/uploads\/2024\/12\/WhatsApp-Image-2024-12-21-at-08.34.29_2024-12-21_13-09-56_jpeg_2024-12-21_13-09-57.webp.webp?fit=1200%2C800&ssl=1&resize=350%2C200","width":350,"height":200,"srcset":"https:\/\/i0.wp.com\/ismaelcolosi.com.br\/wp-content\/uploads\/2024\/12\/WhatsApp-Image-2024-12-21-at-08.34.29_2024-12-21_13-09-56_jpeg_2024-12-21_13-09-57.webp.webp?fit=1200%2C800&ssl=1&resize=350%2C200 1x, https:\/\/i0.wp.com\/ismaelcolosi.com.br\/wp-content\/uploads\/2024\/12\/WhatsApp-Image-2024-12-21-at-08.34.29_2024-12-21_13-09-56_jpeg_2024-12-21_13-09-57.webp.webp?fit=1200%2C800&ssl=1&resize=525%2C300 1.5x, https:\/\/i0.wp.com\/ismaelcolosi.com.br\/wp-content\/uploads\/2024\/12\/WhatsApp-Image-2024-12-21-at-08.34.29_2024-12-21_13-09-56_jpeg_2024-12-21_13-09-57.webp.webp?fit=1200%2C800&ssl=1&resize=700%2C400 2x, https:\/\/i0.wp.com\/ismaelcolosi.com.br\/wp-content\/uploads\/2024\/12\/WhatsApp-Image-2024-12-21-at-08.34.29_2024-12-21_13-09-56_jpeg_2024-12-21_13-09-57.webp.webp?fit=1200%2C800&ssl=1&resize=1050%2C600 3x"},"classes":[]},{"id":12934,"url":"https:\/\/ismaelcolosi.com.br\/index.php\/2023\/12\/08\/show-gratuito-de-alexandre-pires-na-regiao-de-ribeirao-e-remarcado-veja-a-nova-data\/","url_meta":{"origin":5466,"position":5},"title":"Show gratuito de Alexandre Pires na regi\u00e3o de Ribeir\u00e3o \u00e9 remarcado; Veja a nova data","author":"ismaelcolosi.com.br","date":"8 de December de 2023","format":false,"excerpt":"A Prefeitura de Sert\u00e3ozinho informou, na noite desta sexta-feira (8), que o show do cantor Alexandre Pires foi remarcado. A apresenta\u00e7\u00e3o faz parte das comemora\u00e7\u00f5es de anivers\u00e1rio da cidade na regi\u00e3o de Ribeir\u00e3o Preto. O show deveria ter acontecido na \u00faltima ter\u00e7a-feira (5), contudo, foi cancelado devido \u00e0 chuva e\u2026","rel":"","context":"In &quot;Not\u00edcias de Ribeir\u00e3o Preto-SP e Regi\u00e3o&quot;","block_context":{"text":"Not\u00edcias de Ribeir\u00e3o Preto-SP e Regi\u00e3o","link":"https:\/\/ismaelcolosi.com.br\/index.php\/category\/noticias-de-ribeirao-preto-sp-e-regiao-ismael-colosi\/"},"img":{"alt_text":"","src":"https:\/\/i0.wp.com\/ismaelcolosi.com.br\/wp-content\/uploads\/2023\/12\/alexandre-pires-reproducao-facebook.jpg?fit=1068%2C712&ssl=1&resize=350%2C200","width":350,"height":200,"srcset":"https:\/\/i0.wp.com\/ismaelcolosi.com.br\/wp-content\/uploads\/2023\/12\/alexandre-pires-reproducao-facebook.jpg?fit=1068%2C712&ssl=1&resize=350%2C200 1x, https:\/\/i0.wp.com\/ismaelcolosi.com.br\/wp-content\/uploads\/2023\/12\/alexandre-pires-reproducao-facebook.jpg?fit=1068%2C712&ssl=1&resize=525%2C300 1.5x, https:\/\/i0.wp.com\/ismaelcolosi.com.br\/wp-content\/uploads\/2023\/12\/alexandre-pires-reproducao-facebook.jpg?fit=1068%2C712&ssl=1&resize=700%2C400 2x, https:\/\/i0.wp.com\/ismaelcolosi.com.br\/wp-content\/uploads\/2023\/12\/alexandre-pires-reproducao-facebook.jpg?fit=1068%2C712&ssl=1&resize=1050%2C600 3x"},"classes":[]}],"jetpack_sharing_enabled":true,"jetpack_shortlink":"https:\/\/wp.me\/pfMlyK-1qa","_links":{"self":[{"href":"https:\/\/ismaelcolosi.com.br\/index.php\/wp-json\/wp\/v2\/posts\/5466","targetHints":{"allow":["GET"]}}],"collection":[{"href":"https:\/\/ismaelcolosi.com.br\/index.php\/wp-json\/wp\/v2\/posts"}],"about":[{"href":"https:\/\/ismaelcolosi.com.br\/index.php\/wp-json\/wp\/v2\/types\/post"}],"author":[{"embeddable":true,"href":"https:\/\/ismaelcolosi.com.br\/index.php\/wp-json\/wp\/v2\/users\/1"}],"replies":[{"embeddable":true,"href":"https:\/\/ismaelcolosi.com.br\/index.php\/wp-json\/wp\/v2\/comments?post=5466"}],"version-history":[{"count":0,"href":"https:\/\/ismaelcolosi.com.br\/index.php\/wp-json\/wp\/v2\/posts\/5466\/revisions"}],"wp:featuredmedia":[{"embeddable":true,"href":"https:\/\/ismaelcolosi.com.br\/index.php\/wp-json\/wp\/v2\/media\/5467"}],"wp:attachment":[{"href":"https:\/\/ismaelcolosi.com.br\/index.php\/wp-json\/wp\/v2\/media?parent=5466"}],"wp:term":[{"taxonomy":"category","embeddable":true,"href":"https:\/\/ismaelcolosi.com.br\/index.php\/wp-json\/wp\/v2\/categories?post=5466"},{"taxonomy":"post_tag","embeddable":true,"href":"https:\/\/ismaelcolosi.com.br\/index.php\/wp-json\/wp\/v2\/tags?post=5466"}],"curies":[{"name":"wp","href":"https:\/\/api.w.org\/{rel}","templated":true}]}}