{"id":54548,"date":"2024-06-26T09:58:19","date_gmt":"2024-06-26T12:58:19","guid":{"rendered":"https:\/\/ismaelcolosi.com.br\/index.php\/2024\/06\/26\/entenda-como-funciona-e-principais-vantagens\/"},"modified":"2024-06-26T09:58:19","modified_gmt":"2024-06-26T12:58:19","slug":"entenda-como-funciona-e-principais-vantagens","status":"publish","type":"post","link":"https:\/\/ismaelcolosi.com.br\/index.php\/2024\/06\/26\/entenda-como-funciona-e-principais-vantagens\/","title":{"rendered":"entenda como funciona e principais vantagens"},"content":{"rendered":"<p> <br \/>\n<\/p>\n<div>\n<p>O teletrabalho \u00e9 um regime que permite que o colaborador gerencie o seu tempo, demandas e alie as suas atividades profissionais com a vida pessoal. O modelo tem se tornado uma tend\u00eancia nos \u00faltimos anos e ganhado cada vez mais adeptos \u00e0 cultura \u201c<em>anywhere office<\/em>\u201d, ou \u201cescrit\u00f3rio em qualquer lugar\u201d.<\/p>\n<p>Entenda o que \u00e9 o teletrabalho, como ele funciona e quais s\u00e3o as suas principais vantagens desse tipo de\u00a0trabalho remoto. Continue a leitura com a gente!<\/p><div class='code-block code-block-8' style='margin: 8px auto; text-align: center; display: block; clear: both;'>\n<script>\n  atOptions = {\n    'key' : '66e2e2111ca34da796271819fc334058',\n    'format' : 'iframe',\n    'height' : 250,\n    'width' : 300,\n    'params' : {}\n  };\n<\/script>\n<script src=\"https:\/\/www.highperformanceformat.com\/66e2e2111ca34da796271819fc334058\/invoke.js\"><\/script>\n<\/div>\n\n<nav class=\"toc-container  active\">\n<hr\/>\n<\/nav>\n<h2 class=\"wp-block-heading\" id=\"1_O_que_e_e_como_funciona_o_teletrabalho\">1. O que \u00e9 e como funciona o teletrabalho? <\/h2>\n<p>O teletrabalho \u00e9 uma modalidade de\u00a0<strong>presta\u00e7\u00e3o de servi\u00e7os realizada em ambientes fora das depend\u00eancias do empregador<\/strong>. Ele permite que o profissional desempenhe as suas fun\u00e7\u00f5es no local que desejar: seja em sua casa, espa\u00e7os de\u00a0co-working, entre outros espa\u00e7os.<\/p>\n<p>Para que isso se torne poss\u00edvel, o colaborador deve receber todos os equipamentos necess\u00e1rios para exercer a sua fun\u00e7\u00e3o e se comunicar com colegas. Os itens devem ser custeados pela empresa, sem impactar a remunera\u00e7\u00e3o do colaborador, previsto em contrato de trabalho.<\/p>\n<p>A principal caracter\u00edstica do teletrabalho \u00e9 que os equipamentos utilizados para a atua\u00e7\u00e3o s\u00e3o eletr\u00f4nicos. Por isso, s\u00e3o usados computadores, softwares, internet, permitindo a execu\u00e7\u00e3o de atividades e comunica\u00e7\u00e3o entre funcion\u00e1rio e empresa.<\/p>\n<h2 class=\"wp-block-heading\" id=\"2_Como_a_CLT_regulamenta_o_teletrabalho\">2. Como a CLT regulamenta o teletrabalho? <\/h2>\n<p>O teletrabalho \u00e9 um regime regulamentado pela Consolida\u00e7\u00e3o das Leis Trabalhistas (CLT) e apresentado na Reforma Trabalhista.\u00a0<\/p>\n<p><strong>A legisla\u00e7\u00e3o ainda determina que<\/strong>\u00a0<strong>a modalidade seja prevista em contrato\u00a0<\/strong>e que a organiza\u00e7\u00e3o ofere\u00e7a recursos que possibilitem a execu\u00e7\u00e3o de tarefas, al\u00e9m de proporcionar condi\u00e7\u00f5es de ergonomia e sa\u00fade laboral, mesmo que a dist\u00e2ncia.<\/p>\n<p>O controle da jornada de trabalho do colaborador, nesse regime, n\u00e3o \u00e9 obrigat\u00f3rio. Isso permite que as empresas contem com hor\u00e1rios flex\u00edveis, softwares de ponto e acompanhamento de demandas, al\u00e9m de outras\u00a0flexibilidades no trabalho.<\/p>\n<h2 class=\"wp-block-heading\" id=\"3_Quais_sao_as_vantagens_do_teletrabalho\">3. Quais s\u00e3o as vantagens do teletrabalho? <\/h2>\n<p>O regime de teletrabalho oferece muitos benef\u00edcios para quem busca uma atua\u00e7\u00e3o que permita usufruir de mais liberdade, autonomia e conciliar o trabalho com a vida pessoal. Confira alguns dos pontos positivos sobre a modalidade:<\/p>\n<ul>\n<li><strong>Redu\u00e7\u00e3o de gastos:\u00a0<\/strong>para o colaborador, o teletrabalho possibilita uma redu\u00e7\u00e3o em gastos com transporte e alimenta\u00e7\u00e3o, j\u00e1 que a modalidade o permite trabalhar de casa. Para a empresa, o regime auxilia nos custos em energia el\u00e9trica, aluguel de escrit\u00f3rio, entre outras despesas relacionadas a um local fixo e f\u00edsico;<\/li>\n<li><strong>Flexibilidade de local de trabalho:\u00a0<\/strong>ao permitir que o colaborador trabalhe em casa, em espa\u00e7os de co-working, cafeterias ou at\u00e9 mesmo em viagens, a empresa proporciona maior flexibilidade para que ele alie o trabalho aos seus objetivos de vida;<\/li>\n<li><strong>Melhora na qualidade de vida:\u00a0<\/strong>o teletrabalho proporciona melhor qualidade do sono, hor\u00e1rios de almo\u00e7o mais tranquilos e mais tempo dispon\u00edvel para a pessoa aproveitar os seus momentos de descanso, com a fam\u00edlia e amigos;<\/li>\n<li><strong>Aumento na autonomia:\u00a0<\/strong>o teletrabalho oferece mais autonomia na execu\u00e7\u00e3o das tarefas e acompanhamento de times. Ao permitir que os colaboradores trabalhem com gest\u00e3o de tempo, demandas e organiza\u00e7\u00e3o pessoal, a empresa desenvolve profissionais mais respons\u00e1veis e com melhor compreens\u00e3o dos seus pap\u00e9is na organiza\u00e7\u00e3o;<\/li>\n<li><strong>Aumento da produtividade:\u00a0<\/strong>ao dispensar o monitoramento constante e o desenvolvimento de autonomia dos colaboradores, a modalidade permite que os profissionais encontrem as maneiras mais eficientes para realizar as suas atividades e serem produtivos. O fator de melhora na qualidade de vida tamb\u00e9m contribui para funcion\u00e1rios mais motivados, confort\u00e1veis e engajados com o trabalho.<\/li>\n<\/ul>\n<p>O teletrabalho pode ser adaptado a diversos segmentos de atua\u00e7\u00e3o, desde a \u00e1rea de tecnologia, educa\u00e7\u00e3o, marketing, an\u00e1lise de dados, contabilidade, consultoria, entre muitas outras.<\/p>\n<h2 class=\"wp-block-heading\" id=\"4_Como_deve_ser_o_contrato_do_teletrabalhador\">4. Como deve ser o contrato do teletrabalhador? <\/h2>\n<p>O contrato de trabalho deve formalizar a modalidade de atua\u00e7\u00e3o por escrito, destacando as condi\u00e7\u00f5es espec\u00edficas referentes ao teletrabalho, assim como o descritivo das fun\u00e7\u00f5es que ser\u00e3o exercidas pelo colaborador. <\/p>\n<p>Caso as atividades sejam realizadas presencialmente,\u00a0<strong>o funcion\u00e1rio pode solicitar o trabalho a dist\u00e2ncia<\/strong>, com o consentimento m\u00fatuo e acordo estipulado em aditivo de contrato.<\/p>\n<p>Quando a organiza\u00e7\u00e3o desejar o retorno \u00e0s atividades presenciais, \u00e9 poss\u00edvel realizar a altera\u00e7\u00e3o unilateralmente, mas com um prazo m\u00ednimo de 15 dias corridos para a mudan\u00e7a ocorrer. Isso permite que o colaborador planeje a sua rotina e or\u00e7amento para o trabalho presencial.<\/p>\n<blockquote class=\"wp-block-quote is-layout-flow wp-block-quote-is-layout-flow\">\n<p>\ud83d\udca1\ud83d\udc68\u200d\ud83d\udcbb<strong>Leia tamb\u00e9m<\/strong> \u2014\u00a0N\u00e3o voltar para o trabalho presencial pode gerar demiss\u00e3o?<\/p>\n<\/blockquote>\n<h2 class=\"wp-block-heading\" id=\"5_Quais_sao_as_diferencas_entre_teletrabalho_e_home_office\">5. Quais s\u00e3o as diferen\u00e7as entre teletrabalho e home office?<\/h2>\n<p>A principal diferen\u00e7a entre o teletrabalho e o home office \u00e9 que o primeiro est\u00e1 apresentado na CLT e deve receber formaliza\u00e7\u00e3o contratual, sendo uma cultura de empresa de incentivo \u00e0 liberdade profissional. <\/p>\n<p>Com respeito ao home office, a legisla\u00e7\u00e3o n\u00e3o menciona o modelo, mas ele existe como uma alternativa e \u00e9 muito utilizado como flexibiliza\u00e7\u00e3o de regimes presenciais ou h\u00edbridos.<\/p>\n<p>Para o teletrabalho, s\u00e3o considerados servi\u00e7os prestados fora do local da empresa, com a utiliza\u00e7\u00e3o de equipamentos eletr\u00f4nicos para a execu\u00e7\u00e3o da fun\u00e7\u00e3o. J\u00e1\u00a0<strong>o home office se destina a atividades realizadas em casa, sendo teletrabalho ou n\u00e3o<\/strong>.<\/p>\n<p>Al\u00e9m disso, no teletrabalho, n\u00e3o h\u00e1 o controle da jornada, permitindo que haja flexibilidade de hor\u00e1rios. Enquanto no home office, o colaborador deve corresponder \u00e0 defini\u00e7\u00e3o de um hor\u00e1rio de trabalho, horas extras, batida de pontos, entre outros acompanhamentos da sua jornada.<\/p>\n<hr class=\"wp-block-separator has-alpha-channel-opacity\"\/>\n<p>Aqui no blog da Catho, voc\u00ea encontra\u00a0dicas para conseguir um trabalho home office, remoto ou teletrabalho para construir uma carreira com mais autonomia, liberdade e flexibilidade.<\/p>\n<p>Gostou do conte\u00fado do blog Carreira &amp; Sucesso? N\u00e3o perca a oportunidade de compartilhar seus pensamentos no nosso espa\u00e7o para coment\u00e1rios logo abaixo e compartilhe com algu\u00e9m que possa se interessar!<\/p>\n<p>Agradecemos por nos acompanhar at\u00e9 aqui, e nos vemos em breve! <\/p>\n<h2>VAGAS ABERTAS | Principais \u00e1reas contratando<\/h2>\n<p>Se voc\u00ea est\u00e1 buscando um emprego, selecione abaixo a sua \u00e1rea de interesse e confira os cargos com oportunidades abertas!<\/p>\n<div class=\"search_jobs_list\"><select class=\"select_areas\" placeholder=\"Selecione uma \u00e1rea profissional\"><option value=\"0\">Seleciona uma \u00e1rea profissional<\/option><option value=\"1\">Administra\u00e7\u00e3o<\/option><option value=\"2\">Comercial e Vendas<\/option><option value=\"3\">Com\u00e9rcio Exterior<\/option><option value=\"4\">Educa\u00e7\u00e3o<\/option><option value=\"5\">Financeira<\/option><option value=\"6\">Hotelaria e Turismo<\/option><option value=\"7\">Inform\u00e1tica<\/option><option value=\"8\">Sa\u00fade<\/option><option value=\"9\">Suprimentos<\/option><option value=\"10\">Agricultura, Pecu\u00e1ria e Veterin\u00e1ria<\/option><option value=\"11\">Artes, Arquitetura e Design<\/option><option value=\"12\">Comunica\u00e7\u00e3o \/ Marketing<\/option><option value=\"13\">Engenharia<\/option><option value=\"14\">Industrial<\/option><option value=\"15\">Jur\u00eddica<\/option><option value=\"16\">T\u00e9cnica<\/option><option value=\"17\">Telemarketing<\/option><option value=\"18\">Telecomunica\u00e7\u00f5es<\/option><option value=\"20\">Servi\u00e7os Sociais<\/option><\/select><\/div>\n<\/p><\/div>\n<p><br \/>\n<br \/><a href=\"https:\/\/www.catho.com.br\/carreira-sucesso\/teletrabalho\/\">Source link <\/a><\/p>\n<div class='code-block code-block-4' style='margin: 8px auto 8px 0; text-align: left; display: block; clear: both;'>\n\ud83d\udce2 Aviso Legal\n\nO site ismaelcolosi.com.br atua apenas como um canal de divulga\u00e7\u00e3o de oportunidades de emprego e n\u00e3o se responsabiliza pelo processo seletivo, contrata\u00e7\u00e3o ou qualquer outra etapa relacionada \u00e0s vagas publicadas. Todas as informa\u00e7\u00f5es s\u00e3o de responsabilidade dos anunciantes.\n\n\u26a0\ufe0f Aten\u00e7\u00e3o! Nunca pague por promessas de emprego nem compre cursos que garantam contrata\u00e7\u00e3o. Desconfie de qualquer cobran\u00e7a para participar de sele\u00e7\u00f5es.\n\n\n\n<\/div>\n<!-- CONTENT END 1 -->\n","protected":false},"excerpt":{"rendered":"<p>O teletrabalho \u00e9 um regime que permite que o colaborador gerencie o seu tempo, demandas e alie as suas atividades profissionais com a vida pessoal&#8230;.<\/p>\n","protected":false},"author":1,"featured_media":54549,"comment_status":"open","ping_status":"open","sticky":false,"template":"","format":"standard","meta":{"_uag_custom_page_level_css":"","advanced_seo_description":"","jetpack_seo_html_title":"","jetpack_seo_noindex":false,"jetpack_post_was_ever_published":false,"_jetpack_newsletter_access":"","_jetpack_dont_email_post_to_subs":false,"_jetpack_newsletter_tier_id":0,"_jetpack_memberships_contains_paywalled_content":false,"_jetpack_memberships_contains_paid_content":false,"footnotes":"","jetpack_publicize_message":"","jetpack_publicize_feature_enabled":true,"jetpack_social_post_already_shared":true,"jetpack_social_options":{"image_generator_settings":{"template":"highway","default_image_id":0,"font":"","enabled":false},"version":2}},"categories":[1964],"tags":[],"class_list":["post-54548","post","type-post","status-publish","format-standard","has-post-thumbnail","hentry","category-carreira-e-sucesso-dicas-para-carreira"],"jetpack_publicize_connections":[],"jetpack_featured_media_url":"https:\/\/i0.wp.com\/ismaelcolosi.com.br\/wp-content\/uploads\/2024\/06\/Teletrabalho.png?fit=2560%2C1338&ssl=1","uagb_featured_image_src":{"full":["https:\/\/i0.wp.com\/ismaelcolosi.com.br\/wp-content\/uploads\/2024\/06\/Teletrabalho.png?fit=2560%2C1338&ssl=1",2560,1338,false],"thumbnail":["https:\/\/i0.wp.com\/ismaelcolosi.com.br\/wp-content\/uploads\/2024\/06\/Teletrabalho.png?resize=150%2C150&ssl=1",150,150,true],"medium":["https:\/\/i0.wp.com\/ismaelcolosi.com.br\/wp-content\/uploads\/2024\/06\/Teletrabalho.png?fit=300%2C157&ssl=1",300,157,true],"medium_large":["https:\/\/i0.wp.com\/ismaelcolosi.com.br\/wp-content\/uploads\/2024\/06\/Teletrabalho.png?fit=768%2C401&ssl=1",768,401,true],"large":["https:\/\/i0.wp.com\/ismaelcolosi.com.br\/wp-content\/uploads\/2024\/06\/Teletrabalho.png?fit=1024%2C535&ssl=1",1024,535,true],"1536x1536":["https:\/\/i0.wp.com\/ismaelcolosi.com.br\/wp-content\/uploads\/2024\/06\/Teletrabalho.png?fit=1536%2C803&ssl=1",1536,803,true],"2048x2048":["https:\/\/i0.wp.com\/ismaelcolosi.com.br\/wp-content\/uploads\/2024\/06\/Teletrabalho.png?fit=2048%2C1070&ssl=1",2048,1070,true],"really-simple-thumb":["https:\/\/i0.wp.com\/ismaelcolosi.com.br\/wp-content\/uploads\/2024\/06\/Teletrabalho.png?resize=370%2C247&ssl=1",370,247,true]},"uagb_author_info":{"display_name":"ismaelcolosi.com.br","author_link":"https:\/\/ismaelcolosi.com.br\/index.php\/author\/vidareal-online\/"},"uagb_comment_info":0,"uagb_excerpt":"O teletrabalho \u00e9 um regime que permite que o colaborador gerencie o seu tempo, demandas e alie as suas atividades profissionais com a vida pessoal....","jetpack-related-posts":[{"id":85570,"url":"https:\/\/ismaelcolosi.com.br\/index.php\/2025\/05\/22\/federacao-dos-petroleiros-convoca-greve-de-funcionarios-da-petrobras-em-defesa-do-home-office-e-outras-pautas-2\/","url_meta":{"origin":54548,"position":0},"title":"Federa\u00e7\u00e3o dos Petroleiros convoca greve de funcion\u00e1rios da Petrobras em defesa do home office e outras pautas","author":"ismaelcolosi.com.br","date":"22 de May de 2025","format":false,"excerpt":"O conselho deliberativo da Federa\u00e7\u00e3o \u00danica dos Petroleiros (FUP) decidiu convocar trabalhadores da Petrobras para uma greve de advert\u00eancia de 24 horas em 26 de mar\u00e7o, em defesa do teletrabalho e de outras melhorias das condi\u00e7\u00f5es de trabalho, segundo comunicado da FUP nesta quinta-feira, 13. + Entenda como pedir empr\u00e9stimo\u2026","rel":"","context":"In &quot;Empregos - Classificados&quot;","block_context":{"text":"Empregos - Classificados","link":"https:\/\/ismaelcolosi.com.br\/index.php\/category\/empregos-classificados-vagas-trabalho\/"},"img":{"alt_text":"","src":"","width":0,"height":0},"classes":[]},{"id":83753,"url":"https:\/\/ismaelcolosi.com.br\/index.php\/2025\/03\/13\/federacao-dos-petroleiros-convoca-greve-de-funcionarios-da-petrobras-em-defesa-do-home-office-e-outras-pautas\/","url_meta":{"origin":54548,"position":1},"title":"Federa\u00e7\u00e3o dos Petroleiros convoca greve de funcion\u00e1rios da Petrobras em defesa do home office e outras pautas","author":"ismaelcolosi.com.br","date":"13 de March de 2025","format":false,"excerpt":"Da Reutersi Da Reuters 13\/03\/2025 - 13:37 O conselho deliberativo da Federa\u00e7\u00e3o \u00danica dos Petroleiros (FUP) decidiu convocar trabalhadores da Petrobras para uma greve de advert\u00eancia de 24 horas em 26 de mar\u00e7o, em defesa do teletrabalho e de outras melhorias das condi\u00e7\u00f5es de trabalho, segundo comunicado da FUP nesta\u2026","rel":"","context":"In &quot;Empregos - Classificados&quot;","block_context":{"text":"Empregos - Classificados","link":"https:\/\/ismaelcolosi.com.br\/index.php\/category\/empregos-classificados-vagas-trabalho\/"},"img":{"alt_text":"","src":"https:\/\/i0.wp.com\/ismaelcolosi.com.br\/wp-content\/uploads\/2025\/03\/petrobras-sede-no-rj-geraldo-falcao-agencia-petrobras-e1657403222827.jpg?fit=700%2C394&ssl=1&resize=350%2C200","width":350,"height":200,"srcset":"https:\/\/i0.wp.com\/ismaelcolosi.com.br\/wp-content\/uploads\/2025\/03\/petrobras-sede-no-rj-geraldo-falcao-agencia-petrobras-e1657403222827.jpg?fit=700%2C394&ssl=1&resize=350%2C200 1x, https:\/\/i0.wp.com\/ismaelcolosi.com.br\/wp-content\/uploads\/2025\/03\/petrobras-sede-no-rj-geraldo-falcao-agencia-petrobras-e1657403222827.jpg?fit=700%2C394&ssl=1&resize=525%2C300 1.5x, https:\/\/i0.wp.com\/ismaelcolosi.com.br\/wp-content\/uploads\/2025\/03\/petrobras-sede-no-rj-geraldo-falcao-agencia-petrobras-e1657403222827.jpg?fit=700%2C394&ssl=1&resize=700%2C400 2x"},"classes":[]},{"id":52992,"url":"https:\/\/ismaelcolosi.com.br\/index.php\/2024\/06\/12\/posso-pedir-demissao-nas-ferias-entenda-o-que-diz-a-lei\/","url_meta":{"origin":54548,"position":2},"title":"Posso pedir demiss\u00e3o nas f\u00e9rias? Entenda o que diz a lei","author":"ismaelcolosi.com.br","date":"12 de June de 2024","format":false,"excerpt":"A decis\u00e3o de pedir demiss\u00e3o deve ser feita com planejamento e organiza\u00e7\u00e3o para que o funcion\u00e1rio n\u00e3o saia prejudicado. Para isso, deve ser feito da maneira mais adequada poss\u00edvel, conhecendo os seus direitos e o que a legisla\u00e7\u00e3o trabalhista determina sobre o assunto. Ent\u00e3o, o funcion\u00e1rio pode\u00a0pedir demiss\u00e3o\u00a0durante as suas\u2026","rel":"","context":"In &quot;Carreira e Sucesso&quot;","block_context":{"text":"Carreira e Sucesso","link":"https:\/\/ismaelcolosi.com.br\/index.php\/category\/carreira-e-sucesso-dicas-para-carreira\/"},"img":{"alt_text":"","src":"https:\/\/i0.wp.com\/ismaelcolosi.com.br\/wp-content\/uploads\/2024\/06\/Posso-pedir-demissao-nas-ferias-.png?fit=1200%2C627&ssl=1&resize=350%2C200","width":350,"height":200,"srcset":"https:\/\/i0.wp.com\/ismaelcolosi.com.br\/wp-content\/uploads\/2024\/06\/Posso-pedir-demissao-nas-ferias-.png?fit=1200%2C627&ssl=1&resize=350%2C200 1x, https:\/\/i0.wp.com\/ismaelcolosi.com.br\/wp-content\/uploads\/2024\/06\/Posso-pedir-demissao-nas-ferias-.png?fit=1200%2C627&ssl=1&resize=525%2C300 1.5x, https:\/\/i0.wp.com\/ismaelcolosi.com.br\/wp-content\/uploads\/2024\/06\/Posso-pedir-demissao-nas-ferias-.png?fit=1200%2C627&ssl=1&resize=700%2C400 2x, https:\/\/i0.wp.com\/ismaelcolosi.com.br\/wp-content\/uploads\/2024\/06\/Posso-pedir-demissao-nas-ferias-.png?fit=1200%2C627&ssl=1&resize=1050%2C600 3x"},"classes":[]},{"id":50275,"url":"https:\/\/ismaelcolosi.com.br\/index.php\/2024\/05\/15\/flexibilidade-no-trabalho-como-funciona-e-vantagens\/","url_meta":{"origin":54548,"position":3},"title":"Flexibilidade no trabalho: como funciona e vantagens","author":"ismaelcolosi.com.br","date":"15 de May de 2024","format":false,"excerpt":"Com a moderniza\u00e7\u00e3o de processos e investimento em tecnologia em empresas de todos os portes e segmentos, os debates acerca da flexibilidade no trabalho ganham cada vez mais destaque. O objetivo \u00e9\u00a0proporcionar uma melhor qualidade de vida, autonomia e produtividade\u00a0aos colaboradores. Para entender a\u00a0import\u00e2ncia do trabalho flex\u00edvel, \u00e9 preciso compreender\u2026","rel":"","context":"In &quot;Carreira e Sucesso&quot;","block_context":{"text":"Carreira e Sucesso","link":"https:\/\/ismaelcolosi.com.br\/index.php\/category\/carreira-e-sucesso-dicas-para-carreira\/"},"img":{"alt_text":"","src":"https:\/\/i0.wp.com\/ismaelcolosi.com.br\/wp-content\/uploads\/2024\/05\/Flexibilidade-no-trabalho.png?fit=1200%2C627&ssl=1&resize=350%2C200","width":350,"height":200,"srcset":"https:\/\/i0.wp.com\/ismaelcolosi.com.br\/wp-content\/uploads\/2024\/05\/Flexibilidade-no-trabalho.png?fit=1200%2C627&ssl=1&resize=350%2C200 1x, https:\/\/i0.wp.com\/ismaelcolosi.com.br\/wp-content\/uploads\/2024\/05\/Flexibilidade-no-trabalho.png?fit=1200%2C627&ssl=1&resize=525%2C300 1.5x, https:\/\/i0.wp.com\/ismaelcolosi.com.br\/wp-content\/uploads\/2024\/05\/Flexibilidade-no-trabalho.png?fit=1200%2C627&ssl=1&resize=700%2C400 2x, https:\/\/i0.wp.com\/ismaelcolosi.com.br\/wp-content\/uploads\/2024\/05\/Flexibilidade-no-trabalho.png?fit=1200%2C627&ssl=1&resize=1050%2C600 3x"},"classes":[]},{"id":68468,"url":"https:\/\/ismaelcolosi.com.br\/index.php\/2024\/09\/30\/entenda-mais-sobre-esse-beneficio-corporativo\/","url_meta":{"origin":54548,"position":4},"title":"entenda mais sobre esse benef\u00edcio corporativo","author":"ismaelcolosi.com.br","date":"30 de September de 2024","format":false,"excerpt":"Oferecer benef\u00edcios atrativos \u00e9 uma estrat\u00e9gia cada vez mais valorizada pelas empresas. Um deles, que ganha destaque tanto para colaboradores quanto para empregadores que buscam se colocar no\u00a0mercado de trabalho, \u00e9 o seguro sa\u00fade. Mas voc\u00ea sabe o que \u00e9 e como ele pode ser uma vantagem decisiva? Neste post,\u2026","rel":"","context":"In &quot;Carreira e Sucesso&quot;","block_context":{"text":"Carreira e Sucesso","link":"https:\/\/ismaelcolosi.com.br\/index.php\/category\/carreira-e-sucesso-dicas-para-carreira\/"},"img":{"alt_text":"","src":"https:\/\/i0.wp.com\/ismaelcolosi.com.br\/wp-content\/uploads\/2024\/09\/Seguro-saude.png?fit=1200%2C675&ssl=1&resize=350%2C200","width":350,"height":200,"srcset":"https:\/\/i0.wp.com\/ismaelcolosi.com.br\/wp-content\/uploads\/2024\/09\/Seguro-saude.png?fit=1200%2C675&ssl=1&resize=350%2C200 1x, https:\/\/i0.wp.com\/ismaelcolosi.com.br\/wp-content\/uploads\/2024\/09\/Seguro-saude.png?fit=1200%2C675&ssl=1&resize=525%2C300 1.5x, https:\/\/i0.wp.com\/ismaelcolosi.com.br\/wp-content\/uploads\/2024\/09\/Seguro-saude.png?fit=1200%2C675&ssl=1&resize=700%2C400 2x, https:\/\/i0.wp.com\/ismaelcolosi.com.br\/wp-content\/uploads\/2024\/09\/Seguro-saude.png?fit=1200%2C675&ssl=1&resize=1050%2C600 3x"},"classes":[]},{"id":63359,"url":"https:\/\/ismaelcolosi.com.br\/index.php\/2024\/09\/01\/confira-as-novas-vagas-de-emprego-para-trabalhar-de-casa-trabalho-home-office-com-salarios-de-1-500-ate-3-mil-clique-e-confira-agora-58\/","url_meta":{"origin":54548,"position":5},"title":"Confira as novas vagas de emprego para trabalhar de casa. Trabalho home office, com sal\u00e1rios de 1.500 at\u00e9 3 mil, clique e confira agora","author":"ismaelcolosi.com.br","date":"1 de September de 2024","format":false,"excerpt":"Home Office Sem experi\u00eancia! Trabalhe de casa no cargo de Auxiliar Administrativo 100% Home Office Home Office Sem experi\u00eancia! Padtec abre vagas HOME OFFICE para Assistente de Compras II Tempor\u00e1rio Home Office Banco Sicredi Abre Vaga 100% Home Office com Auxilio Teletrabalho para Analista de Neg\u00f3cio CRM Home Office HOME\u2026","rel":"","context":"In &quot;Vagas de Emprego Remoto - Home Office&quot;","block_context":{"text":"Vagas de Emprego Remoto - Home Office","link":"https:\/\/ismaelcolosi.com.br\/index.php\/category\/empregos-classificados-vagas-trabalho\/vagas-de-empregos-em-ribeirao-preto-regiao-brasil\/vagas-de-emprego-para-trabalhar-de-casa-home-office-remoto\/"},"img":{"alt_text":"Ganhe at\u00e9 R$ 2500,00 por m\u00eas! ySense Brasil abre novas vagas para Pesquisadores Online com pagamentos em D\u00f3lares ou Euros; Veja como funciona","src":"https:\/\/i0.wp.com\/www.capitalvagas.com.br\/wp-content\/uploads\/2024\/08\/Ysense-761x492.webp?resize=350%2C200&ssl=1","width":350,"height":200,"srcset":"https:\/\/i0.wp.com\/www.capitalvagas.com.br\/wp-content\/uploads\/2024\/08\/Ysense-761x492.webp?resize=350%2C200&ssl=1 1x, https:\/\/i0.wp.com\/www.capitalvagas.com.br\/wp-content\/uploads\/2024\/08\/Ysense-761x492.webp?resize=525%2C300&ssl=1 1.5x, https:\/\/i0.wp.com\/www.capitalvagas.com.br\/wp-content\/uploads\/2024\/08\/Ysense-761x492.webp?resize=700%2C400&ssl=1 2x"},"classes":[]}],"jetpack_sharing_enabled":true,"jetpack_shortlink":"https:\/\/wp.me\/pfMlyK-ebO","_links":{"self":[{"href":"https:\/\/ismaelcolosi.com.br\/index.php\/wp-json\/wp\/v2\/posts\/54548","targetHints":{"allow":["GET"]}}],"collection":[{"href":"https:\/\/ismaelcolosi.com.br\/index.php\/wp-json\/wp\/v2\/posts"}],"about":[{"href":"https:\/\/ismaelcolosi.com.br\/index.php\/wp-json\/wp\/v2\/types\/post"}],"author":[{"embeddable":true,"href":"https:\/\/ismaelcolosi.com.br\/index.php\/wp-json\/wp\/v2\/users\/1"}],"replies":[{"embeddable":true,"href":"https:\/\/ismaelcolosi.com.br\/index.php\/wp-json\/wp\/v2\/comments?post=54548"}],"version-history":[{"count":0,"href":"https:\/\/ismaelcolosi.com.br\/index.php\/wp-json\/wp\/v2\/posts\/54548\/revisions"}],"wp:featuredmedia":[{"embeddable":true,"href":"https:\/\/ismaelcolosi.com.br\/index.php\/wp-json\/wp\/v2\/media\/54549"}],"wp:attachment":[{"href":"https:\/\/ismaelcolosi.com.br\/index.php\/wp-json\/wp\/v2\/media?parent=54548"}],"wp:term":[{"taxonomy":"category","embeddable":true,"href":"https:\/\/ismaelcolosi.com.br\/index.php\/wp-json\/wp\/v2\/categories?post=54548"},{"taxonomy":"post_tag","embeddable":true,"href":"https:\/\/ismaelcolosi.com.br\/index.php\/wp-json\/wp\/v2\/tags?post=54548"}],"curies":[{"name":"wp","href":"https:\/\/api.w.org\/{rel}","templated":true}]}}