{"id":54536,"date":"2024-06-26T08:24:48","date_gmt":"2024-06-26T11:24:48","guid":{"rendered":"https:\/\/ismaelcolosi.com.br\/index.php\/2024\/06\/26\/motorista-embriagado-invade-posto-com-carro-na-zona-sul-de-ribeirao-preto\/"},"modified":"2024-06-26T08:24:48","modified_gmt":"2024-06-26T11:24:48","slug":"motorista-embriagado-invade-posto-com-carro-na-zona-sul-de-ribeirao-preto","status":"publish","type":"post","link":"https:\/\/ismaelcolosi.com.br\/index.php\/2024\/06\/26\/motorista-embriagado-invade-posto-com-carro-na-zona-sul-de-ribeirao-preto\/","title":{"rendered":"Motorista embriagado invade posto com carro na zona Sul de Ribeir\u00e3o Preto"},"content":{"rendered":"<p> <br \/>\n<\/p>\n<div data-td-block-uid=\"tdi_106\">\n<div class=\"tdb-block-inner td-fix-index\">\n<p><strong>O motorista de um carro invadiu um posto de combust\u00edveis com o ve\u00edculo e arrancou um equipamento de filtro ao lado de uma das bombas do estabelecimento, na madrugada desta quarta-feira (26), na avenida Maur\u00edlio Biagi, zona Sul de Ribeir\u00e3o Preto.<\/strong><\/p>\n<p>Segundo o <strong>boletim de ocorr\u00eancia (BO)<\/strong>, o condutor, que \u00e9 professor e tem 48 anos de idade, foi submetido ao teste do baf\u00f4metro, que apontou 0,71 miligramas de \u00e1lcool por litro de ar. Ele acabou preso, mas pagou fian\u00e7a de R$ 3 mil e dever\u00e1 responder por embriaguez ao volante em liberdade.<\/p><div class='code-block code-block-8' style='margin: 8px auto; text-align: center; display: block; clear: both;'>\n<script>\n  atOptions = {\n    'key' : '66e2e2111ca34da796271819fc334058',\n    'format' : 'iframe',\n    'height' : 250,\n    'width' : 300,\n    'params' : {}\n  };\n<\/script>\n<script src=\"https:\/\/www.highperformanceformat.com\/66e2e2111ca34da796271819fc334058\/invoke.js\"><\/script>\n<\/div>\n\n<p>*Not\u00edcia em atualiza\u00e7\u00e3o<\/p>\n<p>SAIBA MAIS<\/p>\n<p>Acidente com \u00f4nibus e caminh\u00e3o deixa 1 morto e dezenas de feridos na Anhanguera<\/p>\n<h4 class=\"wp-block-heading\"><strong>FIQUE ON<\/strong><\/h4>\n<p>Fique ligado em tudo que acontece em Ribeir\u00e3o Preto e regi\u00e3o. Siga os perfis do<strong>\u00a0acidade on\u00a0<\/strong>no<a href=\"https:\/\/www.instagram.com\/acidadeonribeirao\" target=\"_blank\" rel=\"noreferrer noopener\">\u00a0Instagram\u00a0<\/a>e no\u00a0<a href=\"https:\/\/www.facebook.com\/acidadeonribeirao\/\" target=\"_blank\" rel=\"noreferrer noopener\">Facebook<\/a>.<\/p>\n<p>Receba not\u00edcias do<strong>\u00a0acidade on<\/strong>\u00a0no WhatsApp.\u00a0<a href=\"https:\/\/chat.whatsapp.com\/CdrZ6xrf7quD44Vw3WlPuZ\" target=\"_blank\" rel=\"noreferrer noopener\">Para entrar no grupo, basta clicar aqui.<\/a><\/p>\n<p>Fa\u00e7a uma den\u00fancia ou sugira uma reportagem sobre Ribeir\u00e3o Preto e regi\u00e3o pelo WhatsApp: 16 99117 7802.<\/p>\n<p>VEJA TAMB\u00c9M<\/p>\n<p>Qual a diferen\u00e7a entre legalizar e descriminalizar o porte de maconha?<\/p>\n<p><!-- AI CONTENT END 3 -->\n<\/div>\n<\/div>\n<p><script async src=\"\/\/www.instagram.com\/embed.js\"><\/script><br \/>\n<br \/><br \/>\n<br \/><a href=\"https:\/\/www.acidadeon.com\/ribeiraopreto\/cotidiano\/motorista-embriagado-invade-posto-com-carro-na-zona-sul-de-ribeirao-preto\/\">Source link <\/a><\/p>\n<div class='code-block code-block-4' style='margin: 8px auto 8px 0; text-align: left; display: block; clear: both;'>\n\ud83d\udce2 Aviso Legal\n\nO site ismaelcolosi.com.br atua apenas como um canal de divulga\u00e7\u00e3o de oportunidades de emprego e n\u00e3o se responsabiliza pelo processo seletivo, contrata\u00e7\u00e3o ou qualquer outra etapa relacionada \u00e0s vagas publicadas. Todas as informa\u00e7\u00f5es s\u00e3o de responsabilidade dos anunciantes.\n\n\u26a0\ufe0f Aten\u00e7\u00e3o! Nunca pague por promessas de emprego nem compre cursos que garantam contrata\u00e7\u00e3o. Desconfie de qualquer cobran\u00e7a para participar de sele\u00e7\u00f5es.\n\n\n\n<\/div>\n<!-- CONTENT END 1 -->\n","protected":false},"excerpt":{"rendered":"<p>O motorista de um carro invadiu um posto de combust\u00edveis com o ve\u00edculo e arrancou um equipamento de filtro ao lado de uma das bombas&#8230;<\/p>\n","protected":false},"author":1,"featured_media":54537,"comment_status":"open","ping_status":"open","sticky":false,"template":"","format":"standard","meta":{"_uag_custom_page_level_css":"","advanced_seo_description":"","jetpack_seo_html_title":"","jetpack_seo_noindex":false,"jetpack_post_was_ever_published":false,"_jetpack_newsletter_access":"","_jetpack_dont_email_post_to_subs":false,"_jetpack_newsletter_tier_id":0,"_jetpack_memberships_contains_paywalled_content":false,"_jetpack_memberships_contains_paid_content":false,"footnotes":"","jetpack_publicize_message":"","jetpack_publicize_feature_enabled":true,"jetpack_social_post_already_shared":true,"jetpack_social_options":{"image_generator_settings":{"template":"highway","default_image_id":0,"font":"","enabled":false},"version":2}},"categories":[11],"tags":[],"class_list":["post-54536","post","type-post","status-publish","format-standard","has-post-thumbnail","hentry","category-noticias-de-ribeirao-preto-sp-e-regiao-ismael-colosi"],"jetpack_publicize_connections":[],"jetpack_featured_media_url":"https:\/\/i0.wp.com\/ismaelcolosi.com.br\/wp-content\/uploads\/2024\/06\/POSTO_2024-06-26_11-16-36_jpg_2024-06-26_11-16-36.webp.webp?fit=2000%2C1071&ssl=1","uagb_featured_image_src":{"full":["https:\/\/i0.wp.com\/ismaelcolosi.com.br\/wp-content\/uploads\/2024\/06\/POSTO_2024-06-26_11-16-36_jpg_2024-06-26_11-16-36.webp.webp?fit=2000%2C1071&ssl=1",2000,1071,false],"thumbnail":["https:\/\/i0.wp.com\/ismaelcolosi.com.br\/wp-content\/uploads\/2024\/06\/POSTO_2024-06-26_11-16-36_jpg_2024-06-26_11-16-36.webp.webp?resize=150%2C150&ssl=1",150,150,true],"medium":["https:\/\/i0.wp.com\/ismaelcolosi.com.br\/wp-content\/uploads\/2024\/06\/POSTO_2024-06-26_11-16-36_jpg_2024-06-26_11-16-36.webp.webp?fit=300%2C161&ssl=1",300,161,true],"medium_large":["https:\/\/i0.wp.com\/ismaelcolosi.com.br\/wp-content\/uploads\/2024\/06\/POSTO_2024-06-26_11-16-36_jpg_2024-06-26_11-16-36.webp.webp?fit=768%2C411&ssl=1",768,411,true],"large":["https:\/\/i0.wp.com\/ismaelcolosi.com.br\/wp-content\/uploads\/2024\/06\/POSTO_2024-06-26_11-16-36_jpg_2024-06-26_11-16-36.webp.webp?fit=1024%2C548&ssl=1",1024,548,true],"1536x1536":["https:\/\/i0.wp.com\/ismaelcolosi.com.br\/wp-content\/uploads\/2024\/06\/POSTO_2024-06-26_11-16-36_jpg_2024-06-26_11-16-36.webp.webp?fit=1536%2C823&ssl=1",1536,823,true],"2048x2048":["https:\/\/i0.wp.com\/ismaelcolosi.com.br\/wp-content\/uploads\/2024\/06\/POSTO_2024-06-26_11-16-36_jpg_2024-06-26_11-16-36.webp.webp?fit=2000%2C1071&ssl=1",2000,1071,true],"really-simple-thumb":["https:\/\/i0.wp.com\/ismaelcolosi.com.br\/wp-content\/uploads\/2024\/06\/POSTO_2024-06-26_11-16-36_jpg_2024-06-26_11-16-36.webp.webp?resize=370%2C247&ssl=1",370,247,true]},"uagb_author_info":{"display_name":"ismaelcolosi.com.br","author_link":"https:\/\/ismaelcolosi.com.br\/index.php\/author\/vidareal-online\/"},"uagb_comment_info":0,"uagb_excerpt":"O motorista de um carro invadiu um posto de combust\u00edveis com o ve\u00edculo e arrancou um equipamento de filtro ao lado de uma das bombas...","jetpack-related-posts":[{"id":45453,"url":"https:\/\/ismaelcolosi.com.br\/index.php\/2024\/04\/04\/motorista-em-carro-de-luxo-e-abordada-por-criminoso-na-zona-sul-de-ribeirao\/","url_meta":{"origin":54536,"position":0},"title":"Motorista em carro de luxo \u00e9 abordada por criminoso na zona Sul de Ribeir\u00e3o","author":"ismaelcolosi.com.br","date":"4 de April de 2024","format":false,"excerpt":"Uma nutricionista de 43 anos, que dirigia um carro de luxo, foi abordado por um criminoso no acesso da avenida Adelmo Perdizza, pr\u00f3ximo ao Anel Vi\u00e1rio Sul, na zona Sul de Ribeir\u00e3o Preto. O caso aconteceu na tarde da \u00faltima quarta-feira (3). De acordo com o B.O. (boletim de ocorr\u00eancia),\u2026","rel":"","context":"In &quot;Not\u00edcias de Ribeir\u00e3o Preto-SP e Regi\u00e3o&quot;","block_context":{"text":"Not\u00edcias de Ribeir\u00e3o Preto-SP e Regi\u00e3o","link":"https:\/\/ismaelcolosi.com.br\/index.php\/category\/noticias-de-ribeirao-preto-sp-e-regiao-ismael-colosi\/"},"img":{"alt_text":"","src":"https:\/\/i0.wp.com\/ismaelcolosi.com.br\/wp-content\/uploads\/2024\/04\/AnyConv.com__adelmo-perdizza-1.webp.webp?fit=1200%2C900&ssl=1&resize=350%2C200","width":350,"height":200,"srcset":"https:\/\/i0.wp.com\/ismaelcolosi.com.br\/wp-content\/uploads\/2024\/04\/AnyConv.com__adelmo-perdizza-1.webp.webp?fit=1200%2C900&ssl=1&resize=350%2C200 1x, https:\/\/i0.wp.com\/ismaelcolosi.com.br\/wp-content\/uploads\/2024\/04\/AnyConv.com__adelmo-perdizza-1.webp.webp?fit=1200%2C900&ssl=1&resize=525%2C300 1.5x, https:\/\/i0.wp.com\/ismaelcolosi.com.br\/wp-content\/uploads\/2024\/04\/AnyConv.com__adelmo-perdizza-1.webp.webp?fit=1200%2C900&ssl=1&resize=700%2C400 2x, https:\/\/i0.wp.com\/ismaelcolosi.com.br\/wp-content\/uploads\/2024\/04\/AnyConv.com__adelmo-perdizza-1.webp.webp?fit=1200%2C900&ssl=1&resize=1050%2C600 3x"},"classes":[]},{"id":54623,"url":"https:\/\/ismaelcolosi.com.br\/index.php\/2024\/06\/26\/o-que-se-sabe-sobre-o-caso-do-motorista-embriagado-que-invadiu-posto-com-carro-em-ribeirao\/","url_meta":{"origin":54536,"position":1},"title":"O que se sabe sobre o caso do motorista embriagado que invadiu posto com carro em Ribeir\u00e3o","author":"ismaelcolosi.com.br","date":"26 de June de 2024","format":false,"excerpt":"O motorista de um carro foi preso por embriaguez ao volante na madrugada desta quarta-feira (26), ap\u00f3s invadir um posto de combust\u00edveis com o ve\u00edculo e arrancar um equipamento de filtro de diesel ao lado de uma das bombas do estabelecimento, na avenida Maur\u00edlio Biagi, zona Sul de Ribeir\u00e3o Preto.\u2026","rel":"","context":"In &quot;Not\u00edcias de Ribeir\u00e3o Preto-SP e Regi\u00e3o&quot;","block_context":{"text":"Not\u00edcias de Ribeir\u00e3o Preto-SP e Regi\u00e3o","link":"https:\/\/ismaelcolosi.com.br\/index.php\/category\/noticias-de-ribeirao-preto-sp-e-regiao-ismael-colosi\/"},"img":{"alt_text":"","src":"https:\/\/i0.wp.com\/ismaelcolosi.com.br\/wp-content\/uploads\/2024\/06\/WhatsApp-Image-2024-06-26-at-14.17.47_2024-06-26_17-20-47_jpeg_2024-06-26_17-20-48.webp.webp?fit=1200%2C964&ssl=1&resize=350%2C200","width":350,"height":200,"srcset":"https:\/\/i0.wp.com\/ismaelcolosi.com.br\/wp-content\/uploads\/2024\/06\/WhatsApp-Image-2024-06-26-at-14.17.47_2024-06-26_17-20-47_jpeg_2024-06-26_17-20-48.webp.webp?fit=1200%2C964&ssl=1&resize=350%2C200 1x, https:\/\/i0.wp.com\/ismaelcolosi.com.br\/wp-content\/uploads\/2024\/06\/WhatsApp-Image-2024-06-26-at-14.17.47_2024-06-26_17-20-47_jpeg_2024-06-26_17-20-48.webp.webp?fit=1200%2C964&ssl=1&resize=525%2C300 1.5x, https:\/\/i0.wp.com\/ismaelcolosi.com.br\/wp-content\/uploads\/2024\/06\/WhatsApp-Image-2024-06-26-at-14.17.47_2024-06-26_17-20-47_jpeg_2024-06-26_17-20-48.webp.webp?fit=1200%2C964&ssl=1&resize=700%2C400 2x, https:\/\/i0.wp.com\/ismaelcolosi.com.br\/wp-content\/uploads\/2024\/06\/WhatsApp-Image-2024-06-26-at-14.17.47_2024-06-26_17-20-47_jpeg_2024-06-26_17-20-48.webp.webp?fit=1200%2C964&ssl=1&resize=1050%2C600 3x"},"classes":[]},{"id":56636,"url":"https:\/\/ismaelcolosi.com.br\/index.php\/2024\/07\/13\/empresario-e-socio-sofrem-sequestro-relampago-na-zona-sul-de-ribeirao-preto\/","url_meta":{"origin":54536,"position":2},"title":"Empres\u00e1rio e s\u00f3cio sofrem sequestro-rel\u00e2mpago na zona Sul de Ribeir\u00e3o Preto","author":"ismaelcolosi.com.br","date":"13 de July de 2024","format":false,"excerpt":"Um empres\u00e1rio de 47 anos e seu s\u00f3cio foram v\u00edtimas de um sequestro rel\u00e2mpago na zona Sul de Ribeir\u00e3o Preto, na madrugada de sexta-feira (12). O empres\u00e1rio estima que os criminosos roubaram aproximadamente 20 mil por meio de transa\u00e7\u00f5es via Pix. A v\u00edtima informou \u00e0 pol\u00edcia no boletim de ocorr\u00eancia\u2026","rel":"","context":"In &quot;Not\u00edcias de Ribeir\u00e3o Preto-SP e Regi\u00e3o&quot;","block_context":{"text":"Not\u00edcias de Ribeir\u00e3o Preto-SP e Regi\u00e3o","link":"https:\/\/ismaelcolosi.com.br\/index.php\/category\/noticias-de-ribeirao-preto-sp-e-regiao-ismael-colosi\/"},"img":{"alt_text":"","src":"https:\/\/i0.wp.com\/ismaelcolosi.com.br\/wp-content\/uploads\/2024\/07\/1720894891_cpj_1024x576_21012021092745.jpg?fit=1024%2C575&ssl=1&resize=350%2C200","width":350,"height":200,"srcset":"https:\/\/i0.wp.com\/ismaelcolosi.com.br\/wp-content\/uploads\/2024\/07\/1720894891_cpj_1024x576_21012021092745.jpg?fit=1024%2C575&ssl=1&resize=350%2C200 1x, https:\/\/i0.wp.com\/ismaelcolosi.com.br\/wp-content\/uploads\/2024\/07\/1720894891_cpj_1024x576_21012021092745.jpg?fit=1024%2C575&ssl=1&resize=525%2C300 1.5x, https:\/\/i0.wp.com\/ismaelcolosi.com.br\/wp-content\/uploads\/2024\/07\/1720894891_cpj_1024x576_21012021092745.jpg?fit=1024%2C575&ssl=1&resize=700%2C400 2x"},"classes":[]},{"id":56633,"url":"https:\/\/ismaelcolosi.com.br\/index.php\/2024\/07\/13\/empresario-e-socio-sofrem-sequestro-relampago-e-tem-r-20-mil-roubados-em-ribeirao\/","url_meta":{"origin":54536,"position":3},"title":"Empres\u00e1rio e s\u00f3cio sofrem sequestro-rel\u00e2mpago e t\u00eam R$ 20 mil roubados em Ribeir\u00e3o","author":"ismaelcolosi.com.br","date":"13 de July de 2024","format":false,"excerpt":"Um empres\u00e1rio de 47 anos e seu s\u00f3cio foram v\u00edtimas de um sequestro rel\u00e2mpago na zona Sul de Ribeir\u00e3o Preto, na madrugada de sexta-feira (12). O empres\u00e1rio estima que os criminosos roubaram aproximadamente 20 mil por meio de transa\u00e7\u00f5es via Pix. A v\u00edtima informou \u00e0 pol\u00edcia no boletim de ocorr\u00eancia\u2026","rel":"","context":"In &quot;Not\u00edcias de Ribeir\u00e3o Preto-SP e Regi\u00e3o&quot;","block_context":{"text":"Not\u00edcias de Ribeir\u00e3o Preto-SP e Regi\u00e3o","link":"https:\/\/ismaelcolosi.com.br\/index.php\/category\/noticias-de-ribeirao-preto-sp-e-regiao-ismael-colosi\/"},"img":{"alt_text":"","src":"https:\/\/i0.wp.com\/ismaelcolosi.com.br\/wp-content\/uploads\/2024\/07\/1720892622_cpj_1024x576_21012021092745.jpg?fit=1024%2C575&ssl=1&resize=350%2C200","width":350,"height":200,"srcset":"https:\/\/i0.wp.com\/ismaelcolosi.com.br\/wp-content\/uploads\/2024\/07\/1720892622_cpj_1024x576_21012021092745.jpg?fit=1024%2C575&ssl=1&resize=350%2C200 1x, https:\/\/i0.wp.com\/ismaelcolosi.com.br\/wp-content\/uploads\/2024\/07\/1720892622_cpj_1024x576_21012021092745.jpg?fit=1024%2C575&ssl=1&resize=525%2C300 1.5x, https:\/\/i0.wp.com\/ismaelcolosi.com.br\/wp-content\/uploads\/2024\/07\/1720892622_cpj_1024x576_21012021092745.jpg?fit=1024%2C575&ssl=1&resize=700%2C400 2x"},"classes":[]},{"id":5535,"url":"https:\/\/ismaelcolosi.com.br\/index.php\/2023\/11\/23\/motorista-passa-mal-ao-volante-e-carro-cai-em-corrego-de-ribeirao-preto-veja-o-video\/","url_meta":{"origin":54536,"position":4},"title":"Motorista passa mal ao volante e carro cai em c\u00f3rrego de Ribeir\u00e3o Preto; Veja o v\u00eddeo","author":"ismaelcolosi.com.br","date":"23 de November de 2023","format":false,"excerpt":"Um carro caiu no c\u00f3rrego que corta a avenida Ant\u00f4nio e Helena Zerrener, na zona Oeste de Ribeir\u00e3o Preto, na noite desta quinta-feira (23). Assista\u00a0ao\u00a0v\u00eddeo\u00a0abaixo. Segundo informa\u00e7\u00f5es do Corpo de Bombeiros, a\u00a0condutora\u00a0seguia pela Av. Antonio Helena Zerrenner cruzamento com a Rua Jorge Lobato quando passou mal ao volante, perdeu o\u2026","rel":"","context":"In &quot;Not\u00edcias de Ribeir\u00e3o Preto-SP e Regi\u00e3o&quot;","block_context":{"text":"Not\u00edcias de Ribeir\u00e3o Preto-SP e Regi\u00e3o","link":"https:\/\/ismaelcolosi.com.br\/index.php\/category\/noticias-de-ribeirao-preto-sp-e-regiao-ismael-colosi\/"},"img":{"alt_text":"","src":"https:\/\/i0.wp.com\/ismaelcolosi.com.br\/wp-content\/uploads\/2023\/11\/Copia-de-Copia-de-TAMANHO-EXATO-PARA-FOTOS-NO-SISTEMA-NOVO-3.png?fit=1200%2C675&ssl=1&resize=350%2C200","width":350,"height":200,"srcset":"https:\/\/i0.wp.com\/ismaelcolosi.com.br\/wp-content\/uploads\/2023\/11\/Copia-de-Copia-de-TAMANHO-EXATO-PARA-FOTOS-NO-SISTEMA-NOVO-3.png?fit=1200%2C675&ssl=1&resize=350%2C200 1x, https:\/\/i0.wp.com\/ismaelcolosi.com.br\/wp-content\/uploads\/2023\/11\/Copia-de-Copia-de-TAMANHO-EXATO-PARA-FOTOS-NO-SISTEMA-NOVO-3.png?fit=1200%2C675&ssl=1&resize=525%2C300 1.5x, https:\/\/i0.wp.com\/ismaelcolosi.com.br\/wp-content\/uploads\/2023\/11\/Copia-de-Copia-de-TAMANHO-EXATO-PARA-FOTOS-NO-SISTEMA-NOVO-3.png?fit=1200%2C675&ssl=1&resize=700%2C400 2x, https:\/\/i0.wp.com\/ismaelcolosi.com.br\/wp-content\/uploads\/2023\/11\/Copia-de-Copia-de-TAMANHO-EXATO-PARA-FOTOS-NO-SISTEMA-NOVO-3.png?fit=1200%2C675&ssl=1&resize=1050%2C600 3x"},"classes":[]},{"id":57637,"url":"https:\/\/ismaelcolosi.com.br\/index.php\/2024\/07\/23\/perdeu-diz-assaltante-armado-ao-roubar-carro-em-pleno-transito-de-ribeirao-preto\/","url_meta":{"origin":54536,"position":5},"title":"&#8216;Perdeu&#8217;, diz assaltante armado ao roubar carro em pleno tr\u00e2nsito de Ribeir\u00e3o Preto","author":"ismaelcolosi.com.br","date":"23 de July de 2024","format":false,"excerpt":"Um motorista foi abordado no tr\u00e2nsito por dois assaltantes em uma moto e teve o carro roubado na noite desta segunda-feira (22), na zona Norte de Ribeir\u00e3o Preto. Segundo o boletim de ocorr\u00eancia (BO), a v\u00edtima relatou \u00e0 pol\u00edcia que passava pela avenida Capit\u00e3o Salom\u00e3o e que a abordagem ocorreu\u2026","rel":"","context":"In &quot;Not\u00edcias de Ribeir\u00e3o Preto-SP e Regi\u00e3o&quot;","block_context":{"text":"Not\u00edcias de Ribeir\u00e3o Preto-SP e Regi\u00e3o","link":"https:\/\/ismaelcolosi.com.br\/index.php\/category\/noticias-de-ribeirao-preto-sp-e-regiao-ismael-colosi\/"},"img":{"alt_text":"","src":"https:\/\/i0.wp.com\/ismaelcolosi.com.br\/wp-content\/uploads\/2024\/07\/WhatsApp-Image-2023-10-16-at-09.34.32-1.jpeg?fit=1080%2C1080&ssl=1&resize=350%2C200","width":350,"height":200,"srcset":"https:\/\/i0.wp.com\/ismaelcolosi.com.br\/wp-content\/uploads\/2024\/07\/WhatsApp-Image-2023-10-16-at-09.34.32-1.jpeg?fit=1080%2C1080&ssl=1&resize=350%2C200 1x, https:\/\/i0.wp.com\/ismaelcolosi.com.br\/wp-content\/uploads\/2024\/07\/WhatsApp-Image-2023-10-16-at-09.34.32-1.jpeg?fit=1080%2C1080&ssl=1&resize=525%2C300 1.5x, https:\/\/i0.wp.com\/ismaelcolosi.com.br\/wp-content\/uploads\/2024\/07\/WhatsApp-Image-2023-10-16-at-09.34.32-1.jpeg?fit=1080%2C1080&ssl=1&resize=700%2C400 2x, https:\/\/i0.wp.com\/ismaelcolosi.com.br\/wp-content\/uploads\/2024\/07\/WhatsApp-Image-2023-10-16-at-09.34.32-1.jpeg?fit=1080%2C1080&ssl=1&resize=1050%2C600 3x"},"classes":[]}],"jetpack_sharing_enabled":true,"jetpack_shortlink":"https:\/\/wp.me\/pfMlyK-ebC","_links":{"self":[{"href":"https:\/\/ismaelcolosi.com.br\/index.php\/wp-json\/wp\/v2\/posts\/54536","targetHints":{"allow":["GET"]}}],"collection":[{"href":"https:\/\/ismaelcolosi.com.br\/index.php\/wp-json\/wp\/v2\/posts"}],"about":[{"href":"https:\/\/ismaelcolosi.com.br\/index.php\/wp-json\/wp\/v2\/types\/post"}],"author":[{"embeddable":true,"href":"https:\/\/ismaelcolosi.com.br\/index.php\/wp-json\/wp\/v2\/users\/1"}],"replies":[{"embeddable":true,"href":"https:\/\/ismaelcolosi.com.br\/index.php\/wp-json\/wp\/v2\/comments?post=54536"}],"version-history":[{"count":0,"href":"https:\/\/ismaelcolosi.com.br\/index.php\/wp-json\/wp\/v2\/posts\/54536\/revisions"}],"wp:featuredmedia":[{"embeddable":true,"href":"https:\/\/ismaelcolosi.com.br\/index.php\/wp-json\/wp\/v2\/media\/54537"}],"wp:attachment":[{"href":"https:\/\/ismaelcolosi.com.br\/index.php\/wp-json\/wp\/v2\/media?parent=54536"}],"wp:term":[{"taxonomy":"category","embeddable":true,"href":"https:\/\/ismaelcolosi.com.br\/index.php\/wp-json\/wp\/v2\/categories?post=54536"},{"taxonomy":"post_tag","embeddable":true,"href":"https:\/\/ismaelcolosi.com.br\/index.php\/wp-json\/wp\/v2\/tags?post=54536"}],"curies":[{"name":"wp","href":"https:\/\/api.w.org\/{rel}","templated":true}]}}