{"id":54532,"date":"2024-06-26T07:19:18","date_gmt":"2024-06-26T10:19:18","guid":{"rendered":"https:\/\/ismaelcolosi.com.br\/index.php\/2024\/06\/26\/acidente-com-onibus-e-caminhao-deixa-1-morto-e-dezenas-de-feridos-na-anhanguera\/"},"modified":"2024-06-26T07:19:18","modified_gmt":"2024-06-26T10:19:18","slug":"acidente-com-onibus-e-caminhao-deixa-1-morto-e-dezenas-de-feridos-na-anhanguera","status":"publish","type":"post","link":"https:\/\/ismaelcolosi.com.br\/index.php\/2024\/06\/26\/acidente-com-onibus-e-caminhao-deixa-1-morto-e-dezenas-de-feridos-na-anhanguera\/","title":{"rendered":"Acidente com \u00f4nibus e caminh\u00e3o deixa 1 morto e dezenas de feridos na Anhanguera"},"content":{"rendered":"<p> <br \/>\n<\/p>\n<div data-td-block-uid=\"tdi_106\">\n<div class=\"tdb-block-inner td-fix-index\">\n<p><strong>Uma batida entre um \u00f4nibus e um caminh\u00e3o deixou um morto e ao menos 12 feridos no km 299 da rodovia Anhanguera (SP-330), no in\u00edcio da madrugada desta quarta-feira (26), no trecho conhecido como Serra de Cravinhos, na regi\u00e3o de Ribeir\u00e3o Preto.<\/strong><\/p>\n<p>Segundo a <strong>Artesp (Ag\u00eancia de Transporte do Estado de S\u00e3o Paulo)<\/strong>, o \u00f4nibus seguia com destino a Bras\u00edlia (DF) e atingiu a traseira do caminh\u00e3o na pista sentido Norte (Capital-interior).<\/p><div class='code-block code-block-8' style='margin: 8px auto; text-align: center; display: block; clear: both;'>\n<script>\n  atOptions = {\n    'key' : '66e2e2111ca34da796271819fc334058',\n    'format' : 'iframe',\n    'height' : 250,\n    'width' : 300,\n    'params' : {}\n  };\n<\/script>\n<script src=\"https:\/\/www.highperformanceformat.com\/66e2e2111ca34da796271819fc334058\/invoke.js\"><\/script>\n<\/div>\n\n<p>Segundo a PMR (Pol\u00edcia Militar Rodovi\u00e1ria), as v\u00edtimas estavam no \u00f4nibus e o motorista do ve\u00edculo morreu. As 12 v\u00edtimas sofreram ferimentos leves. Outras 17 pessoas que tamb\u00e9m seguiam no \u00f4nibus sa\u00edram ilesas.\u00a0<\/p>\n<h4 class=\"wp-block-heading\"><strong>Parou tudo<\/strong><\/h4>\n<p>A concession\u00e1ria ViaPaulista informou que a pista foi totalmente bloqueada e fluxo desviado para a SP-328, no sentido a Bonfim Paulista.<\/p>\n<p>A libera\u00e7\u00e3o da faixa esquerda ocorreu \u00e0s 4h40 e da faixa direita e acostamento \u00e0s 5h40, conforme a concession\u00e1ria. A congestionamento chegou a 2 quil\u00f4metros de extens\u00e3o.<\/p>\n<p>O fluxo foi normalizado \u00e0s 5h20, de acordo com a ViaPaulista.<\/p>\n<p>Al\u00e9m das equipes da PMR e concession\u00e1ria, a ocorr\u00eancia tamb\u00e9m mobilizou o Corpo de Bombeiros.<\/p>\n<p>SAIBA MAIS<\/p>\n<p>V\u00edtima de golpe diz que vendeu apartamento e investiu R$ 860 mil em empresa de Ribeir\u00e3o<\/p>\n<h4 class=\"wp-block-heading\"><strong>FIQUE ON<\/strong><\/h4>\n<p>Fique ligado em tudo que acontece em Ribeir\u00e3o Preto e regi\u00e3o. Siga os perfis do<strong>\u00a0acidade on\u00a0<\/strong>no<a href=\"https:\/\/www.instagram.com\/acidadeonribeirao\" target=\"_blank\" rel=\"noreferrer noopener\">\u00a0Instagram\u00a0<\/a>e no\u00a0<a href=\"https:\/\/www.facebook.com\/acidadeonribeirao\/\" target=\"_blank\" rel=\"noreferrer noopener\">Facebook<\/a>.<\/p>\n<p>Receba not\u00edcias do<strong>\u00a0acidade on<\/strong>\u00a0no WhatsApp.\u00a0<a href=\"https:\/\/chat.whatsapp.com\/CdrZ6xrf7quD44Vw3WlPuZ\" target=\"_blank\" rel=\"noreferrer noopener\">Para entrar no grupo, basta clicar aqui.<\/a><\/p>\n<p>Fa\u00e7a uma den\u00fancia ou sugira uma reportagem sobre Ribeir\u00e3o Preto e regi\u00e3o pelo WhatsApp: 16 99117 7802.<\/p>\n<p>VEJA TAMB\u00c9M<\/p>\n<p>Qual a diferen\u00e7a entre legalizar e descriminalizar o porte de maconha?<\/p>\n<p><!-- AI CONTENT END 3 -->\n<\/div>\n<\/div>\n<p><script async src=\"\/\/www.instagram.com\/embed.js\"><\/script><br \/>\n<br \/><br \/>\n<br \/><a href=\"https:\/\/www.acidadeon.com\/ribeiraopreto\/cotidiano\/acidente-com-onibus-e-caminhao-deixa-1-morto-e-dezenas-de-feridos-na-anhanguera\/\">Source link <\/a><\/p>\n<div class='code-block code-block-4' style='margin: 8px auto 8px 0; text-align: left; display: block; clear: both;'>\n\ud83d\udce2 Aviso Legal\n\nO site ismaelcolosi.com.br atua apenas como um canal de divulga\u00e7\u00e3o de oportunidades de emprego e n\u00e3o se responsabiliza pelo processo seletivo, contrata\u00e7\u00e3o ou qualquer outra etapa relacionada \u00e0s vagas publicadas. Todas as informa\u00e7\u00f5es s\u00e3o de responsabilidade dos anunciantes.\n\n\u26a0\ufe0f Aten\u00e7\u00e3o! Nunca pague por promessas de emprego nem compre cursos que garantam contrata\u00e7\u00e3o. Desconfie de qualquer cobran\u00e7a para participar de sele\u00e7\u00f5es.\n\n\n\n<\/div>\n<!-- CONTENT END 1 -->\n","protected":false},"excerpt":{"rendered":"<p>Uma batida entre um \u00f4nibus e um caminh\u00e3o deixou um morto e ao menos 12 feridos no km 299 da rodovia Anhanguera (SP-330), no in\u00edcio&#8230;<\/p>\n","protected":false},"author":1,"featured_media":54533,"comment_status":"open","ping_status":"open","sticky":false,"template":"","format":"standard","meta":{"_uag_custom_page_level_css":"","advanced_seo_description":"","jetpack_seo_html_title":"","jetpack_seo_noindex":false,"jetpack_post_was_ever_published":false,"_jetpack_newsletter_access":"","_jetpack_dont_email_post_to_subs":false,"_jetpack_newsletter_tier_id":0,"_jetpack_memberships_contains_paywalled_content":false,"_jetpack_memberships_contains_paid_content":false,"footnotes":"","jetpack_publicize_message":"","jetpack_publicize_feature_enabled":true,"jetpack_social_post_already_shared":true,"jetpack_social_options":{"image_generator_settings":{"template":"highway","default_image_id":0,"font":"","enabled":false},"version":2}},"categories":[11],"tags":[],"class_list":["post-54532","post","type-post","status-publish","format-standard","has-post-thumbnail","hentry","category-noticias-de-ribeirao-preto-sp-e-regiao-ismael-colosi"],"jetpack_publicize_connections":[],"jetpack_featured_media_url":"https:\/\/i0.wp.com\/ismaelcolosi.com.br\/wp-content\/uploads\/2024\/06\/1719397158_acidadeon_logos_Prancheta-1-copia-12_edited.jpg?fit=2250%2C2251&ssl=1","uagb_featured_image_src":{"full":["https:\/\/i0.wp.com\/ismaelcolosi.com.br\/wp-content\/uploads\/2024\/06\/1719397158_acidadeon_logos_Prancheta-1-copia-12_edited.jpg?fit=2250%2C2251&ssl=1",2250,2251,false],"thumbnail":["https:\/\/i0.wp.com\/ismaelcolosi.com.br\/wp-content\/uploads\/2024\/06\/1719397158_acidadeon_logos_Prancheta-1-copia-12_edited.jpg?resize=150%2C150&ssl=1",150,150,true],"medium":["https:\/\/i0.wp.com\/ismaelcolosi.com.br\/wp-content\/uploads\/2024\/06\/1719397158_acidadeon_logos_Prancheta-1-copia-12_edited.jpg?fit=300%2C300&ssl=1",300,300,true],"medium_large":["https:\/\/i0.wp.com\/ismaelcolosi.com.br\/wp-content\/uploads\/2024\/06\/1719397158_acidadeon_logos_Prancheta-1-copia-12_edited.jpg?fit=768%2C768&ssl=1",768,768,true],"large":["https:\/\/i0.wp.com\/ismaelcolosi.com.br\/wp-content\/uploads\/2024\/06\/1719397158_acidadeon_logos_Prancheta-1-copia-12_edited.jpg?fit=1024%2C1024&ssl=1",1024,1024,true],"1536x1536":["https:\/\/i0.wp.com\/ismaelcolosi.com.br\/wp-content\/uploads\/2024\/06\/1719397158_acidadeon_logos_Prancheta-1-copia-12_edited.jpg?fit=1536%2C1536&ssl=1",1536,1536,true],"2048x2048":["https:\/\/i0.wp.com\/ismaelcolosi.com.br\/wp-content\/uploads\/2024\/06\/1719397158_acidadeon_logos_Prancheta-1-copia-12_edited.jpg?fit=2048%2C2048&ssl=1",2048,2048,true],"really-simple-thumb":["https:\/\/i0.wp.com\/ismaelcolosi.com.br\/wp-content\/uploads\/2024\/06\/1719397158_acidadeon_logos_Prancheta-1-copia-12_edited.jpg?resize=370%2C247&ssl=1",370,247,true]},"uagb_author_info":{"display_name":"ismaelcolosi.com.br","author_link":"https:\/\/ismaelcolosi.com.br\/index.php\/author\/vidareal-online\/"},"uagb_comment_info":0,"uagb_excerpt":"Uma batida entre um \u00f4nibus e um caminh\u00e3o deixou um morto e ao menos 12 feridos no km 299 da rodovia Anhanguera (SP-330), no in\u00edcio...","jetpack-related-posts":[{"id":54599,"url":"https:\/\/ismaelcolosi.com.br\/index.php\/2024\/06\/26\/identificado-motorista-de-onibus-morto-em-acidente-com-caminhao-na-anhanguera\/","url_meta":{"origin":54532,"position":0},"title":"Identificado motorista de \u00f4nibus morto em acidente com caminh\u00e3o na Anhanguera","author":"ismaelcolosi.com.br","date":"26 de June de 2024","format":false,"excerpt":"A Pol\u00edcia Civil identificou o motorista de \u00f4nibus morto na batida que envolveu o ve\u00edculo e um caminh\u00e3o, na madrugada desta quarta-feira (26), no km 299 da rodovia Anhanguera (SP-330), no trecho conhecido como Serra de Cravinhos, na regi\u00e3o de Ribeir\u00e3o Preto. Segundo o boletim de ocorr\u00eancia (BO), o condutor\u2026","rel":"","context":"In &quot;Not\u00edcias de Ribeir\u00e3o Preto-SP e Regi\u00e3o&quot;","block_context":{"text":"Not\u00edcias de Ribeir\u00e3o Preto-SP e Regi\u00e3o","link":"https:\/\/ismaelcolosi.com.br\/index.php\/category\/noticias-de-ribeirao-preto-sp-e-regiao-ismael-colosi\/"},"img":{"alt_text":"","src":"https:\/\/i0.wp.com\/ismaelcolosi.com.br\/wp-content\/uploads\/2024\/06\/ONIBUS-ACIDENTE_2024-06-26_14-28-49_jpg_2024-06-26_14-28-50.webp.webp?fit=1200%2C827&ssl=1&resize=350%2C200","width":350,"height":200,"srcset":"https:\/\/i0.wp.com\/ismaelcolosi.com.br\/wp-content\/uploads\/2024\/06\/ONIBUS-ACIDENTE_2024-06-26_14-28-49_jpg_2024-06-26_14-28-50.webp.webp?fit=1200%2C827&ssl=1&resize=350%2C200 1x, https:\/\/i0.wp.com\/ismaelcolosi.com.br\/wp-content\/uploads\/2024\/06\/ONIBUS-ACIDENTE_2024-06-26_14-28-49_jpg_2024-06-26_14-28-50.webp.webp?fit=1200%2C827&ssl=1&resize=525%2C300 1.5x, https:\/\/i0.wp.com\/ismaelcolosi.com.br\/wp-content\/uploads\/2024\/06\/ONIBUS-ACIDENTE_2024-06-26_14-28-49_jpg_2024-06-26_14-28-50.webp.webp?fit=1200%2C827&ssl=1&resize=700%2C400 2x, https:\/\/i0.wp.com\/ismaelcolosi.com.br\/wp-content\/uploads\/2024\/06\/ONIBUS-ACIDENTE_2024-06-26_14-28-49_jpg_2024-06-26_14-28-50.webp.webp?fit=1200%2C827&ssl=1&resize=1050%2C600 3x"},"classes":[]},{"id":78572,"url":"https:\/\/ismaelcolosi.com.br\/index.php\/2024\/12\/06\/um-morto-e-cinco-feridos-em-acidente-no-trecho-critico-da-anhanguera\/","url_meta":{"origin":54532,"position":1},"title":"Um morto e cinco feridos em acidente no trecho cr\u00edtico da Anhanguera","author":"ismaelcolosi.com.br","date":"6 de December de 2024","format":false,"excerpt":"Em um per\u00edodo de 15 dias, cinco pessoas j\u00e1 perderam a vida na regi\u00e3o pr\u00f3xima \u00e0 Serra de Santa Rita 6 de dezembro de 20246 de dezembro de 202410 Compartilhar2 Por: Adalberto Luque Uma pessoa morreu e cinco ficaram feridas, na madrugada desta sexta-feira (6), ap\u00f3s um acidente envolvendo um\u2026","rel":"","context":"In &quot;Not\u00edcias de Ribeir\u00e3o Preto-SP e Regi\u00e3o&quot;","block_context":{"text":"Not\u00edcias de Ribeir\u00e3o Preto-SP e Regi\u00e3o","link":"https:\/\/ismaelcolosi.com.br\/index.php\/category\/noticias-de-ribeirao-preto-sp-e-regiao-ismael-colosi\/"},"img":{"alt_text":"","src":"https:\/\/i0.wp.com\/ismaelcolosi.com.br\/wp-content\/uploads\/2024\/12\/06dez2024-morteserrinha-scaled.jpg?fit=651%2C500&ssl=1&resize=350%2C200","width":350,"height":200,"srcset":"https:\/\/i0.wp.com\/ismaelcolosi.com.br\/wp-content\/uploads\/2024\/12\/06dez2024-morteserrinha-scaled.jpg?fit=651%2C500&ssl=1&resize=350%2C200 1x, https:\/\/i0.wp.com\/ismaelcolosi.com.br\/wp-content\/uploads\/2024\/12\/06dez2024-morteserrinha-scaled.jpg?fit=651%2C500&ssl=1&resize=525%2C300 1.5x"},"classes":[]},{"id":51720,"url":"https:\/\/ismaelcolosi.com.br\/index.php\/2024\/05\/30\/onibus-com-66-pessoas-tomba-e-deixa-1-morto-e-feridos-na-rodovia-anhanguera\/","url_meta":{"origin":54532,"position":2},"title":"\u00d4nibus com 66 pessoas tomba e deixa 1 morto e feridos na rodovia Anhanguera \u00a0","author":"ismaelcolosi.com.br","date":"30 de May de 2024","format":false,"excerpt":"Um \u00f4nibus com 66 pessoas tombou na madrugada desta quinta-feira (30) e deixou um morto e ao menos quatro feridos, entre os quais um em estado grave, no km 301 da rodovia Anhanguera, entre Cravinhos e Ribeir\u00e3o Preto. O ve\u00edculo havia sa\u00eddo de Suzano (SP) e seguia com destino a\u2026","rel":"","context":"In &quot;Not\u00edcias de Ribeir\u00e3o Preto-SP e Regi\u00e3o&quot;","block_context":{"text":"Not\u00edcias de Ribeir\u00e3o Preto-SP e Regi\u00e3o","link":"https:\/\/ismaelcolosi.com.br\/index.php\/category\/noticias-de-ribeirao-preto-sp-e-regiao-ismael-colosi\/"},"img":{"alt_text":"","src":"https:\/\/i0.wp.com\/ismaelcolosi.com.br\/wp-content\/uploads\/2024\/05\/WhatsApp-Image-2024-05-30-at-07.00.42_2024-05-30_10-22-40_jpeg_2024-05-30_10-22-41-scaled.webp.webp?fit=1200%2C675&ssl=1&resize=350%2C200","width":350,"height":200,"srcset":"https:\/\/i0.wp.com\/ismaelcolosi.com.br\/wp-content\/uploads\/2024\/05\/WhatsApp-Image-2024-05-30-at-07.00.42_2024-05-30_10-22-40_jpeg_2024-05-30_10-22-41-scaled.webp.webp?fit=1200%2C675&ssl=1&resize=350%2C200 1x, https:\/\/i0.wp.com\/ismaelcolosi.com.br\/wp-content\/uploads\/2024\/05\/WhatsApp-Image-2024-05-30-at-07.00.42_2024-05-30_10-22-40_jpeg_2024-05-30_10-22-41-scaled.webp.webp?fit=1200%2C675&ssl=1&resize=525%2C300 1.5x, https:\/\/i0.wp.com\/ismaelcolosi.com.br\/wp-content\/uploads\/2024\/05\/WhatsApp-Image-2024-05-30-at-07.00.42_2024-05-30_10-22-40_jpeg_2024-05-30_10-22-41-scaled.webp.webp?fit=1200%2C675&ssl=1&resize=700%2C400 2x, https:\/\/i0.wp.com\/ismaelcolosi.com.br\/wp-content\/uploads\/2024\/05\/WhatsApp-Image-2024-05-30-at-07.00.42_2024-05-30_10-22-40_jpeg_2024-05-30_10-22-41-scaled.webp.webp?fit=1200%2C675&ssl=1&resize=1050%2C600 3x"},"classes":[]},{"id":51718,"url":"https:\/\/ismaelcolosi.com.br\/index.php\/2024\/05\/30\/onibus-com-66-pessoas-tomba-e-deixa-1-morto-e-4-feridos-na-rodovia-anhanguera\/","url_meta":{"origin":54532,"position":3},"title":"\u00d4nibus com 66 pessoas tomba e deixa 1 morto e 4 feridos na rodovia Anhanguera \u00a0","author":"ismaelcolosi.com.br","date":"30 de May de 2024","format":false,"excerpt":"Um \u00f4nibus com 66 pessoas tombou na madrugada desta quinta-feira (30) e deixou um morto e quatro feridos, entre os quais um em estado grave, no km 301 da rodovia Anhanguera, entre Cravinhos e Ribeir\u00e3o Preto. O ve\u00edculo havia sa\u00eddo de Suzano (SP) e seguia com destino a Caldas Nova\u2026","rel":"","context":"In &quot;Not\u00edcias de Ribeir\u00e3o Preto-SP e Regi\u00e3o&quot;","block_context":{"text":"Not\u00edcias de Ribeir\u00e3o Preto-SP e Regi\u00e3o","link":"https:\/\/ismaelcolosi.com.br\/index.php\/category\/noticias-de-ribeirao-preto-sp-e-regiao-ismael-colosi\/"},"img":{"alt_text":"","src":"https:\/\/i0.wp.com\/ismaelcolosi.com.br\/wp-content\/uploads\/2024\/05\/WhatsApp-Image-2024-05-30-at-07.00.42_2024-05-30_10-22-40_jpeg_2024-05-30_10-22-41-scaled.webp.webp?fit=1200%2C675&ssl=1&resize=350%2C200","width":350,"height":200,"srcset":"https:\/\/i0.wp.com\/ismaelcolosi.com.br\/wp-content\/uploads\/2024\/05\/WhatsApp-Image-2024-05-30-at-07.00.42_2024-05-30_10-22-40_jpeg_2024-05-30_10-22-41-scaled.webp.webp?fit=1200%2C675&ssl=1&resize=350%2C200 1x, https:\/\/i0.wp.com\/ismaelcolosi.com.br\/wp-content\/uploads\/2024\/05\/WhatsApp-Image-2024-05-30-at-07.00.42_2024-05-30_10-22-40_jpeg_2024-05-30_10-22-41-scaled.webp.webp?fit=1200%2C675&ssl=1&resize=525%2C300 1.5x, https:\/\/i0.wp.com\/ismaelcolosi.com.br\/wp-content\/uploads\/2024\/05\/WhatsApp-Image-2024-05-30-at-07.00.42_2024-05-30_10-22-40_jpeg_2024-05-30_10-22-41-scaled.webp.webp?fit=1200%2C675&ssl=1&resize=700%2C400 2x, https:\/\/i0.wp.com\/ismaelcolosi.com.br\/wp-content\/uploads\/2024\/05\/WhatsApp-Image-2024-05-30-at-07.00.42_2024-05-30_10-22-40_jpeg_2024-05-30_10-22-41-scaled.webp.webp?fit=1200%2C675&ssl=1&resize=1050%2C600 3x"},"classes":[]},{"id":51730,"url":"https:\/\/ismaelcolosi.com.br\/index.php\/2024\/05\/30\/identificado-motorista-morto-em-acidente-com-onibus-de-excursao-na-anhanguera\/","url_meta":{"origin":54532,"position":4},"title":"Identificado motorista morto em acidente com \u00f4nibus de excurs\u00e3o na Anhanguera","author":"ismaelcolosi.com.br","date":"30 de May de 2024","format":false,"excerpt":"A Pol\u00edcia Civil identificou o motorista de um \u00f4nibus de excurs\u00e3o que morreu na madrugada desta quinta-feira (30), em um acidente com o ve\u00edculo que transportava 66 pessoas, no km 301 da rodovia Anhanguera (SP-330), em trecho de descida entre Cravinhos e Ribeir\u00e3o Preto. Segundo o boletim de ocorr\u00eancia (BO),\u2026","rel":"","context":"In &quot;Not\u00edcias de Ribeir\u00e3o Preto-SP e Regi\u00e3o&quot;","block_context":{"text":"Not\u00edcias de Ribeir\u00e3o Preto-SP e Regi\u00e3o","link":"https:\/\/ismaelcolosi.com.br\/index.php\/category\/noticias-de-ribeirao-preto-sp-e-regiao-ismael-colosi\/"},"img":{"alt_text":"","src":"https:\/\/i0.wp.com\/ismaelcolosi.com.br\/wp-content\/uploads\/2024\/05\/WhatsApp-Image-2024-05-30-at-11.44.49_2024-05-30_14-45-12_jpeg_2024-05-30_14-45-13.webp.webp?fit=1200%2C675&ssl=1&resize=350%2C200","width":350,"height":200,"srcset":"https:\/\/i0.wp.com\/ismaelcolosi.com.br\/wp-content\/uploads\/2024\/05\/WhatsApp-Image-2024-05-30-at-11.44.49_2024-05-30_14-45-12_jpeg_2024-05-30_14-45-13.webp.webp?fit=1200%2C675&ssl=1&resize=350%2C200 1x, https:\/\/i0.wp.com\/ismaelcolosi.com.br\/wp-content\/uploads\/2024\/05\/WhatsApp-Image-2024-05-30-at-11.44.49_2024-05-30_14-45-12_jpeg_2024-05-30_14-45-13.webp.webp?fit=1200%2C675&ssl=1&resize=525%2C300 1.5x, https:\/\/i0.wp.com\/ismaelcolosi.com.br\/wp-content\/uploads\/2024\/05\/WhatsApp-Image-2024-05-30-at-11.44.49_2024-05-30_14-45-12_jpeg_2024-05-30_14-45-13.webp.webp?fit=1200%2C675&ssl=1&resize=700%2C400 2x, https:\/\/i0.wp.com\/ismaelcolosi.com.br\/wp-content\/uploads\/2024\/05\/WhatsApp-Image-2024-05-30-at-11.44.49_2024-05-30_14-45-12_jpeg_2024-05-30_14-45-13.webp.webp?fit=1200%2C675&ssl=1&resize=1050%2C600 3x"},"classes":[]},{"id":45361,"url":"https:\/\/ismaelcolosi.com.br\/index.php\/2024\/04\/03\/micro-onibus-colide-com-caminhao-e-deixa-dois-feridos-na-regiao-de-ribeirao-preto\/","url_meta":{"origin":54532,"position":5},"title":"Micro-\u00f4nibus colide com caminh\u00e3o e deixa dois feridos na regi\u00e3o de Ribeir\u00e3o Preto","author":"ismaelcolosi.com.br","date":"3 de April de 2024","format":false,"excerpt":"Duas pessoas ficaram feridas ap\u00f3s o micro-\u00f4nibus em que elas estavam se envolver em um acidente de tr\u00e2nsito na rodovia C\u00e2ndido Portinari (SP-334), pr\u00f3ximo a Pedregulho, cidade na regi\u00e3o de Ribeir\u00e3o Preto. De acordo com a Pol\u00edcia Militar Rodovi\u00e1ria (PMR), o micro-\u00f4nibus seguia para Franca, quando o ve\u00edculo acabou colidindo\u2026","rel":"","context":"In &quot;Not\u00edcias de Ribeir\u00e3o Preto-SP e Regi\u00e3o&quot;","block_context":{"text":"Not\u00edcias de Ribeir\u00e3o Preto-SP e Regi\u00e3o","link":"https:\/\/ismaelcolosi.com.br\/index.php\/category\/noticias-de-ribeirao-preto-sp-e-regiao-ismael-colosi\/"},"img":{"alt_text":"","src":"https:\/\/i0.wp.com\/ismaelcolosi.com.br\/wp-content\/uploads\/2024\/04\/Copia-de-Copia-de-TAMANHO-EXATO-PARA-FOTOS-NO-SISTEMA-NOVO-5.png?fit=1200%2C675&ssl=1&resize=350%2C200","width":350,"height":200,"srcset":"https:\/\/i0.wp.com\/ismaelcolosi.com.br\/wp-content\/uploads\/2024\/04\/Copia-de-Copia-de-TAMANHO-EXATO-PARA-FOTOS-NO-SISTEMA-NOVO-5.png?fit=1200%2C675&ssl=1&resize=350%2C200 1x, https:\/\/i0.wp.com\/ismaelcolosi.com.br\/wp-content\/uploads\/2024\/04\/Copia-de-Copia-de-TAMANHO-EXATO-PARA-FOTOS-NO-SISTEMA-NOVO-5.png?fit=1200%2C675&ssl=1&resize=525%2C300 1.5x, https:\/\/i0.wp.com\/ismaelcolosi.com.br\/wp-content\/uploads\/2024\/04\/Copia-de-Copia-de-TAMANHO-EXATO-PARA-FOTOS-NO-SISTEMA-NOVO-5.png?fit=1200%2C675&ssl=1&resize=700%2C400 2x, https:\/\/i0.wp.com\/ismaelcolosi.com.br\/wp-content\/uploads\/2024\/04\/Copia-de-Copia-de-TAMANHO-EXATO-PARA-FOTOS-NO-SISTEMA-NOVO-5.png?fit=1200%2C675&ssl=1&resize=1050%2C600 3x"},"classes":[]}],"jetpack_sharing_enabled":true,"jetpack_shortlink":"https:\/\/wp.me\/pfMlyK-eby","_links":{"self":[{"href":"https:\/\/ismaelcolosi.com.br\/index.php\/wp-json\/wp\/v2\/posts\/54532","targetHints":{"allow":["GET"]}}],"collection":[{"href":"https:\/\/ismaelcolosi.com.br\/index.php\/wp-json\/wp\/v2\/posts"}],"about":[{"href":"https:\/\/ismaelcolosi.com.br\/index.php\/wp-json\/wp\/v2\/types\/post"}],"author":[{"embeddable":true,"href":"https:\/\/ismaelcolosi.com.br\/index.php\/wp-json\/wp\/v2\/users\/1"}],"replies":[{"embeddable":true,"href":"https:\/\/ismaelcolosi.com.br\/index.php\/wp-json\/wp\/v2\/comments?post=54532"}],"version-history":[{"count":0,"href":"https:\/\/ismaelcolosi.com.br\/index.php\/wp-json\/wp\/v2\/posts\/54532\/revisions"}],"wp:featuredmedia":[{"embeddable":true,"href":"https:\/\/ismaelcolosi.com.br\/index.php\/wp-json\/wp\/v2\/media\/54533"}],"wp:attachment":[{"href":"https:\/\/ismaelcolosi.com.br\/index.php\/wp-json\/wp\/v2\/media?parent=54532"}],"wp:term":[{"taxonomy":"category","embeddable":true,"href":"https:\/\/ismaelcolosi.com.br\/index.php\/wp-json\/wp\/v2\/categories?post=54532"},{"taxonomy":"post_tag","embeddable":true,"href":"https:\/\/ismaelcolosi.com.br\/index.php\/wp-json\/wp\/v2\/tags?post=54532"}],"curies":[{"name":"wp","href":"https:\/\/api.w.org\/{rel}","templated":true}]}}