{"id":54530,"date":"2024-06-26T06:13:26","date_gmt":"2024-06-26T09:13:26","guid":{"rendered":"https:\/\/ismaelcolosi.com.br\/index.php\/2024\/06\/26\/como-usar-a-fofoca-no-trabalho-a-seu-favor\/"},"modified":"2024-06-26T06:13:26","modified_gmt":"2024-06-26T09:13:26","slug":"como-usar-a-fofoca-no-trabalho-a-seu-favor","status":"publish","type":"post","link":"https:\/\/ismaelcolosi.com.br\/index.php\/2024\/06\/26\/como-usar-a-fofoca-no-trabalho-a-seu-favor\/","title":{"rendered":"Como usar a fofoca no trabalho a seu favor?"},"content":{"rendered":"<p> <br \/>\n<\/p>\n<div>\n<p>No vasto ecossistema das din\u00e2micas do trabalho, existe um fen\u00f4meno peculiar, por\u00e9m onipresente: a fofoca. O canal privado no Slack, o chat no Zoom, a copa no escrit\u00f3rio \u2013 todos podem se transformar em cantos de conversa, onde fragmentos de informa\u00e7\u00e3o s\u00e3o secretamente passados de pessoa para pessoa.<\/p>\n<div class=\"accessibility\">\n<p>Acessibilidade<\/p><div class='code-block code-block-8' style='margin: 8px auto; text-align: center; display: block; clear: both;'>\n<script>\n  atOptions = {\n    'key' : '66e2e2111ca34da796271819fc334058',\n    'format' : 'iframe',\n    'height' : 250,\n    'width' : 300,\n    'params' : {}\n  };\n<\/script>\n<script src=\"https:\/\/www.highperformanceformat.com\/66e2e2111ca34da796271819fc334058\/invoke.js\"><\/script>\n<\/div>\n\n<p>\n<button onclick=\"alterFont1()\" id=\"btn1\" class=\"btn\">L<\/button><br \/>\n<button onclick=\"alterFont2()\" id=\"btn2\" class=\"btn\" style=\"font-family: Merriweather\">L<\/button><br \/>\n<button onclick=\"alterFontSmallerSize()\" id=\"btn3\" class=\"btn\">A-<\/button><br \/>\n<button onclick=\"alterFontBiggerSize()\" id=\"btn4\" class=\"btn\">A+<\/button><\/p>\n<p><button onclick=\"alterBackground()\" id=\"btn6\" class=\"btn\">\u25d0<\/button><\/p>\n<\/div>\n<p><a href=\"https:\/\/www.ncbi.nlm.nih.gov\/pmc\/articles\/PMC9742466\/#:~:text=Studies%20indicated%20that%20employees%20spend,the%20prevalence%20of%20workplace%20gossip.\" target=\"_blank\" rel=\"noopener\">Estudos <\/a>indicam que os profissionais<strong> gastam aproximadamente 65% de suas horas de trabalho em fofocas<\/strong>, e mais de 95% dos funcion\u00e1rios participam delas, provando que praticamente ningu\u00e9m est\u00e1 acima desse passatempo no escrit\u00f3rio.<\/p>\n<div id=\"attachment_618790\" class=\"wp-caption alignnone style=\" max-width:=\"\"><img data-recalc-dims=\"1\" fetchpriority=\"high\" decoding=\"async\" class=\"alignnone wp-image-618790 size-medium\" src=\"https:\/\/i0.wp.com\/forbes.com.br\/wp-content\/uploads\/2024\/06\/carreira-fofoca-no-trabalho-768x512.jpg?resize=678%2C452&#038;ssl=1\" http:=\"\" alt=\"Getty Images\" width=\"678\" height=\"452\" data-lazy-src=\"https:\/\/forbes.com.br\/wp-content\/uploads\/2024\/06\/carreira-fofoca-no-trabalho-768x512.jpg\"\/><img data-recalc-dims=\"1\" fetchpriority=\"high\" decoding=\"async\" class=\"alignnone wp-image-618790 size-medium\" src=\"https:\/\/i0.wp.com\/forbes.com.br\/wp-content\/uploads\/2024\/06\/carreira-fofoca-no-trabalho-768x512.jpg?resize=678%2C452&#038;ssl=1\" alt=\"Getty Images\" width=\"678\" height=\"452\"\/><\/p>\n<p>Getty Images<\/p>\n<p class=\"wp-caption-text\">Fofoca tem efeitos positivos e negativos na cultura empresarial<\/p>\n<\/div>\n<p>Voc\u00ea pode ter sentimentos conflitantes sobre essas rodas de boatos \u2013 sem saber se deve ignor\u00e1-las completamente ou participar para ser aceito em um grupo de colegas. Embora a fofoca possa parecer um aspecto inofensivo da cultura do escrit\u00f3rio \u2013 um pequeno prazer culposo \u2013 <strong>ela pode ser uma espada de dois gumes e uma joia escondida<\/strong>. Eleanor Roosevelt disse uma vez: \u201cgrandes mentes discutem ideias; mentes medianas discutem eventos; mentes pequenas discutem pessoas.\u201d Mas ela estava ignorando o lado positivo da fofoca no s\u00e9culo XXI.<\/p>\n<p>Confira <strong>cinco maneiras de usar os c\u00edrculos de fofoca no trabalho a seu favor, al\u00e9m de evitar algumas armadilhas comuns<\/strong>.<\/p>\n<h2>Al\u00edvio do estresse<\/h2>\n<p>Vamos encarar: o trabalho pode ser estressante. Prazos se aproximam, tens\u00f5es fervem e temperamentos se exaltam. Nesse cen\u00e1rio, entra a <strong>v\u00e1lvula de escape que oferece uma fuga moment\u00e2nea das press\u00f5es do dia a dia<\/strong>. Compartilhar uma risada ou desabafar frustra\u00e7\u00f5es com colegas pode aliviar a carga emocional e criar uma sensa\u00e7\u00e3o de catarse.<\/p>\n<p>No entanto, cuidado com a linha t\u00eanue entre desabafar e aventurar-se em conflitos. A fofoca tem um talento para ati\u00e7ar as chamas da disc\u00f3rdia, transformando pequenos desentendimentos em grandes disputas. A \u00faltima coisa que voc\u00ea quer \u00e9 ser rotulado como negativo ou, pior ainda, um \u201cc\u00e2ncer\u201d dentro da empresa. Portanto, <strong>\u00e9 melhor ser seletivo sobre o contexto da sua queixa<\/strong>.<\/p>\n<p>Se voc\u00ea se sente microgerenciado, \u00e9 aceit\u00e1vel compartilhar esses sentimentos com um colega de equipe que provavelmente sente o mesmo. Isso \u00e9 um \u201cdesabafo construtivo\u201d \u2013 <strong>informa\u00e7\u00f5es que podem ser usadas para melhorar, n\u00e3o apenas a sua situa\u00e7\u00e3o de trabalho, mas tamb\u00e9m a de outros membros da equipe<\/strong>. Voc\u00ea e seus colegas podem pensar em maneiras de compartilhar com seu chefe que se sentem sufocados \u2013 de forma profissional, \u00e9 claro.<\/p>\n<h2>Networking<\/h2>\n<p>Compartilhar uma risada sobre o \u00faltimo esc\u00e2ndalo do escrit\u00f3rio ou comiserar sobre como \u00e9 estar em chamadas de v\u00eddeo o dia todo pode criar um senso de unidade entre os colegas. <strong>\u00c9 a cola social que une equipes virtuais, fomentando um senso de pertencimento e experi\u00eancia compartilhada<\/strong>.<\/p>\n<p>No entanto, ande com cuidado, pois sob a apar\u00eancia de conex\u00e3o est\u00e1 a sombra da toxicidade. A fofoca pode rapidamente se transformar em negatividade, que gera ressentimento e corroe a confian\u00e7a. Lembre-se de que, se voc\u00ea for o primeiro a compartilhar um rumor suculento, a pessoa que o recebe pode concluir que voc\u00ea provavelmente falar\u00e1 sobre ela pelas costas tamb\u00e9m. Portanto, tome cuidado para n\u00e3o come\u00e7ar todas as chamadas com boatos ou reclama\u00e7\u00f5es sobre colegas de trabalho.<\/p>\n<h2>Rede de informa\u00e7\u00f5es<\/h2>\n<p>No mundo acelerado dos neg\u00f3cios, conhecimento \u00e9 poder. Use a fofoca para coletar informa\u00e7\u00f5es, pois as<strong> rodas de conversa muitas vezes servem como redes informais de acontecimentos<\/strong>, disseminando fragmentos que podem n\u00e3o chegar aos canais oficiais, como um an\u00fancio por e-mail da empresa. Precisa saber sobre mudan\u00e7as futuras na lideran\u00e7a? Curioso sobre os \u00faltimos desenvolvimentos do projeto? Sua amiga fofoqueira do escrit\u00f3rio pode ter a informa\u00e7\u00e3o privilegiada.<\/p>\n<p>Mas cuidado, ao jogar o jogo do celular corporativo, a mensagem pode se embara\u00e7ar e se transformar em inverdade. <strong>O que come\u00e7a como uma especula\u00e7\u00e3o inofensiva pode acabar em rumores prejudiciais<\/strong>, desencadeando confus\u00e3o e desviando a produtividade. Melhor agir sempre com ouvidos amig\u00e1veis para colegas desabafarem, em vez de ser a fonte da propaga\u00e7\u00e3o de boatos.<\/p>\n<h2>Construir confian\u00e7a<\/h2>\n<p>No fundo, <strong>a fofoca \u00e9 uma forma de moeda social e muitas vezes \u00e9 trocada por confian\u00e7a<\/strong>. Compartilhar anedotas pessoais ou discutir interesses comuns pode aprofundar conex\u00f5es e criar uma sensa\u00e7\u00e3o de \u201cestamos todos juntos nessa\u201d entre os colegas. \u00c9 a uni\u00e3o por experi\u00eancias compartilhadas que pode construir relacionamentos duradouros.<\/p>\n<p><strong>Leia tamb\u00e9m:<\/strong><\/p>\n<p>O outro lado \u00e9 a trai\u00e7\u00e3o da confian\u00e7a, pois informa\u00e7\u00f5es confidenciais se tornam combust\u00edvel para conversas in\u00fateis. Uma vez quebrada a credibilidade, reconstru\u00ed-la pode ser quase imposs\u00edvel. Portanto, \u00e9 melhor evitar o excesso de compartilhamento e assumir que <strong>qualquer coisa que voc\u00ea diga a um colega pode ser usada contra voc\u00ea como fofoca<\/strong>.<\/p>\n<p>Por exemplo, talvez n\u00e3o compartilhe que voc\u00ea gosta de sair cedo toda sexta-feira ao meio-dia para trabalhar em seu projeto paralelo. Em vez disso, tente compartilhar algo menos potencialmente prejudicial, como o quanto voc\u00ea adora poder levar seu cachorro para passear na hora do almo\u00e7o.<\/p>\n<h2>Identificar oportunidades<\/h2>\n<p>Em um mundo ideal, a transpar\u00eancia no local de trabalho reina suprema, com canais de comunica\u00e7\u00e3o abertos e uma cultura de honestidade. A fofoca, em sua forma mais pura, <strong>pode servir como um term\u00f4metro de transpar\u00eancia organizacional<\/strong>, que oferece insights sobre o funcionamento interno da empresa e proporciona oportunidades de crescimento que n\u00e3o s\u00e3o inicialmente \u00f3bvias. <strong>\u00c9 o pulso da empresa, refletindo o fluxo e refluxo de informa\u00e7\u00f5es<\/strong>.<\/p>\n<p>No entanto, ao descascar as camadas, voc\u00ea encontrar\u00e1 um <strong>terreno f\u00e9rtil para o segredo<\/strong>. Conversas sussurradas e reuni\u00f5es clandestinas <strong>podem criar uma atmosfera de desconfian\u00e7a<\/strong> \u2013 onde a transpar\u00eancia n\u00e3o tem esperan\u00e7a de sobreviver.<\/p>\n<ul>\n<li>\n<h3>Siga a <a href=\"https:\/\/whatsapp.com\/channel\/0029Va9gQKwBFLgM96cJnu0u\" target=\"_blank\" rel=\"noopener\">Forbes<\/a> no WhatsApp e receba as principais not\u00edcias sobre neg\u00f3cios, carreira, tecnologia e estilo de vida<\/h3>\n<\/li>\n<\/ul>\n<p>No cen\u00e1rio em constante evolu\u00e7\u00e3o da cultura de escrit\u00f3rio, os c\u00edrculos de fofoca continuar\u00e3o a prosperar, moldando o tecido das din\u00e2micas do local de trabalho. Ent\u00e3o, da pr\u00f3xima vez que voc\u00ea se encontrar atra\u00eddo pelo turbilh\u00e3o das conversas de escrit\u00f3rio, <strong>pause e reflita sobre o delicado equil\u00edbrio<\/strong> entre camaradagem e toxicidade, transpar\u00eancia e segredo, v\u00e1lvula de escape e conflito. Afinal, no jogo das fofocas de escrit\u00f3rio, n\u00e3o se trata apenas de quem est\u00e1 falando, mas tamb\u00e9m do que est\u00e1 sendo dito e seus <strong>efeitos em cascata sobre a confian\u00e7a, os relacionamentos e a cultura organizacional<\/strong>.<\/p>\n<p><em>*Elizabeth Pearson \u00e9 colaboradora da Forbes US. Ela \u00e9 consultora de carreira, autora, podcaster e palestrante com foco em mulheres.<\/em><\/p>\n<\/div>\n<p><script type=\"rocketlazyloadscript\">\n\t\t\t\t(function(d, s, id){\n\t\t\t\t\tvar js, fjs = d.getElementsByTagName(s)[0];\n\t\t\t\t\tif (d.getElementById(id)) return;\n\t\t\t\t\tjs = d.createElement(s); js.id = id;\n\t\t\t\t\tjs.src = \"\/\/connect.facebook.net\/pt_BR\/sdk.js#xfbml=1&version=v2.9\";\n\t\t\t\t\tfjs.parentNode.insertBefore(js, fjs);\n\t\t\t\t}(document, 'script', 'facebook-jssdk'));\n\t\t\t<\/script><br \/>\n<br \/><br \/>\n<br \/><a href=\"https:\/\/forbes.com.br\/carreira\/2024\/06\/como-usar-a-fofoca-no-trabalho-a-seu-favor\/\">Source link <\/a><\/p>\n<div class='code-block code-block-4' style='margin: 8px auto 8px 0; text-align: left; display: block; clear: both;'>\n\ud83d\udce2 Aviso Legal\n\nO site ismaelcolosi.com.br atua apenas como um canal de divulga\u00e7\u00e3o de oportunidades de emprego e n\u00e3o se responsabiliza pelo processo seletivo, contrata\u00e7\u00e3o ou qualquer outra etapa relacionada \u00e0s vagas publicadas. Todas as informa\u00e7\u00f5es s\u00e3o de responsabilidade dos anunciantes.\n\n\u26a0\ufe0f Aten\u00e7\u00e3o! Nunca pague por promessas de emprego nem compre cursos que garantam contrata\u00e7\u00e3o. Desconfie de qualquer cobran\u00e7a para participar de sele\u00e7\u00f5es.\n\n\n\n<\/div>\n<!-- CONTENT END 1 -->\n","protected":false},"excerpt":{"rendered":"<p>No vasto ecossistema das din\u00e2micas do trabalho, existe um fen\u00f4meno peculiar, por\u00e9m onipresente: a fofoca. O canal privado no Slack, o chat no Zoom, a&#8230;<\/p>\n","protected":false},"author":1,"featured_media":54531,"comment_status":"open","ping_status":"open","sticky":false,"template":"","format":"standard","meta":{"_uag_custom_page_level_css":"","advanced_seo_description":"","jetpack_seo_html_title":"","jetpack_seo_noindex":false,"jetpack_post_was_ever_published":false,"_jetpack_newsletter_access":"","_jetpack_dont_email_post_to_subs":false,"_jetpack_newsletter_tier_id":0,"_jetpack_memberships_contains_paywalled_content":false,"_jetpack_memberships_contains_paid_content":false,"footnotes":"","jetpack_publicize_message":"","jetpack_publicize_feature_enabled":true,"jetpack_social_post_already_shared":true,"jetpack_social_options":{"image_generator_settings":{"template":"highway","default_image_id":0,"font":"","enabled":false},"version":2}},"categories":[1964],"tags":[],"class_list":["post-54530","post","type-post","status-publish","format-standard","has-post-thumbnail","hentry","category-carreira-e-sucesso-dicas-para-carreira"],"jetpack_publicize_connections":[],"jetpack_featured_media_url":"https:\/\/i0.wp.com\/ismaelcolosi.com.br\/wp-content\/uploads\/2024\/06\/carreira-fofoca-no-trabalho-1024x683.jpg?fit=1024%2C683&ssl=1","uagb_featured_image_src":{"full":["https:\/\/i0.wp.com\/ismaelcolosi.com.br\/wp-content\/uploads\/2024\/06\/carreira-fofoca-no-trabalho-1024x683.jpg?fit=1024%2C683&ssl=1",1024,683,false],"thumbnail":["https:\/\/i0.wp.com\/ismaelcolosi.com.br\/wp-content\/uploads\/2024\/06\/carreira-fofoca-no-trabalho-1024x683.jpg?resize=150%2C150&ssl=1",150,150,true],"medium":["https:\/\/i0.wp.com\/ismaelcolosi.com.br\/wp-content\/uploads\/2024\/06\/carreira-fofoca-no-trabalho-1024x683.jpg?fit=300%2C200&ssl=1",300,200,true],"medium_large":["https:\/\/i0.wp.com\/ismaelcolosi.com.br\/wp-content\/uploads\/2024\/06\/carreira-fofoca-no-trabalho-1024x683.jpg?fit=768%2C512&ssl=1",768,512,true],"large":["https:\/\/i0.wp.com\/ismaelcolosi.com.br\/wp-content\/uploads\/2024\/06\/carreira-fofoca-no-trabalho-1024x683.jpg?fit=1024%2C683&ssl=1",1024,683,true],"1536x1536":["https:\/\/i0.wp.com\/ismaelcolosi.com.br\/wp-content\/uploads\/2024\/06\/carreira-fofoca-no-trabalho-1024x683.jpg?fit=1024%2C683&ssl=1",1024,683,true],"2048x2048":["https:\/\/i0.wp.com\/ismaelcolosi.com.br\/wp-content\/uploads\/2024\/06\/carreira-fofoca-no-trabalho-1024x683.jpg?fit=1024%2C683&ssl=1",1024,683,true],"really-simple-thumb":["https:\/\/i0.wp.com\/ismaelcolosi.com.br\/wp-content\/uploads\/2024\/06\/carreira-fofoca-no-trabalho-1024x683.jpg?resize=370%2C247&ssl=1",370,247,true]},"uagb_author_info":{"display_name":"ismaelcolosi.com.br","author_link":"https:\/\/ismaelcolosi.com.br\/index.php\/author\/vidareal-online\/"},"uagb_comment_info":0,"uagb_excerpt":"No vasto ecossistema das din\u00e2micas do trabalho, existe um fen\u00f4meno peculiar, por\u00e9m onipresente: a fofoca. O canal privado no Slack, o chat no Zoom, a...","jetpack-related-posts":[{"id":84368,"url":"https:\/\/ismaelcolosi.com.br\/index.php\/2025\/04\/08\/profissionais-com-amigos-no-trabalho-sao-mais-engajados\/","url_meta":{"origin":54530,"position":0},"title":"Profissionais com Amigos no Trabalho S\u00e3o Mais Engajados","author":"ismaelcolosi.com.br","date":"8 de April de 2025","format":false,"excerpt":"\r Getty Images\r Saiba como fazer e manter amizades verdadeiras no trabalho\r Acessibilidade \r L\r L\r A-\r A+\r \r \u25d0\r \r \u00a0 Seus colegas de trabalho nem sempre ser\u00e3o seus amigos. Mas se forem, isso ser\u00e1 positivo para a sa\u00fade, bem-estar e satisfa\u00e7\u00e3o de todos \u2013 e at\u00e9 para os\u2026","rel":"","context":"In &quot;Carreira e Sucesso&quot;","block_context":{"text":"Carreira e Sucesso","link":"https:\/\/ismaelcolosi.com.br\/index.php\/category\/carreira-e-sucesso-dicas-para-carreira\/"},"img":{"alt_text":"","src":"https:\/\/i0.wp.com\/ismaelcolosi.com.br\/wp-content\/uploads\/2025\/04\/forbes-amizade-trabalho-escritorio-1200x675.jpg?fit=1200%2C675&ssl=1&resize=350%2C200","width":350,"height":200,"srcset":"https:\/\/i0.wp.com\/ismaelcolosi.com.br\/wp-content\/uploads\/2025\/04\/forbes-amizade-trabalho-escritorio-1200x675.jpg?fit=1200%2C675&ssl=1&resize=350%2C200 1x, https:\/\/i0.wp.com\/ismaelcolosi.com.br\/wp-content\/uploads\/2025\/04\/forbes-amizade-trabalho-escritorio-1200x675.jpg?fit=1200%2C675&ssl=1&resize=525%2C300 1.5x, https:\/\/i0.wp.com\/ismaelcolosi.com.br\/wp-content\/uploads\/2025\/04\/forbes-amizade-trabalho-escritorio-1200x675.jpg?fit=1200%2C675&ssl=1&resize=700%2C400 2x, https:\/\/i0.wp.com\/ismaelcolosi.com.br\/wp-content\/uploads\/2025\/04\/forbes-amizade-trabalho-escritorio-1200x675.jpg?fit=1200%2C675&ssl=1&resize=1050%2C600 3x"},"classes":[]},{"id":4418,"url":"https:\/\/ismaelcolosi.com.br\/index.php\/2023\/11\/21\/lucas-guimaraes-abre-o-jogo-e-expoe-verdadeiro-motivo-de-ter-se-separado-de-carlinhos-maia-ajeitava-garotos-de-programa\/","url_meta":{"origin":54530,"position":1},"title":"Lucas Guimar\u00e3es abre o jogo e exp\u00f5e verdadeiro motivo de ter se separado de Carlinhos Maia: &#8216;Ajeitava garotos de programa&#8217;","author":"ismaelcolosi.com.br","date":"21 de November de 2023","format":false,"excerpt":"De forma recente, o influenciador Lucas Guimar\u00e3es resolveu abrir o jogo e revelar o que teria ocasionado a sua separa\u00e7\u00e3o de Carlinhos Maia, que ocorreu em meados do ano passado. A revela\u00e7\u00e3o ocorreu ap\u00f3s o influenciador Dudu Barros ter dito que foi desconvidado da casa do casal.Ao detalhar o assunto,\u2026","rel":"","context":"In &quot;Blog&quot;","block_context":{"text":"Blog","link":"https:\/\/ismaelcolosi.com.br\/index.php\/category\/blog\/"},"img":{"alt_text":"","src":"https:\/\/i0.wp.com\/ismaelcolosi.com.br\/wp-content\/uploads\/2023\/11\/postimg-655cd9cce8e832482.jpg?fit=1200%2C628&ssl=1&resize=350%2C200","width":350,"height":200,"srcset":"https:\/\/i0.wp.com\/ismaelcolosi.com.br\/wp-content\/uploads\/2023\/11\/postimg-655cd9cce8e832482.jpg?fit=1200%2C628&ssl=1&resize=350%2C200 1x, https:\/\/i0.wp.com\/ismaelcolosi.com.br\/wp-content\/uploads\/2023\/11\/postimg-655cd9cce8e832482.jpg?fit=1200%2C628&ssl=1&resize=525%2C300 1.5x, https:\/\/i0.wp.com\/ismaelcolosi.com.br\/wp-content\/uploads\/2023\/11\/postimg-655cd9cce8e832482.jpg?fit=1200%2C628&ssl=1&resize=700%2C400 2x, https:\/\/i0.wp.com\/ismaelcolosi.com.br\/wp-content\/uploads\/2023\/11\/postimg-655cd9cce8e832482.jpg?fit=1200%2C628&ssl=1&resize=1050%2C600 3x"},"classes":[]},{"id":19836,"url":"https:\/\/ismaelcolosi.com.br\/index.php\/2023\/12\/23\/perfil-de-fofocas-e-apontado-como-o-princiapal-propogador-da-fake-news-sobre-affair-de-whinderson-nunes-com-jovem-que-tirou-a-propria-vida\/","url_meta":{"origin":54530,"position":2},"title":"Perfil de fofocas \u00e9 apontado como o princiapal propogador da fake news sobre affair de Whinderson Nunes com jovem que tirou a propria vida","author":"ismaelcolosi.com.br","date":"23 de December de 2023","format":false,"excerpt":"O \u00f3bito de J\u00e9ssica Vit\u00f3ria, aos seus 22 anos, gerou um profundo impacto nas redes sociais. A jovem, enfrentando a depress\u00e3o, tomou a tr\u00e1gica decis\u00e3o de encerrar a pr\u00f3pria vida ap\u00f3s sofrer persegui\u00e7\u00f5es online, vinculadas \u00e0 dissemina\u00e7\u00e3o de not\u00edcias falsas associadas ao seu nome.A comunidade online expressou indigna\u00e7\u00e3o diante da\u2026","rel":"","context":"In &quot;Blog&quot;","block_context":{"text":"Blog","link":"https:\/\/ismaelcolosi.com.br\/index.php\/category\/blog\/"},"img":{"alt_text":"","src":"https:\/\/i0.wp.com\/ismaelcolosi.com.br\/wp-content\/uploads\/2023\/12\/postimg-6586f9d13c4d56168.jpg?fit=1200%2C628&ssl=1&resize=350%2C200","width":350,"height":200,"srcset":"https:\/\/i0.wp.com\/ismaelcolosi.com.br\/wp-content\/uploads\/2023\/12\/postimg-6586f9d13c4d56168.jpg?fit=1200%2C628&ssl=1&resize=350%2C200 1x, https:\/\/i0.wp.com\/ismaelcolosi.com.br\/wp-content\/uploads\/2023\/12\/postimg-6586f9d13c4d56168.jpg?fit=1200%2C628&ssl=1&resize=525%2C300 1.5x, https:\/\/i0.wp.com\/ismaelcolosi.com.br\/wp-content\/uploads\/2023\/12\/postimg-6586f9d13c4d56168.jpg?fit=1200%2C628&ssl=1&resize=700%2C400 2x, https:\/\/i0.wp.com\/ismaelcolosi.com.br\/wp-content\/uploads\/2023\/12\/postimg-6586f9d13c4d56168.jpg?fit=1200%2C628&ssl=1&resize=1050%2C600 3x"},"classes":[]},{"id":42250,"url":"https:\/\/ismaelcolosi.com.br\/index.php\/2024\/03\/13\/nota-fiscal-paulista-premia-morador-de-sp-com-r-1-milhao-veja-as-cidades-sorteadas\/","url_meta":{"origin":54530,"position":3},"title":"Nota Fiscal Paulista premia morador de SP com R$ 1 milh\u00e3o; Veja as cidades sorteadas","author":"ismaelcolosi.com.br","date":"13 de March de 2024","format":false,"excerpt":"Um morador de Pinheiros, bairro da zona Oeste de S\u00e3o Paulo, \u00e9 o mais novo milion\u00e1rio do estado. Ele foi o grande sortudo do sorteio de mar\u00e7o, da Nota Fiscal Paulista, realizado nesta quarta-feira (13). De acordo com a Secretaria da Fazenda e Planejamento (Sefaz-SP), ele concorreu com onze bilhetes\u2026","rel":"","context":"In &quot;Not\u00edcias de Ribeir\u00e3o Preto-SP e Regi\u00e3o&quot;","block_context":{"text":"Not\u00edcias de Ribeir\u00e3o Preto-SP e Regi\u00e3o","link":"https:\/\/ismaelcolosi.com.br\/index.php\/category\/noticias-de-ribeirao-preto-sp-e-regiao-ismael-colosi\/"},"img":{"alt_text":"","src":"https:\/\/i0.wp.com\/ismaelcolosi.com.br\/wp-content\/uploads\/2024\/03\/dinheiro_real_1024x576_28082021103253.jpg?fit=1024%2C576&ssl=1&resize=350%2C200","width":350,"height":200,"srcset":"https:\/\/i0.wp.com\/ismaelcolosi.com.br\/wp-content\/uploads\/2024\/03\/dinheiro_real_1024x576_28082021103253.jpg?fit=1024%2C576&ssl=1&resize=350%2C200 1x, https:\/\/i0.wp.com\/ismaelcolosi.com.br\/wp-content\/uploads\/2024\/03\/dinheiro_real_1024x576_28082021103253.jpg?fit=1024%2C576&ssl=1&resize=525%2C300 1.5x, https:\/\/i0.wp.com\/ismaelcolosi.com.br\/wp-content\/uploads\/2024\/03\/dinheiro_real_1024x576_28082021103253.jpg?fit=1024%2C576&ssl=1&resize=700%2C400 2x"},"classes":[]},{"id":77118,"url":"https:\/\/ismaelcolosi.com.br\/index.php\/2024\/11\/21\/briga-termina-com-mulher-ferida-na-regiao\/","url_meta":{"origin":54530,"position":4},"title":"Briga termina com mulher ferida na regi\u00e3o","author":"ismaelcolosi.com.br","date":"21 de November de 2024","format":false,"excerpt":"Por: Adalberto Luque Uma briga entre duas mulheres deixou uma delas ferida com tr\u00eas facadas, na noite desta quarta-feira (20). A agress\u00e3o ocorreu na Rua Sebasti\u00e3o Silv\u00e9rio Duarte, Jardim Maria Am\u00e9lia II, Serrana, regi\u00e3o metropolitana de Ribeir\u00e3o Preto. De acordo com o Boletim de Ocorr\u00eancia, a Pol\u00edcia Militar recebeu uma\u2026","rel":"","context":"In &quot;Not\u00edcias de Ribeir\u00e3o Preto-SP e Regi\u00e3o&quot;","block_context":{"text":"Not\u00edcias de Ribeir\u00e3o Preto-SP e Regi\u00e3o","link":"https:\/\/ismaelcolosi.com.br\/index.php\/category\/noticias-de-ribeirao-preto-sp-e-regiao-ismael-colosi\/"},"img":{"alt_text":"","src":"https:\/\/i0.wp.com\/ismaelcolosi.com.br\/wp-content\/uploads\/2024\/11\/PM-Foto-Divulgacao-Policia-Militar.jpg?fit=649%2C433&ssl=1&resize=350%2C200","width":350,"height":200,"srcset":"https:\/\/i0.wp.com\/ismaelcolosi.com.br\/wp-content\/uploads\/2024\/11\/PM-Foto-Divulgacao-Policia-Militar.jpg?fit=649%2C433&ssl=1&resize=350%2C200 1x, https:\/\/i0.wp.com\/ismaelcolosi.com.br\/wp-content\/uploads\/2024\/11\/PM-Foto-Divulgacao-Policia-Militar.jpg?fit=649%2C433&ssl=1&resize=525%2C300 1.5x"},"classes":[]},{"id":16167,"url":"https:\/\/ismaelcolosi.com.br\/index.php\/2023\/12\/15\/irma-e-esposa-de-kayky-brito-teriam-brigado-feio-no-hospital-afirma-colunista\/","url_meta":{"origin":54530,"position":5},"title":"Irm\u00e3 e esposa de Kayky Brito teriam brigado feio no hospital, afirma colunista","author":"ismaelcolosi.com.br","date":"15 de December de 2023","format":false,"excerpt":"A fam\u00edlia Brito voltou a figurar nas p\u00e1ginas de fofoca nesta semana ap\u00f3s informa\u00e7\u00f5es da coluna de Mariana Morais, no Correio Braziliense. De acordo com a nota, o clima na fam\u00edlia n\u00e3o \u00e9 dos melhores.De acordo com a not\u00edcia, a rela\u00e7\u00e3o entre a esposa do ator e sua irm\u00e3 n\u00e3o\u2026","rel":"","context":"In &quot;Blog&quot;","block_context":{"text":"Blog","link":"https:\/\/ismaelcolosi.com.br\/index.php\/category\/blog\/"},"img":{"alt_text":"","src":"https:\/\/i0.wp.com\/ismaelcolosi.com.br\/wp-content\/uploads\/2023\/12\/postimg-657bcb09329f65789.jpg?fit=1200%2C628&ssl=1&resize=350%2C200","width":350,"height":200,"srcset":"https:\/\/i0.wp.com\/ismaelcolosi.com.br\/wp-content\/uploads\/2023\/12\/postimg-657bcb09329f65789.jpg?fit=1200%2C628&ssl=1&resize=350%2C200 1x, https:\/\/i0.wp.com\/ismaelcolosi.com.br\/wp-content\/uploads\/2023\/12\/postimg-657bcb09329f65789.jpg?fit=1200%2C628&ssl=1&resize=525%2C300 1.5x, https:\/\/i0.wp.com\/ismaelcolosi.com.br\/wp-content\/uploads\/2023\/12\/postimg-657bcb09329f65789.jpg?fit=1200%2C628&ssl=1&resize=700%2C400 2x, https:\/\/i0.wp.com\/ismaelcolosi.com.br\/wp-content\/uploads\/2023\/12\/postimg-657bcb09329f65789.jpg?fit=1200%2C628&ssl=1&resize=1050%2C600 3x"},"classes":[]}],"jetpack_sharing_enabled":true,"jetpack_shortlink":"https:\/\/wp.me\/pfMlyK-ebw","_links":{"self":[{"href":"https:\/\/ismaelcolosi.com.br\/index.php\/wp-json\/wp\/v2\/posts\/54530","targetHints":{"allow":["GET"]}}],"collection":[{"href":"https:\/\/ismaelcolosi.com.br\/index.php\/wp-json\/wp\/v2\/posts"}],"about":[{"href":"https:\/\/ismaelcolosi.com.br\/index.php\/wp-json\/wp\/v2\/types\/post"}],"author":[{"embeddable":true,"href":"https:\/\/ismaelcolosi.com.br\/index.php\/wp-json\/wp\/v2\/users\/1"}],"replies":[{"embeddable":true,"href":"https:\/\/ismaelcolosi.com.br\/index.php\/wp-json\/wp\/v2\/comments?post=54530"}],"version-history":[{"count":0,"href":"https:\/\/ismaelcolosi.com.br\/index.php\/wp-json\/wp\/v2\/posts\/54530\/revisions"}],"wp:featuredmedia":[{"embeddable":true,"href":"https:\/\/ismaelcolosi.com.br\/index.php\/wp-json\/wp\/v2\/media\/54531"}],"wp:attachment":[{"href":"https:\/\/ismaelcolosi.com.br\/index.php\/wp-json\/wp\/v2\/media?parent=54530"}],"wp:term":[{"taxonomy":"category","embeddable":true,"href":"https:\/\/ismaelcolosi.com.br\/index.php\/wp-json\/wp\/v2\/categories?post=54530"},{"taxonomy":"post_tag","embeddable":true,"href":"https:\/\/ismaelcolosi.com.br\/index.php\/wp-json\/wp\/v2\/tags?post=54530"}],"curies":[{"name":"wp","href":"https:\/\/api.w.org\/{rel}","templated":true}]}}