{"id":54524,"date":"2024-06-25T23:05:53","date_gmt":"2024-06-26T02:05:53","guid":{"rendered":"https:\/\/ismaelcolosi.com.br\/index.php\/2024\/06\/25\/problemas-com-o-instagram-usuarios-relatam-falhas-no-aplicativo\/"},"modified":"2024-06-25T23:05:53","modified_gmt":"2024-06-26T02:05:53","slug":"problemas-com-o-instagram-usuarios-relatam-falhas-no-aplicativo","status":"publish","type":"post","link":"https:\/\/ismaelcolosi.com.br\/index.php\/2024\/06\/25\/problemas-com-o-instagram-usuarios-relatam-falhas-no-aplicativo\/","title":{"rendered":"Problemas com o Instagram? Usu\u00e1rios relatam falhas no aplicativo"},"content":{"rendered":"<p> <br \/>\n<\/p>\n<div data-td-block-uid=\"tdi_106\">\n<div class=\"tdb-block-inner td-fix-index\">\n<p>O <strong>Instagram <\/strong>apresenta <strong>instabilidade <\/strong>na noite desta ter\u00e7a-feira (25). Usu\u00e1rios da plataforma est\u00e3o relatando <strong>problemas com as curtidas e legendas das fotos<\/strong>, al\u00e9m de <strong>dificuldades em enviar \u00e1udios nas mensagens particulares<\/strong>.<\/p>\n<p>De acordo com o site <strong><a href=\"https:\/\/downdetector.com.br\/\" target=\"_blank\" rel=\"noreferrer noopener\">Downdetector<\/a><\/strong>, que monitora falhas nas redes sociais, houve <strong>aumento de notifica\u00e7\u00f5es<\/strong> sobre os problemas por volta das <strong>19h<\/strong>. <mark style=\"background-color:#fcb900\" class=\"has-inline-color\">O pico de reclama\u00e7\u00e3o aconteceu \u00e0s 19h36 conforme a plataforma.<\/mark><\/p><div class='code-block code-block-8' style='margin: 8px auto; text-align: center; display: block; clear: both;'>\n<script>\n  atOptions = {\n    'key' : '66e2e2111ca34da796271819fc334058',\n    'format' : 'iframe',\n    'height' : 250,\n    'width' : 300,\n    'params' : {}\n  };\n<\/script>\n<script src=\"https:\/\/www.highperformanceformat.com\/66e2e2111ca34da796271819fc334058\/invoke.js\"><\/script>\n<\/div>\n\n<figure class=\"wp-block-gallery has-nested-images columns-default is-cropped wp-block-gallery-1 is-layout-flex\">\n<figure class=\"wp-block-image size-full\"><img data-recalc-dims=\"1\" loading=\"lazy\" decoding=\"async\" width=\"740\" height=\"276\" data-id=\"85967\" src=\"https:\/\/i0.wp.com\/www.acidadeon.com\/ribeiraopreto\/wp-content\/uploads\/sites\/3\/2024\/06\/Downdetector_2024-06-26_00-00-06_png_2024-06-26_00-00-06.webp?resize=740%2C276&#038;ssl=1\" alt=\"\" class=\"wp-image-85967\" srcset=\"https:\/\/www.acidadeon.com\/ribeiraopreto\/wp-content\/uploads\/sites\/3\/2024\/06\/Downdetector_2024-06-26_00-00-06_png_2024-06-26_00-00-06.webp 740w, https:\/\/www.acidadeon.com\/ribeiraopreto\/wp-content\/uploads\/sites\/3\/2024\/06\/Downdetector_2024-06-26_00-00-06_png_2024-06-26_00-00-06-300x112.webp 300w, https:\/\/www.acidadeon.com\/ribeiraopreto\/wp-content\/uploads\/sites\/3\/2024\/06\/Downdetector_2024-06-26_00-00-06_png_2024-06-26_00-00-06-696x260.webp 696w\" sizes=\"auto, (max-width: 740px) 100vw, 740px\"\/><figcaption class=\"wp-element-caption\"><a href=\"https:\/\/downdetector.com.br\/\" target=\"_blank\" rel=\"noreferrer noopener\">Downdetector<\/a> monitora falhas nas redes sociais. (Foto: reprodu\u00e7\u00e3o\/ Downdetector)<\/figcaption><\/figure>\n<\/figure>\n<p>Em outras redes sociais, como o <strong>X (antigo twitter)<\/strong>, internautas reclamam da situa\u00e7\u00e3o. Algumas pessoas, no entanto, dizem que o problema n\u00e3o est\u00e1 afeta seus perfis.<\/p>\n<h3 class=\"wp-block-heading\"><strong>O que diz a Meta?<\/strong><\/h3>\n<p>A <strong>Meta<\/strong>, empresa de <strong>Mark Zuckerberg<\/strong>, dona do Instagram, ainda n\u00e3o se manifestou sobre o problema.<\/p>\n<hr class=\"wp-block-separator has-alpha-channel-opacity\"\/>\n<p>SAIBA MAIS<\/p>\n<p>Centro de Ribeir\u00e3o Preto tem o maior pre\u00e7o da cesta b\u00e1sica em junho; Veja valores por regi\u00e3o<\/p>\n<h4 class=\"wp-block-heading\"><strong>FIQUE ON<\/strong><\/h4>\n<p>Fique ligado em tudo que acontece em Ribeir\u00e3o Preto e regi\u00e3o. Siga os perfis do\u00a0<strong>acidade on<\/strong>\u00a0no\u00a0<a href=\"https:\/\/www.instagram.com\/acidadeonribeirao\" target=\"_blank\" rel=\"noreferrer noopener\">Instagram<\/a>\u00a0e no\u00a0<a href=\"https:\/\/www.facebook.com\/acidadeonribeirao\/\" target=\"_blank\" rel=\"noreferrer noopener\">Facebook<\/a>.<\/p>\n<p>Receba not\u00edcias do\u00a0<strong>acidade on<\/strong>\u00a0no WhatsApp.\u00a0<a href=\"https:\/\/chat.whatsapp.com\/CdrZ6xrf7quD44Vw3WlPuZ\" target=\"_blank\" rel=\"noreferrer noopener\">Para entrar no grupo, basta clicar aqui.<\/a><\/p>\n<p>Fa\u00e7a uma den\u00fancia ou sugira uma reportagem sobre Ribeir\u00e3o Preto e regi\u00e3o pelo WhatsApp: 16 99117 7802.<\/p>\n<p>VEJA TAMB\u00c9M<\/p>\n<p>Quando ser\u00e1 lan\u00e7ada a segunda temporada de One Piece?<\/p>\n<p><!-- AI CONTENT END 1 -->\n<\/div>\n<\/div>\n<p><script async src=\"\/\/www.instagram.com\/embed.js\"><\/script><br \/>\n<br \/><br \/>\n<br \/><a href=\"https:\/\/www.acidadeon.com\/ribeiraopreto\/cotidiano\/problemas-com-o-instagram-usuarios-relatam-falhas-no-aplicativo\/\">Source link <\/a><\/p>\n<div class='code-block code-block-4' style='margin: 8px auto 8px 0; text-align: left; display: block; clear: both;'>\n\ud83d\udce2 Aviso Legal\n\nO site ismaelcolosi.com.br atua apenas como um canal de divulga\u00e7\u00e3o de oportunidades de emprego e n\u00e3o se responsabiliza pelo processo seletivo, contrata\u00e7\u00e3o ou qualquer outra etapa relacionada \u00e0s vagas publicadas. Todas as informa\u00e7\u00f5es s\u00e3o de responsabilidade dos anunciantes.\n\n\u26a0\ufe0f Aten\u00e7\u00e3o! Nunca pague por promessas de emprego nem compre cursos que garantam contrata\u00e7\u00e3o. Desconfie de qualquer cobran\u00e7a para participar de sele\u00e7\u00f5es.\n\n\n\n<\/div>\n<!-- CONTENT END 1 -->\n","protected":false},"excerpt":{"rendered":"<p>O Instagram apresenta instabilidade na noite desta ter\u00e7a-feira (25). Usu\u00e1rios da plataforma est\u00e3o relatando problemas com as curtidas e legendas das fotos, al\u00e9m de dificuldades&#8230;<\/p>\n","protected":false},"author":1,"featured_media":54525,"comment_status":"open","ping_status":"open","sticky":false,"template":"","format":"standard","meta":{"_uag_custom_page_level_css":"","advanced_seo_description":"","jetpack_seo_html_title":"","jetpack_seo_noindex":false,"jetpack_post_was_ever_published":false,"_jetpack_newsletter_access":"","_jetpack_dont_email_post_to_subs":false,"_jetpack_newsletter_tier_id":0,"_jetpack_memberships_contains_paywalled_content":false,"_jetpack_memberships_contains_paid_content":false,"footnotes":"","jetpack_publicize_message":"","jetpack_publicize_feature_enabled":true,"jetpack_social_post_already_shared":true,"jetpack_social_options":{"image_generator_settings":{"template":"highway","default_image_id":0,"font":"","enabled":false},"version":2}},"categories":[11],"tags":[],"class_list":["post-54524","post","type-post","status-publish","format-standard","has-post-thumbnail","hentry","category-noticias-de-ribeirao-preto-sp-e-regiao-ismael-colosi"],"jetpack_publicize_connections":[],"jetpack_featured_media_url":"https:\/\/i0.wp.com\/ismaelcolosi.com.br\/wp-content\/uploads\/2024\/06\/UsuriosdoInstagramrelataminstabilidadenoaplicativo_Tamanho_2_image.jpg?fit=1200%2C900&ssl=1","uagb_featured_image_src":{"full":["https:\/\/i0.wp.com\/ismaelcolosi.com.br\/wp-content\/uploads\/2024\/06\/UsuriosdoInstagramrelataminstabilidadenoaplicativo_Tamanho_2_image.jpg?fit=1200%2C900&ssl=1",1200,900,false],"thumbnail":["https:\/\/i0.wp.com\/ismaelcolosi.com.br\/wp-content\/uploads\/2024\/06\/UsuriosdoInstagramrelataminstabilidadenoaplicativo_Tamanho_2_image.jpg?resize=150%2C150&ssl=1",150,150,true],"medium":["https:\/\/i0.wp.com\/ismaelcolosi.com.br\/wp-content\/uploads\/2024\/06\/UsuriosdoInstagramrelataminstabilidadenoaplicativo_Tamanho_2_image.jpg?fit=300%2C225&ssl=1",300,225,true],"medium_large":["https:\/\/i0.wp.com\/ismaelcolosi.com.br\/wp-content\/uploads\/2024\/06\/UsuriosdoInstagramrelataminstabilidadenoaplicativo_Tamanho_2_image.jpg?fit=768%2C576&ssl=1",768,576,true],"large":["https:\/\/i0.wp.com\/ismaelcolosi.com.br\/wp-content\/uploads\/2024\/06\/UsuriosdoInstagramrelataminstabilidadenoaplicativo_Tamanho_2_image.jpg?fit=1024%2C768&ssl=1",1024,768,true],"1536x1536":["https:\/\/i0.wp.com\/ismaelcolosi.com.br\/wp-content\/uploads\/2024\/06\/UsuriosdoInstagramrelataminstabilidadenoaplicativo_Tamanho_2_image.jpg?fit=1200%2C900&ssl=1",1200,900,true],"2048x2048":["https:\/\/i0.wp.com\/ismaelcolosi.com.br\/wp-content\/uploads\/2024\/06\/UsuriosdoInstagramrelataminstabilidadenoaplicativo_Tamanho_2_image.jpg?fit=1200%2C900&ssl=1",1200,900,true],"really-simple-thumb":["https:\/\/i0.wp.com\/ismaelcolosi.com.br\/wp-content\/uploads\/2024\/06\/UsuriosdoInstagramrelataminstabilidadenoaplicativo_Tamanho_2_image.jpg?resize=370%2C247&ssl=1",370,247,true]},"uagb_author_info":{"display_name":"ismaelcolosi.com.br","author_link":"https:\/\/ismaelcolosi.com.br\/index.php\/author\/vidareal-online\/"},"uagb_comment_info":0,"uagb_excerpt":"O Instagram apresenta instabilidade na noite desta ter\u00e7a-feira (25). Usu\u00e1rios da plataforma est\u00e3o relatando problemas com as curtidas e legendas das fotos, al\u00e9m de dificuldades...","jetpack-related-posts":[{"id":45303,"url":"https:\/\/ismaelcolosi.com.br\/index.php\/2024\/04\/03\/whatsapp-e-instagram-cairam-usuarios-relatam-instabilidades\/","url_meta":{"origin":54524,"position":0},"title":"WhatsApp e Instagram ca\u00edram? Usu\u00e1rios relatam instabilidades","author":"ismaelcolosi.com.br","date":"3 de April de 2024","format":false,"excerpt":"Usu\u00e1rios do WhatsApp, Instagram e Facebook, est\u00e3o relatando problemas para utilizar a plataforma, na tarde desta quarta-feira (3). De acordo com a plataforma Downdetector, que monitora falhas em sites e redes sociais, houve aumento de notifica\u00e7\u00f5es sobre os problemas, nas tr\u00eas plataformas, por volta das 15h. Segunda vez na mesma\u2026","rel":"","context":"In &quot;Not\u00edcias de Ribeir\u00e3o Preto-SP e Regi\u00e3o&quot;","block_context":{"text":"Not\u00edcias de Ribeir\u00e3o Preto-SP e Regi\u00e3o","link":"https:\/\/ismaelcolosi.com.br\/index.php\/category\/noticias-de-ribeirao-preto-sp-e-regiao-ismael-colosi\/"},"img":{"alt_text":"","src":"https:\/\/i0.wp.com\/ismaelcolosi.com.br\/wp-content\/uploads\/2024\/04\/WhatsAppInstagrameFacebookapresentaminstabilidadenestasextafeira_Tamanho_2_image.jpg?fit=1200%2C900&ssl=1&resize=350%2C200","width":350,"height":200,"srcset":"https:\/\/i0.wp.com\/ismaelcolosi.com.br\/wp-content\/uploads\/2024\/04\/WhatsAppInstagrameFacebookapresentaminstabilidadenestasextafeira_Tamanho_2_image.jpg?fit=1200%2C900&ssl=1&resize=350%2C200 1x, https:\/\/i0.wp.com\/ismaelcolosi.com.br\/wp-content\/uploads\/2024\/04\/WhatsAppInstagrameFacebookapresentaminstabilidadenestasextafeira_Tamanho_2_image.jpg?fit=1200%2C900&ssl=1&resize=525%2C300 1.5x, https:\/\/i0.wp.com\/ismaelcolosi.com.br\/wp-content\/uploads\/2024\/04\/WhatsAppInstagrameFacebookapresentaminstabilidadenestasextafeira_Tamanho_2_image.jpg?fit=1200%2C900&ssl=1&resize=700%2C400 2x, https:\/\/i0.wp.com\/ismaelcolosi.com.br\/wp-content\/uploads\/2024\/04\/WhatsAppInstagrameFacebookapresentaminstabilidadenestasextafeira_Tamanho_2_image.jpg?fit=1200%2C900&ssl=1&resize=1050%2C600 3x"},"classes":[]},{"id":71017,"url":"https:\/\/ismaelcolosi.com.br\/index.php\/2024\/10\/14\/facebook-caiu-usuarios-relatam-instabilidade-na-rede-social\/","url_meta":{"origin":54524,"position":1},"title":"Facebook caiu? Usu\u00e1rios relatam instabilidade na rede social","author":"ismaelcolosi.com.br","date":"14 de October de 2024","format":false,"excerpt":"Usu\u00e1rios do Facebook est\u00e3o relatando problemas para utilizar a plataforma, na tarde desta segunda-feira (14). De acordo com a plataforma Downdetector, que monitora falhas em sites e redes sociais, houve aumento de notifica\u00e7\u00f5es sobre os problemas na plataforma por volta das 14h. Na ocasi\u00e3o, internautas relataram dificuldades para fazer publica\u00e7\u00f5es\u2026","rel":"","context":"In &quot;Not\u00edcias de Ribeir\u00e3o Preto-SP e Regi\u00e3o&quot;","block_context":{"text":"Not\u00edcias de Ribeir\u00e3o Preto-SP e Regi\u00e3o","link":"https:\/\/ismaelcolosi.com.br\/index.php\/category\/noticias-de-ribeirao-preto-sp-e-regiao-ismael-colosi\/"},"img":{"alt_text":"","src":"https:\/\/i0.wp.com\/ismaelcolosi.com.br\/wp-content\/uploads\/2024\/10\/AnyConv.com__facebook-instagram.webp.webp?fit=1000%2C667&ssl=1&resize=350%2C200","width":350,"height":200,"srcset":"https:\/\/i0.wp.com\/ismaelcolosi.com.br\/wp-content\/uploads\/2024\/10\/AnyConv.com__facebook-instagram.webp.webp?fit=1000%2C667&ssl=1&resize=350%2C200 1x, https:\/\/i0.wp.com\/ismaelcolosi.com.br\/wp-content\/uploads\/2024\/10\/AnyConv.com__facebook-instagram.webp.webp?fit=1000%2C667&ssl=1&resize=525%2C300 1.5x, https:\/\/i0.wp.com\/ismaelcolosi.com.br\/wp-content\/uploads\/2024\/10\/AnyConv.com__facebook-instagram.webp.webp?fit=1000%2C667&ssl=1&resize=700%2C400 2x"},"classes":[]},{"id":75895,"url":"https:\/\/ismaelcolosi.com.br\/index.php\/2024\/11\/08\/clientes-do-nubank-relatam-problemas-em-transacoes-e-buscam-solucoes-nas-redes-sociais\/","url_meta":{"origin":54524,"position":2},"title":"Clientes do Nubank Relatam Problemas em Transa\u00e7\u00f5es e Buscam Solu\u00e7\u00f5es nas Redes Sociais","author":"ismaelcolosi.com.br","date":"8 de November de 2024","format":false,"excerpt":"Na manh\u00e3 desta quinta-feira (8), clientes do Nubank come\u00e7aram a relatar problemas de acesso e dificuldades em realizar transa\u00e7\u00f5es pelo aplicativo, gerando uma onda de reclama\u00e7\u00f5es nas redes sociais. A falha, aparentemente, afeta a usabilidade do app, com usu\u00e1rios reportando dificuldades em verificar saldos, efetuar pagamentos e transfer\u00eancias, o que\u2026","rel":"","context":"In &quot;Not\u00edcias de Ribeir\u00e3o Preto-SP e Regi\u00e3o&quot;","block_context":{"text":"Not\u00edcias de Ribeir\u00e3o Preto-SP e Regi\u00e3o","link":"https:\/\/ismaelcolosi.com.br\/index.php\/category\/noticias-de-ribeirao-preto-sp-e-regiao-ismael-colosi\/"},"img":{"alt_text":"","src":"https:\/\/i0.wp.com\/ismaelcolosi.com.br\/wp-content\/uploads\/2024\/11\/IMG_9382.jpeg?fit=783%2C391&ssl=1&resize=350%2C200","width":350,"height":200,"srcset":"https:\/\/i0.wp.com\/ismaelcolosi.com.br\/wp-content\/uploads\/2024\/11\/IMG_9382.jpeg?fit=783%2C391&ssl=1&resize=350%2C200 1x, https:\/\/i0.wp.com\/ismaelcolosi.com.br\/wp-content\/uploads\/2024\/11\/IMG_9382.jpeg?fit=783%2C391&ssl=1&resize=525%2C300 1.5x, https:\/\/i0.wp.com\/ismaelcolosi.com.br\/wp-content\/uploads\/2024\/11\/IMG_9382.jpeg?fit=783%2C391&ssl=1&resize=700%2C400 2x"},"classes":[]},{"id":40746,"url":"https:\/\/ismaelcolosi.com.br\/index.php\/2024\/03\/05\/usuarios-registram-problemas-globais-de-acesso-a-facebook-e-instagram\/","url_meta":{"origin":54524,"position":3},"title":"Usu\u00e1rios registram problemas globais de acesso a Facebook e Instagram","author":"ismaelcolosi.com.br","date":"5 de March de 2024","format":false,"excerpt":"5 de mar\u00e7o de 2024 | 13:52 0\u00a0Maria L\u00edgia Barros (AE)Usu\u00e1rios de todo o mundo t\u00eam registrado problemas de acesso ao Instagram e ao Facebook na \u00faltima hora. Os problemas teriam come\u00e7ado por volta das 12 horas (de Bras\u00edlia), segundo monitoramentos de plataformas especializadas. O Down Detector registrou mais de\u2026","rel":"","context":"In &quot;Not\u00edcias de Ribeir\u00e3o Preto-SP e Regi\u00e3o&quot;","block_context":{"text":"Not\u00edcias de Ribeir\u00e3o Preto-SP e Regi\u00e3o","link":"https:\/\/ismaelcolosi.com.br\/index.php\/category\/noticias-de-ribeirao-preto-sp-e-regiao-ismael-colosi\/"},"img":{"alt_text":"","src":"https:\/\/i0.wp.com\/ismaelcolosi.com.br\/wp-content\/uploads\/2024\/03\/Facebook-Dado-Ruvic-Reuters-scaled.jpg?fit=1000%2C598&ssl=1&resize=350%2C200","width":350,"height":200,"srcset":"https:\/\/i0.wp.com\/ismaelcolosi.com.br\/wp-content\/uploads\/2024\/03\/Facebook-Dado-Ruvic-Reuters-scaled.jpg?fit=1000%2C598&ssl=1&resize=350%2C200 1x, https:\/\/i0.wp.com\/ismaelcolosi.com.br\/wp-content\/uploads\/2024\/03\/Facebook-Dado-Ruvic-Reuters-scaled.jpg?fit=1000%2C598&ssl=1&resize=525%2C300 1.5x, https:\/\/i0.wp.com\/ismaelcolosi.com.br\/wp-content\/uploads\/2024\/03\/Facebook-Dado-Ruvic-Reuters-scaled.jpg?fit=1000%2C598&ssl=1&resize=700%2C400 2x"},"classes":[]},{"id":77012,"url":"https:\/\/ismaelcolosi.com.br\/index.php\/2024\/11\/20\/tce-aponta-falhas-na-saude-da-familia-em-rp\/","url_meta":{"origin":54524,"position":4},"title":"TCE aponta falhas na \u2018Sa\u00fade da Fam\u00edlia\u2019\u00a0em RP","author":"ismaelcolosi.com.br","date":"20 de November de 2024","format":false,"excerpt":"O Tribunal de Contas do Estado de S\u00e3o Paulo (TCESP) constatou problemas nas seis Unidades de Sa\u00fade da Fam\u00edlia (USF) visitadas pelos fiscais da corte em Ribeir\u00e3o Preto. A Fiscaliza\u00e7\u00e3o Ordenada \u2013 Estrat\u00e9gia Sa\u00fade da Fam\u00edlia ocorreu em 7 de novembro, em 400 unidades e postos de sa\u00fade que oferecem\u2026","rel":"","context":"In &quot;Not\u00edcias de Ribeir\u00e3o Preto-SP e Regi\u00e3o&quot;","block_context":{"text":"Not\u00edcias de Ribeir\u00e3o Preto-SP e Regi\u00e3o","link":"https:\/\/ismaelcolosi.com.br\/index.php\/category\/noticias-de-ribeirao-preto-sp-e-regiao-ismael-colosi\/"},"img":{"alt_text":"","src":"https:\/\/i0.wp.com\/ismaelcolosi.com.br\/wp-content\/uploads\/2024\/11\/SaudeTCE-Pro-Divulgacao-TCE-02-scaled.jpg?fit=508%2C500&ssl=1&resize=350%2C200","width":350,"height":200},"classes":[]},{"id":76006,"url":"https:\/\/ismaelcolosi.com.br\/index.php\/2024\/11\/09\/falha-no-sistema-do-nubank-permite-saques-irregulares-e-clientes-aproveitam-para-retirar-dinheiro\/","url_meta":{"origin":54524,"position":5},"title":"Falha no Sistema do Nubank Permite Saques Irregulares, e Clientes Aproveitam para Retirar Dinheiro","author":"ismaelcolosi.com.br","date":"9 de November de 2024","format":false,"excerpt":"Na \u00faltima semana, o Nubank, um dos principais bancos digitais do Brasil, enfrentou uma situa\u00e7\u00e3o incomum devido a uma suposta falha em seu sistema, que permitiu a realiza\u00e7\u00e3o de saques irregulares. De acordo com relatos nas redes sociais, v\u00e1rios clientes conseguiram efetuar retiradas em valores superiores ao saldo de suas\u2026","rel":"","context":"In &quot;Not\u00edcias de Ribeir\u00e3o Preto-SP e Regi\u00e3o&quot;","block_context":{"text":"Not\u00edcias de Ribeir\u00e3o Preto-SP e Regi\u00e3o","link":"https:\/\/ismaelcolosi.com.br\/index.php\/category\/noticias-de-ribeirao-preto-sp-e-regiao-ismael-colosi\/"},"img":{"alt_text":"","src":"https:\/\/i0.wp.com\/ismaelcolosi.com.br\/wp-content\/uploads\/2024\/11\/IMG_9390.jpeg?fit=738%2C415&ssl=1&resize=350%2C200","width":350,"height":200,"srcset":"https:\/\/i0.wp.com\/ismaelcolosi.com.br\/wp-content\/uploads\/2024\/11\/IMG_9390.jpeg?fit=738%2C415&ssl=1&resize=350%2C200 1x, https:\/\/i0.wp.com\/ismaelcolosi.com.br\/wp-content\/uploads\/2024\/11\/IMG_9390.jpeg?fit=738%2C415&ssl=1&resize=525%2C300 1.5x, https:\/\/i0.wp.com\/ismaelcolosi.com.br\/wp-content\/uploads\/2024\/11\/IMG_9390.jpeg?fit=738%2C415&ssl=1&resize=700%2C400 2x"},"classes":[]}],"jetpack_sharing_enabled":true,"jetpack_shortlink":"https:\/\/wp.me\/pfMlyK-ebq","_links":{"self":[{"href":"https:\/\/ismaelcolosi.com.br\/index.php\/wp-json\/wp\/v2\/posts\/54524","targetHints":{"allow":["GET"]}}],"collection":[{"href":"https:\/\/ismaelcolosi.com.br\/index.php\/wp-json\/wp\/v2\/posts"}],"about":[{"href":"https:\/\/ismaelcolosi.com.br\/index.php\/wp-json\/wp\/v2\/types\/post"}],"author":[{"embeddable":true,"href":"https:\/\/ismaelcolosi.com.br\/index.php\/wp-json\/wp\/v2\/users\/1"}],"replies":[{"embeddable":true,"href":"https:\/\/ismaelcolosi.com.br\/index.php\/wp-json\/wp\/v2\/comments?post=54524"}],"version-history":[{"count":0,"href":"https:\/\/ismaelcolosi.com.br\/index.php\/wp-json\/wp\/v2\/posts\/54524\/revisions"}],"wp:featuredmedia":[{"embeddable":true,"href":"https:\/\/ismaelcolosi.com.br\/index.php\/wp-json\/wp\/v2\/media\/54525"}],"wp:attachment":[{"href":"https:\/\/ismaelcolosi.com.br\/index.php\/wp-json\/wp\/v2\/media?parent=54524"}],"wp:term":[{"taxonomy":"category","embeddable":true,"href":"https:\/\/ismaelcolosi.com.br\/index.php\/wp-json\/wp\/v2\/categories?post=54524"},{"taxonomy":"post_tag","embeddable":true,"href":"https:\/\/ismaelcolosi.com.br\/index.php\/wp-json\/wp\/v2\/tags?post=54524"}],"curies":[{"name":"wp","href":"https:\/\/api.w.org\/{rel}","templated":true}]}}