{"id":54522,"date":"2024-06-25T22:51:56","date_gmt":"2024-06-26T01:51:56","guid":{"rendered":"https:\/\/ismaelcolosi.com.br\/index.php\/2024\/06\/25\/centro-de-ribeirao-preto-tem-o-maior-preco-da-cesta-basica-em-junho-veja-valores-por-regiao\/"},"modified":"2024-06-25T22:51:56","modified_gmt":"2024-06-26T01:51:56","slug":"centro-de-ribeirao-preto-tem-o-maior-preco-da-cesta-basica-em-junho-veja-valores-por-regiao","status":"publish","type":"post","link":"https:\/\/ismaelcolosi.com.br\/index.php\/2024\/06\/25\/centro-de-ribeirao-preto-tem-o-maior-preco-da-cesta-basica-em-junho-veja-valores-por-regiao\/","title":{"rendered":"Centro de Ribeir\u00e3o Preto tem o maior pre\u00e7o da cesta b\u00e1sica em junho; Veja valores por regi\u00e3o"},"content":{"rendered":"<p> <br \/>\n<\/p>\n<div>\n<p>O<strong> pre\u00e7o m\u00e9dio da cesta b\u00e1sica em Ribeir\u00e3o Preto<\/strong> registrou em junho, <strong>queda de 0,55%<\/strong> em rela\u00e7\u00e3o a maio, de acordo com pesquisa realizada pela <strong>Associa\u00e7\u00e3o Comercial e Industrial de Ribeir\u00e3o Preto (Acirp)<\/strong>.<\/p>\n<p><mark style=\"background-color:#fcb900\" class=\"has-inline-color\">Conforme mostra o levantamento, o <strong>kit de alimentos essenciais<\/strong> custou, em m\u00e9dia, <strong>R$ 686,73<\/strong><\/mark>. No acumulado do primeiro semestre, a infla\u00e7\u00e3o sobre o pre\u00e7o dos alimentos foi de <strong>7,17% ao ano (a.a.)<\/strong>.<\/p><div class='code-block code-block-8' style='margin: 8px auto; text-align: center; display: block; clear: both;'>\n<script>\n  atOptions = {\n    'key' : '66e2e2111ca34da796271819fc334058',\n    'format' : 'iframe',\n    'height' : 250,\n    'width' : 300,\n    'params' : {}\n  };\n<\/script>\n<script src=\"https:\/\/www.highperformanceformat.com\/66e2e2111ca34da796271819fc334058\/invoke.js\"><\/script>\n<\/div>\n\n<p>Os altos \u00edndices de infla\u00e7\u00e3o registrados, conforme pesquisadores do <strong>Instituto de Economia Maur\u00edlio Biagi (IEMB)<\/strong>, s\u00e3o reflexos de eventos clim\u00e1ticos, como o <strong>El Ni\u00f1o<\/strong> e as <strong>chuvas no Rio Grande do Sul<\/strong>, que afetaram a oferta de alimentos no 1\u00ba semestre de 2024.\u00a0<\/p>\n<figure class=\"wp-block-pullquote\">\n<blockquote>\n<p>Para o pr\u00f3ximo semestre, espera-se uma progress\u00e3o na acelera\u00e7\u00e3o inflacion\u00e1ria nos alimentos, cujos pre\u00e7os devem continuar subindo devido \u00e0 antecipa\u00e7\u00e3o da La Ni\u00f1a, alta do d\u00f3lar e persist\u00eancia dos efeitos das chuvas no Sul<\/p>\n<p><cite>disse a analista do IEMB, L\u00edvia Piola<\/cite><\/p><\/blockquote>\n<\/figure>\n<h2 class=\"wp-block-heading\"><strong>Quais s\u00e3o os valores por regi\u00e3o?<\/strong><\/h2>\n<p>Conforme a pesquisa, o <strong>Centro <\/strong>de <strong>Ribeir\u00e3o Preto<\/strong> foi a regi\u00e3o que apresentou o <strong>maior valor da cesta b\u00e1sica<\/strong> <strong>(R$ 737,14)<\/strong>, com um aumento de 0,53% em rela\u00e7\u00e3o ao m\u00eas anterior.<\/p>\n<p>J\u00e1 a regi\u00e3o com o <strong>menor pre\u00e7o foi a zona Oeste (R$ 655,02)<\/strong>, que teve uma queda de 2,41%.<mark style=\"background-color:#fcb900\" class=\"has-inline-color\"> A <strong>zona Norte<\/strong>, embora tenha o segundo melhor custo-benef\u00edcio da cidade <strong>(R$ 660,68)<\/strong>, registou uma alta de 7,01% \u2013 a maior da cidade.<\/mark><\/p>\n<p>Na sequ\u00eancia ficaram as regi\u00f5es Leste (R$ 667,41) com queda de 1,36% e Sul (R$ 718,95), queda de 3,40%. <strong>Confira o ranking:<\/strong><\/p>\n<p>Os dados foram obtidos em <strong>dez supermercados e hipermercados<\/strong> e <strong>quatro panificadoras<\/strong> distribu\u00eddas em cinco regi\u00f5es do munic\u00edpio \u2013 veja mais detalhes abaixo.<\/p>\n<h3 class=\"wp-block-heading\"><strong>Alimentos impactados<\/strong><\/h3>\n<p>As <strong>carnes<\/strong>, apesar da <strong>defla\u00e7\u00e3o m\u00e9dia de 11,91% no custo do quilo da alcatra<\/strong>, seguem consumindo a<strong> maior parte do or\u00e7amento<\/strong> (33,39% do valor total da cesta).<\/p>\n<p>Na sequ\u00eancia aparecem frutas e legumes (32,73%), farin\u00e1ceos (19,7%), latic\u00ednios (6,91%), leguminosas (3,78%), cereais (2,72%) e \u00f3leos (0,76%).<\/p>\n<p>O <strong>feij\u00e3o <\/strong>tamb\u00e9m <strong>teve queda significativa de pre\u00e7o (-10,55%)<\/strong>. No sentido oposto, a<strong> farinha de trigo subiu<\/strong>, em m\u00e9dia,<strong> 21,73%<\/strong> e a<strong> banana nanica<\/strong>, 18,93%.\u00a0<\/p>\n<h4 class=\"wp-block-heading\"><strong>Composi\u00e7\u00e3o da cesta b\u00e1sica<\/strong><\/h4>\n<p>S\u00e3o avaliados mensalmente<strong> 13 itens descritos no decreto n\u00ba 399\/1938<\/strong>, que define as quantidades alimentares m\u00ednimas necess\u00e1rias para atender \u00e0s necessidades nutricionais mensais de um indiv\u00edduo de idade adulta. Confira:<\/p>\n<ul>\n<li>Carne bovina (6 kg de alcatra)<\/li>\n<\/ul>\n<ul>\n<li>Leite longa vida (7,5 litros)<\/li>\n<\/ul>\n<ul>\n<li>Arroz branco tipo 1 (3 kg)<\/li>\n<\/ul>\n<ul>\n<li>Farinha de trigo (1,5 kg)<\/li>\n<\/ul>\n<ul>\n<li>Banana nanica (90 unidades)<\/li>\n<\/ul>\n<ul>\n<li>\u00d3leo de soja (0,8 litros)<\/li>\n<\/ul>\n<p>O p<strong>\u00e3o franc\u00eas<\/strong> \u00e9 o \u00fanico item cotado tamb\u00e9m em padarias, uma vez que<strong> 60% dos ribeir\u00e3o-pretanos<\/strong> preferem comprar este produto nestes estabelecimentos.<\/p>\n<hr class=\"wp-block-separator has-alpha-channel-opacity\"\/>\n<p>SAIBA MAIS<\/p>\n<p>Ribeir\u00e3o Preto tem pe\u00e7as de teatro gratuitas de Nelson Rodrigues; Saiba mais<\/p>\n<h4 class=\"wp-block-heading\"><strong>FIQUE ON<\/strong><\/h4>\n<p>Fique ligado em tudo que acontece em Ribeir\u00e3o Preto e regi\u00e3o. Siga os perfis do\u00a0<strong>acidade on<\/strong>\u00a0no\u00a0<a href=\"https:\/\/www.instagram.com\/acidadeonribeirao\" target=\"_blank\" rel=\"noreferrer noopener\">Instagram<\/a>\u00a0e no\u00a0<a href=\"https:\/\/www.facebook.com\/acidadeonribeirao\/\" target=\"_blank\" rel=\"noreferrer noopener\">Facebook<\/a>.<\/p>\n<p>Receba not\u00edcias do\u00a0<strong>acidade on<\/strong>\u00a0no WhatsApp.\u00a0<a href=\"https:\/\/chat.whatsapp.com\/CdrZ6xrf7quD44Vw3WlPuZ\" target=\"_blank\" rel=\"noreferrer noopener\">Para entrar no grupo, basta clicar aqui.<\/a><\/p>\n<p>Fa\u00e7a uma den\u00fancia ou sugira uma reportagem sobre Ribeir\u00e3o Preto e regi\u00e3o pelo WhatsApp: 16 99117 7802.<\/p>\n<p>VEJA TAMB\u00c9M<\/p>\n<p>Quem s\u00e3o os novos personagens de \u201cOne Piece\u201d?<\/p>\n<p><!-- AI CONTENT END 1 -->\n<\/div>\n<p><script async src=\"\/\/www.instagram.com\/embed.js\"><\/script><br \/>\n<br \/><br \/>\n<br \/><a href=\"https:\/\/www.acidadeon.com\/ribeiraopreto\/economia\/centro-de-ribeirao-preto-tem-o-maior-preco-da-cesta-basica-em-junho-veja-valores-por-regiao\/\">Source link <\/a><\/p>\n<div class='code-block code-block-4' style='margin: 8px auto 8px 0; text-align: left; display: block; clear: both;'>\n\ud83d\udce2 Aviso Legal\n\nO site ismaelcolosi.com.br atua apenas como um canal de divulga\u00e7\u00e3o de oportunidades de emprego e n\u00e3o se responsabiliza pelo processo seletivo, contrata\u00e7\u00e3o ou qualquer outra etapa relacionada \u00e0s vagas publicadas. Todas as informa\u00e7\u00f5es s\u00e3o de responsabilidade dos anunciantes.\n\n\u26a0\ufe0f Aten\u00e7\u00e3o! Nunca pague por promessas de emprego nem compre cursos que garantam contrata\u00e7\u00e3o. Desconfie de qualquer cobran\u00e7a para participar de sele\u00e7\u00f5es.\n\n\n\n<\/div>\n<!-- CONTENT END 1 -->\n","protected":false},"excerpt":{"rendered":"<p>O pre\u00e7o m\u00e9dio da cesta b\u00e1sica em Ribeir\u00e3o Preto registrou em junho, queda de 0,55% em rela\u00e7\u00e3o a maio, de acordo com pesquisa realizada pela&#8230;<\/p>\n","protected":false},"author":1,"featured_media":54523,"comment_status":"open","ping_status":"open","sticky":false,"template":"","format":"standard","meta":{"_uag_custom_page_level_css":"","advanced_seo_description":"","jetpack_seo_html_title":"","jetpack_seo_noindex":false,"jetpack_post_was_ever_published":false,"_jetpack_newsletter_access":"","_jetpack_dont_email_post_to_subs":false,"_jetpack_newsletter_tier_id":0,"_jetpack_memberships_contains_paywalled_content":false,"_jetpack_memberships_contains_paid_content":false,"footnotes":"","jetpack_publicize_message":"","jetpack_publicize_feature_enabled":true,"jetpack_social_post_already_shared":true,"jetpack_social_options":{"image_generator_settings":{"template":"highway","default_image_id":0,"font":"","enabled":false},"version":2}},"categories":[11],"tags":[],"class_list":["post-54522","post","type-post","status-publish","format-standard","has-post-thumbnail","hentry","category-noticias-de-ribeirao-preto-sp-e-regiao-ismael-colosi"],"jetpack_publicize_connections":[],"jetpack_featured_media_url":"https:\/\/i0.wp.com\/ismaelcolosi.com.br\/wp-content\/uploads\/2024\/06\/inflacao_alimentos_1024x576_09022021133744.jpg?fit=1024%2C576&ssl=1","uagb_featured_image_src":{"full":["https:\/\/i0.wp.com\/ismaelcolosi.com.br\/wp-content\/uploads\/2024\/06\/inflacao_alimentos_1024x576_09022021133744.jpg?fit=1024%2C576&ssl=1",1024,576,false],"thumbnail":["https:\/\/i0.wp.com\/ismaelcolosi.com.br\/wp-content\/uploads\/2024\/06\/inflacao_alimentos_1024x576_09022021133744.jpg?resize=150%2C150&ssl=1",150,150,true],"medium":["https:\/\/i0.wp.com\/ismaelcolosi.com.br\/wp-content\/uploads\/2024\/06\/inflacao_alimentos_1024x576_09022021133744.jpg?fit=300%2C169&ssl=1",300,169,true],"medium_large":["https:\/\/i0.wp.com\/ismaelcolosi.com.br\/wp-content\/uploads\/2024\/06\/inflacao_alimentos_1024x576_09022021133744.jpg?fit=768%2C432&ssl=1",768,432,true],"large":["https:\/\/i0.wp.com\/ismaelcolosi.com.br\/wp-content\/uploads\/2024\/06\/inflacao_alimentos_1024x576_09022021133744.jpg?fit=1024%2C576&ssl=1",1024,576,true],"1536x1536":["https:\/\/i0.wp.com\/ismaelcolosi.com.br\/wp-content\/uploads\/2024\/06\/inflacao_alimentos_1024x576_09022021133744.jpg?fit=1024%2C576&ssl=1",1024,576,true],"2048x2048":["https:\/\/i0.wp.com\/ismaelcolosi.com.br\/wp-content\/uploads\/2024\/06\/inflacao_alimentos_1024x576_09022021133744.jpg?fit=1024%2C576&ssl=1",1024,576,true],"really-simple-thumb":["https:\/\/i0.wp.com\/ismaelcolosi.com.br\/wp-content\/uploads\/2024\/06\/inflacao_alimentos_1024x576_09022021133744.jpg?resize=370%2C247&ssl=1",370,247,true]},"uagb_author_info":{"display_name":"ismaelcolosi.com.br","author_link":"https:\/\/ismaelcolosi.com.br\/index.php\/author\/vidareal-online\/"},"uagb_comment_info":0,"uagb_excerpt":"O pre\u00e7o m\u00e9dio da cesta b\u00e1sica em Ribeir\u00e3o Preto registrou em junho, queda de 0,55% em rela\u00e7\u00e3o a maio, de acordo com pesquisa realizada pela...","jetpack-related-posts":[{"id":38967,"url":"https:\/\/ismaelcolosi.com.br\/index.php\/2024\/02\/22\/cesta-basica-mais-cara-veja-qual-o-motivo-da-inflacao-em-ribeirao-preto\/","url_meta":{"origin":54522,"position":0},"title":"Cesta b\u00e1sica mais cara: Veja qual o motivo da infla\u00e7\u00e3o em Ribeir\u00e3o Preto","author":"ismaelcolosi.com.br","date":"22 de February de 2024","format":false,"excerpt":"Pela quinta vez consecutiva, o valor dos alimentos subiu em Ribeir\u00e3o Preto e apresentou infla\u00e7\u00e3o de 3,95% em fevereiro, na compara\u00e7\u00e3o com janeiro de 2024. O impacto do clima segue afetando o pre\u00e7o final da cesta b\u00e1sica da cidade. De acordo com o levantamento da Associa\u00e7\u00e3o Comercial e Industrial de\u2026","rel":"","context":"In &quot;Not\u00edcias de Ribeir\u00e3o Preto-SP e Regi\u00e3o&quot;","block_context":{"text":"Not\u00edcias de Ribeir\u00e3o Preto-SP e Regi\u00e3o","link":"https:\/\/ismaelcolosi.com.br\/index.php\/category\/noticias-de-ribeirao-preto-sp-e-regiao-ismael-colosi\/"},"img":{"alt_text":"","src":"https:\/\/i0.wp.com\/ismaelcolosi.com.br\/wp-content\/uploads\/2024\/02\/1708627724_inflacao_alimentos_1024x576_09022021133744.jpg?fit=1024%2C576&ssl=1&resize=350%2C200","width":350,"height":200,"srcset":"https:\/\/i0.wp.com\/ismaelcolosi.com.br\/wp-content\/uploads\/2024\/02\/1708627724_inflacao_alimentos_1024x576_09022021133744.jpg?fit=1024%2C576&ssl=1&resize=350%2C200 1x, https:\/\/i0.wp.com\/ismaelcolosi.com.br\/wp-content\/uploads\/2024\/02\/1708627724_inflacao_alimentos_1024x576_09022021133744.jpg?fit=1024%2C576&ssl=1&resize=525%2C300 1.5x, https:\/\/i0.wp.com\/ismaelcolosi.com.br\/wp-content\/uploads\/2024\/02\/1708627724_inflacao_alimentos_1024x576_09022021133744.jpg?fit=1024%2C576&ssl=1&resize=700%2C400 2x"},"classes":[]},{"id":38965,"url":"https:\/\/ismaelcolosi.com.br\/index.php\/2024\/02\/22\/clima-impulsiona-inflacao-em-ribeirao-veja-regiao-com-cesta-basica-mais-cara\/","url_meta":{"origin":54522,"position":1},"title":"Clima impulsiona infla\u00e7\u00e3o em Ribeir\u00e3o; Veja regi\u00e3o com cesta b\u00e1sica mais cara","author":"ismaelcolosi.com.br","date":"22 de February de 2024","format":false,"excerpt":"Pela quinta vez consecutiva, o valor dos alimentos subiu em Ribeir\u00e3o Preto e apresentou infla\u00e7\u00e3o de 3,95% em fevereiro, na compara\u00e7\u00e3o com janeiro de 2024. O impacto do clima segue afetando o pre\u00e7o final da cesta b\u00e1sica da cidade. De acordo com o levantamento da Associa\u00e7\u00e3o Comercial e Industrial de\u2026","rel":"","context":"In &quot;Not\u00edcias de Ribeir\u00e3o Preto-SP e Regi\u00e3o&quot;","block_context":{"text":"Not\u00edcias de Ribeir\u00e3o Preto-SP e Regi\u00e3o","link":"https:\/\/ismaelcolosi.com.br\/index.php\/category\/noticias-de-ribeirao-preto-sp-e-regiao-ismael-colosi\/"},"img":{"alt_text":"","src":"https:\/\/i0.wp.com\/ismaelcolosi.com.br\/wp-content\/uploads\/2024\/02\/inflacao_alimentos_1024x576_09022021133744.jpg?fit=1024%2C576&ssl=1&resize=350%2C200","width":350,"height":200,"srcset":"https:\/\/i0.wp.com\/ismaelcolosi.com.br\/wp-content\/uploads\/2024\/02\/inflacao_alimentos_1024x576_09022021133744.jpg?fit=1024%2C576&ssl=1&resize=350%2C200 1x, https:\/\/i0.wp.com\/ismaelcolosi.com.br\/wp-content\/uploads\/2024\/02\/inflacao_alimentos_1024x576_09022021133744.jpg?fit=1024%2C576&ssl=1&resize=525%2C300 1.5x, https:\/\/i0.wp.com\/ismaelcolosi.com.br\/wp-content\/uploads\/2024\/02\/inflacao_alimentos_1024x576_09022021133744.jpg?fit=1024%2C576&ssl=1&resize=700%2C400 2x"},"classes":[]},{"id":26721,"url":"https:\/\/ismaelcolosi.com.br\/index.php\/2024\/01\/10\/cesta-basica-recua-em-15-de-17-capitais-2\/","url_meta":{"origin":54522,"position":2},"title":"Cesta b\u00e1sica recua em 15 de 17 capitais \u00a0","author":"ismaelcolosi.com.br","date":"10 de January de 2024","format":false,"excerpt":"O valor da cesta b\u00e1sica encerrou o ano passado em queda em 15 das 17 capitais pesquisadas pelo Departamento Intersindical de Estat\u00edsticas e Estudos Socioecon\u00f4micos (Dieese). S\u00f3 Bel\u00e9m (PA) e Porto Alegre (RS) caminharam na contram\u00e3o das demais no per\u00edodo, com altas de 0,94% e 0,12%, respectivamente.Campo Grande (MS) liderou\u2026","rel":"","context":"In &quot;Not\u00edcias de Ribeir\u00e3o Preto-SP e Regi\u00e3o&quot;","block_context":{"text":"Not\u00edcias de Ribeir\u00e3o Preto-SP e Regi\u00e3o","link":"https:\/\/ismaelcolosi.com.br\/index.php\/category\/noticias-de-ribeirao-preto-sp-e-regiao-ismael-colosi\/"},"img":{"alt_text":"","src":"https:\/\/i0.wp.com\/ismaelcolosi.com.br\/wp-content\/uploads\/2024\/01\/Cesta-Geraldo-Bubniak-AEN-1-scaled.jpg?fit=1000%2C598&ssl=1&resize=350%2C200","width":350,"height":200,"srcset":"https:\/\/i0.wp.com\/ismaelcolosi.com.br\/wp-content\/uploads\/2024\/01\/Cesta-Geraldo-Bubniak-AEN-1-scaled.jpg?fit=1000%2C598&ssl=1&resize=350%2C200 1x, https:\/\/i0.wp.com\/ismaelcolosi.com.br\/wp-content\/uploads\/2024\/01\/Cesta-Geraldo-Bubniak-AEN-1-scaled.jpg?fit=1000%2C598&ssl=1&resize=525%2C300 1.5x, https:\/\/i0.wp.com\/ismaelcolosi.com.br\/wp-content\/uploads\/2024\/01\/Cesta-Geraldo-Bubniak-AEN-1-scaled.jpg?fit=1000%2C598&ssl=1&resize=700%2C400 2x"},"classes":[]},{"id":57957,"url":"https:\/\/ismaelcolosi.com.br\/index.php\/2024\/07\/25\/pesquisa-aponta-que-produtos-da-cesta-basica-ficaram-mais-baratos-em-ribeirao-preto\/","url_meta":{"origin":54522,"position":3},"title":"Pesquisa aponta que produtos da cesta b\u00e1sica ficaram mais baratos em Ribeir\u00e3o Preto","author":"ismaelcolosi.com.br","date":"25 de July de 2024","format":false,"excerpt":"Uma pesquisa mensal apontou que produtos da cesta b\u00e1sica em Ribeir\u00e3o Preto ficaram 7,7% mais baratos neste m\u00eas de julho, em compara\u00e7\u00e3o ao m\u00eas anterior. O levantamento realizado pelo Instituto de Economia Maur\u00edlio Biagi da Acirp (Associa\u00e7\u00e3o Comercial e Industrial de Ribeir\u00e3o Preto) foram divulgados nesta quinta-feira (25). Segundo a\u2026","rel":"","context":"In &quot;Not\u00edcias de Ribeir\u00e3o Preto-SP e Regi\u00e3o&quot;","block_context":{"text":"Not\u00edcias de Ribeir\u00e3o Preto-SP e Regi\u00e3o","link":"https:\/\/ismaelcolosi.com.br\/index.php\/category\/noticias-de-ribeirao-preto-sp-e-regiao-ismael-colosi\/"},"img":{"alt_text":"","src":"https:\/\/i0.wp.com\/ismaelcolosi.com.br\/wp-content\/uploads\/2024\/07\/Copia-de-Copia-de-TAMANHO-EXATO-PARA-FOTOS-NO-SISTEMA-NOVO-32_2024-07-25_21-41-32_jpg_2024-07-25_21-41-32.webp.webp?fit=1200%2C675&ssl=1&resize=350%2C200","width":350,"height":200,"srcset":"https:\/\/i0.wp.com\/ismaelcolosi.com.br\/wp-content\/uploads\/2024\/07\/Copia-de-Copia-de-TAMANHO-EXATO-PARA-FOTOS-NO-SISTEMA-NOVO-32_2024-07-25_21-41-32_jpg_2024-07-25_21-41-32.webp.webp?fit=1200%2C675&ssl=1&resize=350%2C200 1x, https:\/\/i0.wp.com\/ismaelcolosi.com.br\/wp-content\/uploads\/2024\/07\/Copia-de-Copia-de-TAMANHO-EXATO-PARA-FOTOS-NO-SISTEMA-NOVO-32_2024-07-25_21-41-32_jpg_2024-07-25_21-41-32.webp.webp?fit=1200%2C675&ssl=1&resize=525%2C300 1.5x, https:\/\/i0.wp.com\/ismaelcolosi.com.br\/wp-content\/uploads\/2024\/07\/Copia-de-Copia-de-TAMANHO-EXATO-PARA-FOTOS-NO-SISTEMA-NOVO-32_2024-07-25_21-41-32_jpg_2024-07-25_21-41-32.webp.webp?fit=1200%2C675&ssl=1&resize=700%2C400 2x, https:\/\/i0.wp.com\/ismaelcolosi.com.br\/wp-content\/uploads\/2024\/07\/Copia-de-Copia-de-TAMANHO-EXATO-PARA-FOTOS-NO-SISTEMA-NOVO-32_2024-07-25_21-41-32_jpg_2024-07-25_21-41-32.webp.webp?fit=1200%2C675&ssl=1&resize=1050%2C600 3x"},"classes":[]},{"id":59808,"url":"https:\/\/ismaelcolosi.com.br\/index.php\/2024\/08\/12\/veja-qual-e-o-vilao-dos-endividados-em-ribeirao-preto\/","url_meta":{"origin":54522,"position":4},"title":"Veja qual \u00e9 o \u2018vil\u00e3o\u2019 dos endividados em Ribeir\u00e3o Preto","author":"ismaelcolosi.com.br","date":"12 de August de 2024","format":false,"excerpt":"Um levantamento da Acirp (Associa\u00e7\u00e3o Comercial e Industrial de Ribeir\u00e3o Preto) aponta que um ter\u00e7o da popula\u00e7\u00e3o de Ribeir\u00e3o Preto (29,65%) ficou inadimplente no primeiro semestre de 2024. Segundo o estudo, o \u201cvil\u00e3o\u201d dos endividados \u00e9 o cart\u00e3o de cr\u00e9dito. O levantamento informa que o n\u00famero de endividados na cidade\u2026","rel":"","context":"In &quot;Not\u00edcias de Ribeir\u00e3o Preto-SP e Regi\u00e3o&quot;","block_context":{"text":"Not\u00edcias de Ribeir\u00e3o Preto-SP e Regi\u00e3o","link":"https:\/\/ismaelcolosi.com.br\/index.php\/category\/noticias-de-ribeirao-preto-sp-e-regiao-ismael-colosi\/"},"img":{"alt_text":"","src":"https:\/\/i0.wp.com\/ismaelcolosi.com.br\/wp-content\/uploads\/2024\/08\/1723489153_acidadeon_logos_Prancheta-1-copia-12_edited.jpg?fit=1199%2C1200&ssl=1&resize=350%2C200","width":350,"height":200,"srcset":"https:\/\/i0.wp.com\/ismaelcolosi.com.br\/wp-content\/uploads\/2024\/08\/1723489153_acidadeon_logos_Prancheta-1-copia-12_edited.jpg?fit=1199%2C1200&ssl=1&resize=350%2C200 1x, https:\/\/i0.wp.com\/ismaelcolosi.com.br\/wp-content\/uploads\/2024\/08\/1723489153_acidadeon_logos_Prancheta-1-copia-12_edited.jpg?fit=1199%2C1200&ssl=1&resize=525%2C300 1.5x, https:\/\/i0.wp.com\/ismaelcolosi.com.br\/wp-content\/uploads\/2024\/08\/1723489153_acidadeon_logos_Prancheta-1-copia-12_edited.jpg?fit=1199%2C1200&ssl=1&resize=700%2C400 2x, https:\/\/i0.wp.com\/ismaelcolosi.com.br\/wp-content\/uploads\/2024\/08\/1723489153_acidadeon_logos_Prancheta-1-copia-12_edited.jpg?fit=1199%2C1200&ssl=1&resize=1050%2C600 3x"},"classes":[]},{"id":51197,"url":"https:\/\/ismaelcolosi.com.br\/index.php\/2024\/05\/23\/tragedia-climatica-no-rs-provoca-aumento-no-preco-da-cesta-basica-em-ribeirao-preto\/","url_meta":{"origin":54522,"position":5},"title":"Trag\u00e9dia clim\u00e1tica no RS provoca aumento no pre\u00e7o da cesta b\u00e1sica em Ribeir\u00e3o Preto","author":"ismaelcolosi.com.br","date":"23 de May de 2024","format":false,"excerpt":"O pre\u00e7o da cesta b\u00e1sica em Ribeir\u00e3o Preto voltou a subir no m\u00eas de maio, depois de dois meses em queda, segundo o levantamento feito pelo Instituto de Economia Maur\u00edlio Biagi da Acirp (Associa\u00e7\u00e3o Comercial e Industrial de Ribeir\u00e3o Preto). O motivo atribu\u00eddo \u00e9 a trag\u00e9dia clim\u00e1tica no Rio Grande\u2026","rel":"","context":"In &quot;Not\u00edcias de Ribeir\u00e3o Preto-SP e Regi\u00e3o&quot;","block_context":{"text":"Not\u00edcias de Ribeir\u00e3o Preto-SP e Regi\u00e3o","link":"https:\/\/ismaelcolosi.com.br\/index.php\/category\/noticias-de-ribeirao-preto-sp-e-regiao-ismael-colosi\/"},"img":{"alt_text":"","src":"https:\/\/i0.wp.com\/ismaelcolosi.com.br\/wp-content\/uploads\/2024\/05\/Copia-de-Copia-de-TAMANHO-EXATO-PARA-FOTOS-NO-SISTEMA-NOVO-37_2024-05-23_20-09-06_jpg_2024-05-23_20-09-06.webp.webp?fit=1200%2C675&ssl=1&resize=350%2C200","width":350,"height":200,"srcset":"https:\/\/i0.wp.com\/ismaelcolosi.com.br\/wp-content\/uploads\/2024\/05\/Copia-de-Copia-de-TAMANHO-EXATO-PARA-FOTOS-NO-SISTEMA-NOVO-37_2024-05-23_20-09-06_jpg_2024-05-23_20-09-06.webp.webp?fit=1200%2C675&ssl=1&resize=350%2C200 1x, https:\/\/i0.wp.com\/ismaelcolosi.com.br\/wp-content\/uploads\/2024\/05\/Copia-de-Copia-de-TAMANHO-EXATO-PARA-FOTOS-NO-SISTEMA-NOVO-37_2024-05-23_20-09-06_jpg_2024-05-23_20-09-06.webp.webp?fit=1200%2C675&ssl=1&resize=525%2C300 1.5x, https:\/\/i0.wp.com\/ismaelcolosi.com.br\/wp-content\/uploads\/2024\/05\/Copia-de-Copia-de-TAMANHO-EXATO-PARA-FOTOS-NO-SISTEMA-NOVO-37_2024-05-23_20-09-06_jpg_2024-05-23_20-09-06.webp.webp?fit=1200%2C675&ssl=1&resize=700%2C400 2x, https:\/\/i0.wp.com\/ismaelcolosi.com.br\/wp-content\/uploads\/2024\/05\/Copia-de-Copia-de-TAMANHO-EXATO-PARA-FOTOS-NO-SISTEMA-NOVO-37_2024-05-23_20-09-06_jpg_2024-05-23_20-09-06.webp.webp?fit=1200%2C675&ssl=1&resize=1050%2C600 3x"},"classes":[]}],"jetpack_sharing_enabled":true,"jetpack_shortlink":"https:\/\/wp.me\/pfMlyK-ebo","_links":{"self":[{"href":"https:\/\/ismaelcolosi.com.br\/index.php\/wp-json\/wp\/v2\/posts\/54522","targetHints":{"allow":["GET"]}}],"collection":[{"href":"https:\/\/ismaelcolosi.com.br\/index.php\/wp-json\/wp\/v2\/posts"}],"about":[{"href":"https:\/\/ismaelcolosi.com.br\/index.php\/wp-json\/wp\/v2\/types\/post"}],"author":[{"embeddable":true,"href":"https:\/\/ismaelcolosi.com.br\/index.php\/wp-json\/wp\/v2\/users\/1"}],"replies":[{"embeddable":true,"href":"https:\/\/ismaelcolosi.com.br\/index.php\/wp-json\/wp\/v2\/comments?post=54522"}],"version-history":[{"count":0,"href":"https:\/\/ismaelcolosi.com.br\/index.php\/wp-json\/wp\/v2\/posts\/54522\/revisions"}],"wp:featuredmedia":[{"embeddable":true,"href":"https:\/\/ismaelcolosi.com.br\/index.php\/wp-json\/wp\/v2\/media\/54523"}],"wp:attachment":[{"href":"https:\/\/ismaelcolosi.com.br\/index.php\/wp-json\/wp\/v2\/media?parent=54522"}],"wp:term":[{"taxonomy":"category","embeddable":true,"href":"https:\/\/ismaelcolosi.com.br\/index.php\/wp-json\/wp\/v2\/categories?post=54522"},{"taxonomy":"post_tag","embeddable":true,"href":"https:\/\/ismaelcolosi.com.br\/index.php\/wp-json\/wp\/v2\/tags?post=54522"}],"curies":[{"name":"wp","href":"https:\/\/api.w.org\/{rel}","templated":true}]}}