{"id":54520,"date":"2024-06-25T22:40:06","date_gmt":"2024-06-26T01:40:06","guid":{"rendered":"https:\/\/ismaelcolosi.com.br\/index.php\/2024\/06\/25\/vitima-de-golpe-diz-que-vendeu-apartamento-e-investiu-r-860-mil-em-empresa-de-ribeirao\/"},"modified":"2024-06-25T22:40:06","modified_gmt":"2024-06-26T01:40:06","slug":"vitima-de-golpe-diz-que-vendeu-apartamento-e-investiu-r-860-mil-em-empresa-de-ribeirao","status":"publish","type":"post","link":"https:\/\/ismaelcolosi.com.br\/index.php\/2024\/06\/25\/vitima-de-golpe-diz-que-vendeu-apartamento-e-investiu-r-860-mil-em-empresa-de-ribeirao\/","title":{"rendered":"V\u00edtima de golpe diz que vendeu apartamento e investiu R$ 860 mil em empresa de Ribeir\u00e3o"},"content":{"rendered":"<p> <br \/>\n<\/p>\n<div>\n<p>Uma das 227 v\u00edtimas que foram enganadas pela <strong>B&amp;B Capital<\/strong>, de <strong>Ribeir\u00e3o Preto<\/strong>, investigada por aplicar um <strong>golpe financeiro de R$ 40 milh\u00f5es<\/strong>, <mark style=\"background-color:#fcb900\" class=\"has-inline-color\">disse que realizou a venda de um apartamento e investiu R$ 860 mil no neg\u00f3cio, que prometia rendimento m\u00ednimo de 2% ao m\u00eas.<\/mark><\/p>\n<p>O caso foi descoberto no<strong> final do m\u00eas de mar\u00e7o<\/strong> <strong>de 2023<\/strong>, quando clientes procuraram a <strong>Pol\u00edcia Civil<\/strong> ap\u00f3s n\u00e3o conseguirem sacar os valores repassados \u00e0 empresa para realiza\u00e7\u00e3o de investimentos. <strong>Desde ent\u00e3o, Andr\u00e9 Luiz de Jesus Rosa, dono da empresa, est\u00e1 desaparecido.<\/strong><\/p>\n<p>Na \u00e9poca, o homem chegou a enviar uma mensagem aos funcion\u00e1rios da empresa, <strong>afirmando que estava fechando a B&amp;B Capital,<\/strong> porque <strong>n\u00e3o tinha mais o dinheiro aportado<\/strong>.<\/p>\n<p>Em entrevista a <em>EPTV<\/em>, o administrador de empresas <strong>Rafael de Almeida Carvalho<\/strong>, mostrou as in\u00fameras vezes que foram feitas <strong>transfer\u00eancias para a empresa<\/strong> e explicou a promessa que foi feita.<\/p>\n<figure class=\"wp-block-pullquote\">\n<blockquote>\n<p>Todo o investimento que voc\u00ea fazia l\u00e1, voc\u00ea teria um rendimento m\u00ednimo de 2,5% ao m\u00eas. Por\u00e9m, no contrato dizia tamb\u00e9m que 50% de tudo que eles fizessem de rendimento, era da empresa, da B&amp;B Capital, e os outros 50% era liberado ao investidor<\/p>\n<\/blockquote>\n<\/figure>\n<figure class=\"wp-block-image size-full is-resized\"><img data-recalc-dims=\"1\" loading=\"lazy\" decoding=\"async\" src=\"https:\/\/i0.wp.com\/www.acidadeon.com\/ribeiraopreto\/wp-content\/uploads\/sites\/3\/2024\/06\/foto-_2024-06-26_01-07-54_png_2024-06-26_01-07-54.webp?resize=639%2C414&#038;ssl=1\" alt=\"\" class=\"wp-image-85971\" width=\"639\" height=\"414\"\/><figcaption class=\"wp-element-caption\">Extrato banc\u00e1rio mostra transfer\u00eancias para a B&amp;B Capital. (Foto: Reprodu\u00e7\u00e3o\/ EPTV)<\/p>\n<\/figcaption><\/figure>\n<h3 class=\"wp-block-heading\"><strong>MP aguarda relat\u00f3rio<\/strong><\/h3>\n<p>O<strong> inqu\u00e9rito policial<\/strong> do caso foi conclu\u00eddo no final do ano passado e foi solicitada a pris\u00e3o preventiva de <strong>Andr\u00e9 Luiz Jesus da Rosa.<\/strong><\/p>\n<p>Al\u00e9m disso, foram indiciados <strong>Alex Sandro de Jesus da Rosa (irm\u00e3o do dono)<\/strong>, <strong>Pedro Eduardo Freitas Duarte<\/strong>, <strong>Paulo Rog\u00e9rio do Nascimento<\/strong> e <strong>Phelippe Augusto Chrysostomo da Silva<\/strong>, todo ligados a empresa.<\/p>\n<p>Contudo, o <strong>Minist\u00e9rio P\u00fablico (MP)<\/strong> aguarda um relat\u00f3rio da pol\u00edcia para entender como era o fluxo do dinheiro e o mecanismo da empresa. Ap\u00f3s o documento, o \u00f3rg\u00e3o dever\u00e1 denunciar oficialmente todos os envolvidos.<\/p>\n<figure class=\"wp-block-pullquote\">\n<blockquote>\n<p>Est\u00e1 pendente ainda uma an\u00e1lise do fluxo do dinheiro, do mecanismo, se a empresa efetivamente aplicava esse dinheiro no mercado de capitais, se fazia outros tipos de investimentos ou se simplesmente era uma entrada e sa\u00edda de dinheiro, onde os clientes mais novos apresentavam seu dinheiro e isso era usado para saque dos clientes mais antigos. N\u00f3s n\u00e3o sabemos como eles operavam esse mecanismo<\/p>\n<p><cite>explicou o promotor de Justi\u00e7a Augusto Soares de Arruda Neto<\/cite><\/p><\/blockquote>\n<\/figure>\n<h3 class=\"wp-block-heading\"><strong>O que dizem as defesas?<\/strong><\/h3>\n<p><mark style=\"background-color:#fcb900\" class=\"has-inline-color\">Desde a descoberta do caso, a defesa de <strong>Andr\u00e9 Luiz Jesus da Rosa<\/strong> tenta ser localizada.<\/mark> A <strong>defesa de Pedro Eduardo Freitas Duarte<\/strong> disse que ele atuava apenas como advogado da empresa e que <strong>Felipe Augusto Chrys\u00f3stomo da Silva<\/strong> n\u00e3o fazia parta da empresa h\u00e1 anos.<\/p>\n<p>J\u00e1 os <strong>advogados de Paulo Rogerio do Nascimento<\/strong> disseram que ele tamb\u00e9m foi v\u00edtima da empresa e que vai provar a inoc\u00eancia do cliente.<\/p>\n<p>A <strong>defesa de Alex Sandro de Jesus da Rosa<\/strong> disse que ele n\u00e3o tem participa\u00e7\u00e3o no esquema e que tem colaborado com as autoridades.<\/p>\n<h4 class=\"wp-block-heading\"><strong>O caso<\/strong><\/h4>\n<p>Em mar\u00e7o de 2023, clientes da<strong> B&amp;B <\/strong>procuraram a Pol\u00edcia Civil ap\u00f3s n\u00e3o conseguirem sacar os valores repassados \u00e0 empresa para realiza\u00e7\u00e3o de investimentos. Desde ent\u00e3o, Andr\u00e9 Luiz de Jesus Rosa est\u00e1 desaparecido.<\/p>\n<p>Em uma mensagem enviada aos funcion\u00e1rios da empresa, Andr\u00e9 afirmou que estava fechando a B&amp;B Capital, porque n\u00e3o tinha mais o dinheiro aportado.<strong> J\u00e1 foram realizados bloqueios e apreens\u00e3o de bens de Andr\u00e9 Luiz e da empresa.<\/strong><\/p>\n<p><em><strong>(com informa\u00e7\u00f5es da EPTV)<\/strong><\/em><\/p>\n<hr class=\"wp-block-separator has-alpha-channel-opacity\"\/>\n<p>SAIBA MAIS<\/p>\n<p>Mulher \u00e9 morta pelo marido na regi\u00e3o de Ribeir\u00e3o Preto<\/p>\n<h4 class=\"wp-block-heading\"><strong>FIQUE ON<\/strong><\/h4>\n<p>Fique ligado em tudo que acontece em Ribeir\u00e3o Preto e regi\u00e3o. Siga os perfis do<strong>\u00a0acidade on\u00a0<\/strong>no<a href=\"https:\/\/www.instagram.com\/acidadeonribeirao\" target=\"_blank\" rel=\"noreferrer noopener\">\u00a0Instagram\u00a0<\/a>e no\u00a0<a href=\"https:\/\/www.facebook.com\/acidadeonribeirao\/\" target=\"_blank\" rel=\"noreferrer noopener\">Facebook<\/a>.<\/p>\n<p>Receba not\u00edcias do<strong>\u00a0acidade on<\/strong>\u00a0no WhatsApp.\u00a0<a href=\"https:\/\/chat.whatsapp.com\/CdrZ6xrf7quD44Vw3WlPuZ\" target=\"_blank\" rel=\"noreferrer noopener\">Para entrar no grupo, basta clicar aqui.<\/a><\/p>\n<p>Fa\u00e7a uma den\u00fancia ou sugira uma reportagem sobre Ribeir\u00e3o Preto e regi\u00e3o pelo WhatsApp: 16 99117 7802.<\/p>\n<p>VEJA TAMB\u00c9M<\/p>\n<p>Quando ser\u00e1 lan\u00e7ada a segunda temporada de One Piece?<\/p>\n<p><!-- AI CONTENT END 1 -->\n<\/div>\n<p><script async src=\"\/\/www.instagram.com\/embed.js\"><\/script><br \/>\n<br \/><br \/>\n<br \/><a href=\"https:\/\/www.acidadeon.com\/ribeiraopreto\/cotidiano\/vitima-de-golpe-diz-que-vendeu-apartamento-e-investiu-r-860-mil-em-empresa-de-ribeirao-preto-1\/\">Source link <\/a><\/p>\n<div class='code-block code-block-4' style='margin: 8px auto 8px 0; text-align: left; display: block; clear: both;'>\n\ud83d\udce2 Aviso Legal\n\nO site ismaelcolosi.com.br atua apenas como um canal de divulga\u00e7\u00e3o de oportunidades de emprego e n\u00e3o se responsabiliza pelo processo seletivo, contrata\u00e7\u00e3o ou qualquer outra etapa relacionada \u00e0s vagas publicadas. Todas as informa\u00e7\u00f5es s\u00e3o de responsabilidade dos anunciantes.\n\n\u26a0\ufe0f Aten\u00e7\u00e3o! Nunca pague por promessas de emprego nem compre cursos que garantam contrata\u00e7\u00e3o. Desconfie de qualquer cobran\u00e7a para participar de sele\u00e7\u00f5es.\n\n\n\n<\/div>\n<!-- CONTENT END 1 -->\n","protected":false},"excerpt":{"rendered":"<p>Uma das 227 v\u00edtimas que foram enganadas pela B&amp;B Capital, de Ribeir\u00e3o Preto, investigada por aplicar um golpe financeiro de R$ 40 milh\u00f5es, disse que&#8230;<\/p>\n","protected":false},"author":1,"featured_media":54521,"comment_status":"open","ping_status":"open","sticky":false,"template":"","format":"standard","meta":{"_uag_custom_page_level_css":"","advanced_seo_description":"","jetpack_seo_html_title":"","jetpack_seo_noindex":false,"jetpack_post_was_ever_published":false,"_jetpack_newsletter_access":"","_jetpack_dont_email_post_to_subs":false,"_jetpack_newsletter_tier_id":0,"_jetpack_memberships_contains_paywalled_content":false,"_jetpack_memberships_contains_paid_content":false,"footnotes":"","jetpack_publicize_message":"","jetpack_publicize_feature_enabled":true,"jetpack_social_post_already_shared":true,"jetpack_social_options":{"image_generator_settings":{"template":"highway","default_image_id":0,"font":"","enabled":false},"version":2}},"categories":[11],"tags":[],"class_list":["post-54520","post","type-post","status-publish","format-standard","has-post-thumbnail","hentry","category-noticias-de-ribeirao-preto-sp-e-regiao-ismael-colosi"],"jetpack_publicize_connections":[],"jetpack_featured_media_url":"https:\/\/i0.wp.com\/ismaelcolosi.com.br\/wp-content\/uploads\/2024\/06\/andre-luiz-rosa.jpg?fit=1253%2C975&ssl=1","uagb_featured_image_src":{"full":["https:\/\/i0.wp.com\/ismaelcolosi.com.br\/wp-content\/uploads\/2024\/06\/andre-luiz-rosa.jpg?fit=1253%2C975&ssl=1",1253,975,false],"thumbnail":["https:\/\/i0.wp.com\/ismaelcolosi.com.br\/wp-content\/uploads\/2024\/06\/andre-luiz-rosa.jpg?resize=150%2C150&ssl=1",150,150,true],"medium":["https:\/\/i0.wp.com\/ismaelcolosi.com.br\/wp-content\/uploads\/2024\/06\/andre-luiz-rosa.jpg?fit=300%2C233&ssl=1",300,233,true],"medium_large":["https:\/\/i0.wp.com\/ismaelcolosi.com.br\/wp-content\/uploads\/2024\/06\/andre-luiz-rosa.jpg?fit=768%2C598&ssl=1",768,598,true],"large":["https:\/\/i0.wp.com\/ismaelcolosi.com.br\/wp-content\/uploads\/2024\/06\/andre-luiz-rosa.jpg?fit=1024%2C797&ssl=1",1024,797,true],"1536x1536":["https:\/\/i0.wp.com\/ismaelcolosi.com.br\/wp-content\/uploads\/2024\/06\/andre-luiz-rosa.jpg?fit=1253%2C975&ssl=1",1253,975,true],"2048x2048":["https:\/\/i0.wp.com\/ismaelcolosi.com.br\/wp-content\/uploads\/2024\/06\/andre-luiz-rosa.jpg?fit=1253%2C975&ssl=1",1253,975,true],"really-simple-thumb":["https:\/\/i0.wp.com\/ismaelcolosi.com.br\/wp-content\/uploads\/2024\/06\/andre-luiz-rosa.jpg?resize=370%2C247&ssl=1",370,247,true]},"uagb_author_info":{"display_name":"ismaelcolosi.com.br","author_link":"https:\/\/ismaelcolosi.com.br\/index.php\/author\/vidareal-online\/"},"uagb_comment_info":0,"uagb_excerpt":"Uma das 227 v\u00edtimas que foram enganadas pela B&amp;B Capital, de Ribeir\u00e3o Preto, investigada por aplicar um golpe financeiro de R$ 40 milh\u00f5es, disse que...","jetpack-related-posts":[{"id":54532,"url":"https:\/\/ismaelcolosi.com.br\/index.php\/2024\/06\/26\/acidente-com-onibus-e-caminhao-deixa-1-morto-e-dezenas-de-feridos-na-anhanguera\/","url_meta":{"origin":54520,"position":0},"title":"Acidente com \u00f4nibus e caminh\u00e3o deixa 1 morto e dezenas de feridos na Anhanguera","author":"ismaelcolosi.com.br","date":"26 de June de 2024","format":false,"excerpt":"Uma batida entre um \u00f4nibus e um caminh\u00e3o deixou um morto e ao menos 12 feridos no km 299 da rodovia Anhanguera (SP-330), no in\u00edcio da madrugada desta quarta-feira (26), no trecho conhecido como Serra de Cravinhos, na regi\u00e3o de Ribeir\u00e3o Preto. Segundo a Artesp (Ag\u00eancia de Transporte do Estado\u2026","rel":"","context":"In &quot;Not\u00edcias de Ribeir\u00e3o Preto-SP e Regi\u00e3o&quot;","block_context":{"text":"Not\u00edcias de Ribeir\u00e3o Preto-SP e Regi\u00e3o","link":"https:\/\/ismaelcolosi.com.br\/index.php\/category\/noticias-de-ribeirao-preto-sp-e-regiao-ismael-colosi\/"},"img":{"alt_text":"","src":"https:\/\/i0.wp.com\/ismaelcolosi.com.br\/wp-content\/uploads\/2024\/06\/1719397158_acidadeon_logos_Prancheta-1-copia-12_edited.jpg?fit=1199%2C1200&ssl=1&resize=350%2C200","width":350,"height":200,"srcset":"https:\/\/i0.wp.com\/ismaelcolosi.com.br\/wp-content\/uploads\/2024\/06\/1719397158_acidadeon_logos_Prancheta-1-copia-12_edited.jpg?fit=1199%2C1200&ssl=1&resize=350%2C200 1x, https:\/\/i0.wp.com\/ismaelcolosi.com.br\/wp-content\/uploads\/2024\/06\/1719397158_acidadeon_logos_Prancheta-1-copia-12_edited.jpg?fit=1199%2C1200&ssl=1&resize=525%2C300 1.5x, https:\/\/i0.wp.com\/ismaelcolosi.com.br\/wp-content\/uploads\/2024\/06\/1719397158_acidadeon_logos_Prancheta-1-copia-12_edited.jpg?fit=1199%2C1200&ssl=1&resize=700%2C400 2x, https:\/\/i0.wp.com\/ismaelcolosi.com.br\/wp-content\/uploads\/2024\/06\/1719397158_acidadeon_logos_Prancheta-1-copia-12_edited.jpg?fit=1199%2C1200&ssl=1&resize=1050%2C600 3x"},"classes":[]},{"id":2821,"url":"https:\/\/ismaelcolosi.com.br\/index.php\/2023\/11\/16\/policia-pede-prisao-de-empresario-suspeito-de-golpe-em-ribeirao-preto\/","url_meta":{"origin":54520,"position":1},"title":"Pol\u00edcia pede pris\u00e3o de empres\u00e1rio suspeito de golpe em Ribeir\u00e3o Preto","author":"ismaelcolosi.com.br","date":"16 de November de 2023","format":false,"excerpt":"O delegado Gustavo Andr\u00e9 Alves, da Pol\u00edcia Civil, pediu a pris\u00e3o preventiva de Andr\u00e9 Luiz de Jesus Rosa, empres\u00e1rio suspeito de aplicar um golpe de mais de R$ 40 milh\u00f5es em clientes de uma empresa de investimentos de Ribeir\u00e3o Preto. Ele est\u00e1 foragido desde o \u00faltimo m\u00eas de mar\u00e7o. O\u2026","rel":"","context":"In &quot;Not\u00edcias de Ribeir\u00e3o Preto-SP e Regi\u00e3o&quot;","block_context":{"text":"Not\u00edcias de Ribeir\u00e3o Preto-SP e Regi\u00e3o","link":"https:\/\/ismaelcolosi.com.br\/index.php\/category\/noticias-de-ribeirao-preto-sp-e-regiao-ismael-colosi\/"},"img":{"alt_text":"","src":"https:\/\/i0.wp.com\/ismaelcolosi.com.br\/wp-content\/uploads\/2023\/11\/andre-luiz-rosa.jpg?fit=1200%2C934&ssl=1&resize=350%2C200","width":350,"height":200,"srcset":"https:\/\/i0.wp.com\/ismaelcolosi.com.br\/wp-content\/uploads\/2023\/11\/andre-luiz-rosa.jpg?fit=1200%2C934&ssl=1&resize=350%2C200 1x, https:\/\/i0.wp.com\/ismaelcolosi.com.br\/wp-content\/uploads\/2023\/11\/andre-luiz-rosa.jpg?fit=1200%2C934&ssl=1&resize=525%2C300 1.5x, https:\/\/i0.wp.com\/ismaelcolosi.com.br\/wp-content\/uploads\/2023\/11\/andre-luiz-rosa.jpg?fit=1200%2C934&ssl=1&resize=700%2C400 2x, https:\/\/i0.wp.com\/ismaelcolosi.com.br\/wp-content\/uploads\/2023\/11\/andre-luiz-rosa.jpg?fit=1200%2C934&ssl=1&resize=1050%2C600 3x"},"classes":[]},{"id":3840,"url":"https:\/\/ismaelcolosi.com.br\/index.php\/2023\/11\/20\/morador-de-ribeirao-preto-perde-r-2-mil-em-golpe-do-falso-emprego\/","url_meta":{"origin":54520,"position":2},"title":"Morador de Ribeir\u00e3o Preto perde R$ 2 mil em golpe do falso emprego","author":"ismaelcolosi.com.br","date":"20 de November de 2023","format":false,"excerpt":"Um morador de Ribeir\u00e3o Preto foi v\u00edtima do golpe do falso emprego, aplicado nas redes sociais. Neste crime, os golpistas pedem que a v\u00edtima, interessada pela vaga, fa\u00e7a o dep\u00f3sito de uma quantia que seria a cau\u00e7\u00e3o do aluguel de um carro que seria oferecido pela empresa. A v\u00edtima de\u2026","rel":"","context":"In &quot;Not\u00edcias de Ribeir\u00e3o Preto-SP e Regi\u00e3o&quot;","block_context":{"text":"Not\u00edcias de Ribeir\u00e3o Preto-SP e Regi\u00e3o","link":"https:\/\/ismaelcolosi.com.br\/index.php\/category\/noticias-de-ribeirao-preto-sp-e-regiao-ismael-colosi\/"},"img":{"alt_text":"","src":"https:\/\/i0.wp.com\/ismaelcolosi.com.br\/wp-content\/uploads\/2023\/11\/pexels-sora-shimazaki-5935794.jpg?fit=1200%2C800&ssl=1&resize=350%2C200","width":350,"height":200,"srcset":"https:\/\/i0.wp.com\/ismaelcolosi.com.br\/wp-content\/uploads\/2023\/11\/pexels-sora-shimazaki-5935794.jpg?fit=1200%2C800&ssl=1&resize=350%2C200 1x, https:\/\/i0.wp.com\/ismaelcolosi.com.br\/wp-content\/uploads\/2023\/11\/pexels-sora-shimazaki-5935794.jpg?fit=1200%2C800&ssl=1&resize=525%2C300 1.5x, https:\/\/i0.wp.com\/ismaelcolosi.com.br\/wp-content\/uploads\/2023\/11\/pexels-sora-shimazaki-5935794.jpg?fit=1200%2C800&ssl=1&resize=700%2C400 2x, https:\/\/i0.wp.com\/ismaelcolosi.com.br\/wp-content\/uploads\/2023\/11\/pexels-sora-shimazaki-5935794.jpg?fit=1200%2C800&ssl=1&resize=1050%2C600 3x"},"classes":[]},{"id":55369,"url":"https:\/\/ismaelcolosi.com.br\/index.php\/2024\/07\/02\/estudante-da-usp-que-desviou-quase-r-1-milhao-e-condenada-pela-justica\/","url_meta":{"origin":54520,"position":3},"title":"Estudante da USP que desviou quase R$ 1 milh\u00e3o \u00e9 condenada pela Justi\u00e7a","author":"ismaelcolosi.com.br","date":"2 de July de 2024","format":false,"excerpt":"A estudante Alicia Dudy Muller Veiga, de 25 anos, acusada de desviar quase R$ 1 milh\u00e3o dos fundos da festa de formatura de uma turma de medicina da Universidade de S\u00e3o Paulo (USP), foi condenada por estelionato pela Justi\u00e7a de S\u00e3o Paulo. O caso foi julgado pela 7\u00aa Vara Criminal\u2026","rel":"","context":"In &quot;Not\u00edcias de Ribeir\u00e3o Preto-SP e Regi\u00e3o&quot;","block_context":{"text":"Not\u00edcias de Ribeir\u00e3o Preto-SP e Regi\u00e3o","link":"https:\/\/ismaelcolosi.com.br\/index.php\/category\/noticias-de-ribeirao-preto-sp-e-regiao-ismael-colosi\/"},"img":{"alt_text":"","src":"https:\/\/i0.wp.com\/ismaelcolosi.com.br\/wp-content\/uploads\/2024\/07\/Copia-de-Copia-de-TAMANHO-EXATO-PARA-FOTOS-NO-SISTEMA-NOVO-97_2024-07-02_17-50-50_png_2024-07-02_17-50-50.webp.webp?fit=1200%2C675&ssl=1&resize=350%2C200","width":350,"height":200,"srcset":"https:\/\/i0.wp.com\/ismaelcolosi.com.br\/wp-content\/uploads\/2024\/07\/Copia-de-Copia-de-TAMANHO-EXATO-PARA-FOTOS-NO-SISTEMA-NOVO-97_2024-07-02_17-50-50_png_2024-07-02_17-50-50.webp.webp?fit=1200%2C675&ssl=1&resize=350%2C200 1x, https:\/\/i0.wp.com\/ismaelcolosi.com.br\/wp-content\/uploads\/2024\/07\/Copia-de-Copia-de-TAMANHO-EXATO-PARA-FOTOS-NO-SISTEMA-NOVO-97_2024-07-02_17-50-50_png_2024-07-02_17-50-50.webp.webp?fit=1200%2C675&ssl=1&resize=525%2C300 1.5x, https:\/\/i0.wp.com\/ismaelcolosi.com.br\/wp-content\/uploads\/2024\/07\/Copia-de-Copia-de-TAMANHO-EXATO-PARA-FOTOS-NO-SISTEMA-NOVO-97_2024-07-02_17-50-50_png_2024-07-02_17-50-50.webp.webp?fit=1200%2C675&ssl=1&resize=700%2C400 2x, https:\/\/i0.wp.com\/ismaelcolosi.com.br\/wp-content\/uploads\/2024\/07\/Copia-de-Copia-de-TAMANHO-EXATO-PARA-FOTOS-NO-SISTEMA-NOVO-97_2024-07-02_17-50-50_png_2024-07-02_17-50-50.webp.webp?fit=1200%2C675&ssl=1&resize=1050%2C600 3x"},"classes":[]},{"id":45459,"url":"https:\/\/ismaelcolosi.com.br\/index.php\/2024\/04\/04\/justica-condena-mulher-de-ribeirao-preto-por-aplicar-golpe-no-cantor-daniel\/","url_meta":{"origin":54520,"position":4},"title":"Justi\u00e7a condena mulher de Ribeir\u00e3o Preto por aplicar golpe no cantor Daniel","author":"ismaelcolosi.com.br","date":"4 de April de 2024","format":false,"excerpt":"A Justi\u00e7a condenou uma mulher de Ribeir\u00e3o Preto por estelionato (Artigo 171 do C\u00f3digo Penal) por aplicar um golpe contra a empresa do cantor sertanejo Daniel. O crime ocorreu em novembro de 2015 e a senten\u00e7a foi publicada nesta segunda-feira (1\u00ba). Segundo consta na decis\u00e3o do Tribunal de Justi\u00e7a de\u2026","rel":"","context":"In &quot;Not\u00edcias de Ribeir\u00e3o Preto-SP e Regi\u00e3o&quot;","block_context":{"text":"Not\u00edcias de Ribeir\u00e3o Preto-SP e Regi\u00e3o","link":"https:\/\/ismaelcolosi.com.br\/index.php\/category\/noticias-de-ribeirao-preto-sp-e-regiao-ismael-colosi\/"},"img":{"alt_text":"","src":"https:\/\/i0.wp.com\/ismaelcolosi.com.br\/wp-content\/uploads\/2024\/04\/Copia-de-Copia-de-TAMANHO-EXATO-PARA-FOTOS-NO-SISTEMA-NOVO-26.jpg?fit=1200%2C675&ssl=1&resize=350%2C200","width":350,"height":200,"srcset":"https:\/\/i0.wp.com\/ismaelcolosi.com.br\/wp-content\/uploads\/2024\/04\/Copia-de-Copia-de-TAMANHO-EXATO-PARA-FOTOS-NO-SISTEMA-NOVO-26.jpg?fit=1200%2C675&ssl=1&resize=350%2C200 1x, https:\/\/i0.wp.com\/ismaelcolosi.com.br\/wp-content\/uploads\/2024\/04\/Copia-de-Copia-de-TAMANHO-EXATO-PARA-FOTOS-NO-SISTEMA-NOVO-26.jpg?fit=1200%2C675&ssl=1&resize=525%2C300 1.5x, https:\/\/i0.wp.com\/ismaelcolosi.com.br\/wp-content\/uploads\/2024\/04\/Copia-de-Copia-de-TAMANHO-EXATO-PARA-FOTOS-NO-SISTEMA-NOVO-26.jpg?fit=1200%2C675&ssl=1&resize=700%2C400 2x, https:\/\/i0.wp.com\/ismaelcolosi.com.br\/wp-content\/uploads\/2024\/04\/Copia-de-Copia-de-TAMANHO-EXATO-PARA-FOTOS-NO-SISTEMA-NOVO-26.jpg?fit=1200%2C675&ssl=1&resize=1050%2C600 3x"},"classes":[]},{"id":12987,"url":"https:\/\/ismaelcolosi.com.br\/index.php\/2023\/12\/08\/aposentado-perde-r-31-mil-em-golpe-de-falsa-de-protecao-bancaria-na-regiao-de-ribeirao\/","url_meta":{"origin":54520,"position":5},"title":"Aposentado perde R$ 31 mil em golpe de falsa de prote\u00e7\u00e3o banc\u00e1ria na regi\u00e3o de Ribeir\u00e3o","author":"ismaelcolosi.com.br","date":"8 de December de 2023","format":false,"excerpt":"Um aposentado, de 60 anos, de Batatais, cidade na regi\u00e3o de Ribeir\u00e3o Preto, foi v\u00edtima de um golpe, na \u00faltima quarta-feira (6), e perdeu R$ 31 mil ap\u00f3s uma suposta atendente de um banco oferecer um servi\u00e7o de prote\u00e7\u00e3o \u00e0 conta do homem. Um Boletim de Ocorr\u00eancia (BO) foi registrado\u2026","rel":"","context":"In &quot;Not\u00edcias de Ribeir\u00e3o Preto-SP e Regi\u00e3o&quot;","block_context":{"text":"Not\u00edcias de Ribeir\u00e3o Preto-SP e Regi\u00e3o","link":"https:\/\/ismaelcolosi.com.br\/index.php\/category\/noticias-de-ribeirao-preto-sp-e-regiao-ismael-colosi\/"},"img":{"alt_text":"","src":"https:\/\/i0.wp.com\/ismaelcolosi.com.br\/wp-content\/uploads\/2023\/12\/smartphone-g8bcf1c620_1280.jpg?fit=1200%2C800&ssl=1&resize=350%2C200","width":350,"height":200,"srcset":"https:\/\/i0.wp.com\/ismaelcolosi.com.br\/wp-content\/uploads\/2023\/12\/smartphone-g8bcf1c620_1280.jpg?fit=1200%2C800&ssl=1&resize=350%2C200 1x, https:\/\/i0.wp.com\/ismaelcolosi.com.br\/wp-content\/uploads\/2023\/12\/smartphone-g8bcf1c620_1280.jpg?fit=1200%2C800&ssl=1&resize=525%2C300 1.5x, https:\/\/i0.wp.com\/ismaelcolosi.com.br\/wp-content\/uploads\/2023\/12\/smartphone-g8bcf1c620_1280.jpg?fit=1200%2C800&ssl=1&resize=700%2C400 2x, https:\/\/i0.wp.com\/ismaelcolosi.com.br\/wp-content\/uploads\/2023\/12\/smartphone-g8bcf1c620_1280.jpg?fit=1200%2C800&ssl=1&resize=1050%2C600 3x"},"classes":[]}],"jetpack_sharing_enabled":true,"jetpack_shortlink":"https:\/\/wp.me\/pfMlyK-ebm","_links":{"self":[{"href":"https:\/\/ismaelcolosi.com.br\/index.php\/wp-json\/wp\/v2\/posts\/54520","targetHints":{"allow":["GET"]}}],"collection":[{"href":"https:\/\/ismaelcolosi.com.br\/index.php\/wp-json\/wp\/v2\/posts"}],"about":[{"href":"https:\/\/ismaelcolosi.com.br\/index.php\/wp-json\/wp\/v2\/types\/post"}],"author":[{"embeddable":true,"href":"https:\/\/ismaelcolosi.com.br\/index.php\/wp-json\/wp\/v2\/users\/1"}],"replies":[{"embeddable":true,"href":"https:\/\/ismaelcolosi.com.br\/index.php\/wp-json\/wp\/v2\/comments?post=54520"}],"version-history":[{"count":0,"href":"https:\/\/ismaelcolosi.com.br\/index.php\/wp-json\/wp\/v2\/posts\/54520\/revisions"}],"wp:featuredmedia":[{"embeddable":true,"href":"https:\/\/ismaelcolosi.com.br\/index.php\/wp-json\/wp\/v2\/media\/54521"}],"wp:attachment":[{"href":"https:\/\/ismaelcolosi.com.br\/index.php\/wp-json\/wp\/v2\/media?parent=54520"}],"wp:term":[{"taxonomy":"category","embeddable":true,"href":"https:\/\/ismaelcolosi.com.br\/index.php\/wp-json\/wp\/v2\/categories?post=54520"},{"taxonomy":"post_tag","embeddable":true,"href":"https:\/\/ismaelcolosi.com.br\/index.php\/wp-json\/wp\/v2\/tags?post=54520"}],"curies":[{"name":"wp","href":"https:\/\/api.w.org\/{rel}","templated":true}]}}