{"id":54515,"date":"2024-06-25T19:51:04","date_gmt":"2024-06-25T22:51:04","guid":{"rendered":"https:\/\/ismaelcolosi.com.br\/index.php\/2024\/06\/25\/mulher-e-morta-pelo-marido-na-regiao-de-ribeirao-preto-2\/"},"modified":"2024-06-25T19:51:04","modified_gmt":"2024-06-25T22:51:04","slug":"mulher-e-morta-pelo-marido-na-regiao-de-ribeirao-preto-2","status":"publish","type":"post","link":"https:\/\/ismaelcolosi.com.br\/index.php\/2024\/06\/25\/mulher-e-morta-pelo-marido-na-regiao-de-ribeirao-preto-2\/","title":{"rendered":"Mulher \u00e9 morta pelo marido na regi\u00e3o de Ribeir\u00e3o Preto"},"content":{"rendered":"<p> <br \/>\n<\/p>\n<div data-td-block-uid=\"tdi_106\">\n<div class=\"tdb-block-inner td-fix-index\">\n<p><strong>Uma mulher foi morta pelo marido na tarde desta ter\u00e7a-feira (25), em Franca, cidade na regi\u00e3o de Ribeir\u00e3o Preto.<\/strong><\/p>\n<p>O crime aconteceu na rua Jos\u00e9 Martins, no Jardim Aeroporto II. De acordo com a apura\u00e7\u00e3o da <em>EPTV<\/em>, <mark style=\"background-color:#fcb900\" class=\"has-inline-color\">o acusado teria <strong>desferido golpes de faca no peito e no pesco\u00e7o da v\u00edtima<\/strong>, ap\u00f3s uma discuss\u00e3o entre o casal.<\/mark><\/p>\n<p>Uma vizinha do casal ouviu os gritos durante a briga e foi quem acionou a <strong>Pol\u00edcia Militar (PM)<\/strong>, contudo, quando as equipes chegaram ao local, <strong>a mulher j\u00e1 estava sem vida.<\/strong><\/p>\n<p><strong>Ap\u00f3s o ocorrido, o autor do crime teria se ferido com a faca<\/strong>. Ele foi socorrido por uma equipe do <strong>Servi\u00e7o de Atendimento M\u00f3vel de Urg\u00eancia (Samu)<\/strong> e encaminhado para a <strong>Santa Casa de Franca<\/strong>. Ainda n\u00e3o h\u00e1 informa\u00e7\u00f5es sobre o seu estado de sa\u00fade.<\/p>\n<p><em>(Com informa\u00e7\u00f5es da EPTV)<\/em><\/p>\n<hr class=\"wp-block-separator has-alpha-channel-opacity\"\/>\n<p>SAIBA MAIS<\/p>\n<p>Crian\u00e7a de 4 anos morre ap\u00f3s acidente com carro de luxo no interior de S\u00e3o Paulo<\/p>\n<h4 class=\"wp-block-heading\"><strong>FIQUE ON<\/strong><\/h4>\n<p>Fique ligado em tudo que acontece em Ribeir\u00e3o Preto e regi\u00e3o. Siga os perfis do<strong>\u00a0acidade on\u00a0<\/strong>no<a href=\"https:\/\/www.instagram.com\/acidadeonribeirao\" target=\"_blank\" rel=\"noreferrer noopener\">\u00a0Instagram\u00a0<\/a>e no\u00a0<a href=\"https:\/\/www.facebook.com\/acidadeonribeirao\/\" target=\"_blank\" rel=\"noreferrer noopener\">Facebook<\/a>.<\/p>\n<p>Receba not\u00edcias do<strong>\u00a0acidade on<\/strong>\u00a0no WhatsApp.\u00a0<a href=\"https:\/\/chat.whatsapp.com\/CdrZ6xrf7quD44Vw3WlPuZ\" target=\"_blank\" rel=\"noreferrer noopener\">Para entrar no grupo, basta clicar aqui.<\/a><\/p>\n<p>Fa\u00e7a uma den\u00fancia ou sugira uma reportagem sobre Ribeir\u00e3o Preto e regi\u00e3o pelo WhatsApp: 16 99117 7802.<\/p>\n<p>VEJA TAMB\u00c9M<\/p>\n<p>Pitel e Fernanda do BBB 24 brigaram?<\/p>\n<p><!-- AI CONTENT END 1 -->\n<\/div>\n<\/div>\n<p><script async src=\"\/\/www.instagram.com\/embed.js\"><\/script><br \/>\n<br \/><br \/>\n<br \/><a href=\"https:\/\/www.acidadeon.com\/ribeiraopreto\/cotidiano\/mulher-e-morta-pelo-marido-na-regiao-de-ribeirao\/\">Source link <\/a><\/p>\n<div class='code-block code-block-4' style='margin: 8px auto 8px 0; text-align: left; display: block; clear: both;'>\n\ud83d\udce2 Aviso Legal\n\nO site ismaelcolosi.com.br atua apenas como um canal de divulga\u00e7\u00e3o de oportunidades de emprego e n\u00e3o se responsabiliza pelo processo seletivo, contrata\u00e7\u00e3o ou qualquer outra etapa relacionada \u00e0s vagas publicadas. Todas as informa\u00e7\u00f5es s\u00e3o de responsabilidade dos anunciantes.\n\n\u26a0\ufe0f Aten\u00e7\u00e3o! Nunca pague por promessas de emprego nem compre cursos que garantam contrata\u00e7\u00e3o. Desconfie de qualquer cobran\u00e7a para participar de sele\u00e7\u00f5es.\n\n\n\n<\/div>\n<!-- CONTENT END 1 -->\n","protected":false},"excerpt":{"rendered":"<p>Uma mulher foi morta pelo marido na tarde desta ter\u00e7a-feira (25), em Franca, cidade na regi\u00e3o de Ribeir\u00e3o Preto. O crime aconteceu na rua Jos\u00e9&#8230;<\/p>\n","protected":false},"author":1,"featured_media":54516,"comment_status":"open","ping_status":"open","sticky":false,"template":"","format":"standard","meta":{"_uag_custom_page_level_css":"","advanced_seo_description":"","jetpack_seo_html_title":"","jetpack_seo_noindex":false,"jetpack_post_was_ever_published":false,"_jetpack_newsletter_access":"","_jetpack_dont_email_post_to_subs":false,"_jetpack_newsletter_tier_id":0,"_jetpack_memberships_contains_paywalled_content":false,"_jetpack_memberships_contains_paid_content":false,"footnotes":"","jetpack_publicize_message":"","jetpack_publicize_feature_enabled":true,"jetpack_social_post_already_shared":true,"jetpack_social_options":{"image_generator_settings":{"template":"highway","default_image_id":0,"font":"","enabled":false},"version":2}},"categories":[11],"tags":[],"class_list":["post-54515","post","type-post","status-publish","format-standard","has-post-thumbnail","hentry","category-noticias-de-ribeirao-preto-sp-e-regiao-ismael-colosi"],"jetpack_publicize_connections":[],"jetpack_featured_media_url":"https:\/\/i0.wp.com\/ismaelcolosi.com.br\/wp-content\/uploads\/2024\/06\/Copia-de-Copia-de-TAMANHO-EXATO-PARA-FOTOS-NO-SISTEMA-NOVO-95_2024-06-25_22-27-04_png_2024-06-25_22-27-04.webp.webp?fit=1200%2C675&ssl=1","uagb_featured_image_src":{"full":["https:\/\/i0.wp.com\/ismaelcolosi.com.br\/wp-content\/uploads\/2024\/06\/Copia-de-Copia-de-TAMANHO-EXATO-PARA-FOTOS-NO-SISTEMA-NOVO-95_2024-06-25_22-27-04_png_2024-06-25_22-27-04.webp.webp?fit=1200%2C675&ssl=1",1200,675,false],"thumbnail":["https:\/\/i0.wp.com\/ismaelcolosi.com.br\/wp-content\/uploads\/2024\/06\/Copia-de-Copia-de-TAMANHO-EXATO-PARA-FOTOS-NO-SISTEMA-NOVO-95_2024-06-25_22-27-04_png_2024-06-25_22-27-04.webp.webp?resize=150%2C150&ssl=1",150,150,true],"medium":["https:\/\/i0.wp.com\/ismaelcolosi.com.br\/wp-content\/uploads\/2024\/06\/Copia-de-Copia-de-TAMANHO-EXATO-PARA-FOTOS-NO-SISTEMA-NOVO-95_2024-06-25_22-27-04_png_2024-06-25_22-27-04.webp.webp?fit=300%2C169&ssl=1",300,169,true],"medium_large":["https:\/\/i0.wp.com\/ismaelcolosi.com.br\/wp-content\/uploads\/2024\/06\/Copia-de-Copia-de-TAMANHO-EXATO-PARA-FOTOS-NO-SISTEMA-NOVO-95_2024-06-25_22-27-04_png_2024-06-25_22-27-04.webp.webp?fit=768%2C432&ssl=1",768,432,true],"large":["https:\/\/i0.wp.com\/ismaelcolosi.com.br\/wp-content\/uploads\/2024\/06\/Copia-de-Copia-de-TAMANHO-EXATO-PARA-FOTOS-NO-SISTEMA-NOVO-95_2024-06-25_22-27-04_png_2024-06-25_22-27-04.webp.webp?fit=1024%2C576&ssl=1",1024,576,true],"1536x1536":["https:\/\/i0.wp.com\/ismaelcolosi.com.br\/wp-content\/uploads\/2024\/06\/Copia-de-Copia-de-TAMANHO-EXATO-PARA-FOTOS-NO-SISTEMA-NOVO-95_2024-06-25_22-27-04_png_2024-06-25_22-27-04.webp.webp?fit=1200%2C675&ssl=1",1200,675,true],"2048x2048":["https:\/\/i0.wp.com\/ismaelcolosi.com.br\/wp-content\/uploads\/2024\/06\/Copia-de-Copia-de-TAMANHO-EXATO-PARA-FOTOS-NO-SISTEMA-NOVO-95_2024-06-25_22-27-04_png_2024-06-25_22-27-04.webp.webp?fit=1200%2C675&ssl=1",1200,675,true],"really-simple-thumb":["https:\/\/i0.wp.com\/ismaelcolosi.com.br\/wp-content\/uploads\/2024\/06\/Copia-de-Copia-de-TAMANHO-EXATO-PARA-FOTOS-NO-SISTEMA-NOVO-95_2024-06-25_22-27-04_png_2024-06-25_22-27-04.webp.webp?resize=370%2C247&ssl=1",370,247,true]},"uagb_author_info":{"display_name":"ismaelcolosi.com.br","author_link":"https:\/\/ismaelcolosi.com.br\/index.php\/author\/vidareal-online\/"},"uagb_comment_info":0,"uagb_excerpt":"Uma mulher foi morta pelo marido na tarde desta ter\u00e7a-feira (25), em Franca, cidade na regi\u00e3o de Ribeir\u00e3o Preto. O crime aconteceu na rua Jos\u00e9...","jetpack-related-posts":[{"id":54509,"url":"https:\/\/ismaelcolosi.com.br\/index.php\/2024\/06\/25\/mulher-e-morta-pelo-marido-na-regiao-de-ribeirao-preto\/","url_meta":{"origin":54515,"position":0},"title":"Mulher \u00e9 morta pelo marido na regi\u00e3o de Ribeir\u00e3o Preto","author":"ismaelcolosi.com.br","date":"25 de June de 2024","format":false,"excerpt":"Uma mulher foi morta pelo marido na tarde desta ter\u00e7a-feira (25), em Franca, cidade na regi\u00e3o de Ribeir\u00e3o Preto. O crime aconteceu na rua Jos\u00e9 Martins, no Jardim Aeroporto II. De acordo com a apura\u00e7\u00e3o da EPTV, o acusado teria desferido golpes de faca no peito e no pesco\u00e7o da\u2026","rel":"","context":"In &quot;Not\u00edcias de Ribeir\u00e3o Preto-SP e Regi\u00e3o&quot;","block_context":{"text":"Not\u00edcias de Ribeir\u00e3o Preto-SP e Regi\u00e3o","link":"https:\/\/ismaelcolosi.com.br\/index.php\/category\/noticias-de-ribeirao-preto-sp-e-regiao-ismael-colosi\/"},"img":{"alt_text":"","src":"https:\/\/i0.wp.com\/ismaelcolosi.com.br\/wp-content\/uploads\/2024\/06\/WhatsApp-Image-2024-06-25-at-19.16.47_2024-06-25_22-17-07_jpeg_2024-06-25_22-17-07.webp.webp?fit=1123%2C595&ssl=1&resize=350%2C200","width":350,"height":200,"srcset":"https:\/\/i0.wp.com\/ismaelcolosi.com.br\/wp-content\/uploads\/2024\/06\/WhatsApp-Image-2024-06-25-at-19.16.47_2024-06-25_22-17-07_jpeg_2024-06-25_22-17-07.webp.webp?fit=1123%2C595&ssl=1&resize=350%2C200 1x, https:\/\/i0.wp.com\/ismaelcolosi.com.br\/wp-content\/uploads\/2024\/06\/WhatsApp-Image-2024-06-25-at-19.16.47_2024-06-25_22-17-07_jpeg_2024-06-25_22-17-07.webp.webp?fit=1123%2C595&ssl=1&resize=525%2C300 1.5x, https:\/\/i0.wp.com\/ismaelcolosi.com.br\/wp-content\/uploads\/2024\/06\/WhatsApp-Image-2024-06-25-at-19.16.47_2024-06-25_22-17-07_jpeg_2024-06-25_22-17-07.webp.webp?fit=1123%2C595&ssl=1&resize=700%2C400 2x, https:\/\/i0.wp.com\/ismaelcolosi.com.br\/wp-content\/uploads\/2024\/06\/WhatsApp-Image-2024-06-25-at-19.16.47_2024-06-25_22-17-07_jpeg_2024-06-25_22-17-07.webp.webp?fit=1123%2C595&ssl=1&resize=1050%2C600 3x"},"classes":[]},{"id":48446,"url":"https:\/\/ismaelcolosi.com.br\/index.php\/2024\/05\/02\/familia-diz-que-mulher-morta-por-marido-na-regiao-de-ribeirao-sofria-agressoes-ha-anos\/","url_meta":{"origin":54515,"position":1},"title":"Fam\u00edlia diz que mulher morta por marido na regi\u00e3o de Ribeir\u00e3o sofria agress\u00f5es h\u00e1 anos","author":"ismaelcolosi.com.br","date":"2 de May de 2024","format":false,"excerpt":"A fam\u00edlia de Clarice Marciano da Silva, de 50 anos, morta pelo marido Reginaldo Martins da Silva, de 53 anos, na tarde de quarta-feira (1\u00ba), contou que a v\u00edtima sofria agress\u00f5es f\u00edsicas e psicol\u00f3gicas recorrentes durante os 32 anos de casamento. \u00c0 EPTV, a irm\u00e3 da v\u00edtima Cl\u00e1udia Aparecida Marciano\u2026","rel":"","context":"In &quot;Not\u00edcias de Ribeir\u00e3o Preto-SP e Regi\u00e3o&quot;","block_context":{"text":"Not\u00edcias de Ribeir\u00e3o Preto-SP e Regi\u00e3o","link":"https:\/\/ismaelcolosi.com.br\/index.php\/category\/noticias-de-ribeirao-preto-sp-e-regiao-ismael-colosi\/"},"img":{"alt_text":"","src":"https:\/\/i0.wp.com\/ismaelcolosi.com.br\/wp-content\/uploads\/2024\/05\/Copia-de-Copia-de-TAMANHO-EXATO-PARA-FOTOS-NO-SISTEMA-NOVO-32_2024-05-03_00-27-04_jpg_2024-05-03_00-27-04.webp.webp?fit=1200%2C675&ssl=1&resize=350%2C200","width":350,"height":200,"srcset":"https:\/\/i0.wp.com\/ismaelcolosi.com.br\/wp-content\/uploads\/2024\/05\/Copia-de-Copia-de-TAMANHO-EXATO-PARA-FOTOS-NO-SISTEMA-NOVO-32_2024-05-03_00-27-04_jpg_2024-05-03_00-27-04.webp.webp?fit=1200%2C675&ssl=1&resize=350%2C200 1x, https:\/\/i0.wp.com\/ismaelcolosi.com.br\/wp-content\/uploads\/2024\/05\/Copia-de-Copia-de-TAMANHO-EXATO-PARA-FOTOS-NO-SISTEMA-NOVO-32_2024-05-03_00-27-04_jpg_2024-05-03_00-27-04.webp.webp?fit=1200%2C675&ssl=1&resize=525%2C300 1.5x, https:\/\/i0.wp.com\/ismaelcolosi.com.br\/wp-content\/uploads\/2024\/05\/Copia-de-Copia-de-TAMANHO-EXATO-PARA-FOTOS-NO-SISTEMA-NOVO-32_2024-05-03_00-27-04_jpg_2024-05-03_00-27-04.webp.webp?fit=1200%2C675&ssl=1&resize=700%2C400 2x, https:\/\/i0.wp.com\/ismaelcolosi.com.br\/wp-content\/uploads\/2024\/05\/Copia-de-Copia-de-TAMANHO-EXATO-PARA-FOTOS-NO-SISTEMA-NOVO-32_2024-05-03_00-27-04_jpg_2024-05-03_00-27-04.webp.webp?fit=1200%2C675&ssl=1&resize=1050%2C600 3x"},"classes":[]},{"id":68384,"url":"https:\/\/ismaelcolosi.com.br\/index.php\/2024\/09\/29\/mulher-morre-apos-ser-agredida-na-regiao-de-ribeirao-preto-marido-e-suspeito\/","url_meta":{"origin":54515,"position":2},"title":"Mulher morre ap\u00f3s ser agredida na regi\u00e3o de Ribeir\u00e3o Preto; Marido \u00e9 suspeito","author":"ismaelcolosi.com.br","date":"29 de September de 2024","format":false,"excerpt":"Uma mulher morreu neste s\u00e1bado (28) ap\u00f3s ser agredida em Santa Rosa de Viterbo, cidade na regi\u00e3o de Ribeir\u00e3o Preto. O marido da v\u00edtima \u00e9 o suspeito e foi preso. De acordo com apura\u00e7\u00e3o da EPTV, Josiane Aparecida Martins foi encontrada sem vida em um quarto da resid\u00eancia em que\u2026","rel":"","context":"In &quot;Not\u00edcias de Ribeir\u00e3o Preto-SP e Regi\u00e3o&quot;","block_context":{"text":"Not\u00edcias de Ribeir\u00e3o Preto-SP e Regi\u00e3o","link":"https:\/\/ismaelcolosi.com.br\/index.php\/category\/noticias-de-ribeirao-preto-sp-e-regiao-ismael-colosi\/"},"img":{"alt_text":"","src":"https:\/\/i0.wp.com\/ismaelcolosi.com.br\/wp-content\/uploads\/2024\/09\/Copia-de-Copia-de-Copia-de-TAMANHO-EXATO-PARA-FOTOS-NO-SISTEMA-NOVO-80_2024-09-29_19-28-13_png_2024-09-29_19-28-14.webp.webp?fit=1200%2C675&ssl=1&resize=350%2C200","width":350,"height":200,"srcset":"https:\/\/i0.wp.com\/ismaelcolosi.com.br\/wp-content\/uploads\/2024\/09\/Copia-de-Copia-de-Copia-de-TAMANHO-EXATO-PARA-FOTOS-NO-SISTEMA-NOVO-80_2024-09-29_19-28-13_png_2024-09-29_19-28-14.webp.webp?fit=1200%2C675&ssl=1&resize=350%2C200 1x, https:\/\/i0.wp.com\/ismaelcolosi.com.br\/wp-content\/uploads\/2024\/09\/Copia-de-Copia-de-Copia-de-TAMANHO-EXATO-PARA-FOTOS-NO-SISTEMA-NOVO-80_2024-09-29_19-28-13_png_2024-09-29_19-28-14.webp.webp?fit=1200%2C675&ssl=1&resize=525%2C300 1.5x, https:\/\/i0.wp.com\/ismaelcolosi.com.br\/wp-content\/uploads\/2024\/09\/Copia-de-Copia-de-Copia-de-TAMANHO-EXATO-PARA-FOTOS-NO-SISTEMA-NOVO-80_2024-09-29_19-28-13_png_2024-09-29_19-28-14.webp.webp?fit=1200%2C675&ssl=1&resize=700%2C400 2x, https:\/\/i0.wp.com\/ismaelcolosi.com.br\/wp-content\/uploads\/2024\/09\/Copia-de-Copia-de-Copia-de-TAMANHO-EXATO-PARA-FOTOS-NO-SISTEMA-NOVO-80_2024-09-29_19-28-13_png_2024-09-29_19-28-14.webp.webp?fit=1200%2C675&ssl=1&resize=1050%2C600 3x"},"classes":[]},{"id":43770,"url":"https:\/\/ismaelcolosi.com.br\/index.php\/2024\/03\/23\/mulher-fica-ferida-apos-ser-agredida-por-vizinho-em-ribeirao-preto\/","url_meta":{"origin":54515,"position":3},"title":"Mulher fica ferida ap\u00f3s ser agredida por vizinho em Ribeir\u00e3o Preto","author":"ismaelcolosi.com.br","date":"23 de March de 2024","format":false,"excerpt":"Uma mulher de 47 anos ficou ferida ap\u00f3s ter sido agredida por um vizinho no Planalto Verde, na zona Oeste de Ribeir\u00e3o Preto, na noite da \u00faltima sexta-feira (22). O acusado teria utilizado uma faca para atingir a v\u00edtima, que sofreu ferimentos no pesco\u00e7o. De acordo com o B.O. (boletim\u2026","rel":"","context":"In &quot;Not\u00edcias de Ribeir\u00e3o Preto-SP e Regi\u00e3o&quot;","block_context":{"text":"Not\u00edcias de Ribeir\u00e3o Preto-SP e Regi\u00e3o","link":"https:\/\/ismaelcolosi.com.br\/index.php\/category\/noticias-de-ribeirao-preto-sp-e-regiao-ismael-colosi\/"},"img":{"alt_text":"","src":"https:\/\/i0.wp.com\/ismaelcolosi.com.br\/wp-content\/uploads\/2024\/03\/cpj_1024x576_04082020121137.jpg?fit=1024%2C575&ssl=1&resize=350%2C200","width":350,"height":200,"srcset":"https:\/\/i0.wp.com\/ismaelcolosi.com.br\/wp-content\/uploads\/2024\/03\/cpj_1024x576_04082020121137.jpg?fit=1024%2C575&ssl=1&resize=350%2C200 1x, https:\/\/i0.wp.com\/ismaelcolosi.com.br\/wp-content\/uploads\/2024\/03\/cpj_1024x576_04082020121137.jpg?fit=1024%2C575&ssl=1&resize=525%2C300 1.5x, https:\/\/i0.wp.com\/ismaelcolosi.com.br\/wp-content\/uploads\/2024\/03\/cpj_1024x576_04082020121137.jpg?fit=1024%2C575&ssl=1&resize=700%2C400 2x"},"classes":[]},{"id":38893,"url":"https:\/\/ismaelcolosi.com.br\/index.php\/2024\/02\/22\/mulher-e-morta-com-requintes-de-crueldade-na-regiao\/","url_meta":{"origin":54515,"position":4},"title":"Mulher \u00e9 morta com requintes de crueldade na regi\u00e3o","author":"ismaelcolosi.com.br","date":"22 de February de 2024","format":false,"excerpt":"Companheiro que foi solto da cadeia h\u00e1 quatro meses \u00e9 o principal suspeito de ter ateado fogo no corpo da v\u00edtima; homem fez v\u00eddeochamada para outra mulher ap\u00f3s feminic\u00eddio 22 de fevereiro de 2024 | 10:10 0Por: Adalberto LuqueUma mulher de 24 anos foi morta, na madrugada desta quarta-feira (21),\u2026","rel":"","context":"In &quot;Not\u00edcias de Ribeir\u00e3o Preto-SP e Regi\u00e3o&quot;","block_context":{"text":"Not\u00edcias de Ribeir\u00e3o Preto-SP e Regi\u00e3o","link":"https:\/\/ismaelcolosi.com.br\/index.php\/category\/noticias-de-ribeirao-preto-sp-e-regiao-ismael-colosi\/"},"img":{"alt_text":"","src":"https:\/\/i0.wp.com\/ismaelcolosi.com.br\/wp-content\/uploads\/2024\/02\/00-22-fev-2024-feminicidio-franca-foto-redes-sociais.jpg?fit=554%2C551&ssl=1&resize=350%2C200","width":350,"height":200,"srcset":"https:\/\/i0.wp.com\/ismaelcolosi.com.br\/wp-content\/uploads\/2024\/02\/00-22-fev-2024-feminicidio-franca-foto-redes-sociais.jpg?fit=554%2C551&ssl=1&resize=350%2C200 1x, https:\/\/i0.wp.com\/ismaelcolosi.com.br\/wp-content\/uploads\/2024\/02\/00-22-fev-2024-feminicidio-franca-foto-redes-sociais.jpg?fit=554%2C551&ssl=1&resize=525%2C300 1.5x"},"classes":[]},{"id":59663,"url":"https:\/\/ismaelcolosi.com.br\/index.php\/2024\/08\/10\/mulher-morre-apos-ser-agredida-e-mantida-em-carcere-privado-na-regiao-marido-e-suspeito\/","url_meta":{"origin":54515,"position":5},"title":"Mulher morre ap\u00f3s ser agredida e mantida em c\u00e1rcere privado na regi\u00e3o; marido \u00e9 suspeito","author":"ismaelcolosi.com.br","date":"10 de August de 2024","format":false,"excerpt":"Uma mulher de 47 anos morreu na \u00faltima sexta-feira (9) ap\u00f3s ser agredida e mantida em c\u00e1rcere privado em uma fazenda em Aramina, na regi\u00e3o de Ribeir\u00e3o Preto. O marido da v\u00edtima \u00e9 o suspeito. De acordo com apura\u00e7\u00e3o da EPTV, Marlete Maria de Oliveira chegou a ser encaminhada para\u2026","rel":"","context":"In &quot;Not\u00edcias de Ribeir\u00e3o Preto-SP e Regi\u00e3o&quot;","block_context":{"text":"Not\u00edcias de Ribeir\u00e3o Preto-SP e Regi\u00e3o","link":"https:\/\/ismaelcolosi.com.br\/index.php\/category\/noticias-de-ribeirao-preto-sp-e-regiao-ismael-colosi\/"},"img":{"alt_text":"","src":"https:\/\/i0.wp.com\/ismaelcolosi.com.br\/wp-content\/uploads\/2024\/08\/marlete_2024-08-10_18-56-10_jpeg_2024-08-10_18-56-10.webp.webp?fit=1200%2C674&ssl=1&resize=350%2C200","width":350,"height":200,"srcset":"https:\/\/i0.wp.com\/ismaelcolosi.com.br\/wp-content\/uploads\/2024\/08\/marlete_2024-08-10_18-56-10_jpeg_2024-08-10_18-56-10.webp.webp?fit=1200%2C674&ssl=1&resize=350%2C200 1x, https:\/\/i0.wp.com\/ismaelcolosi.com.br\/wp-content\/uploads\/2024\/08\/marlete_2024-08-10_18-56-10_jpeg_2024-08-10_18-56-10.webp.webp?fit=1200%2C674&ssl=1&resize=525%2C300 1.5x, https:\/\/i0.wp.com\/ismaelcolosi.com.br\/wp-content\/uploads\/2024\/08\/marlete_2024-08-10_18-56-10_jpeg_2024-08-10_18-56-10.webp.webp?fit=1200%2C674&ssl=1&resize=700%2C400 2x, https:\/\/i0.wp.com\/ismaelcolosi.com.br\/wp-content\/uploads\/2024\/08\/marlete_2024-08-10_18-56-10_jpeg_2024-08-10_18-56-10.webp.webp?fit=1200%2C674&ssl=1&resize=1050%2C600 3x"},"classes":[]}],"jetpack_sharing_enabled":true,"jetpack_shortlink":"https:\/\/wp.me\/pfMlyK-ebh","_links":{"self":[{"href":"https:\/\/ismaelcolosi.com.br\/index.php\/wp-json\/wp\/v2\/posts\/54515","targetHints":{"allow":["GET"]}}],"collection":[{"href":"https:\/\/ismaelcolosi.com.br\/index.php\/wp-json\/wp\/v2\/posts"}],"about":[{"href":"https:\/\/ismaelcolosi.com.br\/index.php\/wp-json\/wp\/v2\/types\/post"}],"author":[{"embeddable":true,"href":"https:\/\/ismaelcolosi.com.br\/index.php\/wp-json\/wp\/v2\/users\/1"}],"replies":[{"embeddable":true,"href":"https:\/\/ismaelcolosi.com.br\/index.php\/wp-json\/wp\/v2\/comments?post=54515"}],"version-history":[{"count":0,"href":"https:\/\/ismaelcolosi.com.br\/index.php\/wp-json\/wp\/v2\/posts\/54515\/revisions"}],"wp:featuredmedia":[{"embeddable":true,"href":"https:\/\/ismaelcolosi.com.br\/index.php\/wp-json\/wp\/v2\/media\/54516"}],"wp:attachment":[{"href":"https:\/\/ismaelcolosi.com.br\/index.php\/wp-json\/wp\/v2\/media?parent=54515"}],"wp:term":[{"taxonomy":"category","embeddable":true,"href":"https:\/\/ismaelcolosi.com.br\/index.php\/wp-json\/wp\/v2\/categories?post=54515"},{"taxonomy":"post_tag","embeddable":true,"href":"https:\/\/ismaelcolosi.com.br\/index.php\/wp-json\/wp\/v2\/tags?post=54515"}],"curies":[{"name":"wp","href":"https:\/\/api.w.org\/{rel}","templated":true}]}}