{"id":54511,"date":"2024-06-25T19:36:25","date_gmt":"2024-06-25T22:36:25","guid":{"rendered":"https:\/\/ismaelcolosi.com.br\/index.php\/2024\/06\/25\/crianca-de-4-anos-morre-apos-acidente-com-carro-de-luxo-no-interior-de-sao-paulo\/"},"modified":"2024-06-25T19:36:25","modified_gmt":"2024-06-25T22:36:25","slug":"crianca-de-4-anos-morre-apos-acidente-com-carro-de-luxo-no-interior-de-sao-paulo","status":"publish","type":"post","link":"https:\/\/ismaelcolosi.com.br\/index.php\/2024\/06\/25\/crianca-de-4-anos-morre-apos-acidente-com-carro-de-luxo-no-interior-de-sao-paulo\/","title":{"rendered":"Crian\u00e7a de 4 anos morre ap\u00f3s acidente com carro de luxo no interior de S\u00e3o Paulo"},"content":{"rendered":"<p> <br \/>\n<\/p>\n<div>\n<p>Um <strong>acidente causado por uma BMW<\/strong> resultou na morte de uma crian\u00e7a de 4 anos em Bragan\u00e7a Paulista, no <strong>interior de S\u00e3o Paulo<\/strong>. A batida ocorreu no domingo (23).<\/p>\n<p>De acordo com a <strong>SSP-SP<\/strong> (Secretaria de Estado da Seguran\u00e7a P\u00fablica de S\u00e3o Paulo), o <strong>motorista de 36 anos foi preso por apresentar sinais de embriaguez<\/strong>. Na ocasi\u00e3o, ele se recusou fazer o teste de baf\u00f4metro.<\/p>\n<p><strong>Al\u00e9m da morte da crian\u00e7a, outras quatro pessoas<\/strong>, que estavam no carro atingido na batida, <strong>ficaram feridas<\/strong>, entre elas, um homem de 26 anos, uma mulher de 31, uma adolescente de 14 e uma crian\u00e7a de 2 anos.<\/p>\n<p>O <strong>caso foi registrado como les\u00e3o corporal culposa, homic\u00eddio culposo, embriaguez ao volante, desobedi\u00eancia e recusa de dados sobre pr\u00f3pria identidade<\/strong>.<\/p>\n<p>De acordo com o <strong>Tribunal de Justi\u00e7a de S\u00e3o Paulo<\/strong>, o <strong>motorista teve a pris\u00e3o em flagrante convertida para pris\u00e3o provis\u00f3ria<\/strong> na audi\u00eancia de cust\u00f3dia realizada nesta segunda-feira (24).<\/p>\n<h2 class=\"wp-block-heading\"><strong>Porsche<\/strong><\/h2>\n<p>Em<strong> mar\u00e7o<\/strong>, o <strong>empres\u00e1rio Fernando Sastre de Andrade Filho<\/strong> causou um <strong>acidente que provocou a morte<\/strong> do <strong>motorista de aplicativo<\/strong> Ornaldo da Silva Viana, na <strong>capital paulista<\/strong>. Ele foi preso em maio por decis\u00e3o da Justi\u00e7a de S\u00e3o Paulo, confirmada pelo Superior Tribunal de Justi\u00e7a.<\/p>\n<p>O acidente ocorreu na Avenida Salim Farah Maluf, na zona leste de S\u00e3o Paulo. Segundo as investiga\u00e7\u00f5es, o Posche de Sastre estava em alta velocidade antes de bater no Renault Sandero de Ornaldo.<\/p>\n<p>Fernando Sastre foi denunciado pelo Minist\u00e9rio P\u00fablico de S\u00e3o Paulo (MPSP) por homic\u00eddio doloso qualificado (pena de 12 a 30 anos de reclus\u00e3o) e les\u00e3o corporal grav\u00edssima (que pode elevar a pena total em um sexto).<\/p>\n<p>Durante o julgamento, o advogado Eliseu Soares de Camargo defendeu a revoga\u00e7\u00e3o da pris\u00e3o e disse que a medida n\u00e3o \u00e9 cab\u00edvel para o caso. A defesa tamb\u00e9m acusou a imprensa de \u201cinterferir\u201d no curso do processo.<\/p>\n<p>\u201cA imprensa o colocou como o maior vil\u00e3o deste pa\u00eds. No dia [em] que a pol\u00edcia foi l\u00e1 [cumprir o mandado de pris\u00e3o], ele [Sastre] estava em uma ch\u00e1cara perto de S\u00e3o Paulo, para passar o fim de semana com a fam\u00edlia, sem infringir nenhuma das cautelares\u201d, afirmou o advogado.<\/p>\n<p>SAIBA MAIS <\/p>\n<p>Preso homem que tentou matar ex-namorada na zona Norte de Ribeir\u00e3o Preto<\/p>\n<h4 class=\"wp-block-heading\"><strong>FIQUE ON<\/strong><\/h4>\n<p>Fique ligado em tudo que acontece em Ribeir\u00e3o Preto e regi\u00e3o. Siga os perfis do<strong>\u00a0acidade on\u00a0<\/strong>no<a href=\"https:\/\/www.instagram.com\/acidadeonribeirao\" target=\"_blank\" rel=\"noreferrer noopener\">\u00a0Instagram\u00a0<\/a>e no\u00a0<a href=\"https:\/\/www.facebook.com\/acidadeonribeirao\/\" target=\"_blank\" rel=\"noreferrer noopener\">Facebook<\/a>.<\/p>\n<p>Receba not\u00edcias do<strong>\u00a0acidade on<\/strong>\u00a0no WhatsApp.\u00a0<a href=\"https:\/\/chat.whatsapp.com\/CdrZ6xrf7quD44Vw3WlPuZ\" target=\"_blank\" rel=\"noreferrer noopener\">Para entrar no grupo, basta clicar aqui.<\/a><\/p>\n<p>Fa\u00e7a uma den\u00fancia ou sugira uma reportagem sobre Ribeir\u00e3o Preto e regi\u00e3o pelo WhatsApp: 16 99117 7802.<\/p>\n<p>VEJA TAMB\u00c9M<\/p>\n<p>Quando ser\u00e1 lan\u00e7ada a segunda temporada de One Piece?<\/p>\n<p><!-- AI CONTENT END 1 -->\n<\/div>\n<p><script async src=\"\/\/www.instagram.com\/embed.js\"><\/script><br \/>\n<br \/><br \/>\n<br \/><a href=\"https:\/\/www.acidadeon.com\/ribeiraopreto\/cotidiano\/crianca-4-anos-morre-apos-acidente-com-carro-de-luxo-no-interior-de-sao-paulo\/\">Source link <\/a><\/p>\n<div class='code-block code-block-4' style='margin: 8px auto 8px 0; text-align: left; display: block; clear: both;'>\n\ud83d\udce2 Aviso Legal\n\nO site ismaelcolosi.com.br atua apenas como um canal de divulga\u00e7\u00e3o de oportunidades de emprego e n\u00e3o se responsabiliza pelo processo seletivo, contrata\u00e7\u00e3o ou qualquer outra etapa relacionada \u00e0s vagas publicadas. Todas as informa\u00e7\u00f5es s\u00e3o de responsabilidade dos anunciantes.\n\n\u26a0\ufe0f Aten\u00e7\u00e3o! Nunca pague por promessas de emprego nem compre cursos que garantam contrata\u00e7\u00e3o. Desconfie de qualquer cobran\u00e7a para participar de sele\u00e7\u00f5es.\n\n\n\n<\/div>\n<!-- CONTENT END 1 -->\n","protected":false},"excerpt":{"rendered":"<p>Um acidente causado por uma BMW resultou na morte de uma crian\u00e7a de 4 anos em Bragan\u00e7a Paulista, no interior de S\u00e3o Paulo. A batida&#8230;<\/p>\n","protected":false},"author":1,"featured_media":54512,"comment_status":"open","ping_status":"open","sticky":false,"template":"","format":"standard","meta":{"_uag_custom_page_level_css":"","advanced_seo_description":"","jetpack_seo_html_title":"","jetpack_seo_noindex":false,"jetpack_post_was_ever_published":false,"_jetpack_newsletter_access":"","_jetpack_dont_email_post_to_subs":false,"_jetpack_newsletter_tier_id":0,"_jetpack_memberships_contains_paywalled_content":false,"_jetpack_memberships_contains_paid_content":false,"footnotes":"","jetpack_publicize_message":"","jetpack_publicize_feature_enabled":true,"jetpack_social_post_already_shared":true,"jetpack_social_options":{"image_generator_settings":{"template":"highway","default_image_id":0,"font":"","enabled":false},"version":2}},"categories":[11],"tags":[],"class_list":["post-54511","post","type-post","status-publish","format-standard","has-post-thumbnail","hentry","category-noticias-de-ribeirao-preto-sp-e-regiao-ismael-colosi"],"jetpack_publicize_connections":[],"jetpack_featured_media_url":"https:\/\/i0.wp.com\/ismaelcolosi.com.br\/wp-content\/uploads\/2024\/06\/1719354985_PMR-3.jpg?fit=2000%2C1511&ssl=1","uagb_featured_image_src":{"full":["https:\/\/i0.wp.com\/ismaelcolosi.com.br\/wp-content\/uploads\/2024\/06\/1719354985_PMR-3.jpg?fit=2000%2C1511&ssl=1",2000,1511,false],"thumbnail":["https:\/\/i0.wp.com\/ismaelcolosi.com.br\/wp-content\/uploads\/2024\/06\/1719354985_PMR-3.jpg?resize=150%2C150&ssl=1",150,150,true],"medium":["https:\/\/i0.wp.com\/ismaelcolosi.com.br\/wp-content\/uploads\/2024\/06\/1719354985_PMR-3.jpg?fit=300%2C227&ssl=1",300,227,true],"medium_large":["https:\/\/i0.wp.com\/ismaelcolosi.com.br\/wp-content\/uploads\/2024\/06\/1719354985_PMR-3.jpg?fit=768%2C580&ssl=1",768,580,true],"large":["https:\/\/i0.wp.com\/ismaelcolosi.com.br\/wp-content\/uploads\/2024\/06\/1719354985_PMR-3.jpg?fit=1024%2C774&ssl=1",1024,774,true],"1536x1536":["https:\/\/i0.wp.com\/ismaelcolosi.com.br\/wp-content\/uploads\/2024\/06\/1719354985_PMR-3.jpg?fit=1536%2C1160&ssl=1",1536,1160,true],"2048x2048":["https:\/\/i0.wp.com\/ismaelcolosi.com.br\/wp-content\/uploads\/2024\/06\/1719354985_PMR-3.jpg?fit=2000%2C1511&ssl=1",2000,1511,true],"really-simple-thumb":["https:\/\/i0.wp.com\/ismaelcolosi.com.br\/wp-content\/uploads\/2024\/06\/1719354985_PMR-3.jpg?resize=370%2C247&ssl=1",370,247,true]},"uagb_author_info":{"display_name":"ismaelcolosi.com.br","author_link":"https:\/\/ismaelcolosi.com.br\/index.php\/author\/vidareal-online\/"},"uagb_comment_info":0,"uagb_excerpt":"Um acidente causado por uma BMW resultou na morte de uma crian\u00e7a de 4 anos em Bragan\u00e7a Paulista, no interior de S\u00e3o Paulo. A batida...","jetpack-related-posts":[{"id":4860,"url":"https:\/\/ismaelcolosi.com.br\/index.php\/2023\/11\/22\/casal-e-crianca-de-10-anos-perdem-a-vida-apos-carro-ser-esmagado-entre-carretas\/","url_meta":{"origin":54511,"position":0},"title":"Casal e crian\u00e7a de 10 anos perdem a vida ap\u00f3s carro ser esmagado entre carretas","author":"ismaelcolosi.com.br","date":"22 de November de 2023","format":false,"excerpt":"Um acidente envolveu duas carretas e um Chevrolet Corsa em uma trag\u00e9dia na madrugada desta quarta, dia 22 de novembro, na rodovia Presidente Dutra, pr\u00f3xima a Taubat\u00e9 (SP) e Pindamonhangaba (SP).No acidente, ocorrido por volta das 0h40 no sentido Rio de Janeiro, foi constatado a morte de um casal e\u2026","rel":"","context":"In &quot;Blog&quot;","block_context":{"text":"Blog","link":"https:\/\/ismaelcolosi.com.br\/index.php\/category\/blog\/"},"img":{"alt_text":"","src":"https:\/\/i0.wp.com\/ismaelcolosi.com.br\/wp-content\/uploads\/2023\/11\/postimg-655e1c0b189548969.jpg?fit=1200%2C628&ssl=1&resize=350%2C200","width":350,"height":200,"srcset":"https:\/\/i0.wp.com\/ismaelcolosi.com.br\/wp-content\/uploads\/2023\/11\/postimg-655e1c0b189548969.jpg?fit=1200%2C628&ssl=1&resize=350%2C200 1x, https:\/\/i0.wp.com\/ismaelcolosi.com.br\/wp-content\/uploads\/2023\/11\/postimg-655e1c0b189548969.jpg?fit=1200%2C628&ssl=1&resize=525%2C300 1.5x, https:\/\/i0.wp.com\/ismaelcolosi.com.br\/wp-content\/uploads\/2023\/11\/postimg-655e1c0b189548969.jpg?fit=1200%2C628&ssl=1&resize=700%2C400 2x, https:\/\/i0.wp.com\/ismaelcolosi.com.br\/wp-content\/uploads\/2023\/11\/postimg-655e1c0b189548969.jpg?fit=1200%2C628&ssl=1&resize=1050%2C600 3x"},"classes":[]},{"id":4448,"url":"https:\/\/ismaelcolosi.com.br\/index.php\/2023\/11\/21\/bebe-de-2-anos-perde-a-vida-enquanto-acampava-com-sua-familia-no-interior-de-sp-cuidado-nunca-e-demais\/","url_meta":{"origin":54511,"position":1},"title":"Beb\u00ea de 2 anos perde a vida enquanto acampava com sua fam\u00edlia no interior de SP; cuidado nunca \u00e9 demais","author":"ismaelcolosi.com.br","date":"21 de November de 2023","format":false,"excerpt":"Neste \u00faltimo domingo, dia 19 de novembro, foi confirmada a morte de um beb\u00ea de apenas 2 anos de idade que morreu enquanto estava participando de um acampamento ao lado de seus familiares.A crian\u00e7a foi identificada pelo nome de Gael Henry Jesus Ribeiro. Ele n\u00e3o resistiu ap\u00f3s ter levado uma\u2026","rel":"","context":"In &quot;Blog&quot;","block_context":{"text":"Blog","link":"https:\/\/ismaelcolosi.com.br\/index.php\/category\/blog\/"},"img":{"alt_text":"","src":"https:\/\/i0.wp.com\/ismaelcolosi.com.br\/wp-content\/uploads\/2023\/11\/postimg-655ce2c90e4d42293.jpg?fit=1200%2C628&ssl=1&resize=350%2C200","width":350,"height":200,"srcset":"https:\/\/i0.wp.com\/ismaelcolosi.com.br\/wp-content\/uploads\/2023\/11\/postimg-655ce2c90e4d42293.jpg?fit=1200%2C628&ssl=1&resize=350%2C200 1x, https:\/\/i0.wp.com\/ismaelcolosi.com.br\/wp-content\/uploads\/2023\/11\/postimg-655ce2c90e4d42293.jpg?fit=1200%2C628&ssl=1&resize=525%2C300 1.5x, https:\/\/i0.wp.com\/ismaelcolosi.com.br\/wp-content\/uploads\/2023\/11\/postimg-655ce2c90e4d42293.jpg?fit=1200%2C628&ssl=1&resize=700%2C400 2x, https:\/\/i0.wp.com\/ismaelcolosi.com.br\/wp-content\/uploads\/2023\/11\/postimg-655ce2c90e4d42293.jpg?fit=1200%2C628&ssl=1&resize=1050%2C600 3x"},"classes":[]},{"id":28606,"url":"https:\/\/ismaelcolosi.com.br\/index.php\/2024\/01\/16\/gravissimo-acidente-entre-carro-e-caminhoes-deixa-tres-mortos-incluindo-duas-criancas\/","url_meta":{"origin":54511,"position":2},"title":"Grav\u00edssimo acidente entre carro e caminh\u00f5es deixa tr\u00eas mortos, incluindo duas crian\u00e7as","author":"ismaelcolosi.com.br","date":"16 de January de 2024","format":false,"excerpt":"Um acidente devastador ocorreu na noite da \u00faltima segunda, dia 15 de janeiro, na Via Dutra, em S\u00e3o Paulo, resultando na morte de tr\u00eas pessoas, incluindo duas crian\u00e7as.O incidente, que aconteceu por volta das 22h, envolveu um ve\u00edculo de passeio e dois caminh\u00f5es, deixando tamb\u00e9m dois feridos.Durante um congestionamento na\u2026","rel":"","context":"In &quot;Blog&quot;","block_context":{"text":"Blog","link":"https:\/\/ismaelcolosi.com.br\/index.php\/category\/blog\/"},"img":{"alt_text":"","src":"https:\/\/i0.wp.com\/ismaelcolosi.com.br\/wp-content\/uploads\/2024\/01\/postimg-65a671d5e813c8893.jpg?fit=1200%2C628&ssl=1&resize=350%2C200","width":350,"height":200,"srcset":"https:\/\/i0.wp.com\/ismaelcolosi.com.br\/wp-content\/uploads\/2024\/01\/postimg-65a671d5e813c8893.jpg?fit=1200%2C628&ssl=1&resize=350%2C200 1x, https:\/\/i0.wp.com\/ismaelcolosi.com.br\/wp-content\/uploads\/2024\/01\/postimg-65a671d5e813c8893.jpg?fit=1200%2C628&ssl=1&resize=525%2C300 1.5x, https:\/\/i0.wp.com\/ismaelcolosi.com.br\/wp-content\/uploads\/2024\/01\/postimg-65a671d5e813c8893.jpg?fit=1200%2C628&ssl=1&resize=700%2C400 2x, https:\/\/i0.wp.com\/ismaelcolosi.com.br\/wp-content\/uploads\/2024\/01\/postimg-65a671d5e813c8893.jpg?fit=1200%2C628&ssl=1&resize=1050%2C600 3x"},"classes":[]},{"id":10716,"url":"https:\/\/ismaelcolosi.com.br\/index.php\/2023\/12\/05\/quem-sao-mae-e-filha-que-morreram-em-grave-acidente-causado-por-motorista-embriagado\/","url_meta":{"origin":54511,"position":3},"title":"Quem s\u00e3o m\u00e3e e filha que morreram em grave acidente causado por motorista embriagado","author":"ismaelcolosi.com.br","date":"5 de December de 2023","format":false,"excerpt":"Um grave acidente provocado por um motorista b\u00eabado provocou uma verdadeira trag\u00e9dia e deixou uma fam\u00edlia devastada e mergulhada na dor do luto por causa do \u00f3bito de entes queridos.Uma mulher de 27 anos e sua filha, de 12 anos, perderam a vida em uma colis\u00e3o fatal que envolveu um\u2026","rel":"","context":"In &quot;Blog&quot;","block_context":{"text":"Blog","link":"https:\/\/ismaelcolosi.com.br\/index.php\/category\/blog\/"},"img":{"alt_text":"","src":"https:\/\/i0.wp.com\/ismaelcolosi.com.br\/wp-content\/uploads\/2023\/12\/postimg-656e939e669e18056.jpg?fit=1200%2C628&ssl=1&resize=350%2C200","width":350,"height":200,"srcset":"https:\/\/i0.wp.com\/ismaelcolosi.com.br\/wp-content\/uploads\/2023\/12\/postimg-656e939e669e18056.jpg?fit=1200%2C628&ssl=1&resize=350%2C200 1x, https:\/\/i0.wp.com\/ismaelcolosi.com.br\/wp-content\/uploads\/2023\/12\/postimg-656e939e669e18056.jpg?fit=1200%2C628&ssl=1&resize=525%2C300 1.5x, https:\/\/i0.wp.com\/ismaelcolosi.com.br\/wp-content\/uploads\/2023\/12\/postimg-656e939e669e18056.jpg?fit=1200%2C628&ssl=1&resize=700%2C400 2x, https:\/\/i0.wp.com\/ismaelcolosi.com.br\/wp-content\/uploads\/2023\/12\/postimg-656e939e669e18056.jpg?fit=1200%2C628&ssl=1&resize=1050%2C600 3x"},"classes":[]},{"id":20546,"url":"https:\/\/ismaelcolosi.com.br\/index.php\/2023\/12\/25\/quem-e-a-familia-que-perdeu-a-vida-em-acidente-de-carro-a-caminho-de-brasilia-identidades-sao-divulgadas\/","url_meta":{"origin":54511,"position":4},"title":"Quem \u00e9 a fam\u00edlia que perdeu a vida em acidente de carro a caminho de Bras\u00edlia; identidades s\u00e3o divulgadas","author":"ismaelcolosi.com.br","date":"25 de December de 2023","format":false,"excerpt":"Um grave acidente acabou resultando na morte de quatro pessoas de uma mesma fam\u00edlia no \u00faltimo final de semana na BR-020. As v\u00edtimas eram um homem, a esposa e os dois filhos pequenos, que n\u00e3o resistiram aos ferimentos.O acidente ocorreu em um trecho da cidade de Correntina, que fica situada\u2026","rel":"","context":"In &quot;Blog&quot;","block_context":{"text":"Blog","link":"https:\/\/ismaelcolosi.com.br\/index.php\/category\/blog\/"},"img":{"alt_text":"","src":"https:\/\/i0.wp.com\/ismaelcolosi.com.br\/wp-content\/uploads\/2023\/12\/postimg-6589fa0401c742453.jpg?fit=1200%2C628&ssl=1&resize=350%2C200","width":350,"height":200,"srcset":"https:\/\/i0.wp.com\/ismaelcolosi.com.br\/wp-content\/uploads\/2023\/12\/postimg-6589fa0401c742453.jpg?fit=1200%2C628&ssl=1&resize=350%2C200 1x, https:\/\/i0.wp.com\/ismaelcolosi.com.br\/wp-content\/uploads\/2023\/12\/postimg-6589fa0401c742453.jpg?fit=1200%2C628&ssl=1&resize=525%2C300 1.5x, https:\/\/i0.wp.com\/ismaelcolosi.com.br\/wp-content\/uploads\/2023\/12\/postimg-6589fa0401c742453.jpg?fit=1200%2C628&ssl=1&resize=700%2C400 2x, https:\/\/i0.wp.com\/ismaelcolosi.com.br\/wp-content\/uploads\/2023\/12\/postimg-6589fa0401c742453.jpg?fit=1200%2C628&ssl=1&resize=1050%2C600 3x"},"classes":[]},{"id":66182,"url":"https:\/\/ismaelcolosi.com.br\/index.php\/2024\/09\/16\/acidente-com-motorista-suspeito-de-embriaguez-deixa-1-morto-na-regiao-de-ribeirao\/","url_meta":{"origin":54511,"position":5},"title":"Acidente com motorista suspeito de embriaguez deixa 1 morto na regi\u00e3o de Ribeir\u00e3o","author":"ismaelcolosi.com.br","date":"16 de September de 2024","format":false,"excerpt":"O motorista de um carro morreu no in\u00edcio da noite deste domingo (15), depois de uma batida com uma caminhonete no km 5 da estrada vicinal Argeo Marchi\u00f3, em Sert\u00e3ozinho, regi\u00e3o de Ribeir\u00e3o Preto. Segundo o boletim de ocorr\u00eancia (BO), a v\u00edtima foi identificada como Leonildo Rissati, de 69 anos.\u2026","rel":"","context":"In &quot;Not\u00edcias de Ribeir\u00e3o Preto-SP e Regi\u00e3o&quot;","block_context":{"text":"Not\u00edcias de Ribeir\u00e3o Preto-SP e Regi\u00e3o","link":"https:\/\/ismaelcolosi.com.br\/index.php\/category\/noticias-de-ribeirao-preto-sp-e-regiao-ismael-colosi\/"},"img":{"alt_text":"","src":"https:\/\/i0.wp.com\/ismaelcolosi.com.br\/wp-content\/uploads\/2024\/09\/1726507835_20220620_114539075_policia_qru_1024x576_25052021184749_jpg_715985292.jpg?fit=1200%2C606&ssl=1&resize=350%2C200","width":350,"height":200,"srcset":"https:\/\/i0.wp.com\/ismaelcolosi.com.br\/wp-content\/uploads\/2024\/09\/1726507835_20220620_114539075_policia_qru_1024x576_25052021184749_jpg_715985292.jpg?fit=1200%2C606&ssl=1&resize=350%2C200 1x, https:\/\/i0.wp.com\/ismaelcolosi.com.br\/wp-content\/uploads\/2024\/09\/1726507835_20220620_114539075_policia_qru_1024x576_25052021184749_jpg_715985292.jpg?fit=1200%2C606&ssl=1&resize=525%2C300 1.5x, https:\/\/i0.wp.com\/ismaelcolosi.com.br\/wp-content\/uploads\/2024\/09\/1726507835_20220620_114539075_policia_qru_1024x576_25052021184749_jpg_715985292.jpg?fit=1200%2C606&ssl=1&resize=700%2C400 2x, https:\/\/i0.wp.com\/ismaelcolosi.com.br\/wp-content\/uploads\/2024\/09\/1726507835_20220620_114539075_policia_qru_1024x576_25052021184749_jpg_715985292.jpg?fit=1200%2C606&ssl=1&resize=1050%2C600 3x"},"classes":[]}],"jetpack_sharing_enabled":true,"jetpack_shortlink":"https:\/\/wp.me\/pfMlyK-ebd","_links":{"self":[{"href":"https:\/\/ismaelcolosi.com.br\/index.php\/wp-json\/wp\/v2\/posts\/54511","targetHints":{"allow":["GET"]}}],"collection":[{"href":"https:\/\/ismaelcolosi.com.br\/index.php\/wp-json\/wp\/v2\/posts"}],"about":[{"href":"https:\/\/ismaelcolosi.com.br\/index.php\/wp-json\/wp\/v2\/types\/post"}],"author":[{"embeddable":true,"href":"https:\/\/ismaelcolosi.com.br\/index.php\/wp-json\/wp\/v2\/users\/1"}],"replies":[{"embeddable":true,"href":"https:\/\/ismaelcolosi.com.br\/index.php\/wp-json\/wp\/v2\/comments?post=54511"}],"version-history":[{"count":0,"href":"https:\/\/ismaelcolosi.com.br\/index.php\/wp-json\/wp\/v2\/posts\/54511\/revisions"}],"wp:featuredmedia":[{"embeddable":true,"href":"https:\/\/ismaelcolosi.com.br\/index.php\/wp-json\/wp\/v2\/media\/54512"}],"wp:attachment":[{"href":"https:\/\/ismaelcolosi.com.br\/index.php\/wp-json\/wp\/v2\/media?parent=54511"}],"wp:term":[{"taxonomy":"category","embeddable":true,"href":"https:\/\/ismaelcolosi.com.br\/index.php\/wp-json\/wp\/v2\/categories?post=54511"},{"taxonomy":"post_tag","embeddable":true,"href":"https:\/\/ismaelcolosi.com.br\/index.php\/wp-json\/wp\/v2\/tags?post=54511"}],"curies":[{"name":"wp","href":"https:\/\/api.w.org\/{rel}","templated":true}]}}