{"id":54507,"date":"2024-06-25T18:56:13","date_gmt":"2024-06-25T21:56:13","guid":{"rendered":"https:\/\/ismaelcolosi.com.br\/index.php\/2024\/06\/25\/preso-homem-que-tentou-matar-ex-namorada-na-zona-norte-de-ribeirao-preto\/"},"modified":"2024-06-25T18:56:13","modified_gmt":"2024-06-25T21:56:13","slug":"preso-homem-que-tentou-matar-ex-namorada-na-zona-norte-de-ribeirao-preto","status":"publish","type":"post","link":"https:\/\/ismaelcolosi.com.br\/index.php\/2024\/06\/25\/preso-homem-que-tentou-matar-ex-namorada-na-zona-norte-de-ribeirao-preto\/","title":{"rendered":"Preso homem que tentou matar ex-namorada na zona Norte de Ribeir\u00e3o Preto"},"content":{"rendered":"<p> <br \/>\n<\/p>\n<div data-td-block-uid=\"tdi_106\">\n<div class=\"tdb-block-inner td-fix-index\">\n<p>O <strong>suspeito de atirar contra a ex-namorada de 21 anos<\/strong>, na avenida Maestro Herv\u00e9 Cordovil, no bairro Marincek, na <strong>zona Norte de Ribeir\u00e3o Preto<\/strong>, foi <strong>preso preventivamente<\/strong> na <strong>tarde desta ter\u00e7a-feira<\/strong> (25). A <strong>tentativa de feminic\u00eddio<\/strong> aconteceu no \u00faltimo dia 12.<\/p>\n<p>Segundo a<strong> delegada da DDM<\/strong> (Delegacia de Defesa da Mulher), Patr\u00edcia de Mariani Buldo, o <strong>pedido de pris\u00e3o foi feito pelo MP-SP<\/strong> (Minist\u00e9rio P\u00fablico de S\u00e3o Paulo), ap\u00f3s o crime e o jovem de 19 anos foi preso em casa, no bairro Monte Alegre.<\/p>\n<blockquote class=\"wp-block-quote\">\n<p>\u201cEle [suspeito] confessou que atirou, mas disse que n\u00e3o tinha inten\u00e7\u00e3o de matar\u201d.<\/p>\n<\/blockquote>\n<h2 class=\"wp-block-heading\"><strong>Relacionamento violento<\/strong><\/h2>\n<p>Em <strong>depoimento<\/strong>, a <strong>v\u00edtima disse \u00e0 pol\u00edcia que teve um relacionamento amoroso com o suspeito por cinco anos<\/strong> e <strong>que sempre foi violento<\/strong>. Afirmou ter sido <strong>agredida por tr\u00eas vezes<\/strong> e <strong>nunca registrou boletim de ocorr\u00eancia por conta das amea\u00e7as de morte do suspeito<\/strong>.\u00a0 Contudo, em <strong>novembro do ano passado<\/strong>, ap\u00f3s ser <strong>gravemente ferida no rosto<\/strong> em decorr\u00eancia de agress\u00f5es do suspeito, ela <strong>conseguiu fugir<\/strong> e terminar a rela\u00e7\u00e3o.<\/p>\n<p>Ainda, de acordo com a v\u00edtima, <strong>ap\u00f3s o t\u00e9rmino<\/strong> n\u00e3o tinha visto mais o suspeito at\u00e9 o dia do crime, quando ao <strong>visitar uma amiga foi abordada pelo ex-namorado<\/strong> que <strong>atirou contra ela por duas vezes<\/strong>.<\/p>\n<p>Na ocasi\u00e3o, consta no boletim de ocorr\u00eancia, que a jovem foi atingida na regi\u00e3o das n\u00e1degas e foi socorrida para o Hospital das Cl\u00ednicas Unidade de Emerg\u00eancia.<\/p>\n<p>SAIBA MAIS <\/p>\n<p><!-- AI CONTENT END 1 -->\n<\/div>\n<\/div>\n<p><br \/>\n<br \/><a href=\"https:\/\/www.acidadeon.com\/ribeiraopreto\/cotidiano\/preso-homem-que-tentou-matar-ex-namorada-na-zona-norte-ribeirao-preto\/\">Source link <\/a><\/p>\n<div class='code-block code-block-4' style='margin: 8px auto 8px 0; text-align: left; display: block; clear: both;'>\n\ud83d\udce2 Aviso Legal\n\nO site ismaelcolosi.com.br atua apenas como um canal de divulga\u00e7\u00e3o de oportunidades de emprego e n\u00e3o se responsabiliza pelo processo seletivo, contrata\u00e7\u00e3o ou qualquer outra etapa relacionada \u00e0s vagas publicadas. Todas as informa\u00e7\u00f5es s\u00e3o de responsabilidade dos anunciantes.\n\n\u26a0\ufe0f Aten\u00e7\u00e3o! Nunca pague por promessas de emprego nem compre cursos que garantam contrata\u00e7\u00e3o. Desconfie de qualquer cobran\u00e7a para participar de sele\u00e7\u00f5es.\n\n\n\n<\/div>\n<!-- CONTENT END 1 -->\n","protected":false},"excerpt":{"rendered":"<p>O suspeito de atirar contra a ex-namorada de 21 anos, na avenida Maestro Herv\u00e9 Cordovil, no bairro Marincek, na zona Norte de Ribeir\u00e3o Preto, foi&#8230;<\/p>\n","protected":false},"author":1,"featured_media":54508,"comment_status":"open","ping_status":"open","sticky":false,"template":"","format":"standard","meta":{"_uag_custom_page_level_css":"","advanced_seo_description":"","jetpack_seo_html_title":"","jetpack_seo_noindex":false,"jetpack_post_was_ever_published":false,"_jetpack_newsletter_access":"","_jetpack_dont_email_post_to_subs":false,"_jetpack_newsletter_tier_id":0,"_jetpack_memberships_contains_paywalled_content":false,"_jetpack_memberships_contains_paid_content":false,"footnotes":"","jetpack_publicize_message":"","jetpack_publicize_feature_enabled":true,"jetpack_social_post_already_shared":true,"jetpack_social_options":{"image_generator_settings":{"template":"highway","default_image_id":0,"font":"","enabled":false},"version":2}},"categories":[11],"tags":[],"class_list":["post-54507","post","type-post","status-publish","format-standard","has-post-thumbnail","hentry","category-noticias-de-ribeirao-preto-sp-e-regiao-ismael-colosi"],"jetpack_publicize_connections":[],"jetpack_featured_media_url":"https:\/\/i0.wp.com\/ismaelcolosi.com.br\/wp-content\/uploads\/2024\/06\/Copia-de-Copia-de-TAMANHO-EXATO-PARA-FOTOS-NO-SISTEMA-NOVO-18_2024-06-25_21-18-38_jpg_2024-06-25_21-18-38.webp.webp?fit=1200%2C675&ssl=1","uagb_featured_image_src":{"full":["https:\/\/i0.wp.com\/ismaelcolosi.com.br\/wp-content\/uploads\/2024\/06\/Copia-de-Copia-de-TAMANHO-EXATO-PARA-FOTOS-NO-SISTEMA-NOVO-18_2024-06-25_21-18-38_jpg_2024-06-25_21-18-38.webp.webp?fit=1200%2C675&ssl=1",1200,675,false],"thumbnail":["https:\/\/i0.wp.com\/ismaelcolosi.com.br\/wp-content\/uploads\/2024\/06\/Copia-de-Copia-de-TAMANHO-EXATO-PARA-FOTOS-NO-SISTEMA-NOVO-18_2024-06-25_21-18-38_jpg_2024-06-25_21-18-38.webp.webp?resize=150%2C150&ssl=1",150,150,true],"medium":["https:\/\/i0.wp.com\/ismaelcolosi.com.br\/wp-content\/uploads\/2024\/06\/Copia-de-Copia-de-TAMANHO-EXATO-PARA-FOTOS-NO-SISTEMA-NOVO-18_2024-06-25_21-18-38_jpg_2024-06-25_21-18-38.webp.webp?fit=300%2C169&ssl=1",300,169,true],"medium_large":["https:\/\/i0.wp.com\/ismaelcolosi.com.br\/wp-content\/uploads\/2024\/06\/Copia-de-Copia-de-TAMANHO-EXATO-PARA-FOTOS-NO-SISTEMA-NOVO-18_2024-06-25_21-18-38_jpg_2024-06-25_21-18-38.webp.webp?fit=768%2C432&ssl=1",768,432,true],"large":["https:\/\/i0.wp.com\/ismaelcolosi.com.br\/wp-content\/uploads\/2024\/06\/Copia-de-Copia-de-TAMANHO-EXATO-PARA-FOTOS-NO-SISTEMA-NOVO-18_2024-06-25_21-18-38_jpg_2024-06-25_21-18-38.webp.webp?fit=1024%2C576&ssl=1",1024,576,true],"1536x1536":["https:\/\/i0.wp.com\/ismaelcolosi.com.br\/wp-content\/uploads\/2024\/06\/Copia-de-Copia-de-TAMANHO-EXATO-PARA-FOTOS-NO-SISTEMA-NOVO-18_2024-06-25_21-18-38_jpg_2024-06-25_21-18-38.webp.webp?fit=1200%2C675&ssl=1",1200,675,true],"2048x2048":["https:\/\/i0.wp.com\/ismaelcolosi.com.br\/wp-content\/uploads\/2024\/06\/Copia-de-Copia-de-TAMANHO-EXATO-PARA-FOTOS-NO-SISTEMA-NOVO-18_2024-06-25_21-18-38_jpg_2024-06-25_21-18-38.webp.webp?fit=1200%2C675&ssl=1",1200,675,true],"really-simple-thumb":["https:\/\/i0.wp.com\/ismaelcolosi.com.br\/wp-content\/uploads\/2024\/06\/Copia-de-Copia-de-TAMANHO-EXATO-PARA-FOTOS-NO-SISTEMA-NOVO-18_2024-06-25_21-18-38_jpg_2024-06-25_21-18-38.webp.webp?resize=370%2C247&ssl=1",370,247,true]},"uagb_author_info":{"display_name":"ismaelcolosi.com.br","author_link":"https:\/\/ismaelcolosi.com.br\/index.php\/author\/vidareal-online\/"},"uagb_comment_info":0,"uagb_excerpt":"O suspeito de atirar contra a ex-namorada de 21 anos, na avenida Maestro Herv\u00e9 Cordovil, no bairro Marincek, na zona Norte de Ribeir\u00e3o Preto, foi...","jetpack-related-posts":[{"id":51177,"url":"https:\/\/ismaelcolosi.com.br\/index.php\/2024\/05\/23\/suspeito-de-matar-homem-apos-ser-atraido-para-encontro-e-preso-na-regiao-de-ribeirao\/","url_meta":{"origin":54507,"position":0},"title":"Suspeito de matar homem ap\u00f3s ser atra\u00eddo para encontro \u00e9 preso na regi\u00e3o de Ribeir\u00e3o","author":"ismaelcolosi.com.br","date":"23 de May de 2024","format":false,"excerpt":"O homem suspeito de matar Elias Vicente da Silva, de 57 anos, na tarde desta ter\u00e7a-feira (21), em Bebedouro, cidade na regi\u00e3o de Ribeir\u00e3o Preto, se apresentou a pol\u00edcia e confessou o crime nesta quinta-feira (23). De acordo com o delegado, Jo\u00e3o Vitor Silv\u00e9rio, a pris\u00e3o preventiva de Igor da\u2026","rel":"","context":"In &quot;Not\u00edcias de Ribeir\u00e3o Preto-SP e Regi\u00e3o&quot;","block_context":{"text":"Not\u00edcias de Ribeir\u00e3o Preto-SP e Regi\u00e3o","link":"https:\/\/ismaelcolosi.com.br\/index.php\/category\/noticias-de-ribeirao-preto-sp-e-regiao-ismael-colosi\/"},"img":{"alt_text":"","src":"https:\/\/i0.wp.com\/ismaelcolosi.com.br\/wp-content\/uploads\/2024\/05\/Copia-de-Copia-de-TAMANHO-EXATO-PARA-FOTOS-NO-SISTEMA-NOVO-51_2024-05-23_18-08-22_png_2024-05-23_18-08-23.webp.webp?fit=1200%2C675&ssl=1&resize=350%2C200","width":350,"height":200,"srcset":"https:\/\/i0.wp.com\/ismaelcolosi.com.br\/wp-content\/uploads\/2024\/05\/Copia-de-Copia-de-TAMANHO-EXATO-PARA-FOTOS-NO-SISTEMA-NOVO-51_2024-05-23_18-08-22_png_2024-05-23_18-08-23.webp.webp?fit=1200%2C675&ssl=1&resize=350%2C200 1x, https:\/\/i0.wp.com\/ismaelcolosi.com.br\/wp-content\/uploads\/2024\/05\/Copia-de-Copia-de-TAMANHO-EXATO-PARA-FOTOS-NO-SISTEMA-NOVO-51_2024-05-23_18-08-22_png_2024-05-23_18-08-23.webp.webp?fit=1200%2C675&ssl=1&resize=525%2C300 1.5x, https:\/\/i0.wp.com\/ismaelcolosi.com.br\/wp-content\/uploads\/2024\/05\/Copia-de-Copia-de-TAMANHO-EXATO-PARA-FOTOS-NO-SISTEMA-NOVO-51_2024-05-23_18-08-22_png_2024-05-23_18-08-23.webp.webp?fit=1200%2C675&ssl=1&resize=700%2C400 2x, https:\/\/i0.wp.com\/ismaelcolosi.com.br\/wp-content\/uploads\/2024\/05\/Copia-de-Copia-de-TAMANHO-EXATO-PARA-FOTOS-NO-SISTEMA-NOVO-51_2024-05-23_18-08-22_png_2024-05-23_18-08-23.webp.webp?fit=1200%2C675&ssl=1&resize=1050%2C600 3x"},"classes":[]},{"id":66561,"url":"https:\/\/ismaelcolosi.com.br\/index.php\/2024\/09\/18\/vitima-leva-gravata-durante-assalto-em-rua-de-ribeirao-preto\/","url_meta":{"origin":54507,"position":1},"title":"V\u00edtima leva &#8216;gravata&#8217; durante assalto em rua de Ribeir\u00e3o Preto","author":"ismaelcolosi.com.br","date":"18 de September de 2024","format":false,"excerpt":"Um homem de 32 anos foi imobilizado com um golpe no pesco\u00e7o conhecido como \u201cgravata\u201d em um assalto no bairro Campos El\u00edseos, zona Norte de Ribeir\u00e3o Preto. \u00a0 A v\u00edtima disse \u00e0 pol\u00edcia no boletim de ocorr\u00eancia (BO) que tr\u00eas criminosos a abordaram \u00e0s 5h30 na \u00faltima segunda-feira (16), na\u2026","rel":"","context":"In &quot;Not\u00edcias de Ribeir\u00e3o Preto-SP e Regi\u00e3o&quot;","block_context":{"text":"Not\u00edcias de Ribeir\u00e3o Preto-SP e Regi\u00e3o","link":"https:\/\/ismaelcolosi.com.br\/index.php\/category\/noticias-de-ribeirao-preto-sp-e-regiao-ismael-colosi\/"},"img":{"alt_text":"","src":"https:\/\/i0.wp.com\/ismaelcolosi.com.br\/wp-content\/uploads\/2024\/09\/1726664976_cpj_policia_1200x675_30012022162443.jpg?fit=1200%2C675&ssl=1&resize=350%2C200","width":350,"height":200,"srcset":"https:\/\/i0.wp.com\/ismaelcolosi.com.br\/wp-content\/uploads\/2024\/09\/1726664976_cpj_policia_1200x675_30012022162443.jpg?fit=1200%2C675&ssl=1&resize=350%2C200 1x, https:\/\/i0.wp.com\/ismaelcolosi.com.br\/wp-content\/uploads\/2024\/09\/1726664976_cpj_policia_1200x675_30012022162443.jpg?fit=1200%2C675&ssl=1&resize=525%2C300 1.5x, https:\/\/i0.wp.com\/ismaelcolosi.com.br\/wp-content\/uploads\/2024\/09\/1726664976_cpj_policia_1200x675_30012022162443.jpg?fit=1200%2C675&ssl=1&resize=700%2C400 2x, https:\/\/i0.wp.com\/ismaelcolosi.com.br\/wp-content\/uploads\/2024\/09\/1726664976_cpj_policia_1200x675_30012022162443.jpg?fit=1200%2C675&ssl=1&resize=1050%2C600 3x"},"classes":[]},{"id":50587,"url":"https:\/\/ismaelcolosi.com.br\/index.php\/2024\/05\/17\/preso-homem-foragido-ha-dois-anos-apos-matar-namorada-em-ribeirao-preto\/","url_meta":{"origin":54507,"position":2},"title":"Preso homem foragido h\u00e1 dois anos ap\u00f3s matar namorada em Ribeir\u00e3o Preto","author":"ismaelcolosi.com.br","date":"17 de May de 2024","format":false,"excerpt":"A Pol\u00edcia de Minas Gerais prendeu o homem acusado de matar a namorada com uma facada no pesco\u00e7o, em outubro de 2022, no Centro de Ribeir\u00e3o Preto. A pris\u00e3o de Gabriel Francisco Barbosa, ocorreu no dia 7 de maio em Uberl\u00e2ndia. O homem estava foragido h\u00e1 dois anos, desde que\u2026","rel":"","context":"In &quot;Not\u00edcias de Ribeir\u00e3o Preto-SP e Regi\u00e3o&quot;","block_context":{"text":"Not\u00edcias de Ribeir\u00e3o Preto-SP e Regi\u00e3o","link":"https:\/\/ismaelcolosi.com.br\/index.php\/category\/noticias-de-ribeirao-preto-sp-e-regiao-ismael-colosi\/"},"img":{"alt_text":"","src":"https:\/\/i0.wp.com\/ismaelcolosi.com.br\/wp-content\/uploads\/2024\/05\/AnyConv.com__Copia-de-Copia-de-TAMANHO-EXATO-PARA-FOTOS-NO-SISTEMA-NOVO-13_2024-05-17_15-59-23.webp.webp?fit=1200%2C675&ssl=1&resize=350%2C200","width":350,"height":200,"srcset":"https:\/\/i0.wp.com\/ismaelcolosi.com.br\/wp-content\/uploads\/2024\/05\/AnyConv.com__Copia-de-Copia-de-TAMANHO-EXATO-PARA-FOTOS-NO-SISTEMA-NOVO-13_2024-05-17_15-59-23.webp.webp?fit=1200%2C675&ssl=1&resize=350%2C200 1x, https:\/\/i0.wp.com\/ismaelcolosi.com.br\/wp-content\/uploads\/2024\/05\/AnyConv.com__Copia-de-Copia-de-TAMANHO-EXATO-PARA-FOTOS-NO-SISTEMA-NOVO-13_2024-05-17_15-59-23.webp.webp?fit=1200%2C675&ssl=1&resize=525%2C300 1.5x, https:\/\/i0.wp.com\/ismaelcolosi.com.br\/wp-content\/uploads\/2024\/05\/AnyConv.com__Copia-de-Copia-de-TAMANHO-EXATO-PARA-FOTOS-NO-SISTEMA-NOVO-13_2024-05-17_15-59-23.webp.webp?fit=1200%2C675&ssl=1&resize=700%2C400 2x, https:\/\/i0.wp.com\/ismaelcolosi.com.br\/wp-content\/uploads\/2024\/05\/AnyConv.com__Copia-de-Copia-de-TAMANHO-EXATO-PARA-FOTOS-NO-SISTEMA-NOVO-13_2024-05-17_15-59-23.webp.webp?fit=1200%2C675&ssl=1&resize=1050%2C600 3x"},"classes":[]},{"id":57365,"url":"https:\/\/ismaelcolosi.com.br\/index.php\/2024\/07\/19\/preso-segundo-suspeito-de-invadir-casa-e-roubar-arma-de-policial-em-ribeirao-preto\/","url_meta":{"origin":54507,"position":3},"title":"Preso segundo suspeito de invadir casa e roubar arma de policial em Ribeir\u00e3o Preto","author":"ismaelcolosi.com.br","date":"19 de July de 2024","format":false,"excerpt":"A Pol\u00edcia Civil prendeu, no fim desta sexta-feira (19), o segundo suspeito de invadir a casa de um policial e roubar, entre outros objetos, uma arma de fogo de uso pessoal. O assalto ocorreu no \u00faltimo dia 13, no bairro Jardim Recreio, na zona Oeste de Ribeir\u00e3o Preto. Segundo a\u2026","rel":"","context":"In &quot;Not\u00edcias de Ribeir\u00e3o Preto-SP e Regi\u00e3o&quot;","block_context":{"text":"Not\u00edcias de Ribeir\u00e3o Preto-SP e Regi\u00e3o","link":"https:\/\/ismaelcolosi.com.br\/index.php\/category\/noticias-de-ribeirao-preto-sp-e-regiao-ismael-colosi\/"},"img":{"alt_text":"","src":"https:\/\/i0.wp.com\/ismaelcolosi.com.br\/wp-content\/uploads\/2024\/07\/Copia-de-Copia-de-TAMANHO-EXATO-PARA-FOTOS-NO-SISTEMA-NOVO-3_2024-07-19_23-09-30_jpg_2024-07-19_23-09-30.webp.webp?fit=1200%2C675&ssl=1&resize=350%2C200","width":350,"height":200,"srcset":"https:\/\/i0.wp.com\/ismaelcolosi.com.br\/wp-content\/uploads\/2024\/07\/Copia-de-Copia-de-TAMANHO-EXATO-PARA-FOTOS-NO-SISTEMA-NOVO-3_2024-07-19_23-09-30_jpg_2024-07-19_23-09-30.webp.webp?fit=1200%2C675&ssl=1&resize=350%2C200 1x, https:\/\/i0.wp.com\/ismaelcolosi.com.br\/wp-content\/uploads\/2024\/07\/Copia-de-Copia-de-TAMANHO-EXATO-PARA-FOTOS-NO-SISTEMA-NOVO-3_2024-07-19_23-09-30_jpg_2024-07-19_23-09-30.webp.webp?fit=1200%2C675&ssl=1&resize=525%2C300 1.5x, https:\/\/i0.wp.com\/ismaelcolosi.com.br\/wp-content\/uploads\/2024\/07\/Copia-de-Copia-de-TAMANHO-EXATO-PARA-FOTOS-NO-SISTEMA-NOVO-3_2024-07-19_23-09-30_jpg_2024-07-19_23-09-30.webp.webp?fit=1200%2C675&ssl=1&resize=700%2C400 2x, https:\/\/i0.wp.com\/ismaelcolosi.com.br\/wp-content\/uploads\/2024\/07\/Copia-de-Copia-de-TAMANHO-EXATO-PARA-FOTOS-NO-SISTEMA-NOVO-3_2024-07-19_23-09-30_jpg_2024-07-19_23-09-30.webp.webp?fit=1200%2C675&ssl=1&resize=1050%2C600 3x"},"classes":[]},{"id":28384,"url":"https:\/\/ismaelcolosi.com.br\/index.php\/2024\/01\/15\/utm_sourcerssutm_mediumrssutm_campaignprincipal-suspeito-de-matar-engenheiro-em-ribeirao-preto-e-preso-no-rio-de-janeiro\/","url_meta":{"origin":54507,"position":4},"title":"Principal suspeito de matar engenheiro em Ribeir\u00e3o Preto \u00e9 preso no Rio de Janeiro \u2013 X Tudo Ribeir\u00e3o","author":"ismaelcolosi.com.br","date":"15 de January de 2024","format":false,"excerpt":"O principal suspeito de matar um engenheiro de 34 anos, na cidade de Ribeir\u00e3o Preto no final do ano passado, foi preso pela Pol\u00edcia Civil em Nova Igua\u00e7u, no Rio de Janeiro.\u00a0 Segundo as informa\u00e7\u00f5es da Pol\u00edcia Civil, os Policiais da 1\u00aa DIG \/ DEIC do Deinter 3, ap\u00f3s o\u2026","rel":"","context":"In &quot;Not\u00edcias de Ribeir\u00e3o Preto-SP e Regi\u00e3o&quot;","block_context":{"text":"Not\u00edcias de Ribeir\u00e3o Preto-SP e Regi\u00e3o","link":"https:\/\/ismaelcolosi.com.br\/index.php\/category\/noticias-de-ribeirao-preto-sp-e-regiao-ismael-colosi\/"},"img":{"alt_text":"","src":"https:\/\/i0.wp.com\/ismaelcolosi.com.br\/wp-content\/uploads\/2024\/01\/WhatsApp-Image-2024-01-15-at-16.08.41.jpeg?fit=921%2C623&ssl=1&resize=350%2C200","width":350,"height":200,"srcset":"https:\/\/i0.wp.com\/ismaelcolosi.com.br\/wp-content\/uploads\/2024\/01\/WhatsApp-Image-2024-01-15-at-16.08.41.jpeg?fit=921%2C623&ssl=1&resize=350%2C200 1x, https:\/\/i0.wp.com\/ismaelcolosi.com.br\/wp-content\/uploads\/2024\/01\/WhatsApp-Image-2024-01-15-at-16.08.41.jpeg?fit=921%2C623&ssl=1&resize=525%2C300 1.5x, https:\/\/i0.wp.com\/ismaelcolosi.com.br\/wp-content\/uploads\/2024\/01\/WhatsApp-Image-2024-01-15-at-16.08.41.jpeg?fit=921%2C623&ssl=1&resize=700%2C400 2x"},"classes":[]},{"id":29974,"url":"https:\/\/ismaelcolosi.com.br\/index.php\/2024\/01\/19\/chuva-cancela-voo-que-trazia-suspeito-de-matar-engenheiro-para-ribeirao-preto\/","url_meta":{"origin":54507,"position":5},"title":"Chuva cancela voo que trazia suspeito de matar engenheiro para Ribeir\u00e3o Preto","author":"ismaelcolosi.com.br","date":"19 de January de 2024","format":false,"excerpt":"O voo que trazia para Ribeir\u00e3o Preto o suspeito de matar o engenheiro Paulo Roberto Carvalho Braga Pena Filho foi cancelado por conta das condi\u00e7\u00f5es clim\u00e1ticas ruins na tarde desta sexta-feira (19). A previs\u00e3o era de que o avi\u00e3o pousasse em Ribeir\u00e3o Preto nesta sexta, ap\u00f3s ter decolado do Rio\u2026","rel":"","context":"In &quot;Not\u00edcias de Ribeir\u00e3o Preto-SP e Regi\u00e3o&quot;","block_context":{"text":"Not\u00edcias de Ribeir\u00e3o Preto-SP e Regi\u00e3o","link":"https:\/\/ismaelcolosi.com.br\/index.php\/category\/noticias-de-ribeirao-preto-sp-e-regiao-ismael-colosi\/"},"img":{"alt_text":"","src":"https:\/\/i0.wp.com\/ismaelcolosi.com.br\/wp-content\/uploads\/2024\/01\/Copia-de-Copia-de-TAMANHO-EXATO-PARA-FOTOS-NO-SISTEMA-NOVO-2.jpg?fit=1200%2C675&ssl=1&resize=350%2C200","width":350,"height":200,"srcset":"https:\/\/i0.wp.com\/ismaelcolosi.com.br\/wp-content\/uploads\/2024\/01\/Copia-de-Copia-de-TAMANHO-EXATO-PARA-FOTOS-NO-SISTEMA-NOVO-2.jpg?fit=1200%2C675&ssl=1&resize=350%2C200 1x, https:\/\/i0.wp.com\/ismaelcolosi.com.br\/wp-content\/uploads\/2024\/01\/Copia-de-Copia-de-TAMANHO-EXATO-PARA-FOTOS-NO-SISTEMA-NOVO-2.jpg?fit=1200%2C675&ssl=1&resize=525%2C300 1.5x, https:\/\/i0.wp.com\/ismaelcolosi.com.br\/wp-content\/uploads\/2024\/01\/Copia-de-Copia-de-TAMANHO-EXATO-PARA-FOTOS-NO-SISTEMA-NOVO-2.jpg?fit=1200%2C675&ssl=1&resize=700%2C400 2x, https:\/\/i0.wp.com\/ismaelcolosi.com.br\/wp-content\/uploads\/2024\/01\/Copia-de-Copia-de-TAMANHO-EXATO-PARA-FOTOS-NO-SISTEMA-NOVO-2.jpg?fit=1200%2C675&ssl=1&resize=1050%2C600 3x"},"classes":[]}],"jetpack_sharing_enabled":true,"jetpack_shortlink":"https:\/\/wp.me\/pfMlyK-eb9","_links":{"self":[{"href":"https:\/\/ismaelcolosi.com.br\/index.php\/wp-json\/wp\/v2\/posts\/54507","targetHints":{"allow":["GET"]}}],"collection":[{"href":"https:\/\/ismaelcolosi.com.br\/index.php\/wp-json\/wp\/v2\/posts"}],"about":[{"href":"https:\/\/ismaelcolosi.com.br\/index.php\/wp-json\/wp\/v2\/types\/post"}],"author":[{"embeddable":true,"href":"https:\/\/ismaelcolosi.com.br\/index.php\/wp-json\/wp\/v2\/users\/1"}],"replies":[{"embeddable":true,"href":"https:\/\/ismaelcolosi.com.br\/index.php\/wp-json\/wp\/v2\/comments?post=54507"}],"version-history":[{"count":0,"href":"https:\/\/ismaelcolosi.com.br\/index.php\/wp-json\/wp\/v2\/posts\/54507\/revisions"}],"wp:featuredmedia":[{"embeddable":true,"href":"https:\/\/ismaelcolosi.com.br\/index.php\/wp-json\/wp\/v2\/media\/54508"}],"wp:attachment":[{"href":"https:\/\/ismaelcolosi.com.br\/index.php\/wp-json\/wp\/v2\/media?parent=54507"}],"wp:term":[{"taxonomy":"category","embeddable":true,"href":"https:\/\/ismaelcolosi.com.br\/index.php\/wp-json\/wp\/v2\/categories?post=54507"},{"taxonomy":"post_tag","embeddable":true,"href":"https:\/\/ismaelcolosi.com.br\/index.php\/wp-json\/wp\/v2\/tags?post=54507"}],"curies":[{"name":"wp","href":"https:\/\/api.w.org\/{rel}","templated":true}]}}