{"id":54505,"date":"2024-06-25T18:45:03","date_gmt":"2024-06-25T21:45:03","guid":{"rendered":"https:\/\/ismaelcolosi.com.br\/index.php\/2024\/06\/25\/sisprime-oferece-credito-21-mais-barato-que-a-media-de-mercado\/"},"modified":"2024-06-25T18:45:03","modified_gmt":"2024-06-25T21:45:03","slug":"sisprime-oferece-credito-21-mais-barato-que-a-media-de-mercado","status":"publish","type":"post","link":"https:\/\/ismaelcolosi.com.br\/index.php\/2024\/06\/25\/sisprime-oferece-credito-21-mais-barato-que-a-media-de-mercado\/","title":{"rendered":"Sisprime oferece cr\u00e9dito 21% mais barato que a m\u00e9dia de mercado"},"content":{"rendered":"<p> <br \/>\n<\/p>\n<div>\n<p><span style=\"background-color:#72a7dc\" class=\"td_text_highlight_marker\">O cooperativismo de cr\u00e9dito ganha cada vez mais destaque como uma for\u00e7a transformadora, capaz de desencadear impactos significativos no desenvolvimento econ\u00f4mico local por meio do fortalecimento dos neg\u00f3cios e na gera\u00e7\u00e3o de empregos.<\/span><\/p>\n<p>Entre as vantagens do modelo cooperativista em compara\u00e7\u00e3o com outras institui\u00e7\u00f5es do Sistema Financeiro Nacional (SFN), destaca-se sua capacidade de oferecer taxas de cr\u00e9dito e financiamento mais baixas e proporcionar retornos mais atrativos sobre os investimentos.<\/p>\n<p>Um exemplo de sucesso nesse setor \u00e9 a Sisprime do Brasil, que recentemente divulgou os resultados do primeiro trimestre do ano e apresentou uma compara\u00e7\u00e3o entre as taxas praticadas em seus principais produtos de cr\u00e9dito e investimentos em rela\u00e7\u00e3o \u00e0 m\u00e9dia do mercado financeiro nacional*.<\/p>\n<p>Na an\u00e1lise comparativa, a Sisprime demonstrou que suas ofertas de cr\u00e9dito possuem taxas anuais em m\u00e9dia 21% inferiores \u00e0s praticadas pelo mercado. Na outra ponta, oferece um retorno 3,3% pontos percentuais superior, com tarifas de manuten\u00e7\u00e3o de conta 48% p.p. menores para empresas, enquanto as pessoas f\u00edsicas s\u00e3o isentas dessa cobran\u00e7a.<\/p>\n<p>A t\u00edtulo de compara\u00e7\u00e3o, no segmento de cr\u00e9dito, a Sisprime apresenta uma taxa m\u00e9dia 5,5% p.p. mais baixa que o sistema financeiro para Capital de Giro (PJ) e 4,6% p.p. menor para Cr\u00e9dito Pessoal. Nos cart\u00f5es de cr\u00e9dito, os juros rotativos da Sisprime s\u00e3o 62% p.p. inferiores \u00e0 m\u00e9dia das demais institui\u00e7\u00f5es.<\/p>\n<p>Os investidores recebem um b\u00f4nus de rendimento anual na distribui\u00e7\u00e3o das Sobras. Como exemplo, em 2023, o cooperado que realizou uma aplica\u00e7\u00e3o a 105% do CDI, recebeu um b\u00f4nus de 8% ap\u00f3s a distribui\u00e7\u00e3o das Sobras, o que elevou para 113% sua remunera\u00e7\u00e3o anual.<\/p>\n<p>Mesmo com taxas mais baixas, a Sisprime mant\u00e9m uma alta rentabilidade e proporciona retornos expressivos aos seus cooperados: em 2023, distribuiu R$ 253 milh\u00f5es em Sobras, alcan\u00e7ando uma m\u00e9dia de R$ 5.303 por cooperado, a terceira maior do pa\u00eds. No primeiro trimestre deste ano, o montante acumulado em Sobras alcan\u00e7ou R$ 67 milh\u00f5es, um aumento de 37% em rela\u00e7\u00e3o ao mesmo per\u00edodo do ano anterior.<\/p>\n<p>Estima-se que apenas com as diferen\u00e7as nas taxas, os cooperados que utilizaram os produtos e servi\u00e7os da Sisprime tenham economizado mais de R$ 60 milh\u00f5es no 1\u00ba trimestre de 2024. Esse valor se soma aos benef\u00edcios diretos, como a distribui\u00e7\u00e3o das Sobras e os investimentos na comunidade, que impulsionam a economia das regi\u00f5es onde a cooperativa atua.<\/p>\n<p>*Os c\u00e1lculos s\u00e3o realizados com base em uma metodologia divulgada pelo Banco Central do Brasil (BCB). Os diferenciais de taxa e retorno sobre investimentos s\u00e3o calculados comparando as taxas m\u00e9dias praticadas pela Sisprime com rela\u00e7\u00e3o aos cinco maiores bancos comerciais do pa\u00eds, dispon\u00edveis no site do BCB.<\/p>\n<h2 class=\"wp-block-heading\"><strong>Sobre a Sisprime do Brasil<\/strong><\/h2>\n<p>Fundada em 1997, \u00e9 a maior e mais completa cooperativa de cr\u00e9dito independente do Brasil e a maior do pa\u00eds com atua\u00e7\u00e3o preferencial na \u00e1rea da sa\u00fade. Administra mais de R$ 8 bilh\u00f5es em ativos e possui patrim\u00f4nio l\u00edquido de R$ 1,2 bilh\u00e3o. \u00c9 associada ao Fundo Garantidor do Cooperativismo de Cr\u00e9dito, que garante dep\u00f3sitos de at\u00e9 R$ 250 mil por CPF\/CNPJ. A cooperativa conta com 48 ag\u00eancias nos estados do Paran\u00e1 e S\u00e3o Paulo, e mais de 50 mil cooperados. Os cooperados recebem atendimento exclusivo, orienta\u00e7\u00e3o financeira e participa\u00e7\u00e3o na distribui\u00e7\u00e3o das sobras anuais.<\/p>\n<p><!-- AI CONTENT END 1 -->\n<\/div>\n<p><br \/>\n<br \/><a href=\"https:\/\/www.acidadeon.com\/ribeiraopreto\/conteudo-patrocinado\/sisprime\/sisprime-oferece-credito-21-mais-barato-que-a-media-de-mercado\/\">Source link <\/a><\/p>\n<div class='code-block code-block-4' style='margin: 8px auto 8px 0; text-align: left; display: block; clear: both;'>\n\ud83d\udce2 Aviso Legal\n\nO site ismaelcolosi.com.br atua apenas como um canal de divulga\u00e7\u00e3o de oportunidades de emprego e n\u00e3o se responsabiliza pelo processo seletivo, contrata\u00e7\u00e3o ou qualquer outra etapa relacionada \u00e0s vagas publicadas. Todas as informa\u00e7\u00f5es s\u00e3o de responsabilidade dos anunciantes.\n\n\u26a0\ufe0f Aten\u00e7\u00e3o! Nunca pague por promessas de emprego nem compre cursos que garantam contrata\u00e7\u00e3o. Desconfie de qualquer cobran\u00e7a para participar de sele\u00e7\u00f5es.\n\n\n\n<\/div>\n<!-- CONTENT END 1 -->\n","protected":false},"excerpt":{"rendered":"<p>O cooperativismo de cr\u00e9dito ganha cada vez mais destaque como uma for\u00e7a transformadora, capaz de desencadear impactos significativos no desenvolvimento econ\u00f4mico local por meio do&#8230;<\/p>\n","protected":false},"author":1,"featured_media":54506,"comment_status":"open","ping_status":"open","sticky":false,"template":"","format":"standard","meta":{"_uag_custom_page_level_css":"","advanced_seo_description":"","jetpack_seo_html_title":"","jetpack_seo_noindex":false,"jetpack_post_was_ever_published":false,"_jetpack_newsletter_access":"","_jetpack_dont_email_post_to_subs":false,"_jetpack_newsletter_tier_id":0,"_jetpack_memberships_contains_paywalled_content":false,"_jetpack_memberships_contains_paid_content":false,"footnotes":"","jetpack_publicize_message":"","jetpack_publicize_feature_enabled":true,"jetpack_social_post_already_shared":true,"jetpack_social_options":{"image_generator_settings":{"template":"highway","default_image_id":0,"font":"","enabled":false},"version":2}},"categories":[11],"tags":[],"class_list":["post-54505","post","type-post","status-publish","format-standard","has-post-thumbnail","hentry","category-noticias-de-ribeirao-preto-sp-e-regiao-ismael-colosi"],"jetpack_publicize_connections":[],"jetpack_featured_media_url":"https:\/\/i0.wp.com\/ismaelcolosi.com.br\/wp-content\/uploads\/2024\/06\/1_2024-06-25_21-15-57_png_2024-06-25_21-15-57.webp.webp?fit=1600%2C900&ssl=1","uagb_featured_image_src":{"full":["https:\/\/i0.wp.com\/ismaelcolosi.com.br\/wp-content\/uploads\/2024\/06\/1_2024-06-25_21-15-57_png_2024-06-25_21-15-57.webp.webp?fit=1600%2C900&ssl=1",1600,900,false],"thumbnail":["https:\/\/i0.wp.com\/ismaelcolosi.com.br\/wp-content\/uploads\/2024\/06\/1_2024-06-25_21-15-57_png_2024-06-25_21-15-57.webp.webp?resize=150%2C150&ssl=1",150,150,true],"medium":["https:\/\/i0.wp.com\/ismaelcolosi.com.br\/wp-content\/uploads\/2024\/06\/1_2024-06-25_21-15-57_png_2024-06-25_21-15-57.webp.webp?fit=300%2C169&ssl=1",300,169,true],"medium_large":["https:\/\/i0.wp.com\/ismaelcolosi.com.br\/wp-content\/uploads\/2024\/06\/1_2024-06-25_21-15-57_png_2024-06-25_21-15-57.webp.webp?fit=768%2C432&ssl=1",768,432,true],"large":["https:\/\/i0.wp.com\/ismaelcolosi.com.br\/wp-content\/uploads\/2024\/06\/1_2024-06-25_21-15-57_png_2024-06-25_21-15-57.webp.webp?fit=1024%2C576&ssl=1",1024,576,true],"1536x1536":["https:\/\/i0.wp.com\/ismaelcolosi.com.br\/wp-content\/uploads\/2024\/06\/1_2024-06-25_21-15-57_png_2024-06-25_21-15-57.webp.webp?fit=1536%2C864&ssl=1",1536,864,true],"2048x2048":["https:\/\/i0.wp.com\/ismaelcolosi.com.br\/wp-content\/uploads\/2024\/06\/1_2024-06-25_21-15-57_png_2024-06-25_21-15-57.webp.webp?fit=1600%2C900&ssl=1",1600,900,true],"really-simple-thumb":["https:\/\/i0.wp.com\/ismaelcolosi.com.br\/wp-content\/uploads\/2024\/06\/1_2024-06-25_21-15-57_png_2024-06-25_21-15-57.webp.webp?resize=370%2C247&ssl=1",370,247,true]},"uagb_author_info":{"display_name":"ismaelcolosi.com.br","author_link":"https:\/\/ismaelcolosi.com.br\/index.php\/author\/vidareal-online\/"},"uagb_comment_info":0,"uagb_excerpt":"O cooperativismo de cr\u00e9dito ganha cada vez mais destaque como uma for\u00e7a transformadora, capaz de desencadear impactos significativos no desenvolvimento econ\u00f4mico local por meio do...","jetpack-related-posts":[{"id":57469,"url":"https:\/\/ismaelcolosi.com.br\/index.php\/2024\/07\/22\/sisprime-supera-metas-e-apresenta-resultados-do-1o-semestre\/","url_meta":{"origin":54505,"position":0},"title":"Sisprime supera metas e apresenta resultados do 1\u00ba semestre","author":"ismaelcolosi.com.br","date":"22 de July de 2024","format":false,"excerpt":"A Sisprime do Brasil, maior e mais completa cooperativa de cr\u00e9dito independente do pa\u00eds e a maior com foco na \u00e1rea da sa\u00fade, apresenta um crescimento expressivo nos resultados do 1\u00ba semestre de 2024. A cooperativa ultrapassou a marca de 50 mil cooperados e alcan\u00e7ou o total de 48 ag\u00eancias\u2026","rel":"","context":"In &quot;Not\u00edcias de Ribeir\u00e3o Preto-SP e Regi\u00e3o&quot;","block_context":{"text":"Not\u00edcias de Ribeir\u00e3o Preto-SP e Regi\u00e3o","link":"https:\/\/ismaelcolosi.com.br\/index.php\/category\/noticias-de-ribeirao-preto-sp-e-regiao-ismael-colosi\/"},"img":{"alt_text":"","src":"https:\/\/i0.wp.com\/ismaelcolosi.com.br\/wp-content\/uploads\/2024\/07\/1-67_2024-07-22_12-54-45_png_2024-07-22_12-54-45.webp.webp?fit=1200%2C800&ssl=1&resize=350%2C200","width":350,"height":200,"srcset":"https:\/\/i0.wp.com\/ismaelcolosi.com.br\/wp-content\/uploads\/2024\/07\/1-67_2024-07-22_12-54-45_png_2024-07-22_12-54-45.webp.webp?fit=1200%2C800&ssl=1&resize=350%2C200 1x, https:\/\/i0.wp.com\/ismaelcolosi.com.br\/wp-content\/uploads\/2024\/07\/1-67_2024-07-22_12-54-45_png_2024-07-22_12-54-45.webp.webp?fit=1200%2C800&ssl=1&resize=525%2C300 1.5x, https:\/\/i0.wp.com\/ismaelcolosi.com.br\/wp-content\/uploads\/2024\/07\/1-67_2024-07-22_12-54-45_png_2024-07-22_12-54-45.webp.webp?fit=1200%2C800&ssl=1&resize=700%2C400 2x, https:\/\/i0.wp.com\/ismaelcolosi.com.br\/wp-content\/uploads\/2024\/07\/1-67_2024-07-22_12-54-45_png_2024-07-22_12-54-45.webp.webp?fit=1200%2C800&ssl=1&resize=1050%2C600 3x"},"classes":[]},{"id":60366,"url":"https:\/\/ismaelcolosi.com.br\/index.php\/2024\/08\/15\/sisprime-do-brasil-e-referencia-em-satisfacao-do-cooperado\/","url_meta":{"origin":54505,"position":1},"title":"Sisprime do Brasil \u00e9 refer\u00eancia em satisfa\u00e7\u00e3o do cooperado","author":"ismaelcolosi.com.br","date":"15 de August de 2024","format":false,"excerpt":"Em um mundo cada vez mais din\u00e2mico, o suporte na tomada de decis\u00f5es financeiras \u00e9 crucial para garantir acertos e potencializar resultados. A Sisprime do Brasil, maior cooperativa de cr\u00e9dito independente do pa\u00eds, destaca-se pelo compromisso com o atendimento personalizado, refletindo seu prop\u00f3sito de melhorar a vida financeira das pessoas.\u2026","rel":"","context":"In &quot;Not\u00edcias de Ribeir\u00e3o Preto-SP e Regi\u00e3o&quot;","block_context":{"text":"Not\u00edcias de Ribeir\u00e3o Preto-SP e Regi\u00e3o","link":"https:\/\/ismaelcolosi.com.br\/index.php\/category\/noticias-de-ribeirao-preto-sp-e-regiao-ismael-colosi\/"},"img":{"alt_text":"","src":"https:\/\/i0.wp.com\/ismaelcolosi.com.br\/wp-content\/uploads\/2024\/08\/Banner_1200x800px_2024-08-15_17-50-39_png_2024-08-15_17-50-39.webp.webp?fit=1200%2C800&ssl=1&resize=350%2C200","width":350,"height":200,"srcset":"https:\/\/i0.wp.com\/ismaelcolosi.com.br\/wp-content\/uploads\/2024\/08\/Banner_1200x800px_2024-08-15_17-50-39_png_2024-08-15_17-50-39.webp.webp?fit=1200%2C800&ssl=1&resize=350%2C200 1x, https:\/\/i0.wp.com\/ismaelcolosi.com.br\/wp-content\/uploads\/2024\/08\/Banner_1200x800px_2024-08-15_17-50-39_png_2024-08-15_17-50-39.webp.webp?fit=1200%2C800&ssl=1&resize=525%2C300 1.5x, https:\/\/i0.wp.com\/ismaelcolosi.com.br\/wp-content\/uploads\/2024\/08\/Banner_1200x800px_2024-08-15_17-50-39_png_2024-08-15_17-50-39.webp.webp?fit=1200%2C800&ssl=1&resize=700%2C400 2x, https:\/\/i0.wp.com\/ismaelcolosi.com.br\/wp-content\/uploads\/2024\/08\/Banner_1200x800px_2024-08-15_17-50-39_png_2024-08-15_17-50-39.webp.webp?fit=1200%2C800&ssl=1&resize=1050%2C600 3x"},"classes":[]},{"id":47997,"url":"https:\/\/ismaelcolosi.com.br\/index.php\/2024\/04\/30\/sisprime-do-brasil-mantem-crescimento-no-primeiro-trimestre\/","url_meta":{"origin":54505,"position":2},"title":"Sisprime do Brasil mant\u00e9m crescimento no primeiro trimestre","author":"ismaelcolosi.com.br","date":"30 de April de 2024","format":false,"excerpt":"A Sisprime do Brasil iniciou o ano de 2024 a todo vapor ap\u00f3s celebrar o excelente resultado obtido no exerc\u00edcio de 2023, quando atingiu a marca de R$ 253 milh\u00f5es em Sobras. Neste ano, vem mantendo o ritmo de crescimento, ao fechar o primeiro trimestre com resultados acima da meta\u2026","rel":"","context":"In &quot;Not\u00edcias de Ribeir\u00e3o Preto-SP e Regi\u00e3o&quot;","block_context":{"text":"Not\u00edcias de Ribeir\u00e3o Preto-SP e Regi\u00e3o","link":"https:\/\/ismaelcolosi.com.br\/index.php\/category\/noticias-de-ribeirao-preto-sp-e-regiao-ismael-colosi\/"},"img":{"alt_text":"","src":"https:\/\/i0.wp.com\/ismaelcolosi.com.br\/wp-content\/uploads\/2024\/04\/Design-sem-nome_2024-04-30_12-29-32_png.webp.webp?fit=1200%2C800&ssl=1&resize=350%2C200","width":350,"height":200,"srcset":"https:\/\/i0.wp.com\/ismaelcolosi.com.br\/wp-content\/uploads\/2024\/04\/Design-sem-nome_2024-04-30_12-29-32_png.webp.webp?fit=1200%2C800&ssl=1&resize=350%2C200 1x, https:\/\/i0.wp.com\/ismaelcolosi.com.br\/wp-content\/uploads\/2024\/04\/Design-sem-nome_2024-04-30_12-29-32_png.webp.webp?fit=1200%2C800&ssl=1&resize=525%2C300 1.5x, https:\/\/i0.wp.com\/ismaelcolosi.com.br\/wp-content\/uploads\/2024\/04\/Design-sem-nome_2024-04-30_12-29-32_png.webp.webp?fit=1200%2C800&ssl=1&resize=700%2C400 2x, https:\/\/i0.wp.com\/ismaelcolosi.com.br\/wp-content\/uploads\/2024\/04\/Design-sem-nome_2024-04-30_12-29-32_png.webp.webp?fit=1200%2C800&ssl=1&resize=1050%2C600 3x"},"classes":[]},{"id":79079,"url":"https:\/\/ismaelcolosi.com.br\/index.php\/2024\/12\/12\/vendas-de-imoveis-crescem-197-no-brasil-de-janeiro-a-setembro-impulsionadas-por-juros-menores\/","url_meta":{"origin":54505,"position":3},"title":"Vendas de Im\u00f3veis Crescem 19,7% no Brasil de Janeiro a Setembro, Impulsionadas por Juros Menores","author":"ismaelcolosi.com.br","date":"12 de December de 2024","format":false,"excerpt":"As vendas de im\u00f3veis no Brasil cresceram 19,7% de janeiro a setembro de 2024 em compara\u00e7\u00e3o com o mesmo per\u00edodo de 2023, segundo dados divulgados pela Associa\u00e7\u00e3o Brasileira de Incorporadoras Imobili\u00e1rias (Abrainc). O setor vem colhendo os frutos da retomada econ\u00f4mica e de ajustes no cen\u00e1rio de cr\u00e9dito, que tornaram\u2026","rel":"","context":"In &quot;Not\u00edcias de Ribeir\u00e3o Preto-SP e Regi\u00e3o&quot;","block_context":{"text":"Not\u00edcias de Ribeir\u00e3o Preto-SP e Regi\u00e3o","link":"https:\/\/ismaelcolosi.com.br\/index.php\/category\/noticias-de-ribeirao-preto-sp-e-regiao-ismael-colosi\/"},"img":{"alt_text":"","src":"https:\/\/i0.wp.com\/ismaelcolosi.com.br\/wp-content\/uploads\/2024\/12\/obras_construcao_noreste_mcajr_abr2807221060.webp.webp?fit=1170%2C700&ssl=1&resize=350%2C200","width":350,"height":200,"srcset":"https:\/\/i0.wp.com\/ismaelcolosi.com.br\/wp-content\/uploads\/2024\/12\/obras_construcao_noreste_mcajr_abr2807221060.webp.webp?fit=1170%2C700&ssl=1&resize=350%2C200 1x, https:\/\/i0.wp.com\/ismaelcolosi.com.br\/wp-content\/uploads\/2024\/12\/obras_construcao_noreste_mcajr_abr2807221060.webp.webp?fit=1170%2C700&ssl=1&resize=525%2C300 1.5x, https:\/\/i0.wp.com\/ismaelcolosi.com.br\/wp-content\/uploads\/2024\/12\/obras_construcao_noreste_mcajr_abr2807221060.webp.webp?fit=1170%2C700&ssl=1&resize=700%2C400 2x, https:\/\/i0.wp.com\/ismaelcolosi.com.br\/wp-content\/uploads\/2024\/12\/obras_construcao_noreste_mcajr_abr2807221060.webp.webp?fit=1170%2C700&ssl=1&resize=1050%2C600 3x"},"classes":[]},{"id":20735,"url":"https:\/\/ismaelcolosi.com.br\/index.php\/2023\/12\/26\/mercado-financeiro-reduz-previsao-para-inflacao\/","url_meta":{"origin":54505,"position":4},"title":"Mercado financeiro reduz previs\u00e3o para infla\u00e7\u00e3o","author":"ismaelcolosi.com.br","date":"26 de December de 2023","format":false,"excerpt":"O mercado financeiro reduziu pela terceira semana consecutiva a previs\u00e3o para o \u00cdndice Nacional de Pre\u00e7os ao Consumidor Amplo (IPCA), considerado a infla\u00e7\u00e3o oficial do pa\u00eds. De acordo com o Boletim Focus divulgado nesta ter\u00e7a-feira (26), o ano fechar\u00e1 com uma infla\u00e7\u00e3o de 4,46%. H\u00e1 uma semana ele estava em\u2026","rel":"","context":"In &quot;Not\u00edcias de Ribeir\u00e3o Preto-SP e Regi\u00e3o&quot;","block_context":{"text":"Not\u00edcias de Ribeir\u00e3o Preto-SP e Regi\u00e3o","link":"https:\/\/ismaelcolosi.com.br\/index.php\/category\/noticias-de-ribeirao-preto-sp-e-regiao-ismael-colosi\/"},"img":{"alt_text":"","src":"https:\/\/i0.wp.com\/ismaelcolosi.com.br\/wp-content\/uploads\/2023\/12\/33535ba7-6419-40e6-bf2b-aa8bc2a4889d-scaled.jpg?fit=1000%2C598&ssl=1&resize=350%2C200","width":350,"height":200,"srcset":"https:\/\/i0.wp.com\/ismaelcolosi.com.br\/wp-content\/uploads\/2023\/12\/33535ba7-6419-40e6-bf2b-aa8bc2a4889d-scaled.jpg?fit=1000%2C598&ssl=1&resize=350%2C200 1x, https:\/\/i0.wp.com\/ismaelcolosi.com.br\/wp-content\/uploads\/2023\/12\/33535ba7-6419-40e6-bf2b-aa8bc2a4889d-scaled.jpg?fit=1000%2C598&ssl=1&resize=525%2C300 1.5x, https:\/\/i0.wp.com\/ismaelcolosi.com.br\/wp-content\/uploads\/2023\/12\/33535ba7-6419-40e6-bf2b-aa8bc2a4889d-scaled.jpg?fit=1000%2C598&ssl=1&resize=700%2C400 2x"},"classes":[]},{"id":25114,"url":"https:\/\/ismaelcolosi.com.br\/index.php\/2024\/01\/05\/portabilidade-da-divida-do-cartao-trara-maior-controle-ao-consumidor\/","url_meta":{"origin":54505,"position":5},"title":"Portabilidade da d\u00edvida do cart\u00e3o trar\u00e1 maior controle ao consumidor\u00a0","author":"ismaelcolosi.com.br","date":"5 de January de 2024","format":false,"excerpt":"Regulamentada junto com o teto dos juros para o rotativo, a portabilidade do saldo devedor do cart\u00e3o de cr\u00e9dito trar\u00e1 maior controle ao consumidor. Os especialistas, no entanto, recomendam comparar as propostas entre as institui\u00e7\u00f5es financeiras, antes de negociar condi\u00e7\u00f5es mais favor\u00e1veis.\u00a0Diferentemente do limite das taxas do rotativo, que entrou\u2026","rel":"","context":"In &quot;Not\u00edcias de Ribeir\u00e3o Preto-SP e Regi\u00e3o&quot;","block_context":{"text":"Not\u00edcias de Ribeir\u00e3o Preto-SP e Regi\u00e3o","link":"https:\/\/ismaelcolosi.com.br\/index.php\/category\/noticias-de-ribeirao-preto-sp-e-regiao-ismael-colosi\/"},"img":{"alt_text":"","src":"https:\/\/i0.wp.com\/ismaelcolosi.com.br\/wp-content\/uploads\/2024\/01\/WhatsAppImage2024-01-04at09.55.011.jpeg?fit=900%2C600&ssl=1&resize=350%2C200","width":350,"height":200,"srcset":"https:\/\/i0.wp.com\/ismaelcolosi.com.br\/wp-content\/uploads\/2024\/01\/WhatsAppImage2024-01-04at09.55.011.jpeg?fit=900%2C600&ssl=1&resize=350%2C200 1x, https:\/\/i0.wp.com\/ismaelcolosi.com.br\/wp-content\/uploads\/2024\/01\/WhatsAppImage2024-01-04at09.55.011.jpeg?fit=900%2C600&ssl=1&resize=525%2C300 1.5x, https:\/\/i0.wp.com\/ismaelcolosi.com.br\/wp-content\/uploads\/2024\/01\/WhatsAppImage2024-01-04at09.55.011.jpeg?fit=900%2C600&ssl=1&resize=700%2C400 2x"},"classes":[]}],"jetpack_sharing_enabled":true,"jetpack_shortlink":"https:\/\/wp.me\/pfMlyK-eb7","_links":{"self":[{"href":"https:\/\/ismaelcolosi.com.br\/index.php\/wp-json\/wp\/v2\/posts\/54505","targetHints":{"allow":["GET"]}}],"collection":[{"href":"https:\/\/ismaelcolosi.com.br\/index.php\/wp-json\/wp\/v2\/posts"}],"about":[{"href":"https:\/\/ismaelcolosi.com.br\/index.php\/wp-json\/wp\/v2\/types\/post"}],"author":[{"embeddable":true,"href":"https:\/\/ismaelcolosi.com.br\/index.php\/wp-json\/wp\/v2\/users\/1"}],"replies":[{"embeddable":true,"href":"https:\/\/ismaelcolosi.com.br\/index.php\/wp-json\/wp\/v2\/comments?post=54505"}],"version-history":[{"count":0,"href":"https:\/\/ismaelcolosi.com.br\/index.php\/wp-json\/wp\/v2\/posts\/54505\/revisions"}],"wp:featuredmedia":[{"embeddable":true,"href":"https:\/\/ismaelcolosi.com.br\/index.php\/wp-json\/wp\/v2\/media\/54506"}],"wp:attachment":[{"href":"https:\/\/ismaelcolosi.com.br\/index.php\/wp-json\/wp\/v2\/media?parent=54505"}],"wp:term":[{"taxonomy":"category","embeddable":true,"href":"https:\/\/ismaelcolosi.com.br\/index.php\/wp-json\/wp\/v2\/categories?post=54505"},{"taxonomy":"post_tag","embeddable":true,"href":"https:\/\/ismaelcolosi.com.br\/index.php\/wp-json\/wp\/v2\/tags?post=54505"}],"curies":[{"name":"wp","href":"https:\/\/api.w.org\/{rel}","templated":true}]}}