{"id":54503,"date":"2024-06-25T18:19:23","date_gmt":"2024-06-25T21:19:23","guid":{"rendered":"https:\/\/ismaelcolosi.com.br\/index.php\/2024\/06\/25\/empresario-e-preso-acusado-de-agredir-e-ameacar-a-mulher-na-regiao-de-ribeirao-preto\/"},"modified":"2024-06-25T18:19:23","modified_gmt":"2024-06-25T21:19:23","slug":"empresario-e-preso-acusado-de-agredir-e-ameacar-a-mulher-na-regiao-de-ribeirao-preto","status":"publish","type":"post","link":"https:\/\/ismaelcolosi.com.br\/index.php\/2024\/06\/25\/empresario-e-preso-acusado-de-agredir-e-ameacar-a-mulher-na-regiao-de-ribeirao-preto\/","title":{"rendered":"Empres\u00e1rio \u00e9 preso acusado de agredir e amea\u00e7ar a mulher na regi\u00e3o de Ribeir\u00e3o Preto"},"content":{"rendered":"<p> <br \/>\n<\/p>\n<div>\n<p>Um <strong>empres\u00e1rio<\/strong>, de 43 anos, foi preso ap\u00f3s ser <strong>denunciado por viol\u00eancia dom\u00e9stica<\/strong> na noite desta segunda-feira (24), em <strong>Monte Alto<\/strong>, cidade na regi\u00e3o de <strong>Ribeir\u00e3o Preto<\/strong>.<\/p>\n<p>De acordo com o <strong>boletim de ocorr\u00eancia (BO)<\/strong>, equipes da <strong>Pol\u00edcia Militar (PM)<\/strong> foram acionadas pela esposa do acusado, ap\u00f3s uma discuss\u00e3o entre o casal. Chegando ao local, o port\u00e3o da resid\u00eancia estava aberto e os policiais fizeram contato com os moradores.<\/p>\n<p>Com a chegada das viaturas, <mark style=\"background-color:#fcb900\" class=\"has-inline-color\">a <strong>mulher, de 40 anos, saiu correndo de dentro do im\u00f3vel<\/strong>, pedindo ajuda aos agentes. Segundo o registro, <strong>ela estava com parte das roupas rasgadas e um corte no l\u00e1bio<\/strong>.<\/mark><\/p>\n<p>A v\u00edtima disse \u00e0 pol\u00edcia que era casada com o homem h\u00e1 quatro anos, e que durante uma discuss\u00e3o, <strong>o marido teria a agredido com pux\u00f5es e um soco no rosto.<\/strong> Al\u00e9m disso, consta no <strong>BO <\/strong>que a mulher informou ter <strong>sofrido amea\u00e7as de morte.<\/strong><\/p>\n<p>Ap\u00f3s a den\u00fancia, os policiais entraram na resid\u00eancia e realizaram a abordagem do empres\u00e1rio. Ele disse que durante a discuss\u00e3o a mulher teria partido para cima dele e que o mesmo a segurou, momento em que ela se lesionou por conta pr\u00f3pria.<\/p>\n<p>Ao questionarem novamente a mulher, ela informou que temia o marido, pois o mesmo possu\u00eda uma <strong>arma de fogo na resid\u00eancia<\/strong> e que o objeto estava em cima de um arm\u00e1rio da cozinha.<\/p>\n<p>Os policiais militares inspecionaram o im\u00f3vel e localizaram uma <strong>espingarda calibre ponto 28<\/strong>, <strong>oito muni\u00e7\u00f5es<\/strong> e <strong>outras 12 muni\u00e7\u00f5es calibre ponto 38<\/strong>. <mark style=\"background-color:#fcb900\" class=\"has-inline-color\">Questionado, o homem afirmou que a arma era de sua propriedade e que o mesmo possu\u00eda outra em seu carro.<\/mark> No ve\u00edculo foi localizada uma <strong>espingarda calibre ponto 38<\/strong>. <\/p>\n<p>O homem foi conduzido at\u00e9 a <strong>Delegacia de Jaboticabal<\/strong>, onde foi feita a apreens\u00e3o das armas e muni\u00e7\u00f5es, al\u00e9m de sua <strong>pris\u00e3o em flagrante<\/strong>.<\/p>\n<p>A<strong> <\/strong>ocorr\u00eancia foi registrada como <strong>les\u00e3o corporal<\/strong>, <strong>viol\u00eancia dom\u00e9stica<\/strong> e <strong>posse irregular de arma de fogo<\/strong>.<\/p>\n<hr class=\"wp-block-separator has-alpha-channel-opacity\"\/>\n<p>SAIBA MAIS<\/p>\n<p>Lei sobre \u00e1gua de gra\u00e7a em bares e restaurantes de SP \u00e9 barrada por tribunal<\/p>\n<h4 class=\"wp-block-heading\"><strong>FIQUE ON<\/strong><\/h4>\n<p>Fique ligado em tudo que acontece em Ribeir\u00e3o Preto e regi\u00e3o. Siga os perfis do<strong>\u00a0acidade on\u00a0<\/strong>no<a href=\"https:\/\/www.instagram.com\/acidadeonribeirao\" target=\"_blank\" rel=\"noreferrer noopener\">\u00a0Instagram\u00a0<\/a>e no\u00a0<a href=\"https:\/\/www.facebook.com\/acidadeonribeirao\/\" target=\"_blank\" rel=\"noreferrer noopener\">Facebook<\/a>.<\/p>\n<p>Receba not\u00edcias do<strong>\u00a0acidade on<\/strong>\u00a0no WhatsApp.\u00a0<a href=\"https:\/\/chat.whatsapp.com\/CdrZ6xrf7quD44Vw3WlPuZ\" target=\"_blank\" rel=\"noreferrer noopener\">Para entrar no grupo, basta clicar aqui.<\/a><\/p>\n<p>Fa\u00e7a uma den\u00fancia ou sugira uma reportagem sobre Ribeir\u00e3o Preto e regi\u00e3o pelo WhatsApp: 16 99117 7802.<\/p>\n<p>VEJA TAMB\u00c9M<\/p>\n<p>Quando ser\u00e1 lan\u00e7ada a segunda temporada de One Piece?<\/p>\n<p><!-- AI CONTENT END 1 -->\n<\/div>\n<p><script async src=\"\/\/www.instagram.com\/embed.js\"><\/script><br \/>\n<br \/><br \/>\n<br \/><a href=\"https:\/\/www.acidadeon.com\/ribeiraopreto\/cotidiano\/empresario-e-preso-acusado-de-agredir-e-ameacar-a-mulher-na-regiao-de-ribeirao-preto\/\">Source link <\/a><\/p>\n<div class='code-block code-block-4' style='margin: 8px auto 8px 0; text-align: left; display: block; clear: both;'>\n\ud83d\udce2 Aviso Legal\n\nO site ismaelcolosi.com.br atua apenas como um canal de divulga\u00e7\u00e3o de oportunidades de emprego e n\u00e3o se responsabiliza pelo processo seletivo, contrata\u00e7\u00e3o ou qualquer outra etapa relacionada \u00e0s vagas publicadas. Todas as informa\u00e7\u00f5es s\u00e3o de responsabilidade dos anunciantes.\n\n\u26a0\ufe0f Aten\u00e7\u00e3o! Nunca pague por promessas de emprego nem compre cursos que garantam contrata\u00e7\u00e3o. Desconfie de qualquer cobran\u00e7a para participar de sele\u00e7\u00f5es.\n\n\n\n<\/div>\n<!-- CONTENT END 1 -->\n","protected":false},"excerpt":{"rendered":"<p>Um empres\u00e1rio, de 43 anos, foi preso ap\u00f3s ser denunciado por viol\u00eancia dom\u00e9stica na noite desta segunda-feira (24), em Monte Alto, cidade na regi\u00e3o de&#8230;<\/p>\n","protected":false},"author":1,"featured_media":54504,"comment_status":"open","ping_status":"open","sticky":false,"template":"","format":"standard","meta":{"_uag_custom_page_level_css":"","advanced_seo_description":"","jetpack_seo_html_title":"","jetpack_seo_noindex":false,"jetpack_post_was_ever_published":false,"_jetpack_newsletter_access":"","_jetpack_dont_email_post_to_subs":false,"_jetpack_newsletter_tier_id":0,"_jetpack_memberships_contains_paywalled_content":false,"_jetpack_memberships_contains_paid_content":false,"footnotes":"","jetpack_publicize_message":"","jetpack_publicize_feature_enabled":true,"jetpack_social_post_already_shared":true,"jetpack_social_options":{"image_generator_settings":{"template":"highway","default_image_id":0,"font":"","enabled":false},"version":2}},"categories":[11],"tags":[],"class_list":["post-54503","post","type-post","status-publish","format-standard","has-post-thumbnail","hentry","category-noticias-de-ribeirao-preto-sp-e-regiao-ismael-colosi"],"jetpack_publicize_connections":[],"jetpack_featured_media_url":"https:\/\/i0.wp.com\/ismaelcolosi.com.br\/wp-content\/uploads\/2024\/06\/WhatsApp-Image-2023-12-23-at-12.01.31.jpeg?fit=480%2C245&ssl=1","uagb_featured_image_src":{"full":["https:\/\/i0.wp.com\/ismaelcolosi.com.br\/wp-content\/uploads\/2024\/06\/WhatsApp-Image-2023-12-23-at-12.01.31.jpeg?fit=480%2C245&ssl=1",480,245,false],"thumbnail":["https:\/\/i0.wp.com\/ismaelcolosi.com.br\/wp-content\/uploads\/2024\/06\/WhatsApp-Image-2023-12-23-at-12.01.31.jpeg?resize=150%2C150&ssl=1",150,150,true],"medium":["https:\/\/i0.wp.com\/ismaelcolosi.com.br\/wp-content\/uploads\/2024\/06\/WhatsApp-Image-2023-12-23-at-12.01.31.jpeg?fit=300%2C153&ssl=1",300,153,true],"medium_large":["https:\/\/i0.wp.com\/ismaelcolosi.com.br\/wp-content\/uploads\/2024\/06\/WhatsApp-Image-2023-12-23-at-12.01.31.jpeg?fit=480%2C245&ssl=1",480,245,true],"large":["https:\/\/i0.wp.com\/ismaelcolosi.com.br\/wp-content\/uploads\/2024\/06\/WhatsApp-Image-2023-12-23-at-12.01.31.jpeg?fit=480%2C245&ssl=1",480,245,true],"1536x1536":["https:\/\/i0.wp.com\/ismaelcolosi.com.br\/wp-content\/uploads\/2024\/06\/WhatsApp-Image-2023-12-23-at-12.01.31.jpeg?fit=480%2C245&ssl=1",480,245,true],"2048x2048":["https:\/\/i0.wp.com\/ismaelcolosi.com.br\/wp-content\/uploads\/2024\/06\/WhatsApp-Image-2023-12-23-at-12.01.31.jpeg?fit=480%2C245&ssl=1",480,245,true],"really-simple-thumb":["https:\/\/i0.wp.com\/ismaelcolosi.com.br\/wp-content\/uploads\/2024\/06\/WhatsApp-Image-2023-12-23-at-12.01.31.jpeg?resize=370%2C245&ssl=1",370,245,true]},"uagb_author_info":{"display_name":"ismaelcolosi.com.br","author_link":"https:\/\/ismaelcolosi.com.br\/index.php\/author\/vidareal-online\/"},"uagb_comment_info":0,"uagb_excerpt":"Um empres\u00e1rio, de 43 anos, foi preso ap\u00f3s ser denunciado por viol\u00eancia dom\u00e9stica na noite desta segunda-feira (24), em Monte Alto, cidade na regi\u00e3o de...","jetpack-related-posts":[{"id":46242,"url":"https:\/\/ismaelcolosi.com.br\/index.php\/2024\/04\/10\/neto-e-preso-acusado-de-prender-avo-em-casa-apos-discussao-por-lanche-em-ribeirao\/","url_meta":{"origin":54503,"position":0},"title":"Neto \u00e9 preso acusado de prender av\u00f3 em casa ap\u00f3s discuss\u00e3o por lanche em Ribeir\u00e3o","author":"ismaelcolosi.com.br","date":"10 de April de 2024","format":false,"excerpt":"Um jovem de 18 anos foi preso na madrugada desta quarta-feira (10), suspeito de manter a av\u00f3 presa em um quarto de casa, no Alto do Ipiranga, zona Norte de Ribeir\u00e3o Preto. Segundo o boletim de ocorr\u00eancia (BO), a v\u00edtima, de 62 anos, foi resgatada pela PM (Pol\u00edcia Militar). Ap\u00f3s\u2026","rel":"","context":"In &quot;Not\u00edcias de Ribeir\u00e3o Preto-SP e Regi\u00e3o&quot;","block_context":{"text":"Not\u00edcias de Ribeir\u00e3o Preto-SP e Regi\u00e3o","link":"https:\/\/ismaelcolosi.com.br\/index.php\/category\/noticias-de-ribeirao-preto-sp-e-regiao-ismael-colosi\/"},"img":{"alt_text":"","src":"https:\/\/i0.wp.com\/ismaelcolosi.com.br\/wp-content\/uploads\/2024\/04\/20220620_114539075_policia_qru_1024x576_25052021184749_jpg_715985292.jpg?fit=1200%2C606&ssl=1&resize=350%2C200","width":350,"height":200,"srcset":"https:\/\/i0.wp.com\/ismaelcolosi.com.br\/wp-content\/uploads\/2024\/04\/20220620_114539075_policia_qru_1024x576_25052021184749_jpg_715985292.jpg?fit=1200%2C606&ssl=1&resize=350%2C200 1x, https:\/\/i0.wp.com\/ismaelcolosi.com.br\/wp-content\/uploads\/2024\/04\/20220620_114539075_policia_qru_1024x576_25052021184749_jpg_715985292.jpg?fit=1200%2C606&ssl=1&resize=525%2C300 1.5x, https:\/\/i0.wp.com\/ismaelcolosi.com.br\/wp-content\/uploads\/2024\/04\/20220620_114539075_policia_qru_1024x576_25052021184749_jpg_715985292.jpg?fit=1200%2C606&ssl=1&resize=700%2C400 2x, https:\/\/i0.wp.com\/ismaelcolosi.com.br\/wp-content\/uploads\/2024\/04\/20220620_114539075_policia_qru_1024x576_25052021184749_jpg_715985292.jpg?fit=1200%2C606&ssl=1&resize=1050%2C600 3x"},"classes":[]},{"id":68061,"url":"https:\/\/ismaelcolosi.com.br\/index.php\/2024\/09\/26\/juri-inocenta-acusado-de-transportar-atirador-que-matou-empresario-em-ribeirao\/","url_meta":{"origin":54503,"position":1},"title":"J\u00fari inocenta acusado de transportar atirador que matou empres\u00e1rio em Ribeir\u00e3o","author":"ismaelcolosi.com.br","date":"26 de September de 2024","format":false,"excerpt":"Foi inocentado, nesta quinta-feira (26), o homem que era suspeito de transportar o atirador que matou o empres\u00e1rio Tiago Pereira Fernandes, em Ribeir\u00e3o Preto. O crime aconteceu em mar\u00e7o de 2022, dentro de um centro comercial. O julgamento aconteceu no F\u00f3rum de Ribeir\u00e3o Preto e contou com a participa\u00e7\u00e3o de\u2026","rel":"","context":"In &quot;Not\u00edcias de Ribeir\u00e3o Preto-SP e Regi\u00e3o&quot;","block_context":{"text":"Not\u00edcias de Ribeir\u00e3o Preto-SP e Regi\u00e3o","link":"https:\/\/ismaelcolosi.com.br\/index.php\/category\/noticias-de-ribeirao-preto-sp-e-regiao-ismael-colosi\/"},"img":{"alt_text":"","src":"https:\/\/i0.wp.com\/ismaelcolosi.com.br\/wp-content\/uploads\/2024\/09\/Copia-de-Copia-de-Copia-de-TAMANHO-EXATO-PARA-FOTOS-NO-SISTEMA-NOVO-47_2024-09-26_16-06-41_png_2024-09-26_16-06-41.webp.webp?fit=1200%2C675&ssl=1&resize=350%2C200","width":350,"height":200,"srcset":"https:\/\/i0.wp.com\/ismaelcolosi.com.br\/wp-content\/uploads\/2024\/09\/Copia-de-Copia-de-Copia-de-TAMANHO-EXATO-PARA-FOTOS-NO-SISTEMA-NOVO-47_2024-09-26_16-06-41_png_2024-09-26_16-06-41.webp.webp?fit=1200%2C675&ssl=1&resize=350%2C200 1x, https:\/\/i0.wp.com\/ismaelcolosi.com.br\/wp-content\/uploads\/2024\/09\/Copia-de-Copia-de-Copia-de-TAMANHO-EXATO-PARA-FOTOS-NO-SISTEMA-NOVO-47_2024-09-26_16-06-41_png_2024-09-26_16-06-41.webp.webp?fit=1200%2C675&ssl=1&resize=525%2C300 1.5x, https:\/\/i0.wp.com\/ismaelcolosi.com.br\/wp-content\/uploads\/2024\/09\/Copia-de-Copia-de-Copia-de-TAMANHO-EXATO-PARA-FOTOS-NO-SISTEMA-NOVO-47_2024-09-26_16-06-41_png_2024-09-26_16-06-41.webp.webp?fit=1200%2C675&ssl=1&resize=700%2C400 2x, https:\/\/i0.wp.com\/ismaelcolosi.com.br\/wp-content\/uploads\/2024\/09\/Copia-de-Copia-de-Copia-de-TAMANHO-EXATO-PARA-FOTOS-NO-SISTEMA-NOVO-47_2024-09-26_16-06-41_png_2024-09-26_16-06-41.webp.webp?fit=1200%2C675&ssl=1&resize=1050%2C600 3x"},"classes":[]},{"id":37911,"url":"https:\/\/ismaelcolosi.com.br\/index.php\/2024\/02\/19\/homem-e-preso-em-ribeirao-preto-acusado-de-sequestrar-mulher-dentro-de-onibus\/","url_meta":{"origin":54503,"position":2},"title":"Homem \u00e9 preso em Ribeir\u00e3o Preto acusado de sequestrar mulher dentro de \u00f4nibus","author":"ismaelcolosi.com.br","date":"19 de February de 2024","format":false,"excerpt":"A Pol\u00edcia Militar prendeu em Ribeir\u00e3o Preto um homem de 27 anos acusado de sequestro, estupro e extors\u00e3o por uma mulher de 31 anos. A v\u00edtima e o suspeito estavam dentro de um \u00f4nibus que partiu do Rio de Janeiro, no \u00faltimo domingo (18), e que tinha como destino Goi\u00e2nia.\u2026","rel":"","context":"In &quot;Not\u00edcias de Ribeir\u00e3o Preto-SP e Regi\u00e3o&quot;","block_context":{"text":"Not\u00edcias de Ribeir\u00e3o Preto-SP e Regi\u00e3o","link":"https:\/\/ismaelcolosi.com.br\/index.php\/category\/noticias-de-ribeirao-preto-sp-e-regiao-ismael-colosi\/"},"img":{"alt_text":"","src":"https:\/\/i0.wp.com\/ismaelcolosi.com.br\/wp-content\/uploads\/2024\/02\/cpj_1024x576_04082020121137.jpg?fit=1024%2C575&ssl=1&resize=350%2C200","width":350,"height":200,"srcset":"https:\/\/i0.wp.com\/ismaelcolosi.com.br\/wp-content\/uploads\/2024\/02\/cpj_1024x576_04082020121137.jpg?fit=1024%2C575&ssl=1&resize=350%2C200 1x, https:\/\/i0.wp.com\/ismaelcolosi.com.br\/wp-content\/uploads\/2024\/02\/cpj_1024x576_04082020121137.jpg?fit=1024%2C575&ssl=1&resize=525%2C300 1.5x, https:\/\/i0.wp.com\/ismaelcolosi.com.br\/wp-content\/uploads\/2024\/02\/cpj_1024x576_04082020121137.jpg?fit=1024%2C575&ssl=1&resize=700%2C400 2x"},"classes":[]},{"id":44003,"url":"https:\/\/ismaelcolosi.com.br\/index.php\/2024\/03\/25\/homem-morre-apos-ser-esfaqueado-durante-discussao-em-ribeirao-preto\/","url_meta":{"origin":54503,"position":3},"title":"Homem morre ap\u00f3s ser esfaqueado durante discuss\u00e3o em Ribeir\u00e3o Preto","author":"ismaelcolosi.com.br","date":"25 de March de 2024","format":false,"excerpt":"Um homem de 25 anos morreu ap\u00f3s ser esfaqueado no peito durante uma discuss\u00e3o no Alto do Ipiranga, na zona Norte de Ribeir\u00e3o Preto, na madrugada do \u00faltimo s\u00e1bado (23). De acordo com o B.O. (boletim de ocorr\u00eancia), a v\u00edtima chegou a ser socorrida pelo Samu (Servi\u00e7o de Atendimento M\u00f3vel\u2026","rel":"","context":"In &quot;Not\u00edcias de Ribeir\u00e3o Preto-SP e Regi\u00e3o&quot;","block_context":{"text":"Not\u00edcias de Ribeir\u00e3o Preto-SP e Regi\u00e3o","link":"https:\/\/ismaelcolosi.com.br\/index.php\/category\/noticias-de-ribeirao-preto-sp-e-regiao-ismael-colosi\/"},"img":{"alt_text":"","src":"https:\/\/i0.wp.com\/ismaelcolosi.com.br\/wp-content\/uploads\/2024\/03\/1711372893_WhatsApp-Image-2023-12-09-at-13.55.44.jpeg?fit=1024%2C576&ssl=1&resize=350%2C200","width":350,"height":200,"srcset":"https:\/\/i0.wp.com\/ismaelcolosi.com.br\/wp-content\/uploads\/2024\/03\/1711372893_WhatsApp-Image-2023-12-09-at-13.55.44.jpeg?fit=1024%2C576&ssl=1&resize=350%2C200 1x, https:\/\/i0.wp.com\/ismaelcolosi.com.br\/wp-content\/uploads\/2024\/03\/1711372893_WhatsApp-Image-2023-12-09-at-13.55.44.jpeg?fit=1024%2C576&ssl=1&resize=525%2C300 1.5x, https:\/\/i0.wp.com\/ismaelcolosi.com.br\/wp-content\/uploads\/2024\/03\/1711372893_WhatsApp-Image-2023-12-09-at-13.55.44.jpeg?fit=1024%2C576&ssl=1&resize=700%2C400 2x"},"classes":[]},{"id":56614,"url":"https:\/\/ismaelcolosi.com.br\/index.php\/2024\/07\/12\/mulher-e-crianca-sao-baleadas-apos-discussao-na-regiao-de-ribeirao-preto\/","url_meta":{"origin":54503,"position":4},"title":"Mulher e crian\u00e7a s\u00e3o baleadas ap\u00f3s discuss\u00e3o na regi\u00e3o de Ribeir\u00e3o Preto","author":"ismaelcolosi.com.br","date":"12 de July de 2024","format":false,"excerpt":"Uma mulher e uma crian\u00e7a foram baleadas na noite desta sexta-feira (12), em Pontal, cidade na regi\u00e3o de Ribeir\u00e3o Preto. O suspeito de ter efetuado os disparos \u00e9 o marido da v\u00edtima. De acordo com a apura\u00e7\u00e3o da EPTV, que conversou com a filha da mulher, a m\u00e3e e o\u2026","rel":"","context":"In &quot;Not\u00edcias de Ribeir\u00e3o Preto-SP e Regi\u00e3o&quot;","block_context":{"text":"Not\u00edcias de Ribeir\u00e3o Preto-SP e Regi\u00e3o","link":"https:\/\/ismaelcolosi.com.br\/index.php\/category\/noticias-de-ribeirao-preto-sp-e-regiao-ismael-colosi\/"},"img":{"alt_text":"","src":"https:\/\/i0.wp.com\/ismaelcolosi.com.br\/wp-content\/uploads\/2024\/07\/sirene_giroflex_1024x576_11032021085153.jpg?fit=1024%2C576&ssl=1&resize=350%2C200","width":350,"height":200,"srcset":"https:\/\/i0.wp.com\/ismaelcolosi.com.br\/wp-content\/uploads\/2024\/07\/sirene_giroflex_1024x576_11032021085153.jpg?fit=1024%2C576&ssl=1&resize=350%2C200 1x, https:\/\/i0.wp.com\/ismaelcolosi.com.br\/wp-content\/uploads\/2024\/07\/sirene_giroflex_1024x576_11032021085153.jpg?fit=1024%2C576&ssl=1&resize=525%2C300 1.5x, https:\/\/i0.wp.com\/ismaelcolosi.com.br\/wp-content\/uploads\/2024\/07\/sirene_giroflex_1024x576_11032021085153.jpg?fit=1024%2C576&ssl=1&resize=700%2C400 2x"},"classes":[]},{"id":29449,"url":"https:\/\/ismaelcolosi.com.br\/index.php\/2024\/01\/18\/empresario-e-preso-por-dirigir-embriagado-e-discutir-com-policial-em-ribeirao\/","url_meta":{"origin":54503,"position":5},"title":"Empres\u00e1rio \u00e9 preso por dirigir embriagado e discutir com policial em Ribeir\u00e3o","author":"ismaelcolosi.com.br","date":"18 de January de 2024","format":false,"excerpt":"Um empres\u00e1rio de 44 anos foi preso na noite da \u00faltima quarta-feira (17) em Ribeir\u00e3o Preto ap\u00f3s ser flagrado dirigindo alcoolizado na avenida Presidente Castelo Branco. A abordagem da PMR (Pol\u00edcia Militar Rodovi\u00e1ria) aconteceu por volta das 23h, e o homem chegou a discutir com os agentes. Segundo o B.O.\u2026","rel":"","context":"In &quot;Not\u00edcias de Ribeir\u00e3o Preto-SP e Regi\u00e3o&quot;","block_context":{"text":"Not\u00edcias de Ribeir\u00e3o Preto-SP e Regi\u00e3o","link":"https:\/\/ismaelcolosi.com.br\/index.php\/category\/noticias-de-ribeirao-preto-sp-e-regiao-ismael-colosi\/"},"img":{"alt_text":"","src":"https:\/\/i0.wp.com\/ismaelcolosi.com.br\/wp-content\/uploads\/2024\/01\/1705589708_policia_militar_1024x576_17072021134619.jpg?fit=1024%2C576&ssl=1&resize=350%2C200","width":350,"height":200,"srcset":"https:\/\/i0.wp.com\/ismaelcolosi.com.br\/wp-content\/uploads\/2024\/01\/1705589708_policia_militar_1024x576_17072021134619.jpg?fit=1024%2C576&ssl=1&resize=350%2C200 1x, https:\/\/i0.wp.com\/ismaelcolosi.com.br\/wp-content\/uploads\/2024\/01\/1705589708_policia_militar_1024x576_17072021134619.jpg?fit=1024%2C576&ssl=1&resize=525%2C300 1.5x, https:\/\/i0.wp.com\/ismaelcolosi.com.br\/wp-content\/uploads\/2024\/01\/1705589708_policia_militar_1024x576_17072021134619.jpg?fit=1024%2C576&ssl=1&resize=700%2C400 2x"},"classes":[]}],"jetpack_sharing_enabled":true,"jetpack_shortlink":"https:\/\/wp.me\/pfMlyK-eb5","_links":{"self":[{"href":"https:\/\/ismaelcolosi.com.br\/index.php\/wp-json\/wp\/v2\/posts\/54503","targetHints":{"allow":["GET"]}}],"collection":[{"href":"https:\/\/ismaelcolosi.com.br\/index.php\/wp-json\/wp\/v2\/posts"}],"about":[{"href":"https:\/\/ismaelcolosi.com.br\/index.php\/wp-json\/wp\/v2\/types\/post"}],"author":[{"embeddable":true,"href":"https:\/\/ismaelcolosi.com.br\/index.php\/wp-json\/wp\/v2\/users\/1"}],"replies":[{"embeddable":true,"href":"https:\/\/ismaelcolosi.com.br\/index.php\/wp-json\/wp\/v2\/comments?post=54503"}],"version-history":[{"count":0,"href":"https:\/\/ismaelcolosi.com.br\/index.php\/wp-json\/wp\/v2\/posts\/54503\/revisions"}],"wp:featuredmedia":[{"embeddable":true,"href":"https:\/\/ismaelcolosi.com.br\/index.php\/wp-json\/wp\/v2\/media\/54504"}],"wp:attachment":[{"href":"https:\/\/ismaelcolosi.com.br\/index.php\/wp-json\/wp\/v2\/media?parent=54503"}],"wp:term":[{"taxonomy":"category","embeddable":true,"href":"https:\/\/ismaelcolosi.com.br\/index.php\/wp-json\/wp\/v2\/categories?post=54503"},{"taxonomy":"post_tag","embeddable":true,"href":"https:\/\/ismaelcolosi.com.br\/index.php\/wp-json\/wp\/v2\/tags?post=54503"}],"curies":[{"name":"wp","href":"https:\/\/api.w.org\/{rel}","templated":true}]}}