{"id":54499,"date":"2024-06-25T17:54:08","date_gmt":"2024-06-25T20:54:08","guid":{"rendered":"https:\/\/ismaelcolosi.com.br\/index.php\/2024\/06\/25\/lei-sobre-agua-de-graca-em-bares-e-restaurantes-de-sp-e-barrada-por-tribunal\/"},"modified":"2024-06-25T17:54:08","modified_gmt":"2024-06-25T20:54:08","slug":"lei-sobre-agua-de-graca-em-bares-e-restaurantes-de-sp-e-barrada-por-tribunal","status":"publish","type":"post","link":"https:\/\/ismaelcolosi.com.br\/index.php\/2024\/06\/25\/lei-sobre-agua-de-graca-em-bares-e-restaurantes-de-sp-e-barrada-por-tribunal\/","title":{"rendered":"Lei sobre \u00e1gua de gra\u00e7a em bares e restaurantes de SP \u00e9 barrada por tribunal"},"content":{"rendered":"<p> <br \/>\n<\/p>\n<div data-td-block-uid=\"tdi_106\">\n<div class=\"tdb-block-inner td-fix-index\">\n<p>O <strong><a href=\"https:\/\/www.tjsp.jus.br\/\" target=\"_blank\" rel=\"noreferrer noopener nofollow\">TJ-SP (Tribunal de Justi\u00e7a de S\u00e3o Paulo)<\/a><\/strong> <mark style=\"background-color:#fcb900\" class=\"has-inline-color has-black-color\">declarou inconstitucional a lei estadual 17.747\/2023, que obrigava bares e restaurantes a servirem \u00e1gua pot\u00e1vel filtrada \u00e0 vontade aos clientes<\/mark>. A decis\u00e3o foi por maioria de votos. A lei estava suspensa desde setembro do ano passado.<\/p>\n<p>A desembargadora Luciana Bresciani, relatora da a\u00e7\u00e3o, afirmou que a norma viola os princ\u00edpios da razoabilidade, livre exerc\u00edcio de atividade econ\u00f4mica e livre iniciativa, previstos na Constitui\u00e7\u00e3o Estadual, e fere valores da Constitui\u00e7\u00e3o Federal.<\/p>\n<p>\u201c<mark style=\"background-color:#fcb900\" class=\"has-inline-color has-black-color\">\u00c9 not\u00f3rio que tal imposi\u00e7\u00e3o acarreta custos para os estabelecimentos<\/mark> (na aquisi\u00e7\u00e3o da \u00e1gua propriamente dita, ainda que com custo reduzido; na compra e manuten\u00e7\u00e3o de filtros e na disponibiliza\u00e7\u00e3o e reposi\u00e7\u00e3o de jarras e copos)\u201d, escreveu a magistrada.<\/p>\n<p>\u201cPortanto, trata-se de um encargo imposto pelo Estado a estabelecimentos privados, sem qualquer contrapresta\u00e7\u00e3o, agravada pela possibilidade de redu\u00e7\u00e3o de parte substancial de suas receitas\u201d, concluiu.<\/p>\n<p>SAIBA MAIS<br \/>Veja como est\u00e1 a situa\u00e7\u00e3o da poss\u00edvel venda da Recreativa de Ribeir\u00e3o Preto para o Sesc<\/p>\n<h4 class=\"wp-block-heading\"><strong>FIQUE ON<\/strong><\/h4>\n<p>Fique ligado em tudo que acontece em Ribeir\u00e3o Preto e regi\u00e3o. Siga os perfis do<strong> acidade on <\/strong>no<a href=\"https:\/\/www.instagram.com\/acidadeonribeirao\" target=\"_blank\" rel=\"noreferrer noopener nofollow\"> Instagram <\/a>e no <a href=\"https:\/\/www.facebook.com\/acidadeonribeirao\/\" target=\"_blank\" rel=\"noreferrer noopener nofollow\">Facebook<\/a>.<\/p>\n<p>Receba not\u00edcias do<strong> acidade on<\/strong> no WhatsApp. <a href=\"https:\/\/chat.whatsapp.com\/CdrZ6xrf7quD44Vw3WlPuZ\" target=\"_blank\" rel=\"noreferrer noopener nofollow\">Para entrar no grupo, basta clicar aqui.<\/a><\/p>\n<p>Fa\u00e7a uma den\u00fancia ou sugira uma reportagem sobre Ribeir\u00e3o Preto e regi\u00e3o pelo WhatsApp: 16 99117 7802.<\/p>\n<p>VEJA TAMB\u00c9M<br \/>Como ganhar garrafa da Stanley no Burger King?<\/p>\n<p><!-- AI CONTENT END 1 -->\n<\/div>\n<\/div>\n<p><script async src=\"\/\/www.instagram.com\/embed.js\"><\/script><br \/>\n<br \/><br \/>\n<br \/><a href=\"https:\/\/www.acidadeon.com\/ribeiraopreto\/politica\/lei-sobre-agua-de-graca-em-bares-e-restaurantes-de-sp-e-barrada-por-tribunal\/\">Source link <\/a><\/p>\n<div class='code-block code-block-4' style='margin: 8px auto 8px 0; text-align: left; display: block; clear: both;'>\n\ud83d\udce2 Aviso Legal\n\nO site ismaelcolosi.com.br atua apenas como um canal de divulga\u00e7\u00e3o de oportunidades de emprego e n\u00e3o se responsabiliza pelo processo seletivo, contrata\u00e7\u00e3o ou qualquer outra etapa relacionada \u00e0s vagas publicadas. Todas as informa\u00e7\u00f5es s\u00e3o de responsabilidade dos anunciantes.\n\n\u26a0\ufe0f Aten\u00e7\u00e3o! Nunca pague por promessas de emprego nem compre cursos que garantam contrata\u00e7\u00e3o. Desconfie de qualquer cobran\u00e7a para participar de sele\u00e7\u00f5es.\n\n\n\n<\/div>\n<!-- CONTENT END 1 -->\n","protected":false},"excerpt":{"rendered":"<p>O TJ-SP (Tribunal de Justi\u00e7a de S\u00e3o Paulo) declarou inconstitucional a lei estadual 17.747\/2023, que obrigava bares e restaurantes a servirem \u00e1gua pot\u00e1vel filtrada \u00e0&#8230;<\/p>\n","protected":false},"author":1,"featured_media":54500,"comment_status":"open","ping_status":"open","sticky":false,"template":"","format":"standard","meta":{"_uag_custom_page_level_css":"","advanced_seo_description":"","jetpack_seo_html_title":"","jetpack_seo_noindex":false,"jetpack_post_was_ever_published":false,"_jetpack_newsletter_access":"","_jetpack_dont_email_post_to_subs":false,"_jetpack_newsletter_tier_id":0,"_jetpack_memberships_contains_paywalled_content":false,"_jetpack_memberships_contains_paid_content":false,"footnotes":"","jetpack_publicize_message":"","jetpack_publicize_feature_enabled":true,"jetpack_social_post_already_shared":true,"jetpack_social_options":{"image_generator_settings":{"template":"highway","default_image_id":0,"font":"","enabled":false},"version":2}},"categories":[11],"tags":[],"class_list":["post-54499","post","type-post","status-publish","format-standard","has-post-thumbnail","hentry","category-noticias-de-ribeirao-preto-sp-e-regiao-ismael-colosi"],"jetpack_publicize_connections":[],"jetpack_featured_media_url":"https:\/\/i0.wp.com\/ismaelcolosi.com.br\/wp-content\/uploads\/2024\/06\/AnyConv.com__agua-bar_2024-06-25_20-10-11.webp.webp?fit=2000%2C1333&ssl=1","uagb_featured_image_src":{"full":["https:\/\/i0.wp.com\/ismaelcolosi.com.br\/wp-content\/uploads\/2024\/06\/AnyConv.com__agua-bar_2024-06-25_20-10-11.webp.webp?fit=2000%2C1333&ssl=1",2000,1333,false],"thumbnail":["https:\/\/i0.wp.com\/ismaelcolosi.com.br\/wp-content\/uploads\/2024\/06\/AnyConv.com__agua-bar_2024-06-25_20-10-11.webp.webp?resize=150%2C150&ssl=1",150,150,true],"medium":["https:\/\/i0.wp.com\/ismaelcolosi.com.br\/wp-content\/uploads\/2024\/06\/AnyConv.com__agua-bar_2024-06-25_20-10-11.webp.webp?fit=300%2C200&ssl=1",300,200,true],"medium_large":["https:\/\/i0.wp.com\/ismaelcolosi.com.br\/wp-content\/uploads\/2024\/06\/AnyConv.com__agua-bar_2024-06-25_20-10-11.webp.webp?fit=768%2C512&ssl=1",768,512,true],"large":["https:\/\/i0.wp.com\/ismaelcolosi.com.br\/wp-content\/uploads\/2024\/06\/AnyConv.com__agua-bar_2024-06-25_20-10-11.webp.webp?fit=1024%2C682&ssl=1",1024,682,true],"1536x1536":["https:\/\/i0.wp.com\/ismaelcolosi.com.br\/wp-content\/uploads\/2024\/06\/AnyConv.com__agua-bar_2024-06-25_20-10-11.webp.webp?fit=1536%2C1024&ssl=1",1536,1024,true],"2048x2048":["https:\/\/i0.wp.com\/ismaelcolosi.com.br\/wp-content\/uploads\/2024\/06\/AnyConv.com__agua-bar_2024-06-25_20-10-11.webp.webp?fit=2000%2C1333&ssl=1",2000,1333,true],"really-simple-thumb":["https:\/\/i0.wp.com\/ismaelcolosi.com.br\/wp-content\/uploads\/2024\/06\/AnyConv.com__agua-bar_2024-06-25_20-10-11.webp.webp?resize=370%2C247&ssl=1",370,247,true]},"uagb_author_info":{"display_name":"ismaelcolosi.com.br","author_link":"https:\/\/ismaelcolosi.com.br\/index.php\/author\/vidareal-online\/"},"uagb_comment_info":0,"uagb_excerpt":"O TJ-SP (Tribunal de Justi\u00e7a de S\u00e3o Paulo) declarou inconstitucional a lei estadual 17.747\/2023, que obrigava bares e restaurantes a servirem \u00e1gua pot\u00e1vel filtrada \u00e0...","jetpack-related-posts":[{"id":69264,"url":"https:\/\/ismaelcolosi.com.br\/index.php\/2024\/10\/04\/vai-ter-lei-seca-nas-eleicoes-2024-em-sp-veja-o-que-diz-a-justica-eleitoral\/","url_meta":{"origin":54499,"position":0},"title":"Vai ter Lei Seca nas elei\u00e7\u00f5es 2024 em SP? Veja o que diz a Justi\u00e7a Eleitoral","author":"ismaelcolosi.com.br","date":"4 de October de 2024","format":false,"excerpt":"O TRE-SP (Tribunal Regional Eleitoral de S\u00e3o Paulo) informou que n\u00e3o h\u00e1 determina\u00e7\u00e3o de Lei Seca para o Estado de S\u00e3o Paulo nas elei\u00e7\u00f5es de 2024. A \u00faltima edi\u00e7\u00e3o da Lei Seca em S\u00e3o Paulo foi em 2006. Pelo Brasil, pelo menos, nove estados brasileiros proibir\u00e3o a venda de bebidas\u2026","rel":"","context":"In &quot;Not\u00edcias de Ribeir\u00e3o Preto-SP e Regi\u00e3o&quot;","block_context":{"text":"Not\u00edcias de Ribeir\u00e3o Preto-SP e Regi\u00e3o","link":"https:\/\/ismaelcolosi.com.br\/index.php\/category\/noticias-de-ribeirao-preto-sp-e-regiao-ismael-colosi\/"},"img":{"alt_text":"","src":"https:\/\/i0.wp.com\/ismaelcolosi.com.br\/wp-content\/uploads\/2024\/10\/beer-g3c0adcd87_1920.jpg?fit=1200%2C800&ssl=1&resize=350%2C200","width":350,"height":200,"srcset":"https:\/\/i0.wp.com\/ismaelcolosi.com.br\/wp-content\/uploads\/2024\/10\/beer-g3c0adcd87_1920.jpg?fit=1200%2C800&ssl=1&resize=350%2C200 1x, https:\/\/i0.wp.com\/ismaelcolosi.com.br\/wp-content\/uploads\/2024\/10\/beer-g3c0adcd87_1920.jpg?fit=1200%2C800&ssl=1&resize=525%2C300 1.5x, https:\/\/i0.wp.com\/ismaelcolosi.com.br\/wp-content\/uploads\/2024\/10\/beer-g3c0adcd87_1920.jpg?fit=1200%2C800&ssl=1&resize=700%2C400 2x, https:\/\/i0.wp.com\/ismaelcolosi.com.br\/wp-content\/uploads\/2024\/10\/beer-g3c0adcd87_1920.jpg?fit=1200%2C800&ssl=1&resize=1050%2C600 3x"},"classes":[]},{"id":52056,"url":"https:\/\/ismaelcolosi.com.br\/index.php\/2024\/06\/03\/stf-mantem-suspensao-da-lei-de-ribeirao-preto-que-beneficia-clubes-de-tiro\/","url_meta":{"origin":54499,"position":1},"title":"STF mant\u00e9m suspens\u00e3o da lei de Ribeir\u00e3o Preto que beneficia clubes de tiro","author":"ismaelcolosi.com.br","date":"3 de June de 2024","format":false,"excerpt":"O Supremo Tribunal Federal (STF) manteve a suspens\u00e3o da lei de Ribeir\u00e3o Preto que d\u00e1 liberdade para os clubes de tiro escolherem o hor\u00e1rio e local de funcionamento. A liminar foi concedida pelo ministro a partir de uma a\u00e7\u00e3o movida pelo Partido dos Trabalhadores (PT). Por unanimidade, o colegiado aceitou\u2026","rel":"","context":"In &quot;Not\u00edcias de Ribeir\u00e3o Preto-SP e Regi\u00e3o&quot;","block_context":{"text":"Not\u00edcias de Ribeir\u00e3o Preto-SP e Regi\u00e3o","link":"https:\/\/ismaelcolosi.com.br\/index.php\/category\/noticias-de-ribeirao-preto-sp-e-regiao-ismael-colosi\/"},"img":{"alt_text":"","src":"https:\/\/i0.wp.com\/ismaelcolosi.com.br\/wp-content\/uploads\/2024\/06\/shallow-focus-shot-from-male-shooting-gun-gun-range-2_2024-06-03_20-35-08_jpg_2024-06-03_20-35-11-scaled.webp.webp?fit=1200%2C801&ssl=1&resize=350%2C200","width":350,"height":200,"srcset":"https:\/\/i0.wp.com\/ismaelcolosi.com.br\/wp-content\/uploads\/2024\/06\/shallow-focus-shot-from-male-shooting-gun-gun-range-2_2024-06-03_20-35-08_jpg_2024-06-03_20-35-11-scaled.webp.webp?fit=1200%2C801&ssl=1&resize=350%2C200 1x, https:\/\/i0.wp.com\/ismaelcolosi.com.br\/wp-content\/uploads\/2024\/06\/shallow-focus-shot-from-male-shooting-gun-gun-range-2_2024-06-03_20-35-08_jpg_2024-06-03_20-35-11-scaled.webp.webp?fit=1200%2C801&ssl=1&resize=525%2C300 1.5x, https:\/\/i0.wp.com\/ismaelcolosi.com.br\/wp-content\/uploads\/2024\/06\/shallow-focus-shot-from-male-shooting-gun-gun-range-2_2024-06-03_20-35-08_jpg_2024-06-03_20-35-11-scaled.webp.webp?fit=1200%2C801&ssl=1&resize=700%2C400 2x, https:\/\/i0.wp.com\/ismaelcolosi.com.br\/wp-content\/uploads\/2024\/06\/shallow-focus-shot-from-male-shooting-gun-gun-range-2_2024-06-03_20-35-08_jpg_2024-06-03_20-35-11-scaled.webp.webp?fit=1200%2C801&ssl=1&resize=1050%2C600 3x"},"classes":[]},{"id":13429,"url":"https:\/\/ismaelcolosi.com.br\/index.php\/2023\/12\/10\/stf-nega-indenizacao-para-bares-e-restaurantes-de-ribeirao-fechados-na-pandemia\/","url_meta":{"origin":54499,"position":2},"title":"STF nega indeniza\u00e7\u00e3o para bares e restaurantes de Ribeir\u00e3o fechados na pandemia","author":"ismaelcolosi.com.br","date":"10 de December de 2023","format":false,"excerpt":"O ministro Andr\u00e9 Mendon\u00e7a, do STF (Supremo Tribunal Federal), negou um pedido da Abrasel (Associa\u00e7\u00e3o Brasileira de Bares e Restaurantes) para que o Governo de S\u00e3o Paulo e a Prefeitura de Ribeir\u00e3o Preto paguem uma indeniza\u00e7\u00e3o aos estabelecimentos por conta do fechamento durante a pandemia da covid-19. Na decis\u00e3o, publicada\u2026","rel":"","context":"In &quot;Not\u00edcias de Ribeir\u00e3o Preto-SP e Regi\u00e3o&quot;","block_context":{"text":"Not\u00edcias de Ribeir\u00e3o Preto-SP e Regi\u00e3o","link":"https:\/\/ismaelcolosi.com.br\/index.php\/category\/noticias-de-ribeirao-preto-sp-e-regiao-ismael-colosi\/"},"img":{"alt_text":"","src":"https:\/\/i0.wp.com\/ismaelcolosi.com.br\/wp-content\/uploads\/2023\/12\/restaurante.jpg?fit=1200%2C800&ssl=1&resize=350%2C200","width":350,"height":200,"srcset":"https:\/\/i0.wp.com\/ismaelcolosi.com.br\/wp-content\/uploads\/2023\/12\/restaurante.jpg?fit=1200%2C800&ssl=1&resize=350%2C200 1x, https:\/\/i0.wp.com\/ismaelcolosi.com.br\/wp-content\/uploads\/2023\/12\/restaurante.jpg?fit=1200%2C800&ssl=1&resize=525%2C300 1.5x, https:\/\/i0.wp.com\/ismaelcolosi.com.br\/wp-content\/uploads\/2023\/12\/restaurante.jpg?fit=1200%2C800&ssl=1&resize=700%2C400 2x, https:\/\/i0.wp.com\/ismaelcolosi.com.br\/wp-content\/uploads\/2023\/12\/restaurante.jpg?fit=1200%2C800&ssl=1&resize=1050%2C600 3x"},"classes":[]},{"id":43779,"url":"https:\/\/ismaelcolosi.com.br\/index.php\/2024\/03\/23\/os-equivocos-do-caso-robinho\/","url_meta":{"origin":54499,"position":3},"title":"Os equ\u00edvocos do caso Robinho\u00a0","author":"ismaelcolosi.com.br","date":"23 de March de 2024","format":false,"excerpt":"23 de mar\u00e7o de 2024 | 8:2022 de mar\u00e7o de 2024 | 19:47 0 Marcelo Aith*\u00a0@marcelo.aith\u00a0\u00a0A Corte Especial do Superior Tribunal de Justi\u00e7a (STJ), no uso de compet\u00eancia constitucional e regimental, analisou e, por maioria de votos, homologou o pedido de execu\u00e7\u00e3o da senten\u00e7a penal condenat\u00f3ria proferida pela Justi\u00e7a Italiana\u2026","rel":"","context":"In &quot;Not\u00edcias de Ribeir\u00e3o Preto-SP e Regi\u00e3o&quot;","block_context":{"text":"Not\u00edcias de Ribeir\u00e3o Preto-SP e Regi\u00e3o","link":"https:\/\/ismaelcolosi.com.br\/index.php\/category\/noticias-de-ribeirao-preto-sp-e-regiao-ismael-colosi\/"},"img":{"alt_text":"","src":"https:\/\/i0.wp.com\/ismaelcolosi.com.br\/wp-content\/uploads\/2024\/03\/marceloaith.jpg?fit=700%2C450&ssl=1&resize=350%2C200","width":350,"height":200,"srcset":"https:\/\/i0.wp.com\/ismaelcolosi.com.br\/wp-content\/uploads\/2024\/03\/marceloaith.jpg?fit=700%2C450&ssl=1&resize=350%2C200 1x, https:\/\/i0.wp.com\/ismaelcolosi.com.br\/wp-content\/uploads\/2024\/03\/marceloaith.jpg?fit=700%2C450&ssl=1&resize=525%2C300 1.5x, https:\/\/i0.wp.com\/ismaelcolosi.com.br\/wp-content\/uploads\/2024\/03\/marceloaith.jpg?fit=700%2C450&ssl=1&resize=700%2C400 2x"},"classes":[]},{"id":34338,"url":"https:\/\/ismaelcolosi.com.br\/index.php\/2024\/02\/01\/fiscalizacao-do-nao-se-cale-tera-inicio-na-regiao\/","url_meta":{"origin":54499,"position":4},"title":"Fiscaliza\u00e7\u00e3o do \u2018N\u00e3o se Cale\u2019\u00a0ter\u00e1\u00a0in\u00edcio na regi\u00e3o \u00a0","author":"ismaelcolosi.com.br","date":"1 de February de 2024","format":false,"excerpt":"1 de fevereiro de 2024 | 18:001 de fevereiro de 2024 | 9:10 0A ades\u00e3o de bares e restaurantes da regi\u00e3o de Ribeir\u00e3o Preto ao protocolo \u201cN\u00e3o se Cale\u201d come\u00e7ar\u00e1 a ser fiscalizada pela Funda\u00e7\u00e3o Procon de S\u00e3o Paulo (Procon-SP) \u2013 \u00f3rg\u00e3o ligado \u00e0 Secretaria de Estado de Justi\u00e7a e\u2026","rel":"","context":"In &quot;Not\u00edcias de Ribeir\u00e3o Preto-SP e Regi\u00e3o&quot;","block_context":{"text":"Not\u00edcias de Ribeir\u00e3o Preto-SP e Regi\u00e3o","link":"https:\/\/ismaelcolosi.com.br\/index.php\/category\/noticias-de-ribeirao-preto-sp-e-regiao-ismael-colosi\/"},"img":{"alt_text":"","src":"https:\/\/i0.wp.com\/ismaelcolosi.com.br\/wp-content\/uploads\/2024\/02\/Bares-Divulgacao-01.png?fit=513%2C263&ssl=1&resize=350%2C200","width":350,"height":200},"classes":[]},{"id":54503,"url":"https:\/\/ismaelcolosi.com.br\/index.php\/2024\/06\/25\/empresario-e-preso-acusado-de-agredir-e-ameacar-a-mulher-na-regiao-de-ribeirao-preto\/","url_meta":{"origin":54499,"position":5},"title":"Empres\u00e1rio \u00e9 preso acusado de agredir e amea\u00e7ar a mulher na regi\u00e3o de Ribeir\u00e3o Preto","author":"ismaelcolosi.com.br","date":"25 de June de 2024","format":false,"excerpt":"Um empres\u00e1rio, de 43 anos, foi preso ap\u00f3s ser denunciado por viol\u00eancia dom\u00e9stica na noite desta segunda-feira (24), em Monte Alto, cidade na regi\u00e3o de Ribeir\u00e3o Preto. De acordo com o boletim de ocorr\u00eancia (BO), equipes da Pol\u00edcia Militar (PM) foram acionadas pela esposa do acusado, ap\u00f3s uma discuss\u00e3o entre\u2026","rel":"","context":"In &quot;Not\u00edcias de Ribeir\u00e3o Preto-SP e Regi\u00e3o&quot;","block_context":{"text":"Not\u00edcias de Ribeir\u00e3o Preto-SP e Regi\u00e3o","link":"https:\/\/ismaelcolosi.com.br\/index.php\/category\/noticias-de-ribeirao-preto-sp-e-regiao-ismael-colosi\/"},"img":{"alt_text":"","src":"https:\/\/i0.wp.com\/ismaelcolosi.com.br\/wp-content\/uploads\/2024\/06\/WhatsApp-Image-2023-12-23-at-12.01.31.jpeg?fit=480%2C245&ssl=1&resize=350%2C200","width":350,"height":200},"classes":[]}],"jetpack_sharing_enabled":true,"jetpack_shortlink":"https:\/\/wp.me\/pfMlyK-eb1","_links":{"self":[{"href":"https:\/\/ismaelcolosi.com.br\/index.php\/wp-json\/wp\/v2\/posts\/54499","targetHints":{"allow":["GET"]}}],"collection":[{"href":"https:\/\/ismaelcolosi.com.br\/index.php\/wp-json\/wp\/v2\/posts"}],"about":[{"href":"https:\/\/ismaelcolosi.com.br\/index.php\/wp-json\/wp\/v2\/types\/post"}],"author":[{"embeddable":true,"href":"https:\/\/ismaelcolosi.com.br\/index.php\/wp-json\/wp\/v2\/users\/1"}],"replies":[{"embeddable":true,"href":"https:\/\/ismaelcolosi.com.br\/index.php\/wp-json\/wp\/v2\/comments?post=54499"}],"version-history":[{"count":0,"href":"https:\/\/ismaelcolosi.com.br\/index.php\/wp-json\/wp\/v2\/posts\/54499\/revisions"}],"wp:featuredmedia":[{"embeddable":true,"href":"https:\/\/ismaelcolosi.com.br\/index.php\/wp-json\/wp\/v2\/media\/54500"}],"wp:attachment":[{"href":"https:\/\/ismaelcolosi.com.br\/index.php\/wp-json\/wp\/v2\/media?parent=54499"}],"wp:term":[{"taxonomy":"category","embeddable":true,"href":"https:\/\/ismaelcolosi.com.br\/index.php\/wp-json\/wp\/v2\/categories?post=54499"},{"taxonomy":"post_tag","embeddable":true,"href":"https:\/\/ismaelcolosi.com.br\/index.php\/wp-json\/wp\/v2\/tags?post=54499"}],"curies":[{"name":"wp","href":"https:\/\/api.w.org\/{rel}","templated":true}]}}