{"id":54495,"date":"2024-06-25T17:39:09","date_gmt":"2024-06-25T20:39:09","guid":{"rendered":"https:\/\/ismaelcolosi.com.br\/index.php\/2024\/06\/25\/ribeirao-preto-tem-pecas-de-teatro-gratuitas-de-nelson-rodrigues-saiba-mais\/"},"modified":"2024-06-25T17:39:09","modified_gmt":"2024-06-25T20:39:09","slug":"ribeirao-preto-tem-pecas-de-teatro-gratuitas-de-nelson-rodrigues-saiba-mais","status":"publish","type":"post","link":"https:\/\/ismaelcolosi.com.br\/index.php\/2024\/06\/25\/ribeirao-preto-tem-pecas-de-teatro-gratuitas-de-nelson-rodrigues-saiba-mais\/","title":{"rendered":"Ribeir\u00e3o Preto tem pe\u00e7as de teatro gratuitas de Nelson Rodrigues; Saiba mais"},"content":{"rendered":"<p> <br \/>\n<\/p>\n<div>\n<p>A pe\u00e7a teatral<strong> \u201cVestido de Noiva\u201d, <\/strong>de <strong>Nelson Rodrigues<\/strong>, abre a temporada do <strong>segundo festival <\/strong>que leva o <strong>nome do dramaturgo em Ribeir\u00e3o Preto<\/strong>. O <strong>espet\u00e1culo <\/strong>ser\u00e1 nesta <strong>quarta-feira<\/strong> (26), \u00e0s <strong>20h<\/strong>, no <strong>Teatro Municipal<\/strong>.<\/p>\n<p>Com mais de <strong>20 atividades gratuitas<\/strong>, que incluem espet\u00e1culos, oficinas e palestras (<strong>veja abaixo<\/strong>), o <strong>\u201cFestival Nelson Rodrigues\u201d<\/strong> acontece na cidade at\u00e9 o dia <strong>7 de julho<\/strong>.<\/p>\n<h2 class=\"wp-block-heading\"><strong>Vestido de Noiva<\/strong><\/h2>\n<p>Com<strong> 80 anos de estreia<\/strong>, a pe\u00e7a marcou o <strong>teatro brasileiro<\/strong> e tornou <strong>Nelson Rodrigues<\/strong> um dos <strong>maiores dramaturgos do mundo<\/strong>. <\/p>\n<p>A <strong>narrativa<\/strong> \u00e9 dividida em <strong>tr\u00eas planos<\/strong> \u2014 realidade, alucina\u00e7\u00e3o e mem\u00f3ria \u2014 e \u00e0 medida que a<strong> trama avan\u00e7a<\/strong>, o espectador \u00e9 conduzido por um caleidosc\u00f3pio de lembran\u00e7as e del\u00edrios, onde figuras do passado e do presente se entrela\u00e7am, revelando os segredos e conflitos do <strong>tri\u00e2ngulo amoroso<\/strong> entre Ala\u00edde, sua irm\u00e3 L\u00facia e o noivo Pedro, questionando a moralidade e a percep\u00e7\u00e3o humana.<\/p>\n<h2 class=\"wp-block-heading\"><strong>Programa\u00e7\u00e3o festival: <\/strong><\/h2>\n<p><strong>26\/6 \u2013 20h<br \/><\/strong>Teatro Municipal \u2013 Morro do S\u00e3o Bento<br \/><strong>Vestido de noiva<\/strong> \u2013 Divina Casa De Oficinas <strong>(Espet\u00e1culo)<\/strong><br \/>Classifica\u00e7\u00e3o: 16 anos<\/p>\n<p><strong>27\/6 \u2013 20h<\/strong><br \/>Teatro Municipal \u2013 Morro S\u00e3o Bento<br \/><strong>Senhora dos afogados<\/strong> \u2013 Divino Ato <strong>(Espet\u00e1culo)<\/strong><br \/>Classifica\u00e7\u00e3o: 16 anos<\/p>\n<p><strong>28\/6 \u2013 20h<\/strong><br \/>Arena Por\u00e3o \u2013 R. 21 de Abril, 375<br \/><strong>Sonho de um homem rid\u00edculo<\/strong> \u2013 Cia Thauma <strong>(Espet\u00e1culo)<\/strong><br \/>Classifica\u00e7\u00e3o: 12 anos<\/p>\n<p><strong>29\/6 \u2013 9h<\/strong><br \/>Divino Ato \u2013 R. Ang\u00e9lica, 79<br \/>Arcano: O trabalho com arqu\u00e9tipos para desenvolvimento de repert\u00f3rio na cria\u00e7\u00e3o de personagens \u2013 Independente <strong>(Oficina)<\/strong><br \/>Classifica\u00e7\u00e3o: 14 anos<\/p>\n<p><strong>29\/6 \u2013 14h<\/strong><br \/>EAI \u2013 R. Pinheiro Machado, 1007<br \/>Jogos Teatrais: Dimens\u00f5es f\u00edsicas e psicol\u00f3gicas em valsa N\u00ba6 de Nelson Rodrigues \u2013 Divina Casa De Oficinas <strong>(Oficina)<\/strong><br \/>Classifica\u00e7\u00e3o: 14 anos<\/p>\n<p><strong>29\/6 \u2013 20h<\/strong><br \/>EAI \u2013 R. Pinheiro Machado, 1007<br \/><strong>S\u00f4nias <\/strong>\u2013 Divina Casa De Oficinas <strong>(Leitura dram\u00e1tica)<\/strong><br \/>Classifica\u00e7\u00e3o: 14 anos<\/p>\n<p><strong>30\/6 \u2013 10h<\/strong><br \/>Divino Ato \u2013 R. Ang\u00e9lica, 79<br \/><strong>A po\u00e9tica Rodrigueana<\/strong> \u2013 Cia De Repert\u00f3rio Rodriguiana<strong> (Oficina)<\/strong><br \/>Classifica\u00e7\u00e3o: 14 anos<\/p>\n<p><strong>1\/7 \u2013 19h30<\/strong><br \/>Divino Ato \u2013 R. Ang\u00e9lica, 79<br \/><strong>A vida como ela \u00e9\u2026<\/strong> \u2013 Divino Ato<strong> (Cine debate)<\/strong><br \/>Classifica\u00e7\u00e3o: 14 anos<\/p>\n<p><strong>1\/7 \u2013 21h<\/strong><br \/>Divino Ato \u2013 R. Ang\u00e9lica, 79<br \/><strong>Todas nudez ser\u00e1 castigada <\/strong>\u2013 Divino Ato<strong> (Leitura dram\u00e1tica)<\/strong><br \/>Classifica\u00e7\u00e3o: 14 anos<\/p>\n<p><strong>2\/7 \u2013 10h<\/strong><br \/>Biblioteca Sinh\u00e1 Junqueira \u2013 R. Duque de Caxias, 547<br \/><strong>Quase beijo<\/strong> \u2013 Cia Lazzarri <strong>(Oficina)<\/strong><br \/>Classifica\u00e7\u00e3o: 14 anos<\/p>\n<p><strong>2\/7 \u2013 20h<\/strong><br \/>Arena Por\u00e3o \u2013 R. 21 de Abril, 375<br \/><strong>Perdoa-me por me tra\u00edres<\/strong> \u2013 Cia Lazzarri <strong>(Espet\u00e1culo)<\/strong><br \/>Classifica\u00e7\u00e3o: 14 anos<\/p>\n<p><strong>3\/7 \u2013 15h<\/strong><br \/>Arteia \u2013 Av. Meira J\u00fanior, 1447<br \/><strong>Enfrente seu diretor!<\/strong> \u2013 Cia S\u00fabito <strong>(Oficina)<\/strong><br \/>Classifica\u00e7\u00e3o: Livre<\/p>\n<p><strong>3\/7 \u2013 20h<\/strong><br \/>Arena Por\u00e3o \u2013 R. 21 de Abril, 37<br \/><strong>Quem matou o diretor?<\/strong> \u2013 Cia S\u00fabito<strong> (Espet\u00e1culo)<\/strong><br \/>Classifica\u00e7\u00e3o: 14 anos<\/p>\n<p><strong>4\/7 \u2013 13h30<\/strong><br \/>Casa das Artes: Av. Caramuru, 356<br \/><strong>Dramaturgia Criativa <\/strong>\u2013 Coletivo Meraki <strong>(Oficina)<\/strong><br \/>Classifica\u00e7\u00e3o: Livre<\/p>\n<p><strong>4\/7 \u2013 20h<\/strong><br \/>Arena Por\u00e3o \u2013 R. 21 de Abril, 375<br \/><strong>O buraco da fechadura<\/strong> \u2013 Coletivo Meraki <strong>(Espet\u00e1culo)<\/strong><br \/>Classifica\u00e7\u00e3o: 14 anos<\/p>\n<p><strong>5\/7 \u2013 20h<\/strong><br \/>Arena Por\u00e3o \u2013 R. 21 de Abril, 375<br \/><strong>Os sete gatinhos <\/strong>\u2013 Divino Ato <strong>(Espet\u00e1culo)<\/strong><br \/>Classifica\u00e7\u00e3o: 14 anos<\/p>\n<p><strong>6\/7 \u2013 10h<\/strong><br \/>Divino Ato \u2013 R. Ang\u00e9lica, 79<br \/><strong>Escrituras do desejo: Vozes e protagonismo feminino em Nelson Rodrigues<\/strong> \u2013 Independente <strong>(Oficina)<\/strong><br \/>Classifica\u00e7\u00e3o: Livre<\/p>\n<p><strong>6\/7 \u2013 20h<\/strong><br \/>Arena Por\u00e3o \u2013 R. 21 de Abril, 375<br \/><strong>Cemit\u00e9rio das mulheres vivas<\/strong> \u2013 Divino Ato <strong>(Espet\u00e1culo)<\/strong><br \/>Classifica\u00e7\u00e3o: 14 anos<\/p>\n<p><strong>7\/7 \u2013 14h<\/strong><br \/>Arena Por\u00e3o \u2013 R. 21 de Abril, 375<br \/><strong>Sobre Nelson \u2013 Pensar e refletir o Rodriguiano<\/strong> \u2013 Divino Ato<strong> (Palestra)<\/strong><br \/>Classifica\u00e7\u00e3o: Livre<\/p>\n<p><strong>7\/7 \u2013 18h<\/strong><br \/>Arena Por\u00e3o \u2013 R. 21 de Abril, 375<br \/><strong>Vi\u00fava, por\u00e9m honesta (Libras)<\/strong> \u2013 Divino Ato <strong>(Espet\u00e1culo)<\/strong><br \/>Classifica\u00e7\u00e3o: 14 anos<\/p>\n<p><strong>7\/7 \u2013 20h<\/strong><br \/>Arena Por\u00e3o \u2013 R. 21 de Abril, 375<br \/><strong>Vi\u00fava, por\u00e9m honesta<\/strong> \u2013 Divino Ato<strong> (Espet\u00e1culo)<\/strong><br \/>Classifica\u00e7\u00e3o: 14 anos<\/p>\n<p>SAIBA MAIS <\/p>\n<p>Ribeir\u00e3o chega perto de zerar estoque de vacina contra dengue e faixa et\u00e1ria \u00e9 mantida<\/p>\n<h4 class=\"wp-block-heading\"><strong>FIQUE ON<\/strong><\/h4>\n<p>Fique ligado em tudo que acontece em Ribeir\u00e3o Preto e regi\u00e3o. Siga os perfis do\u00a0<strong>acidade on<\/strong>\u00a0no\u00a0<a href=\"https:\/\/www.instagram.com\/acidadeonribeirao\" target=\"_blank\" rel=\"noreferrer noopener\">Instagram<\/a>\u00a0e no\u00a0<a href=\"https:\/\/www.facebook.com\/acidadeonribeirao\/\" target=\"_blank\" rel=\"noreferrer noopener\">Facebook<\/a>.<\/p>\n<p>Receba not\u00edcias do\u00a0<strong>acidade on<\/strong>\u00a0no WhatsApp.\u00a0<a href=\"https:\/\/chat.whatsapp.com\/CdrZ6xrf7quD44Vw3WlPuZ\" target=\"_blank\" rel=\"noreferrer noopener\">Para entrar no grupo, basta clicar aqui.<\/a><\/p>\n<p>Fa\u00e7a uma den\u00fancia ou sugira uma reportagem sobre Ribeir\u00e3o Preto e regi\u00e3o pelo WhatsApp: 16 99117 7802.<\/p>\n<p>VEJA TAMB\u00c9M<br \/>Com que trabalham os filhos de Marcello Antony em Portugal?<\/p>\n<p><!-- AI CONTENT END 1 -->\n<\/div>\n<p><script async src=\"\/\/www.instagram.com\/embed.js\"><\/script><br \/>\n<br \/><br \/>\n<br \/><a href=\"https:\/\/www.acidadeon.com\/ribeiraopreto\/lazer-e-cultura\/ribeirao-preto-tem-pecas-de-teatro-gratuitas-de-nelson-rodrigues-saiba-mais\/\">Source link <\/a><\/p>\n<div class='code-block code-block-4' style='margin: 8px auto 8px 0; text-align: left; display: block; clear: both;'>\n\ud83d\udce2 Aviso Legal\n\nO site ismaelcolosi.com.br atua apenas como um canal de divulga\u00e7\u00e3o de oportunidades de emprego e n\u00e3o se responsabiliza pelo processo seletivo, contrata\u00e7\u00e3o ou qualquer outra etapa relacionada \u00e0s vagas publicadas. Todas as informa\u00e7\u00f5es s\u00e3o de responsabilidade dos anunciantes.\n\n\u26a0\ufe0f Aten\u00e7\u00e3o! Nunca pague por promessas de emprego nem compre cursos que garantam contrata\u00e7\u00e3o. Desconfie de qualquer cobran\u00e7a para participar de sele\u00e7\u00f5es.\n\n\n\n<\/div>\n<!-- CONTENT END 1 -->\n","protected":false},"excerpt":{"rendered":"<p>A pe\u00e7a teatral \u201cVestido de Noiva\u201d, de Nelson Rodrigues, abre a temporada do segundo festival que leva o nome do dramaturgo em Ribeir\u00e3o Preto. O&#8230;<\/p>\n","protected":false},"author":1,"featured_media":54496,"comment_status":"open","ping_status":"open","sticky":false,"template":"","format":"standard","meta":{"_uag_custom_page_level_css":"","advanced_seo_description":"","jetpack_seo_html_title":"","jetpack_seo_noindex":false,"jetpack_post_was_ever_published":false,"_jetpack_newsletter_access":"","_jetpack_dont_email_post_to_subs":false,"_jetpack_newsletter_tier_id":0,"_jetpack_memberships_contains_paywalled_content":false,"_jetpack_memberships_contains_paid_content":false,"footnotes":"","jetpack_publicize_message":"","jetpack_publicize_feature_enabled":true,"jetpack_social_post_already_shared":true,"jetpack_social_options":{"image_generator_settings":{"template":"highway","default_image_id":0,"font":"","enabled":false},"version":2}},"categories":[11],"tags":[],"class_list":["post-54495","post","type-post","status-publish","format-standard","has-post-thumbnail","hentry","category-noticias-de-ribeirao-preto-sp-e-regiao-ismael-colosi"],"jetpack_publicize_connections":[],"jetpack_featured_media_url":"https:\/\/i0.wp.com\/ismaelcolosi.com.br\/wp-content\/uploads\/2024\/06\/Copia-de-Copia-de-TAMANHO-EXATO-PARA-FOTOS-NO-SISTEMA-NOVO-17_2024-06-25_20-05-03_jpg_2024-06-25_20-05-03.webp.webp?fit=1200%2C675&ssl=1","uagb_featured_image_src":{"full":["https:\/\/i0.wp.com\/ismaelcolosi.com.br\/wp-content\/uploads\/2024\/06\/Copia-de-Copia-de-TAMANHO-EXATO-PARA-FOTOS-NO-SISTEMA-NOVO-17_2024-06-25_20-05-03_jpg_2024-06-25_20-05-03.webp.webp?fit=1200%2C675&ssl=1",1200,675,false],"thumbnail":["https:\/\/i0.wp.com\/ismaelcolosi.com.br\/wp-content\/uploads\/2024\/06\/Copia-de-Copia-de-TAMANHO-EXATO-PARA-FOTOS-NO-SISTEMA-NOVO-17_2024-06-25_20-05-03_jpg_2024-06-25_20-05-03.webp.webp?resize=150%2C150&ssl=1",150,150,true],"medium":["https:\/\/i0.wp.com\/ismaelcolosi.com.br\/wp-content\/uploads\/2024\/06\/Copia-de-Copia-de-TAMANHO-EXATO-PARA-FOTOS-NO-SISTEMA-NOVO-17_2024-06-25_20-05-03_jpg_2024-06-25_20-05-03.webp.webp?fit=300%2C169&ssl=1",300,169,true],"medium_large":["https:\/\/i0.wp.com\/ismaelcolosi.com.br\/wp-content\/uploads\/2024\/06\/Copia-de-Copia-de-TAMANHO-EXATO-PARA-FOTOS-NO-SISTEMA-NOVO-17_2024-06-25_20-05-03_jpg_2024-06-25_20-05-03.webp.webp?fit=768%2C432&ssl=1",768,432,true],"large":["https:\/\/i0.wp.com\/ismaelcolosi.com.br\/wp-content\/uploads\/2024\/06\/Copia-de-Copia-de-TAMANHO-EXATO-PARA-FOTOS-NO-SISTEMA-NOVO-17_2024-06-25_20-05-03_jpg_2024-06-25_20-05-03.webp.webp?fit=1024%2C576&ssl=1",1024,576,true],"1536x1536":["https:\/\/i0.wp.com\/ismaelcolosi.com.br\/wp-content\/uploads\/2024\/06\/Copia-de-Copia-de-TAMANHO-EXATO-PARA-FOTOS-NO-SISTEMA-NOVO-17_2024-06-25_20-05-03_jpg_2024-06-25_20-05-03.webp.webp?fit=1200%2C675&ssl=1",1200,675,true],"2048x2048":["https:\/\/i0.wp.com\/ismaelcolosi.com.br\/wp-content\/uploads\/2024\/06\/Copia-de-Copia-de-TAMANHO-EXATO-PARA-FOTOS-NO-SISTEMA-NOVO-17_2024-06-25_20-05-03_jpg_2024-06-25_20-05-03.webp.webp?fit=1200%2C675&ssl=1",1200,675,true],"really-simple-thumb":["https:\/\/i0.wp.com\/ismaelcolosi.com.br\/wp-content\/uploads\/2024\/06\/Copia-de-Copia-de-TAMANHO-EXATO-PARA-FOTOS-NO-SISTEMA-NOVO-17_2024-06-25_20-05-03_jpg_2024-06-25_20-05-03.webp.webp?resize=370%2C247&ssl=1",370,247,true]},"uagb_author_info":{"display_name":"ismaelcolosi.com.br","author_link":"https:\/\/ismaelcolosi.com.br\/index.php\/author\/vidareal-online\/"},"uagb_comment_info":0,"uagb_excerpt":"A pe\u00e7a teatral \u201cVestido de Noiva\u201d, de Nelson Rodrigues, abre a temporada do segundo festival que leva o nome do dramaturgo em Ribeir\u00e3o Preto. O...","jetpack-related-posts":[{"id":55745,"url":"https:\/\/ismaelcolosi.com.br\/index.php\/2024\/07\/05\/marisa-orth-e-musicos-da-legiao-urbana-veja-programacao-do-fim-de-semana-em-ribeirao-preto\/","url_meta":{"origin":54495,"position":0},"title":"Marisa Orth e m\u00fasicos da Legi\u00e3o Urbana: Veja programa\u00e7\u00e3o do fim de semana em Ribeir\u00e3o Preto","author":"ismaelcolosi.com.br","date":"5 de July de 2024","format":false,"excerpt":"Sextou! O primeiro fim de semana de julho chegou e Ribeir\u00e3o Preto conta com uma programa\u00e7\u00e3o cultural recheada de atividades para todos os gostos. Entre os destaques est\u00e3o o show de Dados Villa Lobos e Marcelo Bonf\u00e1, com a turn\u00ea \u201cAs V Esta\u00e7\u00f5es com Legi\u00e3o Urbana\u201c, e a pe\u00e7a com\u2026","rel":"","context":"In &quot;Not\u00edcias de Ribeir\u00e3o Preto-SP e Regi\u00e3o&quot;","block_context":{"text":"Not\u00edcias de Ribeir\u00e3o Preto-SP e Regi\u00e3o","link":"https:\/\/ismaelcolosi.com.br\/index.php\/category\/noticias-de-ribeirao-preto-sp-e-regiao-ismael-colosi\/"},"img":{"alt_text":"","src":"https:\/\/i0.wp.com\/ismaelcolosi.com.br\/wp-content\/uploads\/2024\/07\/Copia-de-Copia-de-TAMANHO-EXATO-PARA-FOTOS-NO-SISTEMA-NOVO-6_2024-07-05_13-02-58_jpg_2024-07-05_13-02-58.webp.webp?fit=1200%2C675&ssl=1&resize=350%2C200","width":350,"height":200,"srcset":"https:\/\/i0.wp.com\/ismaelcolosi.com.br\/wp-content\/uploads\/2024\/07\/Copia-de-Copia-de-TAMANHO-EXATO-PARA-FOTOS-NO-SISTEMA-NOVO-6_2024-07-05_13-02-58_jpg_2024-07-05_13-02-58.webp.webp?fit=1200%2C675&ssl=1&resize=350%2C200 1x, https:\/\/i0.wp.com\/ismaelcolosi.com.br\/wp-content\/uploads\/2024\/07\/Copia-de-Copia-de-TAMANHO-EXATO-PARA-FOTOS-NO-SISTEMA-NOVO-6_2024-07-05_13-02-58_jpg_2024-07-05_13-02-58.webp.webp?fit=1200%2C675&ssl=1&resize=525%2C300 1.5x, https:\/\/i0.wp.com\/ismaelcolosi.com.br\/wp-content\/uploads\/2024\/07\/Copia-de-Copia-de-TAMANHO-EXATO-PARA-FOTOS-NO-SISTEMA-NOVO-6_2024-07-05_13-02-58_jpg_2024-07-05_13-02-58.webp.webp?fit=1200%2C675&ssl=1&resize=700%2C400 2x, https:\/\/i0.wp.com\/ismaelcolosi.com.br\/wp-content\/uploads\/2024\/07\/Copia-de-Copia-de-TAMANHO-EXATO-PARA-FOTOS-NO-SISTEMA-NOVO-6_2024-07-05_13-02-58_jpg_2024-07-05_13-02-58.webp.webp?fit=1200%2C675&ssl=1&resize=1050%2C600 3x"},"classes":[]},{"id":41825,"url":"https:\/\/ismaelcolosi.com.br\/index.php\/2024\/03\/11\/choro-na-esquina-abre-programacao-com-o-escaletista-franca-musse\/","url_meta":{"origin":54495,"position":1},"title":"Choro na Esquina abre programa\u00e7\u00e3o com o Escaletista Fran\u00e7a Musse","author":"ismaelcolosi.com.br","date":"11 de March de 2024","format":false,"excerpt":"A s\u00e9rie Choro na Esquina foi criada em 2023 pela Minaz para envolver a comunidade em uma atividade art\u00edstica com proximidade e participa\u00e7\u00e3o, trazendo os m\u00fasicos para o sagu\u00e3o do teatro Minaz. No ano passado aconteceram sete apresenta\u00e7\u00f5es que contaram com a participa\u00e7\u00e3o dos m\u00fasicos do grupo Choro da Casa,\u2026","rel":"","context":"In &quot;Not\u00edcias de Ribeir\u00e3o Preto-SP e Regi\u00e3o&quot;","block_context":{"text":"Not\u00edcias de Ribeir\u00e3o Preto-SP e Regi\u00e3o","link":"https:\/\/ismaelcolosi.com.br\/index.php\/category\/noticias-de-ribeirao-preto-sp-e-regiao-ismael-colosi\/"},"img":{"alt_text":"","src":"https:\/\/i0.wp.com\/ismaelcolosi.com.br\/wp-content\/uploads\/2024\/03\/IMG_6936-1-scaled.jpg?fit=588%2C645&ssl=1&resize=350%2C200","width":350,"height":200,"srcset":"https:\/\/i0.wp.com\/ismaelcolosi.com.br\/wp-content\/uploads\/2024\/03\/IMG_6936-1-scaled.jpg?fit=588%2C645&ssl=1&resize=350%2C200 1x, https:\/\/i0.wp.com\/ismaelcolosi.com.br\/wp-content\/uploads\/2024\/03\/IMG_6936-1-scaled.jpg?fit=588%2C645&ssl=1&resize=525%2C300 1.5x"},"classes":[]},{"id":63666,"url":"https:\/\/ismaelcolosi.com.br\/index.php\/2024\/09\/03\/20a-edicao-do-festival-de-teatro-tpc-em-ribeirao-preto-comeca-hoje\/","url_meta":{"origin":54495,"position":2},"title":"20\u00aa edi\u00e7\u00e3o do Festival de Teatro TPC em Ribeir\u00e3o Preto come\u00e7a hoje","author":"ismaelcolosi.com.br","date":"3 de September de 2024","format":false,"excerpt":"O Teatro Municipal de Ribeir\u00e3o Preto recebe nesta ter\u00e7a-feira (3), \u00e0s 20h, a estreia da 20\u00aa edi\u00e7\u00e3o do Festival de Teatro TPC, com a pe\u00e7a \u201cDogville\u201d. O festival segue at\u00e9 o dia 29 de setembro. A pe\u00e7a acompanha uma jovem mulher, que ao fugir de gansgters chega \u00e0 cidade de\u2026","rel":"","context":"In &quot;Not\u00edcias de Ribeir\u00e3o Preto-SP e Regi\u00e3o&quot;","block_context":{"text":"Not\u00edcias de Ribeir\u00e3o Preto-SP e Regi\u00e3o","link":"https:\/\/ismaelcolosi.com.br\/index.php\/category\/noticias-de-ribeirao-preto-sp-e-regiao-ismael-colosi\/"},"img":{"alt_text":"","src":"https:\/\/i0.wp.com\/ismaelcolosi.com.br\/wp-content\/uploads\/2024\/09\/WhatsApp-Image-2023-11-15-at-14.16.46.jpeg?fit=1200%2C675&ssl=1&resize=350%2C200","width":350,"height":200,"srcset":"https:\/\/i0.wp.com\/ismaelcolosi.com.br\/wp-content\/uploads\/2024\/09\/WhatsApp-Image-2023-11-15-at-14.16.46.jpeg?fit=1200%2C675&ssl=1&resize=350%2C200 1x, https:\/\/i0.wp.com\/ismaelcolosi.com.br\/wp-content\/uploads\/2024\/09\/WhatsApp-Image-2023-11-15-at-14.16.46.jpeg?fit=1200%2C675&ssl=1&resize=525%2C300 1.5x, https:\/\/i0.wp.com\/ismaelcolosi.com.br\/wp-content\/uploads\/2024\/09\/WhatsApp-Image-2023-11-15-at-14.16.46.jpeg?fit=1200%2C675&ssl=1&resize=700%2C400 2x, https:\/\/i0.wp.com\/ismaelcolosi.com.br\/wp-content\/uploads\/2024\/09\/WhatsApp-Image-2023-11-15-at-14.16.46.jpeg?fit=1200%2C675&ssl=1&resize=1050%2C600 3x"},"classes":[]},{"id":62865,"url":"https:\/\/ismaelcolosi.com.br\/index.php\/2024\/08\/29\/teatro-oficinas-e-brinquedos-praca-de-ribeirao-preto-tem-atividades-gratuitas\/","url_meta":{"origin":54495,"position":3},"title":"Teatro, oficinas e brinquedos: pra\u00e7a de Ribeir\u00e3o Preto tem atividades gratuitas","author":"ismaelcolosi.com.br","date":"29 de August de 2024","format":false,"excerpt":"O projeto \u201cCultura em Todo Lugar\u201d acontece neste s\u00e1bado (31), desta vez na pra\u00e7a Pedro Biagi, no Ipiranga, zona Norte da de Ribeir\u00e3o Preto. As atividades s\u00e3o gratuitas e acontecem das 9h \u00e0s 12h. Dentro da programa\u00e7\u00e3o est\u00e3o oficinas de desenho, pintura facial, atividade interativa com o \u2018Viajando com as\u2026","rel":"","context":"In &quot;Not\u00edcias de Ribeir\u00e3o Preto-SP e Regi\u00e3o&quot;","block_context":{"text":"Not\u00edcias de Ribeir\u00e3o Preto-SP e Regi\u00e3o","link":"https:\/\/ismaelcolosi.com.br\/index.php\/category\/noticias-de-ribeirao-preto-sp-e-regiao-ismael-colosi\/"},"img":{"alt_text":"","src":"https:\/\/i0.wp.com\/ismaelcolosi.com.br\/wp-content\/uploads\/2024\/08\/Copia-de-Copia-de-Copia-de-TAMANHO-EXATO-PARA-FOTOS-NO-SISTEMA-NOVO-11_2024-08-29_16-01-54_jpg_2024-08-29_16-01-54.webp.webp?fit=1200%2C675&ssl=1&resize=350%2C200","width":350,"height":200,"srcset":"https:\/\/i0.wp.com\/ismaelcolosi.com.br\/wp-content\/uploads\/2024\/08\/Copia-de-Copia-de-Copia-de-TAMANHO-EXATO-PARA-FOTOS-NO-SISTEMA-NOVO-11_2024-08-29_16-01-54_jpg_2024-08-29_16-01-54.webp.webp?fit=1200%2C675&ssl=1&resize=350%2C200 1x, https:\/\/i0.wp.com\/ismaelcolosi.com.br\/wp-content\/uploads\/2024\/08\/Copia-de-Copia-de-Copia-de-TAMANHO-EXATO-PARA-FOTOS-NO-SISTEMA-NOVO-11_2024-08-29_16-01-54_jpg_2024-08-29_16-01-54.webp.webp?fit=1200%2C675&ssl=1&resize=525%2C300 1.5x, https:\/\/i0.wp.com\/ismaelcolosi.com.br\/wp-content\/uploads\/2024\/08\/Copia-de-Copia-de-Copia-de-TAMANHO-EXATO-PARA-FOTOS-NO-SISTEMA-NOVO-11_2024-08-29_16-01-54_jpg_2024-08-29_16-01-54.webp.webp?fit=1200%2C675&ssl=1&resize=700%2C400 2x, https:\/\/i0.wp.com\/ismaelcolosi.com.br\/wp-content\/uploads\/2024\/08\/Copia-de-Copia-de-Copia-de-TAMANHO-EXATO-PARA-FOTOS-NO-SISTEMA-NOVO-11_2024-08-29_16-01-54_jpg_2024-08-29_16-01-54.webp.webp?fit=1200%2C675&ssl=1&resize=1050%2C600 3x"},"classes":[]},{"id":54744,"url":"https:\/\/ismaelcolosi.com.br\/index.php\/2024\/06\/27\/praca-na-zona-norte-de-ribeirao-recebe-atividades-culturais-gratuitas-neste-sabado\/","url_meta":{"origin":54495,"position":4},"title":"Pra\u00e7a na zona Norte de Ribeir\u00e3o recebe atividades culturais gratuitas neste s\u00e1bado","author":"ismaelcolosi.com.br","date":"27 de June de 2024","format":false,"excerpt":"O projeto \u201cCultura em Todo Lugar\u201d ser\u00e1 realizado neste s\u00e1bado (29), das 9h \u00e0s 12h, na Pra\u00e7a Jos\u00e9 Rodrigues da Silva, na Vila Tamandar\u00e9, na zona Norte de Ribeir\u00e3o Preto. O evento \u00e9 gratuito e conta com oficinas de desenho, pintura facial, atividade interativa com o \u201cViajando com as Hist\u00f3rias\u201d,\u2026","rel":"","context":"In &quot;Not\u00edcias de Ribeir\u00e3o Preto-SP e Regi\u00e3o&quot;","block_context":{"text":"Not\u00edcias de Ribeir\u00e3o Preto-SP e Regi\u00e3o","link":"https:\/\/ismaelcolosi.com.br\/index.php\/category\/noticias-de-ribeirao-preto-sp-e-regiao-ismael-colosi\/"},"img":{"alt_text":"","src":"https:\/\/i0.wp.com\/ismaelcolosi.com.br\/wp-content\/uploads\/2024\/06\/cultura_em_todo_lugar_jd_paulista_2706_3_2024-06-27_15-04-09_jpeg_2024-06-27_15-04-09.webp.webp?fit=1000%2C666&ssl=1&resize=350%2C200","width":350,"height":200,"srcset":"https:\/\/i0.wp.com\/ismaelcolosi.com.br\/wp-content\/uploads\/2024\/06\/cultura_em_todo_lugar_jd_paulista_2706_3_2024-06-27_15-04-09_jpeg_2024-06-27_15-04-09.webp.webp?fit=1000%2C666&ssl=1&resize=350%2C200 1x, https:\/\/i0.wp.com\/ismaelcolosi.com.br\/wp-content\/uploads\/2024\/06\/cultura_em_todo_lugar_jd_paulista_2706_3_2024-06-27_15-04-09_jpeg_2024-06-27_15-04-09.webp.webp?fit=1000%2C666&ssl=1&resize=525%2C300 1.5x, https:\/\/i0.wp.com\/ismaelcolosi.com.br\/wp-content\/uploads\/2024\/06\/cultura_em_todo_lugar_jd_paulista_2706_3_2024-06-27_15-04-09_jpeg_2024-06-27_15-04-09.webp.webp?fit=1000%2C666&ssl=1&resize=700%2C400 2x"},"classes":[]},{"id":54522,"url":"https:\/\/ismaelcolosi.com.br\/index.php\/2024\/06\/25\/centro-de-ribeirao-preto-tem-o-maior-preco-da-cesta-basica-em-junho-veja-valores-por-regiao\/","url_meta":{"origin":54495,"position":5},"title":"Centro de Ribeir\u00e3o Preto tem o maior pre\u00e7o da cesta b\u00e1sica em junho; Veja valores por regi\u00e3o","author":"ismaelcolosi.com.br","date":"25 de June de 2024","format":false,"excerpt":"O pre\u00e7o m\u00e9dio da cesta b\u00e1sica em Ribeir\u00e3o Preto registrou em junho, queda de 0,55% em rela\u00e7\u00e3o a maio, de acordo com pesquisa realizada pela Associa\u00e7\u00e3o Comercial e Industrial de Ribeir\u00e3o Preto (Acirp). Conforme mostra o levantamento, o kit de alimentos essenciais custou, em m\u00e9dia, R$ 686,73. No acumulado do\u2026","rel":"","context":"In &quot;Not\u00edcias de Ribeir\u00e3o Preto-SP e Regi\u00e3o&quot;","block_context":{"text":"Not\u00edcias de Ribeir\u00e3o Preto-SP e Regi\u00e3o","link":"https:\/\/ismaelcolosi.com.br\/index.php\/category\/noticias-de-ribeirao-preto-sp-e-regiao-ismael-colosi\/"},"img":{"alt_text":"","src":"https:\/\/i0.wp.com\/ismaelcolosi.com.br\/wp-content\/uploads\/2024\/06\/inflacao_alimentos_1024x576_09022021133744.jpg?fit=1024%2C576&ssl=1&resize=350%2C200","width":350,"height":200,"srcset":"https:\/\/i0.wp.com\/ismaelcolosi.com.br\/wp-content\/uploads\/2024\/06\/inflacao_alimentos_1024x576_09022021133744.jpg?fit=1024%2C576&ssl=1&resize=350%2C200 1x, https:\/\/i0.wp.com\/ismaelcolosi.com.br\/wp-content\/uploads\/2024\/06\/inflacao_alimentos_1024x576_09022021133744.jpg?fit=1024%2C576&ssl=1&resize=525%2C300 1.5x, https:\/\/i0.wp.com\/ismaelcolosi.com.br\/wp-content\/uploads\/2024\/06\/inflacao_alimentos_1024x576_09022021133744.jpg?fit=1024%2C576&ssl=1&resize=700%2C400 2x"},"classes":[]}],"jetpack_sharing_enabled":true,"jetpack_shortlink":"https:\/\/wp.me\/pfMlyK-eaX","_links":{"self":[{"href":"https:\/\/ismaelcolosi.com.br\/index.php\/wp-json\/wp\/v2\/posts\/54495","targetHints":{"allow":["GET"]}}],"collection":[{"href":"https:\/\/ismaelcolosi.com.br\/index.php\/wp-json\/wp\/v2\/posts"}],"about":[{"href":"https:\/\/ismaelcolosi.com.br\/index.php\/wp-json\/wp\/v2\/types\/post"}],"author":[{"embeddable":true,"href":"https:\/\/ismaelcolosi.com.br\/index.php\/wp-json\/wp\/v2\/users\/1"}],"replies":[{"embeddable":true,"href":"https:\/\/ismaelcolosi.com.br\/index.php\/wp-json\/wp\/v2\/comments?post=54495"}],"version-history":[{"count":0,"href":"https:\/\/ismaelcolosi.com.br\/index.php\/wp-json\/wp\/v2\/posts\/54495\/revisions"}],"wp:featuredmedia":[{"embeddable":true,"href":"https:\/\/ismaelcolosi.com.br\/index.php\/wp-json\/wp\/v2\/media\/54496"}],"wp:attachment":[{"href":"https:\/\/ismaelcolosi.com.br\/index.php\/wp-json\/wp\/v2\/media?parent=54495"}],"wp:term":[{"taxonomy":"category","embeddable":true,"href":"https:\/\/ismaelcolosi.com.br\/index.php\/wp-json\/wp\/v2\/categories?post=54495"},{"taxonomy":"post_tag","embeddable":true,"href":"https:\/\/ismaelcolosi.com.br\/index.php\/wp-json\/wp\/v2\/tags?post=54495"}],"curies":[{"name":"wp","href":"https:\/\/api.w.org\/{rel}","templated":true}]}}