{"id":54487,"date":"2024-06-25T17:00:13","date_gmt":"2024-06-25T20:00:13","guid":{"rendered":"https:\/\/ismaelcolosi.com.br\/index.php\/2024\/06\/25\/stf-forma-maioria-para-descriminalizar-o-porte-de-maconha-veja-como-votou-cada-ministro\/"},"modified":"2024-06-25T17:00:13","modified_gmt":"2024-06-25T20:00:13","slug":"stf-forma-maioria-para-descriminalizar-o-porte-de-maconha-veja-como-votou-cada-ministro","status":"publish","type":"post","link":"https:\/\/ismaelcolosi.com.br\/index.php\/2024\/06\/25\/stf-forma-maioria-para-descriminalizar-o-porte-de-maconha-veja-como-votou-cada-ministro\/","title":{"rendered":"STF forma maioria para descriminalizar o porte de maconha; Veja como votou cada ministro"},"content":{"rendered":"<p> <br \/>\n<\/p>\n<div>\n<p>O <strong><a href=\"https:\/\/portal.stf.jus.br\/\" target=\"_blank\" rel=\"noreferrer noopener nofollow\">STF (Supremo Tribunal Federal)<\/a><\/strong> formou maioria, nesta ter\u00e7a-feira (25), <mark style=\"background-color:#fcb900\" class=\"has-inline-color has-black-color\">a descriminaliza\u00e7\u00e3o do porte de maconha para uso pessoal<\/mark>. O placar est\u00e1 em 6 a 3 ap\u00f3s voto do ministro <strong>Dias Toffoli<\/strong>, que completou o voto iniciado na semana passada.<\/p>\n<p>J\u00e1 h\u00e1 uma maioria formada (sete votos) para que a Corte m\u00e1xima fixe quantias para diferenciar usu\u00e1rios de traficantes. Esse ponto ser\u00e1 enfrentado em um segundo momento do julgamento, vez que h\u00e1 diferentes posicionamentos dos ministros que j\u00e1 se manifestaram sobre o tema.<\/p><div class='code-block code-block-8' style='margin: 8px auto; text-align: center; display: block; clear: both;'>\n<script>\n  atOptions = {\n    'key' : '66e2e2111ca34da796271819fc334058',\n    'format' : 'iframe',\n    'height' : 250,\n    'width' : 300,\n    'params' : {}\n  };\n<\/script>\n<script src=\"https:\/\/www.highperformanceformat.com\/66e2e2111ca34da796271819fc334058\/invoke.js\"><\/script>\n<\/div>\n\n<figure class=\"wp-block-embed is-type-video is-provider-youtube wp-block-embed-youtube wp-embed-aspect-4-3 wp-has-aspect-ratio\">\n<div class=\"wp-block-embed__wrapper\">\n<p><iframe loading=\"lazy\" title=\"TV Justi\u00e7a - Ao vivo\" width=\"500\" height=\"375\" src=\"https:\/\/www.youtube.com\/embed\/6NLDtT4Guzs?feature=oembed\" frameborder=\"0\" allow=\"accelerometer; autoplay; clipboard-write; encrypted-media; gyroscope; picture-in-picture; web-share\" referrerpolicy=\"strict-origin-when-cross-origin\" allowfullscreen><\/iframe><\/p>\n<\/div>\n<\/figure>\n<p><mark style=\"background-color:#fcb900\" class=\"has-inline-color has-black-color\">No centro do julgamento est\u00e1 o artigo 28 da lei de drogas, que caracteriza o porte de maconha para uso pessoal como crime, mas sem a pena de pris\u00e3o. <\/mark>O texto estabelece puni\u00e7\u00f5es como advert\u00eancia, presta\u00e7\u00e3o de servos \u00e0 comunidade e medida educativa<\/p>\n<p>Assim, a diferen\u00e7a entre o STF entender o porte de maconha como crime ou n\u00e3o impacta n\u00e3o sobre a puni\u00e7\u00e3o \u2013 j\u00e1 estabelecida pelo Congresso, mas sobre os efeitos de uma condena\u00e7\u00e3o, em especial quanto \u00e0 anota\u00e7\u00e3o na ficha de antecedentes de uma pessoa.<\/p>\n<h4 class=\"wp-block-heading\"><strong>O voto<\/strong><\/h4>\n<p>Toffolli prop\u00f5e agora que o STF altere essa interpreta\u00e7\u00e3o de 2007 para considerar que o artigo 28 da lei de drogas j\u00e1 descriminaliza o porte de maconha para uso pessoal, vez que s\u00f3 traz medidas administrativas ou educativas como penas, assentando que qualquer enquadramento na norma n\u00e3o gera antecedente criminal.<\/p>\n<h4 class=\"wp-block-heading\"><strong>Como cada ministro do STF votou?<\/strong><\/h4>\n<p>Votaram a favor da descriminaliza\u00e7\u00e3o da maconha os ministros <strong>Gilmar Mendes<\/strong>, <strong>Rosa Weber (aposentada<\/strong>), <strong>Lu\u00eds Roberto Barroso<\/strong>, <strong>Edson Fachin<\/strong>, <strong>Alexandre de Moraes<\/strong> e <strong>Dias Toffoli<\/strong>.<\/p>\n<p>J\u00e1 os ministros <strong>Cristiano Zanin<\/strong>, <strong>Kassio Nunes Marques<\/strong> e <strong>Andr\u00e9 Mendon\u00e7a <\/strong>foram contra a descriminaliza\u00e7\u00e3o (com informa\u00e7\u00f5es Estad\u00e3o Conte\u00fado).<\/p>\n<p>SAIBA MAIS<br \/>Veja como est\u00e1 a situa\u00e7\u00e3o da poss\u00edvel venda da Recreativa de Ribeir\u00e3o Preto para o Sesc<\/p>\n<h4 class=\"wp-block-heading\"><strong>FIQUE ON<\/strong><\/h4>\n<p>Fique ligado em tudo que acontece em Ribeir\u00e3o Preto e regi\u00e3o. Siga os perfis do<strong> acidade on<\/strong> no <a href=\"https:\/\/www.instagram.com\/acidadeonribeirao\" target=\"_blank\" rel=\"noreferrer noopener nofollow\">Instagram<\/a> e no <a href=\"https:\/\/www.facebook.com\/acidadeonribeirao\/\" target=\"_blank\" rel=\"noreferrer noopener nofollow\">Facebook<\/a>.<\/p>\n<p>Receba not\u00edcias do <strong>acidade on <\/strong>no WhatsApp. <a href=\"https:\/\/chat.whatsapp.com\/CdrZ6xrf7quD44Vw3WlPuZ\" target=\"_blank\" rel=\"noreferrer noopener nofollow\">Para entrar no grupo, basta clicar aqui.<\/a><\/p>\n<p>Fa\u00e7a uma den\u00fancia ou sugira uma reportagem sobre Ribeir\u00e3o Preto e regi\u00e3o pelo WhatsApp: 16 99117 7802.<\/p>\n<p>VEJA TAMB\u00c9M<br \/>Como ganhar garrafa da Stanley no Burger King?<\/p>\n<p><!-- AI CONTENT END 1 -->\n<\/div>\n<p><script async src=\"\/\/www.instagram.com\/embed.js\"><\/script><br \/>\n<br \/><br \/>\n<br \/><a href=\"https:\/\/www.acidadeon.com\/ribeiraopreto\/politica\/stf-forma-maioria-para-descriminalizar-o-porte-de-maconha\/\">Source link <\/a><\/p>\n<div class='code-block code-block-4' style='margin: 8px auto 8px 0; text-align: left; display: block; clear: both;'>\n\ud83d\udce2 Aviso Legal\n\nO site ismaelcolosi.com.br atua apenas como um canal de divulga\u00e7\u00e3o de oportunidades de emprego e n\u00e3o se responsabiliza pelo processo seletivo, contrata\u00e7\u00e3o ou qualquer outra etapa relacionada \u00e0s vagas publicadas. Todas as informa\u00e7\u00f5es s\u00e3o de responsabilidade dos anunciantes.\n\n\u26a0\ufe0f Aten\u00e7\u00e3o! Nunca pague por promessas de emprego nem compre cursos que garantam contrata\u00e7\u00e3o. Desconfie de qualquer cobran\u00e7a para participar de sele\u00e7\u00f5es.\n\n\n\n<\/div>\n<!-- CONTENT END 1 -->\n","protected":false},"excerpt":{"rendered":"<p>O STF (Supremo Tribunal Federal) formou maioria, nesta ter\u00e7a-feira (25), a descriminaliza\u00e7\u00e3o do porte de maconha para uso pessoal. O placar est\u00e1 em 6 a&#8230;<\/p>\n","protected":false},"author":1,"featured_media":54488,"comment_status":"open","ping_status":"open","sticky":false,"template":"","format":"standard","meta":{"_uag_custom_page_level_css":"","advanced_seo_description":"","jetpack_seo_html_title":"","jetpack_seo_noindex":false,"jetpack_post_was_ever_published":false,"_jetpack_newsletter_access":"","_jetpack_dont_email_post_to_subs":false,"_jetpack_newsletter_tier_id":0,"_jetpack_memberships_contains_paywalled_content":false,"_jetpack_memberships_contains_paid_content":false,"footnotes":"","jetpack_publicize_message":"","jetpack_publicize_feature_enabled":true,"jetpack_social_post_already_shared":true,"jetpack_social_options":{"image_generator_settings":{"template":"highway","default_image_id":0,"font":"","enabled":false},"version":2}},"categories":[11],"tags":[],"class_list":["post-54487","post","type-post","status-publish","format-standard","has-post-thumbnail","hentry","category-noticias-de-ribeirao-preto-sp-e-regiao-ismael-colosi"],"jetpack_publicize_connections":[],"jetpack_featured_media_url":"https:\/\/i0.wp.com\/ismaelcolosi.com.br\/wp-content\/uploads\/2024\/06\/AnyConv.com__dias-toffoli_2024-06-25_19-00-44.webp.webp?fit=2048%2C1365&ssl=1","uagb_featured_image_src":{"full":["https:\/\/i0.wp.com\/ismaelcolosi.com.br\/wp-content\/uploads\/2024\/06\/AnyConv.com__dias-toffoli_2024-06-25_19-00-44.webp.webp?fit=2048%2C1365&ssl=1",2048,1365,false],"thumbnail":["https:\/\/i0.wp.com\/ismaelcolosi.com.br\/wp-content\/uploads\/2024\/06\/AnyConv.com__dias-toffoli_2024-06-25_19-00-44.webp.webp?resize=150%2C150&ssl=1",150,150,true],"medium":["https:\/\/i0.wp.com\/ismaelcolosi.com.br\/wp-content\/uploads\/2024\/06\/AnyConv.com__dias-toffoli_2024-06-25_19-00-44.webp.webp?fit=300%2C200&ssl=1",300,200,true],"medium_large":["https:\/\/i0.wp.com\/ismaelcolosi.com.br\/wp-content\/uploads\/2024\/06\/AnyConv.com__dias-toffoli_2024-06-25_19-00-44.webp.webp?fit=768%2C512&ssl=1",768,512,true],"large":["https:\/\/i0.wp.com\/ismaelcolosi.com.br\/wp-content\/uploads\/2024\/06\/AnyConv.com__dias-toffoli_2024-06-25_19-00-44.webp.webp?fit=1024%2C683&ssl=1",1024,683,true],"1536x1536":["https:\/\/i0.wp.com\/ismaelcolosi.com.br\/wp-content\/uploads\/2024\/06\/AnyConv.com__dias-toffoli_2024-06-25_19-00-44.webp.webp?fit=1536%2C1024&ssl=1",1536,1024,true],"2048x2048":["https:\/\/i0.wp.com\/ismaelcolosi.com.br\/wp-content\/uploads\/2024\/06\/AnyConv.com__dias-toffoli_2024-06-25_19-00-44.webp.webp?fit=2048%2C1365&ssl=1",2048,1365,true],"really-simple-thumb":["https:\/\/i0.wp.com\/ismaelcolosi.com.br\/wp-content\/uploads\/2024\/06\/AnyConv.com__dias-toffoli_2024-06-25_19-00-44.webp.webp?resize=370%2C247&ssl=1",370,247,true]},"uagb_author_info":{"display_name":"ismaelcolosi.com.br","author_link":"https:\/\/ismaelcolosi.com.br\/index.php\/author\/vidareal-online\/"},"uagb_comment_info":0,"uagb_excerpt":"O STF (Supremo Tribunal Federal) formou maioria, nesta ter\u00e7a-feira (25), a descriminaliza\u00e7\u00e3o do porte de maconha para uso pessoal. O placar est\u00e1 em 6 a...","jetpack-related-posts":[{"id":10458,"url":"https:\/\/ismaelcolosi.com.br\/index.php\/2023\/12\/04\/stf-julga-descriminalizacao-das-drogas-em-2024-ribeirao-foi-citada-em-voto-de-moraes\/","url_meta":{"origin":54487,"position":0},"title":"STF julga descriminaliza\u00e7\u00e3o das drogas em 2024; Ribeir\u00e3o foi citada em voto de Moraes","author":"ismaelcolosi.com.br","date":"4 de December de 2023","format":false,"excerpt":"O plen\u00e1rio do STF (Supremo Tribunal Federal) deve julgar no in\u00edcio de 2024 a possibilidade de descriminaliza\u00e7\u00e3o do porte de drogas. A informa\u00e7\u00e3o foi confirmada pela assessoria da Corte ap\u00f3s a devolu\u00e7\u00e3o autom\u00e1tica de uma vista do processo. Nesta segunda-feira (4), o recurso que trata do assunto foi automaticamente devolvido\u2026","rel":"","context":"In &quot;Not\u00edcias de Ribeir\u00e3o Preto-SP e Regi\u00e3o&quot;","block_context":{"text":"Not\u00edcias de Ribeir\u00e3o Preto-SP e Regi\u00e3o","link":"https:\/\/ismaelcolosi.com.br\/index.php\/category\/noticias-de-ribeirao-preto-sp-e-regiao-ismael-colosi\/"},"img":{"alt_text":"","src":"https:\/\/i0.wp.com\/ismaelcolosi.com.br\/wp-content\/uploads\/2023\/12\/alexandre-de-moraes-2.jpg?fit=1200%2C800&ssl=1&resize=350%2C200","width":350,"height":200,"srcset":"https:\/\/i0.wp.com\/ismaelcolosi.com.br\/wp-content\/uploads\/2023\/12\/alexandre-de-moraes-2.jpg?fit=1200%2C800&ssl=1&resize=350%2C200 1x, https:\/\/i0.wp.com\/ismaelcolosi.com.br\/wp-content\/uploads\/2023\/12\/alexandre-de-moraes-2.jpg?fit=1200%2C800&ssl=1&resize=525%2C300 1.5x, https:\/\/i0.wp.com\/ismaelcolosi.com.br\/wp-content\/uploads\/2023\/12\/alexandre-de-moraes-2.jpg?fit=1200%2C800&ssl=1&resize=700%2C400 2x, https:\/\/i0.wp.com\/ismaelcolosi.com.br\/wp-content\/uploads\/2023\/12\/alexandre-de-moraes-2.jpg?fit=1200%2C800&ssl=1&resize=1050%2C600 3x"},"classes":[]},{"id":54399,"url":"https:\/\/ismaelcolosi.com.br\/index.php\/2024\/06\/25\/stf-retoma-julgamento-sobre-descriminalizacao-de-maconha-ribeirao-preto-foi-citada-em-voto\/","url_meta":{"origin":54487,"position":1},"title":"STF retoma julgamento sobre descriminaliza\u00e7\u00e3o de maconha; Ribeir\u00e3o Preto foi citada em voto","author":"ismaelcolosi.com.br","date":"25 de June de 2024","format":false,"excerpt":"O Supremo Tribunal Federal (STF) retoma nesta ter\u00e7a-feira (25) o julgamento sobre a descriminaliza\u00e7\u00e3o do porte de maconha para uso pessoal. A sess\u00e3o est\u00e1 prevista para come\u00e7ar \u00e0s 14h. At\u00e9 o momento, a Corte tem placar de 5 votos a 4 a favor da descriminaliza\u00e7\u00e3o. Em 2023,\u00a0Ribeir\u00e3o Preto\u00a0foi citada pelo\u2026","rel":"","context":"In &quot;Not\u00edcias de Ribeir\u00e3o Preto-SP e Regi\u00e3o&quot;","block_context":{"text":"Not\u00edcias de Ribeir\u00e3o Preto-SP e Regi\u00e3o","link":"https:\/\/ismaelcolosi.com.br\/index.php\/category\/noticias-de-ribeirao-preto-sp-e-regiao-ismael-colosi\/"},"img":{"alt_text":"","src":"https:\/\/i0.wp.com\/ismaelcolosi.com.br\/wp-content\/uploads\/2024\/06\/cxpia_de_tamanho_exato_para_fotos_no_sistema_novo_x14x.png?fit=1200%2C675&ssl=1&resize=350%2C200","width":350,"height":200,"srcset":"https:\/\/i0.wp.com\/ismaelcolosi.com.br\/wp-content\/uploads\/2024\/06\/cxpia_de_tamanho_exato_para_fotos_no_sistema_novo_x14x.png?fit=1200%2C675&ssl=1&resize=350%2C200 1x, https:\/\/i0.wp.com\/ismaelcolosi.com.br\/wp-content\/uploads\/2024\/06\/cxpia_de_tamanho_exato_para_fotos_no_sistema_novo_x14x.png?fit=1200%2C675&ssl=1&resize=525%2C300 1.5x, https:\/\/i0.wp.com\/ismaelcolosi.com.br\/wp-content\/uploads\/2024\/06\/cxpia_de_tamanho_exato_para_fotos_no_sistema_novo_x14x.png?fit=1200%2C675&ssl=1&resize=700%2C400 2x, https:\/\/i0.wp.com\/ismaelcolosi.com.br\/wp-content\/uploads\/2024\/06\/cxpia_de_tamanho_exato_para_fotos_no_sistema_novo_x14x.png?fit=1200%2C675&ssl=1&resize=1050%2C600 3x"},"classes":[]},{"id":10684,"url":"https:\/\/ismaelcolosi.com.br\/index.php\/2023\/12\/04\/stf-deve-julgar-descriminalizacao-do-porte-de-drogas-no-ano-que-vem\/","url_meta":{"origin":54487,"position":2},"title":"STF deve julgar descriminaliza\u00e7\u00e3o do porte de drogas no ano que vem","author":"ismaelcolosi.com.br","date":"4 de December de 2023","format":false,"excerpt":"4 de dezembro de 2023 | 15:004 de dezembro de 2023 | 12:29 0O plen\u00e1rio do Supremo Tribunal Federal (STF) deve julgar no in\u00edcio de 2024 a possibilidade de descriminaliza\u00e7\u00e3o do porte de drogas. A informa\u00e7\u00e3o foi confirmada pela assessoria da Corte ap\u00f3s a devolu\u00e7\u00e3o autom\u00e1tica de uma vista do\u2026","rel":"","context":"In &quot;Not\u00edcias de Ribeir\u00e3o Preto-SP e Regi\u00e3o&quot;","block_context":{"text":"Not\u00edcias de Ribeir\u00e3o Preto-SP e Regi\u00e3o","link":"https:\/\/ismaelcolosi.com.br\/index.php\/category\/noticias-de-ribeirao-preto-sp-e-regiao-ismael-colosi\/"},"img":{"alt_text":"","src":"https:\/\/i0.wp.com\/ismaelcolosi.com.br\/wp-content\/uploads\/2023\/12\/stf_1908200973-scaled.jpg?fit=1000%2C598&ssl=1&resize=350%2C200","width":350,"height":200,"srcset":"https:\/\/i0.wp.com\/ismaelcolosi.com.br\/wp-content\/uploads\/2023\/12\/stf_1908200973-scaled.jpg?fit=1000%2C598&ssl=1&resize=350%2C200 1x, https:\/\/i0.wp.com\/ismaelcolosi.com.br\/wp-content\/uploads\/2023\/12\/stf_1908200973-scaled.jpg?fit=1000%2C598&ssl=1&resize=525%2C300 1.5x, https:\/\/i0.wp.com\/ismaelcolosi.com.br\/wp-content\/uploads\/2023\/12\/stf_1908200973-scaled.jpg?fit=1000%2C598&ssl=1&resize=700%2C400 2x"},"classes":[]},{"id":41256,"url":"https:\/\/ismaelcolosi.com.br\/index.php\/2024\/03\/07\/stf-suspende-julgamento-sobre-descriminalizacao-do-porte-de-drogas\/","url_meta":{"origin":54487,"position":3},"title":"STF suspende julgamento sobre descriminaliza\u00e7\u00e3o do porte de drogas","author":"ismaelcolosi.com.br","date":"7 de March de 2024","format":false,"excerpt":"O Supremo Tribunal Federal (STF) suspendeu nesta quarta-feira (6) o julgamento sobre a descriminaliza\u00e7\u00e3o do porte de drogas. A data para retomada do julgamento n\u00e3o foi definida. A an\u00e1lise do caso foi interrompida por um pedido de vista feito pelo ministro Dias Toffoli. Antes da interrup\u00e7\u00e3o, o julgamento est\u00e1 5\u2026","rel":"","context":"In &quot;Not\u00edcias de Ribeir\u00e3o Preto-SP e Regi\u00e3o&quot;","block_context":{"text":"Not\u00edcias de Ribeir\u00e3o Preto-SP e Regi\u00e3o","link":"https:\/\/ismaelcolosi.com.br\/index.php\/category\/noticias-de-ribeirao-preto-sp-e-regiao-ismael-colosi\/"},"img":{"alt_text":"","src":"https:\/\/i0.wp.com\/ismaelcolosi.com.br\/wp-content\/uploads\/2024\/03\/cannabis-5003423.webp.webp?fit=1170%2C700&ssl=1&resize=350%2C200","width":350,"height":200,"srcset":"https:\/\/i0.wp.com\/ismaelcolosi.com.br\/wp-content\/uploads\/2024\/03\/cannabis-5003423.webp.webp?fit=1170%2C700&ssl=1&resize=350%2C200 1x, https:\/\/i0.wp.com\/ismaelcolosi.com.br\/wp-content\/uploads\/2024\/03\/cannabis-5003423.webp.webp?fit=1170%2C700&ssl=1&resize=525%2C300 1.5x, https:\/\/i0.wp.com\/ismaelcolosi.com.br\/wp-content\/uploads\/2024\/03\/cannabis-5003423.webp.webp?fit=1170%2C700&ssl=1&resize=700%2C400 2x, https:\/\/i0.wp.com\/ismaelcolosi.com.br\/wp-content\/uploads\/2024\/03\/cannabis-5003423.webp.webp?fit=1170%2C700&ssl=1&resize=1050%2C600 3x"},"classes":[]},{"id":53973,"url":"https:\/\/ismaelcolosi.com.br\/index.php\/2024\/06\/20\/stf-retoma-julgamento-sobre-o-porte-de-maconha-moraes-citou-ribeirao-preto-em-voto\/","url_meta":{"origin":54487,"position":4},"title":"STF retoma julgamento sobre o porte de maconha; Moraes citou Ribeir\u00e3o Preto em voto","author":"ismaelcolosi.com.br","date":"20 de June de 2024","format":false,"excerpt":"O STF (Supremo Tribunal Federal), em Bras\u00edlia, retomou no in\u00edcio da tarde desta quinta-feira (20) o julgamento sobre a descriminaliza\u00e7\u00e3o do porte de maconha para uso pessoal. No ano passado, Ribeir\u00e3o Preto foi citada pelo ministro Alexandre de Moraes no voto pela descriminaliza\u00e7\u00e3o do porte de maconha para consumo pessoal.\u2026","rel":"","context":"In &quot;Not\u00edcias de Ribeir\u00e3o Preto-SP e Regi\u00e3o&quot;","block_context":{"text":"Not\u00edcias de Ribeir\u00e3o Preto-SP e Regi\u00e3o","link":"https:\/\/ismaelcolosi.com.br\/index.php\/category\/noticias-de-ribeirao-preto-sp-e-regiao-ismael-colosi\/"},"img":{"alt_text":"","src":"https:\/\/i0.wp.com\/ismaelcolosi.com.br\/wp-content\/uploads\/2024\/03\/AnyConv.com__alexandre-de-moraes-3.webp.webp?fit=1200%2C800&ssl=1&resize=350%2C200","width":350,"height":200,"srcset":"https:\/\/i0.wp.com\/ismaelcolosi.com.br\/wp-content\/uploads\/2024\/03\/AnyConv.com__alexandre-de-moraes-3.webp.webp?fit=1200%2C800&ssl=1&resize=350%2C200 1x, https:\/\/i0.wp.com\/ismaelcolosi.com.br\/wp-content\/uploads\/2024\/03\/AnyConv.com__alexandre-de-moraes-3.webp.webp?fit=1200%2C800&ssl=1&resize=525%2C300 1.5x, https:\/\/i0.wp.com\/ismaelcolosi.com.br\/wp-content\/uploads\/2024\/03\/AnyConv.com__alexandre-de-moraes-3.webp.webp?fit=1200%2C800&ssl=1&resize=700%2C400 2x, https:\/\/i0.wp.com\/ismaelcolosi.com.br\/wp-content\/uploads\/2024\/03\/AnyConv.com__alexandre-de-moraes-3.webp.webp?fit=1200%2C800&ssl=1&resize=1050%2C600 3x"},"classes":[]},{"id":40290,"url":"https:\/\/ismaelcolosi.com.br\/index.php\/2024\/03\/02\/barroso-marca-julgamento-sobre-porte-de-drogas-para-proxima-semana\/","url_meta":{"origin":54487,"position":5},"title":"Barroso marca julgamento sobre porte de drogas para pr\u00f3xima semana","author":"ismaelcolosi.com.br","date":"2 de March de 2024","format":false,"excerpt":"O presidente do Supremo Tribunal Federal (STF), ministro Lu\u00eds Roberto Barroso, marcou para a pr\u00f3xima quarta-feira (6) a retomada do julgamento sobre a poss\u00edvel descriminaliza\u00e7\u00e3o do porte de drogas para consumo pessoal.Desde 2015, o processo sobre o tema j\u00e1 foi diversas vezes a plen\u00e1rio, sendo alvo de sucessivos pedidos de\u2026","rel":"","context":"In &quot;Not\u00edcias de Ribeir\u00e3o Preto-SP e Regi\u00e3o&quot;","block_context":{"text":"Not\u00edcias de Ribeir\u00e3o Preto-SP e Regi\u00e3o","link":"https:\/\/ismaelcolosi.com.br\/index.php\/category\/noticias-de-ribeirao-preto-sp-e-regiao-ismael-colosi\/"},"img":{"alt_text":"","src":"https:\/\/i0.wp.com\/ismaelcolosi.com.br\/wp-content\/uploads\/2024\/03\/4bfd7c4b-c32f-4c05-806b-3a32d57706c5-scaled.jpg?fit=1000%2C598&ssl=1&resize=350%2C200","width":350,"height":200,"srcset":"https:\/\/i0.wp.com\/ismaelcolosi.com.br\/wp-content\/uploads\/2024\/03\/4bfd7c4b-c32f-4c05-806b-3a32d57706c5-scaled.jpg?fit=1000%2C598&ssl=1&resize=350%2C200 1x, https:\/\/i0.wp.com\/ismaelcolosi.com.br\/wp-content\/uploads\/2024\/03\/4bfd7c4b-c32f-4c05-806b-3a32d57706c5-scaled.jpg?fit=1000%2C598&ssl=1&resize=525%2C300 1.5x, https:\/\/i0.wp.com\/ismaelcolosi.com.br\/wp-content\/uploads\/2024\/03\/4bfd7c4b-c32f-4c05-806b-3a32d57706c5-scaled.jpg?fit=1000%2C598&ssl=1&resize=700%2C400 2x"},"classes":[]}],"jetpack_sharing_enabled":true,"jetpack_shortlink":"https:\/\/wp.me\/pfMlyK-eaP","_links":{"self":[{"href":"https:\/\/ismaelcolosi.com.br\/index.php\/wp-json\/wp\/v2\/posts\/54487","targetHints":{"allow":["GET"]}}],"collection":[{"href":"https:\/\/ismaelcolosi.com.br\/index.php\/wp-json\/wp\/v2\/posts"}],"about":[{"href":"https:\/\/ismaelcolosi.com.br\/index.php\/wp-json\/wp\/v2\/types\/post"}],"author":[{"embeddable":true,"href":"https:\/\/ismaelcolosi.com.br\/index.php\/wp-json\/wp\/v2\/users\/1"}],"replies":[{"embeddable":true,"href":"https:\/\/ismaelcolosi.com.br\/index.php\/wp-json\/wp\/v2\/comments?post=54487"}],"version-history":[{"count":0,"href":"https:\/\/ismaelcolosi.com.br\/index.php\/wp-json\/wp\/v2\/posts\/54487\/revisions"}],"wp:featuredmedia":[{"embeddable":true,"href":"https:\/\/ismaelcolosi.com.br\/index.php\/wp-json\/wp\/v2\/media\/54488"}],"wp:attachment":[{"href":"https:\/\/ismaelcolosi.com.br\/index.php\/wp-json\/wp\/v2\/media?parent=54487"}],"wp:term":[{"taxonomy":"category","embeddable":true,"href":"https:\/\/ismaelcolosi.com.br\/index.php\/wp-json\/wp\/v2\/categories?post=54487"},{"taxonomy":"post_tag","embeddable":true,"href":"https:\/\/ismaelcolosi.com.br\/index.php\/wp-json\/wp\/v2\/tags?post=54487"}],"curies":[{"name":"wp","href":"https:\/\/api.w.org\/{rel}","templated":true}]}}