{"id":54483,"date":"2024-06-25T16:46:51","date_gmt":"2024-06-25T19:46:51","guid":{"rendered":"https:\/\/ismaelcolosi.com.br\/index.php\/2024\/06\/25\/veja-como-esta-a-situacao-da-possivel-venda-da-recreativa-de-ribeirao-preto-para-o-sesc\/"},"modified":"2024-06-25T16:46:51","modified_gmt":"2024-06-25T19:46:51","slug":"veja-como-esta-a-situacao-da-possivel-venda-da-recreativa-de-ribeirao-preto-para-o-sesc","status":"publish","type":"post","link":"https:\/\/ismaelcolosi.com.br\/index.php\/2024\/06\/25\/veja-como-esta-a-situacao-da-possivel-venda-da-recreativa-de-ribeirao-preto-para-o-sesc\/","title":{"rendered":"Veja como est\u00e1 a situa\u00e7\u00e3o da poss\u00edvel venda da Recreativa de Ribeir\u00e3o Preto para o Sesc"},"content":{"rendered":"<p> <br \/>\n<\/p>\n<div>\n<p>O <strong>Sesc <\/strong>informou que <strong>n\u00e3o descartou a possibilidade de compra do im\u00f3vel <\/strong>onde funciona a sede cidade da <strong>Sociedade Recreativa e de Esportes de Ribeir\u00e3o Preto<\/strong>, a <strong>Recra<\/strong>.<\/p>\n<p>Em abril deste ano, a institui\u00e7\u00e3o anunciou um <strong>estudo sobre o local<\/strong>, localizado na avenida Nove de Julho, no Centro do munic\u00edpio, avaliado em <strong>R$ 30.844.800<\/strong>, que foi levado a <strong>leil\u00e3o no final de 2023<\/strong> \u2013 saiba mais abaixo.<\/p><div class='code-block code-block-8' style='margin: 8px auto; text-align: center; display: block; clear: both;'>\n<script>\n  atOptions = {\n    'key' : '66e2e2111ca34da796271819fc334058',\n    'format' : 'iframe',\n    'height' : 250,\n    'width' : 300,\n    'params' : {}\n  };\n<\/script>\n<script src=\"https:\/\/www.highperformanceformat.com\/66e2e2111ca34da796271819fc334058\/invoke.js\"><\/script>\n<\/div>\n\n<p>A partir desta avalia\u00e7\u00e3o, o pr\u00e9dio poderia ser adquirido e transformado em um grande complexo de <strong>lazer<\/strong>, <strong>cultura<\/strong>, <strong>esporte <\/strong>e <strong>entretenimento<\/strong>. <mark style=\"background-color:#fcb900\" class=\"has-inline-color\"><strong>O local tem \u00e1rea total de 17.136 metros quadrados.<\/strong><\/mark><\/p>\n<p>Fontes ouvidas pela reportagem do <strong>portal acidade on<\/strong>, disseram que a <strong>institui\u00e7\u00e3o ainda possui interesse no local<\/strong>, contudo, <strong>o estudo continua sendo realizado<\/strong> e uma nova reuni\u00e3o com a assessoria jur\u00eddica teria acontecido na \u00faltima semana.<\/p>\n<figure class=\"wp-block-pullquote\">\n<blockquote>\n<p>Caso seja formalizada [a compra do im\u00f3vel], o\u00a0Sesc\u00a0S\u00e3o Paulo comunicar\u00e1 \u00e0 cidade de Ribeir\u00e3o Preto<\/p>\n<p><cite>informou o Sesc, atrav\u00e9s de nota<\/cite><\/p><\/blockquote>\n<\/figure>\n<h3 class=\"wp-block-heading\"><strong>Reuni\u00e3o com a Prefeitura<\/strong><\/h3>\n<p>Vale ressaltar que, no mesmo m\u00eas em que o estudo foi divulgado, a <strong>Prefeitura de Ribeir\u00e3o Preto <\/strong>informou que se reuniu com o novo diretor regional do <strong>Sesc S\u00e3o Paulo<\/strong>, Luiz Galina, em<strong> S\u00e3o Paulo<\/strong>.<\/p>\n<p>Na ocasi\u00e3o, a \u201cvinda de mais uma unidade do Sesc para a cidade tamb\u00e9m esteve entre as pautas discutidas\u201d, informou a <strong>Administra\u00e7\u00e3o Municipal<\/strong>.<\/p>\n<h4 class=\"wp-block-heading\"><strong>Clube tradicional de Ribeir\u00e3o Preto<\/strong><\/h4>\n<p>O<strong> tradicional clube de Ribeir\u00e3o Preto<\/strong> foi novamente a leil\u00e3o em<strong> dezembro de 2023<\/strong>. De acordo com o leiloeiro <strong>JudHastas<\/strong>, o im\u00f3vel n\u00e3o recebeu lances e, por isso, n\u00e3o foi vendido.<\/p>\n<p><mark style=\"background-color:#fcb900\" class=\"has-inline-color\">O im\u00f3vel tinha lance m\u00ednimo de R$ 18.506.880 e j\u00e1 tinha ido a leil\u00e3o em 2021. Ele est\u00e1 avaliado em R$ 30.844.800, mas foi levado a leil\u00e3o por 60% do valor. <strong>O local conta com cinco penhoras pela 9\u00aa Vara da Justi\u00e7a Federal.<\/strong><\/mark><\/p>\n<p>Apesar do cen\u00e1rio, o espa\u00e7o onde hoje \u00e9 a <strong>sede da Recra<\/strong> j\u00e1 foi o primeiro est\u00e1dio do <strong>Comercial<\/strong>, constru\u00eddo entre as ruas Tibiri\u00e7\u00e1 e Visconde de Inha\u00fama. O Est\u00e1dio da Rua Tibiri\u00e7\u00e1, como ficou conhecido, foi inaugurado em 1911 e foi utilizado pelo clube at\u00e9 1936.<\/p>\n<p>Entre as equipes que passaram pelo est\u00e1dio est\u00e3o o <strong>Corinthians<\/strong>, o <strong>Palmeiras <\/strong>(ent\u00e3o Palestra Italia), o <strong>Flamengo <\/strong>(empate em 4 a 4 no ano de 1933), e a <strong>sele\u00e7\u00e3o argentina<\/strong> \u2013 clique aqui e veja mais curiosidades sobre a Recra.<\/p>\n<hr class=\"wp-block-separator has-alpha-channel-opacity\"\/>\n<p>SAIBA MAIS<\/p>\n<p>Multinacional abre inscri\u00e7\u00f5es para curso com bolsa-aux\u00edlio em Ribeir\u00e3o; Saiba como participar<\/p>\n<h4 class=\"wp-block-heading\"><strong>FIQUE ON<\/strong><\/h4>\n<p>Fique ligado em tudo que acontece em Ribeir\u00e3o Preto e regi\u00e3o. Siga os perfis do\u00a0<strong>acidade on<\/strong>\u00a0no\u00a0<a href=\"https:\/\/www.instagram.com\/acidadeonribeirao\" target=\"_blank\" rel=\"noreferrer noopener\">Instagram<\/a>\u00a0e no\u00a0<a href=\"https:\/\/www.facebook.com\/acidadeonribeirao\/\" target=\"_blank\" rel=\"noreferrer noopener\">Facebook<\/a>.<\/p>\n<p>Receba not\u00edcias do\u00a0<strong>acidade on<\/strong>\u00a0no WhatsApp.\u00a0<a href=\"https:\/\/chat.whatsapp.com\/CdrZ6xrf7quD44Vw3WlPuZ\" target=\"_blank\" rel=\"noreferrer noopener\">Para entrar no grupo, basta clicar aqui.<\/a><\/p>\n<p>Fa\u00e7a uma den\u00fancia ou sugira uma reportagem sobre Ribeir\u00e3o Preto e regi\u00e3o pelo WhatsApp: 16 99117 7802.<\/p>\n<p>VEJA TAMB\u00c9M<\/p>\n<p>Qual a fortuna do jogador Vin\u00edcius Jr?<\/p>\n<p><!-- AI CONTENT END 1 -->\n<\/div>\n<p><script async src=\"\/\/www.instagram.com\/embed.js\"><\/script><br \/>\n<br \/><br \/>\n<br \/><a href=\"https:\/\/www.acidadeon.com\/ribeiraopreto\/cotidiano\/veja-como-esta-a-situacao-da-possivel-venda-da-recreativa-de-ribeirao-preto-para-o-sesc\/\">Source link <\/a><\/p>\n<div class='code-block code-block-4' style='margin: 8px auto 8px 0; text-align: left; display: block; clear: both;'>\n\ud83d\udce2 Aviso Legal\n\nO site ismaelcolosi.com.br atua apenas como um canal de divulga\u00e7\u00e3o de oportunidades de emprego e n\u00e3o se responsabiliza pelo processo seletivo, contrata\u00e7\u00e3o ou qualquer outra etapa relacionada \u00e0s vagas publicadas. Todas as informa\u00e7\u00f5es s\u00e3o de responsabilidade dos anunciantes.\n\n\u26a0\ufe0f Aten\u00e7\u00e3o! Nunca pague por promessas de emprego nem compre cursos que garantam contrata\u00e7\u00e3o. Desconfie de qualquer cobran\u00e7a para participar de sele\u00e7\u00f5es.\n\n\n\n<\/div>\n<!-- CONTENT END 1 -->\n","protected":false},"excerpt":{"rendered":"<p>O Sesc informou que n\u00e3o descartou a possibilidade de compra do im\u00f3vel onde funciona a sede cidade da Sociedade Recreativa e de Esportes de Ribeir\u00e3o&#8230;<\/p>\n","protected":false},"author":1,"featured_media":54484,"comment_status":"open","ping_status":"open","sticky":false,"template":"","format":"standard","meta":{"_uag_custom_page_level_css":"","advanced_seo_description":"","jetpack_seo_html_title":"","jetpack_seo_noindex":false,"jetpack_post_was_ever_published":false,"_jetpack_newsletter_access":"","_jetpack_dont_email_post_to_subs":false,"_jetpack_newsletter_tier_id":0,"_jetpack_memberships_contains_paywalled_content":false,"_jetpack_memberships_contains_paid_content":false,"footnotes":"","jetpack_publicize_message":"","jetpack_publicize_feature_enabled":true,"jetpack_social_post_already_shared":true,"jetpack_social_options":{"image_generator_settings":{"template":"highway","default_image_id":0,"font":"","enabled":false},"version":2}},"categories":[11],"tags":[],"class_list":["post-54483","post","type-post","status-publish","format-standard","has-post-thumbnail","hentry","category-noticias-de-ribeirao-preto-sp-e-regiao-ismael-colosi"],"jetpack_publicize_connections":[],"jetpack_featured_media_url":"https:\/\/i0.wp.com\/ismaelcolosi.com.br\/wp-content\/uploads\/2024\/06\/12642819_952681848155743_1560950669454002895_n_2024-06-25_19-06-53_jpg_2024-06-25_19-06-53.webp.webp?fit=800%2C533&ssl=1","uagb_featured_image_src":{"full":["https:\/\/i0.wp.com\/ismaelcolosi.com.br\/wp-content\/uploads\/2024\/06\/12642819_952681848155743_1560950669454002895_n_2024-06-25_19-06-53_jpg_2024-06-25_19-06-53.webp.webp?fit=800%2C533&ssl=1",800,533,false],"thumbnail":["https:\/\/i0.wp.com\/ismaelcolosi.com.br\/wp-content\/uploads\/2024\/06\/12642819_952681848155743_1560950669454002895_n_2024-06-25_19-06-53_jpg_2024-06-25_19-06-53.webp.webp?resize=150%2C150&ssl=1",150,150,true],"medium":["https:\/\/i0.wp.com\/ismaelcolosi.com.br\/wp-content\/uploads\/2024\/06\/12642819_952681848155743_1560950669454002895_n_2024-06-25_19-06-53_jpg_2024-06-25_19-06-53.webp.webp?fit=300%2C200&ssl=1",300,200,true],"medium_large":["https:\/\/i0.wp.com\/ismaelcolosi.com.br\/wp-content\/uploads\/2024\/06\/12642819_952681848155743_1560950669454002895_n_2024-06-25_19-06-53_jpg_2024-06-25_19-06-53.webp.webp?fit=768%2C512&ssl=1",768,512,true],"large":["https:\/\/i0.wp.com\/ismaelcolosi.com.br\/wp-content\/uploads\/2024\/06\/12642819_952681848155743_1560950669454002895_n_2024-06-25_19-06-53_jpg_2024-06-25_19-06-53.webp.webp?fit=800%2C533&ssl=1",800,533,true],"1536x1536":["https:\/\/i0.wp.com\/ismaelcolosi.com.br\/wp-content\/uploads\/2024\/06\/12642819_952681848155743_1560950669454002895_n_2024-06-25_19-06-53_jpg_2024-06-25_19-06-53.webp.webp?fit=800%2C533&ssl=1",800,533,true],"2048x2048":["https:\/\/i0.wp.com\/ismaelcolosi.com.br\/wp-content\/uploads\/2024\/06\/12642819_952681848155743_1560950669454002895_n_2024-06-25_19-06-53_jpg_2024-06-25_19-06-53.webp.webp?fit=800%2C533&ssl=1",800,533,true],"really-simple-thumb":["https:\/\/i0.wp.com\/ismaelcolosi.com.br\/wp-content\/uploads\/2024\/06\/12642819_952681848155743_1560950669454002895_n_2024-06-25_19-06-53_jpg_2024-06-25_19-06-53.webp.webp?resize=370%2C247&ssl=1",370,247,true]},"uagb_author_info":{"display_name":"ismaelcolosi.com.br","author_link":"https:\/\/ismaelcolosi.com.br\/index.php\/author\/vidareal-online\/"},"uagb_comment_info":0,"uagb_excerpt":"O Sesc informou que n\u00e3o descartou a possibilidade de compra do im\u00f3vel onde funciona a sede cidade da Sociedade Recreativa e de Esportes de Ribeir\u00e3o...","jetpack-related-posts":[{"id":54990,"url":"https:\/\/ismaelcolosi.com.br\/index.php\/2024\/06\/28\/compra-da-recreativa-de-ribeirao-preto-e-aprovada-pelo-conselho-do-sesc-sp-entenda\/","url_meta":{"origin":54483,"position":0},"title":"Compra da Recreativa de Ribeir\u00e3o Preto \u00e9 aprovada pelo Conselho do Sesc SP; Entenda","author":"ismaelcolosi.com.br","date":"28 de June de 2024","format":false,"excerpt":"A compra do im\u00f3vel onde funciona a sede cidade da Sociedade Recreativa e de Esportes de Ribeir\u00e3o Preto (Recra), foi aprovada pelo Conselho de Administra\u00e7\u00e3o do Sesc S\u00e3o Paulo. Uma nova reuni\u00e3o do conselho aconteceu na \u00faltima ter\u00e7a-feira (25) e, de acordo com Paulo C\u00e9sar Garcia Lopes, presidente do Sindicato\u2026","rel":"","context":"In &quot;Not\u00edcias de Ribeir\u00e3o Preto-SP e Regi\u00e3o&quot;","block_context":{"text":"Not\u00edcias de Ribeir\u00e3o Preto-SP e Regi\u00e3o","link":"https:\/\/ismaelcolosi.com.br\/index.php\/category\/noticias-de-ribeirao-preto-sp-e-regiao-ismael-colosi\/"},"img":{"alt_text":"","src":"https:\/\/i0.wp.com\/ismaelcolosi.com.br\/wp-content\/uploads\/2024\/06\/recreativa.jpg?fit=767%2C480&ssl=1&resize=350%2C200","width":350,"height":200,"srcset":"https:\/\/i0.wp.com\/ismaelcolosi.com.br\/wp-content\/uploads\/2024\/06\/recreativa.jpg?fit=767%2C480&ssl=1&resize=350%2C200 1x, https:\/\/i0.wp.com\/ismaelcolosi.com.br\/wp-content\/uploads\/2024\/06\/recreativa.jpg?fit=767%2C480&ssl=1&resize=525%2C300 1.5x, https:\/\/i0.wp.com\/ismaelcolosi.com.br\/wp-content\/uploads\/2024\/06\/recreativa.jpg?fit=767%2C480&ssl=1&resize=700%2C400 2x"},"classes":[]},{"id":58034,"url":"https:\/\/ismaelcolosi.com.br\/index.php\/2024\/07\/26\/sesc-oferece-r-44-milhoes-para-compra-da-sede-da-recra-em-ribeirao-preto\/","url_meta":{"origin":54483,"position":1},"title":"Sesc oferece R$ 44 milh\u00f5es para compra da sede da Recra em Ribeir\u00e3o Preto","author":"ismaelcolosi.com.br","date":"26 de July de 2024","format":false,"excerpt":"O Sesc ofereceu R$ 44 milh\u00f5es para compra da sede da Sociedade Recreativa e de Esportes de Ribeir\u00e3o Preto, a Recra, na avenida Nove de Julho. De acordo com a Vegas Leil\u00f5es, o pagamento seria pago \u00e0 vista em at\u00e9 cinco dias ap\u00f3s a homologa\u00e7\u00e3o da proposta pela Justi\u00e7a. A\u2026","rel":"","context":"In &quot;Not\u00edcias de Ribeir\u00e3o Preto-SP e Regi\u00e3o&quot;","block_context":{"text":"Not\u00edcias de Ribeir\u00e3o Preto-SP e Regi\u00e3o","link":"https:\/\/ismaelcolosi.com.br\/index.php\/category\/noticias-de-ribeirao-preto-sp-e-regiao-ismael-colosi\/"},"img":{"alt_text":"","src":"https:\/\/i0.wp.com\/ismaelcolosi.com.br\/wp-content\/uploads\/2024\/06\/12642819_952681848155743_1560950669454002895_n_2024-06-25_19-06-53_jpg_2024-06-25_19-06-53.webp.webp?fit=800%2C533&ssl=1&resize=350%2C200","width":350,"height":200,"srcset":"https:\/\/i0.wp.com\/ismaelcolosi.com.br\/wp-content\/uploads\/2024\/06\/12642819_952681848155743_1560950669454002895_n_2024-06-25_19-06-53_jpg_2024-06-25_19-06-53.webp.webp?fit=800%2C533&ssl=1&resize=350%2C200 1x, https:\/\/i0.wp.com\/ismaelcolosi.com.br\/wp-content\/uploads\/2024\/06\/12642819_952681848155743_1560950669454002895_n_2024-06-25_19-06-53_jpg_2024-06-25_19-06-53.webp.webp?fit=800%2C533&ssl=1&resize=525%2C300 1.5x, https:\/\/i0.wp.com\/ismaelcolosi.com.br\/wp-content\/uploads\/2024\/06\/12642819_952681848155743_1560950669454002895_n_2024-06-25_19-06-53_jpg_2024-06-25_19-06-53.webp.webp?fit=800%2C533&ssl=1&resize=700%2C400 2x"},"classes":[]},{"id":59643,"url":"https:\/\/ismaelcolosi.com.br\/index.php\/2024\/08\/10\/sesc-ribeirao-preto-toma-posse-da-sede-da-recra-nesta-semana\/","url_meta":{"origin":54483,"position":2},"title":"Sesc Ribeir\u00e3o Preto toma posse da sede da Recra nesta semana","author":"ismaelcolosi.com.br","date":"10 de August de 2024","format":false,"excerpt":"O Sesc toma posse da sede da Sociedade Recreativa e de Esportes de Ribeir\u00e3o Preto, na avenida Nove de Julho, na pr\u00f3xima ter\u00e7a-feira (13), \u00e0s 10h. A atual unidade Sesc permanecer\u00e1 em funcionamento. Ap\u00f3s a aprova\u00e7\u00e3o do acordo pela Justi\u00e7a, a compra do im\u00f3vel foi finalizada. O Sesc Ribeir\u00e3o realizou\u2026","rel":"","context":"In &quot;Not\u00edcias de Ribeir\u00e3o Preto-SP e Regi\u00e3o&quot;","block_context":{"text":"Not\u00edcias de Ribeir\u00e3o Preto-SP e Regi\u00e3o","link":"https:\/\/ismaelcolosi.com.br\/index.php\/category\/noticias-de-ribeirao-preto-sp-e-regiao-ismael-colosi\/"},"img":{"alt_text":"","src":"https:\/\/i0.wp.com\/ismaelcolosi.com.br\/wp-content\/uploads\/2024\/08\/recreativa.jpg?fit=767%2C480&ssl=1&resize=350%2C200","width":350,"height":200,"srcset":"https:\/\/i0.wp.com\/ismaelcolosi.com.br\/wp-content\/uploads\/2024\/08\/recreativa.jpg?fit=767%2C480&ssl=1&resize=350%2C200 1x, https:\/\/i0.wp.com\/ismaelcolosi.com.br\/wp-content\/uploads\/2024\/08\/recreativa.jpg?fit=767%2C480&ssl=1&resize=525%2C300 1.5x, https:\/\/i0.wp.com\/ismaelcolosi.com.br\/wp-content\/uploads\/2024\/08\/recreativa.jpg?fit=767%2C480&ssl=1&resize=700%2C400 2x"},"classes":[]},{"id":58706,"url":"https:\/\/ismaelcolosi.com.br\/index.php\/2024\/08\/01\/saiba-como-fica-a-situacao-dos-associados-da-recra-com-a-venda-da-sede-em-ribeirao\/","url_meta":{"origin":54483,"position":3},"title":"Saiba como fica a situa\u00e7\u00e3o dos associados da Recra com a venda da sede em Ribeir\u00e3o","author":"ismaelcolosi.com.br","date":"1 de August de 2024","format":false,"excerpt":"Com a venda da sede da Sociedade Recreativa e de Esportes de Ribeir\u00e3o Preto para o Sesc, conclu\u00edda na \u00faltima quarta-feira (31), os s\u00f3cios do clube poder\u00e3o continuar utilizando as depend\u00eancias da sede campestre. Em nota, a Recra informou que a venda do im\u00f3vel da avenida Nove de Julho n\u00e3o\u2026","rel":"","context":"In &quot;Not\u00edcias de Ribeir\u00e3o Preto-SP e Regi\u00e3o&quot;","block_context":{"text":"Not\u00edcias de Ribeir\u00e3o Preto-SP e Regi\u00e3o","link":"https:\/\/ismaelcolosi.com.br\/index.php\/category\/noticias-de-ribeirao-preto-sp-e-regiao-ismael-colosi\/"},"img":{"alt_text":"","src":"https:\/\/i0.wp.com\/ismaelcolosi.com.br\/wp-content\/uploads\/2024\/06\/12642819_952681848155743_1560950669454002895_n_2024-06-25_19-06-53_jpg_2024-06-25_19-06-53.webp.webp?fit=800%2C533&ssl=1&resize=350%2C200","width":350,"height":200,"srcset":"https:\/\/i0.wp.com\/ismaelcolosi.com.br\/wp-content\/uploads\/2024\/06\/12642819_952681848155743_1560950669454002895_n_2024-06-25_19-06-53_jpg_2024-06-25_19-06-53.webp.webp?fit=800%2C533&ssl=1&resize=350%2C200 1x, https:\/\/i0.wp.com\/ismaelcolosi.com.br\/wp-content\/uploads\/2024\/06\/12642819_952681848155743_1560950669454002895_n_2024-06-25_19-06-53_jpg_2024-06-25_19-06-53.webp.webp?fit=800%2C533&ssl=1&resize=525%2C300 1.5x, https:\/\/i0.wp.com\/ismaelcolosi.com.br\/wp-content\/uploads\/2024\/06\/12642819_952681848155743_1560950669454002895_n_2024-06-25_19-06-53_jpg_2024-06-25_19-06-53.webp.webp?fit=800%2C533&ssl=1&resize=700%2C400 2x"},"classes":[]},{"id":58557,"url":"https:\/\/ismaelcolosi.com.br\/index.php\/2024\/07\/31\/sesc-conclui-compra-da-sede-da-recra-em-ribeirao-preto\/","url_meta":{"origin":54483,"position":4},"title":"Sesc conclui compra da sede da Recra em Ribeir\u00e3o Preto","author":"ismaelcolosi.com.br","date":"31 de July de 2024","format":false,"excerpt":"A Justi\u00e7a homologou nesta quarta-feira (31) a compra da sede da Sociedade Recreativa e de Esportes de Ribeir\u00e3o Preto, a Recra, pelo Sesc. A opera\u00e7\u00e3o ser\u00e1 concretizada por R$ 44 milh\u00f5es. De acordo com a Vegas Leil\u00f5es, o pagamento seria pago \u00e0 vista em at\u00e9 cinco dias ap\u00f3s a homologa\u00e7\u00e3o\u2026","rel":"","context":"In &quot;Not\u00edcias de Ribeir\u00e3o Preto-SP e Regi\u00e3o&quot;","block_context":{"text":"Not\u00edcias de Ribeir\u00e3o Preto-SP e Regi\u00e3o","link":"https:\/\/ismaelcolosi.com.br\/index.php\/category\/noticias-de-ribeirao-preto-sp-e-regiao-ismael-colosi\/"},"img":{"alt_text":"","src":"https:\/\/i0.wp.com\/ismaelcolosi.com.br\/wp-content\/uploads\/2024\/07\/recreativa.jpg?fit=767%2C480&ssl=1&resize=350%2C200","width":350,"height":200,"srcset":"https:\/\/i0.wp.com\/ismaelcolosi.com.br\/wp-content\/uploads\/2024\/07\/recreativa.jpg?fit=767%2C480&ssl=1&resize=350%2C200 1x, https:\/\/i0.wp.com\/ismaelcolosi.com.br\/wp-content\/uploads\/2024\/07\/recreativa.jpg?fit=767%2C480&ssl=1&resize=525%2C300 1.5x, https:\/\/i0.wp.com\/ismaelcolosi.com.br\/wp-content\/uploads\/2024\/07\/recreativa.jpg?fit=767%2C480&ssl=1&resize=700%2C400 2x"},"classes":[]},{"id":56369,"url":"https:\/\/ismaelcolosi.com.br\/index.php\/2024\/07\/11\/dubladora-de-ariel-em-a-pequena-sereia-realiza-oficina-gratuita-no-sesc-ribeirao-preto\/","url_meta":{"origin":54483,"position":5},"title":"Dubladora de Ariel em \u2018A Pequena Sereia\u2019 realiza oficina gratuita no Sesc Ribeir\u00e3o Preto","author":"ismaelcolosi.com.br","date":"11 de July de 2024","format":false,"excerpt":"Marisa Leal, dubladora de diversos personagens como Ariel, em \u201cA Pequena Sereia\u201d, realiza uma oficina gratuita, a \u201cVivencia de Dublagem\u201d no Sesc Ribeir\u00e3o Preto, no pr\u00f3ximo dia 19 de julho, \u00e0s 19h30. Marisa ir\u00e1 conversar sobre sua carreira e realizar demonstra\u00e7\u00f5es ao vivo para os interessados no mercado de dublagem.\u2026","rel":"","context":"In &quot;Not\u00edcias de Ribeir\u00e3o Preto-SP e Regi\u00e3o&quot;","block_context":{"text":"Not\u00edcias de Ribeir\u00e3o Preto-SP e Regi\u00e3o","link":"https:\/\/ismaelcolosi.com.br\/index.php\/category\/noticias-de-ribeirao-preto-sp-e-regiao-ismael-colosi\/"},"img":{"alt_text":"","src":"https:\/\/i0.wp.com\/ismaelcolosi.com.br\/wp-content\/uploads\/2024\/07\/Copia-de-Copia-de-TAMANHO-EXATO-PARA-FOTOS-NO-SISTEMA-NOVO-16_2024-07-11_13-57-49_jpg_2024-07-11_13-57-49.webp.webp?fit=1200%2C675&ssl=1&resize=350%2C200","width":350,"height":200,"srcset":"https:\/\/i0.wp.com\/ismaelcolosi.com.br\/wp-content\/uploads\/2024\/07\/Copia-de-Copia-de-TAMANHO-EXATO-PARA-FOTOS-NO-SISTEMA-NOVO-16_2024-07-11_13-57-49_jpg_2024-07-11_13-57-49.webp.webp?fit=1200%2C675&ssl=1&resize=350%2C200 1x, https:\/\/i0.wp.com\/ismaelcolosi.com.br\/wp-content\/uploads\/2024\/07\/Copia-de-Copia-de-TAMANHO-EXATO-PARA-FOTOS-NO-SISTEMA-NOVO-16_2024-07-11_13-57-49_jpg_2024-07-11_13-57-49.webp.webp?fit=1200%2C675&ssl=1&resize=525%2C300 1.5x, https:\/\/i0.wp.com\/ismaelcolosi.com.br\/wp-content\/uploads\/2024\/07\/Copia-de-Copia-de-TAMANHO-EXATO-PARA-FOTOS-NO-SISTEMA-NOVO-16_2024-07-11_13-57-49_jpg_2024-07-11_13-57-49.webp.webp?fit=1200%2C675&ssl=1&resize=700%2C400 2x, https:\/\/i0.wp.com\/ismaelcolosi.com.br\/wp-content\/uploads\/2024\/07\/Copia-de-Copia-de-TAMANHO-EXATO-PARA-FOTOS-NO-SISTEMA-NOVO-16_2024-07-11_13-57-49_jpg_2024-07-11_13-57-49.webp.webp?fit=1200%2C675&ssl=1&resize=1050%2C600 3x"},"classes":[]}],"jetpack_sharing_enabled":true,"jetpack_shortlink":"https:\/\/wp.me\/pfMlyK-eaL","_links":{"self":[{"href":"https:\/\/ismaelcolosi.com.br\/index.php\/wp-json\/wp\/v2\/posts\/54483","targetHints":{"allow":["GET"]}}],"collection":[{"href":"https:\/\/ismaelcolosi.com.br\/index.php\/wp-json\/wp\/v2\/posts"}],"about":[{"href":"https:\/\/ismaelcolosi.com.br\/index.php\/wp-json\/wp\/v2\/types\/post"}],"author":[{"embeddable":true,"href":"https:\/\/ismaelcolosi.com.br\/index.php\/wp-json\/wp\/v2\/users\/1"}],"replies":[{"embeddable":true,"href":"https:\/\/ismaelcolosi.com.br\/index.php\/wp-json\/wp\/v2\/comments?post=54483"}],"version-history":[{"count":0,"href":"https:\/\/ismaelcolosi.com.br\/index.php\/wp-json\/wp\/v2\/posts\/54483\/revisions"}],"wp:featuredmedia":[{"embeddable":true,"href":"https:\/\/ismaelcolosi.com.br\/index.php\/wp-json\/wp\/v2\/media\/54484"}],"wp:attachment":[{"href":"https:\/\/ismaelcolosi.com.br\/index.php\/wp-json\/wp\/v2\/media?parent=54483"}],"wp:term":[{"taxonomy":"category","embeddable":true,"href":"https:\/\/ismaelcolosi.com.br\/index.php\/wp-json\/wp\/v2\/categories?post=54483"},{"taxonomy":"post_tag","embeddable":true,"href":"https:\/\/ismaelcolosi.com.br\/index.php\/wp-json\/wp\/v2\/tags?post=54483"}],"curies":[{"name":"wp","href":"https:\/\/api.w.org\/{rel}","templated":true}]}}