{"id":54477,"date":"2024-06-25T16:08:10","date_gmt":"2024-06-25T19:08:10","guid":{"rendered":"https:\/\/ismaelcolosi.com.br\/index.php\/2024\/06\/25\/multinacional-abre-inscricoes-para-curso-com-bolsa-auxilio-em-ribeirao-saiba-como-participar\/"},"modified":"2024-06-25T16:08:10","modified_gmt":"2024-06-25T19:08:10","slug":"multinacional-abre-inscricoes-para-curso-com-bolsa-auxilio-em-ribeirao-saiba-como-participar","status":"publish","type":"post","link":"https:\/\/ismaelcolosi.com.br\/index.php\/2024\/06\/25\/multinacional-abre-inscricoes-para-curso-com-bolsa-auxilio-em-ribeirao-saiba-como-participar\/","title":{"rendered":"Multinacional abre inscri\u00e7\u00f5es para curso com bolsa-aux\u00edlio em Ribeir\u00e3o; Saiba como participar"},"content":{"rendered":"<p> <br \/>\n<\/p>\n<div>\n<p>A multinacional <strong>3M<\/strong> abriu as inscri\u00e7\u00f5es para o processo seletivo do Programa Formare em<strong> Ribeir\u00e3o Preto<\/strong>. <mark style=\"background-color:#fcb900\" class=\"has-inline-color\">O curso de assistente de produ\u00e7\u00e3o industrial oferece a bolsa-aux\u00edlio de meio sal\u00e1rio-m\u00ednimo \u2013 equivalente a R$ 706 por m\u00eas.<\/mark><\/p>\n<p>Os interessados podem se inscrever at\u00e9 o dia 15 de agosto pela internet <a href=\"https:\/\/ava.fiochpe.org.br\/login\/\" target=\"_blank\" rel=\"noreferrer noopener nofollow\">(clique aqui)<\/a>.<\/p>\n<p>Ao todo, s\u00e3o 20 vagas e <mark style=\"background-color:#fcb900\" class=\"has-inline-color has-black-color\">os interessados devem ter nascido entre 2006 e 2007 e devem estar cursando ou ter conclu\u00eddo o ensino m\u00e9dio em rede p\u00fablica de ensino.<\/mark><\/p>\n<p>Al\u00e9m disso, \u00e9 preciso ter renda familiar por pessoa da fam\u00edlia de at\u00e9 um sal\u00e1rio-m\u00ednimo, al\u00e9m de n\u00e3o ter frequentado cursos profissionalizantes.<\/p>\n<h4 class=\"wp-block-heading\"><strong>Prova<\/strong><\/h4>\n<p>As fases do processo seletivo consistem em cadastro na plataforma, preenchimento da ficha de inscri\u00e7\u00e3o, question\u00e1rio de perfil, provas de conhecimentos b\u00e1sicos, sendo uma de L\u00edngua Portuguesa e uma de Matem\u00e1tica, com um total de dez quest\u00f5es cada.<\/p>\n<p>Os candidatos tamb\u00e9m v\u00e3o passar por uma entrevista com familiares e uma entrevista individual. A cada etapa, o candidato ser\u00e1 avaliado e receber\u00e1 um retorno por e-mail informando se foi aprovado para a pr\u00f3xima fase ou n\u00e3o.<\/p>\n<p>Os candidatos selecionados ser\u00e3o anunciados em 16 de setembro.<\/p>\n<h4 class=\"wp-block-heading\"><strong>Bolsa-aux\u00edlio e benef\u00edcios<\/strong><\/h4>\n<p>Al\u00e9m da bolsa-aux\u00edlio de meio sal\u00e1rio-m\u00ednimo, o curso oferece alimenta\u00e7\u00e3o no local, uniforme, transporte fretado, material escolar para uso durante a forma\u00e7\u00e3o, seguro de vida em grupo, assist\u00eancia m\u00e9dica e odontol\u00f3gica.<\/p>\n<p>SAIBA MAIS<br \/>Frente fria de forte intensidade vai derrubar as temperaturas no interior de SP<\/p>\n<h4 class=\"wp-block-heading\"><strong>FIQUE ON<\/strong><\/h4>\n<p>Fique ligado em tudo que acontece em Ribeir\u00e3o Preto e regi\u00e3o. Siga os perfis do <strong>acidade on<\/strong> no <a href=\"https:\/\/www.instagram.com\/acidadeonribeirao\" target=\"_blank\" rel=\"noreferrer noopener nofollow\">Instagram<\/a> e no <a href=\"https:\/\/www.facebook.com\/acidadeonribeirao\/\" target=\"_blank\" rel=\"noreferrer noopener nofollow\">Facebook<\/a>.<\/p>\n<p>Receba not\u00edcias do <strong>acidade on<\/strong> no WhatsApp. <a href=\"https:\/\/chat.whatsapp.com\/CdrZ6xrf7quD44Vw3WlPuZ\" target=\"_blank\" rel=\"noreferrer noopener nofollow\">Para entrar no grupo, basta clicar aqui.<\/a><\/p>\n<p>Fa\u00e7a uma den\u00fancia ou sugira uma reportagem sobre Ribeir\u00e3o Preto e regi\u00e3o pelo WhatsApp: 16 99117 7802.<\/p>\n<p>VEJA TAMB\u00c9M<br \/>Com que trabalham os filhos de Marcello Antony em Portugal?<\/p>\n<p><!-- AI CONTENT END 1 -->\n<\/div>\n<p><script async src=\"\/\/www.instagram.com\/embed.js\"><\/script><br \/>\n<br \/><br \/>\n<br \/><a href=\"https:\/\/www.acidadeon.com\/ribeiraopreto\/economia\/multinacional-abre-inscricoes-para-curso-com-bolsa-auxilio-em-ribeirao-saiba-como-participar\/\">Source link <\/a><\/p>\n<div class='code-block code-block-4' style='margin: 8px auto 8px 0; text-align: left; display: block; clear: both;'>\n\ud83d\udce2 Aviso Legal\n\nO site ismaelcolosi.com.br atua apenas como um canal de divulga\u00e7\u00e3o de oportunidades de emprego e n\u00e3o se responsabiliza pelo processo seletivo, contrata\u00e7\u00e3o ou qualquer outra etapa relacionada \u00e0s vagas publicadas. Todas as informa\u00e7\u00f5es s\u00e3o de responsabilidade dos anunciantes.\n\n\u26a0\ufe0f Aten\u00e7\u00e3o! Nunca pague por promessas de emprego nem compre cursos que garantam contrata\u00e7\u00e3o. Desconfie de qualquer cobran\u00e7a para participar de sele\u00e7\u00f5es.\n\n\n\n<\/div>\n<!-- CONTENT END 1 -->\n","protected":false},"excerpt":{"rendered":"<p>A multinacional 3M abriu as inscri\u00e7\u00f5es para o processo seletivo do Programa Formare em Ribeir\u00e3o Preto. O curso de assistente de produ\u00e7\u00e3o industrial oferece a&#8230;<\/p>\n","protected":false},"author":1,"featured_media":54478,"comment_status":"open","ping_status":"open","sticky":false,"template":"","format":"standard","meta":{"_uag_custom_page_level_css":"","advanced_seo_description":"","jetpack_seo_html_title":"","jetpack_seo_noindex":false,"jetpack_post_was_ever_published":false,"_jetpack_newsletter_access":"","_jetpack_dont_email_post_to_subs":false,"_jetpack_newsletter_tier_id":0,"_jetpack_memberships_contains_paywalled_content":false,"_jetpack_memberships_contains_paid_content":false,"footnotes":"","jetpack_publicize_message":"","jetpack_publicize_feature_enabled":true,"jetpack_social_post_already_shared":true,"jetpack_social_options":{"image_generator_settings":{"template":"highway","default_image_id":0,"font":"","enabled":false},"version":2}},"categories":[11],"tags":[],"class_list":["post-54477","post","type-post","status-publish","format-standard","has-post-thumbnail","hentry","category-noticias-de-ribeirao-preto-sp-e-regiao-ismael-colosi"],"jetpack_publicize_connections":[],"jetpack_featured_media_url":"https:\/\/i0.wp.com\/ismaelcolosi.com.br\/wp-content\/uploads\/2024\/06\/AnyConv.com__3m_2024-06-25_18-32-59.webp.webp?fit=983%2C616&ssl=1","uagb_featured_image_src":{"full":["https:\/\/i0.wp.com\/ismaelcolosi.com.br\/wp-content\/uploads\/2024\/06\/AnyConv.com__3m_2024-06-25_18-32-59.webp.webp?fit=983%2C616&ssl=1",983,616,false],"thumbnail":["https:\/\/i0.wp.com\/ismaelcolosi.com.br\/wp-content\/uploads\/2024\/06\/AnyConv.com__3m_2024-06-25_18-32-59.webp.webp?resize=150%2C150&ssl=1",150,150,true],"medium":["https:\/\/i0.wp.com\/ismaelcolosi.com.br\/wp-content\/uploads\/2024\/06\/AnyConv.com__3m_2024-06-25_18-32-59.webp.webp?fit=300%2C188&ssl=1",300,188,true],"medium_large":["https:\/\/i0.wp.com\/ismaelcolosi.com.br\/wp-content\/uploads\/2024\/06\/AnyConv.com__3m_2024-06-25_18-32-59.webp.webp?fit=768%2C481&ssl=1",768,481,true],"large":["https:\/\/i0.wp.com\/ismaelcolosi.com.br\/wp-content\/uploads\/2024\/06\/AnyConv.com__3m_2024-06-25_18-32-59.webp.webp?fit=983%2C616&ssl=1",983,616,true],"1536x1536":["https:\/\/i0.wp.com\/ismaelcolosi.com.br\/wp-content\/uploads\/2024\/06\/AnyConv.com__3m_2024-06-25_18-32-59.webp.webp?fit=983%2C616&ssl=1",983,616,true],"2048x2048":["https:\/\/i0.wp.com\/ismaelcolosi.com.br\/wp-content\/uploads\/2024\/06\/AnyConv.com__3m_2024-06-25_18-32-59.webp.webp?fit=983%2C616&ssl=1",983,616,true],"really-simple-thumb":["https:\/\/i0.wp.com\/ismaelcolosi.com.br\/wp-content\/uploads\/2024\/06\/AnyConv.com__3m_2024-06-25_18-32-59.webp.webp?resize=370%2C247&ssl=1",370,247,true]},"uagb_author_info":{"display_name":"ismaelcolosi.com.br","author_link":"https:\/\/ismaelcolosi.com.br\/index.php\/author\/vidareal-online\/"},"uagb_comment_info":0,"uagb_excerpt":"A multinacional 3M abriu as inscri\u00e7\u00f5es para o processo seletivo do Programa Formare em Ribeir\u00e3o Preto. O curso de assistente de produ\u00e7\u00e3o industrial oferece a...","jetpack-related-posts":[{"id":71481,"url":"https:\/\/ismaelcolosi.com.br\/index.php\/2024\/10\/16\/multinacional-abre-vagas-para-aprendiz-na-regiao-de-ribeirao-preto\/","url_meta":{"origin":54477,"position":0},"title":"Multinacional abre vagas para aprendiz na regi\u00e3o de Ribeir\u00e3o Preto","author":"ismaelcolosi.com.br","date":"16 de October de 2024","format":false,"excerpt":"A multinacional Sylvamo, que atua na produ\u00e7\u00e3o de papel, anunciou a abertura de 21 vagas em um programa de aprendiz para jovens residentes em Luiz Ant\u00f4nio, S\u00e3o Sim\u00e3o e Guatapar\u00e1, na regi\u00e3o de Ribeir\u00e3o Preto. O programa, que \u00e9 ligado a um instituto mantido pela empresa e tem parceria com\u2026","rel":"","context":"In &quot;Not\u00edcias de Ribeir\u00e3o Preto-SP e Regi\u00e3o&quot;","block_context":{"text":"Not\u00edcias de Ribeir\u00e3o Preto-SP e Regi\u00e3o","link":"https:\/\/ismaelcolosi.com.br\/index.php\/category\/noticias-de-ribeirao-preto-sp-e-regiao-ismael-colosi\/"},"img":{"alt_text":"","src":"https:\/\/i0.wp.com\/ismaelcolosi.com.br\/wp-content\/uploads\/2024\/10\/students-with-laptop-medium-shot_2024-10-16_17-30-54_jpg_2024-10-16_17-30-56-scaled.webp.webp?fit=1200%2C800&ssl=1&resize=350%2C200","width":350,"height":200,"srcset":"https:\/\/i0.wp.com\/ismaelcolosi.com.br\/wp-content\/uploads\/2024\/10\/students-with-laptop-medium-shot_2024-10-16_17-30-54_jpg_2024-10-16_17-30-56-scaled.webp.webp?fit=1200%2C800&ssl=1&resize=350%2C200 1x, https:\/\/i0.wp.com\/ismaelcolosi.com.br\/wp-content\/uploads\/2024\/10\/students-with-laptop-medium-shot_2024-10-16_17-30-54_jpg_2024-10-16_17-30-56-scaled.webp.webp?fit=1200%2C800&ssl=1&resize=525%2C300 1.5x, https:\/\/i0.wp.com\/ismaelcolosi.com.br\/wp-content\/uploads\/2024\/10\/students-with-laptop-medium-shot_2024-10-16_17-30-54_jpg_2024-10-16_17-30-56-scaled.webp.webp?fit=1200%2C800&ssl=1&resize=700%2C400 2x, https:\/\/i0.wp.com\/ismaelcolosi.com.br\/wp-content\/uploads\/2024\/10\/students-with-laptop-medium-shot_2024-10-16_17-30-54_jpg_2024-10-16_17-30-56-scaled.webp.webp?fit=1200%2C800&ssl=1&resize=1050%2C600 3x"},"classes":[]},{"id":51857,"url":"https:\/\/ismaelcolosi.com.br\/index.php\/2024\/05\/31\/veja-ate-quando-vao-as-inscricoes-para-o-processo-seletivo-da-faepa-ribeirao-preto\/","url_meta":{"origin":54477,"position":1},"title":"Veja at\u00e9 quando v\u00e3o as inscri\u00e7\u00f5es para o processo seletivo da Faepa Ribeir\u00e3o Preto","author":"ismaelcolosi.com.br","date":"31 de May de 2024","format":false,"excerpt":"As inscri\u00e7\u00f5es para o processo seletivo da Faepa (Funda\u00e7\u00e3o de Apoio ao Ensino, Pesquisa e Assist\u00eancia do Hospital das Cl\u00ednicas) de Ribeir\u00e3o Preto terminam na segunda-feira (3) para os cargos de pedreiro, biologista, m\u00e9dico e fisioterapeuta. J\u00e1 para f\u00edsicos, o prazo \u00e9 at\u00e9 sexta-feira (7). Os interessados devem se inscrever\u2026","rel":"","context":"In &quot;Not\u00edcias de Ribeir\u00e3o Preto-SP e Regi\u00e3o&quot;","block_context":{"text":"Not\u00edcias de Ribeir\u00e3o Preto-SP e Regi\u00e3o","link":"https:\/\/ismaelcolosi.com.br\/index.php\/category\/noticias-de-ribeirao-preto-sp-e-regiao-ismael-colosi\/"},"img":{"alt_text":"","src":"https:\/\/i0.wp.com\/ismaelcolosi.com.br\/wp-content\/uploads\/2024\/05\/Capturar_2024-05-10_20-51-42_jpg_2024-05-10_20-51-42.webp.webp?fit=830%2C371&ssl=1&resize=350%2C200","width":350,"height":200,"srcset":"https:\/\/i0.wp.com\/ismaelcolosi.com.br\/wp-content\/uploads\/2024\/05\/Capturar_2024-05-10_20-51-42_jpg_2024-05-10_20-51-42.webp.webp?fit=830%2C371&ssl=1&resize=350%2C200 1x, https:\/\/i0.wp.com\/ismaelcolosi.com.br\/wp-content\/uploads\/2024\/05\/Capturar_2024-05-10_20-51-42_jpg_2024-05-10_20-51-42.webp.webp?fit=830%2C371&ssl=1&resize=525%2C300 1.5x, https:\/\/i0.wp.com\/ismaelcolosi.com.br\/wp-content\/uploads\/2024\/05\/Capturar_2024-05-10_20-51-42_jpg_2024-05-10_20-51-42.webp.webp?fit=830%2C371&ssl=1&resize=700%2C400 2x"},"classes":[]},{"id":33059,"url":"https:\/\/ismaelcolosi.com.br\/index.php\/2024\/01\/27\/inscricoes-para-o-prouni-comecam-na-segunda-feira-saiba-quem-tem-direito\/","url_meta":{"origin":54477,"position":2},"title":"Inscri\u00e7\u00f5es para o ProUni come\u00e7am na segunda-feira; Saiba quem tem direito","author":"ismaelcolosi.com.br","date":"27 de January de 2024","format":false,"excerpt":"As inscri\u00e7\u00f5es para o ProUni (Programa Universidade para Todos) come\u00e7am na segunda-feira (29) e v\u00e3o at\u00e9 o dia 1\u00ba de fevereiro. Os interessados devem se inscrever pelo Portal \u00danico de Acesso ao Ensino Superior. Ao todo, est\u00e3o previstas para o 1\u00ba semestre, 403.711 bolsas, sendo 306.908 integrais e 96.803 parciais\u2026","rel":"","context":"In &quot;Not\u00edcias de Ribeir\u00e3o Preto-SP e Regi\u00e3o&quot;","block_context":{"text":"Not\u00edcias de Ribeir\u00e3o Preto-SP e Regi\u00e3o","link":"https:\/\/ismaelcolosi.com.br\/index.php\/category\/noticias-de-ribeirao-preto-sp-e-regiao-ismael-colosi\/"},"img":{"alt_text":"","src":"https:\/\/i0.wp.com\/ismaelcolosi.com.br\/wp-content\/uploads\/2024\/01\/prouni.jpeg?fit=640%2C370&ssl=1&resize=350%2C200","width":350,"height":200,"srcset":"https:\/\/i0.wp.com\/ismaelcolosi.com.br\/wp-content\/uploads\/2024\/01\/prouni.jpeg?fit=640%2C370&ssl=1&resize=350%2C200 1x, https:\/\/i0.wp.com\/ismaelcolosi.com.br\/wp-content\/uploads\/2024\/01\/prouni.jpeg?fit=640%2C370&ssl=1&resize=525%2C300 1.5x"},"classes":[]},{"id":51570,"url":"https:\/\/ismaelcolosi.com.br\/index.php\/2024\/05\/28\/faepa-ribeirao-preto-abre-novo-processo-seletivo-com-salario-de-ate-r-9-mil\/","url_meta":{"origin":54477,"position":3},"title":"Faepa Ribeir\u00e3o Preto abre novo processo seletivo com sal\u00e1rio de at\u00e9 R$ 9 mil","author":"ismaelcolosi.com.br","date":"28 de May de 2024","format":false,"excerpt":"A Faepa (Funda\u00e7\u00e3o de Apoio ao Ensino, Pesquisa e Assist\u00eancia do Hospital das Cl\u00ednicas) de Ribeir\u00e3o Preto est\u00e1 com inscri\u00e7\u00f5es abertas para novos processos seletivos com vagas para pedreiro, f\u00edsicos, biologista, m\u00e9dico e fisioterapeuta. Os sal\u00e1rios v\u00e3o de R$ 2.096,07 a R$ 9.118,97. Os interessados devem se inscrever pelo site\u2026","rel":"","context":"In &quot;Not\u00edcias de Ribeir\u00e3o Preto-SP e Regi\u00e3o&quot;","block_context":{"text":"Not\u00edcias de Ribeir\u00e3o Preto-SP e Regi\u00e3o","link":"https:\/\/ismaelcolosi.com.br\/index.php\/category\/noticias-de-ribeirao-preto-sp-e-regiao-ismael-colosi\/"},"img":{"alt_text":"","src":"https:\/\/i0.wp.com\/ismaelcolosi.com.br\/wp-content\/uploads\/2024\/05\/Copia-de-Copia-de-TAMANHO-EXATO-PARA-FOTOS-NO-SISTEMA-NOVO-14-1.webp.webp?fit=1200%2C675&ssl=1&resize=350%2C200","width":350,"height":200,"srcset":"https:\/\/i0.wp.com\/ismaelcolosi.com.br\/wp-content\/uploads\/2024\/05\/Copia-de-Copia-de-TAMANHO-EXATO-PARA-FOTOS-NO-SISTEMA-NOVO-14-1.webp.webp?fit=1200%2C675&ssl=1&resize=350%2C200 1x, https:\/\/i0.wp.com\/ismaelcolosi.com.br\/wp-content\/uploads\/2024\/05\/Copia-de-Copia-de-TAMANHO-EXATO-PARA-FOTOS-NO-SISTEMA-NOVO-14-1.webp.webp?fit=1200%2C675&ssl=1&resize=525%2C300 1.5x, https:\/\/i0.wp.com\/ismaelcolosi.com.br\/wp-content\/uploads\/2024\/05\/Copia-de-Copia-de-TAMANHO-EXATO-PARA-FOTOS-NO-SISTEMA-NOVO-14-1.webp.webp?fit=1200%2C675&ssl=1&resize=700%2C400 2x, https:\/\/i0.wp.com\/ismaelcolosi.com.br\/wp-content\/uploads\/2024\/05\/Copia-de-Copia-de-TAMANHO-EXATO-PARA-FOTOS-NO-SISTEMA-NOVO-14-1.webp.webp?fit=1200%2C675&ssl=1&resize=1050%2C600 3x"},"classes":[]},{"id":56036,"url":"https:\/\/ismaelcolosi.com.br\/index.php\/2024\/07\/08\/abertas-inscricoes-para-processo-seletivo-do-hemocentro-de-ribeirao-veja-como-participar\/","url_meta":{"origin":54477,"position":4},"title":"Abertas inscri\u00e7\u00f5es para processo seletivo do Hemocentro de Ribeir\u00e3o; Veja como participar","author":"ismaelcolosi.com.br","date":"8 de July de 2024","format":false,"excerpt":"O Hemocentro de Ribeir\u00e3o Preto abriu, nesta segunda-feira (8), as inscri\u00e7\u00f5es para o processo seletivo de zelador e cadastro reserva para motorista. Os sal\u00e1rios variam entre R$ 1,6 mil e R$ 2,2 mil, al\u00e9m de benef\u00edcios, como o vale-alimenta\u00e7\u00e3o de R$ 1 mil mensais. A contrata\u00e7\u00e3o ser\u00e1 sob o regime\u2026","rel":"","context":"In &quot;Not\u00edcias de Ribeir\u00e3o Preto-SP e Regi\u00e3o&quot;","block_context":{"text":"Not\u00edcias de Ribeir\u00e3o Preto-SP e Regi\u00e3o","link":"https:\/\/ismaelcolosi.com.br\/index.php\/category\/noticias-de-ribeirao-preto-sp-e-regiao-ismael-colosi\/"},"img":{"alt_text":"","src":"https:\/\/i0.wp.com\/ismaelcolosi.com.br\/wp-content\/uploads\/2024\/07\/closeup-of-person-filling-out-questionary-form-scaled.jpg?fit=1200%2C800&ssl=1&resize=350%2C200","width":350,"height":200,"srcset":"https:\/\/i0.wp.com\/ismaelcolosi.com.br\/wp-content\/uploads\/2024\/07\/closeup-of-person-filling-out-questionary-form-scaled.jpg?fit=1200%2C800&ssl=1&resize=350%2C200 1x, https:\/\/i0.wp.com\/ismaelcolosi.com.br\/wp-content\/uploads\/2024\/07\/closeup-of-person-filling-out-questionary-form-scaled.jpg?fit=1200%2C800&ssl=1&resize=525%2C300 1.5x, https:\/\/i0.wp.com\/ismaelcolosi.com.br\/wp-content\/uploads\/2024\/07\/closeup-of-person-filling-out-questionary-form-scaled.jpg?fit=1200%2C800&ssl=1&resize=700%2C400 2x, https:\/\/i0.wp.com\/ismaelcolosi.com.br\/wp-content\/uploads\/2024\/07\/closeup-of-person-filling-out-questionary-form-scaled.jpg?fit=1200%2C800&ssl=1&resize=1050%2C600 3x"},"classes":[]},{"id":56681,"url":"https:\/\/ismaelcolosi.com.br\/index.php\/2024\/07\/14\/saiba-ate-quando-vao-as-inscricoes-para-o-processo-seletivo-no-hc-ribeirao-preto\/","url_meta":{"origin":54477,"position":5},"title":"Saiba at\u00e9 quando v\u00e3o as inscri\u00e7\u00f5es para o processo seletivo no HC Ribeir\u00e3o Preto","author":"ismaelcolosi.com.br","date":"14 de July de 2024","format":false,"excerpt":"As inscri\u00e7\u00f5es para o processo seletivo do HCRP (Hospital das Cl\u00ednicas de Ribeir\u00e3o Preto), com vagas para cursos profissionalizantes gratuitos de cuidadores de idosos e fabrica\u00e7\u00e3o de \u00f3rteses e pr\u00f3teses, v\u00e3o at\u00e9 a pr\u00f3xima sexta-feira (19). Os interessados, em uma das 47 vagas (veja abaixo), devem se inscrever pelo site\u2026","rel":"","context":"In &quot;Not\u00edcias de Ribeir\u00e3o Preto-SP e Regi\u00e3o&quot;","block_context":{"text":"Not\u00edcias de Ribeir\u00e3o Preto-SP e Regi\u00e3o","link":"https:\/\/ismaelcolosi.com.br\/index.php\/category\/noticias-de-ribeirao-preto-sp-e-regiao-ismael-colosi\/"},"img":{"alt_text":"","src":"https:\/\/i0.wp.com\/ismaelcolosi.com.br\/wp-content\/uploads\/2024\/07\/Copia-de-Copia-de-TAMANHO-EXATO-PARA-FOTOS-NO-SISTEMA-NOVO-13_2024-07-14_14-37-47_jpg_2024-07-14_14-37-47.webp.webp?fit=1200%2C675&ssl=1&resize=350%2C200","width":350,"height":200,"srcset":"https:\/\/i0.wp.com\/ismaelcolosi.com.br\/wp-content\/uploads\/2024\/07\/Copia-de-Copia-de-TAMANHO-EXATO-PARA-FOTOS-NO-SISTEMA-NOVO-13_2024-07-14_14-37-47_jpg_2024-07-14_14-37-47.webp.webp?fit=1200%2C675&ssl=1&resize=350%2C200 1x, https:\/\/i0.wp.com\/ismaelcolosi.com.br\/wp-content\/uploads\/2024\/07\/Copia-de-Copia-de-TAMANHO-EXATO-PARA-FOTOS-NO-SISTEMA-NOVO-13_2024-07-14_14-37-47_jpg_2024-07-14_14-37-47.webp.webp?fit=1200%2C675&ssl=1&resize=525%2C300 1.5x, https:\/\/i0.wp.com\/ismaelcolosi.com.br\/wp-content\/uploads\/2024\/07\/Copia-de-Copia-de-TAMANHO-EXATO-PARA-FOTOS-NO-SISTEMA-NOVO-13_2024-07-14_14-37-47_jpg_2024-07-14_14-37-47.webp.webp?fit=1200%2C675&ssl=1&resize=700%2C400 2x, https:\/\/i0.wp.com\/ismaelcolosi.com.br\/wp-content\/uploads\/2024\/07\/Copia-de-Copia-de-TAMANHO-EXATO-PARA-FOTOS-NO-SISTEMA-NOVO-13_2024-07-14_14-37-47_jpg_2024-07-14_14-37-47.webp.webp?fit=1200%2C675&ssl=1&resize=1050%2C600 3x"},"classes":[]}],"jetpack_sharing_enabled":true,"jetpack_shortlink":"https:\/\/wp.me\/pfMlyK-eaF","_links":{"self":[{"href":"https:\/\/ismaelcolosi.com.br\/index.php\/wp-json\/wp\/v2\/posts\/54477","targetHints":{"allow":["GET"]}}],"collection":[{"href":"https:\/\/ismaelcolosi.com.br\/index.php\/wp-json\/wp\/v2\/posts"}],"about":[{"href":"https:\/\/ismaelcolosi.com.br\/index.php\/wp-json\/wp\/v2\/types\/post"}],"author":[{"embeddable":true,"href":"https:\/\/ismaelcolosi.com.br\/index.php\/wp-json\/wp\/v2\/users\/1"}],"replies":[{"embeddable":true,"href":"https:\/\/ismaelcolosi.com.br\/index.php\/wp-json\/wp\/v2\/comments?post=54477"}],"version-history":[{"count":0,"href":"https:\/\/ismaelcolosi.com.br\/index.php\/wp-json\/wp\/v2\/posts\/54477\/revisions"}],"wp:featuredmedia":[{"embeddable":true,"href":"https:\/\/ismaelcolosi.com.br\/index.php\/wp-json\/wp\/v2\/media\/54478"}],"wp:attachment":[{"href":"https:\/\/ismaelcolosi.com.br\/index.php\/wp-json\/wp\/v2\/media?parent=54477"}],"wp:term":[{"taxonomy":"category","embeddable":true,"href":"https:\/\/ismaelcolosi.com.br\/index.php\/wp-json\/wp\/v2\/categories?post=54477"},{"taxonomy":"post_tag","embeddable":true,"href":"https:\/\/ismaelcolosi.com.br\/index.php\/wp-json\/wp\/v2\/tags?post=54477"}],"curies":[{"name":"wp","href":"https:\/\/api.w.org\/{rel}","templated":true}]}}