{"id":54469,"date":"2024-06-25T15:27:42","date_gmt":"2024-06-25T18:27:42","guid":{"rendered":"https:\/\/ismaelcolosi.com.br\/index.php\/2024\/06\/25\/ainda-ha-ingressos-para-comedia-cheia-de-graca-no-teatro-municipal-em-ribeirao-preto\/"},"modified":"2024-06-25T15:27:42","modified_gmt":"2024-06-25T18:27:42","slug":"ainda-ha-ingressos-para-comedia-cheia-de-graca-no-teatro-municipal-em-ribeirao-preto","status":"publish","type":"post","link":"https:\/\/ismaelcolosi.com.br\/index.php\/2024\/06\/25\/ainda-ha-ingressos-para-comedia-cheia-de-graca-no-teatro-municipal-em-ribeirao-preto\/","title":{"rendered":"Ainda h\u00e1 ingressos para com\u00e9dia \u2018Cheia de Gra\u00e7a\u2019 no Teatro Municipal em Ribeir\u00e3o Preto"},"content":{"rendered":"<p> <br \/>\n<\/p>\n<div data-td-block-uid=\"tdi_106\">\n<div class=\"tdb-block-inner td-fix-index\">\n<p>A <strong>com\u00e9dia \u201cCheia de Gra\u00e7a\u201d<\/strong> com a <strong>atriz Mila Ribeiro<\/strong> acontece <strong>nesta ter\u00e7a-feira<\/strong> (25), no <strong>Teatro Municipal <\/strong>de Ribeir\u00e3o Preto. Com <strong>entrada gratuita<\/strong>, a <strong>pe\u00e7a teatral tem in\u00edcio \u00e0s 20h<\/strong>, contudo, <strong>\u00e9 preciso retirar os ingressos uma hora antes da apresenta\u00e7\u00e3o<\/strong>.<\/p>\n<p>Com<strong> dura\u00e7\u00e3o de uma hora<\/strong>, o <strong>espet\u00e1culo faz uma reflex\u00e3o sobre<\/strong> a sa\u00fade mental, sustentabilidade, comportamento social, \u00e9tica, saudade, sanidade, toler\u00e2ncia, respeito e acolhimento <strong>p\u00f3s-pandemia<\/strong>. \u00a0<\/p>\n<h2 class=\"wp-block-heading\"><strong>Servi\u00e7o:<\/strong><\/h2>\n<p><strong>Cheia de Gra\u00e7a<br \/><\/strong>Data: 25\/06<br \/>Hor\u00e1rio: 20h<br \/><strong>Entrada gratuita<\/strong> com retirada de ingressos uma hora antes do espet\u00e1culo<\/p>\n<p>SAIBA MAIS <\/p>\n<p>Saerp alerta para falta d\u2019\u00e1gua em bairros de Ribeir\u00e3o Preto; Veja locais afetados<\/p>\n<h4 class=\"wp-block-heading\"><strong>FIQUE ON<\/strong><\/h4>\n<p>Fique ligado em tudo que acontece em Ribeir\u00e3o Preto e regi\u00e3o. Siga os perfis do\u00a0<strong>acidade on\u00a0<\/strong>no\u00a0<a href=\"https:\/\/www.instagram.com\/acidadeonribeirao\" target=\"_blank\" rel=\"noreferrer noopener\">Instagram<\/a>\u00a0e no\u00a0<a href=\"https:\/\/www.facebook.com\/acidadeonribeirao\" target=\"_blank\" rel=\"noreferrer noopener\">Facebook<\/a>.<\/p>\n<p>Receba not\u00edcias do acidade on no WhatsApp. Para entrar no grupo, basta\u00a0<a href=\"https:\/\/chat.whatsapp.com\/CdrZ6xrf7quD44Vw3WlPuZ\" target=\"_blank\" rel=\"noreferrer noopener\">clicar aqui<\/a>.<\/p>\n<p>Fa\u00e7a uma den\u00fancia ou sugira uma reportagem sobre Ribeir\u00e3o Preto e regi\u00e3o pelo WhatsApp: 16 99117 7802.<\/p>\n<p>VEJA TAMB\u00c9M<\/p>\n<p>Que horas sai a nova m\u00fasica da Ludmilla com Iza?<\/p>\n<p><!-- AI CONTENT END 1 -->\n<\/div>\n<\/div>\n<p><script async src=\"\/\/www.instagram.com\/embed.js\"><\/script><br \/>\n<br \/><br \/>\n<br \/><a href=\"https:\/\/www.acidadeon.com\/ribeiraopreto\/lazer-e-cultura\/ainda-ha-ingressos-para-comedia-cheia-de-graca-no-teatro-municipal-em-ribeirao-preto\/\">Source link <\/a><\/p>\n<div class='code-block code-block-4' style='margin: 8px auto 8px 0; text-align: left; display: block; clear: both;'>\n\ud83d\udce2 Aviso Legal\n\nO site ismaelcolosi.com.br atua apenas como um canal de divulga\u00e7\u00e3o de oportunidades de emprego e n\u00e3o se responsabiliza pelo processo seletivo, contrata\u00e7\u00e3o ou qualquer outra etapa relacionada \u00e0s vagas publicadas. Todas as informa\u00e7\u00f5es s\u00e3o de responsabilidade dos anunciantes.\n\n\u26a0\ufe0f Aten\u00e7\u00e3o! Nunca pague por promessas de emprego nem compre cursos que garantam contrata\u00e7\u00e3o. Desconfie de qualquer cobran\u00e7a para participar de sele\u00e7\u00f5es.\n\n\n\n<\/div>\n<!-- CONTENT END 1 -->\n","protected":false},"excerpt":{"rendered":"<p>A com\u00e9dia \u201cCheia de Gra\u00e7a\u201d com a atriz Mila Ribeiro acontece nesta ter\u00e7a-feira (25), no Teatro Municipal de Ribeir\u00e3o Preto. Com entrada gratuita, a pe\u00e7a&#8230;<\/p>\n","protected":false},"author":1,"featured_media":54470,"comment_status":"open","ping_status":"open","sticky":false,"template":"","format":"standard","meta":{"_uag_custom_page_level_css":"","advanced_seo_description":"","jetpack_seo_html_title":"","jetpack_seo_noindex":false,"jetpack_post_was_ever_published":false,"_jetpack_newsletter_access":"","_jetpack_dont_email_post_to_subs":false,"_jetpack_newsletter_tier_id":0,"_jetpack_memberships_contains_paywalled_content":false,"_jetpack_memberships_contains_paid_content":false,"footnotes":"","jetpack_publicize_message":"","jetpack_publicize_feature_enabled":true,"jetpack_social_post_already_shared":true,"jetpack_social_options":{"image_generator_settings":{"template":"highway","default_image_id":0,"font":"","enabled":false},"version":2}},"categories":[11],"tags":[],"class_list":["post-54469","post","type-post","status-publish","format-standard","has-post-thumbnail","hentry","category-noticias-de-ribeirao-preto-sp-e-regiao-ismael-colosi"],"jetpack_publicize_connections":[],"jetpack_featured_media_url":"https:\/\/i0.wp.com\/ismaelcolosi.com.br\/wp-content\/uploads\/2024\/06\/Copia-de-Copia-de-TAMANHO-EXATO-PARA-FOTOS-NO-SISTEMA-NOVO-15_2024-06-25_18-07-54_jpg_2024-06-25_18-07-54.webp.webp?fit=1200%2C675&ssl=1","uagb_featured_image_src":{"full":["https:\/\/i0.wp.com\/ismaelcolosi.com.br\/wp-content\/uploads\/2024\/06\/Copia-de-Copia-de-TAMANHO-EXATO-PARA-FOTOS-NO-SISTEMA-NOVO-15_2024-06-25_18-07-54_jpg_2024-06-25_18-07-54.webp.webp?fit=1200%2C675&ssl=1",1200,675,false],"thumbnail":["https:\/\/i0.wp.com\/ismaelcolosi.com.br\/wp-content\/uploads\/2024\/06\/Copia-de-Copia-de-TAMANHO-EXATO-PARA-FOTOS-NO-SISTEMA-NOVO-15_2024-06-25_18-07-54_jpg_2024-06-25_18-07-54.webp.webp?resize=150%2C150&ssl=1",150,150,true],"medium":["https:\/\/i0.wp.com\/ismaelcolosi.com.br\/wp-content\/uploads\/2024\/06\/Copia-de-Copia-de-TAMANHO-EXATO-PARA-FOTOS-NO-SISTEMA-NOVO-15_2024-06-25_18-07-54_jpg_2024-06-25_18-07-54.webp.webp?fit=300%2C169&ssl=1",300,169,true],"medium_large":["https:\/\/i0.wp.com\/ismaelcolosi.com.br\/wp-content\/uploads\/2024\/06\/Copia-de-Copia-de-TAMANHO-EXATO-PARA-FOTOS-NO-SISTEMA-NOVO-15_2024-06-25_18-07-54_jpg_2024-06-25_18-07-54.webp.webp?fit=768%2C432&ssl=1",768,432,true],"large":["https:\/\/i0.wp.com\/ismaelcolosi.com.br\/wp-content\/uploads\/2024\/06\/Copia-de-Copia-de-TAMANHO-EXATO-PARA-FOTOS-NO-SISTEMA-NOVO-15_2024-06-25_18-07-54_jpg_2024-06-25_18-07-54.webp.webp?fit=1024%2C576&ssl=1",1024,576,true],"1536x1536":["https:\/\/i0.wp.com\/ismaelcolosi.com.br\/wp-content\/uploads\/2024\/06\/Copia-de-Copia-de-TAMANHO-EXATO-PARA-FOTOS-NO-SISTEMA-NOVO-15_2024-06-25_18-07-54_jpg_2024-06-25_18-07-54.webp.webp?fit=1200%2C675&ssl=1",1200,675,true],"2048x2048":["https:\/\/i0.wp.com\/ismaelcolosi.com.br\/wp-content\/uploads\/2024\/06\/Copia-de-Copia-de-TAMANHO-EXATO-PARA-FOTOS-NO-SISTEMA-NOVO-15_2024-06-25_18-07-54_jpg_2024-06-25_18-07-54.webp.webp?fit=1200%2C675&ssl=1",1200,675,true],"really-simple-thumb":["https:\/\/i0.wp.com\/ismaelcolosi.com.br\/wp-content\/uploads\/2024\/06\/Copia-de-Copia-de-TAMANHO-EXATO-PARA-FOTOS-NO-SISTEMA-NOVO-15_2024-06-25_18-07-54_jpg_2024-06-25_18-07-54.webp.webp?resize=370%2C247&ssl=1",370,247,true]},"uagb_author_info":{"display_name":"ismaelcolosi.com.br","author_link":"https:\/\/ismaelcolosi.com.br\/index.php\/author\/vidareal-online\/"},"uagb_comment_info":0,"uagb_excerpt":"A com\u00e9dia \u201cCheia de Gra\u00e7a\u201d com a atriz Mila Ribeiro acontece nesta ter\u00e7a-feira (25), no Teatro Municipal de Ribeir\u00e3o Preto. Com entrada gratuita, a pe\u00e7a...","jetpack-related-posts":[{"id":53017,"url":"https:\/\/ismaelcolosi.com.br\/index.php\/2024\/06\/12\/teatro-municipal-de-ribeirao-preto-apresenta-stand-up-nocaute-com-entrada-gratuita\/","url_meta":{"origin":54469,"position":0},"title":"Teatro Municipal de Ribeir\u00e3o Preto apresenta stand-up \u2018Nocaute\u2019 com entrada gratuita","author":"ismaelcolosi.com.br","date":"12 de June de 2024","format":false,"excerpt":"O espet\u00e1culo \u201cNocaute\u201d com o ator Marcelo Mansfield ser\u00e1 apresentando no Teatro Municipal de Ribeir\u00e3o Preto, nesta sexta-feira (14), com entrada gratuita. Com estilo stand-up comedy, a apresenta\u00e7\u00e3o ter\u00e1 in\u00edcio \u00e0s 19h. Mesmo com entrada de gra\u00e7a, \u00e9 necess\u00e1rio retirar os ingressos para o espet\u00e1culo uma hora antes do in\u00edcio\u2026","rel":"","context":"In &quot;Not\u00edcias de Ribeir\u00e3o Preto-SP e Regi\u00e3o&quot;","block_context":{"text":"Not\u00edcias de Ribeir\u00e3o Preto-SP e Regi\u00e3o","link":"https:\/\/ismaelcolosi.com.br\/index.php\/category\/noticias-de-ribeirao-preto-sp-e-regiao-ismael-colosi\/"},"img":{"alt_text":"","src":"https:\/\/i0.wp.com\/ismaelcolosi.com.br\/wp-content\/uploads\/2024\/06\/Copia-de-Copia-de-TAMANHO-EXATO-PARA-FOTOS-NO-SISTEMA-NOVO-12_2024-06-12_20-38-43_jpg_2024-06-12_20-38-43.webp.webp?fit=1200%2C675&ssl=1&resize=350%2C200","width":350,"height":200,"srcset":"https:\/\/i0.wp.com\/ismaelcolosi.com.br\/wp-content\/uploads\/2024\/06\/Copia-de-Copia-de-TAMANHO-EXATO-PARA-FOTOS-NO-SISTEMA-NOVO-12_2024-06-12_20-38-43_jpg_2024-06-12_20-38-43.webp.webp?fit=1200%2C675&ssl=1&resize=350%2C200 1x, https:\/\/i0.wp.com\/ismaelcolosi.com.br\/wp-content\/uploads\/2024\/06\/Copia-de-Copia-de-TAMANHO-EXATO-PARA-FOTOS-NO-SISTEMA-NOVO-12_2024-06-12_20-38-43_jpg_2024-06-12_20-38-43.webp.webp?fit=1200%2C675&ssl=1&resize=525%2C300 1.5x, https:\/\/i0.wp.com\/ismaelcolosi.com.br\/wp-content\/uploads\/2024\/06\/Copia-de-Copia-de-TAMANHO-EXATO-PARA-FOTOS-NO-SISTEMA-NOVO-12_2024-06-12_20-38-43_jpg_2024-06-12_20-38-43.webp.webp?fit=1200%2C675&ssl=1&resize=700%2C400 2x, https:\/\/i0.wp.com\/ismaelcolosi.com.br\/wp-content\/uploads\/2024\/06\/Copia-de-Copia-de-TAMANHO-EXATO-PARA-FOTOS-NO-SISTEMA-NOVO-12_2024-06-12_20-38-43_jpg_2024-06-12_20-38-43.webp.webp?fit=1200%2C675&ssl=1&resize=1050%2C600 3x"},"classes":[]},{"id":52458,"url":"https:\/\/ismaelcolosi.com.br\/index.php\/2024\/06\/06\/teatro-municipal-de-ribeirao-preto-tem-stand-up-gratuito-com-comediante-thiago-chagas\/","url_meta":{"origin":54469,"position":1},"title":"Teatro Municipal de Ribeir\u00e3o Preto tem stand-up gratuito com comediante Thiago Chagas","author":"ismaelcolosi.com.br","date":"6 de June de 2024","format":false,"excerpt":"O stand-up comedy \u201cExtraviado \u2013 Uma Com\u00e9dia Picante\u201d, com o ator e comediante Tiago Chagas, ser\u00e1 apresentado nesta sexta-feira (7), no Teatro Municipal de Ribeir\u00e3o Preto. O espet\u00e1culo, com entrada gratuita, faz parte da programa\u00e7\u00e3o de anivers\u00e1rio da cidade. Os interessados em assistir ao stand-up podem retirar os ingressos uma\u2026","rel":"","context":"In &quot;Not\u00edcias de Ribeir\u00e3o Preto-SP e Regi\u00e3o&quot;","block_context":{"text":"Not\u00edcias de Ribeir\u00e3o Preto-SP e Regi\u00e3o","link":"https:\/\/ismaelcolosi.com.br\/index.php\/category\/noticias-de-ribeirao-preto-sp-e-regiao-ismael-colosi\/"},"img":{"alt_text":"","src":"https:\/\/i0.wp.com\/ismaelcolosi.com.br\/wp-content\/uploads\/2024\/06\/Copia-de-Copia-de-TAMANHO-EXATO-PARA-FOTOS-NO-SISTEMA-NOVO-13_2024-06-06_19-37-04_jpg_2024-06-06_19-37-04.webp.webp?fit=1200%2C675&ssl=1&resize=350%2C200","width":350,"height":200,"srcset":"https:\/\/i0.wp.com\/ismaelcolosi.com.br\/wp-content\/uploads\/2024\/06\/Copia-de-Copia-de-TAMANHO-EXATO-PARA-FOTOS-NO-SISTEMA-NOVO-13_2024-06-06_19-37-04_jpg_2024-06-06_19-37-04.webp.webp?fit=1200%2C675&ssl=1&resize=350%2C200 1x, https:\/\/i0.wp.com\/ismaelcolosi.com.br\/wp-content\/uploads\/2024\/06\/Copia-de-Copia-de-TAMANHO-EXATO-PARA-FOTOS-NO-SISTEMA-NOVO-13_2024-06-06_19-37-04_jpg_2024-06-06_19-37-04.webp.webp?fit=1200%2C675&ssl=1&resize=525%2C300 1.5x, https:\/\/i0.wp.com\/ismaelcolosi.com.br\/wp-content\/uploads\/2024\/06\/Copia-de-Copia-de-TAMANHO-EXATO-PARA-FOTOS-NO-SISTEMA-NOVO-13_2024-06-06_19-37-04_jpg_2024-06-06_19-37-04.webp.webp?fit=1200%2C675&ssl=1&resize=700%2C400 2x, https:\/\/i0.wp.com\/ismaelcolosi.com.br\/wp-content\/uploads\/2024\/06\/Copia-de-Copia-de-TAMANHO-EXATO-PARA-FOTOS-NO-SISTEMA-NOVO-13_2024-06-06_19-37-04_jpg_2024-06-06_19-37-04.webp.webp?fit=1200%2C675&ssl=1&resize=1050%2C600 3x"},"classes":[]},{"id":62634,"url":"https:\/\/ismaelcolosi.com.br\/index.php\/2024\/08\/28\/andre-mattos-e-lis-luciddi-apresentam-comedia-em-teatro-de-ribeirao-preto\/","url_meta":{"origin":54469,"position":2},"title":"Andr\u00e9 Mattos e Lis Luciddi apresentam com\u00e9dia em teatro de Ribeir\u00e3o Preto","author":"ismaelcolosi.com.br","date":"28 de August de 2024","format":false,"excerpt":"A com\u00e9dia \u201cMinha Futura Ex\u201d, estrelada por Andr\u00e9 Mattos e Lis Luciddi, chega ao Teatro Municipal de Ribeir\u00e3o Preto, no dia 13 de setembro. A apresenta\u00e7\u00e3o acontece \u00e0s 20h. Na hist\u00f3ria, um casal se encontra no hall do pr\u00e9dio do advogado de ambos para a assinatura do div\u00f3rcio. At\u00e9 que,\u2026","rel":"","context":"In &quot;Not\u00edcias de Ribeir\u00e3o Preto-SP e Regi\u00e3o&quot;","block_context":{"text":"Not\u00edcias de Ribeir\u00e3o Preto-SP e Regi\u00e3o","link":"https:\/\/ismaelcolosi.com.br\/index.php\/category\/noticias-de-ribeirao-preto-sp-e-regiao-ismael-colosi\/"},"img":{"alt_text":"","src":"https:\/\/i0.wp.com\/ismaelcolosi.com.br\/wp-content\/uploads\/2024\/08\/Copia-de-Copia-de-Copia-de-TAMANHO-EXATO-PARA-FOTOS-NO-SISTEMA-NOVO-10_2024-08-28_12-59-58_jpg_2024-08-28_12-59-58.webp.webp?fit=1200%2C675&ssl=1&resize=350%2C200","width":350,"height":200,"srcset":"https:\/\/i0.wp.com\/ismaelcolosi.com.br\/wp-content\/uploads\/2024\/08\/Copia-de-Copia-de-Copia-de-TAMANHO-EXATO-PARA-FOTOS-NO-SISTEMA-NOVO-10_2024-08-28_12-59-58_jpg_2024-08-28_12-59-58.webp.webp?fit=1200%2C675&ssl=1&resize=350%2C200 1x, https:\/\/i0.wp.com\/ismaelcolosi.com.br\/wp-content\/uploads\/2024\/08\/Copia-de-Copia-de-Copia-de-TAMANHO-EXATO-PARA-FOTOS-NO-SISTEMA-NOVO-10_2024-08-28_12-59-58_jpg_2024-08-28_12-59-58.webp.webp?fit=1200%2C675&ssl=1&resize=525%2C300 1.5x, https:\/\/i0.wp.com\/ismaelcolosi.com.br\/wp-content\/uploads\/2024\/08\/Copia-de-Copia-de-Copia-de-TAMANHO-EXATO-PARA-FOTOS-NO-SISTEMA-NOVO-10_2024-08-28_12-59-58_jpg_2024-08-28_12-59-58.webp.webp?fit=1200%2C675&ssl=1&resize=700%2C400 2x, https:\/\/i0.wp.com\/ismaelcolosi.com.br\/wp-content\/uploads\/2024\/08\/Copia-de-Copia-de-Copia-de-TAMANHO-EXATO-PARA-FOTOS-NO-SISTEMA-NOVO-10_2024-08-28_12-59-58_jpg_2024-08-28_12-59-58.webp.webp?fit=1200%2C675&ssl=1&resize=1050%2C600 3x"},"classes":[]},{"id":50052,"url":"https:\/\/ismaelcolosi.com.br\/index.php\/2024\/05\/14\/comedia-priscilla-a-rainha-do-sertao-chega-ao-teatro-municipal-de-ribeirao-preto\/","url_meta":{"origin":54469,"position":3},"title":"Com\u00e9dia &#8216;Priscilla, a Rainha do Sert\u00e3o&#8217; chega ao Teatro Municipal de Ribeir\u00e3o Preto","author":"ismaelcolosi.com.br","date":"14 de May de 2024","format":false,"excerpt":"Neste s\u00e1bado (18), o Teatro Municipal de Ribeir\u00e3o Preto recebe a com\u00e9dia \u201cPriscilla, a Rainha do Sert\u00e3o\u201d. Os ingressos podem ser adquiridos online. O espet\u00e1culo mostra quando as drag queens, Chanel Glamour, Teresa, Lylenol e Sheila Monroe embarcam em uma aventura para reencontrar o filho de uma delas no interior\u2026","rel":"","context":"In &quot;Not\u00edcias de Ribeir\u00e3o Preto-SP e Regi\u00e3o&quot;","block_context":{"text":"Not\u00edcias de Ribeir\u00e3o Preto-SP e Regi\u00e3o","link":"https:\/\/ismaelcolosi.com.br\/index.php\/category\/noticias-de-ribeirao-preto-sp-e-regiao-ismael-colosi\/"},"img":{"alt_text":"","src":"https:\/\/i0.wp.com\/ismaelcolosi.com.br\/wp-content\/uploads\/2024\/05\/Copia-de-Copia-de-TAMANHO-EXATO-PARA-FOTOS-NO-SISTEMA-NOVO_2024-05-14_13-51-05_jpg_2024-05-14_13-51-06.webp.webp?fit=1200%2C675&ssl=1&resize=350%2C200","width":350,"height":200,"srcset":"https:\/\/i0.wp.com\/ismaelcolosi.com.br\/wp-content\/uploads\/2024\/05\/Copia-de-Copia-de-TAMANHO-EXATO-PARA-FOTOS-NO-SISTEMA-NOVO_2024-05-14_13-51-05_jpg_2024-05-14_13-51-06.webp.webp?fit=1200%2C675&ssl=1&resize=350%2C200 1x, https:\/\/i0.wp.com\/ismaelcolosi.com.br\/wp-content\/uploads\/2024\/05\/Copia-de-Copia-de-TAMANHO-EXATO-PARA-FOTOS-NO-SISTEMA-NOVO_2024-05-14_13-51-05_jpg_2024-05-14_13-51-06.webp.webp?fit=1200%2C675&ssl=1&resize=525%2C300 1.5x, https:\/\/i0.wp.com\/ismaelcolosi.com.br\/wp-content\/uploads\/2024\/05\/Copia-de-Copia-de-TAMANHO-EXATO-PARA-FOTOS-NO-SISTEMA-NOVO_2024-05-14_13-51-05_jpg_2024-05-14_13-51-06.webp.webp?fit=1200%2C675&ssl=1&resize=700%2C400 2x, https:\/\/i0.wp.com\/ismaelcolosi.com.br\/wp-content\/uploads\/2024\/05\/Copia-de-Copia-de-TAMANHO-EXATO-PARA-FOTOS-NO-SISTEMA-NOVO_2024-05-14_13-51-05_jpg_2024-05-14_13-51-06.webp.webp?fit=1200%2C675&ssl=1&resize=1050%2C600 3x"},"classes":[]},{"id":54774,"url":"https:\/\/ismaelcolosi.com.br\/index.php\/2024\/06\/27\/atriz-global-se-apresenta-no-teatro-municipal-de-ribeirao-preto-com-peca-sobre-lgbtqiap\/","url_meta":{"origin":54469,"position":4},"title":"Atriz global se apresenta no Teatro Municipal de Ribeir\u00e3o Preto com pe\u00e7a sobre LGBTQIAP+","author":"ismaelcolosi.com.br","date":"27 de June de 2024","format":false,"excerpt":"O espet\u00e1culo \u201cEu Sempre Soube\u2026\u201d, que aborda o tema LGBTQIAP+, ser\u00e1 apresentado nesta sexta-feira (28), no Teatro Municipal de Ribeir\u00e3o Preto. Com entrada gratuita, o mon\u00f3logo com a atriz Rosane Gofman, tem in\u00edcio \u00e0s 20h. Os ingressos devem ser retirados uma hora antes do in\u00edcio da pe\u00e7a teatral, na bilheteria\u2026","rel":"","context":"In &quot;Not\u00edcias de Ribeir\u00e3o Preto-SP e Regi\u00e3o&quot;","block_context":{"text":"Not\u00edcias de Ribeir\u00e3o Preto-SP e Regi\u00e3o","link":"https:\/\/ismaelcolosi.com.br\/index.php\/category\/noticias-de-ribeirao-preto-sp-e-regiao-ismael-colosi\/"},"img":{"alt_text":"","src":"https:\/\/i0.wp.com\/ismaelcolosi.com.br\/wp-content\/uploads\/2024\/06\/Copia-de-Copia-de-TAMANHO-EXATO-PARA-FOTOS-NO-SISTEMA-NOVO-20_2024-06-27_18-22-29_jpg_2024-06-27_18-22-29.webp.webp?fit=1200%2C675&ssl=1&resize=350%2C200","width":350,"height":200,"srcset":"https:\/\/i0.wp.com\/ismaelcolosi.com.br\/wp-content\/uploads\/2024\/06\/Copia-de-Copia-de-TAMANHO-EXATO-PARA-FOTOS-NO-SISTEMA-NOVO-20_2024-06-27_18-22-29_jpg_2024-06-27_18-22-29.webp.webp?fit=1200%2C675&ssl=1&resize=350%2C200 1x, https:\/\/i0.wp.com\/ismaelcolosi.com.br\/wp-content\/uploads\/2024\/06\/Copia-de-Copia-de-TAMANHO-EXATO-PARA-FOTOS-NO-SISTEMA-NOVO-20_2024-06-27_18-22-29_jpg_2024-06-27_18-22-29.webp.webp?fit=1200%2C675&ssl=1&resize=525%2C300 1.5x, https:\/\/i0.wp.com\/ismaelcolosi.com.br\/wp-content\/uploads\/2024\/06\/Copia-de-Copia-de-TAMANHO-EXATO-PARA-FOTOS-NO-SISTEMA-NOVO-20_2024-06-27_18-22-29_jpg_2024-06-27_18-22-29.webp.webp?fit=1200%2C675&ssl=1&resize=700%2C400 2x, https:\/\/i0.wp.com\/ismaelcolosi.com.br\/wp-content\/uploads\/2024\/06\/Copia-de-Copia-de-TAMANHO-EXATO-PARA-FOTOS-NO-SISTEMA-NOVO-20_2024-06-27_18-22-29_jpg_2024-06-27_18-22-29.webp.webp?fit=1200%2C675&ssl=1&resize=1050%2C600 3x"},"classes":[]},{"id":46052,"url":"https:\/\/ismaelcolosi.com.br\/index.php\/2024\/04\/09\/peca-teatral-de-perto-ninguem-e-normal-chega-a-ribeirao-preto-entrada-e-de-graca\/","url_meta":{"origin":54469,"position":5},"title":"Pe\u00e7a teatral \u2018De Perto Ningu\u00e9m \u00e9 Normal\u2019 chega a Ribeir\u00e3o Preto; Entrada \u00e9 de gra\u00e7a","author":"ismaelcolosi.com.br","date":"9 de April de 2024","format":false,"excerpt":"A pe\u00e7a teatral \u201cDe Perto Ningu\u00e9m \u00e9 Normal\u201d chega a Ribeir\u00e3o Preto nesta sexta-feira (12), com mais cinco datas confirmadas para as apresenta\u00e7\u00f5es do espet\u00e1culo (veja abaixo). A com\u00e9dia acontece no teatro do Sesi. Mesmo com entrada de gra\u00e7a, a retirada dos ingressos devem ser pelo site do Sesi \/\u2026","rel":"","context":"In &quot;Not\u00edcias de Ribeir\u00e3o Preto-SP e Regi\u00e3o&quot;","block_context":{"text":"Not\u00edcias de Ribeir\u00e3o Preto-SP e Regi\u00e3o","link":"https:\/\/ismaelcolosi.com.br\/index.php\/category\/noticias-de-ribeirao-preto-sp-e-regiao-ismael-colosi\/"},"img":{"alt_text":"","src":"https:\/\/i0.wp.com\/ismaelcolosi.com.br\/wp-content\/uploads\/2024\/04\/Copia-de-Copia-de-TAMANHO-EXATO-PARA-FOTOS-NO-SISTEMA-NOVO-8-1.jpg?fit=1200%2C675&ssl=1&resize=350%2C200","width":350,"height":200,"srcset":"https:\/\/i0.wp.com\/ismaelcolosi.com.br\/wp-content\/uploads\/2024\/04\/Copia-de-Copia-de-TAMANHO-EXATO-PARA-FOTOS-NO-SISTEMA-NOVO-8-1.jpg?fit=1200%2C675&ssl=1&resize=350%2C200 1x, https:\/\/i0.wp.com\/ismaelcolosi.com.br\/wp-content\/uploads\/2024\/04\/Copia-de-Copia-de-TAMANHO-EXATO-PARA-FOTOS-NO-SISTEMA-NOVO-8-1.jpg?fit=1200%2C675&ssl=1&resize=525%2C300 1.5x, https:\/\/i0.wp.com\/ismaelcolosi.com.br\/wp-content\/uploads\/2024\/04\/Copia-de-Copia-de-TAMANHO-EXATO-PARA-FOTOS-NO-SISTEMA-NOVO-8-1.jpg?fit=1200%2C675&ssl=1&resize=700%2C400 2x, https:\/\/i0.wp.com\/ismaelcolosi.com.br\/wp-content\/uploads\/2024\/04\/Copia-de-Copia-de-TAMANHO-EXATO-PARA-FOTOS-NO-SISTEMA-NOVO-8-1.jpg?fit=1200%2C675&ssl=1&resize=1050%2C600 3x"},"classes":[]}],"jetpack_sharing_enabled":true,"jetpack_shortlink":"https:\/\/wp.me\/pfMlyK-eax","_links":{"self":[{"href":"https:\/\/ismaelcolosi.com.br\/index.php\/wp-json\/wp\/v2\/posts\/54469","targetHints":{"allow":["GET"]}}],"collection":[{"href":"https:\/\/ismaelcolosi.com.br\/index.php\/wp-json\/wp\/v2\/posts"}],"about":[{"href":"https:\/\/ismaelcolosi.com.br\/index.php\/wp-json\/wp\/v2\/types\/post"}],"author":[{"embeddable":true,"href":"https:\/\/ismaelcolosi.com.br\/index.php\/wp-json\/wp\/v2\/users\/1"}],"replies":[{"embeddable":true,"href":"https:\/\/ismaelcolosi.com.br\/index.php\/wp-json\/wp\/v2\/comments?post=54469"}],"version-history":[{"count":0,"href":"https:\/\/ismaelcolosi.com.br\/index.php\/wp-json\/wp\/v2\/posts\/54469\/revisions"}],"wp:featuredmedia":[{"embeddable":true,"href":"https:\/\/ismaelcolosi.com.br\/index.php\/wp-json\/wp\/v2\/media\/54470"}],"wp:attachment":[{"href":"https:\/\/ismaelcolosi.com.br\/index.php\/wp-json\/wp\/v2\/media?parent=54469"}],"wp:term":[{"taxonomy":"category","embeddable":true,"href":"https:\/\/ismaelcolosi.com.br\/index.php\/wp-json\/wp\/v2\/categories?post=54469"},{"taxonomy":"post_tag","embeddable":true,"href":"https:\/\/ismaelcolosi.com.br\/index.php\/wp-json\/wp\/v2\/tags?post=54469"}],"curies":[{"name":"wp","href":"https:\/\/api.w.org\/{rel}","templated":true}]}}