{"id":54465,"date":"2024-06-25T15:15:07","date_gmt":"2024-06-25T18:15:07","guid":{"rendered":"https:\/\/ismaelcolosi.com.br\/index.php\/2024\/06\/25\/frente-fria-de-forte-intensidade-vai-derrubar-as-temperaturas-no-interior-de-sp\/"},"modified":"2024-06-25T15:15:07","modified_gmt":"2024-06-25T18:15:07","slug":"frente-fria-de-forte-intensidade-vai-derrubar-as-temperaturas-no-interior-de-sp","status":"publish","type":"post","link":"https:\/\/ismaelcolosi.com.br\/index.php\/2024\/06\/25\/frente-fria-de-forte-intensidade-vai-derrubar-as-temperaturas-no-interior-de-sp\/","title":{"rendered":"Frente fria de forte intensidade vai derrubar as temperaturas no interior de SP"},"content":{"rendered":"<p> <br \/>\n<\/p>\n<div data-td-block-uid=\"tdi_106\">\n<div class=\"tdb-block-inner td-fix-index\">\n<p><strong>Uma frente fria de forte intensidade se aproxima na sexta-feira (28) e ter\u00e1 potencial para derrubar as temperaturas em todas as regi\u00f5es do estado S\u00e3o Paulo.<\/strong><\/p>\n<p>Segundo a <a href=\"https:\/\/www.climatempo.com.br\/\" target=\"_blank\" rel=\"noreferrer noopener\">Climatempo<\/a>, <mark style=\"background-color:#fcb900\" class=\"has-inline-color\">em Ribeir\u00e3o Preto pode ocorrer queda brusca na temperatura a partir da pr\u00f3xima segunda-feira (1\u00ba) com m\u00ednima prevista de apenas 11\u00b0C na cidade e m\u00e1xima de 21\u00b0C. J\u00e1 na <strong>ter\u00e7a-feira (2)<\/strong>, a m\u00ednima pode ser ainda menor: 10\u00b0C. A m\u00e1xima sobe neste dia e pode atingir 25\u00b0C.<\/mark> N\u00e3o h\u00e1, por\u00e9m, <strong>probabilidade <\/strong>de <strong>chuva <\/strong>para <strong>Ribeir\u00e3o<\/strong> na pr\u00f3xma semana.<\/p>\n<h4 class=\"wp-block-heading\"><strong>Onde tem chuva?<\/strong><\/h4>\n<p>Ainda conforme a <strong>Climatempo<\/strong>, h\u00e1 <strong>expectativa <\/strong>de <strong>chuva <\/strong>no pr\u00f3ximo <strong>s\u00e1bado (29)<\/strong> para as <mark style=\"background-color:#fcb900\" class=\"has-inline-color has-black-color\">\u00e1reas pr\u00f3ximas ao Litoral, como o Vale do Ribeira, a Grande S\u00e3o Paulo e o Vale do Para\u00edba.<\/mark><\/p>\n<blockquote class=\"wp-block-quote\">\n<p>\u201c\u00c1reas como Sorocaba, o Sul do estado de S\u00e3o Paulo, a regi\u00e3o de Ourinhos e de Presidente Prudente ter\u00e3o um grande aumento de nuvens durante o s\u00e1bado, mas a possibilidade de chuva \u00e9 pequena. Ainda no s\u00e1bado, a passagem desta frente fria deixa o tempo chuvoso e com ventos fortes no Litoral\u201d<\/p>\n<p><cite>Climatempo<\/cite><\/p><\/blockquote>\n<p>SAIBA MAIS<\/p>\n<p>Caminh\u00e3o arranca fios em rua de Ribeir\u00e3o Preto; Assista ao v\u00eddeo<\/p>\n<h4 class=\"wp-block-heading\"><strong>FIQUE ON<\/strong><\/h4>\n<p>Fique ligado em tudo que acontece em Ribeir\u00e3o Preto e regi\u00e3o. Siga os perfis do\u00a0<strong>acidade on\u00a0<\/strong>no\u00a0<a href=\"https:\/\/www.instagram.com\/acidadeonribeirao\" target=\"_blank\" rel=\"noreferrer noopener\">Instagram<\/a>\u00a0e no\u00a0<a href=\"https:\/\/www.facebook.com\/acidadeonribeirao\" target=\"_blank\" rel=\"noreferrer noopener\">Facebook<\/a>.<\/p>\n<p>Receba not\u00edcias do acidade on no WhatsApp. Para entrar no grupo, basta\u00a0<a href=\"https:\/\/chat.whatsapp.com\/CdrZ6xrf7quD44Vw3WlPuZ\" target=\"_blank\" rel=\"noreferrer noopener\">clicar aqui<\/a>.<\/p>\n<p>Fa\u00e7a uma den\u00fancia ou sugira uma reportagem sobre Ribeir\u00e3o Preto e regi\u00e3o pelo WhatsApp: 16 99117 7802.<\/p>\n<p>VEJA TAMB\u00c9M<\/p>\n<p>Qual a diferen\u00e7a entre tornado e furac\u00e3o?<\/p>\n<p><!-- AI CONTENT END 1 -->\n<\/div>\n<\/div>\n<p><script async src=\"\/\/www.instagram.com\/embed.js\"><\/script><br \/>\n<br \/><br \/>\n<br \/><a href=\"https:\/\/www.acidadeon.com\/ribeiraopreto\/cotidiano\/frente-fria-de-forte-intensidade-vai-derrubar-as-temperaturas-no-interior-de-sp\/\">Source link <\/a><\/p>\n<div class='code-block code-block-4' style='margin: 8px auto 8px 0; text-align: left; display: block; clear: both;'>\n\ud83d\udce2 Aviso Legal\n\nO site ismaelcolosi.com.br atua apenas como um canal de divulga\u00e7\u00e3o de oportunidades de emprego e n\u00e3o se responsabiliza pelo processo seletivo, contrata\u00e7\u00e3o ou qualquer outra etapa relacionada \u00e0s vagas publicadas. Todas as informa\u00e7\u00f5es s\u00e3o de responsabilidade dos anunciantes.\n\n\u26a0\ufe0f Aten\u00e7\u00e3o! Nunca pague por promessas de emprego nem compre cursos que garantam contrata\u00e7\u00e3o. Desconfie de qualquer cobran\u00e7a para participar de sele\u00e7\u00f5es.\n\n\n\n<\/div>\n<!-- CONTENT END 1 -->\n","protected":false},"excerpt":{"rendered":"<p>Uma frente fria de forte intensidade se aproxima na sexta-feira (28) e ter\u00e1 potencial para derrubar as temperaturas em todas as regi\u00f5es do estado S\u00e3o&#8230;<\/p>\n","protected":false},"author":1,"featured_media":54466,"comment_status":"open","ping_status":"open","sticky":false,"template":"","format":"standard","meta":{"_uag_custom_page_level_css":"","advanced_seo_description":"","jetpack_seo_html_title":"","jetpack_seo_noindex":false,"jetpack_post_was_ever_published":false,"_jetpack_newsletter_access":"","_jetpack_dont_email_post_to_subs":false,"_jetpack_newsletter_tier_id":0,"_jetpack_memberships_contains_paywalled_content":false,"_jetpack_memberships_contains_paid_content":false,"footnotes":"","jetpack_publicize_message":"","jetpack_publicize_feature_enabled":true,"jetpack_social_post_already_shared":true,"jetpack_social_options":{"image_generator_settings":{"template":"highway","default_image_id":0,"font":"","enabled":false},"version":2}},"categories":[11],"tags":[],"class_list":["post-54465","post","type-post","status-publish","format-standard","has-post-thumbnail","hentry","category-noticias-de-ribeirao-preto-sp-e-regiao-ismael-colosi"],"jetpack_publicize_connections":[],"jetpack_featured_media_url":"https:\/\/i0.wp.com\/ismaelcolosi.com.br\/wp-content\/uploads\/2024\/06\/frio_luva_1200x675_16042022092951.jpg?fit=1200%2C675&ssl=1","uagb_featured_image_src":{"full":["https:\/\/i0.wp.com\/ismaelcolosi.com.br\/wp-content\/uploads\/2024\/06\/frio_luva_1200x675_16042022092951.jpg?fit=1200%2C675&ssl=1",1200,675,false],"thumbnail":["https:\/\/i0.wp.com\/ismaelcolosi.com.br\/wp-content\/uploads\/2024\/06\/frio_luva_1200x675_16042022092951.jpg?resize=150%2C150&ssl=1",150,150,true],"medium":["https:\/\/i0.wp.com\/ismaelcolosi.com.br\/wp-content\/uploads\/2024\/06\/frio_luva_1200x675_16042022092951.jpg?fit=300%2C169&ssl=1",300,169,true],"medium_large":["https:\/\/i0.wp.com\/ismaelcolosi.com.br\/wp-content\/uploads\/2024\/06\/frio_luva_1200x675_16042022092951.jpg?fit=768%2C432&ssl=1",768,432,true],"large":["https:\/\/i0.wp.com\/ismaelcolosi.com.br\/wp-content\/uploads\/2024\/06\/frio_luva_1200x675_16042022092951.jpg?fit=1024%2C576&ssl=1",1024,576,true],"1536x1536":["https:\/\/i0.wp.com\/ismaelcolosi.com.br\/wp-content\/uploads\/2024\/06\/frio_luva_1200x675_16042022092951.jpg?fit=1200%2C675&ssl=1",1200,675,true],"2048x2048":["https:\/\/i0.wp.com\/ismaelcolosi.com.br\/wp-content\/uploads\/2024\/06\/frio_luva_1200x675_16042022092951.jpg?fit=1200%2C675&ssl=1",1200,675,true],"really-simple-thumb":["https:\/\/i0.wp.com\/ismaelcolosi.com.br\/wp-content\/uploads\/2024\/06\/frio_luva_1200x675_16042022092951.jpg?resize=370%2C247&ssl=1",370,247,true]},"uagb_author_info":{"display_name":"ismaelcolosi.com.br","author_link":"https:\/\/ismaelcolosi.com.br\/index.php\/author\/vidareal-online\/"},"uagb_comment_info":0,"uagb_excerpt":"Uma frente fria de forte intensidade se aproxima na sexta-feira (28) e ter\u00e1 potencial para derrubar as temperaturas em todas as regi\u00f5es do estado S\u00e3o...","jetpack-related-posts":[{"id":54556,"url":"https:\/\/ismaelcolosi.com.br\/index.php\/2024\/06\/26\/o-que-se-sabe-sobre-a-intensa-frente-fria-que-vai-derrubar-as-temperaturas-no-interior-de-sp\/","url_meta":{"origin":54465,"position":0},"title":"O que se sabe sobre a intensa frente fria que vai derrubar as temperaturas no interior de SP","author":"ismaelcolosi.com.br","date":"26 de June de 2024","format":false,"excerpt":"Uma intensa frente fria est\u00e1 prevista para se aproxima na sexta-feira (28) e poder\u00e1 derrubar as temperaturas em todas as regi\u00f5es do estado S\u00e3o Paulo. A Climatempo indica que \u00e1reas mais ao Norte do estado poder\u00e3o sentir os efeitos deste sistema. Em Ribeir\u00e3o Preto, por exemplo, a previs\u00e3o estendida mostra\u2026","rel":"","context":"In &quot;Not\u00edcias de Ribeir\u00e3o Preto-SP e Regi\u00e3o&quot;","block_context":{"text":"Not\u00edcias de Ribeir\u00e3o Preto-SP e Regi\u00e3o","link":"https:\/\/ismaelcolosi.com.br\/index.php\/category\/noticias-de-ribeirao-preto-sp-e-regiao-ismael-colosi\/"},"img":{"alt_text":"","src":"https:\/\/i0.wp.com\/ismaelcolosi.com.br\/wp-content\/uploads\/2024\/06\/1719408805_DefesaCivildeSoPauloemitealertadebaixastemperaturasVejaapreviso_Tamanho_2_image.jpg?fit=1200%2C900&ssl=1&resize=350%2C200","width":350,"height":200,"srcset":"https:\/\/i0.wp.com\/ismaelcolosi.com.br\/wp-content\/uploads\/2024\/06\/1719408805_DefesaCivildeSoPauloemitealertadebaixastemperaturasVejaapreviso_Tamanho_2_image.jpg?fit=1200%2C900&ssl=1&resize=350%2C200 1x, https:\/\/i0.wp.com\/ismaelcolosi.com.br\/wp-content\/uploads\/2024\/06\/1719408805_DefesaCivildeSoPauloemitealertadebaixastemperaturasVejaapreviso_Tamanho_2_image.jpg?fit=1200%2C900&ssl=1&resize=525%2C300 1.5x, https:\/\/i0.wp.com\/ismaelcolosi.com.br\/wp-content\/uploads\/2024\/06\/1719408805_DefesaCivildeSoPauloemitealertadebaixastemperaturasVejaapreviso_Tamanho_2_image.jpg?fit=1200%2C900&ssl=1&resize=700%2C400 2x, https:\/\/i0.wp.com\/ismaelcolosi.com.br\/wp-content\/uploads\/2024\/06\/1719408805_DefesaCivildeSoPauloemitealertadebaixastemperaturasVejaapreviso_Tamanho_2_image.jpg?fit=1200%2C900&ssl=1&resize=1050%2C600 3x"},"classes":[]},{"id":61078,"url":"https:\/\/ismaelcolosi.com.br\/index.php\/2024\/08\/20\/onda-de-calor-ou-frente-fria-entenda-como-fica-a-situacao-no-interior-de-sp\/","url_meta":{"origin":54465,"position":1},"title":"Onda de calor ou frente fria? Entenda como fica a situa\u00e7\u00e3o no interior de SP","author":"ismaelcolosi.com.br","date":"20 de August de 2024","format":false,"excerpt":"Todo o interior de S\u00e3o Paulo segue em alerta para onda de calor, que come\u00e7ou no \u00faltimo fim de semana, segundo o Inmet (Instituto Nacional de Meteorologia). Contudo, os meteorologistas acenam para chegada de uma frente fria no pr\u00f3ximo fim de semana, que pode derrubar as temperaturas em algumas regi\u00f5es.\u2026","rel":"","context":"In &quot;Not\u00edcias de Ribeir\u00e3o Preto-SP e Regi\u00e3o&quot;","block_context":{"text":"Not\u00edcias de Ribeir\u00e3o Preto-SP e Regi\u00e3o","link":"https:\/\/ismaelcolosi.com.br\/index.php\/category\/noticias-de-ribeirao-preto-sp-e-regiao-ismael-colosi\/"},"img":{"alt_text":"","src":"https:\/\/i0.wp.com\/ismaelcolosi.com.br\/wp-content\/uploads\/2024\/08\/onda-de-calor-frente-fria_2024-08-20_10-46-52_jpeg_2024-08-20_10-46-52.webp.webp?fit=1200%2C674&ssl=1&resize=350%2C200","width":350,"height":200,"srcset":"https:\/\/i0.wp.com\/ismaelcolosi.com.br\/wp-content\/uploads\/2024\/08\/onda-de-calor-frente-fria_2024-08-20_10-46-52_jpeg_2024-08-20_10-46-52.webp.webp?fit=1200%2C674&ssl=1&resize=350%2C200 1x, https:\/\/i0.wp.com\/ismaelcolosi.com.br\/wp-content\/uploads\/2024\/08\/onda-de-calor-frente-fria_2024-08-20_10-46-52_jpeg_2024-08-20_10-46-52.webp.webp?fit=1200%2C674&ssl=1&resize=525%2C300 1.5x, https:\/\/i0.wp.com\/ismaelcolosi.com.br\/wp-content\/uploads\/2024\/08\/onda-de-calor-frente-fria_2024-08-20_10-46-52_jpeg_2024-08-20_10-46-52.webp.webp?fit=1200%2C674&ssl=1&resize=700%2C400 2x, https:\/\/i0.wp.com\/ismaelcolosi.com.br\/wp-content\/uploads\/2024\/08\/onda-de-calor-frente-fria_2024-08-20_10-46-52_jpeg_2024-08-20_10-46-52.webp.webp?fit=1200%2C674&ssl=1&resize=1050%2C600 3x"},"classes":[]},{"id":44104,"url":"https:\/\/ismaelcolosi.com.br\/index.php\/2024\/03\/25\/nova-frente-fria-chega-ao-interior-de-sp-veja-como-fica-o-clima-nos-proximos-dias\/","url_meta":{"origin":54465,"position":2},"title":"Nova frente fria chega ao interior de SP; Veja como fica o clima nos pr\u00f3ximos dias","author":"ismaelcolosi.com.br","date":"25 de March de 2024","format":false,"excerpt":"A \u00faltima semana de mar\u00e7o ser\u00e1 marcada pelas maiores condi\u00e7\u00f5es para pancadas de chuva em todo o Estado de S\u00e3o Paulo, de acordo com a plataforma Climatempo. Segundo a meteorologia, outra frente fria estar\u00e1 passando em alto mar na altura do litoral de S\u00e3o Paulo, o que refor\u00e7a as condi\u00e7\u00f5es\u2026","rel":"","context":"In &quot;Not\u00edcias de Ribeir\u00e3o Preto-SP e Regi\u00e3o&quot;","block_context":{"text":"Not\u00edcias de Ribeir\u00e3o Preto-SP e Regi\u00e3o","link":"https:\/\/ismaelcolosi.com.br\/index.php\/category\/noticias-de-ribeirao-preto-sp-e-regiao-ismael-colosi\/"},"img":{"alt_text":"","src":"https:\/\/i0.wp.com\/ismaelcolosi.com.br\/wp-content\/uploads\/2024\/03\/20220619_103429681_chuva_nuvem_1200x675_21102021123142.jpg?fit=1200%2C675&ssl=1&resize=350%2C200","width":350,"height":200,"srcset":"https:\/\/i0.wp.com\/ismaelcolosi.com.br\/wp-content\/uploads\/2024\/03\/20220619_103429681_chuva_nuvem_1200x675_21102021123142.jpg?fit=1200%2C675&ssl=1&resize=350%2C200 1x, https:\/\/i0.wp.com\/ismaelcolosi.com.br\/wp-content\/uploads\/2024\/03\/20220619_103429681_chuva_nuvem_1200x675_21102021123142.jpg?fit=1200%2C675&ssl=1&resize=525%2C300 1.5x, https:\/\/i0.wp.com\/ismaelcolosi.com.br\/wp-content\/uploads\/2024\/03\/20220619_103429681_chuva_nuvem_1200x675_21102021123142.jpg?fit=1200%2C675&ssl=1&resize=700%2C400 2x, https:\/\/i0.wp.com\/ismaelcolosi.com.br\/wp-content\/uploads\/2024\/03\/20220619_103429681_chuva_nuvem_1200x675_21102021123142.jpg?fit=1200%2C675&ssl=1&resize=1050%2C600 3x"},"classes":[]},{"id":58072,"url":"https:\/\/ismaelcolosi.com.br\/index.php\/2024\/07\/26\/saiba-locais-que-a-frente-fria-vai-atingir-no-interior-de-sp-na-proxima-semana\/","url_meta":{"origin":54465,"position":3},"title":"Saiba locais que a frente fria vai atingir no interior de SP na pr\u00f3xima semana","author":"ismaelcolosi.com.br","date":"26 de July de 2024","format":false,"excerpt":"A frente fria que chega ao estado na pr\u00f3xima semana deve derrubar as temperaturas no interior de S\u00e3o Paulo a partir de ter\u00e7a-feira (30), de acordo com a Climatempo. Contudo, \u00e9 de apenas 1% a possibilidade de chuva em Ribeir\u00e3o Preto. O site especializado Meteored aponta que a parte leste\u2026","rel":"","context":"In &quot;Not\u00edcias de Ribeir\u00e3o Preto-SP e Regi\u00e3o&quot;","block_context":{"text":"Not\u00edcias de Ribeir\u00e3o Preto-SP e Regi\u00e3o","link":"https:\/\/ismaelcolosi.com.br\/index.php\/category\/noticias-de-ribeirao-preto-sp-e-regiao-ismael-colosi\/"},"img":{"alt_text":"","src":"https:\/\/i0.wp.com\/ismaelcolosi.com.br\/wp-content\/uploads\/2024\/07\/WhatsApp-Image-2024-02-21-at-07.07.05.jpeg?fit=1200%2C623&ssl=1&resize=350%2C200","width":350,"height":200,"srcset":"https:\/\/i0.wp.com\/ismaelcolosi.com.br\/wp-content\/uploads\/2024\/07\/WhatsApp-Image-2024-02-21-at-07.07.05.jpeg?fit=1200%2C623&ssl=1&resize=350%2C200 1x, https:\/\/i0.wp.com\/ismaelcolosi.com.br\/wp-content\/uploads\/2024\/07\/WhatsApp-Image-2024-02-21-at-07.07.05.jpeg?fit=1200%2C623&ssl=1&resize=525%2C300 1.5x, https:\/\/i0.wp.com\/ismaelcolosi.com.br\/wp-content\/uploads\/2024\/07\/WhatsApp-Image-2024-02-21-at-07.07.05.jpeg?fit=1200%2C623&ssl=1&resize=700%2C400 2x, https:\/\/i0.wp.com\/ismaelcolosi.com.br\/wp-content\/uploads\/2024\/07\/WhatsApp-Image-2024-02-21-at-07.07.05.jpeg?fit=1200%2C623&ssl=1&resize=1050%2C600 3x"},"classes":[]},{"id":46765,"url":"https:\/\/ismaelcolosi.com.br\/index.php\/2024\/04\/14\/saiba-quando-frente-fria-se-aproxima-e-traz-instabilidade-no-estado-de-sp\/","url_meta":{"origin":54465,"position":4},"title":"Saiba quando frente fria se aproxima e traz instabilidade no estado de SP","author":"ismaelcolosi.com.br","date":"14 de April de 2024","format":false,"excerpt":"A previs\u00e3o dos meteorologistas da Climatempo \u00e9 de que na quarta-feira (17) come\u00e7a se aproximar uma frente fria, associada a um ciclone extratropical, que vai trazer instabilidades em todo estado de S\u00e3o Paulo. Segundo a plataforma, h\u00e1 possibilidade de chover em todo territ\u00f3rio paulista e as temperaturas diminu\u00edrem a partir\u2026","rel":"","context":"In &quot;Not\u00edcias de Ribeir\u00e3o Preto-SP e Regi\u00e3o&quot;","block_context":{"text":"Not\u00edcias de Ribeir\u00e3o Preto-SP e Regi\u00e3o","link":"https:\/\/ismaelcolosi.com.br\/index.php\/category\/noticias-de-ribeirao-preto-sp-e-regiao-ismael-colosi\/"},"img":{"alt_text":"","src":"https:\/\/i0.wp.com\/ismaelcolosi.com.br\/wp-content\/uploads\/2024\/04\/Copia-de-Copia-de-TAMANHO-EXATO-PARA-FOTOS-NO-SISTEMA-NOVO-37.webp.webp?fit=1200%2C675&ssl=1&resize=350%2C200","width":350,"height":200,"srcset":"https:\/\/i0.wp.com\/ismaelcolosi.com.br\/wp-content\/uploads\/2024\/04\/Copia-de-Copia-de-TAMANHO-EXATO-PARA-FOTOS-NO-SISTEMA-NOVO-37.webp.webp?fit=1200%2C675&ssl=1&resize=350%2C200 1x, https:\/\/i0.wp.com\/ismaelcolosi.com.br\/wp-content\/uploads\/2024\/04\/Copia-de-Copia-de-TAMANHO-EXATO-PARA-FOTOS-NO-SISTEMA-NOVO-37.webp.webp?fit=1200%2C675&ssl=1&resize=525%2C300 1.5x, https:\/\/i0.wp.com\/ismaelcolosi.com.br\/wp-content\/uploads\/2024\/04\/Copia-de-Copia-de-TAMANHO-EXATO-PARA-FOTOS-NO-SISTEMA-NOVO-37.webp.webp?fit=1200%2C675&ssl=1&resize=700%2C400 2x, https:\/\/i0.wp.com\/ismaelcolosi.com.br\/wp-content\/uploads\/2024\/04\/Copia-de-Copia-de-TAMANHO-EXATO-PARA-FOTOS-NO-SISTEMA-NOVO-37.webp.webp?fit=1200%2C675&ssl=1&resize=1050%2C600 3x"},"classes":[]},{"id":61290,"url":"https:\/\/ismaelcolosi.com.br\/index.php\/2024\/08\/21\/antes-de-frente-fria-interior-de-sp-deve-registrar-pico-de-calor-saiba-quando\/","url_meta":{"origin":54465,"position":5},"title":"Antes de\u00a0frente fria, interior de SP deve registrar pico de calor; Saiba quando","author":"ismaelcolosi.com.br","date":"21 de August de 2024","format":false,"excerpt":"As temperaturas seguem extremas antes de uma frente fria prevista para avan\u00e7a pelo Brasil a partir desta quinta-feira (22). Segundo a Climatempo, esta nova frente fria tem caracter\u00edstica continental, est\u00e1 associada a um ciclone extratropical no mar e tem expectativa de trazer chuva e derrubar as temperaturas no Centro-Sul. \u201cA\u2026","rel":"","context":"In &quot;Not\u00edcias de Ribeir\u00e3o Preto-SP e Regi\u00e3o&quot;","block_context":{"text":"Not\u00edcias de Ribeir\u00e3o Preto-SP e Regi\u00e3o","link":"https:\/\/ismaelcolosi.com.br\/index.php\/category\/noticias-de-ribeirao-preto-sp-e-regiao-ismael-colosi\/"},"img":{"alt_text":"","src":"https:\/\/i0.wp.com\/ismaelcolosi.com.br\/wp-content\/uploads\/2024\/08\/WhatsApp-Image-2024-08-21-at-07.21.47_2024-08-21_10-22-33_jpeg_2024-08-21_10-22-34.webp.webp?fit=1200%2C647&ssl=1&resize=350%2C200","width":350,"height":200,"srcset":"https:\/\/i0.wp.com\/ismaelcolosi.com.br\/wp-content\/uploads\/2024\/08\/WhatsApp-Image-2024-08-21-at-07.21.47_2024-08-21_10-22-33_jpeg_2024-08-21_10-22-34.webp.webp?fit=1200%2C647&ssl=1&resize=350%2C200 1x, https:\/\/i0.wp.com\/ismaelcolosi.com.br\/wp-content\/uploads\/2024\/08\/WhatsApp-Image-2024-08-21-at-07.21.47_2024-08-21_10-22-33_jpeg_2024-08-21_10-22-34.webp.webp?fit=1200%2C647&ssl=1&resize=525%2C300 1.5x, https:\/\/i0.wp.com\/ismaelcolosi.com.br\/wp-content\/uploads\/2024\/08\/WhatsApp-Image-2024-08-21-at-07.21.47_2024-08-21_10-22-33_jpeg_2024-08-21_10-22-34.webp.webp?fit=1200%2C647&ssl=1&resize=700%2C400 2x, https:\/\/i0.wp.com\/ismaelcolosi.com.br\/wp-content\/uploads\/2024\/08\/WhatsApp-Image-2024-08-21-at-07.21.47_2024-08-21_10-22-33_jpeg_2024-08-21_10-22-34.webp.webp?fit=1200%2C647&ssl=1&resize=1050%2C600 3x"},"classes":[]}],"jetpack_sharing_enabled":true,"jetpack_shortlink":"https:\/\/wp.me\/pfMlyK-eat","_links":{"self":[{"href":"https:\/\/ismaelcolosi.com.br\/index.php\/wp-json\/wp\/v2\/posts\/54465","targetHints":{"allow":["GET"]}}],"collection":[{"href":"https:\/\/ismaelcolosi.com.br\/index.php\/wp-json\/wp\/v2\/posts"}],"about":[{"href":"https:\/\/ismaelcolosi.com.br\/index.php\/wp-json\/wp\/v2\/types\/post"}],"author":[{"embeddable":true,"href":"https:\/\/ismaelcolosi.com.br\/index.php\/wp-json\/wp\/v2\/users\/1"}],"replies":[{"embeddable":true,"href":"https:\/\/ismaelcolosi.com.br\/index.php\/wp-json\/wp\/v2\/comments?post=54465"}],"version-history":[{"count":0,"href":"https:\/\/ismaelcolosi.com.br\/index.php\/wp-json\/wp\/v2\/posts\/54465\/revisions"}],"wp:featuredmedia":[{"embeddable":true,"href":"https:\/\/ismaelcolosi.com.br\/index.php\/wp-json\/wp\/v2\/media\/54466"}],"wp:attachment":[{"href":"https:\/\/ismaelcolosi.com.br\/index.php\/wp-json\/wp\/v2\/media?parent=54465"}],"wp:term":[{"taxonomy":"category","embeddable":true,"href":"https:\/\/ismaelcolosi.com.br\/index.php\/wp-json\/wp\/v2\/categories?post=54465"},{"taxonomy":"post_tag","embeddable":true,"href":"https:\/\/ismaelcolosi.com.br\/index.php\/wp-json\/wp\/v2\/tags?post=54465"}],"curies":[{"name":"wp","href":"https:\/\/api.w.org\/{rel}","templated":true}]}}