{"id":54461,"date":"2024-06-25T15:02:23","date_gmt":"2024-06-25T18:02:23","guid":{"rendered":"https:\/\/ismaelcolosi.com.br\/index.php\/2024\/06\/25\/saerp-alerta-para-falta-dagua-em-bairros-de-ribeirao-preto-veja-locais-afetados\/"},"modified":"2024-06-25T15:02:23","modified_gmt":"2024-06-25T18:02:23","slug":"saerp-alerta-para-falta-dagua-em-bairros-de-ribeirao-preto-veja-locais-afetados","status":"publish","type":"post","link":"https:\/\/ismaelcolosi.com.br\/index.php\/2024\/06\/25\/saerp-alerta-para-falta-dagua-em-bairros-de-ribeirao-preto-veja-locais-afetados\/","title":{"rendered":"Saerp alerta para falta d\u2019\u00e1gua em bairros de Ribeir\u00e3o Preto; Veja locais afetados"},"content":{"rendered":"<p> <br \/>\n<\/p>\n<div data-td-block-uid=\"tdi_106\">\n<div class=\"tdb-block-inner td-fix-index\">\n<p>A<strong> Secretaria de \u00c1gua e Esgoto de Ribeir\u00e3o Preto (Saerp)<\/strong> informou que deve faltar \u00e1gua em<strong> pelo menos quatro bairros <\/strong>da zona Norte e Oeste da cidade, nesta<strong> ter\u00e7a-feira (25)<\/strong>.<\/p>\n<p>Conforme o comunicado emitido, a <strong>bomba submersa<\/strong> do <strong>po\u00e7o Pompolo Engenho<\/strong> apresentou falhas eletromec\u00e2nicas e, por conta disso, <strong><mark style=\"background-color:#fcb900\" class=\"has-inline-color\">ser\u00e1 necess\u00e1rio efetuar a substitui\u00e7\u00e3o emergencial<\/mark><\/strong>.<\/p>\n<p>H\u00e1 problemas de abastecimentos nos seguintes bairros:<\/p>\n<ul>\n<li>Planalto Verde e regi\u00f5es pr\u00f3ximas.<\/li>\n<\/ul>\n<p><mark style=\"background-color:#fcb900\" class=\"has-inline-color\">A <strong>previs\u00e3o <\/strong>\u00e9 de os trabalhos sejam <strong>conclu\u00eddos at\u00e9 \u00e0s 21h<\/strong><\/mark>. Ap\u00f3s a finaliza\u00e7\u00e3o, o sistema ser\u00e1 religado e o abastecimento voltar\u00e1 de forma gradativa.<\/p>\n<h4 class=\"wp-block-heading\"><strong>O que fazer?<\/strong><\/h4>\n<p>Caso o seu bairro apresente falhas no abastecimento, entre em contato com a <strong>Saerp <\/strong>pelo telefone <strong>0800 115 0115 <\/strong>ou procure por um posto de atendimento (<a href=\"https:\/\/www.ribeiraopreto.sp.gov.br\/portal\/saerp\/vazamento-agua#:~:text=O%20cliente%20poder%C3%A1%20informar%20pelo,de%20vazamentos%20internos%20nos%20im%C3%B3veis\" target=\"_blank\" rel=\"noreferrer noopener\">clique aqui<\/a>).<\/p>\n<p>Outros servi\u00e7os da secretaria podem ser acessados<a href=\"https:\/\/www.ribeiraopreto.sp.gov.br\/portal\/saerp\/\" target=\"_blank\" rel=\"noreferrer noopener\"> clicando aqui<\/a>.<\/p>\n<hr class=\"wp-block-separator has-alpha-channel-opacity\"\/>\n<p>SAIBA MAIS<\/p>\n<p>Frente fria de forte intensidade vai derrubar as temperaturas no interior de SP<\/p>\n<h4 class=\"wp-block-heading\"><strong>FIQUE ON<\/strong><\/h4>\n<p>Fique ligado em tudo que acontece em Ribeir\u00e3o Preto e regi\u00e3o. Siga os perfis do\u00a0<strong>acidade on\u00a0<\/strong>no\u00a0<a href=\"https:\/\/www.instagram.com\/acidadeonribeirao\" target=\"_blank\" rel=\"noreferrer noopener\">Instagram<\/a>\u00a0e no\u00a0<a href=\"https:\/\/www.facebook.com\/acidadeonribeirao\" target=\"_blank\" rel=\"noreferrer noopener\">Facebook<\/a>.<\/p>\n<p>Receba not\u00edcias do acidade on no WhatsApp. Para entrar no grupo, basta\u00a0<a href=\"https:\/\/chat.whatsapp.com\/CdrZ6xrf7quD44Vw3WlPuZ\" target=\"_blank\" rel=\"noreferrer noopener\">clicar aqui<\/a>.<\/p>\n<p>Fa\u00e7a uma den\u00fancia ou sugira uma reportagem sobre Ribeir\u00e3o Preto e regi\u00e3o pelo WhatsApp: 16 99117 7802.<\/p>\n<p>VEJA TAMB\u00c9M<\/p>\n<p>Que horas sai a nova m\u00fasica da Ludmilla com Iza?<\/p>\n<p><!-- AI CONTENT END 1 -->\n<\/div>\n<\/div>\n<p><script async src=\"\/\/www.instagram.com\/embed.js\"><\/script><br \/>\n<br \/><br \/>\n<br \/><a href=\"https:\/\/www.acidadeon.com\/ribeiraopreto\/cotidiano\/saerp-alerta-para-falta-dagua-em-bairros-de-ribeirao-preto-veja-locais-afetados\/\">Source link <\/a><\/p>\n<div class='code-block code-block-4' style='margin: 8px auto 8px 0; text-align: left; display: block; clear: both;'>\n\ud83d\udce2 Aviso Legal\n\nO site ismaelcolosi.com.br atua apenas como um canal de divulga\u00e7\u00e3o de oportunidades de emprego e n\u00e3o se responsabiliza pelo processo seletivo, contrata\u00e7\u00e3o ou qualquer outra etapa relacionada \u00e0s vagas publicadas. Todas as informa\u00e7\u00f5es s\u00e3o de responsabilidade dos anunciantes.\n\n\u26a0\ufe0f Aten\u00e7\u00e3o! Nunca pague por promessas de emprego nem compre cursos que garantam contrata\u00e7\u00e3o. Desconfie de qualquer cobran\u00e7a para participar de sele\u00e7\u00f5es.\n\n\n\n<\/div>\n<!-- CONTENT END 1 -->\n","protected":false},"excerpt":{"rendered":"<p>A Secretaria de \u00c1gua e Esgoto de Ribeir\u00e3o Preto (Saerp) informou que deve faltar \u00e1gua em pelo menos quatro bairros da zona Norte e Oeste&#8230;<\/p>\n","protected":false},"author":1,"featured_media":54462,"comment_status":"open","ping_status":"open","sticky":false,"template":"","format":"standard","meta":{"_uag_custom_page_level_css":"","advanced_seo_description":"","jetpack_seo_html_title":"","jetpack_seo_noindex":false,"jetpack_post_was_ever_published":false,"_jetpack_newsletter_access":"","_jetpack_dont_email_post_to_subs":false,"_jetpack_newsletter_tier_id":0,"_jetpack_memberships_contains_paywalled_content":false,"_jetpack_memberships_contains_paid_content":false,"footnotes":"","jetpack_publicize_message":"","jetpack_publicize_feature_enabled":true,"jetpack_social_post_already_shared":true,"jetpack_social_options":{"image_generator_settings":{"template":"highway","default_image_id":0,"font":"","enabled":false},"version":2}},"categories":[11],"tags":[],"class_list":["post-54461","post","type-post","status-publish","format-standard","has-post-thumbnail","hentry","category-noticias-de-ribeirao-preto-sp-e-regiao-ismael-colosi"],"jetpack_publicize_connections":[],"jetpack_featured_media_url":"https:\/\/i0.wp.com\/ismaelcolosi.com.br\/wp-content\/uploads\/2024\/06\/1719338543_torneira_falta_1024x576_08122020103237.jpg?fit=1024%2C576&ssl=1","uagb_featured_image_src":{"full":["https:\/\/i0.wp.com\/ismaelcolosi.com.br\/wp-content\/uploads\/2024\/06\/1719338543_torneira_falta_1024x576_08122020103237.jpg?fit=1024%2C576&ssl=1",1024,576,false],"thumbnail":["https:\/\/i0.wp.com\/ismaelcolosi.com.br\/wp-content\/uploads\/2024\/06\/1719338543_torneira_falta_1024x576_08122020103237.jpg?resize=150%2C150&ssl=1",150,150,true],"medium":["https:\/\/i0.wp.com\/ismaelcolosi.com.br\/wp-content\/uploads\/2024\/06\/1719338543_torneira_falta_1024x576_08122020103237.jpg?fit=300%2C169&ssl=1",300,169,true],"medium_large":["https:\/\/i0.wp.com\/ismaelcolosi.com.br\/wp-content\/uploads\/2024\/06\/1719338543_torneira_falta_1024x576_08122020103237.jpg?fit=768%2C432&ssl=1",768,432,true],"large":["https:\/\/i0.wp.com\/ismaelcolosi.com.br\/wp-content\/uploads\/2024\/06\/1719338543_torneira_falta_1024x576_08122020103237.jpg?fit=1024%2C576&ssl=1",1024,576,true],"1536x1536":["https:\/\/i0.wp.com\/ismaelcolosi.com.br\/wp-content\/uploads\/2024\/06\/1719338543_torneira_falta_1024x576_08122020103237.jpg?fit=1024%2C576&ssl=1",1024,576,true],"2048x2048":["https:\/\/i0.wp.com\/ismaelcolosi.com.br\/wp-content\/uploads\/2024\/06\/1719338543_torneira_falta_1024x576_08122020103237.jpg?fit=1024%2C576&ssl=1",1024,576,true],"really-simple-thumb":["https:\/\/i0.wp.com\/ismaelcolosi.com.br\/wp-content\/uploads\/2024\/06\/1719338543_torneira_falta_1024x576_08122020103237.jpg?resize=370%2C247&ssl=1",370,247,true]},"uagb_author_info":{"display_name":"ismaelcolosi.com.br","author_link":"https:\/\/ismaelcolosi.com.br\/index.php\/author\/vidareal-online\/"},"uagb_comment_info":0,"uagb_excerpt":"A Secretaria de \u00c1gua e Esgoto de Ribeir\u00e3o Preto (Saerp) informou que deve faltar \u00e1gua em pelo menos quatro bairros da zona Norte e Oeste...","jetpack-related-posts":[{"id":63007,"url":"https:\/\/ismaelcolosi.com.br\/index.php\/2024\/08\/30\/interrupcao-no-abastecimento-de-agua-em-ribeirao-preto-bairros-afetados\/","url_meta":{"origin":54461,"position":0},"title":"Bairros Afetados \u2013 Folha de Ribeir\u00e3o","author":"ismaelcolosi.com.br","date":"30 de August de 2024","format":false,"excerpt":"\u00a9 Ag\u00eancia Brasil\/EBC A Secretaria de \u00c1gua e Esgoto de Ribeir\u00e3o Preto (Saerp) emitiu um alerta para a falta de \u00e1gua em diversos bairros da cidade nesta sexta-feira (30). A interrup\u00e7\u00e3o no abastecimento \u00e9 devido a um reparo emergencial na rede de \u00e1gua, que est\u00e1 sendo realizado na rua Geni\u2026","rel":"","context":"In &quot;Not\u00edcias de Ribeir\u00e3o Preto-SP e Regi\u00e3o&quot;","block_context":{"text":"Not\u00edcias de Ribeir\u00e3o Preto-SP e Regi\u00e3o","link":"https:\/\/ismaelcolosi.com.br\/index.php\/category\/noticias-de-ribeirao-preto-sp-e-regiao-ismael-colosi\/"},"img":{"alt_text":"","src":"https:\/\/i0.wp.com\/ismaelcolosi.com.br\/wp-content\/uploads\/2024\/08\/torneira_de_agua.webp.webp?fit=1170%2C700&ssl=1&resize=350%2C200","width":350,"height":200,"srcset":"https:\/\/i0.wp.com\/ismaelcolosi.com.br\/wp-content\/uploads\/2024\/08\/torneira_de_agua.webp.webp?fit=1170%2C700&ssl=1&resize=350%2C200 1x, https:\/\/i0.wp.com\/ismaelcolosi.com.br\/wp-content\/uploads\/2024\/08\/torneira_de_agua.webp.webp?fit=1170%2C700&ssl=1&resize=525%2C300 1.5x, https:\/\/i0.wp.com\/ismaelcolosi.com.br\/wp-content\/uploads\/2024\/08\/torneira_de_agua.webp.webp?fit=1170%2C700&ssl=1&resize=700%2C400 2x, https:\/\/i0.wp.com\/ismaelcolosi.com.br\/wp-content\/uploads\/2024\/08\/torneira_de_agua.webp.webp?fit=1170%2C700&ssl=1&resize=1050%2C600 3x"},"classes":[]},{"id":62972,"url":"https:\/\/ismaelcolosi.com.br\/index.php\/2024\/08\/30\/saerp-alerta-para-falta-dagua-em-ribeirao-preto-veja-os-bairros-afetados\/","url_meta":{"origin":54461,"position":1},"title":"Saerp alerta para falta d\u2019\u00e1gua em Ribeir\u00e3o Preto; Veja os bairros afetados","author":"ismaelcolosi.com.br","date":"30 de August de 2024","format":false,"excerpt":"A Saerp (Secretaria de \u00c1gua e Esgoto de Ribeir\u00e3o Preto) informou que tr\u00eas bairros da zona Oeste de Ribeir\u00e3o Preto podem ficar sem \u00e1gua nesta sexta-feira (30) por conta de um reparo emergencial na rede. O servi\u00e7o est\u00e1 sendo realizado na rua Geni Maria Alves. Por conta disso, o abastecimento\u2026","rel":"","context":"In &quot;Not\u00edcias de Ribeir\u00e3o Preto-SP e Regi\u00e3o&quot;","block_context":{"text":"Not\u00edcias de Ribeir\u00e3o Preto-SP e Regi\u00e3o","link":"https:\/\/ismaelcolosi.com.br\/index.php\/category\/noticias-de-ribeirao-preto-sp-e-regiao-ismael-colosi\/"},"img":{"alt_text":"","src":"https:\/\/i0.wp.com\/ismaelcolosi.com.br\/wp-content\/uploads\/2024\/08\/1725021306_Vejaosbairrosquepodemterfaltadguapor3diasnazonaLestedeRibeiroPreto_Tamanho_2_image-1-1.png?fit=1200%2C900&ssl=1&resize=350%2C200","width":350,"height":200,"srcset":"https:\/\/i0.wp.com\/ismaelcolosi.com.br\/wp-content\/uploads\/2024\/08\/1725021306_Vejaosbairrosquepodemterfaltadguapor3diasnazonaLestedeRibeiroPreto_Tamanho_2_image-1-1.png?fit=1200%2C900&ssl=1&resize=350%2C200 1x, https:\/\/i0.wp.com\/ismaelcolosi.com.br\/wp-content\/uploads\/2024\/08\/1725021306_Vejaosbairrosquepodemterfaltadguapor3diasnazonaLestedeRibeiroPreto_Tamanho_2_image-1-1.png?fit=1200%2C900&ssl=1&resize=525%2C300 1.5x, https:\/\/i0.wp.com\/ismaelcolosi.com.br\/wp-content\/uploads\/2024\/08\/1725021306_Vejaosbairrosquepodemterfaltadguapor3diasnazonaLestedeRibeiroPreto_Tamanho_2_image-1-1.png?fit=1200%2C900&ssl=1&resize=700%2C400 2x, https:\/\/i0.wp.com\/ismaelcolosi.com.br\/wp-content\/uploads\/2024\/08\/1725021306_Vejaosbairrosquepodemterfaltadguapor3diasnazonaLestedeRibeiroPreto_Tamanho_2_image-1-1.png?fit=1200%2C900&ssl=1&resize=1050%2C600 3x"},"classes":[]},{"id":58265,"url":"https:\/\/ismaelcolosi.com.br\/index.php\/2024\/07\/29\/rompimento-de-rede-deixa-ao-menos-tres-bairros-sem-agua-em-ribeirao-preto\/","url_meta":{"origin":54461,"position":2},"title":"Rompimento de rede deixa ao menos tr\u00eas bairros sem \u00e1gua em Ribeir\u00e3o Preto","author":"ismaelcolosi.com.br","date":"29 de July de 2024","format":false,"excerpt":"A Saerp (Secretaria de \u00c1gua e Esgoto de Ribeir\u00e3o Preto) alerta sobre o rompimento de uma rede no bairro Vila Virg\u00ednia, que pode deixar ao menos tr\u00eas bairros (veja abaixo) sem \u00e1gua, ainda, nesta segunda-feira (29). O reparo emergencial acontece no local e os bairros afetados s\u00e3o: Vila Virg\u00ednia Parque\u2026","rel":"","context":"In &quot;Not\u00edcias de Ribeir\u00e3o Preto-SP e Regi\u00e3o&quot;","block_context":{"text":"Not\u00edcias de Ribeir\u00e3o Preto-SP e Regi\u00e3o","link":"https:\/\/ismaelcolosi.com.br\/index.php\/category\/noticias-de-ribeirao-preto-sp-e-regiao-ismael-colosi\/"},"img":{"alt_text":"","src":"https:\/\/i0.wp.com\/ismaelcolosi.com.br\/wp-content\/uploads\/2024\/07\/Copia-de-Copia-de-TAMANHO-EXATO-PARA-FOTOS-NO-SISTEMA-NOVO-11_2024-07-29_20-40-13_jpg_2024-07-29_20-40-13.webp.webp?fit=1200%2C675&ssl=1&resize=350%2C200","width":350,"height":200,"srcset":"https:\/\/i0.wp.com\/ismaelcolosi.com.br\/wp-content\/uploads\/2024\/07\/Copia-de-Copia-de-TAMANHO-EXATO-PARA-FOTOS-NO-SISTEMA-NOVO-11_2024-07-29_20-40-13_jpg_2024-07-29_20-40-13.webp.webp?fit=1200%2C675&ssl=1&resize=350%2C200 1x, https:\/\/i0.wp.com\/ismaelcolosi.com.br\/wp-content\/uploads\/2024\/07\/Copia-de-Copia-de-TAMANHO-EXATO-PARA-FOTOS-NO-SISTEMA-NOVO-11_2024-07-29_20-40-13_jpg_2024-07-29_20-40-13.webp.webp?fit=1200%2C675&ssl=1&resize=525%2C300 1.5x, https:\/\/i0.wp.com\/ismaelcolosi.com.br\/wp-content\/uploads\/2024\/07\/Copia-de-Copia-de-TAMANHO-EXATO-PARA-FOTOS-NO-SISTEMA-NOVO-11_2024-07-29_20-40-13_jpg_2024-07-29_20-40-13.webp.webp?fit=1200%2C675&ssl=1&resize=700%2C400 2x, https:\/\/i0.wp.com\/ismaelcolosi.com.br\/wp-content\/uploads\/2024\/07\/Copia-de-Copia-de-TAMANHO-EXATO-PARA-FOTOS-NO-SISTEMA-NOVO-11_2024-07-29_20-40-13_jpg_2024-07-29_20-40-13.webp.webp?fit=1200%2C675&ssl=1&resize=1050%2C600 3x"},"classes":[]},{"id":4050,"url":"https:\/\/ismaelcolosi.com.br\/index.php\/2023\/11\/20\/saerp-alerta-para-falta-dagua-em-bairros-da-zona-sul-de-ribeirao-preto-2\/","url_meta":{"origin":54461,"position":3},"title":"Saerp alerta para falta d\u2019\u00e1gua em bairros da zona Sul de Ribeir\u00e3o\u00a0Preto","author":"ismaelcolosi.com.br","date":"20 de November de 2023","format":false,"excerpt":"A Saerp (Secretaria de \u00c1gua e Esgoto de Ribeir\u00e3o Preto) informou, nesta segunda-feira (20), que alguns bairros da zona Sul do munic\u00edpio podem sofrer com a falta d\u00b4\u00e1gua. De acordo com o \u00f3rg\u00e3o, uma bomba do po\u00e7o Canad\u00e1 apresentou falhas eletromec\u00e2nicas, por isso est\u00e1 sendo realizada a substitui\u00e7\u00e3o emergencial no\u2026","rel":"","context":"In &quot;Not\u00edcias de Ribeir\u00e3o Preto-SP e Regi\u00e3o&quot;","block_context":{"text":"Not\u00edcias de Ribeir\u00e3o Preto-SP e Regi\u00e3o","link":"https:\/\/ismaelcolosi.com.br\/index.php\/category\/noticias-de-ribeirao-preto-sp-e-regiao-ismael-colosi\/"},"img":{"alt_text":"","src":"https:\/\/i0.wp.com\/ismaelcolosi.com.br\/wp-content\/uploads\/2023\/11\/water-tap-7055543_1280-1.jpg?fit=1200%2C884&ssl=1&resize=350%2C200","width":350,"height":200,"srcset":"https:\/\/i0.wp.com\/ismaelcolosi.com.br\/wp-content\/uploads\/2023\/11\/water-tap-7055543_1280-1.jpg?fit=1200%2C884&ssl=1&resize=350%2C200 1x, https:\/\/i0.wp.com\/ismaelcolosi.com.br\/wp-content\/uploads\/2023\/11\/water-tap-7055543_1280-1.jpg?fit=1200%2C884&ssl=1&resize=525%2C300 1.5x, https:\/\/i0.wp.com\/ismaelcolosi.com.br\/wp-content\/uploads\/2023\/11\/water-tap-7055543_1280-1.jpg?fit=1200%2C884&ssl=1&resize=700%2C400 2x, https:\/\/i0.wp.com\/ismaelcolosi.com.br\/wp-content\/uploads\/2023\/11\/water-tap-7055543_1280-1.jpg?fit=1200%2C884&ssl=1&resize=1050%2C600 3x"},"classes":[]},{"id":13297,"url":"https:\/\/ismaelcolosi.com.br\/index.php\/2023\/12\/09\/prefeitura-de-ribeirao-preto-alerta-que-pode-faltar-agua-em-varios-bairros\/","url_meta":{"origin":54461,"position":4},"title":"Prefeitura de Ribeir\u00e3o Preto alerta que pode faltar \u00e1gua em v\u00e1rios bairros","author":"ismaelcolosi.com.br","date":"9 de December de 2023","format":false,"excerpt":"A Prefeitura de Ribeir\u00e3o Preto informou, na manh\u00e3 deste s\u00e1bado (9), que pode faltar \u00e1gua em v\u00e1rios bairros da zona Leste da cidade. O motivo \u00e9 uma rede rompida. Segundo a Secretaria Municipal de \u00c1gua e Esgoto de Ribeir\u00e3o Preto (Saerp), o reparo emergencial j\u00e1 foi iniciado. Os bairros que\u2026","rel":"","context":"In &quot;Not\u00edcias de Ribeir\u00e3o Preto-SP e Regi\u00e3o&quot;","block_context":{"text":"Not\u00edcias de Ribeir\u00e3o Preto-SP e Regi\u00e3o","link":"https:\/\/ismaelcolosi.com.br\/index.php\/category\/noticias-de-ribeirao-preto-sp-e-regiao-ismael-colosi\/"},"img":{"alt_text":"","src":"https:\/\/i0.wp.com\/ismaelcolosi.com.br\/wp-content\/uploads\/2023\/12\/shower-1027904_1280-2.jpg?fit=1200%2C803&ssl=1&resize=350%2C200","width":350,"height":200,"srcset":"https:\/\/i0.wp.com\/ismaelcolosi.com.br\/wp-content\/uploads\/2023\/12\/shower-1027904_1280-2.jpg?fit=1200%2C803&ssl=1&resize=350%2C200 1x, https:\/\/i0.wp.com\/ismaelcolosi.com.br\/wp-content\/uploads\/2023\/12\/shower-1027904_1280-2.jpg?fit=1200%2C803&ssl=1&resize=525%2C300 1.5x, https:\/\/i0.wp.com\/ismaelcolosi.com.br\/wp-content\/uploads\/2023\/12\/shower-1027904_1280-2.jpg?fit=1200%2C803&ssl=1&resize=700%2C400 2x, https:\/\/i0.wp.com\/ismaelcolosi.com.br\/wp-content\/uploads\/2023\/12\/shower-1027904_1280-2.jpg?fit=1200%2C803&ssl=1&resize=1050%2C600 3x"},"classes":[]},{"id":70748,"url":"https:\/\/ismaelcolosi.com.br\/index.php\/2024\/10\/12\/saerp-alerta-para-falta-dagua-em-ribeirao-preto-veja-os-bairros-afetados-3\/","url_meta":{"origin":54461,"position":5},"title":"Saerp alerta para falta d\u2019\u00e1gua em Ribeir\u00e3o Preto; Veja os bairros afetados","author":"ismaelcolosi.com.br","date":"12 de October de 2024","format":false,"excerpt":"A Saerp (Secretaria de \u00c1gua e Esgoto de Ribeir\u00e3o Preto) informou que quatro bairros de Ribeir\u00e3o Preto podem ficar sem \u00e1gua na tarde deste s\u00e1bado (12). Segundo a secretaria, equipes fazem o reparo emergencial de uma rede rompida na esquina das ruas Jos\u00e9 Gomes da Silva com a Manoel Emboaba.\u2026","rel":"","context":"In &quot;Not\u00edcias de Ribeir\u00e3o Preto-SP e Regi\u00e3o&quot;","block_context":{"text":"Not\u00edcias de Ribeir\u00e3o Preto-SP e Regi\u00e3o","link":"https:\/\/ismaelcolosi.com.br\/index.php\/category\/noticias-de-ribeirao-preto-sp-e-regiao-ismael-colosi\/"},"img":{"alt_text":"","src":"https:\/\/i0.wp.com\/ismaelcolosi.com.br\/wp-content\/uploads\/2024\/10\/istockphoto-501515701-612x612-1_2024-10-06_20-08-02_jpg_2024-10-06_20-08-02.webp.webp?fit=612%2C408&ssl=1&resize=350%2C200","width":350,"height":200,"srcset":"https:\/\/i0.wp.com\/ismaelcolosi.com.br\/wp-content\/uploads\/2024\/10\/istockphoto-501515701-612x612-1_2024-10-06_20-08-02_jpg_2024-10-06_20-08-02.webp.webp?fit=612%2C408&ssl=1&resize=350%2C200 1x, https:\/\/i0.wp.com\/ismaelcolosi.com.br\/wp-content\/uploads\/2024\/10\/istockphoto-501515701-612x612-1_2024-10-06_20-08-02_jpg_2024-10-06_20-08-02.webp.webp?fit=612%2C408&ssl=1&resize=525%2C300 1.5x"},"classes":[]}],"jetpack_sharing_enabled":true,"jetpack_shortlink":"https:\/\/wp.me\/pfMlyK-eap","_links":{"self":[{"href":"https:\/\/ismaelcolosi.com.br\/index.php\/wp-json\/wp\/v2\/posts\/54461","targetHints":{"allow":["GET"]}}],"collection":[{"href":"https:\/\/ismaelcolosi.com.br\/index.php\/wp-json\/wp\/v2\/posts"}],"about":[{"href":"https:\/\/ismaelcolosi.com.br\/index.php\/wp-json\/wp\/v2\/types\/post"}],"author":[{"embeddable":true,"href":"https:\/\/ismaelcolosi.com.br\/index.php\/wp-json\/wp\/v2\/users\/1"}],"replies":[{"embeddable":true,"href":"https:\/\/ismaelcolosi.com.br\/index.php\/wp-json\/wp\/v2\/comments?post=54461"}],"version-history":[{"count":0,"href":"https:\/\/ismaelcolosi.com.br\/index.php\/wp-json\/wp\/v2\/posts\/54461\/revisions"}],"wp:featuredmedia":[{"embeddable":true,"href":"https:\/\/ismaelcolosi.com.br\/index.php\/wp-json\/wp\/v2\/media\/54462"}],"wp:attachment":[{"href":"https:\/\/ismaelcolosi.com.br\/index.php\/wp-json\/wp\/v2\/media?parent=54461"}],"wp:term":[{"taxonomy":"category","embeddable":true,"href":"https:\/\/ismaelcolosi.com.br\/index.php\/wp-json\/wp\/v2\/categories?post=54461"},{"taxonomy":"post_tag","embeddable":true,"href":"https:\/\/ismaelcolosi.com.br\/index.php\/wp-json\/wp\/v2\/tags?post=54461"}],"curies":[{"name":"wp","href":"https:\/\/api.w.org\/{rel}","templated":true}]}}