{"id":54454,"date":"2024-06-25T13:48:28","date_gmt":"2024-06-25T16:48:28","guid":{"rendered":"https:\/\/ismaelcolosi.com.br\/index.php\/2024\/06\/25\/show-da-joss-stone-e-confirmado-em-ribeirao-preto-veja-quando\/"},"modified":"2024-06-25T13:48:28","modified_gmt":"2024-06-25T16:48:28","slug":"show-da-joss-stone-e-confirmado-em-ribeirao-preto-veja-quando","status":"publish","type":"post","link":"https:\/\/ismaelcolosi.com.br\/index.php\/2024\/06\/25\/show-da-joss-stone-e-confirmado-em-ribeirao-preto-veja-quando\/","title":{"rendered":"Show da Joss Stone \u00e9 confirmado em Ribeir\u00e3o Preto; Veja quando"},"content":{"rendered":"<p> <br \/>\n<\/p>\n<div>\n<p>A cantora brit\u00e2nica<strong> Joss Stone<\/strong> vai se apresentar em<strong> Ribeir\u00e3o Preto<\/strong> no dia 21 de setembro, com o show da turn\u00ea <em>Ellipsis Tour<\/em>. A apresenta\u00e7\u00e3o ser\u00e1 realizada no <strong>Alcans Hall<\/strong>, antigo Quinta Linda.<\/p>\n<p><mark style=\"background-color:#fcb900\" class=\"has-inline-color has-black-color\">A venda dos ingressos come\u00e7a nesta quarta-feira (26), a partir das 10h, pelo site da<strong> Ticket Master <\/strong>(<a href=\"https:\/\/www.ticketmaster.com.br\/\" target=\"_blank\" rel=\"noreferrer noopener nofollow\">clique aqui<\/a>). <\/mark>Os bilhetes tamb\u00e9m ser\u00e3o vendidos na bilheteria f\u00edsica da Arena Flow, que fica em frente ao <strong>est\u00e1dio Santa Cruz\/Arena Nicnet<\/strong>, de segunda-feira a S\u00e1bado, das 10h \u00e0s 19h.<\/p>\n<h4 class=\"wp-block-heading\"><strong>A turn\u00ea<\/strong><\/h4>\n<p>Em 2024, Joss Stone estar\u00e1 comemora os 21 anos de carreira internacional. A artista j\u00e1 foi indicada ao Grammy cinco vezes, vencendo em 2007, quando ganhou o t\u00edtulo da cr\u00edtica internacional de \u201cDiva do Soul\u201d.<\/p>\n<p>A artista j\u00e1 se apresentou com lendas da m\u00fasica como <strong>James Brown<\/strong>, <strong>Herbie Hancock<\/strong>, <strong>Stevie Wonder<\/strong>, <strong>Gladys Knight<\/strong>, <strong>Sting<\/strong>,<strong> Van Morrison<\/strong> e <strong>Melissa Etheridge<\/strong>.<\/p>\n<p>O \u00faltimo disco lan\u00e7ado foi Never Forget My Love, em 2022. O \u00e1lbum foi escrito e produzido com Dave Stewart (Eurythmics). \u201cPercebi, de repente, que n\u00e3o tenho que lutar o tempo todo para ser a artista que quero ser \u2013 apenas fa\u00e7a o que voc\u00ea ama e isso se resolver\u00e1\u201d, define a artista.<\/p>\n<figure class=\"wp-block-embed is-type-video is-provider-youtube wp-block-embed-youtube wp-embed-aspect-16-9 wp-has-aspect-ratio\">\n<div class=\"wp-block-embed__wrapper\">\n<p><iframe loading=\"lazy\" title=\"Joss Stone - Never Forget My Love (Official Music Video)\" width=\"500\" height=\"281\" src=\"https:\/\/www.youtube.com\/embed\/T8b2u10BnQw?feature=oembed\" frameborder=\"0\" allow=\"accelerometer; autoplay; clipboard-write; encrypted-media; gyroscope; picture-in-picture; web-share\" referrerpolicy=\"strict-origin-when-cross-origin\" allowfullscreen><\/iframe><\/p>\n<\/div>\n<\/figure>\n<h4 class=\"wp-block-heading\"><strong>SERVI\u00c7O<\/strong><\/h4>\n<p><strong>Joss Stone em Ribeir\u00e3o Preto<br \/><\/strong>Quando: S\u00e1bado 21 de setembro de 2024<br \/>Onde: Alcans Hall (antigo Quinta Linda) \u2013 rodovia anhanguera, altura do quil\u00f4metro 302<br \/>Hor\u00e1rio de abertura das portas: 19h30<br \/>Hor\u00e1rio de in\u00edcio do show: 21h30<br \/>Classifica\u00e7\u00e3o indicativa: 18 anos, menores de 18 anos a entrada \u00e9 permitida apenas com autoriza\u00e7\u00e3o do respons\u00e1vel legal.<br \/>Acessibilidade para PCD.<br \/>Local com estacionamento pr\u00f3prio<br \/>Vendas de ingressos: <a href=\"http:\/\/www.ticketmaster.com.br\">www.ticketmaster.com.br<\/a><br \/>Data do in\u00edcio de vendas: Quarta Feira 26\/6\/2024, \u00e0s 10h<br \/>Bilheteria f\u00edsica: Flow Arena, localizada no cal\u00e7ad\u00e3o do est\u00e1dio Santa Cruz\/Arena Nicnet<br \/>Hor\u00e1rios: Segunda \u00e0 S\u00e1bado das 10h \u00e0s 19h<\/p>\n<p>SAIBA MAIS<br \/>Show com integrantes do Legi\u00e3o Urbana em Ribeir\u00e3o Preto tem ingresso solid\u00e1rio<\/p>\n<h4 class=\"wp-block-heading\"><strong>FIQUE ON<\/strong><\/h4>\n<p>Fique ligado em tudo que acontece em Ribeir\u00e3o Preto e regi\u00e3o. Siga os perfis do<strong> acidade on<\/strong> no <a href=\"https:\/\/www.instagram.com\/acidadeonribeirao\" target=\"_blank\" rel=\"noreferrer noopener nofollow\">Instagram<\/a> e no <a href=\"https:\/\/www.facebook.com\/acidadeonribeirao\/\" target=\"_blank\" rel=\"noreferrer noopener nofollow\">Facebook<\/a>.<\/p>\n<p>Receba not\u00edcias do <strong>acidade on <\/strong>no WhatsApp. <a href=\"https:\/\/chat.whatsapp.com\/CdrZ6xrf7quD44Vw3WlPuZ\" target=\"_blank\" rel=\"noreferrer noopener nofollow\">Para entrar no grupo, basta clicar aqui.<\/a><\/p>\n<p>Fa\u00e7a uma den\u00fancia ou sugira uma reportagem sobre Ribeir\u00e3o Preto e regi\u00e3o pelo WhatsApp: 16 99117 7802.<\/p>\n<p>VEJA TAMB\u00c9M<br \/>Que horas sai a nova m\u00fasica da Ludmilla com Iza?<\/p>\n<p><!-- AI CONTENT END 1 -->\n<\/div>\n<p><script async src=\"\/\/www.instagram.com\/embed.js\"><\/script><br \/>\n<br \/><br \/>\n<br \/><a href=\"https:\/\/www.acidadeon.com\/ribeiraopreto\/lazer-e-cultura\/show-da-joss-stone-e-confirmado-em-ribeirao-preto-veja-quando\/\">Source link <\/a><\/p>\n<div class='code-block code-block-4' style='margin: 8px auto 8px 0; text-align: left; display: block; clear: both;'>\n\ud83d\udce2 Aviso Legal\n\nO site ismaelcolosi.com.br atua apenas como um canal de divulga\u00e7\u00e3o de oportunidades de emprego e n\u00e3o se responsabiliza pelo processo seletivo, contrata\u00e7\u00e3o ou qualquer outra etapa relacionada \u00e0s vagas publicadas. Todas as informa\u00e7\u00f5es s\u00e3o de responsabilidade dos anunciantes.\n\n\u26a0\ufe0f Aten\u00e7\u00e3o! Nunca pague por promessas de emprego nem compre cursos que garantam contrata\u00e7\u00e3o. Desconfie de qualquer cobran\u00e7a para participar de sele\u00e7\u00f5es.\n\n\n\n<\/div>\n<!-- CONTENT END 1 -->\n","protected":false},"excerpt":{"rendered":"<p>A cantora brit\u00e2nica Joss Stone vai se apresentar em Ribeir\u00e3o Preto no dia 21 de setembro, com o show da turn\u00ea Ellipsis Tour. A apresenta\u00e7\u00e3o&#8230;<\/p>\n","protected":false},"author":1,"featured_media":54165,"comment_status":"open","ping_status":"open","sticky":false,"template":"","format":"standard","meta":{"_uag_custom_page_level_css":"","advanced_seo_description":"","jetpack_seo_html_title":"","jetpack_seo_noindex":false,"jetpack_post_was_ever_published":false,"_jetpack_newsletter_access":"","_jetpack_dont_email_post_to_subs":false,"_jetpack_newsletter_tier_id":0,"_jetpack_memberships_contains_paywalled_content":false,"_jetpack_memberships_contains_paid_content":false,"footnotes":"","jetpack_publicize_message":"","jetpack_publicize_feature_enabled":true,"jetpack_social_post_already_shared":true,"jetpack_social_options":{"image_generator_settings":{"template":"highway","default_image_id":0,"font":"","enabled":false},"version":2}},"categories":[11],"tags":[],"class_list":["post-54454","post","type-post","status-publish","format-standard","has-post-thumbnail","hentry","category-noticias-de-ribeirao-preto-sp-e-regiao-ismael-colosi"],"jetpack_publicize_connections":[],"jetpack_featured_media_url":"https:\/\/i0.wp.com\/ismaelcolosi.com.br\/wp-content\/uploads\/2024\/06\/Copia-de-Copia-de-TAMANHO-EXATO-PARA-FOTOS-NO-SISTEMA-NOVO-91_2024-06-22_00-08-25_png_2024-06-22_00-08-25.webp.webp?fit=1200%2C675&ssl=1","uagb_featured_image_src":{"full":["https:\/\/i0.wp.com\/ismaelcolosi.com.br\/wp-content\/uploads\/2024\/06\/Copia-de-Copia-de-TAMANHO-EXATO-PARA-FOTOS-NO-SISTEMA-NOVO-91_2024-06-22_00-08-25_png_2024-06-22_00-08-25.webp.webp?fit=1200%2C675&ssl=1",1200,675,false],"thumbnail":["https:\/\/i0.wp.com\/ismaelcolosi.com.br\/wp-content\/uploads\/2024\/06\/Copia-de-Copia-de-TAMANHO-EXATO-PARA-FOTOS-NO-SISTEMA-NOVO-91_2024-06-22_00-08-25_png_2024-06-22_00-08-25.webp.webp?resize=150%2C150&ssl=1",150,150,true],"medium":["https:\/\/i0.wp.com\/ismaelcolosi.com.br\/wp-content\/uploads\/2024\/06\/Copia-de-Copia-de-TAMANHO-EXATO-PARA-FOTOS-NO-SISTEMA-NOVO-91_2024-06-22_00-08-25_png_2024-06-22_00-08-25.webp.webp?fit=300%2C169&ssl=1",300,169,true],"medium_large":["https:\/\/i0.wp.com\/ismaelcolosi.com.br\/wp-content\/uploads\/2024\/06\/Copia-de-Copia-de-TAMANHO-EXATO-PARA-FOTOS-NO-SISTEMA-NOVO-91_2024-06-22_00-08-25_png_2024-06-22_00-08-25.webp.webp?fit=768%2C432&ssl=1",768,432,true],"large":["https:\/\/i0.wp.com\/ismaelcolosi.com.br\/wp-content\/uploads\/2024\/06\/Copia-de-Copia-de-TAMANHO-EXATO-PARA-FOTOS-NO-SISTEMA-NOVO-91_2024-06-22_00-08-25_png_2024-06-22_00-08-25.webp.webp?fit=1024%2C576&ssl=1",1024,576,true],"1536x1536":["https:\/\/i0.wp.com\/ismaelcolosi.com.br\/wp-content\/uploads\/2024\/06\/Copia-de-Copia-de-TAMANHO-EXATO-PARA-FOTOS-NO-SISTEMA-NOVO-91_2024-06-22_00-08-25_png_2024-06-22_00-08-25.webp.webp?fit=1200%2C675&ssl=1",1200,675,true],"2048x2048":["https:\/\/i0.wp.com\/ismaelcolosi.com.br\/wp-content\/uploads\/2024\/06\/Copia-de-Copia-de-TAMANHO-EXATO-PARA-FOTOS-NO-SISTEMA-NOVO-91_2024-06-22_00-08-25_png_2024-06-22_00-08-25.webp.webp?fit=1200%2C675&ssl=1",1200,675,true],"really-simple-thumb":["https:\/\/i0.wp.com\/ismaelcolosi.com.br\/wp-content\/uploads\/2024\/06\/Copia-de-Copia-de-TAMANHO-EXATO-PARA-FOTOS-NO-SISTEMA-NOVO-91_2024-06-22_00-08-25_png_2024-06-22_00-08-25.webp.webp?resize=370%2C247&ssl=1",370,247,true]},"uagb_author_info":{"display_name":"ismaelcolosi.com.br","author_link":"https:\/\/ismaelcolosi.com.br\/index.php\/author\/vidareal-online\/"},"uagb_comment_info":0,"uagb_excerpt":"A cantora brit\u00e2nica Joss Stone vai se apresentar em Ribeir\u00e3o Preto no dia 21 de setembro, com o show da turn\u00ea Ellipsis Tour. A apresenta\u00e7\u00e3o...","jetpack-related-posts":[{"id":66480,"url":"https:\/\/ismaelcolosi.com.br\/index.php\/2024\/09\/17\/joss-stone-se-apresenta-em-ribeirao-preto-no-proximo-sabado-veja-a-entrevista-exclusiva\/","url_meta":{"origin":54454,"position":0},"title":"Joss Stone se apresenta em Ribeir\u00e3o Preto no pr\u00f3ximo s\u00e1bado; Veja a entrevista exclusiva","author":"ismaelcolosi.com.br","date":"17 de September de 2024","format":false,"excerpt":"A cantora brit\u00e2nica Joss Stone se apresenta em Ribeir\u00e3o Preto com o show da turn\u00ea Ellipsis no pr\u00f3ximo s\u00e1bado (21). A artista concedeu uma entrevista exclusiva ao acidade on, no qual ela fala da turn\u00ea, como foi sua evolu\u00e7\u00e3o como cantora ao longo da carreira, lan\u00e7amentos e qual o sentimento\u2026","rel":"","context":"In &quot;Not\u00edcias de Ribeir\u00e3o Preto-SP e Regi\u00e3o&quot;","block_context":{"text":"Not\u00edcias de Ribeir\u00e3o Preto-SP e Regi\u00e3o","link":"https:\/\/ismaelcolosi.com.br\/index.php\/category\/noticias-de-ribeirao-preto-sp-e-regiao-ismael-colosi\/"},"img":{"alt_text":"","src":"https:\/\/i0.wp.com\/ismaelcolosi.com.br\/wp-content\/uploads\/2024\/09\/joss-stone_2024-09-17_21-21-35_jpeg_2024-09-17_21-21-35.webp.webp?fit=1200%2C674&ssl=1&resize=350%2C200","width":350,"height":200,"srcset":"https:\/\/i0.wp.com\/ismaelcolosi.com.br\/wp-content\/uploads\/2024\/09\/joss-stone_2024-09-17_21-21-35_jpeg_2024-09-17_21-21-35.webp.webp?fit=1200%2C674&ssl=1&resize=350%2C200 1x, https:\/\/i0.wp.com\/ismaelcolosi.com.br\/wp-content\/uploads\/2024\/09\/joss-stone_2024-09-17_21-21-35_jpeg_2024-09-17_21-21-35.webp.webp?fit=1200%2C674&ssl=1&resize=525%2C300 1.5x, https:\/\/i0.wp.com\/ismaelcolosi.com.br\/wp-content\/uploads\/2024\/09\/joss-stone_2024-09-17_21-21-35_jpeg_2024-09-17_21-21-35.webp.webp?fit=1200%2C674&ssl=1&resize=700%2C400 2x, https:\/\/i0.wp.com\/ismaelcolosi.com.br\/wp-content\/uploads\/2024\/09\/joss-stone_2024-09-17_21-21-35_jpeg_2024-09-17_21-21-35.webp.webp?fit=1200%2C674&ssl=1&resize=1050%2C600 3x"},"classes":[]},{"id":54585,"url":"https:\/\/ismaelcolosi.com.br\/index.php\/2024\/06\/26\/veja-como-comprar-ingressos-para-o-show-da-joss-stone-em-ribeirao-preto\/","url_meta":{"origin":54454,"position":1},"title":"Veja como comprar ingressos para o show da Joss Stone em Ribeir\u00e3o Preto","author":"ismaelcolosi.com.br","date":"26 de June de 2024","format":false,"excerpt":"O show da cantora brit\u00e2nica Joss Stone foi confirmado em Ribeir\u00e3o Preto. A apresenta\u00e7\u00e3o acontece no dia 21 de setembro no Alcans Hall (antigo Quinta Linda), a partir das 21h30. A venda dos ingressos come\u00e7ou \u00e0s 10h desta quarta-feira (26). Com mais de 20 anos de carreira, a cantora j\u00e1\u2026","rel":"","context":"In &quot;Not\u00edcias de Ribeir\u00e3o Preto-SP e Regi\u00e3o&quot;","block_context":{"text":"Not\u00edcias de Ribeir\u00e3o Preto-SP e Regi\u00e3o","link":"https:\/\/ismaelcolosi.com.br\/index.php\/category\/noticias-de-ribeirao-preto-sp-e-regiao-ismael-colosi\/"},"img":{"alt_text":"","src":"https:\/\/i0.wp.com\/ismaelcolosi.com.br\/wp-content\/uploads\/2024\/06\/Capturar_2024-06-26_14-26-26_jpg_2024-06-26_14-26-26.webp.webp?fit=903%2C630&ssl=1&resize=350%2C200","width":350,"height":200,"srcset":"https:\/\/i0.wp.com\/ismaelcolosi.com.br\/wp-content\/uploads\/2024\/06\/Capturar_2024-06-26_14-26-26_jpg_2024-06-26_14-26-26.webp.webp?fit=903%2C630&ssl=1&resize=350%2C200 1x, https:\/\/i0.wp.com\/ismaelcolosi.com.br\/wp-content\/uploads\/2024\/06\/Capturar_2024-06-26_14-26-26_jpg_2024-06-26_14-26-26.webp.webp?fit=903%2C630&ssl=1&resize=525%2C300 1.5x, https:\/\/i0.wp.com\/ismaelcolosi.com.br\/wp-content\/uploads\/2024\/06\/Capturar_2024-06-26_14-26-26_jpg_2024-06-26_14-26-26.webp.webp?fit=903%2C630&ssl=1&resize=700%2C400 2x"},"classes":[]},{"id":66815,"url":"https:\/\/ismaelcolosi.com.br\/index.php\/2024\/09\/19\/tudo-sobre-os-shows-da-cantora-joss-stone-2\/","url_meta":{"origin":54454,"position":2},"title":"Tudo sobre os shows da cantora Joss Stone","author":"ismaelcolosi.com.br","date":"19 de September de 2024","format":false,"excerpt":"A cantora brit\u00e2nica Joss Stone chegou no Brasil na quarta-feira (18). A vencedora do BRIT Awards e de Grammy Award sobe no Palco Mundo do Rock in Rio nesta quinta-feira (19). No pr\u00f3ximo s\u00e1bado (21), Joss se apresenta em Ribeir\u00e3o Preto. O show em Belo Horizonte ser\u00e1 no domingo (22)\u2026","rel":"","context":"In &quot;Not\u00edcias de Ribeir\u00e3o Preto-SP e Regi\u00e3o&quot;","block_context":{"text":"Not\u00edcias de Ribeir\u00e3o Preto-SP e Regi\u00e3o","link":"https:\/\/ismaelcolosi.com.br\/index.php\/category\/noticias-de-ribeirao-preto-sp-e-regiao-ismael-colosi\/"},"img":{"alt_text":"","src":"https:\/\/i0.wp.com\/ismaelcolosi.com.br\/wp-content\/uploads\/2024\/09\/Copia-de-Copia-de-Copia-de-TAMANHO-EXATO-PARA-FOTOS-NO-SISTEMA-NOVO-28_2024-09-19_15-15-13_png_2024-09-19_15-15-14.webp.webp?fit=1200%2C675&ssl=1&resize=350%2C200","width":350,"height":200,"srcset":"https:\/\/i0.wp.com\/ismaelcolosi.com.br\/wp-content\/uploads\/2024\/09\/Copia-de-Copia-de-Copia-de-TAMANHO-EXATO-PARA-FOTOS-NO-SISTEMA-NOVO-28_2024-09-19_15-15-13_png_2024-09-19_15-15-14.webp.webp?fit=1200%2C675&ssl=1&resize=350%2C200 1x, https:\/\/i0.wp.com\/ismaelcolosi.com.br\/wp-content\/uploads\/2024\/09\/Copia-de-Copia-de-Copia-de-TAMANHO-EXATO-PARA-FOTOS-NO-SISTEMA-NOVO-28_2024-09-19_15-15-13_png_2024-09-19_15-15-14.webp.webp?fit=1200%2C675&ssl=1&resize=525%2C300 1.5x, https:\/\/i0.wp.com\/ismaelcolosi.com.br\/wp-content\/uploads\/2024\/09\/Copia-de-Copia-de-Copia-de-TAMANHO-EXATO-PARA-FOTOS-NO-SISTEMA-NOVO-28_2024-09-19_15-15-13_png_2024-09-19_15-15-14.webp.webp?fit=1200%2C675&ssl=1&resize=700%2C400 2x, https:\/\/i0.wp.com\/ismaelcolosi.com.br\/wp-content\/uploads\/2024\/09\/Copia-de-Copia-de-Copia-de-TAMANHO-EXATO-PARA-FOTOS-NO-SISTEMA-NOVO-28_2024-09-19_15-15-13_png_2024-09-19_15-15-14.webp.webp?fit=1200%2C675&ssl=1&resize=1050%2C600 3x"},"classes":[]},{"id":66798,"url":"https:\/\/ismaelcolosi.com.br\/index.php\/2024\/09\/19\/tudo-sobre-os-shows-da-cantora-joss-stone\/","url_meta":{"origin":54454,"position":3},"title":"Tudo sobre os shows da cantora Joss Stone","author":"ismaelcolosi.com.br","date":"19 de September de 2024","format":false,"excerpt":"A cantora brit\u00e2nica Joss Stone chegou no Brasil na quarta-feira (18). A vencedora do BRIT Awards e de Grammy Award sobe no Palco Mundo do Rock in Rio na data de hoje. No pr\u00f3ximo s\u00e1bado (21), Joss se apresenta em Ribeir\u00e3o Preto. O show em Belo Horizonte ser\u00e1 no domingo\u2026","rel":"","context":"In &quot;Not\u00edcias de Ribeir\u00e3o Preto-SP e Regi\u00e3o&quot;","block_context":{"text":"Not\u00edcias de Ribeir\u00e3o Preto-SP e Regi\u00e3o","link":"https:\/\/ismaelcolosi.com.br\/index.php\/category\/noticias-de-ribeirao-preto-sp-e-regiao-ismael-colosi\/"},"img":{"alt_text":"","src":"https:\/\/i0.wp.com\/ismaelcolosi.com.br\/wp-content\/uploads\/2024\/09\/Copia-de-Copia-de-Copia-de-TAMANHO-EXATO-PARA-FOTOS-NO-SISTEMA-NOVO-28_2024-09-19_15-15-13_png_2024-09-19_15-15-14.webp.webp?fit=1200%2C675&ssl=1&resize=350%2C200","width":350,"height":200,"srcset":"https:\/\/i0.wp.com\/ismaelcolosi.com.br\/wp-content\/uploads\/2024\/09\/Copia-de-Copia-de-Copia-de-TAMANHO-EXATO-PARA-FOTOS-NO-SISTEMA-NOVO-28_2024-09-19_15-15-13_png_2024-09-19_15-15-14.webp.webp?fit=1200%2C675&ssl=1&resize=350%2C200 1x, https:\/\/i0.wp.com\/ismaelcolosi.com.br\/wp-content\/uploads\/2024\/09\/Copia-de-Copia-de-Copia-de-TAMANHO-EXATO-PARA-FOTOS-NO-SISTEMA-NOVO-28_2024-09-19_15-15-13_png_2024-09-19_15-15-14.webp.webp?fit=1200%2C675&ssl=1&resize=525%2C300 1.5x, https:\/\/i0.wp.com\/ismaelcolosi.com.br\/wp-content\/uploads\/2024\/09\/Copia-de-Copia-de-Copia-de-TAMANHO-EXATO-PARA-FOTOS-NO-SISTEMA-NOVO-28_2024-09-19_15-15-13_png_2024-09-19_15-15-14.webp.webp?fit=1200%2C675&ssl=1&resize=700%2C400 2x, https:\/\/i0.wp.com\/ismaelcolosi.com.br\/wp-content\/uploads\/2024\/09\/Copia-de-Copia-de-Copia-de-TAMANHO-EXATO-PARA-FOTOS-NO-SISTEMA-NOVO-28_2024-09-19_15-15-13_png_2024-09-19_15-15-14.webp.webp?fit=1200%2C675&ssl=1&resize=1050%2C600 3x"},"classes":[]},{"id":67188,"url":"https:\/\/ismaelcolosi.com.br\/index.php\/2024\/09\/21\/joss-stone-em-ribeirao-veja-o-que-voce-precisa-saber-sobre-o-show-desta-noite\/","url_meta":{"origin":54454,"position":4},"title":"Joss Stone em Ribeir\u00e3o: Veja o que voc\u00ea precisa saber sobre o show desta noite","author":"ismaelcolosi.com.br","date":"21 de September de 2024","format":false,"excerpt":"Ap\u00f3s apresenta\u00e7\u00e3o no Rock in Rio, na \u00faltima quinta-feira (19), a cantora brit\u00e2nica Joss Stone faz uma apresenta\u00e7\u00e3o \u00fanica em Ribeir\u00e3o Preto, neste s\u00e1bado (21). Ainda h\u00e1 ingressos dispon\u00edveis \u2013 veja mais abaixo. Em entrevista ao acidade on a cantora falou sobre a Ellipsis Tour, a evolu\u00e7\u00e3o de sua carreira\u2026","rel":"","context":"In &quot;Not\u00edcias de Ribeir\u00e3o Preto-SP e Regi\u00e3o&quot;","block_context":{"text":"Not\u00edcias de Ribeir\u00e3o Preto-SP e Regi\u00e3o","link":"https:\/\/ismaelcolosi.com.br\/index.php\/category\/noticias-de-ribeirao-preto-sp-e-regiao-ismael-colosi\/"},"img":{"alt_text":"","src":"https:\/\/i0.wp.com\/ismaelcolosi.com.br\/wp-content\/uploads\/2024\/09\/joss_2024-09-21_14-40-44_jpg_2024-09-21_14-40-45.webp.webp?fit=586%2C572&ssl=1&resize=350%2C200","width":350,"height":200,"srcset":"https:\/\/i0.wp.com\/ismaelcolosi.com.br\/wp-content\/uploads\/2024\/09\/joss_2024-09-21_14-40-44_jpg_2024-09-21_14-40-45.webp.webp?fit=586%2C572&ssl=1&resize=350%2C200 1x, https:\/\/i0.wp.com\/ismaelcolosi.com.br\/wp-content\/uploads\/2024\/09\/joss_2024-09-21_14-40-44_jpg_2024-09-21_14-40-45.webp.webp?fit=586%2C572&ssl=1&resize=525%2C300 1.5x"},"classes":[]},{"id":67017,"url":"https:\/\/ismaelcolosi.com.br\/index.php\/2024\/09\/20\/joss-stone-e-blues-festival-veja-a-agenda-do-fim-de-semana-em-ribeirao-preto\/","url_meta":{"origin":54454,"position":5},"title":"Joss Stone e Blues Festival: Veja a agenda do fim de semana em Ribeir\u00e3o Preto","author":"ismaelcolosi.com.br","date":"20 de September de 2024","format":false,"excerpt":"Mais um fim de semana chegou e Ribeir\u00e3o Preto conta com diversas atividades culturais para curtir em fam\u00edlia, com amigos ou sozinho. Para quem prefere shows, Joss Stone e Blues Festival prometem uma programa\u00e7\u00e3o musical animad\u00edssima, outra op\u00e7\u00e3o \u00e9 a Feira de Orqu\u00eddeas marca a chegada da primavera. Confira a\u2026","rel":"","context":"In &quot;Not\u00edcias de Ribeir\u00e3o Preto-SP e Regi\u00e3o&quot;","block_context":{"text":"Not\u00edcias de Ribeir\u00e3o Preto-SP e Regi\u00e3o","link":"https:\/\/ismaelcolosi.com.br\/index.php\/category\/noticias-de-ribeirao-preto-sp-e-regiao-ismael-colosi\/"},"img":{"alt_text":"","src":"https:\/\/i0.wp.com\/ismaelcolosi.com.br\/wp-content\/uploads\/2024\/06\/Capturar_2024-06-26_14-26-26_jpg_2024-06-26_14-26-26.webp.webp?fit=903%2C630&ssl=1&resize=350%2C200","width":350,"height":200,"srcset":"https:\/\/i0.wp.com\/ismaelcolosi.com.br\/wp-content\/uploads\/2024\/06\/Capturar_2024-06-26_14-26-26_jpg_2024-06-26_14-26-26.webp.webp?fit=903%2C630&ssl=1&resize=350%2C200 1x, https:\/\/i0.wp.com\/ismaelcolosi.com.br\/wp-content\/uploads\/2024\/06\/Capturar_2024-06-26_14-26-26_jpg_2024-06-26_14-26-26.webp.webp?fit=903%2C630&ssl=1&resize=525%2C300 1.5x, https:\/\/i0.wp.com\/ismaelcolosi.com.br\/wp-content\/uploads\/2024\/06\/Capturar_2024-06-26_14-26-26_jpg_2024-06-26_14-26-26.webp.webp?fit=903%2C630&ssl=1&resize=700%2C400 2x"},"classes":[]}],"jetpack_sharing_enabled":true,"jetpack_shortlink":"https:\/\/wp.me\/pfMlyK-eai","_links":{"self":[{"href":"https:\/\/ismaelcolosi.com.br\/index.php\/wp-json\/wp\/v2\/posts\/54454","targetHints":{"allow":["GET"]}}],"collection":[{"href":"https:\/\/ismaelcolosi.com.br\/index.php\/wp-json\/wp\/v2\/posts"}],"about":[{"href":"https:\/\/ismaelcolosi.com.br\/index.php\/wp-json\/wp\/v2\/types\/post"}],"author":[{"embeddable":true,"href":"https:\/\/ismaelcolosi.com.br\/index.php\/wp-json\/wp\/v2\/users\/1"}],"replies":[{"embeddable":true,"href":"https:\/\/ismaelcolosi.com.br\/index.php\/wp-json\/wp\/v2\/comments?post=54454"}],"version-history":[{"count":0,"href":"https:\/\/ismaelcolosi.com.br\/index.php\/wp-json\/wp\/v2\/posts\/54454\/revisions"}],"wp:featuredmedia":[{"embeddable":true,"href":"https:\/\/ismaelcolosi.com.br\/index.php\/wp-json\/wp\/v2\/media\/54165"}],"wp:attachment":[{"href":"https:\/\/ismaelcolosi.com.br\/index.php\/wp-json\/wp\/v2\/media?parent=54454"}],"wp:term":[{"taxonomy":"category","embeddable":true,"href":"https:\/\/ismaelcolosi.com.br\/index.php\/wp-json\/wp\/v2\/categories?post=54454"},{"taxonomy":"post_tag","embeddable":true,"href":"https:\/\/ismaelcolosi.com.br\/index.php\/wp-json\/wp\/v2\/tags?post=54454"}],"curies":[{"name":"wp","href":"https:\/\/api.w.org\/{rel}","templated":true}]}}