{"id":54450,"date":"2024-06-25T13:24:09","date_gmt":"2024-06-25T16:24:09","guid":{"rendered":"https:\/\/ismaelcolosi.com.br\/index.php\/2024\/06\/25\/saiba-como-denunciar-pancadoes-irregulares-em-ribeirao-preto-pelo-whatsapp\/"},"modified":"2024-06-25T13:24:09","modified_gmt":"2024-06-25T16:24:09","slug":"saiba-como-denunciar-pancadoes-irregulares-em-ribeirao-preto-pelo-whatsapp","status":"publish","type":"post","link":"https:\/\/ismaelcolosi.com.br\/index.php\/2024\/06\/25\/saiba-como-denunciar-pancadoes-irregulares-em-ribeirao-preto-pelo-whatsapp\/","title":{"rendered":"Saiba como denunciar pancad\u00f5es irregulares em Ribeir\u00e3o Preto pelo WhatsApp"},"content":{"rendered":"<p> <br \/>\n<\/p>\n<div>\n<p>Ap\u00f3s publica\u00e7\u00e3o de mat\u00e9ria na \u00faltima segunda-feira (24) sobre os pancad\u00f5es no Jardim Cristo Redentor, moradores de outros bairros de <strong>Ribeir\u00e3o Preto <\/strong>procuraram o <strong>acidade on<\/strong> para denunciar problemas parecidos.<\/p>\n<p>Um dos casos \u00e9 na <strong>rua Mario de Andrade<\/strong>, na <strong>Vila Virg\u00ednia<\/strong>. Um morador reclama de uma aglomera\u00e7\u00e3o que acontece aos domingos, com m\u00fasica alta, que costuma ir at\u00e9 a madrugada de segunda-feira.<\/p>\n<p>Outro morador reclama dos pancad\u00f5es na<strong> rua Jo\u00e3o Dias de Arruda<\/strong>, no<strong> Parque Ribeir\u00e3o<\/strong>, \u00e0s sextas-feiras.<\/p>\n<p>\u201cNingu\u00e9m dorme. \u00c9 a maior bagun\u00e7a. Moto empinando, carro em alta velocidade, menores de idade bebendo, usando drogas, brigas, at\u00e9 tiro para cima estava tendo\u201d, reclama o morador que n\u00e3o quis ser identificado.<\/p>\n<h4 class=\"wp-block-heading\"><strong>Como denunciar os pancad\u00f5es em Ribeir\u00e3o Preto?<\/strong><\/h4>\n<p>Em entrevista \u00e0 <strong>EPTV<\/strong>, a<strong> secret\u00e1ria de Justi\u00e7a de Ribeir\u00e3o Preto, Bruna Cristina Gon\u00e7alves<\/strong>, afirmou que alguns estabelecimentos comerciais costumam a incentivar os pancad\u00f5es.<\/p>\n<p>Por isso, a popula\u00e7\u00e3o pode fazer as den\u00fancias desses locais, com barulho excessivo, pelo<mark style=\"background-color:#fcb900\" class=\"has-inline-color has-black-color\"> WhastApp do departamento da Fiscaliza\u00e7\u00e3o Geral \u2013 (16) 3618-4763 \u2013 ou pelo Servi\u00e7o de Atendimento ao Mun\u00edcipe \u2013 156.<\/mark><\/p>\n<p>\u201cAs den\u00fancias que a Fiscaliza\u00e7\u00e3o recebe, n\u00e3o consideram apenas a perturba\u00e7\u00e3o do sossego, mas ela considera a documenta\u00e7\u00e3o necess\u00e1ria para esse bar funcionar\u201d, disse a secret\u00e1ria.<\/p>\n<p>Os bares que organizam esses eventos podem ser multados em at\u00e9 R$ 1.591. Bruna lembra que, no caso de motos fazendo manobras, por ser uma infra\u00e7\u00e3o de tr\u00e2nsito, \u00e9 preciso chamar a <strong>Policia Militar<\/strong>, pelo 190.<\/p>\n<p>SAIBA MAIS<br \/>Construtora abre vagas de emprego em Ribeir\u00e3o Preto; Veja como concorrer<\/p>\n<h4 class=\"wp-block-heading\"><strong>FIQUE ON<\/strong><\/h4>\n<p>Fique ligado em tudo que acontece em Ribeir\u00e3o Preto e regi\u00e3o. Siga os perfis do <strong>acidade on<\/strong> no <a href=\"https:\/\/www.instagram.com\/acidadeonribeirao\" target=\"_blank\" rel=\"noreferrer noopener nofollow\">Instagram <\/a>e no <a href=\"https:\/\/www.facebook.com\/acidadeonribeirao\/\" target=\"_blank\" rel=\"noreferrer noopener nofollow\">Facebook<\/a>.<\/p>\n<p>Receba not\u00edcias do <strong>acidade on<\/strong> no WhatsApp. <a href=\"https:\/\/chat.whatsapp.com\/CdrZ6xrf7quD44Vw3WlPuZ\" target=\"_blank\" rel=\"noreferrer noopener nofollow\">Para entrar no grupo, basta clicar aqui.<\/a><\/p>\n<p>Fa\u00e7a uma den\u00fancia ou sugira uma reportagem sobre Ribeir\u00e3o Preto e regi\u00e3o pelo WhatsApp: 16 99117 7802.<\/p>\n<p>VEJA TAMB\u00c9M<br \/>Quem era a sobrinha do Den\u00edlson Show?<\/p>\n<p><!-- AI CONTENT END 1 -->\n<\/div>\n<p><script async src=\"\/\/www.instagram.com\/embed.js\"><\/script><br \/>\n<br \/><br \/>\n<br \/><a href=\"https:\/\/www.acidadeon.com\/ribeiraopreto\/cotidiano\/saiba-como-denunciar-pancadoes-irregulares-em-ribeirao-preto-pelo-whatsapp\/\">Source link <\/a><\/p>\n<div class='code-block code-block-4' style='margin: 8px auto 8px 0; text-align: left; display: block; clear: both;'>\n\ud83d\udce2 Aviso Legal\n\nO site ismaelcolosi.com.br atua apenas como um canal de divulga\u00e7\u00e3o de oportunidades de emprego e n\u00e3o se responsabiliza pelo processo seletivo, contrata\u00e7\u00e3o ou qualquer outra etapa relacionada \u00e0s vagas publicadas. Todas as informa\u00e7\u00f5es s\u00e3o de responsabilidade dos anunciantes.\n\n\u26a0\ufe0f Aten\u00e7\u00e3o! Nunca pague por promessas de emprego nem compre cursos que garantam contrata\u00e7\u00e3o. Desconfie de qualquer cobran\u00e7a para participar de sele\u00e7\u00f5es.\n\n\n\n<\/div>\n<!-- CONTENT END 1 -->\n","protected":false},"excerpt":{"rendered":"<p>Ap\u00f3s publica\u00e7\u00e3o de mat\u00e9ria na \u00faltima segunda-feira (24) sobre os pancad\u00f5es no Jardim Cristo Redentor, moradores de outros bairros de Ribeir\u00e3o Preto procuraram o acidade&#8230;<\/p>\n","protected":false},"author":1,"featured_media":54451,"comment_status":"open","ping_status":"open","sticky":false,"template":"","format":"standard","meta":{"_uag_custom_page_level_css":"","advanced_seo_description":"","jetpack_seo_html_title":"","jetpack_seo_noindex":false,"jetpack_post_was_ever_published":false,"_jetpack_newsletter_access":"","_jetpack_dont_email_post_to_subs":false,"_jetpack_newsletter_tier_id":0,"_jetpack_memberships_contains_paywalled_content":false,"_jetpack_memberships_contains_paid_content":false,"footnotes":"","jetpack_publicize_message":"","jetpack_publicize_feature_enabled":true,"jetpack_social_post_already_shared":true,"jetpack_social_options":{"image_generator_settings":{"template":"highway","default_image_id":0,"font":"","enabled":false},"version":2}},"categories":[11],"tags":[],"class_list":["post-54450","post","type-post","status-publish","format-standard","has-post-thumbnail","hentry","category-noticias-de-ribeirao-preto-sp-e-regiao-ismael-colosi"],"jetpack_publicize_connections":[],"jetpack_featured_media_url":"https:\/\/i0.wp.com\/ismaelcolosi.com.br\/wp-content\/uploads\/2024\/06\/AnyConv.com__pancadao-2_2024-06-25_16-02-10.webp.webp?fit=1920%2C1079&ssl=1","uagb_featured_image_src":{"full":["https:\/\/i0.wp.com\/ismaelcolosi.com.br\/wp-content\/uploads\/2024\/06\/AnyConv.com__pancadao-2_2024-06-25_16-02-10.webp.webp?fit=1920%2C1079&ssl=1",1920,1079,false],"thumbnail":["https:\/\/i0.wp.com\/ismaelcolosi.com.br\/wp-content\/uploads\/2024\/06\/AnyConv.com__pancadao-2_2024-06-25_16-02-10.webp.webp?resize=150%2C150&ssl=1",150,150,true],"medium":["https:\/\/i0.wp.com\/ismaelcolosi.com.br\/wp-content\/uploads\/2024\/06\/AnyConv.com__pancadao-2_2024-06-25_16-02-10.webp.webp?fit=300%2C169&ssl=1",300,169,true],"medium_large":["https:\/\/i0.wp.com\/ismaelcolosi.com.br\/wp-content\/uploads\/2024\/06\/AnyConv.com__pancadao-2_2024-06-25_16-02-10.webp.webp?fit=768%2C432&ssl=1",768,432,true],"large":["https:\/\/i0.wp.com\/ismaelcolosi.com.br\/wp-content\/uploads\/2024\/06\/AnyConv.com__pancadao-2_2024-06-25_16-02-10.webp.webp?fit=1024%2C575&ssl=1",1024,575,true],"1536x1536":["https:\/\/i0.wp.com\/ismaelcolosi.com.br\/wp-content\/uploads\/2024\/06\/AnyConv.com__pancadao-2_2024-06-25_16-02-10.webp.webp?fit=1536%2C863&ssl=1",1536,863,true],"2048x2048":["https:\/\/i0.wp.com\/ismaelcolosi.com.br\/wp-content\/uploads\/2024\/06\/AnyConv.com__pancadao-2_2024-06-25_16-02-10.webp.webp?fit=1920%2C1079&ssl=1",1920,1079,true],"really-simple-thumb":["https:\/\/i0.wp.com\/ismaelcolosi.com.br\/wp-content\/uploads\/2024\/06\/AnyConv.com__pancadao-2_2024-06-25_16-02-10.webp.webp?resize=370%2C247&ssl=1",370,247,true]},"uagb_author_info":{"display_name":"ismaelcolosi.com.br","author_link":"https:\/\/ismaelcolosi.com.br\/index.php\/author\/vidareal-online\/"},"uagb_comment_info":0,"uagb_excerpt":"Ap\u00f3s publica\u00e7\u00e3o de mat\u00e9ria na \u00faltima segunda-feira (24) sobre os pancad\u00f5es no Jardim Cristo Redentor, moradores de outros bairros de Ribeir\u00e3o Preto procuraram o acidade...","jetpack-related-posts":[{"id":54667,"url":"https:\/\/ismaelcolosi.com.br\/index.php\/2024\/06\/26\/estabelecimento-responsavel-por-pancadoes-em-ribeirao-e-notificado-pela-gcm\/","url_meta":{"origin":54450,"position":0},"title":"Estabelecimento respons\u00e1vel por pancad\u00f5es em Ribeir\u00e3o \u00e9 notificado pela GCM","author":"ismaelcolosi.com.br","date":"26 de June de 2024","format":false,"excerpt":"O Departamento de Fiscaliza\u00e7\u00e3o Geral e a Guarda Civil Metropolitana (GCM) realizaram uma opera\u00e7\u00e3o contra perturba\u00e7\u00e3o de sossego p\u00fablico no Jardim Cristo Redentor, zona Norte de Ribeir\u00e3o Preto. As equipes fiscalizaram e notificaram um estabelecimento comercial respons\u00e1vel por promover eventos conhecidos como pancad\u00f5es. Inclusive, banheiros qu\u00edmicos foram instalados pelos organizadores\u2026","rel":"","context":"In &quot;Not\u00edcias de Ribeir\u00e3o Preto-SP e Regi\u00e3o&quot;","block_context":{"text":"Not\u00edcias de Ribeir\u00e3o Preto-SP e Regi\u00e3o","link":"https:\/\/ismaelcolosi.com.br\/index.php\/category\/noticias-de-ribeirao-preto-sp-e-regiao-ismael-colosi\/"},"img":{"alt_text":"","src":"https:\/\/i0.wp.com\/ismaelcolosi.com.br\/wp-content\/uploads\/2024\/06\/WhatsApp-Image-2024-06-26-at-18.24.11_2024-06-27_00-02-22_jpeg_2024-06-27_00-02-22.webp.webp?fit=1200%2C903&ssl=1&resize=350%2C200","width":350,"height":200,"srcset":"https:\/\/i0.wp.com\/ismaelcolosi.com.br\/wp-content\/uploads\/2024\/06\/WhatsApp-Image-2024-06-26-at-18.24.11_2024-06-27_00-02-22_jpeg_2024-06-27_00-02-22.webp.webp?fit=1200%2C903&ssl=1&resize=350%2C200 1x, https:\/\/i0.wp.com\/ismaelcolosi.com.br\/wp-content\/uploads\/2024\/06\/WhatsApp-Image-2024-06-26-at-18.24.11_2024-06-27_00-02-22_jpeg_2024-06-27_00-02-22.webp.webp?fit=1200%2C903&ssl=1&resize=525%2C300 1.5x, https:\/\/i0.wp.com\/ismaelcolosi.com.br\/wp-content\/uploads\/2024\/06\/WhatsApp-Image-2024-06-26-at-18.24.11_2024-06-27_00-02-22_jpeg_2024-06-27_00-02-22.webp.webp?fit=1200%2C903&ssl=1&resize=700%2C400 2x, https:\/\/i0.wp.com\/ismaelcolosi.com.br\/wp-content\/uploads\/2024\/06\/WhatsApp-Image-2024-06-26-at-18.24.11_2024-06-27_00-02-22_jpeg_2024-06-27_00-02-22.webp.webp?fit=1200%2C903&ssl=1&resize=1050%2C600 3x"},"classes":[]},{"id":54342,"url":"https:\/\/ismaelcolosi.com.br\/index.php\/2024\/06\/24\/guarda-civil-diz-que-vai-realizar-acoes-preventivas-durante-pancadoes-em-ribeirao\/","url_meta":{"origin":54450,"position":1},"title":"Guarda Civil diz que vai realizar a\u00e7\u00f5es preventivas durante pancad\u00f5es em Ribeir\u00e3o","author":"ismaelcolosi.com.br","date":"24 de June de 2024","format":false,"excerpt":"O coordenador da GCM (Guarda Civil Metropolitana) de Ribeir\u00e3o Preto, Tiago Caldeira, afirmou que ser\u00e3o realizadas a\u00e7\u00f5es preventivas nos locais em que est\u00e3o sendo realizados os chamados pancad\u00f5es. A afirma\u00e7\u00e3o foi dada por Caldeira em entrevista \u00e0 EPTV, ap\u00f3s reclama\u00e7\u00f5es de moradores do bairro Jardim Cristo Redentor sobre festas realizadas\u2026","rel":"","context":"In &quot;Not\u00edcias de Ribeir\u00e3o Preto-SP e Regi\u00e3o&quot;","block_context":{"text":"Not\u00edcias de Ribeir\u00e3o Preto-SP e Regi\u00e3o","link":"https:\/\/ismaelcolosi.com.br\/index.php\/category\/noticias-de-ribeirao-preto-sp-e-regiao-ismael-colosi\/"},"img":{"alt_text":"","src":"https:\/\/i0.wp.com\/ismaelcolosi.com.br\/wp-content\/uploads\/2024\/06\/AnyConv.com__pancadoes_2024-06-24_18-14-09.webp.webp?fit=1200%2C615&ssl=1&resize=350%2C200","width":350,"height":200,"srcset":"https:\/\/i0.wp.com\/ismaelcolosi.com.br\/wp-content\/uploads\/2024\/06\/AnyConv.com__pancadoes_2024-06-24_18-14-09.webp.webp?fit=1200%2C615&ssl=1&resize=350%2C200 1x, https:\/\/i0.wp.com\/ismaelcolosi.com.br\/wp-content\/uploads\/2024\/06\/AnyConv.com__pancadoes_2024-06-24_18-14-09.webp.webp?fit=1200%2C615&ssl=1&resize=525%2C300 1.5x, https:\/\/i0.wp.com\/ismaelcolosi.com.br\/wp-content\/uploads\/2024\/06\/AnyConv.com__pancadoes_2024-06-24_18-14-09.webp.webp?fit=1200%2C615&ssl=1&resize=700%2C400 2x, https:\/\/i0.wp.com\/ismaelcolosi.com.br\/wp-content\/uploads\/2024\/06\/AnyConv.com__pancadoes_2024-06-24_18-14-09.webp.webp?fit=1200%2C615&ssl=1&resize=1050%2C600 3x"},"classes":[]},{"id":44199,"url":"https:\/\/ismaelcolosi.com.br\/index.php\/2024\/03\/26\/moradores-reclamam-de-barulho-e-do-lixo-em-pancadoes-de-ribeirao-preto\/","url_meta":{"origin":54450,"position":2},"title":"Moradores reclamam de barulho e do lixo em \u2018pancad\u00f5es\u2019 de Ribeir\u00e3o Preto","author":"ismaelcolosi.com.br","date":"26 de March de 2024","format":false,"excerpt":"Moradores reclamam do barulho e do lixo deixado em \u201cpancad\u00f5es\u201d que acontecem aos finais de semana na rua Tupinamb\u00e1, no Ipiranga, na zona Norte de Ribeir\u00e3o Preto. O local fica pr\u00f3ximo de um campo de futebol \u2013 veja o v\u00eddeo abaixo. De acordo com uma moradora, que n\u00e3o quis se\u2026","rel":"","context":"In &quot;Not\u00edcias de Ribeir\u00e3o Preto-SP e Regi\u00e3o&quot;","block_context":{"text":"Not\u00edcias de Ribeir\u00e3o Preto-SP e Regi\u00e3o","link":"https:\/\/ismaelcolosi.com.br\/index.php\/category\/noticias-de-ribeirao-preto-sp-e-regiao-ismael-colosi\/"},"img":{"alt_text":"","src":"https:\/\/i0.wp.com\/ismaelcolosi.com.br\/wp-content\/uploads\/2024\/03\/AnyConv.com__pancadao.webp.webp?fit=1200%2C675&ssl=1&resize=350%2C200","width":350,"height":200,"srcset":"https:\/\/i0.wp.com\/ismaelcolosi.com.br\/wp-content\/uploads\/2024\/03\/AnyConv.com__pancadao.webp.webp?fit=1200%2C675&ssl=1&resize=350%2C200 1x, https:\/\/i0.wp.com\/ismaelcolosi.com.br\/wp-content\/uploads\/2024\/03\/AnyConv.com__pancadao.webp.webp?fit=1200%2C675&ssl=1&resize=525%2C300 1.5x, https:\/\/i0.wp.com\/ismaelcolosi.com.br\/wp-content\/uploads\/2024\/03\/AnyConv.com__pancadao.webp.webp?fit=1200%2C675&ssl=1&resize=700%2C400 2x, https:\/\/i0.wp.com\/ismaelcolosi.com.br\/wp-content\/uploads\/2024\/03\/AnyConv.com__pancadao.webp.webp?fit=1200%2C675&ssl=1&resize=1050%2C600 3x"},"classes":[]},{"id":43365,"url":"https:\/\/ismaelcolosi.com.br\/index.php\/2024\/03\/20\/pancadao-em-bairro-da-zona-norte-de-ribeirao-causa-transtorno-aos-moradores\/","url_meta":{"origin":54450,"position":3},"title":"Pancad\u00e3o em bairro da zona Norte de Ribeir\u00e3o causa transtorno aos moradores","author":"ismaelcolosi.com.br","date":"20 de March de 2024","format":false,"excerpt":"Moradores do Jardim Cristo Redentor, zona Norte de Ribeir\u00e3o Preto, reclamam de um pancad\u00e3o que est\u00e1 acontecendo no bairro todos os finais de semanas. De acordo com os reclamantes, centenas de jovens se re\u00fanem com bebidas e m\u00fasica alta, bloqueiam a rua Jo\u00e3o Dias e fecham a entrada do bairro\u2026","rel":"","context":"In &quot;Not\u00edcias de Ribeir\u00e3o Preto-SP e Regi\u00e3o&quot;","block_context":{"text":"Not\u00edcias de Ribeir\u00e3o Preto-SP e Regi\u00e3o","link":"https:\/\/ismaelcolosi.com.br\/index.php\/category\/noticias-de-ribeirao-preto-sp-e-regiao-ismael-colosi\/"},"img":{"alt_text":"","src":"https:\/\/i0.wp.com\/ismaelcolosi.com.br\/wp-content\/uploads\/2024\/03\/Copia-de-Copia-de-TAMANHO-EXATO-PARA-FOTOS-NO-SISTEMA-NOVO-83.png?fit=1200%2C675&ssl=1&resize=350%2C200","width":350,"height":200,"srcset":"https:\/\/i0.wp.com\/ismaelcolosi.com.br\/wp-content\/uploads\/2024\/03\/Copia-de-Copia-de-TAMANHO-EXATO-PARA-FOTOS-NO-SISTEMA-NOVO-83.png?fit=1200%2C675&ssl=1&resize=350%2C200 1x, https:\/\/i0.wp.com\/ismaelcolosi.com.br\/wp-content\/uploads\/2024\/03\/Copia-de-Copia-de-TAMANHO-EXATO-PARA-FOTOS-NO-SISTEMA-NOVO-83.png?fit=1200%2C675&ssl=1&resize=525%2C300 1.5x, https:\/\/i0.wp.com\/ismaelcolosi.com.br\/wp-content\/uploads\/2024\/03\/Copia-de-Copia-de-TAMANHO-EXATO-PARA-FOTOS-NO-SISTEMA-NOVO-83.png?fit=1200%2C675&ssl=1&resize=700%2C400 2x, https:\/\/i0.wp.com\/ismaelcolosi.com.br\/wp-content\/uploads\/2024\/03\/Copia-de-Copia-de-TAMANHO-EXATO-PARA-FOTOS-NO-SISTEMA-NOVO-83.png?fit=1200%2C675&ssl=1&resize=1050%2C600 3x"},"classes":[]},{"id":3840,"url":"https:\/\/ismaelcolosi.com.br\/index.php\/2023\/11\/20\/morador-de-ribeirao-preto-perde-r-2-mil-em-golpe-do-falso-emprego\/","url_meta":{"origin":54450,"position":4},"title":"Morador de Ribeir\u00e3o Preto perde R$ 2 mil em golpe do falso emprego","author":"ismaelcolosi.com.br","date":"20 de November de 2023","format":false,"excerpt":"Um morador de Ribeir\u00e3o Preto foi v\u00edtima do golpe do falso emprego, aplicado nas redes sociais. Neste crime, os golpistas pedem que a v\u00edtima, interessada pela vaga, fa\u00e7a o dep\u00f3sito de uma quantia que seria a cau\u00e7\u00e3o do aluguel de um carro que seria oferecido pela empresa. A v\u00edtima de\u2026","rel":"","context":"In &quot;Not\u00edcias de Ribeir\u00e3o Preto-SP e Regi\u00e3o&quot;","block_context":{"text":"Not\u00edcias de Ribeir\u00e3o Preto-SP e Regi\u00e3o","link":"https:\/\/ismaelcolosi.com.br\/index.php\/category\/noticias-de-ribeirao-preto-sp-e-regiao-ismael-colosi\/"},"img":{"alt_text":"","src":"https:\/\/i0.wp.com\/ismaelcolosi.com.br\/wp-content\/uploads\/2023\/11\/pexels-sora-shimazaki-5935794.jpg?fit=1200%2C800&ssl=1&resize=350%2C200","width":350,"height":200,"srcset":"https:\/\/i0.wp.com\/ismaelcolosi.com.br\/wp-content\/uploads\/2023\/11\/pexels-sora-shimazaki-5935794.jpg?fit=1200%2C800&ssl=1&resize=350%2C200 1x, https:\/\/i0.wp.com\/ismaelcolosi.com.br\/wp-content\/uploads\/2023\/11\/pexels-sora-shimazaki-5935794.jpg?fit=1200%2C800&ssl=1&resize=525%2C300 1.5x, https:\/\/i0.wp.com\/ismaelcolosi.com.br\/wp-content\/uploads\/2023\/11\/pexels-sora-shimazaki-5935794.jpg?fit=1200%2C800&ssl=1&resize=700%2C400 2x, https:\/\/i0.wp.com\/ismaelcolosi.com.br\/wp-content\/uploads\/2023\/11\/pexels-sora-shimazaki-5935794.jpg?fit=1200%2C800&ssl=1&resize=1050%2C600 3x"},"classes":[]},{"id":54678,"url":"https:\/\/ismaelcolosi.com.br\/index.php\/2024\/06\/27\/saiba-tudo-sobre-a-primeira-onda-de-frio-do-inverno-que-vai-atingir-ate-o-interior-de-sp\/","url_meta":{"origin":54450,"position":5},"title":"Saiba tudo sobre a primeira onda de frio do inverno que vai atingir at\u00e9 o interior de SP","author":"ismaelcolosi.com.br","date":"27 de June de 2024","format":false,"excerpt":"A primeira onda de frio do inverno 2024 come\u00e7a nesta sexta-feira (28) com chegada de uma forte frente fria. A previs\u00e3o de dura\u00e7\u00e3o deste sistema \u00e9 at\u00e9 o dia 2 de julho. Segundo a Climatempo, esta ser\u00e1 a primeira queda acentuada de temperatura no inverno deste ano, com destaque para\u2026","rel":"","context":"In &quot;Not\u00edcias de Ribeir\u00e3o Preto-SP e Regi\u00e3o&quot;","block_context":{"text":"Not\u00edcias de Ribeir\u00e3o Preto-SP e Regi\u00e3o","link":"https:\/\/ismaelcolosi.com.br\/index.php\/category\/noticias-de-ribeirao-preto-sp-e-regiao-ismael-colosi\/"},"img":{"alt_text":"","src":"https:\/\/i0.wp.com\/ismaelcolosi.com.br\/wp-content\/uploads\/2024\/06\/ONDA-DE-FRIO-2_2024-06-27_10-18-52_jpg_2024-06-27_10-18-52.webp.webp?fit=1200%2C889&ssl=1&resize=350%2C200","width":350,"height":200,"srcset":"https:\/\/i0.wp.com\/ismaelcolosi.com.br\/wp-content\/uploads\/2024\/06\/ONDA-DE-FRIO-2_2024-06-27_10-18-52_jpg_2024-06-27_10-18-52.webp.webp?fit=1200%2C889&ssl=1&resize=350%2C200 1x, https:\/\/i0.wp.com\/ismaelcolosi.com.br\/wp-content\/uploads\/2024\/06\/ONDA-DE-FRIO-2_2024-06-27_10-18-52_jpg_2024-06-27_10-18-52.webp.webp?fit=1200%2C889&ssl=1&resize=525%2C300 1.5x, https:\/\/i0.wp.com\/ismaelcolosi.com.br\/wp-content\/uploads\/2024\/06\/ONDA-DE-FRIO-2_2024-06-27_10-18-52_jpg_2024-06-27_10-18-52.webp.webp?fit=1200%2C889&ssl=1&resize=700%2C400 2x, https:\/\/i0.wp.com\/ismaelcolosi.com.br\/wp-content\/uploads\/2024\/06\/ONDA-DE-FRIO-2_2024-06-27_10-18-52_jpg_2024-06-27_10-18-52.webp.webp?fit=1200%2C889&ssl=1&resize=1050%2C600 3x"},"classes":[]}],"jetpack_sharing_enabled":true,"jetpack_shortlink":"https:\/\/wp.me\/pfMlyK-eae","_links":{"self":[{"href":"https:\/\/ismaelcolosi.com.br\/index.php\/wp-json\/wp\/v2\/posts\/54450","targetHints":{"allow":["GET"]}}],"collection":[{"href":"https:\/\/ismaelcolosi.com.br\/index.php\/wp-json\/wp\/v2\/posts"}],"about":[{"href":"https:\/\/ismaelcolosi.com.br\/index.php\/wp-json\/wp\/v2\/types\/post"}],"author":[{"embeddable":true,"href":"https:\/\/ismaelcolosi.com.br\/index.php\/wp-json\/wp\/v2\/users\/1"}],"replies":[{"embeddable":true,"href":"https:\/\/ismaelcolosi.com.br\/index.php\/wp-json\/wp\/v2\/comments?post=54450"}],"version-history":[{"count":0,"href":"https:\/\/ismaelcolosi.com.br\/index.php\/wp-json\/wp\/v2\/posts\/54450\/revisions"}],"wp:featuredmedia":[{"embeddable":true,"href":"https:\/\/ismaelcolosi.com.br\/index.php\/wp-json\/wp\/v2\/media\/54451"}],"wp:attachment":[{"href":"https:\/\/ismaelcolosi.com.br\/index.php\/wp-json\/wp\/v2\/media?parent=54450"}],"wp:term":[{"taxonomy":"category","embeddable":true,"href":"https:\/\/ismaelcolosi.com.br\/index.php\/wp-json\/wp\/v2\/categories?post=54450"},{"taxonomy":"post_tag","embeddable":true,"href":"https:\/\/ismaelcolosi.com.br\/index.php\/wp-json\/wp\/v2\/tags?post=54450"}],"curies":[{"name":"wp","href":"https:\/\/api.w.org\/{rel}","templated":true}]}}