{"id":54444,"date":"2024-06-25T12:46:46","date_gmt":"2024-06-25T15:46:46","guid":{"rendered":"https:\/\/ismaelcolosi.com.br\/index.php\/2024\/06\/25\/caminhao-arranca-fios-em-rua-de-ribeirao-preto-assista-ao-video\/"},"modified":"2024-06-25T12:46:46","modified_gmt":"2024-06-25T15:46:46","slug":"caminhao-arranca-fios-em-rua-de-ribeirao-preto-assista-ao-video","status":"publish","type":"post","link":"https:\/\/ismaelcolosi.com.br\/index.php\/2024\/06\/25\/caminhao-arranca-fios-em-rua-de-ribeirao-preto-assista-ao-video\/","title":{"rendered":"Caminh\u00e3o arranca fios em rua de Ribeir\u00e3o Preto; Assista ao v\u00eddeo"},"content":{"rendered":"<p> <br \/>\n<\/p>\n<div>\n<p><strong>Um caminh\u00e3o que transportava uma m\u00e1quina danificou a fia\u00e7\u00e3o na rua General Os\u00f3rio, nesta segunda-feira (24), ao enroscar nos cabos a partir da avenida Independ\u00eancia, na Vila Seixas, em Ribeir\u00e3o Preto.<\/strong> <strong>Assista <\/strong>ao <strong>v\u00eddeo <\/strong>abaixo.<\/p>\n<p>A <strong>CPFL Paulista<\/strong> informou que, <mark style=\"background-color:#fcb900\" class=\"has-inline-color has-black-color\">al\u00e9m dos fios da rede el\u00e9trica e um poste, cabos de internet tamb\u00e9m foram atingidos.<\/mark><\/p>\n<p>A <strong>concession\u00e1ria <\/strong>ainda disse que <mark style=\"background-color:#fcb900\" class=\"has-inline-color has-black-color\">clientes ficaram sem energia nas proximidades<\/mark>, mas os <strong>reparos <\/strong>foram <strong>realizados <\/strong>ainda nesta segunda.<\/p>\n<p>As <strong>causas <\/strong>dever\u00e3o ser <strong>apuradas<\/strong>.<\/p>\n<blockquote class=\"instagram-media\" data-instgrm-permalink=\"https:\/\/www.instagram.com\/reel\/C8pH8_rMqwF\/?utm_source=ig_embed&amp;utm_campaign=loading\" data-instgrm-version=\"14\" style=\" background:#FFF; border:0; border-radius:3px; box-shadow:0 0 1px 0 rgba(0,0,0,0.5),0 1px 10px 0 rgba(0,0,0,0.15); margin: 1px; max-width:540px; min-width:326px; padding:0; width:99.375%; width:-webkit-calc(100% - 2px); width:calc(100% - 2px);\"\/>\n<h4 class=\"wp-block-heading\"><strong>Notifica\u00e7\u00e3o<\/strong><\/h4>\n<p>Segundo a <strong>CPFL<\/strong>, as <strong>empresas <\/strong>de <strong>telecomunica\u00e7\u00f5es<\/strong> dever\u00e3o ser <strong>notificadas <\/strong>para que <strong>organizem <\/strong>os seus <strong>cabos<\/strong> na <strong>rua General Os\u00f3rio<\/strong>, no trecho onde houve o dano.<\/p>\n<blockquote class=\"wp-block-quote\">\n<p>\u201cEm 2023, a CPFL Paulista emitiu mais de 15 mil notifica\u00e7\u00f5es a operadoras de telefonia, banda larga e TV a cabo em Ribeir\u00e3o Preto. Em 2024, de janeiro \u00e0 primeira quinzena de junho, j\u00e1 foram mais de 10,5 mil advert\u00eancias emitidas para operadoras na cidade. Al\u00e9m das notifica\u00e7\u00f5es, a CPFL Paulista retirou, em 2023, 21 toneladas de cabos de postes em Ribeir\u00e3o, pertencentes a empresas que n\u00e3o cumpriram as determina\u00e7\u00f5es do \u00f3rg\u00e3o regulador, ap\u00f3s notificadas. At\u00e9 a primeira quinzena de junho, o volume removido em 2024 foi de 4 toneladas\u201d<\/p>\n<p><cite>CPFL Paulista<\/cite><\/p><\/blockquote>\n<p>SAIBA MAIS<\/p>\n<p>Frente fria pode trazer chuva ao estado de SP nesta ter\u00e7a; Veja as regi\u00f5es<\/p>\n<h4 class=\"wp-block-heading\"><strong>FIQUE ON<\/strong><\/h4>\n<p>Fique ligado em tudo que acontece em Ribeir\u00e3o Preto e regi\u00e3o. Siga os perfis do\u00a0<strong>acidade on\u00a0<\/strong>no\u00a0<a href=\"https:\/\/www.instagram.com\/acidadeonribeirao\" target=\"_blank\" rel=\"noreferrer noopener\">Instagram<\/a>\u00a0e no\u00a0<a href=\"https:\/\/www.facebook.com\/acidadeonribeirao\" target=\"_blank\" rel=\"noreferrer noopener\">Facebook<\/a>.<\/p>\n<p>Receba not\u00edcias do acidade on no WhatsApp. Para entrar no grupo, basta\u00a0<a href=\"https:\/\/chat.whatsapp.com\/CdrZ6xrf7quD44Vw3WlPuZ\" target=\"_blank\" rel=\"noreferrer noopener\">clicar aqui<\/a>.<\/p>\n<p>Fa\u00e7a uma den\u00fancia ou sugira uma reportagem sobre Ribeir\u00e3o Preto e regi\u00e3o pelo WhatsApp: 16 99117 7802.<\/p>\n<p>VEJA TAMB\u00c9M<\/p>\n<p>Qual a diferen\u00e7a entre tornado e furac\u00e3o?<\/p>\n<p><!-- AI CONTENT END 1 -->\n<\/div>\n<p><script async src=\"\/\/www.instagram.com\/embed.js\"><\/script><br \/>\n<br \/><br \/>\n<br \/><a href=\"https:\/\/www.acidadeon.com\/ribeiraopreto\/cotidiano\/caminhao-arranca-fios-em-rua-de-ribeirao-preto-assista-ao-video\/\">Source link <\/a><\/p>\n<div class='code-block code-block-4' style='margin: 8px auto 8px 0; text-align: left; display: block; clear: both;'>\n\ud83d\udce2 Aviso Legal\n\nO site ismaelcolosi.com.br atua apenas como um canal de divulga\u00e7\u00e3o de oportunidades de emprego e n\u00e3o se responsabiliza pelo processo seletivo, contrata\u00e7\u00e3o ou qualquer outra etapa relacionada \u00e0s vagas publicadas. Todas as informa\u00e7\u00f5es s\u00e3o de responsabilidade dos anunciantes.\n\n\u26a0\ufe0f Aten\u00e7\u00e3o! Nunca pague por promessas de emprego nem compre cursos que garantam contrata\u00e7\u00e3o. Desconfie de qualquer cobran\u00e7a para participar de sele\u00e7\u00f5es.\n\n\n\n<\/div>\n<!-- CONTENT END 1 -->\n","protected":false},"excerpt":{"rendered":"<p>Um caminh\u00e3o que transportava uma m\u00e1quina danificou a fia\u00e7\u00e3o na rua General Os\u00f3rio, nesta segunda-feira (24), ao enroscar nos cabos a partir da avenida Independ\u00eancia,&#8230;<\/p>\n","protected":false},"author":1,"featured_media":54445,"comment_status":"open","ping_status":"open","sticky":false,"template":"","format":"standard","meta":{"_uag_custom_page_level_css":"","advanced_seo_description":"","jetpack_seo_html_title":"","jetpack_seo_noindex":false,"jetpack_post_was_ever_published":false,"_jetpack_newsletter_access":"","_jetpack_dont_email_post_to_subs":false,"_jetpack_newsletter_tier_id":0,"_jetpack_memberships_contains_paywalled_content":false,"_jetpack_memberships_contains_paid_content":false,"footnotes":"","jetpack_publicize_message":"","jetpack_publicize_feature_enabled":true,"jetpack_social_post_already_shared":true,"jetpack_social_options":{"image_generator_settings":{"template":"highway","default_image_id":0,"font":"","enabled":false},"version":2}},"categories":[11],"tags":[],"class_list":["post-54444","post","type-post","status-publish","format-standard","has-post-thumbnail","hentry","category-noticias-de-ribeirao-preto-sp-e-regiao-ismael-colosi"],"jetpack_publicize_connections":[],"jetpack_featured_media_url":"https:\/\/i0.wp.com\/ismaelcolosi.com.br\/wp-content\/uploads\/2024\/06\/CAMINHAO-FIOS_2024-06-25_15-00-46_jpg_2024-06-25_15-00-46.webp.webp?fit=2000%2C1301&ssl=1","uagb_featured_image_src":{"full":["https:\/\/i0.wp.com\/ismaelcolosi.com.br\/wp-content\/uploads\/2024\/06\/CAMINHAO-FIOS_2024-06-25_15-00-46_jpg_2024-06-25_15-00-46.webp.webp?fit=2000%2C1301&ssl=1",2000,1301,false],"thumbnail":["https:\/\/i0.wp.com\/ismaelcolosi.com.br\/wp-content\/uploads\/2024\/06\/CAMINHAO-FIOS_2024-06-25_15-00-46_jpg_2024-06-25_15-00-46.webp.webp?resize=150%2C150&ssl=1",150,150,true],"medium":["https:\/\/i0.wp.com\/ismaelcolosi.com.br\/wp-content\/uploads\/2024\/06\/CAMINHAO-FIOS_2024-06-25_15-00-46_jpg_2024-06-25_15-00-46.webp.webp?fit=300%2C195&ssl=1",300,195,true],"medium_large":["https:\/\/i0.wp.com\/ismaelcolosi.com.br\/wp-content\/uploads\/2024\/06\/CAMINHAO-FIOS_2024-06-25_15-00-46_jpg_2024-06-25_15-00-46.webp.webp?fit=768%2C500&ssl=1",768,500,true],"large":["https:\/\/i0.wp.com\/ismaelcolosi.com.br\/wp-content\/uploads\/2024\/06\/CAMINHAO-FIOS_2024-06-25_15-00-46_jpg_2024-06-25_15-00-46.webp.webp?fit=1024%2C666&ssl=1",1024,666,true],"1536x1536":["https:\/\/i0.wp.com\/ismaelcolosi.com.br\/wp-content\/uploads\/2024\/06\/CAMINHAO-FIOS_2024-06-25_15-00-46_jpg_2024-06-25_15-00-46.webp.webp?fit=1536%2C999&ssl=1",1536,999,true],"2048x2048":["https:\/\/i0.wp.com\/ismaelcolosi.com.br\/wp-content\/uploads\/2024\/06\/CAMINHAO-FIOS_2024-06-25_15-00-46_jpg_2024-06-25_15-00-46.webp.webp?fit=2000%2C1301&ssl=1",2000,1301,true],"really-simple-thumb":["https:\/\/i0.wp.com\/ismaelcolosi.com.br\/wp-content\/uploads\/2024\/06\/CAMINHAO-FIOS_2024-06-25_15-00-46_jpg_2024-06-25_15-00-46.webp.webp?resize=370%2C247&ssl=1",370,247,true]},"uagb_author_info":{"display_name":"ismaelcolosi.com.br","author_link":"https:\/\/ismaelcolosi.com.br\/index.php\/author\/vidareal-online\/"},"uagb_comment_info":0,"uagb_excerpt":"Um caminh\u00e3o que transportava uma m\u00e1quina danificou a fia\u00e7\u00e3o na rua General Os\u00f3rio, nesta segunda-feira (24), ao enroscar nos cabos a partir da avenida Independ\u00eancia,...","jetpack-related-posts":[{"id":67740,"url":"https:\/\/ismaelcolosi.com.br\/index.php\/2024\/09\/25\/homem-em-situacao-de-rua-e-detido-em-flagrante-ao-tentar-furtar-fiacao-da-casa-de-delegado-em-ribeirao\/","url_meta":{"origin":54444,"position":0},"title":"Homem em situa\u00e7\u00e3o de rua \u00e9 detido em flagrante ao tentar furtar fia\u00e7\u00e3o da casa de delegado em Ribeir\u00e3o","author":"ismaelcolosi.com.br","date":"25 de September de 2024","format":false,"excerpt":"Um homem em situa\u00e7\u00e3o de rua foi detido em flagrante na manh\u00e3 desta quarta-feira (13) ao tentar furtar a fia\u00e7\u00e3o el\u00e9trica da casa de um delegado em Ribeir\u00e3o Preto. O crime ocorreu em um bairro residencial da cidade, quando o suspeito foi surpreendido enquanto cortava os fios de energia da\u2026","rel":"","context":"In &quot;Not\u00edcias de Ribeir\u00e3o Preto-SP e Regi\u00e3o&quot;","block_context":{"text":"Not\u00edcias de Ribeir\u00e3o Preto-SP e Regi\u00e3o","link":"https:\/\/ismaelcolosi.com.br\/index.php\/category\/noticias-de-ribeirao-preto-sp-e-regiao-ismael-colosi\/"},"img":{"alt_text":"","src":"https:\/\/i0.wp.com\/ismaelcolosi.com.br\/wp-content\/uploads\/2024\/09\/fios.webp.webp?fit=1000%2C731&ssl=1&resize=350%2C200","width":350,"height":200,"srcset":"https:\/\/i0.wp.com\/ismaelcolosi.com.br\/wp-content\/uploads\/2024\/09\/fios.webp.webp?fit=1000%2C731&ssl=1&resize=350%2C200 1x, https:\/\/i0.wp.com\/ismaelcolosi.com.br\/wp-content\/uploads\/2024\/09\/fios.webp.webp?fit=1000%2C731&ssl=1&resize=525%2C300 1.5x, https:\/\/i0.wp.com\/ismaelcolosi.com.br\/wp-content\/uploads\/2024\/09\/fios.webp.webp?fit=1000%2C731&ssl=1&resize=700%2C400 2x"},"classes":[]},{"id":74050,"url":"https:\/\/ismaelcolosi.com.br\/index.php\/2024\/10\/29\/quadrilha-fortemente-armada-rouba-r-1-mi-em-fios-eletricos-na-regiao\/","url_meta":{"origin":54444,"position":1},"title":"Quadrilha fortemente armada rouba R$ 1 mi em fios el\u00e9tricos na regi\u00e3o","author":"ismaelcolosi.com.br","date":"29 de October de 2024","format":false,"excerpt":"Por: Adalberto Luque Um grupo de assaltantes fortemente armados assaltou um condom\u00ednio em constru\u00e7\u00e3o, na noite desta segunda-feira (28). O crime ocorreu na cidade de Mat\u00e3o, pr\u00f3ximo a Araraquara. Segundo informa\u00e7\u00f5es, cerca de 15 homens fortemente armados invadiram o Condom\u00ednio Vila Fl\u00f3rida, que est\u00e1 em constru\u00e7\u00e3o. Portando armas de grosso\u2026","rel":"","context":"In &quot;Not\u00edcias de Ribeir\u00e3o Preto-SP e Regi\u00e3o&quot;","block_context":{"text":"Not\u00edcias de Ribeir\u00e3o Preto-SP e Regi\u00e3o","link":"https:\/\/ismaelcolosi.com.br\/index.php\/category\/noticias-de-ribeirao-preto-sp-e-regiao-ismael-colosi\/"},"img":{"alt_text":"","src":"https:\/\/i0.wp.com\/ismaelcolosi.com.br\/wp-content\/uploads\/2024\/10\/29out2024condominiomatao1-scaled.jpg?fit=800%2C450&ssl=1&resize=350%2C200","width":350,"height":200,"srcset":"https:\/\/i0.wp.com\/ismaelcolosi.com.br\/wp-content\/uploads\/2024\/10\/29out2024condominiomatao1-scaled.jpg?fit=800%2C450&ssl=1&resize=350%2C200 1x, https:\/\/i0.wp.com\/ismaelcolosi.com.br\/wp-content\/uploads\/2024\/10\/29out2024condominiomatao1-scaled.jpg?fit=800%2C450&ssl=1&resize=525%2C300 1.5x, https:\/\/i0.wp.com\/ismaelcolosi.com.br\/wp-content\/uploads\/2024\/10\/29out2024condominiomatao1-scaled.jpg?fit=800%2C450&ssl=1&resize=700%2C400 2x"},"classes":[]},{"id":54465,"url":"https:\/\/ismaelcolosi.com.br\/index.php\/2024\/06\/25\/frente-fria-de-forte-intensidade-vai-derrubar-as-temperaturas-no-interior-de-sp\/","url_meta":{"origin":54444,"position":2},"title":"Frente fria de forte intensidade vai derrubar as temperaturas no interior de SP","author":"ismaelcolosi.com.br","date":"25 de June de 2024","format":false,"excerpt":"Uma frente fria de forte intensidade se aproxima na sexta-feira (28) e ter\u00e1 potencial para derrubar as temperaturas em todas as regi\u00f5es do estado S\u00e3o Paulo. Segundo a Climatempo, em Ribeir\u00e3o Preto pode ocorrer queda brusca na temperatura a partir da pr\u00f3xima segunda-feira (1\u00ba) com m\u00ednima prevista de apenas 11\u00b0C\u2026","rel":"","context":"In &quot;Not\u00edcias de Ribeir\u00e3o Preto-SP e Regi\u00e3o&quot;","block_context":{"text":"Not\u00edcias de Ribeir\u00e3o Preto-SP e Regi\u00e3o","link":"https:\/\/ismaelcolosi.com.br\/index.php\/category\/noticias-de-ribeirao-preto-sp-e-regiao-ismael-colosi\/"},"img":{"alt_text":"","src":"https:\/\/i0.wp.com\/ismaelcolosi.com.br\/wp-content\/uploads\/2024\/06\/frio_luva_1200x675_16042022092951.jpg?fit=1200%2C675&ssl=1&resize=350%2C200","width":350,"height":200,"srcset":"https:\/\/i0.wp.com\/ismaelcolosi.com.br\/wp-content\/uploads\/2024\/06\/frio_luva_1200x675_16042022092951.jpg?fit=1200%2C675&ssl=1&resize=350%2C200 1x, https:\/\/i0.wp.com\/ismaelcolosi.com.br\/wp-content\/uploads\/2024\/06\/frio_luva_1200x675_16042022092951.jpg?fit=1200%2C675&ssl=1&resize=525%2C300 1.5x, https:\/\/i0.wp.com\/ismaelcolosi.com.br\/wp-content\/uploads\/2024\/06\/frio_luva_1200x675_16042022092951.jpg?fit=1200%2C675&ssl=1&resize=700%2C400 2x, https:\/\/i0.wp.com\/ismaelcolosi.com.br\/wp-content\/uploads\/2024\/06\/frio_luva_1200x675_16042022092951.jpg?fit=1200%2C675&ssl=1&resize=1050%2C600 3x"},"classes":[]},{"id":39108,"url":"https:\/\/ismaelcolosi.com.br\/index.php\/2024\/02\/23\/video-moradores-reclamam-de-transtornos-e-prejuizo-apos-fogo-em-poste-na-zona-sul\/","url_meta":{"origin":54444,"position":3},"title":"V\u00cdDEO &#8211; Moradores reclamam de transtornos e preju\u00edzo ap\u00f3s fogo em poste na zona Sul","author":"ismaelcolosi.com.br","date":"23 de February de 2024","format":false,"excerpt":"Transformador el\u00e9trico em chamas teve fio solto, caindo sobre caminh\u00e3o que descarregava bebidas; ningu\u00e9m ficou ferido 23 de fevereiro de 2024 | 12:3123 de fevereiro de 2024 | 12:43 2Por: Adalberto LuqueUm inc\u00eandio ocorrido no transformador el\u00e9trico instalado no alto de um poste, na Rua Humait\u00e1, quase esquina com Avenida\u2026","rel":"","context":"In &quot;Not\u00edcias de Ribeir\u00e3o Preto-SP e Regi\u00e3o&quot;","block_context":{"text":"Not\u00edcias de Ribeir\u00e3o Preto-SP e Regi\u00e3o","link":"https:\/\/ismaelcolosi.com.br\/index.php\/category\/noticias-de-ribeirao-preto-sp-e-regiao-ismael-colosi\/"},"img":{"alt_text":"","src":"https:\/\/i0.wp.com\/ismaelcolosi.com.br\/wp-content\/uploads\/2024\/02\/00-23-fev-2024-incendio-poste-00-foto-adriana-sousa.jpg?fit=517%2C645&ssl=1&resize=350%2C200","width":350,"height":200},"classes":[]},{"id":68112,"url":"https:\/\/ismaelcolosi.com.br\/index.php\/2024\/09\/27\/caminhao-arrebenta-fiacao-e-desliga-semaforos-em-ribeirao-preto\/","url_meta":{"origin":54444,"position":4},"title":"Caminh\u00e3o arrebenta fia\u00e7\u00e3o e desliga sem\u00e1foros em Ribeir\u00e3o Preto","author":"ismaelcolosi.com.br","date":"27 de September de 2024","format":false,"excerpt":"Sem\u00e1foros est\u00e3o fora de opera\u00e7\u00e3o nesta sexta-feira (27) em tr\u00eas cruzamentos da rua Rio Maroni, no Ipiranga, zona Norte de Ribeir\u00e3o Preto. A RP Mobi informou que o problema ocorre nos cruzamentos com as ruas Porto Seguro, General C\u00e2mara e Tapaj\u00f3s, ap\u00f3s um caminh\u00e3o arrebentar a fia\u00e7\u00e3o. Assista ao v\u00eddeo\u2026","rel":"","context":"In &quot;Not\u00edcias de Ribeir\u00e3o Preto-SP e Regi\u00e3o&quot;","block_context":{"text":"Not\u00edcias de Ribeir\u00e3o Preto-SP e Regi\u00e3o","link":"https:\/\/ismaelcolosi.com.br\/index.php\/category\/noticias-de-ribeirao-preto-sp-e-regiao-ismael-colosi\/"},"img":{"alt_text":"","src":"https:\/\/i0.wp.com\/ismaelcolosi.com.br\/wp-content\/uploads\/2024\/09\/WhatsApp-Image-2024-09-27-at-10.16.17-1_2024-09-27_13-17-15_jpeg_2024-09-27_13-17-15.webp.webp?fit=475%2C396&ssl=1&resize=350%2C200","width":350,"height":200},"classes":[]},{"id":16887,"url":"https:\/\/ismaelcolosi.com.br\/index.php\/2023\/12\/16\/fiacao-solta-vai-dar-multa-em-rp\/","url_meta":{"origin":54444,"position":5},"title":"Fia\u00e7\u00e3o solta vai\u00a0dar multa em RP \u00a0","author":"ismaelcolosi.com.br","date":"16 de December de 2023","format":false,"excerpt":"16 de dezembro de 2023 | 17:0016 de dezembro de 2023 | 12:52 0Em junho do ano passado, o prefeito Duarte Nogueira (PSDB) criou uma comiss\u00e3o para analisar a situa\u00e7\u00e3o de cabos instalados nos postes de ilumina\u00e7\u00e3o p\u00fablica e da rede el\u00e9trica de Ribeir\u00e3o Preto. O objetivo \u00e9 eliminar os\u2026","rel":"","context":"In &quot;Not\u00edcias de Ribeir\u00e3o Preto-SP e Regi\u00e3o&quot;","block_context":{"text":"Not\u00edcias de Ribeir\u00e3o Preto-SP e Regi\u00e3o","link":"https:\/\/ismaelcolosi.com.br\/index.php\/category\/noticias-de-ribeirao-preto-sp-e-regiao-ismael-colosi\/"},"img":{"alt_text":"","src":"https:\/\/i0.wp.com\/ismaelcolosi.com.br\/wp-content\/uploads\/2023\/12\/FiacaoRP-Alfredo-Risk-scaled.jpg?fit=967%2C645&ssl=1&resize=350%2C200","width":350,"height":200,"srcset":"https:\/\/i0.wp.com\/ismaelcolosi.com.br\/wp-content\/uploads\/2023\/12\/FiacaoRP-Alfredo-Risk-scaled.jpg?fit=967%2C645&ssl=1&resize=350%2C200 1x, https:\/\/i0.wp.com\/ismaelcolosi.com.br\/wp-content\/uploads\/2023\/12\/FiacaoRP-Alfredo-Risk-scaled.jpg?fit=967%2C645&ssl=1&resize=525%2C300 1.5x, https:\/\/i0.wp.com\/ismaelcolosi.com.br\/wp-content\/uploads\/2023\/12\/FiacaoRP-Alfredo-Risk-scaled.jpg?fit=967%2C645&ssl=1&resize=700%2C400 2x"},"classes":[]}],"jetpack_sharing_enabled":true,"jetpack_shortlink":"https:\/\/wp.me\/pfMlyK-ea8","_links":{"self":[{"href":"https:\/\/ismaelcolosi.com.br\/index.php\/wp-json\/wp\/v2\/posts\/54444","targetHints":{"allow":["GET"]}}],"collection":[{"href":"https:\/\/ismaelcolosi.com.br\/index.php\/wp-json\/wp\/v2\/posts"}],"about":[{"href":"https:\/\/ismaelcolosi.com.br\/index.php\/wp-json\/wp\/v2\/types\/post"}],"author":[{"embeddable":true,"href":"https:\/\/ismaelcolosi.com.br\/index.php\/wp-json\/wp\/v2\/users\/1"}],"replies":[{"embeddable":true,"href":"https:\/\/ismaelcolosi.com.br\/index.php\/wp-json\/wp\/v2\/comments?post=54444"}],"version-history":[{"count":0,"href":"https:\/\/ismaelcolosi.com.br\/index.php\/wp-json\/wp\/v2\/posts\/54444\/revisions"}],"wp:featuredmedia":[{"embeddable":true,"href":"https:\/\/ismaelcolosi.com.br\/index.php\/wp-json\/wp\/v2\/media\/54445"}],"wp:attachment":[{"href":"https:\/\/ismaelcolosi.com.br\/index.php\/wp-json\/wp\/v2\/media?parent=54444"}],"wp:term":[{"taxonomy":"category","embeddable":true,"href":"https:\/\/ismaelcolosi.com.br\/index.php\/wp-json\/wp\/v2\/categories?post=54444"},{"taxonomy":"post_tag","embeddable":true,"href":"https:\/\/ismaelcolosi.com.br\/index.php\/wp-json\/wp\/v2\/tags?post=54444"}],"curies":[{"name":"wp","href":"https:\/\/api.w.org\/{rel}","templated":true}]}}