{"id":54435,"date":"2024-06-25T12:03:32","date_gmt":"2024-06-25T15:03:32","guid":{"rendered":"https:\/\/ismaelcolosi.com.br\/index.php\/2024\/06\/25\/qualifica-sp-tem-vagas-abertas-para-curso-gratuito-de-empreendedorismo\/"},"modified":"2024-06-25T12:03:32","modified_gmt":"2024-06-25T15:03:32","slug":"qualifica-sp-tem-vagas-abertas-para-curso-gratuito-de-empreendedorismo","status":"publish","type":"post","link":"https:\/\/ismaelcolosi.com.br\/index.php\/2024\/06\/25\/qualifica-sp-tem-vagas-abertas-para-curso-gratuito-de-empreendedorismo\/","title":{"rendered":"Qualifica SP tem vagas abertas para curso gratuito de empreendedorismo"},"content":{"rendered":"<p> <br \/>\n<\/p>\n<div>\n<p>Se voc\u00ea \u00e9 um jovem paulista entre 16 e 24 anos e tem interesse em iniciar seu pr\u00f3prio neg\u00f3cio ou aprimorar suas habilidades empreendedoras, a oportunidade ideal est\u00e1 ao seu alcance. O programa \u201cEmpreenda Jovem\u201d do Qualifica SP Empreenda est\u00e1 com inscri\u00e7\u00f5es abertas at\u00e9 o dia 26 de junho, oferecendo um curso gratuito e on-line que promete transformar suas ideias em neg\u00f3cios lucrativos.<\/p>\n<h2>Oportunidade imperd\u00edvel para jovens empreendedores<\/h2>\n<p>Promovido pelo Governo do Estado de S\u00e3o Paulo e coordenado pela Secretaria de Desenvolvimento Econ\u00f4mico, o programa \u201cEmpreenda Jovem\u201d oferece mil vagas para jovens interessados em desenvolver suas habilidades empresariais. As inscri\u00e7\u00f5es podem ser feitas pelo site <a href=\"http:\/\/www.qualificasp.sp.gov.br\" target=\"_blank\" rel=\"noopener noreferrer\">https:\/\/www.qualificasp.sp.gov.br\/home<\/a>.<\/p>\n<p>De acordo com uma pesquisa do Sebrae, os jovens empreendedores enfrentam diversos desafios, incluindo a falta de conhecimento sobre o mercado, ferramentas de gest\u00e3o empresarial e dificuldades para obter financiamento e investimentos. Para abordar esses problemas, o curso on-line do Qualifica SP \u2013 Empreenda, em parceria com a Beebusinezzz, oferece um conte\u00fado abrangente que inclui estudo de mercado e gest\u00e3o financeira.<\/p>\n<h2>Estrutura do curso<\/h2>\n<p>O curso \u201cEmpreenda Jovem\u201d \u00e9 estruturado em quatro m\u00f3dulos, com dura\u00e7\u00e3o total de dois meses. As aulas gravadas ter\u00e3o in\u00edcio em julho, e os participantes ter\u00e3o a flexibilidade de assistir \u00e0s aulas conforme sua disponibilidade. Al\u00e9m disso, ao concluir o curso, cada participante receber\u00e1 um plano de neg\u00f3cios personalizado, desenvolvido com base nas ideias trabalhadas durante as aulas.<\/p>\n<h2>Como participar<\/h2>\n<p>Para se inscrever, os interessados devem acessar o site <a href=\"https:\/\/www.qualificasp.sp.gov.br\/home\" target=\"_blank\" rel=\"noopener noreferrer\">www.qualificasp.sp.gov.br<\/a> e preencher o formul\u00e1rio de inscri\u00e7\u00e3o at\u00e9 o dia 26 de junho. Os selecionados ser\u00e3o notificados por e-mail.<\/p>\n<h2>Transforme suas ideias em realidade<\/h2>\n<p>O programa \u201cEmpreenda Jovem\u201d oferece uma excelente oportunidade para os jovens transformarem suas ideias em neg\u00f3cios vi\u00e1veis e sustent\u00e1veis. Com o apoio do Governo do Estado de S\u00e3o Paulo e a parceria com a Beebusinezzz, os participantes ter\u00e3o acesso a ferramentas e conhecimentos essenciais para superar os desafios do mercado e alcan\u00e7ar o sucesso empresarial.<\/p>\n<p>N\u00e3o perca essa oportunidade \u00fanica de se qualificar e dar o primeiro passo rumo ao seu pr\u00f3prio neg\u00f3cio. Inscreva-se j\u00e1 e prepare-se para transformar suas ideias em realidade!<\/p>\n<h2>Veduca \u2013 Cursos online gratuitos de professores USP e outras institui\u00e7\u00f5es renomadas<\/h2>\n<p>O Veduca \u00e9 um site que j\u00e1 ultrapassou mais de 4 milh\u00f5es de alunos e oferece cursos online gratuitos com professores da USP e profissionais de mercado. S\u00e3o cursos que far\u00e3o a diferen\u00e7a na sua carreira, pois combinam conceitos fundamentais dos mais diferentes assuntos com exemplos pr\u00e1ticos e depoimentos.<\/p>\n<ol>\n<li><strong>ChatGPT:\u00a0<\/strong>Esse curso ensina conceitos essenciais do Chat GPT para melhorar seu entendimento e dar um UP na carreira.<\/li>\n<li><strong>Espanhol:<\/strong>\u00a0Esse curso ensina conceitos essenciais do espanhol para melhorar seu entendimento e dar um UP na carreira.<\/li>\n<li><strong>Ingl\u00eas:\u00a0<\/strong>compreende os conceitos essenciais do ingl\u00eas, voc\u00ea ir\u00e1 aprender sobre o verbo to be, dias da semana, n\u00fameros, continentes, pa\u00edses, nacionalidades, vocabul\u00e1rio, frases, adjetivos, sentimentos, imperativo e at\u00e9 sobre empregos.<\/li>\n<li><strong>Fundamentos da Administra\u00e7\u00e3o:<\/strong>\u00a0voc\u00ea ir\u00e1 aprender conceitos e metodologias para colocar na pr\u00e1tica o melhor da fun\u00e7\u00e3o administrativa, planejamento, organiza\u00e7\u00e3o, dire\u00e7\u00e3o e controle, casos de sucesso no Brasil, no mundo e muito mais.<\/li>\n<li><strong>Gest\u00e3o de Projetos:<\/strong>\u00a0nesse curso, voc\u00ea aprender\u00e1 gest\u00e3o de stakeholders. Como administrar o escopo de um projeto. M\u00e9todos de an\u00e1lise de um projeto. Como fazer um planejamento excelente.<\/li>\n<li><strong>Engenharia Econ\u00f4mica:<\/strong>\u00a0voc\u00ea ir\u00e1 aprender sobre juros.Taxa de mercado. Dinheiro no tempo. Sistema de amortiza\u00e7\u00e3o de financiamento. Payback e VPL. Taxa interna de retorno.Op\u00e7\u00f5es e fechamento. Estimativa do custo de capital. Modelando um projeto de gera\u00e7\u00e3o de energia e\u00f3lica.<\/li>\n<li><strong>Gest\u00e3o da Inova\u00e7\u00e3o:<\/strong>\u00a0voc\u00ea aprender\u00e1 sobre o\u00a0que \u00e9 inova\u00e7\u00e3o, princ\u00edpios da criatividade, financiamento de ideias, lean startup, gerenciamento de incertezas.<\/li>\n<li><strong>Desenvolvimento de Produtos e Servi\u00e7os:\u00a0<\/strong>A cria\u00e7\u00e3o de um novo produto ou servi\u00e7o requer estrat\u00e9gia, organiza\u00e7\u00e3o e planejamento. Saiba neste curso quais as etapas, atividades e m\u00e9todos para desenvolver novos produtos e servi\u00e7os desde a sua concep\u00e7\u00e3o at\u00e9 o primeiro contato com o cliente.<\/li>\n<li><strong>Eletromagnetismo:<\/strong>\u00a0O curso online gratuito compreende os conceitos b\u00e1sicos de eletromagnetismo, o conceito de cargas e de como elas interagem entre si, o movimento de carga denominado corrente el\u00e9trica, as leis b\u00e1sicas da corrente el\u00e9trica, o circuito onde elas percorrem e o conceito de magnetismo. O objetivo do curso \u00e9 mostrar a conex\u00e3o entre a eletricidade e o magnetismo em uma unifica\u00e7\u00e3o atrav\u00e9s das equa\u00e7\u00f5es de Maxwell.<\/li>\n<li><strong>F\u00edsica B\u00e1sica:<\/strong>\u00a0O curso online de F\u00edsica B\u00e1sica, ministrado pelo professor doutor Vanderlei Salvador Bagnato, traz um estudo te\u00f3rico e pr\u00e1tico sobre o movimento, as leis de Newton, energia, a evolu\u00e7\u00e3o no tempo e seus deslocamentos sob a a\u00e7\u00e3o de for\u00e7as e seus efeitos subsequentes sobre seu ambiente. O curso traz uma vis\u00e3o aprofundada e precisa, com descri\u00e7\u00e3o das fun\u00e7\u00f5es matem\u00e1ticas da f\u00edsica, seu prop\u00f3sito e aplica\u00e7\u00e3o, com exemplos trazidos do mundo real.<\/li>\n<li><strong>Gest\u00e3o Ambiental:<\/strong>\u00a0Conhec\u0327a os fundamentos que orientam a implementac\u0327a\u0303o de poli\u0301ticas de meio ambiente e sistemas de gesta\u0303o ambiental no contexto da gesta\u0303o da sustentabilidade empresarial. Entenda como acontecem as relac\u0327o\u0303es entre as esferas pu\u0301blica e privada da gesta\u0303o ambiental no Brasil.<\/li>\n<li><strong>Medicina do Sono:<\/strong>\u00a0O curso online gratuito trata de diversos aspectos relacionado ao sono. Com uma vis\u00e3o cient\u00edfica e psicol\u00f3gica, o curso aborda os principais transtornos do sono, com enfoque pr\u00e1tico para os interessados na \u00e1rea da medicina do sono. O curso \u00e9 voltado para estudantes de medicina, fisioterapia, enfermagem e toda \u00e1rea de ci\u00eancias biol\u00f3gicas, al\u00e9m das pessoas que se interessam em entender os transtornos do sono, fen\u00f4meno que afeta mais de 33% da popula\u00e7\u00e3o.<\/li>\n<li><strong>Ecoinova\u00e7\u00e3o:<\/strong>\u00a0Neste curso voc\u00ea ver\u00e1 conte\u00fados relacionados a sustentabilidade e gest\u00e3o ambiental, ser\u00e1 abordado alguns conceitos e aplica\u00e7\u00f5es para a \u00e1rea de engenharia e inova\u00e7\u00e3o. Entre os assuntos discutidos est\u00e3o as \u201cpegadas ecol\u00f3gicas\u201d, gest\u00e3o e avalia\u00e7\u00e3o do ciclo de vida e novas tecnologias em energia.<\/li>\n<li><strong>Coronav\u00edrus:<\/strong>\u00a0Este curso, produzido pela Faculdade de Medicina de Ribeir\u00e3o Preto USP e disponibilizado gratuitamente pelo Veduca, tem como objetivo informar toda a SOCIEDADE sobre a pandemia do coronav\u00edrus (SARS-CoV-2). O Brasil est\u00e1 reduzindo suas atividades e todos devemos saber o PORQU\u00ca que essas medidas s\u00e3o necess\u00e1rias e COMO podemos contribuir para minimizar a dissemina\u00e7\u00e3o da doen\u00e7a no pa\u00eds. S\u00e3o quatro m\u00f3dulos curtos e bem simples. Esperamos que este curso ajude voc\u00ea a entender melhor o que est\u00e1 acontecendo, sendo uma fonte segura e confi\u00e1vel de informa\u00e7\u00e3o sobre o coronav\u00edrus para seus amigos, familiares e contatos.<\/li>\n<li><strong>Ecologia Industrial:<\/strong>\u00a0Neste curso apresentamos a defini\u00e7\u00e3o do conceito de P+L (Produ\u00e7\u00e3o Mais Limpa) e o roteiro para a sua aplica\u00e7\u00e3o e seus indicadores de desempenho numa empresa. Ao final do curso voc\u00ea ter\u00e1 uma vis\u00e3o n\u00e3o apenas da Ecologia Industrial, mas de alternativas para desenvolver processos produtivos mais limpos.<\/li>\n<li><strong>Metodologia Cient\u00edfica:<\/strong>\u00a0Metodologia cient\u00edfica \u00e9 um conjunto de t\u00e9cnicas e processos empregados para a pesquisa e a formula\u00e7\u00e3o de uma produ\u00e7\u00e3o cient\u00edfica. Aprenda a elaborar um trabalho de conclus\u00e3o de curso (TCC), e saiba como selecionar um tema, definir objetivos, identificar e descrever um problema, fundamentar sua argumenta\u00e7\u00e3o com base em trabalhos de outros autores, coletar e analisar dados e como apresentar resultados e conclus\u00f5es de forma concisa e clara.<\/li>\n<li><strong>Probabilidade e Estat\u00edstica:<\/strong>\u00a0Neste curso online gratuito voc\u00ea ver\u00e1 como o c\u00e1lculo de probabilidade \u00e9 uma importante ferramenta estat\u00edstica e como trata de situa\u00e7\u00f5es que n\u00e3o s\u00e3o totalmente previs\u00edveis. Esse conhecimento \u00e9 fundamental para interpretar resultados obtidos pelos m\u00e9todos estat\u00edsticos e pode ser aplicado de diversas formas no dia a dia.<\/li>\n<li><strong>Planejamento Estrat\u00e9gico:<\/strong>\u00a0voc\u00ea ir\u00e1 aprender conceitos e ferramentas da estrat\u00e9gia empresarial para utiliz\u00e1-los em suas organiza\u00e7\u00f5es, construindo um planejamento estrat\u00e9gico de neg\u00f3cio adequado a din\u00e2mica do mercado em que se encontram e um acompanhamento alinhado com as ferramentas de gest\u00e3o mais utilizadas.<\/li>\n<li><strong>LGBTQIA+ Conceitos e Hist\u00f3rias:<\/strong>\u00a0O curso oferece uma vis\u00e3o geral sobre quest\u00f5es que envolvem a sexualidade humana e a identidade de g\u00eanero. S\u00e3o apresentados conceitos e informa\u00e7\u00f5es sobre quatro caracter\u00edsticas \u2013 Sexo Biol\u00f3gico, Identidade de G\u00eanero, Express\u00e3o de G\u00eanero e Orienta\u00e7\u00e3o Afetivo-sexual \u2013 e tamb\u00e9m sobre o significado da sigla LGBT+. As hist\u00f3rias de vida s\u00e3o um convite para que voc\u00ea amplie seu olhar de mundo. Esses v\u00eddeos contam com a participa\u00e7\u00e3o de colaboradores do Veduca, da Serasa e tamb\u00e9m de convidados e convidadas que compartilham suas experi\u00eancias e vis\u00f5es.<\/li>\n<\/ol>\n<h2>Inscri\u00e7\u00e3o Cursos Online Gratuitos Veduca<\/h2>\n<p>Para se inscrever nos cursos da Veduca:\u00a0<strong>[Acesse aqui]<\/strong><\/p>\n<p><!-- CONTENT END 1 --><\/p>\n<p><!-- #comments --><\/p>\n<\/div>\n<p><script>\n                    (function(d, s, id) {\n                        var js, fjs = d.getElementsByTagName(s)[0];\n                        if (d.getElementById(id)) return;\n                        js = d.createElement(s);\n                        js.id = id;\n                        js.src = \"\/\/connect.facebook.net\/pt_PT\/sdk.js#xfbml=1&version=v2.5\";\n                        fjs.parentNode.insertBefore(js, fjs);\n                    }(document, 'script', 'facebook-jssdk'));\n                <\/script><script type=\"text\/javascript\">\n\t    (function(d){\n\t        var js, id = 'facebook-jssdk', ref = d.getElementsByTagName('script')[0];\n\t        if (d.getElementById(id)) {return;}\n\t        js = d.createElement('script'); js.id = id; js.async = true;\n\t        js.src = \"https:\/\/connect.facebook.net\/en_US\/all.js\";\n\t        ref.parentNode.insertBefore(js, ref);\n\t    }(document));\n\t    window.fbAsyncInit = function() {\n\t      \t\tFB.init({\n\t            \tappId: facebook_app_ID,\n\t            \tstatus: true,\n\t            \tcookie: true,\n\t            \txfbml: true\n\t        \t});  \n\t    };\n\t\tfunction login() {\n\t\t\tFB.login(function(response) {\n\t\t\t\tFB.api('\/me', { locale: 'en_US', fields: 'name, email' },\n\t\t\t\t\tfunction(response2) {\n\t\t\t\t\t\tif (typeof response2.error == 'undefined') {\n\t\t\t\t\t\t\tjQuery(document).ready(function($){'use strict';\n      \t\t\t\t\t\/\/console.log(response2);\n\t\t\t\t\t\t\t\t$.ajax({\n\t\t\t\t\t\t\t        type: 'POST',\n\t\t\t\t\t\t\t        dataType: 'json',\n\t\t\t\t\t\t\t        url: ajax_object.ajaxurl,\n\t\t\t\t\t\t\t        data: { \n\t\t\t\t\t\t\t            'action': 'ajaxfacebooklogin', \/\/calls wp_ajax_nopriv_ajaxlogin\n\t\t\t\t\t\t\t            'id_token': response.authResponse.accessToken,\n\t\t\t\t\t\t\t            'useremail': response2.email,\n\t\t\t\t\t\t\t            'username': response2.name,\n\t\t\t\t\t\t\t            'security': $( 'form#login #security2').val() },\n\t\t\t\t\t\t\t        success: function(data){\n\t\t\t\t\t\t\t            \/\/$('form#login div.login-error').text(data.message);\n\t\t\t\t\t\t\t            if (data.loggedin == true){\n      \t\t\t\t\t\t\t\t\t\t\t\t$('form#login div.login-error').removeClass('alert-danger').addClass('alert-success');\n      \t\t\t\t\t\t\t\t\t\t\t\t$('form#login div.login-error').text(data.message);\n\t\t\t\t\t\t\t                document.location.href = ajax_object.redirecturl;\n\t\t\t\t\t\t\t            }else{\n      \t\t\t\t\t\t\t\t\t\t\t\t$('form#login div.login-error').removeClass('alert-success').addClass('alert-danger');\n      \t\t\t\t\t\t\t\t\t\t\t\t$('form#login div.login-error').text(data.message);\n      \t\t\t\t\t\t\t\t\t\t}\n\t\t\t\t\t\t\t            if($('.login-error').text() == ''){\n\t\t\t\t\t\t\t                $('form#login div.login-error').hide();\n\t\t\t\t\t\t\t            }else{\n\t\t\t\t\t\t\t                $('form#login div.login-error').show();\n\t\t\t\t\t\t\t            }\n\t\t\t\t\t\t\t        }\n\t\t\t\t\t\t\t    });\n\t\t\t\t\t\t    });\n\t\t\t\t\t\t\t\/\/ console.log('FB Login Working!');\n\t\t\t\t\t\t\t\/\/ console.log(response2);\n\t\t\t\t\t\t}else{\n\t\t\t\t\t\t\t\/\/ console.log('FB Login Error!');\n\t\t\t\t\t\t\t\/\/ console.log(response);\n\t\t\t\t\t\t}\n\t\t\t\t\t}\n\t\t\t\t);\n\t\t\t}, {scope: 'public_profile,user_friends,email'});    \n\t\t}\n\t<\/script><br \/>\n<br \/><br \/>\n<br \/><a href=\"https:\/\/veduca.org\/qualifica-sp-tem-vagas-abertas-para-curso-gratuito-de-empreendedorismo\/\">Source link <\/a><\/p>\n","protected":false},"excerpt":{"rendered":"<p>Se voc\u00ea \u00e9 um jovem paulista entre 16 e 24 anos e tem interesse em iniciar seu pr\u00f3prio neg\u00f3cio ou aprimorar suas habilidades empreendedoras, a&#8230;<\/p>\n","protected":false},"author":1,"featured_media":54436,"comment_status":"open","ping_status":"open","sticky":false,"template":"","format":"standard","meta":{"_uag_custom_page_level_css":"","advanced_seo_description":"","jetpack_seo_html_title":"","jetpack_seo_noindex":false,"jetpack_post_was_ever_published":false,"_jetpack_newsletter_access":"","_jetpack_dont_email_post_to_subs":false,"_jetpack_newsletter_tier_id":0,"_jetpack_memberships_contains_paywalled_content":false,"_jetpack_memberships_contains_paid_content":false,"footnotes":"","jetpack_publicize_message":"","jetpack_publicize_feature_enabled":true,"jetpack_social_post_already_shared":true,"jetpack_social_options":{"image_generator_settings":{"template":"highway","default_image_id":0,"font":"","enabled":false},"version":2}},"categories":[4947],"tags":[],"class_list":["post-54435","post","type-post","status-publish","format-standard","has-post-thumbnail","hentry","category-cursos-gratuitos-e-bolsas-de-estudos-ribeirao-preto"],"jetpack_publicize_connections":[],"jetpack_featured_media_url":"https:\/\/i0.wp.com\/ismaelcolosi.com.br\/wp-content\/uploads\/2024\/06\/Qualifica-SP-tem-vagas-abertas-para-curso-gratuito-de-empreendedorismo.png?fit=1200%2C630&ssl=1","uagb_featured_image_src":{"full":["https:\/\/i0.wp.com\/ismaelcolosi.com.br\/wp-content\/uploads\/2024\/06\/Qualifica-SP-tem-vagas-abertas-para-curso-gratuito-de-empreendedorismo.png?fit=1200%2C630&ssl=1",1200,630,false],"thumbnail":["https:\/\/i0.wp.com\/ismaelcolosi.com.br\/wp-content\/uploads\/2024\/06\/Qualifica-SP-tem-vagas-abertas-para-curso-gratuito-de-empreendedorismo.png?resize=150%2C150&ssl=1",150,150,true],"medium":["https:\/\/i0.wp.com\/ismaelcolosi.com.br\/wp-content\/uploads\/2024\/06\/Qualifica-SP-tem-vagas-abertas-para-curso-gratuito-de-empreendedorismo.png?fit=300%2C158&ssl=1",300,158,true],"medium_large":["https:\/\/i0.wp.com\/ismaelcolosi.com.br\/wp-content\/uploads\/2024\/06\/Qualifica-SP-tem-vagas-abertas-para-curso-gratuito-de-empreendedorismo.png?fit=768%2C403&ssl=1",768,403,true],"large":["https:\/\/i0.wp.com\/ismaelcolosi.com.br\/wp-content\/uploads\/2024\/06\/Qualifica-SP-tem-vagas-abertas-para-curso-gratuito-de-empreendedorismo.png?fit=1024%2C538&ssl=1",1024,538,true],"1536x1536":["https:\/\/i0.wp.com\/ismaelcolosi.com.br\/wp-content\/uploads\/2024\/06\/Qualifica-SP-tem-vagas-abertas-para-curso-gratuito-de-empreendedorismo.png?fit=1200%2C630&ssl=1",1200,630,true],"2048x2048":["https:\/\/i0.wp.com\/ismaelcolosi.com.br\/wp-content\/uploads\/2024\/06\/Qualifica-SP-tem-vagas-abertas-para-curso-gratuito-de-empreendedorismo.png?fit=1200%2C630&ssl=1",1200,630,true],"really-simple-thumb":["https:\/\/i0.wp.com\/ismaelcolosi.com.br\/wp-content\/uploads\/2024\/06\/Qualifica-SP-tem-vagas-abertas-para-curso-gratuito-de-empreendedorismo.png?resize=370%2C247&ssl=1",370,247,true]},"uagb_author_info":{"display_name":"ismaelcolosi.com.br","author_link":"https:\/\/ismaelcolosi.com.br\/index.php\/author\/vidareal-online\/"},"uagb_comment_info":0,"uagb_excerpt":"Se voc\u00ea \u00e9 um jovem paulista entre 16 e 24 anos e tem interesse em iniciar seu pr\u00f3prio neg\u00f3cio ou aprimorar suas habilidades empreendedoras, a...","jetpack-related-posts":[{"id":4350,"url":"https:\/\/ismaelcolosi.com.br\/index.php\/2023\/11\/21\/sp-oferece-vagas-em-cursos-gratuitos-so-para-mulheres\/","url_meta":{"origin":54435,"position":0},"title":"SP oferece vagas em cursos gratuitos s\u00f3 para mulheres","author":"ismaelcolosi.com.br","date":"21 de November de 2023","format":false,"excerpt":"O governo de S\u00e3o Paulo, atrav\u00e9s do programa Qualifica SP Empreenda, est\u00e1 com vagas abertas para cursos gratuitos exclusivos para mulheres. S\u00e3o 100 vagas em capacita\u00e7\u00f5es totalmente online.A iniciativa oferece ainda mentoria e acesso \u00e0 linha de microcr\u00e9dito do Banco do Povo.Cr\u00e9ditos: FG Trade\/iStockGoverno de SP oferece vagas em cursos\u2026","rel":"","context":"In &quot;Variedades&quot;","block_context":{"text":"Variedades","link":"https:\/\/ismaelcolosi.com.br\/index.php\/category\/variedades\/"},"img":{"alt_text":"","src":"https:\/\/i0.wp.com\/ismaelcolosi.com.br\/wp-content\/uploads\/2023\/11\/cursos-gratuitos-online.jpg?fit=1200%2C638&ssl=1&resize=350%2C200","width":350,"height":200,"srcset":"https:\/\/i0.wp.com\/ismaelcolosi.com.br\/wp-content\/uploads\/2023\/11\/cursos-gratuitos-online.jpg?fit=1200%2C638&ssl=1&resize=350%2C200 1x, https:\/\/i0.wp.com\/ismaelcolosi.com.br\/wp-content\/uploads\/2023\/11\/cursos-gratuitos-online.jpg?fit=1200%2C638&ssl=1&resize=525%2C300 1.5x, https:\/\/i0.wp.com\/ismaelcolosi.com.br\/wp-content\/uploads\/2023\/11\/cursos-gratuitos-online.jpg?fit=1200%2C638&ssl=1&resize=700%2C400 2x, https:\/\/i0.wp.com\/ismaelcolosi.com.br\/wp-content\/uploads\/2023\/11\/cursos-gratuitos-online.jpg?fit=1200%2C638&ssl=1&resize=1050%2C600 3x"},"classes":[]},{"id":59872,"url":"https:\/\/ismaelcolosi.com.br\/index.php\/2024\/08\/13\/vagas-jovem-aprendiz-para-trabalhar-de-casa-5\/","url_meta":{"origin":54435,"position":1},"title":"Vagas Jovem Aprendiz para trabalhar de casa","author":"ismaelcolosi.com.br","date":"13 de August de 2024","format":false,"excerpt":"Jovem Aprendiz Programa Aprendiz Record 2\u00ba Semestre de 2024: Inscri\u00e7\u00f5es abertas para N\u00edvel M\u00e9dio de 06 horas por dia Se voc\u00ea est\u00e1 em S\u00e3o Paulo ou tem parentes na regi\u00e3o e est\u00e1 em busca do primeiro emprego, uma \u00f3tima oportunidade est\u00e1 dispon\u00edvel! A Record est\u00e1 com inscri\u00e7\u00f5es abertas para Leia\u2026","rel":"","context":"In &quot;Vagas de Emprego Remoto - Home Office&quot;","block_context":{"text":"Vagas de Emprego Remoto - Home Office","link":"https:\/\/ismaelcolosi.com.br\/index.php\/category\/empregos-classificados-vagas-trabalho\/vagas-de-empregos-em-ribeirao-preto-regiao-brasil\/vagas-de-emprego-para-trabalhar-de-casa-home-office-remoto\/"},"img":{"alt_text":"","src":"https:\/\/i0.wp.com\/ismaelcolosi.com.br\/wp-content\/uploads\/2024\/08\/APRENDIZ-RECORD-761x492.webp?fit=761%2C492&ssl=1&resize=350%2C200","width":350,"height":200,"srcset":"https:\/\/i0.wp.com\/ismaelcolosi.com.br\/wp-content\/uploads\/2024\/08\/APRENDIZ-RECORD-761x492.webp?fit=761%2C492&ssl=1&resize=350%2C200 1x, https:\/\/i0.wp.com\/ismaelcolosi.com.br\/wp-content\/uploads\/2024\/08\/APRENDIZ-RECORD-761x492.webp?fit=761%2C492&ssl=1&resize=525%2C300 1.5x, https:\/\/i0.wp.com\/ismaelcolosi.com.br\/wp-content\/uploads\/2024\/08\/APRENDIZ-RECORD-761x492.webp?fit=761%2C492&ssl=1&resize=700%2C400 2x"},"classes":[]},{"id":65410,"url":"https:\/\/ismaelcolosi.com.br\/index.php\/2024\/09\/12\/vagas-jovem-aprendiz-para-trabalhar-de-casa-8\/","url_meta":{"origin":54435,"position":2},"title":"Vagas Jovem Aprendiz para trabalhar de casa","author":"ismaelcolosi.com.br","date":"12 de September de 2024","format":false,"excerpt":"Jovem Aprendiz Programa Aprendiz Record 2\u00ba Semestre de 2024: Inscri\u00e7\u00f5es abertas para N\u00edvel M\u00e9dio de 06 horas por dia Se voc\u00ea est\u00e1 em S\u00e3o Paulo ou tem parentes na regi\u00e3o e est\u00e1 em busca do primeiro emprego, uma \u00f3tima oportunidade est\u00e1 dispon\u00edvel! A Record est\u00e1 com inscri\u00e7\u00f5es abertas para Leia\u2026","rel":"","context":"In &quot;Vagas de Emprego Remoto - Home Office&quot;","block_context":{"text":"Vagas de Emprego Remoto - Home Office","link":"https:\/\/ismaelcolosi.com.br\/index.php\/category\/empregos-classificados-vagas-trabalho\/vagas-de-empregos-em-ribeirao-preto-regiao-brasil\/vagas-de-emprego-para-trabalhar-de-casa-home-office-remoto\/"},"img":{"alt_text":"","src":"https:\/\/i0.wp.com\/ismaelcolosi.com.br\/wp-content\/uploads\/2024\/08\/APRENDIZ-RECORD-761x492.webp?fit=761%2C492&ssl=1&resize=350%2C200","width":350,"height":200,"srcset":"https:\/\/i0.wp.com\/ismaelcolosi.com.br\/wp-content\/uploads\/2024\/08\/APRENDIZ-RECORD-761x492.webp?fit=761%2C492&ssl=1&resize=350%2C200 1x, https:\/\/i0.wp.com\/ismaelcolosi.com.br\/wp-content\/uploads\/2024\/08\/APRENDIZ-RECORD-761x492.webp?fit=761%2C492&ssl=1&resize=525%2C300 1.5x, https:\/\/i0.wp.com\/ismaelcolosi.com.br\/wp-content\/uploads\/2024\/08\/APRENDIZ-RECORD-761x492.webp?fit=761%2C492&ssl=1&resize=700%2C400 2x"},"classes":[]},{"id":63404,"url":"https:\/\/ismaelcolosi.com.br\/index.php\/2024\/09\/02\/vagas-jovem-aprendiz-para-trabalhar-de-casa-7\/","url_meta":{"origin":54435,"position":3},"title":"Vagas Jovem Aprendiz para trabalhar de casa","author":"ismaelcolosi.com.br","date":"2 de September de 2024","format":false,"excerpt":"Jovem Aprendiz Programa Aprendiz Record 2\u00ba Semestre de 2024: Inscri\u00e7\u00f5es abertas para N\u00edvel M\u00e9dio de 06 horas por dia Se voc\u00ea est\u00e1 em S\u00e3o Paulo ou tem parentes na regi\u00e3o e est\u00e1 em busca do primeiro emprego, uma \u00f3tima oportunidade est\u00e1 dispon\u00edvel! A Record est\u00e1 com inscri\u00e7\u00f5es abertas para Leia\u2026","rel":"","context":"In &quot;Vagas de Emprego Remoto - Home Office&quot;","block_context":{"text":"Vagas de Emprego Remoto - Home Office","link":"https:\/\/ismaelcolosi.com.br\/index.php\/category\/empregos-classificados-vagas-trabalho\/vagas-de-empregos-em-ribeirao-preto-regiao-brasil\/vagas-de-emprego-para-trabalhar-de-casa-home-office-remoto\/"},"img":{"alt_text":"","src":"https:\/\/i0.wp.com\/ismaelcolosi.com.br\/wp-content\/uploads\/2024\/08\/APRENDIZ-RECORD-761x492.webp?fit=761%2C492&ssl=1&resize=350%2C200","width":350,"height":200,"srcset":"https:\/\/i0.wp.com\/ismaelcolosi.com.br\/wp-content\/uploads\/2024\/08\/APRENDIZ-RECORD-761x492.webp?fit=761%2C492&ssl=1&resize=350%2C200 1x, https:\/\/i0.wp.com\/ismaelcolosi.com.br\/wp-content\/uploads\/2024\/08\/APRENDIZ-RECORD-761x492.webp?fit=761%2C492&ssl=1&resize=525%2C300 1.5x, https:\/\/i0.wp.com\/ismaelcolosi.com.br\/wp-content\/uploads\/2024\/08\/APRENDIZ-RECORD-761x492.webp?fit=761%2C492&ssl=1&resize=700%2C400 2x"},"classes":[]},{"id":61736,"url":"https:\/\/ismaelcolosi.com.br\/index.php\/2024\/08\/23\/vagas-jovem-aprendiz-para-trabalhar-de-casa-6\/","url_meta":{"origin":54435,"position":4},"title":"Vagas Jovem Aprendiz para trabalhar de casa","author":"ismaelcolosi.com.br","date":"23 de August de 2024","format":false,"excerpt":"Jovem Aprendiz Programa Aprendiz Record 2\u00ba Semestre de 2024: Inscri\u00e7\u00f5es abertas para N\u00edvel M\u00e9dio de 06 horas por dia Se voc\u00ea est\u00e1 em S\u00e3o Paulo ou tem parentes na regi\u00e3o e est\u00e1 em busca do primeiro emprego, uma \u00f3tima oportunidade est\u00e1 dispon\u00edvel! A Record est\u00e1 com inscri\u00e7\u00f5es abertas para Leia\u2026","rel":"","context":"In &quot;Vagas de Emprego Remoto - Home Office&quot;","block_context":{"text":"Vagas de Emprego Remoto - Home Office","link":"https:\/\/ismaelcolosi.com.br\/index.php\/category\/empregos-classificados-vagas-trabalho\/vagas-de-empregos-em-ribeirao-preto-regiao-brasil\/vagas-de-emprego-para-trabalhar-de-casa-home-office-remoto\/"},"img":{"alt_text":"","src":"https:\/\/i0.wp.com\/ismaelcolosi.com.br\/wp-content\/uploads\/2024\/08\/APRENDIZ-RECORD-761x492.webp?fit=761%2C492&ssl=1&resize=350%2C200","width":350,"height":200,"srcset":"https:\/\/i0.wp.com\/ismaelcolosi.com.br\/wp-content\/uploads\/2024\/08\/APRENDIZ-RECORD-761x492.webp?fit=761%2C492&ssl=1&resize=350%2C200 1x, https:\/\/i0.wp.com\/ismaelcolosi.com.br\/wp-content\/uploads\/2024\/08\/APRENDIZ-RECORD-761x492.webp?fit=761%2C492&ssl=1&resize=525%2C300 1.5x, https:\/\/i0.wp.com\/ismaelcolosi.com.br\/wp-content\/uploads\/2024\/08\/APRENDIZ-RECORD-761x492.webp?fit=761%2C492&ssl=1&resize=700%2C400 2x"},"classes":[]},{"id":67284,"url":"https:\/\/ismaelcolosi.com.br\/index.php\/2024\/09\/22\/vagas-jovem-aprendiz-para-trabalhar-de-casa-9\/","url_meta":{"origin":54435,"position":5},"title":"Vagas Jovem Aprendiz para trabalhar de casa","author":"ismaelcolosi.com.br","date":"22 de September de 2024","format":false,"excerpt":"Jovem Aprendiz Programa Aprendiz Record 2\u00ba Semestre de 2024: Inscri\u00e7\u00f5es abertas para N\u00edvel M\u00e9dio de 06 horas por dia Se voc\u00ea est\u00e1 em S\u00e3o Paulo ou tem parentes na regi\u00e3o e est\u00e1 em busca do primeiro emprego, uma \u00f3tima oportunidade est\u00e1 dispon\u00edvel! A Record est\u00e1 com inscri\u00e7\u00f5es abertas para Leia\u2026","rel":"","context":"In &quot;Vagas de Emprego Remoto - Home Office&quot;","block_context":{"text":"Vagas de Emprego Remoto - Home Office","link":"https:\/\/ismaelcolosi.com.br\/index.php\/category\/empregos-classificados-vagas-trabalho\/vagas-de-empregos-em-ribeirao-preto-regiao-brasil\/vagas-de-emprego-para-trabalhar-de-casa-home-office-remoto\/"},"img":{"alt_text":"","src":"https:\/\/i0.wp.com\/ismaelcolosi.com.br\/wp-content\/uploads\/2024\/08\/APRENDIZ-RECORD-761x492.webp?fit=761%2C492&ssl=1&resize=350%2C200","width":350,"height":200,"srcset":"https:\/\/i0.wp.com\/ismaelcolosi.com.br\/wp-content\/uploads\/2024\/08\/APRENDIZ-RECORD-761x492.webp?fit=761%2C492&ssl=1&resize=350%2C200 1x, https:\/\/i0.wp.com\/ismaelcolosi.com.br\/wp-content\/uploads\/2024\/08\/APRENDIZ-RECORD-761x492.webp?fit=761%2C492&ssl=1&resize=525%2C300 1.5x, https:\/\/i0.wp.com\/ismaelcolosi.com.br\/wp-content\/uploads\/2024\/08\/APRENDIZ-RECORD-761x492.webp?fit=761%2C492&ssl=1&resize=700%2C400 2x"},"classes":[]}],"jetpack_sharing_enabled":true,"jetpack_shortlink":"https:\/\/wp.me\/pfMlyK-e9Z","_links":{"self":[{"href":"https:\/\/ismaelcolosi.com.br\/index.php\/wp-json\/wp\/v2\/posts\/54435","targetHints":{"allow":["GET"]}}],"collection":[{"href":"https:\/\/ismaelcolosi.com.br\/index.php\/wp-json\/wp\/v2\/posts"}],"about":[{"href":"https:\/\/ismaelcolosi.com.br\/index.php\/wp-json\/wp\/v2\/types\/post"}],"author":[{"embeddable":true,"href":"https:\/\/ismaelcolosi.com.br\/index.php\/wp-json\/wp\/v2\/users\/1"}],"replies":[{"embeddable":true,"href":"https:\/\/ismaelcolosi.com.br\/index.php\/wp-json\/wp\/v2\/comments?post=54435"}],"version-history":[{"count":0,"href":"https:\/\/ismaelcolosi.com.br\/index.php\/wp-json\/wp\/v2\/posts\/54435\/revisions"}],"wp:featuredmedia":[{"embeddable":true,"href":"https:\/\/ismaelcolosi.com.br\/index.php\/wp-json\/wp\/v2\/media\/54436"}],"wp:attachment":[{"href":"https:\/\/ismaelcolosi.com.br\/index.php\/wp-json\/wp\/v2\/media?parent=54435"}],"wp:term":[{"taxonomy":"category","embeddable":true,"href":"https:\/\/ismaelcolosi.com.br\/index.php\/wp-json\/wp\/v2\/categories?post=54435"},{"taxonomy":"post_tag","embeddable":true,"href":"https:\/\/ismaelcolosi.com.br\/index.php\/wp-json\/wp\/v2\/tags?post=54435"}],"curies":[{"name":"wp","href":"https:\/\/api.w.org\/{rel}","templated":true}]}}