{"id":54254,"date":"2024-06-24T08:41:21","date_gmt":"2024-06-24T11:41:21","guid":{"rendered":"https:\/\/ismaelcolosi.com.br\/index.php\/2024\/06\/24\/tres-massas-de-ar-frio-sao-previstas-no-inicio-do-inverno-veja-as-temperaturas-no-interior-de-sp\/"},"modified":"2024-06-24T08:41:21","modified_gmt":"2024-06-24T11:41:21","slug":"tres-massas-de-ar-frio-sao-previstas-no-inicio-do-inverno-veja-as-temperaturas-no-interior-de-sp","status":"publish","type":"post","link":"https:\/\/ismaelcolosi.com.br\/index.php\/2024\/06\/24\/tres-massas-de-ar-frio-sao-previstas-no-inicio-do-inverno-veja-as-temperaturas-no-interior-de-sp\/","title":{"rendered":"Tr\u00eas massas de ar frio s\u00e3o previstas no in\u00edcio do inverno; Veja as temperaturas no interior de SP"},"content":{"rendered":"<p> <br \/>\n<\/p>\n<div data-td-block-uid=\"tdi_106\">\n<div class=\"tdb-block-inner td-fix-index\">\n<p><strong>O in\u00edcio do inverno pode ser marcado pelo avan\u00e7o de tr\u00eas massas de ar frio em sequ\u00eancia nesta semana.<\/strong><\/p>\n<p>Segundo a <a href=\"https:\/\/www.tempo.com\/\" target=\"_blank\" rel=\"noreferrer noopener\">Meteored<\/a>, a primeira delas pode levar <strong>chuvas <\/strong>e <strong>refresco <\/strong>ao <strong>Leste do estado de S\u00e3o Paulo<\/strong> j\u00e1 nesta ter\u00e7a-feira (25).<\/p>\n<p>Ainda conforme a <strong>Meteored<\/strong>, a partir de <strong>quarta-feira (26)<\/strong>, est\u00e1 previsto a <strong>forma\u00e7\u00e3o <\/strong>de um <strong>ciclone <\/strong>com a possibilidade do <strong>avan\u00e7o<\/strong> de uma <strong>segunda massa de ar frio<\/strong>.<\/p>\n<p>A tend\u00eancia \u00e9 de uma <strong>terceira massa de ar frio<\/strong> na pr\u00f3xima <strong>sexta-feira (28)<\/strong>.<\/p>\n<h4 class=\"wp-block-heading\"><strong>Como ficam as temperaturas?<\/strong><\/h4>\n<p>A <strong>Meteored <\/strong>diz, contudo, que o <strong>frio <\/strong>mais <strong>intenso <\/strong>neste in\u00edcio inverno ainda deve ficar concentrado sobre o <strong>Sul <\/strong>do pa\u00eds, mas <mark style=\"background-color:#fcb900\" class=\"has-inline-color has-black-color\">as temperaturas podem ficar mais amenas no Sudeste.<\/mark><\/p>\n<blockquote class=\"wp-block-quote\">\n<p>\u201cN\u00e3o h\u00e1 riscos de geadas no Sudeste e no Centro-Oeste, por\u00e9m, a temperatura tende a cair em partes dessas regi\u00f5es ao longo da semana, diminuindo pelo menos a sensa\u00e7\u00e3o de calor fora de \u00e9poca\u201d<\/p>\n<p><cite>Meteored<\/cite><\/p><\/blockquote>\n<h4 class=\"wp-block-heading\"><strong>Veja as temperaturas durante a semana em Ribeir\u00e3o Preto:<\/strong><\/h4>\n<p>15\u00b0C \/ 30\u00b0C<\/p>\n<p>15\u00b0C \/ 31\u00b0C<\/p>\n<p>16\u00b0C \/ 31\u00b0C<\/p>\n<p>17\u00b0C \/ 31\u00b0C<\/p>\n<p>16\u00b0C \/ 31\u00b0C<\/p>\n<p>17\u00b0C \/ 31\u00b0C<\/p>\n<p>Fonte: Meteored<\/p>\n<p>SAIBA MAIS<\/p>\n<p>Bombeiros s\u00e3o mobilizados para ocorr\u00eancia em casa na zona Norte de Ribeir\u00e3o Preto<\/p>\n<h4 class=\"wp-block-heading\"><strong>FIQUE ON<\/strong><\/h4>\n<p>Fique ligado em tudo que acontece em Ribeir\u00e3o Preto e regi\u00e3o. Siga os perfis do\u00a0<strong>acidade on\u00a0<\/strong>no\u00a0<a href=\"https:\/\/www.instagram.com\/acidadeonribeirao\" target=\"_blank\" rel=\"noreferrer noopener\">Instagram<\/a>\u00a0e no\u00a0<a href=\"https:\/\/www.facebook.com\/acidadeonribeirao\" target=\"_blank\" rel=\"noreferrer noopener\">Facebook<\/a>.<\/p>\n<p>Receba not\u00edcias do acidade on no WhatsApp. Para entrar no grupo, basta\u00a0<a href=\"https:\/\/chat.whatsapp.com\/CdrZ6xrf7quD44Vw3WlPuZ\" target=\"_blank\" rel=\"noreferrer noopener\">clicar aqui<\/a>.<\/p>\n<p>Fa\u00e7a uma den\u00fancia ou sugira uma reportagem sobre Ribeir\u00e3o Preto e regi\u00e3o pelo WhatsApp: 16 99117 7802.<\/p>\n<p>VEJA TAMB\u00c9M<\/p>\n<p>Censo das UBSs tem ades\u00e3o de 94% das cidades brasileiras<\/p>\n<p><!-- AI CONTENT END 3 -->\n<\/div>\n<\/div>\n<p><script async src=\"\/\/www.instagram.com\/embed.js\"><\/script><br \/>\n<br \/><br \/>\n<br \/><a href=\"https:\/\/www.acidadeon.com\/ribeiraopreto\/cotidiano\/tres-massas-de-ar-frio-sao-previstas-no-inicio-do-inverno-veja-as-temperaturas-no-interior-de-sp\/\">Source link <\/a><\/p>\n<div class='code-block code-block-4' style='margin: 8px auto 8px 0; text-align: left; display: block; clear: both;'>\n\ud83d\udce2 Aviso Legal\n\nO site ismaelcolosi.com.br atua apenas como um canal de divulga\u00e7\u00e3o de oportunidades de emprego e n\u00e3o se responsabiliza pelo processo seletivo, contrata\u00e7\u00e3o ou qualquer outra etapa relacionada \u00e0s vagas publicadas. Todas as informa\u00e7\u00f5es s\u00e3o de responsabilidade dos anunciantes.\n\n\u26a0\ufe0f Aten\u00e7\u00e3o! Nunca pague por promessas de emprego nem compre cursos que garantam contrata\u00e7\u00e3o. Desconfie de qualquer cobran\u00e7a para participar de sele\u00e7\u00f5es.\n\n\n\n<\/div>\n<!-- CONTENT END 1 -->\n","protected":false},"excerpt":{"rendered":"<p>O in\u00edcio do inverno pode ser marcado pelo avan\u00e7o de tr\u00eas massas de ar frio em sequ\u00eancia nesta semana. Segundo a Meteored, a primeira delas&#8230;<\/p>\n","protected":false},"author":1,"featured_media":54255,"comment_status":"open","ping_status":"open","sticky":false,"template":"","format":"standard","meta":{"_uag_custom_page_level_css":"","advanced_seo_description":"","jetpack_seo_html_title":"","jetpack_seo_noindex":false,"jetpack_post_was_ever_published":false,"_jetpack_newsletter_access":"","_jetpack_dont_email_post_to_subs":false,"_jetpack_newsletter_tier_id":0,"_jetpack_memberships_contains_paywalled_content":false,"_jetpack_memberships_contains_paid_content":false,"footnotes":"","jetpack_publicize_message":"","jetpack_publicize_feature_enabled":true,"jetpack_social_post_already_shared":true,"jetpack_social_options":{"image_generator_settings":{"template":"highway","default_image_id":0,"font":"","enabled":false},"version":2}},"categories":[11],"tags":[],"class_list":["post-54254","post","type-post","status-publish","format-standard","has-post-thumbnail","hentry","category-noticias-de-ribeirao-preto-sp-e-regiao-ismael-colosi"],"jetpack_publicize_connections":[],"jetpack_featured_media_url":"https:\/\/i0.wp.com\/ismaelcolosi.com.br\/wp-content\/uploads\/2024\/06\/frio_blusa_1200x675_20052022064557.jpg?fit=1200%2C675&ssl=1","uagb_featured_image_src":{"full":["https:\/\/i0.wp.com\/ismaelcolosi.com.br\/wp-content\/uploads\/2024\/06\/frio_blusa_1200x675_20052022064557.jpg?fit=1200%2C675&ssl=1",1200,675,false],"thumbnail":["https:\/\/i0.wp.com\/ismaelcolosi.com.br\/wp-content\/uploads\/2024\/06\/frio_blusa_1200x675_20052022064557.jpg?resize=150%2C150&ssl=1",150,150,true],"medium":["https:\/\/i0.wp.com\/ismaelcolosi.com.br\/wp-content\/uploads\/2024\/06\/frio_blusa_1200x675_20052022064557.jpg?fit=300%2C169&ssl=1",300,169,true],"medium_large":["https:\/\/i0.wp.com\/ismaelcolosi.com.br\/wp-content\/uploads\/2024\/06\/frio_blusa_1200x675_20052022064557.jpg?fit=768%2C432&ssl=1",768,432,true],"large":["https:\/\/i0.wp.com\/ismaelcolosi.com.br\/wp-content\/uploads\/2024\/06\/frio_blusa_1200x675_20052022064557.jpg?fit=1024%2C576&ssl=1",1024,576,true],"1536x1536":["https:\/\/i0.wp.com\/ismaelcolosi.com.br\/wp-content\/uploads\/2024\/06\/frio_blusa_1200x675_20052022064557.jpg?fit=1200%2C675&ssl=1",1200,675,true],"2048x2048":["https:\/\/i0.wp.com\/ismaelcolosi.com.br\/wp-content\/uploads\/2024\/06\/frio_blusa_1200x675_20052022064557.jpg?fit=1200%2C675&ssl=1",1200,675,true],"really-simple-thumb":["https:\/\/i0.wp.com\/ismaelcolosi.com.br\/wp-content\/uploads\/2024\/06\/frio_blusa_1200x675_20052022064557.jpg?resize=370%2C247&ssl=1",370,247,true]},"uagb_author_info":{"display_name":"ismaelcolosi.com.br","author_link":"https:\/\/ismaelcolosi.com.br\/index.php\/author\/vidareal-online\/"},"uagb_comment_info":0,"uagb_excerpt":"O in\u00edcio do inverno pode ser marcado pelo avan\u00e7o de tr\u00eas massas de ar frio em sequ\u00eancia nesta semana. Segundo a Meteored, a primeira delas...","jetpack-related-posts":[{"id":54240,"url":"https:\/\/ismaelcolosi.com.br\/index.php\/2024\/06\/23\/primeira-massa-de-ar-frio-do-inverno-pode-atingir-o-estado-de-sp-veja-quando\/","url_meta":{"origin":54254,"position":0},"title":"Primeira massa de ar frio do inverno pode atingir o estado de SP; Veja quando","author":"ismaelcolosi.com.br","date":"23 de June de 2024","format":false,"excerpt":"A primeira massa de ar frio do inverno, que come\u00e7ou na \u00faltima quinta-feira (20), j\u00e1 tem data para chegar ao estado de S\u00e3o Paulo, de acordo com a meteorologia. Uma nova frente fria se formou atrav\u00e9s de duas \u00e1reas de baixa press\u00e3o atmosf\u00e9rica neste final de semana, contudo, esse sistema\u2026","rel":"","context":"In &quot;Not\u00edcias de Ribeir\u00e3o Preto-SP e Regi\u00e3o&quot;","block_context":{"text":"Not\u00edcias de Ribeir\u00e3o Preto-SP e Regi\u00e3o","link":"https:\/\/ismaelcolosi.com.br\/index.php\/category\/noticias-de-ribeirao-preto-sp-e-regiao-ismael-colosi\/"},"img":{"alt_text":"","src":"https:\/\/i0.wp.com\/ismaelcolosi.com.br\/wp-content\/uploads\/2024\/04\/AnyConv.com__frio.webp.webp?fit=1200%2C800&ssl=1&resize=350%2C200","width":350,"height":200,"srcset":"https:\/\/i0.wp.com\/ismaelcolosi.com.br\/wp-content\/uploads\/2024\/04\/AnyConv.com__frio.webp.webp?fit=1200%2C800&ssl=1&resize=350%2C200 1x, https:\/\/i0.wp.com\/ismaelcolosi.com.br\/wp-content\/uploads\/2024\/04\/AnyConv.com__frio.webp.webp?fit=1200%2C800&ssl=1&resize=525%2C300 1.5x, https:\/\/i0.wp.com\/ismaelcolosi.com.br\/wp-content\/uploads\/2024\/04\/AnyConv.com__frio.webp.webp?fit=1200%2C800&ssl=1&resize=700%2C400 2x, https:\/\/i0.wp.com\/ismaelcolosi.com.br\/wp-content\/uploads\/2024\/04\/AnyConv.com__frio.webp.webp?fit=1200%2C800&ssl=1&resize=1050%2C600 3x"},"classes":[]},{"id":59882,"url":"https:\/\/ismaelcolosi.com.br\/index.php\/2024\/08\/13\/adeus-ao-frio-veja-quando-deve-voltar-a-esquentar-no-interior-de-sp\/","url_meta":{"origin":54254,"position":1},"title":"Adeus ao frio? Veja quando deve voltar a esquentar no interior de SP","author":"ismaelcolosi.com.br","date":"13 de August de 2024","format":false,"excerpt":"O \u00faltimo frio do inverno 2024 come\u00e7a a dar adeus no interior de S\u00e3o Paulo nesta quarta-feira (14), segundo os meteorologistas. Segundo a Climatempo, a temperatura m\u00ednima prevista para Ribeir\u00e3o Preto \u00e9 de 10\u00b0C, contudo a m\u00e1xima pode chegar aos 30\u00b0C. E os term\u00f4metros v\u00e3o registrar temperaturas ainda mais elevadas,\u2026","rel":"","context":"In &quot;Not\u00edcias de Ribeir\u00e3o Preto-SP e Regi\u00e3o&quot;","block_context":{"text":"Not\u00edcias de Ribeir\u00e3o Preto-SP e Regi\u00e3o","link":"https:\/\/ismaelcolosi.com.br\/index.php\/category\/noticias-de-ribeirao-preto-sp-e-regiao-ismael-colosi\/"},"img":{"alt_text":"","src":"https:\/\/i0.wp.com\/ismaelcolosi.com.br\/wp-content\/uploads\/2024\/08\/RIBEIRAO-PRETO.jpg?fit=1200%2C708&ssl=1&resize=350%2C200","width":350,"height":200,"srcset":"https:\/\/i0.wp.com\/ismaelcolosi.com.br\/wp-content\/uploads\/2024\/08\/RIBEIRAO-PRETO.jpg?fit=1200%2C708&ssl=1&resize=350%2C200 1x, https:\/\/i0.wp.com\/ismaelcolosi.com.br\/wp-content\/uploads\/2024\/08\/RIBEIRAO-PRETO.jpg?fit=1200%2C708&ssl=1&resize=525%2C300 1.5x, https:\/\/i0.wp.com\/ismaelcolosi.com.br\/wp-content\/uploads\/2024\/08\/RIBEIRAO-PRETO.jpg?fit=1200%2C708&ssl=1&resize=700%2C400 2x, https:\/\/i0.wp.com\/ismaelcolosi.com.br\/wp-content\/uploads\/2024\/08\/RIBEIRAO-PRETO.jpg?fit=1200%2C708&ssl=1&resize=1050%2C600 3x"},"classes":[]},{"id":53961,"url":"https:\/\/ismaelcolosi.com.br\/index.php\/2024\/06\/20\/massas-de-ar-frio-e-temperatura-acima-da-media-devem-marcar-o-inverno-no-interior-de-sp\/","url_meta":{"origin":54254,"position":2},"title":"Massas de ar frio e temperatura acima da m\u00e9dia devem marcar o inverno no interior de SP","author":"ismaelcolosi.com.br","date":"20 de June de 2024","format":false,"excerpt":"O Inmet (Instituto Nacional de Meteorologia) aponta que o interior de S\u00e3o Paulo deve receber massas de ar frio no inverno 2024, mas as temperaturas devem ficar acima da m\u00e9dia. O \u00f3rg\u00e3o informa que a previs\u00e3o para o inverno indica predom\u00ednio de chuva abaixo da m\u00e9dia, por\u00e9m n\u00e3o se descarta\u2026","rel":"","context":"In &quot;Not\u00edcias de Ribeir\u00e3o Preto-SP e Regi\u00e3o&quot;","block_context":{"text":"Not\u00edcias de Ribeir\u00e3o Preto-SP e Regi\u00e3o","link":"https:\/\/ismaelcolosi.com.br\/index.php\/category\/noticias-de-ribeirao-preto-sp-e-regiao-ismael-colosi\/"},"img":{"alt_text":"","src":"https:\/\/i0.wp.com\/ismaelcolosi.com.br\/wp-content\/uploads\/2024\/06\/AnyConv.com__inverno_2024-06-20_17-55-25.webp.webp?fit=1200%2C800&ssl=1&resize=350%2C200","width":350,"height":200,"srcset":"https:\/\/i0.wp.com\/ismaelcolosi.com.br\/wp-content\/uploads\/2024\/06\/AnyConv.com__inverno_2024-06-20_17-55-25.webp.webp?fit=1200%2C800&ssl=1&resize=350%2C200 1x, https:\/\/i0.wp.com\/ismaelcolosi.com.br\/wp-content\/uploads\/2024\/06\/AnyConv.com__inverno_2024-06-20_17-55-25.webp.webp?fit=1200%2C800&ssl=1&resize=525%2C300 1.5x, https:\/\/i0.wp.com\/ismaelcolosi.com.br\/wp-content\/uploads\/2024\/06\/AnyConv.com__inverno_2024-06-20_17-55-25.webp.webp?fit=1200%2C800&ssl=1&resize=700%2C400 2x, https:\/\/i0.wp.com\/ismaelcolosi.com.br\/wp-content\/uploads\/2024\/06\/AnyConv.com__inverno_2024-06-20_17-55-25.webp.webp?fit=1200%2C800&ssl=1&resize=1050%2C600 3x"},"classes":[]},{"id":67711,"url":"https:\/\/ismaelcolosi.com.br\/index.php\/2024\/09\/25\/muito-calor-veja-as-temperaturas-no-interior-de-sp-antes-da-frente-fria\/","url_meta":{"origin":54254,"position":3},"title":"Muito calor: Veja as temperaturas no interior de SP antes da frente fria","author":"ismaelcolosi.com.br","date":"25 de September de 2024","format":false,"excerpt":"A onda de calor que atinge o interior de S\u00e3o Paulo pode ser intensificada nos pr\u00f3ximos dias por causa da aproxima\u00e7\u00e3o de uma frente fria. Segundo a Meteored, em Ribeir\u00e3o Preto a m\u00e1xima est\u00e1 prevista em 38\u00b0C nesta quarta-feira (25) e pode atingir 40\u00b0C nesta quinta-feira (26) e sexta-feira (27).\u2026","rel":"","context":"In &quot;Not\u00edcias de Ribeir\u00e3o Preto-SP e Regi\u00e3o&quot;","block_context":{"text":"Not\u00edcias de Ribeir\u00e3o Preto-SP e Regi\u00e3o","link":"https:\/\/ismaelcolosi.com.br\/index.php\/category\/noticias-de-ribeirao-preto-sp-e-regiao-ismael-colosi\/"},"img":{"alt_text":"","src":"https:\/\/i0.wp.com\/ismaelcolosi.com.br\/wp-content\/uploads\/2024\/09\/WhatsApp-Image-2024-02-28-at-08.48.57.jpeg?fit=1200%2C900&ssl=1&resize=350%2C200","width":350,"height":200,"srcset":"https:\/\/i0.wp.com\/ismaelcolosi.com.br\/wp-content\/uploads\/2024\/09\/WhatsApp-Image-2024-02-28-at-08.48.57.jpeg?fit=1200%2C900&ssl=1&resize=350%2C200 1x, https:\/\/i0.wp.com\/ismaelcolosi.com.br\/wp-content\/uploads\/2024\/09\/WhatsApp-Image-2024-02-28-at-08.48.57.jpeg?fit=1200%2C900&ssl=1&resize=525%2C300 1.5x, https:\/\/i0.wp.com\/ismaelcolosi.com.br\/wp-content\/uploads\/2024\/09\/WhatsApp-Image-2024-02-28-at-08.48.57.jpeg?fit=1200%2C900&ssl=1&resize=700%2C400 2x, https:\/\/i0.wp.com\/ismaelcolosi.com.br\/wp-content\/uploads\/2024\/09\/WhatsApp-Image-2024-02-28-at-08.48.57.jpeg?fit=1200%2C900&ssl=1&resize=1050%2C600 3x"},"classes":[]},{"id":45123,"url":"https:\/\/ismaelcolosi.com.br\/index.php\/2024\/04\/02\/veja-quando-o-frio-deve-chegar-ao-interior-de-sp\/","url_meta":{"origin":54254,"position":4},"title":"Veja quando o frio deve chegar ao interior de SP","author":"ismaelcolosi.com.br","date":"2 de April de 2024","format":false,"excerpt":"O in\u00edcio do m\u00eas de abril deve ser de calor no interior de S\u00e3o Paulo, com a temperatura m\u00e1xima prevista de 34\u00b0C na pr\u00f3xima sexta-feira (5) em Ribeir\u00e3o Preto. Contudo, o frio deve chegar ao interior paulista a partir da pr\u00f3xima semana. De acordo com a meteorologista Paola Bueno, do\u2026","rel":"","context":"In &quot;Not\u00edcias de Ribeir\u00e3o Preto-SP e Regi\u00e3o&quot;","block_context":{"text":"Not\u00edcias de Ribeir\u00e3o Preto-SP e Regi\u00e3o","link":"https:\/\/ismaelcolosi.com.br\/index.php\/category\/noticias-de-ribeirao-preto-sp-e-regiao-ismael-colosi\/"},"img":{"alt_text":"","src":"https:\/\/i0.wp.com\/ismaelcolosi.com.br\/wp-content\/uploads\/2024\/04\/AnyConv.com__frio.webp.webp?fit=1200%2C800&ssl=1&resize=350%2C200","width":350,"height":200,"srcset":"https:\/\/i0.wp.com\/ismaelcolosi.com.br\/wp-content\/uploads\/2024\/04\/AnyConv.com__frio.webp.webp?fit=1200%2C800&ssl=1&resize=350%2C200 1x, https:\/\/i0.wp.com\/ismaelcolosi.com.br\/wp-content\/uploads\/2024\/04\/AnyConv.com__frio.webp.webp?fit=1200%2C800&ssl=1&resize=525%2C300 1.5x, https:\/\/i0.wp.com\/ismaelcolosi.com.br\/wp-content\/uploads\/2024\/04\/AnyConv.com__frio.webp.webp?fit=1200%2C800&ssl=1&resize=700%2C400 2x, https:\/\/i0.wp.com\/ismaelcolosi.com.br\/wp-content\/uploads\/2024\/04\/AnyConv.com__frio.webp.webp?fit=1200%2C800&ssl=1&resize=1050%2C600 3x"},"classes":[]},{"id":55282,"url":"https:\/\/ismaelcolosi.com.br\/index.php\/2024\/07\/01\/frio-no-interior-de-sp-vai-ate-quando-confira-a-previsao\/","url_meta":{"origin":54254,"position":5},"title":"Frio no interior de SP vai at\u00e9 quando? Confira a previs\u00e3o","author":"ismaelcolosi.com.br","date":"1 de July de 2024","format":false,"excerpt":"Uma frente fria chegou ao estado de S\u00e3o Paulo no \u00faltimo final de semana e provocou mudan\u00e7as no tempo com o aumento da nebulosidade, registro de chuva em algumas regi\u00f5es e queda nas temperaturas de maneira acentuada. Entretanto, a not\u00edcia n\u00e3o \u00e9 muito boa para aqueles que gostam do frio,\u2026","rel":"","context":"In &quot;Not\u00edcias de Ribeir\u00e3o Preto-SP e Regi\u00e3o&quot;","block_context":{"text":"Not\u00edcias de Ribeir\u00e3o Preto-SP e Regi\u00e3o","link":"https:\/\/ismaelcolosi.com.br\/index.php\/category\/noticias-de-ribeirao-preto-sp-e-regiao-ismael-colosi\/"},"img":{"alt_text":"","src":"https:\/\/i0.wp.com\/ismaelcolosi.com.br\/wp-content\/uploads\/2024\/07\/frio_luva_1200x675_16042022092951.jpg?fit=1200%2C675&ssl=1&resize=350%2C200","width":350,"height":200,"srcset":"https:\/\/i0.wp.com\/ismaelcolosi.com.br\/wp-content\/uploads\/2024\/07\/frio_luva_1200x675_16042022092951.jpg?fit=1200%2C675&ssl=1&resize=350%2C200 1x, https:\/\/i0.wp.com\/ismaelcolosi.com.br\/wp-content\/uploads\/2024\/07\/frio_luva_1200x675_16042022092951.jpg?fit=1200%2C675&ssl=1&resize=525%2C300 1.5x, https:\/\/i0.wp.com\/ismaelcolosi.com.br\/wp-content\/uploads\/2024\/07\/frio_luva_1200x675_16042022092951.jpg?fit=1200%2C675&ssl=1&resize=700%2C400 2x, https:\/\/i0.wp.com\/ismaelcolosi.com.br\/wp-content\/uploads\/2024\/07\/frio_luva_1200x675_16042022092951.jpg?fit=1200%2C675&ssl=1&resize=1050%2C600 3x"},"classes":[]}],"jetpack_sharing_enabled":true,"jetpack_shortlink":"https:\/\/wp.me\/pfMlyK-e74","_links":{"self":[{"href":"https:\/\/ismaelcolosi.com.br\/index.php\/wp-json\/wp\/v2\/posts\/54254","targetHints":{"allow":["GET"]}}],"collection":[{"href":"https:\/\/ismaelcolosi.com.br\/index.php\/wp-json\/wp\/v2\/posts"}],"about":[{"href":"https:\/\/ismaelcolosi.com.br\/index.php\/wp-json\/wp\/v2\/types\/post"}],"author":[{"embeddable":true,"href":"https:\/\/ismaelcolosi.com.br\/index.php\/wp-json\/wp\/v2\/users\/1"}],"replies":[{"embeddable":true,"href":"https:\/\/ismaelcolosi.com.br\/index.php\/wp-json\/wp\/v2\/comments?post=54254"}],"version-history":[{"count":0,"href":"https:\/\/ismaelcolosi.com.br\/index.php\/wp-json\/wp\/v2\/posts\/54254\/revisions"}],"wp:featuredmedia":[{"embeddable":true,"href":"https:\/\/ismaelcolosi.com.br\/index.php\/wp-json\/wp\/v2\/media\/54255"}],"wp:attachment":[{"href":"https:\/\/ismaelcolosi.com.br\/index.php\/wp-json\/wp\/v2\/media?parent=54254"}],"wp:term":[{"taxonomy":"category","embeddable":true,"href":"https:\/\/ismaelcolosi.com.br\/index.php\/wp-json\/wp\/v2\/categories?post=54254"},{"taxonomy":"post_tag","embeddable":true,"href":"https:\/\/ismaelcolosi.com.br\/index.php\/wp-json\/wp\/v2\/tags?post=54254"}],"curies":[{"name":"wp","href":"https:\/\/api.w.org\/{rel}","templated":true}]}}