{"id":54250,"date":"2024-06-24T06:35:20","date_gmt":"2024-06-24T09:35:20","guid":{"rendered":"https:\/\/ismaelcolosi.com.br\/index.php\/2024\/06\/24\/o-mito-do-sucesso-por-que-ele-e-a-jornada-nao-o-destino\/"},"modified":"2024-06-24T06:35:20","modified_gmt":"2024-06-24T09:35:20","slug":"o-mito-do-sucesso-por-que-ele-e-a-jornada-nao-o-destino","status":"publish","type":"post","link":"https:\/\/ismaelcolosi.com.br\/index.php\/2024\/06\/24\/o-mito-do-sucesso-por-que-ele-e-a-jornada-nao-o-destino\/","title":{"rendered":"O mito do sucesso: por que ele \u00e9 a jornada, n\u00e3o o destino"},"content":{"rendered":"<p> <br \/>\n<\/p>\n<div>\n<p>\u00a0<\/p>\n<div class=\"accessibility\">\n<p>Acessibilidade<\/p>\n<p>\n<button onclick=\"alterFont1()\" id=\"btn1\" class=\"btn\">L<\/button><br \/>\n<button onclick=\"alterFont2()\" id=\"btn2\" class=\"btn\" style=\"font-family: Merriweather\">L<\/button><br \/>\n<button onclick=\"alterFontSmallerSize()\" id=\"btn3\" class=\"btn\">A-<\/button><br \/>\n<button onclick=\"alterFontBiggerSize()\" id=\"btn4\" class=\"btn\">A+<\/button><\/p>\n<p><button onclick=\"alterBackground()\" id=\"btn6\" class=\"btn\">\u25d0<\/button><\/p>\n<\/div>\n<p>H\u00e1 uma par\u00e1bola sobre um banqueiro de investimentos que encontra um pescador em uma pequena vila costeira. O banqueiro ficou impressionado com a quantidade de peixes que o pescador havia capturado, e ainda mais impressionado ao saber que ele n\u00e3o havia demorado muito para isso. Em vez de continuar pescando para pegar mais peixes, o pescador disse ao banqueiro que passaria o resto do dia bebendo vinho e tocando viol\u00e3o com seus amigos e sua fam\u00edlia.<\/p>\n<p>Isso deixou o banqueiro perplexo, que aconselhou o pescador a passar mais tempo pescando. Assim, ele poderia comprar um barco maior, depois uma frota, e eventualmente possuir toda a opera\u00e7\u00e3o, desde o processamento dos peixes at\u00e9 a distribui\u00e7\u00e3o. O pescador se mudaria para uma grande cidade, de onde comandaria seu empreendimento. Eventualmente, ele abriria o capital na bolsa e e ficaria rico. Tudo isso levaria cerca de 20 anos.<\/p>\n<p>\u201cBem, ok\u2026 e depois?\u201d, perguntou o pescador.<\/p>\n<p>\u201cEnt\u00e3o vem a melhor parte\u201d, respondeu o banqueiro. \u201cEnt\u00e3o voc\u00ea pode passar tempo com sua fam\u00edlia, beber vinho e tocar viol\u00e3o com seus amigos.\u201d<\/p>\n<p>Para os empreendedores, o sucesso muitas vezes \u00e9 definido por certos crit\u00e9rios bem conhecidos \u2013 rodadas de financiamento, crescimento da receita, IPOs, etc. Mas, como fundador de uma empresa, posso garantir que <strong>a realiza\u00e7\u00e3o n\u00e3o acontece ao atingir uma meta ou n\u00famero m\u00e1gico.<\/strong><\/p>\n<div id=\"attachment_618416\" class=\"wp-caption alignnone style=\" max-width:=\"\"><img data-recalc-dims=\"1\" fetchpriority=\"high\" decoding=\"async\" class=\"alignnone wp-image-618416 size-full\" src=\"https:\/\/i0.wp.com\/forbes.com.br\/wp-content\/uploads\/2024\/06\/Carreira_o-mito-do-sucesso-768x512.jpg?resize=678%2C452&#038;ssl=1\" http:=\"\" alt=\"Canva Images\" width=\"678\" height=\"452\" data-lazy-src=\"https:\/\/forbes.com.br\/wp-content\/uploads\/2024\/06\/Carreira_o-mito-do-sucesso-768x512.jpg\"\/><img data-recalc-dims=\"1\" fetchpriority=\"high\" decoding=\"async\" class=\"alignnone wp-image-618416 size-full\" src=\"https:\/\/i0.wp.com\/forbes.com.br\/wp-content\/uploads\/2024\/06\/Carreira_o-mito-do-sucesso-768x512.jpg?resize=678%2C452&#038;ssl=1\" alt=\"Canva Images\" width=\"678\" height=\"452\"\/><\/p>\n<p>Canva Images<\/p>\n<p class=\"wp-caption-text\">Trabalhar exaustivamente em busca de uma no\u00e7\u00e3o distante de \u201csucesso\u201d \u00e9 uma receita para o desastre<\/p>\n<\/div>\n<p>A seguir, veja como pensar sobre isso de outra forma.<\/p>\n<h3>Sucesso Vs. Satisfa\u00e7\u00e3o<\/h3>\n<p>O problema de perseguir uma s\u00e9rie intermin\u00e1vel de objetivos \u00e9 que eles nunca ser\u00e3o suficientes. A fundadora da marca Headbands of Hope, Jess Ekstrom, colocou isso muito bem para a <em>Entrepreneur<\/em>: \u201cH\u00e1 momentos em que penso que um certo objetivo tang\u00edvel, como uma apari\u00e7\u00e3o na televis\u00e3o ou um determinado n\u00famero de vendas, se traduzir\u00e1 naquela sensa\u00e7\u00e3o de sucesso, mas nunca acontece\u201d, ela escreve. \u201cEnt\u00e3o, um dia eu acordo e percebo que estou sentada em um avi\u00e3o vivendo todos os meus maiores sonhos. Mas na minha cabe\u00e7a, j\u00e1 estou pensando no pr\u00f3ximo voo.\u201d<\/p>\n<p>A <strong>persegui\u00e7\u00e3o intermin\u00e1vel \u00e9 uma receita para a infelicidade e o esgotamento<\/strong>, ambos comumente algo que aflige os empreendedores. E ent\u00e3o vem a depress\u00e3o: um estudo descobriu que impressionantes 72% dos empreendedores bem-sucedidos sofrem de ansiedade, depress\u00e3o e outros problemas de sa\u00fade mental.<\/p>\n<p>Ent\u00e3o, como sair da roda-viva do <strong>\u201cnunca \u00e9 suficiente\u201d<\/strong>? Escrevendo para a <em>Harvard Business Review<\/em>, Ron Carucci explica que nossos c\u00e9rebros s\u00e3o programados para nos recompensar quando atingimos nossos objetivos, particularmente na forma do neurotransmissor dopamina. Mas esse prazer \u00e9 de curta dura\u00e7\u00e3o, j\u00e1 que nossos c\u00e9rebros tamb\u00e9m s\u00e3o programados para alcan\u00e7ar o equil\u00edbrio a partir de estados emocionais extremos.<\/p>\n<p>\u201cIsso nos deixa com um vazio, desejando repetir qualquer experi\u00eancia que nos trouxe aquele prazer em primeiro lugar,\u201d escreve ele, acrescentando: \u201cEsse ciclo aparentemente viciante desregula completamente nossos par\u00e2metros de \u2018sufici\u00eancia\u2019, impedindo-nos de avaliar objetivamente se o que alcan\u00e7amos \u00e9, de fato, satisfat\u00f3rio.\u201d<\/p>\n<p>A boa not\u00edcia \u00e9 que esses par\u00e2metros podem ser recalibrados aprendendo a ver \u201csucesso e satisfa\u00e7\u00e3o como vari\u00e1veis independentes.\u201d <strong>Em vez de contar pontos, observe as contribui\u00e7\u00f5es que voc\u00ea fez para o bem maior, as conex\u00f5es que voc\u00ea formou e as oportunidades que voc\u00ea teve.<\/strong><\/p>\n<p>Focar na qualidade do trabalho que voc\u00ea est\u00e1 fazendo e na vida que voc\u00ea criou ser\u00e1, em \u00faltima an\u00e1lise, muito mais satisfat\u00f3rio do que perseguir um n\u00famero ef\u00eamero que sempre pode ser maior.<\/p>\n<h3>Mais trabalho n\u00e3o significa mais realiza\u00e7\u00e3o<\/h3>\n<p>Todos conhecemos o estere\u00f3tipo da agenda do fundador de startup: acordar antes dos p\u00e1ssaros cantarem, sem tomar banho, irradiando estresse, cercado por embalagens de delivery \u2013 voc\u00ea entendeu a ideia. E claro, h\u00e1 momentos em que a realidade \u00e9 assim mesmo. Quando eu estava lan\u00e7ando minha empresa, passei mais de algumas noites sem dormir, digitando at\u00e9 o sol nascer. Mas tem de ser assim o tempo todo? De jeito nenhum.<\/p>\n<p>Em um post sobre \u201copini\u00f5es impopulares\u201d no<em> Indie Hackers<\/em>, v\u00e1rios colaboradores desmentiram o<strong> mito de que o objetivo de todo empreendedor \u00e9 trabalhar at\u00e9 a exaust\u00e3o em uma busca eterna por \u201cmais.<\/strong>\u201d Mais financiamento, mais usu\u00e1rios, mais imprensa. Mas, para um n\u00famero crescente deles, \u00e9 simplesmente suficiente estar contente e confort\u00e1vel.<\/p>\n<p>Dustin Stout, da Magai, por exemplo, compartilhou sua convic\u00e7\u00e3o de que <strong>o empreendedorismo n\u00e3o precisa ser uma rotina extenuante<\/strong>. \u201cAl\u00e9m da crise ocasional, eu n\u00e3o trabalho depois do jantar e nem aos domingos. Tento manter hor\u00e1rios de trabalho saud\u00e1veis que n\u00e3o sacrificam meu tempo com a fam\u00edlia\u201d, disse ele.<\/p>\n<p>Jay Tan, da Zylvie, teve uma opini\u00e3o semelhante, escrevendo que <strong>seu neg\u00f3cio deveria servir a voc\u00ea, n\u00e3o o contr\u00e1rio<\/strong>: \u201cFa\u00e7a uma pausa e aprecie as coisas boas da vida, viaje um pouco e se dedique aos seus hobbies. A maioria dos trabalhadores independentes se mata pelo seu neg\u00f3cio e acaba miser\u00e1vel, sem equil\u00edbrio entre vida profissional e pessoal. Na minha opini\u00e3o, eles est\u00e3o completamente perdendo o objetivo do empreendedorismo.\u201d<\/p>\n<p>Essas podem ser categorizadas como \u201copini\u00f5es impopulares\u201d, mas na verdade, estou vendo essa mentalidade surgir em todos os lugares hoje em dia \u2013 e isso \u00e9 uma coisa boa. Voc\u00ea tem uma vida para viver e n\u00e3o sabe o que o amanh\u00e3 reserva. <strong>Trabalhar exaustivamente em busca de uma no\u00e7\u00e3o distante de \u201csucesso\u201d \u00e9 uma receita para o desastre<\/strong>.<\/p>\n<h3>Como sair da \u201cesteira hed\u00f4nica\u201d<\/h3>\n<p>Como qualquer trabalho, voc\u00ea n\u00e3o vai amar cada minuto de ser um empreendedor.<\/p>\n<p>Eu n\u00e3o acho que voc\u00ea precise ser apaixonado pelo seu produto, mas voc\u00ea precisa encontrar satisfa\u00e7\u00e3o no que est\u00e1 construindo. <strong>Justin Kan, cofundador da Twitch e empreendedor em s\u00e9rie<\/strong>, compartilhou em uma conversa com o <em>eCorner<\/em> de Stanford que, para ele, os momentos em que esteve mais feliz em sua carreira s\u00e3o os momentos em que alcan\u00e7ou um estado de fluxo.<\/p>\n<p>\u201cPara mim, houve momentos assim ao construir um produto ou programar \u2013 coisas que eu realmente amo fazer,\u201d disse. Para pessoas tentando descobrir por onde come\u00e7ar, Kan aconselha a olhar internamente: \u201cO que \u00e9 a coisa que te d\u00e1 alegria de fazer todos os dias? \u00c9 nisso que eu penso agora\u2026 <strong>o que eu faria se ningu\u00e9m me pagasse por isso, se ningu\u00e9m estivesse assistindo, se fosse apenas para minha pr\u00f3pria edifica\u00e7\u00e3o<\/strong>?\u201d<\/p>\n<p>Kan atingiu todos os marcos estereotipados de sucesso que existem, mas n\u00e3o estava imune a se comparar com os outros, e sentir que havia mais que ele deveria estar alcan\u00e7ando. Ele disse que se livrar disso n\u00e3o veio do fato de que ele finalmente \u201cteve sucesso.\u201d<\/p>\n<p>\u201cPassei por uma s\u00e9rie de eventos na vida onde percebi que essa \u00e9 uma \u2018esteira hed\u00f4nica\u2019, que pode durar para sempre e sempre estarei insatisfeito e talvez a felicidade n\u00e3o venha de coisas externas\u201d, explicou.<\/p>\n<p>Agora, <strong>Kan se concentra nos aspectos de sua vida que lhe trazem realiza\u00e7\u00e3o \u2013 como trabalhar com pessoas que ele gosta, em projetos que ele aprecia<\/strong>. De fora, parece que ele est\u00e1 fazendo a mesma coisa que sempre fez, mas a diferen\u00e7a est\u00e1 na sua mentalidade.<\/p>\n<ul>\n<li>\n<h4>Siga o canal da <a href=\"https:\/\/whatsapp.com\/channel\/0029Va9gQKwBFLgM96cJnu0u\" target=\"_blank\" rel=\"noopener\">Forbes<\/a> e de <a href=\"https:\/\/whatsapp.com\/channel\/0029VaAZk57JuyA9F4UwQc2I\" target=\"_blank\" rel=\"noopener\">Forbes Money<\/a> no WhatsApp e receba as principais not\u00edcias sobre neg\u00f3cios, carreira, tecnologia e estilo de vida<\/h4>\n<\/li>\n<\/ul>\n<p>N\u00e3o estou sugerindo que todo empreendedor n\u00e3o precisa ter metas, ou que sua empresa ter\u00e1 sucesso magicamente desde que voc\u00ea aproveite a jornada. O pescador, afinal, precisava pegar uma certa quantidade de peixes antes de poder ir para casa passar tempo com sua fam\u00edlia e amigos. <strong>Mas a ideia de que o sucesso sempre requer mais \u00e9 um mito<\/strong>. \u00c0s vezes, o suficiente \u00e9 suficiente.<\/p>\n<p><em>*Aytekin Tank \u00e9 colaborador da Forbes US. Especialista em automa\u00e7\u00e3o, ele \u00e9 fundador e CEO da Jotform, empresa com mais de 600 funcion\u00e1rios no mundo. Tamb\u00e9m \u00e9 autor do best-seller \u201cAutomate Your Busywork\u201d<\/em><\/p>\n<\/div>\n<p><script type=\"rocketlazyloadscript\">\n\t\t\t\t(function(d, s, id){\n\t\t\t\t\tvar js, fjs = d.getElementsByTagName(s)[0];\n\t\t\t\t\tif (d.getElementById(id)) return;\n\t\t\t\t\tjs = d.createElement(s); js.id = id;\n\t\t\t\t\tjs.src = \"\/\/connect.facebook.net\/pt_BR\/sdk.js#xfbml=1&version=v2.9\";\n\t\t\t\t\tfjs.parentNode.insertBefore(js, fjs);\n\t\t\t\t}(document, 'script', 'facebook-jssdk'));\n\t\t\t<\/script><br \/>\n<br \/><br \/>\n<br \/><a href=\"https:\/\/forbes.com.br\/carreira\/2024\/06\/o-mito-do-sucesso-por-que-ele-e-a-jornada-nao-o-destino\/\">Source link <\/a><\/p>\n<div class='code-block code-block-4' style='margin: 8px auto 8px 0; text-align: left; display: block; clear: both;'>\n\ud83d\udce2 Aviso Legal\n\nO site ismaelcolosi.com.br atua apenas como um canal de divulga\u00e7\u00e3o de oportunidades de emprego e n\u00e3o se responsabiliza pelo processo seletivo, contrata\u00e7\u00e3o ou qualquer outra etapa relacionada \u00e0s vagas publicadas. Todas as informa\u00e7\u00f5es s\u00e3o de responsabilidade dos anunciantes.\n\n\u26a0\ufe0f Aten\u00e7\u00e3o! Nunca pague por promessas de emprego nem compre cursos que garantam contrata\u00e7\u00e3o. Desconfie de qualquer cobran\u00e7a para participar de sele\u00e7\u00f5es.\n\n\n\n<\/div>\n<!-- CONTENT END 1 -->\n","protected":false},"excerpt":{"rendered":"<p>\u00a0 Acessibilidade L L A- A+ \u25d0 H\u00e1 uma par\u00e1bola sobre um banqueiro de investimentos que encontra um pescador em uma pequena vila costeira. O&#8230;<\/p>\n","protected":false},"author":1,"featured_media":54251,"comment_status":"open","ping_status":"open","sticky":false,"template":"","format":"standard","meta":{"_uag_custom_page_level_css":"","advanced_seo_description":"","jetpack_seo_html_title":"","jetpack_seo_noindex":false,"jetpack_post_was_ever_published":false,"_jetpack_newsletter_access":"","_jetpack_dont_email_post_to_subs":false,"_jetpack_newsletter_tier_id":0,"_jetpack_memberships_contains_paywalled_content":false,"_jetpack_memberships_contains_paid_content":false,"footnotes":"","jetpack_publicize_message":"","jetpack_publicize_feature_enabled":true,"jetpack_social_post_already_shared":true,"jetpack_social_options":{"image_generator_settings":{"template":"highway","default_image_id":0,"font":"","enabled":false},"version":2}},"categories":[1964],"tags":[],"class_list":["post-54250","post","type-post","status-publish","format-standard","has-post-thumbnail","hentry","category-carreira-e-sucesso-dicas-para-carreira"],"jetpack_publicize_connections":[],"jetpack_featured_media_url":"https:\/\/i0.wp.com\/ismaelcolosi.com.br\/wp-content\/uploads\/2024\/06\/Carreira_o-mito-do-sucesso-1024x683.jpg?fit=1024%2C683&ssl=1","uagb_featured_image_src":{"full":["https:\/\/i0.wp.com\/ismaelcolosi.com.br\/wp-content\/uploads\/2024\/06\/Carreira_o-mito-do-sucesso-1024x683.jpg?fit=1024%2C683&ssl=1",1024,683,false],"thumbnail":["https:\/\/i0.wp.com\/ismaelcolosi.com.br\/wp-content\/uploads\/2024\/06\/Carreira_o-mito-do-sucesso-1024x683.jpg?resize=150%2C150&ssl=1",150,150,true],"medium":["https:\/\/i0.wp.com\/ismaelcolosi.com.br\/wp-content\/uploads\/2024\/06\/Carreira_o-mito-do-sucesso-1024x683.jpg?fit=300%2C200&ssl=1",300,200,true],"medium_large":["https:\/\/i0.wp.com\/ismaelcolosi.com.br\/wp-content\/uploads\/2024\/06\/Carreira_o-mito-do-sucesso-1024x683.jpg?fit=768%2C512&ssl=1",768,512,true],"large":["https:\/\/i0.wp.com\/ismaelcolosi.com.br\/wp-content\/uploads\/2024\/06\/Carreira_o-mito-do-sucesso-1024x683.jpg?fit=1024%2C683&ssl=1",1024,683,true],"1536x1536":["https:\/\/i0.wp.com\/ismaelcolosi.com.br\/wp-content\/uploads\/2024\/06\/Carreira_o-mito-do-sucesso-1024x683.jpg?fit=1024%2C683&ssl=1",1024,683,true],"2048x2048":["https:\/\/i0.wp.com\/ismaelcolosi.com.br\/wp-content\/uploads\/2024\/06\/Carreira_o-mito-do-sucesso-1024x683.jpg?fit=1024%2C683&ssl=1",1024,683,true],"really-simple-thumb":["https:\/\/i0.wp.com\/ismaelcolosi.com.br\/wp-content\/uploads\/2024\/06\/Carreira_o-mito-do-sucesso-1024x683.jpg?resize=370%2C247&ssl=1",370,247,true]},"uagb_author_info":{"display_name":"ismaelcolosi.com.br","author_link":"https:\/\/ismaelcolosi.com.br\/index.php\/author\/vidareal-online\/"},"uagb_comment_info":0,"uagb_excerpt":"\u00a0 Acessibilidade L L A- A+ \u25d0 H\u00e1 uma par\u00e1bola sobre um banqueiro de investimentos que encontra um pescador em uma pequena vila costeira. O...","jetpack-related-posts":[{"id":900,"url":"https:\/\/ismaelcolosi.com.br\/index.php\/2023\/11\/09\/policia-ambiental-doa-peixes-apreendidos-durante-operacao-piracema\/","url_meta":{"origin":54250,"position":0},"title":"Pol\u00edcia Ambiental doa peixes apreendidos durante Opera\u00e7\u00e3o Piracema","author":"ismaelcolosi.com.br","date":"9 de November de 2023","format":false,"excerpt":"9 de novembro de 2023 | 14:259 de novembro de 2023 | 14:26 0Mais de duzentos quilos de peixes apreendidos pela Pol\u00edcia Ambiental, durante a opera\u00e7\u00e3o Piracema, foram doados para o Lar do Vov\u00f4 Albano e Casa do Vov\u00f4 em Ribeir\u00e3o Preto.Segundo a pol\u00edcia, a apreens\u00e3o dos peixes aconteceu durante\u2026","rel":"","context":"In &quot;Not\u00edcias de Ribeir\u00e3o Preto-SP e Regi\u00e3o&quot;","block_context":{"text":"Not\u00edcias de Ribeir\u00e3o Preto-SP e Regi\u00e3o","link":"https:\/\/ismaelcolosi.com.br\/index.php\/category\/noticias-de-ribeirao-preto-sp-e-regiao-ismael-colosi\/"},"img":{"alt_text":"","src":"https:\/\/i0.wp.com\/ismaelcolosi.com.br\/wp-content\/uploads\/2023\/11\/399644930_655287320006293_6305303165300624267_n-scaled.jpg?fit=1000%2C563&ssl=1&resize=350%2C200","width":350,"height":200,"srcset":"https:\/\/i0.wp.com\/ismaelcolosi.com.br\/wp-content\/uploads\/2023\/11\/399644930_655287320006293_6305303165300624267_n-scaled.jpg?fit=1000%2C563&ssl=1&resize=350%2C200 1x, https:\/\/i0.wp.com\/ismaelcolosi.com.br\/wp-content\/uploads\/2023\/11\/399644930_655287320006293_6305303165300624267_n-scaled.jpg?fit=1000%2C563&ssl=1&resize=525%2C300 1.5x, https:\/\/i0.wp.com\/ismaelcolosi.com.br\/wp-content\/uploads\/2023\/11\/399644930_655287320006293_6305303165300624267_n-scaled.jpg?fit=1000%2C563&ssl=1&resize=700%2C400 2x"},"classes":[]},{"id":20212,"url":"https:\/\/ismaelcolosi.com.br\/index.php\/2023\/12\/24\/video-flagra-momento-em-que-pecador-leva-descarga-eletrica-ao-pegar-peixe-e-cai-duro-dentro-dagua-imagens-viralizam\/","url_meta":{"origin":54250,"position":1},"title":"V\u00eddeo flagra momento em que pecador leva descarga el\u00e9trica ao pegar peixe e cai \u2018duro\u2019 dentro d\u2019\u00e1gua \u2013 Imagens viralizam","author":"ismaelcolosi.com.br","date":"24 de December de 2023","format":false,"excerpt":"O que deveria ser uma tarde comum de pesca entre amigos em um igarap\u00e9, localizado no munic\u00edpio de Iracema, que fica na regi\u00e3o sul do estado de Roraima, acabou se tornando um evento marcante, repleto de surpresas e risadas.Isso porque o pescador Jorge da Silva, de 58 anos, decidiu retirar\u2026","rel":"","context":"In &quot;Blog&quot;","block_context":{"text":"Blog","link":"https:\/\/ismaelcolosi.com.br\/index.php\/category\/blog\/"},"img":{"alt_text":"","src":"https:\/\/i0.wp.com\/ismaelcolosi.com.br\/wp-content\/uploads\/2023\/12\/postimg-6588711cf110b8104.jpg?fit=1200%2C628&ssl=1&resize=350%2C200","width":350,"height":200,"srcset":"https:\/\/i0.wp.com\/ismaelcolosi.com.br\/wp-content\/uploads\/2023\/12\/postimg-6588711cf110b8104.jpg?fit=1200%2C628&ssl=1&resize=350%2C200 1x, https:\/\/i0.wp.com\/ismaelcolosi.com.br\/wp-content\/uploads\/2023\/12\/postimg-6588711cf110b8104.jpg?fit=1200%2C628&ssl=1&resize=525%2C300 1.5x, https:\/\/i0.wp.com\/ismaelcolosi.com.br\/wp-content\/uploads\/2023\/12\/postimg-6588711cf110b8104.jpg?fit=1200%2C628&ssl=1&resize=700%2C400 2x, https:\/\/i0.wp.com\/ismaelcolosi.com.br\/wp-content\/uploads\/2023\/12\/postimg-6588711cf110b8104.jpg?fit=1200%2C628&ssl=1&resize=1050%2C600 3x"},"classes":[]},{"id":88065,"url":"https:\/\/ismaelcolosi.com.br\/index.php\/2025\/10\/28\/nao-existe-atalho-para-o-sucesso-diz-ceo-da-jhsf\/","url_meta":{"origin":54250,"position":2},"title":"\u201cN\u00e3o Existe Atalho para o Sucesso\u201d, diz CEO da JHSF","author":"ismaelcolosi.com.br","date":"28 de October de 2025","format":false,"excerpt":"\r Diego Mello\r Augusto Martins \u00e9 um dos destaques da lista Forbes Melhores CEOs do Brasil 2025\r Acessibilidade \r L\r L\r A-\r A+\r \r \u25d0\r \r O administrador de empresas Augusto Martins, que est\u00e1 na lista Forbes Melhores CEOs do Brasil 2025, enfrentou seu maior desafio profissional em novembro de\u2026","rel":"","context":"In &quot;Carreira e Sucesso&quot;","block_context":{"text":"Carreira e Sucesso","link":"https:\/\/ismaelcolosi.com.br\/index.php\/category\/carreira-e-sucesso-dicas-para-carreira\/"},"img":{"alt_text":"","src":"https:\/\/i0.wp.com\/ismaelcolosi.com.br\/wp-content\/uploads\/2025\/10\/Augusto-Martins-1200x675.jpg?fit=1200%2C675&ssl=1&resize=350%2C200","width":350,"height":200,"srcset":"https:\/\/i0.wp.com\/ismaelcolosi.com.br\/wp-content\/uploads\/2025\/10\/Augusto-Martins-1200x675.jpg?fit=1200%2C675&ssl=1&resize=350%2C200 1x, https:\/\/i0.wp.com\/ismaelcolosi.com.br\/wp-content\/uploads\/2025\/10\/Augusto-Martins-1200x675.jpg?fit=1200%2C675&ssl=1&resize=525%2C300 1.5x, https:\/\/i0.wp.com\/ismaelcolosi.com.br\/wp-content\/uploads\/2025\/10\/Augusto-Martins-1200x675.jpg?fit=1200%2C675&ssl=1&resize=700%2C400 2x, https:\/\/i0.wp.com\/ismaelcolosi.com.br\/wp-content\/uploads\/2025\/10\/Augusto-Martins-1200x675.jpg?fit=1200%2C675&ssl=1&resize=1050%2C600 3x"},"classes":[]},{"id":74423,"url":"https:\/\/ismaelcolosi.com.br\/index.php\/2024\/10\/31\/piracema-comeca-nesta-sexta-feira-tribuna-ribeirao\/","url_meta":{"origin":54250,"position":3},"title":"Piracema come\u00e7a nesta sexta-feira &#8211; Tribuna Ribeir\u00e3o","author":"ismaelcolosi.com.br","date":"31 de October de 2024","format":false,"excerpt":"Por: Adalberto Luque Come\u00e7a nesta sexta-feira, 1\u00ba de novembro, a piracema nos rios, que se estende at\u00e9 o dia 28 de fevereiro de 2025. Durante este per\u00edodo, fica terminantemente proibida a pesca e captura de peixes das esp\u00e9cies nativas. Na regi\u00e3o, a fiscaliza\u00e7\u00e3o ser\u00e1 feita pelo 4\u00ba Batalh\u00e3o de Pol\u00edcia\u2026","rel":"","context":"In &quot;Not\u00edcias de Ribeir\u00e3o Preto-SP e Regi\u00e3o&quot;","block_context":{"text":"Not\u00edcias de Ribeir\u00e3o Preto-SP e Regi\u00e3o","link":"https:\/\/ismaelcolosi.com.br\/index.php\/category\/noticias-de-ribeirao-preto-sp-e-regiao-ismael-colosi\/"},"img":{"alt_text":"","src":"https:\/\/i0.wp.com\/ismaelcolosi.com.br\/wp-content\/uploads\/2024\/10\/31out2024piracema-scaled.jpg?fit=800%2C481&ssl=1&resize=350%2C200","width":350,"height":200,"srcset":"https:\/\/i0.wp.com\/ismaelcolosi.com.br\/wp-content\/uploads\/2024\/10\/31out2024piracema-scaled.jpg?fit=800%2C481&ssl=1&resize=350%2C200 1x, https:\/\/i0.wp.com\/ismaelcolosi.com.br\/wp-content\/uploads\/2024\/10\/31out2024piracema-scaled.jpg?fit=800%2C481&ssl=1&resize=525%2C300 1.5x, https:\/\/i0.wp.com\/ismaelcolosi.com.br\/wp-content\/uploads\/2024\/10\/31out2024piracema-scaled.jpg?fit=800%2C481&ssl=1&resize=700%2C400 2x"},"classes":[]},{"id":45886,"url":"https:\/\/ismaelcolosi.com.br\/index.php\/2024\/04\/08\/pescador-morre-apos-passar-mal-e-cair-em-corrego-na-regiao-de-ribeirao-preto\/","url_meta":{"origin":54250,"position":4},"title":"Pescador morre ap\u00f3s passar mal e cair em c\u00f3rrego na regi\u00e3o de Ribeir\u00e3o Preto","author":"ismaelcolosi.com.br","date":"8 de April de 2024","format":false,"excerpt":"Um homem de 51 anos morreu na tarde do \u00faltimo s\u00e1bado (6), depois de sofrer um mal s\u00fabito e cair em um c\u00f3rrego onde pescava com um amigo, em S\u00e3o Sim\u00e3o, cidade a aproximadamente 50 quil\u00f4metros de Ribeir\u00e3o Preto. Segundo o boletim de ocorr\u00eancia (BO), a v\u00edtima, identificada como Carim\u2026","rel":"","context":"In &quot;Not\u00edcias de Ribeir\u00e3o Preto-SP e Regi\u00e3o&quot;","block_context":{"text":"Not\u00edcias de Ribeir\u00e3o Preto-SP e Regi\u00e3o","link":"https:\/\/ismaelcolosi.com.br\/index.php\/category\/noticias-de-ribeirao-preto-sp-e-regiao-ismael-colosi\/"},"img":{"alt_text":"","src":"https:\/\/i0.wp.com\/ismaelcolosi.com.br\/wp-content\/uploads\/2024\/04\/samu_ambulancia_1024x576_23072020101439.jpg?fit=1024%2C576&ssl=1&resize=350%2C200","width":350,"height":200,"srcset":"https:\/\/i0.wp.com\/ismaelcolosi.com.br\/wp-content\/uploads\/2024\/04\/samu_ambulancia_1024x576_23072020101439.jpg?fit=1024%2C576&ssl=1&resize=350%2C200 1x, https:\/\/i0.wp.com\/ismaelcolosi.com.br\/wp-content\/uploads\/2024\/04\/samu_ambulancia_1024x576_23072020101439.jpg?fit=1024%2C576&ssl=1&resize=525%2C300 1.5x, https:\/\/i0.wp.com\/ismaelcolosi.com.br\/wp-content\/uploads\/2024\/04\/samu_ambulancia_1024x576_23072020101439.jpg?fit=1024%2C576&ssl=1&resize=700%2C400 2x"},"classes":[]},{"id":87854,"url":"https:\/\/ismaelcolosi.com.br\/index.php\/2025\/10\/07\/musk-nomeia-ex-banqueiro-do-morgan-stanley-como-diretor-financeiro-da-xai\/","url_meta":{"origin":54250,"position":5},"title":"Musk Nomeia Ex-Banqueiro do Morgan Stanley Como Diretor Financeiro da xAI","author":"ismaelcolosi.com.br","date":"7 de October de 2025","format":false,"excerpt":"\r Patrick Pleul\/Pool\/Reuters\r Musk lan\u00e7ou a xAI em 2023 para desafiar o avan\u00e7o da IA das grandes empresas de tecnologia\r Acessibilidade \r L\r L\r A-\r A+\r \r \u25d0\r \r O bilion\u00e1rio Elon Musk nomeou Anthony Armstrong, ex-banqueiro do Morgan Stanley que o aconselhou na aquisi\u00e7\u00e3o do X, como novo diretor\u2026","rel":"","context":"In &quot;Carreira e Sucesso&quot;","block_context":{"text":"Carreira e Sucesso","link":"https:\/\/ismaelcolosi.com.br\/index.php\/category\/carreira-e-sucesso-dicas-para-carreira\/"},"img":{"alt_text":"","src":"https:\/\/i0.wp.com\/ismaelcolosi.com.br\/wp-content\/uploads\/2025\/10\/tech-elon-musk-23Ago23-GettyImages-min-1200x675.jpg?fit=1200%2C675&ssl=1&resize=350%2C200","width":350,"height":200,"srcset":"https:\/\/i0.wp.com\/ismaelcolosi.com.br\/wp-content\/uploads\/2025\/10\/tech-elon-musk-23Ago23-GettyImages-min-1200x675.jpg?fit=1200%2C675&ssl=1&resize=350%2C200 1x, https:\/\/i0.wp.com\/ismaelcolosi.com.br\/wp-content\/uploads\/2025\/10\/tech-elon-musk-23Ago23-GettyImages-min-1200x675.jpg?fit=1200%2C675&ssl=1&resize=525%2C300 1.5x, https:\/\/i0.wp.com\/ismaelcolosi.com.br\/wp-content\/uploads\/2025\/10\/tech-elon-musk-23Ago23-GettyImages-min-1200x675.jpg?fit=1200%2C675&ssl=1&resize=700%2C400 2x, https:\/\/i0.wp.com\/ismaelcolosi.com.br\/wp-content\/uploads\/2025\/10\/tech-elon-musk-23Ago23-GettyImages-min-1200x675.jpg?fit=1200%2C675&ssl=1&resize=1050%2C600 3x"},"classes":[]}],"jetpack_sharing_enabled":true,"jetpack_shortlink":"https:\/\/wp.me\/pfMlyK-e70","_links":{"self":[{"href":"https:\/\/ismaelcolosi.com.br\/index.php\/wp-json\/wp\/v2\/posts\/54250","targetHints":{"allow":["GET"]}}],"collection":[{"href":"https:\/\/ismaelcolosi.com.br\/index.php\/wp-json\/wp\/v2\/posts"}],"about":[{"href":"https:\/\/ismaelcolosi.com.br\/index.php\/wp-json\/wp\/v2\/types\/post"}],"author":[{"embeddable":true,"href":"https:\/\/ismaelcolosi.com.br\/index.php\/wp-json\/wp\/v2\/users\/1"}],"replies":[{"embeddable":true,"href":"https:\/\/ismaelcolosi.com.br\/index.php\/wp-json\/wp\/v2\/comments?post=54250"}],"version-history":[{"count":0,"href":"https:\/\/ismaelcolosi.com.br\/index.php\/wp-json\/wp\/v2\/posts\/54250\/revisions"}],"wp:featuredmedia":[{"embeddable":true,"href":"https:\/\/ismaelcolosi.com.br\/index.php\/wp-json\/wp\/v2\/media\/54251"}],"wp:attachment":[{"href":"https:\/\/ismaelcolosi.com.br\/index.php\/wp-json\/wp\/v2\/media?parent=54250"}],"wp:term":[{"taxonomy":"category","embeddable":true,"href":"https:\/\/ismaelcolosi.com.br\/index.php\/wp-json\/wp\/v2\/categories?post=54250"},{"taxonomy":"post_tag","embeddable":true,"href":"https:\/\/ismaelcolosi.com.br\/index.php\/wp-json\/wp\/v2\/tags?post=54250"}],"curies":[{"name":"wp","href":"https:\/\/api.w.org\/{rel}","templated":true}]}}