{"id":54034,"date":"2024-06-21T07:28:07","date_gmt":"2024-06-21T10:28:07","guid":{"rendered":"https:\/\/ismaelcolosi.com.br\/index.php\/2024\/06\/21\/como-fica-o-tempo-no-primeiro-fim-de-semana-do-inverno-confira-previsao-no-interior-de-sp\/"},"modified":"2024-06-21T07:28:07","modified_gmt":"2024-06-21T10:28:07","slug":"como-fica-o-tempo-no-primeiro-fim-de-semana-do-inverno-confira-previsao-no-interior-de-sp","status":"publish","type":"post","link":"https:\/\/ismaelcolosi.com.br\/index.php\/2024\/06\/21\/como-fica-o-tempo-no-primeiro-fim-de-semana-do-inverno-confira-previsao-no-interior-de-sp\/","title":{"rendered":"Como fica o tempo no primeiro fim de semana do inverno? Confira previs\u00e3o no interior de SP"},"content":{"rendered":"<p> <br \/>\n<\/p>\n<div data-td-block-uid=\"tdi_106\">\n<div class=\"tdb-block-inner td-fix-index\">\n<p><strong>O inverno come\u00e7ou na tarde desta quinta-feira (20), mas as temperaturas ainda devem continuar altas \u00e0 tarde no interior de S\u00e3o Paulo.<\/strong><\/p>\n<p>Segundo a Climatempo, as quedas mais bruscas de temperatura na regi\u00e3o Sudeste s\u00e3o esperadas somente para o fim da esta\u00e7\u00e3o, em agosto e setembro, quando a frequ\u00eancia de passagem de massas de ar frio ser\u00e1 maior.<\/p>\n<p>A meteorologia indica que o inverno de 2024 ser\u00e1 com temperaturas acima da m\u00e9dia em praticamente todo o pa\u00eds.<\/p>\n<h4 class=\"wp-block-heading\"><strong>Fim de semana<\/strong><\/h4>\n<p>O sol predomina entre poucas nuvens nesta sexta-feira (21), em Ribeir\u00e3o Preto.<\/p>\n<p>\u201cO grande sistema de alta press\u00e3o atmosf\u00e9rica que continua sobre o interior do pa\u00eds deixa o ar muito seco e impede que chova na maior parte do Brasil. A falta de chuva e o ar parado dificultam\u00a0 deixam o ar mais polu\u00eddo no Sudeste\u201d<\/p>\n<p>A eleva\u00e7\u00e3o das temperaturas \u00e9 r\u00e1pida e a umidade relativa do ar pode ficar abaixo dos 20% em Ribeir\u00e3o.<\/p>\n<p>Como o amanhecer tem temperaturas mais amenas, a diferen\u00e7a entre a m\u00e1xima e a m\u00ednima, chamada de amplitude t\u00e9rmica, pode passar de 15\u00b0C na cidade.<\/p>\n<h4 class=\"wp-block-heading\"><strong>Quando ter\u00e1 chuva?<\/strong><\/h4>\n<p>A Climatempo diz que o inverno de 2024 ter\u00e1 predom\u00ednio de tempo seco, sem chuva na maior parte do pa\u00eds.<\/p>\n<p>S\u00e3o esperados eventos de chuva intensa em agosto e em setembro no litoral do Sul e do Sudeste.\u00a0<\/p>\n<p><!-- AI CONTENT END 3 -->\n<\/div>\n<\/div>\n<p><br \/>\n<br \/><a href=\"https:\/\/www.acidadeon.com\/ribeiraopreto\/cotidiano\/como-fica-o-tempo-no-primeiro-fim-de-semana-do-inverno-confira-previsao-no-interior-de-sp\/\">Source link <\/a><\/p>\n<div class='code-block code-block-4' style='margin: 8px auto 8px 0; text-align: left; display: block; clear: both;'>\n\ud83d\udce2 Aviso Legal\n\nO site ismaelcolosi.com.br atua apenas como um canal de divulga\u00e7\u00e3o de oportunidades de emprego e n\u00e3o se responsabiliza pelo processo seletivo, contrata\u00e7\u00e3o ou qualquer outra etapa relacionada \u00e0s vagas publicadas. Todas as informa\u00e7\u00f5es s\u00e3o de responsabilidade dos anunciantes.\n\n\u26a0\ufe0f Aten\u00e7\u00e3o! Nunca pague por promessas de emprego nem compre cursos que garantam contrata\u00e7\u00e3o. Desconfie de qualquer cobran\u00e7a para participar de sele\u00e7\u00f5es.\n\n\n\n<\/div>\n<!-- CONTENT END 1 -->\n","protected":false},"excerpt":{"rendered":"<p>O inverno come\u00e7ou na tarde desta quinta-feira (20), mas as temperaturas ainda devem continuar altas \u00e0 tarde no interior de S\u00e3o Paulo. Segundo a Climatempo,&#8230;<\/p>\n","protected":false},"author":1,"featured_media":54035,"comment_status":"open","ping_status":"open","sticky":false,"template":"","format":"standard","meta":{"_uag_custom_page_level_css":"","advanced_seo_description":"","jetpack_seo_html_title":"","jetpack_seo_noindex":false,"jetpack_post_was_ever_published":false,"_jetpack_newsletter_access":"","_jetpack_dont_email_post_to_subs":false,"_jetpack_newsletter_tier_id":0,"_jetpack_memberships_contains_paywalled_content":false,"_jetpack_memberships_contains_paid_content":false,"footnotes":"","jetpack_publicize_message":"","jetpack_publicize_feature_enabled":true,"jetpack_social_post_already_shared":true,"jetpack_social_options":{"image_generator_settings":{"template":"highway","default_image_id":0,"font":"","enabled":false},"version":2}},"categories":[11],"tags":[],"class_list":["post-54034","post","type-post","status-publish","format-standard","has-post-thumbnail","hentry","category-noticias-de-ribeirao-preto-sp-e-regiao-ismael-colosi"],"jetpack_publicize_connections":[],"jetpack_featured_media_url":"https:\/\/i0.wp.com\/ismaelcolosi.com.br\/wp-content\/uploads\/2024\/06\/WhatsApp-Image-2023-09-14-at-09.35.50.jpeg?fit=1600%2C900&ssl=1","uagb_featured_image_src":{"full":["https:\/\/i0.wp.com\/ismaelcolosi.com.br\/wp-content\/uploads\/2024\/06\/WhatsApp-Image-2023-09-14-at-09.35.50.jpeg?fit=1600%2C900&ssl=1",1600,900,false],"thumbnail":["https:\/\/i0.wp.com\/ismaelcolosi.com.br\/wp-content\/uploads\/2024\/06\/WhatsApp-Image-2023-09-14-at-09.35.50.jpeg?resize=150%2C150&ssl=1",150,150,true],"medium":["https:\/\/i0.wp.com\/ismaelcolosi.com.br\/wp-content\/uploads\/2024\/06\/WhatsApp-Image-2023-09-14-at-09.35.50.jpeg?fit=300%2C169&ssl=1",300,169,true],"medium_large":["https:\/\/i0.wp.com\/ismaelcolosi.com.br\/wp-content\/uploads\/2024\/06\/WhatsApp-Image-2023-09-14-at-09.35.50.jpeg?fit=768%2C432&ssl=1",768,432,true],"large":["https:\/\/i0.wp.com\/ismaelcolosi.com.br\/wp-content\/uploads\/2024\/06\/WhatsApp-Image-2023-09-14-at-09.35.50.jpeg?fit=1024%2C576&ssl=1",1024,576,true],"1536x1536":["https:\/\/i0.wp.com\/ismaelcolosi.com.br\/wp-content\/uploads\/2024\/06\/WhatsApp-Image-2023-09-14-at-09.35.50.jpeg?fit=1536%2C864&ssl=1",1536,864,true],"2048x2048":["https:\/\/i0.wp.com\/ismaelcolosi.com.br\/wp-content\/uploads\/2024\/06\/WhatsApp-Image-2023-09-14-at-09.35.50.jpeg?fit=1600%2C900&ssl=1",1600,900,true],"really-simple-thumb":["https:\/\/i0.wp.com\/ismaelcolosi.com.br\/wp-content\/uploads\/2024\/06\/WhatsApp-Image-2023-09-14-at-09.35.50.jpeg?resize=370%2C247&ssl=1",370,247,true]},"uagb_author_info":{"display_name":"ismaelcolosi.com.br","author_link":"https:\/\/ismaelcolosi.com.br\/index.php\/author\/vidareal-online\/"},"uagb_comment_info":0,"uagb_excerpt":"O inverno come\u00e7ou na tarde desta quinta-feira (20), mas as temperaturas ainda devem continuar altas \u00e0 tarde no interior de S\u00e3o Paulo. Segundo a Climatempo,...","jetpack-related-posts":[{"id":54254,"url":"https:\/\/ismaelcolosi.com.br\/index.php\/2024\/06\/24\/tres-massas-de-ar-frio-sao-previstas-no-inicio-do-inverno-veja-as-temperaturas-no-interior-de-sp\/","url_meta":{"origin":54034,"position":0},"title":"Tr\u00eas massas de ar frio s\u00e3o previstas no in\u00edcio do inverno; Veja as temperaturas no interior de SP","author":"ismaelcolosi.com.br","date":"24 de June de 2024","format":false,"excerpt":"O in\u00edcio do inverno pode ser marcado pelo avan\u00e7o de tr\u00eas massas de ar frio em sequ\u00eancia nesta semana. Segundo a Meteored, a primeira delas pode levar chuvas e refresco ao Leste do estado de S\u00e3o Paulo j\u00e1 nesta ter\u00e7a-feira (25). Ainda conforme a Meteored, a partir de quarta-feira (26),\u2026","rel":"","context":"In &quot;Not\u00edcias de Ribeir\u00e3o Preto-SP e Regi\u00e3o&quot;","block_context":{"text":"Not\u00edcias de Ribeir\u00e3o Preto-SP e Regi\u00e3o","link":"https:\/\/ismaelcolosi.com.br\/index.php\/category\/noticias-de-ribeirao-preto-sp-e-regiao-ismael-colosi\/"},"img":{"alt_text":"","src":"https:\/\/i0.wp.com\/ismaelcolosi.com.br\/wp-content\/uploads\/2024\/06\/frio_blusa_1200x675_20052022064557.jpg?fit=1200%2C675&ssl=1&resize=350%2C200","width":350,"height":200,"srcset":"https:\/\/i0.wp.com\/ismaelcolosi.com.br\/wp-content\/uploads\/2024\/06\/frio_blusa_1200x675_20052022064557.jpg?fit=1200%2C675&ssl=1&resize=350%2C200 1x, https:\/\/i0.wp.com\/ismaelcolosi.com.br\/wp-content\/uploads\/2024\/06\/frio_blusa_1200x675_20052022064557.jpg?fit=1200%2C675&ssl=1&resize=525%2C300 1.5x, https:\/\/i0.wp.com\/ismaelcolosi.com.br\/wp-content\/uploads\/2024\/06\/frio_blusa_1200x675_20052022064557.jpg?fit=1200%2C675&ssl=1&resize=700%2C400 2x, https:\/\/i0.wp.com\/ismaelcolosi.com.br\/wp-content\/uploads\/2024\/06\/frio_blusa_1200x675_20052022064557.jpg?fit=1200%2C675&ssl=1&resize=1050%2C600 3x"},"classes":[]},{"id":53844,"url":"https:\/\/ismaelcolosi.com.br\/index.php\/2024\/06\/19\/as-vesperas-do-inverno-interior-de-sp-tem-novo-alerta-de-perigo-potencial\/","url_meta":{"origin":54034,"position":1},"title":"\u00c0s v\u00e9speras do inverno, interior de SP tem novo alerta de perigo potencial","author":"ismaelcolosi.com.br","date":"19 de June de 2024","format":false,"excerpt":"O inverno come\u00e7a astronomicamente, nesta quinta-feira (20), \u00e0s 17h51, pelo hor\u00e1rio de Bras\u00edlia e a esta\u00e7\u00e3o ser\u00e1 marcada pelo tempo seco no interior de S\u00e3o Paulo, de acordo com a Climatempo. Por conta desse cen\u00e1rio, o Instituto Nacional de Meteorologia (Inmet) emitiu um novo comunicado informando que grande parte do\u2026","rel":"","context":"In &quot;Not\u00edcias de Ribeir\u00e3o Preto-SP e Regi\u00e3o&quot;","block_context":{"text":"Not\u00edcias de Ribeir\u00e3o Preto-SP e Regi\u00e3o","link":"https:\/\/ismaelcolosi.com.br\/index.php\/category\/noticias-de-ribeirao-preto-sp-e-regiao-ismael-colosi\/"},"img":{"alt_text":"","src":"https:\/\/i0.wp.com\/ismaelcolosi.com.br\/wp-content\/uploads\/2024\/06\/frio_ribeirao_1024x576_30062021063120.jpg?fit=1024%2C576&ssl=1&resize=350%2C200","width":350,"height":200,"srcset":"https:\/\/i0.wp.com\/ismaelcolosi.com.br\/wp-content\/uploads\/2024\/06\/frio_ribeirao_1024x576_30062021063120.jpg?fit=1024%2C576&ssl=1&resize=350%2C200 1x, https:\/\/i0.wp.com\/ismaelcolosi.com.br\/wp-content\/uploads\/2024\/06\/frio_ribeirao_1024x576_30062021063120.jpg?fit=1024%2C576&ssl=1&resize=525%2C300 1.5x, https:\/\/i0.wp.com\/ismaelcolosi.com.br\/wp-content\/uploads\/2024\/06\/frio_ribeirao_1024x576_30062021063120.jpg?fit=1024%2C576&ssl=1&resize=700%2C400 2x"},"classes":[]},{"id":57113,"url":"https:\/\/ismaelcolosi.com.br\/index.php\/2024\/07\/18\/bloqueio-atmosferico-impede-chegada-de-frentes-frias-ao-interior-de-sp-veja-ate-quando\/","url_meta":{"origin":54034,"position":2},"title":"Bloqueio atmosf\u00e9rico impede chegada de frentes frias ao interior de SP; Veja at\u00e9 quando","author":"ismaelcolosi.com.br","date":"18 de July de 2024","format":false,"excerpt":"O interior de S\u00e3o Paulo est\u00e1 sob influ\u00eancia de um bloqueio atmosf\u00e9rico, que barra as frentes frias capazes de trazer chuva para a regi\u00e3o. Nos pr\u00f3ximos dias o sol e o tempo seco devem fazer as temperaturas m\u00e1ximas aumentarem \u00e0 tarde. A Climatempo diz que o veranico come\u00e7a nesta quinta-feira\u2026","rel":"","context":"In &quot;Not\u00edcias de Ribeir\u00e3o Preto-SP e Regi\u00e3o&quot;","block_context":{"text":"Not\u00edcias de Ribeir\u00e3o Preto-SP e Regi\u00e3o","link":"https:\/\/ismaelcolosi.com.br\/index.php\/category\/noticias-de-ribeirao-preto-sp-e-regiao-ismael-colosi\/"},"img":{"alt_text":"","src":"https:\/\/i0.wp.com\/ismaelcolosi.com.br\/wp-content\/uploads\/2024\/07\/WhatsApp-Image-2024-07-03-at-07.08.43_2024-07-03_10-10-21_jpeg_2024-07-03_10-10-21.webp.webp?fit=1200%2C1001&ssl=1&resize=350%2C200","width":350,"height":200,"srcset":"https:\/\/i0.wp.com\/ismaelcolosi.com.br\/wp-content\/uploads\/2024\/07\/WhatsApp-Image-2024-07-03-at-07.08.43_2024-07-03_10-10-21_jpeg_2024-07-03_10-10-21.webp.webp?fit=1200%2C1001&ssl=1&resize=350%2C200 1x, https:\/\/i0.wp.com\/ismaelcolosi.com.br\/wp-content\/uploads\/2024\/07\/WhatsApp-Image-2024-07-03-at-07.08.43_2024-07-03_10-10-21_jpeg_2024-07-03_10-10-21.webp.webp?fit=1200%2C1001&ssl=1&resize=525%2C300 1.5x, https:\/\/i0.wp.com\/ismaelcolosi.com.br\/wp-content\/uploads\/2024\/07\/WhatsApp-Image-2024-07-03-at-07.08.43_2024-07-03_10-10-21_jpeg_2024-07-03_10-10-21.webp.webp?fit=1200%2C1001&ssl=1&resize=700%2C400 2x, https:\/\/i0.wp.com\/ismaelcolosi.com.br\/wp-content\/uploads\/2024\/07\/WhatsApp-Image-2024-07-03-at-07.08.43_2024-07-03_10-10-21_jpeg_2024-07-03_10-10-21.webp.webp?fit=1200%2C1001&ssl=1&resize=1050%2C600 3x"},"classes":[]},{"id":53455,"url":"https:\/\/ismaelcolosi.com.br\/index.php\/2024\/06\/17\/inverno-comeca-nesta-semana-veja-se-vem-chuva-e-frio-para-o-interior-de-sp\/","url_meta":{"origin":54034,"position":3},"title":"Inverno come\u00e7a nesta semana; Veja se vem chuva e frio para o interior de SP","author":"ismaelcolosi.com.br","date":"17 de June de 2024","format":false,"excerpt":"O inverno 2024 come\u00e7a astronomicamente\u00a0na pr\u00f3xima quinta-feira (20), \u00e0s 17h51 pelo hor\u00e1rio de\u00a0Bras\u00edlia, quando haver\u00e1 o solst\u00edcio de inverno. A Climatempo diz que a forma\u00e7\u00e3o e a intensifica\u00e7\u00e3o gradual do La Ni\u00f1a \u2013 fen\u00f4meno caracterizado pelo resfriamento das \u00e1guas superficiais de partes central e leste do Oceano Pac\u00edfico Equatorial\u00a0\u2013 ter\u00e1\u2026","rel":"","context":"In &quot;Not\u00edcias de Ribeir\u00e3o Preto-SP e Regi\u00e3o&quot;","block_context":{"text":"Not\u00edcias de Ribeir\u00e3o Preto-SP e Regi\u00e3o","link":"https:\/\/ismaelcolosi.com.br\/index.php\/category\/noticias-de-ribeirao-preto-sp-e-regiao-ismael-colosi\/"},"img":{"alt_text":"","src":"https:\/\/i0.wp.com\/ismaelcolosi.com.br\/wp-content\/uploads\/2024\/06\/WhatsApp-Image-2024-06-17-at-08.43.59_2024-06-17_11-44-22_jpeg_2024-06-17_11-44-23.webp.webp?fit=1200%2C1107&ssl=1&resize=350%2C200","width":350,"height":200,"srcset":"https:\/\/i0.wp.com\/ismaelcolosi.com.br\/wp-content\/uploads\/2024\/06\/WhatsApp-Image-2024-06-17-at-08.43.59_2024-06-17_11-44-22_jpeg_2024-06-17_11-44-23.webp.webp?fit=1200%2C1107&ssl=1&resize=350%2C200 1x, https:\/\/i0.wp.com\/ismaelcolosi.com.br\/wp-content\/uploads\/2024\/06\/WhatsApp-Image-2024-06-17-at-08.43.59_2024-06-17_11-44-22_jpeg_2024-06-17_11-44-23.webp.webp?fit=1200%2C1107&ssl=1&resize=525%2C300 1.5x, https:\/\/i0.wp.com\/ismaelcolosi.com.br\/wp-content\/uploads\/2024\/06\/WhatsApp-Image-2024-06-17-at-08.43.59_2024-06-17_11-44-22_jpeg_2024-06-17_11-44-23.webp.webp?fit=1200%2C1107&ssl=1&resize=700%2C400 2x, https:\/\/i0.wp.com\/ismaelcolosi.com.br\/wp-content\/uploads\/2024\/06\/WhatsApp-Image-2024-06-17-at-08.43.59_2024-06-17_11-44-22_jpeg_2024-06-17_11-44-23.webp.webp?fit=1200%2C1107&ssl=1&resize=1050%2C600 3x"},"classes":[]},{"id":53901,"url":"https:\/\/ismaelcolosi.com.br\/index.php\/2024\/06\/20\/solsticio-entenda-o-fenomeno-que-marca-inicio-do-inverno-nesta-quinta\/","url_meta":{"origin":54034,"position":4},"title":"Solst\u00edcio: Entenda o fen\u00f4meno que marca in\u00edcio do inverno nesta quinta","author":"ismaelcolosi.com.br","date":"20 de June de 2024","format":false,"excerpt":"O solst\u00edcio de inverno \u00e9 o in\u00edcio astron\u00f4mico da esta\u00e7\u00e3o, que ocorre nesta quinta-feira (20), \u00e0s 17h51, pelo hor\u00e1rio de Bras\u00edlia. Segundo a Climatempo, o solst\u00edcio \u00e9 um momento e tem dia, m\u00eas, hora e segundos determinados por c\u00e1lculos astron\u00f4micos. \u201cSe imaginarmos o movimento aparente do Sol no horizonte, o\u2026","rel":"","context":"In &quot;Not\u00edcias de Ribeir\u00e3o Preto-SP e Regi\u00e3o&quot;","block_context":{"text":"Not\u00edcias de Ribeir\u00e3o Preto-SP e Regi\u00e3o","link":"https:\/\/ismaelcolosi.com.br\/index.php\/category\/noticias-de-ribeirao-preto-sp-e-regiao-ismael-colosi\/"},"img":{"alt_text":"","src":"https:\/\/i0.wp.com\/ismaelcolosi.com.br\/wp-content\/uploads\/2024\/06\/1718892613_WhatsApp-Image-2024-03-11-at-12.29.24-1.jpeg?fit=1200%2C804&ssl=1&resize=350%2C200","width":350,"height":200,"srcset":"https:\/\/i0.wp.com\/ismaelcolosi.com.br\/wp-content\/uploads\/2024\/06\/1718892613_WhatsApp-Image-2024-03-11-at-12.29.24-1.jpeg?fit=1200%2C804&ssl=1&resize=350%2C200 1x, https:\/\/i0.wp.com\/ismaelcolosi.com.br\/wp-content\/uploads\/2024\/06\/1718892613_WhatsApp-Image-2024-03-11-at-12.29.24-1.jpeg?fit=1200%2C804&ssl=1&resize=525%2C300 1.5x, https:\/\/i0.wp.com\/ismaelcolosi.com.br\/wp-content\/uploads\/2024\/06\/1718892613_WhatsApp-Image-2024-03-11-at-12.29.24-1.jpeg?fit=1200%2C804&ssl=1&resize=700%2C400 2x, https:\/\/i0.wp.com\/ismaelcolosi.com.br\/wp-content\/uploads\/2024\/06\/1718892613_WhatsApp-Image-2024-03-11-at-12.29.24-1.jpeg?fit=1200%2C804&ssl=1&resize=1050%2C600 3x"},"classes":[]},{"id":53907,"url":"https:\/\/ismaelcolosi.com.br\/index.php\/2024\/06\/20\/solsticio-entenda-o-fenomeno-que-marca-inicio-do-inverno-nesta-quinta-2\/","url_meta":{"origin":54034,"position":5},"title":"Solst\u00edcio: Entenda o fen\u00f4meno que marca in\u00edcio do inverno nesta quinta","author":"ismaelcolosi.com.br","date":"20 de June de 2024","format":false,"excerpt":"O solst\u00edcio de inverno \u00e9 o in\u00edcio astron\u00f4mico da esta\u00e7\u00e3o, que ocorre nesta quinta-feira (20), \u00e0s 17h51, pelo hor\u00e1rio de Bras\u00edlia. Segundo a Climatempo, o solst\u00edcio \u00e9 um momento e tem dia, m\u00eas, hora e segundos determinados por c\u00e1lculos astron\u00f4micos. \u201cSe imaginarmos o movimento aparente do Sol no horizonte, o\u2026","rel":"","context":"In &quot;Not\u00edcias de Ribeir\u00e3o Preto-SP e Regi\u00e3o&quot;","block_context":{"text":"Not\u00edcias de Ribeir\u00e3o Preto-SP e Regi\u00e3o","link":"https:\/\/ismaelcolosi.com.br\/index.php\/category\/noticias-de-ribeirao-preto-sp-e-regiao-ismael-colosi\/"},"img":{"alt_text":"","src":"https:\/\/i0.wp.com\/ismaelcolosi.com.br\/wp-content\/uploads\/2024\/06\/1718893408_WhatsApp-Image-2024-03-11-at-12.29.24-1.jpeg?fit=1200%2C804&ssl=1&resize=350%2C200","width":350,"height":200,"srcset":"https:\/\/i0.wp.com\/ismaelcolosi.com.br\/wp-content\/uploads\/2024\/06\/1718893408_WhatsApp-Image-2024-03-11-at-12.29.24-1.jpeg?fit=1200%2C804&ssl=1&resize=350%2C200 1x, https:\/\/i0.wp.com\/ismaelcolosi.com.br\/wp-content\/uploads\/2024\/06\/1718893408_WhatsApp-Image-2024-03-11-at-12.29.24-1.jpeg?fit=1200%2C804&ssl=1&resize=525%2C300 1.5x, https:\/\/i0.wp.com\/ismaelcolosi.com.br\/wp-content\/uploads\/2024\/06\/1718893408_WhatsApp-Image-2024-03-11-at-12.29.24-1.jpeg?fit=1200%2C804&ssl=1&resize=700%2C400 2x, https:\/\/i0.wp.com\/ismaelcolosi.com.br\/wp-content\/uploads\/2024\/06\/1718893408_WhatsApp-Image-2024-03-11-at-12.29.24-1.jpeg?fit=1200%2C804&ssl=1&resize=1050%2C600 3x"},"classes":[]}],"jetpack_sharing_enabled":true,"jetpack_shortlink":"https:\/\/wp.me\/pfMlyK-e3w","_links":{"self":[{"href":"https:\/\/ismaelcolosi.com.br\/index.php\/wp-json\/wp\/v2\/posts\/54034","targetHints":{"allow":["GET"]}}],"collection":[{"href":"https:\/\/ismaelcolosi.com.br\/index.php\/wp-json\/wp\/v2\/posts"}],"about":[{"href":"https:\/\/ismaelcolosi.com.br\/index.php\/wp-json\/wp\/v2\/types\/post"}],"author":[{"embeddable":true,"href":"https:\/\/ismaelcolosi.com.br\/index.php\/wp-json\/wp\/v2\/users\/1"}],"replies":[{"embeddable":true,"href":"https:\/\/ismaelcolosi.com.br\/index.php\/wp-json\/wp\/v2\/comments?post=54034"}],"version-history":[{"count":0,"href":"https:\/\/ismaelcolosi.com.br\/index.php\/wp-json\/wp\/v2\/posts\/54034\/revisions"}],"wp:featuredmedia":[{"embeddable":true,"href":"https:\/\/ismaelcolosi.com.br\/index.php\/wp-json\/wp\/v2\/media\/54035"}],"wp:attachment":[{"href":"https:\/\/ismaelcolosi.com.br\/index.php\/wp-json\/wp\/v2\/media?parent=54034"}],"wp:term":[{"taxonomy":"category","embeddable":true,"href":"https:\/\/ismaelcolosi.com.br\/index.php\/wp-json\/wp\/v2\/categories?post=54034"},{"taxonomy":"post_tag","embeddable":true,"href":"https:\/\/ismaelcolosi.com.br\/index.php\/wp-json\/wp\/v2\/tags?post=54034"}],"curies":[{"name":"wp","href":"https:\/\/api.w.org\/{rel}","templated":true}]}}