{"id":53949,"date":"2024-06-20T13:40:20","date_gmt":"2024-06-20T16:40:20","guid":{"rendered":"https:\/\/ismaelcolosi.com.br\/index.php\/2024\/06\/20\/relembre-os-maiores-sucessos-do-cantor-chrystian-que-fez-dupla-com-ralf\/"},"modified":"2024-06-20T13:40:20","modified_gmt":"2024-06-20T16:40:20","slug":"relembre-os-maiores-sucessos-do-cantor-chrystian-que-fez-dupla-com-ralf","status":"publish","type":"post","link":"https:\/\/ismaelcolosi.com.br\/index.php\/2024\/06\/20\/relembre-os-maiores-sucessos-do-cantor-chrystian-que-fez-dupla-com-ralf\/","title":{"rendered":"Relembre os maiores sucessos do cantor Chrystian, que fez dupla com Ralf"},"content":{"rendered":"<p> <br \/>\n<\/p>\n<p>O cantor sertanejo <strong><strong>Chrystian<\/strong><\/strong>, que formou dupla com seu irm\u00e3o <strong>Ralf<\/strong>, <strong>morreu <\/strong>nesta<strong> quarta-feira (19)<\/strong>, aos <strong>67<\/strong> <strong>anos<\/strong>. Ele estava internado em um hospital de <strong>S\u00e3o Paulo<\/strong>. O artista iniciou sua carreira ainda na inf\u00e2ncia e somava<strong> 60 anos na m\u00fasica<\/strong>. <\/p>\n<p><strong>Chrystian<\/strong> foi um dos representantes do sertanejo no <strong>Brasil<\/strong> e deixou um legado com <strong>50 obras musicais<\/strong> e <strong>461 grava\u00e7\u00f5es<\/strong>. O cantor come\u00e7ou sua carreira sozinho e depois formou dupla com o irm\u00e3o, com quem esteve por <strong>16 anos<\/strong>, at\u00e9 anunciarem uma pausa nos anos <strong>2000 <\/strong>e retornarem logo em seguida. A dupla, por\u00e9m, teve o fim definitivo em <strong>2021<\/strong>.<\/p>\n<p>Veja os maiores sucessos do cantor, segundo o <strong>Ecad (Escrit\u00f3rio Central de Arrecada\u00e7\u00e3o e Distribui\u00e7\u00e3o)<\/strong>:<\/p>\n<ol type=\"1\">\n<li><strong>Nova York \u2013 Chrystian &amp; Ralf<\/strong><\/li>\n<\/ol>\n<figure class=\"wp-block-embed is-type-video is-provider-youtube wp-block-embed-youtube wp-embed-aspect-4-3 wp-has-aspect-ratio\">\n<div class=\"wp-block-embed__wrapper\">\n<div class=\"youtube-embed\" data-video_id=\"GRC5tW2b0yQ\"><\/div>\n<\/div>\n<\/figure>\n<p><strong>2. Saudade \u2013 Chrystian &amp; Ralf<\/strong><\/p>\n<figure class=\"wp-block-embed is-type-video is-provider-youtube wp-block-embed-youtube wp-embed-aspect-16-9 wp-has-aspect-ratio\">\n<div class=\"wp-block-embed__wrapper\">\n<div class=\"youtube-embed\" data-video_id=\"Q4-4Cjyt4OY\"><\/div>\n<\/div>\n<\/figure>\n<p><strong>3. Tarde Demais \u2013 Chrystian e Maria Cecilia e Rodolfo <\/strong><\/p>\n<figure class=\"wp-block-embed is-type-video is-provider-youtube wp-block-embed-youtube wp-embed-aspect-16-9 wp-has-aspect-ratio\">\n<div class=\"wp-block-embed__wrapper\">\n<div class=\"youtube-embed\" data-video_id=\"ZT9AdrReCGE\"><\/div>\n<\/div>\n<\/figure>\n<p><strong>4. Chora Peito \u2013 Chrystian &amp; Ralf<\/strong><\/p>\n<figure class=\"wp-block-embed is-type-video is-provider-youtube wp-block-embed-youtube wp-embed-aspect-4-3 wp-has-aspect-ratio\">\n<div class=\"wp-block-embed__wrapper\">\n<div class=\"youtube-embed\" data-video_id=\"eUxw9PSKLlw\"><\/div>\n<\/div>\n<\/figure>\n<p><strong>5. Aus\u00eancia \u2013 Chrystian &amp; Ralf<\/strong><\/p>\n<figure class=\"wp-block-embed is-type-video is-provider-youtube wp-block-embed-youtube wp-embed-aspect-4-3 wp-has-aspect-ratio\">\n<div class=\"wp-block-embed__wrapper\">\n<div class=\"youtube-embed\" data-video_id=\"MDcTrRQ4Iko\"><\/div>\n<\/div>\n<\/figure>\n<p><strong>6. Desejo de Amar \u2013 Chrystian &amp; Ralf<\/strong><\/p>\n<figure class=\"wp-block-embed is-type-video is-provider-youtube wp-block-embed-youtube wp-embed-aspect-16-9 wp-has-aspect-ratio\">\n<div class=\"wp-block-embed__wrapper\">\n<div class=\"youtube-embed\" data-video_id=\"Zuhjmoj_kmE\"><\/div>\n<\/div>\n<\/figure>\n<p><strong>7. Noite de Tortura \u2013 Chrystian e Ralf<\/strong><\/p>\n<figure class=\"wp-block-embed is-type-video is-provider-youtube wp-block-embed-youtube wp-embed-aspect-4-3 wp-has-aspect-ratio\">\n<div class=\"wp-block-embed__wrapper\">\n<div class=\"youtube-embed\" data-video_id=\"ola3avD8A_k\"><\/div>\n<\/div>\n<\/figure>\n<p><strong>8. Oito Segundos \u2013 Chrystian &amp; Ralf<\/strong><\/p>\n<figure class=\"wp-block-embed is-type-video is-provider-youtube wp-block-embed-youtube wp-embed-aspect-16-9 wp-has-aspect-ratio\">\n<div class=\"wp-block-embed__wrapper\">\n<div class=\"youtube-embed\" data-video_id=\"QTv8H5c5D1c\"><\/div>\n<\/div>\n<\/figure>\n<p><strong>10. Dez Minutos \u2013 Chrystian &amp; Ralf<\/strong><\/p>\n<figure class=\"wp-block-embed is-type-video is-provider-youtube wp-block-embed-youtube wp-embed-aspect-4-3 wp-has-aspect-ratio\">\n<div class=\"wp-block-embed__wrapper\">\n<div class=\"youtube-embed\" data-video_id=\"DUFk_lMH6yc\"><\/div>\n<\/div>\n<\/figure>\n<p>SAIBA MAIS<br \/>\u2018Divertida Mente 2\u2019 est\u00e1 entre os lan\u00e7amentos desta semana nos cinemas de Ribeir\u00e3o; Veja as novidades<\/p>\n<h4 class=\"wp-block-heading\"><strong>FIQUE ON<\/strong><\/h4>\n<p>Fique ligado em tudo que acontece em Ribeir\u00e3o Preto e regi\u00e3o. Siga os perfis do <strong>acidade on <\/strong>no <a href=\"https:\/\/www.instagram.com\/acidadeonribeirao\" target=\"_blank\" rel=\"noreferrer noopener\">Instagram<\/a> e no <a href=\"https:\/\/www.facebook.com\/acidadeonribeirao\" target=\"_blank\" rel=\"noreferrer noopener\">Facebook<\/a>.<\/p>\n<p>Receba not\u00edcias do acidade on no WhatsApp. Para entrar no grupo, basta <a href=\"https:\/\/chat.whatsapp.com\/CdrZ6xrf7quD44Vw3WlPuZ\" target=\"_blank\" rel=\"noreferrer noopener\">clicar aqui<\/a>.<\/p>\n<p>Fa\u00e7a uma den\u00fancia ou sugira uma reportagem sobre Ribeir\u00e3o Preto e regi\u00e3o pelo WhatsApp: 16 99117 7802.<\/p>\n<p>VEJA TAMB\u00c9M<br \/>Qual \u00e9 a hist\u00f3ria do \u201cMenino Marrom\u201d? Livro sofre censura<\/p>\n<p>O post Relembre os maiores sucessos do cantor Chrystian, que fez dupla com Ralf apareceu primeiro em ACidade ON Ribeir\u00e3o Preto.<\/p>\n<p><script async src=\"\/\/www.instagram.com\/embed.js\"><\/script><br \/>\n<br \/><br \/>\n<br \/><a href=\"https:\/\/www.acidadeon.com\/ribeiraopreto\/lazer-e-cultura\/relembre-os-maiores-sucessos-do-cantor-chrystian-que-fez-dupla-com-ralf\/\">Source link <\/a><\/p>\n<div class='code-block code-block-4' style='margin: 8px auto 8px 0; text-align: left; display: block; clear: both;'>\n\ud83d\udce2 Aviso Legal\n\nO site ismaelcolosi.com.br atua apenas como um canal de divulga\u00e7\u00e3o de oportunidades de emprego e n\u00e3o se responsabiliza pelo processo seletivo, contrata\u00e7\u00e3o ou qualquer outra etapa relacionada \u00e0s vagas publicadas. Todas as informa\u00e7\u00f5es s\u00e3o de responsabilidade dos anunciantes.\n\n\u26a0\ufe0f Aten\u00e7\u00e3o! Nunca pague por promessas de emprego nem compre cursos que garantam contrata\u00e7\u00e3o. Desconfie de qualquer cobran\u00e7a para participar de sele\u00e7\u00f5es.\n\n\n\n<\/div>\n<!-- CONTENT END 1 -->\n","protected":false},"excerpt":{"rendered":"<p>O cantor sertanejo Chrystian, que formou dupla com seu irm\u00e3o Ralf, morreu nesta quarta-feira (19), aos 67 anos. Ele estava internado em um hospital de&#8230;<\/p>\n","protected":false},"author":1,"featured_media":53950,"comment_status":"open","ping_status":"open","sticky":false,"template":"","format":"standard","meta":{"_uag_custom_page_level_css":"","advanced_seo_description":"","jetpack_seo_html_title":"","jetpack_seo_noindex":false,"jetpack_post_was_ever_published":false,"_jetpack_newsletter_access":"","_jetpack_dont_email_post_to_subs":false,"_jetpack_newsletter_tier_id":0,"_jetpack_memberships_contains_paywalled_content":false,"_jetpack_memberships_contains_paid_content":false,"footnotes":"","jetpack_publicize_message":"","jetpack_publicize_feature_enabled":true,"jetpack_social_post_already_shared":true,"jetpack_social_options":{"image_generator_settings":{"template":"highway","default_image_id":0,"font":"","enabled":false},"version":2}},"categories":[11],"tags":[],"class_list":["post-53949","post","type-post","status-publish","format-standard","has-post-thumbnail","hentry","category-noticias-de-ribeirao-preto-sp-e-regiao-ismael-colosi"],"jetpack_publicize_connections":[],"jetpack_featured_media_url":"https:\/\/i0.wp.com\/ismaelcolosi.com.br\/wp-content\/uploads\/2024\/06\/chrystian_2024-06-20_14-39-45_jpg_2024-06-20_14-39-45.webp.webp?fit=845%2C474&ssl=1","uagb_featured_image_src":{"full":["https:\/\/i0.wp.com\/ismaelcolosi.com.br\/wp-content\/uploads\/2024\/06\/chrystian_2024-06-20_14-39-45_jpg_2024-06-20_14-39-45.webp.webp?fit=845%2C474&ssl=1",845,474,false],"thumbnail":["https:\/\/i0.wp.com\/ismaelcolosi.com.br\/wp-content\/uploads\/2024\/06\/chrystian_2024-06-20_14-39-45_jpg_2024-06-20_14-39-45.webp.webp?resize=150%2C150&ssl=1",150,150,true],"medium":["https:\/\/i0.wp.com\/ismaelcolosi.com.br\/wp-content\/uploads\/2024\/06\/chrystian_2024-06-20_14-39-45_jpg_2024-06-20_14-39-45.webp.webp?fit=300%2C168&ssl=1",300,168,true],"medium_large":["https:\/\/i0.wp.com\/ismaelcolosi.com.br\/wp-content\/uploads\/2024\/06\/chrystian_2024-06-20_14-39-45_jpg_2024-06-20_14-39-45.webp.webp?fit=768%2C431&ssl=1",768,431,true],"large":["https:\/\/i0.wp.com\/ismaelcolosi.com.br\/wp-content\/uploads\/2024\/06\/chrystian_2024-06-20_14-39-45_jpg_2024-06-20_14-39-45.webp.webp?fit=845%2C474&ssl=1",845,474,true],"1536x1536":["https:\/\/i0.wp.com\/ismaelcolosi.com.br\/wp-content\/uploads\/2024\/06\/chrystian_2024-06-20_14-39-45_jpg_2024-06-20_14-39-45.webp.webp?fit=845%2C474&ssl=1",845,474,true],"2048x2048":["https:\/\/i0.wp.com\/ismaelcolosi.com.br\/wp-content\/uploads\/2024\/06\/chrystian_2024-06-20_14-39-45_jpg_2024-06-20_14-39-45.webp.webp?fit=845%2C474&ssl=1",845,474,true],"really-simple-thumb":["https:\/\/i0.wp.com\/ismaelcolosi.com.br\/wp-content\/uploads\/2024\/06\/chrystian_2024-06-20_14-39-45_jpg_2024-06-20_14-39-45.webp.webp?resize=370%2C247&ssl=1",370,247,true]},"uagb_author_info":{"display_name":"ismaelcolosi.com.br","author_link":"https:\/\/ismaelcolosi.com.br\/index.php\/author\/vidareal-online\/"},"uagb_comment_info":0,"uagb_excerpt":"O cantor sertanejo Chrystian, que formou dupla com seu irm\u00e3o Ralf, morreu nesta quarta-feira (19), aos 67 anos. Ele estava internado em um hospital de...","jetpack-related-posts":[{"id":53888,"url":"https:\/\/ismaelcolosi.com.br\/index.php\/2024\/06\/20\/morre-cantor-chrystian-que-fez-dupla-com-ralf-aos-67-anos\/","url_meta":{"origin":53949,"position":0},"title":"Morre cantor Chrystian, que fez dupla com Ralf, aos 67 anos","author":"ismaelcolosi.com.br","date":"20 de June de 2024","format":false,"excerpt":"O cantor\u00a0sertanejo Chrystian, que formou dupla com o irm\u00e3o Ralf, morreu nesta quarta-feira (19), aos 67 anos. A esposa e filhos\u00a0do artista publicaram a informa\u00e7\u00e3o nas redes sociais do cantor. Chrystian havia sido internado em um hospital de S\u00e3o Paulo, onde faleceu. O cantor chegou a cancelar um show em\u2026","rel":"","context":"In &quot;Not\u00edcias de Ribeir\u00e3o Preto-SP e Regi\u00e3o&quot;","block_context":{"text":"Not\u00edcias de Ribeir\u00e3o Preto-SP e Regi\u00e3o","link":"https:\/\/ismaelcolosi.com.br\/index.php\/category\/noticias-de-ribeirao-preto-sp-e-regiao-ismael-colosi\/"},"img":{"alt_text":"","src":"https:\/\/i0.wp.com\/ismaelcolosi.com.br\/wp-content\/uploads\/2024\/06\/CHRISTIAN_2024-06-20_09-33-53_jpg_2024-06-20_09-33-53.webp.webp?fit=1200%2C1060&ssl=1&resize=350%2C200","width":350,"height":200,"srcset":"https:\/\/i0.wp.com\/ismaelcolosi.com.br\/wp-content\/uploads\/2024\/06\/CHRISTIAN_2024-06-20_09-33-53_jpg_2024-06-20_09-33-53.webp.webp?fit=1200%2C1060&ssl=1&resize=350%2C200 1x, https:\/\/i0.wp.com\/ismaelcolosi.com.br\/wp-content\/uploads\/2024\/06\/CHRISTIAN_2024-06-20_09-33-53_jpg_2024-06-20_09-33-53.webp.webp?fit=1200%2C1060&ssl=1&resize=525%2C300 1.5x, https:\/\/i0.wp.com\/ismaelcolosi.com.br\/wp-content\/uploads\/2024\/06\/CHRISTIAN_2024-06-20_09-33-53_jpg_2024-06-20_09-33-53.webp.webp?fit=1200%2C1060&ssl=1&resize=700%2C400 2x, https:\/\/i0.wp.com\/ismaelcolosi.com.br\/wp-content\/uploads\/2024\/06\/CHRISTIAN_2024-06-20_09-33-53_jpg_2024-06-20_09-33-53.webp.webp?fit=1200%2C1060&ssl=1&resize=1050%2C600 3x"},"classes":[]},{"id":53869,"url":"https:\/\/ismaelcolosi.com.br\/index.php\/2024\/06\/20\/morre-cantor-chrystian-que-fez-dupla-com-ralf-ao-67-anos\/","url_meta":{"origin":53949,"position":1},"title":"Morre cantor Chrystian, que fez dupla com Ralf, ao 67 anos","author":"ismaelcolosi.com.br","date":"20 de June de 2024","format":false,"excerpt":"O cantor\u00a0Chrystian, que formou dupla com o irm\u00e3o Ralf, morreu nesta quarta-feira (19), aos 67 anos. A esposa e filhos\u00a0do artista publicaram a informa\u00e7\u00e3o nas redes sociais do cantor. Chrystian havia sido internado em um hospital de S\u00e3o Paulo\u00a0para tratar problemas de sa\u00fade. No m\u00eas de mar\u00e7o passado, ele foi\u2026","rel":"","context":"In &quot;Not\u00edcias de Ribeir\u00e3o Preto-SP e Regi\u00e3o&quot;","block_context":{"text":"Not\u00edcias de Ribeir\u00e3o Preto-SP e Regi\u00e3o","link":"https:\/\/ismaelcolosi.com.br\/index.php\/category\/noticias-de-ribeirao-preto-sp-e-regiao-ismael-colosi\/"},"img":{"alt_text":"","src":"https:\/\/i0.wp.com\/ismaelcolosi.com.br\/wp-content\/uploads\/2024\/06\/CHRISTIAN_2024-06-20_09-33-53_jpg_2024-06-20_09-33-53.webp.webp?fit=1200%2C1060&ssl=1&resize=350%2C200","width":350,"height":200,"srcset":"https:\/\/i0.wp.com\/ismaelcolosi.com.br\/wp-content\/uploads\/2024\/06\/CHRISTIAN_2024-06-20_09-33-53_jpg_2024-06-20_09-33-53.webp.webp?fit=1200%2C1060&ssl=1&resize=350%2C200 1x, https:\/\/i0.wp.com\/ismaelcolosi.com.br\/wp-content\/uploads\/2024\/06\/CHRISTIAN_2024-06-20_09-33-53_jpg_2024-06-20_09-33-53.webp.webp?fit=1200%2C1060&ssl=1&resize=525%2C300 1.5x, https:\/\/i0.wp.com\/ismaelcolosi.com.br\/wp-content\/uploads\/2024\/06\/CHRISTIAN_2024-06-20_09-33-53_jpg_2024-06-20_09-33-53.webp.webp?fit=1200%2C1060&ssl=1&resize=700%2C400 2x, https:\/\/i0.wp.com\/ismaelcolosi.com.br\/wp-content\/uploads\/2024\/06\/CHRISTIAN_2024-06-20_09-33-53_jpg_2024-06-20_09-33-53.webp.webp?fit=1200%2C1060&ssl=1&resize=1050%2C600 3x"},"classes":[]},{"id":53915,"url":"https:\/\/ismaelcolosi.com.br\/index.php\/2024\/06\/20\/chrystian-que-fez-dupla-com-ralf-faria-show-em-ribeirao-preto-saiba-mais\/","url_meta":{"origin":53949,"position":2},"title":"Chrystian que fez dupla com Ralf faria show em Ribeir\u00e3o Preto; Saiba mais","author":"ismaelcolosi.com.br","date":"20 de June de 2024","format":false,"excerpt":"O cantor Chrystian, que fazia dupla com o irm\u00e3o Ralf, tinha participa\u00e7\u00e3o em um show marcado em Ribeir\u00e3o Preto no m\u00eas de agosto. O sertanejo morreu na quarta-feira (19) em um hospital de S\u00e3o Paulo. A apresenta\u00e7\u00e3o seria durante o show \u201cGrandes Encontros com Renato Teixeira e Orquestra Paulista de\u2026","rel":"","context":"In &quot;Not\u00edcias de Ribeir\u00e3o Preto-SP e Regi\u00e3o&quot;","block_context":{"text":"Not\u00edcias de Ribeir\u00e3o Preto-SP e Regi\u00e3o","link":"https:\/\/ismaelcolosi.com.br\/index.php\/category\/noticias-de-ribeirao-preto-sp-e-regiao-ismael-colosi\/"},"img":{"alt_text":"","src":"https:\/\/i0.wp.com\/ismaelcolosi.com.br\/wp-content\/uploads\/2024\/06\/Copia-de-Copia-de-TAMANHO-EXATO-PARA-FOTOS-NO-SISTEMA-NOVO_2024-06-20_14-40-19_jpg_2024-06-20_14-40-19.webp.webp?fit=1200%2C675&ssl=1&resize=350%2C200","width":350,"height":200,"srcset":"https:\/\/i0.wp.com\/ismaelcolosi.com.br\/wp-content\/uploads\/2024\/06\/Copia-de-Copia-de-TAMANHO-EXATO-PARA-FOTOS-NO-SISTEMA-NOVO_2024-06-20_14-40-19_jpg_2024-06-20_14-40-19.webp.webp?fit=1200%2C675&ssl=1&resize=350%2C200 1x, https:\/\/i0.wp.com\/ismaelcolosi.com.br\/wp-content\/uploads\/2024\/06\/Copia-de-Copia-de-TAMANHO-EXATO-PARA-FOTOS-NO-SISTEMA-NOVO_2024-06-20_14-40-19_jpg_2024-06-20_14-40-19.webp.webp?fit=1200%2C675&ssl=1&resize=525%2C300 1.5x, https:\/\/i0.wp.com\/ismaelcolosi.com.br\/wp-content\/uploads\/2024\/06\/Copia-de-Copia-de-TAMANHO-EXATO-PARA-FOTOS-NO-SISTEMA-NOVO_2024-06-20_14-40-19_jpg_2024-06-20_14-40-19.webp.webp?fit=1200%2C675&ssl=1&resize=700%2C400 2x, https:\/\/i0.wp.com\/ismaelcolosi.com.br\/wp-content\/uploads\/2024\/06\/Copia-de-Copia-de-TAMANHO-EXATO-PARA-FOTOS-NO-SISTEMA-NOVO_2024-06-20_14-40-19_jpg_2024-06-20_14-40-19.webp.webp?fit=1200%2C675&ssl=1&resize=1050%2C600 3x"},"classes":[]},{"id":53926,"url":"https:\/\/ismaelcolosi.com.br\/index.php\/2024\/06\/20\/quina-de-sao-joao-ultimos-dias-para-apostar-e-concorrer-ao-premio-r-220-milhoes\/","url_meta":{"origin":53949,"position":3},"title":"Quina de S\u00e3o Jo\u00e3o: \u00daltimos dias para apostar e concorrer ao pr\u00eamio R$ 220 milh\u00f5es","author":"ismaelcolosi.com.br","date":"20 de June de 2024","format":false,"excerpt":"As apostas para a Quina de S\u00e3o Jo\u00e3o, com pr\u00eamio estimado de R$ 220 milh\u00f5es, podem ser realizadas at\u00e9 \u00e0s 19h deste s\u00e1bado (22), quando acontece o sorteio do concurso especial 6.462, a partir das 20h. Em sua 14\u00aa edi\u00e7\u00e3o, este \u00e9 o maior pr\u00eamio oferecido no concurso especial e,\u2026","rel":"","context":"In &quot;Not\u00edcias de Ribeir\u00e3o Preto-SP e Regi\u00e3o&quot;","block_context":{"text":"Not\u00edcias de Ribeir\u00e3o Preto-SP e Regi\u00e3o","link":"https:\/\/ismaelcolosi.com.br\/index.php\/category\/noticias-de-ribeirao-preto-sp-e-regiao-ismael-colosi\/"},"img":{"alt_text":"","src":"https:\/\/i0.wp.com\/ismaelcolosi.com.br\/wp-content\/uploads\/2024\/05\/Copia-de-Copia-de-TAMANHO-EXATO-PARA-FOTOS-NO-SISTEMA-NOVO-58_2024-05-28_19-09-34_jpg_2024-05-28_19-09-34.webp.webp?fit=1200%2C675&ssl=1&resize=350%2C200","width":350,"height":200,"srcset":"https:\/\/i0.wp.com\/ismaelcolosi.com.br\/wp-content\/uploads\/2024\/05\/Copia-de-Copia-de-TAMANHO-EXATO-PARA-FOTOS-NO-SISTEMA-NOVO-58_2024-05-28_19-09-34_jpg_2024-05-28_19-09-34.webp.webp?fit=1200%2C675&ssl=1&resize=350%2C200 1x, https:\/\/i0.wp.com\/ismaelcolosi.com.br\/wp-content\/uploads\/2024\/05\/Copia-de-Copia-de-TAMANHO-EXATO-PARA-FOTOS-NO-SISTEMA-NOVO-58_2024-05-28_19-09-34_jpg_2024-05-28_19-09-34.webp.webp?fit=1200%2C675&ssl=1&resize=525%2C300 1.5x, https:\/\/i0.wp.com\/ismaelcolosi.com.br\/wp-content\/uploads\/2024\/05\/Copia-de-Copia-de-TAMANHO-EXATO-PARA-FOTOS-NO-SISTEMA-NOVO-58_2024-05-28_19-09-34_jpg_2024-05-28_19-09-34.webp.webp?fit=1200%2C675&ssl=1&resize=700%2C400 2x, https:\/\/i0.wp.com\/ismaelcolosi.com.br\/wp-content\/uploads\/2024\/05\/Copia-de-Copia-de-TAMANHO-EXATO-PARA-FOTOS-NO-SISTEMA-NOVO-58_2024-05-28_19-09-34_jpg_2024-05-28_19-09-34.webp.webp?fit=1200%2C675&ssl=1&resize=1050%2C600 3x"},"classes":[]},{"id":45203,"url":"https:\/\/ismaelcolosi.com.br\/index.php\/2024\/04\/02\/warner-music-digitaliza-albuns-regionais-de-grande-sucesso\/","url_meta":{"origin":53949,"position":4},"title":"Warner Music digitaliza \u00e1lbuns regionais de grande sucesso","author":"ismaelcolosi.com.br","date":"2 de April de 2024","format":false,"excerpt":"Warner Music digitaliza \u00e1lbuns regionais de grande sucessoIntitulado \u201cContinental 80 anos\u201d, projeto da gravadora resgata e completa discografia de grandes artistas regionais, como Anast\u00e1cia, Daniel e Cezar & Paulinho Desde mar\u00e7o, a Warner Music Brasil est\u00e1 comprometida em recuperar boa parte da hist\u00f3ria da m\u00fasica brasileira, especialmente a sertaneja. Com\u2026","rel":"","context":"In &quot;Not\u00edcias de Ribeir\u00e3o Preto-SP e Regi\u00e3o&quot;","block_context":{"text":"Not\u00edcias de Ribeir\u00e3o Preto-SP e Regi\u00e3o","link":"https:\/\/ismaelcolosi.com.br\/index.php\/category\/noticias-de-ribeirao-preto-sp-e-regiao-ismael-colosi\/"},"img":{"alt_text":"","src":"https:\/\/i0.wp.com\/ismaelcolosi.com.br\/wp-content\/uploads\/2024\/04\/Divulgacao-Warner-Music-Group-3-scaled-1.jpg?fit=1200%2C802&ssl=1&resize=350%2C200","width":350,"height":200,"srcset":"https:\/\/i0.wp.com\/ismaelcolosi.com.br\/wp-content\/uploads\/2024\/04\/Divulgacao-Warner-Music-Group-3-scaled-1.jpg?fit=1200%2C802&ssl=1&resize=350%2C200 1x, https:\/\/i0.wp.com\/ismaelcolosi.com.br\/wp-content\/uploads\/2024\/04\/Divulgacao-Warner-Music-Group-3-scaled-1.jpg?fit=1200%2C802&ssl=1&resize=525%2C300 1.5x, https:\/\/i0.wp.com\/ismaelcolosi.com.br\/wp-content\/uploads\/2024\/04\/Divulgacao-Warner-Music-Group-3-scaled-1.jpg?fit=1200%2C802&ssl=1&resize=700%2C400 2x, https:\/\/i0.wp.com\/ismaelcolosi.com.br\/wp-content\/uploads\/2024\/04\/Divulgacao-Warner-Music-Group-3-scaled-1.jpg?fit=1200%2C802&ssl=1&resize=1050%2C600 3x"},"classes":[]},{"id":53986,"url":"https:\/\/ismaelcolosi.com.br\/index.php\/2024\/06\/20\/teatro-da-usp-ribeirao-preto-recebe-opera-gratuita-ainda-ha-ingressos\/","url_meta":{"origin":53949,"position":5},"title":"Teatro da USP Ribeir\u00e3o Preto recebe \u00f3pera gratuita; Ainda h\u00e1 ingressos","author":"ismaelcolosi.com.br","date":"20 de June de 2024","format":false,"excerpt":"A \u00f3pera inspirada em conto de Oscar Wilde \u201cO Jovem Rei\u201d estreia nesta quinta-feira (20), \u00e0s 20h, no Teatro da Universidade de S\u00e3o Paulo, campus Ribeir\u00e3o Preto. A apresenta\u00e7\u00e3o \u00e9 gratuita e segue at\u00e9 a pr\u00f3xima ter\u00e7a-feira (25). O espet\u00e1culo marca o in\u00edcio da agenda comemorativa dos 10 anos da\u2026","rel":"","context":"In &quot;Not\u00edcias de Ribeir\u00e3o Preto-SP e Regi\u00e3o&quot;","block_context":{"text":"Not\u00edcias de Ribeir\u00e3o Preto-SP e Regi\u00e3o","link":"https:\/\/ismaelcolosi.com.br\/index.php\/category\/noticias-de-ribeirao-preto-sp-e-regiao-ismael-colosi\/"},"img":{"alt_text":"","src":"https:\/\/i0.wp.com\/ismaelcolosi.com.br\/wp-content\/uploads\/2024\/06\/o-jovem-rei_2024-06-20_15-15-46_jpg_2024-06-20_15-15-47-scaled.webp.webp?fit=1200%2C661&ssl=1&resize=350%2C200","width":350,"height":200,"srcset":"https:\/\/i0.wp.com\/ismaelcolosi.com.br\/wp-content\/uploads\/2024\/06\/o-jovem-rei_2024-06-20_15-15-46_jpg_2024-06-20_15-15-47-scaled.webp.webp?fit=1200%2C661&ssl=1&resize=350%2C200 1x, https:\/\/i0.wp.com\/ismaelcolosi.com.br\/wp-content\/uploads\/2024\/06\/o-jovem-rei_2024-06-20_15-15-46_jpg_2024-06-20_15-15-47-scaled.webp.webp?fit=1200%2C661&ssl=1&resize=525%2C300 1.5x, https:\/\/i0.wp.com\/ismaelcolosi.com.br\/wp-content\/uploads\/2024\/06\/o-jovem-rei_2024-06-20_15-15-46_jpg_2024-06-20_15-15-47-scaled.webp.webp?fit=1200%2C661&ssl=1&resize=700%2C400 2x, https:\/\/i0.wp.com\/ismaelcolosi.com.br\/wp-content\/uploads\/2024\/06\/o-jovem-rei_2024-06-20_15-15-46_jpg_2024-06-20_15-15-47-scaled.webp.webp?fit=1200%2C661&ssl=1&resize=1050%2C600 3x"},"classes":[]}],"jetpack_sharing_enabled":true,"jetpack_shortlink":"https:\/\/wp.me\/pfMlyK-e29","_links":{"self":[{"href":"https:\/\/ismaelcolosi.com.br\/index.php\/wp-json\/wp\/v2\/posts\/53949","targetHints":{"allow":["GET"]}}],"collection":[{"href":"https:\/\/ismaelcolosi.com.br\/index.php\/wp-json\/wp\/v2\/posts"}],"about":[{"href":"https:\/\/ismaelcolosi.com.br\/index.php\/wp-json\/wp\/v2\/types\/post"}],"author":[{"embeddable":true,"href":"https:\/\/ismaelcolosi.com.br\/index.php\/wp-json\/wp\/v2\/users\/1"}],"replies":[{"embeddable":true,"href":"https:\/\/ismaelcolosi.com.br\/index.php\/wp-json\/wp\/v2\/comments?post=53949"}],"version-history":[{"count":0,"href":"https:\/\/ismaelcolosi.com.br\/index.php\/wp-json\/wp\/v2\/posts\/53949\/revisions"}],"wp:featuredmedia":[{"embeddable":true,"href":"https:\/\/ismaelcolosi.com.br\/index.php\/wp-json\/wp\/v2\/media\/53950"}],"wp:attachment":[{"href":"https:\/\/ismaelcolosi.com.br\/index.php\/wp-json\/wp\/v2\/media?parent=53949"}],"wp:term":[{"taxonomy":"category","embeddable":true,"href":"https:\/\/ismaelcolosi.com.br\/index.php\/wp-json\/wp\/v2\/categories?post=53949"},{"taxonomy":"post_tag","embeddable":true,"href":"https:\/\/ismaelcolosi.com.br\/index.php\/wp-json\/wp\/v2\/tags?post=53949"}],"curies":[{"name":"wp","href":"https:\/\/api.w.org\/{rel}","templated":true}]}}