{"id":53690,"date":"2024-06-18T19:56:18","date_gmt":"2024-06-18T22:56:18","guid":{"rendered":"https:\/\/ismaelcolosi.com.br\/index.php\/2024\/06\/18\/policia-reconstitui-morte-de-jovem-baleada-em-condominio-na-zona-leste-de-ribeirao-preto\/"},"modified":"2024-06-18T19:56:18","modified_gmt":"2024-06-18T22:56:18","slug":"policia-reconstitui-morte-de-jovem-baleada-em-condominio-na-zona-leste-de-ribeirao-preto","status":"publish","type":"post","link":"https:\/\/ismaelcolosi.com.br\/index.php\/2024\/06\/18\/policia-reconstitui-morte-de-jovem-baleada-em-condominio-na-zona-leste-de-ribeirao-preto\/","title":{"rendered":"Pol\u00edcia reconstitui morte de jovem baleada em condom\u00ednio na zona Leste de Ribeir\u00e3o Preto"},"content":{"rendered":"<p> <br \/>\n<\/p>\n<div>\n<p>A <strong>Pol\u00edcia Civil<\/strong> realizou nesta ter\u00e7a-feira (18), a reconstitui\u00e7\u00e3o da morte de <strong>Ana J\u00falia dos Santos Borsoi<\/strong>, de 19 anos, em um condom\u00ednio na <strong>zona Leste de Ribeir\u00e3o Preto<\/strong>.<\/p>\n<p>A <strong>jovem morreu ap\u00f3s ser atingida no t\u00f3rax por um disparo de arma de fogo<\/strong>, realizado no dia 27 de abril, pelo pr\u00f3prio marido, identificado como<strong> Matheus Augusto Pinto<\/strong>.<\/p>\n<p>\u00c0 pol\u00edcia, o homem disse que o disparo foi realizado de<strong> forma acidental<\/strong> enquanto ele manuseava a arma. Ana J\u00falia chegou a ser socorrida, mas <strong>n\u00e3o resistiu aos ferimentos<\/strong>.<\/p>\n<p><mark style=\"background-color:#fcb900\" class=\"has-inline-color\"><strong>Apenas a pol\u00edcia e os peritos entraram no apartamento<\/strong> onde os disparos foram realizados, localizado na avenida Professora Edul Rangel Rabello. <strong>O acusado ainda mora no local.<\/strong><\/mark><\/p>\n<p>Na sequ\u00eancia, as equipes foram at\u00e9 uma pra\u00e7a no Recreio Anhanguera, <strong>onde a arma teria sido escondida<\/strong> por <strong>V\u00edtor Hugo Pereira dos Santos<\/strong>, de 21 anos, amigo de Matheus. Ele mostrou aos policias o local onde enterrou o rev\u00f3lver, pr\u00f3ximo a uma \u00e1rvore.<\/p>\n<p>Os dois envolvidos <strong>chegaram a ser presos<\/strong>, entretanto, <strong>foram liberados ap\u00f3s audi\u00eancia de cust\u00f3dia<\/strong>. O caso \u00e9 investigado como <strong>homic\u00eddio <\/strong>e <strong>porte ilegal<\/strong> de arma pela pol\u00edcia.<\/p>\n<p>Segundo a <strong>defesa dos acusados<\/strong>, a reconstitui\u00e7\u00e3o refor\u00e7ou que o disparo foi realizado de forma acidental.<\/p>\n<h3 class=\"wp-block-heading\"><strong>O crime<\/strong><\/h3>\n<p>A jovem de 19 anos foi v\u00edtima de um disparo realizado pelo companheiro, em um apartamento da zona Leste de Ribeir\u00e3o Preto, no dia 27 de abril. Ela morreu no dia seguinte. Ana J\u00falia deixou um beb\u00ea de 11 meses.<\/p>\n<p>A v\u00edtima foi atingida na regi\u00e3o do t\u00f3rax e levada para a <strong>UPA (Unidade de Pronto Atendimento) Treze de Maio<\/strong>, contudo, devido \u00e0 gravidade do ferimento, foi transferida para o <strong>Hospital das Cl\u00ednicas Unidade de Emerg\u00eancia (HC-UE)<\/strong>.<\/p>\n<p>No <strong>boletim de ocorr\u00eancia<\/strong> (BO) consta que o companheiro da v\u00edtima informou a PM que eles estavam em uma pra\u00e7a quando ouviu um estampido e se deparou com a companheira ferida. <mark style=\"background-color:#fcb900\" class=\"has-inline-color\">No entanto, durante depoimento a pol\u00edcia, o homem confessou ter realizado o disparo acidental dentro do apartamento onde residiam.<\/mark><\/p>\n<p>Ainda de acordo com o registro, ap\u00f3s o disparo, o homem ligou para um amigo retirar a arma do apartamento.<\/p>\n<p>Segundo <strong>Josiane Aparecida dos Santos Borges<\/strong>, tia da v\u00edtima, a fam\u00edlia quer saber o que <strong>realmente aconteceu dentro do apartamento<\/strong> onde o casal morava.<\/p>\n<p>Na \u00e9poca do ocorrido, ela disse que \u201c[Ana J\u00falia] chegou a comentar com a m\u00e3e que estava pensando em largar, que n\u00e3o estava dando certo. Comentou que estava se sentindo muito sozinha, que o Matheus n\u00e3o era participativo na vida da fam\u00edlia. Em nenhum momento, ela falou sobre agress\u00e3o, que estava sendo amea\u00e7ada e nem que tinha um rev\u00f3lver dentro de casa\u201d.<\/p>\n<p><strong><em>*Com informa\u00e7\u00f5es EPTV<\/em><\/strong><\/p>\n<hr class=\"wp-block-separator has-alpha-channel-opacity\"\/>\n<p>SAIBA MAIS<\/p>\n<p>Preso suspeito de matar idosa que teve corpo queimado na regi\u00e3o de Ribeir\u00e3o Preto<\/p>\n<h4 class=\"wp-block-heading\"><strong>FIQUE ON<\/strong><\/h4>\n<p>Fique ligado em tudo que acontece em Ribeir\u00e3o Preto e regi\u00e3o. Siga os perfis do\u00a0<strong>acidade on\u00a0<\/strong>no\u00a0<a href=\"https:\/\/www.instagram.com\/acidadeonribeirao\" target=\"_blank\" rel=\"noreferrer noopener\">Instagram<\/a>\u00a0e no\u00a0<a href=\"https:\/\/www.facebook.com\/acidadeonribeirao\" target=\"_blank\" rel=\"noreferrer noopener\">Facebook<\/a>.<\/p>\n<p>Receba not\u00edcias do acidade on no WhatsApp. Para entrar no grupo, basta\u00a0<a href=\"https:\/\/chat.whatsapp.com\/CdrZ6xrf7quD44Vw3WlPuZ\" target=\"_blank\" rel=\"noreferrer noopener\">clicar aqui<\/a>.<\/p>\n<p>Fa\u00e7a uma den\u00fancia ou sugira uma reportagem sobre Ribeir\u00e3o Preto e regi\u00e3o pelo WhatsApp: 16 99117 7802.<\/p>\n<p>VEJA TAMB\u00c9M<\/p>\n<p>Blackpink: qual a nova m\u00fasica de Lisa?<\/p>\n<p><!-- AI CONTENT END 1 -->\n<\/div>\n<p><script async src=\"\/\/www.instagram.com\/embed.js\"><\/script><br \/>\n<br \/><br \/>\n<br \/><a href=\"https:\/\/www.acidadeon.com\/ribeiraopreto\/cotidiano\/policia-reconstitui-morte-de-jovem-baleada-em-condominio-na-zona-leste-de-ribeirao-preto\/\">Source link <\/a><\/p>\n<div class='code-block code-block-4' style='margin: 8px auto 8px 0; text-align: left; display: block; clear: both;'>\n\ud83d\udce2 Aviso Legal\n\nO site ismaelcolosi.com.br atua apenas como um canal de divulga\u00e7\u00e3o de oportunidades de emprego e n\u00e3o se responsabiliza pelo processo seletivo, contrata\u00e7\u00e3o ou qualquer outra etapa relacionada \u00e0s vagas publicadas. Todas as informa\u00e7\u00f5es s\u00e3o de responsabilidade dos anunciantes.\n\n\u26a0\ufe0f Aten\u00e7\u00e3o! Nunca pague por promessas de emprego nem compre cursos que garantam contrata\u00e7\u00e3o. Desconfie de qualquer cobran\u00e7a para participar de sele\u00e7\u00f5es.\n\n\n\n<\/div>\n<!-- CONTENT END 1 -->\n","protected":false},"excerpt":{"rendered":"<p>A Pol\u00edcia Civil realizou nesta ter\u00e7a-feira (18), a reconstitui\u00e7\u00e3o da morte de Ana J\u00falia dos Santos Borsoi, de 19 anos, em um condom\u00ednio na zona&#8230;<\/p>\n","protected":false},"author":1,"featured_media":47976,"comment_status":"open","ping_status":"open","sticky":false,"template":"","format":"standard","meta":{"_uag_custom_page_level_css":"","advanced_seo_description":"","jetpack_seo_html_title":"","jetpack_seo_noindex":false,"jetpack_post_was_ever_published":false,"_jetpack_newsletter_access":"","_jetpack_dont_email_post_to_subs":false,"_jetpack_newsletter_tier_id":0,"_jetpack_memberships_contains_paywalled_content":false,"_jetpack_memberships_contains_paid_content":false,"footnotes":"","jetpack_publicize_message":"","jetpack_publicize_feature_enabled":true,"jetpack_social_post_already_shared":true,"jetpack_social_options":{"image_generator_settings":{"template":"highway","default_image_id":0,"font":"","enabled":false},"version":2}},"categories":[11],"tags":[],"class_list":["post-53690","post","type-post","status-publish","format-standard","has-post-thumbnail","hentry","category-noticias-de-ribeirao-preto-sp-e-regiao-ismael-colosi"],"jetpack_publicize_connections":[],"jetpack_featured_media_url":"https:\/\/i0.wp.com\/ismaelcolosi.com.br\/wp-content\/uploads\/2024\/04\/Copia-de-Copia-de-TAMANHO-EXATO-PARA-FOTOS-NO-SISTEMA-NOVO-23-1_2024-04-29_23-57-41_jpg.webp.webp?fit=1200%2C675&ssl=1","uagb_featured_image_src":{"full":["https:\/\/i0.wp.com\/ismaelcolosi.com.br\/wp-content\/uploads\/2024\/04\/Copia-de-Copia-de-TAMANHO-EXATO-PARA-FOTOS-NO-SISTEMA-NOVO-23-1_2024-04-29_23-57-41_jpg.webp.webp?fit=1200%2C675&ssl=1",1200,675,false],"thumbnail":["https:\/\/i0.wp.com\/ismaelcolosi.com.br\/wp-content\/uploads\/2024\/04\/Copia-de-Copia-de-TAMANHO-EXATO-PARA-FOTOS-NO-SISTEMA-NOVO-23-1_2024-04-29_23-57-41_jpg.webp.webp?resize=150%2C150&ssl=1",150,150,true],"medium":["https:\/\/i0.wp.com\/ismaelcolosi.com.br\/wp-content\/uploads\/2024\/04\/Copia-de-Copia-de-TAMANHO-EXATO-PARA-FOTOS-NO-SISTEMA-NOVO-23-1_2024-04-29_23-57-41_jpg.webp.webp?fit=300%2C169&ssl=1",300,169,true],"medium_large":["https:\/\/i0.wp.com\/ismaelcolosi.com.br\/wp-content\/uploads\/2024\/04\/Copia-de-Copia-de-TAMANHO-EXATO-PARA-FOTOS-NO-SISTEMA-NOVO-23-1_2024-04-29_23-57-41_jpg.webp.webp?fit=768%2C432&ssl=1",768,432,true],"large":["https:\/\/i0.wp.com\/ismaelcolosi.com.br\/wp-content\/uploads\/2024\/04\/Copia-de-Copia-de-TAMANHO-EXATO-PARA-FOTOS-NO-SISTEMA-NOVO-23-1_2024-04-29_23-57-41_jpg.webp.webp?fit=1024%2C576&ssl=1",1024,576,true],"1536x1536":["https:\/\/i0.wp.com\/ismaelcolosi.com.br\/wp-content\/uploads\/2024\/04\/Copia-de-Copia-de-TAMANHO-EXATO-PARA-FOTOS-NO-SISTEMA-NOVO-23-1_2024-04-29_23-57-41_jpg.webp.webp?fit=1200%2C675&ssl=1",1200,675,true],"2048x2048":["https:\/\/i0.wp.com\/ismaelcolosi.com.br\/wp-content\/uploads\/2024\/04\/Copia-de-Copia-de-TAMANHO-EXATO-PARA-FOTOS-NO-SISTEMA-NOVO-23-1_2024-04-29_23-57-41_jpg.webp.webp?fit=1200%2C675&ssl=1",1200,675,true],"really-simple-thumb":["https:\/\/i0.wp.com\/ismaelcolosi.com.br\/wp-content\/uploads\/2024\/04\/Copia-de-Copia-de-TAMANHO-EXATO-PARA-FOTOS-NO-SISTEMA-NOVO-23-1_2024-04-29_23-57-41_jpg.webp.webp?resize=370%2C247&ssl=1",370,247,true]},"uagb_author_info":{"display_name":"ismaelcolosi.com.br","author_link":"https:\/\/ismaelcolosi.com.br\/index.php\/author\/vidareal-online\/"},"uagb_comment_info":0,"uagb_excerpt":"A Pol\u00edcia Civil realizou nesta ter\u00e7a-feira (18), a reconstitui\u00e7\u00e3o da morte de Ana J\u00falia dos Santos Borsoi, de 19 anos, em um condom\u00ednio na zona...","jetpack-related-posts":[{"id":47975,"url":"https:\/\/ismaelcolosi.com.br\/index.php\/2024\/04\/29\/o-que-se-sabe-sobre-morte-de-jovem-baleada-por-marido-em-ribeirao-preto\/","url_meta":{"origin":53690,"position":0},"title":"O que se sabe sobre morte de jovem baleada por marido em Ribeir\u00e3o Preto","author":"ismaelcolosi.com.br","date":"29 de April de 2024","format":false,"excerpt":"A jovem Ana J\u00falia dos Santos Borsoi, de 19 anos, que morreu ap\u00f3s ser atingida no t\u00f3rax por um disparo de arma de fogo realizado pelo marido, foi sepultada nesta segunda-feira (29). A vers\u00e3o apresentada por Matheus Augusto Pinto, companheiro de Ana J\u00falia, de que o disparo foi acidental, est\u00e1\u2026","rel":"","context":"In &quot;Not\u00edcias de Ribeir\u00e3o Preto-SP e Regi\u00e3o&quot;","block_context":{"text":"Not\u00edcias de Ribeir\u00e3o Preto-SP e Regi\u00e3o","link":"https:\/\/ismaelcolosi.com.br\/index.php\/category\/noticias-de-ribeirao-preto-sp-e-regiao-ismael-colosi\/"},"img":{"alt_text":"","src":"https:\/\/i0.wp.com\/ismaelcolosi.com.br\/wp-content\/uploads\/2024\/04\/Copia-de-Copia-de-TAMANHO-EXATO-PARA-FOTOS-NO-SISTEMA-NOVO-23-1_2024-04-29_23-57-41_jpg.webp.webp?fit=1200%2C675&ssl=1&resize=350%2C200","width":350,"height":200,"srcset":"https:\/\/i0.wp.com\/ismaelcolosi.com.br\/wp-content\/uploads\/2024\/04\/Copia-de-Copia-de-TAMANHO-EXATO-PARA-FOTOS-NO-SISTEMA-NOVO-23-1_2024-04-29_23-57-41_jpg.webp.webp?fit=1200%2C675&ssl=1&resize=350%2C200 1x, https:\/\/i0.wp.com\/ismaelcolosi.com.br\/wp-content\/uploads\/2024\/04\/Copia-de-Copia-de-TAMANHO-EXATO-PARA-FOTOS-NO-SISTEMA-NOVO-23-1_2024-04-29_23-57-41_jpg.webp.webp?fit=1200%2C675&ssl=1&resize=525%2C300 1.5x, https:\/\/i0.wp.com\/ismaelcolosi.com.br\/wp-content\/uploads\/2024\/04\/Copia-de-Copia-de-TAMANHO-EXATO-PARA-FOTOS-NO-SISTEMA-NOVO-23-1_2024-04-29_23-57-41_jpg.webp.webp?fit=1200%2C675&ssl=1&resize=700%2C400 2x, https:\/\/i0.wp.com\/ismaelcolosi.com.br\/wp-content\/uploads\/2024\/04\/Copia-de-Copia-de-TAMANHO-EXATO-PARA-FOTOS-NO-SISTEMA-NOVO-23-1_2024-04-29_23-57-41_jpg.webp.webp?fit=1200%2C675&ssl=1&resize=1050%2C600 3x"},"classes":[]},{"id":48145,"url":"https:\/\/ismaelcolosi.com.br\/index.php\/2024\/04\/30\/mp-acompanha-investigacoes-sobre-jovem-morta-baleada-pelo-marido-em-ribeirao-preto\/","url_meta":{"origin":53690,"position":1},"title":"MP acompanha investiga\u00e7\u00f5es sobre jovem morta baleada pelo marido em Ribeir\u00e3o Preto","author":"ismaelcolosi.com.br","date":"30 de April de 2024","format":false,"excerpt":"O MP-SP (Minist\u00e9rio P\u00fablico de S\u00e3o Paulo) est\u00e1 acompanhando o caso da jovem Ana J\u00falia dos Santos Borsoi, de 19 anos, que morreu no domingo (28), ap\u00f3s ser atingida no t\u00f3rax por um disparo de arma de fogo realizado pelo marido. A\u00a0vers\u00e3o apresentada\u00a0por\u00a0Matheus Augusto Pinto, companheiro de Ana J\u00falia, de\u2026","rel":"","context":"In &quot;Not\u00edcias de Ribeir\u00e3o Preto-SP e Regi\u00e3o&quot;","block_context":{"text":"Not\u00edcias de Ribeir\u00e3o Preto-SP e Regi\u00e3o","link":"https:\/\/ismaelcolosi.com.br\/index.php\/category\/noticias-de-ribeirao-preto-sp-e-regiao-ismael-colosi\/"},"img":{"alt_text":"","src":"https:\/\/i0.wp.com\/ismaelcolosi.com.br\/wp-content\/uploads\/2024\/04\/Copia-de-Copia-de-TAMANHO-EXATO-PARA-FOTOS-NO-SISTEMA-NOVO-23-1_2024-04-29_23-57-41_jpg.webp.webp?fit=1200%2C675&ssl=1&resize=350%2C200","width":350,"height":200,"srcset":"https:\/\/i0.wp.com\/ismaelcolosi.com.br\/wp-content\/uploads\/2024\/04\/Copia-de-Copia-de-TAMANHO-EXATO-PARA-FOTOS-NO-SISTEMA-NOVO-23-1_2024-04-29_23-57-41_jpg.webp.webp?fit=1200%2C675&ssl=1&resize=350%2C200 1x, https:\/\/i0.wp.com\/ismaelcolosi.com.br\/wp-content\/uploads\/2024\/04\/Copia-de-Copia-de-TAMANHO-EXATO-PARA-FOTOS-NO-SISTEMA-NOVO-23-1_2024-04-29_23-57-41_jpg.webp.webp?fit=1200%2C675&ssl=1&resize=525%2C300 1.5x, https:\/\/i0.wp.com\/ismaelcolosi.com.br\/wp-content\/uploads\/2024\/04\/Copia-de-Copia-de-TAMANHO-EXATO-PARA-FOTOS-NO-SISTEMA-NOVO-23-1_2024-04-29_23-57-41_jpg.webp.webp?fit=1200%2C675&ssl=1&resize=700%2C400 2x, https:\/\/i0.wp.com\/ismaelcolosi.com.br\/wp-content\/uploads\/2024\/04\/Copia-de-Copia-de-TAMANHO-EXATO-PARA-FOTOS-NO-SISTEMA-NOVO-23-1_2024-04-29_23-57-41_jpg.webp.webp?fit=1200%2C675&ssl=1&resize=1050%2C600 3x"},"classes":[]},{"id":47895,"url":"https:\/\/ismaelcolosi.com.br\/index.php\/2024\/04\/29\/morre-jovem-baleada-por-companheiro-em-ribeirao-preto\/","url_meta":{"origin":53690,"position":2},"title":"Morre jovem baleada por companheiro em Ribeir\u00e3o Preto","author":"ismaelcolosi.com.br","date":"29 de April de 2024","format":false,"excerpt":"A jovem de 19 anos, identificada como Ana Julia dos Santos Borsoi Pereira, v\u00edtima de um disparo acidental realizado pelo companheiro, em um apartamento da zona Leste de Ribeir\u00e3o Preto, morreu neste domingo (28). A informa\u00e7\u00e3o foi confirmada por familiares da v\u00edtima ao portal acidade on. O caso aconteceu no\u2026","rel":"","context":"In &quot;Not\u00edcias de Ribeir\u00e3o Preto-SP e Regi\u00e3o&quot;","block_context":{"text":"Not\u00edcias de Ribeir\u00e3o Preto-SP e Regi\u00e3o","link":"https:\/\/ismaelcolosi.com.br\/index.php\/category\/noticias-de-ribeirao-preto-sp-e-regiao-ismael-colosi\/"},"img":{"alt_text":"","src":"https:\/\/i0.wp.com\/ismaelcolosi.com.br\/wp-content\/uploads\/2024\/04\/1714407794_cpj_1024x576_21012021092745.jpg?fit=1024%2C575&ssl=1&resize=350%2C200","width":350,"height":200,"srcset":"https:\/\/i0.wp.com\/ismaelcolosi.com.br\/wp-content\/uploads\/2024\/04\/1714407794_cpj_1024x576_21012021092745.jpg?fit=1024%2C575&ssl=1&resize=350%2C200 1x, https:\/\/i0.wp.com\/ismaelcolosi.com.br\/wp-content\/uploads\/2024\/04\/1714407794_cpj_1024x576_21012021092745.jpg?fit=1024%2C575&ssl=1&resize=525%2C300 1.5x, https:\/\/i0.wp.com\/ismaelcolosi.com.br\/wp-content\/uploads\/2024\/04\/1714407794_cpj_1024x576_21012021092745.jpg?fit=1024%2C575&ssl=1&resize=700%2C400 2x"},"classes":[]},{"id":68674,"url":"https:\/\/ismaelcolosi.com.br\/index.php\/2024\/10\/01\/mp-denuncia-duas-pessoas-por-morte-de-jovem-em-ribeirao-preto\/","url_meta":{"origin":53690,"position":3},"title":"MP denuncia duas pessoas por morte de jovem em Ribeir\u00e3o Preto","author":"ismaelcolosi.com.br","date":"1 de October de 2024","format":false,"excerpt":"O Minist\u00e9rio P\u00fablico denunciou duas pessoas pela morte de Ana J\u00falia dos Santos Borsoi Pereira, de 19 anos, v\u00edtima de um disparo de arma de fogo dentro do apartamento que morava, em Ribeir\u00e3o Preto, no dia 27 de abril de 2024. O primeiro acusado \u00e9 Matheus Augusto Pinto, marido da\u2026","rel":"","context":"In &quot;Not\u00edcias de Ribeir\u00e3o Preto-SP e Regi\u00e3o&quot;","block_context":{"text":"Not\u00edcias de Ribeir\u00e3o Preto-SP e Regi\u00e3o","link":"https:\/\/ismaelcolosi.com.br\/index.php\/category\/noticias-de-ribeirao-preto-sp-e-regiao-ismael-colosi\/"},"img":{"alt_text":"","src":"https:\/\/i0.wp.com\/ismaelcolosi.com.br\/wp-content\/uploads\/2024\/04\/Copia-de-Copia-de-TAMANHO-EXATO-PARA-FOTOS-NO-SISTEMA-NOVO-23-1_2024-04-29_23-57-41_jpg.webp.webp?fit=1200%2C675&ssl=1&resize=350%2C200","width":350,"height":200,"srcset":"https:\/\/i0.wp.com\/ismaelcolosi.com.br\/wp-content\/uploads\/2024\/04\/Copia-de-Copia-de-TAMANHO-EXATO-PARA-FOTOS-NO-SISTEMA-NOVO-23-1_2024-04-29_23-57-41_jpg.webp.webp?fit=1200%2C675&ssl=1&resize=350%2C200 1x, https:\/\/i0.wp.com\/ismaelcolosi.com.br\/wp-content\/uploads\/2024\/04\/Copia-de-Copia-de-TAMANHO-EXATO-PARA-FOTOS-NO-SISTEMA-NOVO-23-1_2024-04-29_23-57-41_jpg.webp.webp?fit=1200%2C675&ssl=1&resize=525%2C300 1.5x, https:\/\/i0.wp.com\/ismaelcolosi.com.br\/wp-content\/uploads\/2024\/04\/Copia-de-Copia-de-TAMANHO-EXATO-PARA-FOTOS-NO-SISTEMA-NOVO-23-1_2024-04-29_23-57-41_jpg.webp.webp?fit=1200%2C675&ssl=1&resize=700%2C400 2x, https:\/\/i0.wp.com\/ismaelcolosi.com.br\/wp-content\/uploads\/2024\/04\/Copia-de-Copia-de-TAMANHO-EXATO-PARA-FOTOS-NO-SISTEMA-NOVO-23-1_2024-04-29_23-57-41_jpg.webp.webp?fit=1200%2C675&ssl=1&resize=1050%2C600 3x"},"classes":[]},{"id":47793,"url":"https:\/\/ismaelcolosi.com.br\/index.php\/2024\/04\/28\/jovem-e-baleada-pelo-companheiro-na-zona-leste-de-ribeirao-preto\/","url_meta":{"origin":53690,"position":4},"title":"Jovem \u00e9 baleada pelo companheiro na zona Leste de Ribeir\u00e3o Preto","author":"ismaelcolosi.com.br","date":"28 de April de 2024","format":false,"excerpt":"Um homem, de 19 anos, foi preso acusado de atirar contra sua companheira em um apartamento na avenida Professora Edul Rangel Rabello, zona Leste de Ribeir\u00e3o Preto, na noite deste s\u00e1bado (27). De acordo com a Secretaria de Seguran\u00e7a P\u00fablica (SSP), a v\u00edtima, de 19 anos, foi atingida na regi\u00e3o\u2026","rel":"","context":"In &quot;Not\u00edcias de Ribeir\u00e3o Preto-SP e Regi\u00e3o&quot;","block_context":{"text":"Not\u00edcias de Ribeir\u00e3o Preto-SP e Regi\u00e3o","link":"https:\/\/ismaelcolosi.com.br\/index.php\/category\/noticias-de-ribeirao-preto-sp-e-regiao-ismael-colosi\/"},"img":{"alt_text":"","src":"https:\/\/i0.wp.com\/ismaelcolosi.com.br\/wp-content\/uploads\/2024\/04\/WhatsApp-Image-2023-12-09-at-13.55.44.jpeg?fit=1024%2C576&ssl=1&resize=350%2C200","width":350,"height":200,"srcset":"https:\/\/i0.wp.com\/ismaelcolosi.com.br\/wp-content\/uploads\/2024\/04\/WhatsApp-Image-2023-12-09-at-13.55.44.jpeg?fit=1024%2C576&ssl=1&resize=350%2C200 1x, https:\/\/i0.wp.com\/ismaelcolosi.com.br\/wp-content\/uploads\/2024\/04\/WhatsApp-Image-2023-12-09-at-13.55.44.jpeg?fit=1024%2C576&ssl=1&resize=525%2C300 1.5x, https:\/\/i0.wp.com\/ismaelcolosi.com.br\/wp-content\/uploads\/2024\/04\/WhatsApp-Image-2023-12-09-at-13.55.44.jpeg?fit=1024%2C576&ssl=1&resize=700%2C400 2x"},"classes":[]},{"id":41982,"url":"https:\/\/ismaelcolosi.com.br\/index.php\/2024\/03\/12\/empresario-e-preso-apos-denuncia-de-disparos-na-zona-sul-de-ribeirao-preto\/","url_meta":{"origin":53690,"position":5},"title":"Empres\u00e1rio \u00e9 preso ap\u00f3s den\u00fancia de disparos na zona Sul de Ribeir\u00e3o Preto","author":"ismaelcolosi.com.br","date":"12 de March de 2024","format":false,"excerpt":"Um empres\u00e1rio de 31 anos foi preso ap\u00f3s uma den\u00fancia de supostos disparos com arma de fogo em frente ao um bar na avenida Independ\u00eancia, na zona Sul de Ribeir\u00e3o Preto. O caso aconteceu na madrugada da \u00faltima segunda-feira (11). De acordo com o B.O. (boletim de ocorr\u00eancia), a Pol\u00edcia\u2026","rel":"","context":"In &quot;Not\u00edcias de Ribeir\u00e3o Preto-SP e Regi\u00e3o&quot;","block_context":{"text":"Not\u00edcias de Ribeir\u00e3o Preto-SP e Regi\u00e3o","link":"https:\/\/ismaelcolosi.com.br\/index.php\/category\/noticias-de-ribeirao-preto-sp-e-regiao-ismael-colosi\/"},"img":{"alt_text":"","src":"https:\/\/i0.wp.com\/ismaelcolosi.com.br\/wp-content\/uploads\/2024\/03\/1710257645_WhatsApp-Image-2023-12-09-at-13.55.44.jpeg?fit=1024%2C576&ssl=1&resize=350%2C200","width":350,"height":200,"srcset":"https:\/\/i0.wp.com\/ismaelcolosi.com.br\/wp-content\/uploads\/2024\/03\/1710257645_WhatsApp-Image-2023-12-09-at-13.55.44.jpeg?fit=1024%2C576&ssl=1&resize=350%2C200 1x, https:\/\/i0.wp.com\/ismaelcolosi.com.br\/wp-content\/uploads\/2024\/03\/1710257645_WhatsApp-Image-2023-12-09-at-13.55.44.jpeg?fit=1024%2C576&ssl=1&resize=525%2C300 1.5x, https:\/\/i0.wp.com\/ismaelcolosi.com.br\/wp-content\/uploads\/2024\/03\/1710257645_WhatsApp-Image-2023-12-09-at-13.55.44.jpeg?fit=1024%2C576&ssl=1&resize=700%2C400 2x"},"classes":[]}],"jetpack_sharing_enabled":true,"jetpack_shortlink":"https:\/\/wp.me\/pfMlyK-dXY","_links":{"self":[{"href":"https:\/\/ismaelcolosi.com.br\/index.php\/wp-json\/wp\/v2\/posts\/53690","targetHints":{"allow":["GET"]}}],"collection":[{"href":"https:\/\/ismaelcolosi.com.br\/index.php\/wp-json\/wp\/v2\/posts"}],"about":[{"href":"https:\/\/ismaelcolosi.com.br\/index.php\/wp-json\/wp\/v2\/types\/post"}],"author":[{"embeddable":true,"href":"https:\/\/ismaelcolosi.com.br\/index.php\/wp-json\/wp\/v2\/users\/1"}],"replies":[{"embeddable":true,"href":"https:\/\/ismaelcolosi.com.br\/index.php\/wp-json\/wp\/v2\/comments?post=53690"}],"version-history":[{"count":0,"href":"https:\/\/ismaelcolosi.com.br\/index.php\/wp-json\/wp\/v2\/posts\/53690\/revisions"}],"wp:featuredmedia":[{"embeddable":true,"href":"https:\/\/ismaelcolosi.com.br\/index.php\/wp-json\/wp\/v2\/media\/47976"}],"wp:attachment":[{"href":"https:\/\/ismaelcolosi.com.br\/index.php\/wp-json\/wp\/v2\/media?parent=53690"}],"wp:term":[{"taxonomy":"category","embeddable":true,"href":"https:\/\/ismaelcolosi.com.br\/index.php\/wp-json\/wp\/v2\/categories?post=53690"},{"taxonomy":"post_tag","embeddable":true,"href":"https:\/\/ismaelcolosi.com.br\/index.php\/wp-json\/wp\/v2\/tags?post=53690"}],"curies":[{"name":"wp","href":"https:\/\/api.w.org\/{rel}","templated":true}]}}