{"id":53688,"date":"2024-06-18T18:51:31","date_gmt":"2024-06-18T21:51:31","guid":{"rendered":"https:\/\/ismaelcolosi.com.br\/index.php\/2024\/06\/18\/jardim-japones-do-bosque-de-ribeirao-preto-e-reaberto-ao-publico-veja-fotos\/"},"modified":"2024-06-18T18:51:31","modified_gmt":"2024-06-18T21:51:31","slug":"jardim-japones-do-bosque-de-ribeirao-preto-e-reaberto-ao-publico-veja-fotos","status":"publish","type":"post","link":"https:\/\/ismaelcolosi.com.br\/index.php\/2024\/06\/18\/jardim-japones-do-bosque-de-ribeirao-preto-e-reaberto-ao-publico-veja-fotos\/","title":{"rendered":"Jardim Japon\u00eas do bosque de Ribeir\u00e3o Preto \u00e9 reaberto ao p\u00fablico; Veja fotos"},"content":{"rendered":"<p> <br \/>\n<\/p>\n<div data-td-block-uid=\"tdi_106\">\n<div class=\"tdb-block-inner td-fix-index\">\n<p><span style=\"background-color:#f7cc62\" class=\"td_text_highlight_marker\"><mark style=\"background-color:rgba(0, 0, 0, 0)\" class=\"has-inline-color has-black-color\">O <strong>Jardim Japon\u00eas do Bosque Zool\u00f3gico F\u00e1bio Barreto<\/strong> ser\u00e1 <strong>reaberto ao p\u00fablico<\/strong> nesta <strong>quarta-feira<\/strong> (19), dia em que <strong>Ribeir\u00e3o Preto comemora 168 anos<\/strong>. A <strong>visita\u00e7\u00e3o ao local <\/strong>pode ser feita das <strong>9h \u00e0s 16h30<\/strong>.<\/mark><\/span><\/p>\n<p>Considerado um dos <strong>pontos tur\u00edsticos da cidade<\/strong>, o <strong>local que estava fechado h\u00e1 mais de dois anos<\/strong>, por quest\u00f5es de seguran\u00e7a, <strong>passou por obras de revitaliza\u00e7\u00e3o<\/strong> entregues nesta ter\u00e7a-feira (18).<\/p>\n<p>Dentre as<strong> obras realizadas<\/strong>, o <strong>Jardim Japon\u00eas<\/strong> recebeu <strong>manuten\u00e7\u00e3o total<\/strong> da rede el\u00e9trica, instala\u00e7\u00e3o de holofotes de LED e restabelecimento das lumin\u00e1rias ornamentais. Al\u00e9m da <strong>pintura dos ornamentos<\/strong>, cercamento e <strong>Mirante<\/strong>, recoloca\u00e7\u00e3o dos <strong>paralelep\u00edpedos<\/strong> e ganhar um <strong>novo monjolo<\/strong>.<\/p>\n<h2 class=\"wp-block-heading\"><strong>Lazer no feriado <\/strong><\/h2>\n<p>O <strong>Bosque Zool\u00f3gico F\u00e1bio Barreto<\/strong> estar\u00e1 <strong>aberto, normalmente<\/strong>, nesta quarta-feira, das 9h \u00e0s 16h30.<\/p>\n<p>Com <strong>entrada gratuita<\/strong>, o local tamb\u00e9m ter\u00e1 como <strong>novidades<\/strong>, como a <strong>reabertura do terr\u00e1rio<\/strong>, a reforma do setor de zootecnia e <strong>recapeamento das vias<\/strong>. \u00a0<\/p>\n<p>A <strong>entrada do bosque<\/strong> fica na <strong>rua Liberdade s\/n\u00ba<\/strong>, no bairro Campos El\u00edseos.<\/p>\n<figure class=\"wp-block-gallery has-nested-images columns-default is-cropped wp-block-gallery-1 is-layout-flex\">\n<figure class=\"wp-block-image size-large\"><img data-recalc-dims=\"1\" loading=\"lazy\" decoding=\"async\" width=\"1024\" height=\"681\" data-id=\"84935\" src=\"https:\/\/i0.wp.com\/www.acidadeon.com\/ribeiraopreto\/wp-content\/uploads\/sites\/3\/2024\/06\/448536049_783410690603997_3509532573770233063_n_2024-06-18_21-05-42_jpg_2024-06-18_21-05-42-1024x681.webp?resize=1024%2C681&#038;ssl=1\" alt=\"\" class=\"wp-image-84935\" srcset=\"https:\/\/www.acidadeon.com\/ribeiraopreto\/wp-content\/uploads\/sites\/3\/2024\/06\/448536049_783410690603997_3509532573770233063_n_2024-06-18_21-05-42_jpg_2024-06-18_21-05-42-1024x681.webp 1024w, https:\/\/www.acidadeon.com\/ribeiraopreto\/wp-content\/uploads\/sites\/3\/2024\/06\/448536049_783410690603997_3509532573770233063_n_2024-06-18_21-05-42_jpg_2024-06-18_21-05-42-300x200.webp 300w, https:\/\/www.acidadeon.com\/ribeiraopreto\/wp-content\/uploads\/sites\/3\/2024\/06\/448536049_783410690603997_3509532573770233063_n_2024-06-18_21-05-42_jpg_2024-06-18_21-05-42-768x511.webp 768w, https:\/\/www.acidadeon.com\/ribeiraopreto\/wp-content\/uploads\/sites\/3\/2024\/06\/448536049_783410690603997_3509532573770233063_n_2024-06-18_21-05-42_jpg_2024-06-18_21-05-42-1536x1022.webp 1536w, https:\/\/www.acidadeon.com\/ribeiraopreto\/wp-content\/uploads\/sites\/3\/2024\/06\/448536049_783410690603997_3509532573770233063_n_2024-06-18_21-05-42_jpg_2024-06-18_21-05-42-696x463.webp 696w, https:\/\/www.acidadeon.com\/ribeiraopreto\/wp-content\/uploads\/sites\/3\/2024\/06\/448536049_783410690603997_3509532573770233063_n_2024-06-18_21-05-42_jpg_2024-06-18_21-05-42-1068x710.webp 1068w, https:\/\/www.acidadeon.com\/ribeiraopreto\/wp-content\/uploads\/sites\/3\/2024\/06\/448536049_783410690603997_3509532573770233063_n_2024-06-18_21-05-42_jpg_2024-06-18_21-05-42-1920x1277.webp 1920w, https:\/\/www.acidadeon.com\/ribeiraopreto\/wp-content\/uploads\/sites\/3\/2024\/06\/448536049_783410690603997_3509532573770233063_n_2024-06-18_21-05-42_jpg_2024-06-18_21-05-42.webp 2048w\" sizes=\"auto, (max-width: 1024px) 100vw, 1024px\"\/><\/figure>\n<figure class=\"wp-block-image size-large\"><img data-recalc-dims=\"1\" decoding=\"async\" loading=\"lazy\" width=\"1024\" height=\"681\" data-id=\"84936\" src=\"https:\/\/i0.wp.com\/www.acidadeon.com\/ribeiraopreto\/wp-content\/uploads\/sites\/3\/2024\/06\/448596285_783410787270654_3656105767015892622_n_2024-06-18_21-05-46_jpg_2024-06-18_21-05-47-1024x681.webp?resize=1024%2C681&#038;ssl=1\" alt=\"\" class=\"wp-image-84936\" srcset=\"https:\/\/www.acidadeon.com\/ribeiraopreto\/wp-content\/uploads\/sites\/3\/2024\/06\/448596285_783410787270654_3656105767015892622_n_2024-06-18_21-05-46_jpg_2024-06-18_21-05-47-1024x681.webp 1024w, https:\/\/www.acidadeon.com\/ribeiraopreto\/wp-content\/uploads\/sites\/3\/2024\/06\/448596285_783410787270654_3656105767015892622_n_2024-06-18_21-05-46_jpg_2024-06-18_21-05-47-300x200.webp 300w, https:\/\/www.acidadeon.com\/ribeiraopreto\/wp-content\/uploads\/sites\/3\/2024\/06\/448596285_783410787270654_3656105767015892622_n_2024-06-18_21-05-46_jpg_2024-06-18_21-05-47-768x511.webp 768w, https:\/\/www.acidadeon.com\/ribeiraopreto\/wp-content\/uploads\/sites\/3\/2024\/06\/448596285_783410787270654_3656105767015892622_n_2024-06-18_21-05-46_jpg_2024-06-18_21-05-47-1536x1022.webp 1536w, https:\/\/www.acidadeon.com\/ribeiraopreto\/wp-content\/uploads\/sites\/3\/2024\/06\/448596285_783410787270654_3656105767015892622_n_2024-06-18_21-05-46_jpg_2024-06-18_21-05-47-696x463.webp 696w, https:\/\/www.acidadeon.com\/ribeiraopreto\/wp-content\/uploads\/sites\/3\/2024\/06\/448596285_783410787270654_3656105767015892622_n_2024-06-18_21-05-46_jpg_2024-06-18_21-05-47-1068x710.webp 1068w, https:\/\/www.acidadeon.com\/ribeiraopreto\/wp-content\/uploads\/sites\/3\/2024\/06\/448596285_783410787270654_3656105767015892622_n_2024-06-18_21-05-46_jpg_2024-06-18_21-05-47-1920x1277.webp 1920w, https:\/\/www.acidadeon.com\/ribeiraopreto\/wp-content\/uploads\/sites\/3\/2024\/06\/448596285_783410787270654_3656105767015892622_n_2024-06-18_21-05-46_jpg_2024-06-18_21-05-47.webp 2048w\" sizes=\"auto, (max-width: 1024px) 100vw, 1024px\"\/><\/figure>\n<figure class=\"wp-block-image size-large\"><img data-recalc-dims=\"1\" decoding=\"async\" loading=\"lazy\" width=\"1024\" height=\"681\" data-id=\"84937\" src=\"https:\/\/i0.wp.com\/www.acidadeon.com\/ribeiraopreto\/wp-content\/uploads\/sites\/3\/2024\/06\/448624340_783410623937337_547217822321699564_n_2024-06-18_21-05-52_jpg_2024-06-18_21-05-52-1024x681.webp?resize=1024%2C681&#038;ssl=1\" alt=\"\" class=\"wp-image-84937\" srcset=\"https:\/\/www.acidadeon.com\/ribeiraopreto\/wp-content\/uploads\/sites\/3\/2024\/06\/448624340_783410623937337_547217822321699564_n_2024-06-18_21-05-52_jpg_2024-06-18_21-05-52-1024x681.webp 1024w, https:\/\/www.acidadeon.com\/ribeiraopreto\/wp-content\/uploads\/sites\/3\/2024\/06\/448624340_783410623937337_547217822321699564_n_2024-06-18_21-05-52_jpg_2024-06-18_21-05-52-300x200.webp 300w, https:\/\/www.acidadeon.com\/ribeiraopreto\/wp-content\/uploads\/sites\/3\/2024\/06\/448624340_783410623937337_547217822321699564_n_2024-06-18_21-05-52_jpg_2024-06-18_21-05-52-768x511.webp 768w, https:\/\/www.acidadeon.com\/ribeiraopreto\/wp-content\/uploads\/sites\/3\/2024\/06\/448624340_783410623937337_547217822321699564_n_2024-06-18_21-05-52_jpg_2024-06-18_21-05-52-1536x1022.webp 1536w, https:\/\/www.acidadeon.com\/ribeiraopreto\/wp-content\/uploads\/sites\/3\/2024\/06\/448624340_783410623937337_547217822321699564_n_2024-06-18_21-05-52_jpg_2024-06-18_21-05-52-696x463.webp 696w, https:\/\/www.acidadeon.com\/ribeiraopreto\/wp-content\/uploads\/sites\/3\/2024\/06\/448624340_783410623937337_547217822321699564_n_2024-06-18_21-05-52_jpg_2024-06-18_21-05-52-1068x710.webp 1068w, https:\/\/www.acidadeon.com\/ribeiraopreto\/wp-content\/uploads\/sites\/3\/2024\/06\/448624340_783410623937337_547217822321699564_n_2024-06-18_21-05-52_jpg_2024-06-18_21-05-52-1920x1277.webp 1920w, https:\/\/www.acidadeon.com\/ribeiraopreto\/wp-content\/uploads\/sites\/3\/2024\/06\/448624340_783410623937337_547217822321699564_n_2024-06-18_21-05-52_jpg_2024-06-18_21-05-52.webp 2048w\" sizes=\"auto, (max-width: 1024px) 100vw, 1024px\"\/><\/figure>\n<figure class=\"wp-block-image size-large\"><img data-recalc-dims=\"1\" decoding=\"async\" loading=\"lazy\" width=\"1024\" height=\"681\" data-id=\"84938\" src=\"https:\/\/i0.wp.com\/www.acidadeon.com\/ribeiraopreto\/wp-content\/uploads\/sites\/3\/2024\/06\/448635709_783410737270659_2282038343850757913_n_2024-06-18_21-05-58_jpg_2024-06-18_21-05-58-1024x681.webp?resize=1024%2C681&#038;ssl=1\" alt=\"\" class=\"wp-image-84938\" srcset=\"https:\/\/www.acidadeon.com\/ribeiraopreto\/wp-content\/uploads\/sites\/3\/2024\/06\/448635709_783410737270659_2282038343850757913_n_2024-06-18_21-05-58_jpg_2024-06-18_21-05-58-1024x681.webp 1024w, https:\/\/www.acidadeon.com\/ribeiraopreto\/wp-content\/uploads\/sites\/3\/2024\/06\/448635709_783410737270659_2282038343850757913_n_2024-06-18_21-05-58_jpg_2024-06-18_21-05-58-300x200.webp 300w, https:\/\/www.acidadeon.com\/ribeiraopreto\/wp-content\/uploads\/sites\/3\/2024\/06\/448635709_783410737270659_2282038343850757913_n_2024-06-18_21-05-58_jpg_2024-06-18_21-05-58-768x511.webp 768w, https:\/\/www.acidadeon.com\/ribeiraopreto\/wp-content\/uploads\/sites\/3\/2024\/06\/448635709_783410737270659_2282038343850757913_n_2024-06-18_21-05-58_jpg_2024-06-18_21-05-58-1536x1022.webp 1536w, https:\/\/www.acidadeon.com\/ribeiraopreto\/wp-content\/uploads\/sites\/3\/2024\/06\/448635709_783410737270659_2282038343850757913_n_2024-06-18_21-05-58_jpg_2024-06-18_21-05-58-696x463.webp 696w, https:\/\/www.acidadeon.com\/ribeiraopreto\/wp-content\/uploads\/sites\/3\/2024\/06\/448635709_783410737270659_2282038343850757913_n_2024-06-18_21-05-58_jpg_2024-06-18_21-05-58-1068x710.webp 1068w, https:\/\/www.acidadeon.com\/ribeiraopreto\/wp-content\/uploads\/sites\/3\/2024\/06\/448635709_783410737270659_2282038343850757913_n_2024-06-18_21-05-58_jpg_2024-06-18_21-05-58-1920x1277.webp 1920w, https:\/\/www.acidadeon.com\/ribeiraopreto\/wp-content\/uploads\/sites\/3\/2024\/06\/448635709_783410737270659_2282038343850757913_n_2024-06-18_21-05-58_jpg_2024-06-18_21-05-58.webp 2048w\" sizes=\"auto, (max-width: 1024px) 100vw, 1024px\"\/><\/figure>\n<figure class=\"wp-block-image size-large\"><img data-recalc-dims=\"1\" decoding=\"async\" loading=\"lazy\" width=\"1024\" height=\"681\" data-id=\"84939\" src=\"https:\/\/i0.wp.com\/www.acidadeon.com\/ribeiraopreto\/wp-content\/uploads\/sites\/3\/2024\/06\/448637648_783411487270584_8860569926866857605_n_2024-06-18_21-06-03_jpg_2024-06-18_21-06-03-1024x681.webp?resize=1024%2C681&#038;ssl=1\" alt=\"\" class=\"wp-image-84939\" srcset=\"https:\/\/www.acidadeon.com\/ribeiraopreto\/wp-content\/uploads\/sites\/3\/2024\/06\/448637648_783411487270584_8860569926866857605_n_2024-06-18_21-06-03_jpg_2024-06-18_21-06-03-1024x681.webp 1024w, https:\/\/www.acidadeon.com\/ribeiraopreto\/wp-content\/uploads\/sites\/3\/2024\/06\/448637648_783411487270584_8860569926866857605_n_2024-06-18_21-06-03_jpg_2024-06-18_21-06-03-300x200.webp 300w, https:\/\/www.acidadeon.com\/ribeiraopreto\/wp-content\/uploads\/sites\/3\/2024\/06\/448637648_783411487270584_8860569926866857605_n_2024-06-18_21-06-03_jpg_2024-06-18_21-06-03-768x511.webp 768w, https:\/\/www.acidadeon.com\/ribeiraopreto\/wp-content\/uploads\/sites\/3\/2024\/06\/448637648_783411487270584_8860569926866857605_n_2024-06-18_21-06-03_jpg_2024-06-18_21-06-03-1536x1022.webp 1536w, https:\/\/www.acidadeon.com\/ribeiraopreto\/wp-content\/uploads\/sites\/3\/2024\/06\/448637648_783411487270584_8860569926866857605_n_2024-06-18_21-06-03_jpg_2024-06-18_21-06-03-696x463.webp 696w, https:\/\/www.acidadeon.com\/ribeiraopreto\/wp-content\/uploads\/sites\/3\/2024\/06\/448637648_783411487270584_8860569926866857605_n_2024-06-18_21-06-03_jpg_2024-06-18_21-06-03-1068x710.webp 1068w, https:\/\/www.acidadeon.com\/ribeiraopreto\/wp-content\/uploads\/sites\/3\/2024\/06\/448637648_783411487270584_8860569926866857605_n_2024-06-18_21-06-03_jpg_2024-06-18_21-06-03-1920x1277.webp 1920w, https:\/\/www.acidadeon.com\/ribeiraopreto\/wp-content\/uploads\/sites\/3\/2024\/06\/448637648_783411487270584_8860569926866857605_n_2024-06-18_21-06-03_jpg_2024-06-18_21-06-03.webp 2048w\" sizes=\"auto, (max-width: 1024px) 100vw, 1024px\"\/><\/figure>\n<figure class=\"wp-block-image size-large\"><img data-recalc-dims=\"1\" decoding=\"async\" loading=\"lazy\" width=\"1024\" height=\"681\" data-id=\"84940\" src=\"https:\/\/i0.wp.com\/www.acidadeon.com\/ribeiraopreto\/wp-content\/uploads\/sites\/3\/2024\/06\/448641748_783410707270662_2752363244388879752_n_2024-06-18_21-06-07_jpg_2024-06-18_21-06-07-1024x681.webp?resize=1024%2C681&#038;ssl=1\" alt=\"\" class=\"wp-image-84940\" srcset=\"https:\/\/www.acidadeon.com\/ribeiraopreto\/wp-content\/uploads\/sites\/3\/2024\/06\/448641748_783410707270662_2752363244388879752_n_2024-06-18_21-06-07_jpg_2024-06-18_21-06-07-1024x681.webp 1024w, https:\/\/www.acidadeon.com\/ribeiraopreto\/wp-content\/uploads\/sites\/3\/2024\/06\/448641748_783410707270662_2752363244388879752_n_2024-06-18_21-06-07_jpg_2024-06-18_21-06-07-300x200.webp 300w, https:\/\/www.acidadeon.com\/ribeiraopreto\/wp-content\/uploads\/sites\/3\/2024\/06\/448641748_783410707270662_2752363244388879752_n_2024-06-18_21-06-07_jpg_2024-06-18_21-06-07-768x511.webp 768w, https:\/\/www.acidadeon.com\/ribeiraopreto\/wp-content\/uploads\/sites\/3\/2024\/06\/448641748_783410707270662_2752363244388879752_n_2024-06-18_21-06-07_jpg_2024-06-18_21-06-07-1536x1022.webp 1536w, https:\/\/www.acidadeon.com\/ribeiraopreto\/wp-content\/uploads\/sites\/3\/2024\/06\/448641748_783410707270662_2752363244388879752_n_2024-06-18_21-06-07_jpg_2024-06-18_21-06-07-696x463.webp 696w, https:\/\/www.acidadeon.com\/ribeiraopreto\/wp-content\/uploads\/sites\/3\/2024\/06\/448641748_783410707270662_2752363244388879752_n_2024-06-18_21-06-07_jpg_2024-06-18_21-06-07-1068x710.webp 1068w, https:\/\/www.acidadeon.com\/ribeiraopreto\/wp-content\/uploads\/sites\/3\/2024\/06\/448641748_783410707270662_2752363244388879752_n_2024-06-18_21-06-07_jpg_2024-06-18_21-06-07-1920x1277.webp 1920w, https:\/\/www.acidadeon.com\/ribeiraopreto\/wp-content\/uploads\/sites\/3\/2024\/06\/448641748_783410707270662_2752363244388879752_n_2024-06-18_21-06-07_jpg_2024-06-18_21-06-07.webp 2048w\" sizes=\"auto, (max-width: 1024px) 100vw, 1024px\"\/><\/figure>\n<figure class=\"wp-block-image size-large\"><img data-recalc-dims=\"1\" decoding=\"async\" loading=\"lazy\" width=\"1024\" height=\"681\" data-id=\"84941\" src=\"https:\/\/i0.wp.com\/www.acidadeon.com\/ribeiraopreto\/wp-content\/uploads\/sites\/3\/2024\/06\/448693351_783410767270656_5353284277665256945_n_2024-06-18_21-06-11_jpg_2024-06-18_21-06-11-1024x681.webp?resize=1024%2C681&#038;ssl=1\" alt=\"\" class=\"wp-image-84941\" srcset=\"https:\/\/www.acidadeon.com\/ribeiraopreto\/wp-content\/uploads\/sites\/3\/2024\/06\/448693351_783410767270656_5353284277665256945_n_2024-06-18_21-06-11_jpg_2024-06-18_21-06-11-1024x681.webp 1024w, https:\/\/www.acidadeon.com\/ribeiraopreto\/wp-content\/uploads\/sites\/3\/2024\/06\/448693351_783410767270656_5353284277665256945_n_2024-06-18_21-06-11_jpg_2024-06-18_21-06-11-300x200.webp 300w, https:\/\/www.acidadeon.com\/ribeiraopreto\/wp-content\/uploads\/sites\/3\/2024\/06\/448693351_783410767270656_5353284277665256945_n_2024-06-18_21-06-11_jpg_2024-06-18_21-06-11-768x511.webp 768w, https:\/\/www.acidadeon.com\/ribeiraopreto\/wp-content\/uploads\/sites\/3\/2024\/06\/448693351_783410767270656_5353284277665256945_n_2024-06-18_21-06-11_jpg_2024-06-18_21-06-11-1536x1022.webp 1536w, https:\/\/www.acidadeon.com\/ribeiraopreto\/wp-content\/uploads\/sites\/3\/2024\/06\/448693351_783410767270656_5353284277665256945_n_2024-06-18_21-06-11_jpg_2024-06-18_21-06-11-696x463.webp 696w, https:\/\/www.acidadeon.com\/ribeiraopreto\/wp-content\/uploads\/sites\/3\/2024\/06\/448693351_783410767270656_5353284277665256945_n_2024-06-18_21-06-11_jpg_2024-06-18_21-06-11-1068x710.webp 1068w, https:\/\/www.acidadeon.com\/ribeiraopreto\/wp-content\/uploads\/sites\/3\/2024\/06\/448693351_783410767270656_5353284277665256945_n_2024-06-18_21-06-11_jpg_2024-06-18_21-06-11-1920x1277.webp 1920w, https:\/\/www.acidadeon.com\/ribeiraopreto\/wp-content\/uploads\/sites\/3\/2024\/06\/448693351_783410767270656_5353284277665256945_n_2024-06-18_21-06-11_jpg_2024-06-18_21-06-11.webp 2048w\" sizes=\"auto, (max-width: 1024px) 100vw, 1024px\"\/><\/figure>\n<figure class=\"wp-block-image size-large\"><img data-recalc-dims=\"1\" decoding=\"async\" loading=\"lazy\" width=\"1024\" height=\"681\" data-id=\"84942\" src=\"https:\/\/i0.wp.com\/www.acidadeon.com\/ribeiraopreto\/wp-content\/uploads\/sites\/3\/2024\/06\/448741596_783411467270586_649545012698033583_n_2024-06-18_21-06-15_jpg_2024-06-18_21-06-16-1024x681.webp?resize=1024%2C681&#038;ssl=1\" alt=\"\" class=\"wp-image-84942\" srcset=\"https:\/\/www.acidadeon.com\/ribeiraopreto\/wp-content\/uploads\/sites\/3\/2024\/06\/448741596_783411467270586_649545012698033583_n_2024-06-18_21-06-15_jpg_2024-06-18_21-06-16-1024x681.webp 1024w, https:\/\/www.acidadeon.com\/ribeiraopreto\/wp-content\/uploads\/sites\/3\/2024\/06\/448741596_783411467270586_649545012698033583_n_2024-06-18_21-06-15_jpg_2024-06-18_21-06-16-300x200.webp 300w, https:\/\/www.acidadeon.com\/ribeiraopreto\/wp-content\/uploads\/sites\/3\/2024\/06\/448741596_783411467270586_649545012698033583_n_2024-06-18_21-06-15_jpg_2024-06-18_21-06-16-768x511.webp 768w, https:\/\/www.acidadeon.com\/ribeiraopreto\/wp-content\/uploads\/sites\/3\/2024\/06\/448741596_783411467270586_649545012698033583_n_2024-06-18_21-06-15_jpg_2024-06-18_21-06-16-1536x1022.webp 1536w, https:\/\/www.acidadeon.com\/ribeiraopreto\/wp-content\/uploads\/sites\/3\/2024\/06\/448741596_783411467270586_649545012698033583_n_2024-06-18_21-06-15_jpg_2024-06-18_21-06-16-696x463.webp 696w, https:\/\/www.acidadeon.com\/ribeiraopreto\/wp-content\/uploads\/sites\/3\/2024\/06\/448741596_783411467270586_649545012698033583_n_2024-06-18_21-06-15_jpg_2024-06-18_21-06-16-1068x710.webp 1068w, https:\/\/www.acidadeon.com\/ribeiraopreto\/wp-content\/uploads\/sites\/3\/2024\/06\/448741596_783411467270586_649545012698033583_n_2024-06-18_21-06-15_jpg_2024-06-18_21-06-16-1920x1277.webp 1920w, https:\/\/www.acidadeon.com\/ribeiraopreto\/wp-content\/uploads\/sites\/3\/2024\/06\/448741596_783411467270586_649545012698033583_n_2024-06-18_21-06-15_jpg_2024-06-18_21-06-16.webp 2048w\" sizes=\"auto, (max-width: 1024px) 100vw, 1024px\"\/><\/figure>\n<figure class=\"wp-block-image size-large\"><img data-recalc-dims=\"1\" decoding=\"async\" loading=\"lazy\" width=\"1024\" height=\"681\" data-id=\"84943\" src=\"https:\/\/i0.wp.com\/www.acidadeon.com\/ribeiraopreto\/wp-content\/uploads\/sites\/3\/2024\/06\/448768566_783410650604001_3471840994255790612_n_2024-06-18_21-06-20_jpg_2024-06-18_21-06-20-1024x681.webp?resize=1024%2C681&#038;ssl=1\" alt=\"\" class=\"wp-image-84943\" srcset=\"https:\/\/www.acidadeon.com\/ribeiraopreto\/wp-content\/uploads\/sites\/3\/2024\/06\/448768566_783410650604001_3471840994255790612_n_2024-06-18_21-06-20_jpg_2024-06-18_21-06-20-1024x681.webp 1024w, https:\/\/www.acidadeon.com\/ribeiraopreto\/wp-content\/uploads\/sites\/3\/2024\/06\/448768566_783410650604001_3471840994255790612_n_2024-06-18_21-06-20_jpg_2024-06-18_21-06-20-300x200.webp 300w, https:\/\/www.acidadeon.com\/ribeiraopreto\/wp-content\/uploads\/sites\/3\/2024\/06\/448768566_783410650604001_3471840994255790612_n_2024-06-18_21-06-20_jpg_2024-06-18_21-06-20-768x511.webp 768w, https:\/\/www.acidadeon.com\/ribeiraopreto\/wp-content\/uploads\/sites\/3\/2024\/06\/448768566_783410650604001_3471840994255790612_n_2024-06-18_21-06-20_jpg_2024-06-18_21-06-20-1536x1022.webp 1536w, https:\/\/www.acidadeon.com\/ribeiraopreto\/wp-content\/uploads\/sites\/3\/2024\/06\/448768566_783410650604001_3471840994255790612_n_2024-06-18_21-06-20_jpg_2024-06-18_21-06-20-696x463.webp 696w, https:\/\/www.acidadeon.com\/ribeiraopreto\/wp-content\/uploads\/sites\/3\/2024\/06\/448768566_783410650604001_3471840994255790612_n_2024-06-18_21-06-20_jpg_2024-06-18_21-06-20-1068x710.webp 1068w, https:\/\/www.acidadeon.com\/ribeiraopreto\/wp-content\/uploads\/sites\/3\/2024\/06\/448768566_783410650604001_3471840994255790612_n_2024-06-18_21-06-20_jpg_2024-06-18_21-06-20-1920x1277.webp 1920w, https:\/\/www.acidadeon.com\/ribeiraopreto\/wp-content\/uploads\/sites\/3\/2024\/06\/448768566_783410650604001_3471840994255790612_n_2024-06-18_21-06-20_jpg_2024-06-18_21-06-20.webp 2048w\" sizes=\"auto, (max-width: 1024px) 100vw, 1024px\"\/><\/figure>\n<\/figure>\n<p>SAIBA MAIS <\/p>\n<p>Palacete Camilo de Mattos abre para visita\u00e7\u00e3o no anivers\u00e1rio de Ribeir\u00e3o Preto<\/p>\n<h4 class=\"wp-block-heading\"><strong>FIQUE ON<\/strong><\/h4>\n<p>Fique ligado em tudo que acontece em Ribeir\u00e3o Preto e regi\u00e3o. Siga os perfis do\u00a0<strong>acidade on\u00a0<\/strong>no\u00a0<a href=\"https:\/\/www.instagram.com\/acidadeonribeirao\" target=\"_blank\" rel=\"noreferrer noopener\">Instagram<\/a>\u00a0e no\u00a0<a href=\"https:\/\/www.facebook.com\/acidadeonribeirao\" target=\"_blank\" rel=\"noreferrer noopener\">Facebook<\/a>.<\/p>\n<p>Receba not\u00edcias do acidade on no WhatsApp. Para entrar no grupo, basta\u00a0<a href=\"https:\/\/chat.whatsapp.com\/CdrZ6xrf7quD44Vw3WlPuZ\" target=\"_blank\" rel=\"noreferrer noopener\">clicar aqui<\/a>.<\/p>\n<p>Fa\u00e7a uma den\u00fancia ou sugira uma reportagem sobre Ribeir\u00e3o Preto e regi\u00e3o pelo WhatsApp: 16 99117 7802.<\/p>\n<p>VEJA TAMB\u00c9M<\/p>\n<p>Qual o diagn\u00f3stico de Celine Dion?<\/p>\n<p><!-- AI CONTENT END 1 -->\n<\/div>\n<\/div>\n<p><script async src=\"\/\/www.instagram.com\/embed.js\"><\/script><br \/>\n<br \/><br \/>\n<br \/><a href=\"https:\/\/www.acidadeon.com\/ribeiraopreto\/lazer-e-cultura\/jardim-japones-do-bosque-ribeirao-preto-e-reaberto-ao-publico-veja-fotos\/\">Source link <\/a><\/p>\n<div class='code-block code-block-4' style='margin: 8px auto 8px 0; text-align: left; display: block; clear: both;'>\n\ud83d\udce2 Aviso Legal\n\nO site ismaelcolosi.com.br atua apenas como um canal de divulga\u00e7\u00e3o de oportunidades de emprego e n\u00e3o se responsabiliza pelo processo seletivo, contrata\u00e7\u00e3o ou qualquer outra etapa relacionada \u00e0s vagas publicadas. Todas as informa\u00e7\u00f5es s\u00e3o de responsabilidade dos anunciantes.\n\n\u26a0\ufe0f Aten\u00e7\u00e3o! Nunca pague por promessas de emprego nem compre cursos que garantam contrata\u00e7\u00e3o. Desconfie de qualquer cobran\u00e7a para participar de sele\u00e7\u00f5es.\n\n\n\n<\/div>\n<!-- CONTENT END 1 -->\n","protected":false},"excerpt":{"rendered":"<p>O Jardim Japon\u00eas do Bosque Zool\u00f3gico F\u00e1bio Barreto ser\u00e1 reaberto ao p\u00fablico nesta quarta-feira (19), dia em que Ribeir\u00e3o Preto comemora 168 anos. A visita\u00e7\u00e3o&#8230;<\/p>\n","protected":false},"author":1,"featured_media":53689,"comment_status":"open","ping_status":"open","sticky":false,"template":"","format":"standard","meta":{"_uag_custom_page_level_css":"","advanced_seo_description":"","jetpack_seo_html_title":"","jetpack_seo_noindex":false,"jetpack_post_was_ever_published":false,"_jetpack_newsletter_access":"","_jetpack_dont_email_post_to_subs":false,"_jetpack_newsletter_tier_id":0,"_jetpack_memberships_contains_paywalled_content":false,"_jetpack_memberships_contains_paid_content":false,"footnotes":"","jetpack_publicize_message":"","jetpack_publicize_feature_enabled":true,"jetpack_social_post_already_shared":true,"jetpack_social_options":{"image_generator_settings":{"template":"highway","default_image_id":0,"font":"","enabled":false},"version":2}},"categories":[11],"tags":[],"class_list":["post-53688","post","type-post","status-publish","format-standard","has-post-thumbnail","hentry","category-noticias-de-ribeirao-preto-sp-e-regiao-ismael-colosi"],"jetpack_publicize_connections":[],"jetpack_featured_media_url":"https:\/\/i0.wp.com\/ismaelcolosi.com.br\/wp-content\/uploads\/2024\/06\/Copia-de-Copia-de-TAMANHO-EXATO-PARA-FOTOS-NO-SISTEMA-NOVO-13_2024-06-18_21-12-45_jpg_2024-06-18_21-12-45.webp.webp?fit=1200%2C675&ssl=1","uagb_featured_image_src":{"full":["https:\/\/i0.wp.com\/ismaelcolosi.com.br\/wp-content\/uploads\/2024\/06\/Copia-de-Copia-de-TAMANHO-EXATO-PARA-FOTOS-NO-SISTEMA-NOVO-13_2024-06-18_21-12-45_jpg_2024-06-18_21-12-45.webp.webp?fit=1200%2C675&ssl=1",1200,675,false],"thumbnail":["https:\/\/i0.wp.com\/ismaelcolosi.com.br\/wp-content\/uploads\/2024\/06\/Copia-de-Copia-de-TAMANHO-EXATO-PARA-FOTOS-NO-SISTEMA-NOVO-13_2024-06-18_21-12-45_jpg_2024-06-18_21-12-45.webp.webp?resize=150%2C150&ssl=1",150,150,true],"medium":["https:\/\/i0.wp.com\/ismaelcolosi.com.br\/wp-content\/uploads\/2024\/06\/Copia-de-Copia-de-TAMANHO-EXATO-PARA-FOTOS-NO-SISTEMA-NOVO-13_2024-06-18_21-12-45_jpg_2024-06-18_21-12-45.webp.webp?fit=300%2C169&ssl=1",300,169,true],"medium_large":["https:\/\/i0.wp.com\/ismaelcolosi.com.br\/wp-content\/uploads\/2024\/06\/Copia-de-Copia-de-TAMANHO-EXATO-PARA-FOTOS-NO-SISTEMA-NOVO-13_2024-06-18_21-12-45_jpg_2024-06-18_21-12-45.webp.webp?fit=768%2C432&ssl=1",768,432,true],"large":["https:\/\/i0.wp.com\/ismaelcolosi.com.br\/wp-content\/uploads\/2024\/06\/Copia-de-Copia-de-TAMANHO-EXATO-PARA-FOTOS-NO-SISTEMA-NOVO-13_2024-06-18_21-12-45_jpg_2024-06-18_21-12-45.webp.webp?fit=1024%2C576&ssl=1",1024,576,true],"1536x1536":["https:\/\/i0.wp.com\/ismaelcolosi.com.br\/wp-content\/uploads\/2024\/06\/Copia-de-Copia-de-TAMANHO-EXATO-PARA-FOTOS-NO-SISTEMA-NOVO-13_2024-06-18_21-12-45_jpg_2024-06-18_21-12-45.webp.webp?fit=1200%2C675&ssl=1",1200,675,true],"2048x2048":["https:\/\/i0.wp.com\/ismaelcolosi.com.br\/wp-content\/uploads\/2024\/06\/Copia-de-Copia-de-TAMANHO-EXATO-PARA-FOTOS-NO-SISTEMA-NOVO-13_2024-06-18_21-12-45_jpg_2024-06-18_21-12-45.webp.webp?fit=1200%2C675&ssl=1",1200,675,true],"really-simple-thumb":["https:\/\/i0.wp.com\/ismaelcolosi.com.br\/wp-content\/uploads\/2024\/06\/Copia-de-Copia-de-TAMANHO-EXATO-PARA-FOTOS-NO-SISTEMA-NOVO-13_2024-06-18_21-12-45_jpg_2024-06-18_21-12-45.webp.webp?resize=370%2C247&ssl=1",370,247,true]},"uagb_author_info":{"display_name":"ismaelcolosi.com.br","author_link":"https:\/\/ismaelcolosi.com.br\/index.php\/author\/vidareal-online\/"},"uagb_comment_info":0,"uagb_excerpt":"O Jardim Japon\u00eas do Bosque Zool\u00f3gico F\u00e1bio Barreto ser\u00e1 reaberto ao p\u00fablico nesta quarta-feira (19), dia em que Ribeir\u00e3o Preto comemora 168 anos. A visita\u00e7\u00e3o...","jetpack-related-posts":[{"id":53699,"url":"https:\/\/ismaelcolosi.com.br\/index.php\/2024\/06\/18\/ribeirao-preto-tem-nova-acao-para-doacao-de-mudas-ornamentais-e-frutiferas-veja-quando\/","url_meta":{"origin":53688,"position":0},"title":"Ribeir\u00e3o Preto tem nova a\u00e7\u00e3o para doa\u00e7\u00e3o de mudas ornamentais e frut\u00edferas; Veja quando","author":"ismaelcolosi.com.br","date":"18 de June de 2024","format":false,"excerpt":"A Secretaria do Meio Ambiente de Ribeir\u00e3o Preto realiza, nesta quarta-feira (19), uma nova a\u00e7\u00e3o para doa\u00e7\u00e3o de mudas ornamentais e frut\u00edferas. As doa\u00e7\u00f5es acontecem na pra\u00e7a XV de Novembro, regi\u00e3o central do munic\u00edpio, das 09h \u00e0s 12h. A atividade faz parte das celebra\u00e7\u00f5es do anivers\u00e1rio de 168 anos de\u2026","rel":"","context":"In &quot;Not\u00edcias de Ribeir\u00e3o Preto-SP e Regi\u00e3o&quot;","block_context":{"text":"Not\u00edcias de Ribeir\u00e3o Preto-SP e Regi\u00e3o","link":"https:\/\/ismaelcolosi.com.br\/index.php\/category\/noticias-de-ribeirao-preto-sp-e-regiao-ismael-colosi\/"},"img":{"alt_text":"","src":"https:\/\/i0.wp.com\/ismaelcolosi.com.br\/wp-content\/uploads\/2024\/05\/distribuicao_de_mudas_-_fotos_fernando_gonzaga_11_2024-05-23_23-08-13_jpg_2024-05-23_23-08-13.webp.webp?fit=1200%2C800&ssl=1&resize=350%2C200","width":350,"height":200,"srcset":"https:\/\/i0.wp.com\/ismaelcolosi.com.br\/wp-content\/uploads\/2024\/05\/distribuicao_de_mudas_-_fotos_fernando_gonzaga_11_2024-05-23_23-08-13_jpg_2024-05-23_23-08-13.webp.webp?fit=1200%2C800&ssl=1&resize=350%2C200 1x, https:\/\/i0.wp.com\/ismaelcolosi.com.br\/wp-content\/uploads\/2024\/05\/distribuicao_de_mudas_-_fotos_fernando_gonzaga_11_2024-05-23_23-08-13_jpg_2024-05-23_23-08-13.webp.webp?fit=1200%2C800&ssl=1&resize=525%2C300 1.5x, https:\/\/i0.wp.com\/ismaelcolosi.com.br\/wp-content\/uploads\/2024\/05\/distribuicao_de_mudas_-_fotos_fernando_gonzaga_11_2024-05-23_23-08-13_jpg_2024-05-23_23-08-13.webp.webp?fit=1200%2C800&ssl=1&resize=700%2C400 2x, https:\/\/i0.wp.com\/ismaelcolosi.com.br\/wp-content\/uploads\/2024\/05\/distribuicao_de_mudas_-_fotos_fernando_gonzaga_11_2024-05-23_23-08-13_jpg_2024-05-23_23-08-13.webp.webp?fit=1200%2C800&ssl=1&resize=1050%2C600 3x"},"classes":[]},{"id":67869,"url":"https:\/\/ismaelcolosi.com.br\/index.php\/2024\/09\/25\/apos-mais-de-10-anos-fechado-parque-de-ribeirao-preto-sera-reaberto-ao-publico\/","url_meta":{"origin":53688,"position":1},"title":"Ap\u00f3s mais de 10 anos fechado, parque de Ribeir\u00e3o Preto ser\u00e1 reaberto ao p\u00fablico","author":"ismaelcolosi.com.br","date":"25 de September de 2024","format":false,"excerpt":"O Parque Roberto Genaro, entre as avenidas Caramuru e Santa Luzia, na zona Sul de Ribeir\u00e3o Preto, deve ser reaberto ao p\u00fablico ainda neste ano. O local est\u00e1 fechado h\u00e1 mais de 10 anos. De acordo com o atual prefeito do munic\u00edpio, Duarte Nogueira (PSDB), o local est\u00e1 recebendo obras\u2026","rel":"","context":"In &quot;Not\u00edcias de Ribeir\u00e3o Preto-SP e Regi\u00e3o&quot;","block_context":{"text":"Not\u00edcias de Ribeir\u00e3o Preto-SP e Regi\u00e3o","link":"https:\/\/ismaelcolosi.com.br\/index.php\/category\/noticias-de-ribeirao-preto-sp-e-regiao-ismael-colosi\/"},"img":{"alt_text":"","src":"https:\/\/i0.wp.com\/ismaelcolosi.com.br\/wp-content\/uploads\/2024\/09\/parque-roberto-genaro.jpg?fit=1200%2C713&ssl=1&resize=350%2C200","width":350,"height":200,"srcset":"https:\/\/i0.wp.com\/ismaelcolosi.com.br\/wp-content\/uploads\/2024\/09\/parque-roberto-genaro.jpg?fit=1200%2C713&ssl=1&resize=350%2C200 1x, https:\/\/i0.wp.com\/ismaelcolosi.com.br\/wp-content\/uploads\/2024\/09\/parque-roberto-genaro.jpg?fit=1200%2C713&ssl=1&resize=525%2C300 1.5x, https:\/\/i0.wp.com\/ismaelcolosi.com.br\/wp-content\/uploads\/2024\/09\/parque-roberto-genaro.jpg?fit=1200%2C713&ssl=1&resize=700%2C400 2x, https:\/\/i0.wp.com\/ismaelcolosi.com.br\/wp-content\/uploads\/2024\/09\/parque-roberto-genaro.jpg?fit=1200%2C713&ssl=1&resize=1050%2C600 3x"},"classes":[]},{"id":55007,"url":"https:\/\/ismaelcolosi.com.br\/index.php\/2024\/06\/29\/ferias-de-julho-sete-locais-em-ribeirao-preto-e-regiao-para-curtir-em-familia\/","url_meta":{"origin":53688,"position":2},"title":"F\u00e9rias de julho: Sete locais em Ribeir\u00e3o Preto e regi\u00e3o para curtir em fam\u00edlia","author":"ismaelcolosi.com.br","date":"29 de June de 2024","format":false,"excerpt":"Julho \u00e9 o m\u00eas em que os pais buscam op\u00e7\u00f5es de lazer para sair da rotina com os filhos durante as f\u00e9rias escolares. Pensando nisso, o acidade on preparou uma lista com sete locais para curtir em fam\u00edlia, que ficam em Ribeir\u00e3o Preto, Brodowski e Sert\u00e3ozinho. Todos com entrada gratuita.\u2026","rel":"","context":"In &quot;Not\u00edcias de Ribeir\u00e3o Preto-SP e Regi\u00e3o&quot;","block_context":{"text":"Not\u00edcias de Ribeir\u00e3o Preto-SP e Regi\u00e3o","link":"https:\/\/ismaelcolosi.com.br\/index.php\/category\/noticias-de-ribeirao-preto-sp-e-regiao-ismael-colosi\/"},"img":{"alt_text":"","src":"https:\/\/i0.wp.com\/ismaelcolosi.com.br\/wp-content\/uploads\/2024\/06\/bb822011-2f61-4abe-9370-40ddfa249447_2024-06-28_18-46-04_jpeg_2024-06-28_18-46-05.webp.webp?fit=1200%2C900&ssl=1&resize=350%2C200","width":350,"height":200,"srcset":"https:\/\/i0.wp.com\/ismaelcolosi.com.br\/wp-content\/uploads\/2024\/06\/bb822011-2f61-4abe-9370-40ddfa249447_2024-06-28_18-46-04_jpeg_2024-06-28_18-46-05.webp.webp?fit=1200%2C900&ssl=1&resize=350%2C200 1x, https:\/\/i0.wp.com\/ismaelcolosi.com.br\/wp-content\/uploads\/2024\/06\/bb822011-2f61-4abe-9370-40ddfa249447_2024-06-28_18-46-04_jpeg_2024-06-28_18-46-05.webp.webp?fit=1200%2C900&ssl=1&resize=525%2C300 1.5x, https:\/\/i0.wp.com\/ismaelcolosi.com.br\/wp-content\/uploads\/2024\/06\/bb822011-2f61-4abe-9370-40ddfa249447_2024-06-28_18-46-04_jpeg_2024-06-28_18-46-05.webp.webp?fit=1200%2C900&ssl=1&resize=700%2C400 2x, https:\/\/i0.wp.com\/ismaelcolosi.com.br\/wp-content\/uploads\/2024\/06\/bb822011-2f61-4abe-9370-40ddfa249447_2024-06-28_18-46-04_jpeg_2024-06-28_18-46-05.webp.webp?fit=1200%2C900&ssl=1&resize=1050%2C600 3x"},"classes":[]},{"id":13886,"url":"https:\/\/ismaelcolosi.com.br\/index.php\/2023\/12\/11\/apos-manutencao-bosque-e-zoologico-de-ribeirao-preto-vai-reabrir-veja-quando\/","url_meta":{"origin":53688,"position":3},"title":"Ap\u00f3s manuten\u00e7\u00e3o, Bosque e Zool\u00f3gico de Ribeir\u00e3o Preto vai reabrir; Veja quando\u00a0","author":"ismaelcolosi.com.br","date":"11 de December de 2023","format":false,"excerpt":"O Bosque e Zool\u00f3gico F\u00e1bio Barreto, localizado no Parque Municipal do Morro do S\u00e3o Bento, ser\u00e1 reaberto nesta quarta-feira (13). O local \u00e9 op\u00e7\u00e3o para as f\u00e9rias e para quem gosta de curtir a natureza. A entrada \u00e9 gratuita. Na \u00faltima semana o bosque recebeu a implanta\u00e7\u00e3o de um asfalto\u2026","rel":"","context":"In &quot;Not\u00edcias de Ribeir\u00e3o Preto-SP e Regi\u00e3o&quot;","block_context":{"text":"Not\u00edcias de Ribeir\u00e3o Preto-SP e Regi\u00e3o","link":"https:\/\/ismaelcolosi.com.br\/index.php\/category\/noticias-de-ribeirao-preto-sp-e-regiao-ismael-colosi\/"},"img":{"alt_text":"","src":"https:\/\/i0.wp.com\/ismaelcolosi.com.br\/wp-content\/uploads\/2023\/12\/obras_bosque_-_foto_guilherme_sircili_30-1068x712-1.jpg?fit=1068%2C712&ssl=1&resize=350%2C200","width":350,"height":200,"srcset":"https:\/\/i0.wp.com\/ismaelcolosi.com.br\/wp-content\/uploads\/2023\/12\/obras_bosque_-_foto_guilherme_sircili_30-1068x712-1.jpg?fit=1068%2C712&ssl=1&resize=350%2C200 1x, https:\/\/i0.wp.com\/ismaelcolosi.com.br\/wp-content\/uploads\/2023\/12\/obras_bosque_-_foto_guilherme_sircili_30-1068x712-1.jpg?fit=1068%2C712&ssl=1&resize=525%2C300 1.5x, https:\/\/i0.wp.com\/ismaelcolosi.com.br\/wp-content\/uploads\/2023\/12\/obras_bosque_-_foto_guilherme_sircili_30-1068x712-1.jpg?fit=1068%2C712&ssl=1&resize=700%2C400 2x, https:\/\/i0.wp.com\/ismaelcolosi.com.br\/wp-content\/uploads\/2023\/12\/obras_bosque_-_foto_guilherme_sircili_30-1068x712-1.jpg?fit=1068%2C712&ssl=1&resize=1050%2C600 3x"},"classes":[]},{"id":29782,"url":"https:\/\/ismaelcolosi.com.br\/index.php\/2024\/01\/19\/quermesse-encontro-de-fuscas-e-musica-veja-as-opcoes-para-aproveitar-o-final-de-semana-em-ribeirao-preto\/","url_meta":{"origin":53688,"position":4},"title":"Quermesse, encontro de Fuscas e m\u00fasica: Veja as op\u00e7\u00f5es para aproveitar o final de semana em Ribeir\u00e3o Preto","author":"ismaelcolosi.com.br","date":"19 de January de 2024","format":false,"excerpt":"Quem for passar o final de semana em Ribeir\u00e3o Preto ter\u00e1 diversas op\u00e7\u00f5es de cultura e lazer. Tem quermesse, encontro de Fuscas e muita m\u00fasica. Al\u00e9m disso, o Bosque F\u00e1bio Barreto e o Museu Casa da Mem\u00f3ria Italiana, contam com programa\u00e7\u00e3o de f\u00e9rias para a crian\u00e7ada. Confira a programa\u00e7\u00e3o: Bosque\u2026","rel":"","context":"In &quot;Not\u00edcias de Ribeir\u00e3o Preto-SP e Regi\u00e3o&quot;","block_context":{"text":"Not\u00edcias de Ribeir\u00e3o Preto-SP e Regi\u00e3o","link":"https:\/\/ismaelcolosi.com.br\/index.php\/category\/noticias-de-ribeirao-preto-sp-e-regiao-ismael-colosi\/"},"img":{"alt_text":"","src":"https:\/\/i0.wp.com\/ismaelcolosi.com.br\/wp-content\/uploads\/2024\/01\/Design-sem-nome.jpg?fit=811%2C491&ssl=1&resize=350%2C200","width":350,"height":200,"srcset":"https:\/\/i0.wp.com\/ismaelcolosi.com.br\/wp-content\/uploads\/2024\/01\/Design-sem-nome.jpg?fit=811%2C491&ssl=1&resize=350%2C200 1x, https:\/\/i0.wp.com\/ismaelcolosi.com.br\/wp-content\/uploads\/2024\/01\/Design-sem-nome.jpg?fit=811%2C491&ssl=1&resize=525%2C300 1.5x, https:\/\/i0.wp.com\/ismaelcolosi.com.br\/wp-content\/uploads\/2024\/01\/Design-sem-nome.jpg?fit=811%2C491&ssl=1&resize=700%2C400 2x"},"classes":[]},{"id":10670,"url":"https:\/\/ismaelcolosi.com.br\/index.php\/2023\/12\/04\/bosque-de-ribeirao-preto-vai-ficar-fechado-nesta-semana-entenda\/","url_meta":{"origin":53688,"position":5},"title":"Bosque de Ribeir\u00e3o Preto vai ficar fechado nesta semana; Entenda","author":"ismaelcolosi.com.br","date":"4 de December de 2023","format":false,"excerpt":"A Prefeitura de Ribeir\u00e3o Preto informou, nesta segunda-feira (4), que o Bosque Zoo F\u00e1bio Barretos, localizado na zona Norte da cidade, ter\u00e1 a visita\u00e7\u00e3o suspensa durante essa semana. O fechamento do local vai acontecer a partir da quarta-feira (6) e permanece at\u00e9 a sexta-feira (8). Vale lembrar que as segundas\u2026","rel":"","context":"In &quot;Not\u00edcias de Ribeir\u00e3o Preto-SP e Regi\u00e3o&quot;","block_context":{"text":"Not\u00edcias de Ribeir\u00e3o Preto-SP e Regi\u00e3o","link":"https:\/\/ismaelcolosi.com.br\/index.php\/category\/noticias-de-ribeirao-preto-sp-e-regiao-ismael-colosi\/"},"img":{"alt_text":"","src":"https:\/\/i0.wp.com\/ismaelcolosi.com.br\/wp-content\/uploads\/2023\/12\/bosque.jpg?fit=1200%2C620&ssl=1&resize=350%2C200","width":350,"height":200,"srcset":"https:\/\/i0.wp.com\/ismaelcolosi.com.br\/wp-content\/uploads\/2023\/12\/bosque.jpg?fit=1200%2C620&ssl=1&resize=350%2C200 1x, https:\/\/i0.wp.com\/ismaelcolosi.com.br\/wp-content\/uploads\/2023\/12\/bosque.jpg?fit=1200%2C620&ssl=1&resize=525%2C300 1.5x, https:\/\/i0.wp.com\/ismaelcolosi.com.br\/wp-content\/uploads\/2023\/12\/bosque.jpg?fit=1200%2C620&ssl=1&resize=700%2C400 2x, https:\/\/i0.wp.com\/ismaelcolosi.com.br\/wp-content\/uploads\/2023\/12\/bosque.jpg?fit=1200%2C620&ssl=1&resize=1050%2C600 3x"},"classes":[]}],"jetpack_sharing_enabled":true,"jetpack_shortlink":"https:\/\/wp.me\/pfMlyK-dXW","_links":{"self":[{"href":"https:\/\/ismaelcolosi.com.br\/index.php\/wp-json\/wp\/v2\/posts\/53688","targetHints":{"allow":["GET"]}}],"collection":[{"href":"https:\/\/ismaelcolosi.com.br\/index.php\/wp-json\/wp\/v2\/posts"}],"about":[{"href":"https:\/\/ismaelcolosi.com.br\/index.php\/wp-json\/wp\/v2\/types\/post"}],"author":[{"embeddable":true,"href":"https:\/\/ismaelcolosi.com.br\/index.php\/wp-json\/wp\/v2\/users\/1"}],"replies":[{"embeddable":true,"href":"https:\/\/ismaelcolosi.com.br\/index.php\/wp-json\/wp\/v2\/comments?post=53688"}],"version-history":[{"count":0,"href":"https:\/\/ismaelcolosi.com.br\/index.php\/wp-json\/wp\/v2\/posts\/53688\/revisions"}],"wp:featuredmedia":[{"embeddable":true,"href":"https:\/\/ismaelcolosi.com.br\/index.php\/wp-json\/wp\/v2\/media\/53689"}],"wp:attachment":[{"href":"https:\/\/ismaelcolosi.com.br\/index.php\/wp-json\/wp\/v2\/media?parent=53688"}],"wp:term":[{"taxonomy":"category","embeddable":true,"href":"https:\/\/ismaelcolosi.com.br\/index.php\/wp-json\/wp\/v2\/categories?post=53688"},{"taxonomy":"post_tag","embeddable":true,"href":"https:\/\/ismaelcolosi.com.br\/index.php\/wp-json\/wp\/v2\/tags?post=53688"}],"curies":[{"name":"wp","href":"https:\/\/api.w.org\/{rel}","templated":true}]}}