{"id":53680,"date":"2024-06-18T17:15:46","date_gmt":"2024-06-18T20:15:46","guid":{"rendered":"https:\/\/ismaelcolosi.com.br\/index.php\/2024\/06\/18\/palacete-camilo-de-mattos-abre-para-visitacao-no-aniversario-de-ribeirao-preto\/"},"modified":"2024-06-18T17:15:46","modified_gmt":"2024-06-18T20:15:46","slug":"palacete-camilo-de-mattos-abre-para-visitacao-no-aniversario-de-ribeirao-preto","status":"publish","type":"post","link":"https:\/\/ismaelcolosi.com.br\/index.php\/2024\/06\/18\/palacete-camilo-de-mattos-abre-para-visitacao-no-aniversario-de-ribeirao-preto\/","title":{"rendered":"Palacete Camilo de Mattos abre para visita\u00e7\u00e3o no anivers\u00e1rio de Ribeir\u00e3o Preto"},"content":{"rendered":"<p> <br \/>\n<\/p>\n<div data-td-block-uid=\"tdi_106\">\n<div class=\"tdb-block-inner td-fix-index\">\n<p>O <strong>Palacete Camilo de Mattos<\/strong>, patrim\u00f4nio hist\u00f3rico de<strong> Ribeir\u00e3o Preto<\/strong>, ser\u00e1 aberto para visita\u00e7\u00e3o no <strong>anivers\u00e1rio de 168 anos do munic\u00edpio<\/strong>, celebrado nesta quarta-feira (19).<\/p>\n<p><mark style=\"background-color:#fcb900\" class=\"has-inline-color\"><strong>As visitas acontecem entre \u00e0s 9h e 12h<\/strong>, e marcam a entrega da <strong>primeira etapa<\/strong> do restauro do local, sendo a <strong>fachada<\/strong>, <strong>dormit\u00f3rios I <\/strong>e <strong>Hall<\/strong>.<\/mark><\/p>\n<p>Em\u00a0<strong>2017<\/strong>, os amigos\u00a0<strong>Ricardo e Marcos Mattos<\/strong>\u00a0adquiriram o\u00a0<strong>Palacete Camilo de Mattos<\/strong>\u00a0e, desde ent\u00e3o, o local recebeu<strong>\u00a0obras de consolida\u00e7\u00e3o<\/strong>\u00a0necess\u00e1rias para interromper a continuidade dos danos.<\/p>\n<h2 class=\"wp-block-heading\"><strong>Visitas Guiadas<\/strong><\/h2>\n<p>As visitas guiadas onde ser\u00e3o apresentados os c\u00f4modos, <strong>as depend\u00eancias e o trabalho de recupera\u00e7\u00e3o<\/strong>\u00a0e\u00a0<strong>preserva\u00e7\u00e3o<\/strong>\u00a0que foi realizado, al\u00e9m de\u00a0<strong>conhecer um pouco sobre a hist\u00f3ria<\/strong>\u00a0e as\u00a0<strong>curiosidades<\/strong>\u00a0do local, <mark style=\"background-color:#fcb900\" class=\"has-inline-color\">v\u00e3o estar dispon\u00edveis para agendamento a partir de <strong>quinta-feira (20)<\/strong><\/mark>.<\/p>\n<p>Os\u00a0<strong>hor\u00e1rios para visita\u00e7\u00e3o<\/strong>\u00a0s\u00e3o das\u00a0<strong>9h \u00e0s 12h <\/strong>e\u00a0das\u00a0<strong>13h \u00e0s 17h<\/strong>. O Palacete fica na\u00a0<strong>rua Duque de Caxias, 625<\/strong>, esquina com a\u00a0<strong>rua Tibiri\u00e7\u00e1<\/strong>, em frente \u00e0\u00a0<strong>Pra\u00e7a XV de Novembro<\/strong>, no<strong>\u00a0Centro\u00a0<\/strong>da cidade.<\/p>\n<p>As\u00a0<strong>visitas ao im\u00f3vel podem ser agendadas<\/strong>\u00a0pelo telefone\u00a0<strong>(16) 98142-8750<\/strong>. A iniciativa tem apoio cultural da\u00a0<strong>Prefeitura Municipal<\/strong>, por meio da\u00a0<strong>Secretaria de Cultura e Turismo<\/strong>.<\/p>\n<hr class=\"wp-block-separator has-alpha-channel-opacity\"\/>\n<p>SAIBA MAIS<\/p>\n<p>Shows de Bell, Tomate e Jammil em Ribeir\u00e3o Preto t\u00eam ingressos promocionais; Saiba mais<\/p>\n<h4 class=\"wp-block-heading\"><strong>FIQUE ON<\/strong><\/h4>\n<p>Fique ligado em tudo que acontece em Ribeir\u00e3o Preto e regi\u00e3o. Siga os perfis do\u00a0<strong>acidade on\u00a0<\/strong>no\u00a0<a href=\"https:\/\/www.instagram.com\/acidadeonribeirao\" target=\"_blank\" rel=\"noreferrer noopener\">Instagram<\/a>\u00a0e no\u00a0<a href=\"https:\/\/www.facebook.com\/acidadeonribeirao\" target=\"_blank\" rel=\"noreferrer noopener\">Facebook<\/a>.<\/p>\n<p>Receba not\u00edcias do acidade on no WhatsApp. Para entrar no grupo, basta\u00a0<a href=\"https:\/\/chat.whatsapp.com\/CdrZ6xrf7quD44Vw3WlPuZ\" target=\"_blank\" rel=\"noreferrer noopener\">clicar aqui<\/a>.<\/p>\n<p>Fa\u00e7a uma den\u00fancia ou sugira uma reportagem sobre Ribeir\u00e3o Preto e regi\u00e3o pelo WhatsApp: 16 99117 7802.<\/p>\n<p>VEJA TAMB\u00c9M<\/p>\n<p>Qual o diagn\u00f3stico de Celine Dion?<\/p>\n<p><!-- AI CONTENT END 1 -->\n<\/div>\n<\/div>\n<p><script async src=\"\/\/www.instagram.com\/embed.js\"><\/script><br \/>\n<br \/><br \/>\n<br \/><a href=\"https:\/\/www.acidadeon.com\/ribeiraopreto\/lazer-e-cultura\/palacete-camilo-de-mattos-abre-para-visitacao-no-aniversario-de-ribeirao-preto\/\">Source link <\/a><\/p>\n<div class='code-block code-block-4' style='margin: 8px auto 8px 0; text-align: left; display: block; clear: both;'>\n\ud83d\udce2 Aviso Legal\n\nO site ismaelcolosi.com.br atua apenas como um canal de divulga\u00e7\u00e3o de oportunidades de emprego e n\u00e3o se responsabiliza pelo processo seletivo, contrata\u00e7\u00e3o ou qualquer outra etapa relacionada \u00e0s vagas publicadas. Todas as informa\u00e7\u00f5es s\u00e3o de responsabilidade dos anunciantes.\n\n\u26a0\ufe0f Aten\u00e7\u00e3o! Nunca pague por promessas de emprego nem compre cursos que garantam contrata\u00e7\u00e3o. Desconfie de qualquer cobran\u00e7a para participar de sele\u00e7\u00f5es.\n\n\n\n<\/div>\n<!-- CONTENT END 1 -->\n","protected":false},"excerpt":{"rendered":"<p>O Palacete Camilo de Mattos, patrim\u00f4nio hist\u00f3rico de Ribeir\u00e3o Preto, ser\u00e1 aberto para visita\u00e7\u00e3o no anivers\u00e1rio de 168 anos do munic\u00edpio, celebrado nesta quarta-feira (19)&#8230;.<\/p>\n","protected":false},"author":1,"featured_media":53681,"comment_status":"open","ping_status":"open","sticky":false,"template":"","format":"standard","meta":{"_uag_custom_page_level_css":"","advanced_seo_description":"","jetpack_seo_html_title":"","jetpack_seo_noindex":false,"jetpack_post_was_ever_published":false,"_jetpack_newsletter_access":"","_jetpack_dont_email_post_to_subs":false,"_jetpack_newsletter_tier_id":0,"_jetpack_memberships_contains_paywalled_content":false,"_jetpack_memberships_contains_paid_content":false,"footnotes":"","jetpack_publicize_message":"","jetpack_publicize_feature_enabled":true,"jetpack_social_post_already_shared":true,"jetpack_social_options":{"image_generator_settings":{"template":"highway","default_image_id":0,"font":"","enabled":false},"version":2}},"categories":[11],"tags":[],"class_list":["post-53680","post","type-post","status-publish","format-standard","has-post-thumbnail","hentry","category-noticias-de-ribeirao-preto-sp-e-regiao-ismael-colosi"],"jetpack_publicize_connections":[],"jetpack_featured_media_url":"https:\/\/i0.wp.com\/ismaelcolosi.com.br\/wp-content\/uploads\/2024\/06\/WhatsApp-Image-2024-06-15-at-11.49.02_2024-06-18_19-49-44_jpeg_2024-06-18_19-49-46-scaled.webp.webp?fit=2560%2C1440&ssl=1","uagb_featured_image_src":{"full":["https:\/\/i0.wp.com\/ismaelcolosi.com.br\/wp-content\/uploads\/2024\/06\/WhatsApp-Image-2024-06-15-at-11.49.02_2024-06-18_19-49-44_jpeg_2024-06-18_19-49-46-scaled.webp.webp?fit=2560%2C1440&ssl=1",2560,1440,false],"thumbnail":["https:\/\/i0.wp.com\/ismaelcolosi.com.br\/wp-content\/uploads\/2024\/06\/WhatsApp-Image-2024-06-15-at-11.49.02_2024-06-18_19-49-44_jpeg_2024-06-18_19-49-46-scaled.webp.webp?resize=150%2C150&ssl=1",150,150,true],"medium":["https:\/\/i0.wp.com\/ismaelcolosi.com.br\/wp-content\/uploads\/2024\/06\/WhatsApp-Image-2024-06-15-at-11.49.02_2024-06-18_19-49-44_jpeg_2024-06-18_19-49-46-scaled.webp.webp?fit=300%2C169&ssl=1",300,169,true],"medium_large":["https:\/\/i0.wp.com\/ismaelcolosi.com.br\/wp-content\/uploads\/2024\/06\/WhatsApp-Image-2024-06-15-at-11.49.02_2024-06-18_19-49-44_jpeg_2024-06-18_19-49-46-scaled.webp.webp?fit=768%2C432&ssl=1",768,432,true],"large":["https:\/\/i0.wp.com\/ismaelcolosi.com.br\/wp-content\/uploads\/2024\/06\/WhatsApp-Image-2024-06-15-at-11.49.02_2024-06-18_19-49-44_jpeg_2024-06-18_19-49-46-scaled.webp.webp?fit=1024%2C576&ssl=1",1024,576,true],"1536x1536":["https:\/\/i0.wp.com\/ismaelcolosi.com.br\/wp-content\/uploads\/2024\/06\/WhatsApp-Image-2024-06-15-at-11.49.02_2024-06-18_19-49-44_jpeg_2024-06-18_19-49-46-scaled.webp.webp?fit=1536%2C864&ssl=1",1536,864,true],"2048x2048":["https:\/\/i0.wp.com\/ismaelcolosi.com.br\/wp-content\/uploads\/2024\/06\/WhatsApp-Image-2024-06-15-at-11.49.02_2024-06-18_19-49-44_jpeg_2024-06-18_19-49-46-scaled.webp.webp?fit=2048%2C1152&ssl=1",2048,1152,true],"really-simple-thumb":["https:\/\/i0.wp.com\/ismaelcolosi.com.br\/wp-content\/uploads\/2024\/06\/WhatsApp-Image-2024-06-15-at-11.49.02_2024-06-18_19-49-44_jpeg_2024-06-18_19-49-46-scaled.webp.webp?resize=370%2C247&ssl=1",370,247,true]},"uagb_author_info":{"display_name":"ismaelcolosi.com.br","author_link":"https:\/\/ismaelcolosi.com.br\/index.php\/author\/vidareal-online\/"},"uagb_comment_info":0,"uagb_excerpt":"O Palacete Camilo de Mattos, patrim\u00f4nio hist\u00f3rico de Ribeir\u00e3o Preto, ser\u00e1 aberto para visita\u00e7\u00e3o no anivers\u00e1rio de 168 anos do munic\u00edpio, celebrado nesta quarta-feira (19)....","jetpack-related-posts":[{"id":53766,"url":"https:\/\/ismaelcolosi.com.br\/index.php\/2024\/06\/19\/primeira-etapa-do-restauro-do-palacete-camilo-de-mattos-foi-concluida-veja-como-visitar\/","url_meta":{"origin":53680,"position":0},"title":"Primeira etapa do restauro do Palacete Camilo de Mattos foi conclu\u00edda; Veja como visitar","author":"ismaelcolosi.com.br","date":"19 de June de 2024","format":false,"excerpt":"Ap\u00f3s sete anos, foi entregue nesta quarta-feira (19), anivers\u00e1rio de 168 anos de Ribeir\u00e3o Preto, a primeira etapa do restauro do Palacete Camilo de Mattos, no Centro. O restauro da fachada, dormit\u00f3rios e hall do palacete j\u00e1 foram conclu\u00eddos. O im\u00f3vel, constru\u00eddo nos anos 1920, foi adquirido em 2017 pelos\u2026","rel":"","context":"In &quot;Not\u00edcias de Ribeir\u00e3o Preto-SP e Regi\u00e3o&quot;","block_context":{"text":"Not\u00edcias de Ribeir\u00e3o Preto-SP e Regi\u00e3o","link":"https:\/\/ismaelcolosi.com.br\/index.php\/category\/noticias-de-ribeirao-preto-sp-e-regiao-ismael-colosi\/"},"img":{"alt_text":"","src":"https:\/\/i0.wp.com\/ismaelcolosi.com.br\/wp-content\/uploads\/2024\/06\/palacete-camilo-de-mattos_2024-06-19_15-10-39_jpeg_2024-06-19_15-10-40-scaled.webp.webp?fit=1200%2C675&ssl=1&resize=350%2C200","width":350,"height":200,"srcset":"https:\/\/i0.wp.com\/ismaelcolosi.com.br\/wp-content\/uploads\/2024\/06\/palacete-camilo-de-mattos_2024-06-19_15-10-39_jpeg_2024-06-19_15-10-40-scaled.webp.webp?fit=1200%2C675&ssl=1&resize=350%2C200 1x, https:\/\/i0.wp.com\/ismaelcolosi.com.br\/wp-content\/uploads\/2024\/06\/palacete-camilo-de-mattos_2024-06-19_15-10-39_jpeg_2024-06-19_15-10-40-scaled.webp.webp?fit=1200%2C675&ssl=1&resize=525%2C300 1.5x, https:\/\/i0.wp.com\/ismaelcolosi.com.br\/wp-content\/uploads\/2024\/06\/palacete-camilo-de-mattos_2024-06-19_15-10-39_jpeg_2024-06-19_15-10-40-scaled.webp.webp?fit=1200%2C675&ssl=1&resize=700%2C400 2x, https:\/\/i0.wp.com\/ismaelcolosi.com.br\/wp-content\/uploads\/2024\/06\/palacete-camilo-de-mattos_2024-06-19_15-10-39_jpeg_2024-06-19_15-10-40-scaled.webp.webp?fit=1200%2C675&ssl=1&resize=1050%2C600 3x"},"classes":[]},{"id":52290,"url":"https:\/\/ismaelcolosi.com.br\/index.php\/2024\/06\/05\/palacete-camilo-de-mattos-em-ribeirao-preto-abre-para-visitacao-gratuita\/","url_meta":{"origin":53680,"position":1},"title":"Palacete Camilo de Mattos em Ribeir\u00e3o Preto abre para visita\u00e7\u00e3o gratuita","author":"ismaelcolosi.com.br","date":"5 de June de 2024","format":false,"excerpt":"O Palacete Camilo de Mattos, patrim\u00f4nio hist\u00f3rico de Ribeir\u00e3o Preto, abrir\u00e1 as portas para visita\u00e7\u00e3o gratuita, entre os dias 20 a 30 de junho. As visitas, que podem ser agendadas (veja abaixo), fazem parte da programa\u00e7\u00e3o das comemora\u00e7\u00f5es do anivers\u00e1rio de 168 anos de Ribeir\u00e3o Preto. Durante a iniciativa, os\u2026","rel":"","context":"In &quot;Not\u00edcias de Ribeir\u00e3o Preto-SP e Regi\u00e3o&quot;","block_context":{"text":"Not\u00edcias de Ribeir\u00e3o Preto-SP e Regi\u00e3o","link":"https:\/\/ismaelcolosi.com.br\/index.php\/category\/noticias-de-ribeirao-preto-sp-e-regiao-ismael-colosi\/"},"img":{"alt_text":"","src":"https:\/\/i0.wp.com\/ismaelcolosi.com.br\/wp-content\/uploads\/2024\/06\/visita_palacete_camilo_de_mattos_03_2024-06-05_15-28-06_jpeg_2024-06-05_15-28-06.webp.webp?fit=1000%2C666&ssl=1&resize=350%2C200","width":350,"height":200,"srcset":"https:\/\/i0.wp.com\/ismaelcolosi.com.br\/wp-content\/uploads\/2024\/06\/visita_palacete_camilo_de_mattos_03_2024-06-05_15-28-06_jpeg_2024-06-05_15-28-06.webp.webp?fit=1000%2C666&ssl=1&resize=350%2C200 1x, https:\/\/i0.wp.com\/ismaelcolosi.com.br\/wp-content\/uploads\/2024\/06\/visita_palacete_camilo_de_mattos_03_2024-06-05_15-28-06_jpeg_2024-06-05_15-28-06.webp.webp?fit=1000%2C666&ssl=1&resize=525%2C300 1.5x, https:\/\/i0.wp.com\/ismaelcolosi.com.br\/wp-content\/uploads\/2024\/06\/visita_palacete_camilo_de_mattos_03_2024-06-05_15-28-06_jpeg_2024-06-05_15-28-06.webp.webp?fit=1000%2C666&ssl=1&resize=700%2C400 2x"},"classes":[]},{"id":56828,"url":"https:\/\/ismaelcolosi.com.br\/index.php\/2024\/07\/15\/quem-foi-camilo-de-mattos-ex-prefeito-de-ribeirao-preto-que-teve-busto-de-bronze-furtado\/","url_meta":{"origin":53680,"position":2},"title":"Quem foi Camilo de Mattos? Ex-prefeito de Ribeir\u00e3o Preto que teve busto de bronze\u00a0furtado","author":"ismaelcolosi.com.br","date":"15 de July de 2024","format":false,"excerpt":"Joaquim Camilo de Moraes Mattos, mais conhecido como Camilo de Mattos, foi prefeito, vice-prefeito, vereador e presidente da C\u00e2mara Municipal de Ribeir\u00e3o Preto. Na \u00faltima sexta-feira (12), o busto do pol\u00edtico foi furtado de um pedestal na Pra\u00e7a XV de Novembro, no Centro do munic\u00edpio. A obra foi localizada na\u2026","rel":"","context":"In &quot;Not\u00edcias de Ribeir\u00e3o Preto-SP e Regi\u00e3o&quot;","block_context":{"text":"Not\u00edcias de Ribeir\u00e3o Preto-SP e Regi\u00e3o","link":"https:\/\/ismaelcolosi.com.br\/index.php\/category\/noticias-de-ribeirao-preto-sp-e-regiao-ismael-colosi\/"},"img":{"alt_text":"","src":"https:\/\/i0.wp.com\/ismaelcolosi.com.br\/wp-content\/uploads\/2024\/07\/BUSTO_2024-07-12_12-21-44_jpg_2024-07-12_12-21-45.webp.webp?fit=1200%2C902&ssl=1&resize=350%2C200","width":350,"height":200,"srcset":"https:\/\/i0.wp.com\/ismaelcolosi.com.br\/wp-content\/uploads\/2024\/07\/BUSTO_2024-07-12_12-21-44_jpg_2024-07-12_12-21-45.webp.webp?fit=1200%2C902&ssl=1&resize=350%2C200 1x, https:\/\/i0.wp.com\/ismaelcolosi.com.br\/wp-content\/uploads\/2024\/07\/BUSTO_2024-07-12_12-21-44_jpg_2024-07-12_12-21-45.webp.webp?fit=1200%2C902&ssl=1&resize=525%2C300 1.5x, https:\/\/i0.wp.com\/ismaelcolosi.com.br\/wp-content\/uploads\/2024\/07\/BUSTO_2024-07-12_12-21-44_jpg_2024-07-12_12-21-45.webp.webp?fit=1200%2C902&ssl=1&resize=700%2C400 2x, https:\/\/i0.wp.com\/ismaelcolosi.com.br\/wp-content\/uploads\/2024\/07\/BUSTO_2024-07-12_12-21-44_jpg_2024-07-12_12-21-45.webp.webp?fit=1200%2C902&ssl=1&resize=1050%2C600 3x"},"classes":[]},{"id":68892,"url":"https:\/\/ismaelcolosi.com.br\/index.php\/2024\/10\/02\/casarao-historico-de-ribeirao-preto-recebe-show-de-marcelo-jeneci\/","url_meta":{"origin":53680,"position":3},"title":"Casar\u00e3o hist\u00f3rico de Ribeir\u00e3o Preto recebe show de Marcelo Jeneci","author":"ismaelcolosi.com.br","date":"2 de October de 2024","format":false,"excerpt":"Um dos pr\u00e9dios hist\u00f3ricos de Ribeir\u00e3o Preto, o palacete Camilo de Mattos, recebe o show de Marcelo Jeneci no s\u00e1bado, 12 de outubro, a partir das 20h. O repert\u00f3rio conta com os sucessos da carreira do cantor, como \u201cFelicidade\u201d e \u201cPra Sonhar\u201d, al\u00e9m de can\u00e7\u00f5es do \u00e1lbum do \u00e1lbum Guaia,\u2026","rel":"","context":"In &quot;Not\u00edcias de Ribeir\u00e3o Preto-SP e Regi\u00e3o&quot;","block_context":{"text":"Not\u00edcias de Ribeir\u00e3o Preto-SP e Regi\u00e3o","link":"https:\/\/ismaelcolosi.com.br\/index.php\/category\/noticias-de-ribeirao-preto-sp-e-regiao-ismael-colosi\/"},"img":{"alt_text":"","src":"https:\/\/i0.wp.com\/ismaelcolosi.com.br\/wp-content\/uploads\/2024\/10\/2778f7ce-cc19-48bd-a7b0-f18461cbcc95_2024-10-02_14-39-18_jpg_2024-10-02_14-39-18.webp.webp?fit=1200%2C800&ssl=1&resize=350%2C200","width":350,"height":200,"srcset":"https:\/\/i0.wp.com\/ismaelcolosi.com.br\/wp-content\/uploads\/2024\/10\/2778f7ce-cc19-48bd-a7b0-f18461cbcc95_2024-10-02_14-39-18_jpg_2024-10-02_14-39-18.webp.webp?fit=1200%2C800&ssl=1&resize=350%2C200 1x, https:\/\/i0.wp.com\/ismaelcolosi.com.br\/wp-content\/uploads\/2024\/10\/2778f7ce-cc19-48bd-a7b0-f18461cbcc95_2024-10-02_14-39-18_jpg_2024-10-02_14-39-18.webp.webp?fit=1200%2C800&ssl=1&resize=525%2C300 1.5x, https:\/\/i0.wp.com\/ismaelcolosi.com.br\/wp-content\/uploads\/2024\/10\/2778f7ce-cc19-48bd-a7b0-f18461cbcc95_2024-10-02_14-39-18_jpg_2024-10-02_14-39-18.webp.webp?fit=1200%2C800&ssl=1&resize=700%2C400 2x, https:\/\/i0.wp.com\/ismaelcolosi.com.br\/wp-content\/uploads\/2024\/10\/2778f7ce-cc19-48bd-a7b0-f18461cbcc95_2024-10-02_14-39-18_jpg_2024-10-02_14-39-18.webp.webp?fit=1200%2C800&ssl=1&resize=1050%2C600 3x"},"classes":[]},{"id":56771,"url":"https:\/\/ismaelcolosi.com.br\/index.php\/2024\/07\/15\/busto-de-bronze-de-ex-prefeito-de-ribeirao-preto-e-encontrado-apos-furto\/","url_meta":{"origin":53680,"position":4},"title":"Busto de bronze de ex-prefeito de Ribeir\u00e3o Preto \u00e9 encontrado ap\u00f3s furto","author":"ismaelcolosi.com.br","date":"15 de July de 2024","format":false,"excerpt":"O busto de bronze do ex-prefeito de Ribeir\u00e3o Preto, Camilo de Mattos, foi encontrado na manh\u00e3 desta segunda-feira (15), ap\u00f3s ter sido furtado no \u00faltimo dia 11, no local onde ficava na pra\u00e7a XV de Novembro, no Centro da cidade. A informa\u00e7\u00e3o do encontro foi passada pela Secretaria Municipal da\u2026","rel":"","context":"In &quot;Not\u00edcias de Ribeir\u00e3o Preto-SP e Regi\u00e3o&quot;","block_context":{"text":"Not\u00edcias de Ribeir\u00e3o Preto-SP e Regi\u00e3o","link":"https:\/\/ismaelcolosi.com.br\/index.php\/category\/noticias-de-ribeirao-preto-sp-e-regiao-ismael-colosi\/"},"img":{"alt_text":"","src":"https:\/\/i0.wp.com\/ismaelcolosi.com.br\/wp-content\/uploads\/2024\/07\/Copia-de-Copia-de-TAMANHO-EXATO-PARA-FOTOS-NO-SISTEMA-NOVO-18_2024-07-15_14-39-01_jpg_2024-07-15_14-39-01.webp.webp?fit=1200%2C675&ssl=1&resize=350%2C200","width":350,"height":200,"srcset":"https:\/\/i0.wp.com\/ismaelcolosi.com.br\/wp-content\/uploads\/2024\/07\/Copia-de-Copia-de-TAMANHO-EXATO-PARA-FOTOS-NO-SISTEMA-NOVO-18_2024-07-15_14-39-01_jpg_2024-07-15_14-39-01.webp.webp?fit=1200%2C675&ssl=1&resize=350%2C200 1x, https:\/\/i0.wp.com\/ismaelcolosi.com.br\/wp-content\/uploads\/2024\/07\/Copia-de-Copia-de-TAMANHO-EXATO-PARA-FOTOS-NO-SISTEMA-NOVO-18_2024-07-15_14-39-01_jpg_2024-07-15_14-39-01.webp.webp?fit=1200%2C675&ssl=1&resize=525%2C300 1.5x, https:\/\/i0.wp.com\/ismaelcolosi.com.br\/wp-content\/uploads\/2024\/07\/Copia-de-Copia-de-TAMANHO-EXATO-PARA-FOTOS-NO-SISTEMA-NOVO-18_2024-07-15_14-39-01_jpg_2024-07-15_14-39-01.webp.webp?fit=1200%2C675&ssl=1&resize=700%2C400 2x, https:\/\/i0.wp.com\/ismaelcolosi.com.br\/wp-content\/uploads\/2024\/07\/Copia-de-Copia-de-TAMANHO-EXATO-PARA-FOTOS-NO-SISTEMA-NOVO-18_2024-07-15_14-39-01_jpg_2024-07-15_14-39-01.webp.webp?fit=1200%2C675&ssl=1&resize=1050%2C600 3x"},"classes":[]},{"id":62459,"url":"https:\/\/ismaelcolosi.com.br\/index.php\/2024\/08\/27\/busto-de-ex-prefeito-de-ribeirao-preto-e-recolocado-na-praca-xv-de-novembro\/","url_meta":{"origin":53680,"position":5},"title":"Busto de ex-prefeito de Ribeir\u00e3o Preto \u00e9 recolocado na pra\u00e7a XV de Novembro","author":"ismaelcolosi.com.br","date":"27 de August de 2024","format":false,"excerpt":"O busto de bronze em homenagem ao ex-prefeito de Ribeir\u00e3o Preto Camilo de Mattos foi recolocado no pedestal da pra\u00e7a XV de Novembro, no Centro, nesta ter\u00e7a-feira (27). A escultura foi furtada no dia 11 de julho e recuperada quatro dias depois. Segundo a Secretaria da Cultura e Turismo, o\u2026","rel":"","context":"In &quot;Not\u00edcias de Ribeir\u00e3o Preto-SP e Regi\u00e3o&quot;","block_context":{"text":"Not\u00edcias de Ribeir\u00e3o Preto-SP e Regi\u00e3o","link":"https:\/\/ismaelcolosi.com.br\/index.php\/category\/noticias-de-ribeirao-preto-sp-e-regiao-ismael-colosi\/"},"img":{"alt_text":"","src":"https:\/\/i0.wp.com\/ismaelcolosi.com.br\/wp-content\/uploads\/2024\/08\/camilo-de-mattos_2024-08-27_19-21-00_jpg_2024-08-27_19-21-00.webp.webp?fit=1200%2C933&ssl=1&resize=350%2C200","width":350,"height":200,"srcset":"https:\/\/i0.wp.com\/ismaelcolosi.com.br\/wp-content\/uploads\/2024\/08\/camilo-de-mattos_2024-08-27_19-21-00_jpg_2024-08-27_19-21-00.webp.webp?fit=1200%2C933&ssl=1&resize=350%2C200 1x, https:\/\/i0.wp.com\/ismaelcolosi.com.br\/wp-content\/uploads\/2024\/08\/camilo-de-mattos_2024-08-27_19-21-00_jpg_2024-08-27_19-21-00.webp.webp?fit=1200%2C933&ssl=1&resize=525%2C300 1.5x, https:\/\/i0.wp.com\/ismaelcolosi.com.br\/wp-content\/uploads\/2024\/08\/camilo-de-mattos_2024-08-27_19-21-00_jpg_2024-08-27_19-21-00.webp.webp?fit=1200%2C933&ssl=1&resize=700%2C400 2x, https:\/\/i0.wp.com\/ismaelcolosi.com.br\/wp-content\/uploads\/2024\/08\/camilo-de-mattos_2024-08-27_19-21-00_jpg_2024-08-27_19-21-00.webp.webp?fit=1200%2C933&ssl=1&resize=1050%2C600 3x"},"classes":[]}],"jetpack_sharing_enabled":true,"jetpack_shortlink":"https:\/\/wp.me\/pfMlyK-dXO","_links":{"self":[{"href":"https:\/\/ismaelcolosi.com.br\/index.php\/wp-json\/wp\/v2\/posts\/53680","targetHints":{"allow":["GET"]}}],"collection":[{"href":"https:\/\/ismaelcolosi.com.br\/index.php\/wp-json\/wp\/v2\/posts"}],"about":[{"href":"https:\/\/ismaelcolosi.com.br\/index.php\/wp-json\/wp\/v2\/types\/post"}],"author":[{"embeddable":true,"href":"https:\/\/ismaelcolosi.com.br\/index.php\/wp-json\/wp\/v2\/users\/1"}],"replies":[{"embeddable":true,"href":"https:\/\/ismaelcolosi.com.br\/index.php\/wp-json\/wp\/v2\/comments?post=53680"}],"version-history":[{"count":0,"href":"https:\/\/ismaelcolosi.com.br\/index.php\/wp-json\/wp\/v2\/posts\/53680\/revisions"}],"wp:featuredmedia":[{"embeddable":true,"href":"https:\/\/ismaelcolosi.com.br\/index.php\/wp-json\/wp\/v2\/media\/53681"}],"wp:attachment":[{"href":"https:\/\/ismaelcolosi.com.br\/index.php\/wp-json\/wp\/v2\/media?parent=53680"}],"wp:term":[{"taxonomy":"category","embeddable":true,"href":"https:\/\/ismaelcolosi.com.br\/index.php\/wp-json\/wp\/v2\/categories?post=53680"},{"taxonomy":"post_tag","embeddable":true,"href":"https:\/\/ismaelcolosi.com.br\/index.php\/wp-json\/wp\/v2\/tags?post=53680"}],"curies":[{"name":"wp","href":"https:\/\/api.w.org\/{rel}","templated":true}]}}